{"id":65458,"date":"2017-02-21T08:28:35","date_gmt":"2017-02-21T11:28:35","guid":{"rendered":"https:\/\/www.estrategiaconcursos.com.br\/blog\/?p=65458"},"modified":"2017-02-21T09:18:43","modified_gmt":"2017-02-21T12:18:43","slug":"prova-comentada-de-direito-constitucional-trt-11a-regiao-tecnico-judiciario-area-administrativa","status":"publish","type":"post","link":"https:\/\/www.estrategiaconcursos.com.br\/blog\/prova-comentada-de-direito-constitucional-trt-11a-regiao-tecnico-judiciario-area-administrativa\/","title":{"rendered":"Prova Comentada de Direito Constitucional \u2013 TRT 11a Regi\u00e3o (T\u00e9cnico Judici\u00e1rio \u2013 \u00c1rea Administrativa)"},"content":{"rendered":"<p>\n\tOl&aacute;, pessoal, tudo bem?\n<\/p>\n<p>\n\tDando continuidade &agrave; an&aacute;lise das provas <b><i>Concurso TRT 11a Regi&atilde;o<\/i><\/b>, comentaremos as quest&otilde;es referentes ao cargo de T&eacute;cnico&nbsp;Judici&aacute;rio &ndash; &Aacute;rea Administrativa (AJAA), com base no Caderno O15, Tipo 004. Vamos l&aacute;? =)\n<\/p>\n<p>\n\t&#8230;&#8230;&#8230;&#8230;&#8230;&#8230;&#8230;&#8230;&#8230;&#8230;&#8230;&#8230;&#8230;&#8230;&#8230;&#8230;&#8230;&#8230;&#8230;&#8230;&#8230;&#8230;&#8230;&#8230;&#8230;&#8230;&#8230;&#8230;&#8230;&#8230;&#8230;&#8230;&#8230;&#8230;&#8230;&#8230;&#8230;&#8230;&#8230;&#8230;&#8230;&#8230;&#8230;&#8230;&#8230;&#8230;&#8230;&#8230;&#8230;&#8230;&#8230;&#8230;&#8230;&#8230;&#8230;&#8230;&#8230;&#8230;&#8230;&#8230;&#8230;&#8230;&#8230;&#8230;&#8230;&#8230;&#8230;&#8230;&#8230;&#8230;&#8230;&#8230;&#8230;&#8230;&#8230;&#8230;&#8230;&#8230;..\n<\/p>\n<p align=\"center\">\n\t<strong>2017 &ndash; TRT 11<sup>a<\/sup> Regi&atilde;o (T&eacute;cnico Judici&aacute;rio &ndash; &Aacute;rea Administrativa)<\/strong>\n<\/p>\n<p>\n\t<strong>31. Adalberto tem 55 anos, reputa&ccedil;&atilde;o ilibada e &eacute; advogado bastante conceituado na &aacute;rea de Direito do Trabalho h&aacute; quinze anos. Por&eacute;m, sempre desejou fazer parte do Tribunal Superior do Trabalho, mas sem a inten&ccedil;&atilde;o de prestar concurso para a magistratura. Adalberto descobriu, ao consultar a Constitui&ccedil;&atilde;o Federal, que h&aacute; a possibilidade de realizar seu sonho, pois, al&eacute;m dos membros oriundos da magistratura de carreira, o Tribunal Superior do Trabalho, observado o disposto na Constitui&ccedil;&atilde;o Federal, &eacute; composto por<\/strong>\n<\/p>\n<p>\n\ta) um ter&ccedil;o dentre advogados com mais de oito anos de efetiva atividade profissional e membros do Minist&eacute;rio P&uacute;blico do Trabalho com mais de oito anos de efetivo exerc&iacute;cio.\n<\/p>\n<p>\n\tb) um ter&ccedil;o dentre advogados com mais de dez anos de efetiva atividade profissional, n&atilde;o fazendo parte, dessa fra&ccedil;&atilde;o de um ter&ccedil;o, os membros do Minist&eacute;rio P&uacute;blico do Trabalho.\n<\/p>\n<p>\n\tc) um ter&ccedil;o dentre advogados com mais de dez anos de efetiva atividade profissional e membros do Minist&eacute;rio P&uacute;blico do Trabalho com mais de dez anos de efetivo exerc&iacute;cio.\n<\/p>\n<p>\n\td) um quinto dentre advogados com mais de dez anos de efetiva atividade profissional e membros do Minist&eacute;rio P&uacute;blico do Trabalho com mais de dez anos de efetivo exerc&iacute;cio.\n<\/p>\n<p>\n\te) um quinto dentre advogados com mais de oito anos de efetiva atividade profissional e membros do Minist&eacute;rio P&uacute;blico do Trabalho com mais de oito anos de efetivo exerc&iacute;cio.\n<\/p>\n<p>\n\t<strong>Coment&aacute;rios:<\/strong>\n<\/p>\n<p>\n\tA quest&atilde;o cobra o conhecimento da composi&ccedil;&atilde;o do Tribunal Superior do Trabalho (TST). Segundo o art. 111-A da Constitui&ccedil;&atilde;o, o TST &eacute; composto de 27 (vinte e sete) Ministros, escolhidos dentre brasileiros com mais de trinta e cinco anos e menos de sessenta e cinco anos, de not&aacute;vel saber jur&iacute;dico e reputa&ccedil;&atilde;o ilibada, nomeados pelo Presidente da Rep&uacute;blica ap&oacute;s aprova&ccedil;&atilde;o pela maioria absoluta do Senado Federal, sendo:&nbsp;&nbsp;\n<\/p>\n<p>\n\t<strong>I<\/strong> &#8211; um <strong><em>quinto<\/em><\/strong> dentre <strong><em>advogados<\/em><\/strong> com mais de <strong><em>dez anos<\/em><\/strong> de efetiva atividade profissional e <strong><em>membros do Minist&eacute;rio P&uacute;blico do Trabalho<\/em><\/strong> com mais de <strong><em>dez anos<\/em><\/strong> de efetivo exerc&iacute;cio;\n<\/p>\n<p>\n\t<strong>II<\/strong> &#8211; os demais dentre ju&iacute;zes dos Tribunais Regionais do Trabalho, oriundos da magistratura da carreira, indicados pelo pr&oacute;prio Tribunal Superior.\n<\/p>\n<p>\n\tO gabarito &eacute; a letra D.\n<\/p>\n<p>\n\t<strong>32. P&eacute;ricles candidatou-se ao cargo de Governador de determinado Estado e ganhou as elei&ccedil;&otilde;es em primeiro turno. No dia seguinte &agrave; sua diploma&ccedil;&atilde;o, descobriu-se que foi eleito mediante corrup&ccedil;&atilde;o. De acordo com a Constitui&ccedil;&atilde;o Federal, o mandato eletivo de P&eacute;ricles<\/strong>\n<\/p>\n<p>\n\ta) poder&aacute; ser impugnado ante a Justi&ccedil;a Eleitoral, apenas no prazo de 20 dias ap&oacute;s a sua posse, instru&iacute;da a a&ccedil;&atilde;o com provas da corrup&ccedil;&atilde;o, pois antes dela n&atilde;o h&aacute; mandato a ser impugnado.\n<\/p>\n<p>\n\tb) poder&aacute; ser impugnado ante a Justi&ccedil;a Eleitoral, no prazo de 15 dias contados da diploma&ccedil;&atilde;o, instru&iacute;da a a&ccedil;&atilde;o com provas da corrup&ccedil;&atilde;o.\n<\/p>\n<p>\n\tc) poder&aacute; ser impugnado ante a Justi&ccedil;a Federal, no prazo de 15 dias contados da diploma&ccedil;&atilde;o, instru&iacute;da a a&ccedil;&atilde;o com provas da corrup&ccedil;&atilde;o.\n<\/p>\n<p>\n\td) n&atilde;o poder&aacute; ser impugnado, tendo em vista que j&aacute; houve a diploma&ccedil;&atilde;o, mas poder&aacute; sofrer as san&ccedil;&otilde;es criminais cab&iacute;veis.\n<\/p>\n<p>\n\te) poder&aacute; ser impugnado ante a Justi&ccedil;a Eleitoral, no prazo de 30 dias contados da diploma&ccedil;&atilde;o, instru&iacute;da a a&ccedil;&atilde;o com provas da corrup&ccedil;&atilde;o.\n<\/p>\n<p>\n\t<strong>Coment&aacute;rios:<\/strong>\n<\/p>\n<p>\n\tA Carta Magna prev&ecirc; que, nessa situa&ccedil;&atilde;o, o mandato eletivo poder&aacute; ser impugnado ante a Justi&ccedil;a Eleitoral no prazo de <strong><em>quinze dias<\/em><\/strong> contados da <strong><em>diploma&ccedil;&atilde;o<\/em><\/strong>, instru&iacute;da a a&ccedil;&atilde;o com provas de abuso do poder econ&ocirc;mico, corrup&ccedil;&atilde;o ou fraude (art. 14, &sect; 10, CF). O gabarito &eacute; a letra B.\n<\/p>\n<p>\n\t<strong>33. S&eacute;rgio &eacute; servidor p&uacute;blico da Administra&ccedil;&atilde;o direta e candidatar-se-&aacute;, nas pr&oacute;ximas elei&ccedil;&otilde;es municipais, para o cargo de Prefeito. Investido no mandato de Prefeito, S&eacute;rgio<\/strong>\n<\/p>\n<p>\n\ta) ser&aacute; afastado do seu cargo, emprego ou fun&ccedil;&atilde;o, sendo-lhe facultado optar pela sua remunera&ccedil;&atilde;o, e seu tempo de servi&ccedil;o ser&aacute; contado para todos os efeitos legais, exceto para promo&ccedil;&atilde;o por merecimento.\n<\/p>\n<p>\n\tb) ser&aacute; afastado do seu cargo, emprego ou fun&ccedil;&atilde;o, sendo-lhe vedado optar pela sua remunera&ccedil;&atilde;o, e seu tempo de servi&ccedil;o n&atilde;o ser&aacute; contado durante o per&iacute;odo do afastamento para nenhum efeito.\n<\/p>\n<p>\n\tc) ser&aacute; afastado do seu cargo, emprego ou fun&ccedil;&atilde;o, sendo-lhe facultado optar pela sua remunera&ccedil;&atilde;o, e seu tempo de servi&ccedil;o ser&aacute; contado para todos os efeitos legais, inclusive para promo&ccedil;&atilde;o por merecimento.\n<\/p>\n<p>\n\td) perceber&aacute; as vantagens de seu cargo, emprego ou fun&ccedil;&atilde;o, havendo compatibilidade de hor&aacute;rios, sem preju&iacute;zo da remunera&ccedil;&atilde;o do cargo eletivo e, n&atilde;o havendo compatibilidade, n&atilde;o poder&aacute; perceber sua remunera&ccedil;&atilde;o.\n<\/p>\n<p>\n\te) n&atilde;o ser&aacute; afastado do seu cargo, emprego ou fun&ccedil;&atilde;o, mas n&atilde;o receber&aacute; sua remunera&ccedil;&atilde;o, sendo que seu tempo de servi&ccedil;o ser&aacute; contado para todos os efeitos legais, inclusive para promo&ccedil;&atilde;o por merecimento.\n<\/p>\n<p>\n\t<strong>Coment&aacute;rios:<\/strong>\n<\/p>\n<p>\n\tA Carta Magna estabelece algumas regras para os servidores em exerc&iacute;cio de mandato eletivo. De acordo com o art. 38, da CF\/88, caso o servidor seja investido no mandato de Prefeito, <strong><em>dever&aacute; ser afastado do cargo, emprego ou fun&ccedil;&atilde;o, sendo-lhe facultado optar pela sua remunera&ccedil;&atilde;o<\/em><\/strong>. Nesse caso, <strong><em>seu tempo de servi&ccedil;o ser&aacute; contado para todos os efeitos legais, exceto para promo&ccedil;&atilde;o por merecimento<\/em><\/strong>. O gabarito &eacute; a letra A.\n<\/p>\n<p>\n\t<strong>34. Considere os seguintes membros do Supremo Tribunal Federal:<\/strong>\n<\/p>\n<p>\n\tI. Mauro &eacute; Ministro.\n<\/p>\n<p>\n\tII. Ver&ocirc;nica &eacute; Presidente.\n<\/p>\n<p>\n\tIII. L&uacute;cio &eacute; Vice-Presidente.\n<\/p>\n<p>\n\t<strong>O Conselho Nacional de Justi&ccedil;a ser&aacute; composto por<\/strong>\n<\/p>\n<p>\n\ta) Ver&ocirc;nica, sendo presidente um Ministro do Superior Tribunal de Justi&ccedil;a nomeado pelo Presidente da Rep&uacute;blica, depois de aprovada a escolha pela maioria absoluta do Congresso Nacional.\n<\/p>\n<p>\n\tb) Ver&ocirc;nica, que o presidir&aacute;, e nas suas aus&ecirc;ncias e impedimentos, o Conselho ser&aacute; presidido por L&uacute;cio.\n<\/p>\n<p>\n\tc) Mauro, Ver&ocirc;nica e L&uacute;cio, sendo seu presidente aquele que for nomeado pelo Presidente da Rep&uacute;blica, depois de aprovada a escolha pela maioria absoluta do Congresso Nacional.\n<\/p>\n<p>\n\td) Mauro e Ver&ocirc;nica, sendo que esta o presidir&aacute;, e nas aus&ecirc;ncias e impedimentos, o Conselho ser&aacute; presidido por L&uacute;cio.\n<\/p>\n<p>\n\te) Mauro, que o presidir&aacute;, e nas suas aus&ecirc;ncias e impedimentos, o Conselho ser&aacute; presidido por um Ministro do Superior Tribunal de Justi&ccedil;a nomeado pelo Presidente da Rep&uacute;blica, depois de aprovada a escolha pela maioria absoluta do Senado Federal.\n<\/p>\n<p>\n\t<strong>Coment&aacute;rios:<\/strong>\n<\/p>\n<p>\n\tDentre os 15 (quinze) membros do Conselho Nacional de Justi&ccedil;a (CNJ), apenas 01 (um) &eacute; membro do Supremo Tribunal Federal (STF): o seu Presidente. Cabe ao Presidente do STF presidir o CNJ e, nas suas aus&ecirc;ncias, o Vice-Presidente (art. 103-B, &sect; 1<sup>o<\/sup>, CF). O gabarito &eacute; a letra B.\n<\/p>\n<p>\n\t&hellip;&hellip;&hellip;&hellip;&hellip;\n<\/p>\n<p>\n\tGostou da prova?&nbsp;Deixe seus coment&aacute;rios abaixo! =)\n<\/p>\n<p>\n\tAbra&ccedil;os,\n<\/p>\n<p>\n\tN&aacute;dia Carolina\n<\/p>\n<p>\n\t<img loading=\"lazy\" decoding=\"async\" alt=\"Captura de Tela 2016-07-19 a\u0300s 15.53.49\" height=\"21\" src=\"https:\/\/dhg1h5j42swfq.cloudfront.net\/2016\/07\/19155605\/Captura-de-Tela-2016-07-19-a%CC%80s-15.53.49.png\" width=\"21\" \/><strong>: &nbsp; @nadiacarolstos<\/strong>\n<\/p>\n<p>\n\t<strong><a href=\"https:\/\/dhg1h5j42swfq.cloudfront.net\/2016\/02\/03152041\/imagem-facebook.png\" rel=\"attachment wp-att-32735\"><img loading=\"lazy\" decoding=\"async\" alt=\"Resumo de Direito Constitucional p\/ TCM-RJ\" height=\"42\" src=\"https:\/\/dhg1h5j42swfq.cloudfront.net\/2016\/02\/03152041\/imagem-facebook.png\" width=\"42\" \/><\/a>: Clique no&nbsp;<\/strong>&nbsp;<a href=\"https:\/\/www.facebook.com\/nadia.c.santos.16\" target=\"_blank\">LINK<\/a>\n<\/p>\n<p>\n\t<strong><a href=\"https:\/\/dhg1h5j42swfq.cloudfront.net\/2016\/02\/03152106\/youtube.png\" rel=\"attachment wp-att-32736\"><img loading=\"lazy\" decoding=\"async\" alt=\"Resumo de Direito Constitucional p\/ TCM-RJ\" height=\"11\" src=\"https:\/\/dhg1h5j42swfq.cloudfront.net\/2016\/02\/03152106\/youtube.png\" width=\"15\" \/><\/a>&nbsp;(Ricardo Vale):<\/strong>&nbsp; Clique no&nbsp;<a href=\"https:\/\/www.youtube.com\/channel\/UC32LlMyS96biplI715yzS9Q\" target=\"_blank\">LINK<\/a><\/p>\n","protected":false},"excerpt":{"rendered":"<p>Ol&aacute;, pessoal, tudo bem? Dando continuidade &agrave; an&aacute;lise das provas Concurso TRT 11a Regi&atilde;o, comentaremos as quest&otilde;es referentes ao cargo de T&eacute;cnico&nbsp;Judici&aacute;rio &ndash; &Aacute;rea Administrativa (AJAA), com base no Caderno O15, Tipo 004. Vamos l&aacute;? =) &#8230;&#8230;&#8230;&#8230;&#8230;&#8230;&#8230;&#8230;&#8230;&#8230;&#8230;&#8230;&#8230;&#8230;&#8230;&#8230;&#8230;&#8230;&#8230;&#8230;&#8230;&#8230;&#8230;&#8230;&#8230;&#8230;&#8230;&#8230;&#8230;&#8230;&#8230;&#8230;&#8230;&#8230;&#8230;&#8230;&#8230;&#8230;&#8230;&#8230;&#8230;&#8230;&#8230;&#8230;&#8230;&#8230;&#8230;&#8230;&#8230;&#8230;&#8230;&#8230;&#8230;&#8230;&#8230;&#8230;&#8230;&#8230;&#8230;&#8230;&#8230;&#8230;&#8230;&#8230;&#8230;&#8230;&#8230;&#8230;&#8230;&#8230;&#8230;&#8230;&#8230;&#8230;&#8230;&#8230;&#8230;&#8230;.. 2017 &ndash; TRT 11a Regi&atilde;o (T&eacute;cnico Judici&aacute;rio &ndash; &Aacute;rea Administrativa) 31. Adalberto tem 55 anos, reputa&ccedil;&atilde;o ilibada e [&hellip;]<\/p>\n","protected":false},"author":58,"featured_media":0,"comment_status":"open","ping_status":"open","sticky":false,"template":"","format":"standard","meta":{"post_tipo":"article","footnotes":""},"categories":[1],"tags":[2163],"tax_estado":[],"class_list":["post-65458","post","type-post","status-publish","format-standard","hentry","category-cursos-e-concursos","tag-trt-11"],"acf":[],"yoast_head":"<!-- This site is optimized with the Yoast SEO Premium plugin v27.2 (Yoast SEO v27.2) - https:\/\/yoast.com\/product\/yoast-seo-premium-wordpress\/ -->\n<title>Prova Comentada de Direito Constitucional \u2013 TRT 11a Regi\u00e3o (T\u00e9cnico Judici\u00e1rio \u2013 \u00c1rea Administrativa)<\/title>\n<meta name=\"robots\" content=\"index, follow, max-snippet:-1, max-image-preview:large, max-video-preview:-1\" \/>\n<link rel=\"canonical\" href=\"https:\/\/www.estrategiaconcursos.com.br\/blog\/prova-comentada-de-direito-constitucional-trt-11a-regiao-tecnico-judiciario-area-administrativa\/\" \/>\n<meta property=\"og:locale\" content=\"pt_BR\" \/>\n<meta property=\"og:type\" content=\"article\" \/>\n<meta property=\"og:title\" content=\"Prova Comentada de Direito Constitucional \u2013 TRT 11a Regi\u00e3o (T\u00e9cnico Judici\u00e1rio \u2013 \u00c1rea Administrativa)\" \/>\n<meta property=\"og:description\" content=\"Ol&aacute;, pessoal, tudo bem? Dando continuidade &agrave; an&aacute;lise das provas Concurso TRT 11a Regi&atilde;o, comentaremos as quest&otilde;es referentes ao cargo de T&eacute;cnico&nbsp;Judici&aacute;rio &ndash; &Aacute;rea Administrativa (AJAA), com base no Caderno O15, Tipo 004. Vamos l&aacute;? =) &#8230;&#8230;&#8230;&#8230;&#8230;&#8230;&#8230;&#8230;&#8230;&#8230;&#8230;&#8230;&#8230;&#8230;&#8230;&#8230;&#8230;&#8230;&#8230;&#8230;&#8230;&#8230;&#8230;&#8230;&#8230;&#8230;&#8230;&#8230;&#8230;&#8230;&#8230;&#8230;&#8230;&#8230;&#8230;&#8230;&#8230;&#8230;&#8230;&#8230;&#8230;&#8230;&#8230;&#8230;&#8230;&#8230;&#8230;&#8230;&#8230;&#8230;&#8230;&#8230;&#8230;&#8230;&#8230;&#8230;&#8230;&#8230;&#8230;&#8230;&#8230;&#8230;&#8230;&#8230;&#8230;&#8230;&#8230;&#8230;&#8230;&#8230;&#8230;&#8230;&#8230;&#8230;&#8230;&#8230;&#8230;&#8230;.. 2017 &ndash; TRT 11a Regi&atilde;o (T&eacute;cnico Judici&aacute;rio &ndash; &Aacute;rea Administrativa) 31. Adalberto tem 55 anos, reputa&ccedil;&atilde;o ilibada e [&hellip;]\" \/>\n<meta property=\"og:url\" content=\"https:\/\/www.estrategiaconcursos.com.br\/blog\/prova-comentada-de-direito-constitucional-trt-11a-regiao-tecnico-judiciario-area-administrativa\/\" \/>\n<meta property=\"og:site_name\" content=\"Estrat\u00e9gia Concursos\" \/>\n<meta property=\"article:author\" content=\"https:\/\/www.facebook.com\/nadia.c.santos.16\" \/>\n<meta property=\"article:published_time\" content=\"2017-02-21T11:28:35+00:00\" \/>\n<meta property=\"article:modified_time\" content=\"2017-02-21T12:18:43+00:00\" \/>\n<meta property=\"og:image\" content=\"https:\/\/www.estrategiaconcursos.com.br\/blog\/wp-content\/uploads\/2016\/02\/imagem-facebook.png\" \/>\n<meta name=\"author\" content=\"N\u00e1dia Carolina\" \/>\n<meta name=\"twitter:card\" content=\"summary_large_image\" \/>\n<meta name=\"twitter:creator\" content=\"@EstratConcursos\" \/>\n<meta name=\"twitter:site\" content=\"@EstratConcursos\" \/>\n<meta name=\"twitter:label1\" content=\"Escrito por\" \/>\n\t<meta name=\"twitter:data1\" content=\"N\u00e1dia Carolina\" \/>\n\t<meta name=\"twitter:label2\" content=\"Est. tempo de leitura\" \/>\n\t<meta name=\"twitter:data2\" content=\"7 minutos\" \/>\n<script type=\"application\/ld+json\" class=\"yoast-schema-graph\">{\"@context\":\"https:\/\/schema.org\",\"@graph\":[{\"@type\":\"NewsArticle\",\"@id\":\"https:\/\/www.estrategiaconcursos.com.br\/blog\/prova-comentada-de-direito-constitucional-trt-11a-regiao-tecnico-judiciario-area-administrativa\/#article\",\"isPartOf\":{\"@id\":\"https:\/\/www.estrategiaconcursos.com.br\/blog\/prova-comentada-de-direito-constitucional-trt-11a-regiao-tecnico-judiciario-area-administrativa\/\"},\"author\":{\"name\":\"N\u00e1dia Carolina\",\"@id\":\"https:\/\/www.estrategiaconcursos.com.br\/blog\/#\/schema\/person\/bf1b1d1865628ae32d608d5bad5442c6\"},\"headline\":\"Prova Comentada de Direito Constitucional \u2013 TRT 11a Regi\u00e3o (T\u00e9cnico Judici\u00e1rio \u2013 \u00c1rea Administrativa)\",\"datePublished\":\"2017-02-21T11:28:35+00:00\",\"dateModified\":\"2017-02-21T12:18:43+00:00\",\"mainEntityOfPage\":{\"@id\":\"https:\/\/www.estrategiaconcursos.com.br\/blog\/prova-comentada-de-direito-constitucional-trt-11a-regiao-tecnico-judiciario-area-administrativa\/\"},\"wordCount\":1489,\"commentCount\":3,\"publisher\":{\"@id\":\"https:\/\/www.estrategiaconcursos.com.br\/blog\/#organization\"},\"image\":{\"@id\":\"https:\/\/www.estrategiaconcursos.com.br\/blog\/prova-comentada-de-direito-constitucional-trt-11a-regiao-tecnico-judiciario-area-administrativa\/#primaryimage\"},\"thumbnailUrl\":\"https:\/\/www.estrategiaconcursos.com.br\/blog\/wp-content\/uploads\/2016\/02\/imagem-facebook.png\",\"keywords\":[\"TRT 11\"],\"articleSection\":[\"Concursos P\u00fablicos\"],\"inLanguage\":\"pt-BR\",\"potentialAction\":[{\"@type\":\"CommentAction\",\"name\":\"Comment\",\"target\":[\"https:\/\/www.estrategiaconcursos.com.br\/blog\/prova-comentada-de-direito-constitucional-trt-11a-regiao-tecnico-judiciario-area-administrativa\/#respond\"]}],\"copyrightYear\":\"2017\",\"copyrightHolder\":{\"@id\":\"https:\/\/www.estrategiaconcursos.com.br\/blog\/#organization\"}},{\"@type\":\"WebPage\",\"@id\":\"https:\/\/www.estrategiaconcursos.com.br\/blog\/prova-comentada-de-direito-constitucional-trt-11a-regiao-tecnico-judiciario-area-administrativa\/\",\"url\":\"https:\/\/www.estrategiaconcursos.com.br\/blog\/prova-comentada-de-direito-constitucional-trt-11a-regiao-tecnico-judiciario-area-administrativa\/\",\"name\":\"Prova Comentada de Direito Constitucional \u2013 TRT 11a Regi\u00e3o (T\u00e9cnico Judici\u00e1rio \u2013 \u00c1rea Administrativa)\",\"isPartOf\":{\"@id\":\"https:\/\/www.estrategiaconcursos.com.br\/blog\/#website\"},\"primaryImageOfPage\":{\"@id\":\"https:\/\/www.estrategiaconcursos.com.br\/blog\/prova-comentada-de-direito-constitucional-trt-11a-regiao-tecnico-judiciario-area-administrativa\/#primaryimage\"},\"image\":{\"@id\":\"https:\/\/www.estrategiaconcursos.com.br\/blog\/prova-comentada-de-direito-constitucional-trt-11a-regiao-tecnico-judiciario-area-administrativa\/#primaryimage\"},\"thumbnailUrl\":\"https:\/\/www.estrategiaconcursos.com.br\/blog\/wp-content\/uploads\/2016\/02\/imagem-facebook.png\",\"datePublished\":\"2017-02-21T11:28:35+00:00\",\"dateModified\":\"2017-02-21T12:18:43+00:00\",\"breadcrumb\":{\"@id\":\"https:\/\/www.estrategiaconcursos.com.br\/blog\/prova-comentada-de-direito-constitucional-trt-11a-regiao-tecnico-judiciario-area-administrativa\/#breadcrumb\"},\"inLanguage\":\"pt-BR\",\"potentialAction\":[{\"@type\":\"ReadAction\",\"target\":[\"https:\/\/www.estrategiaconcursos.com.br\/blog\/prova-comentada-de-direito-constitucional-trt-11a-regiao-tecnico-judiciario-area-administrativa\/\"]}]},{\"@type\":\"ImageObject\",\"inLanguage\":\"pt-BR\",\"@id\":\"https:\/\/www.estrategiaconcursos.com.br\/blog\/prova-comentada-de-direito-constitucional-trt-11a-regiao-tecnico-judiciario-area-administrativa\/#primaryimage\",\"url\":\"https:\/\/www.estrategiaconcursos.com.br\/blog\/wp-content\/uploads\/2016\/02\/imagem-facebook.png\",\"contentUrl\":\"https:\/\/www.estrategiaconcursos.com.br\/blog\/wp-content\/uploads\/2016\/02\/imagem-facebook.png\"},{\"@type\":\"BreadcrumbList\",\"@id\":\"https:\/\/www.estrategiaconcursos.com.br\/blog\/prova-comentada-de-direito-constitucional-trt-11a-regiao-tecnico-judiciario-area-administrativa\/#breadcrumb\",\"itemListElement\":[{\"@type\":\"ListItem\",\"position\":1,\"name\":\"In\u00edcio\",\"item\":\"https:\/\/www.estrategiaconcursos.com.br\/blog\/\"},{\"@type\":\"ListItem\",\"position\":2,\"name\":\"Prova Comentada de Direito Constitucional \u2013 TRT 11a Regi\u00e3o (T\u00e9cnico Judici\u00e1rio \u2013 \u00c1rea Administrativa)\"}]},{\"@type\":\"WebSite\",\"@id\":\"https:\/\/www.estrategiaconcursos.com.br\/blog\/#website\",\"url\":\"https:\/\/www.estrategiaconcursos.com.br\/blog\/\",\"name\":\"Estrat\u00e9gia Concursos\",\"description\":\"O blog da Estrat\u00e9gia Concursos traz not\u00edcias sobre concursos e artigos de professores oferecendo cursos para concursos (pdf + videaulas) no site.\",\"publisher\":{\"@id\":\"https:\/\/www.estrategiaconcursos.com.br\/blog\/#organization\"},\"potentialAction\":[{\"@type\":\"SearchAction\",\"target\":{\"@type\":\"EntryPoint\",\"urlTemplate\":\"https:\/\/www.estrategiaconcursos.com.br\/blog\/?s={search_term_string}\"},\"query-input\":{\"@type\":\"PropertyValueSpecification\",\"valueRequired\":true,\"valueName\":\"search_term_string\"}}],\"inLanguage\":\"pt-BR\"},{\"@type\":\"Organization\",\"@id\":\"https:\/\/www.estrategiaconcursos.com.br\/blog\/#organization\",\"name\":\"Estrat\u00e9gia Concursos\",\"url\":\"https:\/\/www.estrategiaconcursos.com.br\/blog\/\",\"logo\":{\"@type\":\"ImageObject\",\"inLanguage\":\"pt-BR\",\"@id\":\"https:\/\/www.estrategiaconcursos.com.br\/blog\/#\/schema\/logo\/image\/\",\"url\":\"https:\/\/dhg1h5j42swfq.cloudfront.net\/2025\/06\/03203428\/logo_concursos-1.jpg\",\"contentUrl\":\"https:\/\/dhg1h5j42swfq.cloudfront.net\/2025\/06\/03203428\/logo_concursos-1.jpg\",\"width\":230,\"height\":60,\"caption\":\"Estrat\u00e9gia Concursos\"},\"image\":{\"@id\":\"https:\/\/www.estrategiaconcursos.com.br\/blog\/#\/schema\/logo\/image\/\"},\"sameAs\":[\"https:\/\/x.com\/EstratConcursos\"]},{\"@type\":\"Person\",\"@id\":\"https:\/\/www.estrategiaconcursos.com.br\/blog\/#\/schema\/person\/bf1b1d1865628ae32d608d5bad5442c6\",\"name\":\"N\u00e1dia Carolina\",\"image\":{\"@type\":\"ImageObject\",\"inLanguage\":\"pt-BR\",\"@id\":\"https:\/\/secure.gravatar.com\/avatar\/0ec0c484339a071f22ea5ced30956ccdaab0f83125b2dc1857c3b038404136a7?s=96&d=mm&r=g\",\"url\":\"https:\/\/secure.gravatar.com\/avatar\/0ec0c484339a071f22ea5ced30956ccdaab0f83125b2dc1857c3b038404136a7?s=96&d=mm&r=g\",\"contentUrl\":\"https:\/\/secure.gravatar.com\/avatar\/0ec0c484339a071f22ea5ced30956ccdaab0f83125b2dc1857c3b038404136a7?s=96&d=mm&r=g\",\"caption\":\"N\u00e1dia Carolina\"},\"sameAs\":[\"https:\/\/www.facebook.com\/nadia.c.santos.16\"],\"url\":\"https:\/\/www.estrategiaconcursos.com.br\/blog\/author\/nadiaestrategiaconcursos-com-br\/\"}]}<\/script>\n<!-- \/ Yoast SEO Premium plugin. -->","yoast_head_json":{"title":"Prova Comentada de Direito Constitucional \u2013 TRT 11a Regi\u00e3o (T\u00e9cnico Judici\u00e1rio \u2013 \u00c1rea Administrativa)","robots":{"index":"index","follow":"follow","max-snippet":"max-snippet:-1","max-image-preview":"max-image-preview:large","max-video-preview":"max-video-preview:-1"},"canonical":"https:\/\/www.estrategiaconcursos.com.br\/blog\/prova-comentada-de-direito-constitucional-trt-11a-regiao-tecnico-judiciario-area-administrativa\/","og_locale":"pt_BR","og_type":"article","og_title":"Prova Comentada de Direito Constitucional \u2013 TRT 11a Regi\u00e3o (T\u00e9cnico Judici\u00e1rio \u2013 \u00c1rea Administrativa)","og_description":"Ol&aacute;, pessoal, tudo bem? Dando continuidade &agrave; an&aacute;lise das provas Concurso TRT 11a Regi&atilde;o, comentaremos as quest&otilde;es referentes ao cargo de T&eacute;cnico&nbsp;Judici&aacute;rio &ndash; &Aacute;rea Administrativa (AJAA), com base no Caderno O15, Tipo 004. Vamos l&aacute;? =) &#8230;&#8230;&#8230;&#8230;&#8230;&#8230;&#8230;&#8230;&#8230;&#8230;&#8230;&#8230;&#8230;&#8230;&#8230;&#8230;&#8230;&#8230;&#8230;&#8230;&#8230;&#8230;&#8230;&#8230;&#8230;&#8230;&#8230;&#8230;&#8230;&#8230;&#8230;&#8230;&#8230;&#8230;&#8230;&#8230;&#8230;&#8230;&#8230;&#8230;&#8230;&#8230;&#8230;&#8230;&#8230;&#8230;&#8230;&#8230;&#8230;&#8230;&#8230;&#8230;&#8230;&#8230;&#8230;&#8230;&#8230;&#8230;&#8230;&#8230;&#8230;&#8230;&#8230;&#8230;&#8230;&#8230;&#8230;&#8230;&#8230;&#8230;&#8230;&#8230;&#8230;&#8230;&#8230;&#8230;&#8230;&#8230;.. 2017 &ndash; TRT 11a Regi&atilde;o (T&eacute;cnico Judici&aacute;rio &ndash; &Aacute;rea Administrativa) 31. Adalberto tem 55 anos, reputa&ccedil;&atilde;o ilibada e [&hellip;]","og_url":"https:\/\/www.estrategiaconcursos.com.br\/blog\/prova-comentada-de-direito-constitucional-trt-11a-regiao-tecnico-judiciario-area-administrativa\/","og_site_name":"Estrat\u00e9gia Concursos","article_author":"https:\/\/www.facebook.com\/nadia.c.santos.16","article_published_time":"2017-02-21T11:28:35+00:00","article_modified_time":"2017-02-21T12:18:43+00:00","og_image":[{"url":"https:\/\/www.estrategiaconcursos.com.br\/blog\/wp-content\/uploads\/2016\/02\/imagem-facebook.png","type":"","width":"","height":""}],"author":"N\u00e1dia Carolina","twitter_card":"summary_large_image","twitter_creator":"@EstratConcursos","twitter_site":"@EstratConcursos","twitter_misc":{"Escrito por":"N\u00e1dia Carolina","Est. tempo de leitura":"7 minutos"},"schema":{"@context":"https:\/\/schema.org","@graph":[{"@type":"NewsArticle","@id":"https:\/\/www.estrategiaconcursos.com.br\/blog\/prova-comentada-de-direito-constitucional-trt-11a-regiao-tecnico-judiciario-area-administrativa\/#article","isPartOf":{"@id":"https:\/\/www.estrategiaconcursos.com.br\/blog\/prova-comentada-de-direito-constitucional-trt-11a-regiao-tecnico-judiciario-area-administrativa\/"},"author":{"name":"N\u00e1dia Carolina","@id":"https:\/\/www.estrategiaconcursos.com.br\/blog\/#\/schema\/person\/bf1b1d1865628ae32d608d5bad5442c6"},"headline":"Prova Comentada de Direito Constitucional \u2013 TRT 11a Regi\u00e3o (T\u00e9cnico Judici\u00e1rio \u2013 \u00c1rea Administrativa)","datePublished":"2017-02-21T11:28:35+00:00","dateModified":"2017-02-21T12:18:43+00:00","mainEntityOfPage":{"@id":"https:\/\/www.estrategiaconcursos.com.br\/blog\/prova-comentada-de-direito-constitucional-trt-11a-regiao-tecnico-judiciario-area-administrativa\/"},"wordCount":1489,"commentCount":3,"publisher":{"@id":"https:\/\/www.estrategiaconcursos.com.br\/blog\/#organization"},"image":{"@id":"https:\/\/www.estrategiaconcursos.com.br\/blog\/prova-comentada-de-direito-constitucional-trt-11a-regiao-tecnico-judiciario-area-administrativa\/#primaryimage"},"thumbnailUrl":"https:\/\/www.estrategiaconcursos.com.br\/blog\/wp-content\/uploads\/2016\/02\/imagem-facebook.png","keywords":["TRT 11"],"articleSection":["Concursos P\u00fablicos"],"inLanguage":"pt-BR","potentialAction":[{"@type":"CommentAction","name":"Comment","target":["https:\/\/www.estrategiaconcursos.com.br\/blog\/prova-comentada-de-direito-constitucional-trt-11a-regiao-tecnico-judiciario-area-administrativa\/#respond"]}],"copyrightYear":"2017","copyrightHolder":{"@id":"https:\/\/www.estrategiaconcursos.com.br\/blog\/#organization"}},{"@type":"WebPage","@id":"https:\/\/www.estrategiaconcursos.com.br\/blog\/prova-comentada-de-direito-constitucional-trt-11a-regiao-tecnico-judiciario-area-administrativa\/","url":"https:\/\/www.estrategiaconcursos.com.br\/blog\/prova-comentada-de-direito-constitucional-trt-11a-regiao-tecnico-judiciario-area-administrativa\/","name":"Prova Comentada de Direito Constitucional \u2013 TRT 11a Regi\u00e3o (T\u00e9cnico Judici\u00e1rio \u2013 \u00c1rea Administrativa)","isPartOf":{"@id":"https:\/\/www.estrategiaconcursos.com.br\/blog\/#website"},"primaryImageOfPage":{"@id":"https:\/\/www.estrategiaconcursos.com.br\/blog\/prova-comentada-de-direito-constitucional-trt-11a-regiao-tecnico-judiciario-area-administrativa\/#primaryimage"},"image":{"@id":"https:\/\/www.estrategiaconcursos.com.br\/blog\/prova-comentada-de-direito-constitucional-trt-11a-regiao-tecnico-judiciario-area-administrativa\/#primaryimage"},"thumbnailUrl":"https:\/\/www.estrategiaconcursos.com.br\/blog\/wp-content\/uploads\/2016\/02\/imagem-facebook.png","datePublished":"2017-02-21T11:28:35+00:00","dateModified":"2017-02-21T12:18:43+00:00","breadcrumb":{"@id":"https:\/\/www.estrategiaconcursos.com.br\/blog\/prova-comentada-de-direito-constitucional-trt-11a-regiao-tecnico-judiciario-area-administrativa\/#breadcrumb"},"inLanguage":"pt-BR","potentialAction":[{"@type":"ReadAction","target":["https:\/\/www.estrategiaconcursos.com.br\/blog\/prova-comentada-de-direito-constitucional-trt-11a-regiao-tecnico-judiciario-area-administrativa\/"]}]},{"@type":"ImageObject","inLanguage":"pt-BR","@id":"https:\/\/www.estrategiaconcursos.com.br\/blog\/prova-comentada-de-direito-constitucional-trt-11a-regiao-tecnico-judiciario-area-administrativa\/#primaryimage","url":"https:\/\/www.estrategiaconcursos.com.br\/blog\/wp-content\/uploads\/2016\/02\/imagem-facebook.png","contentUrl":"https:\/\/www.estrategiaconcursos.com.br\/blog\/wp-content\/uploads\/2016\/02\/imagem-facebook.png"},{"@type":"BreadcrumbList","@id":"https:\/\/www.estrategiaconcursos.com.br\/blog\/prova-comentada-de-direito-constitucional-trt-11a-regiao-tecnico-judiciario-area-administrativa\/#breadcrumb","itemListElement":[{"@type":"ListItem","position":1,"name":"In\u00edcio","item":"https:\/\/www.estrategiaconcursos.com.br\/blog\/"},{"@type":"ListItem","position":2,"name":"Prova Comentada de Direito Constitucional \u2013 TRT 11a Regi\u00e3o (T\u00e9cnico Judici\u00e1rio \u2013 \u00c1rea Administrativa)"}]},{"@type":"WebSite","@id":"https:\/\/www.estrategiaconcursos.com.br\/blog\/#website","url":"https:\/\/www.estrategiaconcursos.com.br\/blog\/","name":"Estrat\u00e9gia Concursos","description":"O blog da Estrat\u00e9gia Concursos traz not\u00edcias sobre concursos e artigos de professores oferecendo cursos para concursos (pdf + videaulas) no site.","publisher":{"@id":"https:\/\/www.estrategiaconcursos.com.br\/blog\/#organization"},"potentialAction":[{"@type":"SearchAction","target":{"@type":"EntryPoint","urlTemplate":"https:\/\/www.estrategiaconcursos.com.br\/blog\/?s={search_term_string}"},"query-input":{"@type":"PropertyValueSpecification","valueRequired":true,"valueName":"search_term_string"}}],"inLanguage":"pt-BR"},{"@type":"Organization","@id":"https:\/\/www.estrategiaconcursos.com.br\/blog\/#organization","name":"Estrat\u00e9gia Concursos","url":"https:\/\/www.estrategiaconcursos.com.br\/blog\/","logo":{"@type":"ImageObject","inLanguage":"pt-BR","@id":"https:\/\/www.estrategiaconcursos.com.br\/blog\/#\/schema\/logo\/image\/","url":"https:\/\/dhg1h5j42swfq.cloudfront.net\/2025\/06\/03203428\/logo_concursos-1.jpg","contentUrl":"https:\/\/dhg1h5j42swfq.cloudfront.net\/2025\/06\/03203428\/logo_concursos-1.jpg","width":230,"height":60,"caption":"Estrat\u00e9gia Concursos"},"image":{"@id":"https:\/\/www.estrategiaconcursos.com.br\/blog\/#\/schema\/logo\/image\/"},"sameAs":["https:\/\/x.com\/EstratConcursos"]},{"@type":"Person","@id":"https:\/\/www.estrategiaconcursos.com.br\/blog\/#\/schema\/person\/bf1b1d1865628ae32d608d5bad5442c6","name":"N\u00e1dia Carolina","image":{"@type":"ImageObject","inLanguage":"pt-BR","@id":"https:\/\/secure.gravatar.com\/avatar\/0ec0c484339a071f22ea5ced30956ccdaab0f83125b2dc1857c3b038404136a7?s=96&d=mm&r=g","url":"https:\/\/secure.gravatar.com\/avatar\/0ec0c484339a071f22ea5ced30956ccdaab0f83125b2dc1857c3b038404136a7?s=96&d=mm&r=g","contentUrl":"https:\/\/secure.gravatar.com\/avatar\/0ec0c484339a071f22ea5ced30956ccdaab0f83125b2dc1857c3b038404136a7?s=96&d=mm&r=g","caption":"N\u00e1dia Carolina"},"sameAs":["https:\/\/www.facebook.com\/nadia.c.santos.16"],"url":"https:\/\/www.estrategiaconcursos.com.br\/blog\/author\/nadiaestrategiaconcursos-com-br\/"}]}},"_links":{"self":[{"href":"https:\/\/www.estrategiaconcursos.com.br\/blog\/wp-json\/wp\/v2\/posts\/65458","targetHints":{"allow":["GET"]}}],"collection":[{"href":"https:\/\/www.estrategiaconcursos.com.br\/blog\/wp-json\/wp\/v2\/posts"}],"about":[{"href":"https:\/\/www.estrategiaconcursos.com.br\/blog\/wp-json\/wp\/v2\/types\/post"}],"author":[{"embeddable":true,"href":"https:\/\/www.estrategiaconcursos.com.br\/blog\/wp-json\/wp\/v2\/users\/58"}],"replies":[{"embeddable":true,"href":"https:\/\/www.estrategiaconcursos.com.br\/blog\/wp-json\/wp\/v2\/comments?post=65458"}],"version-history":[{"count":1,"href":"https:\/\/www.estrategiaconcursos.com.br\/blog\/wp-json\/wp\/v2\/posts\/65458\/revisions"}],"predecessor-version":[{"id":65459,"href":"https:\/\/www.estrategiaconcursos.com.br\/blog\/wp-json\/wp\/v2\/posts\/65458\/revisions\/65459"}],"wp:attachment":[{"href":"https:\/\/www.estrategiaconcursos.com.br\/blog\/wp-json\/wp\/v2\/media?parent=65458"}],"wp:term":[{"taxonomy":"category","embeddable":true,"href":"https:\/\/www.estrategiaconcursos.com.br\/blog\/wp-json\/wp\/v2\/categories?post=65458"},{"taxonomy":"post_tag","embeddable":true,"href":"https:\/\/www.estrategiaconcursos.com.br\/blog\/wp-json\/wp\/v2\/tags?post=65458"},{"taxonomy":"tax_estado","embeddable":true,"href":"https:\/\/www.estrategiaconcursos.com.br\/blog\/wp-json\/wp\/v2\/tax_estado?post=65458"}],"curies":[{"name":"wp","href":"https:\/\/api.w.org\/{rel}","templated":true}]}}