{"id":65452,"date":"2017-02-21T08:56:09","date_gmt":"2017-02-21T11:56:09","guid":{"rendered":"https:\/\/www.estrategiaconcursos.com.br\/blog\/?p=65452"},"modified":"2017-02-21T09:18:42","modified_gmt":"2017-02-21T12:18:42","slug":"cabe-recurso-contra-questao-12-da-prova-de-portugues-trt-11a-regiao","status":"publish","type":"post","link":"https:\/\/www.estrategiaconcursos.com.br\/blog\/cabe-recurso-contra-questao-12-da-prova-de-portugues-trt-11a-regiao\/","title":{"rendered":"Cabe recurso contra a quest\u00e3o 12 da Prova de Portugu\u00eas TRT 11\u00aa Regi\u00e3o"},"content":{"rendered":"<p>\n\tOl&aacute;, pessoal! Cabe recurso contra a quest&atilde;o 12 da Prova de Portugu&ecirc;s TRT 11&ordf; Regi&atilde;o.\n<\/p>\n<p>\n\tRefiro-me &agrave; prova de Analista Judici&aacute;rio, prova A01, tipo 3.\n<\/p>\n<p>\n\tA quest&atilde;o apresentou o gabarito preliminar como alternativa (B), mas isso depende de um efeito estil&iacute;stico, e acredito que seja interessante entrarem com recurso, o qual transcrevo abaixo.\n<\/p>\n<p>\n\tPrimeiro, veja a quest&atilde;o:\n<\/p>\n<p>\n\tUm detalhe: omiti o texto porque conseguimos comentar sem mesmo voltar a ele.&nbsp;\n<\/p>\n<p>\n\t12. A assertiva que a gram&aacute;tica normativa aprova &eacute;:\n<\/p>\n<p>\n\t(A) (linha 12) Se, em vez da caracteriza&ccedil;&atilde;o original do processo, houvesse uma outra formula&ccedil;&atilde;o, ela estaria correta, por exemplo, assim: &ldquo;se trata de um processo cujo desfecho depender&atilde;o v&aacute;rias religi&otilde;es&rdquo;.\n<\/p>\n<p>\n\t(B) (linhas 6 e 7) Em que um dia lhe valeu o desgastado t&iacute;tulo que <u><strong>o<\/strong><\/u> aclama como &ldquo;o maior pa&iacute;s cat&oacute;lico do mundo&rdquo;, o pronome destacado pode ser substitu&iacute;do por &ldquo;a ele&rdquo;, sem preju&iacute;zo do sentido e da corre&ccedil;&atilde;o originais.\n<\/p>\n<p>\n\t(C) (linha 1) O pronome destacado em Tr&ecirc;s em cada quatro brasileiros <u><strong>se<\/strong><\/u><strong> <\/strong>consideram cat&oacute;licos determina que se entenda a frase como equivalente a &ldquo;Tr&ecirc;s em cada quatro brasileiros s&atilde;o considerados cat&oacute;licos&rdquo;.\n<\/p>\n<p>\n\t(D) (linha 4) A fun&ccedil;&atilde;o do pronome <u><strong>esse<\/strong><\/u> restringe-se a sinalizar que o pa&iacute;s referido &eacute; aquele que vem anunciado, logo em seguida, como o maior e mais populoso da &ldquo;Am&eacute;rica cat&oacute;lica&rdquo;.\n<\/p>\n<p>\n\t(E) (linhas 6 e 7) Em que um dia <u><strong>lhe<\/strong><\/u><strong> <\/strong>valeu o desgastado t&iacute;tulo que o aclama como &ldquo;o maior pa&iacute;s cat&oacute;lico do mundo&rdquo;, o pronome destacado tem sentido possessivo, como em &ldquo;Colocou-lhe no dedo a alian&ccedil;a prometida&rdquo;.\n<\/p>\n<p>\n\t<strong>Coment&aacute;rio<\/strong>: A alternativa (A) est&aacute; <strong>errada<\/strong>, pois o verbo &ldquo;depender&atilde;o&rdquo; rege a preposi&ccedil;&atilde;o &ldquo;de&rdquo;. Assim, o objeto indireto seria: &ldquo;<strong>de<\/strong> cujo desfecho&rdquo;.\n<\/p>\n<p>\n\t&nbsp;&nbsp;&nbsp;&nbsp;&nbsp;&nbsp;&nbsp; A banca elegeu a alternativa (B) como correta, mas devemos entender que o verbo &quot;aclama&quot; &eacute; transitivo direto, o sujeito &eacute; o pronome relativo &quot;que&quot; e o objeto direto &eacute; o pronome &aacute;tono &quot;<strong>o<\/strong>&quot;, o qual n&atilde;o admite a preposi&ccedil;&atilde;o &ldquo;a&rdquo;.\n<\/p>\n<p>\n\tPossivelmente a banca v&aacute;&nbsp;querer sustentar o gabarito, haja vista um poss&iacute;vel efeito estil&iacute;stico, por meio do objeto direto preposicionado, por&eacute;m tal efeito &eacute; desnecess&aacute;rio para a clareza e para a estrutura sint&aacute;tica, que muito bem j&aacute; havia sido organizada por meio do pronome &aacute;tono &quot;o&quot;.\n<\/p>\n<p>\n\t&nbsp;&nbsp;&nbsp;&nbsp;&nbsp;&nbsp;&nbsp; A alternativa (C) est&aacute; <strong>errada<\/strong>, pois o pronome &ldquo;se&rdquo; se encontra, pelo contexto, na fun&ccedil;&atilde;o de pronome reflexivo, pois a pessoa considera a si mesma cat&oacute;lica. Assim, n&atilde;o cabe, neste contexto, o pronome apassivador, sugerido na alternativa.\n<\/p>\n<p>\n\t&nbsp;&nbsp;&nbsp;&nbsp;&nbsp;&nbsp;&nbsp; A alternativa (D) est&aacute; <strong>errada<\/strong>, pois se sugeriu que esse pronome tivesse valor cataf&oacute;rico, isto &eacute;, que fizesse refer&ecirc;ncia a uma informa&ccedil;&atilde;o posterior. Por&eacute;m, tal pronome faz refer&ecirc;ncia a uma informa&ccedil;&atilde;o anterior e seu recurso &eacute; anaf&oacute;rico.\n<\/p>\n<p>\n\t&nbsp;&nbsp;&nbsp;&nbsp;&nbsp;&nbsp;&nbsp; A alternativa (E) est&aacute; <strong>errada<\/strong>, pois o pronome &ldquo;lhe&rdquo; ocupa a fun&ccedil;&atilde;o de objeto indireto e n&atilde;o apresenta valor de posse, como sugere a alternativa.\n<\/p>\n<p>\n\t<strong>Gabarito: B<\/strong>\n<\/p>\n<p>\n\t<strong>Base de recurso:<\/strong>\n<\/p>\n<p>\n\tSenhor avaliador,&nbsp;\n<\/p>\n<p>\n\tQuanto &agrave; alternativa (B), da quest&atilde;o 12, da prova A01, tipo 3, pe&ccedil;o verificar a possibilidade de ter havido uma incoer&ecirc;ncia na considera&ccedil;&atilde;o de ser esta a afirma&ccedil;&atilde;o correta. Isso se baseia na ideia de que&nbsp;o verbo &quot;aclama&quot; &eacute; transitivo direto, o sujeito &eacute; o pronome relativo &quot;que&quot; e o objeto direto &eacute; o pronome &aacute;tono &quot;<strong>o<\/strong>&quot;, o qual n&atilde;o admite a preposi&ccedil;&atilde;o &ldquo;a&rdquo;.&nbsp;Possivelmente a banca entendeu a&iacute; um poss&iacute;vel efeito estil&iacute;stico, por meio do objeto direto preposicionado, por&eacute;m tal efeito &eacute; desnecess&aacute;rio para a clareza e para a estrutura sint&aacute;tica, que muito bem j&aacute; havia sido organizada por meio do pronome &aacute;tono &quot;o&quot;.\n<\/p>\n<p>\n\tVale lembrar as palavras do renomado linguista Evanildo Bechara em sua Moderna Gram&aacute;tica Portuguesa, quando se refere, &agrave; p&aacute;gina 343, ao objeto direto preposicionado:\n<\/p>\n<p>\n\t&quot;A preposi&ccedil;&atilde;o quase sempre aparece para evidenciar o contraste entre o sujeito e o&nbsp;complemento, n&atilde;o se confundindo com o caso do posv&eacute;rbio, porque este repercute na&nbsp;significa&ccedil;&atilde;o do verbo.&quot;\n<\/p>\n<p>\n\tObservemos que a inten&ccedil;&atilde;o do linguista foi afirmar que poderia haver, em determinada situa&ccedil;&atilde;o, uma confuns&atilde;o entre o sujeito e o objeto direto, como, por exemplo, na antecipa&ccedil;&atilde;o do objeto direto: <u><strong>Ao gato<\/strong><\/u> mordeu o cachorro.\n<\/p>\n<p>\n\tSem a preposi&ccedil;&atilde;o, haveria, sim confus&atilde;o entre o objeto direto e o sujeito.\n<\/p>\n<p>\n\tPor&eacute;m, na ora&ccedil;&atilde;o &quot;que o aclamou&quot;, n&atilde;o cabe confus&atilde;o entre o sujeito &quot;que&quot; e o objeto direto &quot;o&quot;.\n<\/p>\n<p>\n\tEntender a simples troca do objeto direto &quot;o&quot; por &quot;a ele&quot; seria admitir, salvo&nbsp;melhor ju&iacute;zo dessa renomada banca, que o crit&eacute;rio estil&iacute;stico passaria a um simples subjetivismo do autor, o que na verdade n&atilde;o cabe.\n<\/p>\n<p>\n\tRessalta-se o outro crit&eacute;rio do emprego do objeto direto preposicionado pelo renomado linguista: o posv&eacute;rbio. Neste caso, seriam verbos que mudam o matiz sem&acirc;ntico, por exemplo em casos como &quot;beber a &aacute;gua\/beber <u><strong>da &aacute;gua<\/strong><\/u>&quot;, &quot;comer o p&atilde;o\/comer <u><strong>do p&atilde;o<\/strong><\/u>&quot;.\n<\/p>\n<p>\n\tCertamente, esse caso n&atilde;o est&aacute; vinculado ao contexto da quest&atilde;o.\n<\/p>\n<p>\n\tPor tudo isso, pe&ccedil;o a revis&atilde;o da quest&atilde;o e uma poss&iacute;vel anula&ccedil;&atilde;o.\n<\/p>\n<p>\n\t&nbsp;\n<\/p>\n<p>\n\tMo&ccedil;ada, infelizmente, tenho passado por um per&iacute;odo meio cr&iacute;tico por problemas de sa&uacute;de de pessoa da fam&iacute;lia.\n<\/p>\n<p>\n\tAssim, n&atilde;o conseguirei comentar toda a prova agora, mas me disponho a ajudar na observa&ccedil;&atilde;o de&nbsp;outros poss&iacute;veis recursos.\n<\/p>\n<p>\n\tAssim, se voc&ecirc; discorda do gabarito de outra quest&atilde;o e realmente j&aacute; procurou observar tudo o que foi poss&iacute;vel e n&atilde;o conseguiu, deixe sua mensagem abaixo. Eu analiso a quest&atilde;o e complemento este artigo.\n<\/p>\n<p>\n\tDesde j&aacute;, grande abra&ccedil;o a todos!\n<\/p>\n<p>\n\tE a gente vai se vendo por a&iacute;!\n<\/p>\n<p>\n\tD&eacute;cio Terror<\/p>\n","protected":false},"excerpt":{"rendered":"<p>Ol&aacute;, pessoal! Cabe recurso contra a quest&atilde;o 12 da Prova de Portugu&ecirc;s TRT 11&ordf; Regi&atilde;o. Refiro-me &agrave; prova de Analista Judici&aacute;rio, prova A01, tipo 3. A quest&atilde;o apresentou o gabarito preliminar como alternativa (B), mas isso depende de um efeito estil&iacute;stico, e acredito que seja interessante entrarem com recurso, o qual transcrevo abaixo. Primeiro, veja [&hellip;]<\/p>\n","protected":false},"author":214,"featured_media":0,"comment_status":"open","ping_status":"open","sticky":false,"template":"","format":"standard","meta":{"post_tipo":"article","footnotes":""},"categories":[1],"tags":[1861,2476,2163],"tax_estado":[],"class_list":["post-65452","post","type-post","status-publish","format-standard","hentry","category-cursos-e-concursos","tag-recurso-portugues","tag-recurso-portugues-trt","tag-trt-11"],"acf":[],"yoast_head":"<!-- This site is optimized with the Yoast SEO Premium plugin v27.2 (Yoast SEO v27.2) - https:\/\/yoast.com\/product\/yoast-seo-premium-wordpress\/ -->\n<title>Cabe recurso contra a quest\u00e3o 12 da Prova de Portugu\u00eas TRT 11\u00aa Regi\u00e3o<\/title>\n<meta name=\"robots\" content=\"index, follow, max-snippet:-1, max-image-preview:large, max-video-preview:-1\" \/>\n<link rel=\"canonical\" href=\"https:\/\/www.estrategiaconcursos.com.br\/blog\/cabe-recurso-contra-questao-12-da-prova-de-portugues-trt-11a-regiao\/\" \/>\n<meta property=\"og:locale\" content=\"pt_BR\" \/>\n<meta property=\"og:type\" content=\"article\" \/>\n<meta property=\"og:title\" content=\"Cabe recurso contra a quest\u00e3o 12 da Prova de Portugu\u00eas TRT 11\u00aa Regi\u00e3o\" \/>\n<meta property=\"og:description\" content=\"Ol&aacute;, pessoal! Cabe recurso contra a quest&atilde;o 12 da Prova de Portugu&ecirc;s TRT 11&ordf; Regi&atilde;o. Refiro-me &agrave; prova de Analista Judici&aacute;rio, prova A01, tipo 3. A quest&atilde;o apresentou o gabarito preliminar como alternativa (B), mas isso depende de um efeito estil&iacute;stico, e acredito que seja interessante entrarem com recurso, o qual transcrevo abaixo. Primeiro, veja [&hellip;]\" \/>\n<meta property=\"og:url\" content=\"https:\/\/www.estrategiaconcursos.com.br\/blog\/cabe-recurso-contra-questao-12-da-prova-de-portugues-trt-11a-regiao\/\" \/>\n<meta property=\"og:site_name\" content=\"Estrat\u00e9gia Concursos\" \/>\n<meta property=\"article:published_time\" content=\"2017-02-21T11:56:09+00:00\" \/>\n<meta property=\"article:modified_time\" content=\"2017-02-21T12:18:42+00:00\" \/>\n<meta name=\"author\" content=\"D\u00e9cio Terror Filho\" \/>\n<meta name=\"twitter:card\" content=\"summary_large_image\" \/>\n<meta name=\"twitter:creator\" content=\"@EstratConcursos\" \/>\n<meta name=\"twitter:site\" content=\"@EstratConcursos\" \/>\n<meta name=\"twitter:label1\" content=\"Escrito por\" \/>\n\t<meta name=\"twitter:data1\" content=\"D\u00e9cio Terror Filho\" \/>\n\t<meta name=\"twitter:label2\" content=\"Est. tempo de leitura\" \/>\n\t<meta name=\"twitter:data2\" content=\"6 minutos\" \/>\n<script type=\"application\/ld+json\" class=\"yoast-schema-graph\">{\"@context\":\"https:\/\/schema.org\",\"@graph\":[{\"@type\":\"NewsArticle\",\"@id\":\"https:\/\/www.estrategiaconcursos.com.br\/blog\/cabe-recurso-contra-questao-12-da-prova-de-portugues-trt-11a-regiao\/#article\",\"isPartOf\":{\"@id\":\"https:\/\/www.estrategiaconcursos.com.br\/blog\/cabe-recurso-contra-questao-12-da-prova-de-portugues-trt-11a-regiao\/\"},\"author\":{\"name\":\"D\u00e9cio Terror Filho\",\"@id\":\"https:\/\/www.estrategiaconcursos.com.br\/blog\/#\/schema\/person\/e8165364027a31208914fc77c3314727\"},\"headline\":\"Cabe recurso contra a quest\u00e3o 12 da Prova de Portugu\u00eas TRT 11\u00aa Regi\u00e3o\",\"datePublished\":\"2017-02-21T11:56:09+00:00\",\"dateModified\":\"2017-02-21T12:18:42+00:00\",\"mainEntityOfPage\":{\"@id\":\"https:\/\/www.estrategiaconcursos.com.br\/blog\/cabe-recurso-contra-questao-12-da-prova-de-portugues-trt-11a-regiao\/\"},\"wordCount\":1245,\"commentCount\":1,\"publisher\":{\"@id\":\"https:\/\/www.estrategiaconcursos.com.br\/blog\/#organization\"},\"keywords\":[\"recurso Portugu\u00eas\",\"recurso portugu\u00eas trt\",\"TRT 11\"],\"articleSection\":[\"Concursos P\u00fablicos\"],\"inLanguage\":\"pt-BR\",\"potentialAction\":[{\"@type\":\"CommentAction\",\"name\":\"Comment\",\"target\":[\"https:\/\/www.estrategiaconcursos.com.br\/blog\/cabe-recurso-contra-questao-12-da-prova-de-portugues-trt-11a-regiao\/#respond\"]}],\"copyrightYear\":\"2017\",\"copyrightHolder\":{\"@id\":\"https:\/\/www.estrategiaconcursos.com.br\/blog\/#organization\"}},{\"@type\":\"WebPage\",\"@id\":\"https:\/\/www.estrategiaconcursos.com.br\/blog\/cabe-recurso-contra-questao-12-da-prova-de-portugues-trt-11a-regiao\/\",\"url\":\"https:\/\/www.estrategiaconcursos.com.br\/blog\/cabe-recurso-contra-questao-12-da-prova-de-portugues-trt-11a-regiao\/\",\"name\":\"Cabe recurso contra a quest\u00e3o 12 da Prova de Portugu\u00eas TRT 11\u00aa Regi\u00e3o\",\"isPartOf\":{\"@id\":\"https:\/\/www.estrategiaconcursos.com.br\/blog\/#website\"},\"datePublished\":\"2017-02-21T11:56:09+00:00\",\"dateModified\":\"2017-02-21T12:18:42+00:00\",\"breadcrumb\":{\"@id\":\"https:\/\/www.estrategiaconcursos.com.br\/blog\/cabe-recurso-contra-questao-12-da-prova-de-portugues-trt-11a-regiao\/#breadcrumb\"},\"inLanguage\":\"pt-BR\",\"potentialAction\":[{\"@type\":\"ReadAction\",\"target\":[\"https:\/\/www.estrategiaconcursos.com.br\/blog\/cabe-recurso-contra-questao-12-da-prova-de-portugues-trt-11a-regiao\/\"]}]},{\"@type\":\"BreadcrumbList\",\"@id\":\"https:\/\/www.estrategiaconcursos.com.br\/blog\/cabe-recurso-contra-questao-12-da-prova-de-portugues-trt-11a-regiao\/#breadcrumb\",\"itemListElement\":[{\"@type\":\"ListItem\",\"position\":1,\"name\":\"In\u00edcio\",\"item\":\"https:\/\/www.estrategiaconcursos.com.br\/blog\/\"},{\"@type\":\"ListItem\",\"position\":2,\"name\":\"Cabe recurso contra a quest\u00e3o 12 da Prova de Portugu\u00eas TRT 11\u00aa Regi\u00e3o\"}]},{\"@type\":\"WebSite\",\"@id\":\"https:\/\/www.estrategiaconcursos.com.br\/blog\/#website\",\"url\":\"https:\/\/www.estrategiaconcursos.com.br\/blog\/\",\"name\":\"Estrat\u00e9gia Concursos\",\"description\":\"O blog da Estrat\u00e9gia Concursos traz not\u00edcias sobre concursos e artigos de professores oferecendo cursos para concursos (pdf + videaulas) no site.\",\"publisher\":{\"@id\":\"https:\/\/www.estrategiaconcursos.com.br\/blog\/#organization\"},\"potentialAction\":[{\"@type\":\"SearchAction\",\"target\":{\"@type\":\"EntryPoint\",\"urlTemplate\":\"https:\/\/www.estrategiaconcursos.com.br\/blog\/?s={search_term_string}\"},\"query-input\":{\"@type\":\"PropertyValueSpecification\",\"valueRequired\":true,\"valueName\":\"search_term_string\"}}],\"inLanguage\":\"pt-BR\"},{\"@type\":\"Organization\",\"@id\":\"https:\/\/www.estrategiaconcursos.com.br\/blog\/#organization\",\"name\":\"Estrat\u00e9gia Concursos\",\"url\":\"https:\/\/www.estrategiaconcursos.com.br\/blog\/\",\"logo\":{\"@type\":\"ImageObject\",\"inLanguage\":\"pt-BR\",\"@id\":\"https:\/\/www.estrategiaconcursos.com.br\/blog\/#\/schema\/logo\/image\/\",\"url\":\"https:\/\/dhg1h5j42swfq.cloudfront.net\/2025\/06\/03203428\/logo_concursos-1.jpg\",\"contentUrl\":\"https:\/\/dhg1h5j42swfq.cloudfront.net\/2025\/06\/03203428\/logo_concursos-1.jpg\",\"width\":230,\"height\":60,\"caption\":\"Estrat\u00e9gia Concursos\"},\"image\":{\"@id\":\"https:\/\/www.estrategiaconcursos.com.br\/blog\/#\/schema\/logo\/image\/\"},\"sameAs\":[\"https:\/\/x.com\/EstratConcursos\"]},{\"@type\":\"Person\",\"@id\":\"https:\/\/www.estrategiaconcursos.com.br\/blog\/#\/schema\/person\/e8165364027a31208914fc77c3314727\",\"name\":\"D\u00e9cio Terror Filho\",\"image\":{\"@type\":\"ImageObject\",\"inLanguage\":\"pt-BR\",\"@id\":\"https:\/\/secure.gravatar.com\/avatar\/a5b78e734de7c6482e965926e78344deb81abbc34282a3c9536cbb1a59728a37?s=96&d=mm&r=g\",\"url\":\"https:\/\/secure.gravatar.com\/avatar\/a5b78e734de7c6482e965926e78344deb81abbc34282a3c9536cbb1a59728a37?s=96&d=mm&r=g\",\"contentUrl\":\"https:\/\/secure.gravatar.com\/avatar\/a5b78e734de7c6482e965926e78344deb81abbc34282a3c9536cbb1a59728a37?s=96&d=mm&r=g\",\"caption\":\"D\u00e9cio Terror Filho\"},\"url\":\"https:\/\/www.estrategiaconcursos.com.br\/blog\/author\/contatoterrorportugues-com-br\/\"}]}<\/script>\n<!-- \/ Yoast SEO Premium plugin. -->","yoast_head_json":{"title":"Cabe recurso contra a quest\u00e3o 12 da Prova de Portugu\u00eas TRT 11\u00aa Regi\u00e3o","robots":{"index":"index","follow":"follow","max-snippet":"max-snippet:-1","max-image-preview":"max-image-preview:large","max-video-preview":"max-video-preview:-1"},"canonical":"https:\/\/www.estrategiaconcursos.com.br\/blog\/cabe-recurso-contra-questao-12-da-prova-de-portugues-trt-11a-regiao\/","og_locale":"pt_BR","og_type":"article","og_title":"Cabe recurso contra a quest\u00e3o 12 da Prova de Portugu\u00eas TRT 11\u00aa Regi\u00e3o","og_description":"Ol&aacute;, pessoal! Cabe recurso contra a quest&atilde;o 12 da Prova de Portugu&ecirc;s TRT 11&ordf; Regi&atilde;o. Refiro-me &agrave; prova de Analista Judici&aacute;rio, prova A01, tipo 3. A quest&atilde;o apresentou o gabarito preliminar como alternativa (B), mas isso depende de um efeito estil&iacute;stico, e acredito que seja interessante entrarem com recurso, o qual transcrevo abaixo. Primeiro, veja [&hellip;]","og_url":"https:\/\/www.estrategiaconcursos.com.br\/blog\/cabe-recurso-contra-questao-12-da-prova-de-portugues-trt-11a-regiao\/","og_site_name":"Estrat\u00e9gia Concursos","article_published_time":"2017-02-21T11:56:09+00:00","article_modified_time":"2017-02-21T12:18:42+00:00","author":"D\u00e9cio Terror Filho","twitter_card":"summary_large_image","twitter_creator":"@EstratConcursos","twitter_site":"@EstratConcursos","twitter_misc":{"Escrito por":"D\u00e9cio Terror Filho","Est. tempo de leitura":"6 minutos"},"schema":{"@context":"https:\/\/schema.org","@graph":[{"@type":"NewsArticle","@id":"https:\/\/www.estrategiaconcursos.com.br\/blog\/cabe-recurso-contra-questao-12-da-prova-de-portugues-trt-11a-regiao\/#article","isPartOf":{"@id":"https:\/\/www.estrategiaconcursos.com.br\/blog\/cabe-recurso-contra-questao-12-da-prova-de-portugues-trt-11a-regiao\/"},"author":{"name":"D\u00e9cio Terror Filho","@id":"https:\/\/www.estrategiaconcursos.com.br\/blog\/#\/schema\/person\/e8165364027a31208914fc77c3314727"},"headline":"Cabe recurso contra a quest\u00e3o 12 da Prova de Portugu\u00eas TRT 11\u00aa Regi\u00e3o","datePublished":"2017-02-21T11:56:09+00:00","dateModified":"2017-02-21T12:18:42+00:00","mainEntityOfPage":{"@id":"https:\/\/www.estrategiaconcursos.com.br\/blog\/cabe-recurso-contra-questao-12-da-prova-de-portugues-trt-11a-regiao\/"},"wordCount":1245,"commentCount":1,"publisher":{"@id":"https:\/\/www.estrategiaconcursos.com.br\/blog\/#organization"},"keywords":["recurso Portugu\u00eas","recurso portugu\u00eas trt","TRT 11"],"articleSection":["Concursos P\u00fablicos"],"inLanguage":"pt-BR","potentialAction":[{"@type":"CommentAction","name":"Comment","target":["https:\/\/www.estrategiaconcursos.com.br\/blog\/cabe-recurso-contra-questao-12-da-prova-de-portugues-trt-11a-regiao\/#respond"]}],"copyrightYear":"2017","copyrightHolder":{"@id":"https:\/\/www.estrategiaconcursos.com.br\/blog\/#organization"}},{"@type":"WebPage","@id":"https:\/\/www.estrategiaconcursos.com.br\/blog\/cabe-recurso-contra-questao-12-da-prova-de-portugues-trt-11a-regiao\/","url":"https:\/\/www.estrategiaconcursos.com.br\/blog\/cabe-recurso-contra-questao-12-da-prova-de-portugues-trt-11a-regiao\/","name":"Cabe recurso contra a quest\u00e3o 12 da Prova de Portugu\u00eas TRT 11\u00aa Regi\u00e3o","isPartOf":{"@id":"https:\/\/www.estrategiaconcursos.com.br\/blog\/#website"},"datePublished":"2017-02-21T11:56:09+00:00","dateModified":"2017-02-21T12:18:42+00:00","breadcrumb":{"@id":"https:\/\/www.estrategiaconcursos.com.br\/blog\/cabe-recurso-contra-questao-12-da-prova-de-portugues-trt-11a-regiao\/#breadcrumb"},"inLanguage":"pt-BR","potentialAction":[{"@type":"ReadAction","target":["https:\/\/www.estrategiaconcursos.com.br\/blog\/cabe-recurso-contra-questao-12-da-prova-de-portugues-trt-11a-regiao\/"]}]},{"@type":"BreadcrumbList","@id":"https:\/\/www.estrategiaconcursos.com.br\/blog\/cabe-recurso-contra-questao-12-da-prova-de-portugues-trt-11a-regiao\/#breadcrumb","itemListElement":[{"@type":"ListItem","position":1,"name":"In\u00edcio","item":"https:\/\/www.estrategiaconcursos.com.br\/blog\/"},{"@type":"ListItem","position":2,"name":"Cabe recurso contra a quest\u00e3o 12 da Prova de Portugu\u00eas TRT 11\u00aa Regi\u00e3o"}]},{"@type":"WebSite","@id":"https:\/\/www.estrategiaconcursos.com.br\/blog\/#website","url":"https:\/\/www.estrategiaconcursos.com.br\/blog\/","name":"Estrat\u00e9gia Concursos","description":"O blog da Estrat\u00e9gia Concursos traz not\u00edcias sobre concursos e artigos de professores oferecendo cursos para concursos (pdf + videaulas) no site.","publisher":{"@id":"https:\/\/www.estrategiaconcursos.com.br\/blog\/#organization"},"potentialAction":[{"@type":"SearchAction","target":{"@type":"EntryPoint","urlTemplate":"https:\/\/www.estrategiaconcursos.com.br\/blog\/?s={search_term_string}"},"query-input":{"@type":"PropertyValueSpecification","valueRequired":true,"valueName":"search_term_string"}}],"inLanguage":"pt-BR"},{"@type":"Organization","@id":"https:\/\/www.estrategiaconcursos.com.br\/blog\/#organization","name":"Estrat\u00e9gia Concursos","url":"https:\/\/www.estrategiaconcursos.com.br\/blog\/","logo":{"@type":"ImageObject","inLanguage":"pt-BR","@id":"https:\/\/www.estrategiaconcursos.com.br\/blog\/#\/schema\/logo\/image\/","url":"https:\/\/dhg1h5j42swfq.cloudfront.net\/2025\/06\/03203428\/logo_concursos-1.jpg","contentUrl":"https:\/\/dhg1h5j42swfq.cloudfront.net\/2025\/06\/03203428\/logo_concursos-1.jpg","width":230,"height":60,"caption":"Estrat\u00e9gia Concursos"},"image":{"@id":"https:\/\/www.estrategiaconcursos.com.br\/blog\/#\/schema\/logo\/image\/"},"sameAs":["https:\/\/x.com\/EstratConcursos"]},{"@type":"Person","@id":"https:\/\/www.estrategiaconcursos.com.br\/blog\/#\/schema\/person\/e8165364027a31208914fc77c3314727","name":"D\u00e9cio Terror Filho","image":{"@type":"ImageObject","inLanguage":"pt-BR","@id":"https:\/\/secure.gravatar.com\/avatar\/a5b78e734de7c6482e965926e78344deb81abbc34282a3c9536cbb1a59728a37?s=96&d=mm&r=g","url":"https:\/\/secure.gravatar.com\/avatar\/a5b78e734de7c6482e965926e78344deb81abbc34282a3c9536cbb1a59728a37?s=96&d=mm&r=g","contentUrl":"https:\/\/secure.gravatar.com\/avatar\/a5b78e734de7c6482e965926e78344deb81abbc34282a3c9536cbb1a59728a37?s=96&d=mm&r=g","caption":"D\u00e9cio Terror Filho"},"url":"https:\/\/www.estrategiaconcursos.com.br\/blog\/author\/contatoterrorportugues-com-br\/"}]}},"_links":{"self":[{"href":"https:\/\/www.estrategiaconcursos.com.br\/blog\/wp-json\/wp\/v2\/posts\/65452","targetHints":{"allow":["GET"]}}],"collection":[{"href":"https:\/\/www.estrategiaconcursos.com.br\/blog\/wp-json\/wp\/v2\/posts"}],"about":[{"href":"https:\/\/www.estrategiaconcursos.com.br\/blog\/wp-json\/wp\/v2\/types\/post"}],"author":[{"embeddable":true,"href":"https:\/\/www.estrategiaconcursos.com.br\/blog\/wp-json\/wp\/v2\/users\/214"}],"replies":[{"embeddable":true,"href":"https:\/\/www.estrategiaconcursos.com.br\/blog\/wp-json\/wp\/v2\/comments?post=65452"}],"version-history":[{"count":5,"href":"https:\/\/www.estrategiaconcursos.com.br\/blog\/wp-json\/wp\/v2\/posts\/65452\/revisions"}],"predecessor-version":[{"id":65476,"href":"https:\/\/www.estrategiaconcursos.com.br\/blog\/wp-json\/wp\/v2\/posts\/65452\/revisions\/65476"}],"wp:attachment":[{"href":"https:\/\/www.estrategiaconcursos.com.br\/blog\/wp-json\/wp\/v2\/media?parent=65452"}],"wp:term":[{"taxonomy":"category","embeddable":true,"href":"https:\/\/www.estrategiaconcursos.com.br\/blog\/wp-json\/wp\/v2\/categories?post=65452"},{"taxonomy":"post_tag","embeddable":true,"href":"https:\/\/www.estrategiaconcursos.com.br\/blog\/wp-json\/wp\/v2\/tags?post=65452"},{"taxonomy":"tax_estado","embeddable":true,"href":"https:\/\/www.estrategiaconcursos.com.br\/blog\/wp-json\/wp\/v2\/tax_estado?post=65452"}],"curies":[{"name":"wp","href":"https:\/\/api.w.org\/{rel}","templated":true}]}}