{"id":65450,"date":"2017-02-21T08:23:12","date_gmt":"2017-02-21T11:23:12","guid":{"rendered":"https:\/\/www.estrategiaconcursos.com.br\/blog\/?p=65450"},"modified":"2017-02-21T09:18:43","modified_gmt":"2017-02-21T12:18:43","slug":"prova-comentada-de-direito-constitucional-trt-11a-regiao-analista-judiciario-area-administrativa","status":"publish","type":"post","link":"https:\/\/www.estrategiaconcursos.com.br\/blog\/prova-comentada-de-direito-constitucional-trt-11a-regiao-analista-judiciario-area-administrativa\/","title":{"rendered":"Prova Comentada de Direito Constitucional &#8211; TRT 11a Regi\u00e3o (Analista Judici\u00e1rio \u2013 \u00c1rea Administrativa)"},"content":{"rendered":"<p>\n\tOl&aacute;, pessoal, tudo bem?\n<\/p>\n<p>\n\tHoje comentarei a prova de Direito Constitucional do&nbsp;<b><i>Concurso TRT 11a Regi&atilde;o<\/i><\/b>, cargo de Analista&nbsp;Judici&aacute;rio &ndash; &Aacute;rea Administrativa (AJAA). N&atilde;o vislumbro possibilidade de recurso. Utilizarei como base o Caderno A01, Tipo 003. Vamos l&aacute;? =)\n<\/p>\n<p>\n\t&#8230;&#8230;&#8230;&#8230;&#8230;&#8230;&#8230;&#8230;&#8230;&#8230;&#8230;&#8230;&#8230;&#8230;&#8230;&#8230;&#8230;&#8230;&#8230;&#8230;&#8230;&#8230;&#8230;&#8230;&#8230;&#8230;&#8230;&#8230;&#8230;&#8230;&#8230;&#8230;&#8230;&#8230;&#8230;&#8230;&#8230;&#8230;&#8230;&#8230;&#8230;&#8230;&#8230;&#8230;&#8230;&#8230;&#8230;&#8230;&#8230;&#8230;&#8230;&#8230;&#8230;&#8230;&#8230;&#8230;&#8230;&#8230;&#8230;&#8230;&#8230;&#8230;&#8230;&#8230;&#8230;&#8230;&#8230;&#8230;&#8230;&#8230;&#8230;&#8230;&#8230;&#8230;&#8230;&#8230;&#8230;&#8230;..\n<\/p>\n<p align=\"center\">\n\t<strong>2017 &ndash; TRT 11<sup>a<\/sup> Regi&atilde;o (Analista Judici&aacute;rio &ndash; &Aacute;rea Administrativa)<\/strong>\n<\/p>\n<p>\n\t<strong>39. Durval foi alvo de racismo em seu trabalho. Ao consultar a Constitui&ccedil;&atilde;o Federal, descobriu que a pr&aacute;tica de racismo constitui crime<\/strong>\n<\/p>\n<p>\n\ta) inafian&ccedil;&aacute;vel e imprescrit&iacute;vel, sujeito &agrave; pena de reclus&atilde;o, nos termos da lei.\n<\/p>\n<p>\n\tb) inafian&ccedil;&aacute;vel, apenas, sujeito &agrave; pena de deten&ccedil;&atilde;o, nos termos da lei.\n<\/p>\n<p>\n\tc) inafian&ccedil;&aacute;vel, apenas, sujeito &agrave; pena de reclus&atilde;o, nos termos da lei.\n<\/p>\n<p>\n\td) imprescrit&iacute;vel, apenas, sujeito &agrave; pena de reclus&atilde;o, nos termos da lei.\n<\/p>\n<p>\n\te) inafian&ccedil;&aacute;vel e imprescrit&iacute;vel, sujeito &agrave; pena de deten&ccedil;&atilde;o, nos termos da lei.\n<\/p>\n<p>\n\t<strong>Coment&aacute;rios:<\/strong>\n<\/p>\n<p>\n\tA Carta Magna determina, em seu art. 5<sup>o<\/sup>, XLII, que &ldquo;a pr&aacute;tica do racismo constitui crime <em><strong>inafian&ccedil;&aacute;vel e imprescrit&iacute;vel, sujeito &agrave; pena de reclus&atilde;o, nos termos da lei<\/strong><\/em>&rdquo;. O gabarito &eacute; a letra A.\n<\/p>\n<p>\n\t<strong>40. Considere as situa&ccedil;&otilde;es abaixo.<\/strong>\n<\/p>\n<p>\n\tI. Airton &eacute; brasileiro e sua esposa Carmela &eacute; italiana. Bernardo, filho do casal, nasceu em Londres, enquanto seu pai l&aacute; estava a servi&ccedil;o da Rep&uacute;blica Federativa do Brasil.\n<\/p>\n<p>\n\tII. Benjamin nasceu no Brasil enquanto seus pais, que s&atilde;o alem&atilde;es, aqui estavam a servi&ccedil;o da Alemanha.\n<\/p>\n<p>\n\tIII. Jo&atilde;o, filho de Maria, brasileira, nasceu nos Estados Unidos e foi registrado na reparti&ccedil;&atilde;o brasileira competente.\n<\/p>\n<p>\n\t<strong>S&atilde;o brasileiros natos:<\/strong>\n<\/p>\n<p>\n\ta) Jo&atilde;o, apenas.\n<\/p>\n<p>\n\tb) Bernardo, Benjamin e Jo&atilde;o.\n<\/p>\n<p>\n\tc) Bernardo e Jo&atilde;o, apenas.\n<\/p>\n<p>\n\td) Bernardo e Benjamin, apenas.\n<\/p>\n<p>\n\te) Benjamin e Jo&atilde;o, apenas.\n<\/p>\n<p>\n\t<strong>Coment&aacute;rios:<\/strong>\n<\/p>\n<p>\n\tItem I: Bernardo &eacute; filho de brasileiro, residente no exterior, a servi&ccedil;o da Rep&uacute;blica Federativa do Brasil. &Eacute; brasileiro nato, com base no art. 12, I, &ldquo;b&rdquo;, da CF\/88.\n<\/p>\n<p>\n\tItem II: Benjamin &eacute; alem&atilde;o, pois seus pais estavam no Brasil a servi&ccedil;o da Alemanha. A Carta Magna somente garante nacionalidade brasileira aos nascidos na Rep&uacute;blica Federativa do Brasil, de pais estrangeiros, quando estes n&atilde;o est&atilde;o a servi&ccedil;o de seu pa&iacute;s (art. 12, I, &ldquo;a&rdquo;, CF).\n<\/p>\n<p>\n\tItem III: Jo&atilde;o &eacute; brasileiro nato, pois &eacute; filho de brasileira e foi registrado na reparti&ccedil;&atilde;o brasileira competente (art. 12, I, &ldquo;c&rdquo;, CF).\n<\/p>\n<p>\n\tO gabarito &eacute; a letra C.\n<\/p>\n<p>\n\t<strong>41. Bas&iacute;lio &eacute; Presidente do Conselho Nacional do Minist&eacute;rio P&uacute;blico e, portanto, &eacute;<\/strong>\n<\/p>\n<p>\n\ta) chefe do Minist&eacute;rio P&uacute;blico da Uni&atilde;o, tendo sido nomeado, para esta chefia, pelo Presidente da Rep&uacute;blica dentre os integrantes da carreira, maiores de trinta e cinco anos, ap&oacute;s a aprova&ccedil;&atilde;o de seu nome pela maioria absoluta dos membros do Senado Federal, para mandato de dois anos, permitida a recondu&ccedil;&atilde;o.\n<\/p>\n<p>\n\tb) chefe do Minist&eacute;rio P&uacute;blico da Uni&atilde;o, tendo sido nomeado, para esta chefia, pelo Presidente da Rep&uacute;blica dentre os integrantes da carreira, maiores de trinta e cinco anos, ap&oacute;s a aprova&ccedil;&atilde;o de seu nome pela maioria absoluta dos membros do Congresso Nacional, para mandato de dois anos, n&atilde;o sendo permitida a recondu&ccedil;&atilde;o.\n<\/p>\n<p>\n\tc) membro do Minist&eacute;rio P&uacute;blico Estadual, tendo sido nomeado para a Presid&ecirc;ncia do Conselho Nacional do Minist&eacute;rio P&uacute;blico pelo Chefe do Poder Executivo dentre os integrantes da carreira, maiores de trinta e cinco anos, ap&oacute;s a aprova&ccedil;&atilde;o de seu nome pela maioria absoluta dos membros do Congresso Nacional, para mandato de dois anos, permitida a recondu&ccedil;&atilde;o.\n<\/p>\n<p>\n\td) advogado, tendo sido indicado pelo Conselho Federal da Ordem dos Advogados do Brasil, para mandato de dois anos, permitida a recondu&ccedil;&atilde;o.\n<\/p>\n<p>\n\te) advogado, tendo sido indicado pelo Conselho Federal da Ordem dos Advogados do Brasil, para mandato de dois anos, n&atilde;o sendo permitida a recondu&ccedil;&atilde;o.\n<\/p>\n<p>\n\t<strong>Coment&aacute;rios:<\/strong>\n<\/p>\n<p>\n\tO Conselho Nacional do Minist&eacute;rio P&uacute;blico &eacute; presidido pelo Procurador-Geral da Rep&uacute;blica (art. 130-A, &ldquo;caput&rdquo;, CF), chefe do Minist&eacute;rio P&uacute;blico da Uni&atilde;o (art. 128, &sect; 1<sup>o<\/sup>, CF). O Procurador-Geral da Rep&uacute;blica &eacute; nomeado pelo Presidente da Rep&uacute;blica ap&oacute;s aprova&ccedil;&atilde;o do seu nome pela maioria absoluta do Senado Federal, por voto secreto, realizada a argui&ccedil;&atilde;o p&uacute;blica. &Eacute; escolhido dentre integrantes da carreira, maiores de trinta e cinco anos, para mandato de dois anos, permitida a recondu&ccedil;&atilde;o (art. 52, III, &ldquo;e&rdquo; c\/c art. 128, &sect; 1<sup>o<\/sup>, CF). O gabarito &eacute; a letra A.\n<\/p>\n<p>\n\t<strong>42. Cleide &eacute; brasileira naturalizada e tem 75 anos. Como a data das elei&ccedil;&otilde;es nos &uacute;ltimos quatro anos coincidiu com a festa de anivers&aacute;rio de seu neto, que mora com os pais no exterior, n&atilde;o participou das elei&ccedil;&otilde;es que ocorreram durante esse per&iacute;odo. Como sempre gostou de pol&iacute;tica, Cleide decidiu candidatar-se &agrave; Vice-Presid&ecirc;ncia da Rep&uacute;blica. Considerando essas informa&ccedil;&otilde;es, Cleide<\/strong>\n<\/p>\n<p>\n\ta) n&atilde;o poder&aacute; candidatar-se ao cargo de Vice-Presidente, em raz&atilde;o de sua idade, sendo o seu voto proibido.\n<\/p>\n<p>\n\tb) poder&aacute; candidatar-se ao cargo de Vice-Presidente, desde que comprove o pleno exerc&iacute;cio dos direitos pol&iacute;ticos, sendo o seu voto obrigat&oacute;rio.\n<\/p>\n<p>\n\tc) poder&aacute; candidatar-se ao cargo de Vice-Presidente pois &eacute; brasileira, proibindo a Constitui&ccedil;&atilde;o Federal a distin&ccedil;&atilde;o entre brasileiros natos e naturalizados.\n<\/p>\n<p>\n\td) n&atilde;o poder&aacute; candidatar-se ao cargo de Vice-Presidente, pois &eacute; brasileira naturalizada, sendo, entretanto, o seu voto facultativo.\n<\/p>\n<p>\n\te) n&atilde;o poder&aacute; candidatar-se ao cargo de Vice-Presidente, pois n&atilde;o votou nas &uacute;ltimas elei&ccedil;&otilde;es, sendo que seu voto era obrigat&oacute;rio.\n<\/p>\n<p>\n\t<strong>Coment&aacute;rios:<\/strong>\n<\/p>\n<p>\n\tPara responder a essa quest&atilde;o, &eacute; necess&aacute;rio analisar se Cleide est&aacute; impedida, pela idade, pelo fato de n&atilde;o ter participado das ultimas elei&ccedil;&otilde;es ou por ser brasileira naturalizada, de concorrer ao cargo de Vice-Presidente da Rep&uacute;blica.\n<\/p>\n<p>\n\tN&atilde;o h&aacute; limite m&aacute;ximo de idade para que um cidad&atilde;o possa se candidatar a um cargo pol&iacute;tico. Exige-se, apenas, a obedi&ecirc;ncia a uma idade m&iacute;nima, que, no caso do cargo de Vice-Presidente, &eacute; de trinta e cinco anos (art. 14, &sect; 3<sup>o<\/sup>, VI, &ldquo;a&rdquo;, CF). A idade, portanto, n&atilde;o &eacute; uma limita&ccedil;&atilde;o para Cleide.\n<\/p>\n<p>\n\tAl&eacute;m disso, Cleide est&aacute; em pleno gozo de seus direitos pol&iacute;ticos, pois, a partir dos 70 anos de idade, o alistamento eleitoral e o voto s&atilde;o facultativos (art. 14, &sect; 1<sup>o<\/sup>, II, &ldquo;b&rdquo;, CF). &Eacute; cidad&atilde;, mesmo n&atilde;o tendo participado das &uacute;ltimas elei&ccedil;&otilde;es.\n<\/p>\n<p>\n\tO &uacute;nico impedimento, portanto, &agrave; candidatura de Cleide &eacute; o fato de ela ser brasileira naturalizada. A Constitui&ccedil;&atilde;o exige que, para se candidatar ao cargo de Vice-Presidente, o cidad&atilde;o seja brasileiro nato (art. 12, &sect; 3<sup>o<\/sup>, I, CF).\n<\/p>\n<p>\n\tO gabarito &eacute; a letra D.\n<\/p>\n<p>\n\t<strong>43. Augusto exerce o cargo de juiz substituto h&aacute; mais de cinco anos na mesma entr&acirc;ncia e, em raz&atilde;o de cumprir os requisitos necess&aacute;rios, teve seu nome mencionado em lista de merecimento para a ocorr&ecirc;ncia de sua promo&ccedil;&atilde;o para outra entr&acirc;ncia por tr&ecirc;s vezes consecutivas. A promo&ccedil;&atilde;o por merecimento de Augusto<\/strong>\n<\/p>\n<p>\n\ta) apenas poder&aacute; ocorrer se tiver mais de dez anos de exerc&iacute;cio da magistratura, salvo se n&atilde;o houver, com tais requisitos, quem aceite o lugar vago.\n<\/p>\n<p>\n\tb) poder&aacute; ser recusada pelo voto fundamentado de dois ter&ccedil;os dos membros do Senado Federal.\n<\/p>\n<p>\n\tc) &eacute; facultativa, desde que integre a primeira quinta parte da lista de antiguidade, salvo se n&atilde;o houver, com tais requisitos, quem aceite o lugar vago.\n<\/p>\n<p>\n\td) somente poder&aacute; ocorrer quando figurar por cinco vezes consecutivas na lista de merecimento.\n<\/p>\n<p>\n\te) &eacute; obrigat&oacute;ria, desde que integre a primeira quinta parte da lista de antiguidade, salvo se n&atilde;o houver, com tais requisitos, quem aceite o lugar vago.\n<\/p>\n<p>\n\t<strong>Coment&aacute;rios:<\/strong>\n<\/p>\n<p>\n\tA Constitui&ccedil;&atilde;o Federal prev&ecirc;, em seu art. 93, II, alguns requisitos para a promo&ccedil;&atilde;o de ju&iacute;zes. Segundo a Carta Magna, a <strong><em>promo&ccedil;&atilde;o na carreira<\/em><\/strong> da magistratura ser&aacute; <strong><em>de entr&acirc;ncia para entr&acirc;ncia<\/em><\/strong>, alternadamente, por <strong><em>antiguidade e merecimento<\/em><\/strong>, atendidas algumas regras, de que trataremos a seguir.\n<\/p>\n<p>\n\tLetra A: errada. A Carta Magna n&atilde;o exige dez anos de exerc&iacute;cio da magistratura para que ocorra a promo&ccedil;&atilde;o por merecimento. Exige apenas <strong>2 (dois) anos de exerc&iacute;cio<\/strong> na respectiva entr&acirc;ncia e integrar, o juiz, o primeiro quinto da lista de antiguidade desta, salvo se n&atilde;o houver, com tais requisitos, quem aceite o lugar vago.\n<\/p>\n<p>\n\tLetra B: errada. O Senado Federal n&atilde;o participa do processo de promo&ccedil;&atilde;o dos ju&iacute;zes.\n<\/p>\n<p>\n\tLetra C: errada. Nesse caso, a promo&ccedil;&atilde;o &eacute; obrigat&oacute;ria (art. 93, II, &ldquo;a&rdquo;, CF).\n<\/p>\n<p>\n\tLetra D: errada. A Carta Magna permite a promo&ccedil;&atilde;o mesmo que o juiz n&atilde;o cumpra esse requisito. A promo&ccedil;&atilde;o obrigat&oacute;ria est&aacute; prevista para o&nbsp; juiz que figurar por <strong><em>3 (tr&ecirc;s) vezes consecutivas<\/em><\/strong> ou 5 (cinco) alternadas em <strong><em>lista de merecimento.<\/em><\/strong>\n<\/p>\n<p>\n\tLetra E: correta. &Eacute; o que determina o art. 93, II, &ldquo;b&rdquo;, da CF\/88.\n<\/p>\n<p>\n\tO gabarito &eacute; a letra E.\n<\/p>\n<p>\n\t<strong>44. &Aacute;tila &eacute; um trabalhador rural que desenvolve suas atividades em turnos ininterruptos de revezamento. Sua esposa, Domitila, que &eacute; professora em uma escola particular, acaba de dar &agrave; luz ao primeiro filho do casal. De acordo com a Constitui&ccedil;&atilde;o Federal, &Aacute;tila tem direito &agrave;<\/strong>\n<\/p>\n<p>\n\ta) jornada de seis horas, n&atilde;o podendo ser alterada por negocia&ccedil;&atilde;o coletiva, e Domitila &agrave; licen&ccedil;a &agrave; gestante, sem preju&iacute;zo do emprego e do sal&aacute;rio, com a dura&ccedil;&atilde;o de noventa dias.\n<\/p>\n<p>\n\tb) jornada de seis horas, salvo negocia&ccedil;&atilde;o coletiva e Domitila &agrave; licen&ccedil;a &agrave; gestante, sem preju&iacute;zo do emprego e do sal&aacute;rio, com a dura&ccedil;&atilde;o de cento e vinte dias.\n<\/p>\n<p>\n\tc) dura&ccedil;&atilde;o do trabalho normal, n&atilde;o superior a oito horas di&aacute;rias e quarenta e quatro semanais, salvo negocia&ccedil;&atilde;o coletiva, e Domitila &agrave; licen&ccedil;a &agrave; gestante, sem preju&iacute;zo do emprego e do sal&aacute;rio, com a dura&ccedil;&atilde;o de cento e vinte dias.\n<\/p>\n<p>\n\td) dura&ccedil;&atilde;o do trabalho normal, n&atilde;o superior a oito horas di&aacute;rias e quarenta e quatro semanais e Domitila &agrave; licen&ccedil;a &agrave; gestante, sem preju&iacute;zo do emprego e do sal&aacute;rio, com a dura&ccedil;&atilde;o de noventa dias.\n<\/p>\n<p>\n\te) jornada de seis horas, salvo negocia&ccedil;&atilde;o coletiva, e Domitila &agrave; licen&ccedil;a &agrave; gestante, sem preju&iacute;zo do emprego e do sal&aacute;rio, com a dura&ccedil;&atilde;o de noventa dias.\n<\/p>\n<p>\n\t<strong>Coment&aacute;rios:<\/strong>\n<\/p>\n<p>\n\tA Carta Magna trata do regime de turnos ininterruptos de revezamento em seu art. 7<sup>o<\/sup>, inciso XIV. Para esse regime, exige a jornada de seis horas, salvo negocia&ccedil;&atilde;o coletiva. J&aacute; a&nbsp;licen&ccedil;a &agrave; gestante, a que Domitila faz jus, est&aacute; prevista no inciso XVIII do art. 7<sup>o<\/sup> da CF. Sua dura&ccedil;&atilde;o &eacute; de cento e vinte dias, sem preju&iacute;zo do emprego e do sal&aacute;rio.\n<\/p>\n<p>\n\tO gabarito &eacute; a letra B.\n<\/p>\n<p>\n\t<strong>45. O partido pol&iacute;tico X, que n&atilde;o tem representa&ccedil;&atilde;o no Congresso Nacional, deseja ver declarada inconstitucional determinada lei federal para o que pretende propor a&ccedil;&atilde;o direta de inconstitucionalidade. Ao consultar a Constitui&ccedil;&atilde;o Federal, verifica que &eacute; competente para processar e julgar, originariamente, a aludida a&ccedil;&atilde;o, o<\/strong>\n<\/p>\n<p>\n\ta) Superior Tribunal de Justi&ccedil;a, possuindo o partido pol&iacute;tico X legitimidade para prop&ocirc;-la, apenas se autorizado expressamente pelo Congresso Nacional.\n<\/p>\n<p>\n\tb) Supremo Tribunal Federal, possuindo o partido pol&iacute;tico X legitimidade para prop&ocirc;-la.\n<\/p>\n<p>\n\tc) Supremo Tribunal Federal, n&atilde;o possuindo, por&eacute;m, o partido pol&iacute;tico X legitimidade para prop&ocirc;-la.\n<\/p>\n<p>\n\td) Superior Tribunal de Justi&ccedil;a, n&atilde;o possuindo, por&eacute;m, o partido pol&iacute;tico X legitimidade para prop&ocirc;-la.\n<\/p>\n<p>\n\te) Superior Tribunal de Justi&ccedil;a, possuindo o partido pol&iacute;tico X legitimidade para prop&ocirc;-la.\n<\/p>\n<p>\n\t<strong>Coment&aacute;rios:<\/strong>\n<\/p>\n<p>\n\tA compet&ecirc;ncia para julgar a a&ccedil;&atilde;o direta de constitucionalidade de lei ou ato normativo federal ou estadual &eacute; do Supremo Tribunal Federal (STF), conforme art. 102, I, &ldquo;a&rdquo;, da Constitui&ccedil;&atilde;o. Todavia, o partido pol&iacute;tico X, por n&atilde;o ter representa&ccedil;&atilde;o no Congresso Nacional, n&atilde;o tem legitimidade para prop&ocirc;-la (art. 103, VIII, CF). O gabarito &eacute; a letra C.\n<\/p>\n<p>\n\t<strong>46. Michel &eacute; brasileiro, tem 66 anos de idade, idoneidade moral e reputa&ccedil;&atilde;o ilibada. Advogado h&aacute; mais de trinta anos, &eacute; conhecido por seus not&oacute;rios conhecimentos jur&iacute;dicos, cont&aacute;beis, econ&ocirc;micos e financeiros. Michel<\/strong>\n<\/p>\n<p>\n\ta) poder&aacute; ser nomeado Ministro do Tribunal de Contas da Uni&atilde;o, pois preenche todos os requisitos necess&aacute;rios, desde que seja escolhido pelo Poder Executivo ap&oacute;s o envio de sua indica&ccedil;&atilde;o em lista s&ecirc;xtupla pela Ordem dos Advogados do Brasil.\n<\/p>\n<p>\n\tb) n&atilde;o poder&aacute; ser nomeado Ministro do Tribunal de Contas da Uni&atilde;o por n&atilde;o estarem presentes todos os requisitos necess&aacute;rios previstos na Constitui&ccedil;&atilde;o Federal.\n<\/p>\n<p>\n\tc) poder&aacute; ser nomeado Ministro do Tribunal de Contas da Uni&atilde;o, pois preenche todos os requisitos necess&aacute;rios, desde que seja escolhido pelo Presidente da Rep&uacute;blica ou pelo Senado Federal.\n<\/p>\n<p>\n\td) poder&aacute; ser nomeado Ministro do Tribunal de Contas da Uni&atilde;o, pois preenche todos os requisitos necess&aacute;rios, desde que seja escolhido pelo Presidente da Rep&uacute;blica ou pelo Congresso Nacional.\n<\/p>\n<p>\n\te) n&atilde;o poder&aacute; ser nomeado Ministro do Tribunal de Contas da Uni&atilde;o sem prestar concurso p&uacute;blico de provas e t&iacute;tulos para o exerc&iacute;cio desse cargo.\n<\/p>\n<p>\n\t<strong>Coment&aacute;rios:<\/strong>\n<\/p>\n<p>\n\tA quest&atilde;o cobra o conhecimento dos requisitos do cargo de Ministro do Tribunal de Contas da Uni&atilde;o (TCU). Reza a Constitui&ccedil;&atilde;o (art. 73, &sect; 1<sup>o<\/sup>) que os Ministros do Tribunal de Contas da Uni&atilde;o ser&atilde;o nomeados dentre brasileiros que satisfa&ccedil;am os seguintes requisitos:\n<\/p>\n<p>\n\t<strong>I<\/strong> &#8211; mais de trinta e cinco e <strong><em>menos de sessenta e cinco anos de idade<\/em><\/strong>;\n<\/p>\n<p>\n\t<strong>II<\/strong> &#8211; idoneidade moral e reputa&ccedil;&atilde;o ilibada;\n<\/p>\n<p>\n\t<strong>III<\/strong> &#8211; not&oacute;rios conhecimentos jur&iacute;dicos, cont&aacute;beis, econ&ocirc;micos e financeiros ou de administra&ccedil;&atilde;o p&uacute;blica;\n<\/p>\n<p>\n\t<strong>IV<\/strong> &#8211; mais de dez anos de exerc&iacute;cio de fun&ccedil;&atilde;o ou de efetiva atividade profissional que exija os conhecimentos mencionados no inciso anterior.\n<\/p>\n<p>\n\tMichel cumpre todos os requisitos, mas <strong><em>ultrapassa o limite m&aacute;ximo de idade<\/em><\/strong> para a nomea&ccedil;&atilde;o para o cargo de Ministro do TCU. Por isso, n&atilde;o poder&aacute; ser nomeado.\n<\/p>\n<p>\n\tO gabarito &eacute; a letra B.\n<\/p>\n<p>\n\t&hellip;&hellip;&hellip;&hellip;&hellip;\n<\/p>\n<p>\n\tE a&iacute;? Acertaram muitas quest&otilde;es? Deixe seus coment&aacute;rios abaixo! =)\n<\/p>\n<p>\n\tAbra&ccedil;os,\n<\/p>\n<p>\n\tN&aacute;dia Carolina\n<\/p>\n<p>\n\t<img loading=\"lazy\" decoding=\"async\" alt=\"Captura de Tela 2016-07-19 a\u0300s 15.53.49\" height=\"21\" src=\"https:\/\/dhg1h5j42swfq.cloudfront.net\/2016\/07\/19155605\/Captura-de-Tela-2016-07-19-a%CC%80s-15.53.49.png\" width=\"21\" \/><strong>: &nbsp; @nadiacarolstos<\/strong>\n<\/p>\n<p>\n\t<strong><a href=\"https:\/\/dhg1h5j42swfq.cloudfront.net\/2016\/02\/03152041\/imagem-facebook.png\" rel=\"attachment wp-att-32735\"><img loading=\"lazy\" decoding=\"async\" alt=\"Resumo de Direito Constitucional p\/ TCM-RJ\" height=\"42\" src=\"https:\/\/dhg1h5j42swfq.cloudfront.net\/2016\/02\/03152041\/imagem-facebook.png\" width=\"42\" \/><\/a>: Clique no&nbsp;<\/strong>&nbsp;<a href=\"https:\/\/www.facebook.com\/nadia.c.santos.16\" target=\"_blank\">LINK<\/a>\n<\/p>\n<p>\n\t<strong><a href=\"https:\/\/dhg1h5j42swfq.cloudfront.net\/2016\/02\/03152106\/youtube.png\" rel=\"attachment wp-att-32736\"><img loading=\"lazy\" decoding=\"async\" alt=\"Resumo de Direito Constitucional p\/ TCM-RJ\" height=\"11\" src=\"https:\/\/dhg1h5j42swfq.cloudfront.net\/2016\/02\/03152106\/youtube.png\" width=\"15\" \/><\/a>&nbsp;(Ricardo Vale):<\/strong>&nbsp; Clique no&nbsp;<a href=\"https:\/\/www.youtube.com\/channel\/UC32LlMyS96biplI715yzS9Q\" target=\"_blank\">LINK<\/a><\/p>\n","protected":false},"excerpt":{"rendered":"<p>Ol&aacute;, pessoal, tudo bem? Hoje comentarei a prova de Direito Constitucional do&nbsp;Concurso TRT 11a Regi&atilde;o, cargo de Analista&nbsp;Judici&aacute;rio &ndash; &Aacute;rea Administrativa (AJAA). N&atilde;o vislumbro possibilidade de recurso. Utilizarei como base o Caderno A01, Tipo 003. Vamos l&aacute;? =) &#8230;&#8230;&#8230;&#8230;&#8230;&#8230;&#8230;&#8230;&#8230;&#8230;&#8230;&#8230;&#8230;&#8230;&#8230;&#8230;&#8230;&#8230;&#8230;&#8230;&#8230;&#8230;&#8230;&#8230;&#8230;&#8230;&#8230;&#8230;&#8230;&#8230;&#8230;&#8230;&#8230;&#8230;&#8230;&#8230;&#8230;&#8230;&#8230;&#8230;&#8230;&#8230;&#8230;&#8230;&#8230;&#8230;&#8230;&#8230;&#8230;&#8230;&#8230;&#8230;&#8230;&#8230;&#8230;&#8230;&#8230;&#8230;&#8230;&#8230;&#8230;&#8230;&#8230;&#8230;&#8230;&#8230;&#8230;&#8230;&#8230;&#8230;&#8230;&#8230;&#8230;&#8230;&#8230;&#8230;&#8230;&#8230;.. 2017 &ndash; TRT 11a Regi&atilde;o (Analista Judici&aacute;rio &ndash; &Aacute;rea Administrativa) 39. Durval foi alvo de racismo [&hellip;]<\/p>\n","protected":false},"author":58,"featured_media":0,"comment_status":"open","ping_status":"open","sticky":false,"template":"","format":"standard","meta":{"post_tipo":"article","footnotes":""},"categories":[1],"tags":[2163],"tax_estado":[],"class_list":["post-65450","post","type-post","status-publish","format-standard","hentry","category-cursos-e-concursos","tag-trt-11"],"acf":[],"yoast_head":"<!-- This site is optimized with the Yoast SEO Premium plugin v27.2 (Yoast SEO v27.2) - https:\/\/yoast.com\/product\/yoast-seo-premium-wordpress\/ -->\n<title>Prova Comentada de Direito Constitucional - TRT 11a Regi\u00e3o (Analista Judici\u00e1rio \u2013 \u00c1rea Administrativa)<\/title>\n<meta name=\"robots\" content=\"index, follow, max-snippet:-1, max-image-preview:large, max-video-preview:-1\" \/>\n<link rel=\"canonical\" href=\"https:\/\/www.estrategiaconcursos.com.br\/blog\/prova-comentada-de-direito-constitucional-trt-11a-regiao-analista-judiciario-area-administrativa\/\" \/>\n<meta property=\"og:locale\" content=\"pt_BR\" \/>\n<meta property=\"og:type\" content=\"article\" \/>\n<meta property=\"og:title\" content=\"Prova Comentada de Direito Constitucional - TRT 11a Regi\u00e3o (Analista Judici\u00e1rio \u2013 \u00c1rea Administrativa)\" \/>\n<meta property=\"og:description\" content=\"Ol&aacute;, pessoal, tudo bem? Hoje comentarei a prova de Direito Constitucional do&nbsp;Concurso TRT 11a Regi&atilde;o, cargo de Analista&nbsp;Judici&aacute;rio &ndash; &Aacute;rea Administrativa (AJAA). N&atilde;o vislumbro possibilidade de recurso. Utilizarei como base o Caderno A01, Tipo 003. Vamos l&aacute;? =) &#8230;&#8230;&#8230;&#8230;&#8230;&#8230;&#8230;&#8230;&#8230;&#8230;&#8230;&#8230;&#8230;&#8230;&#8230;&#8230;&#8230;&#8230;&#8230;&#8230;&#8230;&#8230;&#8230;&#8230;&#8230;&#8230;&#8230;&#8230;&#8230;&#8230;&#8230;&#8230;&#8230;&#8230;&#8230;&#8230;&#8230;&#8230;&#8230;&#8230;&#8230;&#8230;&#8230;&#8230;&#8230;&#8230;&#8230;&#8230;&#8230;&#8230;&#8230;&#8230;&#8230;&#8230;&#8230;&#8230;&#8230;&#8230;&#8230;&#8230;&#8230;&#8230;&#8230;&#8230;&#8230;&#8230;&#8230;&#8230;&#8230;&#8230;&#8230;&#8230;&#8230;&#8230;&#8230;&#8230;&#8230;&#8230;.. 2017 &ndash; TRT 11a Regi&atilde;o (Analista Judici&aacute;rio &ndash; &Aacute;rea Administrativa) 39. Durval foi alvo de racismo [&hellip;]\" \/>\n<meta property=\"og:url\" content=\"https:\/\/www.estrategiaconcursos.com.br\/blog\/prova-comentada-de-direito-constitucional-trt-11a-regiao-analista-judiciario-area-administrativa\/\" \/>\n<meta property=\"og:site_name\" content=\"Estrat\u00e9gia Concursos\" \/>\n<meta property=\"article:author\" content=\"https:\/\/www.facebook.com\/nadia.c.santos.16\" \/>\n<meta property=\"article:published_time\" content=\"2017-02-21T11:23:12+00:00\" \/>\n<meta property=\"article:modified_time\" content=\"2017-02-21T12:18:43+00:00\" \/>\n<meta property=\"og:image\" content=\"https:\/\/www.estrategiaconcursos.com.br\/blog\/wp-content\/uploads\/2016\/02\/imagem-facebook.png\" \/>\n<meta name=\"author\" content=\"N\u00e1dia Carolina\" \/>\n<meta name=\"twitter:card\" content=\"summary_large_image\" \/>\n<meta name=\"twitter:creator\" content=\"@EstratConcursos\" \/>\n<meta name=\"twitter:site\" content=\"@EstratConcursos\" \/>\n<meta name=\"twitter:label1\" content=\"Escrito por\" \/>\n\t<meta name=\"twitter:data1\" content=\"N\u00e1dia Carolina\" \/>\n\t<meta name=\"twitter:label2\" content=\"Est. tempo de leitura\" \/>\n\t<meta name=\"twitter:data2\" content=\"14 minutos\" \/>\n<script type=\"application\/ld+json\" class=\"yoast-schema-graph\">{\"@context\":\"https:\/\/schema.org\",\"@graph\":[{\"@type\":\"NewsArticle\",\"@id\":\"https:\/\/www.estrategiaconcursos.com.br\/blog\/prova-comentada-de-direito-constitucional-trt-11a-regiao-analista-judiciario-area-administrativa\/#article\",\"isPartOf\":{\"@id\":\"https:\/\/www.estrategiaconcursos.com.br\/blog\/prova-comentada-de-direito-constitucional-trt-11a-regiao-analista-judiciario-area-administrativa\/\"},\"author\":{\"name\":\"N\u00e1dia Carolina\",\"@id\":\"https:\/\/www.estrategiaconcursos.com.br\/blog\/#\/schema\/person\/bf1b1d1865628ae32d608d5bad5442c6\"},\"headline\":\"Prova Comentada de Direito Constitucional &#8211; TRT 11a Regi\u00e3o (Analista Judici\u00e1rio \u2013 \u00c1rea Administrativa)\",\"datePublished\":\"2017-02-21T11:23:12+00:00\",\"dateModified\":\"2017-02-21T12:18:43+00:00\",\"mainEntityOfPage\":{\"@id\":\"https:\/\/www.estrategiaconcursos.com.br\/blog\/prova-comentada-de-direito-constitucional-trt-11a-regiao-analista-judiciario-area-administrativa\/\"},\"wordCount\":2859,\"commentCount\":0,\"publisher\":{\"@id\":\"https:\/\/www.estrategiaconcursos.com.br\/blog\/#organization\"},\"image\":{\"@id\":\"https:\/\/www.estrategiaconcursos.com.br\/blog\/prova-comentada-de-direito-constitucional-trt-11a-regiao-analista-judiciario-area-administrativa\/#primaryimage\"},\"thumbnailUrl\":\"https:\/\/www.estrategiaconcursos.com.br\/blog\/wp-content\/uploads\/2016\/02\/imagem-facebook.png\",\"keywords\":[\"TRT 11\"],\"articleSection\":[\"Concursos P\u00fablicos\"],\"inLanguage\":\"pt-BR\",\"potentialAction\":[{\"@type\":\"CommentAction\",\"name\":\"Comment\",\"target\":[\"https:\/\/www.estrategiaconcursos.com.br\/blog\/prova-comentada-de-direito-constitucional-trt-11a-regiao-analista-judiciario-area-administrativa\/#respond\"]}],\"copyrightYear\":\"2017\",\"copyrightHolder\":{\"@id\":\"https:\/\/www.estrategiaconcursos.com.br\/blog\/#organization\"}},{\"@type\":\"WebPage\",\"@id\":\"https:\/\/www.estrategiaconcursos.com.br\/blog\/prova-comentada-de-direito-constitucional-trt-11a-regiao-analista-judiciario-area-administrativa\/\",\"url\":\"https:\/\/www.estrategiaconcursos.com.br\/blog\/prova-comentada-de-direito-constitucional-trt-11a-regiao-analista-judiciario-area-administrativa\/\",\"name\":\"Prova Comentada de Direito Constitucional - TRT 11a Regi\u00e3o (Analista Judici\u00e1rio \u2013 \u00c1rea Administrativa)\",\"isPartOf\":{\"@id\":\"https:\/\/www.estrategiaconcursos.com.br\/blog\/#website\"},\"primaryImageOfPage\":{\"@id\":\"https:\/\/www.estrategiaconcursos.com.br\/blog\/prova-comentada-de-direito-constitucional-trt-11a-regiao-analista-judiciario-area-administrativa\/#primaryimage\"},\"image\":{\"@id\":\"https:\/\/www.estrategiaconcursos.com.br\/blog\/prova-comentada-de-direito-constitucional-trt-11a-regiao-analista-judiciario-area-administrativa\/#primaryimage\"},\"thumbnailUrl\":\"https:\/\/www.estrategiaconcursos.com.br\/blog\/wp-content\/uploads\/2016\/02\/imagem-facebook.png\",\"datePublished\":\"2017-02-21T11:23:12+00:00\",\"dateModified\":\"2017-02-21T12:18:43+00:00\",\"breadcrumb\":{\"@id\":\"https:\/\/www.estrategiaconcursos.com.br\/blog\/prova-comentada-de-direito-constitucional-trt-11a-regiao-analista-judiciario-area-administrativa\/#breadcrumb\"},\"inLanguage\":\"pt-BR\",\"potentialAction\":[{\"@type\":\"ReadAction\",\"target\":[\"https:\/\/www.estrategiaconcursos.com.br\/blog\/prova-comentada-de-direito-constitucional-trt-11a-regiao-analista-judiciario-area-administrativa\/\"]}]},{\"@type\":\"ImageObject\",\"inLanguage\":\"pt-BR\",\"@id\":\"https:\/\/www.estrategiaconcursos.com.br\/blog\/prova-comentada-de-direito-constitucional-trt-11a-regiao-analista-judiciario-area-administrativa\/#primaryimage\",\"url\":\"https:\/\/www.estrategiaconcursos.com.br\/blog\/wp-content\/uploads\/2016\/02\/imagem-facebook.png\",\"contentUrl\":\"https:\/\/www.estrategiaconcursos.com.br\/blog\/wp-content\/uploads\/2016\/02\/imagem-facebook.png\"},{\"@type\":\"BreadcrumbList\",\"@id\":\"https:\/\/www.estrategiaconcursos.com.br\/blog\/prova-comentada-de-direito-constitucional-trt-11a-regiao-analista-judiciario-area-administrativa\/#breadcrumb\",\"itemListElement\":[{\"@type\":\"ListItem\",\"position\":1,\"name\":\"In\u00edcio\",\"item\":\"https:\/\/www.estrategiaconcursos.com.br\/blog\/\"},{\"@type\":\"ListItem\",\"position\":2,\"name\":\"Prova Comentada de Direito Constitucional &#8211; TRT 11a Regi\u00e3o (Analista Judici\u00e1rio \u2013 \u00c1rea Administrativa)\"}]},{\"@type\":\"WebSite\",\"@id\":\"https:\/\/www.estrategiaconcursos.com.br\/blog\/#website\",\"url\":\"https:\/\/www.estrategiaconcursos.com.br\/blog\/\",\"name\":\"Estrat\u00e9gia Concursos\",\"description\":\"O blog da Estrat\u00e9gia Concursos traz not\u00edcias sobre concursos e artigos de professores oferecendo cursos para concursos (pdf + videaulas) no site.\",\"publisher\":{\"@id\":\"https:\/\/www.estrategiaconcursos.com.br\/blog\/#organization\"},\"potentialAction\":[{\"@type\":\"SearchAction\",\"target\":{\"@type\":\"EntryPoint\",\"urlTemplate\":\"https:\/\/www.estrategiaconcursos.com.br\/blog\/?s={search_term_string}\"},\"query-input\":{\"@type\":\"PropertyValueSpecification\",\"valueRequired\":true,\"valueName\":\"search_term_string\"}}],\"inLanguage\":\"pt-BR\"},{\"@type\":\"Organization\",\"@id\":\"https:\/\/www.estrategiaconcursos.com.br\/blog\/#organization\",\"name\":\"Estrat\u00e9gia Concursos\",\"url\":\"https:\/\/www.estrategiaconcursos.com.br\/blog\/\",\"logo\":{\"@type\":\"ImageObject\",\"inLanguage\":\"pt-BR\",\"@id\":\"https:\/\/www.estrategiaconcursos.com.br\/blog\/#\/schema\/logo\/image\/\",\"url\":\"https:\/\/dhg1h5j42swfq.cloudfront.net\/2025\/06\/03203428\/logo_concursos-1.jpg\",\"contentUrl\":\"https:\/\/dhg1h5j42swfq.cloudfront.net\/2025\/06\/03203428\/logo_concursos-1.jpg\",\"width\":230,\"height\":60,\"caption\":\"Estrat\u00e9gia Concursos\"},\"image\":{\"@id\":\"https:\/\/www.estrategiaconcursos.com.br\/blog\/#\/schema\/logo\/image\/\"},\"sameAs\":[\"https:\/\/x.com\/EstratConcursos\"]},{\"@type\":\"Person\",\"@id\":\"https:\/\/www.estrategiaconcursos.com.br\/blog\/#\/schema\/person\/bf1b1d1865628ae32d608d5bad5442c6\",\"name\":\"N\u00e1dia Carolina\",\"image\":{\"@type\":\"ImageObject\",\"inLanguage\":\"pt-BR\",\"@id\":\"https:\/\/secure.gravatar.com\/avatar\/0ec0c484339a071f22ea5ced30956ccdaab0f83125b2dc1857c3b038404136a7?s=96&d=mm&r=g\",\"url\":\"https:\/\/secure.gravatar.com\/avatar\/0ec0c484339a071f22ea5ced30956ccdaab0f83125b2dc1857c3b038404136a7?s=96&d=mm&r=g\",\"contentUrl\":\"https:\/\/secure.gravatar.com\/avatar\/0ec0c484339a071f22ea5ced30956ccdaab0f83125b2dc1857c3b038404136a7?s=96&d=mm&r=g\",\"caption\":\"N\u00e1dia Carolina\"},\"sameAs\":[\"https:\/\/www.facebook.com\/nadia.c.santos.16\"],\"url\":\"https:\/\/www.estrategiaconcursos.com.br\/blog\/author\/nadiaestrategiaconcursos-com-br\/\"}]}<\/script>\n<!-- \/ Yoast SEO Premium plugin. -->","yoast_head_json":{"title":"Prova Comentada de Direito Constitucional - TRT 11a Regi\u00e3o (Analista Judici\u00e1rio \u2013 \u00c1rea Administrativa)","robots":{"index":"index","follow":"follow","max-snippet":"max-snippet:-1","max-image-preview":"max-image-preview:large","max-video-preview":"max-video-preview:-1"},"canonical":"https:\/\/www.estrategiaconcursos.com.br\/blog\/prova-comentada-de-direito-constitucional-trt-11a-regiao-analista-judiciario-area-administrativa\/","og_locale":"pt_BR","og_type":"article","og_title":"Prova Comentada de Direito Constitucional - TRT 11a Regi\u00e3o (Analista Judici\u00e1rio \u2013 \u00c1rea Administrativa)","og_description":"Ol&aacute;, pessoal, tudo bem? Hoje comentarei a prova de Direito Constitucional do&nbsp;Concurso TRT 11a Regi&atilde;o, cargo de Analista&nbsp;Judici&aacute;rio &ndash; &Aacute;rea Administrativa (AJAA). N&atilde;o vislumbro possibilidade de recurso. Utilizarei como base o Caderno A01, Tipo 003. Vamos l&aacute;? =) &#8230;&#8230;&#8230;&#8230;&#8230;&#8230;&#8230;&#8230;&#8230;&#8230;&#8230;&#8230;&#8230;&#8230;&#8230;&#8230;&#8230;&#8230;&#8230;&#8230;&#8230;&#8230;&#8230;&#8230;&#8230;&#8230;&#8230;&#8230;&#8230;&#8230;&#8230;&#8230;&#8230;&#8230;&#8230;&#8230;&#8230;&#8230;&#8230;&#8230;&#8230;&#8230;&#8230;&#8230;&#8230;&#8230;&#8230;&#8230;&#8230;&#8230;&#8230;&#8230;&#8230;&#8230;&#8230;&#8230;&#8230;&#8230;&#8230;&#8230;&#8230;&#8230;&#8230;&#8230;&#8230;&#8230;&#8230;&#8230;&#8230;&#8230;&#8230;&#8230;&#8230;&#8230;&#8230;&#8230;&#8230;&#8230;.. 2017 &ndash; TRT 11a Regi&atilde;o (Analista Judici&aacute;rio &ndash; &Aacute;rea Administrativa) 39. Durval foi alvo de racismo [&hellip;]","og_url":"https:\/\/www.estrategiaconcursos.com.br\/blog\/prova-comentada-de-direito-constitucional-trt-11a-regiao-analista-judiciario-area-administrativa\/","og_site_name":"Estrat\u00e9gia Concursos","article_author":"https:\/\/www.facebook.com\/nadia.c.santos.16","article_published_time":"2017-02-21T11:23:12+00:00","article_modified_time":"2017-02-21T12:18:43+00:00","og_image":[{"url":"https:\/\/www.estrategiaconcursos.com.br\/blog\/wp-content\/uploads\/2016\/02\/imagem-facebook.png","type":"","width":"","height":""}],"author":"N\u00e1dia Carolina","twitter_card":"summary_large_image","twitter_creator":"@EstratConcursos","twitter_site":"@EstratConcursos","twitter_misc":{"Escrito por":"N\u00e1dia Carolina","Est. tempo de leitura":"14 minutos"},"schema":{"@context":"https:\/\/schema.org","@graph":[{"@type":"NewsArticle","@id":"https:\/\/www.estrategiaconcursos.com.br\/blog\/prova-comentada-de-direito-constitucional-trt-11a-regiao-analista-judiciario-area-administrativa\/#article","isPartOf":{"@id":"https:\/\/www.estrategiaconcursos.com.br\/blog\/prova-comentada-de-direito-constitucional-trt-11a-regiao-analista-judiciario-area-administrativa\/"},"author":{"name":"N\u00e1dia Carolina","@id":"https:\/\/www.estrategiaconcursos.com.br\/blog\/#\/schema\/person\/bf1b1d1865628ae32d608d5bad5442c6"},"headline":"Prova Comentada de Direito Constitucional &#8211; TRT 11a Regi\u00e3o (Analista Judici\u00e1rio \u2013 \u00c1rea Administrativa)","datePublished":"2017-02-21T11:23:12+00:00","dateModified":"2017-02-21T12:18:43+00:00","mainEntityOfPage":{"@id":"https:\/\/www.estrategiaconcursos.com.br\/blog\/prova-comentada-de-direito-constitucional-trt-11a-regiao-analista-judiciario-area-administrativa\/"},"wordCount":2859,"commentCount":0,"publisher":{"@id":"https:\/\/www.estrategiaconcursos.com.br\/blog\/#organization"},"image":{"@id":"https:\/\/www.estrategiaconcursos.com.br\/blog\/prova-comentada-de-direito-constitucional-trt-11a-regiao-analista-judiciario-area-administrativa\/#primaryimage"},"thumbnailUrl":"https:\/\/www.estrategiaconcursos.com.br\/blog\/wp-content\/uploads\/2016\/02\/imagem-facebook.png","keywords":["TRT 11"],"articleSection":["Concursos P\u00fablicos"],"inLanguage":"pt-BR","potentialAction":[{"@type":"CommentAction","name":"Comment","target":["https:\/\/www.estrategiaconcursos.com.br\/blog\/prova-comentada-de-direito-constitucional-trt-11a-regiao-analista-judiciario-area-administrativa\/#respond"]}],"copyrightYear":"2017","copyrightHolder":{"@id":"https:\/\/www.estrategiaconcursos.com.br\/blog\/#organization"}},{"@type":"WebPage","@id":"https:\/\/www.estrategiaconcursos.com.br\/blog\/prova-comentada-de-direito-constitucional-trt-11a-regiao-analista-judiciario-area-administrativa\/","url":"https:\/\/www.estrategiaconcursos.com.br\/blog\/prova-comentada-de-direito-constitucional-trt-11a-regiao-analista-judiciario-area-administrativa\/","name":"Prova Comentada de Direito Constitucional - TRT 11a Regi\u00e3o (Analista Judici\u00e1rio \u2013 \u00c1rea Administrativa)","isPartOf":{"@id":"https:\/\/www.estrategiaconcursos.com.br\/blog\/#website"},"primaryImageOfPage":{"@id":"https:\/\/www.estrategiaconcursos.com.br\/blog\/prova-comentada-de-direito-constitucional-trt-11a-regiao-analista-judiciario-area-administrativa\/#primaryimage"},"image":{"@id":"https:\/\/www.estrategiaconcursos.com.br\/blog\/prova-comentada-de-direito-constitucional-trt-11a-regiao-analista-judiciario-area-administrativa\/#primaryimage"},"thumbnailUrl":"https:\/\/www.estrategiaconcursos.com.br\/blog\/wp-content\/uploads\/2016\/02\/imagem-facebook.png","datePublished":"2017-02-21T11:23:12+00:00","dateModified":"2017-02-21T12:18:43+00:00","breadcrumb":{"@id":"https:\/\/www.estrategiaconcursos.com.br\/blog\/prova-comentada-de-direito-constitucional-trt-11a-regiao-analista-judiciario-area-administrativa\/#breadcrumb"},"inLanguage":"pt-BR","potentialAction":[{"@type":"ReadAction","target":["https:\/\/www.estrategiaconcursos.com.br\/blog\/prova-comentada-de-direito-constitucional-trt-11a-regiao-analista-judiciario-area-administrativa\/"]}]},{"@type":"ImageObject","inLanguage":"pt-BR","@id":"https:\/\/www.estrategiaconcursos.com.br\/blog\/prova-comentada-de-direito-constitucional-trt-11a-regiao-analista-judiciario-area-administrativa\/#primaryimage","url":"https:\/\/www.estrategiaconcursos.com.br\/blog\/wp-content\/uploads\/2016\/02\/imagem-facebook.png","contentUrl":"https:\/\/www.estrategiaconcursos.com.br\/blog\/wp-content\/uploads\/2016\/02\/imagem-facebook.png"},{"@type":"BreadcrumbList","@id":"https:\/\/www.estrategiaconcursos.com.br\/blog\/prova-comentada-de-direito-constitucional-trt-11a-regiao-analista-judiciario-area-administrativa\/#breadcrumb","itemListElement":[{"@type":"ListItem","position":1,"name":"In\u00edcio","item":"https:\/\/www.estrategiaconcursos.com.br\/blog\/"},{"@type":"ListItem","position":2,"name":"Prova Comentada de Direito Constitucional &#8211; TRT 11a Regi\u00e3o (Analista Judici\u00e1rio \u2013 \u00c1rea Administrativa)"}]},{"@type":"WebSite","@id":"https:\/\/www.estrategiaconcursos.com.br\/blog\/#website","url":"https:\/\/www.estrategiaconcursos.com.br\/blog\/","name":"Estrat\u00e9gia Concursos","description":"O blog da Estrat\u00e9gia Concursos traz not\u00edcias sobre concursos e artigos de professores oferecendo cursos para concursos (pdf + videaulas) no site.","publisher":{"@id":"https:\/\/www.estrategiaconcursos.com.br\/blog\/#organization"},"potentialAction":[{"@type":"SearchAction","target":{"@type":"EntryPoint","urlTemplate":"https:\/\/www.estrategiaconcursos.com.br\/blog\/?s={search_term_string}"},"query-input":{"@type":"PropertyValueSpecification","valueRequired":true,"valueName":"search_term_string"}}],"inLanguage":"pt-BR"},{"@type":"Organization","@id":"https:\/\/www.estrategiaconcursos.com.br\/blog\/#organization","name":"Estrat\u00e9gia Concursos","url":"https:\/\/www.estrategiaconcursos.com.br\/blog\/","logo":{"@type":"ImageObject","inLanguage":"pt-BR","@id":"https:\/\/www.estrategiaconcursos.com.br\/blog\/#\/schema\/logo\/image\/","url":"https:\/\/dhg1h5j42swfq.cloudfront.net\/2025\/06\/03203428\/logo_concursos-1.jpg","contentUrl":"https:\/\/dhg1h5j42swfq.cloudfront.net\/2025\/06\/03203428\/logo_concursos-1.jpg","width":230,"height":60,"caption":"Estrat\u00e9gia Concursos"},"image":{"@id":"https:\/\/www.estrategiaconcursos.com.br\/blog\/#\/schema\/logo\/image\/"},"sameAs":["https:\/\/x.com\/EstratConcursos"]},{"@type":"Person","@id":"https:\/\/www.estrategiaconcursos.com.br\/blog\/#\/schema\/person\/bf1b1d1865628ae32d608d5bad5442c6","name":"N\u00e1dia Carolina","image":{"@type":"ImageObject","inLanguage":"pt-BR","@id":"https:\/\/secure.gravatar.com\/avatar\/0ec0c484339a071f22ea5ced30956ccdaab0f83125b2dc1857c3b038404136a7?s=96&d=mm&r=g","url":"https:\/\/secure.gravatar.com\/avatar\/0ec0c484339a071f22ea5ced30956ccdaab0f83125b2dc1857c3b038404136a7?s=96&d=mm&r=g","contentUrl":"https:\/\/secure.gravatar.com\/avatar\/0ec0c484339a071f22ea5ced30956ccdaab0f83125b2dc1857c3b038404136a7?s=96&d=mm&r=g","caption":"N\u00e1dia Carolina"},"sameAs":["https:\/\/www.facebook.com\/nadia.c.santos.16"],"url":"https:\/\/www.estrategiaconcursos.com.br\/blog\/author\/nadiaestrategiaconcursos-com-br\/"}]}},"_links":{"self":[{"href":"https:\/\/www.estrategiaconcursos.com.br\/blog\/wp-json\/wp\/v2\/posts\/65450","targetHints":{"allow":["GET"]}}],"collection":[{"href":"https:\/\/www.estrategiaconcursos.com.br\/blog\/wp-json\/wp\/v2\/posts"}],"about":[{"href":"https:\/\/www.estrategiaconcursos.com.br\/blog\/wp-json\/wp\/v2\/types\/post"}],"author":[{"embeddable":true,"href":"https:\/\/www.estrategiaconcursos.com.br\/blog\/wp-json\/wp\/v2\/users\/58"}],"replies":[{"embeddable":true,"href":"https:\/\/www.estrategiaconcursos.com.br\/blog\/wp-json\/wp\/v2\/comments?post=65450"}],"version-history":[{"count":1,"href":"https:\/\/www.estrategiaconcursos.com.br\/blog\/wp-json\/wp\/v2\/posts\/65450\/revisions"}],"predecessor-version":[{"id":65456,"href":"https:\/\/www.estrategiaconcursos.com.br\/blog\/wp-json\/wp\/v2\/posts\/65450\/revisions\/65456"}],"wp:attachment":[{"href":"https:\/\/www.estrategiaconcursos.com.br\/blog\/wp-json\/wp\/v2\/media?parent=65450"}],"wp:term":[{"taxonomy":"category","embeddable":true,"href":"https:\/\/www.estrategiaconcursos.com.br\/blog\/wp-json\/wp\/v2\/categories?post=65450"},{"taxonomy":"post_tag","embeddable":true,"href":"https:\/\/www.estrategiaconcursos.com.br\/blog\/wp-json\/wp\/v2\/tags?post=65450"},{"taxonomy":"tax_estado","embeddable":true,"href":"https:\/\/www.estrategiaconcursos.com.br\/blog\/wp-json\/wp\/v2\/tax_estado?post=65450"}],"curies":[{"name":"wp","href":"https:\/\/api.w.org\/{rel}","templated":true}]}}