{"id":652588,"date":"2021-02-12T17:59:00","date_gmt":"2021-02-12T20:59:00","guid":{"rendered":"https:\/\/www.estrategiaconcursos.com.br\/blog\/?p=652588"},"modified":"2023-02-13T21:22:25","modified_gmt":"2023-02-14T00:22:25","slug":"edital-prf","status":"publish","type":"post","link":"https:\/\/www.estrategiaconcursos.com.br\/blog\/edital-prf\/","title":{"rendered":"Edital PRF: inscri\u00e7\u00f5es encerradas. S\u00e3o 1.500 vagas!"},"content":{"rendered":"\n<p>As inscri\u00e7\u00f5es para o <strong>edital PRF<\/strong>, um dos editais mais aguardados de 2021, est\u00e3o encerradas! Todo o processo de candidatura pode ser feito no site da banca organizadora, <strong>Cebraspe<\/strong>.<\/p>\n\n\n\n<p>Com <strong>1.500 vagas<\/strong> para o cargo de <a href=\"https:\/\/www.estrategiaconcursos.com.br\/cursosPorConcurso\/prf-policial-rodoviario-federal\/\" target=\"_blank\" rel=\"noreferrer noopener\">Policial Rodovi\u00e1rio Federal<\/a>, de n\u00edvel superior, o certame oferece remunera\u00e7\u00e3o inicial de&nbsp;<strong>R$ 9.899,88<\/strong>.<\/p>\n\n\n\n<p>As primeiras etapas do concurso s\u00e3o as provas objetivas e discursivas. Sua aplica\u00e7\u00e3o est\u00e1 prevista para o dia <strong>28 de mar\u00e7o<\/strong>, no turno da tarde.<\/p>\n\n\n\n<p>Vale ressaltar que o edital passou por retifica\u00e7\u00f5es. Ocorreram mudan\u00e7as nas disciplinas de Legisla\u00e7\u00e3o de Tr\u00e2nsito e Direito Penal, requisitos de sa\u00fade. Tamb\u00e9m foram acrescentados exames necess\u00e1rios a ser entregue durante o Exame de Sa\u00fade. Confira tudo o que mudou&nbsp;<strong><a href=\"https:\/\/dhg1h5j42swfq.cloudfront.net\/2021\/01\/27084430\/prf-retificacao.pdf\" target=\"_blank\" rel=\"noreferrer noopener\">aqui<\/a>!<\/strong><\/p>\n\n\n\n<p id=\"block-5868af83-a48a-48c5-b626-31d5dadd4023\">A fim de te deixar sempre bem informado, elaboramos este artigo com as principais informa\u00e7\u00f5es e novidades sobre o edital do concurso PRF. Acompanhe os t\u00f3picos abaixo e n\u00e3o perca nenhum detalhe!<\/p>\n\n\n\n<ul class=\"wp-block-list\">\n<li><strong><a href=\"#h-edital-prf-principais-datas\">Principais datas<\/a><\/strong><\/li>\n\n\n\n<li><strong><a href=\"#h-edital-prf-cargos-vagas\">Cargos, vagas e remunera\u00e7\u00f5es<\/a><\/strong><\/li>\n\n\n\n<li><strong><a href=\"#h-edital-prf-etapas-do-concurso\">Etapas do edital PRF<\/a><\/strong>\n<ul class=\"wp-block-list\">\n<li><a href=\"#h-prova-objetiva\">Prova Objetiva<\/a><\/li>\n\n\n\n<li><a href=\"#h-prova-discursiva\">Prova Discursiva<\/a><\/li>\n\n\n\n<li><a href=\"#h-exame-de-capacidade\">Exame de Capacidade F\u00edsica<\/a><\/li>\n\n\n\n<li><a href=\"#avaliacao-titulos\">Avalia\u00e7\u00e3o de t\u00edtulos<\/a><\/li>\n<\/ul>\n<\/li>\n\n\n\n<li><a href=\"#estrategico\"><strong>Edital estrat\u00e9gico<\/strong><\/a><\/li>\n\n\n\n<li><strong><a href=\"#materiais\">Materiais B\u00f4nus e Gratuitos para o concurso PRF<\/a><\/strong><\/li>\n\n\n\n<li><strong><a href=\"#cursos-assinatura\">Assinatura Ilimitada<\/a><\/strong><\/li>\n\n\n\n<li><strong><a href=\"#ficha-tecnica\">Ficha t\u00e9cnica<\/a><\/strong><\/li>\n<\/ul>\n\n\n\n<div class=\"container\" id=\"boxes\">\n  <div class=\"row\">\n\n    <div class=\"col-sm\">\n      <div class=\"banner-policial\" id=\"box-assinatura\">\n        <h3 class=\"titulo-assinatura\">Edital PRF<\/h3>\n        <p class=\"subtitulo-assinatura\">Conhe\u00e7a os cursos<\/p>\n        <div class=\"box-botao\">\n          <a class=\"btn-assinatura\" target=\"_blank\" href=\"https:\/\/www.estrategiaconcursos.com.br\/cursosPorConcurso\/promocao-pacotes-completos-para-prf\/\" role=\"button\" rel=\"noopener noreferrer\">Conhe\u00e7a mais<\/a>\n        <\/div>\n      <\/div>\n      \n    <\/div>\n\n  <\/div>\n<\/div>\n\n\n\n<h2 class=\"wp-block-heading\" id=\"h-edital-prf-principais-datas\">Edital PRF: principais datas<\/h2>\n\n\n\n<p class=\"has-background\" style=\"background-color:#e5e7e9\"><strong>Inscri\u00e7\u00f5es:&nbsp;<\/strong><s>25\/01 a 12\/02\/2021<\/s><br \/><strong>Isen\u00e7\u00e3o:<\/strong> <s>25\/01 a 12\/02\/2021<\/s><strong><br \/>Data limite para pagamento: <\/strong>05\/03\/2021<br \/><strong>Data da prova:<\/strong>&nbsp;28\/03\/2021<\/p>\n\n\n\n<p>Todo o processo de inscri\u00e7\u00e3o do edital PRF deve ser realizado no site do <a href=\"https:\/\/www.cebraspe.org.br\/concursos\/prf_21\" target=\"_blank\" rel=\"noreferrer noopener\">Cebraspe<\/a>, no per\u00edodo de 25 de janeiro a 12 de fevereiro. Al\u00e9m disso, para garantir sua candidatura, ser\u00e1 necess\u00e1rio efetuar o pagamento da taxa, no valor de <strong>R$ 180,00<\/strong>.<\/p>\n\n\n<figure class=\"wp-block-embed-youtube wp-block-embed is-type-video is-provider-youtube wp-embed-aspect-16-9 wp-has-aspect-ratio lyte-align aligncenter\"><div class=\"lyte-wrapper\" style=\"width:853px;max-width:100%;margin:5px;\"><div class=\"lyMe\" id=\"WYL_uVNju54rXPw\"><div id=\"lyte_uVNju54rXPw\" data-src=\"\/\/i.ytimg.com\/vi\/uVNju54rXPw\/hqdefault.jpg\" class=\"pL\"><div class=\"tC\"><div class=\"tT\"><\/div><\/div><div class=\"play\"><\/div><div class=\"ctrl\"><div class=\"Lctrl\"><\/div><div class=\"Rctrl\"><\/div><\/div><\/div><noscript><a href=\"https:\/\/youtu.be\/uVNju54rXPw\" rel=\"nofollow\"><img loading=\"lazy\" decoding=\"async\" src=\"https:\/\/i.ytimg.com\/vi\/uVNju54rXPw\/0.jpg\" alt=\"YouTube video thumbnail\" width=\"853\" height=\"460\" \/><br \/>Assista a este v\u00eddeo no YouTube<\/a><\/noscript><\/div><\/div><div class=\"lL\" style=\"max-width:100%;width:853px;margin:5px;\"><\/div><figcaption><\/figcaption><\/figure>\n\n\n<h2 class=\"wp-block-heading\" id=\"h-edital-prf-cargos-vagas-e-remuneracoes\">Edital PRF: cargos, vagas e remunera\u00e7\u00f5es<\/h2>\n\n\n\n<p>S\u00e3o ofertadas <strong>1.500 vagas<\/strong> para o cargo de <strong>Policial Rodovi\u00e1rio Federal<\/strong>, para n\u00edvel superior completo, conforme abaixo:<\/p>\n\n\n\n<figure class=\"wp-block-table is-style-stripes\"><table class=\"has-background has-fixed-layout\" style=\"background-color:#e7f5fe\"><tbody><tr><td class=\"has-text-align-center\" data-align=\"center\"><strong>Ampla concorr\u00eancia<\/strong><\/td><td class=\"has-text-align-center\" data-align=\"center\"><strong>Negros<\/strong><\/td><td class=\"has-text-align-center\" data-align=\"center\"><strong>PcD<\/strong><\/td><\/tr><tr><td class=\"has-text-align-center\" data-align=\"center\">1.125<\/td><td class=\"has-text-align-center\" data-align=\"center\">300<\/td><td class=\"has-text-align-center\" data-align=\"center\">75<\/td><\/tr><\/tbody><\/table><\/figure>\n\n\n\n<ul class=\"wp-block-list\">\n<li><strong>Sal\u00e1rio<\/strong>: R$ 9.899,88<\/li>\n\n\n\n<li><strong>Jornada de trabalho<\/strong>: 40 horas semanais<\/li>\n\n\n\n<li><strong>Principais requisitos<\/strong>: Forma\u00e7\u00e3o de n\u00edvel superior e Carteira Nacional de Habilita\u00e7\u00e3o na categoria \u201cB\u201d ou superior<\/li>\n\n\n\n<li><strong>Lota\u00e7\u00e3o<\/strong>: Abrang\u00eancia nacional, sendo ofertadas aos novos policiais as oportunidades de lota\u00e7\u00e3o de acordo com a necessidade do servi\u00e7o e o interesse p\u00fablico<\/li>\n<\/ul>\n\n\n\n<h2 class=\"wp-block-heading\" id=\"h-edital-prf-etapas-do-concurso\">Edital PRF: etapas do concurso<\/h2>\n\n\n\n<p>De acordo com o edital, o concurso da Pol\u00edcia Rodovi\u00e1ria Federal ser\u00e1 composto pelas seguintes etapas:<\/p>\n\n\n\n<h4 class=\"wp-block-heading\" id=\"h-1\u00aa-etapa\"><strong>1\u00aa etapa<\/strong>:<\/h4>\n\n\n\n<ul class=\"wp-block-list\">\n<li><strong>Prova objetiva e discursiva<\/strong> &#8211; car\u00e1ter eliminat\u00f3rio e classificat\u00f3rio;<\/li>\n\n\n\n<li><strong>Exame de aptid\u00e3o f\u00edsica <\/strong>&#8211; car\u00e1ter eliminat\u00f3rio e classificat\u00f3rio;<\/li>\n\n\n\n<li><strong>Avalia\u00e7\u00e3o de sa\u00fade<\/strong> &#8211; car\u00e1ter eliminat\u00f3rio;<\/li>\n\n\n\n<li><strong>Avalia\u00e7\u00e3o psicol\u00f3gica<\/strong> &#8211; car\u00e1ter eliminat\u00f3rio;<\/li>\n\n\n\n<li><strong>Avalia\u00e7\u00e3o de t\u00edtulos<\/strong> &#8211; car\u00e1ter eliminat\u00f3rio;<\/li>\n\n\n\n<li><strong>Investiga\u00e7\u00e3o social<\/strong> &#8211; car\u00e1ter classificat\u00f3rio<\/li>\n<\/ul>\n\n\n\n<h4 class=\"wp-block-heading\" id=\"h-2\u00aa-etapa\"><strong>2\u00aa etapa<\/strong>:<\/h4>\n\n\n\n<ul class=\"wp-block-list\">\n<li><strong>Curso de Forma\u00e7\u00e3o Profissional<\/strong> &#8211; car\u00e1ter eliminat\u00f3rio.<\/li>\n<\/ul>\n\n\n\n<h3 class=\"wp-block-heading\" id=\"h-prova-objetiva\">Prova Objetiva<\/h3>\n\n\n\n<p>A prova objetiva ser\u00e1 composta por&nbsp;<strong>120 quest\u00f5es<\/strong>&nbsp;do tipo CERTO ou ERRADO, totalizando 120,00 pontos. A distribui\u00e7\u00e3o ocorrer\u00e1 em tr\u00eas blocos, sendo o Bloco I com 55 itens, Bloco II com 30 e Bloco III com 35.<\/p>\n\n\n\n<p>A prova objetiva e a prova discursiva ter\u00e3o a dura\u00e7\u00e3o de 4 horas e 30 minutos e ser\u00e3o aplicadas na data prov\u00e1vel de <strong>28 de mar\u00e7o<\/strong>, no turno da tarde.<\/p>\n\n\n\n<figure class=\"wp-block-table is-style-stripes\"><table class=\"has-background has-fixed-layout\" style=\"background-color:#e7f5fe\"><thead><tr><th class=\"has-text-align-center\" data-align=\"center\">Bloco I<\/th><th class=\"has-text-align-center\" data-align=\"center\"><strong>Bloco II<\/strong><\/th><th class=\"has-text-align-center\" data-align=\"center\"><strong>Bloco II<\/strong>I<\/th><\/tr><\/thead><tbody><tr><td class=\"has-text-align-center\" data-align=\"center\">L\u00edngua Portuguesa<\/td><td class=\"has-text-align-center\" data-align=\"center\">Legisla\u00e7\u00e3o de Tr\u00e2nsito<\/td><td class=\"has-text-align-center\" data-align=\"center\">No\u00e7\u00f5es de Direito Administrativo<\/td><\/tr><tr><td class=\"has-text-align-center\" data-align=\"center\">Racioc\u00ednio L\u00f3gico-Matem\u00e1tico<\/td><td class=\"has-text-align-center\" data-align=\"center\"><\/td><td class=\"has-text-align-center\" data-align=\"center\">No\u00e7\u00f5es de Direito Constitucional<\/td><\/tr><tr><td class=\"has-text-align-center\" data-align=\"center\">Inform\u00e1tica<\/td><td class=\"has-text-align-center\" data-align=\"center\"><\/td><td class=\"has-text-align-center\" data-align=\"center\">No\u00e7\u00f5es de Direito Penal<\/td><\/tr><tr><td class=\"has-text-align-center\" data-align=\"center\">F\u00edsica<\/td><td class=\"has-text-align-center\" data-align=\"center\"><\/td><td class=\"has-text-align-center\" data-align=\"center\">No\u00e7\u00f5es de Direito Processual Penal<\/td><\/tr><tr><td class=\"has-text-align-center\" data-align=\"center\">\u00c9tica e Cidadania<\/td><td class=\"has-text-align-center\" data-align=\"center\"><\/td><td class=\"has-text-align-center\" data-align=\"center\">Legisla\u00e7\u00e3o Especial<\/td><\/tr><tr><td class=\"has-text-align-center\" data-align=\"center\">Geopol\u00edtica <\/td><td class=\"has-text-align-center\" data-align=\"center\"><\/td><td class=\"has-text-align-center\" data-align=\"center\">Direitos Humanos<\/td><\/tr><tr><td class=\"has-text-align-center\" data-align=\"center\">L\u00edngua Estrangeira (espanhol ou ingl\u00eas)<\/td><td class=\"has-text-align-center\" data-align=\"center\"><\/td><td class=\"has-text-align-center\" data-align=\"center\"><\/td><\/tr><\/tbody><\/table><\/figure>\n\n\n\n<p>A nota em cada item da prova objetiva, feita com base nas marca\u00e7\u00f5es da folha de respostas, ser\u00e1 igual a: <\/p>\n\n\n\n<ul class=\"wp-block-list\">\n<li><strong>1,00 ponto<\/strong>, caso a resposta do candidato esteja em concord\u00e2ncia com o gabarito oficial definitivo da prova; <\/li>\n\n\n\n<li><strong>1,00 ponto negativo<\/strong>, caso a resposta do candidato esteja em discord\u00e2ncia com o gabarito oficial definitivo da prova; <\/li>\n\n\n\n<li><strong>0,00<\/strong>, caso n\u00e3o haja marca\u00e7\u00e3o ou haja marca\u00e7\u00e3o dupla (C e E).<\/li>\n<\/ul>\n\n\n\n<p>Ser\u00e1 <strong>reprovado na prova objetiva<\/strong> e eliminado do concurso PRF o candidato que se enquadrar em pelo menos um dos itens a seguir:<\/p>\n\n\n\n<ul class=\"wp-block-list\">\n<li><strong>a)<\/strong> obtiver nota inferior a 15,00 pontos no bloco I da prova objetiva;<\/li>\n\n\n\n<li><strong>b) <\/strong>obtiver nota inferior a 10,00 pontos no bloco II da prova objetiva;<\/li>\n\n\n\n<li><strong>c) <\/strong>obtiver nota inferior a 10,00 pontos no bloco III da prova objetiva;<\/li>\n\n\n\n<li><strong>d) <\/strong>obtiver nota inferior a 50,00 pontos no conjunto dos tr\u00eas blocos da prova objetiva.<\/li>\n<\/ul>\n\n\n\n<h3 class=\"wp-block-heading\" id=\"h-prova-discursiva\">Prova discursiva<\/h3>\n\n\n\n<p>A prova discursiva valer\u00e1 20,00 pontos e consistir\u00e1 da reda\u00e7\u00e3o de texto dissertativo, de at\u00e9 30 linhas, a respeito de temas relacionados aos objetos de avalia\u00e7\u00e3o.<\/p>\n\n\n\n<p>Esta avalia\u00e7\u00e3o avaliar\u00e1 o conte\u00fado (conhecimento do tema), a capacidade de express\u00e3o na modalidade escrita e o uso das normas do registro formal culto da L\u00edngua Portuguesa. <\/p>\n\n\n\n<p>O candidato dever\u00e1 produzir, conforme comando formulado pela banca examinadora, texto dissertativo, primando pela coer\u00eancia e pela coes\u00e3o.<\/p>\n\n\n\n<h3 class=\"wp-block-heading\" id=\"h-teste-de-aptidao-fisica\">Teste de Aptid\u00e3o F\u00edsica<\/h3>\n\n\n\n<p>O Edital PRF traz informa\u00e7\u00f5es sobre o <a href=\"https:\/\/www.youtube.com\/watch?v=Wm4KTt1QH2s\" target=\"_blank\" rel=\"noreferrer noopener\">teste de aptid\u00e3o f\u00edsica<\/a>, que ser\u00e1 eliminat\u00f3rio. Os testes realizados ser\u00e3o:<\/p>\n\n\n\n<ul class=\"wp-block-list\">\n<li><strong>a)&nbsp;<\/strong>Teste de Flex\u00e3o em barra fixa<\/li>\n<\/ul>\n\n\n\n<figure class=\"wp-block-image aligncenter size-large is-resized\"><img loading=\"lazy\" decoding=\"async\" src=\"https:\/\/dhg1h5j42swfq.cloudfront.net\/2021\/01\/18185206\/image-248-1024x196.png\" alt=\"Teste de flex\u00e3o em barra fixa edital PRF\" class=\"wp-image-653153\" width=\"750\" height=\"144\" srcset=\"https:\/\/dhg1h5j42swfq.cloudfront.net\/2021\/01\/18185206\/image-248-1024x196.png 1024w, https:\/\/dhg1h5j42swfq.cloudfront.net\/2021\/01\/18185206\/image-248-300x57.png 300w, https:\/\/dhg1h5j42swfq.cloudfront.net\/2021\/01\/18185206\/image-248-768x147.png 768w, https:\/\/dhg1h5j42swfq.cloudfront.net\/2021\/01\/18185206\/image-248-610x117.png 610w, https:\/\/dhg1h5j42swfq.cloudfront.net\/2021\/01\/18185206\/image-248.png 1414w\" sizes=\"auto, (max-width: 750px) 100vw, 750px\" \/><\/figure>\n\n\n\n<ul class=\"wp-block-list\">\n<li><strong>b)<\/strong>&nbsp;Teste de Shuttle Run (ir e vir)<\/li>\n<\/ul>\n\n\n\n<figure class=\"wp-block-image aligncenter size-large is-resized\"><img loading=\"lazy\" decoding=\"async\" src=\"https:\/\/dhg1h5j42swfq.cloudfront.net\/2021\/01\/18185340\/image-249-1024x198.png\" alt=\"Teste de shuttle run edital PRF\" class=\"wp-image-653157\" width=\"751\" height=\"145\" srcset=\"https:\/\/dhg1h5j42swfq.cloudfront.net\/2021\/01\/18185340\/image-249-1024x198.png 1024w, https:\/\/dhg1h5j42swfq.cloudfront.net\/2021\/01\/18185340\/image-249-300x58.png 300w, https:\/\/dhg1h5j42swfq.cloudfront.net\/2021\/01\/18185340\/image-249-768x148.png 768w, https:\/\/dhg1h5j42swfq.cloudfront.net\/2021\/01\/18185340\/image-249-610x118.png 610w, https:\/\/dhg1h5j42swfq.cloudfront.net\/2021\/01\/18185340\/image-249.png 1415w\" sizes=\"auto, (max-width: 751px) 100vw, 751px\" \/><\/figure>\n\n\n\n<ul class=\"wp-block-list\">\n<li><strong>c)<\/strong>&nbsp;Teste de Impuls\u00e3o Horizontal (salto na caixa de areia)<\/li>\n<\/ul>\n\n\n\n<figure class=\"wp-block-image aligncenter size-large is-resized\"><img loading=\"lazy\" decoding=\"async\" src=\"https:\/\/dhg1h5j42swfq.cloudfront.net\/2021\/01\/18185416\/image-250-1024x195.png\" alt=\"Teste de impuls\u00e3o horizontal edital PRF\" class=\"wp-image-653158\" width=\"758\" height=\"144\" srcset=\"https:\/\/dhg1h5j42swfq.cloudfront.net\/2021\/01\/18185416\/image-250-1024x195.png 1024w, https:\/\/dhg1h5j42swfq.cloudfront.net\/2021\/01\/18185416\/image-250-300x57.png 300w, https:\/\/dhg1h5j42swfq.cloudfront.net\/2021\/01\/18185416\/image-250-768x147.png 768w, https:\/\/dhg1h5j42swfq.cloudfront.net\/2021\/01\/18185416\/image-250-610x116.png 610w, https:\/\/dhg1h5j42swfq.cloudfront.net\/2021\/01\/18185416\/image-250.png 1415w\" sizes=\"auto, (max-width: 758px) 100vw, 758px\" \/><\/figure>\n\n\n\n<ul class=\"wp-block-list\">\n<li><strong>d)<\/strong>&nbsp;Teste de Flex\u00e3o Abdominal<\/li>\n<\/ul>\n\n\n\n<figure class=\"wp-block-image aligncenter size-large is-resized\"><img loading=\"lazy\" decoding=\"async\" src=\"https:\/\/dhg1h5j42swfq.cloudfront.net\/2021\/01\/18185437\/image-251-1024x196.png\" alt=\"Teste de flex\u00e3o abdominal edital PRF\" class=\"wp-image-653159\" width=\"765\" height=\"146\" srcset=\"https:\/\/dhg1h5j42swfq.cloudfront.net\/2021\/01\/18185437\/image-251-1024x196.png 1024w, https:\/\/dhg1h5j42swfq.cloudfront.net\/2021\/01\/18185437\/image-251-300x57.png 300w, https:\/\/dhg1h5j42swfq.cloudfront.net\/2021\/01\/18185437\/image-251-768x147.png 768w, https:\/\/dhg1h5j42swfq.cloudfront.net\/2021\/01\/18185437\/image-251-610x116.png 610w, https:\/\/dhg1h5j42swfq.cloudfront.net\/2021\/01\/18185437\/image-251.png 1414w\" sizes=\"auto, (max-width: 765px) 100vw, 765px\" \/><\/figure>\n\n\n\n<ul class=\"wp-block-list\">\n<li><strong>e)<\/strong>&nbsp;Teste de Corrida de 12 minutos<\/li>\n<\/ul>\n\n\n\n<figure class=\"wp-block-image aligncenter size-large is-resized\"><img loading=\"lazy\" decoding=\"async\" src=\"https:\/\/dhg1h5j42swfq.cloudfront.net\/2021\/01\/18185508\/image-252-1024x197.png\" alt=\"Teste de corrida edital PRF\" class=\"wp-image-653162\" width=\"773\" height=\"148\" srcset=\"https:\/\/dhg1h5j42swfq.cloudfront.net\/2021\/01\/18185508\/image-252-1024x197.png 1024w, https:\/\/dhg1h5j42swfq.cloudfront.net\/2021\/01\/18185508\/image-252-300x58.png 300w, https:\/\/dhg1h5j42swfq.cloudfront.net\/2021\/01\/18185508\/image-252-768x148.png 768w, https:\/\/dhg1h5j42swfq.cloudfront.net\/2021\/01\/18185508\/image-252-610x117.png 610w, https:\/\/dhg1h5j42swfq.cloudfront.net\/2021\/01\/18185508\/image-252.png 1415w\" sizes=\"auto, (max-width: 773px) 100vw, 773px\" \/><\/figure>\n\n\n\n<h2 class=\"wp-block-heading\" id=\"avaliacao-titulos\">Edital PRF: avalia\u00e7\u00e3o de t\u00edtulos<\/h2>\n\n\n\n<p>A prova de t\u00edtulos conta com 10 pontos, onde ser\u00e1 cobrado diploma de n\u00edvel superior em qualquer \u00e1rea reconhecido pelo MEC. Veja abaixo tabela mais detalhada:<\/p>\n\n\n\n<figure class=\"wp-block-table is-style-stripes\"><table class=\"has-background has-fixed-layout\" style=\"background-color:#e7f5fe\"><tbody><tr><td><strong>TITULA\u00c7\u00c3O<\/strong><\/td><td><strong>PONTUA\u00c7\u00c3O M\u00c1XIMA<\/strong><\/td><\/tr><tr><td>Doutorado<\/td><td>3,0 pontos<\/td><\/tr><tr><td>Mestrado<\/td><td>2,0 pontos<\/td><\/tr><tr><td>P\u00f3s-gradua\u00e7\u00e3o (lato sensu)<\/td><td>2,0 pontos<\/td><\/tr><tr><td>Exerc\u00edcio de cargo p\u00fablico de natureza policial<\/td><td>3,0 pontos<\/td><\/tr><tr><td><strong>TOTAL<\/strong><\/td><td><strong>10 pontos<\/strong><\/td><\/tr><\/tbody><\/table><\/figure>\n\n\n\n<h2 class=\"wp-block-heading\" id=\"estrategico\">Edital Estrat\u00e9gico PRF: baixe gratuitamente<\/h2>\n\n\n\n<p class=\"has-text-align-center has-very-light-gray-background-color has-background has-medium-font-size\"><a href=\"https:\/\/drive.google.com\/file\/d\/1guQQ6s5GrDKtj9AxgMK_Bz5bvVC98RBZ\/view?usp=sharing\" target=\"_blank\" rel=\"noreferrer noopener\"><strong>Policial Rodovi\u00e1rio<\/strong><\/a><\/p>\n\n\n\n<p><strong>IMPORTANTE:&nbsp;<\/strong>Ao clicar nos links acima, vai ser aberta uma janela do Google Drive que tentar\u00e1 carregar a visualiza\u00e7\u00e3o da planilha no seu navegador. N\u00e3o h\u00e1 necessidade de esperar essa visualiza\u00e7\u00e3o (talvez at\u00e9 nem carregue, j\u00e1 que os arquivos s\u00e3o pesados).<\/p>\n\n\n\n<p>Fa\u00e7a o download clicando na seta para baixo no canto superior direito da janela do Google Drive que vai ser aberta ao clicar nos links acima.<\/p>\n\n\n\n<p>Todos os arquivos foram testados em diferentes computadores e celulares e est\u00e3o ok. Talvez alguma incompatibilidade (ou mensagem de erro, como \u201carquivo inv\u00e1lido\u201d) ocorra em virtude do seu pr\u00f3prio computador ou do tamanho dos arquivos que possuem mais conte\u00fado.<\/p>\n\n\n\n<h2 class=\"wp-block-heading\" id=\"materiais\"><strong>Materiais B\u00f4nus e Gratuitos<\/strong>&nbsp;para o concurso PRF<\/h2>\n\n\n\n<h4 class=\"wp-block-heading\">Vade Mecum | Legisla\u00e7\u00e3o Completa Pol\u00edcia Federal Rodovi\u00e1ria<\/h4>\n\n\n\n<p>Pensando em voc\u00ea concurseiro, os professores do Estrat\u00e9gia se reuniram para te auxiliar a poupar o seu tempo e compilar toda a legisla\u00e7\u00e3o prevista no edital.<\/p>\n\n\n\n<p>Por isso, estamos disponibilizando a legisla\u00e7\u00e3o completa prevista dos cargo de <strong>Pol\u00edcia Rodovi\u00e1ria<\/strong>&nbsp;<strong>Federal<\/strong> P\u00f3s-edital 2021<\/p>\n\n\n\n<p><em><strong>Acesse o conte\u00fado de forma gratuita, clicando no link!<\/strong><\/em><\/p>\n\n\n\n<p class=\"has-text-align-center has-cyan-bluish-gray-background-color has-background\" style=\"font-size:clamp(14.082px, 0.88rem + ((1vw - 3.2px) * 0.678), 21px);px\"><a href=\"https:\/\/gratis.estrategiaconcursos.com.br\/prf-4\/\" target=\"_blank\" rel=\"noreferrer noopener\"><strong>V\u00e1de-Mecum \u2013 POLICIAL RODOVI\u00c1RIO FEDERAL<\/strong><\/a><\/p>\n\n\n\n<p class=\"has-text-align-center has-light-green-cyan-background-color has-background has-medium-font-size\"><strong><a href=\"https:\/\/www.estrategiaconcursos.com.br\/blog\/guias-de-estudos-para-prf-2021\/\" target=\"_blank\" rel=\"noreferrer noopener\">GUIA DE ESTUDOS (edital 2021)<\/a><\/strong><br \/><strong><a href=\"https:\/\/www.estrategiaconcursos.com.br\/blog\/guia-de-estudos-para-o-concurso-prf-2023\/\" target=\"_blank\" rel=\"noreferrer noopener\">Guia de Estudos PRF (2023)<\/a><\/strong><\/p>\n\n\n\n<p class=\"has-text-align-center has-background has-medium-font-size\" style=\"background-color:#e2e4e5\"><strong>Saiba mais: <a href=\"https:\/\/www.estrategiaconcursos.com.br\/blog\/concurso-prf-3\/\" target=\"_blank\" rel=\"noreferrer noopener\">concurso PRF<\/a><\/strong><\/p>\n\n\n\n<p class=\"has-text-align-center has-pale-cyan-blue-background-color has-background\" style=\"font-size:clamp(14.642px, 0.915rem + ((1vw - 3.2px) * 0.721), 22px);px\"><strong><a href=\"https:\/\/www.estrategiaconcursos.com.br\/blog\/concursos-de-policia\/\">CONCURSOS POLICIAIS<\/a><\/strong><\/p>\n\n\n\n<hr class=\"wp-block-separator has-css-opacity\"\/>\n\n\n\n<h2 class=\"has-text-align-center wp-block-heading\" id=\"cursos-assinatura\"><strong><em>Que tal estudar para o Concurso PRF?<\/em><\/strong><\/h2>\n\n\n\n<h4 class=\"has-text-align-center wp-block-heading\" id=\"block-a7b5b9d5-c4c3-4940-983a-474374dd5982\"><strong><a href=\"https:\/\/www.estrategiaconcursos.com.br\/assinaturas\/\" target=\"_blank\" rel=\"noreferrer noopener\"><strong>\u201cO Recome\u00e7o\u201d<\/strong>: confira as condi\u00e7\u00f5es imperd\u00edveis nas nossas assinaturas<\/a><\/strong><\/h4>\n\n\n\n<figure class=\"wp-block-image\" id=\"block-524e321f-cd1a-423d-9158-cfdb6185d120\"><img decoding=\"async\" src=\"https:\/\/dhg1h5j42swfq.cloudfront.net\/2020\/12\/18152323\/1920-514-max-1024x274.jpg\" alt=\"O atributo alt desta imagem est\u00e1 vazio. O nome do arquivo \u00e9 1920-514-max-1024x274.jpg\"\/><\/figure>\n\n\n\n<div class=\"container\" id=\"boxes\">\n  <div class=\"row\">\n\n    <div class=\"col-sm\">\n      <div class=\"banner-policial\" id=\"box-assinatura\">\n        <h3 class=\"titulo-assinatura\">Curso PRF<\/h3>\n        <p class=\"subtitulo-assinatura\">Conhe\u00e7a os cursos<\/p>\n        <div class=\"box-botao\">\n          <a class=\"btn-assinatura\" target=\"_blank\" href=\"https:\/\/www.estrategiaconcursos.com.br\/cursosPorConcurso\/promocao-pacotes-completos-para-prf\/\" role=\"button\" rel=\"noopener noreferrer\">Conhe\u00e7a mais<\/a>\n        <\/div>\n      <\/div>\n      <p class=\"texto-auxiliar\">Prepare-se com o melhor material e com quem mais aprova em Concursos P\u00fablicos em todo o pa\u00eds. <\/p>\n    <\/div>\n\n  <\/div>\n<\/div>\n\n\n\n<div class=\"container\" id=\"boxes\">\n  <div class=\"row\">\n\n    <div class=\"col-sm\">\n      <div class=\"estrategia\" id=\"box-assinatura\">\n        <h5 class=\"titulo-assinatura\">Assinatura Ilimitada<\/h5>\n        <p class=\"subtitulo-assinatura\">Assinatura Anual Ilimitada*<\/p>\n        <div class=\"box-botao\">\n          <a class=\"btn-assinatura\" target=\"_blank\" href=\"https:\/\/www.estrategiaconcursos.com.br\/assinaturas\/\" role=\"button\" rel=\"noopener noreferrer\">ASSINE AGORA<\/a>\n        <\/div>\n      <\/div>\n      <p class=\"texto-auxiliar\">Prepare-se com o melhor material e com quem mais aprova em Concursos P\u00fablicos em todo o pa\u00eds. Assine agora a nossa Assinatura Anual e tenha acesso ilimitado* a todos os nossos cursos.<\/p>\n    <\/div>\n\n    <div class=\"col-sm\">\n      <div class=\"questoes\" id=\"box-assinatura\">\n        <h5 class=\"titulo-assinatura\">Sistema de Quest\u00f5es<\/h5>\n        <p class=\"subtitulo-assinatura\">Assinatura Ilimitada*<\/p>\n        <div class=\"box-botao\">\n          <a class=\"btn-assinatura\" target=\"_blank\" href=\"https:\/\/www.estrategiaconcursos.com.br\/cursosPorConcurso\/sistema-de-questoes\/#\/\" role=\"button\" rel=\"noopener noreferrer\">ASSINE AGORA<\/a>\n        <\/div>\n      <\/div>\n      <p class=\"texto-auxiliar\">Estrat\u00e9gia Quest\u00f5es nasceu maior do que todos os concorrentes, com mais quest\u00f5es cadastradas e mais solu\u00e7\u00f5es por professores. Clique no link e aproveite os descontos e b\u00f4nus imperd\u00edveis!<\/p>\n    <\/div>\n  <\/div>\n<\/div>\n\n\n\n<div class=\"container\" id=\"boxes\">\n  <div class=\"row\">\n\n    <div class=\"col-sm\" id=\"boxes-concursos\">\n      <div style=\"background-color: #005DAD;\" class=\"conteudo-concursos\" id=\"box-concursos\">\n        <h3 class=\"titulo-assinatura\">Concursos Abertos<\/h3>\n        <p class=\"subtitulo-assinatura\">mais de 15 mil vagas<\/p>\n        <div class=\"box-botao\">\n          <a class=\"btn-assinatura\" target=\"_blank\" href=\"https:\/\/www.estrategiaconcursos.com.br\/blog\/concursos-abertos\/\" role=\"button\" rel=\"noopener noreferrer\">Conhe\u00e7a Agora<\/a>\n        <\/div>\n      <\/div>\n    <\/div>\n\n    <div class=\"col-sm\" id=\"boxes-concursos\">\n      <div style=\"background-color: #419FF0;\" class=\"conteudo-concursos\" id=\"box-concursos\">\n        <h3 class=\"titulo-assinatura\">Concursos 2021<\/h3>\n        <p class=\"subtitulo-assinatura\">mais de 17 mil vagas<\/p>\n        <div class=\"box-botao\">\n          <a class=\"btn-assinatura\" target=\"_blank\" href=\"https:\/\/www.estrategiaconcursos.com.br\/blog\/concursos-2021\/\" role=\"button\" rel=\"noopener noreferrer\">Conhe\u00e7a Agora<\/a>\n        <\/div>\n      <\/div>\n    <\/div>\n\n  <\/div>\n<\/div>\n\n\n\n<figure class=\"wp-block-image\"><img decoding=\"async\" src=\"https:\/\/dhg1h5j42swfq.cloudfront.net\/2017\/03\/28152500\/coruja-ficha-tecnica-300x102.png\" alt=\"Ficha t\u00e9cnica do concurso PRF.\"\/><\/figure>\n\n\n\n<h4 class=\"wp-block-heading\" id=\"ficha-tecnica\">Informa\u00e7\u00f5es do&nbsp;<strong>Edital PRF<\/strong><\/h4>\n\n\n\n<ul class=\"wp-block-list\">\n<li><strong>Prova:<\/strong> 28\/03\/2021<\/li>\n\n\n\n<li><strong>Vagas:&nbsp;<\/strong>1.500 <\/li>\n\n\n\n<li><strong>Remunera\u00e7\u00e3o inicial:<\/strong>&nbsp;R$ 9.899,88<\/li>\n\n\n\n<li><strong>Lota\u00e7\u00e3o:<\/strong> Nacional<\/li>\n\n\n\n<li><strong>Banca:&nbsp;<\/strong>Cebraspe<\/li>\n\n\n\n<li><strong>Edital:<\/strong>&nbsp;<a href=\"https:\/\/dhg1h5j42swfq.cloudfront.net\/2025\/06\/18183328\/edital-prf.pdf\" target=\"_blank\" rel=\"noreferrer noopener\">Edital PRF 2021<\/a><\/li>\n<\/ul>\n","protected":false},"excerpt":{"rendered":"<p>As inscri\u00e7\u00f5es para o edital PRF, um dos editais mais aguardados de 2021, est\u00e3o encerradas! Todo o processo de candidatura pode ser feito no site da banca organizadora, Cebraspe. Com 1.500 vagas para o cargo de Policial Rodovi\u00e1rio Federal, de n\u00edvel superior, o certame oferece remunera\u00e7\u00e3o inicial de&nbsp;R$ 9.899,88. As primeiras etapas do concurso s\u00e3o [&hellip;]<\/p>\n","protected":false},"author":1,"featured_media":653526,"comment_status":"open","ping_status":"closed","sticky":false,"template":"","format":"standard","meta":{"post_tipo":"news","footnotes":""},"categories":[1988],"tags":[],"tax_estado":[219963],"class_list":["post-652588","post","type-post","status-publish","format-standard","has-post-thumbnail","hentry","category-policia","tax_estado-concursos-federais"],"acf":[],"yoast_head":"<!-- This site is optimized with the Yoast SEO Premium plugin v27.2 (Yoast SEO v27.2) - https:\/\/yoast.com\/product\/yoast-seo-premium-wordpress\/ -->\n<title>Edital PRF: inscri\u00e7\u00f5es encerradas. S\u00e3o 1.500 vagas!<\/title>\n<meta name=\"description\" content=\"Edital PRF: PUBLICADO! S\u00e3o 1.500 vagas para Policial Rodovi\u00e1rio, cargo de n\u00edvel superior. Provas agendadas para 28 de mar\u00e7o!\" \/>\n<meta name=\"robots\" content=\"index, follow, max-snippet:-1, max-image-preview:large, max-video-preview:-1\" \/>\n<link rel=\"canonical\" href=\"https:\/\/www.estrategiaconcursos.com.br\/blog\/edital-prf\/\" \/>\n<meta property=\"og:locale\" content=\"pt_BR\" \/>\n<meta property=\"og:type\" content=\"article\" \/>\n<meta property=\"og:title\" content=\"Edital PRF: inscri\u00e7\u00f5es encerradas. S\u00e3o 1.500 vagas!\" \/>\n<meta property=\"og:description\" content=\"Edital PRF: PUBLICADO! S\u00e3o 1.500 vagas para Policial Rodovi\u00e1rio, cargo de n\u00edvel superior. Provas agendadas para 28 de mar\u00e7o!\" \/>\n<meta property=\"og:url\" content=\"https:\/\/www.estrategiaconcursos.com.br\/blog\/edital-prf\/\" \/>\n<meta property=\"og:site_name\" content=\"Estrat\u00e9gia Concursos\" \/>\n<meta property=\"article:author\" content=\"https:\/\/www.facebook.com\/EstrategiaConcursos\" \/>\n<meta property=\"article:published_time\" content=\"2021-02-12T20:59:00+00:00\" \/>\n<meta property=\"article:modified_time\" content=\"2023-02-14T00:22:25+00:00\" \/>\n<meta property=\"og:image\" content=\"https:\/\/dhg1h5j42swfq.cloudfront.net\/2021\/01\/19115344\/prf-espanhol-1-1.jpg\" \/>\n\t<meta property=\"og:image:width\" content=\"400\" \/>\n\t<meta property=\"og:image:height\" content=\"212\" \/>\n\t<meta property=\"og:image:type\" content=\"image\/jpeg\" \/>\n<meta name=\"author\" content=\"Coordena\u00e7\u00e3o\" \/>\n<meta name=\"twitter:card\" content=\"summary_large_image\" \/>\n<meta name=\"twitter:creator\" content=\"@EstratConcursos\" \/>\n<meta name=\"twitter:site\" content=\"@EstratConcursos\" \/>\n<meta name=\"twitter:label1\" content=\"Escrito por\" \/>\n\t<meta name=\"twitter:data1\" content=\"Coordena\u00e7\u00e3o\" \/>\n\t<meta name=\"twitter:label2\" content=\"Est. tempo de leitura\" \/>\n\t<meta name=\"twitter:data2\" content=\"7 minutos\" \/>\n<script type=\"application\/ld+json\" class=\"yoast-schema-graph\">{\"@context\":\"https:\/\/schema.org\",\"@graph\":[{\"@type\":\"NewsArticle\",\"@id\":\"https:\/\/www.estrategiaconcursos.com.br\/blog\/edital-prf\/#article\",\"isPartOf\":{\"@id\":\"https:\/\/www.estrategiaconcursos.com.br\/blog\/edital-prf\/\"},\"author\":{\"name\":\"Coordena\u00e7\u00e3o\",\"@id\":\"https:\/\/www.estrategiaconcursos.com.br\/blog\/#\/schema\/person\/b4a388c97673c5f483d72185668afa1f\"},\"headline\":\"Edital PRF: inscri\u00e7\u00f5es encerradas. S\u00e3o 1.500 vagas!\",\"datePublished\":\"2021-02-12T20:59:00+00:00\",\"dateModified\":\"2023-02-14T00:22:25+00:00\",\"mainEntityOfPage\":{\"@id\":\"https:\/\/www.estrategiaconcursos.com.br\/blog\/edital-prf\/\"},\"wordCount\":1368,\"commentCount\":0,\"publisher\":{\"@id\":\"https:\/\/www.estrategiaconcursos.com.br\/blog\/#organization\"},\"image\":{\"@id\":\"https:\/\/www.estrategiaconcursos.com.br\/blog\/edital-prf\/#primaryimage\"},\"thumbnailUrl\":\"https:\/\/dhg1h5j42swfq.cloudfront.net\/2021\/01\/19115344\/prf-espanhol-1-1.jpg\",\"articleSection\":[\"Policial (Agente, Escriv\u00e3o e Investigador)\"],\"inLanguage\":\"pt-BR\",\"potentialAction\":[{\"@type\":\"CommentAction\",\"name\":\"Comment\",\"target\":[\"https:\/\/www.estrategiaconcursos.com.br\/blog\/edital-prf\/#respond\"]}],\"copyrightYear\":\"2021\",\"copyrightHolder\":{\"@id\":\"https:\/\/www.estrategiaconcursos.com.br\/blog\/#organization\"}},{\"@type\":\"WebPage\",\"@id\":\"https:\/\/www.estrategiaconcursos.com.br\/blog\/edital-prf\/\",\"url\":\"https:\/\/www.estrategiaconcursos.com.br\/blog\/edital-prf\/\",\"name\":\"Edital PRF: inscri\u00e7\u00f5es encerradas. S\u00e3o 1.500 vagas!\",\"isPartOf\":{\"@id\":\"https:\/\/www.estrategiaconcursos.com.br\/blog\/#website\"},\"primaryImageOfPage\":{\"@id\":\"https:\/\/www.estrategiaconcursos.com.br\/blog\/edital-prf\/#primaryimage\"},\"image\":{\"@id\":\"https:\/\/www.estrategiaconcursos.com.br\/blog\/edital-prf\/#primaryimage\"},\"thumbnailUrl\":\"https:\/\/dhg1h5j42swfq.cloudfront.net\/2021\/01\/19115344\/prf-espanhol-1-1.jpg\",\"datePublished\":\"2021-02-12T20:59:00+00:00\",\"dateModified\":\"2023-02-14T00:22:25+00:00\",\"description\":\"Edital PRF: PUBLICADO! S\u00e3o 1.500 vagas para Policial Rodovi\u00e1rio, cargo de n\u00edvel superior. Provas agendadas para 28 de mar\u00e7o!\",\"breadcrumb\":{\"@id\":\"https:\/\/www.estrategiaconcursos.com.br\/blog\/edital-prf\/#breadcrumb\"},\"inLanguage\":\"pt-BR\",\"potentialAction\":[{\"@type\":\"ReadAction\",\"target\":[\"https:\/\/www.estrategiaconcursos.com.br\/blog\/edital-prf\/\"]}]},{\"@type\":\"ImageObject\",\"inLanguage\":\"pt-BR\",\"@id\":\"https:\/\/www.estrategiaconcursos.com.br\/blog\/edital-prf\/#primaryimage\",\"url\":\"https:\/\/dhg1h5j42swfq.cloudfront.net\/2021\/01\/19115344\/prf-espanhol-1-1.jpg\",\"contentUrl\":\"https:\/\/dhg1h5j42swfq.cloudfront.net\/2021\/01\/19115344\/prf-espanhol-1-1.jpg\",\"width\":400,\"height\":212,\"caption\":\"PRF\"},{\"@type\":\"BreadcrumbList\",\"@id\":\"https:\/\/www.estrategiaconcursos.com.br\/blog\/edital-prf\/#breadcrumb\",\"itemListElement\":[{\"@type\":\"ListItem\",\"position\":1,\"name\":\"In\u00edcio\",\"item\":\"https:\/\/www.estrategiaconcursos.com.br\/blog\/\"},{\"@type\":\"ListItem\",\"position\":2,\"name\":\"Edital PRF: inscri\u00e7\u00f5es encerradas. S\u00e3o 1.500 vagas!\"}]},{\"@type\":\"WebSite\",\"@id\":\"https:\/\/www.estrategiaconcursos.com.br\/blog\/#website\",\"url\":\"https:\/\/www.estrategiaconcursos.com.br\/blog\/\",\"name\":\"Estrat\u00e9gia Concursos\",\"description\":\"O blog da Estrat\u00e9gia Concursos traz not\u00edcias sobre concursos e artigos de professores oferecendo cursos para concursos (pdf + videaulas) no site.\",\"publisher\":{\"@id\":\"https:\/\/www.estrategiaconcursos.com.br\/blog\/#organization\"},\"potentialAction\":[{\"@type\":\"SearchAction\",\"target\":{\"@type\":\"EntryPoint\",\"urlTemplate\":\"https:\/\/www.estrategiaconcursos.com.br\/blog\/?s={search_term_string}\"},\"query-input\":{\"@type\":\"PropertyValueSpecification\",\"valueRequired\":true,\"valueName\":\"search_term_string\"}}],\"inLanguage\":\"pt-BR\"},{\"@type\":\"Organization\",\"@id\":\"https:\/\/www.estrategiaconcursos.com.br\/blog\/#organization\",\"name\":\"Estrat\u00e9gia Concursos\",\"url\":\"https:\/\/www.estrategiaconcursos.com.br\/blog\/\",\"logo\":{\"@type\":\"ImageObject\",\"inLanguage\":\"pt-BR\",\"@id\":\"https:\/\/www.estrategiaconcursos.com.br\/blog\/#\/schema\/logo\/image\/\",\"url\":\"https:\/\/dhg1h5j42swfq.cloudfront.net\/2025\/06\/03203428\/logo_concursos-1.jpg\",\"contentUrl\":\"https:\/\/dhg1h5j42swfq.cloudfront.net\/2025\/06\/03203428\/logo_concursos-1.jpg\",\"width\":230,\"height\":60,\"caption\":\"Estrat\u00e9gia Concursos\"},\"image\":{\"@id\":\"https:\/\/www.estrategiaconcursos.com.br\/blog\/#\/schema\/logo\/image\/\"},\"sameAs\":[\"https:\/\/x.com\/EstratConcursos\"]},{\"@type\":\"Person\",\"@id\":\"https:\/\/www.estrategiaconcursos.com.br\/blog\/#\/schema\/person\/b4a388c97673c5f483d72185668afa1f\",\"name\":\"Coordena\u00e7\u00e3o\",\"image\":{\"@type\":\"ImageObject\",\"inLanguage\":\"pt-BR\",\"@id\":\"https:\/\/secure.gravatar.com\/avatar\/b720319e4c9a967eb58678d110f4fe35452fc5d5f97b202bac7b8acceb18c6ad?s=96&d=mm&r=g\",\"url\":\"https:\/\/secure.gravatar.com\/avatar\/b720319e4c9a967eb58678d110f4fe35452fc5d5f97b202bac7b8acceb18c6ad?s=96&d=mm&r=g\",\"contentUrl\":\"https:\/\/secure.gravatar.com\/avatar\/b720319e4c9a967eb58678d110f4fe35452fc5d5f97b202bac7b8acceb18c6ad?s=96&d=mm&r=g\",\"caption\":\"Coordena\u00e7\u00e3o\"},\"sameAs\":[\"https:\/\/www.facebook.com\/EstrategiaConcursos\",\"https:\/\/x.com\/EstratConcursos\"],\"url\":\"https:\/\/www.estrategiaconcursos.com.br\/blog\/author\/estrategia2013\/\"}]}<\/script>\n<!-- \/ Yoast SEO Premium plugin. -->","yoast_head_json":{"title":"Edital PRF: inscri\u00e7\u00f5es encerradas. S\u00e3o 1.500 vagas!","description":"Edital PRF: PUBLICADO! S\u00e3o 1.500 vagas para Policial Rodovi\u00e1rio, cargo de n\u00edvel superior. Provas agendadas para 28 de mar\u00e7o!","robots":{"index":"index","follow":"follow","max-snippet":"max-snippet:-1","max-image-preview":"max-image-preview:large","max-video-preview":"max-video-preview:-1"},"canonical":"https:\/\/www.estrategiaconcursos.com.br\/blog\/edital-prf\/","og_locale":"pt_BR","og_type":"article","og_title":"Edital PRF: inscri\u00e7\u00f5es encerradas. S\u00e3o 1.500 vagas!","og_description":"Edital PRF: PUBLICADO! S\u00e3o 1.500 vagas para Policial Rodovi\u00e1rio, cargo de n\u00edvel superior. Provas agendadas para 28 de mar\u00e7o!","og_url":"https:\/\/www.estrategiaconcursos.com.br\/blog\/edital-prf\/","og_site_name":"Estrat\u00e9gia Concursos","article_author":"https:\/\/www.facebook.com\/EstrategiaConcursos","article_published_time":"2021-02-12T20:59:00+00:00","article_modified_time":"2023-02-14T00:22:25+00:00","og_image":[{"width":400,"height":212,"url":"https:\/\/dhg1h5j42swfq.cloudfront.net\/2021\/01\/19115344\/prf-espanhol-1-1.jpg","type":"image\/jpeg"}],"author":"Coordena\u00e7\u00e3o","twitter_card":"summary_large_image","twitter_creator":"@EstratConcursos","twitter_site":"@EstratConcursos","twitter_misc":{"Escrito por":"Coordena\u00e7\u00e3o","Est. tempo de leitura":"7 minutos"},"schema":{"@context":"https:\/\/schema.org","@graph":[{"@type":"NewsArticle","@id":"https:\/\/www.estrategiaconcursos.com.br\/blog\/edital-prf\/#article","isPartOf":{"@id":"https:\/\/www.estrategiaconcursos.com.br\/blog\/edital-prf\/"},"author":{"name":"Coordena\u00e7\u00e3o","@id":"https:\/\/www.estrategiaconcursos.com.br\/blog\/#\/schema\/person\/b4a388c97673c5f483d72185668afa1f"},"headline":"Edital PRF: inscri\u00e7\u00f5es encerradas. S\u00e3o 1.500 vagas!","datePublished":"2021-02-12T20:59:00+00:00","dateModified":"2023-02-14T00:22:25+00:00","mainEntityOfPage":{"@id":"https:\/\/www.estrategiaconcursos.com.br\/blog\/edital-prf\/"},"wordCount":1368,"commentCount":0,"publisher":{"@id":"https:\/\/www.estrategiaconcursos.com.br\/blog\/#organization"},"image":{"@id":"https:\/\/www.estrategiaconcursos.com.br\/blog\/edital-prf\/#primaryimage"},"thumbnailUrl":"https:\/\/dhg1h5j42swfq.cloudfront.net\/2021\/01\/19115344\/prf-espanhol-1-1.jpg","articleSection":["Policial (Agente, Escriv\u00e3o e Investigador)"],"inLanguage":"pt-BR","potentialAction":[{"@type":"CommentAction","name":"Comment","target":["https:\/\/www.estrategiaconcursos.com.br\/blog\/edital-prf\/#respond"]}],"copyrightYear":"2021","copyrightHolder":{"@id":"https:\/\/www.estrategiaconcursos.com.br\/blog\/#organization"}},{"@type":"WebPage","@id":"https:\/\/www.estrategiaconcursos.com.br\/blog\/edital-prf\/","url":"https:\/\/www.estrategiaconcursos.com.br\/blog\/edital-prf\/","name":"Edital PRF: inscri\u00e7\u00f5es encerradas. S\u00e3o 1.500 vagas!","isPartOf":{"@id":"https:\/\/www.estrategiaconcursos.com.br\/blog\/#website"},"primaryImageOfPage":{"@id":"https:\/\/www.estrategiaconcursos.com.br\/blog\/edital-prf\/#primaryimage"},"image":{"@id":"https:\/\/www.estrategiaconcursos.com.br\/blog\/edital-prf\/#primaryimage"},"thumbnailUrl":"https:\/\/dhg1h5j42swfq.cloudfront.net\/2021\/01\/19115344\/prf-espanhol-1-1.jpg","datePublished":"2021-02-12T20:59:00+00:00","dateModified":"2023-02-14T00:22:25+00:00","description":"Edital PRF: PUBLICADO! S\u00e3o 1.500 vagas para Policial Rodovi\u00e1rio, cargo de n\u00edvel superior. Provas agendadas para 28 de mar\u00e7o!","breadcrumb":{"@id":"https:\/\/www.estrategiaconcursos.com.br\/blog\/edital-prf\/#breadcrumb"},"inLanguage":"pt-BR","potentialAction":[{"@type":"ReadAction","target":["https:\/\/www.estrategiaconcursos.com.br\/blog\/edital-prf\/"]}]},{"@type":"ImageObject","inLanguage":"pt-BR","@id":"https:\/\/www.estrategiaconcursos.com.br\/blog\/edital-prf\/#primaryimage","url":"https:\/\/dhg1h5j42swfq.cloudfront.net\/2021\/01\/19115344\/prf-espanhol-1-1.jpg","contentUrl":"https:\/\/dhg1h5j42swfq.cloudfront.net\/2021\/01\/19115344\/prf-espanhol-1-1.jpg","width":400,"height":212,"caption":"PRF"},{"@type":"BreadcrumbList","@id":"https:\/\/www.estrategiaconcursos.com.br\/blog\/edital-prf\/#breadcrumb","itemListElement":[{"@type":"ListItem","position":1,"name":"In\u00edcio","item":"https:\/\/www.estrategiaconcursos.com.br\/blog\/"},{"@type":"ListItem","position":2,"name":"Edital PRF: inscri\u00e7\u00f5es encerradas. S\u00e3o 1.500 vagas!"}]},{"@type":"WebSite","@id":"https:\/\/www.estrategiaconcursos.com.br\/blog\/#website","url":"https:\/\/www.estrategiaconcursos.com.br\/blog\/","name":"Estrat\u00e9gia Concursos","description":"O blog da Estrat\u00e9gia Concursos traz not\u00edcias sobre concursos e artigos de professores oferecendo cursos para concursos (pdf + videaulas) no site.","publisher":{"@id":"https:\/\/www.estrategiaconcursos.com.br\/blog\/#organization"},"potentialAction":[{"@type":"SearchAction","target":{"@type":"EntryPoint","urlTemplate":"https:\/\/www.estrategiaconcursos.com.br\/blog\/?s={search_term_string}"},"query-input":{"@type":"PropertyValueSpecification","valueRequired":true,"valueName":"search_term_string"}}],"inLanguage":"pt-BR"},{"@type":"Organization","@id":"https:\/\/www.estrategiaconcursos.com.br\/blog\/#organization","name":"Estrat\u00e9gia Concursos","url":"https:\/\/www.estrategiaconcursos.com.br\/blog\/","logo":{"@type":"ImageObject","inLanguage":"pt-BR","@id":"https:\/\/www.estrategiaconcursos.com.br\/blog\/#\/schema\/logo\/image\/","url":"https:\/\/dhg1h5j42swfq.cloudfront.net\/2025\/06\/03203428\/logo_concursos-1.jpg","contentUrl":"https:\/\/dhg1h5j42swfq.cloudfront.net\/2025\/06\/03203428\/logo_concursos-1.jpg","width":230,"height":60,"caption":"Estrat\u00e9gia Concursos"},"image":{"@id":"https:\/\/www.estrategiaconcursos.com.br\/blog\/#\/schema\/logo\/image\/"},"sameAs":["https:\/\/x.com\/EstratConcursos"]},{"@type":"Person","@id":"https:\/\/www.estrategiaconcursos.com.br\/blog\/#\/schema\/person\/b4a388c97673c5f483d72185668afa1f","name":"Coordena\u00e7\u00e3o","image":{"@type":"ImageObject","inLanguage":"pt-BR","@id":"https:\/\/secure.gravatar.com\/avatar\/b720319e4c9a967eb58678d110f4fe35452fc5d5f97b202bac7b8acceb18c6ad?s=96&d=mm&r=g","url":"https:\/\/secure.gravatar.com\/avatar\/b720319e4c9a967eb58678d110f4fe35452fc5d5f97b202bac7b8acceb18c6ad?s=96&d=mm&r=g","contentUrl":"https:\/\/secure.gravatar.com\/avatar\/b720319e4c9a967eb58678d110f4fe35452fc5d5f97b202bac7b8acceb18c6ad?s=96&d=mm&r=g","caption":"Coordena\u00e7\u00e3o"},"sameAs":["https:\/\/www.facebook.com\/EstrategiaConcursos","https:\/\/x.com\/EstratConcursos"],"url":"https:\/\/www.estrategiaconcursos.com.br\/blog\/author\/estrategia2013\/"}]}},"_links":{"self":[{"href":"https:\/\/www.estrategiaconcursos.com.br\/blog\/wp-json\/wp\/v2\/posts\/652588","targetHints":{"allow":["GET"]}}],"collection":[{"href":"https:\/\/www.estrategiaconcursos.com.br\/blog\/wp-json\/wp\/v2\/posts"}],"about":[{"href":"https:\/\/www.estrategiaconcursos.com.br\/blog\/wp-json\/wp\/v2\/types\/post"}],"author":[{"embeddable":true,"href":"https:\/\/www.estrategiaconcursos.com.br\/blog\/wp-json\/wp\/v2\/users\/1"}],"replies":[{"embeddable":true,"href":"https:\/\/www.estrategiaconcursos.com.br\/blog\/wp-json\/wp\/v2\/comments?post=652588"}],"version-history":[{"count":41,"href":"https:\/\/www.estrategiaconcursos.com.br\/blog\/wp-json\/wp\/v2\/posts\/652588\/revisions"}],"predecessor-version":[{"id":1170817,"href":"https:\/\/www.estrategiaconcursos.com.br\/blog\/wp-json\/wp\/v2\/posts\/652588\/revisions\/1170817"}],"wp:featuredmedia":[{"embeddable":true,"href":"https:\/\/www.estrategiaconcursos.com.br\/blog\/wp-json\/wp\/v2\/media\/653526"}],"wp:attachment":[{"href":"https:\/\/www.estrategiaconcursos.com.br\/blog\/wp-json\/wp\/v2\/media?parent=652588"}],"wp:term":[{"taxonomy":"category","embeddable":true,"href":"https:\/\/www.estrategiaconcursos.com.br\/blog\/wp-json\/wp\/v2\/categories?post=652588"},{"taxonomy":"post_tag","embeddable":true,"href":"https:\/\/www.estrategiaconcursos.com.br\/blog\/wp-json\/wp\/v2\/tags?post=652588"},{"taxonomy":"tax_estado","embeddable":true,"href":"https:\/\/www.estrategiaconcursos.com.br\/blog\/wp-json\/wp\/v2\/tax_estado?post=652588"}],"curies":[{"name":"wp","href":"https:\/\/api.w.org\/{rel}","templated":true}]}}