{"id":65244,"date":"2026-04-28T18:20:00","date_gmt":"2026-04-28T21:20:00","guid":{"rendered":"https:\/\/www.estrategiaconcursos.com.br\/blog\/?p=65244"},"modified":"2026-04-28T18:22:21","modified_gmt":"2026-04-28T21:22:21","slug":"concurso-pm-pi","status":"publish","type":"post","link":"https:\/\/www.estrategiaconcursos.com.br\/blog\/concurso-pm-pi\/","title":{"rendered":"Concurso PM PI: edital com 1.000 vagas. Banca definida!"},"content":{"rendered":"\n<p style=\"font-size:clamp(15.747px, 0.984rem + ((1vw - 3.2px) * 0.809), 24px);\"><em><strong>Novo Concurso PM PI ter\u00e1 a FCC como banca organizadora; edital deve sair em junho!<\/strong><\/em><\/p>\n\n\n\n<div style=\"height:20px\" aria-hidden=\"true\" class=\"wp-block-spacer\"><\/div>\n\n\n\n<hr class=\"wp-block-separator has-alpha-channel-opacity\"\/>\n\n\n<a id=\"cta-icon\" href=\"https:\/\/www.redirectmais.com\/wpp\/pm-pi-grupo\" target=\"blank\" style=\"background:rgb(41,166,26)\">\n            <img decoding=\"async\" src=\"https:\/\/dhg1h5j42swfq.cloudfront.net\/2023\/12\/07154107\/whatsapp_13851.png\" alt=\"logo grupo whatsapp estrat\u00e9gia concursos\" alt=\"whatsapp_1385[1]\"><span > Acesse agora o Grupo de Estudos para o Concurso PM PI<\/span><\/a>\n\n\n\n<div style=\"height:20px\" aria-hidden=\"true\" class=\"wp-block-spacer\"><\/div>\n\n\n\n<p>Novidades sobre o <strong>Concurso PM PI<\/strong> (<a href=\"https:\/\/www.estrategiaconcursos.com.br\/cursosPorConcurso\/policia-militar-do-piaui-pm-pi\" target=\"_blank\" rel=\"noreferrer noopener\">Pol\u00edcia Militar do Estado do Piau\u00ed<\/a>): segundo o comandante-geral, coronel Scheiwann Lopes, a banca est\u00e1 definida.<\/p>\n\n\n\n<p>Em nova entrevista realizada, o coronel revelou que a <strong><a href=\"https:\/\/www.estrategiaconcursos.com.br\/blog\/concurso-pm-pi-2026-comandante-fcc-banca\/\" target=\"_blank\" rel=\"noreferrer noopener\">FCC apresentou a melhor proposta<\/a><\/strong> e foi a empresa escolhida. Al\u00e9m disso, segundo o governador, o <strong><a href=\"https:\/\/www.estrategiaconcursos.com.br\/blog\/concurso-pm-pi-2026-edital-junho-mil-vagas\/\" target=\"_blank\" rel=\"noreferrer noopener\">edital ser\u00e1 publicado em junho<\/a><\/strong>.<\/p>\n\n\n\n<p>Ser\u00e3o ofertadas mais de mil vagas, sendo <strong>1.000 para o cargo de Soldado<\/strong> (500 imediatas e 500 em cadastro de reserva), al\u00e9m de <strong>1 vaga para Capel\u00e3o<\/strong>.<\/p>\n\n\n\n<p>&#8220;<em>Mais uma excelente not\u00edcia para a seguran\u00e7a p\u00fablica do Estado do Piau\u00ed. Estou publicando hoje o decreto que autoriza o concurso p\u00fablico para a Pol\u00edcia Militar do Piau\u00ed. Ser\u00e3o mais de 1.000 vagas, sendo 500 para nomea\u00e7\u00e3o imediata para fortalecer os quadros da nossa Pol\u00edcia Militar. Voc\u00ea que quer ingressar na carreira policial, aproveite essa \u00f3tima oportunidade de ingressar no servi\u00e7o p\u00fablico do estado do Piau\u00ed<\/em>&#8220;, anunciou.<\/p>\n\n\n\n<ul class=\"wp-block-list has-very-light-gray-to-cyan-bluish-gray-gradient-background has-background\">\n<li><strong>Concurso PM PI &#8211; Soldado<\/strong><\/li>\n\n\n\n<li><strong style=\"background-color: initial; color: initial;\">Situa\u00e7\u00e3o<\/strong>: banca definida<\/li>\n\n\n\n<li><strong>Banca<\/strong>: FCC<\/li>\n\n\n\n<li><strong>Vagas<\/strong>: 1.001<\/li>\n\n\n\n<li><strong>Sal\u00e1rio inicial<\/strong>: R$ 4.237,49 e R$ 8.874,19<\/li>\n\n\n\n<li><strong>\u00daltimo edital<\/strong>:&nbsp;<a href=\"https:\/\/dhg1h5j42swfq.cloudfront.net\/2021\/06\/01143557\/edital_002_2021_soldadopmpi-1.pdf\" target=\"_blank\" rel=\"noreferrer noopener nofollow\">Soldado PMPI-2021<\/a><\/li>\n<\/ul>\n\n\n\n<p>Se voc\u00ea quer ficar por dentro de todas as informa\u00e7\u00f5es do concurso da Pol\u00edcia Militar do Piau\u00ed, est\u00e1 no lugar certo! Neste artigo \u00e9 poss\u00edvel encontrar tudo o que precisa:<\/p>\n\n\n\n<ul id=\"indice\" class=\"wp-block-list\">\n<li><strong><a href=\"#situacao-atual-pm-pi\">Situa\u00e7\u00e3o atual<\/a><\/strong>\n<ul class=\"wp-block-list\">\n<li><a href=\"#banca\">Banca organizadora<\/a><\/li>\n\n\n\n<li><a href=\"#aut\">Edital autorizado<\/a><\/li>\n<\/ul>\n<\/li>\n\n\n\n<li><strong><a href=\"#edital-2021\">Edital 2021<\/a><\/strong>\n<ul class=\"wp-block-list\">\n<li><a href=\"#cargo-2021\">Cargos e vagas<\/a><\/li>\n\n\n\n<li><a href=\"#etapas-2021\">Etapas do concurso<\/a><\/li>\n\n\n\n<li><a href=\"#estrategico-2021\">Edital Estrat\u00e9gico<\/a><\/li>\n<\/ul>\n<\/li>\n\n\n\n<li><strong><a href=\"#edital-2017\">Edital 2017<\/a><\/strong>\n<ul class=\"wp-block-list\">\n<li><a href=\"#vagas-concorrencia\">Vagas e concorr\u00eancia<\/a><\/li>\n\n\n\n<li><a href=\"#etapas-2017\">Etapas<\/a><\/li>\n\n\n\n<li><a href=\"#nota-corte\">Nota de corte<\/a><\/li>\n<\/ul>\n<\/li>\n\n\n\n<li><strong><a href=\"#cursos-e-assinaturas\">Cursos e Assinaturas<\/a><\/strong><\/li>\n\n\n\n<li><strong><a href=\"#ficha\">Ficha t\u00e9cnica<\/a><\/strong><\/li>\n<\/ul>\n\n\n\n<div class=\"container\" id=\"boxes\">\n  <div class=\"row\">\n\n    <div class=\"col-sm\">\n      <div class=\"banner-policia-militar\" id=\"box-assinatura\">\n        <h2 class=\"titulo-assinatura\">Concurso PM PI<\/h2>\n        <p class=\"subtitulo-assinatura\">Explore os cursos para a carreira na PM \u2728<\/p>\n        <div class=\"box-botao\">\n          <a class=\"btn-assinatura\" target=\"_blank\" href=\"https:\/\/www.estrategiaconcursos.com.br\/cursosPorConcurso\/policia-militar-do-piaui-pm-pi\" role=\"button\" rel=\"noopener noreferrer\">ESTUDE CONOSCO<\/a>\n        <\/div>\n      <\/div><\/div><\/div><\/div>\n\n\n\n<h2 class=\"wp-block-heading has-cyan-bluish-gray-background-color has-background\" id=\"situacao-atual-pm-pi\">Concurso PM PI: situa\u00e7\u00e3o atual<\/h2>\n\n\n\n<p>Veja abaixo as informa\u00e7\u00f5es mais importantes sobre o novo Concurso PM PI:<\/p>\n\n\n\n<h3 class=\"wp-block-heading\" id=\"banca\">Banca organizadora e projeto b\u00e1sico<\/h3>\n\n\n\n<p>O concurso da PM PI teve novidades na escolha da banca organizadora: a <strong>Funda\u00e7\u00e3o Carlos Chagas (FCC) foi a empresa escolhida<\/strong>.<\/p>\n\n\n\n<p>A informa\u00e7\u00e3o foi confirmada pelo comandante-geral da Pol\u00edcia Militar do Piau\u00ed, coronel Scheiwann Lopes.<\/p>\n\n\n\n<p><em>&#8220;A princ\u00edpio, j\u00e1 oficializamos a FCC, se n\u00e3o me engano ela foi a vencedora porque teve a melhor proposta, sobre as quest\u00f5es quantitativas, pre\u00e7os e qualidade. Iremos avan\u00e7ar.&#8221;<\/em><\/p>\n\n\n\n<p>Al\u00e9m disso, segundo informa\u00e7\u00f5es reveladas pelo governador Rafael Fonteles, o <strong><a href=\"https:\/\/www.estrategiaconcursos.com.br\/blog\/concurso-pm-pi-2026-edital-junho-mil-vagas\/\" target=\"_blank\" rel=\"noreferrer noopener\">edital PM PI \u00e9 previsto para ser publicado em junho<\/a><\/strong>.<\/p>\n\n\n\n<p>De acordo com o projeto b\u00e1sico, o novo concurso da Pol\u00edcia Militar do Piau\u00ed 2026 dever\u00e1 ofertar 1.001 vagas, sendo:<\/p>\n\n\n\n<ul class=\"wp-block-list\">\n<li><strong>500 vagas imediatas para Soldado PM<\/strong>, distribu\u00eddas em:\n<ul class=\"wp-block-list\">\n<li>375 para ampla concorr\u00eancia<\/li>\n\n\n\n<li>125 destinadas a candidatos negros e\/ou pardos<\/li>\n<\/ul>\n<\/li>\n\n\n\n<li><strong>500 vagas em cadastro de reserva para Soldado PM<\/strong>, seguindo a mesma divis\u00e3o<\/li>\n\n\n\n<li><strong>1 vaga imediata para o cargo de Oficial Capel\u00e3o<\/strong><\/li>\n<\/ul>\n\n\n\n<p>Para participar, ser\u00e1 necess\u00e1rio possuir n\u00edvel superior completo, idade entre 18 e 35 anos, altura m\u00ednima de 1,60m (homens) e 1,55m (mulheres), al\u00e9m de Carteira Nacional de Habilita\u00e7\u00e3o nas categorias A e B.<\/p>\n\n\n\n<p>O certame ser\u00e1 composto por cinco fases: provas objetiva e dissertativa, exame de sa\u00fade, teste de aptid\u00e3o f\u00edsica, avalia\u00e7\u00e3o psicol\u00f3gica e investiga\u00e7\u00e3o social.<\/p>\n\n\n\n<ul class=\"wp-block-list\">\n<li><a href=\"https:\/\/dhg1h5j42swfq.cloudfront.net\/2026\/04\/16184551\/sei_gov-pi-0023149512-projeto-basico.pdf\" target=\"_blank\" rel=\"noreferrer noopener nofollow\">Projeto b\u00e1sico do Concurso PM PI<\/a><\/li>\n<\/ul>\n\n\n\n<h3 class=\"wp-block-heading\" id=\"aut\">Edital autorizado<\/h3>\n\n\n\n<p>Nas redes sociais, o governador informou que assinou o decreto de autoriza\u00e7\u00e3o do novo concurso PM PI. <\/p>\n\n\n\n<p>A publica\u00e7\u00e3o no Di\u00e1rio Oficial confirma a oferta de <strong>1.000 vagas para Soldado<\/strong>, sendo 500 imediatas e 500 em cadastro de reserva, e <strong>1 vaga para Capel\u00e3o<\/strong>.<\/p>\n\n\n\n<figure class=\"wp-block-image aligncenter size-full\"><img loading=\"lazy\" decoding=\"async\" width=\"557\" height=\"679\" src=\"https:\/\/dhg1h5j42swfq.cloudfront.net\/2025\/12\/30233503\/image-277.png\" alt=\"Aval para a realiza\u00e7\u00e3o do concurso PM PI\" class=\"wp-image-1692303\" srcset=\"https:\/\/dhg1h5j42swfq.cloudfront.net\/2025\/12\/30233503\/image-277.png 557w, https:\/\/dhg1h5j42swfq.cloudfront.net\/2025\/12\/30233503\/image-277-246x300.png 246w, https:\/\/dhg1h5j42swfq.cloudfront.net\/2025\/12\/30233503\/image-277-150x183.png 150w\" sizes=\"auto, (max-width: 557px) 100vw, 557px\" \/><figcaption class=\"wp-element-caption\">Aval para a realiza\u00e7\u00e3o do concurso PM PI<\/figcaption><\/figure>\n\n\n\n<h2 class=\"wp-block-heading has-cyan-bluish-gray-background-color has-background\" id=\"edital-2021\">Concurso PM PI: informa\u00e7\u00f5es do edital 2021<\/h2>\n\n\n\n<h3 class=\"wp-block-heading\" id=\"cargo-2021\">Cargos, vagas e remunera\u00e7\u00f5es do concurso PM PI<\/h3>\n\n\n\n<h4 class=\"wp-block-heading\" id=\"medio\">N\u00edvel m\u00e9dio<\/h4>\n\n\n\n<figure class=\"wp-block-table is-style-stripes\"><table class=\"has-very-light-gray-to-cyan-bluish-gray-gradient-background has-background has-fixed-layout\"><thead><tr><th class=\"has-text-align-center\" data-align=\"center\"><strong>CARGO<\/strong><\/th><th class=\"has-text-align-center\" data-align=\"center\"><strong>VAGAS<\/strong><\/th><th class=\"has-text-align-center\" data-align=\"center\"><strong>SAL\u00c1RIO<\/strong><\/th><\/tr><\/thead><tbody><tr><td class=\"has-text-align-center\" data-align=\"center\">Soldado<\/td><td class=\"has-text-align-center\" data-align=\"center\">1.000 [ampliadas]<\/td><td class=\"has-text-align-center\" data-align=\"center\">R$ 3.470,66<\/td><\/tr><\/tbody><\/table><figcaption class=\"wp-element-caption\">Quadro de vagas e sal\u00e1rio para Soldado da PM PI<\/figcaption><\/figure>\n\n\n\n<p>Foram ofertadas 1.000 vagas [ampliadas] para ingresso no cargo de Pra\u00e7a da Pol\u00edcia Militar do Estado do Piau\u00ed (PM PI), na gradua\u00e7\u00e3o inicial de Soldado PM, sendo 900 aos candidatos do sexo masculino e 100 para candidatas do sexo feminino.<\/p>\n\n\n\n<h4 class=\"wp-block-heading\" id=\"superior\">N\u00edvel superior<\/h4>\n\n\n\n<figure class=\"wp-block-table is-style-stripes\"><table class=\"has-very-light-gray-to-cyan-bluish-gray-gradient-background has-background has-fixed-layout\"><thead><tr><th class=\"has-text-align-center\" data-align=\"center\"><strong>CARGO<\/strong><\/th><th class=\"has-text-align-center\" data-align=\"center\"><strong>VAGAS<\/strong><\/th><th class=\"has-text-align-center\" data-align=\"center\"><strong>SAL\u00c1RIO<\/strong><\/th><\/tr><\/thead><tbody><tr><td class=\"has-text-align-center\" data-align=\"center\">Oficial<\/td><td class=\"has-text-align-center\" data-align=\"center\">40<\/td><td class=\"has-text-align-center\" data-align=\"center\">R$ 5.367,12<\/td><\/tr><\/tbody><\/table><figcaption class=\"wp-element-caption\">Quadro de vagas e sal\u00e1rio para o cargo de Oficial da PM PI<\/figcaption><\/figure>\n\n\n\n<p>Das 40 vagas para matr\u00edcula em Curso de Forma\u00e7\u00e3o de Oficiais PM, para ingresso no cargo de Oficial PM, sendo 36 para candidatos do sexo masculino e 04 para candidatas do sexo feminino.<\/p>\n\n\n\n<ul class=\"wp-block-list\">\n<li>Curso superior de Bacharelado em Direito;<\/li>\n\n\n\n<li>Idades entre 18 e 35 anos;<\/li>\n\n\n\n<li>Altura m\u00ednima de 1,60m para homens e 1,55m para mulheres;<\/li>\n\n\n\n<li>Possuir Carteira Nacional de Habilita\u00e7\u00e3o (CNH), m\u00ednimo na categoria A-B.<\/li>\n<\/ul>\n\n\n\n<h3 class=\"wp-block-heading\" id=\"etapas-2021\">Etapas do concurso PM PI<\/h3>\n\n\n\n<p>O concurso PM PI foi composto pelas seguintes fases:<\/p>\n\n\n\n<ul class=\"wp-block-list\">\n<li><strong>Primeira Etapa<\/strong>, de car\u00e1ter eliminat\u00f3rio e classificat\u00f3rio, consistir\u00e1 na realiza\u00e7\u00e3o de Prova Escrita Objetiva e Dissertativa;<\/li>\n\n\n\n<li><strong>Segunda Etapa<\/strong>, de car\u00e1ter eliminat\u00f3rio, constar\u00e1 de Exame de Sa\u00fade (m\u00e9dico e odontol\u00f3gico);<\/li>\n\n\n\n<li><strong>Terceira Etapa<\/strong>, de car\u00e1ter eliminat\u00f3rio, compreender\u00e1 o Exame de Aptid\u00e3o F\u00edsica e constar\u00e1 de testes atl\u00e9ticos inerentes ao cargo;<\/li>\n\n\n\n<li><strong>Quarta Etapa<\/strong>, de car\u00e1ter eliminat\u00f3rio, consistir\u00e1 na aplica\u00e7\u00e3o de Avalia\u00e7\u00e3o Psicol\u00f3gica, na qual ser\u00e3o adotados crit\u00e9rios cient\u00edficos e objetivos, sendo vedada a realiza\u00e7\u00e3o de entrevistas;<\/li>\n\n\n\n<li><strong>Quinta Etapa<\/strong>, de car\u00e1ter eliminat\u00f3rio, consistir\u00e1 na Investiga\u00e7\u00e3o Social com a finalidade de averiguar atos da vida pregressa, bem como da vida atual do candidato.<\/li>\n<\/ul>\n\n\n\n<h4 class=\"wp-block-heading\" id=\"objetiva\">Prova Objetiva e Discursiva<\/h4>\n\n\n\n<p>A Primeira Etapa teve dura\u00e7\u00e3o de 5 horas, consistindo em uma Prova Escrita Objetiva do tipo m\u00faltipla escolha (cinco alternativas), contendo 60 quest\u00f5es, totalizando 80 pontos e uma Prova Escrita Dissertativa.<\/p>\n\n\n\n<p>Segundo o edital, as provas objetivas do concurso PM PI foram compostas pelas seguintes disciplinas:<\/p>\n\n\n\n<p><strong>&nbsp;Soldado<\/strong><\/p>\n\n\n\n<figure class=\"wp-block-image aligncenter size-large is-resized\"><img loading=\"lazy\" decoding=\"async\" width=\"705\" height=\"287\" src=\"https:\/\/dhg1h5j42swfq.cloudfront.net\/2021\/06\/01142352\/image-10.png\" alt=\"Quadro de disciplinas, pontos e n\u00famero de quest\u00f5es da prova objetiva para Soldado PM PI.\" class=\"wp-image-756990\" srcset=\"https:\/\/dhg1h5j42swfq.cloudfront.net\/2021\/06\/01142352\/image-10.png 705w, https:\/\/dhg1h5j42swfq.cloudfront.net\/2021\/06\/01142352\/image-10-300x122.png 300w, https:\/\/dhg1h5j42swfq.cloudfront.net\/2021\/06\/01142352\/image-10-610x248.png 610w\" sizes=\"auto, (max-width: 705px) 100vw, 705px\" \/><\/figure>\n\n\n\n<p><strong>Oficial<\/strong><\/p>\n\n\n\n<figure class=\"wp-block-image aligncenter size-large is-resized\"><img loading=\"lazy\" decoding=\"async\" width=\"810\" height=\"411\" src=\"https:\/\/dhg1h5j42swfq.cloudfront.net\/2021\/06\/01142458\/image-11.png\" alt=\"Quadro de disciplinas, pontos e n\u00famero de quest\u00f5es\" class=\"wp-image-756995\" srcset=\"https:\/\/dhg1h5j42swfq.cloudfront.net\/2021\/06\/01142458\/image-11.png 810w, https:\/\/dhg1h5j42swfq.cloudfront.net\/2021\/06\/01142458\/image-11-300x152.png 300w, https:\/\/dhg1h5j42swfq.cloudfront.net\/2021\/06\/01142458\/image-11-768x390.png 768w, https:\/\/dhg1h5j42swfq.cloudfront.net\/2021\/06\/01142458\/image-11-610x310.png 610w\" sizes=\"auto, (max-width: 810px) 100vw, 810px\" \/><\/figure>\n\n\n\n<p>A Prova Escrita Dissertativa deveria ser desenvolvida em 20 a 30 linhas, com caneta esferogr\u00e1fica de corpo transparente com tinta de cor preta. A reda\u00e7\u00e3o foi desenvolvida a partir de um tema de ordem pol\u00edtica, social ou cultural, em texto dissertativo.<\/p>\n\n\n\n<h4 class=\"wp-block-heading\" id=\"taf\">Teste de Aptid\u00e3o F\u00edsica<\/h4>\n\n\n\n<p>O <a href=\"https:\/\/www.estrategiaconcursos.com.br\/blog\/preparacao-teste-aptidao-fisica\/\" target=\"_blank\" rel=\"noreferrer noopener\">teste de aptid\u00e3o f\u00edsica<\/a> do concurso PM PI foi constitu\u00eddo dos seguintes exames:<\/p>\n\n\n\n<figure class=\"wp-block-table is-style-stripes\"><table class=\"has-very-light-gray-to-cyan-bluish-gray-gradient-background has-background has-fixed-layout\"><thead><tr><th class=\"has-text-align-center\" data-align=\"center\">Masculino<\/th><th class=\"has-text-align-center\" data-align=\"center\">Feminino<\/th><\/tr><\/thead><tbody><tr><td class=\"has-text-align-center\" data-align=\"center\">Flex\u00e3o e Extens\u00e3o na barra fixa (03 repeti\u00e7\u00f5es)<\/td><td class=\"has-text-align-center\" data-align=\"center\">Flex\u00e3o e Extens\u00e3o dos cotovelos (30 repeti\u00e7\u00f5es)<\/td><\/tr><tr><td class=\"has-text-align-center\" data-align=\"center\">Teste abdominal &#8211; tipo remador (30 repeti\u00e7\u00f5es)<\/td><td class=\"has-text-align-center\" data-align=\"center\">Teste abdominal &#8211; tipo remador (25 repeti\u00e7\u00f5es)<\/td><\/tr><tr><td class=\"has-text-align-center\" data-align=\"center\">Teste de corrida de 12 min (2.400m)<\/td><td class=\"has-text-align-center\" data-align=\"center\">Teste de corrida de 12 min (1.800m)<\/td><\/tr><\/tbody><\/table><figcaption class=\"wp-element-caption\">Quadro de exerc\u00edcios f\u00edsicos do TAF PM PI<\/figcaption><\/figure>\n\n\n\n<h2 class=\"wp-block-heading\" id=\"estrategico-2021\">Edital Estrat\u00e9gico PM PI: baixe gratuitamente<\/h2>\n\n\n\n<ul class=\"wp-block-list\">\n<li><strong><a href=\"https:\/\/drive.google.com\/file\/d\/1cPtV03ygYZRT_jTrSdPJx9D7W5-OQUp0\/view?usp=sharing\" target=\"_blank\" rel=\"noreferrer noopener\">Oficial<\/a><\/strong><\/li>\n\n\n\n<li><strong><a href=\"https:\/\/dhg1h5j42swfq.cloudfront.net\/2021\/06\/02142815\/edital-estrategico_pm-pi_soldados.xlsx\" target=\"_blank\" rel=\"noreferrer noopener nofollow\">Soldado<\/a><\/strong><\/li>\n<\/ul>\n\n\n\n<p><strong>IMPORTANTE:&nbsp;<\/strong>Ao clicar no link acima, vai ser aberta uma janela do Google Drive que tentar\u00e1 carregar a visualiza\u00e7\u00e3o da planilha no seu navegador. N\u00e3o h\u00e1 necessidade de esperar essa visualiza\u00e7\u00e3o (talvez at\u00e9 nem carregue, j\u00e1 que os arquivos s\u00e3o pesados).<\/p>\n\n\n\n<p>Fa\u00e7a o download clicando na seta para baixo no canto superior direito da janela do Google Drive que vai ser aberta ao clicar nos links acima.<\/p>\n\n\n\n<p>Todos os arquivos foram testados em diferentes computadores e celulares e est\u00e3o ok. Talvez alguma incompatibilidade (ou mensagem de erro, como \u201carquivo inv\u00e1lido\u201d) ocorra em virtude do seu pr\u00f3prio computador ou do tamanho dos arquivos que possuem mais conte\u00fado.<\/p>\n\n\n\n<h2 class=\"wp-block-heading has-cyan-bluish-gray-background-color has-background\" id=\"edital-2017\">Concurso PM PI: edital 2017<\/h2>\n\n\n\n<p><strong>Realizado em 2017<\/strong>, o \u00faltimo concurso PM PI foi organizado pelo NUCEPE, com<strong> 480 vagas para o cargo de Soldado<\/strong>. A remunera\u00e7\u00e3o inicial era de R$ 3.100,00.<\/p>\n\n\n\n<p>As vagas foram distribu\u00eddas entre lota\u00e7\u00f5es nas cidades do Piau\u00ed, sendo:<\/p>\n\n\n\n<div class=\"wp-block-columns is-layout-flex wp-container-core-columns-is-layout-28f84493 wp-block-columns-is-layout-flex\">\n<div class=\"wp-block-column is-layout-flow wp-block-column-is-layout-flow\">\n<ul class=\"wp-block-list\">\n<li>Parna\u00edba<\/li>\n\n\n\n<li>Floriano<\/li>\n\n\n\n<li>Picos<\/li>\n\n\n\n<li>Corrente<\/li>\n\n\n\n<li>Avelino Lopes<\/li>\n<\/ul>\n<\/div>\n\n\n\n<div class=\"wp-block-column is-layout-flow wp-block-column-is-layout-flow\">\n<ul class=\"wp-block-list\">\n<li>Uru\u00e7u\u00ed<\/li>\n\n\n\n<li>S\u00e3o Raimundo Nonato<\/li>\n\n\n\n<li>Piripiri<\/li>\n\n\n\n<li>Oeiras<\/li>\n\n\n\n<li>Bom Jesus<\/li>\n<\/ul>\n<\/div>\n<\/div>\n\n\n\n<h3 class=\"wp-block-heading\" id=\"vagas-concorrencia\">Vagas e concorr\u00eancia do \u00faltimo concurso<\/h3>\n\n\n\n<p><span style=\"color: #000000;\">O concurso PM PI<\/span>, de 2017, <strong>registrou 32.010 inscritos<\/strong>, que disputaram as 480 vagas, distribu\u00eddas entre sexo feminino e masculino, em v\u00e1rias cidades do Piau\u00ed.<\/p>\n\n\n\n<p><strong>FEMININO<\/strong>:<\/p>\n\n\n\n<figure class=\"wp-block-table aligncenter is-style-stripes\"><table class=\"has-very-light-gray-to-cyan-bluish-gray-gradient-background has-background has-fixed-layout\"><tbody><tr><td class=\"has-text-align-center\" data-align=\"center\"><strong>LOTA\u00c7\u00c3O<\/strong><\/td><td class=\"has-text-align-center\" data-align=\"center\"><strong>INSCRITOS<\/strong><\/td><td class=\"has-text-align-center\" data-align=\"center\"><strong>VAGAS<\/strong><\/td><td class=\"has-text-align-center\" data-align=\"center\"><strong>M\u00c9DIA<\/strong><\/td><\/tr><tr><td class=\"has-text-align-center\" data-align=\"center\">Parna\u00edba <\/td><td class=\"has-text-align-center\" data-align=\"center\"> 1993 <\/td><td class=\"has-text-align-center\" data-align=\"center\"> 9 <\/td><td class=\"has-text-align-center\" data-align=\"center\"> 221 <\/td><\/tr><tr><td class=\"has-text-align-center\" data-align=\"center\">Floriano <\/td><td class=\"has-text-align-center\" data-align=\"center\"> 839 <\/td><td class=\"has-text-align-center\" data-align=\"center\"> 5 <\/td><td class=\"has-text-align-center\" data-align=\"center\"> 168<\/td><\/tr><tr><td class=\"has-text-align-center\" data-align=\"center\">Picos <\/td><td class=\"has-text-align-center\" data-align=\"center\"> 1028 <\/td><td class=\"has-text-align-center\" data-align=\"center\"> 6 <\/td><td class=\"has-text-align-center\" data-align=\"center\"> 171 <\/td><\/tr><tr><td class=\"has-text-align-center\" data-align=\"center\">Corrente <\/td><td class=\"has-text-align-center\" data-align=\"center\"> 732 <\/td><td class=\"has-text-align-center\" data-align=\"center\"> 6 <\/td><td class=\"has-text-align-center\" data-align=\"center\"> 122 <\/td><\/tr><tr><td class=\"has-text-align-center\" data-align=\"center\">Avelino Lopes<\/td><td class=\"has-text-align-center\" data-align=\"center\"> 165 <\/td><td class=\"has-text-align-center\" data-align=\"center\"> 3 <\/td><td class=\"has-text-align-center\" data-align=\"center\"> 55 <\/td><\/tr><tr><td class=\"has-text-align-center\" data-align=\"center\">Uru\u00e7u\u00ed <\/td><td class=\"has-text-align-center\" data-align=\"center\"> 970 <\/td><td class=\"has-text-align-center\" data-align=\"center\"> 6 <\/td><td class=\"has-text-align-center\" data-align=\"center\"> 162<\/td><\/tr><tr><td class=\"has-text-align-center\" data-align=\"center\">S\u00e3o Raimundo Nonato<\/td><td class=\"has-text-align-center\" data-align=\"center\"> 375 <\/td><td class=\"has-text-align-center\" data-align=\"center\"> 4 <\/td><td class=\"has-text-align-center\" data-align=\"center\"> 94<\/td><\/tr><tr><td class=\"has-text-align-center\" data-align=\"center\">Piripiri <\/td><td class=\"has-text-align-center\" data-align=\"center\"> 871 <\/td><td class=\"has-text-align-center\" data-align=\"center\"> 4 <\/td><td class=\"has-text-align-center\" data-align=\"center\"> 218<\/td><\/tr><tr><td class=\"has-text-align-center\" data-align=\"center\">Oeiras <\/td><td class=\"has-text-align-center\" data-align=\"center\"> 522 <\/td><td class=\"has-text-align-center\" data-align=\"center\"> 4 <\/td><td class=\"has-text-align-center\" data-align=\"center\"> 130 <\/td><\/tr><tr><td class=\"has-text-align-center\" data-align=\"center\">Bom Jesus <\/td><td class=\"has-text-align-center\" data-align=\"center\"> 196 <\/td><td class=\"has-text-align-center\" data-align=\"center\"> 3 <\/td><td class=\"has-text-align-center\" data-align=\"center\"> 65 <\/td><\/tr><\/tbody><\/table><figcaption class=\"wp-element-caption\">Tabela de concorr\u00eancia por cidade para sexo feminino<\/figcaption><\/figure>\n\n\n\n<p><br \/><strong>MASCULINO<\/strong>:<\/p>\n\n\n\n<figure class=\"wp-block-table aligncenter is-style-stripes\"><table class=\"has-very-light-gray-to-cyan-bluish-gray-gradient-background has-background has-fixed-layout\"><tbody><tr><td class=\"has-text-align-center\" data-align=\"center\"><strong>LOTA\u00c7\u00c3O<\/strong><\/td><td class=\"has-text-align-center\" data-align=\"center\"><strong>INSCRITOS<\/strong><\/td><td class=\"has-text-align-center\" data-align=\"center\"><strong>VAGAS<\/strong><\/td><td class=\"has-text-align-center\" data-align=\"center\"><strong>M\u00c9DIA<\/strong><\/td><\/tr><tr><td class=\"has-text-align-center\" data-align=\"center\">Parna\u00edba <\/td><td class=\"has-text-align-center\" data-align=\"center\"> 5.412 <\/td><td class=\"has-text-align-center\" data-align=\"center\"> 81 <\/td><td class=\"has-text-align-center\" data-align=\"center\"> 67<\/td><\/tr><tr><td class=\"has-text-align-center\" data-align=\"center\">Floriano <\/td><td class=\"has-text-align-center\" data-align=\"center\"> 2.160 <\/td><td class=\"has-text-align-center\" data-align=\"center\"> 43 <\/td><td class=\"has-text-align-center\" data-align=\"center\"> 50 <\/td><\/tr><tr><td class=\"has-text-align-center\" data-align=\"center\">Picos <\/td><td class=\"has-text-align-center\" data-align=\"center\"> 3.564 <\/td><td class=\"has-text-align-center\" data-align=\"center\"> 54 <\/td><td class=\"has-text-align-center\" data-align=\"center\"> 66 <\/td><\/tr><tr><td class=\"has-text-align-center\" data-align=\"center\">Corrente <\/td><td class=\"has-text-align-center\" data-align=\"center\"> 2.613 <\/td><td class=\"has-text-align-center\" data-align=\"center\"> 54 <\/td><td class=\"has-text-align-center\" data-align=\"center\"> 48 <\/td><\/tr><tr><td class=\"has-text-align-center\" data-align=\"center\">Avelino Lopes<\/td><td class=\"has-text-align-center\" data-align=\"center\"> 590 <\/td><td class=\"has-text-align-center\" data-align=\"center\"> 21 <\/td><td class=\"has-text-align-center\" data-align=\"center\"> 28 <\/td><\/tr><tr><td class=\"has-text-align-center\" data-align=\"center\">Uru\u00e7u\u00ed <\/td><td class=\"has-text-align-center\" data-align=\"center\"> 3.306 <\/td><td class=\"has-text-align-center\" data-align=\"center\"> 54 <\/td><td class=\"has-text-align-center\" data-align=\"center\"> 61 <\/td><\/tr><tr><td class=\"has-text-align-center\" data-align=\"center\">S\u00e3o Raimundo Nonato<\/td><td class=\"has-text-align-center\" data-align=\"center\"> 1.279 <\/td><td class=\"has-text-align-center\" data-align=\"center\"> 32 <\/td><td class=\"has-text-align-center\" data-align=\"center\">40<\/td><\/tr><tr><td class=\"has-text-align-center\" data-align=\"center\">Piripiri <\/td><td class=\"has-text-align-center\" data-align=\"center\"> 2.816 <\/td><td class=\"has-text-align-center\" data-align=\"center\"> 38 <\/td><td class=\"has-text-align-center\" data-align=\"center\"> 74 <\/td><\/tr><tr><td class=\"has-text-align-center\" data-align=\"center\">Oeiras <\/td><td class=\"has-text-align-center\" data-align=\"center\"> 1.865 <\/td><td class=\"has-text-align-center\" data-align=\"center\"> 32 <\/td><td class=\"has-text-align-center\" data-align=\"center\"> 58 <\/td><\/tr><tr><td class=\"has-text-align-center\" data-align=\"center\">Bom Jesus <\/td><td class=\"has-text-align-center\" data-align=\"center\"> 714 <\/td><td class=\"has-text-align-center\" data-align=\"center\"> 21 <\/td><td class=\"has-text-align-center\" data-align=\"center\"> 34 <\/td><\/tr><\/tbody><\/table><figcaption class=\"wp-element-caption\">Tabela de concorr\u00eancia por cidade para sexo masculino<\/figcaption><\/figure>\n\n\n\n<h3 class=\"wp-block-heading\" id=\"etapas-2017\">Etapas do concurso Pol\u00edcia Militar PI<\/h3>\n\n\n\n<p>O concurso PM PI contou com as seguintes etapas:<\/p>\n\n\n\n<ul class=\"wp-block-list\">\n<li><strong>1\u00aa &#8211; <\/strong><span style=\"color: #000000;\">Prova Escrita Objetiva<\/span>: eliminat\u00f3rio e classificat\u00f3rio<\/li>\n\n\n\n<li><strong>2\u00aa &#8211; <\/strong><span style=\"color: #000000;\">Exame de Sa\u00fade<\/span> (m\u00e9dico e odontol\u00f3gico): eliminat\u00f3rio<\/li>\n\n\n\n<li><strong>3\u00aa &#8211; <\/strong><span style=\"color: rgb(0, 0, 0);\">Teste de Aptid\u00e3o F\u00edsica<\/span>: eliminat\u00f3rio<\/li>\n\n\n\n<li><strong>4\u00aa &#8211;<\/strong> <span style=\"color: #000000;\">Exame Psicol\u00f3gico<\/span>: eliminat\u00f3rio<\/li>\n\n\n\n<li><strong>5\u00aa &#8211; <\/strong><span style=\"color: #000000;\">Investiga\u00e7\u00e3o Social<\/span>: eliminat\u00f3rio<\/li>\n<\/ul>\n\n\n\n<p>Vale lembrar que o certame teve a primeira etapa anulada, por conta do vazamento de quest\u00f5es e as provas objetivas foram remarcadas.<\/p>\n\n\n\n<h3 class=\"wp-block-heading\" id=\"nota-corte\">Nota de corte <\/h3>\n\n\n\n<p>Segue abaixo, nota de corte da prova objetiva para ambos os sexos:<\/p>\n\n\n\n<figure class=\"wp-block-table aligncenter is-style-stripes\"><table class=\"has-very-light-gray-to-cyan-bluish-gray-gradient-background has-background has-fixed-layout\"><tbody><tr><td class=\"has-text-align-center\" data-align=\"center\"><strong>LOTA\u00c7\u00c3O<\/strong><\/td><td class=\"has-text-align-center\" data-align=\"center\"><strong>NOTA &#8211; FEMININO<\/strong><\/td><td class=\"has-text-align-center\" data-align=\"center\"><strong>NOTA &#8211; MASCULINO<\/strong><\/td><\/tr><tr><td class=\"has-text-align-center\" data-align=\"center\">Parna\u00edba <\/td><td class=\"has-text-align-center\" data-align=\"center\">66<\/td><td class=\"has-text-align-center\" data-align=\"center\">64<\/td><\/tr><tr><td class=\"has-text-align-center\" data-align=\"center\">Floriano <\/td><td class=\"has-text-align-center\" data-align=\"center\">66<\/td><td class=\"has-text-align-center\" data-align=\"center\">64<\/td><\/tr><tr><td class=\"has-text-align-center\" data-align=\"center\">Picos <\/td><td class=\"has-text-align-center\" data-align=\"center\">65<\/td><td class=\"has-text-align-center\" data-align=\"center\">64<\/td><\/tr><tr><td class=\"has-text-align-center\" data-align=\"center\">Corrente <\/td><td class=\"has-text-align-center\" data-align=\"center\">64<\/td><td class=\"has-text-align-center\" data-align=\"center\">61<\/td><\/tr><tr><td class=\"has-text-align-center\" data-align=\"center\">Avelino Lopes<\/td><td class=\"has-text-align-center\" data-align=\"center\">63<\/td><td class=\"has-text-align-center\" data-align=\"center\">60<\/td><\/tr><tr><td class=\"has-text-align-center\" data-align=\"center\">Uru\u00e7u\u00ed <\/td><td class=\"has-text-align-center\" data-align=\"center\">65<\/td><td class=\"has-text-align-center\" data-align=\"center\">64<\/td><\/tr><tr><td class=\"has-text-align-center\" data-align=\"center\">S\u00e3o Raimundo Nonato<\/td><td class=\"has-text-align-center\" data-align=\"center\">68<\/td><td class=\"has-text-align-center\" data-align=\"center\">62<\/td><\/tr><tr><td class=\"has-text-align-center\" data-align=\"center\">Piripiri <\/td><td class=\"has-text-align-center\" data-align=\"center\">69<\/td><td class=\"has-text-align-center\" data-align=\"center\">64<\/td><\/tr><tr><td class=\"has-text-align-center\" data-align=\"center\">Oeiras <\/td><td class=\"has-text-align-center\" data-align=\"center\">66<\/td><td class=\"has-text-align-center\" data-align=\"center\">64<\/td><\/tr><tr><td class=\"has-text-align-center\" data-align=\"center\">Bom Jesus <\/td><td class=\"has-text-align-center\" data-align=\"center\">60<\/td><td class=\"has-text-align-center\" data-align=\"center\">59<\/td><\/tr><\/tbody><\/table><figcaption class=\"wp-element-caption\">Tabela de nota de corte da prova objetiva<\/figcaption><\/figure>\n\n\n\n<hr class=\"wp-block-separator has-css-opacity\"\/>\n\n\n\n<p class=\"has-text-align-center\" id=\"h-quer-saber-tudo-sobre-concursos-previstos-confira-nossos-artigos\" style=\"font-size:clamp(17.905px, 1.119rem + ((1vw - 3.2px) * 0.99), 28px);\"><strong>Quer saber tudo sobre concursos previstos?<br \/>Confira nossos artigos!<\/strong><\/p>\n\n\n\n<ul class=\"wp-block-list\">\n<li><a href=\"https:\/\/www.estrategiaconcursos.com.br\/blog\/concursos-abertos\/\" target=\"_blank\" rel=\"noreferrer noopener\">Concursos abertos<\/a><\/li>\n\n\n\n<li><a href=\"https:\/\/www.estrategiaconcursos.com.br\/blog\/concursos-2026\/\" target=\"_blank\" rel=\"noreferrer noopener\">Concursos 2026<\/a><\/li>\n\n\n\n<li><a href=\"https:\/\/www.estrategiaconcursos.com.br\/blog\/concursos-policia-militar\/\" target=\"_blank\" rel=\"noreferrer noopener\">Concursos Pol\u00edcia Militar<\/a><\/li>\n\n\n\n<li><a href=\"https:\/\/www.estrategiaconcursos.com.br\/blog\/concursos-de-policia\/\" target=\"_blank\" rel=\"noreferrer noopener\">Concursos Policiais<\/a><\/li>\n<\/ul>\n\n\n\n<p class=\"has-text-align-center\" id=\"cursos-e-assinaturas\" style=\"font-size:clamp(17.905px, 1.119rem + ((1vw - 3.2px) * 0.99), 28px);\"><strong>Quer estudar para o concurso da Pol\u00edcia Militar do Piau\u00ed?<\/strong><\/p>\n\n\n\n<div class=\"container\" id=\"boxes\">\n  <div class=\"row\">\n\n    <div class=\"col-sm\">\n      <div class=\"banner-policia-militar\" id=\"box-assinatura\">\n        <h3 class=\"titulo-assinatura\">Concurso PM PI<\/h3>\n        <p class=\"subtitulo-assinatura\">Explore os cursos para a carreira na PM \u2728<\/p>\n        <div class=\"box-botao\">\n          <a class=\"btn-assinatura\" target=\"_blank\" href=\"https:\/\/www.estrategiaconcursos.com.br\/cursosPorConcurso\/policia-militar-do-piaui-pm-pi\" role=\"button\" rel=\"noopener noreferrer\">ESTUDE CONOSCO<\/a>\n        <\/div>\n      <\/div><\/div><\/div><\/div>\n\n\n\n<div class=\"container\" id=\"boxes\">\n  <div class=\"row\">\n\n    <div class=\"col-sm\">\n      <div class=\"estrategia\" id=\"box-assinatura\">\n        <h3 class=\"titulo-assinatura\">Assinatura de Concursos<\/h3>\n        <p class=\"subtitulo-assinatura\">Assinatura de 1 ano ou 2 anos<\/p>\n        <div class=\"box-botao\">\n          <a class=\"btn-assinatura\" target=\"_blank\" href=\"https:\/\/www.estrategiaconcursos.com.br\/assinaturas\/\" role=\"button\" rel=\"noopener noreferrer\">ASSINE AGORA<\/a>\n        <\/div>\n      <\/div>\n     \n    <\/div><\/div><\/div>\n\n\n\n<figure class=\"wp-block-image size-large is-resized\"><img loading=\"lazy\" decoding=\"async\" width=\"300\" height=\"185\" src=\"https:\/\/dhg1h5j42swfq.cloudfront.net\/2021\/03\/30201515\/ficha-tecnica-1-300x185-1-1.png\" alt=\"Ficha t\u00e9cnica\" class=\"wp-image-704873\"\/><\/figure>\n\n\n\n<h3 class=\"wp-block-heading\" id=\"ficha\">Informa\u00e7\u00f5es sobre o pr\u00f3ximo concurso PM PI<\/h3>\n\n\n\n<ul class=\"wp-block-list\">\n<li><strong>Previs\u00e3o<\/strong>: 2026<\/li>\n\n\n\n<li><strong>Vagas<\/strong>: 1.001<\/li>\n\n\n\n<li><strong>Cargos<\/strong>: Soldado e Capel\u00e3o<\/li>\n\n\n\n<li><strong>Banca<\/strong>: FCC<\/li>\n\n\n\n<li><strong>Escolaridade<\/strong>: n\u00edvel superior<\/li>\n\n\n\n<li><strong>\u00daltimos editais<\/strong>:&nbsp;<a href=\"https:\/\/dhg1h5j42swfq.cloudfront.net\/2021\/06\/01143557\/edital_002_2021_soldadopmpi-1.pdf\" target=\"_blank\" rel=\"noreferrer noopener nofollow\">Soldado PMPI-2021<\/a><\/li>\n<\/ul>\n\n\n\n<p><\/p>\n","protected":false},"excerpt":{"rendered":"<p>Novo Concurso PM PI ter\u00e1 a FCC como banca organizadora; edital deve sair em junho! Novidades sobre o Concurso PM PI (Pol\u00edcia Militar do Estado do Piau\u00ed): segundo o comandante-geral, coronel Scheiwann Lopes, a banca est\u00e1 definida. Em nova entrevista realizada, o coronel revelou que a FCC apresentou a melhor proposta e foi a empresa [&hellip;]<\/p>\n","protected":false},"author":1206,"featured_media":745399,"comment_status":"open","ping_status":"open","sticky":false,"template":"","format":"standard","meta":{"post_tipo":"news_page","footnotes":""},"categories":[220186,220187],"tags":[],"tax_estado":[219980],"class_list":["post-65244","post","type-post","status-publish","format-standard","has-post-thumbnail","hentry","category-policial-oficial","category-policial-pracas","tax_estado-pi"],"acf":[],"yoast_head":"<!-- This site is optimized with the Yoast SEO Premium plugin v27.2 (Yoast SEO v27.2) - https:\/\/yoast.com\/product\/yoast-seo-premium-wordpress\/ -->\n<title>Concurso PM PI: edital com 1.000 vagas. Banca definida!<\/title>\n<meta name=\"description\" content=\"Novo edital do Concurso PM PI \u00e9 autorizado pelo governador com mil vagas para Soldado. Banca em defini\u00e7\u00e3o. Confira os detalhes!\" \/>\n<meta name=\"robots\" content=\"index, follow, max-snippet:-1, max-image-preview:large, max-video-preview:-1\" \/>\n<link rel=\"canonical\" href=\"https:\/\/www.estrategiaconcursos.com.br\/blog\/concurso-pm-pi\/\" \/>\n<meta property=\"og:locale\" content=\"pt_BR\" \/>\n<meta property=\"og:type\" content=\"article\" \/>\n<meta property=\"og:title\" content=\"Concurso PM PI: edital com 1.000 vagas. Banca definida!\" \/>\n<meta property=\"og:description\" content=\"Novo edital do Concurso PM PI \u00e9 autorizado pelo governador com mil vagas para Soldado. Banca em defini\u00e7\u00e3o. Confira os detalhes!\" \/>\n<meta property=\"og:url\" content=\"https:\/\/www.estrategiaconcursos.com.br\/blog\/concurso-pm-pi\/\" \/>\n<meta property=\"og:site_name\" content=\"Estrat\u00e9gia Concursos\" \/>\n<meta property=\"article:published_time\" content=\"2026-04-28T21:20:00+00:00\" \/>\n<meta property=\"article:modified_time\" content=\"2026-04-28T21:22:21+00:00\" \/>\n<meta property=\"og:image\" content=\"https:\/\/dhg1h5j42swfq.cloudfront.net\/2021\/05\/19160237\/pm-pi.jpg\" \/>\n\t<meta property=\"og:image:width\" content=\"768\" \/>\n\t<meta property=\"og:image:height\" content=\"432\" \/>\n\t<meta property=\"og:image:type\" content=\"image\/jpeg\" \/>\n<meta name=\"author\" content=\"Bruna de Andrade Fran\u00e7a\" \/>\n<meta name=\"twitter:card\" content=\"summary_large_image\" \/>\n<meta name=\"twitter:creator\" content=\"@EstratConcursos\" \/>\n<meta name=\"twitter:site\" content=\"@EstratConcursos\" \/>\n<meta name=\"twitter:label1\" content=\"Escrito por\" \/>\n\t<meta name=\"twitter:data1\" content=\"Bruna de Andrade Fran\u00e7a\" \/>\n\t<meta name=\"twitter:label2\" content=\"Est. tempo de leitura\" \/>\n\t<meta name=\"twitter:data2\" content=\"8 minutos\" \/>\n<script type=\"application\/ld+json\" class=\"yoast-schema-graph\">{\"@context\":\"https:\/\/schema.org\",\"@graph\":[{\"@type\":\"NewsArticle\",\"@id\":\"https:\/\/www.estrategiaconcursos.com.br\/blog\/concurso-pm-pi\/#article\",\"isPartOf\":{\"@id\":\"https:\/\/www.estrategiaconcursos.com.br\/blog\/concurso-pm-pi\/\"},\"author\":{\"name\":\"Bruna de Andrade Fran\u00e7a\",\"@id\":\"https:\/\/www.estrategiaconcursos.com.br\/blog\/#\/schema\/person\/6630f91134abc08115cca62ce6372855\"},\"headline\":\"Concurso PM PI: edital com 1.000 vagas. Banca definida!\",\"datePublished\":\"2026-04-28T21:20:00+00:00\",\"dateModified\":\"2026-04-28T21:22:21+00:00\",\"mainEntityOfPage\":{\"@id\":\"https:\/\/www.estrategiaconcursos.com.br\/blog\/concurso-pm-pi\/\"},\"wordCount\":1555,\"commentCount\":15,\"publisher\":{\"@id\":\"https:\/\/www.estrategiaconcursos.com.br\/blog\/#organization\"},\"image\":{\"@id\":\"https:\/\/www.estrategiaconcursos.com.br\/blog\/concurso-pm-pi\/#primaryimage\"},\"thumbnailUrl\":\"https:\/\/dhg1h5j42swfq.cloudfront.net\/2021\/05\/19160237\/pm-pi.jpg\",\"articleSection\":[\"Policial (PM\/BM - Oficial)\",\"Policial (PM\/BM - Pra\u00e7as)\"],\"inLanguage\":\"pt-BR\",\"potentialAction\":[{\"@type\":\"CommentAction\",\"name\":\"Comment\",\"target\":[\"https:\/\/www.estrategiaconcursos.com.br\/blog\/concurso-pm-pi\/#respond\"]}],\"copyrightYear\":\"2026\",\"copyrightHolder\":{\"@id\":\"https:\/\/www.estrategiaconcursos.com.br\/blog\/#organization\"}},{\"@type\":\"WebPage\",\"@id\":\"https:\/\/www.estrategiaconcursos.com.br\/blog\/concurso-pm-pi\/\",\"url\":\"https:\/\/www.estrategiaconcursos.com.br\/blog\/concurso-pm-pi\/\",\"name\":\"Concurso PM PI: edital com 1.000 vagas. Banca definida!\",\"isPartOf\":{\"@id\":\"https:\/\/www.estrategiaconcursos.com.br\/blog\/#website\"},\"primaryImageOfPage\":{\"@id\":\"https:\/\/www.estrategiaconcursos.com.br\/blog\/concurso-pm-pi\/#primaryimage\"},\"image\":{\"@id\":\"https:\/\/www.estrategiaconcursos.com.br\/blog\/concurso-pm-pi\/#primaryimage\"},\"thumbnailUrl\":\"https:\/\/dhg1h5j42swfq.cloudfront.net\/2021\/05\/19160237\/pm-pi.jpg\",\"datePublished\":\"2026-04-28T21:20:00+00:00\",\"dateModified\":\"2026-04-28T21:22:21+00:00\",\"description\":\"Novo edital do Concurso PM PI \u00e9 autorizado pelo governador com mil vagas para Soldado. Banca em defini\u00e7\u00e3o. Confira os detalhes!\",\"breadcrumb\":{\"@id\":\"https:\/\/www.estrategiaconcursos.com.br\/blog\/concurso-pm-pi\/#breadcrumb\"},\"inLanguage\":\"pt-BR\",\"potentialAction\":[{\"@type\":\"ReadAction\",\"target\":[\"https:\/\/www.estrategiaconcursos.com.br\/blog\/concurso-pm-pi\/\"]}]},{\"@type\":\"ImageObject\",\"inLanguage\":\"pt-BR\",\"@id\":\"https:\/\/www.estrategiaconcursos.com.br\/blog\/concurso-pm-pi\/#primaryimage\",\"url\":\"https:\/\/dhg1h5j42swfq.cloudfront.net\/2021\/05\/19160237\/pm-pi.jpg\",\"contentUrl\":\"https:\/\/dhg1h5j42swfq.cloudfront.net\/2021\/05\/19160237\/pm-pi.jpg\",\"width\":768,\"height\":432,\"caption\":\"PM PI\"},{\"@type\":\"BreadcrumbList\",\"@id\":\"https:\/\/www.estrategiaconcursos.com.br\/blog\/concurso-pm-pi\/#breadcrumb\",\"itemListElement\":[{\"@type\":\"ListItem\",\"position\":1,\"name\":\"In\u00edcio\",\"item\":\"https:\/\/www.estrategiaconcursos.com.br\/blog\/\"},{\"@type\":\"ListItem\",\"position\":2,\"name\":\"Concurso PM PI: edital com 1.000 vagas. Banca definida!\"}]},{\"@type\":\"WebSite\",\"@id\":\"https:\/\/www.estrategiaconcursos.com.br\/blog\/#website\",\"url\":\"https:\/\/www.estrategiaconcursos.com.br\/blog\/\",\"name\":\"Estrat\u00e9gia Concursos\",\"description\":\"O blog da Estrat\u00e9gia Concursos traz not\u00edcias sobre concursos e artigos de professores oferecendo cursos para concursos (pdf + videaulas) no site.\",\"publisher\":{\"@id\":\"https:\/\/www.estrategiaconcursos.com.br\/blog\/#organization\"},\"potentialAction\":[{\"@type\":\"SearchAction\",\"target\":{\"@type\":\"EntryPoint\",\"urlTemplate\":\"https:\/\/www.estrategiaconcursos.com.br\/blog\/?s={search_term_string}\"},\"query-input\":{\"@type\":\"PropertyValueSpecification\",\"valueRequired\":true,\"valueName\":\"search_term_string\"}}],\"inLanguage\":\"pt-BR\"},{\"@type\":\"Organization\",\"@id\":\"https:\/\/www.estrategiaconcursos.com.br\/blog\/#organization\",\"name\":\"Estrat\u00e9gia Concursos\",\"url\":\"https:\/\/www.estrategiaconcursos.com.br\/blog\/\",\"logo\":{\"@type\":\"ImageObject\",\"inLanguage\":\"pt-BR\",\"@id\":\"https:\/\/www.estrategiaconcursos.com.br\/blog\/#\/schema\/logo\/image\/\",\"url\":\"https:\/\/dhg1h5j42swfq.cloudfront.net\/2025\/06\/03203428\/logo_concursos-1.jpg\",\"contentUrl\":\"https:\/\/dhg1h5j42swfq.cloudfront.net\/2025\/06\/03203428\/logo_concursos-1.jpg\",\"width\":230,\"height\":60,\"caption\":\"Estrat\u00e9gia Concursos\"},\"image\":{\"@id\":\"https:\/\/www.estrategiaconcursos.com.br\/blog\/#\/schema\/logo\/image\/\"},\"sameAs\":[\"https:\/\/x.com\/EstratConcursos\"]},{\"@type\":\"Person\",\"@id\":\"https:\/\/www.estrategiaconcursos.com.br\/blog\/#\/schema\/person\/6630f91134abc08115cca62ce6372855\",\"name\":\"Bruna de Andrade Fran\u00e7a\",\"image\":{\"@type\":\"ImageObject\",\"inLanguage\":\"pt-BR\",\"@id\":\"https:\/\/secure.gravatar.com\/avatar\/d6316d36d50cea0fadae28ed3015b8870cc90a2d3d8a95c37b44006af36a00e3?s=96&d=mm&r=g\",\"url\":\"https:\/\/secure.gravatar.com\/avatar\/d6316d36d50cea0fadae28ed3015b8870cc90a2d3d8a95c37b44006af36a00e3?s=96&d=mm&r=g\",\"contentUrl\":\"https:\/\/secure.gravatar.com\/avatar\/d6316d36d50cea0fadae28ed3015b8870cc90a2d3d8a95c37b44006af36a00e3?s=96&d=mm&r=g\",\"caption\":\"Bruna de Andrade Fran\u00e7a\"},\"description\":\"Bruna de Andrade Fran\u00e7a \u00e9 publicit\u00e1ria com p\u00f3s-gradua\u00e7\u00e3o em Marketing &amp; Growth, atuando h\u00e1 mais de 6 anos no universo dos concursos p\u00fablicos. Desde 2021, lidera no Blog do Estrat\u00e9gia Concursos a cobertura editorial especializada em Concursos Policiais (PF, PRF, PM, PC, etc.), al\u00e9m das frentes de concursos banc\u00e1rios, de sa\u00fade e da \u00e1rea legislativa. Especialista em reda\u00e7\u00e3o, com pr\u00e1ticas de SEO e Copywriting, possui tamb\u00e9m atua\u00e7\u00e3o pr\u00e1tica de contato direto com \u00f3rg\u00e3os p\u00fablicos respons\u00e1veis por editais, permitindo acesso antecipado a informa\u00e7\u00f5es, desdobramentos importantes e atualiza\u00e7\u00e3o eficiente dos concursos p\u00fablicos.\",\"url\":\"https:\/\/www.estrategiaconcursos.com.br\/blog\/author\/bruna-andrade\/\"}]}<\/script>\n<!-- \/ Yoast SEO Premium plugin. -->","yoast_head_json":{"title":"Concurso PM PI: edital com 1.000 vagas. Banca definida!","description":"Novo edital do Concurso PM PI \u00e9 autorizado pelo governador com mil vagas para Soldado. Banca em defini\u00e7\u00e3o. Confira os detalhes!","robots":{"index":"index","follow":"follow","max-snippet":"max-snippet:-1","max-image-preview":"max-image-preview:large","max-video-preview":"max-video-preview:-1"},"canonical":"https:\/\/www.estrategiaconcursos.com.br\/blog\/concurso-pm-pi\/","og_locale":"pt_BR","og_type":"article","og_title":"Concurso PM PI: edital com 1.000 vagas. Banca definida!","og_description":"Novo edital do Concurso PM PI \u00e9 autorizado pelo governador com mil vagas para Soldado. Banca em defini\u00e7\u00e3o. Confira os detalhes!","og_url":"https:\/\/www.estrategiaconcursos.com.br\/blog\/concurso-pm-pi\/","og_site_name":"Estrat\u00e9gia Concursos","article_published_time":"2026-04-28T21:20:00+00:00","article_modified_time":"2026-04-28T21:22:21+00:00","og_image":[{"width":768,"height":432,"url":"https:\/\/dhg1h5j42swfq.cloudfront.net\/2021\/05\/19160237\/pm-pi.jpg","type":"image\/jpeg"}],"author":"Bruna de Andrade Fran\u00e7a","twitter_card":"summary_large_image","twitter_creator":"@EstratConcursos","twitter_site":"@EstratConcursos","twitter_misc":{"Escrito por":"Bruna de Andrade Fran\u00e7a","Est. tempo de leitura":"8 minutos"},"schema":{"@context":"https:\/\/schema.org","@graph":[{"@type":"NewsArticle","@id":"https:\/\/www.estrategiaconcursos.com.br\/blog\/concurso-pm-pi\/#article","isPartOf":{"@id":"https:\/\/www.estrategiaconcursos.com.br\/blog\/concurso-pm-pi\/"},"author":{"name":"Bruna de Andrade Fran\u00e7a","@id":"https:\/\/www.estrategiaconcursos.com.br\/blog\/#\/schema\/person\/6630f91134abc08115cca62ce6372855"},"headline":"Concurso PM PI: edital com 1.000 vagas. Banca definida!","datePublished":"2026-04-28T21:20:00+00:00","dateModified":"2026-04-28T21:22:21+00:00","mainEntityOfPage":{"@id":"https:\/\/www.estrategiaconcursos.com.br\/blog\/concurso-pm-pi\/"},"wordCount":1555,"commentCount":15,"publisher":{"@id":"https:\/\/www.estrategiaconcursos.com.br\/blog\/#organization"},"image":{"@id":"https:\/\/www.estrategiaconcursos.com.br\/blog\/concurso-pm-pi\/#primaryimage"},"thumbnailUrl":"https:\/\/dhg1h5j42swfq.cloudfront.net\/2021\/05\/19160237\/pm-pi.jpg","articleSection":["Policial (PM\/BM - Oficial)","Policial (PM\/BM - Pra\u00e7as)"],"inLanguage":"pt-BR","potentialAction":[{"@type":"CommentAction","name":"Comment","target":["https:\/\/www.estrategiaconcursos.com.br\/blog\/concurso-pm-pi\/#respond"]}],"copyrightYear":"2026","copyrightHolder":{"@id":"https:\/\/www.estrategiaconcursos.com.br\/blog\/#organization"}},{"@type":"WebPage","@id":"https:\/\/www.estrategiaconcursos.com.br\/blog\/concurso-pm-pi\/","url":"https:\/\/www.estrategiaconcursos.com.br\/blog\/concurso-pm-pi\/","name":"Concurso PM PI: edital com 1.000 vagas. Banca definida!","isPartOf":{"@id":"https:\/\/www.estrategiaconcursos.com.br\/blog\/#website"},"primaryImageOfPage":{"@id":"https:\/\/www.estrategiaconcursos.com.br\/blog\/concurso-pm-pi\/#primaryimage"},"image":{"@id":"https:\/\/www.estrategiaconcursos.com.br\/blog\/concurso-pm-pi\/#primaryimage"},"thumbnailUrl":"https:\/\/dhg1h5j42swfq.cloudfront.net\/2021\/05\/19160237\/pm-pi.jpg","datePublished":"2026-04-28T21:20:00+00:00","dateModified":"2026-04-28T21:22:21+00:00","description":"Novo edital do Concurso PM PI \u00e9 autorizado pelo governador com mil vagas para Soldado. Banca em defini\u00e7\u00e3o. Confira os detalhes!","breadcrumb":{"@id":"https:\/\/www.estrategiaconcursos.com.br\/blog\/concurso-pm-pi\/#breadcrumb"},"inLanguage":"pt-BR","potentialAction":[{"@type":"ReadAction","target":["https:\/\/www.estrategiaconcursos.com.br\/blog\/concurso-pm-pi\/"]}]},{"@type":"ImageObject","inLanguage":"pt-BR","@id":"https:\/\/www.estrategiaconcursos.com.br\/blog\/concurso-pm-pi\/#primaryimage","url":"https:\/\/dhg1h5j42swfq.cloudfront.net\/2021\/05\/19160237\/pm-pi.jpg","contentUrl":"https:\/\/dhg1h5j42swfq.cloudfront.net\/2021\/05\/19160237\/pm-pi.jpg","width":768,"height":432,"caption":"PM PI"},{"@type":"BreadcrumbList","@id":"https:\/\/www.estrategiaconcursos.com.br\/blog\/concurso-pm-pi\/#breadcrumb","itemListElement":[{"@type":"ListItem","position":1,"name":"In\u00edcio","item":"https:\/\/www.estrategiaconcursos.com.br\/blog\/"},{"@type":"ListItem","position":2,"name":"Concurso PM PI: edital com 1.000 vagas. Banca definida!"}]},{"@type":"WebSite","@id":"https:\/\/www.estrategiaconcursos.com.br\/blog\/#website","url":"https:\/\/www.estrategiaconcursos.com.br\/blog\/","name":"Estrat\u00e9gia Concursos","description":"O blog da Estrat\u00e9gia Concursos traz not\u00edcias sobre concursos e artigos de professores oferecendo cursos para concursos (pdf + videaulas) no site.","publisher":{"@id":"https:\/\/www.estrategiaconcursos.com.br\/blog\/#organization"},"potentialAction":[{"@type":"SearchAction","target":{"@type":"EntryPoint","urlTemplate":"https:\/\/www.estrategiaconcursos.com.br\/blog\/?s={search_term_string}"},"query-input":{"@type":"PropertyValueSpecification","valueRequired":true,"valueName":"search_term_string"}}],"inLanguage":"pt-BR"},{"@type":"Organization","@id":"https:\/\/www.estrategiaconcursos.com.br\/blog\/#organization","name":"Estrat\u00e9gia Concursos","url":"https:\/\/www.estrategiaconcursos.com.br\/blog\/","logo":{"@type":"ImageObject","inLanguage":"pt-BR","@id":"https:\/\/www.estrategiaconcursos.com.br\/blog\/#\/schema\/logo\/image\/","url":"https:\/\/dhg1h5j42swfq.cloudfront.net\/2025\/06\/03203428\/logo_concursos-1.jpg","contentUrl":"https:\/\/dhg1h5j42swfq.cloudfront.net\/2025\/06\/03203428\/logo_concursos-1.jpg","width":230,"height":60,"caption":"Estrat\u00e9gia Concursos"},"image":{"@id":"https:\/\/www.estrategiaconcursos.com.br\/blog\/#\/schema\/logo\/image\/"},"sameAs":["https:\/\/x.com\/EstratConcursos"]},{"@type":"Person","@id":"https:\/\/www.estrategiaconcursos.com.br\/blog\/#\/schema\/person\/6630f91134abc08115cca62ce6372855","name":"Bruna de Andrade Fran\u00e7a","image":{"@type":"ImageObject","inLanguage":"pt-BR","@id":"https:\/\/secure.gravatar.com\/avatar\/d6316d36d50cea0fadae28ed3015b8870cc90a2d3d8a95c37b44006af36a00e3?s=96&d=mm&r=g","url":"https:\/\/secure.gravatar.com\/avatar\/d6316d36d50cea0fadae28ed3015b8870cc90a2d3d8a95c37b44006af36a00e3?s=96&d=mm&r=g","contentUrl":"https:\/\/secure.gravatar.com\/avatar\/d6316d36d50cea0fadae28ed3015b8870cc90a2d3d8a95c37b44006af36a00e3?s=96&d=mm&r=g","caption":"Bruna de Andrade Fran\u00e7a"},"description":"Bruna de Andrade Fran\u00e7a \u00e9 publicit\u00e1ria com p\u00f3s-gradua\u00e7\u00e3o em Marketing &amp; Growth, atuando h\u00e1 mais de 6 anos no universo dos concursos p\u00fablicos. Desde 2021, lidera no Blog do Estrat\u00e9gia Concursos a cobertura editorial especializada em Concursos Policiais (PF, PRF, PM, PC, etc.), al\u00e9m das frentes de concursos banc\u00e1rios, de sa\u00fade e da \u00e1rea legislativa. Especialista em reda\u00e7\u00e3o, com pr\u00e1ticas de SEO e Copywriting, possui tamb\u00e9m atua\u00e7\u00e3o pr\u00e1tica de contato direto com \u00f3rg\u00e3os p\u00fablicos respons\u00e1veis por editais, permitindo acesso antecipado a informa\u00e7\u00f5es, desdobramentos importantes e atualiza\u00e7\u00e3o eficiente dos concursos p\u00fablicos.","url":"https:\/\/www.estrategiaconcursos.com.br\/blog\/author\/bruna-andrade\/"}]}},"_links":{"self":[{"href":"https:\/\/www.estrategiaconcursos.com.br\/blog\/wp-json\/wp\/v2\/posts\/65244","targetHints":{"allow":["GET"]}}],"collection":[{"href":"https:\/\/www.estrategiaconcursos.com.br\/blog\/wp-json\/wp\/v2\/posts"}],"about":[{"href":"https:\/\/www.estrategiaconcursos.com.br\/blog\/wp-json\/wp\/v2\/types\/post"}],"author":[{"embeddable":true,"href":"https:\/\/www.estrategiaconcursos.com.br\/blog\/wp-json\/wp\/v2\/users\/1206"}],"replies":[{"embeddable":true,"href":"https:\/\/www.estrategiaconcursos.com.br\/blog\/wp-json\/wp\/v2\/comments?post=65244"}],"version-history":[{"count":298,"href":"https:\/\/www.estrategiaconcursos.com.br\/blog\/wp-json\/wp\/v2\/posts\/65244\/revisions"}],"predecessor-version":[{"id":1758494,"href":"https:\/\/www.estrategiaconcursos.com.br\/blog\/wp-json\/wp\/v2\/posts\/65244\/revisions\/1758494"}],"wp:featuredmedia":[{"embeddable":true,"href":"https:\/\/www.estrategiaconcursos.com.br\/blog\/wp-json\/wp\/v2\/media\/745399"}],"wp:attachment":[{"href":"https:\/\/www.estrategiaconcursos.com.br\/blog\/wp-json\/wp\/v2\/media?parent=65244"}],"wp:term":[{"taxonomy":"category","embeddable":true,"href":"https:\/\/www.estrategiaconcursos.com.br\/blog\/wp-json\/wp\/v2\/categories?post=65244"},{"taxonomy":"post_tag","embeddable":true,"href":"https:\/\/www.estrategiaconcursos.com.br\/blog\/wp-json\/wp\/v2\/tags?post=65244"},{"taxonomy":"tax_estado","embeddable":true,"href":"https:\/\/www.estrategiaconcursos.com.br\/blog\/wp-json\/wp\/v2\/tax_estado?post=65244"}],"curies":[{"name":"wp","href":"https:\/\/api.w.org\/{rel}","templated":true}]}}