{"id":65207,"date":"2025-12-08T11:24:00","date_gmt":"2025-12-08T14:24:00","guid":{"rendered":"https:\/\/www.estrategiaconcursos.com.br\/blog\/?p=65207"},"modified":"2025-12-09T08:41:17","modified_gmt":"2025-12-09T11:41:17","slug":"concurso-tj-al","status":"publish","type":"post","link":"https:\/\/www.estrategiaconcursos.com.br\/blog\/concurso-tj-al\/","title":{"rendered":"Concurso TJ AL: comiss\u00e3o formada para novo edital!"},"content":{"rendered":"<p><center><a id=\"cta-icon\" href=\"https:\/\/sndflw.com\/i\/tj-al-grupo\" target=\"_blank\" style=\"background:#29a61a; display:inline-flex; align-items:center; padding:10px 15px; border-radius:6px; color:#fff; text-decoration:none; font-weight:500; font-size:15px;\"><img decoding=\"async\" src=\"https:\/\/dhg1h5j42swfq.cloudfront.net\/2023\/12\/07154107\/whatsapp_13851.png\" alt=\"\" style=\"width:20px; height:20px; margin-right:8px;\"><span>Acesse agora o Grupo de Estudos para o Concurso TJ AL<\/span><\/a><\/center><\/p>\n\n\n\n<p>O novo concurso do <strong><a href=\"https:\/\/www.estrategiaconcursos.com.br\/cursosPorConcurso\/tj-al-tribunal-de-justica-de-alagoas\/\" target=\"_blank\" rel=\"noreferrer noopener\">Tribunal de Justi\u00e7a de Alagoas<\/a><\/strong> <strong>(TJ AL)<\/strong> est\u00e1 com <strong>comiss\u00e3o formada<\/strong>! S\u00e3o previstas vagas para o cargo de Analista Judici\u00e1rio &#8211; Oficial de Justi\u00e7a Avaliador, de n\u00edvel superior.<\/p>\n\n\n\n<p>Recentemente o \u00f3rg\u00e3o divulgou os resultados definitivos do concurso de 2024, confira:<\/p>\n\n\n\n<ul class=\"wp-block-list\">\n<li><a href=\"https:\/\/dhg1h5j42swfq.cloudfront.net\/2024\/10\/30163615\/edital_7_-_resultado_final.pdf\" target=\"_blank\" rel=\"noreferrer noopener\">Resultados definitivos<\/a>.<\/li>\n<\/ul>\n\n\n\n<p>O certame ofertou <strong>20 vagas imediatas, al\u00e9m de forma\u00e7\u00e3o de cadastro de reserva<\/strong> para o cargo de <strong>T\u00e9cnico Judici\u00e1rio- \u00c1rea Judici\u00e1ria<\/strong>, de N\u00edvel M\u00e9dio de escolaridade, com sal\u00e1rio inicial de <strong>R$ 3 mil<\/strong>.<\/p>\n\n\n\n<p>Segundo o edital, as provas objetivas foram aplicadas no dia 14 de julho de 2024. Confira mais informa\u00e7\u00f5es no decorrer do artigo!<\/p>\n\n\n\n<ul class=\"wp-block-list has-blush-light-purple-gradient-background has-background\">\n<li><strong>Concurso TJ AL Analista &#8211; Oficial 2025<\/strong><\/li>\n\n\n\n<li><strong>Status:<\/strong>&nbsp;comiss\u00e3o formada<\/li>\n\n\n\n<li><strong>Banca<\/strong>: a definir<\/li>\n\n\n\n<li><strong>Vagas:<\/strong> a definir<\/li>\n\n\n\n<li><strong>Sal\u00e1rio inicial:<\/strong>&nbsp;R$6.291,20<\/li>\n\n\n\n<li><strong>Edital<\/strong>: aguardando publica\u00e7\u00e3o<\/li>\n\n\n\n<li><strong>\u00daltimo edital:<\/strong> <a href=\"https:\/\/dhg1h5j42swfq.cloudfront.net\/2019\/05\/08143649\/Edital_TJAL_2018_07_10_retificado_4_atualizado.pdf\" target=\"_blank\" rel=\"noreferrer noopener\">TJ AL 2017<\/a><\/li>\n<\/ul>\n\n\n\n<ul class=\"wp-block-list has-blush-light-purple-gradient-background has-background\">\n<li><strong>Concurso TJ AL T\u00e9cnico 2024<\/strong><\/li>\n\n\n\n<li><strong>Status:<\/strong>&nbsp;resultados definitivos dispon\u00edveis<\/li>\n\n\n\n<li><strong>Banca<\/strong>: FCC<\/li>\n\n\n\n<li><strong>Vagas:<\/strong>&nbsp;20 + CR<\/li>\n\n\n\n<li><strong>Sal\u00e1rio inicial:<\/strong>&nbsp;R$ 3.006,69<\/li>\n\n\n\n<li><strong>Edital<\/strong>: <a href=\"https:\/\/dhg1h5j42swfq.cloudfront.net\/2024\/04\/12082537\/edital-tj-al-1.pdf\" target=\"_blank\" rel=\"noreferrer noopener nofollow\">TJ AL 2024<\/a><\/li>\n\n\n\n<li><strong>\u00daltimo edital:<\/strong> <a href=\"https:\/\/dhg1h5j42swfq.cloudfront.net\/2019\/05\/08143649\/Edital_TJAL_2018_07_10_retificado_4_atualizado.pdf\" target=\"_blank\" rel=\"noreferrer noopener\">TJ AL 2017<\/a><\/li>\n<\/ul>\n\n\n\n<div class=\"container\" id=\"boxes\">\n  <div class=\"row\">\n\n    <div class=\"col-sm\">\n      <div class=\"banner-tribunal\" id=\"box-assinatura\">\n        <h3 class=\"titulo-assinatura\">Curso TJ AL<\/h3>\n        <p class=\"subtitulo-assinatura\">Conhe\u00e7a os cursos<\/p>\n        <div class=\"box-botao\">\n          <a class=\"btn-assinatura\" target=\"_blank\" href=\"https:\/\/www.estrategiaconcursos.com.br\/cursosPorConcurso\/tj-al-tribunal-de-justica-de-alagoas\/\" role=\"button\" rel=\"noopener noreferrer\">Conhe\u00e7a mais<\/a>\n        <\/div>\n      <\/div>\n      <p class=\"texto-auxiliar\">Prepare-se com o melhor material e com quem mais aprova em Concursos P\u00fablicos em todo o pa\u00eds.<\/p>\n    <\/div>\n\n  <\/div>\n<\/div>\n\n\n\n<ul class=\"wp-block-list\">\n<li><a href=\"#concurso-tj-al-situacao-atual\"><strong>Situa\u00e7\u00e3o atual do concurso &#8211; Analista<\/strong><\/a><\/li>\n\n\n\n<li><a href=\"#situacao-tecnico\"><strong>Situa\u00e7\u00e3o atual do concurso &#8211; T\u00e9cnico<\/strong><\/a><\/li>\n\n\n\n<li><strong><a href=\"#cargos-vagas\">Cargos e vagas<\/a><\/strong><\/li>\n\n\n\n<li><strong><a href=\"#h-requisitos-e-atribuicoes\">Requisitos e atribui\u00e7\u00f5es<\/a><\/strong><\/li>\n\n\n\n<li><strong><a href=\"#etapas\">Etapas e provas<\/a><\/strong><\/li>\n\n\n\n<li><strong><a href=\"#vago\">Cargos Vagos <\/a><\/strong><\/li>\n\n\n\n<li><strong><a href=\"#carreira\">Carreira<\/a><\/strong>\n<ul class=\"wp-block-list\">\n<li><strong><a href=\"#remuneracao\">Sal\u00e1rios e Benef\u00edcios <\/a><\/strong><\/li>\n\n\n\n<li><strong><a href=\"#atribuicoes\">Atribui\u00e7\u00f5es dos principais cargos<\/a><\/strong><\/li>\n<\/ul>\n<\/li>\n\n\n\n<li><strong><a href=\"#ultimo-concurso\">\u00daltimo concurso TJ AL<\/a><\/strong><\/li>\n\n\n\n<li><strong><a href=\"#assinatura-e-cursos\">Cursos e Assinaturas <\/a><\/strong><\/li>\n\n\n\n<li><strong><a href=\"#ficha\">Ficha T\u00e9cnica<\/a><\/strong><\/li>\n<\/ul>\n\n\n\n<h2 class=\"wp-block-heading\" id=\"h-concurso-tj-al-situacao-atual-analista\">Concurso TJ AL: situa\u00e7\u00e3o atual &#8211; Analista<\/h2>\n\n\n\n<p>Foi formada a comiss\u00e3o para o novo concurso do  TJ AL para o cargo de Analista &#8211; oficial de justi\u00e7a. Confira:<\/p>\n\n\n\n<figure class=\"wp-block-image size-full\"><img loading=\"lazy\" decoding=\"async\" width=\"835\" height=\"344\" src=\"https:\/\/dhg1h5j42swfq.cloudfront.net\/2025\/02\/04122511\/tj-al.png\" alt=\"Comiss\u00e3o formada\" class=\"wp-image-1557938\" srcset=\"https:\/\/dhg1h5j42swfq.cloudfront.net\/2025\/02\/04122511\/tj-al.png 835w, https:\/\/dhg1h5j42swfq.cloudfront.net\/2025\/02\/04122511\/tj-al-300x124.png 300w, https:\/\/dhg1h5j42swfq.cloudfront.net\/2025\/02\/04122511\/tj-al-768x316.png 768w, https:\/\/dhg1h5j42swfq.cloudfront.net\/2025\/02\/04122511\/tj-al-150x62.png 150w\" sizes=\"auto, (max-width: 835px) 100vw, 835px\" \/><\/figure>\n\n\n\n<h2 class=\"wp-block-heading\" id=\"carreira\">Carreira no TJ AL<\/h2>\n\n\n\n<h3 class=\"wp-block-heading\" id=\"remuneracao\">Sal\u00e1rios e Benef\u00edcios <\/h3>\n\n\n\n<p>Segundo a estrutura remunerat\u00f3ria mais recente dispon\u00edvel no Portal da Transpar\u00eancia do TJ AL, os <a href=\"https:\/\/www.tjal.jus.br\/transparencia\/arquivos\/AnexoIII\/AnexoIII-cargos-efetivos-18-03-2025.pdf\">vencimentos b\u00e1sicos<\/a> iniciais para os cargos de T\u00e9cnico e Analista variam entre R$ 2 mil e R$ 5 mil. Vale ressaltar que os valores apresentados abaixo n\u00e3o est\u00e3o acrescidos das poss\u00edveis gratifica\u00e7\u00f5es.<\/p>\n\n\n\n<p><strong>Analista Judici\u00e1rio:<br \/><\/strong><em>Inicial:<\/em> R$ 6.291,20<br \/><em>Final:<\/em> R$ 25.012,89<\/p>\n\n\n\n<p><strong>T\u00e9cnico Judici\u00e1rio:<br \/><\/strong><em>Inicial:<\/em> R$ 3.145,60<br \/><em>Final:<\/em> R$ 12.226,34<\/p>\n\n\n\n<h3 class=\"wp-block-heading\" id=\"atribuicoes\">Atribui\u00e7\u00f5es dos principais cargos <\/h3>\n\n\n\n<p><strong>Analista Judici\u00e1rio &#8211; \u00c1rea Judici\u00e1ria<\/strong><\/p>\n\n\n\n<ul class=\"wp-block-list\">\n<li>Atividades de natureza t\u00e9cnica, realizadas privativamente por bachar\u00e9is em Direito, relacionadas ao processamento de feitos; <\/li>\n\n\n\n<li>Apoio a julgamentos; <\/li>\n\n\n\n<li>An\u00e1lise e pesquisa de legisla\u00e7\u00e3o, de doutrina e de jurisprud\u00eancia nos v\u00e1rios ramos do Direito; <\/li>\n\n\n\n<li>Estudo e pesquisa do sistema judici\u00e1rio brasileiro e internacional;<\/li>\n\n\n\n<li>Organiza\u00e7\u00e3o e funcionamento dos of\u00edcios judiciais; <\/li>\n\n\n\n<li>Aplica\u00e7\u00e3o e execu\u00e7\u00e3o dos m\u00e9todos consensuais de solu\u00e7\u00e3o de conflitos estabelecidos pelo poder judici\u00e1rio, bem como a elabora\u00e7\u00e3o de laudos, de atos, de pareceres e de informa\u00e7\u00f5es jur\u00eddicas.<\/li>\n<\/ul>\n\n\n\n<p><strong>Analista Judici\u00e1rio &#8211; Oficial de Justi\u00e7a Avaliador<\/strong><\/p>\n\n\n\n<ul class=\"wp-block-list\">\n<li>Atividades de natureza t\u00e9cnica, realizadas privativamente por bachar\u00e9is em Direito, relativas \u00e0s atividades externas de cumprimento de mandados judiciais, na forma estabelecida pela legisla\u00e7\u00e3o processual civil, penal e demais leis especiais, inclusive aquelas referentes aos procedimentos avaliat\u00f3rios; <\/li>\n\n\n\n<li>Aplica\u00e7\u00e3o e execu\u00e7\u00e3o dos m\u00e9todos consensuais de solu\u00e7\u00e3o de conflitos estabelecidos pelo poder judici\u00e1rio.<\/li>\n<\/ul>\n\n\n\n<p><strong>T\u00e9cnico Judici\u00e1rio &#8211; \u00c1rea Judici\u00e1ria<\/strong><\/p>\n\n\n\n<ul class=\"wp-block-list\">\n<li>Atividades supervisionadas concernentes ao apoio \u00e0s unidades no tocante ao cumprimento e formaliza\u00e7\u00e3o dos atos processuais e respectivas certifica\u00e7\u00f5es, elabora\u00e7\u00e3o de minutas, documentos, relat\u00f3rios, planos e projetos, atendimento ao p\u00fablico, presta\u00e7\u00e3o de informa\u00e7\u00f5es, juntada de documentos, baixa e arquivamento de processos; <\/li>\n\n\n\n<li>Aux\u00edlio na aplica\u00e7\u00e3o e execu\u00e7\u00e3o dos m\u00e9todos consensuais de solu\u00e7\u00e3o de conflitos estabelecidos pelo poder judici\u00e1rio; <\/li>\n\n\n\n<li>Revis\u00e3o, digita\u00e7\u00e3o, cria\u00e7\u00e3o, manuten\u00e7\u00e3o e consultaria de bancos de dados; <\/li>\n\n\n\n<li>Confer\u00eancia, impress\u00e3o, transmiss\u00e3o e arquivamento de trabalhos escritos, inclusive por meio de processos informatizados; <\/li>\n\n\n\n<li>Digitaliza\u00e7\u00e3o de documentos com o correspondente armazenamento ou remessa por meio eletr\u00f4nico.<\/li>\n<\/ul>\n\n\n\n<h3 class=\"wp-block-heading\" id=\"vago\">Cargos vagos<\/h3>\n\n\n\n<p>De acordo com o \u00faltimo relat\u00f3rio de pessoal divulgado pelo&nbsp;<strong><a href=\"https:\/\/www.tjal.jus.br\/transparencia\/resolucao-102-cnj-anexoiv\" target=\"_blank\" rel=\"noreferrer noopener\">Tribunal de Justi\u00e7a de Alagoas<\/a><\/strong>, realizado em agosto de 2025, o \u00f3rg\u00e3o conta com&nbsp;<strong>172<\/strong>&nbsp;<strong>cargos vagos<\/strong>. Abaixo, voc\u00ea confere o quantitativo oficial que ainda s\u00e3o pass\u00edveis de provimento no&nbsp;TJ AL:<\/p>\n\n\n\n<figure class=\"wp-block-table is-style-stripes\"><table><tbody><tr><td class=\"has-text-align-center\" data-align=\"center\"><strong>CARGOS<\/strong><\/td><td class=\"has-text-align-center\" data-align=\"center\"><strong>VAC\u00c2NCIA<\/strong><\/td><\/tr><tr><td class=\"has-text-align-center\" data-align=\"center\">Analista Judici\u00e1rio<\/td><td class=\"has-text-align-center\" data-align=\"center\">44<\/td><\/tr><tr><td class=\"has-text-align-center\" data-align=\"center\">Oficial de Justi\u00e7a Avaliador<\/td><td class=\"has-text-align-center\" data-align=\"center\">30<\/td><\/tr><tr><td class=\"has-text-align-center\" data-align=\"center\">T\u00e9cnico Judici\u00e1rio<\/td><td class=\"has-text-align-center\" data-align=\"center\">98<\/td><\/tr><\/tbody><\/table><figcaption class=\"wp-element-caption\">Cargos vagos TJ AL.<\/figcaption><\/figure>\n\n\n\n<h2 class=\"wp-block-heading\" id=\"situacao-tecnico\">Concurso TJ AL: situa\u00e7\u00e3o atual &#8211; T\u00e9cnico<\/h2>\n\n\n\n<h3 class=\"wp-block-heading\" id=\"cargos-vagas\">Cargos e vagas<\/h3>\n\n\n\n<h4 class=\"wp-block-heading\" id=\"tecnico\">N\u00edvel M\u00e9dio<\/h4>\n\n\n\n<figure class=\"wp-block-table is-style-stripes\"><table class=\"has-blush-light-purple-gradient-background has-background has-fixed-layout\"><thead><tr><th class=\"has-text-align-center\" data-align=\"center\">CARGOS<\/th><th class=\"has-text-align-center\" data-align=\"center\">VAGAS<\/th><th class=\"has-text-align-center\" data-align=\"center\">SAL\u00c1RIO<\/th><\/tr><\/thead><tbody><tr><td class=\"has-text-align-center\" data-align=\"center\">T\u00e9cnico Judici\u00e1rio- \u00c1rea Judici\u00e1ria<\/td><td class=\"has-text-align-center\" data-align=\"center\">20 + CR<\/td><td class=\"has-text-align-center\" data-align=\"center\">R$ 3.006,69<\/td><\/tr><\/tbody><\/table><figcaption class=\"wp-element-caption\">Cargo, vagas e sal\u00e1rio<\/figcaption><\/figure>\n\n\n\n<h3 class=\"wp-block-heading\" id=\"h-requisitos-e-atribuicoes\">Requisitos e atribui\u00e7\u00f5es<\/h3>\n\n\n\n<h4 class=\"wp-block-heading\" id=\"h-requisitos\">Requisitos<\/h4>\n\n\n\n<p>Diploma de curso m\u00e9dio completo, devidamente registrado, fornecido por Institui\u00e7\u00e3o de Ensino reconhecida pelo Minist\u00e9rio da Educa\u00e7\u00e3o, comprovado por meio de apresenta\u00e7\u00e3o de original e c\u00f3pia do respectivo documento, para o cargo pretendido.<\/p>\n\n\n\n<h4 class=\"wp-block-heading\" id=\"h-atribuicoes\">Atribui\u00e7\u00f5es<\/h4>\n\n\n\n<ul class=\"wp-block-list\">\n<li>Atividades supervisionadas, de n\u00edvel intermedi\u00e1rio, concernentes ao apoio \u00e0s unidades no tocante ao cumprimento e formaliza\u00e7\u00e3o dos atos processuais e respectivas certifica\u00e7\u00f5es, elabora\u00e7\u00e3o de minutas, documentos, relat\u00f3rios, planos e projetos, atendimento ao p\u00fablico, presta\u00e7\u00e3o de informa\u00e7\u00f5es, juntada de documentos, baixa e arquivamento de processos; <\/li>\n\n\n\n<li>aux\u00edlio na aplica\u00e7\u00e3o e execu\u00e7\u00e3o dos m\u00e9todos consensuais de solu\u00e7\u00e3o de conflitos estabelecidos pelo poder judici\u00e1rio; <\/li>\n\n\n\n<li>Revis\u00e3o; <\/li>\n\n\n\n<li>Digita\u00e7\u00e3o; <\/li>\n\n\n\n<li>Cria\u00e7\u00e3o, manuten\u00e7\u00e3o e consultaria de bancos de dados; <\/li>\n\n\n\n<li>Confer\u00eancia, impress\u00e3o, transmiss\u00e3o e arquivamento de trabalhos escritos, inclusive por meio de processos informatizados; <\/li>\n\n\n\n<li>Digitaliza\u00e7\u00e3o de documentos com o correspondente armazenamento ou remessa por meio eletr\u00f4nico; <\/li>\n\n\n\n<li>Distribui\u00e7\u00e3o e controle de materiais; execu\u00e7\u00e3o de atividades de apoio \u00e0 media\u00e7\u00e3o, concilia\u00e7\u00e3o e outras tarefas de grau m\u00e9dio de complexidade.<\/li>\n<\/ul>\n\n\n\n<h3 class=\"wp-block-heading\" id=\"etapas\">Etapas e provas<\/h3>\n\n\n\n<p>Os candidatos ser\u00e3o avaliados pela seguinte etapa \u00fanica:<\/p>\n\n\n\n<ul class=\"wp-block-list\">\n<li>Prova objetiva, de car\u00e1ter eliminat\u00f3rio e classificat\u00f3rio;<\/li>\n<\/ul>\n\n\n\n<h4 class=\"wp-block-heading\" id=\"objetiva\">Provas Objetivas<\/h4>\n\n\n\n<p>As provas objetivas ser\u00e3o compostas por 60 quest\u00f5es de m\u00faltipla escolha, com 5 (cinco) alternativas, sendo apenas uma correta.<\/p>\n\n\n\n<p>A etapa versar\u00e1 com a seguinte estrutura:<\/p>\n\n\n\n<ul class=\"wp-block-list\">\n<li><strong>L\u00edngua Portuguesa &#8211; 20 quest\u00f5es<\/strong>;<\/li>\n\n\n\n<li><strong>Legisla\u00e7\u00e3o Espec\u00edfica do Estado de Alagoas &#8211; 10 quest\u00f5es;<\/strong><\/li>\n\n\n\n<li><strong>Conhecimentos Espec\u00edficos &#8211; 30 quest\u00f5es:<\/strong>\n<ul class=\"wp-block-list\">\n<li><strong>&#8211;<\/strong> No\u00e7\u00f5es de Direito Administrativo<\/li>\n\n\n\n<li><strong>&#8211;<\/strong> No\u00e7\u00f5es de Direito Civil<\/li>\n\n\n\n<li><strong>&#8211;<\/strong> No\u00e7\u00f5es de Direito Processual Civil<\/li>\n\n\n\n<li><strong>&#8211;<\/strong> No\u00e7\u00f5es de Direito Constitucional<\/li>\n\n\n\n<li><strong>&#8211;<\/strong> No\u00e7\u00f5es de Direito Penal<\/li>\n\n\n\n<li><strong>&#8211; <\/strong>No\u00e7\u00f5es de Direito Processual Penal<\/li>\n<\/ul>\n<\/li>\n<\/ul>\n\n\n\n<hr class=\"wp-block-separator has-alpha-channel-opacity\"\/>\n\n\n\n<h2 class=\"wp-block-heading\" id=\"ultimo-concurso\">\u00daltimo concurso TJ AL<\/h2>\n\n\n\n<p>O \u00faltimo concurso p\u00fablico do Tribunal de Justi\u00e7a de Alagoas foi publicado em <strong>2017<\/strong> sob organiza\u00e7\u00e3o da banca Funda\u00e7\u00e3o Get\u00falio Vargas, a FGV. Na ocasi\u00e3o, foram ofertadas <strong>131 vagas<\/strong> para os cargos de Analista Judici\u00e1rio e T\u00e9cnico Judici\u00e1rio.<\/p>\n\n\n\n<p><strong><em>N\u00edvel m\u00e9dio:<\/em><\/strong><\/p>\n\n\n\n<ul class=\"wp-block-list\">\n<li>Judici\u00e1ria &#8211; 100 vagas<\/li>\n<\/ul>\n\n\n\n<p><strong><em>N\u00edvel superior:<\/em><\/strong><\/p>\n\n\n\n<ul class=\"wp-block-list\">\n<li>Oficial de Justi\u00e7a Avaliador &#8211; 15 vagas<\/li>\n\n\n\n<li>Judici\u00e1ria &#8211; 15 vagas<\/li>\n\n\n\n<li>Apoio especializado &#8211; Estat\u00edstica &#8211; 1 vaga<\/li>\n<\/ul>\n\n\n\n<h2 class=\"wp-block-heading\" id=\"etapas-do-ultimo-concurso\">Etapas do \u00faltimo concurso TJ AL<\/h2>\n\n\n\n<p>A sele\u00e7\u00e3o para o concurso foi realizada atrav\u00e9s de uma Prova Objetiva de m\u00faltipla escolha para ambos os cargos e de Prova Discursiva e Avalia\u00e7\u00e3o de T\u00edtulos somente para o cargo de Analista Judici\u00e1rio. Os candidatos tiveram um total de 5 horas para fazer as provas.<\/p>\n\n\n\n<p><strong><em>Obs.:<\/em><\/strong> As provas foram realizadas na capital Macei\u00f3.<\/p>\n\n\n\n<h3 class=\"wp-block-heading\" id=\"prova-objetiva\">Prova objetiva<\/h3>\n\n\n\n<p>A prova objetiva contou com 100 quest\u00f5es de m\u00faltipla escolha para o cargo de T\u00e9cnico e 80 para Analista distribu\u00eddas da seguinte forma:<\/p>\n\n\n\n<p><strong>Analista Judici\u00e1rio:<\/strong><\/p>\n\n\n\n<ul class=\"wp-block-list\">\n<li>L\u00edngua Portuguesa &#8211; 20 quest\u00f5es <\/li>\n\n\n\n<li>Legisla\u00e7\u00e3o Espec\u00edfica &#8211; 10 quest\u00f5es<\/li>\n\n\n\n<li>Conhecimentos Espec\u00edficos &#8211; 50 quest\u00f5es<\/li>\n<\/ul>\n\n\n\n<p><strong>T\u00e9cnico Judici\u00e1rio<\/strong><\/p>\n\n\n\n<ul class=\"wp-block-list\">\n<li>L\u00edngua Portuguesa &#8211; 30 quest\u00f5es<\/li>\n\n\n\n<li>Conhecimentos Espec\u00edficos &#8211; 70 quest\u00f5es:<\/li>\n\n\n\n<li><strong>&#8211;<\/strong> Legisla\u00e7\u00e3o Espec\u00edfica do Estado de Alagoas<\/li>\n\n\n\n<li><strong>&#8211;<\/strong> No\u00e7\u00f5es de Direito Administrativo<\/li>\n\n\n\n<li><strong>&#8211;<\/strong> No\u00e7\u00f5es de Direito Civil<\/li>\n\n\n\n<li><strong>&#8211;<\/strong> No\u00e7\u00f5es de Direito Processual Civil<\/li>\n\n\n\n<li><strong>&#8211;<\/strong> No\u00e7\u00f5es de Direito Constitucional<\/li>\n\n\n\n<li><strong>&#8211;<\/strong> No\u00e7\u00f5es de Direito Penal<\/li>\n\n\n\n<li><strong>&#8211; <\/strong>No\u00e7\u00f5es de Direito Processual Penal<\/li>\n<\/ul>\n\n\n\n<p>Foi considerado aprovado o candidato que cumulativamente:<\/p>\n\n\n\n<ol class=\"wp-block-list\">\n<li>acertasse, no m\u00ednimo, 50% da prova; <\/li>\n\n\n\n<li>acertasse, no m\u00ednimo, 1 quest\u00e3o do m\u00f3dulo de conhecimentos b\u00e1sicos; e <\/li>\n\n\n\n<li>acertasse, no m\u00ednimo, 50% das quest\u00f5es do m\u00f3dulo de conhecimentos espec\u00edficos. <\/li>\n<\/ol>\n\n\n\n<h3 class=\"wp-block-heading\" id=\"prova-discursiva\">Prova discursiva<\/h3>\n\n\n\n<p>A Prova Escrita Discursiva para o cargo de Analista Judici\u00e1rio contou com 2 quest\u00f5es discursivas, valendo 10 pontos cada uma.  As quest\u00f5es versaram sobre conte\u00fados pertinentes \u00e0s disciplinas de Conhecimentos Espec\u00edficos, conforme conte\u00fado program\u00e1tico, adequado \u00e0s atribui\u00e7\u00f5es do cargo\/ especialidade. <\/p>\n\n\n\n<h3 class=\"wp-block-heading\" id=\"avaliacao-de-titulos\">Avalia\u00e7\u00e3o de T\u00edtulos<\/h3>\n\n\n\n<p>Foram avaliados os t\u00edtulos dos candidatos aprovados na prova discursiva at\u00e9 a 150\u00aa posi\u00e7\u00e3o para o cargo de Analista Judici\u00e1rio &#8211; Oficial de Justi\u00e7a; at\u00e9 a 150\u00aa posi\u00e7\u00e3o do cargo de Analista Judici\u00e1rio \u2013 \u00c1rea Judici\u00e1ria; e at\u00e9 a 10\u00aa posi\u00e7\u00e3o do cargo de Analista Judici\u00e1rio \u2013 Estat\u00edstica, respeitados os empatados na \u00faltima posi\u00e7\u00e3o. Os demais candidatos foram considerados eliminados do concurso. <\/p>\n\n\n\n<p>Essa Avalia\u00e7\u00e3o valeu, no m\u00e1ximo, 10 pontos, ainda que a soma dos valores dos t\u00edtulos apresentados pudesse superar esse valor. <\/p>\n\n\n\n<figure class=\"wp-block-table is-style-stripes\"><table class=\"has-background has-fixed-layout\" style=\"background-color:#e7f5fe\"><tbody><tr><td class=\"has-text-align-center\" data-align=\"center\"><strong>Al\u00ednea<\/strong><\/td><td class=\"has-text-align-center\" data-align=\"center\"><strong>T\u00edtulo<\/strong><\/td><td class=\"has-text-align-center\" data-align=\"center\"><strong>Valor de cada t\u00edtulo<\/strong><\/td><td class=\"has-text-align-center\" data-align=\"center\"><strong>Valor m\u00e1ximo dos t\u00edtulos<\/strong><\/td><\/tr><tr><td class=\"has-text-align-center\" data-align=\"center\"><strong>A<\/strong><\/td><td class=\"has-text-align-center\" data-align=\"center\">P\u00f3s-gradua\u00e7\u00e3o<em> Lato Sensu<\/em> (m\u00ednimo de 360 horas) na \u00e1rea espec\u00edfica do cargo\/especialidade pretendido.<\/td><td class=\"has-text-align-center\" data-align=\"center\">1<\/td><td class=\"has-text-align-center\" data-align=\"center\">1<\/td><\/tr><tr><td class=\"has-text-align-center\" data-align=\"center\"><strong>B<\/strong><\/td><td class=\"has-text-align-center\" data-align=\"center\">P\u00f3s-gradua\u00e7\u00e3o <em>Stricto Sensu <\/em>&#8211; Mestrado na \u00e1rea espec\u00edfica do cargo\/especialidade pretendido.<\/td><td class=\"has-text-align-center\" data-align=\"center\">3<\/td><td class=\"has-text-align-center\" data-align=\"center\">3<\/td><\/tr><tr><td class=\"has-text-align-center\" data-align=\"center\"><strong>C<\/strong><\/td><td class=\"has-text-align-center\" data-align=\"center\">P\u00f3s-gradua\u00e7\u00e3o<em> Stricto Sensu<\/em> &#8211; Doutorado na \u00e1rea espec\u00edfica do cargo\/especialidade pretendido.<\/td><td class=\"has-text-align-center\" data-align=\"center\">6<\/td><td class=\"has-text-align-center\" data-align=\"center\">6<\/td><\/tr><\/tbody><\/table><figcaption class=\"wp-element-caption\"><strong>Tabela de t\u00edtulos do \u00faltimo concurso <\/strong><\/figcaption><\/figure>\n\n\n\n<h3 class=\"wp-block-heading\" id=\"inscricoes-por-vaga\">Inscri\u00e7\u00f5es por vaga<\/h3>\n\n\n\n<p>Foram registrados no total, <strong>42.762 inscritos<\/strong>, uma concorr\u00eancia de aproximadamente 326 candidatos por vaga. S\u00f3 para o cargo de T\u00e9cnico Judici\u00e1rio foram 33.935 inscritos, o que representa 79% do total de inscritos.<\/p>\n\n\n\n<p><strong>Analista Jud. &#8211; Apoio Especializado &#8211; Estat\u00edstica<\/strong> (41 inscritos = 41 candidatos x vaga)<\/p>\n\n\n\n<p><strong>Analista Jud. &#8211; \u00c1rea Judici\u00e1ria <\/strong>(5.075 inscritos = 338 candidatos x vaga)<\/p>\n\n\n\n<p><strong>Analista Jud. &#8211; Oficial de Justi\u00e7a Avaliador<\/strong> (3.711 inscritos = 247 candidatos x vaga)<\/p>\n\n\n\n<p><strong>T\u00e9cnico Judici\u00e1rio &#8211; Judici\u00e1ria <\/strong>(33.935 inscritos = 339 candidatos x vaga)<\/p>\n\n\n\n<h3 class=\"wp-block-heading\" id=\"nota-de-corte\">Nota de corte<\/h3>\n\n\n\n<p>Com o concurso vigente, muitas convoca\u00e7\u00f5es ainda devem ser realizadas futuramente, mas conforme o resultado final do certame, \u00e9 poss\u00edvel ter uma no\u00e7\u00e3o da nota de corte para o concurso por cargo. Abaixo voc\u00ea confere a rela\u00e7\u00e3o dos candidatos classificados e aptos para tomar posse: <\/p>\n\n\n\n<p><strong>Analista Jud. &#8211; Apoio Especializado &#8211; Estat\u00edstica<\/strong> <br \/><em>Classifica\u00e7\u00e3o geral &#8211; Geral:<\/em> 3<\/p>\n\n\n\n<ul class=\"wp-block-list\">\n<li><strong>Notas do \u00faltimo classificado:<\/strong><\/li>\n\n\n\n<li><em>Prova objetiva: <\/em>40<\/li>\n\n\n\n<li><em>Prova discursiva: <\/em>13,5<\/li>\n\n\n\n<li><em>Avalia\u00e7\u00e3o de t\u00edtulos: <\/em>0<\/li>\n\n\n\n<li><em>Nota final:<\/em> 53,3<\/li>\n<\/ul>\n\n\n\n<p><strong>Analista Jud. &#8211; \u00c1rea Judici\u00e1ria <\/strong><br \/><em>Classifica\u00e7\u00e3o Geral:<\/em> 156<\/p>\n\n\n\n<ul class=\"wp-block-list\">\n<li><strong>Notas do \u00faltimo classificado:<\/strong><\/li>\n\n\n\n<li><em>Prova objetiva: <\/em>40<\/li>\n\n\n\n<li><em>Prova discursiva: <\/em>8<\/li>\n\n\n\n<li><em>Avalia\u00e7\u00e3o de t\u00edtulos: <\/em>1<\/li>\n\n\n\n<li><em>Nota final:<\/em> 49,0 <\/li>\n<\/ul>\n\n\n\n<p><strong>Analista Jud. &#8211; Oficial de Justi\u00e7a Avaliador<\/strong> <br \/><em>Classifica\u00e7\u00e3o Geral:<\/em> 115<\/p>\n\n\n\n<ul class=\"wp-block-list\">\n<li><strong>Notas do \u00faltimo classificado:<\/strong><\/li>\n\n\n\n<li><em>Prova objetiva: <\/em>45<\/li>\n\n\n\n<li><em>Prova discursiva: <\/em>9<\/li>\n\n\n\n<li><em>Avalia\u00e7\u00e3o de t\u00edtulos: <\/em>1<\/li>\n\n\n\n<li><em>Nota final:<\/em> 55,0  <\/li>\n<\/ul>\n\n\n\n<p><strong>T\u00e9cnico Judici\u00e1rio &#8211; Judici\u00e1ria <\/strong><br \/><em>Classifica\u00e7\u00e3o Geral:<\/em> 521<br \/><strong>Notas do \u00faltimo classificado:<br \/><\/strong><em>Nota final:<\/em> 50,0   <\/p>\n\n\n\n<hr class=\"wp-block-separator has-alpha-channel-opacity\"\/>\n\n\n\n<h2 class=\"wp-block-heading has-text-align-center\" id=\"h-quer-saber-tudo-sobre-concursos-previstos-confira-nossos-artigos\">Quer saber tudo sobre concursos previstos?<br \/>Confira nossos artigos!<\/h2>\n\n\n\n<ul class=\"wp-block-list\">\n<li><a href=\"https:\/\/www.estrategiaconcursos.com.br\/blog\/concursos-abertos\/\" target=\"_blank\" rel=\"noreferrer noopener\">Concursos abertos<\/a><\/li>\n\n\n\n<li><a href=\"https:\/\/www.estrategiaconcursos.com.br\/blog\/concursos-tribunais\/\">Concursos tribunais<\/a><\/li>\n\n\n\n<li><a href=\"https:\/\/www.estrategiaconcursos.com.br\/blog\/concursos-2026\/\" target=\"_blank\" rel=\"noreferrer noopener\">Concursos 2026<\/a><\/li>\n<\/ul>\n\n\n\n<h3 class=\"wp-block-heading has-text-align-center\" id=\"h-q-uer-estudar-para-o-concurso-tj-al\"><strong>Q<em>uer estudar para o Concurso TJ AL<\/em>?<\/strong><\/h3>\n\n\n\n<p class=\"has-text-align-center\"><em><strong>Gostou desta oportunidade e deseja come\u00e7ar se preparar agora mesmo? Ent\u00e3o, confira os cursos para o concurso TJ AL dispon\u00edveis em nosso site:<\/strong><\/em><\/p>\n\n\n\n<div class=\"container\" id=\"boxes\">\n  <div class=\"row\">\n\n    <div class=\"col-sm\">\n      <div class=\"banner-tribunal\" id=\"box-assinatura\">\n        <h3 class=\"titulo-assinatura\">Curso TJ AL<\/h3>\n        <p class=\"subtitulo-assinatura\">Conhe\u00e7a os cursos<\/p>\n        <div class=\"box-botao\">\n          <a class=\"btn-assinatura\" target=\"_blank\" href=\"https:\/\/www.estrategiaconcursos.com.br\/cursosPorConcurso\/tj-al-tribunal-de-justica-de-alagoas\/\" role=\"button\" rel=\"noopener noreferrer\">Conhe\u00e7a mais<\/a>\n        <\/div>\n      <\/div>\n      <p class=\"texto-auxiliar\">Prepare-se com o melhor material e com quem mais aprova em Concursos P\u00fablicos em todo o pa\u00eds.<\/p>\n    <\/div>\n\n  <\/div>\n<\/div>\n\n\n\n<div class=\"container\" id=\"boxes\">\n  <div class=\"row\">\n\n    <div class=\"col-sm\">\n      <div class=\"estrategia\" id=\"box-assinatura\">\n        <h3 class=\"titulo-assinatura\">Assinatura Concursos<\/h3>\n        <p class=\"subtitulo-assinatura\">Assinatura de 1 ano ou 2 anos<\/p>\n        <div class=\"box-botao\">\n          <a class=\"btn-assinatura\" target=\"_blank\" href=\"https:\/\/www.estrategiaconcursos.com.br\/assinaturas\/\" role=\"button\" rel=\"noopener noreferrer\">ASSINE AGORA<\/a>\n        <\/div>\n      <\/div>\n     \n    <\/div><\/div><\/div>\n\n\n\n<figure class=\"wp-block-image size-large is-resized\"><img loading=\"lazy\" decoding=\"async\" width=\"1024\" height=\"632\" src=\"https:\/\/dhg1h5j42swfq.cloudfront.net\/2021\/04\/06115820\/ficha-tecnica-77-1024x632.png\" alt=\"\" class=\"wp-image-708423\" style=\"width:226px;height:auto\" srcset=\"https:\/\/dhg1h5j42swfq.cloudfront.net\/2021\/04\/06115820\/ficha-tecnica-77-1024x632.png 1024w, https:\/\/dhg1h5j42swfq.cloudfront.net\/2021\/04\/06115820\/ficha-tecnica-77-300x185.png 300w, https:\/\/dhg1h5j42swfq.cloudfront.net\/2021\/04\/06115820\/ficha-tecnica-77-768x474.png 768w, https:\/\/dhg1h5j42swfq.cloudfront.net\/2021\/04\/06115820\/ficha-tecnica-77-1536x948.png 1536w, https:\/\/dhg1h5j42swfq.cloudfront.net\/2021\/04\/06115820\/ficha-tecnica-77-610x377.png 610w, https:\/\/dhg1h5j42swfq.cloudfront.net\/2021\/04\/06115820\/ficha-tecnica-77.png 1571w\" sizes=\"auto, (max-width: 1024px) 100vw, 1024px\" \/><\/figure>\n\n\n\n<h3 class=\"wp-block-heading\" id=\"h-informacoes-do-ultimo-concurso-tj-al\">Informa\u00e7\u00f5es do \u00faltimo Concurso TJ AL<\/h3>\n\n\n\n<ul class=\"wp-block-list\">\n<li><strong>Prova:<\/strong> <s>14\/07\/2024<\/s><\/li>\n\n\n\n<li><strong>Vagas:<\/strong> 20 + CR<\/li>\n\n\n\n<li><strong>Cargos:<\/strong> T\u00e9cnico Judici\u00e1rio &#8211; \u00c1rea Judici\u00e1ria<\/li>\n\n\n\n<li><strong>Escolaridade:<\/strong> N\u00edvel M\u00e9dio<\/li>\n\n\n\n<li><strong>Banca:<\/strong> FCC<\/li>\n\n\n\n<li><strong>Edital:<\/strong> <a href=\"https:\/\/dhg1h5j42swfq.cloudfront.net\/2024\/04\/12082537\/edital-tj-al-1.pdf\" target=\"_blank\" rel=\"noreferrer noopener nofollow\">TJ AL 2024<\/a><\/li>\n<\/ul>\n\n\n\n<p id=\"ficha\"><span class=\"underline\" style=\"color: #000000;\"><strong>\u2666Informa\u00e7\u00f5es do \u00faltimo Concurso TJ AL<\/strong><\/span><\/p>\n\n\n\n<p><span class=\"underline\" style=\"color: #000000;\">\u25ba<strong>Data: <\/strong>2017<\/span><strong><br \/><\/strong><span class=\"underline\" style=\"color: #000000;\"><strong>\u25baVagas: <\/strong>131 <\/span><br \/><strong>\u25baCargos: <\/strong>Analista e T\u00e9cnico Judici\u00e1rio<strong><br \/><\/strong><span class=\"underline\" style=\"color: #000000;\"><strong>\u25baEscolaridade: <\/strong>n\u00edvel m\u00e9dio e superior<\/span><strong><br \/><\/strong><span class=\"underline\" style=\"color: #000000;\"><strong>\u25baBanca: <\/strong>FGV<\/span><strong><br \/><\/strong><span class=\"underline\" style=\"color: #000000;\"><strong>\u25baEdital: <\/strong><a aria-label=\"Edital TJ AL - 2017 (opens in a new tab)\" href=\"https:\/\/dhg1h5j42swfq.cloudfront.net\/2019\/05\/08143649\/Edital_TJAL_2018_07_10_retificado_4_atualizado.pdf\" target=\"_blank\" rel=\"noreferrer noopener\">TJ AL 2017<\/a><\/span><br \/><\/p>\n\n\n\n<p><br \/><\/p>\n","protected":false},"excerpt":{"rendered":"<p>O novo concurso do Tribunal de Justi\u00e7a de Alagoas (TJ AL) est\u00e1 com comiss\u00e3o formada! S\u00e3o previstas vagas para o cargo de Analista Judici\u00e1rio &#8211; Oficial de Justi\u00e7a Avaliador, de n\u00edvel superior. Recentemente o \u00f3rg\u00e3o divulgou os resultados definitivos do concurso de 2024, confira: O certame ofertou 20 vagas imediatas, al\u00e9m de forma\u00e7\u00e3o de cadastro [&hellip;]<\/p>\n","protected":false},"author":1,"featured_media":1381880,"comment_status":"open","ping_status":"open","sticky":false,"template":"","format":"standard","meta":{"post_tipo":"news_page","footnotes":""},"categories":[1984],"tags":[2473],"tax_estado":[219965],"class_list":["post-65207","post","type-post","status-publish","format-standard","has-post-thumbnail","hentry","category-tribunais","tag-concurso-tj-al","tax_estado-al"],"acf":[],"yoast_head":"<!-- This site is optimized with the Yoast SEO Premium plugin v27.2 (Yoast SEO v27.2) - https:\/\/yoast.com\/product\/yoast-seo-premium-wordpress\/ -->\n<title>Concurso TJ AL: comiss\u00e3o formada para novo edital!<\/title>\n<meta name=\"description\" content=\"Concurso TJ AL: um novo edital com vagas para o cargo de Analista Judici\u00e1rio - Oficial de Justi\u00e7a Avaliador pode estar a caminho. Confira!\" \/>\n<meta name=\"robots\" content=\"index, follow, max-snippet:-1, max-image-preview:large, max-video-preview:-1\" \/>\n<link rel=\"canonical\" href=\"https:\/\/www.estrategiaconcursos.com.br\/blog\/concurso-tj-al\/\" \/>\n<meta property=\"og:locale\" content=\"pt_BR\" \/>\n<meta property=\"og:type\" content=\"article\" \/>\n<meta property=\"og:title\" content=\"Concurso TJ AL: comiss\u00e3o formada para novo edital!\" \/>\n<meta property=\"og:description\" content=\"Concurso TJ AL: um novo edital com vagas para o cargo de Analista Judici\u00e1rio - Oficial de Justi\u00e7a Avaliador pode estar a caminho. Confira!\" \/>\n<meta property=\"og:url\" content=\"https:\/\/www.estrategiaconcursos.com.br\/blog\/concurso-tj-al\/\" \/>\n<meta property=\"og:site_name\" content=\"Estrat\u00e9gia Concursos\" \/>\n<meta property=\"article:author\" content=\"https:\/\/www.facebook.com\/EstrategiaConcursos\" \/>\n<meta property=\"article:published_time\" content=\"2025-12-08T14:24:00+00:00\" \/>\n<meta property=\"article:modified_time\" content=\"2025-12-09T11:41:17+00:00\" \/>\n<meta property=\"og:image\" content=\"https:\/\/dhg1h5j42swfq.cloudfront.net\/2024\/04\/10112400\/tj-al.jpg\" \/>\n\t<meta property=\"og:image:width\" content=\"768\" \/>\n\t<meta property=\"og:image:height\" content=\"432\" \/>\n\t<meta property=\"og:image:type\" content=\"image\/jpeg\" \/>\n<meta name=\"author\" content=\"Coordena\u00e7\u00e3o\" \/>\n<meta name=\"twitter:card\" content=\"summary_large_image\" \/>\n<meta name=\"twitter:creator\" content=\"@EstratConcursos\" \/>\n<meta name=\"twitter:site\" content=\"@EstratConcursos\" \/>\n<meta name=\"twitter:label1\" content=\"Escrito por\" \/>\n\t<meta name=\"twitter:data1\" content=\"Coordena\u00e7\u00e3o\" \/>\n\t<meta name=\"twitter:label2\" content=\"Est. tempo de leitura\" \/>\n\t<meta name=\"twitter:data2\" content=\"9 minutos\" \/>\n<script type=\"application\/ld+json\" class=\"yoast-schema-graph\">{\"@context\":\"https:\/\/schema.org\",\"@graph\":[{\"@type\":\"NewsArticle\",\"@id\":\"https:\/\/www.estrategiaconcursos.com.br\/blog\/concurso-tj-al\/#article\",\"isPartOf\":{\"@id\":\"https:\/\/www.estrategiaconcursos.com.br\/blog\/concurso-tj-al\/\"},\"author\":{\"name\":\"Coordena\u00e7\u00e3o\",\"@id\":\"https:\/\/www.estrategiaconcursos.com.br\/blog\/#\/schema\/person\/b4a388c97673c5f483d72185668afa1f\"},\"headline\":\"Concurso TJ AL: comiss\u00e3o formada para novo edital!\",\"datePublished\":\"2025-12-08T14:24:00+00:00\",\"dateModified\":\"2025-12-09T11:41:17+00:00\",\"mainEntityOfPage\":{\"@id\":\"https:\/\/www.estrategiaconcursos.com.br\/blog\/concurso-tj-al\/\"},\"wordCount\":1980,\"commentCount\":9,\"publisher\":{\"@id\":\"https:\/\/www.estrategiaconcursos.com.br\/blog\/#organization\"},\"image\":{\"@id\":\"https:\/\/www.estrategiaconcursos.com.br\/blog\/concurso-tj-al\/#primaryimage\"},\"thumbnailUrl\":\"https:\/\/dhg1h5j42swfq.cloudfront.net\/2024\/04\/10112400\/tj-al.jpg\",\"keywords\":[\"concurso TJ AL\"],\"articleSection\":[\"Tribunais\"],\"inLanguage\":\"pt-BR\",\"potentialAction\":[{\"@type\":\"CommentAction\",\"name\":\"Comment\",\"target\":[\"https:\/\/www.estrategiaconcursos.com.br\/blog\/concurso-tj-al\/#respond\"]}],\"copyrightYear\":\"2025\",\"copyrightHolder\":{\"@id\":\"https:\/\/www.estrategiaconcursos.com.br\/blog\/#organization\"}},{\"@type\":\"WebPage\",\"@id\":\"https:\/\/www.estrategiaconcursos.com.br\/blog\/concurso-tj-al\/\",\"url\":\"https:\/\/www.estrategiaconcursos.com.br\/blog\/concurso-tj-al\/\",\"name\":\"Concurso TJ AL: comiss\u00e3o formada para novo edital!\",\"isPartOf\":{\"@id\":\"https:\/\/www.estrategiaconcursos.com.br\/blog\/#website\"},\"primaryImageOfPage\":{\"@id\":\"https:\/\/www.estrategiaconcursos.com.br\/blog\/concurso-tj-al\/#primaryimage\"},\"image\":{\"@id\":\"https:\/\/www.estrategiaconcursos.com.br\/blog\/concurso-tj-al\/#primaryimage\"},\"thumbnailUrl\":\"https:\/\/dhg1h5j42swfq.cloudfront.net\/2024\/04\/10112400\/tj-al.jpg\",\"datePublished\":\"2025-12-08T14:24:00+00:00\",\"dateModified\":\"2025-12-09T11:41:17+00:00\",\"description\":\"Concurso TJ AL: um novo edital com vagas para o cargo de Analista Judici\u00e1rio - Oficial de Justi\u00e7a Avaliador pode estar a caminho. Confira!\",\"breadcrumb\":{\"@id\":\"https:\/\/www.estrategiaconcursos.com.br\/blog\/concurso-tj-al\/#breadcrumb\"},\"inLanguage\":\"pt-BR\",\"potentialAction\":[{\"@type\":\"ReadAction\",\"target\":[\"https:\/\/www.estrategiaconcursos.com.br\/blog\/concurso-tj-al\/\"]}]},{\"@type\":\"ImageObject\",\"inLanguage\":\"pt-BR\",\"@id\":\"https:\/\/www.estrategiaconcursos.com.br\/blog\/concurso-tj-al\/#primaryimage\",\"url\":\"https:\/\/dhg1h5j42swfq.cloudfront.net\/2024\/04\/10112400\/tj-al.jpg\",\"contentUrl\":\"https:\/\/dhg1h5j42swfq.cloudfront.net\/2024\/04\/10112400\/tj-al.jpg\",\"width\":768,\"height\":432,\"caption\":\"concurso tj al\"},{\"@type\":\"BreadcrumbList\",\"@id\":\"https:\/\/www.estrategiaconcursos.com.br\/blog\/concurso-tj-al\/#breadcrumb\",\"itemListElement\":[{\"@type\":\"ListItem\",\"position\":1,\"name\":\"In\u00edcio\",\"item\":\"https:\/\/www.estrategiaconcursos.com.br\/blog\/\"},{\"@type\":\"ListItem\",\"position\":2,\"name\":\"Concurso TJ AL: comiss\u00e3o formada para novo edital!\"}]},{\"@type\":\"WebSite\",\"@id\":\"https:\/\/www.estrategiaconcursos.com.br\/blog\/#website\",\"url\":\"https:\/\/www.estrategiaconcursos.com.br\/blog\/\",\"name\":\"Estrat\u00e9gia Concursos\",\"description\":\"O blog da Estrat\u00e9gia Concursos traz not\u00edcias sobre concursos e artigos de professores oferecendo cursos para concursos (pdf + videaulas) no site.\",\"publisher\":{\"@id\":\"https:\/\/www.estrategiaconcursos.com.br\/blog\/#organization\"},\"potentialAction\":[{\"@type\":\"SearchAction\",\"target\":{\"@type\":\"EntryPoint\",\"urlTemplate\":\"https:\/\/www.estrategiaconcursos.com.br\/blog\/?s={search_term_string}\"},\"query-input\":{\"@type\":\"PropertyValueSpecification\",\"valueRequired\":true,\"valueName\":\"search_term_string\"}}],\"inLanguage\":\"pt-BR\"},{\"@type\":\"Organization\",\"@id\":\"https:\/\/www.estrategiaconcursos.com.br\/blog\/#organization\",\"name\":\"Estrat\u00e9gia Concursos\",\"url\":\"https:\/\/www.estrategiaconcursos.com.br\/blog\/\",\"logo\":{\"@type\":\"ImageObject\",\"inLanguage\":\"pt-BR\",\"@id\":\"https:\/\/www.estrategiaconcursos.com.br\/blog\/#\/schema\/logo\/image\/\",\"url\":\"https:\/\/dhg1h5j42swfq.cloudfront.net\/2025\/06\/03203428\/logo_concursos-1.jpg\",\"contentUrl\":\"https:\/\/dhg1h5j42swfq.cloudfront.net\/2025\/06\/03203428\/logo_concursos-1.jpg\",\"width\":230,\"height\":60,\"caption\":\"Estrat\u00e9gia Concursos\"},\"image\":{\"@id\":\"https:\/\/www.estrategiaconcursos.com.br\/blog\/#\/schema\/logo\/image\/\"},\"sameAs\":[\"https:\/\/x.com\/EstratConcursos\"]},{\"@type\":\"Person\",\"@id\":\"https:\/\/www.estrategiaconcursos.com.br\/blog\/#\/schema\/person\/b4a388c97673c5f483d72185668afa1f\",\"name\":\"Coordena\u00e7\u00e3o\",\"image\":{\"@type\":\"ImageObject\",\"inLanguage\":\"pt-BR\",\"@id\":\"https:\/\/secure.gravatar.com\/avatar\/b720319e4c9a967eb58678d110f4fe35452fc5d5f97b202bac7b8acceb18c6ad?s=96&d=mm&r=g\",\"url\":\"https:\/\/secure.gravatar.com\/avatar\/b720319e4c9a967eb58678d110f4fe35452fc5d5f97b202bac7b8acceb18c6ad?s=96&d=mm&r=g\",\"contentUrl\":\"https:\/\/secure.gravatar.com\/avatar\/b720319e4c9a967eb58678d110f4fe35452fc5d5f97b202bac7b8acceb18c6ad?s=96&d=mm&r=g\",\"caption\":\"Coordena\u00e7\u00e3o\"},\"sameAs\":[\"https:\/\/www.facebook.com\/EstrategiaConcursos\",\"https:\/\/x.com\/EstratConcursos\"],\"url\":\"https:\/\/www.estrategiaconcursos.com.br\/blog\/author\/estrategia2013\/\"}]}<\/script>\n<!-- \/ Yoast SEO Premium plugin. -->","yoast_head_json":{"title":"Concurso TJ AL: comiss\u00e3o formada para novo edital!","description":"Concurso TJ AL: um novo edital com vagas para o cargo de Analista Judici\u00e1rio - Oficial de Justi\u00e7a Avaliador pode estar a caminho. Confira!","robots":{"index":"index","follow":"follow","max-snippet":"max-snippet:-1","max-image-preview":"max-image-preview:large","max-video-preview":"max-video-preview:-1"},"canonical":"https:\/\/www.estrategiaconcursos.com.br\/blog\/concurso-tj-al\/","og_locale":"pt_BR","og_type":"article","og_title":"Concurso TJ AL: comiss\u00e3o formada para novo edital!","og_description":"Concurso TJ AL: um novo edital com vagas para o cargo de Analista Judici\u00e1rio - Oficial de Justi\u00e7a Avaliador pode estar a caminho. Confira!","og_url":"https:\/\/www.estrategiaconcursos.com.br\/blog\/concurso-tj-al\/","og_site_name":"Estrat\u00e9gia Concursos","article_author":"https:\/\/www.facebook.com\/EstrategiaConcursos","article_published_time":"2025-12-08T14:24:00+00:00","article_modified_time":"2025-12-09T11:41:17+00:00","og_image":[{"width":768,"height":432,"url":"https:\/\/dhg1h5j42swfq.cloudfront.net\/2024\/04\/10112400\/tj-al.jpg","type":"image\/jpeg"}],"author":"Coordena\u00e7\u00e3o","twitter_card":"summary_large_image","twitter_creator":"@EstratConcursos","twitter_site":"@EstratConcursos","twitter_misc":{"Escrito por":"Coordena\u00e7\u00e3o","Est. tempo de leitura":"9 minutos"},"schema":{"@context":"https:\/\/schema.org","@graph":[{"@type":"NewsArticle","@id":"https:\/\/www.estrategiaconcursos.com.br\/blog\/concurso-tj-al\/#article","isPartOf":{"@id":"https:\/\/www.estrategiaconcursos.com.br\/blog\/concurso-tj-al\/"},"author":{"name":"Coordena\u00e7\u00e3o","@id":"https:\/\/www.estrategiaconcursos.com.br\/blog\/#\/schema\/person\/b4a388c97673c5f483d72185668afa1f"},"headline":"Concurso TJ AL: comiss\u00e3o formada para novo edital!","datePublished":"2025-12-08T14:24:00+00:00","dateModified":"2025-12-09T11:41:17+00:00","mainEntityOfPage":{"@id":"https:\/\/www.estrategiaconcursos.com.br\/blog\/concurso-tj-al\/"},"wordCount":1980,"commentCount":9,"publisher":{"@id":"https:\/\/www.estrategiaconcursos.com.br\/blog\/#organization"},"image":{"@id":"https:\/\/www.estrategiaconcursos.com.br\/blog\/concurso-tj-al\/#primaryimage"},"thumbnailUrl":"https:\/\/dhg1h5j42swfq.cloudfront.net\/2024\/04\/10112400\/tj-al.jpg","keywords":["concurso TJ AL"],"articleSection":["Tribunais"],"inLanguage":"pt-BR","potentialAction":[{"@type":"CommentAction","name":"Comment","target":["https:\/\/www.estrategiaconcursos.com.br\/blog\/concurso-tj-al\/#respond"]}],"copyrightYear":"2025","copyrightHolder":{"@id":"https:\/\/www.estrategiaconcursos.com.br\/blog\/#organization"}},{"@type":"WebPage","@id":"https:\/\/www.estrategiaconcursos.com.br\/blog\/concurso-tj-al\/","url":"https:\/\/www.estrategiaconcursos.com.br\/blog\/concurso-tj-al\/","name":"Concurso TJ AL: comiss\u00e3o formada para novo edital!","isPartOf":{"@id":"https:\/\/www.estrategiaconcursos.com.br\/blog\/#website"},"primaryImageOfPage":{"@id":"https:\/\/www.estrategiaconcursos.com.br\/blog\/concurso-tj-al\/#primaryimage"},"image":{"@id":"https:\/\/www.estrategiaconcursos.com.br\/blog\/concurso-tj-al\/#primaryimage"},"thumbnailUrl":"https:\/\/dhg1h5j42swfq.cloudfront.net\/2024\/04\/10112400\/tj-al.jpg","datePublished":"2025-12-08T14:24:00+00:00","dateModified":"2025-12-09T11:41:17+00:00","description":"Concurso TJ AL: um novo edital com vagas para o cargo de Analista Judici\u00e1rio - Oficial de Justi\u00e7a Avaliador pode estar a caminho. Confira!","breadcrumb":{"@id":"https:\/\/www.estrategiaconcursos.com.br\/blog\/concurso-tj-al\/#breadcrumb"},"inLanguage":"pt-BR","potentialAction":[{"@type":"ReadAction","target":["https:\/\/www.estrategiaconcursos.com.br\/blog\/concurso-tj-al\/"]}]},{"@type":"ImageObject","inLanguage":"pt-BR","@id":"https:\/\/www.estrategiaconcursos.com.br\/blog\/concurso-tj-al\/#primaryimage","url":"https:\/\/dhg1h5j42swfq.cloudfront.net\/2024\/04\/10112400\/tj-al.jpg","contentUrl":"https:\/\/dhg1h5j42swfq.cloudfront.net\/2024\/04\/10112400\/tj-al.jpg","width":768,"height":432,"caption":"concurso tj al"},{"@type":"BreadcrumbList","@id":"https:\/\/www.estrategiaconcursos.com.br\/blog\/concurso-tj-al\/#breadcrumb","itemListElement":[{"@type":"ListItem","position":1,"name":"In\u00edcio","item":"https:\/\/www.estrategiaconcursos.com.br\/blog\/"},{"@type":"ListItem","position":2,"name":"Concurso TJ AL: comiss\u00e3o formada para novo edital!"}]},{"@type":"WebSite","@id":"https:\/\/www.estrategiaconcursos.com.br\/blog\/#website","url":"https:\/\/www.estrategiaconcursos.com.br\/blog\/","name":"Estrat\u00e9gia Concursos","description":"O blog da Estrat\u00e9gia Concursos traz not\u00edcias sobre concursos e artigos de professores oferecendo cursos para concursos (pdf + videaulas) no site.","publisher":{"@id":"https:\/\/www.estrategiaconcursos.com.br\/blog\/#organization"},"potentialAction":[{"@type":"SearchAction","target":{"@type":"EntryPoint","urlTemplate":"https:\/\/www.estrategiaconcursos.com.br\/blog\/?s={search_term_string}"},"query-input":{"@type":"PropertyValueSpecification","valueRequired":true,"valueName":"search_term_string"}}],"inLanguage":"pt-BR"},{"@type":"Organization","@id":"https:\/\/www.estrategiaconcursos.com.br\/blog\/#organization","name":"Estrat\u00e9gia Concursos","url":"https:\/\/www.estrategiaconcursos.com.br\/blog\/","logo":{"@type":"ImageObject","inLanguage":"pt-BR","@id":"https:\/\/www.estrategiaconcursos.com.br\/blog\/#\/schema\/logo\/image\/","url":"https:\/\/dhg1h5j42swfq.cloudfront.net\/2025\/06\/03203428\/logo_concursos-1.jpg","contentUrl":"https:\/\/dhg1h5j42swfq.cloudfront.net\/2025\/06\/03203428\/logo_concursos-1.jpg","width":230,"height":60,"caption":"Estrat\u00e9gia Concursos"},"image":{"@id":"https:\/\/www.estrategiaconcursos.com.br\/blog\/#\/schema\/logo\/image\/"},"sameAs":["https:\/\/x.com\/EstratConcursos"]},{"@type":"Person","@id":"https:\/\/www.estrategiaconcursos.com.br\/blog\/#\/schema\/person\/b4a388c97673c5f483d72185668afa1f","name":"Coordena\u00e7\u00e3o","image":{"@type":"ImageObject","inLanguage":"pt-BR","@id":"https:\/\/secure.gravatar.com\/avatar\/b720319e4c9a967eb58678d110f4fe35452fc5d5f97b202bac7b8acceb18c6ad?s=96&d=mm&r=g","url":"https:\/\/secure.gravatar.com\/avatar\/b720319e4c9a967eb58678d110f4fe35452fc5d5f97b202bac7b8acceb18c6ad?s=96&d=mm&r=g","contentUrl":"https:\/\/secure.gravatar.com\/avatar\/b720319e4c9a967eb58678d110f4fe35452fc5d5f97b202bac7b8acceb18c6ad?s=96&d=mm&r=g","caption":"Coordena\u00e7\u00e3o"},"sameAs":["https:\/\/www.facebook.com\/EstrategiaConcursos","https:\/\/x.com\/EstratConcursos"],"url":"https:\/\/www.estrategiaconcursos.com.br\/blog\/author\/estrategia2013\/"}]}},"_links":{"self":[{"href":"https:\/\/www.estrategiaconcursos.com.br\/blog\/wp-json\/wp\/v2\/posts\/65207","targetHints":{"allow":["GET"]}}],"collection":[{"href":"https:\/\/www.estrategiaconcursos.com.br\/blog\/wp-json\/wp\/v2\/posts"}],"about":[{"href":"https:\/\/www.estrategiaconcursos.com.br\/blog\/wp-json\/wp\/v2\/types\/post"}],"author":[{"embeddable":true,"href":"https:\/\/www.estrategiaconcursos.com.br\/blog\/wp-json\/wp\/v2\/users\/1"}],"replies":[{"embeddable":true,"href":"https:\/\/www.estrategiaconcursos.com.br\/blog\/wp-json\/wp\/v2\/comments?post=65207"}],"version-history":[{"count":162,"href":"https:\/\/www.estrategiaconcursos.com.br\/blog\/wp-json\/wp\/v2\/posts\/65207\/revisions"}],"predecessor-version":[{"id":1682075,"href":"https:\/\/www.estrategiaconcursos.com.br\/blog\/wp-json\/wp\/v2\/posts\/65207\/revisions\/1682075"}],"wp:featuredmedia":[{"embeddable":true,"href":"https:\/\/www.estrategiaconcursos.com.br\/blog\/wp-json\/wp\/v2\/media\/1381880"}],"wp:attachment":[{"href":"https:\/\/www.estrategiaconcursos.com.br\/blog\/wp-json\/wp\/v2\/media?parent=65207"}],"wp:term":[{"taxonomy":"category","embeddable":true,"href":"https:\/\/www.estrategiaconcursos.com.br\/blog\/wp-json\/wp\/v2\/categories?post=65207"},{"taxonomy":"post_tag","embeddable":true,"href":"https:\/\/www.estrategiaconcursos.com.br\/blog\/wp-json\/wp\/v2\/tags?post=65207"},{"taxonomy":"tax_estado","embeddable":true,"href":"https:\/\/www.estrategiaconcursos.com.br\/blog\/wp-json\/wp\/v2\/tax_estado?post=65207"}],"curies":[{"name":"wp","href":"https:\/\/api.w.org\/{rel}","templated":true}]}}