{"id":651560,"date":"2021-01-18T09:00:00","date_gmt":"2021-01-18T12:00:00","guid":{"rendered":"https:\/\/www.estrategiaconcursos.com.br\/blog\/?p=651560"},"modified":"2021-01-15T18:01:03","modified_gmt":"2021-01-15T21:01:03","slug":"carta-aos-assinantes-012","status":"publish","type":"post","link":"https:\/\/www.estrategiaconcursos.com.br\/blog\/carta-aos-assinantes-012\/","title":{"rendered":"Carta aos Assinantes do Estrat\u00e9gia Concursos &#8211; 012"},"content":{"rendered":"\n<p class=\"has-text-align-right has-background\" style=\"background-color:#c3d2df\"><em>Confira, em nossa&nbsp;<strong>d\u00e9cima segunda carta aos assinantes<\/strong>, a nossa programa\u00e7\u00e3o semanal, as novidades do nosso Sistema de Quest\u00f5es e as principais movimenta\u00e7\u00f5es de concursos.<\/em><\/p>\n\n\n\n<p>Ol\u00e1, pessoal. Tudo bem?<\/p>\n\n\n\n<p>Aqui \u00e9 o&nbsp;<strong>Prof. Diego Cerqueira<\/strong>, em nossa <strong>d\u00e9cima segunda Carta aos Assinantes<\/strong>.<\/p>\n\n\n\n<p>Espero que a \u00faltima semana tenha sido de muito estudo e aprendizado! Os concursos est\u00e3o retornando a todo vapor, com diversas oportunidades para os concurseiros de todas as \u00e1reas <em>\u2013 e o Estrat\u00e9gia est\u00e1 sempre aqui para aproxim\u00e1-lo(a) cada dia mais da sua t\u00e3o sonhada aprova\u00e7\u00e3o!<\/em><\/p>\n\n\n\n<p>Para come\u00e7ar, gostaria de convidar todos os concurseiros da \u00e1rea policial que prestar\u00e3o o concurso da PRF para o lan\u00e7amento da <strong><span class=\"has-inline-color has-vivid-purple-color\">MISS\u00c3O PRF 7667<\/span><\/strong>, que ocorre <strong>HOJE, \u00e0s 10h<\/strong>. Teremos uma agenda recheada de webin\u00e1rios durante toda essa semana, com diversas dicas de estudo, an\u00e1lise do edital e muito mais! <\/p>\n\n\n\n<p class=\"has-text-align-center has-pale-cyan-blue-background-color has-background\"><a href=\"https:\/\/gratis.estrategiaconcursos.com.br\/missao-prf-7667\/\">MISS\u00c3O PRF 7667 &#8211; CONFIRA J\u00c1!<\/a><\/p>\n\n\n\n<p>Agora, vamos dar uma olhada na programa\u00e7\u00e3o desta semana que se inicia?<\/p>\n\n\n\n<h2 class=\"wp-block-heading\" id=\"h-programa-o-semanal\"><strong>Programa\u00e7\u00e3o Semanal<\/strong><\/h2>\n\n\n\n<p><strong><span class=\"has-inline-color has-vivid-purple-color\">1. SEMANAS ESPECIAIS<\/span><\/strong><\/p>\n\n\n\n<ul class=\"wp-block-list\"><li><strong>Miss\u00e3o PRF 7667 \u2013 <\/strong>18 de janeiro (<a href=\"https:\/\/gratis.estrategiaconcursos.com.br\/2-missao-prf-7667\/\">Confira a Programa\u00e7\u00e3o<\/a>)<\/li><\/ul>\n\n\n\n<p><strong><span class=\"has-inline-color has-vivid-purple-color\">2. SIMULADOS GRATUITOS<\/span><\/strong><\/p>\n\n\n\n<ul class=\"wp-block-list\"><li><strong>1\u00ba Simulado Repescagem para a 2\u00aa Fase do XXXII Exame de Ordem\u2013 <\/strong>23 de janeiro (<a href=\"https:\/\/gratis.estrategiaconcursos.com.br\/simulado-repescagem-2-fase-xxxii-exame-de-ordem\/\">Inscreva-se aqui<\/a>)<\/li><li><strong>Simulado Especial PC PR &#8211; Investigador e Papiloscopista \u2013 <\/strong>23 de janeiro (<a href=\"https:\/\/gratis.estrategiaconcursos.com.br\/simulado-especial-pc-pr-investigador-e-papiloscopista\/\">Inscreva-se aqui<\/a>)<\/li><\/ul>\n\n\n\n<p><strong><span class=\"has-inline-color has-vivid-purple-color\">3. ESTRAT\u00c9GIA CONCURSOS &#8211; Webin\u00e1rios<\/span><\/strong><\/p>\n\n\n\n<ul class=\"wp-block-list\"><li><strong>Concurso Sefaz PR: Seja um dos pr\u00f3ximos aprovados \u2013 <\/strong>18 de janeiro (<a href=\"https:\/\/youtu.be\/guQBL4eaFXQ\">Defina o Lembrete<\/a>)<\/li><li><strong>Sistema Nacional de Tr\u00e2nsito e a Lei 14.071\/20 para PRF- Prof. Marcos Gir\u00e3o \u2013 <\/strong>18 de janeiro (<a href=\"https:\/\/youtu.be\/AW5Au36k1FY\">Defina o Lembrete<\/a>)<\/li><li><strong>Presencial em Casa &#8211; Carreiras Policiais 2020.2 | Direito Penal \u2013 <\/strong>18 de janeiro (<a href=\"https:\/\/gratis.estrategiaconcursos.com.br\/presencial-em-casa-carreiras-policiais\/\">Defina o Lembrete<\/a>)<\/li><li><strong>Crimes contra a administra\u00e7\u00e3o da Justi\u00e7a &#8211; Prof. Renan Ara\u00fajo \u2013 <\/strong>19 de janeiro (<a href=\"https:\/\/youtu.be\/akpbKgTT98o\">Defina o Lembrete<\/a>)<\/li><li><strong>Concurso TC DF: Saiba como ser aprovado! \u2013 <\/strong>19 de janeiro (<a href=\"https:\/\/youtu.be\/0IE8GyR92eM\">Defina o Lembrete<\/a>)<\/li><li><strong>Concurso TCE SC: Dicas avan\u00e7adas de prepara\u00e7\u00e3o \u2013 <\/strong>20 de janeiro (<a href=\"https:\/\/youtu.be\/b3wKPBeBagM\">Defina o Lembrete<\/a>)<\/li><li><strong>Concurso ALESC: do iniciante ao avan\u00e7ado! \u2013 <\/strong>21 de janeiro (<a href=\"https:\/\/youtu.be\/6xfDwoq-Hvs\">Defina o Lembrete<\/a>)<\/li><li><strong>Sefaz PA: Saiba como se preparar! \u2013 <\/strong>21 de janeiro (<a href=\"https:\/\/youtu.be\/fKSn-k2XxqE\">Defina o Lembrete<\/a>)<\/li><li><strong>Controle Externo para o TCE RJ &#8211; Prof. Herbert Almeida \u2013 <\/strong>23 de janeiro (<a href=\"https:\/\/youtu.be\/qDO0LcUaplc\">Defina o Lembrete<\/a>)<\/li><\/ul>\n\n\n\n<h2 class=\"wp-block-heading\" id=\"h-programa-o-especial-pol-cia-federal-pf\">Programa\u00e7\u00e3o Especial &#8211; Pol\u00edcia Federal (PF)<\/h2>\n\n\n\n<p>Preparamos uma programa\u00e7\u00e3o especial para aqueles que far\u00e3o o <strong>concurso da Pol\u00edcia Federal<\/strong>, cujo edital foi divulgado na sexta-feira passada (15\/01).<\/p>\n\n\n\n<p>At\u00e9 a data da prova teremos v\u00e1rios eventos, simulados e webin\u00e1rios que ajudar\u00e3o a turbinar a sua prepara\u00e7\u00e3o!<\/p>\n\n\n\n<p><strong><em><span class=\"has-inline-color has-vivid-purple-color\">Confira abaixo as informa\u00e7\u00f5es principais:<\/span><\/em><\/strong><\/p>\n\n\n\n<figure class=\"wp-block-table is-style-stripes\"><table><tbody><tr><td class=\"has-text-align-center\" data-align=\"center\"><strong><em>Evento<\/em><\/strong><\/td><td class=\"has-text-align-center\" data-align=\"center\"><strong><em>Tempo\/Dura\u00e7\u00e3o<\/em><\/strong><\/td><td class=\"has-text-align-center\" data-align=\"center\"><strong><em>Data<\/em><\/strong><\/td><td class=\"has-text-align-center\" data-align=\"center\"><strong><em>Hor\u00e1rio<\/em><\/strong><\/td><\/tr><tr><td class=\"has-text-align-center\" data-align=\"center\"><strong>Opera\u00e7\u00e3o T\u00e1tica PF<\/strong><\/td><td class=\"has-text-align-center\" data-align=\"center\">8 semanas<\/td><td class=\"has-text-align-center\" data-align=\"center\">11.01 a 12.03<\/td><td class=\"has-text-align-center\" data-align=\"center\"><strong>Seg-Sex<\/strong><br \/> (manh\u00e3) &nbsp;<\/td><\/tr><tr><td class=\"has-text-align-center\" data-align=\"center\"><strong>Coruj\u00e3o PF<\/strong><\/td><td class=\"has-text-align-center\" data-align=\"center\">6 semanas<\/td><td class=\"has-text-align-center\" data-align=\"center\">01.02 a 12.03<\/td><td class=\"has-text-align-center\" data-align=\"center\"><strong>Seg-Sex<\/strong> <br \/>(noite 22:30 \u00e0s 1:30) &nbsp;<\/td><\/tr><tr><td class=\"has-text-align-center\" data-align=\"center\"><strong>Maratona PF<\/strong><\/td><td class=\"has-text-align-center\" data-align=\"center\">8 eventos de maratonas<\/td><td class=\"has-text-align-center\" data-align=\"center\">16.01<br \/> 17.01 <br \/>24.01 <br \/>31.01 <br \/>07.02 <br \/>21.02 <br \/>28.02 <br \/>07.03<\/td><td class=\"has-text-align-center\" data-align=\"center\"><strong>&nbsp;<\/strong> <strong>Domingo<\/strong> <br \/>(2 turnos) &nbsp;<\/td><\/tr><tr><td class=\"has-text-align-center\" data-align=\"center\">&nbsp; <strong>Simulados PF<\/strong><\/td><td class=\"has-text-align-center\" data-align=\"center\">08 simulados progressivos<\/td><td class=\"has-text-align-center\" data-align=\"center\">23.01<br \/> 30.01 <br \/>06.02 <br \/>13.02<br \/> 20.02 27.02 <br \/>06.03 13.03<\/td><td class=\"has-text-align-center\" data-align=\"center\"><strong>Corre\u00e7\u00e3o no s\u00e1bado<\/strong> <br \/>(tarde)<\/td><\/tr><tr><td class=\"has-text-align-center\" data-align=\"center\"><strong>Hora da verdade<\/strong><\/td><td class=\"has-text-align-center\" data-align=\"center\">Todas as disciplinas<\/td><td class=\"has-text-align-center\" data-align=\"center\">14.03 a 19.03<\/td><td class=\"has-text-align-center\" data-align=\"center\"><strong>Domingo<\/strong> (manh\u00e3 e tarde) <br \/><strong>Seg-Sex<\/strong> (manh\u00e3 e noite)<\/td><\/tr><tr><td class=\"has-text-align-center\" data-align=\"center\"><strong>Revis\u00e3o de v\u00e9spera PF<\/strong><\/td><td class=\"has-text-align-center\" data-align=\"center\">Todas as disciplinas<\/td><td class=\"has-text-align-center\" data-align=\"center\">20.03<\/td><td class=\"has-text-align-center\" data-align=\"center\"><strong>S\u00e1bado<\/strong> (manh\u00e3 e tarde)<\/td><\/tr><tr><td class=\"has-text-align-center\" data-align=\"center\"><strong>Corre\u00e7\u00e3o de prova<\/strong><\/td><td class=\"has-text-align-center\" data-align=\"center\">Todas as disciplinas<\/td><td class=\"has-text-align-center\" data-align=\"center\">21.03<\/td><td class=\"has-text-align-center\" data-align=\"center\"><strong>Domingo<\/strong> (ap\u00f3s a prova) &nbsp;<\/td><\/tr><\/tbody><\/table><\/figure>\n\n\n\n<h2 class=\"wp-block-heading\" id=\"h-sistema-de-quest-es-do-estrat-gia\"><strong>Sistema de Quest\u00f5es do Estrat\u00e9gia<\/strong><\/h2>\n\n\n\n<p>Estamos quase chegando ao fim das nossas apresenta\u00e7\u00f5es de professores! Hoje, quero que voc\u00eas conhe\u00e7am a <strong>Prof\u00aa. Luciana Uhren<\/strong>, respons\u00e1vel pela disciplina de <strong>L\u00edngua Portuguesa<\/strong>.<\/p>\n\n\n\n<div class=\"wp-block-image\"><figure class=\"aligncenter size-large is-resized\"><img loading=\"lazy\" decoding=\"async\" src=\"https:\/\/dhg1h5j42swfq.cloudfront.net\/2021\/01\/15153432\/image-190.png\" alt=\"Carta aos assinante s- Prof Luciana Uhren\" class=\"wp-image-651567\" width=\"348\" height=\"419\" srcset=\"https:\/\/dhg1h5j42swfq.cloudfront.net\/2021\/01\/15153432\/image-190.png 261w, https:\/\/dhg1h5j42swfq.cloudfront.net\/2021\/01\/15153432\/image-190-249x300.png 249w\" sizes=\"auto, (max-width: 348px) 100vw, 348px\" \/><\/figure><\/div>\n\n\n\n<p><img loading=\"lazy\" decoding=\"async\" width=\"261\" height=\"314\" src=\"\"\/>Al\u00e9m de integrar o nosso time de professores do SQ, elaborando diversas quest\u00f5es in\u00e9ditas para os nossos assinantes, a Luciana tamb\u00e9m atua na atualiza\u00e7\u00e3o dos PDFs do Estrat\u00e9gia Concursos e no f\u00f3rum de d\u00favidas dos nossos cursos.<\/p>\n\n\n\n<p>A Prof\u00aa. Luciana \u00e9 <strong>graduada<\/strong> em Letras (L\u00edngua Portuguesa) pela Universidade de S\u00e3o Paulo e <strong>mestre<\/strong> em Literatura e Cr\u00edtica Liter\u00e1ria pela Pontif\u00edcia Universidade Cat\u00f3lica de S\u00e3o Paulo. J\u00e1 atuou em diversos segmentos&nbsp;na \u00e1rea da Educa\u00e7\u00e3o e desde 2014 leciona em cursos de gradua\u00e7\u00e3o e p\u00f3s-gradua\u00e7\u00e3o, tamb\u00e9m desenvolvendo conte\u00fado para cursos de gradua\u00e7\u00e3o a dist\u00e2ncia.<\/p>\n\n\n\n<p><strong><span class=\"has-inline-color has-vivid-purple-color\">FALANDO AGORA SOBRE OS CONCURSOS QUE EST\u00c3O EM ALTA&#8230;<\/span><\/strong><\/p>\n\n\n\n<p>Na sexta-feira passada (15\/01) saiu o edital da <strong>Pol\u00edcia Federal<\/strong>, concurso muito esperado pelos concurseiros da \u00e1rea policial.<\/p>\n\n\n\n<p>Para intensificar a sua prepara\u00e7\u00e3o, temos <span class=\"has-inline-color has-vivid-purple-color\"><strong><u>MILHARES<\/u> de quest\u00f5es in\u00e9ditas literais<\/strong> <\/span>das legisla\u00e7\u00f5es cobradas pelo edital da PF.<\/p>\n\n\n\n<p>Em nosso blog, voc\u00ea encontra os<strong> cadernos de quest\u00f5es<\/strong> de leis das mais diversas disciplinas <em>(Direito Administrativo, Direito Penal e Processual Penal, Direito Civil, etc&#8230;). <\/em><strong>N\u00e3o deixe de conferir!<\/strong><\/p>\n\n\n\n<p class=\"has-text-align-center has-background\" style=\"background-color:#dcbbfb\"><strong><a href=\"https:\/\/www.estrategiaconcursos.com.br\/blog\/cadernos-de-questoes-ineditas\/\">COMPILADO DE QUEST\u00d5ES IN\u00c9DITAS LITEIRAIS<\/a><\/strong><strong><\/strong><\/p>\n\n\n\n<p>Outro concurso muito aguardado, e cujo edital est\u00e1 previsto para AMANH\u00c3 (19\/01), \u00e9 o concurso da <strong>Pol\u00edcia Rodovi\u00e1ria Federal (PRF)<\/strong>.<\/p>\n\n\n\n<p>Nas cartas anteriores eu havia divulgado os <strong>cadernos de quest\u00f5es in\u00e9ditas do C\u00f3digo de Tr\u00e2nsito Brasileiro<\/strong> (<a href=\"https:\/\/www.estrategiaconcursos.com.br\/blog\/questoes-ineditas-prf\/\">Clique aqui se quiser conferir novamente!<\/a>).<\/p>\n\n\n\n<p>Por\u00e9m, as novidades nunca param! Os concurseiros mais antenados sabem que o CTB sofreu uma atualiza\u00e7\u00e3o recente pela <em><a href=\"http:\/\/www.planalto.gov.br\/ccivil_03\/_ato2019-2022\/2020\/lei\/l14071.htm#:~:text=As%20crian%C3%A7as%20com%20idade%20inferior,tipos%20espec%C3%ADficos%20de%20ve%C3%ADculos%20regulamentadas\">Lei n\u00ba. 14.071\/20<\/a><\/em>, que come\u00e7a a viger j\u00e1 em abril.<\/p>\n\n\n\n<p>Pensando nisso, elaboramos mais algumas <strong>centenas de quest\u00f5es in\u00e9ditas<\/strong> focadas exclusivamente nos artigos do CTB atualizados por essa lei.<\/p>\n\n\n\n<p><strong>N\u00e3o tem como perder, n\u00e9?<\/strong><\/p>\n\n\n\n<p class=\"has-text-align-center has-background\" style=\"background-color:#dcbbfb\"><strong><a href=\"https:\/\/questoes.estrategiaconcursos.com.br\/cadernos\/7151f947-72c2-4932-9dcc-a169a81c69c7\">QUEST\u00d5ES IN\u00c9DITAS \u2013 ATUALIZA\u00c7\u00c3O DO CTB<\/a> <\/strong><strong><\/strong><\/p>\n\n\n\n<p><strong>E n\u00e3o deixem de acompanhar as nossas redes sociais e o nosso blog!<\/strong> Estamos preparando diversas novidades para os alunos que pretendem encarar os concursos da PF e da PRF.<\/p>\n\n\n\n<h2 class=\"wp-block-heading\" id=\"h-agora-vamos-ver-as-principais-movimenta-es-de-concursos-da-ltima-semana\"><strong>Agora, vamos ver as principais movimenta\u00e7\u00f5es de concursos da \u00faltima semana?<\/strong><\/h2>\n\n\n\n<ul class=\"wp-block-list\"><li><strong>Minist\u00e9rio da Economia: <\/strong>O IDIB foi oficialmente contratado para organizar o novo processo seletivo do Minist\u00e9rio da Economia, que vai ter 100 vagas tempor\u00e1rias para cargos de n\u00edveis m\u00e9dio e superior. Segundo a portaria de autoriza\u00e7\u00e3o, o prazo limite para publica\u00e7\u00e3o do edital \u00e9 at\u00e9 abril, mas a expectativa \u00e9 que o documento seja publicado j\u00e1 nas pr\u00f3ximas semanas.<\/li><\/ul>\n\n\n\n<ul class=\"wp-block-list\"><li><strong>CGE AL: <\/strong>O governador de Alagoas, Renan Filho, respondeu v\u00e1rios questionamentos dos seus seguidores nas redes sociais a respeito dos concursos no estado. Sobre o concurso da Controladoria Geral, Renan afirmou que em breve o edital ser\u00e1 publicado. Esse vai ser o primeiro edital da Controladoria, que em 2018 teve 40 vagas criadas para o cargo de&nbsp;Analista de Controle Interno.<\/li><\/ul>\n\n\n\n<ul class=\"wp-block-list\"><li><strong>Sefaz BA:<\/strong> Em meio a tantos cortes de gastos e suspens\u00f5es, uma boa not\u00edcia para os concurseiros do estado da Bahia. Saiu, na semana passada, a segunda portaria de convoca\u00e7\u00e3o do concurso SEFAZ, para Auditor Fiscal, com 20 novas nomea\u00e7\u00f5es. Lembrando que na primeira convoca\u00e7\u00e3o, em setembro do ano passado, foram chamados 25 aprovados. A sele\u00e7\u00e3o foi realizada em 2019 e ofertou 60 vagas.<\/li><\/ul>\n\n\n\n<ul class=\"wp-block-list\"><li><strong>Pol\u00edcia Federal<\/strong>: E 2021 come\u00e7ou com tudo na \u00e1rea policial! Na sexta-feira (15\/01), o edital do concurso da Pol\u00edcia Federal foi publicado! S\u00e3o 1.500 vagas distribu\u00eddas entre os cargos de Delegado, Agente, Escriv\u00e3o e Papiloscopista. As inscri\u00e7\u00f5es come\u00e7am a partir do dia 22 de janeiro e v\u00e3o at\u00e9 09 de fevereiro. Todo o processo deve ser feito no site da banca organizadora,&nbsp;o Cebraspe.<\/li><\/ul>\n\n\n\n<ul class=\"wp-block-list\"><li><strong>Seguran\u00e7a AL: <\/strong>Os concursos para a \u00e1rea de seguran\u00e7a de Alagoas tiveram suas autoriza\u00e7\u00f5es publicadas nesta semana! Os concursos autorizados s\u00e3o o da Pol\u00edcia Civil com 300 oportunidades para Agente, Escriv\u00e3o e Delegado; o Corpo de Bombeiros com 100 vagas para o cargo de Soldado; e a Pol\u00edcia Militar com mais de 1.000 vagas para Soldado e Oficial. Al\u00e9m disso, foram autorizadas as sele\u00e7\u00f5es para as \u00e1reas de educa\u00e7\u00e3o e procuradoria.<\/li><\/ul>\n\n\n\n<ul class=\"wp-block-list\"><li><strong>ITEP RN:<\/strong> O Governo do Rio Grande do Norte autorizou a publica\u00e7\u00e3o do edital do concurso do&nbsp;Instituto T\u00e9cnico-Cient\u00edfico de Per\u00edcia. De acordo com o \u00f3rg\u00e3o, o Instituto AOCP deve publicar o documento em breve. S\u00e3o previstas 276 vagas.<\/li><\/ul>\n\n\n\n<ul class=\"wp-block-list\"><li><strong>PM SP Soldado e Oficial<\/strong>: Ap\u00f3s o decreto do governo do estado de S\u00e3o Paulo, que suspende a realiza\u00e7\u00e3o de concursos, a assessoria da Pol\u00edcia Militar informou que os editais dos seus certames n\u00e3o ir\u00e3o sofrer altera\u00e7\u00f5es nas suas etapas, portanto, tudo segue mantido. S\u00e3o ofertadas 2.700 vagas para Soldados e 130 para Oficiais. As inscri\u00e7\u00f5es j\u00e1 est\u00e3o abertas!<\/li><\/ul>\n\n\n\n<ul class=\"wp-block-list\"><li><strong>Cart\u00f3rio SP: <\/strong>O Tribunal de Justi\u00e7a de S\u00e3o Paulo publicou uma lista com total de 195 serventias extrajudiciais vagas, que dever\u00e3o ser preenchidas no pr\u00f3ximo concurso de Cart\u00f3rio do Estado. A Funda\u00e7\u00e3o Vunesp foi definida como organizadora do certame e o seu edital deve ser publicado em breve.<\/li><\/ul>\n\n\n\n<ul class=\"wp-block-list\"><li><strong>TJ PR:<\/strong> O Instituto AOCP, Cebraspe, FGV, Vunesp e IBFC s\u00e3o as bancas examinadoras interessadas em organizar o concurso de Magistratura do Estado do Paran\u00e1. E em uma foto que est\u00e1 circulando pela internet, elas apresentaram as poss\u00edveis datas de aplica\u00e7\u00e3o de prova. Todas as datas s\u00e3o no m\u00eas de abril deste ano, e para que o edital seja publicado, o \u00f3rg\u00e3o precisa escolher a organizadora o quanto antes.&nbsp;<\/li><\/ul>\n\n\n\n<ul class=\"wp-block-list\"><li><strong>PGE AL e SEDUC AL:<\/strong> Saiu no Di\u00e1rio Oficial do Estado de Alagoas, a autoriza\u00e7\u00e3o para que dois novos concursos sejam realizados: um para a Procuradoria Geral do Estado, que vai ofertar 15 vagas para Procurador Estadual, e outro para a Secretaria Estadual de Educa\u00e7\u00e3o. Agora, os \u00f3rg\u00e3os j\u00e1 est\u00e3o aptos para escolherem as suas bancas organizadoras.<\/li><\/ul>\n\n\n\n<ul class=\"wp-block-list\"><li><strong>TRE AL:<\/strong> O novo Presidente do Tribunal Regional Eleitoral de Alagoas, Desembargador Ot\u00e1vio Le\u00e3o, afirmou que pretende realizar um novo concurso no tribunal. De acordo com o Presidente, existem atualmente muitos cargos vagos no \u00f3rg\u00e3o e, por isso, ele j\u00e1 iniciou um estudo para poder viabilizar a uma nova sele\u00e7\u00e3o. O Portal Transpar\u00eancia aponta a vac\u00e2ncia de 15 servidores entre analistas e t\u00e9cnicos.<\/li><\/ul>\n\n\n\n<ul class=\"wp-block-list\"><li><strong>CREMEPE: <\/strong>O Conselho Regional de Medicina de Pernambuco anunciou a prorroga\u00e7\u00e3o das inscri\u00e7\u00f5es de seu novo concurso p\u00fablico at\u00e9 24 de janeiro. O edital oferta 12 vagas imediatas e 61 em cadastro de reserva para cargos de n\u00edveis m\u00e9dio e superior. As Provas Objetivas ser\u00e3o realizadas no dia 07 de fevereiro.<\/li><\/ul>\n\n\n\n<p>Intensifiquem os estudos, pois 2021 ser\u00e1 o ano do recome\u00e7o dos concursos!<\/p>\n\n\n\n<p>Abra\u00e7os a todos,<\/p>\n\n\n\n<p><strong>Prof. Diego Cerqueira<\/strong><\/p>\n\n\n\n<p class=\"has-text-align-center has-pale-cyan-blue-background-color has-background\"><a href=\"https:\/\/www.estrategiaconcursos.com.br\/assinaturas\/\">Assinaturas do Estrat\u00e9gia Concursos<\/a><\/p>\n\n\n\n<p class=\"has-text-align-center has-light-green-cyan-background-color has-background\"><a href=\"https:\/\/www.estrategiaconcursos.com.br\/cursosPorConcurso\/sistema-de-questoes\/\">Assinatura do Sistema de Quest\u00f5es<\/a><\/p>\n","protected":false},"excerpt":{"rendered":"<p>Confira, em nossa&nbsp;d\u00e9cima segunda carta aos assinantes, a nossa programa\u00e7\u00e3o semanal, as novidades do nosso Sistema de Quest\u00f5es e as principais movimenta\u00e7\u00f5es de concursos. Ol\u00e1, pessoal. Tudo bem? Aqui \u00e9 o&nbsp;Prof. Diego Cerqueira, em nossa d\u00e9cima segunda Carta aos Assinantes. Espero que a \u00faltima semana tenha sido de muito estudo e aprendizado! Os concursos est\u00e3o [&hellip;]<\/p>\n","protected":false},"author":1482,"featured_media":651579,"comment_status":"open","ping_status":"closed","sticky":false,"template":"","format":"standard","meta":{"post_tipo":"article","footnotes":""},"categories":[1],"tags":[],"tax_estado":[219964,219965,219966,219967,219968,219969,219963,219970,219971,219972,219973,219974,219975,219976,219977,219978,219979,219980,219981,219982,219983,219984,219985,219986,219987,219988,219989,219990],"class_list":["post-651560","post","type-post","status-publish","format-standard","has-post-thumbnail","hentry","category-cursos-e-concursos","tax_estado-ac","tax_estado-al","tax_estado-am","tax_estado-ap","tax_estado-ba","tax_estado-ce","tax_estado-concursos-federais","tax_estado-df","tax_estado-es","tax_estado-go","tax_estado-ma","tax_estado-mg","tax_estado-ms","tax_estado-mt","tax_estado-pa","tax_estado-pb","tax_estado-pe","tax_estado-pi","tax_estado-pr","tax_estado-rj","tax_estado-rn","tax_estado-ro","tax_estado-rr","tax_estado-rs","tax_estado-sc","tax_estado-se","tax_estado-sp","tax_estado-to"],"acf":[],"yoast_head":"<!-- This site is optimized with the Yoast SEO Premium plugin v27.2 (Yoast SEO v27.2) - https:\/\/yoast.com\/product\/yoast-seo-premium-wordpress\/ -->\n<title>Carta aos Assinantes do Estrat\u00e9gia Concursos - 012<\/title>\n<meta name=\"description\" content=\"Confira, em nossa 12\u00aa carta aos assinantes, a nossa programa\u00e7\u00e3o semanal, as novidades do nosso SQ e as principais movimenta\u00e7\u00f5es de concursos.\" \/>\n<meta name=\"robots\" content=\"index, follow, max-snippet:-1, max-image-preview:large, max-video-preview:-1\" \/>\n<link rel=\"canonical\" href=\"https:\/\/www.estrategiaconcursos.com.br\/blog\/carta-aos-assinantes-012\/\" \/>\n<meta property=\"og:locale\" content=\"pt_BR\" \/>\n<meta property=\"og:type\" content=\"article\" \/>\n<meta property=\"og:title\" content=\"Carta aos Assinantes do Estrat\u00e9gia Concursos - 012\" \/>\n<meta property=\"og:description\" content=\"Confira, em nossa 12\u00aa carta aos assinantes, a nossa programa\u00e7\u00e3o semanal, as novidades do nosso SQ e as principais movimenta\u00e7\u00f5es de concursos.\" \/>\n<meta property=\"og:url\" content=\"https:\/\/www.estrategiaconcursos.com.br\/blog\/carta-aos-assinantes-012\/\" \/>\n<meta property=\"og:site_name\" content=\"Estrat\u00e9gia Concursos\" \/>\n<meta property=\"article:published_time\" content=\"2021-01-18T12:00:00+00:00\" \/>\n<meta property=\"og:image\" content=\"https:\/\/dhg1h5j42swfq.cloudfront.net\/2021\/01\/15153952\/unnamed-2.png\" \/>\n\t<meta property=\"og:image:width\" content=\"800\" \/>\n\t<meta property=\"og:image:height\" content=\"450\" \/>\n\t<meta property=\"og:image:type\" content=\"image\/png\" \/>\n<meta name=\"author\" content=\"Diego Cerqueira\" \/>\n<meta name=\"twitter:card\" content=\"summary_large_image\" \/>\n<meta name=\"twitter:creator\" content=\"@EstratConcursos\" \/>\n<meta name=\"twitter:site\" content=\"@EstratConcursos\" \/>\n<meta name=\"twitter:label1\" content=\"Escrito por\" \/>\n\t<meta name=\"twitter:data1\" content=\"Diego Cerqueira\" \/>\n\t<meta name=\"twitter:label2\" content=\"Est. tempo de leitura\" \/>\n\t<meta name=\"twitter:data2\" content=\"8 minutos\" \/>\n<script type=\"application\/ld+json\" class=\"yoast-schema-graph\">{\"@context\":\"https:\/\/schema.org\",\"@graph\":[{\"@type\":\"NewsArticle\",\"@id\":\"https:\/\/www.estrategiaconcursos.com.br\/blog\/carta-aos-assinantes-012\/#article\",\"isPartOf\":{\"@id\":\"https:\/\/www.estrategiaconcursos.com.br\/blog\/carta-aos-assinantes-012\/\"},\"author\":{\"name\":\"Diego Cerqueira\",\"@id\":\"https:\/\/www.estrategiaconcursos.com.br\/blog\/#\/schema\/person\/dd9f6d98671a3ac63bf25b40baf6f2e2\"},\"headline\":\"Carta aos Assinantes do Estrat\u00e9gia Concursos &#8211; 012\",\"datePublished\":\"2021-01-18T12:00:00+00:00\",\"mainEntityOfPage\":{\"@id\":\"https:\/\/www.estrategiaconcursos.com.br\/blog\/carta-aos-assinantes-012\/\"},\"wordCount\":1691,\"commentCount\":0,\"publisher\":{\"@id\":\"https:\/\/www.estrategiaconcursos.com.br\/blog\/#organization\"},\"image\":{\"@id\":\"https:\/\/www.estrategiaconcursos.com.br\/blog\/carta-aos-assinantes-012\/#primaryimage\"},\"thumbnailUrl\":\"https:\/\/dhg1h5j42swfq.cloudfront.net\/2021\/01\/15153952\/unnamed-2.png\",\"articleSection\":[\"Concursos P\u00fablicos\"],\"inLanguage\":\"pt-BR\",\"potentialAction\":[{\"@type\":\"CommentAction\",\"name\":\"Comment\",\"target\":[\"https:\/\/www.estrategiaconcursos.com.br\/blog\/carta-aos-assinantes-012\/#respond\"]}],\"copyrightYear\":\"2021\",\"copyrightHolder\":{\"@id\":\"https:\/\/www.estrategiaconcursos.com.br\/blog\/#organization\"}},{\"@type\":\"WebPage\",\"@id\":\"https:\/\/www.estrategiaconcursos.com.br\/blog\/carta-aos-assinantes-012\/\",\"url\":\"https:\/\/www.estrategiaconcursos.com.br\/blog\/carta-aos-assinantes-012\/\",\"name\":\"Carta aos Assinantes do Estrat\u00e9gia Concursos - 012\",\"isPartOf\":{\"@id\":\"https:\/\/www.estrategiaconcursos.com.br\/blog\/#website\"},\"primaryImageOfPage\":{\"@id\":\"https:\/\/www.estrategiaconcursos.com.br\/blog\/carta-aos-assinantes-012\/#primaryimage\"},\"image\":{\"@id\":\"https:\/\/www.estrategiaconcursos.com.br\/blog\/carta-aos-assinantes-012\/#primaryimage\"},\"thumbnailUrl\":\"https:\/\/dhg1h5j42swfq.cloudfront.net\/2021\/01\/15153952\/unnamed-2.png\",\"datePublished\":\"2021-01-18T12:00:00+00:00\",\"description\":\"Confira, em nossa 12\u00aa carta aos assinantes, a nossa programa\u00e7\u00e3o semanal, as novidades do nosso SQ e as principais movimenta\u00e7\u00f5es de concursos.\",\"breadcrumb\":{\"@id\":\"https:\/\/www.estrategiaconcursos.com.br\/blog\/carta-aos-assinantes-012\/#breadcrumb\"},\"inLanguage\":\"pt-BR\",\"potentialAction\":[{\"@type\":\"ReadAction\",\"target\":[\"https:\/\/www.estrategiaconcursos.com.br\/blog\/carta-aos-assinantes-012\/\"]}]},{\"@type\":\"ImageObject\",\"inLanguage\":\"pt-BR\",\"@id\":\"https:\/\/www.estrategiaconcursos.com.br\/blog\/carta-aos-assinantes-012\/#primaryimage\",\"url\":\"https:\/\/dhg1h5j42swfq.cloudfront.net\/2021\/01\/15153952\/unnamed-2.png\",\"contentUrl\":\"https:\/\/dhg1h5j42swfq.cloudfront.net\/2021\/01\/15153952\/unnamed-2.png\",\"width\":800,\"height\":450},{\"@type\":\"BreadcrumbList\",\"@id\":\"https:\/\/www.estrategiaconcursos.com.br\/blog\/carta-aos-assinantes-012\/#breadcrumb\",\"itemListElement\":[{\"@type\":\"ListItem\",\"position\":1,\"name\":\"In\u00edcio\",\"item\":\"https:\/\/www.estrategiaconcursos.com.br\/blog\/\"},{\"@type\":\"ListItem\",\"position\":2,\"name\":\"Carta aos Assinantes do Estrat\u00e9gia Concursos &#8211; 012\"}]},{\"@type\":\"WebSite\",\"@id\":\"https:\/\/www.estrategiaconcursos.com.br\/blog\/#website\",\"url\":\"https:\/\/www.estrategiaconcursos.com.br\/blog\/\",\"name\":\"Estrat\u00e9gia Concursos\",\"description\":\"O blog da Estrat\u00e9gia Concursos traz not\u00edcias sobre concursos e artigos de professores oferecendo cursos para concursos (pdf + videaulas) no site.\",\"publisher\":{\"@id\":\"https:\/\/www.estrategiaconcursos.com.br\/blog\/#organization\"},\"potentialAction\":[{\"@type\":\"SearchAction\",\"target\":{\"@type\":\"EntryPoint\",\"urlTemplate\":\"https:\/\/www.estrategiaconcursos.com.br\/blog\/?s={search_term_string}\"},\"query-input\":{\"@type\":\"PropertyValueSpecification\",\"valueRequired\":true,\"valueName\":\"search_term_string\"}}],\"inLanguage\":\"pt-BR\"},{\"@type\":\"Organization\",\"@id\":\"https:\/\/www.estrategiaconcursos.com.br\/blog\/#organization\",\"name\":\"Estrat\u00e9gia Concursos\",\"url\":\"https:\/\/www.estrategiaconcursos.com.br\/blog\/\",\"logo\":{\"@type\":\"ImageObject\",\"inLanguage\":\"pt-BR\",\"@id\":\"https:\/\/www.estrategiaconcursos.com.br\/blog\/#\/schema\/logo\/image\/\",\"url\":\"https:\/\/dhg1h5j42swfq.cloudfront.net\/2025\/06\/03203428\/logo_concursos-1.jpg\",\"contentUrl\":\"https:\/\/dhg1h5j42swfq.cloudfront.net\/2025\/06\/03203428\/logo_concursos-1.jpg\",\"width\":230,\"height\":60,\"caption\":\"Estrat\u00e9gia Concursos\"},\"image\":{\"@id\":\"https:\/\/www.estrategiaconcursos.com.br\/blog\/#\/schema\/logo\/image\/\"},\"sameAs\":[\"https:\/\/x.com\/EstratConcursos\"]},{\"@type\":\"Person\",\"@id\":\"https:\/\/www.estrategiaconcursos.com.br\/blog\/#\/schema\/person\/dd9f6d98671a3ac63bf25b40baf6f2e2\",\"name\":\"Diego Cerqueira\",\"image\":{\"@type\":\"ImageObject\",\"inLanguage\":\"pt-BR\",\"@id\":\"https:\/\/secure.gravatar.com\/avatar\/93f5bbe4c5469a613830caa67379a40ab60d82fa495e4fbb9e4039bce737c0cc?s=96&d=mm&r=g\",\"url\":\"https:\/\/secure.gravatar.com\/avatar\/93f5bbe4c5469a613830caa67379a40ab60d82fa495e4fbb9e4039bce737c0cc?s=96&d=mm&r=g\",\"contentUrl\":\"https:\/\/secure.gravatar.com\/avatar\/93f5bbe4c5469a613830caa67379a40ab60d82fa495e4fbb9e4039bce737c0cc?s=96&d=mm&r=g\",\"caption\":\"Diego Cerqueira\"},\"url\":\"https:\/\/www.estrategiaconcursos.com.br\/blog\/author\/diegocerqueiraestrategiaconcursos-com-br-2\/\"}]}<\/script>\n<!-- \/ Yoast SEO Premium plugin. -->","yoast_head_json":{"title":"Carta aos Assinantes do Estrat\u00e9gia Concursos - 012","description":"Confira, em nossa 12\u00aa carta aos assinantes, a nossa programa\u00e7\u00e3o semanal, as novidades do nosso SQ e as principais movimenta\u00e7\u00f5es de concursos.","robots":{"index":"index","follow":"follow","max-snippet":"max-snippet:-1","max-image-preview":"max-image-preview:large","max-video-preview":"max-video-preview:-1"},"canonical":"https:\/\/www.estrategiaconcursos.com.br\/blog\/carta-aos-assinantes-012\/","og_locale":"pt_BR","og_type":"article","og_title":"Carta aos Assinantes do Estrat\u00e9gia Concursos - 012","og_description":"Confira, em nossa 12\u00aa carta aos assinantes, a nossa programa\u00e7\u00e3o semanal, as novidades do nosso SQ e as principais movimenta\u00e7\u00f5es de concursos.","og_url":"https:\/\/www.estrategiaconcursos.com.br\/blog\/carta-aos-assinantes-012\/","og_site_name":"Estrat\u00e9gia Concursos","article_published_time":"2021-01-18T12:00:00+00:00","og_image":[{"width":800,"height":450,"url":"https:\/\/dhg1h5j42swfq.cloudfront.net\/2021\/01\/15153952\/unnamed-2.png","type":"image\/png"}],"author":"Diego Cerqueira","twitter_card":"summary_large_image","twitter_creator":"@EstratConcursos","twitter_site":"@EstratConcursos","twitter_misc":{"Escrito por":"Diego Cerqueira","Est. tempo de leitura":"8 minutos"},"schema":{"@context":"https:\/\/schema.org","@graph":[{"@type":"NewsArticle","@id":"https:\/\/www.estrategiaconcursos.com.br\/blog\/carta-aos-assinantes-012\/#article","isPartOf":{"@id":"https:\/\/www.estrategiaconcursos.com.br\/blog\/carta-aos-assinantes-012\/"},"author":{"name":"Diego Cerqueira","@id":"https:\/\/www.estrategiaconcursos.com.br\/blog\/#\/schema\/person\/dd9f6d98671a3ac63bf25b40baf6f2e2"},"headline":"Carta aos Assinantes do Estrat\u00e9gia Concursos &#8211; 012","datePublished":"2021-01-18T12:00:00+00:00","mainEntityOfPage":{"@id":"https:\/\/www.estrategiaconcursos.com.br\/blog\/carta-aos-assinantes-012\/"},"wordCount":1691,"commentCount":0,"publisher":{"@id":"https:\/\/www.estrategiaconcursos.com.br\/blog\/#organization"},"image":{"@id":"https:\/\/www.estrategiaconcursos.com.br\/blog\/carta-aos-assinantes-012\/#primaryimage"},"thumbnailUrl":"https:\/\/dhg1h5j42swfq.cloudfront.net\/2021\/01\/15153952\/unnamed-2.png","articleSection":["Concursos P\u00fablicos"],"inLanguage":"pt-BR","potentialAction":[{"@type":"CommentAction","name":"Comment","target":["https:\/\/www.estrategiaconcursos.com.br\/blog\/carta-aos-assinantes-012\/#respond"]}],"copyrightYear":"2021","copyrightHolder":{"@id":"https:\/\/www.estrategiaconcursos.com.br\/blog\/#organization"}},{"@type":"WebPage","@id":"https:\/\/www.estrategiaconcursos.com.br\/blog\/carta-aos-assinantes-012\/","url":"https:\/\/www.estrategiaconcursos.com.br\/blog\/carta-aos-assinantes-012\/","name":"Carta aos Assinantes do Estrat\u00e9gia Concursos - 012","isPartOf":{"@id":"https:\/\/www.estrategiaconcursos.com.br\/blog\/#website"},"primaryImageOfPage":{"@id":"https:\/\/www.estrategiaconcursos.com.br\/blog\/carta-aos-assinantes-012\/#primaryimage"},"image":{"@id":"https:\/\/www.estrategiaconcursos.com.br\/blog\/carta-aos-assinantes-012\/#primaryimage"},"thumbnailUrl":"https:\/\/dhg1h5j42swfq.cloudfront.net\/2021\/01\/15153952\/unnamed-2.png","datePublished":"2021-01-18T12:00:00+00:00","description":"Confira, em nossa 12\u00aa carta aos assinantes, a nossa programa\u00e7\u00e3o semanal, as novidades do nosso SQ e as principais movimenta\u00e7\u00f5es de concursos.","breadcrumb":{"@id":"https:\/\/www.estrategiaconcursos.com.br\/blog\/carta-aos-assinantes-012\/#breadcrumb"},"inLanguage":"pt-BR","potentialAction":[{"@type":"ReadAction","target":["https:\/\/www.estrategiaconcursos.com.br\/blog\/carta-aos-assinantes-012\/"]}]},{"@type":"ImageObject","inLanguage":"pt-BR","@id":"https:\/\/www.estrategiaconcursos.com.br\/blog\/carta-aos-assinantes-012\/#primaryimage","url":"https:\/\/dhg1h5j42swfq.cloudfront.net\/2021\/01\/15153952\/unnamed-2.png","contentUrl":"https:\/\/dhg1h5j42swfq.cloudfront.net\/2021\/01\/15153952\/unnamed-2.png","width":800,"height":450},{"@type":"BreadcrumbList","@id":"https:\/\/www.estrategiaconcursos.com.br\/blog\/carta-aos-assinantes-012\/#breadcrumb","itemListElement":[{"@type":"ListItem","position":1,"name":"In\u00edcio","item":"https:\/\/www.estrategiaconcursos.com.br\/blog\/"},{"@type":"ListItem","position":2,"name":"Carta aos Assinantes do Estrat\u00e9gia Concursos &#8211; 012"}]},{"@type":"WebSite","@id":"https:\/\/www.estrategiaconcursos.com.br\/blog\/#website","url":"https:\/\/www.estrategiaconcursos.com.br\/blog\/","name":"Estrat\u00e9gia Concursos","description":"O blog da Estrat\u00e9gia Concursos traz not\u00edcias sobre concursos e artigos de professores oferecendo cursos para concursos (pdf + videaulas) no site.","publisher":{"@id":"https:\/\/www.estrategiaconcursos.com.br\/blog\/#organization"},"potentialAction":[{"@type":"SearchAction","target":{"@type":"EntryPoint","urlTemplate":"https:\/\/www.estrategiaconcursos.com.br\/blog\/?s={search_term_string}"},"query-input":{"@type":"PropertyValueSpecification","valueRequired":true,"valueName":"search_term_string"}}],"inLanguage":"pt-BR"},{"@type":"Organization","@id":"https:\/\/www.estrategiaconcursos.com.br\/blog\/#organization","name":"Estrat\u00e9gia Concursos","url":"https:\/\/www.estrategiaconcursos.com.br\/blog\/","logo":{"@type":"ImageObject","inLanguage":"pt-BR","@id":"https:\/\/www.estrategiaconcursos.com.br\/blog\/#\/schema\/logo\/image\/","url":"https:\/\/dhg1h5j42swfq.cloudfront.net\/2025\/06\/03203428\/logo_concursos-1.jpg","contentUrl":"https:\/\/dhg1h5j42swfq.cloudfront.net\/2025\/06\/03203428\/logo_concursos-1.jpg","width":230,"height":60,"caption":"Estrat\u00e9gia Concursos"},"image":{"@id":"https:\/\/www.estrategiaconcursos.com.br\/blog\/#\/schema\/logo\/image\/"},"sameAs":["https:\/\/x.com\/EstratConcursos"]},{"@type":"Person","@id":"https:\/\/www.estrategiaconcursos.com.br\/blog\/#\/schema\/person\/dd9f6d98671a3ac63bf25b40baf6f2e2","name":"Diego Cerqueira","image":{"@type":"ImageObject","inLanguage":"pt-BR","@id":"https:\/\/secure.gravatar.com\/avatar\/93f5bbe4c5469a613830caa67379a40ab60d82fa495e4fbb9e4039bce737c0cc?s=96&d=mm&r=g","url":"https:\/\/secure.gravatar.com\/avatar\/93f5bbe4c5469a613830caa67379a40ab60d82fa495e4fbb9e4039bce737c0cc?s=96&d=mm&r=g","contentUrl":"https:\/\/secure.gravatar.com\/avatar\/93f5bbe4c5469a613830caa67379a40ab60d82fa495e4fbb9e4039bce737c0cc?s=96&d=mm&r=g","caption":"Diego Cerqueira"},"url":"https:\/\/www.estrategiaconcursos.com.br\/blog\/author\/diegocerqueiraestrategiaconcursos-com-br-2\/"}]}},"_links":{"self":[{"href":"https:\/\/www.estrategiaconcursos.com.br\/blog\/wp-json\/wp\/v2\/posts\/651560","targetHints":{"allow":["GET"]}}],"collection":[{"href":"https:\/\/www.estrategiaconcursos.com.br\/blog\/wp-json\/wp\/v2\/posts"}],"about":[{"href":"https:\/\/www.estrategiaconcursos.com.br\/blog\/wp-json\/wp\/v2\/types\/post"}],"author":[{"embeddable":true,"href":"https:\/\/www.estrategiaconcursos.com.br\/blog\/wp-json\/wp\/v2\/users\/1482"}],"replies":[{"embeddable":true,"href":"https:\/\/www.estrategiaconcursos.com.br\/blog\/wp-json\/wp\/v2\/comments?post=651560"}],"version-history":[{"count":13,"href":"https:\/\/www.estrategiaconcursos.com.br\/blog\/wp-json\/wp\/v2\/posts\/651560\/revisions"}],"predecessor-version":[{"id":651833,"href":"https:\/\/www.estrategiaconcursos.com.br\/blog\/wp-json\/wp\/v2\/posts\/651560\/revisions\/651833"}],"wp:featuredmedia":[{"embeddable":true,"href":"https:\/\/www.estrategiaconcursos.com.br\/blog\/wp-json\/wp\/v2\/media\/651579"}],"wp:attachment":[{"href":"https:\/\/www.estrategiaconcursos.com.br\/blog\/wp-json\/wp\/v2\/media?parent=651560"}],"wp:term":[{"taxonomy":"category","embeddable":true,"href":"https:\/\/www.estrategiaconcursos.com.br\/blog\/wp-json\/wp\/v2\/categories?post=651560"},{"taxonomy":"post_tag","embeddable":true,"href":"https:\/\/www.estrategiaconcursos.com.br\/blog\/wp-json\/wp\/v2\/tags?post=651560"},{"taxonomy":"tax_estado","embeddable":true,"href":"https:\/\/www.estrategiaconcursos.com.br\/blog\/wp-json\/wp\/v2\/tax_estado?post=651560"}],"curies":[{"name":"wp","href":"https:\/\/api.w.org\/{rel}","templated":true}]}}