{"id":650870,"date":"2022-09-14T20:02:00","date_gmt":"2022-09-14T23:02:00","guid":{"rendered":"https:\/\/www.estrategiaconcursos.com.br\/blog\/?p=650870"},"modified":"2025-10-31T15:14:15","modified_gmt":"2025-10-31T18:14:15","slug":"concurso-ses-rs","status":"publish","type":"post","link":"https:\/\/www.estrategiaconcursos.com.br\/blog\/concurso-ses-rs\/","title":{"rendered":"Concurso SES RS: homologa\u00e7\u00e3o divulgada! Confira"},"content":{"rendered":"\n<p>O resultado final para os cargos de Especialistas em Sa\u00fade e T\u00e9cnicos em Sa\u00fade do <strong>concurso SES RS<\/strong> foi homologado. Al\u00e9m disso, foi divulgado o resultado final para os cargos de Biom\u00e9dico e Epidemiologista.<\/p>\n\n\n\n<ul class=\"wp-block-list\"><li><a href=\"https:\/\/dhg1h5j42swfq.cloudfront.net\/2022\/09\/14195235\/homologacao-ses-rs.pdf\" target=\"_blank\" rel=\"noreferrer noopener nofollow\">Homologa\u00e7\u00e3o<\/a>;<\/li><li><a href=\"https:\/\/dhg1h5j42swfq.cloudfront.net\/2022\/09\/14195449\/sesdf.pdf\" target=\"_blank\" rel=\"noreferrer noopener nofollow\">Resultado final Biom\u00e9dico e Epidemiologista<\/a>.<\/li><\/ul>\n\n\n\n<p>A sele\u00e7\u00e3o apenas para o cargo de Arquiteto foi cancelada. Os candidatos que concorreram ao cargo podem solicitar a devolu\u00e7\u00e3o da taxa de inscri\u00e7\u00e3o. Confira <a href=\"https:\/\/dhg1h5j42swfq.cloudfront.net\/2022\/09\/14194929\/ses-rs.pdf\" target=\"_blank\" rel=\"noreferrer noopener nofollow\">AQUI<\/a>!<\/p>\n\n\n\n<p>A Secretaria de Estado da Sa\u00fade do Rio Grande do Sul teve dois editais publicados. O primeiro oferece 922 vagas para os cargos de <span style=\"font-size: revert; color: initial;\">Especialistas em Sa\u00fade e T\u00e9cnicos em Sa\u00fade<\/span>. J\u00e1 o segundo oferta 26 oportunidades para Especialistas em Sa\u00fade, nas fun\u00e7\u00f5es de Biom\u00e9dico e Epidemiologista. <\/p>\n\n\n\n<p>Os interessados deveriam possuir forma\u00e7\u00e3o de n\u00edvel m\u00e9dio\/t\u00e9cnico e superior, conforme \u00e1rea desejada. O sal\u00e1rio inicial varia de R$ 1.173,11 a R$ 3.473,34, al\u00e9m de outros benef\u00edcios.<\/p>\n\n\n\n<ul class=\"has-pale-ocean-gradient-background has-background wp-block-list\"><li><strong>Concurso SES RS<\/strong><\/li><li><strong>Banca<\/strong>: FAURGS<\/li><li><strong>Vagas<\/strong>: 948<\/li><li><strong>Cargos<\/strong>: Especialistas em Sa\u00fade e T\u00e9cnicos em Sa\u00fade<\/li><li><strong>Sal\u00e1rios<\/strong>: R$ 1.173,11 e R$ 3.473,34 + gratifica\u00e7\u00f5es<\/li><li><strong>Edital:<\/strong> <a href=\"https:\/\/dhg1h5j42swfq.cloudfront.net\/2021\/11\/05175059\/20211105174145_edital-de-abertura-n_15_2021-final.pdf\" target=\"_blank\" rel=\"noreferrer noopener nofollow\">SES-RS 01\/2021<\/a> | <a href=\"https:\/\/dhg1h5j42swfq.cloudfront.net\/2021\/11\/23093900\/edital_concurso_ses_rs_-_especialista_em_saude_2021.pdf\" target=\"_blank\" rel=\"noreferrer noopener nofollow\">SES-RS 02\/2022<\/a><\/li><\/ul>\n\n\n\n<div class=\"container\" id=\"boxes\">\n  <div class=\"row\">\n\n    <div class=\"col-sm\">\n      <div class=\"banner-medicina\" id=\"box-assinatura\">\n        <h3 class=\"titulo-assinatura\">Concurso SES RS<\/h3>\n        <p class=\"subtitulo-assinatura\">Estude conosco<\/p>\n        <div class=\"box-botao\">\n          <a class=\"btn-assinatura\" target=\"_blank\" href=\"https:\/\/www.estrategiaconcursos.com.br\/cursosPorConcurso\/secretaria-de-saude-do-rio-grande-do-sul-ses-rs\/\" role=\"button\" rel=\"noopener noreferrer\">Conhe\u00e7a os cursos<\/a>\n        <\/div>\n      <\/div>\n   \n    <\/div>\n\n  <\/div>\n<\/div>\n\n\n\n<p>Confira neste artigo as principais informa\u00e7\u00f5es e novidades sobre o concurso SES RS. Acompanhe os t\u00f3picos abaixo e n\u00e3o perca nenhum detalhe:<\/p>\n\n\n\n<ul class=\"wp-block-list\" id=\"indice\"><li><strong><a href=\"#edital-2021\">1\u00ba Edital publicado 2021<\/a><\/strong><ul><li><a href=\"#retificacoes\">Retifica\u00e7\u00f5es<\/a><\/li><li><a href=\"#cargos-vagas\">Cargos e vagas<\/a><\/li><li><a href=\"#provas-2021\">Provas do concurso<\/a><\/li><\/ul><\/li><li><strong><a href=\"#edital-2-2021\">2\u00ba Edital publicado 2021<\/a><\/strong><ul><li><a href=\"#cargos-vagas-2\">Cargos e vagas<\/a><\/li><li><a href=\"#provas-2-2021\">Provas do concurso<\/a><\/li><\/ul><\/li><li><strong><a href=\"#ultimo-concurso\">\u00daltimo concurso<\/a><\/strong><ul><li><a href=\"#provas\">Etapas e provas<\/a><\/li><li><a href=\"#corte\">Nota de corte<\/a><\/li><\/ul><\/li><li><strong><a href=\"#assinatura\">Assinaturas e cursos<\/a><\/strong><\/li><li><strong><a href=\"#ficha-tecnica\">Ficha t\u00e9cnica<\/a><\/strong><\/li><\/ul>\n\n\n\n<h2 class=\"has-background wp-block-heading\" id=\"edital-2021\" style=\"background-color:#b6e3d4\">Concurso SES RS: 1\u00ba edital publicado<\/h2>\n\n\n\n<h3 class=\"wp-block-heading\" id=\"retificacoes\">Retifica\u00e7\u00f5es<\/h3>\n\n\n\n<ul class=\"wp-block-list\"><li><a href=\"https:\/\/dhg1h5j42swfq.cloudfront.net\/2021\/12\/07080436\/20211116200655_edital-retificado.pdf\" target=\"_blank\" rel=\"noreferrer noopener nofollow\">1\u00aa retifica\u00e7\u00e3o<\/a>;<\/li><li><a href=\"https:\/\/dhg1h5j42swfq.cloudfront.net\/2021\/12\/07080549\/20211126102731_edital-retificativo_20_2021-final.pdf\" target=\"_blank\" rel=\"noreferrer noopener nofollow\">2\u00aa retifica\u00e7\u00e3o<\/a>;<\/li><li><a href=\"https:\/\/dhg1h5j42swfq.cloudfront.net\/2021\/12\/07080552\/20211126144738_edital_retificativo_22_2021.pdf\" target=\"_blank\" rel=\"noreferrer noopener nofollow\">3\u00aa retifica\u00e7\u00e3o<\/a>;<\/li><li><a href=\"https:\/\/dhg1h5j42swfq.cloudfront.net\/2021\/12\/07080554\/20211206225053_edital-retificativo_23_2021-_reabertura-de-inscriae280a1aes-cac2b3d-61-odontac2b3logo.pdf\" target=\"_blank\" rel=\"noreferrer noopener nofollow\">4\u00aa retifica\u00e7\u00e3o<\/a>.<\/li><\/ul>\n\n\n\n<ul class=\"wp-block-list\"><li><a href=\"https:\/\/dhg1h5j42swfq.cloudfront.net\/2022\/09\/14194929\/ses-rs.pdf\" target=\"_blank\" rel=\"noreferrer noopener nofollow\">Cancelamento para o cargo de Arquiteto<\/a><\/li><\/ul>\n\n\n\n<h3 class=\"wp-block-heading\" id=\"cargos-vagas\">Cargos e vagas do concurso SES RS<\/h3>\n\n\n\n<h4 class=\"wp-block-heading\" id=\"medio\">Ensino m\u00e9dio &#8211; T\u00e9cnicos em Sa\u00fade<\/h4>\n\n\n\n<figure class=\"wp-block-table is-style-stripes\"><table class=\"has-background has-fixed-layout\" style=\"background-color:#b6e3d4\"><thead><tr><th class=\"has-text-align-center\" data-align=\"center\">CARGOS<\/th><th class=\"has-text-align-center\" data-align=\"center\">VAGAS<\/th><th class=\"has-text-align-center\" data-align=\"center\">SAL\u00c1RIO<\/th><\/tr><\/thead><tbody><tr><td class=\"has-text-align-center\" data-align=\"center\">T\u00e9cnico de Enfermagem<\/td><td class=\"has-text-align-center\" data-align=\"center\">193<\/td><td class=\"has-text-align-center\" data-align=\"center\">R$ 1.173,11<\/td><\/tr><tr><td class=\"has-text-align-center\" data-align=\"center\">T\u00e9cnico em Laborat\u00f3rio<\/td><td class=\"has-text-align-center\" data-align=\"center\">5<\/td><td class=\"has-text-align-center\" data-align=\"center\"> R$ 1.173,11 <\/td><\/tr><\/tbody><\/table><\/figure>\n\n\n\n<h4 class=\"wp-block-heading\" id=\"superior\">Curso superior &#8211; Especialistas em Sa\u00fade<\/h4>\n\n\n\n<figure class=\"wp-block-table is-style-stripes\"><table class=\"has-background has-fixed-layout\" style=\"background-color:#b6e3d4\"><thead><tr><th class=\"has-text-align-center\" data-align=\"center\">CARGOS<\/th><th class=\"has-text-align-center\" data-align=\"center\">VAGAS<\/th><th class=\"has-text-align-center\" data-align=\"center\">SAL\u00c1RIO<\/th><\/tr><\/thead><tbody><tr><td class=\"has-text-align-center\" data-align=\"center\">Administrador<\/td><td class=\"has-text-align-center\" data-align=\"center\">65<\/td><td class=\"has-text-align-center\" data-align=\"center\">R$ 3.473,34 + gratifica\u00e7\u00f5es<\/td><\/tr><tr><td class=\"has-text-align-center\" data-align=\"center\">Administrador de Banco de Dados<\/td><td class=\"has-text-align-center\" data-align=\"center\">1<\/td><td class=\"has-text-align-center\" data-align=\"center\">R$ 3.473,34 + gratifica\u00e7\u00f5es<\/td><\/tr><tr><td class=\"has-text-align-center\" data-align=\"center\">Analista de Desenvolvimento de Sistemas<\/td><td class=\"has-text-align-center\" data-align=\"center\">4<\/td><td class=\"has-text-align-center\" data-align=\"center\">R$ 3.473,34 + gratifica\u00e7\u00f5es<\/td><\/tr><tr><td class=\"has-text-align-center\" data-align=\"center\">Analista de Suporte<\/td><td class=\"has-text-align-center\" data-align=\"center\">3<\/td><td class=\"has-text-align-center\" data-align=\"center\">R$ 3.473,34 + gratifica\u00e7\u00f5es<\/td><\/tr><tr><td class=\"has-text-align-center\" data-align=\"center\">Analista de Sistemas<\/td><td class=\"has-text-align-center\" data-align=\"center\">6<\/td><td class=\"has-text-align-center\" data-align=\"center\">R$ 3.473,34 + gratifica\u00e7\u00f5es<\/td><\/tr><tr><td class=\"has-text-align-center\" data-align=\"center\"><s>Arquiteto<\/s><\/td><td class=\"has-text-align-center\" data-align=\"center\"><s>5<\/s><\/td><td class=\"has-text-align-center\" data-align=\"center\">R$ 3.473,34 + gratifica\u00e7\u00f5es<\/td><\/tr><tr><td class=\"has-text-align-center\" data-align=\"center\">Arquivista<\/td><td class=\"has-text-align-center\" data-align=\"center\">1<\/td><td class=\"has-text-align-center\" data-align=\"center\">R$ 3.473,34 + gratifica\u00e7\u00f5es<\/td><\/tr><tr><td class=\"has-text-align-center\" data-align=\"center\">Assessor Jur\u00eddico<\/td><td class=\"has-text-align-center\" data-align=\"center\">25<\/td><td class=\"has-text-align-center\" data-align=\"center\">R$ 3.473,34 + gratifica\u00e7\u00f5es<\/td><\/tr><tr><td class=\"has-text-align-center\" data-align=\"center\">Assistente Social<\/td><td class=\"has-text-align-center\" data-align=\"center\">18<\/td><td class=\"has-text-align-center\" data-align=\"center\">R$ 3.473,34 + gratifica\u00e7\u00f5es<\/td><\/tr><tr><td class=\"has-text-align-center\" data-align=\"center\">Bibliotec\u00e1rio<\/td><td class=\"has-text-align-center\" data-align=\"center\">2<\/td><td class=\"has-text-align-center\" data-align=\"center\">R$ 3.473,34 + gratifica\u00e7\u00f5es<\/td><\/tr><tr><td class=\"has-text-align-center\" data-align=\"center\">Bi\u00f3logo<\/td><td class=\"has-text-align-center\" data-align=\"center\">30<\/td><td class=\"has-text-align-center\" data-align=\"center\">R$ 3.473,34 + gratifica\u00e7\u00f5es<\/td><\/tr><tr><td class=\"has-text-align-center\" data-align=\"center\">Bioqu\u00edmico<\/td><td class=\"has-text-align-center\" data-align=\"center\">2<\/td><td class=\"has-text-align-center\" data-align=\"center\">R$ 3.473,34 + gratifica\u00e7\u00f5es<\/td><\/tr><tr><td class=\"has-text-align-center\" data-align=\"center\">Contador<\/td><td class=\"has-text-align-center\" data-align=\"center\">13<\/td><td class=\"has-text-align-center\" data-align=\"center\">R$ 3.473,34 + gratifica\u00e7\u00f5es<\/td><\/tr><tr><td class=\"has-text-align-center\" data-align=\"center\">Designer Gr\u00e1fico<\/td><td class=\"has-text-align-center\" data-align=\"center\">5<\/td><td class=\"has-text-align-center\" data-align=\"center\">R$ 3.473,34 + gratifica\u00e7\u00f5es<\/td><\/tr><tr><td class=\"has-text-align-center\" data-align=\"center\">Economista<\/td><td class=\"has-text-align-center\" data-align=\"center\">4<\/td><td class=\"has-text-align-center\" data-align=\"center\">R$ 3.473,34 + gratifica\u00e7\u00f5es<\/td><\/tr><tr><td class=\"has-text-align-center\" data-align=\"center\">Educador F\u00edsico<\/td><td class=\"has-text-align-center\" data-align=\"center\">4<\/td><td class=\"has-text-align-center\" data-align=\"center\">R$ 3.473,34 + gratifica\u00e7\u00f5es<\/td><\/tr><tr><td class=\"has-text-align-center\" data-align=\"center\">Enfermeiro<\/td><td class=\"has-text-align-center\" data-align=\"center\">109<\/td><td class=\"has-text-align-center\" data-align=\"center\">R$ 3.473,34 + gratifica\u00e7\u00f5es<\/td><\/tr><tr><td class=\"has-text-align-center\" data-align=\"center\">Engenheiro (v\u00e1rios)<\/td><td class=\"has-text-align-center\" data-align=\"center\">30<\/td><td class=\"has-text-align-center\" data-align=\"center\">R$ 3.473,34 + gratifica\u00e7\u00f5es<\/td><\/tr><tr><td class=\"has-text-align-center\" data-align=\"center\">Estat\u00edstico<\/td><td class=\"has-text-align-center\" data-align=\"center\">7<\/td><td class=\"has-text-align-center\" data-align=\"center\">R$ 3.473,34 + gratifica\u00e7\u00f5es<\/td><\/tr><tr><td class=\"has-text-align-center\" data-align=\"center\">Farmac\u00eautico<\/td><td class=\"has-text-align-center\" data-align=\"center\">59<\/td><td class=\"has-text-align-center\" data-align=\"center\">R$ 3.473,34 + gratifica\u00e7\u00f5es<\/td><\/tr><tr><td class=\"has-text-align-center\" data-align=\"center\">F\u00edsico<\/td><td class=\"has-text-align-center\" data-align=\"center\">5<\/td><td class=\"has-text-align-center\" data-align=\"center\">R$ 3.473,34 + gratifica\u00e7\u00f5es<\/td><\/tr><tr><td class=\"has-text-align-center\" data-align=\"center\">Fisioterapeuta<\/td><td class=\"has-text-align-center\" data-align=\"center\">7<\/td><td class=\"has-text-align-center\" data-align=\"center\">R$ 3.473,34 + gratifica\u00e7\u00f5es<\/td><\/tr><tr><td class=\"has-text-align-center\" data-align=\"center\">Fonoaudi\u00f3logo<\/td><td class=\"has-text-align-center\" data-align=\"center\">3<\/td><td class=\"has-text-align-center\" data-align=\"center\">R$ 3.473,34 + gratifica\u00e7\u00f5es<\/td><\/tr><tr><td class=\"has-text-align-center\" data-align=\"center\">Ge\u00f3grafo<\/td><td class=\"has-text-align-center\" data-align=\"center\">1<\/td><td class=\"has-text-align-center\" data-align=\"center\">R$ 3.473,34 + gratifica\u00e7\u00f5es<\/td><\/tr><tr><td class=\"has-text-align-center\" data-align=\"center\">Ge\u00f3logo<\/td><td class=\"has-text-align-center\" data-align=\"center\">3<\/td><td class=\"has-text-align-center\" data-align=\"center\">R$ 3.473,34 + gratifica\u00e7\u00f5es<\/td><\/tr><tr><td class=\"has-text-align-center\" data-align=\"center\">Gestor em Sa\u00fade<\/td><td class=\"has-text-align-center\" data-align=\"center\">10<\/td><td class=\"has-text-align-center\" data-align=\"center\">R$ 3.473,34 + gratifica\u00e7\u00f5es<\/td><\/tr><tr><td class=\"has-text-align-center\" data-align=\"center\">Gestor Financeiro<\/td><td class=\"has-text-align-center\" data-align=\"center\">5<\/td><td class=\"has-text-align-center\" data-align=\"center\">R$ 3.473,34 + gratifica\u00e7\u00f5es<\/td><\/tr><tr><td class=\"has-text-align-center\" data-align=\"center\">Gestor Hospitalar<\/td><td class=\"has-text-align-center\" data-align=\"center\">5<\/td><td class=\"has-text-align-center\" data-align=\"center\">R$ 3.473,34 + gratifica\u00e7\u00f5es<\/td><\/tr><tr><td class=\"has-text-align-center\" data-align=\"center\">Gestor P\u00fablico<\/td><td class=\"has-text-align-center\" data-align=\"center\">3<\/td><td class=\"has-text-align-center\" data-align=\"center\">R$ 3.473,34 + gratifica\u00e7\u00f5es<\/td><\/tr><tr><td class=\"has-text-align-center\" data-align=\"center\">Jornalista<\/td><td class=\"has-text-align-center\" data-align=\"center\">2<\/td><td class=\"has-text-align-center\" data-align=\"center\">R$ 3.473,34 + gratifica\u00e7\u00f5es<\/td><\/tr><tr><td class=\"has-text-align-center\" data-align=\"center\">M\u00e9dico (v\u00e1rios) <\/td><td class=\"has-text-align-center\" data-align=\"center\">148<\/td><td class=\"has-text-align-center\" data-align=\"center\">R$ 3.473,34 + gratifica\u00e7\u00f5es<\/td><\/tr><tr><td class=\"has-text-align-center\" data-align=\"center\">M\u00e9dico Veterin\u00e1rio<\/td><td class=\"has-text-align-center\" data-align=\"center\">24<\/td><td class=\"has-text-align-center\" data-align=\"center\">R$ 3.473,34 + gratifica\u00e7\u00f5es<\/td><\/tr><tr><td class=\"has-text-align-center\" data-align=\"center\">Muse\u00f3logo<\/td><td class=\"has-text-align-center\" data-align=\"center\">1<\/td><td class=\"has-text-align-center\" data-align=\"center\">R$ 3.473,34 + gratifica\u00e7\u00f5es<\/td><\/tr><tr><td class=\"has-text-align-center\" data-align=\"center\">Nutricionista<\/td><td class=\"has-text-align-center\" data-align=\"center\">19<\/td><td class=\"has-text-align-center\" data-align=\"center\">R$ 3.473,34 + gratifica\u00e7\u00f5es<\/td><\/tr><tr><td class=\"has-text-align-center\" data-align=\"center\">Ocean\u00f3logo<\/td><td class=\"has-text-align-center\" data-align=\"center\">1<\/td><td class=\"has-text-align-center\" data-align=\"center\">R$ 3.473,34 + gratifica\u00e7\u00f5es<\/td><\/tr><tr><td class=\"has-text-align-center\" data-align=\"center\">Odont\u00f3logo<\/td><td class=\"has-text-align-center\" data-align=\"center\">5<\/td><td class=\"has-text-align-center\" data-align=\"center\">R$ 3.473,34 + gratifica\u00e7\u00f5es<\/td><\/tr><tr><td class=\"has-text-align-center\" data-align=\"center\">Pedagogo<\/td><td class=\"has-text-align-center\" data-align=\"center\">7<\/td><td class=\"has-text-align-center\" data-align=\"center\">R$ 3.473,34 + gratifica\u00e7\u00f5es<\/td><\/tr><tr><td class=\"has-text-align-center\" data-align=\"center\">Analista de Pol\u00edticas P\u00fablicas<\/td><td class=\"has-text-align-center\" data-align=\"center\">8<\/td><td class=\"has-text-align-center\" data-align=\"center\">R$ 3.473,34 + gratifica\u00e7\u00f5es<\/td><\/tr><tr><td class=\"has-text-align-center\" data-align=\"center\">Produtor Audiovisual<\/td><td class=\"has-text-align-center\" data-align=\"center\">1<\/td><td class=\"has-text-align-center\" data-align=\"center\">R$ 3.473,34 + gratifica\u00e7\u00f5es<\/td><\/tr><tr><td class=\"has-text-align-center\" data-align=\"center\">Psic\u00f3logo<\/td><td class=\"has-text-align-center\" data-align=\"center\">15<\/td><td class=\"has-text-align-center\" data-align=\"center\">R$ 3.473,34 + gratifica\u00e7\u00f5es<\/td><\/tr><tr><td class=\"has-text-align-center\" data-align=\"center\">Publicit\u00e1rio<\/td><td class=\"has-text-align-center\" data-align=\"center\">1<\/td><td class=\"has-text-align-center\" data-align=\"center\">R$ 3.473,34 + gratifica\u00e7\u00f5es<\/td><\/tr><tr><td class=\"has-text-align-center\" data-align=\"center\">Qu\u00edmico<\/td><td class=\"has-text-align-center\" data-align=\"center\">9<\/td><td class=\"has-text-align-center\" data-align=\"center\">R$ 3.473,34 + gratifica\u00e7\u00f5es<\/td><\/tr><tr><td class=\"has-text-align-center\" data-align=\"center\">Rela\u00e7\u00f5es P\u00fablicas<\/td><td class=\"has-text-align-center\" data-align=\"center\">4<\/td><td class=\"has-text-align-center\" data-align=\"center\">R$ 3.473,34 + gratifica\u00e7\u00f5es<\/td><\/tr><tr><td class=\"has-text-align-center\" data-align=\"center\">Bacharel em Sa\u00fade Coletiva<\/td><td class=\"has-text-align-center\" data-align=\"center\">31<\/td><td class=\"has-text-align-center\" data-align=\"center\">R$ 3.473,34 + gratifica\u00e7\u00f5es<\/td><\/tr><tr><td class=\"has-text-align-center\" data-align=\"center\">Secret\u00e1rio Executivo<\/td><td class=\"has-text-align-center\" data-align=\"center\">3<\/td><td class=\"has-text-align-center\" data-align=\"center\">R$ 3.473,34 + gratifica\u00e7\u00f5es<\/td><\/tr><tr><td class=\"has-text-align-center\" data-align=\"center\">Soci\u00f3logo<\/td><td class=\"has-text-align-center\" data-align=\"center\">1<\/td><td class=\"has-text-align-center\" data-align=\"center\">R$ 3.473,34 + gratifica\u00e7\u00f5es<\/td><\/tr><tr><td class=\"has-text-align-center\" data-align=\"center\">Terapeuta Ocupacional<\/td><td class=\"has-text-align-center\" data-align=\"center\">6<\/td><td class=\"has-text-align-center\" data-align=\"center\">R$ 3.473,34 + gratifica\u00e7\u00f5es<\/td><\/tr><tr><td class=\"has-text-align-center\" data-align=\"center\">Zootecnista<\/td><td class=\"has-text-align-center\" data-align=\"center\">3<\/td><td class=\"has-text-align-center\" data-align=\"center\">R$ 3.473,34 + gratifica\u00e7\u00f5es<\/td><\/tr><\/tbody><\/table><\/figure>\n\n\n\n<h3 class=\"wp-block-heading\">Vencimentos B\u00e1sicos e Gratifica\u00e7\u00f5es<\/h3>\n\n\n\n<p><strong>Cargo de N\u00edvel Superior \u2013 NS1 A<\/strong>: R$ 3.473,34.<\/p>\n\n\n\n<p><strong>Gratifica\u00e7\u00e3o de Est\u00edmulo \u00e0 Capacita\u00e7\u00e3o \u2013 GECAP<\/strong>: paga, mensalmente, aos servidores ativos ocupantes dos cargos efetivos integrantes do grupo ocupacional de Atividades da Sa\u00fade de N\u00edvel Superior do Quadro de Cargos de Provimento Efetivo, conforme estabelecido em regulamento, em raz\u00e3o de sua forma\u00e7\u00e3o acad\u00eamica, obtida mediante conclus\u00e3o dos seguintes cursos, nos valores discriminados a seguir, vedada a percep\u00e7\u00e3o cumulativa: <br \/>Especializa\u00e7\u00e3o \u2013 R$ 475,00 e Mestrado\/Doutorado \u2013 R$ 790,00 (Conforme Decreto n\u00b0 50.528\/2013).<\/p>\n\n\n\n<p><strong>Cargo de N\u00edvel T\u00e9cnico<\/strong> \u2013 NT1 A: R$ 878,11 mais Parcela Aut\u00f4noma de R$ 295,00. Servidores de N\u00edvel T\u00e9cnico receber\u00e3o Aux\u00edlio-Transporte, de acordo com a Lei Estadual n\u00b0 8.746\/1988 e Decreto n\u00b0 33.104\/1989, e Vale-Refei\u00e7\u00e3o, de acordo com a Lei Estadual n\u00b0 10.002\/1993 e altera\u00e7\u00f5es.<\/p>\n\n\n\n<p><strong>Gratifica\u00e7\u00e3o de Apoio \u00e0 Capacita\u00e7\u00e3o \u2013 GAC<\/strong>: a ser paga, mensalmente, aos servidores ativos integrantes dos grupos ocupacionais de Atividades da Sa\u00fade de N\u00edvel M\u00e9dio e de Atividades da Sa\u00fade de N\u00edvel M\u00e9dio T\u00e9cnico do Quadro de Cargos de Provimento Efetivo, conforme estabelecido em regulamento, que comprovarem a conclus\u00e3o de curso de gradua\u00e7\u00e3o em qualquer \u00e1rea de forma\u00e7\u00e3o, em institui\u00e7\u00e3o de ensino reconhecida pelo Minist\u00e9rio da Educa\u00e7\u00e3o, no valor equivalente a 5% do seu vencimento b\u00e1sico (Conforme Lei Estadual n\u00b0 14.260\/2013).<\/p>\n\n\n\n<h3 class=\"wp-block-heading\" id=\"provas-2021\">Etapas e provas do concurso SES RS<\/h3>\n\n\n\n<p>A avalia\u00e7\u00e3o dos candidatos do concurso SES RS se deu mediante aplica\u00e7\u00e3o de tr\u00eas etapas, compostas de:<\/p>\n\n\n\n<ol class=\"wp-block-list\"><li>Prova Objetiva;<\/li><li>Prova de Reda\u00e7\u00e3o;<\/li><li>Avalia\u00e7\u00e3o de T\u00edtulos.<\/li><\/ol>\n\n\n\n<p>As Provas Escritas foram aplicadas na cidade de Porto Alegre, RS, e\/ou na Grande Porto Alegre, com dura\u00e7\u00e3o de 5 horas para os cargos de N\u00edvel Superior (Especialista em Sa\u00fade) e 4 horas para os cargos de N\u00edvel T\u00e9cnico (T\u00e9cnico em Sa\u00fade).<\/p>\n\n\n\n<h3 class=\"wp-block-heading\">Prova objetiva<\/h3>\n\n\n\n<p>De car\u00e1ter eliminat\u00f3rio e classificat\u00f3rio, as 100 quest\u00f5es de m\u00faltipla escolha foram subdivididas em seis partes, sendo aprovados os candidatos que acertaram o m\u00ednimo de acertos para cada parte e obtiveram, no m\u00ednimo, 60 acertos no somat\u00f3rio total da prova. Ou seja, acertaram 60%.<\/p>\n\n\n\n<figure class=\"wp-block-image aligncenter size-full\"><img loading=\"lazy\" decoding=\"async\" width=\"576\" height=\"297\" src=\"https:\/\/dhg1h5j42swfq.cloudfront.net\/2021\/11\/05181510\/image-64.png\" alt=\"\" class=\"wp-image-901861\" srcset=\"https:\/\/dhg1h5j42swfq.cloudfront.net\/2021\/11\/05181510\/image-64.png 576w, https:\/\/dhg1h5j42swfq.cloudfront.net\/2021\/11\/05181510\/image-64-300x155.png 300w\" sizes=\"auto, (max-width: 576px) 100vw, 576px\" \/><figcaption>Prova de n\u00edvel superior<\/figcaption><\/figure>\n\n\n\n<figure class=\"wp-block-image aligncenter size-full\"><img loading=\"lazy\" decoding=\"async\" width=\"574\" height=\"325\" src=\"https:\/\/dhg1h5j42swfq.cloudfront.net\/2021\/11\/05181522\/image-65.png\" alt=\"\" class=\"wp-image-901862\" srcset=\"https:\/\/dhg1h5j42swfq.cloudfront.net\/2021\/11\/05181522\/image-65.png 574w, https:\/\/dhg1h5j42swfq.cloudfront.net\/2021\/11\/05181522\/image-65-300x170.png 300w\" sizes=\"auto, (max-width: 574px) 100vw, 574px\" \/><figcaption> Prova de n\u00edvel t\u00e9cnico<\/figcaption><\/figure>\n\n\n\n<h3 class=\"wp-block-heading\">Prova de Reda\u00e7\u00e3o<\/h3>\n\n\n\n<p>A Prova de Reda\u00e7\u00e3o do concurso SES RS valeu 30 pontos, com peso 2, e teve car\u00e1ter eliminat\u00f3rio e classificat\u00f3rio. Foi solicitado ao candidato a produ\u00e7\u00e3o de um texto sobre tema relacionado \u00e0 mat\u00e9ria de Governan\u00e7a e Gest\u00e3o do Sistema \u00danico de Sa\u00fade &#8211; SUS. <\/p>\n\n\n\n<p>A partir de dados fornecidos na proposta de reda\u00e7\u00e3o que foi apresentada ao candidato, este teve que compor um texto que se definia, primordialmente, por sua singularidade e articula\u00e7\u00e3o em torno do tema e da tipologia textual solicitada<\/p>\n\n\n\n<p>Foi considerado aprovado nesta fase o candidato que obteve pontua\u00e7\u00e3o igual ou superior a 30 pontos do total de 60 pontos da Prova de Reda\u00e7\u00e3o.<\/p>\n\n\n\n<h3 class=\"wp-block-heading\">Prova de T\u00edtulos<\/h3>\n\n\n\n<p>Para os cargos de N\u00edvel Superior do concurso SES RS, a Prova de T\u00edtulos foi aplicada somente para os candidatos aprovados na Prova Escrita. De car\u00e1ter classificat\u00f3rio, a avalia\u00e7\u00e3o teve o valor de 30 pontos, conforme tabela de t\u00edtulos que segue:<\/p>\n\n\n\n<figure class=\"wp-block-image aligncenter size-full\"><img loading=\"lazy\" decoding=\"async\" width=\"591\" height=\"248\" src=\"https:\/\/dhg1h5j42swfq.cloudfront.net\/2021\/11\/05182220\/image-67.png\" alt=\"Avalia\u00e7\u00e3o de t\u00edtulos do concurso SES RS\" class=\"wp-image-901883\" srcset=\"https:\/\/dhg1h5j42swfq.cloudfront.net\/2021\/11\/05182220\/image-67.png 591w, https:\/\/dhg1h5j42swfq.cloudfront.net\/2021\/11\/05182220\/image-67-300x126.png 300w\" sizes=\"auto, (max-width: 591px) 100vw, 591px\" \/><figcaption>Avalia\u00e7\u00e3o de t\u00edtulos<\/figcaption><\/figure>\n\n\n\n<h2 class=\"has-background wp-block-heading\" id=\"edital-2-2021\" style=\"background-color:#b6e3d4\">Concurso SES RS: 2\u00ba edital publicado<\/h2>\n\n\n\n<h3 class=\"wp-block-heading\" id=\"cargos-vagas-2\">Cargos e vagas do concurso SES RS<\/h3>\n\n\n\n<h4 class=\"wp-block-heading\" id=\"superior\">Curso superior &#8211; Especialistas em Sa\u00fade <\/h4>\n\n\n\n<figure class=\"wp-block-table is-style-stripes\"><table class=\"has-background has-fixed-layout\" style=\"background-color:#b6e3d4\"><thead><tr><th class=\"has-text-align-center\" data-align=\"center\">CARGOS<\/th><th class=\"has-text-align-center\" data-align=\"center\">VAGAS<\/th><th class=\"has-text-align-center\" data-align=\"center\">SAL\u00c1RIO<\/th><\/tr><\/thead><tbody><tr><td class=\"has-text-align-center\" data-align=\"center\">Biom\u00e9dico<\/td><td class=\"has-text-align-center\" data-align=\"center\">13<\/td><td class=\"has-text-align-center\" data-align=\"center\"> R$ 3.473,34 + gratifica\u00e7\u00f5es <\/td><\/tr><tr><td class=\"has-text-align-center\" data-align=\"center\">Epidemiologista<\/td><td class=\"has-text-align-center\" data-align=\"center\">13<\/td><td class=\"has-text-align-center\" data-align=\"center\">  R$ 3.473,34 + gratifica\u00e7\u00f5es <\/td><\/tr><\/tbody><\/table><\/figure>\n\n\n\n<h3 class=\"wp-block-heading\">Vencimentos B\u00e1sicos e Gratifica\u00e7\u00f5es<\/h3>\n\n\n\n<p><strong>Cargo de N\u00edvel Superior \u2013 NS1 A<\/strong>: R$ 3.473,34.<\/p>\n\n\n\n<p><strong>Gratifica\u00e7\u00e3o de Est\u00edmulo \u00e0 Capacita\u00e7\u00e3o \u2013 GECAP<\/strong>: paga, mensalmente, aos servidores ativos ocupantes dos cargos efetivos integrantes do grupo ocupacional de Atividades da Sa\u00fade de N\u00edvel Superior do Quadro de Cargos de Provimento Efetivo, conforme estabelecido em regulamento, em raz\u00e3o de sua forma\u00e7\u00e3o acad\u00eamica, obtida mediante conclus\u00e3o dos seguintes cursos, nos valores discriminados a seguir, vedada a percep\u00e7\u00e3o cumulativa: <br \/>Especializa\u00e7\u00e3o \u2013 R$ 475,00 e Mestrado\/Doutorado \u2013 R$ 790,00 (Conforme Decreto n\u00b0 50.528\/2013).<\/p>\n\n\n\n<h3 class=\"wp-block-heading\" id=\"provas-2-2021\">Etapas e provas do concurso SES RS<\/h3>\n\n\n\n<p>A avalia\u00e7\u00e3o dos candidatos do concurso SES RS se deu mediante aplica\u00e7\u00e3o de tr\u00eas provas, compostas de:<\/p>\n\n\n\n<ol class=\"wp-block-list\"><li>Prova Objetiva;<\/li><li>Prova de Reda\u00e7\u00e3o;<\/li><li>Avalia\u00e7\u00e3o de T\u00edtulos.<\/li><\/ol>\n\n\n\n<p>As Provas Escritas foram aplicadas na cidade de Porto Alegre, RS, e\/ou na Grande Porto Alegre, com dura\u00e7\u00e3o de 5 horas para os cargos de N\u00edvel Superior (Especialista em Sa\u00fade).<\/p>\n\n\n\n<h3 class=\"wp-block-heading\">Prova objetiva<\/h3>\n\n\n\n<p>De car\u00e1ter eliminat\u00f3rio e classificat\u00f3rio, as 100 quest\u00f5es de m\u00faltipla escolha foram subdivididas em seis partes, sendo aprovados os candidatos que acertaram o m\u00ednimo de acertos para cada parte e obtiveram, no m\u00ednimo, 60 acertos no somat\u00f3rio total da prova. Ou seja, acertaram 60%.<\/p>\n\n\n\n<figure class=\"wp-block-image aligncenter size-full\"><img loading=\"lazy\" decoding=\"async\" width=\"576\" height=\"297\" src=\"https:\/\/dhg1h5j42swfq.cloudfront.net\/2021\/11\/05181510\/image-64.png\" alt=\"\" class=\"wp-image-901861\" srcset=\"https:\/\/dhg1h5j42swfq.cloudfront.net\/2021\/11\/05181510\/image-64.png 576w, https:\/\/dhg1h5j42swfq.cloudfront.net\/2021\/11\/05181510\/image-64-300x155.png 300w\" sizes=\"auto, (max-width: 576px) 100vw, 576px\" \/><figcaption>Prova de n\u00edvel superior<\/figcaption><\/figure>\n\n\n\n<h3 class=\"wp-block-heading\">Prova de Reda\u00e7\u00e3o<\/h3>\n\n\n\n<p>A Prova de Reda\u00e7\u00e3o do concurso SES RS valeu 30 pontos, com peso 2, e teve car\u00e1ter eliminat\u00f3rio e classificat\u00f3rio. Foi solicitado ao candidato a produ\u00e7\u00e3o de um texto sobre tema relacionado \u00e0 mat\u00e9ria de Governan\u00e7a e Gest\u00e3o do Sistema \u00danico de Sa\u00fade &#8211; SUS. <\/p>\n\n\n\n<p>A partir de dados fornecidos na proposta de reda\u00e7\u00e3o a ser apresentada ao candidato, este deveria compor um texto que se defina, primordialmente, por sua singularidade e articula\u00e7\u00e3o em torno do tema e da tipologia textual solicitada<\/p>\n\n\n\n<p>Foi considerado aprovado nesta fase o candidato que obteve pontua\u00e7\u00e3o igual ou superior a 30 pontos do total de 60 pontos da Prova de Reda\u00e7\u00e3o.<\/p>\n\n\n\n<h3 class=\"wp-block-heading\">Prova de T\u00edtulos<\/h3>\n\n\n\n<p>Para os cargos de N\u00edvel Superior do concurso SES RS, a Prova de T\u00edtulos foi aplicada somente para os candidatos aprovados na Prova Escrita. De car\u00e1ter classificat\u00f3rio, a avalia\u00e7\u00e3o teve o valor de 30 pontos, conforme tabela de t\u00edtulos que segue:<\/p>\n\n\n\n<figure class=\"wp-block-image aligncenter size-full\"><img loading=\"lazy\" decoding=\"async\" width=\"591\" height=\"248\" src=\"https:\/\/dhg1h5j42swfq.cloudfront.net\/2021\/11\/05182220\/image-67.png\" alt=\"Avalia\u00e7\u00e3o de t\u00edtulos do concurso SES RS\" class=\"wp-image-901883\" srcset=\"https:\/\/dhg1h5j42swfq.cloudfront.net\/2021\/11\/05182220\/image-67.png 591w, https:\/\/dhg1h5j42swfq.cloudfront.net\/2021\/11\/05182220\/image-67-300x126.png 300w\" sizes=\"auto, (max-width: 591px) 100vw, 591px\" \/><figcaption>Avalia\u00e7\u00e3o de t\u00edtulos<\/figcaption><\/figure>\n\n\n\n<h2 class=\"has-background wp-block-heading\" id=\"carreira\" style=\"background-color:#b6e3d4\">Concurso SES RS: carreira da sa\u00fade<\/h2>\n\n\n\n<h3 class=\"wp-block-heading\">Conhe\u00e7a os cargos<\/h3>\n\n\n\n<p style=\"font-size:clamp(14px, 0.875rem + ((1vw - 3.2px) * 0.294), 17px);\"><strong>Atividades da Sa\u00fade de N\u00edvel M\u00e9dio &#8211; Assistente em Sa\u00fade<\/strong><\/p>\n\n\n\n<ul class=\"wp-block-list\"><li>Servi\u00e7os gerais de escrit\u00f3rio<\/li><li>Demais \u00e1reas afins<\/li><\/ul>\n\n\n\n<p><strong>Requisitos para provimento<\/strong>: segundo grau completo.<\/p>\n\n\n\n<p style=\"font-size:clamp(14px, 0.875rem + ((1vw - 3.2px) * 0.294), 17px);\"><strong>Atividades da Sa\u00fade de N\u00edvel M\u00e9dio T\u00e9cnico &#8211; T\u00e9cnico em Sa\u00fade<\/strong><\/p>\n\n\n\n<ul class=\"wp-block-list\"><li>Administra\u00e7\u00e3o<\/li><li>Contabilidade<\/li><li>Edifica\u00e7\u00f5es<\/li><li>Biologia<\/li><li>Qu\u00edmica<\/li><li>Farm\u00e1cia<\/li><li>Fiscaliza\u00e7\u00e3o<\/li><li>Inform\u00e1tica<\/li><li>Auditoria<\/li><li>Patologia Cl\u00ednica<\/li><li>Higiene Dental<\/li><li>Pecu\u00e1ria<\/li><li>Medicina<\/li><li>Demais \u00e1reas<\/li><\/ul>\n\n\n\n<p><strong>Requisitos para provimento<\/strong>: curso de n\u00edvel t\u00e9cnico completo, acrescido, quando necess\u00e1rio, de registro no respectivo conselho de classe.<\/p>\n\n\n\n<p style=\"font-size:clamp(14px, 0.875rem + ((1vw - 3.2px) * 0.294), 17px);\"><strong>Atividades da Sa\u00fade de N\u00edvel M\u00e9dio T\u00e9cnico &#8211; Especialista em Sa\u00fade<\/strong><\/p>\n\n\n\n<ul class=\"wp-block-list\"><li>Administra\u00e7\u00e3o<\/li><li>Contabilidade<\/li><li>Engenharia<\/li><li>Arquitetura<\/li><li>Direito<\/li><li>Estat\u00edstica<\/li><li>Nutri\u00e7\u00e3o<\/li><li>Biologia<\/li><li>Odontologia<\/li><li>Qu\u00edmica<\/li><li>Farm\u00e1cia<\/li><li>Fiscaliza\u00e7\u00e3o<\/li><li>Inform\u00e1tica<\/li><li>Medicina<\/li><li>Fisioterapia<\/li><li>Nutri\u00e7\u00e3o<\/li><li>Enfermagem<\/li><li>Terapia Ocupacional<\/li><li>Fonoaudiologia<\/li><li>Veterin\u00e1ria<\/li><li>Zootecnia<\/li><li>Demais \u00e1reas afins<\/li><\/ul>\n\n\n\n<p><strong>Requisitos para provimento<\/strong>: curso de n\u00edvel superior completo e registro no respectivo conselho de classe. Para exerc\u00edcio na fun\u00e7\u00e3o de sanitarista \u00e9 necess\u00e1ria a apresenta\u00e7\u00e3o do certificado de conclus\u00e3o de curso de especializa\u00e7\u00e3o.<\/p>\n\n\n\n<h3 class=\"wp-block-heading\">Vencimentos b\u00e1sicos<\/h3>\n\n\n\n<p><strong>Portal da transpar\u00eancia<\/strong><\/p>\n\n\n\n<figure class=\"wp-block-image aligncenter size-full\"><img loading=\"lazy\" decoding=\"async\" width=\"1011\" height=\"185\" src=\"https:\/\/dhg1h5j42swfq.cloudfront.net\/2021\/09\/25094038\/image-487.png\" alt=\"Remunera\u00e7\u00e3o no portal da transpar\u00eancia\" class=\"wp-image-870410\" srcset=\"https:\/\/dhg1h5j42swfq.cloudfront.net\/2021\/09\/25094038\/image-487.png 1011w, https:\/\/dhg1h5j42swfq.cloudfront.net\/2021\/09\/25094038\/image-487-300x55.png 300w, https:\/\/dhg1h5j42swfq.cloudfront.net\/2021\/09\/25094038\/image-487-768x141.png 768w, https:\/\/dhg1h5j42swfq.cloudfront.net\/2021\/09\/25094038\/image-487-610x112.png 610w\" sizes=\"auto, (max-width: 1011px) 100vw, 1011px\" \/><figcaption>Remunera\u00e7\u00e3o no portal da transpar\u00eancia<\/figcaption><\/figure>\n\n\n\n<p><strong>Tabela remunerat\u00f3ria<\/strong><\/p>\n\n\n\n<figure class=\"wp-block-image aligncenter size-full is-resized\"><img loading=\"lazy\" decoding=\"async\" src=\"https:\/\/dhg1h5j42swfq.cloudfront.net\/2021\/09\/24092028\/image-462.png\" alt=\"Sal\u00e1rios do concurso SES RS\" class=\"wp-image-869319\" width=\"711\" height=\"586\" srcset=\"https:\/\/dhg1h5j42swfq.cloudfront.net\/2021\/09\/24092028\/image-462.png 853w, https:\/\/dhg1h5j42swfq.cloudfront.net\/2021\/09\/24092028\/image-462-300x247.png 300w, https:\/\/dhg1h5j42swfq.cloudfront.net\/2021\/09\/24092028\/image-462-768x633.png 768w, https:\/\/dhg1h5j42swfq.cloudfront.net\/2021\/09\/24092028\/image-462-610x503.png 610w\" sizes=\"auto, (max-width: 711px) 100vw, 711px\" \/><figcaption>Tabela de vencimento b\u00e1sico<\/figcaption><\/figure>\n\n\n\n<h2 class=\"has-background wp-block-heading\" id=\"ultimo-concurso\" style=\"background-color:#b6e3d4\">Concurso SES RS: \u00faltima edi\u00e7\u00e3o<\/h2>\n\n\n\n<p>O \u00faltimo concurso SES RS foi publicado em 2013, sob organiza\u00e7\u00e3o da Fundatec. Na ocasi\u00e3o, foram ofertadas 1.500 vagas, distribu\u00eddas entre cargos de n\u00edvel m\u00e9dio, t\u00e9cnico e superior. O sal\u00e1rio, na \u00e9poca, chegava a R$ 3.117,07.&nbsp;<\/p>\n\n\n\n<ul class=\"wp-block-list\"><li><strong>N\u00edvel superior: Especialista em Sa\u00fade<\/strong><ul><li>Administrador, Analista de Sistemas, Arquiteto, Arquivista, Assessor Jur\u00eddico, Assistente Social, Analista em Pol\u00edticas P\u00fablicas, Bibliotec\u00e1rio, Bi\u00f3logo, Contador, Economista, Enfermeiro, Engenheiro Agr\u00f4nomo, Engenheiro Civil, Engenheiro de Alimentos, Engenheiro El\u00e9trico, Engenheiro com Especializa\u00e7\u00e3o em Sa\u00fade do Trabalhador, Engenheiro de Materiais, Engenheiro Mec\u00e2nico, Engenheiro Qu\u00edmico, Estat\u00edstico, Farmac\u00eautico, F\u00edsico, Fisioterapeuta, Fonoaudi\u00f3logo, Jornalista, M\u00e9dico Auditor, M\u00e9dico Cardiologista, M\u00e9dico Cirurgi\u00e3o, M\u00e9dico Cl\u00ednico Geral, M\u00e9dico Dermatologista, M\u00e9dico do Trabalho, M\u00e9dico Endocrinologista, M\u00e9dico Epidemiologista, M\u00e9dico Gastroenterologista, M\u00e9dico Geriatra, M\u00e9dico Ginecologista e Obstetra, M\u00e9dico Hemoterapeuta, M\u00e9dico Infectologista, M\u00e9dico Intensivista, M\u00e9dico Mastologista, M\u00e9dico Nefrologista, M\u00e9dico Neurologista, M\u00e9dico Oftalmologista, M\u00e9dico Oncologista, M\u00e9dico Pediatra, M\u00e9dico Pneumologista, M\u00e9dico Psiquiatra, M\u00e9dico Regulador, M\u00e9dico Reumatologista, M\u00e9dico Sanitarista, M\u00e9dico Traumato-Ortopedista, M\u00e9dico Veterin\u00e1rio, Nutricionista, Odont\u00f3logo, Pedagogo, Psic\u00f3logo, Qu\u00edmico, Recreacionista, Rela\u00e7\u00f5es P\u00fablicas, Sanitarista, Soci\u00f3logo e Terapeuta Ocupacional.<\/li><\/ul><\/li><li><strong>N\u00edvel m\u00e9dio\/t\u00e9cnico: T\u00e9cnico em Sa\u00fade<\/strong><ul><li>T\u00e9cnico em Edifica\u00e7\u00f5es, T\u00e9cnico em Enfermagem, T\u00e9cnico em Inform\u00e1tica, T\u00e9cnico em Radiologia e T\u00e9cnico em Vigil\u00e2ncia em Sa\u00fade.<\/li><\/ul><\/li><li><strong>N\u00edvel m\u00e9dio: Assistente em Sa\u00fade<\/strong>.<\/li><\/ul>\n\n\n\n<p class=\"has-background has-normal-font-size\" style=\"background-color:#b6e3d4\">\u25ba<strong style=\"font-size: revert; color: initial;\">Edital:<\/strong><span style=\"font-size: revert; color: initial;\">&nbsp;<\/span><a style=\"font-size: revert;\" href=\"https:\/\/dhg1h5j42swfq.cloudfront.net\/2025\/06\/26181935\/minuta_edital_de_abertura_sec_saude_versao_15final.pdf\" target=\"_blank\" rel=\"noreferrer noopener\">Edital 2013<\/a> <br \/>\u25ba<a href=\"https:\/\/dhg1h5j42swfq.cloudfront.net\/2021\/09\/25100216\/densidade_por_cargo_e_regiao_corrigido.pdf\" target=\"_blank\" rel=\"noreferrer noopener nofollow\">Demanda de inscritos<\/a> <\/p>\n\n\n\n<h3 class=\"wp-block-heading\" id=\"provas\">Etapas e provas<\/h3>\n\n\n\n<p>Os candidatos do \u00faltimo concurso SES RS foram avaliados atrav\u00e9s de provas objetivas, de car\u00e1ter eliminat\u00f3rio e classificat\u00f3rio.<\/p>\n\n\n\n<p>As provas foram realizadas nas cidades de Porto Alegre, Pelotas, Santa Maria, Caxias do Sul, Passo Fundo, Bag\u00e9, Cachoeira do Sul, Cruz Alta, Alegrete, Erechim, Santo&nbsp;\u00c2ngelo, Santa Cruz do Sul, Santa Rosa, Palmeira das Miss\u00f5es, Lajeado, Iju\u00ed, Os\u00f3rio, Frederico Westphalen.<\/p>\n\n\n\n<ul class=\"wp-block-list\"><li><strong>Cargos de n\u00edvel superior:<\/strong><ul><li><em>L\u00edngua Portuguesa &#8211; 10 <\/em><\/li><li><em>Inform\u00e1tica &#8211; 5 <\/em><\/li><li><em>Racioc\u00ednio L\u00f3gico &#8211; 5 <\/em><\/li><li><em>Legisla\u00e7\u00e3o &#8211; 30 <\/em><\/li><li><em>Conhecimentos Espec\u00edficos &#8211; 20<\/em><\/li><\/ul><\/li><\/ul>\n\n\n\n<ul class=\"wp-block-list\"><li><strong>Cargos de n\u00edvel m\u00e9dio\/t\u00e9cnico:<\/strong><ul><li><em>L\u00edngua Portuguesa -10 <\/em><\/li><li><em>Inform\u00e1tica -5 <\/em><\/li><li><em>Racioc\u00ednio L\u00f3gico -5 <\/em><\/li><li><em>Legisla\u00e7\u00e3o -30 <\/em><\/li><li><em>Conhecimentos Espec\u00edficos -20<\/em><\/li><\/ul><\/li><\/ul>\n\n\n\n<ul class=\"wp-block-list\"><li><strong>Cargos de n\u00edvel m\u00e9dio:<\/strong><ul><li><em>L\u00edngua Portuguesa &#8211; 20 <\/em><\/li><li><em>Inform\u00e1tica &#8211; 10 <\/em><\/li><li><em>Racioc\u00ednio L\u00f3gico &#8211; 10 <\/em><\/li><li><em>Legisla\u00e7\u00e3o &#8211; 30<\/em><\/li><\/ul><\/li><\/ul>\n\n\n\n<h3 class=\"wp-block-heading\" id=\"corte\">Nota de corte<\/h3>\n\n\n\n<p><strong>Regi\u00e3o: Porto Alegre ou Viam\u00e3o<\/strong><\/p>\n\n\n\n<figure class=\"wp-block-table is-style-stripes\"><table class=\"has-background has-fixed-layout\" style=\"background-color:#b6e3d4\"><thead><tr><th class=\"has-text-align-center\" data-align=\"center\"> Cargos&nbsp; <\/th><th class=\"has-text-align-center\" data-align=\"center\"> Vagas <\/th><th class=\"has-text-align-center\" data-align=\"center\">Nota m\u00e1xima prova objetiva <\/th><th class=\"has-text-align-center\" data-align=\"center\">Nota de corte <\/th><\/tr><\/thead><tbody><tr><td class=\"has-text-align-center\" data-align=\"center\">Assistente em Sa\u00fade<\/td><td class=\"has-text-align-center\" data-align=\"center\">141<\/td><td class=\"has-text-align-center\" data-align=\"center\">70<\/td><td class=\"has-text-align-center\" data-align=\"center\"> 42.00 <\/td><\/tr><tr><td class=\"has-text-align-center\" data-align=\"center\">T\u00e9cnico em Sa\u00fade &#8211; T\u00e9cnico em Edifica\u00e7\u00f5es<\/td><td class=\"has-text-align-center\" data-align=\"center\">1<\/td><td class=\"has-text-align-center\" data-align=\"center\"> 70 <\/td><td class=\"has-text-align-center\" data-align=\"center\">48.00<\/td><\/tr><tr><td class=\"has-text-align-center\" data-align=\"center\">T\u00e9cnico em Sa\u00fade &#8211; T\u00e9cnico em Enfermagem<\/td><td class=\"has-text-align-center\" data-align=\"center\">143<\/td><td class=\"has-text-align-center\" data-align=\"center\"> 70 <\/td><td class=\"has-text-align-center\" data-align=\"center\">35.00<\/td><\/tr><tr><td class=\"has-text-align-center\" data-align=\"center\">Especialista em Sa\u00fade &#8211; Administrador<\/td><td class=\"has-text-align-center\" data-align=\"center\">40<\/td><td class=\"has-text-align-center\" data-align=\"center\"> 70 <\/td><td class=\"has-text-align-center\" data-align=\"center\">54.00<\/td><\/tr><tr><td class=\"has-text-align-center\" data-align=\"center\">Especialista em Sa\u00fade &#8211; Assessor Jur\u00eddico<\/td><td class=\"has-text-align-center\" data-align=\"center\">15<\/td><td class=\"has-text-align-center\" data-align=\"center\"> 70 <\/td><td class=\"has-text-align-center\" data-align=\"center\">52.00<\/td><\/tr><tr><td class=\"has-text-align-center\" data-align=\"center\">Especialista em Sa\u00fade &#8211; Enfermeiro<\/td><td class=\"has-text-align-center\" data-align=\"center\">45<\/td><td class=\"has-text-align-center\" data-align=\"center\"> 70 <\/td><td class=\"has-text-align-center\" data-align=\"center\">44.00<\/td><\/tr><tr><td class=\"has-text-align-center\" data-align=\"center\">Especialista em Sa\u00fade &#8211; Engenheiro Especialista em Sa\u00fade do Trabalhador<\/td><td class=\"has-text-align-center\" data-align=\"center\">5<\/td><td class=\"has-text-align-center\" data-align=\"center\"> 70 <\/td><td class=\"has-text-align-center\" data-align=\"center\">44.00<\/td><\/tr><tr><td class=\"has-text-align-center\" data-align=\"center\">Especialista em Sa\u00fade &#8211; Farmac\u00eautico<\/td><td class=\"has-text-align-center\" data-align=\"center\">48<\/td><td class=\"has-text-align-center\" data-align=\"center\"> 70 <\/td><td class=\"has-text-align-center\" data-align=\"center\">52.00<\/td><\/tr><tr><td class=\"has-text-align-center\" data-align=\"center\">Especialista em Sa\u00fade &#8211; M\u00e9dico Cl\u00ednico Geral<\/td><td class=\"has-text-align-center\" data-align=\"center\">13<\/td><td class=\"has-text-align-center\" data-align=\"center\">70<\/td><td class=\"has-text-align-center\" data-align=\"center\">35.00<\/td><\/tr><tr><td class=\"has-text-align-center\" data-align=\"center\">Especialista em Sa\u00fade &#8211; M\u00e9dico Regulador<\/td><td class=\"has-text-align-center\" data-align=\"center\">70<\/td><td class=\"has-text-align-center\" data-align=\"center\">70<\/td><td class=\"has-text-align-center\" data-align=\"center\">43.00<\/td><\/tr><tr><td class=\"has-text-align-center\" data-align=\"center\">Especialista em Sa\u00fade &#8211; Psic\u00f3logo<\/td><td class=\"has-text-align-center\" data-align=\"center\">14<\/td><td class=\"has-text-align-center\" data-align=\"center\">70<\/td><td class=\"has-text-align-center\" data-align=\"center\">55.00<\/td><\/tr><tr><td class=\"has-text-align-center\" data-align=\"center\"><\/td><td class=\"has-text-align-center\" data-align=\"center\"><\/td><td class=\"has-text-align-center\" data-align=\"center\"><\/td><td class=\"has-text-align-center\" data-align=\"center\"><\/td><\/tr><\/tbody><\/table><\/figure>\n\n\n\n<hr class=\"wp-block-separator has-css-opacity\"\/>\n\n\n\n<h2 class=\"has-text-align-center wp-block-heading\" id=\"h-quer-saber-tudo-sobre-concursos-previstos-confira-nossos-artigos\">Quer saber tudo sobre concursos previstos?<br \/>Confira nossos artigos!<\/h2>\n\n\n\n<ul class=\"wp-block-list\"><li><a href=\"https:\/\/www.estrategiaconcursos.com.br\/blog\/concursos-abertos\/\" target=\"_blank\" rel=\"noreferrer noopener\">Concursos abertos<\/a><\/li><li><a href=\"https:\/\/www.estrategiaconcursos.com.br\/blog\/concursos-2022\/\" target=\"_blank\" rel=\"noreferrer noopener\">Concursos 2022<\/a><\/li><li><a href=\"https:\/\/www.estrategiaconcursos.com.br\/blog\/concursos-2023\/\" target=\"_blank\" rel=\"noreferrer noopener\">Concursos 2023<\/a><\/li><\/ul>\n\n\n\n<h2 class=\"has-text-align-center wp-block-heading\" id=\"assinatura\">Quer estudar para o concurso SES RS?<\/h2>\n\n\n\n<div class=\"container\" id=\"boxes\">\n  <div class=\"row\">\n\n    <div class=\"col-sm\">\n      <div class=\"banner-medicina\" id=\"box-assinatura\">\n        <h3 class=\"titulo-assinatura\">Concurso SES RS<\/h3>\n        <p class=\"subtitulo-assinatura\">Estude conosco<\/p>\n        <div class=\"box-botao\">\n          <a class=\"btn-assinatura\" target=\"_blank\" href=\"https:\/\/www.estrategiaconcursos.com.br\/cursosPorConcurso\/secretaria-de-saude-do-rio-grande-do-sul-ses-rs\/\" role=\"button\" rel=\"noopener noreferrer\">Conhe\u00e7a mais<\/a>\n        <\/div>\n      <\/div>\n   \n    <\/div>\n\n  <\/div>\n<\/div>\n\n\n\n<div class=\"container\" id=\"boxes\">\n  <div class=\"row\">\n\n    <div class=\"col-sm\">\n      <div class=\"estrategia\" id=\"box-assinatura\">\n        <h3 class=\"titulo-assinatura\">Assinatura Concursos<\/h3>\n        <p class=\"subtitulo-assinatura\">Assinatura de 1 ano ou 2 anos<\/p>\n        <div class=\"box-botao\">\n          <a class=\"btn-assinatura\" target=\"_blank\" href=\"https:\/\/www.estrategiaconcursos.com.br\/assinaturas\/\" role=\"button\" rel=\"noopener noreferrer\">ASSINE AGORA<\/a>\n        <\/div>\n      <\/div>\n     \n    <\/div><\/div><\/div>\n\n\n\n<figure class=\"wp-block-image size-large is-resized\"><img loading=\"lazy\" decoding=\"async\" src=\"https:\/\/dhg1h5j42swfq.cloudfront.net\/2021\/04\/26073944\/ficha-tecnica-171-1024x632.png\" alt=\"Informa\u00e7\u00f5es do concurso SES RS\" class=\"wp-image-723020\" width=\"272\" height=\"168\" srcset=\"https:\/\/dhg1h5j42swfq.cloudfront.net\/2021\/04\/26073944\/ficha-tecnica-171-1024x632.png 1024w, https:\/\/dhg1h5j42swfq.cloudfront.net\/2021\/04\/26073944\/ficha-tecnica-171-300x185.png 300w, https:\/\/dhg1h5j42swfq.cloudfront.net\/2021\/04\/26073944\/ficha-tecnica-171-768x474.png 768w, https:\/\/dhg1h5j42swfq.cloudfront.net\/2021\/04\/26073944\/ficha-tecnica-171-1536x948.png 1536w, https:\/\/dhg1h5j42swfq.cloudfront.net\/2021\/04\/26073944\/ficha-tecnica-171-610x377.png 610w, https:\/\/dhg1h5j42swfq.cloudfront.net\/2021\/04\/26073944\/ficha-tecnica-171.png 1571w\" sizes=\"auto, (max-width: 272px) 100vw, 272px\" \/><\/figure>\n\n\n\n<h3 class=\"wp-block-heading\" id=\"ficha-tecnica\">Informa\u00e7\u00f5es do concurso SES RS<\/h3>\n\n\n\n<ul class=\"wp-block-list\"><li><strong>Provas<\/strong>: 09 e 23\/01\/2022<\/li><li><strong>Vagas:<\/strong>&nbsp;948<\/li><li><strong>Cargos:<\/strong>&nbsp;Especialistas em Sa\u00fade e T\u00e9cnicos em Sa\u00fade<\/li><li><strong>Banca:<\/strong>&nbsp;FAURG&nbsp;<\/li><li><strong>Escolaridade:<\/strong>&nbsp;N\u00edvel superior e m\u00e9dio\/t\u00e9cnico<\/li><li><strong>Edital:<\/strong>&nbsp;<a href=\"https:\/\/dhg1h5j42swfq.cloudfront.net\/2021\/11\/05175059\/20211105174145_edital-de-abertura-n_15_2021-final.pdf\" target=\"_blank\" rel=\"noreferrer noopener nofollow\">SES-RS 01\/2021<\/a> | <a href=\"https:\/\/dhg1h5j42swfq.cloudfront.net\/2021\/11\/23093900\/edital_concurso_ses_rs_-_especialista_em_saude_2021.pdf\" target=\"_blank\" rel=\"noreferrer noopener nofollow\">SES-RS 02\/2022<\/a><\/li><\/ul>\n","protected":false},"excerpt":{"rendered":"<p>O resultado final para os cargos de Especialistas em Sa\u00fade e T\u00e9cnicos em Sa\u00fade do concurso SES RS foi homologado. Al\u00e9m disso, foi divulgado o resultado final para os cargos de Biom\u00e9dico e Epidemiologista. Homologa\u00e7\u00e3o; Resultado final Biom\u00e9dico e Epidemiologista. A sele\u00e7\u00e3o apenas para o cargo de Arquiteto foi cancelada. Os candidatos que concorreram ao [&hellip;]<\/p>\n","protected":false},"author":2134,"featured_media":869251,"comment_status":"open","ping_status":"closed","sticky":false,"template":"","format":"standard","meta":{"post_tipo":"news_page","footnotes":""},"categories":[1981],"tags":[],"tax_estado":[219986],"class_list":["post-650870","post","type-post","status-publish","format-standard","has-post-thumbnail","hentry","category-saude","tax_estado-rs"],"acf":[],"yoast_head":"<!-- This site is optimized with the Yoast SEO Premium plugin v27.2 (Yoast SEO v27.2) - https:\/\/yoast.com\/product\/yoast-seo-premium-wordpress\/ -->\n<title>Concurso SES RS: homologa\u00e7\u00e3o divulgada! Confira<\/title>\n<meta name=\"description\" content=\"Concurso SES RS: Editais ofereceram 948 vagas para cargos de n\u00edveis m\u00e9dio\/t\u00e9cnico e superior. Resultado final homologado! Confira!\" \/>\n<meta name=\"robots\" content=\"index, follow, max-snippet:-1, max-image-preview:large, max-video-preview:-1\" \/>\n<link rel=\"canonical\" href=\"https:\/\/www.estrategiaconcursos.com.br\/blog\/concurso-ses-rs\/\" \/>\n<meta property=\"og:locale\" content=\"pt_BR\" \/>\n<meta property=\"og:type\" content=\"article\" \/>\n<meta property=\"og:title\" content=\"Concurso SES RS: homologa\u00e7\u00e3o divulgada! Confira\" \/>\n<meta property=\"og:description\" content=\"Concurso SES RS: Editais ofereceram 948 vagas para cargos de n\u00edveis m\u00e9dio\/t\u00e9cnico e superior. Resultado final homologado! Confira!\" \/>\n<meta property=\"og:url\" content=\"https:\/\/www.estrategiaconcursos.com.br\/blog\/concurso-ses-rs\/\" \/>\n<meta property=\"og:site_name\" content=\"Estrat\u00e9gia Concursos\" \/>\n<meta property=\"article:published_time\" content=\"2022-09-14T23:02:00+00:00\" \/>\n<meta property=\"article:modified_time\" content=\"2025-10-31T18:14:15+00:00\" \/>\n<meta property=\"og:image\" content=\"https:\/\/dhg1h5j42swfq.cloudfront.net\/2021\/04\/24084854\/ses-rs.jpg\" \/>\n\t<meta property=\"og:image:width\" content=\"768\" \/>\n\t<meta property=\"og:image:height\" content=\"432\" \/>\n\t<meta property=\"og:image:type\" content=\"image\/jpeg\" \/>\n<meta name=\"author\" content=\"Rafaela Teixeira\" \/>\n<meta name=\"twitter:card\" content=\"summary_large_image\" \/>\n<meta name=\"twitter:creator\" content=\"@EstratConcursos\" \/>\n<meta name=\"twitter:site\" content=\"@EstratConcursos\" \/>\n<meta name=\"twitter:label1\" content=\"Escrito por\" \/>\n\t<meta name=\"twitter:data1\" content=\"Rafaela Teixeira\" \/>\n\t<meta name=\"twitter:label2\" content=\"Est. tempo de leitura\" \/>\n\t<meta name=\"twitter:data2\" content=\"14 minutos\" \/>\n<script type=\"application\/ld+json\" class=\"yoast-schema-graph\">{\"@context\":\"https:\/\/schema.org\",\"@graph\":[{\"@type\":\"NewsArticle\",\"@id\":\"https:\/\/www.estrategiaconcursos.com.br\/blog\/concurso-ses-rs\/#article\",\"isPartOf\":{\"@id\":\"https:\/\/www.estrategiaconcursos.com.br\/blog\/concurso-ses-rs\/\"},\"author\":{\"name\":\"Rafaela Teixeira\",\"@id\":\"https:\/\/www.estrategiaconcursos.com.br\/blog\/#\/schema\/person\/e75352021ea7f60781c599934f916eb1\"},\"headline\":\"Concurso SES RS: homologa\u00e7\u00e3o divulgada! Confira\",\"datePublished\":\"2022-09-14T23:02:00+00:00\",\"dateModified\":\"2025-10-31T18:14:15+00:00\",\"mainEntityOfPage\":{\"@id\":\"https:\/\/www.estrategiaconcursos.com.br\/blog\/concurso-ses-rs\/\"},\"wordCount\":2379,\"commentCount\":0,\"publisher\":{\"@id\":\"https:\/\/www.estrategiaconcursos.com.br\/blog\/#organization\"},\"image\":{\"@id\":\"https:\/\/www.estrategiaconcursos.com.br\/blog\/concurso-ses-rs\/#primaryimage\"},\"thumbnailUrl\":\"https:\/\/dhg1h5j42swfq.cloudfront.net\/2021\/04\/24084854\/ses-rs.jpg\",\"articleSection\":[\"Sa\u00fade\"],\"inLanguage\":\"pt-BR\",\"potentialAction\":[{\"@type\":\"CommentAction\",\"name\":\"Comment\",\"target\":[\"https:\/\/www.estrategiaconcursos.com.br\/blog\/concurso-ses-rs\/#respond\"]}],\"copyrightYear\":\"2022\",\"copyrightHolder\":{\"@id\":\"https:\/\/www.estrategiaconcursos.com.br\/blog\/#organization\"}},{\"@type\":\"WebPage\",\"@id\":\"https:\/\/www.estrategiaconcursos.com.br\/blog\/concurso-ses-rs\/\",\"url\":\"https:\/\/www.estrategiaconcursos.com.br\/blog\/concurso-ses-rs\/\",\"name\":\"Concurso SES RS: homologa\u00e7\u00e3o divulgada! Confira\",\"isPartOf\":{\"@id\":\"https:\/\/www.estrategiaconcursos.com.br\/blog\/#website\"},\"primaryImageOfPage\":{\"@id\":\"https:\/\/www.estrategiaconcursos.com.br\/blog\/concurso-ses-rs\/#primaryimage\"},\"image\":{\"@id\":\"https:\/\/www.estrategiaconcursos.com.br\/blog\/concurso-ses-rs\/#primaryimage\"},\"thumbnailUrl\":\"https:\/\/dhg1h5j42swfq.cloudfront.net\/2021\/04\/24084854\/ses-rs.jpg\",\"datePublished\":\"2022-09-14T23:02:00+00:00\",\"dateModified\":\"2025-10-31T18:14:15+00:00\",\"description\":\"Concurso SES RS: Editais ofereceram 948 vagas para cargos de n\u00edveis m\u00e9dio\/t\u00e9cnico e superior. Resultado final homologado! Confira!\",\"breadcrumb\":{\"@id\":\"https:\/\/www.estrategiaconcursos.com.br\/blog\/concurso-ses-rs\/#breadcrumb\"},\"inLanguage\":\"pt-BR\",\"potentialAction\":[{\"@type\":\"ReadAction\",\"target\":[\"https:\/\/www.estrategiaconcursos.com.br\/blog\/concurso-ses-rs\/\"]}]},{\"@type\":\"ImageObject\",\"inLanguage\":\"pt-BR\",\"@id\":\"https:\/\/www.estrategiaconcursos.com.br\/blog\/concurso-ses-rs\/#primaryimage\",\"url\":\"https:\/\/dhg1h5j42swfq.cloudfront.net\/2021\/04\/24084854\/ses-rs.jpg\",\"contentUrl\":\"https:\/\/dhg1h5j42swfq.cloudfront.net\/2021\/04\/24084854\/ses-rs.jpg\",\"width\":768,\"height\":432,\"caption\":\"SES RS\"},{\"@type\":\"BreadcrumbList\",\"@id\":\"https:\/\/www.estrategiaconcursos.com.br\/blog\/concurso-ses-rs\/#breadcrumb\",\"itemListElement\":[{\"@type\":\"ListItem\",\"position\":1,\"name\":\"In\u00edcio\",\"item\":\"https:\/\/www.estrategiaconcursos.com.br\/blog\/\"},{\"@type\":\"ListItem\",\"position\":2,\"name\":\"Concurso SES RS: homologa\u00e7\u00e3o divulgada! Confira\"}]},{\"@type\":\"WebSite\",\"@id\":\"https:\/\/www.estrategiaconcursos.com.br\/blog\/#website\",\"url\":\"https:\/\/www.estrategiaconcursos.com.br\/blog\/\",\"name\":\"Estrat\u00e9gia Concursos\",\"description\":\"O blog da Estrat\u00e9gia Concursos traz not\u00edcias sobre concursos e artigos de professores oferecendo cursos para concursos (pdf + videaulas) no site.\",\"publisher\":{\"@id\":\"https:\/\/www.estrategiaconcursos.com.br\/blog\/#organization\"},\"potentialAction\":[{\"@type\":\"SearchAction\",\"target\":{\"@type\":\"EntryPoint\",\"urlTemplate\":\"https:\/\/www.estrategiaconcursos.com.br\/blog\/?s={search_term_string}\"},\"query-input\":{\"@type\":\"PropertyValueSpecification\",\"valueRequired\":true,\"valueName\":\"search_term_string\"}}],\"inLanguage\":\"pt-BR\"},{\"@type\":\"Organization\",\"@id\":\"https:\/\/www.estrategiaconcursos.com.br\/blog\/#organization\",\"name\":\"Estrat\u00e9gia Concursos\",\"url\":\"https:\/\/www.estrategiaconcursos.com.br\/blog\/\",\"logo\":{\"@type\":\"ImageObject\",\"inLanguage\":\"pt-BR\",\"@id\":\"https:\/\/www.estrategiaconcursos.com.br\/blog\/#\/schema\/logo\/image\/\",\"url\":\"https:\/\/dhg1h5j42swfq.cloudfront.net\/2025\/06\/03203428\/logo_concursos-1.jpg\",\"contentUrl\":\"https:\/\/dhg1h5j42swfq.cloudfront.net\/2025\/06\/03203428\/logo_concursos-1.jpg\",\"width\":230,\"height\":60,\"caption\":\"Estrat\u00e9gia Concursos\"},\"image\":{\"@id\":\"https:\/\/www.estrategiaconcursos.com.br\/blog\/#\/schema\/logo\/image\/\"},\"sameAs\":[\"https:\/\/x.com\/EstratConcursos\"]},{\"@type\":\"Person\",\"@id\":\"https:\/\/www.estrategiaconcursos.com.br\/blog\/#\/schema\/person\/e75352021ea7f60781c599934f916eb1\",\"name\":\"Rafaela Teixeira\",\"image\":{\"@type\":\"ImageObject\",\"inLanguage\":\"pt-BR\",\"@id\":\"https:\/\/secure.gravatar.com\/avatar\/8a349a2b22039b1ee88fc06461487c950fd6aa411ea8af8633314b43334ae793?s=96&d=mm&r=g\",\"url\":\"https:\/\/secure.gravatar.com\/avatar\/8a349a2b22039b1ee88fc06461487c950fd6aa411ea8af8633314b43334ae793?s=96&d=mm&r=g\",\"contentUrl\":\"https:\/\/secure.gravatar.com\/avatar\/8a349a2b22039b1ee88fc06461487c950fd6aa411ea8af8633314b43334ae793?s=96&d=mm&r=g\",\"caption\":\"Rafaela Teixeira\"},\"description\":\"Rafaela Teixeira \u00e9 advogada conveniada \u00e0 Defensoria P\u00fablica de S\u00e3o Paulo pela OAB, com experi\u00eancia em reda\u00e7\u00e3o jur\u00eddica e atua\u00e7\u00e3o em institui\u00e7\u00f5es p\u00fablicas, incluindo est\u00e1gio no TRE-SP. Possui mais de 7 anos de experi\u00eancia na produ\u00e7\u00e3o de conte\u00fados voltados ao nicho de concursos p\u00fablicos, com foco em apura\u00e7\u00e3o jornal\u00edstica cont\u00ednua, an\u00e1lise de editais e obten\u00e7\u00e3o de informa\u00e7\u00f5es diretamente junto a \u00f3rg\u00e3os e fontes oficiais. No Blog do Estrat\u00e9gia Concursos, atua como Analista de Conte\u00fado S\u00eanior, respons\u00e1vel pelo jornalismo do per\u00edodo noturno e da madrugada, com atua\u00e7\u00e3o transversal na cobertura de concursos p\u00fablicos, garantindo a continuidade, fluidez e confiabilidade das publica\u00e7\u00f5es e dos bastidores dos certames.\",\"url\":\"https:\/\/www.estrategiaconcursos.com.br\/blog\/author\/rafaela-teixeira\/\"}]}<\/script>\n<!-- \/ Yoast SEO Premium plugin. -->","yoast_head_json":{"title":"Concurso SES RS: homologa\u00e7\u00e3o divulgada! Confira","description":"Concurso SES RS: Editais ofereceram 948 vagas para cargos de n\u00edveis m\u00e9dio\/t\u00e9cnico e superior. Resultado final homologado! Confira!","robots":{"index":"index","follow":"follow","max-snippet":"max-snippet:-1","max-image-preview":"max-image-preview:large","max-video-preview":"max-video-preview:-1"},"canonical":"https:\/\/www.estrategiaconcursos.com.br\/blog\/concurso-ses-rs\/","og_locale":"pt_BR","og_type":"article","og_title":"Concurso SES RS: homologa\u00e7\u00e3o divulgada! Confira","og_description":"Concurso SES RS: Editais ofereceram 948 vagas para cargos de n\u00edveis m\u00e9dio\/t\u00e9cnico e superior. Resultado final homologado! Confira!","og_url":"https:\/\/www.estrategiaconcursos.com.br\/blog\/concurso-ses-rs\/","og_site_name":"Estrat\u00e9gia Concursos","article_published_time":"2022-09-14T23:02:00+00:00","article_modified_time":"2025-10-31T18:14:15+00:00","og_image":[{"width":768,"height":432,"url":"https:\/\/dhg1h5j42swfq.cloudfront.net\/2021\/04\/24084854\/ses-rs.jpg","type":"image\/jpeg"}],"author":"Rafaela Teixeira","twitter_card":"summary_large_image","twitter_creator":"@EstratConcursos","twitter_site":"@EstratConcursos","twitter_misc":{"Escrito por":"Rafaela Teixeira","Est. tempo de leitura":"14 minutos"},"schema":{"@context":"https:\/\/schema.org","@graph":[{"@type":"NewsArticle","@id":"https:\/\/www.estrategiaconcursos.com.br\/blog\/concurso-ses-rs\/#article","isPartOf":{"@id":"https:\/\/www.estrategiaconcursos.com.br\/blog\/concurso-ses-rs\/"},"author":{"name":"Rafaela Teixeira","@id":"https:\/\/www.estrategiaconcursos.com.br\/blog\/#\/schema\/person\/e75352021ea7f60781c599934f916eb1"},"headline":"Concurso SES RS: homologa\u00e7\u00e3o divulgada! Confira","datePublished":"2022-09-14T23:02:00+00:00","dateModified":"2025-10-31T18:14:15+00:00","mainEntityOfPage":{"@id":"https:\/\/www.estrategiaconcursos.com.br\/blog\/concurso-ses-rs\/"},"wordCount":2379,"commentCount":0,"publisher":{"@id":"https:\/\/www.estrategiaconcursos.com.br\/blog\/#organization"},"image":{"@id":"https:\/\/www.estrategiaconcursos.com.br\/blog\/concurso-ses-rs\/#primaryimage"},"thumbnailUrl":"https:\/\/dhg1h5j42swfq.cloudfront.net\/2021\/04\/24084854\/ses-rs.jpg","articleSection":["Sa\u00fade"],"inLanguage":"pt-BR","potentialAction":[{"@type":"CommentAction","name":"Comment","target":["https:\/\/www.estrategiaconcursos.com.br\/blog\/concurso-ses-rs\/#respond"]}],"copyrightYear":"2022","copyrightHolder":{"@id":"https:\/\/www.estrategiaconcursos.com.br\/blog\/#organization"}},{"@type":"WebPage","@id":"https:\/\/www.estrategiaconcursos.com.br\/blog\/concurso-ses-rs\/","url":"https:\/\/www.estrategiaconcursos.com.br\/blog\/concurso-ses-rs\/","name":"Concurso SES RS: homologa\u00e7\u00e3o divulgada! Confira","isPartOf":{"@id":"https:\/\/www.estrategiaconcursos.com.br\/blog\/#website"},"primaryImageOfPage":{"@id":"https:\/\/www.estrategiaconcursos.com.br\/blog\/concurso-ses-rs\/#primaryimage"},"image":{"@id":"https:\/\/www.estrategiaconcursos.com.br\/blog\/concurso-ses-rs\/#primaryimage"},"thumbnailUrl":"https:\/\/dhg1h5j42swfq.cloudfront.net\/2021\/04\/24084854\/ses-rs.jpg","datePublished":"2022-09-14T23:02:00+00:00","dateModified":"2025-10-31T18:14:15+00:00","description":"Concurso SES RS: Editais ofereceram 948 vagas para cargos de n\u00edveis m\u00e9dio\/t\u00e9cnico e superior. Resultado final homologado! Confira!","breadcrumb":{"@id":"https:\/\/www.estrategiaconcursos.com.br\/blog\/concurso-ses-rs\/#breadcrumb"},"inLanguage":"pt-BR","potentialAction":[{"@type":"ReadAction","target":["https:\/\/www.estrategiaconcursos.com.br\/blog\/concurso-ses-rs\/"]}]},{"@type":"ImageObject","inLanguage":"pt-BR","@id":"https:\/\/www.estrategiaconcursos.com.br\/blog\/concurso-ses-rs\/#primaryimage","url":"https:\/\/dhg1h5j42swfq.cloudfront.net\/2021\/04\/24084854\/ses-rs.jpg","contentUrl":"https:\/\/dhg1h5j42swfq.cloudfront.net\/2021\/04\/24084854\/ses-rs.jpg","width":768,"height":432,"caption":"SES RS"},{"@type":"BreadcrumbList","@id":"https:\/\/www.estrategiaconcursos.com.br\/blog\/concurso-ses-rs\/#breadcrumb","itemListElement":[{"@type":"ListItem","position":1,"name":"In\u00edcio","item":"https:\/\/www.estrategiaconcursos.com.br\/blog\/"},{"@type":"ListItem","position":2,"name":"Concurso SES RS: homologa\u00e7\u00e3o divulgada! Confira"}]},{"@type":"WebSite","@id":"https:\/\/www.estrategiaconcursos.com.br\/blog\/#website","url":"https:\/\/www.estrategiaconcursos.com.br\/blog\/","name":"Estrat\u00e9gia Concursos","description":"O blog da Estrat\u00e9gia Concursos traz not\u00edcias sobre concursos e artigos de professores oferecendo cursos para concursos (pdf + videaulas) no site.","publisher":{"@id":"https:\/\/www.estrategiaconcursos.com.br\/blog\/#organization"},"potentialAction":[{"@type":"SearchAction","target":{"@type":"EntryPoint","urlTemplate":"https:\/\/www.estrategiaconcursos.com.br\/blog\/?s={search_term_string}"},"query-input":{"@type":"PropertyValueSpecification","valueRequired":true,"valueName":"search_term_string"}}],"inLanguage":"pt-BR"},{"@type":"Organization","@id":"https:\/\/www.estrategiaconcursos.com.br\/blog\/#organization","name":"Estrat\u00e9gia Concursos","url":"https:\/\/www.estrategiaconcursos.com.br\/blog\/","logo":{"@type":"ImageObject","inLanguage":"pt-BR","@id":"https:\/\/www.estrategiaconcursos.com.br\/blog\/#\/schema\/logo\/image\/","url":"https:\/\/dhg1h5j42swfq.cloudfront.net\/2025\/06\/03203428\/logo_concursos-1.jpg","contentUrl":"https:\/\/dhg1h5j42swfq.cloudfront.net\/2025\/06\/03203428\/logo_concursos-1.jpg","width":230,"height":60,"caption":"Estrat\u00e9gia Concursos"},"image":{"@id":"https:\/\/www.estrategiaconcursos.com.br\/blog\/#\/schema\/logo\/image\/"},"sameAs":["https:\/\/x.com\/EstratConcursos"]},{"@type":"Person","@id":"https:\/\/www.estrategiaconcursos.com.br\/blog\/#\/schema\/person\/e75352021ea7f60781c599934f916eb1","name":"Rafaela Teixeira","image":{"@type":"ImageObject","inLanguage":"pt-BR","@id":"https:\/\/secure.gravatar.com\/avatar\/8a349a2b22039b1ee88fc06461487c950fd6aa411ea8af8633314b43334ae793?s=96&d=mm&r=g","url":"https:\/\/secure.gravatar.com\/avatar\/8a349a2b22039b1ee88fc06461487c950fd6aa411ea8af8633314b43334ae793?s=96&d=mm&r=g","contentUrl":"https:\/\/secure.gravatar.com\/avatar\/8a349a2b22039b1ee88fc06461487c950fd6aa411ea8af8633314b43334ae793?s=96&d=mm&r=g","caption":"Rafaela Teixeira"},"description":"Rafaela Teixeira \u00e9 advogada conveniada \u00e0 Defensoria P\u00fablica de S\u00e3o Paulo pela OAB, com experi\u00eancia em reda\u00e7\u00e3o jur\u00eddica e atua\u00e7\u00e3o em institui\u00e7\u00f5es p\u00fablicas, incluindo est\u00e1gio no TRE-SP. Possui mais de 7 anos de experi\u00eancia na produ\u00e7\u00e3o de conte\u00fados voltados ao nicho de concursos p\u00fablicos, com foco em apura\u00e7\u00e3o jornal\u00edstica cont\u00ednua, an\u00e1lise de editais e obten\u00e7\u00e3o de informa\u00e7\u00f5es diretamente junto a \u00f3rg\u00e3os e fontes oficiais. No Blog do Estrat\u00e9gia Concursos, atua como Analista de Conte\u00fado S\u00eanior, respons\u00e1vel pelo jornalismo do per\u00edodo noturno e da madrugada, com atua\u00e7\u00e3o transversal na cobertura de concursos p\u00fablicos, garantindo a continuidade, fluidez e confiabilidade das publica\u00e7\u00f5es e dos bastidores dos certames.","url":"https:\/\/www.estrategiaconcursos.com.br\/blog\/author\/rafaela-teixeira\/"}]}},"_links":{"self":[{"href":"https:\/\/www.estrategiaconcursos.com.br\/blog\/wp-json\/wp\/v2\/posts\/650870","targetHints":{"allow":["GET"]}}],"collection":[{"href":"https:\/\/www.estrategiaconcursos.com.br\/blog\/wp-json\/wp\/v2\/posts"}],"about":[{"href":"https:\/\/www.estrategiaconcursos.com.br\/blog\/wp-json\/wp\/v2\/types\/post"}],"author":[{"embeddable":true,"href":"https:\/\/www.estrategiaconcursos.com.br\/blog\/wp-json\/wp\/v2\/users\/2134"}],"replies":[{"embeddable":true,"href":"https:\/\/www.estrategiaconcursos.com.br\/blog\/wp-json\/wp\/v2\/comments?post=650870"}],"version-history":[{"count":39,"href":"https:\/\/www.estrategiaconcursos.com.br\/blog\/wp-json\/wp\/v2\/posts\/650870\/revisions"}],"predecessor-version":[{"id":1094836,"href":"https:\/\/www.estrategiaconcursos.com.br\/blog\/wp-json\/wp\/v2\/posts\/650870\/revisions\/1094836"}],"wp:featuredmedia":[{"embeddable":true,"href":"https:\/\/www.estrategiaconcursos.com.br\/blog\/wp-json\/wp\/v2\/media\/869251"}],"wp:attachment":[{"href":"https:\/\/www.estrategiaconcursos.com.br\/blog\/wp-json\/wp\/v2\/media?parent=650870"}],"wp:term":[{"taxonomy":"category","embeddable":true,"href":"https:\/\/www.estrategiaconcursos.com.br\/blog\/wp-json\/wp\/v2\/categories?post=650870"},{"taxonomy":"post_tag","embeddable":true,"href":"https:\/\/www.estrategiaconcursos.com.br\/blog\/wp-json\/wp\/v2\/tags?post=650870"},{"taxonomy":"tax_estado","embeddable":true,"href":"https:\/\/www.estrategiaconcursos.com.br\/blog\/wp-json\/wp\/v2\/tax_estado?post=650870"}],"curies":[{"name":"wp","href":"https:\/\/api.w.org\/{rel}","templated":true}]}}