{"id":649527,"date":"2021-04-09T00:00:00","date_gmt":"2021-04-09T03:00:00","guid":{"rendered":"https:\/\/www.estrategiaconcursos.com.br\/blog\/?p=649527"},"modified":"2023-06-01T13:30:37","modified_gmt":"2023-06-01T16:30:37","slug":"edital-ministerio-da-economia-100-vagas","status":"publish","type":"post","link":"https:\/\/www.estrategiaconcursos.com.br\/blog\/edital-ministerio-da-economia-100-vagas\/","title":{"rendered":"Edital Minist\u00e9rio Economia: inscri\u00e7\u00f5es encerradas; 100 vagas"},"content":{"rendered":"\n<p>O edital do <strong>Processo Seletivo Simplificado do Minist\u00e9rio da Economia<\/strong> oferta 100 vagas imediatas mais 490 em cadastro reserva para Atividades T\u00e9cnicas de Complexidade Intelectual, de Suporte e de Forma\u00e7\u00e3o Espec\u00edfica.<\/p>\n\n\n\n<p>Ap\u00f3s serem prorrogadas, os interessados em participar da sele\u00e7\u00e3o puderam realizar as inscri\u00e7\u00f5es at\u00e9 o dia 08 de abril, atrav\u00e9s do site da banca organizadora, o IDIB. As taxas foram definidas de acordo com o grau de escolaridade do cargo pretendido, sendo:<\/p>\n\n\n\n<ul class=\"wp-block-list\">\n<li><strong>M\u00e9dio:<\/strong> R$ 36,0<\/li>\n\n\n\n<li><strong>Superior: <\/strong>R$ 38,00<\/li>\n<\/ul>\n\n\n\n<h2 class=\"wp-block-heading\" id=\"datas\">Principais datas do PSS<\/h2>\n\n\n\n<ul id=\"block-76dd8038-7170-443b-8963-c6d85567b3f8\" class=\"has-background wp-block-list\" style=\"background-color:#eeeeee\">\n<li><strong>Inscri\u00e7\u00f5es:<\/strong> <s>at\u00e9 08 de abril<\/s><\/li>\n\n\n\n<li><strong>Isen\u00e7\u00e3o da taxa:<\/strong> <s>17 a 19 de mar\u00e7o<\/s><\/li>\n\n\n\n<li><strong>Pagamento da taxa: <\/strong>09 de abril<\/li>\n\n\n\n<li><strong>Prova objetiva:<\/strong> 06 de junho<\/li>\n<\/ul>\n\n\n\n<h2 class=\"wp-block-heading\" id=\"cargos-vagas\">Cargos e vagas do edital Minist\u00e9rio da Economia<\/h2>\n\n\n\n<p>Ao todo, o edital do processo seletivo do Minist\u00e9rio da Economia oferece 100 vagas imediatas mais 490 em cadastro reserva. As oportunidades se distribuem conforme abaixo:<\/p>\n\n\n\n<figure class=\"wp-block-table is-style-stripes\"><table class=\"has-background has-fixed-layout\" style=\"background-color:#e7f5fe\"><thead><tr><th class=\"has-text-align-center\" data-align=\"center\">Classifica\u00e7\u00e3o da Atividade<\/th><th class=\"has-text-align-center\" data-align=\"center\">Perfil Profissional<\/th><th class=\"has-text-align-center\" data-align=\"center\">Vagas<\/th><th class=\"has-text-align-center\" data-align=\"center\">Sal\u00e1rio<\/th><th class=\"has-text-align-center\" data-align=\"center\">Escolaridade<\/th><\/tr><\/thead><tbody><tr><td class=\"has-text-align-center\" data-align=\"center\">Atividades T\u00e9cnicas de Complexidade Intelectual<\/td><td class=\"has-text-align-center\" data-align=\"center\">Administra\u00e7\u00e3o, Economia, Contabilidade ou Direito<\/td><td class=\"has-text-align-center\" data-align=\"center\">04 + 36 CR<\/td><td class=\"has-text-align-center\" data-align=\"center\">R$ 6.130,00<\/td><td class=\"has-text-align-center\" data-align=\"center\">N\u00edvel superior<\/td><\/tr><tr><td class=\"has-text-align-center\" data-align=\"center\">Atividades T\u00e9cnicas de Suporte<\/td><td class=\"has-text-align-center\" data-align=\"center\">Qualquer \u00e1rea de forma\u00e7\u00e3o<\/td><td class=\"has-text-align-center\" data-align=\"center\">48 + 202 CR<\/td><td class=\"has-text-align-center\" data-align=\"center\">R$ 3.800,00<\/td><td class=\"has-text-align-center\" data-align=\"center\">N\u00edvel superior<\/td><\/tr><tr><td class=\"has-text-align-center\" data-align=\"center\">Atividades T\u00e9cnicas de Suporte<\/td><td class=\"has-text-align-center\" data-align=\"center\">Qualquer \u00e1rea de forma\u00e7\u00e3o<\/td><td class=\"has-text-align-center\" data-align=\"center\">40 + 200 CR<\/td><td class=\"has-text-align-center\" data-align=\"center\">R$ 3.800,00<\/td><td class=\"has-text-align-center\" data-align=\"center\">N\u00edvel superior<\/td><\/tr><tr><td class=\"has-text-align-center\" data-align=\"center\">Atividades T\u00e9cnicas de Forma\u00e7\u00e3o Espec\u00edfica<\/td><td class=\"has-text-align-center\" data-align=\"center\">T\u00e9cnico em Administra\u00e7\u00e3o, Contabilidade ou Inform\u00e1tica<\/td><td class=\"has-text-align-center\" data-align=\"center\">08 + 52 CR<\/td><td class=\"has-text-align-center\" data-align=\"center\">R$ 1.700,00<\/td><td class=\"has-text-align-center\" data-align=\"center\">N\u00edvel m\u00e9dio\/t\u00e9cnico<\/td><\/tr><\/tbody><\/table><\/figure>\n\n\n\n<h2 class=\"wp-block-heading\" id=\"etapas\">Etapas e provas do edital Minist\u00e9rio da Economia<\/h2>\n\n\n\n<p>De acordo com o edital, os candidatos deste processo do Minist\u00e9rio da Economia ser\u00e3o avaliados pelas seguintes etapas:<\/p>\n\n\n\n<h3 class=\"wp-block-heading\" id=\"block-df418996-22af-4925-bc7f-9d9fe76a8993\">Prova Objetiva<\/h3>\n\n\n\n<p>A prova objetiva ser\u00e1 compostas por 60 quest\u00f5es de m\u00faltipla escolha, com cinco alternativas (A, B, C, D, E), sendo apenas uma correta. O tempo ser\u00e1 de 4 horas de dura\u00e7\u00e3o.<\/p>\n\n\n\n<p>Ser\u00e1 considerado habilitado o candidato que obtiver nota igual ou superior a 50% do total de pontos da prova, desde que n\u00e3o obtenha nota igual a ZERO em nenhum dos conte\u00fados.<\/p>\n\n\n\n<figure class=\"wp-block-image aligncenter is-resized\"><img loading=\"lazy\" decoding=\"async\" src=\"https:\/\/dhg1h5j42swfq.cloudfront.net\/2021\/02\/08080806\/image-114-1024x131.png\" alt=\"\" class=\"wp-image-667413\" width=\"839\" height=\"107\" srcset=\"https:\/\/dhg1h5j42swfq.cloudfront.net\/2021\/02\/08080806\/image-114-1024x131.png 1024w, https:\/\/dhg1h5j42swfq.cloudfront.net\/2021\/02\/08080806\/image-114-300x38.png 300w, https:\/\/dhg1h5j42swfq.cloudfront.net\/2021\/02\/08080806\/image-114-768x98.png 768w, https:\/\/dhg1h5j42swfq.cloudfront.net\/2021\/02\/08080806\/image-114-610x78.png 610w, https:\/\/dhg1h5j42swfq.cloudfront.net\/2021\/02\/08080806\/image-114.png 1207w\" sizes=\"auto, (max-width: 839px) 100vw, 839px\" \/><\/figure>\n\n\n\n<h3 class=\"wp-block-heading\" id=\"block-d7d3b02a-5a5a-4f92-9d96-54af2b3505f7\">Avalia\u00e7\u00e3o de T\u00edtulos<\/h3>\n\n\n\n<p>A prova de t\u00edtulos valer\u00e1 10,00 pontos, ainda que a soma dos valores dos t\u00edtulos enviados seja superior a esse valor. Somente ser\u00e3o aceitos os t\u00edtulos abaixo relacionados, expedidos at\u00e9 a data de envio, e o julgamento obedecer\u00e1 aos respectivos crit\u00e9rios de pontua\u00e7\u00e3o:<\/p>\n\n\n\n<figure class=\"wp-block-image aligncenter is-resized\"><img loading=\"lazy\" decoding=\"async\" src=\"https:\/\/dhg1h5j42swfq.cloudfront.net\/2021\/02\/08080712\/image-112-1024x294.png\" alt=\"t\u00edtulos do concurso Minist\u00e9rio da Economia tempor\u00e1rios\" class=\"wp-image-667411\" width=\"913\" height=\"262\" srcset=\"https:\/\/dhg1h5j42swfq.cloudfront.net\/2021\/02\/08080712\/image-112-1024x294.png 1024w, https:\/\/dhg1h5j42swfq.cloudfront.net\/2021\/02\/08080712\/image-112-300x86.png 300w, https:\/\/dhg1h5j42swfq.cloudfront.net\/2021\/02\/08080712\/image-112-768x221.png 768w, https:\/\/dhg1h5j42swfq.cloudfront.net\/2021\/02\/08080712\/image-112-610x175.png 610w, https:\/\/dhg1h5j42swfq.cloudfront.net\/2021\/02\/08080712\/image-112.png 1048w\" sizes=\"auto, (max-width: 913px) 100vw, 913px\" \/><\/figure>\n\n\n\n<h2 class=\"wp-block-heading\" id=\"estrategico\">Edital Estrat\u00e9gico Minist\u00e9rio da Economia: baixe gratuitamente<\/h2>\n\n\n\n<p class=\"has-text-align-center has-very-light-gray-background-color has-background\" style=\"font-size:clamp(14px, 0.875rem + ((1vw - 3.2px) * 0.49), 19px);px\"><a href=\"https:\/\/drive.google.com\/file\/d\/1u4uGfS_xoLBNbPoajrn_GvWN5FrSr8lF\/view?usp=sharing\" target=\"_blank\" rel=\"noreferrer noopener\"><strong>Atividades T\u00e9cnicas de Suporte II<\/strong><\/a><\/p>\n\n\n\n<p class=\"has-text-align-center has-very-light-gray-background-color has-background\" style=\"font-size:clamp(14px, 0.875rem + ((1vw - 3.2px) * 0.49), 19px);px\"><a href=\"https:\/\/drive.google.com\/file\/d\/1UZAJS0IY8jpJy9vUgyR-RjYQr1pB1ElQ\/view?usp=sharing\" target=\"_blank\" rel=\"noreferrer noopener\"><strong>Atividades T\u00e9cnicas de Suporte I<\/strong><\/a><\/p>\n\n\n\n<p class=\"has-text-align-center has-very-light-gray-background-color has-background\" style=\"font-size:clamp(14px, 0.875rem + ((1vw - 3.2px) * 0.49), 19px);px\"><a href=\"https:\/\/drive.google.com\/file\/d\/1mJ_DPbDPoc7bPjoHCc94nbH4hHQ3_Gm-\/view?usp=sharing\" target=\"_blank\" rel=\"noreferrer noopener\"><strong>Atividades T\u00e9cnicas de Forma\u00e7\u00e3o Espec\u00edfica<\/strong><\/a><\/p>\n\n\n\n<p class=\"has-text-align-center has-very-light-gray-background-color has-background\" style=\"font-size:clamp(14px, 0.875rem + ((1vw - 3.2px) * 0.49), 19px);px\"><a href=\"https:\/\/drive.google.com\/file\/d\/1xz-7EeVk25-Vjng4-MgzlAzk9mT7LGd2\/view?usp=sharing\" target=\"_blank\" rel=\"noreferrer noopener\"><strong>Atividades T\u00e9cnicas de Complexidade Intelectual<\/strong><\/a><\/p>\n\n\n\n<p><strong>IMPORTANTE:&nbsp;<\/strong>Ao clicar nos links acima, vai ser aberta uma janela do Google Drive que tentar\u00e1 carregar a visualiza\u00e7\u00e3o da planilha no seu navegador. N\u00e3o h\u00e1 necessidade de esperar essa visualiza\u00e7\u00e3o (talvez at\u00e9 nem carregue, j\u00e1 que os arquivos s\u00e3o pesados).<\/p>\n\n\n\n<p>Fa\u00e7a o download clicando na seta para baixo no canto superior direito da janela do Google Drive que vai ser aberta ao clicar nos links acima.<\/p>\n\n\n\n<p>Todos os arquivos foram testados em diferentes computadores e celulares e est\u00e3o ok. Talvez alguma incompatibilidade (ou mensagem de erro, como \u201carquivo inv\u00e1lido\u201d) ocorra em virtude do seu pr\u00f3prio computador ou do tamanho dos arquivos que possuem mais conte\u00fado.<\/p>\n\n\n\n<p class=\"has-text-align-center has-very-light-gray-background-color has-background has-medium-font-size\"><strong>Saiba mais: <a href=\"https:\/\/www.estrategiaconcursos.com.br\/blog\/concurso-ministerio-da-economia\/\" target=\"_blank\" rel=\"noreferrer noopener\">Concurso Minist\u00e9rio da Economia<\/a><\/strong><\/p>\n\n\n\n<hr class=\"wp-block-separator has-css-opacity\"\/>\n\n\n\n<h2 class=\"wp-block-heading has-text-align-center\" id=\"cursos-assinatura\">Quer estudar para o concurso Minist\u00e9rio da Economia?<\/h2>\n\n\n\n<div class=\"container\" id=\"boxes\">\n  <div class=\"row\">\n\n    <div class=\"col-sm\">\n      <div class=\"banner-estrategia\" id=\"box-assinatura\">\n        <h3 class=\"titulo-assinatura\">Edital Minist\u00e9rio da Economia<\/h3>\n        <p class=\"subtitulo-assinatura\">Estude conosco<\/p>\n        <div class=\"box-botao\">\n          <a class=\"btn-assinatura\" target=\"_blank\" href=\"https:\/\/www.estrategiaconcursos.com.br\/curso\/promocao-pacote-p-ministerio-da-economia-pss-adm-economia-contab-ou-direito-pos-edital\/\" role=\"button\" rel=\"noopener noreferrer\">Conhe\u00e7a os cursos<\/a>\n        <\/div>\n      <\/div>\n      \n    <\/div>\n\n  <\/div>\n<\/div>\n\n\n\n<div class=\"container\" id=\"boxes\">\n  <div class=\"row\">\n\n    <div class=\"col-sm\">\n      <div class=\"estrategia\" id=\"box-assinatura\">\n        <h3 class=\"titulo-assinatura\">Assinatura Concursos<\/h3>\n        <p class=\"subtitulo-assinatura\">Assinatura de 1 ano ou 2 anos<\/p>\n        <div class=\"box-botao\">\n          <a class=\"btn-assinatura\" target=\"_blank\" href=\"https:\/\/www.estrategiaconcursos.com.br\/assinaturas\/\" role=\"button\" rel=\"noopener noreferrer\">ASSINE AGORA<\/a>\n        <\/div>\n      <\/div>\n     \n    <\/div>\n\n    <div class=\"col-sm\">\n      <div class=\"questoes\" id=\"box-assinatura\">\n        <h3 class=\"titulo-assinatura\">Sistema de Quest\u00f5es<\/h3>\n        <p class=\"subtitulo-assinatura\">Assinatura de 1 ano ou 2 anos\n<\/p>\n        <div class=\"box-botao\">\n          <a class=\"btn-assinatura\" target=\"_blank\" href=\"https:\/\/questoes.estrategiaconcursos.com.br\/\" role=\"button\" rel=\"noopener noreferrer\">ASSINE AGORA<\/a>\n        <\/div>\n      <\/div>\n    \n    <\/div>\n  <\/div>\n<\/div>\n\n\n\n<div class=\"container\" id=\"boxes\">\n  <div class=\"row\">\n\n    <div class=\"col-sm\" id=\"boxes-concursos\">\n      <div style=\"background-color: #005DAD;\" class=\"conteudo-concursos\" id=\"box-concursos\">\n        <h3 class=\"titulo-assinatura\">Concursos Abertos<\/h3>\n        <p class=\"subtitulo-assinatura\">mais de 15 mil vagas<\/p>\n        <div class=\"box-botao\">\n          <a class=\"btn-assinatura\" target=\"_blank\" href=\"https:\/\/www.estrategiaconcursos.com.br\/blog\/concursos-abertos\/\" role=\"button\" rel=\"noopener noreferrer\">Conhe\u00e7a Agora<\/a>\n        <\/div>\n      <\/div>\n    <\/div>\n\n    <div class=\"col-sm\" id=\"boxes-concursos\">\n      <div style=\"background-color: #419FF0;\" class=\"conteudo-concursos\" id=\"box-concursos\">\n        <h3 class=\"titulo-assinatura\">Concursos 2021<\/h3>\n        <p class=\"subtitulo-assinatura\">mais de 50 mil vagas<\/p>\n        <div class=\"box-botao\">\n          <a class=\"btn-assinatura\" target=\"_blank\" href=\"https:\/\/www.estrategiaconcursos.com.br\/blog\/concursos-2021\/\" role=\"button\" rel=\"noopener noreferrer\">Conhe\u00e7a Agora<\/a>\n        <\/div>\n      <\/div>\n    <\/div>\n\n  <\/div>\n<\/div>\n\n\n\n<figure class=\"wp-block-image size-large is-resized\"><img loading=\"lazy\" decoding=\"async\" src=\"https:\/\/dhg1h5j42swfq.cloudfront.net\/2021\/04\/08144928\/ficha-tecnica-108-1024x632.png\" alt=\"\" class=\"wp-image-710310\" width=\"223\" height=\"138\" srcset=\"https:\/\/dhg1h5j42swfq.cloudfront.net\/2021\/04\/08144928\/ficha-tecnica-108-1024x632.png 1024w, https:\/\/dhg1h5j42swfq.cloudfront.net\/2021\/04\/08144928\/ficha-tecnica-108-300x185.png 300w, https:\/\/dhg1h5j42swfq.cloudfront.net\/2021\/04\/08144928\/ficha-tecnica-108-768x474.png 768w, https:\/\/dhg1h5j42swfq.cloudfront.net\/2021\/04\/08144928\/ficha-tecnica-108-1536x948.png 1536w, https:\/\/dhg1h5j42swfq.cloudfront.net\/2021\/04\/08144928\/ficha-tecnica-108-610x377.png 610w, https:\/\/dhg1h5j42swfq.cloudfront.net\/2021\/04\/08144928\/ficha-tecnica-108.png 1571w\" sizes=\"auto, (max-width: 223px) 100vw, 223px\" \/><\/figure>\n\n\n\n<h3 class=\"wp-block-heading\" id=\"ficha\">Informa\u00e7\u00f5es do edital Minist\u00e9rio da Economia<\/h3>\n\n\n\n<ul class=\"wp-block-list\" id=\"block-e16d878f-3550-4586-8a5e-21d7aad65ede\">\n<li><strong><\/strong><strong>Provas<\/strong>: 06\/06<\/li>\n\n\n\n<li><strong>Vagas<\/strong>: 100 + 490 CR<\/li>\n\n\n\n<li><strong>Cargos: <\/strong>Atividades T\u00e9cnicas de Complexidade Intelectual, de Suporte e de Forma\u00e7\u00e3o Espec\u00edfica<\/li>\n\n\n\n<li><strong>Banca<\/strong>: IDIB<\/li>\n\n\n\n<li><strong>Escolaridade<\/strong>: N\u00edvel m\u00e9dio\/t\u00e9cnico e superior<\/li>\n\n\n\n<li><strong>Edital<\/strong>: <a href=\"https:\/\/dhg1h5j42swfq.cloudfront.net\/2021\/03\/17142133\/te4mb27kbstaikq05bsfcjri9ncnpu5420ek84i41i3cs31q5r5b3aohdaga1fun83i7bwtx831kxcas3853.pdf\" target=\"_blank\" rel=\"noreferrer noopener\">Edital ME 2021<\/a> | <a href=\"https:\/\/dhg1h5j42swfq.cloudfront.net\/2021\/02\/11083507\/ministerio-da-economia-retificacao.pdf\" target=\"_blank\" rel=\"noreferrer noopener\">Ret. 01<\/a> | <a href=\"https:\/\/dhg1h5j42swfq.cloudfront.net\/2025\/06\/17100858\/retificacao_ministerio_da_economia_2021.pdf\" target=\"_blank\" rel=\"noreferrer noopener\">Ret. 02<\/a><\/li>\n<\/ul>\n","protected":false},"excerpt":{"rendered":"<p>O edital do Processo Seletivo Simplificado do Minist\u00e9rio da Economia oferta 100 vagas imediatas mais 490 em cadastro reserva para Atividades T\u00e9cnicas de Complexidade Intelectual, de Suporte e de Forma\u00e7\u00e3o Espec\u00edfica. Ap\u00f3s serem prorrogadas, os interessados em participar da sele\u00e7\u00e3o puderam realizar as inscri\u00e7\u00f5es at\u00e9 o dia 08 de abril, atrav\u00e9s do site da banca [&hellip;]<\/p>\n","protected":false},"author":1,"featured_media":636677,"comment_status":"open","ping_status":"closed","sticky":false,"template":"","format":"standard","meta":{"post_tipo":"news","footnotes":""},"categories":[214992],"tags":[],"tax_estado":[219963],"class_list":["post-649527","post","type-post","status-publish","format-standard","has-post-thumbnail","hentry","category-concursos-administrativos","tax_estado-concursos-federais"],"acf":[],"yoast_head":"<!-- This site is optimized with the Yoast SEO Premium plugin v27.2 (Yoast SEO v27.2) - https:\/\/yoast.com\/product\/yoast-seo-premium-wordpress\/ -->\n<title>Edital Minist\u00e9rio Economia: inscri\u00e7\u00f5es encerradas; 100 vagas<\/title>\n<meta name=\"description\" content=\"O edital de Processo Seletivo do Minist\u00e9rio da Economia oferta 100 vagas tempor\u00e1rias mais 490 CR para m\u00e9dio e superior. Provas em junho!\" \/>\n<meta name=\"robots\" content=\"index, follow, max-snippet:-1, max-image-preview:large, max-video-preview:-1\" \/>\n<link rel=\"canonical\" href=\"https:\/\/www.estrategiaconcursos.com.br\/blog\/edital-ministerio-da-economia-100-vagas\/\" \/>\n<meta property=\"og:locale\" content=\"pt_BR\" \/>\n<meta property=\"og:type\" content=\"article\" \/>\n<meta property=\"og:title\" content=\"Edital Minist\u00e9rio Economia: inscri\u00e7\u00f5es encerradas; 100 vagas\" \/>\n<meta property=\"og:description\" content=\"O edital de Processo Seletivo do Minist\u00e9rio da Economia oferta 100 vagas tempor\u00e1rias mais 490 CR para m\u00e9dio e superior. Provas em junho!\" \/>\n<meta property=\"og:url\" content=\"https:\/\/www.estrategiaconcursos.com.br\/blog\/edital-ministerio-da-economia-100-vagas\/\" \/>\n<meta property=\"og:site_name\" content=\"Estrat\u00e9gia Concursos\" \/>\n<meta property=\"article:author\" content=\"https:\/\/www.facebook.com\/EstrategiaConcursos\" \/>\n<meta property=\"article:published_time\" content=\"2021-04-09T03:00:00+00:00\" \/>\n<meta property=\"article:modified_time\" content=\"2023-06-01T16:30:37+00:00\" \/>\n<meta property=\"og:image\" content=\"https:\/\/dhg1h5j42swfq.cloudfront.net\/2020\/12\/28102518\/pss-ministerio-da-economia-resultado.jpg\" \/>\n\t<meta property=\"og:image:width\" content=\"1024\" \/>\n\t<meta property=\"og:image:height\" content=\"536\" \/>\n\t<meta property=\"og:image:type\" content=\"image\/jpeg\" \/>\n<meta name=\"author\" content=\"Coordena\u00e7\u00e3o\" \/>\n<meta name=\"twitter:card\" content=\"summary_large_image\" \/>\n<meta name=\"twitter:creator\" content=\"@EstratConcursos\" \/>\n<meta name=\"twitter:site\" content=\"@EstratConcursos\" \/>\n<meta name=\"twitter:label1\" content=\"Escrito por\" \/>\n\t<meta name=\"twitter:data1\" content=\"Coordena\u00e7\u00e3o\" \/>\n\t<meta name=\"twitter:label2\" content=\"Est. tempo de leitura\" \/>\n\t<meta name=\"twitter:data2\" content=\"3 minutos\" \/>\n<script type=\"application\/ld+json\" class=\"yoast-schema-graph\">{\"@context\":\"https:\/\/schema.org\",\"@graph\":[{\"@type\":\"NewsArticle\",\"@id\":\"https:\/\/www.estrategiaconcursos.com.br\/blog\/edital-ministerio-da-economia-100-vagas\/#article\",\"isPartOf\":{\"@id\":\"https:\/\/www.estrategiaconcursos.com.br\/blog\/edital-ministerio-da-economia-100-vagas\/\"},\"author\":{\"name\":\"Coordena\u00e7\u00e3o\",\"@id\":\"https:\/\/www.estrategiaconcursos.com.br\/blog\/#\/schema\/person\/b4a388c97673c5f483d72185668afa1f\"},\"headline\":\"Edital Minist\u00e9rio Economia: inscri\u00e7\u00f5es encerradas; 100 vagas\",\"datePublished\":\"2021-04-09T03:00:00+00:00\",\"dateModified\":\"2023-06-01T16:30:37+00:00\",\"mainEntityOfPage\":{\"@id\":\"https:\/\/www.estrategiaconcursos.com.br\/blog\/edital-ministerio-da-economia-100-vagas\/\"},\"wordCount\":638,\"commentCount\":0,\"publisher\":{\"@id\":\"https:\/\/www.estrategiaconcursos.com.br\/blog\/#organization\"},\"image\":{\"@id\":\"https:\/\/www.estrategiaconcursos.com.br\/blog\/edital-ministerio-da-economia-100-vagas\/#primaryimage\"},\"thumbnailUrl\":\"https:\/\/dhg1h5j42swfq.cloudfront.net\/2020\/12\/28102518\/pss-ministerio-da-economia-resultado.jpg\",\"articleSection\":[\"Executivo (Administrativa)\"],\"inLanguage\":\"pt-BR\",\"potentialAction\":[{\"@type\":\"CommentAction\",\"name\":\"Comment\",\"target\":[\"https:\/\/www.estrategiaconcursos.com.br\/blog\/edital-ministerio-da-economia-100-vagas\/#respond\"]}],\"copyrightYear\":\"2021\",\"copyrightHolder\":{\"@id\":\"https:\/\/www.estrategiaconcursos.com.br\/blog\/#organization\"}},{\"@type\":\"WebPage\",\"@id\":\"https:\/\/www.estrategiaconcursos.com.br\/blog\/edital-ministerio-da-economia-100-vagas\/\",\"url\":\"https:\/\/www.estrategiaconcursos.com.br\/blog\/edital-ministerio-da-economia-100-vagas\/\",\"name\":\"Edital Minist\u00e9rio Economia: inscri\u00e7\u00f5es encerradas; 100 vagas\",\"isPartOf\":{\"@id\":\"https:\/\/www.estrategiaconcursos.com.br\/blog\/#website\"},\"primaryImageOfPage\":{\"@id\":\"https:\/\/www.estrategiaconcursos.com.br\/blog\/edital-ministerio-da-economia-100-vagas\/#primaryimage\"},\"image\":{\"@id\":\"https:\/\/www.estrategiaconcursos.com.br\/blog\/edital-ministerio-da-economia-100-vagas\/#primaryimage\"},\"thumbnailUrl\":\"https:\/\/dhg1h5j42swfq.cloudfront.net\/2020\/12\/28102518\/pss-ministerio-da-economia-resultado.jpg\",\"datePublished\":\"2021-04-09T03:00:00+00:00\",\"dateModified\":\"2023-06-01T16:30:37+00:00\",\"description\":\"O edital de Processo Seletivo do Minist\u00e9rio da Economia oferta 100 vagas tempor\u00e1rias mais 490 CR para m\u00e9dio e superior. Provas em junho!\",\"breadcrumb\":{\"@id\":\"https:\/\/www.estrategiaconcursos.com.br\/blog\/edital-ministerio-da-economia-100-vagas\/#breadcrumb\"},\"inLanguage\":\"pt-BR\",\"potentialAction\":[{\"@type\":\"ReadAction\",\"target\":[\"https:\/\/www.estrategiaconcursos.com.br\/blog\/edital-ministerio-da-economia-100-vagas\/\"]}]},{\"@type\":\"ImageObject\",\"inLanguage\":\"pt-BR\",\"@id\":\"https:\/\/www.estrategiaconcursos.com.br\/blog\/edital-ministerio-da-economia-100-vagas\/#primaryimage\",\"url\":\"https:\/\/dhg1h5j42swfq.cloudfront.net\/2020\/12\/28102518\/pss-ministerio-da-economia-resultado.jpg\",\"contentUrl\":\"https:\/\/dhg1h5j42swfq.cloudfront.net\/2020\/12\/28102518\/pss-ministerio-da-economia-resultado.jpg\",\"width\":1024,\"height\":536,\"caption\":\"Inscritos no concurso Minist\u00e9rio da Economia\"},{\"@type\":\"BreadcrumbList\",\"@id\":\"https:\/\/www.estrategiaconcursos.com.br\/blog\/edital-ministerio-da-economia-100-vagas\/#breadcrumb\",\"itemListElement\":[{\"@type\":\"ListItem\",\"position\":1,\"name\":\"In\u00edcio\",\"item\":\"https:\/\/www.estrategiaconcursos.com.br\/blog\/\"},{\"@type\":\"ListItem\",\"position\":2,\"name\":\"Edital Minist\u00e9rio Economia: inscri\u00e7\u00f5es encerradas; 100 vagas\"}]},{\"@type\":\"WebSite\",\"@id\":\"https:\/\/www.estrategiaconcursos.com.br\/blog\/#website\",\"url\":\"https:\/\/www.estrategiaconcursos.com.br\/blog\/\",\"name\":\"Estrat\u00e9gia Concursos\",\"description\":\"O blog da Estrat\u00e9gia Concursos traz not\u00edcias sobre concursos e artigos de professores oferecendo cursos para concursos (pdf + videaulas) no site.\",\"publisher\":{\"@id\":\"https:\/\/www.estrategiaconcursos.com.br\/blog\/#organization\"},\"potentialAction\":[{\"@type\":\"SearchAction\",\"target\":{\"@type\":\"EntryPoint\",\"urlTemplate\":\"https:\/\/www.estrategiaconcursos.com.br\/blog\/?s={search_term_string}\"},\"query-input\":{\"@type\":\"PropertyValueSpecification\",\"valueRequired\":true,\"valueName\":\"search_term_string\"}}],\"inLanguage\":\"pt-BR\"},{\"@type\":\"Organization\",\"@id\":\"https:\/\/www.estrategiaconcursos.com.br\/blog\/#organization\",\"name\":\"Estrat\u00e9gia Concursos\",\"url\":\"https:\/\/www.estrategiaconcursos.com.br\/blog\/\",\"logo\":{\"@type\":\"ImageObject\",\"inLanguage\":\"pt-BR\",\"@id\":\"https:\/\/www.estrategiaconcursos.com.br\/blog\/#\/schema\/logo\/image\/\",\"url\":\"https:\/\/dhg1h5j42swfq.cloudfront.net\/2025\/06\/03203428\/logo_concursos-1.jpg\",\"contentUrl\":\"https:\/\/dhg1h5j42swfq.cloudfront.net\/2025\/06\/03203428\/logo_concursos-1.jpg\",\"width\":230,\"height\":60,\"caption\":\"Estrat\u00e9gia Concursos\"},\"image\":{\"@id\":\"https:\/\/www.estrategiaconcursos.com.br\/blog\/#\/schema\/logo\/image\/\"},\"sameAs\":[\"https:\/\/x.com\/EstratConcursos\"]},{\"@type\":\"Person\",\"@id\":\"https:\/\/www.estrategiaconcursos.com.br\/blog\/#\/schema\/person\/b4a388c97673c5f483d72185668afa1f\",\"name\":\"Coordena\u00e7\u00e3o\",\"image\":{\"@type\":\"ImageObject\",\"inLanguage\":\"pt-BR\",\"@id\":\"https:\/\/secure.gravatar.com\/avatar\/b720319e4c9a967eb58678d110f4fe35452fc5d5f97b202bac7b8acceb18c6ad?s=96&d=mm&r=g\",\"url\":\"https:\/\/secure.gravatar.com\/avatar\/b720319e4c9a967eb58678d110f4fe35452fc5d5f97b202bac7b8acceb18c6ad?s=96&d=mm&r=g\",\"contentUrl\":\"https:\/\/secure.gravatar.com\/avatar\/b720319e4c9a967eb58678d110f4fe35452fc5d5f97b202bac7b8acceb18c6ad?s=96&d=mm&r=g\",\"caption\":\"Coordena\u00e7\u00e3o\"},\"sameAs\":[\"https:\/\/www.facebook.com\/EstrategiaConcursos\",\"https:\/\/x.com\/EstratConcursos\"],\"url\":\"https:\/\/www.estrategiaconcursos.com.br\/blog\/author\/estrategia2013\/\"}]}<\/script>\n<!-- \/ Yoast SEO Premium plugin. -->","yoast_head_json":{"title":"Edital Minist\u00e9rio Economia: inscri\u00e7\u00f5es encerradas; 100 vagas","description":"O edital de Processo Seletivo do Minist\u00e9rio da Economia oferta 100 vagas tempor\u00e1rias mais 490 CR para m\u00e9dio e superior. Provas em junho!","robots":{"index":"index","follow":"follow","max-snippet":"max-snippet:-1","max-image-preview":"max-image-preview:large","max-video-preview":"max-video-preview:-1"},"canonical":"https:\/\/www.estrategiaconcursos.com.br\/blog\/edital-ministerio-da-economia-100-vagas\/","og_locale":"pt_BR","og_type":"article","og_title":"Edital Minist\u00e9rio Economia: inscri\u00e7\u00f5es encerradas; 100 vagas","og_description":"O edital de Processo Seletivo do Minist\u00e9rio da Economia oferta 100 vagas tempor\u00e1rias mais 490 CR para m\u00e9dio e superior. Provas em junho!","og_url":"https:\/\/www.estrategiaconcursos.com.br\/blog\/edital-ministerio-da-economia-100-vagas\/","og_site_name":"Estrat\u00e9gia Concursos","article_author":"https:\/\/www.facebook.com\/EstrategiaConcursos","article_published_time":"2021-04-09T03:00:00+00:00","article_modified_time":"2023-06-01T16:30:37+00:00","og_image":[{"width":1024,"height":536,"url":"https:\/\/dhg1h5j42swfq.cloudfront.net\/2020\/12\/28102518\/pss-ministerio-da-economia-resultado.jpg","type":"image\/jpeg"}],"author":"Coordena\u00e7\u00e3o","twitter_card":"summary_large_image","twitter_creator":"@EstratConcursos","twitter_site":"@EstratConcursos","twitter_misc":{"Escrito por":"Coordena\u00e7\u00e3o","Est. tempo de leitura":"3 minutos"},"schema":{"@context":"https:\/\/schema.org","@graph":[{"@type":"NewsArticle","@id":"https:\/\/www.estrategiaconcursos.com.br\/blog\/edital-ministerio-da-economia-100-vagas\/#article","isPartOf":{"@id":"https:\/\/www.estrategiaconcursos.com.br\/blog\/edital-ministerio-da-economia-100-vagas\/"},"author":{"name":"Coordena\u00e7\u00e3o","@id":"https:\/\/www.estrategiaconcursos.com.br\/blog\/#\/schema\/person\/b4a388c97673c5f483d72185668afa1f"},"headline":"Edital Minist\u00e9rio Economia: inscri\u00e7\u00f5es encerradas; 100 vagas","datePublished":"2021-04-09T03:00:00+00:00","dateModified":"2023-06-01T16:30:37+00:00","mainEntityOfPage":{"@id":"https:\/\/www.estrategiaconcursos.com.br\/blog\/edital-ministerio-da-economia-100-vagas\/"},"wordCount":638,"commentCount":0,"publisher":{"@id":"https:\/\/www.estrategiaconcursos.com.br\/blog\/#organization"},"image":{"@id":"https:\/\/www.estrategiaconcursos.com.br\/blog\/edital-ministerio-da-economia-100-vagas\/#primaryimage"},"thumbnailUrl":"https:\/\/dhg1h5j42swfq.cloudfront.net\/2020\/12\/28102518\/pss-ministerio-da-economia-resultado.jpg","articleSection":["Executivo (Administrativa)"],"inLanguage":"pt-BR","potentialAction":[{"@type":"CommentAction","name":"Comment","target":["https:\/\/www.estrategiaconcursos.com.br\/blog\/edital-ministerio-da-economia-100-vagas\/#respond"]}],"copyrightYear":"2021","copyrightHolder":{"@id":"https:\/\/www.estrategiaconcursos.com.br\/blog\/#organization"}},{"@type":"WebPage","@id":"https:\/\/www.estrategiaconcursos.com.br\/blog\/edital-ministerio-da-economia-100-vagas\/","url":"https:\/\/www.estrategiaconcursos.com.br\/blog\/edital-ministerio-da-economia-100-vagas\/","name":"Edital Minist\u00e9rio Economia: inscri\u00e7\u00f5es encerradas; 100 vagas","isPartOf":{"@id":"https:\/\/www.estrategiaconcursos.com.br\/blog\/#website"},"primaryImageOfPage":{"@id":"https:\/\/www.estrategiaconcursos.com.br\/blog\/edital-ministerio-da-economia-100-vagas\/#primaryimage"},"image":{"@id":"https:\/\/www.estrategiaconcursos.com.br\/blog\/edital-ministerio-da-economia-100-vagas\/#primaryimage"},"thumbnailUrl":"https:\/\/dhg1h5j42swfq.cloudfront.net\/2020\/12\/28102518\/pss-ministerio-da-economia-resultado.jpg","datePublished":"2021-04-09T03:00:00+00:00","dateModified":"2023-06-01T16:30:37+00:00","description":"O edital de Processo Seletivo do Minist\u00e9rio da Economia oferta 100 vagas tempor\u00e1rias mais 490 CR para m\u00e9dio e superior. Provas em junho!","breadcrumb":{"@id":"https:\/\/www.estrategiaconcursos.com.br\/blog\/edital-ministerio-da-economia-100-vagas\/#breadcrumb"},"inLanguage":"pt-BR","potentialAction":[{"@type":"ReadAction","target":["https:\/\/www.estrategiaconcursos.com.br\/blog\/edital-ministerio-da-economia-100-vagas\/"]}]},{"@type":"ImageObject","inLanguage":"pt-BR","@id":"https:\/\/www.estrategiaconcursos.com.br\/blog\/edital-ministerio-da-economia-100-vagas\/#primaryimage","url":"https:\/\/dhg1h5j42swfq.cloudfront.net\/2020\/12\/28102518\/pss-ministerio-da-economia-resultado.jpg","contentUrl":"https:\/\/dhg1h5j42swfq.cloudfront.net\/2020\/12\/28102518\/pss-ministerio-da-economia-resultado.jpg","width":1024,"height":536,"caption":"Inscritos no concurso Minist\u00e9rio da Economia"},{"@type":"BreadcrumbList","@id":"https:\/\/www.estrategiaconcursos.com.br\/blog\/edital-ministerio-da-economia-100-vagas\/#breadcrumb","itemListElement":[{"@type":"ListItem","position":1,"name":"In\u00edcio","item":"https:\/\/www.estrategiaconcursos.com.br\/blog\/"},{"@type":"ListItem","position":2,"name":"Edital Minist\u00e9rio Economia: inscri\u00e7\u00f5es encerradas; 100 vagas"}]},{"@type":"WebSite","@id":"https:\/\/www.estrategiaconcursos.com.br\/blog\/#website","url":"https:\/\/www.estrategiaconcursos.com.br\/blog\/","name":"Estrat\u00e9gia Concursos","description":"O blog da Estrat\u00e9gia Concursos traz not\u00edcias sobre concursos e artigos de professores oferecendo cursos para concursos (pdf + videaulas) no site.","publisher":{"@id":"https:\/\/www.estrategiaconcursos.com.br\/blog\/#organization"},"potentialAction":[{"@type":"SearchAction","target":{"@type":"EntryPoint","urlTemplate":"https:\/\/www.estrategiaconcursos.com.br\/blog\/?s={search_term_string}"},"query-input":{"@type":"PropertyValueSpecification","valueRequired":true,"valueName":"search_term_string"}}],"inLanguage":"pt-BR"},{"@type":"Organization","@id":"https:\/\/www.estrategiaconcursos.com.br\/blog\/#organization","name":"Estrat\u00e9gia Concursos","url":"https:\/\/www.estrategiaconcursos.com.br\/blog\/","logo":{"@type":"ImageObject","inLanguage":"pt-BR","@id":"https:\/\/www.estrategiaconcursos.com.br\/blog\/#\/schema\/logo\/image\/","url":"https:\/\/dhg1h5j42swfq.cloudfront.net\/2025\/06\/03203428\/logo_concursos-1.jpg","contentUrl":"https:\/\/dhg1h5j42swfq.cloudfront.net\/2025\/06\/03203428\/logo_concursos-1.jpg","width":230,"height":60,"caption":"Estrat\u00e9gia Concursos"},"image":{"@id":"https:\/\/www.estrategiaconcursos.com.br\/blog\/#\/schema\/logo\/image\/"},"sameAs":["https:\/\/x.com\/EstratConcursos"]},{"@type":"Person","@id":"https:\/\/www.estrategiaconcursos.com.br\/blog\/#\/schema\/person\/b4a388c97673c5f483d72185668afa1f","name":"Coordena\u00e7\u00e3o","image":{"@type":"ImageObject","inLanguage":"pt-BR","@id":"https:\/\/secure.gravatar.com\/avatar\/b720319e4c9a967eb58678d110f4fe35452fc5d5f97b202bac7b8acceb18c6ad?s=96&d=mm&r=g","url":"https:\/\/secure.gravatar.com\/avatar\/b720319e4c9a967eb58678d110f4fe35452fc5d5f97b202bac7b8acceb18c6ad?s=96&d=mm&r=g","contentUrl":"https:\/\/secure.gravatar.com\/avatar\/b720319e4c9a967eb58678d110f4fe35452fc5d5f97b202bac7b8acceb18c6ad?s=96&d=mm&r=g","caption":"Coordena\u00e7\u00e3o"},"sameAs":["https:\/\/www.facebook.com\/EstrategiaConcursos","https:\/\/x.com\/EstratConcursos"],"url":"https:\/\/www.estrategiaconcursos.com.br\/blog\/author\/estrategia2013\/"}]}},"_links":{"self":[{"href":"https:\/\/www.estrategiaconcursos.com.br\/blog\/wp-json\/wp\/v2\/posts\/649527","targetHints":{"allow":["GET"]}}],"collection":[{"href":"https:\/\/www.estrategiaconcursos.com.br\/blog\/wp-json\/wp\/v2\/posts"}],"about":[{"href":"https:\/\/www.estrategiaconcursos.com.br\/blog\/wp-json\/wp\/v2\/types\/post"}],"author":[{"embeddable":true,"href":"https:\/\/www.estrategiaconcursos.com.br\/blog\/wp-json\/wp\/v2\/users\/1"}],"replies":[{"embeddable":true,"href":"https:\/\/www.estrategiaconcursos.com.br\/blog\/wp-json\/wp\/v2\/comments?post=649527"}],"version-history":[{"count":21,"href":"https:\/\/www.estrategiaconcursos.com.br\/blog\/wp-json\/wp\/v2\/posts\/649527\/revisions"}],"predecessor-version":[{"id":1226059,"href":"https:\/\/www.estrategiaconcursos.com.br\/blog\/wp-json\/wp\/v2\/posts\/649527\/revisions\/1226059"}],"wp:featuredmedia":[{"embeddable":true,"href":"https:\/\/www.estrategiaconcursos.com.br\/blog\/wp-json\/wp\/v2\/media\/636677"}],"wp:attachment":[{"href":"https:\/\/www.estrategiaconcursos.com.br\/blog\/wp-json\/wp\/v2\/media?parent=649527"}],"wp:term":[{"taxonomy":"category","embeddable":true,"href":"https:\/\/www.estrategiaconcursos.com.br\/blog\/wp-json\/wp\/v2\/categories?post=649527"},{"taxonomy":"post_tag","embeddable":true,"href":"https:\/\/www.estrategiaconcursos.com.br\/blog\/wp-json\/wp\/v2\/tags?post=649527"},{"taxonomy":"tax_estado","embeddable":true,"href":"https:\/\/www.estrategiaconcursos.com.br\/blog\/wp-json\/wp\/v2\/tax_estado?post=649527"}],"curies":[{"name":"wp","href":"https:\/\/api.w.org\/{rel}","templated":true}]}}