{"id":64811,"date":"2017-02-14T12:42:02","date_gmt":"2017-02-14T15:42:02","guid":{"rendered":"https:\/\/www.estrategiaconcursos.com.br\/blog\/?p=64811"},"modified":"2017-02-14T12:42:02","modified_gmt":"2017-02-14T15:42:02","slug":"comentario-do-tema-da-discursiva-redacao-tre-sp","status":"publish","type":"post","link":"https:\/\/www.estrategiaconcursos.com.br\/blog\/comentario-do-tema-da-discursiva-redacao-tre-sp\/","title":{"rendered":"Coment\u00e1rio do tema da Discursiva-reda\u00e7\u00e3o TRE SP"},"content":{"rendered":"<p style=\"text-align: justify\">\n\tOl&aacute;, pessoal!\n<\/p>\n<p style=\"text-align: justify\">\n\tEstou aqui para falar um pouquinho sobre os temas da discursiva-reda&ccedil;&atilde;o.\n<\/p>\n<p style=\"text-align: justify\">\n\tConforme esper&aacute;vamos, os temas relacionaram-se &agrave; atualidade, de cunho abstrato, mas voc&ecirc; poderia fazer links com conhecimento da parte objetiva da prova.\n<\/p>\n<p style=\"text-align: justify\">\n\tN&atilde;o houve textos motivadores maiores. Houve, sim, apenas um texto, que de certa forma indicou o caminho a seguir.\n<\/p>\n<p style=\"text-align: justify\">\n\tDessa feita, a leitura do texto motivador foi imprescind&iacute;vel para se tra&ccedil;ar a correta linha argumentativa.\n<\/p>\n<p style=\"text-align: justify\">\n\tFalarei, por enquanto, sobre o tema da discursiva-reda&ccedil;&atilde;o da prova de T&eacute;cnico Judici&aacute;rio.\n<\/p>\n<p align=\"center\">\n\t<strong>TRIBUNAL REGIONAL ELEITORAL DE S&Atilde;O PAULO &#8211; 2017<\/strong>\n<\/p>\n<p align=\"center\">\n\t<strong>T&eacute;cnico Judici&aacute;rio &#8211; &Aacute;rea Administrativa <\/strong><strong>&#8211; Prova I09<\/strong>\n<\/p>\n<p style=\"text-align: justify\">\n\t<em>O equil&iacute;brio entre os corpos sociais &eacute; bastante dif&iacute;cil e exige que n&atilde;o se simplifiquem ou meramente se oponham campos como religiosidade, direitos humanos e diferentes culturas. Frente a tamanha complexidade, se as leis n&atilde;o abarcam todos os casos sem incorrer em injusti&ccedil;a, resta-nos talvez o princ&iacute;pio da equidade.<\/em>\n<\/p>\n<p style=\"text-align: justify\">\n\tCom base no texto acima, redija um texto dissertativo-argumentativo defendendo seu ponto de vista.\n<\/p>\n<p>\n\t&nbsp;\n<\/p>\n<p style=\"text-align: justify\">\n\t&nbsp; &nbsp; &nbsp; &nbsp; E ent&atilde;o? Qual &eacute; o tema?\n<\/p>\n<p style=\"text-align: justify\">\n\t&nbsp;&nbsp;&nbsp;&nbsp;&nbsp;&nbsp;&nbsp; Qual o nosso ponto de vista?\n<\/p>\n<p style=\"text-align: justify\">\n\t&nbsp;&nbsp;&nbsp;&nbsp;&nbsp;&nbsp;&nbsp; Ora, o tema &eacute; um resumo das palavras-chave do texto.\n<\/p>\n<p style=\"text-align: justify\">\n\t&nbsp;&nbsp;&nbsp;&nbsp;&nbsp;&nbsp;&nbsp; Entendemos do texto que deve haver <em><strong><u>eq<\/u><\/strong><\/em><strong><u>uil&iacute;brio<\/u><\/strong> entre <strong><u>religiosidade<\/u><\/strong>, <strong><u>direitos humanos<\/u><\/strong> e <strong><u>diversidade cultural<\/u><\/strong>.\n<\/p>\n<p style=\"text-align: justify\">\n\t&nbsp; &nbsp; &nbsp; &nbsp; Para escrevermos, devemos pensar: Por que este tema &eacute; t&atilde;o importante?\n<\/p>\n<p style=\"text-align: justify\">\n\t&nbsp;&nbsp;&nbsp;&nbsp;&nbsp;&nbsp;&nbsp; Devemos escolher duas ou tr&ecirc;s ideias-for&ccedil;a sobre este tema. Quais seriam?\n<\/p>\n<p style=\"text-align: justify\">\n\t&nbsp;&nbsp;&nbsp;&nbsp;&nbsp;&nbsp;&nbsp; Deve-se atentar quanto &agrave; afirma&ccedil;&atilde;o de que as leis n&atilde;o abarcam todas as adversidades entre eles. Mas devemos nos posicionar com a no&ccedil;&atilde;o da equidade, do equil&iacute;brio entre eles.\n<\/p>\n<p style=\"text-align: justify\">\n\t&nbsp;&nbsp;&nbsp;&nbsp;&nbsp;&nbsp;&nbsp; Uma sugest&atilde;o seria um roteiro com tr&ecirc;s ideias-for&ccedil;a, conforme as palavras-chave do texto motivador, dando a devida argumenta&ccedil;&atilde;o sobre:\n<\/p>\n<p style=\"text-align: justify\">\n\tArgumento 1: <strong>religiosidade<\/strong>\n<\/p>\n<p style=\"text-align: justify\">\n\tArgumento 2: <strong>direitos humanos<\/strong>\n<\/p>\n<p style=\"text-align: justify\">\n\tArgumento 3: <strong>diversidade cultural<\/strong>\n<\/p>\n<p style=\"text-align: justify\">\n\t&nbsp;\n<\/p>\n<p style=\"text-align: justify\">\n\t&nbsp;&nbsp;&nbsp;&nbsp;&nbsp;&nbsp;&nbsp; Assim, seria natural um texto com 5 par&aacute;grafos, cuja introdu&ccedil;&atilde;o mencionaria uma ambienta&ccedil;&atilde;o geral, a import&acirc;ncia do tema. Um destaque seria a inser&ccedil;&atilde;o de palavras-chave do corpo do texto na introdu&ccedil;&atilde;o:\n<\/p>\n<p style=\"text-align: center\">\n\t<img loading=\"lazy\" decoding=\"async\" alt=\"reda\u00e7\u00e3o TRE SP\" class=\"size-full wp-image-64812 aligncenter\" height=\"400\" src=\"https:\/\/dhg1h5j42swfq.cloudfront.net\/2017\/02\/14122257\/reda%C3%A7%C3%A3o-TRE-SP.png\" title=\"\" width=\"647\" srcset=\"https:\/\/dhg1h5j42swfq.cloudfront.net\/2017\/02\/14122257\/reda%C3%A7%C3%A3o-TRE-SP.png 647w, https:\/\/dhg1h5j42swfq.cloudfront.net\/2017\/02\/14122257\/reda%C3%A7%C3%A3o-TRE-SP.png 300w, https:\/\/dhg1h5j42swfq.cloudfront.net\/2017\/02\/14122257\/reda%C3%A7%C3%A3o-TRE-SP.png 485w\" sizes=\"auto, (max-width: 647px) 100vw, 647px\" \/>\n<\/p>\n<p style=\"margin-left: 1cm;text-align: justify\">\n\tJ&aacute; estou ouvindo voc&ecirc; perguntar: &quot;Mas Terror, o que s&atilde;o esses tais &#039;Elementos de fundamenta&ccedil;&atilde;o&#039;&quot;?\n<\/p>\n<p style=\"text-align: justify\">\n\tBom, como conversamos em nossas aulas, os temas poss&iacute;veis para a prova poderiam ser abstratos e n&oacute;s ter&iacute;amos que traz&ecirc;-los para algo concreto. Assim, devemos inserir os elementos de fundamenta&ccedil;&atilde;o. Neste caso, cabem os fatos noticiados na m&iacute;dia, a men&ccedil;&atilde;o a autores not&oacute;rios na &aacute;rea, a especilaistas no assunto, fatos hist&oacute;ricos, dados de pesquisa, amparo legal etc.\n<\/p>\n<p style=\"text-align: justify\">\n\tQuanto &agrave; fundamenta&ccedil;&atilde;o da primeira ideia-for&ccedil;a, s&atilde;o v&aacute;rios os casos de intoler&acirc;ncia religiosa (o <strong>Terrorismo<\/strong> &eacute; uma prova concreta mais basilar). Al&eacute;m disso, a pr&oacute;pria <strong>Constitui&ccedil;&atilde;o Federal<\/strong>, em seu <strong>artigo 5&deg;<\/strong>, prev&ecirc; que &ldquo;&eacute; inviol&aacute;vel a liberdade de consci&ecirc;ncia e de cren&ccedil;a, sendo assegurado o livre exerc&iacute;cio dos cultos religiosos e garantida, na forma da lei, a prote&ccedil;&atilde;o aos locais de culto e a suas liturgias&rdquo;.\n<\/p>\n<p style=\"text-align: justify\">\n\tAdemais, cabe lembrar que a <strong>Declara&ccedil;&atilde;o Universal dos Direitos Humanos<\/strong> proclama que (i) toda pessoa tem direito &agrave; liberdade de pensamento, de consci&ecirc;ncia e de religi&atilde;o; (ii) de opini&atilde;o e de express&atilde;o; e (iii) que a educa&ccedil;&atilde;o deve favorecer a compreens&atilde;o, a toler&acirc;ncia e a amizade entre todas as na&ccedil;&otilde;es e todos os grupos &eacute;tnicos ou religiosos.\n<\/p>\n<p style=\"text-align: justify\">\n\t&nbsp;&nbsp;&nbsp;&nbsp;&nbsp;&nbsp;&nbsp; Para a confirma&ccedil;&atilde;o da import&acirc;ncia da preserva&ccedil;&atilde;o dos <strong>direitos humanos<\/strong>, h&aacute; a pr&oacute;pria <strong>Declara&ccedil;&atilde;o Universal dos Direitos Humanosa<\/strong>. Al&eacute;m disso, a&nbsp;Constitui&ccedil;&atilde;o Federal, no seu artigo 4&deg;, afirma que a Rep&uacute;blica Federativa do Brasil rege-se nas suas rela&ccedil;&otilde;es internacionais pela&nbsp;preval&ecirc;ncia dos direitos humanos.\n<\/p>\n<p style=\"text-align: justify\">\n\t&nbsp;&nbsp;&nbsp;&nbsp;&nbsp;&nbsp;&nbsp; Para comprova&ccedil;&atilde;o da necessidade da preserva&ccedil;&atilde;o das <strong>diferentes culturas<\/strong>, nada mais cab&iacute;vel que a pr&oacute;pria hist&oacute;ria do Brasil: uma alus&atilde;o ao passado de constru&ccedil;&atilde;o social, econ&ocirc;mica e pol&iacute;tica do Brasil nos confirma tal relev&acirc;ncia. Al&eacute;m disso, o artigo 215 Constitui&ccedil;&atilde;o Federal garante a liberdade de express&atilde;o cultural e valoriza sua diversidade.\n<\/p>\n<p style=\"text-align: justify\">\n\tO que falei acima &eacute; apenas umadas possibilidades de direcionamento argumentativo, conforme o texto, o tema subentendido.\n<\/p>\n<p style=\"text-align: justify\">\n\tOutras linhas argumentativas poderiam ter ocorrido, mas aqui eu apenas tracei aquilo que estava mais evidente e que possivelmente &eacute; a que a banca j&aacute; espera do candidato.\n<\/p>\n<p style=\"text-align: justify\">\n\tDevemos nos lembrar de que o final do texto motivador nos conduz &agrave; quest&atilde;o da equidade, conforme tamb&eacute;m as previs&otilde;es legais, as quest&otilde;es &eacute;ticas de conduta social etc.\n<\/p>\n<p style=\"text-align: justify\">\n\tBom, pessoal, como falei nos v&aacute;rios aul&otilde;es de reda&ccedil;&atilde;o, ao sa&iacute;rem as notas e os espelhos da reda&ccedil;&atilde;o ficarem dispon&iacute;veis, entrem em contato com minha equipe o quanto antes, para que possamos ajudar na elabora&ccedil;&atilde;o dos recursos.\n<\/p>\n<p style=\"text-align: justify\">\n\tO e-mail &eacute; o seguinte: redacao@terrorportugues.com.br\n<\/p>\n<p style=\"text-align: justify\">\n\tSabemos que o volume vai ser grande e estamos nos preparando para ajud&aacute;-los gratuitamente.\n<\/p>\n<p style=\"text-align: justify\">\n\tLogicamente, n&atilde;o conseguiremos atender a todos, por isso &eacute; importante enviar rapidamente.\n<\/p>\n<p style=\"text-align: justify\">\n\tUm grande abra&ccedil;o a todos!\n<\/p>\n<p style=\"text-align: justify\">\n\tD&eacute;cio Terror\n<\/p>\n<p>\n\t<!--![endif]--><\/p>\n","protected":false},"excerpt":{"rendered":"<p>Ol&aacute;, pessoal! Estou aqui para falar um pouquinho sobre os temas da discursiva-reda&ccedil;&atilde;o. Conforme esper&aacute;vamos, os temas relacionaram-se &agrave; atualidade, de cunho abstrato, mas voc&ecirc; poderia fazer links com conhecimento da parte objetiva da prova. N&atilde;o houve textos motivadores maiores. Houve, sim, apenas um texto, que de certa forma indicou o caminho a seguir. Dessa [&hellip;]<\/p>\n","protected":false},"author":214,"featured_media":64818,"comment_status":"open","ping_status":"open","sticky":false,"template":"","format":"standard","meta":{"post_tipo":"article","footnotes":""},"categories":[1],"tags":[2464,2465],"tax_estado":[],"class_list":["post-64811","post","type-post","status-publish","format-standard","has-post-thumbnail","hentry","category-cursos-e-concursos","tag-discursivas-tre-sp","tag-redacao-tre-sp"],"acf":[],"yoast_head":"<!-- This site is optimized with the Yoast SEO Premium plugin v27.2 (Yoast SEO v27.2) - https:\/\/yoast.com\/product\/yoast-seo-premium-wordpress\/ -->\n<title>Coment\u00e1rio do tema da Discursiva-reda\u00e7\u00e3o TRE SP<\/title>\n<meta name=\"robots\" content=\"index, follow, max-snippet:-1, max-image-preview:large, max-video-preview:-1\" \/>\n<link rel=\"canonical\" href=\"https:\/\/www.estrategiaconcursos.com.br\/blog\/comentario-do-tema-da-discursiva-redacao-tre-sp\/\" \/>\n<meta property=\"og:locale\" content=\"pt_BR\" \/>\n<meta property=\"og:type\" content=\"article\" \/>\n<meta property=\"og:title\" content=\"Coment\u00e1rio do tema da Discursiva-reda\u00e7\u00e3o TRE SP\" \/>\n<meta property=\"og:description\" content=\"Ol&aacute;, pessoal! Estou aqui para falar um pouquinho sobre os temas da discursiva-reda&ccedil;&atilde;o. Conforme esper&aacute;vamos, os temas relacionaram-se &agrave; atualidade, de cunho abstrato, mas voc&ecirc; poderia fazer links com conhecimento da parte objetiva da prova. N&atilde;o houve textos motivadores maiores. Houve, sim, apenas um texto, que de certa forma indicou o caminho a seguir. Dessa [&hellip;]\" \/>\n<meta property=\"og:url\" content=\"https:\/\/www.estrategiaconcursos.com.br\/blog\/comentario-do-tema-da-discursiva-redacao-tre-sp\/\" \/>\n<meta property=\"og:site_name\" content=\"Estrat\u00e9gia Concursos\" \/>\n<meta property=\"article:published_time\" content=\"2017-02-14T15:42:02+00:00\" \/>\n<meta property=\"og:image\" content=\"https:\/\/dhg1h5j42swfq.cloudfront.net\/2017\/02\/14124051\/DSC2204.3.jpg\" \/>\n\t<meta property=\"og:image:width\" content=\"1403\" \/>\n\t<meta property=\"og:image:height\" content=\"936\" \/>\n\t<meta property=\"og:image:type\" content=\"image\/jpeg\" \/>\n<meta name=\"author\" content=\"D\u00e9cio Terror Filho\" \/>\n<meta name=\"twitter:card\" content=\"summary_large_image\" \/>\n<meta name=\"twitter:creator\" content=\"@EstratConcursos\" \/>\n<meta name=\"twitter:site\" content=\"@EstratConcursos\" \/>\n<meta name=\"twitter:label1\" content=\"Escrito por\" \/>\n\t<meta name=\"twitter:data1\" content=\"D\u00e9cio Terror Filho\" \/>\n\t<meta name=\"twitter:label2\" content=\"Est. tempo de leitura\" \/>\n\t<meta name=\"twitter:data2\" content=\"5 minutos\" \/>\n<script type=\"application\/ld+json\" class=\"yoast-schema-graph\">{\"@context\":\"https:\/\/schema.org\",\"@graph\":[{\"@type\":\"NewsArticle\",\"@id\":\"https:\/\/www.estrategiaconcursos.com.br\/blog\/comentario-do-tema-da-discursiva-redacao-tre-sp\/#article\",\"isPartOf\":{\"@id\":\"https:\/\/www.estrategiaconcursos.com.br\/blog\/comentario-do-tema-da-discursiva-redacao-tre-sp\/\"},\"author\":{\"name\":\"D\u00e9cio Terror Filho\",\"@id\":\"https:\/\/www.estrategiaconcursos.com.br\/blog\/#\/schema\/person\/e8165364027a31208914fc77c3314727\"},\"headline\":\"Coment\u00e1rio do tema da Discursiva-reda\u00e7\u00e3o TRE SP\",\"datePublished\":\"2017-02-14T15:42:02+00:00\",\"mainEntityOfPage\":{\"@id\":\"https:\/\/www.estrategiaconcursos.com.br\/blog\/comentario-do-tema-da-discursiva-redacao-tre-sp\/\"},\"wordCount\":1090,\"commentCount\":11,\"publisher\":{\"@id\":\"https:\/\/www.estrategiaconcursos.com.br\/blog\/#organization\"},\"image\":{\"@id\":\"https:\/\/www.estrategiaconcursos.com.br\/blog\/comentario-do-tema-da-discursiva-redacao-tre-sp\/#primaryimage\"},\"thumbnailUrl\":\"https:\/\/dhg1h5j42swfq.cloudfront.net\/2017\/02\/14124051\/DSC2204.3.jpg\",\"keywords\":[\"discursivas TRE-SP\",\"reda\u00e7\u00e3o TRE SP\"],\"articleSection\":[\"Concursos P\u00fablicos\"],\"inLanguage\":\"pt-BR\",\"potentialAction\":[{\"@type\":\"CommentAction\",\"name\":\"Comment\",\"target\":[\"https:\/\/www.estrategiaconcursos.com.br\/blog\/comentario-do-tema-da-discursiva-redacao-tre-sp\/#respond\"]}],\"copyrightYear\":\"2017\",\"copyrightHolder\":{\"@id\":\"https:\/\/www.estrategiaconcursos.com.br\/blog\/#organization\"}},{\"@type\":\"WebPage\",\"@id\":\"https:\/\/www.estrategiaconcursos.com.br\/blog\/comentario-do-tema-da-discursiva-redacao-tre-sp\/\",\"url\":\"https:\/\/www.estrategiaconcursos.com.br\/blog\/comentario-do-tema-da-discursiva-redacao-tre-sp\/\",\"name\":\"Coment\u00e1rio do tema da Discursiva-reda\u00e7\u00e3o TRE SP\",\"isPartOf\":{\"@id\":\"https:\/\/www.estrategiaconcursos.com.br\/blog\/#website\"},\"primaryImageOfPage\":{\"@id\":\"https:\/\/www.estrategiaconcursos.com.br\/blog\/comentario-do-tema-da-discursiva-redacao-tre-sp\/#primaryimage\"},\"image\":{\"@id\":\"https:\/\/www.estrategiaconcursos.com.br\/blog\/comentario-do-tema-da-discursiva-redacao-tre-sp\/#primaryimage\"},\"thumbnailUrl\":\"https:\/\/dhg1h5j42swfq.cloudfront.net\/2017\/02\/14124051\/DSC2204.3.jpg\",\"datePublished\":\"2017-02-14T15:42:02+00:00\",\"breadcrumb\":{\"@id\":\"https:\/\/www.estrategiaconcursos.com.br\/blog\/comentario-do-tema-da-discursiva-redacao-tre-sp\/#breadcrumb\"},\"inLanguage\":\"pt-BR\",\"potentialAction\":[{\"@type\":\"ReadAction\",\"target\":[\"https:\/\/www.estrategiaconcursos.com.br\/blog\/comentario-do-tema-da-discursiva-redacao-tre-sp\/\"]}]},{\"@type\":\"ImageObject\",\"inLanguage\":\"pt-BR\",\"@id\":\"https:\/\/www.estrategiaconcursos.com.br\/blog\/comentario-do-tema-da-discursiva-redacao-tre-sp\/#primaryimage\",\"url\":\"https:\/\/dhg1h5j42swfq.cloudfront.net\/2017\/02\/14124051\/DSC2204.3.jpg\",\"contentUrl\":\"https:\/\/dhg1h5j42swfq.cloudfront.net\/2017\/02\/14124051\/DSC2204.3.jpg\",\"width\":1403,\"height\":936},{\"@type\":\"BreadcrumbList\",\"@id\":\"https:\/\/www.estrategiaconcursos.com.br\/blog\/comentario-do-tema-da-discursiva-redacao-tre-sp\/#breadcrumb\",\"itemListElement\":[{\"@type\":\"ListItem\",\"position\":1,\"name\":\"In\u00edcio\",\"item\":\"https:\/\/www.estrategiaconcursos.com.br\/blog\/\"},{\"@type\":\"ListItem\",\"position\":2,\"name\":\"Coment\u00e1rio do tema da Discursiva-reda\u00e7\u00e3o TRE SP\"}]},{\"@type\":\"WebSite\",\"@id\":\"https:\/\/www.estrategiaconcursos.com.br\/blog\/#website\",\"url\":\"https:\/\/www.estrategiaconcursos.com.br\/blog\/\",\"name\":\"Estrat\u00e9gia Concursos\",\"description\":\"O blog da Estrat\u00e9gia Concursos traz not\u00edcias sobre concursos e artigos de professores oferecendo cursos para concursos (pdf + videaulas) no site.\",\"publisher\":{\"@id\":\"https:\/\/www.estrategiaconcursos.com.br\/blog\/#organization\"},\"potentialAction\":[{\"@type\":\"SearchAction\",\"target\":{\"@type\":\"EntryPoint\",\"urlTemplate\":\"https:\/\/www.estrategiaconcursos.com.br\/blog\/?s={search_term_string}\"},\"query-input\":{\"@type\":\"PropertyValueSpecification\",\"valueRequired\":true,\"valueName\":\"search_term_string\"}}],\"inLanguage\":\"pt-BR\"},{\"@type\":\"Organization\",\"@id\":\"https:\/\/www.estrategiaconcursos.com.br\/blog\/#organization\",\"name\":\"Estrat\u00e9gia Concursos\",\"url\":\"https:\/\/www.estrategiaconcursos.com.br\/blog\/\",\"logo\":{\"@type\":\"ImageObject\",\"inLanguage\":\"pt-BR\",\"@id\":\"https:\/\/www.estrategiaconcursos.com.br\/blog\/#\/schema\/logo\/image\/\",\"url\":\"https:\/\/dhg1h5j42swfq.cloudfront.net\/2025\/06\/03203428\/logo_concursos-1.jpg\",\"contentUrl\":\"https:\/\/dhg1h5j42swfq.cloudfront.net\/2025\/06\/03203428\/logo_concursos-1.jpg\",\"width\":230,\"height\":60,\"caption\":\"Estrat\u00e9gia Concursos\"},\"image\":{\"@id\":\"https:\/\/www.estrategiaconcursos.com.br\/blog\/#\/schema\/logo\/image\/\"},\"sameAs\":[\"https:\/\/x.com\/EstratConcursos\"]},{\"@type\":\"Person\",\"@id\":\"https:\/\/www.estrategiaconcursos.com.br\/blog\/#\/schema\/person\/e8165364027a31208914fc77c3314727\",\"name\":\"D\u00e9cio Terror Filho\",\"image\":{\"@type\":\"ImageObject\",\"inLanguage\":\"pt-BR\",\"@id\":\"https:\/\/secure.gravatar.com\/avatar\/a5b78e734de7c6482e965926e78344deb81abbc34282a3c9536cbb1a59728a37?s=96&d=mm&r=g\",\"url\":\"https:\/\/secure.gravatar.com\/avatar\/a5b78e734de7c6482e965926e78344deb81abbc34282a3c9536cbb1a59728a37?s=96&d=mm&r=g\",\"contentUrl\":\"https:\/\/secure.gravatar.com\/avatar\/a5b78e734de7c6482e965926e78344deb81abbc34282a3c9536cbb1a59728a37?s=96&d=mm&r=g\",\"caption\":\"D\u00e9cio Terror Filho\"},\"url\":\"https:\/\/www.estrategiaconcursos.com.br\/blog\/author\/contatoterrorportugues-com-br\/\"}]}<\/script>\n<!-- \/ Yoast SEO Premium plugin. -->","yoast_head_json":{"title":"Coment\u00e1rio do tema da Discursiva-reda\u00e7\u00e3o TRE SP","robots":{"index":"index","follow":"follow","max-snippet":"max-snippet:-1","max-image-preview":"max-image-preview:large","max-video-preview":"max-video-preview:-1"},"canonical":"https:\/\/www.estrategiaconcursos.com.br\/blog\/comentario-do-tema-da-discursiva-redacao-tre-sp\/","og_locale":"pt_BR","og_type":"article","og_title":"Coment\u00e1rio do tema da Discursiva-reda\u00e7\u00e3o TRE SP","og_description":"Ol&aacute;, pessoal! Estou aqui para falar um pouquinho sobre os temas da discursiva-reda&ccedil;&atilde;o. Conforme esper&aacute;vamos, os temas relacionaram-se &agrave; atualidade, de cunho abstrato, mas voc&ecirc; poderia fazer links com conhecimento da parte objetiva da prova. N&atilde;o houve textos motivadores maiores. Houve, sim, apenas um texto, que de certa forma indicou o caminho a seguir. Dessa [&hellip;]","og_url":"https:\/\/www.estrategiaconcursos.com.br\/blog\/comentario-do-tema-da-discursiva-redacao-tre-sp\/","og_site_name":"Estrat\u00e9gia Concursos","article_published_time":"2017-02-14T15:42:02+00:00","og_image":[{"width":1403,"height":936,"url":"https:\/\/dhg1h5j42swfq.cloudfront.net\/2017\/02\/14124051\/DSC2204.3.jpg","type":"image\/jpeg"}],"author":"D\u00e9cio Terror Filho","twitter_card":"summary_large_image","twitter_creator":"@EstratConcursos","twitter_site":"@EstratConcursos","twitter_misc":{"Escrito por":"D\u00e9cio Terror Filho","Est. tempo de leitura":"5 minutos"},"schema":{"@context":"https:\/\/schema.org","@graph":[{"@type":"NewsArticle","@id":"https:\/\/www.estrategiaconcursos.com.br\/blog\/comentario-do-tema-da-discursiva-redacao-tre-sp\/#article","isPartOf":{"@id":"https:\/\/www.estrategiaconcursos.com.br\/blog\/comentario-do-tema-da-discursiva-redacao-tre-sp\/"},"author":{"name":"D\u00e9cio Terror Filho","@id":"https:\/\/www.estrategiaconcursos.com.br\/blog\/#\/schema\/person\/e8165364027a31208914fc77c3314727"},"headline":"Coment\u00e1rio do tema da Discursiva-reda\u00e7\u00e3o TRE SP","datePublished":"2017-02-14T15:42:02+00:00","mainEntityOfPage":{"@id":"https:\/\/www.estrategiaconcursos.com.br\/blog\/comentario-do-tema-da-discursiva-redacao-tre-sp\/"},"wordCount":1090,"commentCount":11,"publisher":{"@id":"https:\/\/www.estrategiaconcursos.com.br\/blog\/#organization"},"image":{"@id":"https:\/\/www.estrategiaconcursos.com.br\/blog\/comentario-do-tema-da-discursiva-redacao-tre-sp\/#primaryimage"},"thumbnailUrl":"https:\/\/dhg1h5j42swfq.cloudfront.net\/2017\/02\/14124051\/DSC2204.3.jpg","keywords":["discursivas TRE-SP","reda\u00e7\u00e3o TRE SP"],"articleSection":["Concursos P\u00fablicos"],"inLanguage":"pt-BR","potentialAction":[{"@type":"CommentAction","name":"Comment","target":["https:\/\/www.estrategiaconcursos.com.br\/blog\/comentario-do-tema-da-discursiva-redacao-tre-sp\/#respond"]}],"copyrightYear":"2017","copyrightHolder":{"@id":"https:\/\/www.estrategiaconcursos.com.br\/blog\/#organization"}},{"@type":"WebPage","@id":"https:\/\/www.estrategiaconcursos.com.br\/blog\/comentario-do-tema-da-discursiva-redacao-tre-sp\/","url":"https:\/\/www.estrategiaconcursos.com.br\/blog\/comentario-do-tema-da-discursiva-redacao-tre-sp\/","name":"Coment\u00e1rio do tema da Discursiva-reda\u00e7\u00e3o TRE SP","isPartOf":{"@id":"https:\/\/www.estrategiaconcursos.com.br\/blog\/#website"},"primaryImageOfPage":{"@id":"https:\/\/www.estrategiaconcursos.com.br\/blog\/comentario-do-tema-da-discursiva-redacao-tre-sp\/#primaryimage"},"image":{"@id":"https:\/\/www.estrategiaconcursos.com.br\/blog\/comentario-do-tema-da-discursiva-redacao-tre-sp\/#primaryimage"},"thumbnailUrl":"https:\/\/dhg1h5j42swfq.cloudfront.net\/2017\/02\/14124051\/DSC2204.3.jpg","datePublished":"2017-02-14T15:42:02+00:00","breadcrumb":{"@id":"https:\/\/www.estrategiaconcursos.com.br\/blog\/comentario-do-tema-da-discursiva-redacao-tre-sp\/#breadcrumb"},"inLanguage":"pt-BR","potentialAction":[{"@type":"ReadAction","target":["https:\/\/www.estrategiaconcursos.com.br\/blog\/comentario-do-tema-da-discursiva-redacao-tre-sp\/"]}]},{"@type":"ImageObject","inLanguage":"pt-BR","@id":"https:\/\/www.estrategiaconcursos.com.br\/blog\/comentario-do-tema-da-discursiva-redacao-tre-sp\/#primaryimage","url":"https:\/\/dhg1h5j42swfq.cloudfront.net\/2017\/02\/14124051\/DSC2204.3.jpg","contentUrl":"https:\/\/dhg1h5j42swfq.cloudfront.net\/2017\/02\/14124051\/DSC2204.3.jpg","width":1403,"height":936},{"@type":"BreadcrumbList","@id":"https:\/\/www.estrategiaconcursos.com.br\/blog\/comentario-do-tema-da-discursiva-redacao-tre-sp\/#breadcrumb","itemListElement":[{"@type":"ListItem","position":1,"name":"In\u00edcio","item":"https:\/\/www.estrategiaconcursos.com.br\/blog\/"},{"@type":"ListItem","position":2,"name":"Coment\u00e1rio do tema da Discursiva-reda\u00e7\u00e3o TRE SP"}]},{"@type":"WebSite","@id":"https:\/\/www.estrategiaconcursos.com.br\/blog\/#website","url":"https:\/\/www.estrategiaconcursos.com.br\/blog\/","name":"Estrat\u00e9gia Concursos","description":"O blog da Estrat\u00e9gia Concursos traz not\u00edcias sobre concursos e artigos de professores oferecendo cursos para concursos (pdf + videaulas) no site.","publisher":{"@id":"https:\/\/www.estrategiaconcursos.com.br\/blog\/#organization"},"potentialAction":[{"@type":"SearchAction","target":{"@type":"EntryPoint","urlTemplate":"https:\/\/www.estrategiaconcursos.com.br\/blog\/?s={search_term_string}"},"query-input":{"@type":"PropertyValueSpecification","valueRequired":true,"valueName":"search_term_string"}}],"inLanguage":"pt-BR"},{"@type":"Organization","@id":"https:\/\/www.estrategiaconcursos.com.br\/blog\/#organization","name":"Estrat\u00e9gia Concursos","url":"https:\/\/www.estrategiaconcursos.com.br\/blog\/","logo":{"@type":"ImageObject","inLanguage":"pt-BR","@id":"https:\/\/www.estrategiaconcursos.com.br\/blog\/#\/schema\/logo\/image\/","url":"https:\/\/dhg1h5j42swfq.cloudfront.net\/2025\/06\/03203428\/logo_concursos-1.jpg","contentUrl":"https:\/\/dhg1h5j42swfq.cloudfront.net\/2025\/06\/03203428\/logo_concursos-1.jpg","width":230,"height":60,"caption":"Estrat\u00e9gia Concursos"},"image":{"@id":"https:\/\/www.estrategiaconcursos.com.br\/blog\/#\/schema\/logo\/image\/"},"sameAs":["https:\/\/x.com\/EstratConcursos"]},{"@type":"Person","@id":"https:\/\/www.estrategiaconcursos.com.br\/blog\/#\/schema\/person\/e8165364027a31208914fc77c3314727","name":"D\u00e9cio Terror Filho","image":{"@type":"ImageObject","inLanguage":"pt-BR","@id":"https:\/\/secure.gravatar.com\/avatar\/a5b78e734de7c6482e965926e78344deb81abbc34282a3c9536cbb1a59728a37?s=96&d=mm&r=g","url":"https:\/\/secure.gravatar.com\/avatar\/a5b78e734de7c6482e965926e78344deb81abbc34282a3c9536cbb1a59728a37?s=96&d=mm&r=g","contentUrl":"https:\/\/secure.gravatar.com\/avatar\/a5b78e734de7c6482e965926e78344deb81abbc34282a3c9536cbb1a59728a37?s=96&d=mm&r=g","caption":"D\u00e9cio Terror Filho"},"url":"https:\/\/www.estrategiaconcursos.com.br\/blog\/author\/contatoterrorportugues-com-br\/"}]}},"_links":{"self":[{"href":"https:\/\/www.estrategiaconcursos.com.br\/blog\/wp-json\/wp\/v2\/posts\/64811","targetHints":{"allow":["GET"]}}],"collection":[{"href":"https:\/\/www.estrategiaconcursos.com.br\/blog\/wp-json\/wp\/v2\/posts"}],"about":[{"href":"https:\/\/www.estrategiaconcursos.com.br\/blog\/wp-json\/wp\/v2\/types\/post"}],"author":[{"embeddable":true,"href":"https:\/\/www.estrategiaconcursos.com.br\/blog\/wp-json\/wp\/v2\/users\/214"}],"replies":[{"embeddable":true,"href":"https:\/\/www.estrategiaconcursos.com.br\/blog\/wp-json\/wp\/v2\/comments?post=64811"}],"version-history":[{"count":5,"href":"https:\/\/www.estrategiaconcursos.com.br\/blog\/wp-json\/wp\/v2\/posts\/64811\/revisions"}],"predecessor-version":[{"id":64820,"href":"https:\/\/www.estrategiaconcursos.com.br\/blog\/wp-json\/wp\/v2\/posts\/64811\/revisions\/64820"}],"wp:featuredmedia":[{"embeddable":true,"href":"https:\/\/www.estrategiaconcursos.com.br\/blog\/wp-json\/wp\/v2\/media\/64818"}],"wp:attachment":[{"href":"https:\/\/www.estrategiaconcursos.com.br\/blog\/wp-json\/wp\/v2\/media?parent=64811"}],"wp:term":[{"taxonomy":"category","embeddable":true,"href":"https:\/\/www.estrategiaconcursos.com.br\/blog\/wp-json\/wp\/v2\/categories?post=64811"},{"taxonomy":"post_tag","embeddable":true,"href":"https:\/\/www.estrategiaconcursos.com.br\/blog\/wp-json\/wp\/v2\/tags?post=64811"},{"taxonomy":"tax_estado","embeddable":true,"href":"https:\/\/www.estrategiaconcursos.com.br\/blog\/wp-json\/wp\/v2\/tax_estado?post=64811"}],"curies":[{"name":"wp","href":"https:\/\/api.w.org\/{rel}","templated":true}]}}