{"id":64790,"date":"2017-02-14T10:36:11","date_gmt":"2017-02-14T13:36:11","guid":{"rendered":"https:\/\/www.estrategiaconcursos.com.br\/blog\/?p=64790"},"modified":"2017-02-14T10:37:11","modified_gmt":"2017-02-14T13:37:11","slug":"comentario-da-prova-de-portugues-tre-sp-2017-tecnico-judiciario","status":"publish","type":"post","link":"https:\/\/www.estrategiaconcursos.com.br\/blog\/comentario-da-prova-de-portugues-tre-sp-2017-tecnico-judiciario\/","title":{"rendered":"Coment\u00e1rio da Prova de Portugu\u00eas TRE SP 2017 T\u00e9cnico Judici\u00e1rio"},"content":{"rendered":"<p>\n\tOl&aacute;, pessoal!\n<\/p>\n<p>\n\tVamos ao Coment&aacute;rio da Prova de Portugu&ecirc;s TRE SP 2017 T&eacute;cnico Judici&aacute;rio.\n<\/p>\n<p align=\"center\">\n\t<strong>Centro de Mem&oacute;ria Eleitoral &ndash; CEMEL<\/strong>\n<\/p>\n<p style=\"text-align: justify\">\n\t<em>&nbsp;&nbsp;&nbsp;&nbsp;&nbsp;&nbsp;&nbsp; O Centro de Mem&oacute;ria Eleitoral do TRE-SP foi criado em agosto de 1999 e tem por objetivo a execu&ccedil;&atilde;o de a&ccedil;&otilde;es que possibilitem cultivar e difundir a mem&oacute;ria pol&iacute;tico-eleitoral como instrumento eficaz do aprofundamento e alargamento da consci&ecirc;ncia de cidadania, em prol do aperfei&ccedil;oamento do regime democr&aacute;tico brasileiro.<\/em>\n<\/p>\n<p style=\"text-align: justify\">\n\t<em>&nbsp;&nbsp;&nbsp;&nbsp;&nbsp;&nbsp;&nbsp; Seu acervo re&uacute;ne t&iacute;tulos eleitorais desde a &eacute;poca do Imp&eacute;rio, urnas de vota&ccedil;&atilde;o (de madeira, de lona e eletr&ocirc;nicas), quadros, fotografias e material audiovisual, entre outros itens.<\/em>\n<\/p>\n<p style=\"text-align: justify\">\n\t<em>&nbsp;&nbsp;&nbsp;&nbsp;&nbsp;&nbsp;&nbsp; A realiza&ccedil;&atilde;o de exposi&ccedil;&otilde;es tem&aacute;ticas, o lan&ccedil;amento de livros, a realiza&ccedil;&atilde;o de palestras, al&eacute;m de visitas escolares monitoradas na sede do tribunal e o desenvolvimento de um projeto de hist&oacute;ria oral, s&atilde;o algumas das iniciativas do CEMEL.<\/em>\n<\/p>\n<p align=\"right\">\n\t(Dispon&iacute;vel em: <strong>www.tre-sp.jus.br<\/strong>)\n<\/p>\n<p>\n\t1. Da leitura do texto, compreende-se que\n<\/p>\n<p style=\"margin-left:1.0cm\">\n\t(A) a preserva&ccedil;&atilde;o da mem&oacute;ria pol&iacute;tico-eleitoral consiste em resgatar o regime imperialista.\n<\/p>\n<p style=\"margin-left:1.0cm\">\n\t(B) o acervo do CEMEL preserva um material t&atilde;o antigo que antecede a &eacute;poca do Imp&eacute;rio.\n<\/p>\n<p style=\"margin-left:1.0cm\">\n\t(C) a consci&ecirc;ncia de cidadania &eacute; condi&ccedil;&atilde;o necess&aacute;ria para a consolida&ccedil;&atilde;o da democracia.\n<\/p>\n<p style=\"margin-left:1.0cm\">\n\t(D) o estudo da hist&oacute;ria &eacute; garantia do estabelecimento de um governo pautado pela cidadania.\n<\/p>\n<p style=\"margin-left:1.0cm\">\n\t(E) a meta do CEMEL &eacute; assegurar o arquivamento sigiloso da documenta&ccedil;&atilde;o da justi&ccedil;a eleitoral.\n<\/p>\n<p style=\"text-align: justify\">\n\t<strong>Coment&aacute;rio<\/strong>: A alternativa (A) est&aacute; errada. Veja que a afirma&ccedil;&atilde;o desta alternativa tentou iludir o candidato em refer&ecirc;ncia &agrave; seguinte passagem do texto: &ldquo;<em>Seu acervo re&uacute;ne t&iacute;tulos eleitorais desde a &eacute;poca do Imp&eacute;rio&rdquo;<\/em> (segundo par&aacute;grafo). Ora, o fato de reunir t&iacute;tulos eleitorais desde a &eacute;poca do Imp&eacute;rio n&atilde;o significa que se deseja resgatar o regime imperialista, concorda?!\n<\/p>\n<p style=\"text-align: justify\">\n\t&nbsp;&nbsp;&nbsp;&nbsp;&nbsp;&nbsp;&nbsp; A alternativa (B) est&aacute; errada e faz refer&ecirc;ncia &agrave; mesma parte do texto, vista na alternativa anterior: &ldquo;<em>Seu acervo re&uacute;ne t&iacute;tulos eleitorais <strong>desde<\/strong> a &eacute;poca do Imp&eacute;rio&rdquo;<\/em> (segundo par&aacute;grafo). Na realidade, a banca s&oacute; queria que o candidato percebesse que &ldquo;desde&rdquo; transmite um limite temporal e significa &ldquo;<em>a partir de<\/em>&rdquo;. Assim, entendemos que o material n&atilde;o antecede a &eacute;poca do Imp&eacute;rio.\n<\/p>\n<p style=\"text-align: justify\">\n\t&nbsp;&nbsp;&nbsp;&nbsp;&nbsp;&nbsp;&nbsp; A alternativa (C) &eacute; a correta e &eacute; subentendida no final do primeiro par&aacute;grafo, especificamente no seguinte trecho: &ldquo;&#8230;<em>aprofundamento e alargamento da <u>consci&ecirc;ncia de cidadania<\/u>, em prol do aperfei&ccedil;oamento do regime <u>democr&aacute;tico<\/u> brasileiro.<\/em>&rdquo;\n<\/p>\n<p style=\"text-align: justify\">\n\t&nbsp;&nbsp;&nbsp;&nbsp;&nbsp;&nbsp;&nbsp; Assim, entendemos que o aprofundamento e alargamento da consci&ecirc;ncia de cidadania levam ao aperfei&ccedil;oamento do regime democr&aacute;tico brasileiro. Naturalmente, isso pressup&otilde;e que a consci&ecirc;ncia de cidadania &eacute; condi&ccedil;&atilde;o necess&aacute;ria para a consolida&ccedil;&atilde;o da democracia.\n<\/p>\n<p style=\"text-align: justify\">\n\t&nbsp;&nbsp;&nbsp;&nbsp;&nbsp;&nbsp;&nbsp; A alternativa (D) est&aacute; errada, pois faz uma leitura deturpada do primeiro par&aacute;grafo. Veja que o par&aacute;grafo n&atilde;o fala de forma generalizante sobre o &ldquo;estudo da hist&oacute;ria&rdquo;, mas apenas que foi criado o Centro de Mem&oacute;ria Eleitoral do TRE-SP<em>. <\/em>Al&eacute;m disso, essa iniciativa leva ao cultivo e &agrave; difus&atilde;o da mem&oacute;ria pol&iacute;tico-eleitoral. Veja:\n<\/p>\n<p style=\"text-align: justify\">\n\t<em>&nbsp;&nbsp;&nbsp;&nbsp;&nbsp;&nbsp;&nbsp; <u>O Centro de Mem&oacute;ria Eleitoral do TRE-SP<\/u> foi criado em agosto de 1999 e tem por objetivo a execu&ccedil;&atilde;o de a&ccedil;&otilde;es que <u>possibilitem cultivar e difundir a mem&oacute;ria pol&iacute;tico-eleitoral<\/u> como instrumento eficaz do aprofundamento e alargamento da consci&ecirc;ncia de cidadania, em prol do aperfei&ccedil;oamento do regime democr&aacute;tico brasileiro.<\/em>\n<\/p>\n<p style=\"text-align: justify\">\n\t&nbsp;&nbsp;&nbsp;&nbsp;&nbsp;&nbsp;&nbsp; Dessa forma, n&atilde;o se entende do texto que o estudo da hist&oacute;ria seria uma suposta garantia do estabelecimento de um governo pautado pela cidadania.\n<\/p>\n<p style=\"text-align: justify\">\n\t&nbsp;&nbsp;&nbsp;&nbsp;&nbsp;&nbsp;&nbsp; A alternativa (E) est&aacute; errada, pois se entende do terceiro par&aacute;grafo do texto que o CEMEL n&atilde;o tem car&aacute;ter sigiloso, mas o contr&aacute;rio: tem a inten&ccedil;&atilde;o de difundir o conte&uacute;do dos arquivos.\n<\/p>\n<p style=\"text-align: justify\">\n\t<strong>Gabarito<\/strong>: <strong>C<\/strong>\n<\/p>\n<p style=\"text-align: justify\">\n\t2. <em>O Centro de Mem&oacute;ria Eleitoral do TRE-SP foi criado em agosto de 1999 e <u>tem por objetivo a<\/u> execu&ccedil;&atilde;o de a&ccedil;&otilde;es&#8230; <\/em>(1&ordm; par&aacute;grafo)\n<\/p>\n<p style=\"text-align: justify\">\n\tO segmento sublinhado estar&aacute; corretamente substitu&iacute;do, com o sentido preservado, por:\n<\/p>\n<p style=\"text-align: justify\">\n\t(A) visa &agrave;\n<\/p>\n<p style=\"text-align: justify\">\n\t(B) prop&otilde;e-se da\n<\/p>\n<p style=\"text-align: justify\">\n\t(C) promove &agrave;\n<\/p>\n<p style=\"text-align: justify\">\n\t(D) reivindica &agrave;\n<\/p>\n<p style=\"text-align: justify\">\n\t(E) promulga a\n<\/p>\n<p style=\"text-align: justify\">\n\t<strong>Coment&aacute;rio<\/strong>: A express&atilde;o &ldquo;<em>tem por objetivo<\/em>&rdquo; tem a mesma inten&ccedil;&atilde;o comunicativa e mesmo sentido da express&atilde;o &ldquo;<em>visa &agrave;<\/em>&rdquo;. Al&eacute;m disso, devemos notar que o verbo &ldquo;visa&rdquo;, neste sentido, &eacute; transitivo indireto e rege a preposi&ccedil;&atilde;o &ldquo;<em>a<\/em>&rdquo;. Como o substantivo &ldquo;<em>execu&ccedil;&atilde;o<\/em>&rdquo; &eacute; precedido do artigo &ldquo;a&rdquo;, ocorre a crase.\n<\/p>\n<p style=\"text-align: justify\">\n\t&nbsp;&nbsp;&nbsp;&nbsp;&nbsp;&nbsp;&nbsp; Assim, a alternativa (A) &eacute; a correta.\n<\/p>\n<p style=\"text-align: justify\">\n\t&nbsp;&nbsp;&nbsp;&nbsp;&nbsp;&nbsp;&nbsp; A alternativa (B) est&aacute; errada, pois n&atilde;o tem o mesmo sentido e o verbo &ldquo;prop&otilde;e&rdquo; n&atilde;o rege a preposi&ccedil;&atilde;o &ldquo;de&rdquo;.\n<\/p>\n<p style=\"text-align: justify\">\n\t&nbsp;&nbsp;&nbsp;&nbsp;&nbsp;&nbsp;&nbsp; As alternativas (C) e (D) est&atilde;o erradas, pois os verbos s&atilde;o transitivos diretos e n&atilde;o regem a preposi&ccedil;&atilde;o &ldquo;a&rdquo;.\n<\/p>\n<p style=\"text-align: justify\">\n\t&nbsp;&nbsp;&nbsp;&nbsp;&nbsp;&nbsp;&nbsp; A alternativa (E) est&aacute; errada, pois o verbo &ldquo;<em>promulga<\/em>&rdquo; n&atilde;o apresenta o mesmo sentido da express&atilde;o em destaque.\n<\/p>\n<p>\n\t<strong>Gabarito<\/strong>: <strong>A<\/strong>\n<\/p>\n<p>\n\t&nbsp;\n<\/p>\n<p style=\"text-align: justify\">\n\t3. A frase em que a concord&acirc;ncia se estabelece em conformidade com a norma-padr&atilde;o da l&iacute;ngua &eacute;:\n<\/p>\n<p style=\"margin-left: 1cm;text-align: justify\">\n\t(A) Voltados ao cultivo e &agrave; difus&atilde;o da mem&oacute;ria pol&iacute;tico-eleitoral, foi criado o CEMEL, em 1999.\n<\/p>\n<p style=\"margin-left: 1cm;text-align: justify\">\n\t(B) D&atilde;o-se com regularidade a ocorr&ecirc;ncia de visitas escolares monitoradas na sede do tribunal.\n<\/p>\n<p style=\"margin-left: 1cm;text-align: justify\">\n\t(C) Faz parte do acervo t&iacute;tulos eleitorais, urnas de vota&ccedil;&atilde;o, quadros, fotografias e material audiovisual.\n<\/p>\n<p style=\"margin-left: 1cm;text-align: justify\">\n\t(D) Entre as iniciativas do CEMEL, destaca-se a realiza&ccedil;&atilde;o de exposi&ccedil;&otilde;es e o lan&ccedil;amento de livros.\n<\/p>\n<p style=\"margin-left: 1cm;text-align: justify\">\n\t(E) O acervo do CEMEL cont&ecirc;m, entre outros itens, t&iacute;tulos de eleitor que remontam &agrave; &eacute;poca do Imp&eacute;rio.\n<\/p>\n<p style=\"text-align: justify\">\n\t<strong>Coment&aacute;rio<\/strong>: A alternativa (A) est&aacute; errada, pois o partic&iacute;pio &ldquo;Voltados&rdquo; deve concordar com o seu referente &ldquo;o CEMEL&rdquo;.\n<\/p>\n<p style=\"text-align: justify\">\n\t<strong><em>Voltado<\/em><\/strong><em> ao cultivo e &agrave; difus&atilde;o da mem&oacute;ria pol&iacute;tico-eleitoral, foi criado <u>o CEMEL<\/u>, em 1999.<\/em>\n<\/p>\n<p style=\"text-align: justify\">\n\t&nbsp;&nbsp;&nbsp;&nbsp;&nbsp;&nbsp;&nbsp; A alternativa (B) est&aacute; errada, pois o verbo &ldquo;<em>D&atilde;o<\/em>&rdquo; concorda com o sujeito determinado simples e singular &ldquo;<em>a ocorr&ecirc;ncia de visitas escolares<\/em>&rdquo;.\n<\/p>\n<p style=\"text-align: justify\">\n\t<strong><em>D&aacute;<\/em><\/strong><em>-se com regularidade a <u>ocorr&ecirc;ncia<\/u> de visitas escolares monitoradas na sede do tribunal.<\/em>\n<\/p>\n<p style=\"text-align: justify\">\n\t&nbsp;&nbsp;&nbsp;&nbsp;&nbsp;&nbsp;&nbsp; A alternativa (C) est&aacute; errada, pois o verbo &ldquo;<em>Faz<\/em>&rdquo; deve concordar com o sujeito composto &ldquo;<em>t&iacute;tulos eleitorais, urnas de vota&ccedil;&atilde;o, quadros, fotografias e material audiovisual&rdquo;<\/em>.\n<\/p>\n<p style=\"text-align: justify\">\n\t<strong><em>Fazem<\/em><\/strong><em> parte do acervo <u>t&iacute;tulos eleitorais<\/u>, <u>urnas de vota&ccedil;&atilde;o<\/u>, <u>quadros<\/u>, <u>fotografias<\/u> e <u>material audiovisual<\/u>.<\/em>\n<\/p>\n<p style=\"text-align: justify\">\n\t&nbsp;&nbsp;&nbsp;&nbsp;&nbsp;&nbsp;&nbsp; A alternativa (D) &eacute; a correta, pois, apesar de o verbo &ldquo;<em>destaca-se<\/em>&rdquo; se referir ao sujeito composto &ldquo;<em>a realiza&ccedil;&atilde;o de exposi&ccedil;&otilde;es e o lan&ccedil;amento de livros&rdquo;<\/em>, este se encontra ap&oacute;s o verbo e ele pode concordar com o n&uacute;cleo mais pr&oacute;ximo: &ldquo;<em>realiza&ccedil;&atilde;o<\/em>&rdquo;.\n<\/p>\n<p style=\"text-align: justify\">\n\t<em>Entre as iniciativas do CEMEL, <u>destaca<\/u>-se a <u>realiza&ccedil;&atilde;o<\/u> de exposi&ccedil;&otilde;es e o <u>lan&ccedil;amento<\/u> de livros.<\/em>\n<\/p>\n<p style=\"text-align: justify\">\n\t&nbsp;&nbsp;&nbsp;&nbsp;&nbsp;&nbsp;&nbsp; A alternativa (E) est&aacute; errada, pois o verbo &ldquo;<em>cont&ecirc;m<\/em>&rdquo; deve concordar com o n&uacute;cleo do sujeito simples &ldquo;<em>acervo<\/em>&rdquo;. Note que o pronome relativo &ldquo;<em>que<\/em>&rdquo; ocupa a fun&ccedil;&atilde;o de sujeito e retoma o substantivo plural &ldquo;<em>t&iacute;tulos<\/em>&rdquo;, por isso o verbo &ldquo;<em>remontam<\/em>&rdquo; est&aacute; corretamente flexionado no plural.\n<\/p>\n<p style=\"text-align: justify\">\n\t<em>O <u>acervo<\/u> do CEMEL <strong>cont&eacute;m<\/strong>, entre outros itens, <u>t&iacute;tulos<\/u> de eleitor <u>que<\/u> <u>remontam<\/u> &agrave; &eacute;poca do Imp&eacute;rio.<\/em>\n<\/p>\n<p>\n\t<strong>Gabarito: D<\/strong>\n<\/p>\n<p>\n\t&nbsp;\n<\/p>\n<p>\n\t&nbsp;\n<\/p>\n<p>\n\tAten&ccedil;&atilde;o: Para responder &agrave;s quest&otilde;es de n&uacute;meros 4 a 6, considere o texto abaixo.\n<\/p>\n<p>\n\tAs crian&ccedil;as de hoje est&atilde;o crescendo numa nova realidade, na qual est&atilde;o conectadas mais a m&aacute;quinas e menos a pessoas, de uma maneira que jamais aconteceu na hist&oacute;ria da humanidade. A nova safra de nativos do mundo digital pode ser muito h&aacute;bil nos teclados, mas encontra dificuldades quando se trata de interpretar comportamentos alheios frente a frente, em tempo real.\n<\/p>\n<p>\n\tUm estudante universit&aacute;rio observa a solid&atilde;o e o isolamento que acompanham uma vida reclusa ao mundo virtual de atualiza&ccedil;&otilde;es de <em>status<\/em> e &ldquo;postagens de fotos do meu jantar&rdquo;. Ele lembra que seus colegas est&atilde;o perdendo a habilidade de manter uma conversa, sem falar nas discuss&otilde;es profundas, capazes de enriquecer os anos de universidade. E acrescenta: &ldquo;Nenhum anivers&aacute;rio, show, encontro ou festa pode ser desfrutado sem que voc&ecirc; se distancie do que est&aacute; fazendo&rdquo;, para que aqueles no seu mundo virtual saibam instantaneamente como est&aacute; se divertindo.\n<\/p>\n<p>\n\tDe algumas maneiras, as intermin&aacute;veis horas que os jovens passam olhando fixamente para aparelhos eletr&ocirc;nicos podem ajud&aacute;-los a adquirir habilidades cognitivas espec&iacute;ficas. Mas h&aacute; preocupa&ccedil;&otilde;es e quest&otilde;es sobre como essas mesmas horas podem levar a d&eacute;ficits de habilidades emocionais, sociais e cognitivas essenciais.\n<\/p>\n<p align=\"right\">\n\t(Adaptado de: GOLEMAN, Daniel. <strong>Foco: a aten&ccedil;&atilde;o e seu papel fundamental para o sucesso. <\/strong>Trad. C&aacute;ssia Zanon. Rio de Janeiro, Objetiva, 2013, p. 29-30)\n<\/p>\n<p>\n\t4. Na opini&atilde;o do autor,\n<\/p>\n<p style=\"margin-left:1.0cm\">\n\t(A) a constante conex&atilde;o &agrave;s m&aacute;quinas n&atilde;o tem o potencial de contribuir para o desenvolvimento intelectual dos jovens.\n<\/p>\n<p style=\"margin-left:1.0cm\">\n\t(B) a aten&ccedil;&atilde;o exagerada que se d&aacute; aos meios virtuais tem como efeito o surgimento de problemas na intera&ccedil;&atilde;o social.\n<\/p>\n<p style=\"margin-left:1.0cm\">\n\t(C) a superficialidade das conversas travadas nas redes sociais &eacute; fruto da redu&ccedil;&atilde;o gradual de eventos coletivos.\n<\/p>\n<p style=\"margin-left:1.0cm\">\n\t(D) o isolamento em um mundo virtual se torna preocupante quando o jovem deixa de frequentar eventos sociais.\n<\/p>\n<p style=\"margin-left:1.0cm\">\n\t(E) o ambiente virtual tornou-se mais atraente ao jovem na medida em que este se viu in&aacute;bil para lidar com conflitos reais.\n<\/p>\n<p>\n\t<strong>Coment&aacute;rio<\/strong>: A alternativa (A) est&aacute; errada e faz refer&ecirc;ncia ao primeiro per&iacute;odo do terceiro par&aacute;grafo:\n<\/p>\n<p style=\"text-align: justify\">\n\t<em>De algumas maneiras, <u>as intermin&aacute;veis horas que os jovens passam olhando fixamente para aparelhos eletr&ocirc;nicos<\/u> <u>podem ajud&aacute;-los a adquirir habilidades cognitivas espec&iacute;ficas<\/u>.<\/em>\n<\/p>\n<p style=\"text-align: justify\">\n\tAssim, podemos entender que a constante conex&atilde;o &agrave;s m&aacute;quinas, <strong>de alguma maneira, tem<\/strong> o potencial de contribuir para o desenvolvimento intelectual dos jovens.\n<\/p>\n<p style=\"text-align: justify\">\n\tA alternativa (B) &eacute; a correta e tem como base v&aacute;rias passagens do texto que mostram justamente que a aten&ccedil;&atilde;o exagerada que se d&aacute; aos meios virtuais tem como efeito o surgimento de problemas na intera&ccedil;&atilde;o social. Veja as express&otilde;es do texto que confirmam isso:\n<\/p>\n<p style=\"text-align: justify\">\n\t&ldquo;<em>As crian&ccedil;as de hoje &#8230; est&atilde;o conectadas mais a m&aacute;quinas e menos a pessoas<\/em>&#8230;&rdquo;\n<\/p>\n<p style=\"text-align: justify\">\n\t&ldquo;<em>A nova safra de nativos do mundo digital &#8230; encontra dificuldades quando se trata de interpretar comportamentos alheios frente a frente, em tempo real<\/em>&#8230;&rdquo;\n<\/p>\n<p style=\"text-align: justify\">\n\t&ldquo;&#8230;<em>seus colegas est&atilde;o perdendo a habilidade de manter uma conversa, sem falar nas discuss&otilde;es profundas, capazes de enriquecer os anos de universidade<\/em>&#8230;&rdquo;\n<\/p>\n<p style=\"text-align: justify\">\n\t&ldquo;&#8230;<em>h&aacute; preocupa&ccedil;&otilde;es e quest&otilde;es sobre como essas mesmas horas podem levar a d&eacute;ficits de habilidades emocionais, sociais e cognitivas essenciais<\/em>&#8230;&rdquo;\n<\/p>\n<p style=\"text-align: justify\">\n\t&nbsp;&nbsp;&nbsp;&nbsp;&nbsp;&nbsp;&nbsp; A alternativa (C) est&aacute; errada e faz uma leitura equivocada do segundo par&aacute;grafo. Nele foi afirmado que a vida reclusa ao mundo virtual, marcada pela solid&atilde;o e pelo isolamento, faz com a pessoa perca suas habilidades de manter uma conversa e de manter uma discuss&atilde;o aprofundada sobre algo.\n<\/p>\n<p style=\"text-align: justify\">\n\t&nbsp;&nbsp;&nbsp;&nbsp;&nbsp;&nbsp;&nbsp; A alternativa (D) est&aacute; errada, pois se entende do segundo par&aacute;grafo e do restante do texto que a preocupa&ccedil;&atilde;o do isolamento em um mundo virtual n&atilde;o se d&aacute; simplesmente porque um jovem deixaria de frequentar eventos sociais, mas ele perde a habilidade de manter conversas sadias, um aprofundamento em discuss&otilde;es importantes para seu desenvolvimento, al&eacute;m de, conforme o primeiro par&aacute;grafo, encontrar dificuldades em entender o outro, numa rela&ccedil;&atilde;o social, como se afirma em: &ldquo;<em>quando se trata de interpretar comportamentos alheios frente a frente, em tempo real<\/em>&rdquo;.\n<\/p>\n<p style=\"text-align: justify\">\n\t&nbsp;&nbsp;&nbsp;&nbsp;&nbsp;&nbsp;&nbsp; A alternativa (E) est&aacute; errada, porque colocou como motivo do acesso ao ambiente virtual o fato de o jovem se sentir in&aacute;bil em lidar com conflitos reais. Na realidade, &eacute; o contr&aacute;rio, o fato de ele se manter fortemente no mundo virtual &eacute; que pode levar a uma inabilidade de lidar com conflitos reais.\n<\/p>\n<p>\n\t<strong>Gabarito<\/strong>: <strong>B<\/strong>\n<\/p>\n<p>\n\t&nbsp;\n<\/p>\n<p>\n\t5. Uma frase redigida em conformidade com as informa&ccedil;&otilde;es do texto &eacute;:\n<\/p>\n<p style=\"margin-left:1.0cm\">\n\t(A) De tanto que tem dificuldade em interpretar as pessoas face a face, o nativo digital &eacute; h&aacute;bil nos teclados.\n<\/p>\n<p style=\"margin-left:1.0cm\">\n\t(B) A despeito de ser h&aacute;bil nos teclados, o nativo digital tem dificuldade em interpretar as pessoas face a face.\n<\/p>\n<p style=\"margin-left:1.0cm\">\n\t(C) Diante da dificuldade em interpretar as pessoas face a face, o nativo digital, portanto, &eacute; h&aacute;bil nos teclados.\n<\/p>\n<p style=\"margin-left:1.0cm\">\n\t(D) O nativo digital tem dificuldade em interpretar as pessoas face a face, em virtude de ser h&aacute;bil nos teclados.\n<\/p>\n<p style=\"margin-left:1.0cm\">\n\t(E) &Agrave; presun&ccedil;&atilde;o de ser h&aacute;bil nos teclados, o nativo digital tem dificuldade em interpretar as pessoas face a face.\n<\/p>\n<p style=\"text-align: justify\">\n\t<strong>Coment&aacute;rio<\/strong>: Quatro alternativas colocaram, de maneira geral, uma rela&ccedil;&atilde;o de causa e efeito entre a situa&ccedil;&atilde;o de o jovem ser h&aacute;bil nos teclados e ele ter dificuldade de interpretar as pessoas face a face.\n<\/p>\n<p style=\"text-align: justify\">\n\t&nbsp;&nbsp;&nbsp;&nbsp;&nbsp;&nbsp;&nbsp; Ora, o fato de ser h&aacute;bil nos teclados n&atilde;o ocorreu porque o jovem tem dificuldade em interpretar as pessoas face a face, ou vice-versa. N&atilde;o houve essa rela&ccedil;&atilde;o de causa e consequ&ecirc;ncia no texto.\n<\/p>\n<p style=\"text-align: justify\">\n\t&nbsp;&nbsp;&nbsp;&nbsp;&nbsp;&nbsp;&nbsp; O que houve foi uma rela&ccedil;&atilde;o de contraste. Veja o segundo per&iacute;odo do primeiro par&aacute;grafo do texto:\n<\/p>\n<p style=\"text-align: justify\">\n\t<em><u>A nova safra de nativos do mundo digital pode ser muito h&aacute;bil nos teclados<\/u><\/em><em>, <strong>mas<\/strong> <u>encontra dificuldades quando se trata de interpretar comportamentos alheios frente a frente, em tempo real<\/u>.<\/em>\n<\/p>\n<p style=\"text-align: justify\">\n\t&nbsp;&nbsp;&nbsp;&nbsp;&nbsp;&nbsp;&nbsp; Esse contraste se mant&eacute;m na alternativa (B), por meio da locu&ccedil;&atilde;o prepositiva de valor concessivo &ldquo;<em>a despeito de<\/em>&rdquo;. Veja:\n<\/p>\n<p style=\"text-align: justify\">\n\t<strong><em>A despeito de<\/em><\/strong><em> <u>ser h&aacute;bil nos teclados<\/u>, <u>o nativo digital tem dificuldade em interpretar as pessoas face a face<\/u><\/em>.\n<\/p>\n<p style=\"text-align: justify\">\n\t<strong>Gabarito<\/strong>: <strong>B<\/strong>\n<\/p>\n<p style=\"margin-left:1.0cm\">\n\t&nbsp;\n<\/p>\n<p>\n\t6. Considere a rela&ccedil;&atilde;o entre o voc&aacute;bulo &ldquo;que&rdquo; e a express&atilde;o entre colchetes nas seguintes passagens do texto.\n<\/p>\n<p style=\"margin-left:35.45pt\">\n\tI. <em>&#8230;&nbsp; est&atilde;o conectadas mais a m&aacute;quinas e menos a pessoas, de <\/em>[<em>uma maneira<\/em>] <em><u>que<\/u><\/em><em> jamais aconteceu na hist&oacute;ria da humanidade. <\/em>(1&ordm; par&aacute;grafo)\n<\/p>\n<p style=\"margin-left:35.45pt\">\n\tII. &nbsp;&nbsp;&nbsp; <em>Um estudante universit&aacute;rio observa <\/em>[<em>a solid&atilde;o e o isolamento<\/em>] <em><u>que<\/u><\/em><em> acompanham uma vida reclusa ao mundo virtual&#8230; <\/em>(2&ordm; par&aacute;grafo)\n<\/p>\n<p style=\"margin-left:35.45pt\">\n\tIII. &nbsp; <em>Ele lembra <u>que<\/u> <\/em>[<em>seus colegas<\/em>] <em>est&atilde;o perdendo a habilidade de manter uma conversa&#8230; <\/em>(2&ordm; par&aacute;grafo)\n<\/p>\n<p style=\"margin-left:35.45pt\">\n\tIV. &nbsp;&nbsp; [<em>Nenhum anivers&aacute;rio, <\/em>show<em>, encontro ou festa<\/em>] <em>pode ser desfrutado sem <u>que<\/u> voc&ecirc; se distancie&#8230; <\/em>(2&ordm; par&aacute;grafo)\n<\/p>\n<p style=\"margin-left:35.45pt\">\n\tV. &nbsp;&nbsp;&nbsp; <em>&#8230; <\/em>[<em>as intermin&aacute;veis horas<\/em>] <em><u>que<\/u><\/em><em> os jovens passam olhando fixamente para aparelhos eletr&ocirc;nicos&#8230; <\/em>(3&ordm; par&aacute;grafo)\n<\/p>\n<p style=\"margin-left:35.45pt\">\n\tTem fun&ccedil;&atilde;o pronominal, por se referir &agrave; express&atilde;o entre colchetes e equivaler a ela em termos de sentido, o voc&aacute;bulo &ldquo;que&rdquo; sublinhado APENAS em\n<\/p>\n<p>\n\t(A) II, III e V.\n<\/p>\n<p>\n\t(B) I, III e IV.\n<\/p>\n<p>\n\t(C) I, II e V.\n<\/p>\n<p>\n\t(D) I, II e IV.\n<\/p>\n<p>\n\t(E) III, IV e V.\n<\/p>\n<p style=\"text-align: justify\">\n\t<strong>Coment&aacute;rio<\/strong>: Nesta quest&atilde;o, basta observar quando o &ldquo;que&rdquo; &eacute; pronome relativo. Em seguida, devemos confirmar se o pronome efetivamente retomar a palavra entre colchetes.\n<\/p>\n<p style=\"text-align: justify\">\n\t&nbsp;&nbsp;&nbsp;&nbsp;&nbsp;&nbsp;&nbsp; Na frase I, a palavra &ldquo;que&rdquo; <strong>&eacute; pronome relativo<\/strong>. Ela se encontra como adjunto adverbial de modo e por isso pode ser substitu&iacute;da pela palavra &ldquo;<strong><em>como<\/em><\/strong>&rdquo; ou &ldquo;<strong><em>na qual<\/em><\/strong>&rdquo;, por retomar &ldquo;<em>maneira<\/em>&rdquo;. Compare:\n<\/p>\n<p style=\"text-align: justify\">\n\t<em>As crian&ccedil;as de hoje est&atilde;o crescendo numa nova realidade, na qual est&atilde;o conectadas mais a m&aacute;quinas e menos a pessoas, de uma <u>maneira<\/u> <strong>que<\/strong> jamais aconteceu na hist&oacute;ria da humanidade.<\/em>\n<\/p>\n<p style=\"text-align: justify\">\n\t<em>As crian&ccedil;as de hoje est&atilde;o crescendo numa nova realidade, na qual est&atilde;o conectadas mais a m&aacute;quinas e menos a pessoas, de uma <u>maneira<\/u> <strong>como<\/strong> jamais aconteceu na hist&oacute;ria da humanidade.<\/em>\n<\/p>\n<p style=\"text-align: justify\">\n\t<em>As crian&ccedil;as de hoje est&atilde;o crescendo numa nova realidade, na qual est&atilde;o conectadas mais a m&aacute;quinas e menos a pessoas, de uma <u>maneira<\/u> <strong>na qual<\/strong> jamais aconteceu na hist&oacute;ria da humanidade.<\/em>\n<\/p>\n<p style=\"text-align: justify\">\n\t&nbsp;&nbsp;&nbsp;&nbsp;&nbsp;&nbsp;&nbsp; Na frase II, a palavra &ldquo;<em>que<\/em>&rdquo; <strong>&eacute; pronome relativo<\/strong> e realmente retoma a express&atilde;o &ldquo;<em>a solid&atilde;o e o isolamento&rdquo;<\/em>.\n<\/p>\n<p style=\"text-align: justify\">\n\t&nbsp;&nbsp;&nbsp;&nbsp;&nbsp;&nbsp;&nbsp; Na frase III, a palavra &ldquo;<em>que<\/em>&rdquo; &eacute; uma conjun&ccedil;&atilde;o integrante que inicia a ora&ccedil;&atilde;o subordinada substantiva objetiva direta. Assim, tal voc&aacute;bulo n&atilde;o tem o papel de retomar palavras.\n<\/p>\n<p style=\"text-align: justify\">\n\t&nbsp;&nbsp;&nbsp;&nbsp;&nbsp;&nbsp;&nbsp; Na frase IV, a express&atilde;o &ldquo;<em>sem que<\/em>&rdquo; &eacute; uma locu&ccedil;&atilde;o conjuntiva, portanto n&atilde;o tem o papel de retomar palavras.\n<\/p>\n<p style=\"text-align: justify\">\n\t&nbsp;&nbsp;&nbsp;&nbsp;&nbsp;&nbsp;&nbsp; Na frase V, a palavra &ldquo;que&rdquo; <strong>&eacute; pronome relativo<\/strong> e realmente retoma a express&atilde;o &ldquo;<em>as intermin&aacute;veis horas&rdquo;<\/em>.\n<\/p>\n<p style=\"text-align: justify\">\n\t&nbsp;&nbsp;&nbsp;&nbsp;&nbsp;&nbsp;&nbsp; Assim, a alternativa (C) &eacute; a correta.\n<\/p>\n<p>\n\t<strong>Gabarito<\/strong>: <strong>C<\/strong>\n<\/p>\n<p>\n\t&nbsp;\n<\/p>\n<p>\n\t7. A forma verbal empregada corretamente est&aacute; na frase:\n<\/p>\n<p style=\"margin-left:1.0cm\">\n\t(A) Notam-se a probabilidade de problemas emocionais e de d&eacute;ficits de habilidades sociais.\n<\/p>\n<p style=\"margin-left:1.0cm\">\n\t(B) Dedica-se ao manejo de aparelhos eletr&ocirc;nicos, desde a mais tenra idade, as crian&ccedil;as de hoje.\n<\/p>\n<p style=\"margin-left:1.0cm\">\n\t(C) Cercam-se de solid&atilde;o e isolamento uma vida reclusa ao mundo virtual de atualiza&ccedil;&otilde;es de <em>status<\/em>.\n<\/p>\n<p style=\"margin-left:1.0cm\">\n\t(D) Findaram as discuss&otilde;es profundas, com as quais poderia se enriquecer os anos de universidade.\n<\/p>\n<p style=\"margin-left:1.0cm\">\n\t(E) Interpretam-se, com dificuldade, comportamentos alheios frente a frente, em tempo real.\n<\/p>\n<p style=\"text-align: justify\">\n\t<strong>Coment&aacute;rio<\/strong>: A alternativa (A) est&aacute; errada, pois o verbo &ldquo;<em>Notam<\/em>&rdquo; &eacute; transitivo direto, o pronome &ldquo;<em>se<\/em>&rdquo; &eacute; apassivador e o sujeito paciente &eacute; determinado simples, isto &eacute;, tem apenas um n&uacute;cleo, que &eacute; o substantivo singular &ldquo;<em>probabilidade<\/em>&rdquo;. Veja que apenas o adjunto adnominal &eacute; composto.\n<\/p>\n<p style=\"text-align: justify\">\n\t<strong><em>Nota<\/em><\/strong><em>-se a <u>probabilidade<\/u> de problemas emocionais e de d&eacute;ficits de habilidades sociais<\/em>.\n<\/p>\n<p style=\"text-align: justify\">\n\t&nbsp;&nbsp;&nbsp;&nbsp;&nbsp;&nbsp;&nbsp; A alternativa (B) est&aacute; errada, pois o verbo &ldquo;<em>Dedica-se<\/em>&rdquo; deve concordar com o seu sujeito &ldquo;<em>as crian&ccedil;as de hoje<\/em>&rdquo;.\n<\/p>\n<p style=\"text-align: justify\">\n\t<strong><em><u>Dedicam<\/u><\/em><\/strong><em>-se ao manejo de aparelhos eletr&ocirc;nicos, desde a mais tenra idade, <u>as crian&ccedil;as de hoje<\/u><\/em>.\n<\/p>\n<p style=\"text-align: justify\">\n\t&nbsp;&nbsp;&nbsp;&nbsp;&nbsp;&nbsp;&nbsp; A alternativa (C) est&aacute; errada, pois o verbo &ldquo;<em>Cercam<\/em>&rdquo; tem como sujeito a express&atilde;o singular &ldquo;<em>uma vida reclusa<\/em>&rdquo;.\n<\/p>\n<p style=\"text-align: justify\">\n\t<strong><em>Cerca<\/em><\/strong><em>-se de solid&atilde;o e isolamento <u>uma vida reclusa<\/u> ao mundo virtual de atualiza&ccedil;&otilde;es de <\/em><em>status<\/em>.\n<\/p>\n<p style=\"text-align: justify\">\n\t&nbsp;&nbsp;&nbsp;&nbsp;&nbsp;&nbsp;&nbsp; A alternativa (D) est&aacute; errada, pois a locu&ccedil;&atilde;o verbal &ldquo;<em>poderia se enriquecer<\/em>&rdquo; apresenta o verbo principal e transitivo direto &ldquo;<em>enriquecer<\/em>&rdquo;, o pronome &ldquo;<em>se<\/em>&rdquo; &eacute; apassivador e o termo plural &ldquo;<em>os anos de universidade<\/em>&rdquo; &eacute; o sujeito paciente. Note que o verbo intransitivo &ldquo;<em>Findaram<\/em>&rdquo; est&aacute; concordando corretamente com o sujeito &ldquo;<em>as discuss&otilde;es profundas&rdquo;<\/em>.\n<\/p>\n<p style=\"text-align: justify\">\n\t<em><u>Findaram<\/u><\/em><em> <u>as discuss&otilde;es profundas<\/u>, com as quais <strong><u>poderiam<\/u><\/strong><u> se enriquecer<\/u> <u>os anos de universidade<\/u><\/em>.\n<\/p>\n<p style=\"text-align: justify\">\n\t&nbsp;&nbsp;&nbsp;&nbsp;&nbsp;&nbsp;&nbsp; A alternativa (E) &eacute; a correta, pois o verbo &ldquo;<em>Interpretaram<\/em>&rdquo; &eacute; transitivo direto, o pronome &ldquo;<em>se<\/em>&rdquo; &eacute; apassivador e o termo plural &ldquo;<em>comportamentos alheios&rdquo;<\/em> &eacute; o sujeito paciente.\n<\/p>\n<p>\n\t<em><u>Interpretam<\/u><\/em><em>&#8211;<u>se<\/u>, com dificuldade, <u>comportamentos alheios<\/u> frente a frente, em tempo real<\/em>.\n<\/p>\n<p>\n\t<strong>Gabarito<\/strong>: <strong>E<\/strong>\n<\/p>\n<p>\n\t&nbsp;\n<\/p>\n<p>\n\t8. A frase redigida com clareza e corre&ccedil;&atilde;o &eacute;:\n<\/p>\n<p style=\"margin-left:1.0cm\">\n\t(A)&nbsp; A humanidade assiste a uma revolu&ccedil;&atilde;o tecnol&oacute;gica e comportamental in&eacute;dita, cujas consequ&ecirc;ncias ainda n&atilde;o s&atilde;o pass&iacute;veis de mensura&ccedil;&atilde;o.\n<\/p>\n<p style=\"margin-left:1.0cm\">\n\t(B) As duas primeiras d&eacute;cadas deste s&eacute;culo, tem assistido uma transforma&ccedil;&atilde;o vertiginosa que entretanto, n&atilde;o satisfaz os desejos de expans&atilde;o humano.\n<\/p>\n<p style=\"margin-left:1.0cm\">\n\t(C) &Eacute; comum pessoas negligenciarem ao instante presente para tirar fotos de que ser&atilde;o apreciadas por amigos virtuais, com o qual n&atilde;o se tem intimidade.\n<\/p>\n<p style=\"margin-left:1.0cm\">\n\t(D) &Eacute; poss&iacute;vel que o c&eacute;rebro da nova safra de nativos digitais, adapta-se ao contato exacerbado com as m&aacute;quinas, afim de aproveitar-lhe ao m&aacute;ximo.\n<\/p>\n<p style=\"margin-left:1.0cm\">\n\t(E) Os jovens que obterem melhor desempenho com as novas tecnologias far&atilde;o jus &agrave; mais sucesso, por&eacute;m h&aacute; outras habilidades, que podem prejudic&aacute;-lo.\n<\/p>\n<p style=\"text-align: justify\">\n\t<strong>Coment&aacute;rio<\/strong>: A alternativa (A) &eacute; a correta. Veja que o verbo &ldquo;<em>assiste<\/em>&rdquo; &eacute; transitivo indireto e rege a preposi&ccedil;&atilde;o &ldquo;a&rdquo;. Note que o pronome relativo &ldquo;<em>cujas<\/em>&rdquo; transmite rela&ccedil;&atilde;o de posse. A express&atilde;o &ldquo;<em>cujas consequ&ecirc;ncias<\/em>&rdquo; &eacute; o sujeito do verbo &ldquo;s&atilde;o&rdquo;. A v&iacute;rgula foi tamb&eacute;m corretamente empregada por separar ora&ccedil;&atilde;o subordinada adjetiva explicativa.\n<\/p>\n<p style=\"text-align: justify\">\n\t<em>A humanidade assiste a uma revolu&ccedil;&atilde;o tecnol&oacute;gica e comportamental in&eacute;dita, <u>cujas consequ&ecirc;ncias ainda n&atilde;o s&atilde;o pass&iacute;veis de mensura&ccedil;&atilde;o<\/u><\/em>.\n<\/p>\n<p style=\"text-align: justify\">\n\t&nbsp;&nbsp;&nbsp;&nbsp;&nbsp;&nbsp;&nbsp; A alternativa (B) est&aacute; errada, pois n&atilde;o pode haver v&iacute;rgula entre o sujeito &ldquo;<em>As duas primeiras d&eacute;cadas deste s&eacute;culo<\/em>&rdquo; e o verbo &ldquo;<em>tem<\/em>&rdquo;. Al&eacute;m disso, tal verbo deve concordar com esse sujeito plural. A locu&ccedil;&atilde;o verbal &ldquo;<em>tem assistido<\/em>&rdquo; apresenta o verbo principal transitivo indireto, o qual rege a preposi&ccedil;&atilde;o &ldquo;a&rdquo;. Ademais, a conjun&ccedil;&atilde;o adversativa deslocada &ldquo;<em>entretanto<\/em>&rdquo; deve ser separada por dupla v&iacute;rgula. Por fim, o adjetivo &ldquo;<em>humano<\/em>&rdquo; caracteriza o substantivo &ldquo;<em>desejos<\/em>&rdquo; e com ele deve concordar.\n<\/p>\n<p style=\"text-align: justify\">\n\t<em><u>As duas primeiras d&eacute;cadas deste s&eacute;culo<\/u><\/em><em> <strong>t&ecirc;m<\/strong> assistido <strong>a<\/strong> uma transforma&ccedil;&atilde;o vertiginosa que<\/em><strong><em>,<\/em><\/strong><em> <u>entretanto<\/u>, n&atilde;o satisfaz os <u>desejos<\/u> de expans&atilde;o <strong>humanos<\/strong><\/em>.\n<\/p>\n<p style=\"text-align: justify\">\n\t&nbsp;&nbsp;&nbsp;&nbsp;&nbsp;&nbsp;&nbsp; A alternativa (C) est&aacute; errada, pois o verbo &ldquo;<em>negligenciarem<\/em>&rdquo; &eacute; transitivo direto e n&atilde;o rege preposi&ccedil;&atilde;o &ldquo;a&rdquo;. O infinitivo &ldquo;tirar&rdquo; pode se flexionar no plural, pois pode fazer refer&ecirc;ncia ao substantivo &ldquo;pessoas&rdquo;. Por&eacute;m, o emprego no singular &eacute; admitido por entendermos um infinitivo impessoal, isto &eacute;, o que importa &eacute; a a&ccedil;&atilde;o e n&atilde;o quem a executa. O pronome relativo &ldquo;que&rdquo; se encontra na fun&ccedil;&atilde;o de sujeito em rela&ccedil;&atilde;o &agrave; locu&ccedil;&atilde;o verbal &ldquo;<em>ser&atilde;o apreciadas<\/em>&rdquo;. Assim, n&atilde;o pode ser preposicionado. O pronome relativo &ldquo;<em>o qual<\/em>&rdquo; deve concordar com o seu referente &ldquo;<em>amigos virtuais<\/em>&rdquo;.\n<\/p>\n<p style=\"text-align: justify\">\n\t<em>&Eacute; comum pessoas <u>negligenciarem<\/u> <strong><u>o<\/u><\/strong><u> instante presente<\/u> para <u>tirar<\/u> fotos <strong>que<\/strong> ser&atilde;o apreciadas por <u>amigos virtuais<\/u>, com <strong>os quais<\/strong> n&atilde;o se tem intimidade<\/em>.\n<\/p>\n<p style=\"text-align: justify\">\n\t&nbsp;&nbsp;&nbsp;&nbsp;&nbsp;&nbsp;&nbsp; A alternativa (D) est&aacute; errada, pois n&atilde;o pode haver v&iacute;rgula entre o sujeito &ldquo;<em>o c&eacute;rebro da nova safra de nativos digitais<\/em>&rdquo; e o verbo &ldquo;<em>adapta<\/em>&rdquo;. A express&atilde;o &ldquo;<em>&Eacute; poss&iacute;vel<\/em>&rdquo; transmite possibilidade. Assim, o tempo verbal ideal &eacute; o presente do subjuntivo: &ldquo;<strong><em>adapte<\/em><\/strong>&#8211;<em>se<\/em>&rdquo;. A grafia correta &eacute; &ldquo;<strong><em>a fim de<\/em><\/strong>&rdquo;. O verbo &ldquo;aproveitar&rdquo; &eacute; transitivo direto, por isso n&atilde;o cabe o pronome &ldquo;lhe&rdquo;.\n<\/p>\n<p style=\"text-align: justify\">\n\t<em>&Eacute; poss&iacute;vel que <u>o c&eacute;rebro da nova safra de nativos digitais<\/u> <strong>adapte<\/strong>-se ao contato exacerbado com as <u>m&aacute;quinas<\/u>, <strong>a fim de<\/strong> <strong>aproveit&aacute;-las<\/strong> ao m&aacute;ximo.<\/em>\n<\/p>\n<p style=\"text-align: justify\">\n\t&nbsp;&nbsp;&nbsp;&nbsp;&nbsp;&nbsp;&nbsp; A alternativa (E) est&aacute; errada, pois a flex&atilde;o no futuro do subjuntivo do verbo &ldquo;obter&rdquo; &eacute; &ldquo;<strong><em>obtiverem<\/em><\/strong>&rdquo;. N&atilde;o cabe crase diante da palavra masculina &ldquo;<em>sucesso<\/em>&rdquo;. Como o pronome &ldquo;o&rdquo; deve concordar com &ldquo;jovens&rdquo;, deve se flexionar no plural.\n<\/p>\n<p style=\"text-align: justify\">\n\t<em>Os <u>jovens<\/u> que <strong>obtiverem<\/strong> melhor desempenho com as novas tecnologias far&atilde;o jus <strong>a<\/strong> mais sucesso, por&eacute;m h&aacute; outras habilidades, que podem prejudic&aacute;-<strong>los<\/strong><\/em>.\n<\/p>\n<p style=\"text-align: justify\">\n\t<strong>Gabarito<\/strong>: <strong>A<\/strong>\n<\/p>\n<p style=\"margin-left:1.0cm\">\n\t&nbsp;\n<\/p>\n<p style=\"margin-left:1.0cm\">\n\t&nbsp;\n<\/p>\n<p align=\"center\" style=\"margin-left:1.0cm\">\n\t<strong>Gabarito<\/strong>\n<\/p>\n<p align=\"center\" style=\"margin-left:1.0cm\">\n\t<strong>01 &ndash; C&nbsp;&nbsp;&nbsp;&nbsp;&nbsp;&nbsp; 02 &ndash; A&nbsp;&nbsp;&nbsp;&nbsp;&nbsp;&nbsp; 03 &ndash; D&nbsp;&nbsp;&nbsp;&nbsp;&nbsp;&nbsp; 04 &ndash; B<\/strong>\n<\/p>\n<p align=\"center\" style=\"margin-left:1.0cm\">\n\t<strong>05 &ndash; B&nbsp;&nbsp;&nbsp;&nbsp;&nbsp;&nbsp; 06 &ndash; C&nbsp;&nbsp;&nbsp;&nbsp;&nbsp;&nbsp; 07 &ndash; E&nbsp;&nbsp;&nbsp;&nbsp;&nbsp;&nbsp;&nbsp; 08 &ndash; A<\/strong>\n<\/p>\n<p>\n\t&nbsp;\n<\/p>\n<p>\n\tBom, pessoal, na minha vis&atilde;o, n&atilde;o percebi possibilidade de recurso.\n<\/p>\n<p>\n\tEspero que voc&ecirc;s tenham gosta do&nbsp;Coment&aacute;rio da Prova de Portugu&ecirc;s TRE SP 2017 T&eacute;cnico Judici&aacute;rio.\n<\/p>\n<p>\n\tMais &agrave; frente eu postarei outros artigos com o coment&aacute;rio das demais provas.\n<\/p>\n<p>\n\tGrande abra&ccedil;o!\n<\/p>\n<p>\n\tD&egrave;cio Terror\n<\/p>\n<p>\n\t&nbsp;<\/p>\n","protected":false},"excerpt":{"rendered":"<p>Ol&aacute;, pessoal! Vamos ao Coment&aacute;rio da Prova de Portugu&ecirc;s TRE SP 2017 T&eacute;cnico Judici&aacute;rio. Centro de Mem&oacute;ria Eleitoral &ndash; CEMEL &nbsp;&nbsp;&nbsp;&nbsp;&nbsp;&nbsp;&nbsp; O Centro de Mem&oacute;ria Eleitoral do TRE-SP foi criado em agosto de 1999 e tem por objetivo a execu&ccedil;&atilde;o de a&ccedil;&otilde;es que possibilitem cultivar e difundir a mem&oacute;ria pol&iacute;tico-eleitoral como instrumento eficaz do aprofundamento [&hellip;]<\/p>\n","protected":false},"author":214,"featured_media":0,"comment_status":"open","ping_status":"open","sticky":false,"template":"","format":"standard","meta":{"post_tipo":"article","footnotes":""},"categories":[1],"tags":[2161,2463],"tax_estado":[],"class_list":["post-64790","post","type-post","status-publish","format-standard","hentry","category-cursos-e-concursos","tag-portugues-tre-sp","tag-prova-comentada-tre-sp"],"acf":[],"yoast_head":"<!-- This site is optimized with the Yoast SEO Premium plugin v27.2 (Yoast SEO v27.2) - https:\/\/yoast.com\/product\/yoast-seo-premium-wordpress\/ -->\n<title>Coment\u00e1rio da Prova de Portugu\u00eas TRE SP 2017 T\u00e9cnico Judici\u00e1rio<\/title>\n<meta name=\"robots\" content=\"index, follow, max-snippet:-1, max-image-preview:large, max-video-preview:-1\" \/>\n<link rel=\"canonical\" href=\"https:\/\/www.estrategiaconcursos.com.br\/blog\/comentario-da-prova-de-portugues-tre-sp-2017-tecnico-judiciario\/\" \/>\n<meta property=\"og:locale\" content=\"pt_BR\" \/>\n<meta property=\"og:type\" content=\"article\" \/>\n<meta property=\"og:title\" content=\"Coment\u00e1rio da Prova de Portugu\u00eas TRE SP 2017 T\u00e9cnico Judici\u00e1rio\" \/>\n<meta property=\"og:description\" content=\"Ol&aacute;, pessoal! Vamos ao Coment&aacute;rio da Prova de Portugu&ecirc;s TRE SP 2017 T&eacute;cnico Judici&aacute;rio. Centro de Mem&oacute;ria Eleitoral &ndash; CEMEL &nbsp;&nbsp;&nbsp;&nbsp;&nbsp;&nbsp;&nbsp; O Centro de Mem&oacute;ria Eleitoral do TRE-SP foi criado em agosto de 1999 e tem por objetivo a execu&ccedil;&atilde;o de a&ccedil;&otilde;es que possibilitem cultivar e difundir a mem&oacute;ria pol&iacute;tico-eleitoral como instrumento eficaz do aprofundamento [&hellip;]\" \/>\n<meta property=\"og:url\" content=\"https:\/\/www.estrategiaconcursos.com.br\/blog\/comentario-da-prova-de-portugues-tre-sp-2017-tecnico-judiciario\/\" \/>\n<meta property=\"og:site_name\" content=\"Estrat\u00e9gia Concursos\" \/>\n<meta property=\"article:published_time\" content=\"2017-02-14T13:36:11+00:00\" \/>\n<meta property=\"article:modified_time\" content=\"2017-02-14T13:37:11+00:00\" \/>\n<meta name=\"author\" content=\"D\u00e9cio Terror Filho\" \/>\n<meta name=\"twitter:card\" content=\"summary_large_image\" \/>\n<meta name=\"twitter:creator\" content=\"@EstratConcursos\" \/>\n<meta name=\"twitter:site\" content=\"@EstratConcursos\" \/>\n<meta name=\"twitter:label1\" content=\"Escrito por\" \/>\n\t<meta name=\"twitter:data1\" content=\"D\u00e9cio Terror Filho\" \/>\n\t<meta name=\"twitter:label2\" content=\"Est. tempo de leitura\" \/>\n\t<meta name=\"twitter:data2\" content=\"24 minutos\" \/>\n<script type=\"application\/ld+json\" class=\"yoast-schema-graph\">{\"@context\":\"https:\/\/schema.org\",\"@graph\":[{\"@type\":\"NewsArticle\",\"@id\":\"https:\/\/www.estrategiaconcursos.com.br\/blog\/comentario-da-prova-de-portugues-tre-sp-2017-tecnico-judiciario\/#article\",\"isPartOf\":{\"@id\":\"https:\/\/www.estrategiaconcursos.com.br\/blog\/comentario-da-prova-de-portugues-tre-sp-2017-tecnico-judiciario\/\"},\"author\":{\"name\":\"D\u00e9cio Terror Filho\",\"@id\":\"https:\/\/www.estrategiaconcursos.com.br\/blog\/#\/schema\/person\/e8165364027a31208914fc77c3314727\"},\"headline\":\"Coment\u00e1rio da Prova de Portugu\u00eas TRE SP 2017 T\u00e9cnico Judici\u00e1rio\",\"datePublished\":\"2017-02-14T13:36:11+00:00\",\"dateModified\":\"2017-02-14T13:37:11+00:00\",\"mainEntityOfPage\":{\"@id\":\"https:\/\/www.estrategiaconcursos.com.br\/blog\/comentario-da-prova-de-portugues-tre-sp-2017-tecnico-judiciario\/\"},\"wordCount\":4811,\"commentCount\":9,\"publisher\":{\"@id\":\"https:\/\/www.estrategiaconcursos.com.br\/blog\/#organization\"},\"keywords\":[\"Portugu\u00eas TRE SP\",\"prova comentada tre-sp\"],\"articleSection\":[\"Concursos P\u00fablicos\"],\"inLanguage\":\"pt-BR\",\"potentialAction\":[{\"@type\":\"CommentAction\",\"name\":\"Comment\",\"target\":[\"https:\/\/www.estrategiaconcursos.com.br\/blog\/comentario-da-prova-de-portugues-tre-sp-2017-tecnico-judiciario\/#respond\"]}],\"copyrightYear\":\"2017\",\"copyrightHolder\":{\"@id\":\"https:\/\/www.estrategiaconcursos.com.br\/blog\/#organization\"}},{\"@type\":\"WebPage\",\"@id\":\"https:\/\/www.estrategiaconcursos.com.br\/blog\/comentario-da-prova-de-portugues-tre-sp-2017-tecnico-judiciario\/\",\"url\":\"https:\/\/www.estrategiaconcursos.com.br\/blog\/comentario-da-prova-de-portugues-tre-sp-2017-tecnico-judiciario\/\",\"name\":\"Coment\u00e1rio da Prova de Portugu\u00eas TRE SP 2017 T\u00e9cnico Judici\u00e1rio\",\"isPartOf\":{\"@id\":\"https:\/\/www.estrategiaconcursos.com.br\/blog\/#website\"},\"datePublished\":\"2017-02-14T13:36:11+00:00\",\"dateModified\":\"2017-02-14T13:37:11+00:00\",\"breadcrumb\":{\"@id\":\"https:\/\/www.estrategiaconcursos.com.br\/blog\/comentario-da-prova-de-portugues-tre-sp-2017-tecnico-judiciario\/#breadcrumb\"},\"inLanguage\":\"pt-BR\",\"potentialAction\":[{\"@type\":\"ReadAction\",\"target\":[\"https:\/\/www.estrategiaconcursos.com.br\/blog\/comentario-da-prova-de-portugues-tre-sp-2017-tecnico-judiciario\/\"]}]},{\"@type\":\"BreadcrumbList\",\"@id\":\"https:\/\/www.estrategiaconcursos.com.br\/blog\/comentario-da-prova-de-portugues-tre-sp-2017-tecnico-judiciario\/#breadcrumb\",\"itemListElement\":[{\"@type\":\"ListItem\",\"position\":1,\"name\":\"In\u00edcio\",\"item\":\"https:\/\/www.estrategiaconcursos.com.br\/blog\/\"},{\"@type\":\"ListItem\",\"position\":2,\"name\":\"Coment\u00e1rio da Prova de Portugu\u00eas TRE SP 2017 T\u00e9cnico Judici\u00e1rio\"}]},{\"@type\":\"WebSite\",\"@id\":\"https:\/\/www.estrategiaconcursos.com.br\/blog\/#website\",\"url\":\"https:\/\/www.estrategiaconcursos.com.br\/blog\/\",\"name\":\"Estrat\u00e9gia Concursos\",\"description\":\"O blog da Estrat\u00e9gia Concursos traz not\u00edcias sobre concursos e artigos de professores oferecendo cursos para concursos (pdf + videaulas) no site.\",\"publisher\":{\"@id\":\"https:\/\/www.estrategiaconcursos.com.br\/blog\/#organization\"},\"potentialAction\":[{\"@type\":\"SearchAction\",\"target\":{\"@type\":\"EntryPoint\",\"urlTemplate\":\"https:\/\/www.estrategiaconcursos.com.br\/blog\/?s={search_term_string}\"},\"query-input\":{\"@type\":\"PropertyValueSpecification\",\"valueRequired\":true,\"valueName\":\"search_term_string\"}}],\"inLanguage\":\"pt-BR\"},{\"@type\":\"Organization\",\"@id\":\"https:\/\/www.estrategiaconcursos.com.br\/blog\/#organization\",\"name\":\"Estrat\u00e9gia Concursos\",\"url\":\"https:\/\/www.estrategiaconcursos.com.br\/blog\/\",\"logo\":{\"@type\":\"ImageObject\",\"inLanguage\":\"pt-BR\",\"@id\":\"https:\/\/www.estrategiaconcursos.com.br\/blog\/#\/schema\/logo\/image\/\",\"url\":\"https:\/\/dhg1h5j42swfq.cloudfront.net\/2025\/06\/03203428\/logo_concursos-1.jpg\",\"contentUrl\":\"https:\/\/dhg1h5j42swfq.cloudfront.net\/2025\/06\/03203428\/logo_concursos-1.jpg\",\"width\":230,\"height\":60,\"caption\":\"Estrat\u00e9gia Concursos\"},\"image\":{\"@id\":\"https:\/\/www.estrategiaconcursos.com.br\/blog\/#\/schema\/logo\/image\/\"},\"sameAs\":[\"https:\/\/x.com\/EstratConcursos\"]},{\"@type\":\"Person\",\"@id\":\"https:\/\/www.estrategiaconcursos.com.br\/blog\/#\/schema\/person\/e8165364027a31208914fc77c3314727\",\"name\":\"D\u00e9cio Terror Filho\",\"image\":{\"@type\":\"ImageObject\",\"inLanguage\":\"pt-BR\",\"@id\":\"https:\/\/secure.gravatar.com\/avatar\/a5b78e734de7c6482e965926e78344deb81abbc34282a3c9536cbb1a59728a37?s=96&d=mm&r=g\",\"url\":\"https:\/\/secure.gravatar.com\/avatar\/a5b78e734de7c6482e965926e78344deb81abbc34282a3c9536cbb1a59728a37?s=96&d=mm&r=g\",\"contentUrl\":\"https:\/\/secure.gravatar.com\/avatar\/a5b78e734de7c6482e965926e78344deb81abbc34282a3c9536cbb1a59728a37?s=96&d=mm&r=g\",\"caption\":\"D\u00e9cio Terror Filho\"},\"url\":\"https:\/\/www.estrategiaconcursos.com.br\/blog\/author\/contatoterrorportugues-com-br\/\"}]}<\/script>\n<!-- \/ Yoast SEO Premium plugin. -->","yoast_head_json":{"title":"Coment\u00e1rio da Prova de Portugu\u00eas TRE SP 2017 T\u00e9cnico Judici\u00e1rio","robots":{"index":"index","follow":"follow","max-snippet":"max-snippet:-1","max-image-preview":"max-image-preview:large","max-video-preview":"max-video-preview:-1"},"canonical":"https:\/\/www.estrategiaconcursos.com.br\/blog\/comentario-da-prova-de-portugues-tre-sp-2017-tecnico-judiciario\/","og_locale":"pt_BR","og_type":"article","og_title":"Coment\u00e1rio da Prova de Portugu\u00eas TRE SP 2017 T\u00e9cnico Judici\u00e1rio","og_description":"Ol&aacute;, pessoal! Vamos ao Coment&aacute;rio da Prova de Portugu&ecirc;s TRE SP 2017 T&eacute;cnico Judici&aacute;rio. Centro de Mem&oacute;ria Eleitoral &ndash; CEMEL &nbsp;&nbsp;&nbsp;&nbsp;&nbsp;&nbsp;&nbsp; O Centro de Mem&oacute;ria Eleitoral do TRE-SP foi criado em agosto de 1999 e tem por objetivo a execu&ccedil;&atilde;o de a&ccedil;&otilde;es que possibilitem cultivar e difundir a mem&oacute;ria pol&iacute;tico-eleitoral como instrumento eficaz do aprofundamento [&hellip;]","og_url":"https:\/\/www.estrategiaconcursos.com.br\/blog\/comentario-da-prova-de-portugues-tre-sp-2017-tecnico-judiciario\/","og_site_name":"Estrat\u00e9gia Concursos","article_published_time":"2017-02-14T13:36:11+00:00","article_modified_time":"2017-02-14T13:37:11+00:00","author":"D\u00e9cio Terror Filho","twitter_card":"summary_large_image","twitter_creator":"@EstratConcursos","twitter_site":"@EstratConcursos","twitter_misc":{"Escrito por":"D\u00e9cio Terror Filho","Est. tempo de leitura":"24 minutos"},"schema":{"@context":"https:\/\/schema.org","@graph":[{"@type":"NewsArticle","@id":"https:\/\/www.estrategiaconcursos.com.br\/blog\/comentario-da-prova-de-portugues-tre-sp-2017-tecnico-judiciario\/#article","isPartOf":{"@id":"https:\/\/www.estrategiaconcursos.com.br\/blog\/comentario-da-prova-de-portugues-tre-sp-2017-tecnico-judiciario\/"},"author":{"name":"D\u00e9cio Terror Filho","@id":"https:\/\/www.estrategiaconcursos.com.br\/blog\/#\/schema\/person\/e8165364027a31208914fc77c3314727"},"headline":"Coment\u00e1rio da Prova de Portugu\u00eas TRE SP 2017 T\u00e9cnico Judici\u00e1rio","datePublished":"2017-02-14T13:36:11+00:00","dateModified":"2017-02-14T13:37:11+00:00","mainEntityOfPage":{"@id":"https:\/\/www.estrategiaconcursos.com.br\/blog\/comentario-da-prova-de-portugues-tre-sp-2017-tecnico-judiciario\/"},"wordCount":4811,"commentCount":9,"publisher":{"@id":"https:\/\/www.estrategiaconcursos.com.br\/blog\/#organization"},"keywords":["Portugu\u00eas TRE SP","prova comentada tre-sp"],"articleSection":["Concursos P\u00fablicos"],"inLanguage":"pt-BR","potentialAction":[{"@type":"CommentAction","name":"Comment","target":["https:\/\/www.estrategiaconcursos.com.br\/blog\/comentario-da-prova-de-portugues-tre-sp-2017-tecnico-judiciario\/#respond"]}],"copyrightYear":"2017","copyrightHolder":{"@id":"https:\/\/www.estrategiaconcursos.com.br\/blog\/#organization"}},{"@type":"WebPage","@id":"https:\/\/www.estrategiaconcursos.com.br\/blog\/comentario-da-prova-de-portugues-tre-sp-2017-tecnico-judiciario\/","url":"https:\/\/www.estrategiaconcursos.com.br\/blog\/comentario-da-prova-de-portugues-tre-sp-2017-tecnico-judiciario\/","name":"Coment\u00e1rio da Prova de Portugu\u00eas TRE SP 2017 T\u00e9cnico Judici\u00e1rio","isPartOf":{"@id":"https:\/\/www.estrategiaconcursos.com.br\/blog\/#website"},"datePublished":"2017-02-14T13:36:11+00:00","dateModified":"2017-02-14T13:37:11+00:00","breadcrumb":{"@id":"https:\/\/www.estrategiaconcursos.com.br\/blog\/comentario-da-prova-de-portugues-tre-sp-2017-tecnico-judiciario\/#breadcrumb"},"inLanguage":"pt-BR","potentialAction":[{"@type":"ReadAction","target":["https:\/\/www.estrategiaconcursos.com.br\/blog\/comentario-da-prova-de-portugues-tre-sp-2017-tecnico-judiciario\/"]}]},{"@type":"BreadcrumbList","@id":"https:\/\/www.estrategiaconcursos.com.br\/blog\/comentario-da-prova-de-portugues-tre-sp-2017-tecnico-judiciario\/#breadcrumb","itemListElement":[{"@type":"ListItem","position":1,"name":"In\u00edcio","item":"https:\/\/www.estrategiaconcursos.com.br\/blog\/"},{"@type":"ListItem","position":2,"name":"Coment\u00e1rio da Prova de Portugu\u00eas TRE SP 2017 T\u00e9cnico Judici\u00e1rio"}]},{"@type":"WebSite","@id":"https:\/\/www.estrategiaconcursos.com.br\/blog\/#website","url":"https:\/\/www.estrategiaconcursos.com.br\/blog\/","name":"Estrat\u00e9gia Concursos","description":"O blog da Estrat\u00e9gia Concursos traz not\u00edcias sobre concursos e artigos de professores oferecendo cursos para concursos (pdf + videaulas) no site.","publisher":{"@id":"https:\/\/www.estrategiaconcursos.com.br\/blog\/#organization"},"potentialAction":[{"@type":"SearchAction","target":{"@type":"EntryPoint","urlTemplate":"https:\/\/www.estrategiaconcursos.com.br\/blog\/?s={search_term_string}"},"query-input":{"@type":"PropertyValueSpecification","valueRequired":true,"valueName":"search_term_string"}}],"inLanguage":"pt-BR"},{"@type":"Organization","@id":"https:\/\/www.estrategiaconcursos.com.br\/blog\/#organization","name":"Estrat\u00e9gia Concursos","url":"https:\/\/www.estrategiaconcursos.com.br\/blog\/","logo":{"@type":"ImageObject","inLanguage":"pt-BR","@id":"https:\/\/www.estrategiaconcursos.com.br\/blog\/#\/schema\/logo\/image\/","url":"https:\/\/dhg1h5j42swfq.cloudfront.net\/2025\/06\/03203428\/logo_concursos-1.jpg","contentUrl":"https:\/\/dhg1h5j42swfq.cloudfront.net\/2025\/06\/03203428\/logo_concursos-1.jpg","width":230,"height":60,"caption":"Estrat\u00e9gia Concursos"},"image":{"@id":"https:\/\/www.estrategiaconcursos.com.br\/blog\/#\/schema\/logo\/image\/"},"sameAs":["https:\/\/x.com\/EstratConcursos"]},{"@type":"Person","@id":"https:\/\/www.estrategiaconcursos.com.br\/blog\/#\/schema\/person\/e8165364027a31208914fc77c3314727","name":"D\u00e9cio Terror Filho","image":{"@type":"ImageObject","inLanguage":"pt-BR","@id":"https:\/\/secure.gravatar.com\/avatar\/a5b78e734de7c6482e965926e78344deb81abbc34282a3c9536cbb1a59728a37?s=96&d=mm&r=g","url":"https:\/\/secure.gravatar.com\/avatar\/a5b78e734de7c6482e965926e78344deb81abbc34282a3c9536cbb1a59728a37?s=96&d=mm&r=g","contentUrl":"https:\/\/secure.gravatar.com\/avatar\/a5b78e734de7c6482e965926e78344deb81abbc34282a3c9536cbb1a59728a37?s=96&d=mm&r=g","caption":"D\u00e9cio Terror Filho"},"url":"https:\/\/www.estrategiaconcursos.com.br\/blog\/author\/contatoterrorportugues-com-br\/"}]}},"_links":{"self":[{"href":"https:\/\/www.estrategiaconcursos.com.br\/blog\/wp-json\/wp\/v2\/posts\/64790","targetHints":{"allow":["GET"]}}],"collection":[{"href":"https:\/\/www.estrategiaconcursos.com.br\/blog\/wp-json\/wp\/v2\/posts"}],"about":[{"href":"https:\/\/www.estrategiaconcursos.com.br\/blog\/wp-json\/wp\/v2\/types\/post"}],"author":[{"embeddable":true,"href":"https:\/\/www.estrategiaconcursos.com.br\/blog\/wp-json\/wp\/v2\/users\/214"}],"replies":[{"embeddable":true,"href":"https:\/\/www.estrategiaconcursos.com.br\/blog\/wp-json\/wp\/v2\/comments?post=64790"}],"version-history":[{"count":4,"href":"https:\/\/www.estrategiaconcursos.com.br\/blog\/wp-json\/wp\/v2\/posts\/64790\/revisions"}],"predecessor-version":[{"id":64794,"href":"https:\/\/www.estrategiaconcursos.com.br\/blog\/wp-json\/wp\/v2\/posts\/64790\/revisions\/64794"}],"wp:attachment":[{"href":"https:\/\/www.estrategiaconcursos.com.br\/blog\/wp-json\/wp\/v2\/media?parent=64790"}],"wp:term":[{"taxonomy":"category","embeddable":true,"href":"https:\/\/www.estrategiaconcursos.com.br\/blog\/wp-json\/wp\/v2\/categories?post=64790"},{"taxonomy":"post_tag","embeddable":true,"href":"https:\/\/www.estrategiaconcursos.com.br\/blog\/wp-json\/wp\/v2\/tags?post=64790"},{"taxonomy":"tax_estado","embeddable":true,"href":"https:\/\/www.estrategiaconcursos.com.br\/blog\/wp-json\/wp\/v2\/tax_estado?post=64790"}],"curies":[{"name":"wp","href":"https:\/\/api.w.org\/{rel}","templated":true}]}}