{"id":646436,"date":"2021-03-20T00:21:00","date_gmt":"2021-03-20T03:21:00","guid":{"rendered":"https:\/\/www.estrategiaconcursos.com.br\/blog\/?p=646436"},"modified":"2021-10-21T08:16:52","modified_gmt":"2021-10-21T11:16:52","slug":"edital-pm-sp-soldado-2","status":"publish","type":"post","link":"https:\/\/www.estrategiaconcursos.com.br\/blog\/edital-pm-sp-soldado-2\/","title":{"rendered":"Edital PM SP Soldado: 2.700 vagas; provas reagendadas"},"content":{"rendered":"\n<p>Aten\u00e7\u00e3o concurseiros da \u00e1rea policial! As <strong>provas<\/strong> <strong>objetivas e dissertativas<\/strong> do edital PM SP Soldado foram oficialmente <strong>reagendadas<\/strong>! Elas estavam previstas para o dia <strong>11 de abril de 2021<\/strong>, e agora ocorrer\u00e3o dia 16 de maio. O certame oferta <strong>2.700 vagas<\/strong> para n\u00edvel m\u00e9dio, as oportunidades s\u00e3o para o sexo masculino e feminino.<\/p>\n\n\n\n<p>Os interessados em participar da sele\u00e7\u00e3o puderam realizar as inscri\u00e7\u00f5es no per\u00edodo de<strong> 14 de janeiro a 25 de fevereiro de 2021<\/strong>, no site da banca organizadora, a&nbsp;<strong>Funda\u00e7\u00e3o Vunesp<\/strong>. <\/p>\n\n\n<figure class=\"wp-block-embed-youtube wp-block-embed is-type-video is-provider-youtube wp-embed-aspect-16-9 wp-has-aspect-ratio\"><div class=\"lyte-wrapper\" style=\"width:853px;max-width:100%;margin:5px;\"><div class=\"lyMe\" id=\"WYL_CEEoVGpjQ6g\"><div id=\"lyte_CEEoVGpjQ6g\" data-src=\"\/\/i.ytimg.com\/vi\/CEEoVGpjQ6g\/hqdefault.jpg\" class=\"pL\"><div class=\"tC\"><div class=\"tT\"><\/div><\/div><div class=\"play\"><\/div><div class=\"ctrl\"><div class=\"Lctrl\"><\/div><div class=\"Rctrl\"><\/div><\/div><\/div><noscript><a href=\"https:\/\/youtu.be\/CEEoVGpjQ6g\" rel=\"nofollow\"><img loading=\"lazy\" decoding=\"async\" src=\"https:\/\/i.ytimg.com\/vi\/CEEoVGpjQ6g\/0.jpg\" alt=\"YouTube video thumbnail\" width=\"853\" height=\"460\" \/><br \/>Assista a este v\u00eddeo no YouTube<\/a><\/noscript><\/div><\/div><div class=\"lL\" style=\"max-width:100%;width:853px;margin:5px;\"><\/div><figcaption><\/figcaption><\/figure>\n\n\n<p>Confira neste artigo as principais informa\u00e7\u00f5es do edital da Pol\u00edcia Militar de S\u00e3o Paulo. Acompanhe pelos t\u00f3picos:<\/p>\n\n\n\n<ul class=\"wp-block-list\"><li><strong><a href=\"#h-principais-datas\">Principais datas<\/a><\/strong><\/li><li><strong><a href=\"#h-cargos-vagas\">Cargos, vagas e remunera\u00e7\u00e3o<\/a><\/strong><\/li><li><strong><a href=\"#h-etapas-do-edital-pm-sp-soldado\">Etapas do edital PM SP Soldado<\/a><\/strong><ul><li><strong><a href=\"#h-prova-objetiva\">Prova Objetiva<\/a><\/strong><\/li><li><strong><a href=\"#h-exame-de-aptid-o-f-sica\">Exame de Aptid\u00e3o F\u00edsica<\/a><\/strong><\/li><\/ul><\/li><li><strong><a href=\"#h-quer-estudar-para-o-edital-pm-to\">Assinatura Ilimitada<\/a><\/strong><\/li><li><a href=\"#ficha-tecnica\"><strong>Ficha t\u00e9cnica<\/strong><\/a><\/li><\/ul>\n\n\n\n<h2 class=\"has-text-align-left wp-block-heading\" id=\"h-principais-datas-do-edital-pm-sp-soldado\">Principais datas do edital PM SP Soldado<\/h2>\n\n\n\n<p class=\"has-cyan-bluish-gray-background-color has-background\"><strong>Inscri\u00e7\u00f5es<\/strong>: <s>14 de janeiro a 25 de fevereiro de 2021<\/s><br \/><strong>Redu\u00e7\u00e3o da taxa<\/strong>: 14 a 15 de janeiro de 2021<br \/><strong>Prova<\/strong>: <s>11 de abril de 2021 <\/s><strong> 16 de maio<\/strong><\/p>\n\n\n\n<h2 class=\"wp-block-heading\" id=\"h-cargos-vagas-e-remunera-o-do-edital-pm-sp-soldado\">Cargos, vagas e remunera\u00e7\u00e3o do edital PM SP Soldado<\/h2>\n\n\n\n<figure class=\"wp-block-table is-style-stripes\"><table><tbody><tr><td><strong>CARGO<\/strong><\/td><td><strong>VAGAS<\/strong><\/td><td><strong>REMUNERA\u00c7\u00c3O<\/strong><\/td><\/tr><tr><td>Soldado PM de 2\u00aa Classe<\/td><td>2.700<\/td><td>R$ 3.318,53<\/td><\/tr><\/tbody><\/table><\/figure>\n\n\n\n<p>A remunera\u00e7\u00e3o de R$ 3.318,53 \u00e9 composta de:<\/p>\n\n\n\n<ul class=\"wp-block-list\"><li>padr\u00e3o de <strong>R$ 1.287,33<\/strong>; <\/li><li>regime Especial de Trabalho Policial (RETP), previsto na Lei n\u00ba 10.291\/68, no valor de <strong>R$ 1.287,33<\/strong>; e <\/li><li>insalubridade, prevista na Lei Complementar n\u00ba 432\/85, com altera\u00e7\u00f5es da Lei Complementar n\u00ba 1.179\/12, no valor de <strong>R$ 743,87<\/strong>.<\/li><\/ul>\n\n\n\n<h2 class=\"wp-block-heading\" id=\"h-etapas-do-edital-pm-sp-soldado\">Etapas do edital PM SP Soldado<\/h2>\n\n\n\n<p>De acordo com o edital de abertura, o concurso PM SP Soldado ser\u00e1 composto das seguintes etapas:<\/p>\n\n\n\n<ul class=\"wp-block-list\"><li><strong>Exames de Conhecimentos<\/strong><ul><li>Prova Objetiva (Parte I), de car\u00e1ter eliminat\u00f3rio e classificat\u00f3rio, <\/li><li>Prova Dissertativa (Parte II), de car\u00e1ter eliminat\u00f3rio e classificat\u00f3rio<\/li><\/ul><\/li><li><strong>Exames de Aptid\u00e3o F\u00edsica<\/strong>, de car\u00e1ter eliminat\u00f3rio<\/li><li><strong>Exames de Sa\u00fade<\/strong>, de car\u00e1ter eliminat\u00f3rio<\/li><li><strong>Exames Psicol\u00f3gicos<\/strong>, de car\u00e1ter eliminat\u00f3rio<\/li><li><strong>Avalia\u00e7\u00e3o da Conduta Social<\/strong>, da Reputa\u00e7\u00e3o e da Idoneidade, de car\u00e1ter eliminat\u00f3rio<\/li><li><strong>An\u00e1lise de Documentos,<\/strong> de car\u00e1ter eliminat\u00f3rio<\/li><\/ul>\n\n\n\n<h3 class=\"wp-block-heading\" id=\"h-prova-objetiva\">Prova Objetiva<\/h3>\n\n\n\n<p>A Prova Objetiva (Parte I) ser\u00e1 composta por 60 quest\u00f5es de m\u00faltipla escolha com cinco alternativas cada uma, sendo apenas uma alternativa correta, de acordo com as disciplinas abaixo:<\/p>\n\n\n\n<ul class=\"wp-block-list\"><li><em>L\u00edngua portuguesa e interpreta\u00e7\u00e3o de texto \u2013 20 quest\u00f5es;<\/em><\/li><li><em>Matem\u00e1tica \u2013 15 quest\u00f5es;<\/em><\/li><li><em>Conhecimentos Gerais \u2013 15 quest\u00f5es;<\/em><\/li><li><em>No\u00e7\u00f5es B\u00e1sica de Inform\u00e1tica \u2013 5 quest\u00f5es;<\/em><\/li><li><em>No\u00e7\u00f5es de Administra\u00e7\u00e3o P\u00fablica \u2013 5 quest\u00f5es.<\/em><\/li><\/ul>\n\n\n\n<p>A Prova Objetiva (Parte I) e a Prova Dissertativa (Parte II) ser\u00e3o aplicadas simultaneamente e ter\u00e3o dura\u00e7\u00e3o de 4 horas.<\/p>\n\n\n\n<p>A avalia\u00e7\u00e3o (Parte I) ser\u00e1 avaliada na escala de 0 a 60 pontos. Cada quest\u00e3o ter\u00e1 valor de 1 ponto, sendo considerado habilitado o candidato que obtiver, no m\u00ednimo, 30 pontos.<\/p>\n\n\n\n<h3 class=\"wp-block-heading\" id=\"h-exame-de-aptid-o-f-sica\">Exame de aptid\u00e3o F\u00edsica<\/h3>\n\n\n\n<p>Os Exames de Aptid\u00e3o F\u00edsica, de car\u00e1ter eliminat\u00f3rio, ser\u00e3o compostos, al\u00e9m da aferi\u00e7\u00e3o de altura, pelos seguintes testes:<\/p>\n\n\n\n<ul class=\"wp-block-list\"><li>Apoio de frente sobre o solo (flex\u00e3o e extens\u00e3o de cotovelos), em dec\u00fabito ventral, para o p\u00fablico masculino e apoio de frente no solo (flex\u00e3o e extens\u00e3o de cotovelos), em dec\u00fabito ventral, apoiando os joelhos sobre o banco, para o p\u00fablico feminino;<\/li><li>Resist\u00eancia abdominal, em dec\u00fabito dorsal (tipo remador);<\/li><li>Corrida de 50 metros;<\/li><li>Corrida de 12  minutos.<\/li><\/ul>\n\n\n\n<p>O candidato dever\u00e1 trajar, em todos os testes, vestimenta adequada para a pr\u00e1tica desportiva, ou seja, shorts (masculino), vestimenta esportiva tipo \u201clegging\u201d, bermuda com tecido esportivo tipo suplex ou lycra (feminino), t\u00eanis ou sapatilhas, meias e camiseta regata ou de manga curta, sendo facultado o uso de bermuda t\u00e9rmica, recomendando-se \u00e0s candidatas do sexo feminino a utiliza\u00e7\u00e3o de top esportivo sob a camiseta.<\/p>\n\n\n\n<h2 class=\"wp-block-heading\" id=\"guia\">Guia de Estudos para a PM SP<\/h2>\n\n\n\n<p class=\"has-text-align-center has-very-light-gray-background-color has-background has-medium-font-size\"><strong>ACESSE:&nbsp;<\/strong><a href=\"https:\/\/www.estrategiaconcursos.com.br\/blog\/guia-de-estudos-para-pm-sp-2021\/\" target=\"_blank\" rel=\"noreferrer noopener\"><strong>Guia de Estudos para o PM SP<\/strong> <strong>2021<\/strong><\/a><\/p>\n\n\n\n<h2 class=\"has-text-align-center wp-block-heading\" id=\"h-quer-estudar-para-o-edital-pm-sp-soldado\">Quer estudar para o edital PM SP Soldado?<\/h2>\n\n\n\n<div class=\"container\" id=\"boxes\">\n  <div class=\"row\">\n\n    <div class=\"col-sm\">\n      <div class=\"banner-policial\" id=\"box-assinatura\">\n        <h3 class=\"titulo-assinatura\">Curso PMSP<\/h3>\n        <p class=\"subtitulo-assinatura\">Conhe\u00e7a os cursos<\/p>\n        <div class=\"box-botao\">\n          <a class=\"btn-assinatura\" target=\"_blank\" href=\"https:\/\/www.estrategiaconcursos.com.br\/curso\/promocao-pacote-completo-p-pm-sp-soldado-pos-edital\/\" role=\"button\" rel=\"noopener noreferrer\">Conhe\u00e7a mais<\/a>\n        <\/div>\n      <\/div>\n      \n    <\/div>\n\n  <\/div>\n<\/div>\n\n\n\n<div class=\"container\" id=\"boxes\">\n  <div class=\"row\">\n\n    <div class=\"col-sm\">\n      <div class=\"estrategia\" id=\"box-assinatura\">\n        <h3 class=\"titulo-assinatura\">Assinatura Ilimitada<\/h3>\n        <p class=\"subtitulo-assinatura\">Assinatura Anual Ilimitada*<\/p>\n        <div class=\"box-botao\">\n          <a class=\"btn-assinatura\" target=\"_blank\" href=\"https:\/\/www.estrategiaconcursos.com.br\/assinaturas\/\" role=\"button\" rel=\"noopener noreferrer\">ASSINE AGORA<\/a>\n        <\/div>\n      <\/div>\n      <p class=\"texto-auxiliar\">Prepare-se com o melhor material e com quem mais aprova em Concursos P\u00fablicos em todo o pa\u00eds. Assine agora a nossa Assinatura Anual e tenha acesso ilimitado* a todos os nossos cursos.<\/p>\n    <\/div>\n\n    <div class=\"col-sm\">\n      <div class=\"questoes\" id=\"box-assinatura\">\n        <h3 class=\"titulo-assinatura\">Sistema de Quest\u00f5es<\/h3>\n        <p class=\"subtitulo-assinatura\">Assinatura Ilimitada*<\/p>\n        <div class=\"box-botao\">\n          <a class=\"btn-assinatura\" target=\"_blank\" href=\"https:\/\/www.estrategiaconcursos.com.br\/cursosPorConcurso\/sistema-de-questoes\/#\/\" role=\"button\" rel=\"noopener noreferrer\">ASSINE AGORA<\/a>\n        <\/div>\n      <\/div>\n      <p class=\"texto-auxiliar\">Estrat\u00e9gia Quest\u00f5es nasceu maior do que todos os concorrentes, com mais quest\u00f5es cadastradas e mais solu\u00e7\u00f5es por professores. Clique no link e aproveite os descontos e b\u00f4nus imperd\u00edveis!<\/p>\n    <\/div>\n  <\/div>\n<\/div>\n\n\n\n<figure class=\"wp-block-image\"><img loading=\"lazy\" decoding=\"async\" width=\"300\" height=\"102\" src=\"https:\/\/dhg1h5j42swfq.cloudfront.net\/2019\/05\/29143052\/coruja-ficha-tecnica-300x1025.png\" alt=\"Ficha t\u00e9cnica concurso PM SP\" class=\"wp-image-380136\"\/><\/figure>\n\n\n\n<h3 class=\"wp-block-heading\" id=\"ficha-tecnica\">Ficha t\u00e9cnica PM SP Soldado<\/h3>\n\n\n\n<p>\u25ba<strong>Provas<\/strong>: SUSPENSAS<br \/>\u25ba<strong>Vagas<\/strong>: 2.700 <br \/>\u25ba<strong>Cargos<\/strong>: Soldado 2\u00aa classe<br \/>\u25ba<strong>Banca<\/strong>: Vunesp<br \/>\u25ba<strong>Escolaridade<\/strong>: N\u00edvel m\u00e9dio<br \/>\u25ba<strong> Edital<\/strong>: <a href=\"https:\/\/dhg1h5j42swfq.cloudfront.net\/2021\/01\/09091749\/pm-sp-edital.pdf\" target=\"_blank\" rel=\"noreferrer noopener\">PM SP Soldado<\/a><\/p>\n","protected":false},"excerpt":{"rendered":"<p>Aten\u00e7\u00e3o concurseiros da \u00e1rea policial! As provas objetivas e dissertativas do edital PM SP Soldado foram oficialmente reagendadas! Elas estavam previstas para o dia 11 de abril de 2021, e agora ocorrer\u00e3o dia 16 de maio. O certame oferta 2.700 vagas para n\u00edvel m\u00e9dio, as oportunidades s\u00e3o para o sexo masculino e feminino. Os interessados [&hellip;]<\/p>\n","protected":false},"author":1,"featured_media":633759,"comment_status":"open","ping_status":"closed","sticky":false,"template":"","format":"standard","meta":{"post_tipo":"news","footnotes":""},"categories":[1988],"tags":[],"tax_estado":[219989],"class_list":["post-646436","post","type-post","status-publish","format-standard","has-post-thumbnail","hentry","category-policia","tax_estado-sp"],"acf":[],"yoast_head":"<!-- This site is optimized with the Yoast SEO Premium plugin v27.2 (Yoast SEO v27.2) - https:\/\/yoast.com\/product\/yoast-seo-premium-wordpress\/ -->\n<title>Edital PM SP Soldado: 2.700 vagas; provas reagendadas<\/title>\n<meta name=\"description\" content=\"Aten\u00e7\u00e3o concurseiros da \u00e1rea policial! Inscri\u00e7\u00f5es abertas para o edital PM SP Soldado! O certame oferta 2.700 vagas!\" \/>\n<meta name=\"robots\" content=\"index, follow, max-snippet:-1, max-image-preview:large, max-video-preview:-1\" \/>\n<link rel=\"canonical\" href=\"https:\/\/www.estrategiaconcursos.com.br\/blog\/edital-pm-sp-soldado-2\/\" \/>\n<meta property=\"og:locale\" content=\"pt_BR\" \/>\n<meta property=\"og:type\" content=\"article\" \/>\n<meta property=\"og:title\" content=\"Edital PM SP Soldado: 2.700 vagas; provas reagendadas\" \/>\n<meta property=\"og:description\" content=\"Aten\u00e7\u00e3o concurseiros da \u00e1rea policial! Inscri\u00e7\u00f5es abertas para o edital PM SP Soldado! O certame oferta 2.700 vagas!\" \/>\n<meta property=\"og:url\" content=\"https:\/\/www.estrategiaconcursos.com.br\/blog\/edital-pm-sp-soldado-2\/\" \/>\n<meta property=\"og:site_name\" content=\"Estrat\u00e9gia Concursos\" \/>\n<meta property=\"article:author\" content=\"https:\/\/www.facebook.com\/EstrategiaConcursos\" \/>\n<meta property=\"article:published_time\" content=\"2021-03-20T03:21:00+00:00\" \/>\n<meta property=\"article:modified_time\" content=\"2021-10-21T11:16:52+00:00\" \/>\n<meta property=\"og:image\" content=\"https:\/\/dhg1h5j42swfq.cloudfront.net\/2020\/12\/18102856\/saiu-edital-5-1.png\" \/>\n\t<meta property=\"og:image:width\" content=\"1200\" \/>\n\t<meta property=\"og:image:height\" content=\"628\" \/>\n\t<meta property=\"og:image:type\" content=\"image\/png\" \/>\n<meta name=\"author\" content=\"Coordena\u00e7\u00e3o\" \/>\n<meta name=\"twitter:card\" content=\"summary_large_image\" \/>\n<meta name=\"twitter:creator\" content=\"@EstratConcursos\" \/>\n<meta name=\"twitter:site\" content=\"@EstratConcursos\" \/>\n<meta name=\"twitter:label1\" content=\"Escrito por\" \/>\n\t<meta name=\"twitter:data1\" content=\"Coordena\u00e7\u00e3o\" \/>\n\t<meta name=\"twitter:label2\" content=\"Est. tempo de leitura\" \/>\n\t<meta name=\"twitter:data2\" content=\"4 minutos\" \/>\n<script type=\"application\/ld+json\" class=\"yoast-schema-graph\">{\"@context\":\"https:\/\/schema.org\",\"@graph\":[{\"@type\":\"NewsArticle\",\"@id\":\"https:\/\/www.estrategiaconcursos.com.br\/blog\/edital-pm-sp-soldado-2\/#article\",\"isPartOf\":{\"@id\":\"https:\/\/www.estrategiaconcursos.com.br\/blog\/edital-pm-sp-soldado-2\/\"},\"author\":{\"name\":\"Coordena\u00e7\u00e3o\",\"@id\":\"https:\/\/www.estrategiaconcursos.com.br\/blog\/#\/schema\/person\/b4a388c97673c5f483d72185668afa1f\"},\"headline\":\"Edital PM SP Soldado: 2.700 vagas; provas reagendadas\",\"datePublished\":\"2021-03-20T03:21:00+00:00\",\"dateModified\":\"2021-10-21T11:16:52+00:00\",\"mainEntityOfPage\":{\"@id\":\"https:\/\/www.estrategiaconcursos.com.br\/blog\/edital-pm-sp-soldado-2\/\"},\"wordCount\":764,\"commentCount\":0,\"publisher\":{\"@id\":\"https:\/\/www.estrategiaconcursos.com.br\/blog\/#organization\"},\"image\":{\"@id\":\"https:\/\/www.estrategiaconcursos.com.br\/blog\/edital-pm-sp-soldado-2\/#primaryimage\"},\"thumbnailUrl\":\"https:\/\/dhg1h5j42swfq.cloudfront.net\/2020\/12\/18102856\/saiu-edital-5-1.png\",\"articleSection\":[\"Policial (Agente, Escriv\u00e3o e Investigador)\"],\"inLanguage\":\"pt-BR\",\"potentialAction\":[{\"@type\":\"CommentAction\",\"name\":\"Comment\",\"target\":[\"https:\/\/www.estrategiaconcursos.com.br\/blog\/edital-pm-sp-soldado-2\/#respond\"]}],\"copyrightYear\":\"2021\",\"copyrightHolder\":{\"@id\":\"https:\/\/www.estrategiaconcursos.com.br\/blog\/#organization\"}},{\"@type\":\"WebPage\",\"@id\":\"https:\/\/www.estrategiaconcursos.com.br\/blog\/edital-pm-sp-soldado-2\/\",\"url\":\"https:\/\/www.estrategiaconcursos.com.br\/blog\/edital-pm-sp-soldado-2\/\",\"name\":\"Edital PM SP Soldado: 2.700 vagas; provas reagendadas\",\"isPartOf\":{\"@id\":\"https:\/\/www.estrategiaconcursos.com.br\/blog\/#website\"},\"primaryImageOfPage\":{\"@id\":\"https:\/\/www.estrategiaconcursos.com.br\/blog\/edital-pm-sp-soldado-2\/#primaryimage\"},\"image\":{\"@id\":\"https:\/\/www.estrategiaconcursos.com.br\/blog\/edital-pm-sp-soldado-2\/#primaryimage\"},\"thumbnailUrl\":\"https:\/\/dhg1h5j42swfq.cloudfront.net\/2020\/12\/18102856\/saiu-edital-5-1.png\",\"datePublished\":\"2021-03-20T03:21:00+00:00\",\"dateModified\":\"2021-10-21T11:16:52+00:00\",\"description\":\"Aten\u00e7\u00e3o concurseiros da \u00e1rea policial! Inscri\u00e7\u00f5es abertas para o edital PM SP Soldado! O certame oferta 2.700 vagas!\",\"breadcrumb\":{\"@id\":\"https:\/\/www.estrategiaconcursos.com.br\/blog\/edital-pm-sp-soldado-2\/#breadcrumb\"},\"inLanguage\":\"pt-BR\",\"potentialAction\":[{\"@type\":\"ReadAction\",\"target\":[\"https:\/\/www.estrategiaconcursos.com.br\/blog\/edital-pm-sp-soldado-2\/\"]}]},{\"@type\":\"ImageObject\",\"inLanguage\":\"pt-BR\",\"@id\":\"https:\/\/www.estrategiaconcursos.com.br\/blog\/edital-pm-sp-soldado-2\/#primaryimage\",\"url\":\"https:\/\/dhg1h5j42swfq.cloudfront.net\/2020\/12\/18102856\/saiu-edital-5-1.png\",\"contentUrl\":\"https:\/\/dhg1h5j42swfq.cloudfront.net\/2020\/12\/18102856\/saiu-edital-5-1.png\",\"width\":1200,\"height\":628,\"caption\":\"concurso ifrj\"},{\"@type\":\"BreadcrumbList\",\"@id\":\"https:\/\/www.estrategiaconcursos.com.br\/blog\/edital-pm-sp-soldado-2\/#breadcrumb\",\"itemListElement\":[{\"@type\":\"ListItem\",\"position\":1,\"name\":\"In\u00edcio\",\"item\":\"https:\/\/www.estrategiaconcursos.com.br\/blog\/\"},{\"@type\":\"ListItem\",\"position\":2,\"name\":\"Edital PM SP Soldado: 2.700 vagas; provas reagendadas\"}]},{\"@type\":\"WebSite\",\"@id\":\"https:\/\/www.estrategiaconcursos.com.br\/blog\/#website\",\"url\":\"https:\/\/www.estrategiaconcursos.com.br\/blog\/\",\"name\":\"Estrat\u00e9gia Concursos\",\"description\":\"O blog da Estrat\u00e9gia Concursos traz not\u00edcias sobre concursos e artigos de professores oferecendo cursos para concursos (pdf + videaulas) no site.\",\"publisher\":{\"@id\":\"https:\/\/www.estrategiaconcursos.com.br\/blog\/#organization\"},\"potentialAction\":[{\"@type\":\"SearchAction\",\"target\":{\"@type\":\"EntryPoint\",\"urlTemplate\":\"https:\/\/www.estrategiaconcursos.com.br\/blog\/?s={search_term_string}\"},\"query-input\":{\"@type\":\"PropertyValueSpecification\",\"valueRequired\":true,\"valueName\":\"search_term_string\"}}],\"inLanguage\":\"pt-BR\"},{\"@type\":\"Organization\",\"@id\":\"https:\/\/www.estrategiaconcursos.com.br\/blog\/#organization\",\"name\":\"Estrat\u00e9gia Concursos\",\"url\":\"https:\/\/www.estrategiaconcursos.com.br\/blog\/\",\"logo\":{\"@type\":\"ImageObject\",\"inLanguage\":\"pt-BR\",\"@id\":\"https:\/\/www.estrategiaconcursos.com.br\/blog\/#\/schema\/logo\/image\/\",\"url\":\"https:\/\/dhg1h5j42swfq.cloudfront.net\/2025\/06\/03203428\/logo_concursos-1.jpg\",\"contentUrl\":\"https:\/\/dhg1h5j42swfq.cloudfront.net\/2025\/06\/03203428\/logo_concursos-1.jpg\",\"width\":230,\"height\":60,\"caption\":\"Estrat\u00e9gia Concursos\"},\"image\":{\"@id\":\"https:\/\/www.estrategiaconcursos.com.br\/blog\/#\/schema\/logo\/image\/\"},\"sameAs\":[\"https:\/\/x.com\/EstratConcursos\"]},{\"@type\":\"Person\",\"@id\":\"https:\/\/www.estrategiaconcursos.com.br\/blog\/#\/schema\/person\/b4a388c97673c5f483d72185668afa1f\",\"name\":\"Coordena\u00e7\u00e3o\",\"image\":{\"@type\":\"ImageObject\",\"inLanguage\":\"pt-BR\",\"@id\":\"https:\/\/secure.gravatar.com\/avatar\/b720319e4c9a967eb58678d110f4fe35452fc5d5f97b202bac7b8acceb18c6ad?s=96&d=mm&r=g\",\"url\":\"https:\/\/secure.gravatar.com\/avatar\/b720319e4c9a967eb58678d110f4fe35452fc5d5f97b202bac7b8acceb18c6ad?s=96&d=mm&r=g\",\"contentUrl\":\"https:\/\/secure.gravatar.com\/avatar\/b720319e4c9a967eb58678d110f4fe35452fc5d5f97b202bac7b8acceb18c6ad?s=96&d=mm&r=g\",\"caption\":\"Coordena\u00e7\u00e3o\"},\"sameAs\":[\"https:\/\/www.facebook.com\/EstrategiaConcursos\",\"https:\/\/x.com\/EstratConcursos\"],\"url\":\"https:\/\/www.estrategiaconcursos.com.br\/blog\/author\/estrategia2013\/\"}]}<\/script>\n<!-- \/ Yoast SEO Premium plugin. -->","yoast_head_json":{"title":"Edital PM SP Soldado: 2.700 vagas; provas reagendadas","description":"Aten\u00e7\u00e3o concurseiros da \u00e1rea policial! Inscri\u00e7\u00f5es abertas para o edital PM SP Soldado! O certame oferta 2.700 vagas!","robots":{"index":"index","follow":"follow","max-snippet":"max-snippet:-1","max-image-preview":"max-image-preview:large","max-video-preview":"max-video-preview:-1"},"canonical":"https:\/\/www.estrategiaconcursos.com.br\/blog\/edital-pm-sp-soldado-2\/","og_locale":"pt_BR","og_type":"article","og_title":"Edital PM SP Soldado: 2.700 vagas; provas reagendadas","og_description":"Aten\u00e7\u00e3o concurseiros da \u00e1rea policial! Inscri\u00e7\u00f5es abertas para o edital PM SP Soldado! O certame oferta 2.700 vagas!","og_url":"https:\/\/www.estrategiaconcursos.com.br\/blog\/edital-pm-sp-soldado-2\/","og_site_name":"Estrat\u00e9gia Concursos","article_author":"https:\/\/www.facebook.com\/EstrategiaConcursos","article_published_time":"2021-03-20T03:21:00+00:00","article_modified_time":"2021-10-21T11:16:52+00:00","og_image":[{"width":1200,"height":628,"url":"https:\/\/dhg1h5j42swfq.cloudfront.net\/2020\/12\/18102856\/saiu-edital-5-1.png","type":"image\/png"}],"author":"Coordena\u00e7\u00e3o","twitter_card":"summary_large_image","twitter_creator":"@EstratConcursos","twitter_site":"@EstratConcursos","twitter_misc":{"Escrito por":"Coordena\u00e7\u00e3o","Est. tempo de leitura":"4 minutos"},"schema":{"@context":"https:\/\/schema.org","@graph":[{"@type":"NewsArticle","@id":"https:\/\/www.estrategiaconcursos.com.br\/blog\/edital-pm-sp-soldado-2\/#article","isPartOf":{"@id":"https:\/\/www.estrategiaconcursos.com.br\/blog\/edital-pm-sp-soldado-2\/"},"author":{"name":"Coordena\u00e7\u00e3o","@id":"https:\/\/www.estrategiaconcursos.com.br\/blog\/#\/schema\/person\/b4a388c97673c5f483d72185668afa1f"},"headline":"Edital PM SP Soldado: 2.700 vagas; provas reagendadas","datePublished":"2021-03-20T03:21:00+00:00","dateModified":"2021-10-21T11:16:52+00:00","mainEntityOfPage":{"@id":"https:\/\/www.estrategiaconcursos.com.br\/blog\/edital-pm-sp-soldado-2\/"},"wordCount":764,"commentCount":0,"publisher":{"@id":"https:\/\/www.estrategiaconcursos.com.br\/blog\/#organization"},"image":{"@id":"https:\/\/www.estrategiaconcursos.com.br\/blog\/edital-pm-sp-soldado-2\/#primaryimage"},"thumbnailUrl":"https:\/\/dhg1h5j42swfq.cloudfront.net\/2020\/12\/18102856\/saiu-edital-5-1.png","articleSection":["Policial (Agente, Escriv\u00e3o e Investigador)"],"inLanguage":"pt-BR","potentialAction":[{"@type":"CommentAction","name":"Comment","target":["https:\/\/www.estrategiaconcursos.com.br\/blog\/edital-pm-sp-soldado-2\/#respond"]}],"copyrightYear":"2021","copyrightHolder":{"@id":"https:\/\/www.estrategiaconcursos.com.br\/blog\/#organization"}},{"@type":"WebPage","@id":"https:\/\/www.estrategiaconcursos.com.br\/blog\/edital-pm-sp-soldado-2\/","url":"https:\/\/www.estrategiaconcursos.com.br\/blog\/edital-pm-sp-soldado-2\/","name":"Edital PM SP Soldado: 2.700 vagas; provas reagendadas","isPartOf":{"@id":"https:\/\/www.estrategiaconcursos.com.br\/blog\/#website"},"primaryImageOfPage":{"@id":"https:\/\/www.estrategiaconcursos.com.br\/blog\/edital-pm-sp-soldado-2\/#primaryimage"},"image":{"@id":"https:\/\/www.estrategiaconcursos.com.br\/blog\/edital-pm-sp-soldado-2\/#primaryimage"},"thumbnailUrl":"https:\/\/dhg1h5j42swfq.cloudfront.net\/2020\/12\/18102856\/saiu-edital-5-1.png","datePublished":"2021-03-20T03:21:00+00:00","dateModified":"2021-10-21T11:16:52+00:00","description":"Aten\u00e7\u00e3o concurseiros da \u00e1rea policial! Inscri\u00e7\u00f5es abertas para o edital PM SP Soldado! O certame oferta 2.700 vagas!","breadcrumb":{"@id":"https:\/\/www.estrategiaconcursos.com.br\/blog\/edital-pm-sp-soldado-2\/#breadcrumb"},"inLanguage":"pt-BR","potentialAction":[{"@type":"ReadAction","target":["https:\/\/www.estrategiaconcursos.com.br\/blog\/edital-pm-sp-soldado-2\/"]}]},{"@type":"ImageObject","inLanguage":"pt-BR","@id":"https:\/\/www.estrategiaconcursos.com.br\/blog\/edital-pm-sp-soldado-2\/#primaryimage","url":"https:\/\/dhg1h5j42swfq.cloudfront.net\/2020\/12\/18102856\/saiu-edital-5-1.png","contentUrl":"https:\/\/dhg1h5j42swfq.cloudfront.net\/2020\/12\/18102856\/saiu-edital-5-1.png","width":1200,"height":628,"caption":"concurso ifrj"},{"@type":"BreadcrumbList","@id":"https:\/\/www.estrategiaconcursos.com.br\/blog\/edital-pm-sp-soldado-2\/#breadcrumb","itemListElement":[{"@type":"ListItem","position":1,"name":"In\u00edcio","item":"https:\/\/www.estrategiaconcursos.com.br\/blog\/"},{"@type":"ListItem","position":2,"name":"Edital PM SP Soldado: 2.700 vagas; provas reagendadas"}]},{"@type":"WebSite","@id":"https:\/\/www.estrategiaconcursos.com.br\/blog\/#website","url":"https:\/\/www.estrategiaconcursos.com.br\/blog\/","name":"Estrat\u00e9gia Concursos","description":"O blog da Estrat\u00e9gia Concursos traz not\u00edcias sobre concursos e artigos de professores oferecendo cursos para concursos (pdf + videaulas) no site.","publisher":{"@id":"https:\/\/www.estrategiaconcursos.com.br\/blog\/#organization"},"potentialAction":[{"@type":"SearchAction","target":{"@type":"EntryPoint","urlTemplate":"https:\/\/www.estrategiaconcursos.com.br\/blog\/?s={search_term_string}"},"query-input":{"@type":"PropertyValueSpecification","valueRequired":true,"valueName":"search_term_string"}}],"inLanguage":"pt-BR"},{"@type":"Organization","@id":"https:\/\/www.estrategiaconcursos.com.br\/blog\/#organization","name":"Estrat\u00e9gia Concursos","url":"https:\/\/www.estrategiaconcursos.com.br\/blog\/","logo":{"@type":"ImageObject","inLanguage":"pt-BR","@id":"https:\/\/www.estrategiaconcursos.com.br\/blog\/#\/schema\/logo\/image\/","url":"https:\/\/dhg1h5j42swfq.cloudfront.net\/2025\/06\/03203428\/logo_concursos-1.jpg","contentUrl":"https:\/\/dhg1h5j42swfq.cloudfront.net\/2025\/06\/03203428\/logo_concursos-1.jpg","width":230,"height":60,"caption":"Estrat\u00e9gia Concursos"},"image":{"@id":"https:\/\/www.estrategiaconcursos.com.br\/blog\/#\/schema\/logo\/image\/"},"sameAs":["https:\/\/x.com\/EstratConcursos"]},{"@type":"Person","@id":"https:\/\/www.estrategiaconcursos.com.br\/blog\/#\/schema\/person\/b4a388c97673c5f483d72185668afa1f","name":"Coordena\u00e7\u00e3o","image":{"@type":"ImageObject","inLanguage":"pt-BR","@id":"https:\/\/secure.gravatar.com\/avatar\/b720319e4c9a967eb58678d110f4fe35452fc5d5f97b202bac7b8acceb18c6ad?s=96&d=mm&r=g","url":"https:\/\/secure.gravatar.com\/avatar\/b720319e4c9a967eb58678d110f4fe35452fc5d5f97b202bac7b8acceb18c6ad?s=96&d=mm&r=g","contentUrl":"https:\/\/secure.gravatar.com\/avatar\/b720319e4c9a967eb58678d110f4fe35452fc5d5f97b202bac7b8acceb18c6ad?s=96&d=mm&r=g","caption":"Coordena\u00e7\u00e3o"},"sameAs":["https:\/\/www.facebook.com\/EstrategiaConcursos","https:\/\/x.com\/EstratConcursos"],"url":"https:\/\/www.estrategiaconcursos.com.br\/blog\/author\/estrategia2013\/"}]}},"_links":{"self":[{"href":"https:\/\/www.estrategiaconcursos.com.br\/blog\/wp-json\/wp\/v2\/posts\/646436","targetHints":{"allow":["GET"]}}],"collection":[{"href":"https:\/\/www.estrategiaconcursos.com.br\/blog\/wp-json\/wp\/v2\/posts"}],"about":[{"href":"https:\/\/www.estrategiaconcursos.com.br\/blog\/wp-json\/wp\/v2\/types\/post"}],"author":[{"embeddable":true,"href":"https:\/\/www.estrategiaconcursos.com.br\/blog\/wp-json\/wp\/v2\/users\/1"}],"replies":[{"embeddable":true,"href":"https:\/\/www.estrategiaconcursos.com.br\/blog\/wp-json\/wp\/v2\/comments?post=646436"}],"version-history":[{"count":39,"href":"https:\/\/www.estrategiaconcursos.com.br\/blog\/wp-json\/wp\/v2\/posts\/646436\/revisions"}],"predecessor-version":[{"id":726404,"href":"https:\/\/www.estrategiaconcursos.com.br\/blog\/wp-json\/wp\/v2\/posts\/646436\/revisions\/726404"}],"wp:featuredmedia":[{"embeddable":true,"href":"https:\/\/www.estrategiaconcursos.com.br\/blog\/wp-json\/wp\/v2\/media\/633759"}],"wp:attachment":[{"href":"https:\/\/www.estrategiaconcursos.com.br\/blog\/wp-json\/wp\/v2\/media?parent=646436"}],"wp:term":[{"taxonomy":"category","embeddable":true,"href":"https:\/\/www.estrategiaconcursos.com.br\/blog\/wp-json\/wp\/v2\/categories?post=646436"},{"taxonomy":"post_tag","embeddable":true,"href":"https:\/\/www.estrategiaconcursos.com.br\/blog\/wp-json\/wp\/v2\/tags?post=646436"},{"taxonomy":"tax_estado","embeddable":true,"href":"https:\/\/www.estrategiaconcursos.com.br\/blog\/wp-json\/wp\/v2\/tax_estado?post=646436"}],"curies":[{"name":"wp","href":"https:\/\/api.w.org\/{rel}","templated":true}]}}