{"id":64351,"date":"2017-02-09T14:04:04","date_gmt":"2017-02-09T17:04:04","guid":{"rendered":"https:\/\/www.estrategiaconcursos.com.br\/blog\/?p=64351"},"modified":"2018-09-28T14:10:24","modified_gmt":"2018-09-28T17:10:24","slug":"consulta-publica-enem-prorrogada-possiveis-mudancas-caminho","status":"publish","type":"post","link":"https:\/\/www.estrategiaconcursos.com.br\/blog\/consulta-publica-enem-prorrogada-possiveis-mudancas-caminho\/","title":{"rendered":"Consulta p\u00fablica ENEM prorrogada &#8211; poss\u00edveis mudan\u00e7as a caminho"},"content":{"rendered":"<p><img loading=\"lazy\" decoding=\"async\" class=\"size-medium wp-image-64360 alignleft\" title=\"\" src=\"https:\/\/dhg1h5j42swfq.cloudfront.net\/2017\/02\/09135311\/INEP-consulta-p%C3%BAblica.jpg\" alt=\"\" width=\"300\" height=\"53\" srcset=\"https:\/\/dhg1h5j42swfq.cloudfront.net\/2017\/02\/09135311\/INEP-consulta-p%C3%BAblica.jpg 707w, https:\/\/dhg1h5j42swfq.cloudfront.net\/2017\/02\/09135311\/INEP-consulta-p%C3%BAblica.jpg 300w, https:\/\/dhg1h5j42swfq.cloudfront.net\/2017\/02\/09135311\/INEP-consulta-p%C3%BAblica.jpg 500w\" sizes=\"auto, (max-width: 300px) 100vw, 300px\" \/>Ol\u00e1 caros alunos e interessados!<\/p>\n<p>Desde o dia\u00a017 de janeiro est\u00e1 aberta uma consulta p\u00fablica a respeito de algumas poss\u00edveis mudan\u00e7as no Exame Nacional do Ensino M\u00e9dio (ENEM).<\/p>\n<p>A consulta estava prevista para encerrar em 10 de fevereiro, mas o governo decidiu encerr\u00e1-la somente em 17 de fevereiro.<\/p>\n<p>A consulta est\u00e1 acess\u00edvel pelo <a href=\"http:\/\/www.inep.gov.br\/\">site do Inep<\/a>\u00a0e diz respeito aos seguintes itens:<\/p>\n<ul>\n<li>se a realiza\u00e7\u00e3o do ENEM deve passar a ser feita em apenas um dia, ao inv\u00e9s dos dois dias do formato atual;<\/li>\n<li>caso mantida a aplica\u00e7\u00e3o em dois dias, se esta deve ocorrer no s\u00e1bado e domingo, ou no domingo e segunda, ou em dois domingos seguidos;<\/li>\n<li>se a aplica\u00e7\u00e3o do Exame poderia ser feita via computador.<\/li>\n<\/ul>\n<p>Por fim, \u00e9 aberto um campo para que voc\u00ea deixe suas sugest\u00f5es. Eu, particularmente, acho que o Exame at\u00e9 pode ser aplicado em apenas um dia (mais barato pro Governo e menos cansativo pros candidatos). No entanto, creio que n\u00e3o possu\u00edmos ainda uma forma de manter a lisura do certame caso ele seja aplicado via computador, o que a meu ver daria margem a algum tipo de fraude. O que voc\u00eas acham? Deixe sua opini\u00e3o nos coment\u00e1rios!<\/p>\n<p>Ah, nas pr\u00f3ximas semanas teremos Aul\u00f5es AO VIVO pelo YouTube sobre as mat\u00e9rias do ENEM. O primeiro j\u00e1 vai ocorrer no dia 13\/02, segunda-feira, \u00e0s 19 horas. Ser\u00e1 sobre REDA\u00c7\u00c3O, com o Prof. Decio Terro. Para n\u00e3o perder estes e outros Aul\u00f5es AO VIVO, al\u00e9m das nossas dicas para o ENEM, inscreva-se j\u00e1 na <a href=\"https:\/\/www.youtube.com\/channel\/UC7OnZODw1SNhfs0CDyVNTKg\">nossa p\u00e1gina do Youtube<\/a>\u00a0e tamb\u00e9m na do <a href=\"https:\/\/www.facebook.com\/estrategiaenem\/\">Facebook<\/a>.<\/p>\n<p>Voc\u00ea sabia que temos uma p\u00e1gina do Estrat\u00e9gia dedicada ao ENEM? \u00c9 esta <a href=\"http:\/\/www.estrategiaenem.com\/\">aqui.<\/a>\u00a0Se quiser saber\u00a0o que realmente cai na prova do ENEM, basta ir at\u00e9 a nossa <a href=\"http:\/\/www.estrategiaenem.com\/\">p\u00e1gina<\/a>\u00a0e deixar o seu e-mail. Enviaremos gratuitamente o Raio-X do ENEM feito a partir da an\u00e1lise dos \u00faltimos 10 anos do Exame!!!<\/p>\n<p>J\u00e1 conferiu nosso <strong>aul\u00e3o gratuito sobre o ENEM 2017<\/strong>? Nele nossos professores d\u00e3o v\u00e1rias dicas sobre <b>como se preparar em alto n\u00edvel para o pr\u00f3ximo Exame.\u00a0<\/b>\u00a0Voc\u00ea pode assistir a reprise abaixo. Aproveite e se inscreva no nosso canal do YouTube para receber em primeira m\u00e3o bastante conte\u00fado para ajudar na sua prepara\u00e7\u00e3o para o Exame!<\/p>\n<p>Ah, <strong>n\u00e3o deixe de conferir os nossos cursos para o ENEM 2017<\/strong>:<\/p>\n<p><a href=\"https:\/\/www.estrategiaconcursos.com.br\/curso\/pacote-completo-p-enem-2017-com-videoaulas\/\">https:\/\/www.estrategiaconcursos.com.br\/curso\/pacote-cratuimpleto-p-enem-2017-com-videoaulas\/<\/a><\/p>\n","protected":false},"excerpt":{"rendered":"<p>Ol\u00e1 caros alunos e interessados! Desde o dia\u00a017 de janeiro est\u00e1 aberta uma consulta p\u00fablica a respeito de algumas poss\u00edveis mudan\u00e7as no Exame Nacional do Ensino M\u00e9dio (ENEM). A consulta estava prevista para encerrar em 10 de fevereiro, mas o governo decidiu encerr\u00e1-la somente em 17 de fevereiro. A consulta est\u00e1 acess\u00edvel pelo site do [&hellip;]<\/p>\n","protected":false},"author":48,"featured_media":0,"comment_status":"open","ping_status":"open","sticky":false,"template":"","format":"standard","meta":{"post_tipo":"article","footnotes":""},"categories":[1],"tags":[],"tax_estado":[],"class_list":["post-64351","post","type-post","status-publish","format-standard","hentry","category-cursos-e-concursos"],"acf":[],"yoast_head":"<!-- This site is optimized with the Yoast SEO Premium plugin v27.2 (Yoast SEO v27.2) - https:\/\/yoast.com\/product\/yoast-seo-premium-wordpress\/ -->\n<title>Consulta p\u00fablica ENEM prorrogada - poss\u00edveis mudan\u00e7as a caminho<\/title>\n<meta name=\"robots\" content=\"index, follow, max-snippet:-1, max-image-preview:large, max-video-preview:-1\" \/>\n<link rel=\"canonical\" href=\"https:\/\/www.estrategiaconcursos.com.br\/blog\/consulta-publica-enem-prorrogada-possiveis-mudancas-caminho\/\" \/>\n<meta property=\"og:locale\" content=\"pt_BR\" \/>\n<meta property=\"og:type\" content=\"article\" \/>\n<meta property=\"og:title\" content=\"Consulta p\u00fablica ENEM prorrogada - poss\u00edveis mudan\u00e7as a caminho\" \/>\n<meta property=\"og:description\" content=\"Ol\u00e1 caros alunos e interessados! Desde o dia\u00a017 de janeiro est\u00e1 aberta uma consulta p\u00fablica a respeito de algumas poss\u00edveis mudan\u00e7as no Exame Nacional do Ensino M\u00e9dio (ENEM). A consulta estava prevista para encerrar em 10 de fevereiro, mas o governo decidiu encerr\u00e1-la somente em 17 de fevereiro. A consulta est\u00e1 acess\u00edvel pelo site do [&hellip;]\" \/>\n<meta property=\"og:url\" content=\"https:\/\/www.estrategiaconcursos.com.br\/blog\/consulta-publica-enem-prorrogada-possiveis-mudancas-caminho\/\" \/>\n<meta property=\"og:site_name\" content=\"Estrat\u00e9gia Concursos\" \/>\n<meta property=\"article:published_time\" content=\"2017-02-09T17:04:04+00:00\" \/>\n<meta property=\"article:modified_time\" content=\"2018-09-28T17:10:24+00:00\" \/>\n<meta name=\"author\" content=\"Coordena\u00e7\u00e3o\" \/>\n<meta name=\"twitter:card\" content=\"summary_large_image\" \/>\n<meta name=\"twitter:creator\" content=\"@EstratConcursos\" \/>\n<meta name=\"twitter:site\" content=\"@EstratConcursos\" \/>\n<meta name=\"twitter:label1\" content=\"Escrito por\" \/>\n\t<meta name=\"twitter:data1\" content=\"Coordena\u00e7\u00e3o\" \/>\n\t<meta name=\"twitter:label2\" content=\"Est. tempo de leitura\" \/>\n\t<meta name=\"twitter:data2\" content=\"2 minutos\" \/>\n<script type=\"application\/ld+json\" class=\"yoast-schema-graph\">{\"@context\":\"https:\/\/schema.org\",\"@graph\":[{\"@type\":\"NewsArticle\",\"@id\":\"https:\/\/www.estrategiaconcursos.com.br\/blog\/consulta-publica-enem-prorrogada-possiveis-mudancas-caminho\/#article\",\"isPartOf\":{\"@id\":\"https:\/\/www.estrategiaconcursos.com.br\/blog\/consulta-publica-enem-prorrogada-possiveis-mudancas-caminho\/\"},\"author\":{\"name\":\"Coordena\u00e7\u00e3o\",\"@id\":\"https:\/\/www.estrategiaconcursos.com.br\/blog\/#\/schema\/person\/cdad40b5818eb228a838461fcd656da7\"},\"headline\":\"Consulta p\u00fablica ENEM prorrogada &#8211; poss\u00edveis mudan\u00e7as a caminho\",\"datePublished\":\"2017-02-09T17:04:04+00:00\",\"dateModified\":\"2018-09-28T17:10:24+00:00\",\"mainEntityOfPage\":{\"@id\":\"https:\/\/www.estrategiaconcursos.com.br\/blog\/consulta-publica-enem-prorrogada-possiveis-mudancas-caminho\/\"},\"wordCount\":430,\"commentCount\":0,\"publisher\":{\"@id\":\"https:\/\/www.estrategiaconcursos.com.br\/blog\/#organization\"},\"articleSection\":[\"Concursos P\u00fablicos\"],\"inLanguage\":\"pt-BR\",\"potentialAction\":[{\"@type\":\"CommentAction\",\"name\":\"Comment\",\"target\":[\"https:\/\/www.estrategiaconcursos.com.br\/blog\/consulta-publica-enem-prorrogada-possiveis-mudancas-caminho\/#respond\"]}],\"copyrightYear\":\"2017\",\"copyrightHolder\":{\"@id\":\"https:\/\/www.estrategiaconcursos.com.br\/blog\/#organization\"}},{\"@type\":\"WebPage\",\"@id\":\"https:\/\/www.estrategiaconcursos.com.br\/blog\/consulta-publica-enem-prorrogada-possiveis-mudancas-caminho\/\",\"url\":\"https:\/\/www.estrategiaconcursos.com.br\/blog\/consulta-publica-enem-prorrogada-possiveis-mudancas-caminho\/\",\"name\":\"Consulta p\u00fablica ENEM prorrogada - poss\u00edveis mudan\u00e7as a caminho\",\"isPartOf\":{\"@id\":\"https:\/\/www.estrategiaconcursos.com.br\/blog\/#website\"},\"datePublished\":\"2017-02-09T17:04:04+00:00\",\"dateModified\":\"2018-09-28T17:10:24+00:00\",\"breadcrumb\":{\"@id\":\"https:\/\/www.estrategiaconcursos.com.br\/blog\/consulta-publica-enem-prorrogada-possiveis-mudancas-caminho\/#breadcrumb\"},\"inLanguage\":\"pt-BR\",\"potentialAction\":[{\"@type\":\"ReadAction\",\"target\":[\"https:\/\/www.estrategiaconcursos.com.br\/blog\/consulta-publica-enem-prorrogada-possiveis-mudancas-caminho\/\"]}]},{\"@type\":\"BreadcrumbList\",\"@id\":\"https:\/\/www.estrategiaconcursos.com.br\/blog\/consulta-publica-enem-prorrogada-possiveis-mudancas-caminho\/#breadcrumb\",\"itemListElement\":[{\"@type\":\"ListItem\",\"position\":1,\"name\":\"In\u00edcio\",\"item\":\"https:\/\/www.estrategiaconcursos.com.br\/blog\/\"},{\"@type\":\"ListItem\",\"position\":2,\"name\":\"Consulta p\u00fablica ENEM prorrogada &#8211; poss\u00edveis mudan\u00e7as a caminho\"}]},{\"@type\":\"WebSite\",\"@id\":\"https:\/\/www.estrategiaconcursos.com.br\/blog\/#website\",\"url\":\"https:\/\/www.estrategiaconcursos.com.br\/blog\/\",\"name\":\"Estrat\u00e9gia Concursos\",\"description\":\"O blog da Estrat\u00e9gia Concursos traz not\u00edcias sobre concursos e artigos de professores oferecendo cursos para concursos (pdf + videaulas) no site.\",\"publisher\":{\"@id\":\"https:\/\/www.estrategiaconcursos.com.br\/blog\/#organization\"},\"potentialAction\":[{\"@type\":\"SearchAction\",\"target\":{\"@type\":\"EntryPoint\",\"urlTemplate\":\"https:\/\/www.estrategiaconcursos.com.br\/blog\/?s={search_term_string}\"},\"query-input\":{\"@type\":\"PropertyValueSpecification\",\"valueRequired\":true,\"valueName\":\"search_term_string\"}}],\"inLanguage\":\"pt-BR\"},{\"@type\":\"Organization\",\"@id\":\"https:\/\/www.estrategiaconcursos.com.br\/blog\/#organization\",\"name\":\"Estrat\u00e9gia Concursos\",\"url\":\"https:\/\/www.estrategiaconcursos.com.br\/blog\/\",\"logo\":{\"@type\":\"ImageObject\",\"inLanguage\":\"pt-BR\",\"@id\":\"https:\/\/www.estrategiaconcursos.com.br\/blog\/#\/schema\/logo\/image\/\",\"url\":\"https:\/\/dhg1h5j42swfq.cloudfront.net\/2025\/06\/03203428\/logo_concursos-1.jpg\",\"contentUrl\":\"https:\/\/dhg1h5j42swfq.cloudfront.net\/2025\/06\/03203428\/logo_concursos-1.jpg\",\"width\":230,\"height\":60,\"caption\":\"Estrat\u00e9gia Concursos\"},\"image\":{\"@id\":\"https:\/\/www.estrategiaconcursos.com.br\/blog\/#\/schema\/logo\/image\/\"},\"sameAs\":[\"https:\/\/x.com\/EstratConcursos\"]},{\"@type\":\"Person\",\"@id\":\"https:\/\/www.estrategiaconcursos.com.br\/blog\/#\/schema\/person\/cdad40b5818eb228a838461fcd656da7\",\"name\":\"Coordena\u00e7\u00e3o\",\"image\":{\"@type\":\"ImageObject\",\"inLanguage\":\"pt-BR\",\"@id\":\"https:\/\/secure.gravatar.com\/avatar\/a413b22da0f5009c634f6c4586a2dbe5207074fd5becd88db5183b8069ef25e4?s=96&d=mm&r=g\",\"url\":\"https:\/\/secure.gravatar.com\/avatar\/a413b22da0f5009c634f6c4586a2dbe5207074fd5becd88db5183b8069ef25e4?s=96&d=mm&r=g\",\"contentUrl\":\"https:\/\/secure.gravatar.com\/avatar\/a413b22da0f5009c634f6c4586a2dbe5207074fd5becd88db5183b8069ef25e4?s=96&d=mm&r=g\",\"caption\":\"Coordena\u00e7\u00e3o\"},\"url\":\"https:\/\/www.estrategiaconcursos.com.br\/blog\/author\/contatoestrategiaconcursos-com-br\/\"}]}<\/script>\n<!-- \/ Yoast SEO Premium plugin. -->","yoast_head_json":{"title":"Consulta p\u00fablica ENEM prorrogada - poss\u00edveis mudan\u00e7as a caminho","robots":{"index":"index","follow":"follow","max-snippet":"max-snippet:-1","max-image-preview":"max-image-preview:large","max-video-preview":"max-video-preview:-1"},"canonical":"https:\/\/www.estrategiaconcursos.com.br\/blog\/consulta-publica-enem-prorrogada-possiveis-mudancas-caminho\/","og_locale":"pt_BR","og_type":"article","og_title":"Consulta p\u00fablica ENEM prorrogada - poss\u00edveis mudan\u00e7as a caminho","og_description":"Ol\u00e1 caros alunos e interessados! Desde o dia\u00a017 de janeiro est\u00e1 aberta uma consulta p\u00fablica a respeito de algumas poss\u00edveis mudan\u00e7as no Exame Nacional do Ensino M\u00e9dio (ENEM). A consulta estava prevista para encerrar em 10 de fevereiro, mas o governo decidiu encerr\u00e1-la somente em 17 de fevereiro. A consulta est\u00e1 acess\u00edvel pelo site do [&hellip;]","og_url":"https:\/\/www.estrategiaconcursos.com.br\/blog\/consulta-publica-enem-prorrogada-possiveis-mudancas-caminho\/","og_site_name":"Estrat\u00e9gia Concursos","article_published_time":"2017-02-09T17:04:04+00:00","article_modified_time":"2018-09-28T17:10:24+00:00","author":"Coordena\u00e7\u00e3o","twitter_card":"summary_large_image","twitter_creator":"@EstratConcursos","twitter_site":"@EstratConcursos","twitter_misc":{"Escrito por":"Coordena\u00e7\u00e3o","Est. tempo de leitura":"2 minutos"},"schema":{"@context":"https:\/\/schema.org","@graph":[{"@type":"NewsArticle","@id":"https:\/\/www.estrategiaconcursos.com.br\/blog\/consulta-publica-enem-prorrogada-possiveis-mudancas-caminho\/#article","isPartOf":{"@id":"https:\/\/www.estrategiaconcursos.com.br\/blog\/consulta-publica-enem-prorrogada-possiveis-mudancas-caminho\/"},"author":{"name":"Coordena\u00e7\u00e3o","@id":"https:\/\/www.estrategiaconcursos.com.br\/blog\/#\/schema\/person\/cdad40b5818eb228a838461fcd656da7"},"headline":"Consulta p\u00fablica ENEM prorrogada &#8211; poss\u00edveis mudan\u00e7as a caminho","datePublished":"2017-02-09T17:04:04+00:00","dateModified":"2018-09-28T17:10:24+00:00","mainEntityOfPage":{"@id":"https:\/\/www.estrategiaconcursos.com.br\/blog\/consulta-publica-enem-prorrogada-possiveis-mudancas-caminho\/"},"wordCount":430,"commentCount":0,"publisher":{"@id":"https:\/\/www.estrategiaconcursos.com.br\/blog\/#organization"},"articleSection":["Concursos P\u00fablicos"],"inLanguage":"pt-BR","potentialAction":[{"@type":"CommentAction","name":"Comment","target":["https:\/\/www.estrategiaconcursos.com.br\/blog\/consulta-publica-enem-prorrogada-possiveis-mudancas-caminho\/#respond"]}],"copyrightYear":"2017","copyrightHolder":{"@id":"https:\/\/www.estrategiaconcursos.com.br\/blog\/#organization"}},{"@type":"WebPage","@id":"https:\/\/www.estrategiaconcursos.com.br\/blog\/consulta-publica-enem-prorrogada-possiveis-mudancas-caminho\/","url":"https:\/\/www.estrategiaconcursos.com.br\/blog\/consulta-publica-enem-prorrogada-possiveis-mudancas-caminho\/","name":"Consulta p\u00fablica ENEM prorrogada - poss\u00edveis mudan\u00e7as a caminho","isPartOf":{"@id":"https:\/\/www.estrategiaconcursos.com.br\/blog\/#website"},"datePublished":"2017-02-09T17:04:04+00:00","dateModified":"2018-09-28T17:10:24+00:00","breadcrumb":{"@id":"https:\/\/www.estrategiaconcursos.com.br\/blog\/consulta-publica-enem-prorrogada-possiveis-mudancas-caminho\/#breadcrumb"},"inLanguage":"pt-BR","potentialAction":[{"@type":"ReadAction","target":["https:\/\/www.estrategiaconcursos.com.br\/blog\/consulta-publica-enem-prorrogada-possiveis-mudancas-caminho\/"]}]},{"@type":"BreadcrumbList","@id":"https:\/\/www.estrategiaconcursos.com.br\/blog\/consulta-publica-enem-prorrogada-possiveis-mudancas-caminho\/#breadcrumb","itemListElement":[{"@type":"ListItem","position":1,"name":"In\u00edcio","item":"https:\/\/www.estrategiaconcursos.com.br\/blog\/"},{"@type":"ListItem","position":2,"name":"Consulta p\u00fablica ENEM prorrogada &#8211; poss\u00edveis mudan\u00e7as a caminho"}]},{"@type":"WebSite","@id":"https:\/\/www.estrategiaconcursos.com.br\/blog\/#website","url":"https:\/\/www.estrategiaconcursos.com.br\/blog\/","name":"Estrat\u00e9gia Concursos","description":"O blog da Estrat\u00e9gia Concursos traz not\u00edcias sobre concursos e artigos de professores oferecendo cursos para concursos (pdf + videaulas) no site.","publisher":{"@id":"https:\/\/www.estrategiaconcursos.com.br\/blog\/#organization"},"potentialAction":[{"@type":"SearchAction","target":{"@type":"EntryPoint","urlTemplate":"https:\/\/www.estrategiaconcursos.com.br\/blog\/?s={search_term_string}"},"query-input":{"@type":"PropertyValueSpecification","valueRequired":true,"valueName":"search_term_string"}}],"inLanguage":"pt-BR"},{"@type":"Organization","@id":"https:\/\/www.estrategiaconcursos.com.br\/blog\/#organization","name":"Estrat\u00e9gia Concursos","url":"https:\/\/www.estrategiaconcursos.com.br\/blog\/","logo":{"@type":"ImageObject","inLanguage":"pt-BR","@id":"https:\/\/www.estrategiaconcursos.com.br\/blog\/#\/schema\/logo\/image\/","url":"https:\/\/dhg1h5j42swfq.cloudfront.net\/2025\/06\/03203428\/logo_concursos-1.jpg","contentUrl":"https:\/\/dhg1h5j42swfq.cloudfront.net\/2025\/06\/03203428\/logo_concursos-1.jpg","width":230,"height":60,"caption":"Estrat\u00e9gia Concursos"},"image":{"@id":"https:\/\/www.estrategiaconcursos.com.br\/blog\/#\/schema\/logo\/image\/"},"sameAs":["https:\/\/x.com\/EstratConcursos"]},{"@type":"Person","@id":"https:\/\/www.estrategiaconcursos.com.br\/blog\/#\/schema\/person\/cdad40b5818eb228a838461fcd656da7","name":"Coordena\u00e7\u00e3o","image":{"@type":"ImageObject","inLanguage":"pt-BR","@id":"https:\/\/secure.gravatar.com\/avatar\/a413b22da0f5009c634f6c4586a2dbe5207074fd5becd88db5183b8069ef25e4?s=96&d=mm&r=g","url":"https:\/\/secure.gravatar.com\/avatar\/a413b22da0f5009c634f6c4586a2dbe5207074fd5becd88db5183b8069ef25e4?s=96&d=mm&r=g","contentUrl":"https:\/\/secure.gravatar.com\/avatar\/a413b22da0f5009c634f6c4586a2dbe5207074fd5becd88db5183b8069ef25e4?s=96&d=mm&r=g","caption":"Coordena\u00e7\u00e3o"},"url":"https:\/\/www.estrategiaconcursos.com.br\/blog\/author\/contatoestrategiaconcursos-com-br\/"}]}},"_links":{"self":[{"href":"https:\/\/www.estrategiaconcursos.com.br\/blog\/wp-json\/wp\/v2\/posts\/64351","targetHints":{"allow":["GET"]}}],"collection":[{"href":"https:\/\/www.estrategiaconcursos.com.br\/blog\/wp-json\/wp\/v2\/posts"}],"about":[{"href":"https:\/\/www.estrategiaconcursos.com.br\/blog\/wp-json\/wp\/v2\/types\/post"}],"author":[{"embeddable":true,"href":"https:\/\/www.estrategiaconcursos.com.br\/blog\/wp-json\/wp\/v2\/users\/48"}],"replies":[{"embeddable":true,"href":"https:\/\/www.estrategiaconcursos.com.br\/blog\/wp-json\/wp\/v2\/comments?post=64351"}],"version-history":[{"count":4,"href":"https:\/\/www.estrategiaconcursos.com.br\/blog\/wp-json\/wp\/v2\/posts\/64351\/revisions"}],"predecessor-version":[{"id":144003,"href":"https:\/\/www.estrategiaconcursos.com.br\/blog\/wp-json\/wp\/v2\/posts\/64351\/revisions\/144003"}],"wp:attachment":[{"href":"https:\/\/www.estrategiaconcursos.com.br\/blog\/wp-json\/wp\/v2\/media?parent=64351"}],"wp:term":[{"taxonomy":"category","embeddable":true,"href":"https:\/\/www.estrategiaconcursos.com.br\/blog\/wp-json\/wp\/v2\/categories?post=64351"},{"taxonomy":"post_tag","embeddable":true,"href":"https:\/\/www.estrategiaconcursos.com.br\/blog\/wp-json\/wp\/v2\/tags?post=64351"},{"taxonomy":"tax_estado","embeddable":true,"href":"https:\/\/www.estrategiaconcursos.com.br\/blog\/wp-json\/wp\/v2\/tax_estado?post=64351"}],"curies":[{"name":"wp","href":"https:\/\/api.w.org\/{rel}","templated":true}]}}