{"id":64304,"date":"2017-02-08T23:21:28","date_gmt":"2017-02-09T02:21:28","guid":{"rendered":"https:\/\/www.estrategiaconcursos.com.br\/blog\/?p=64304"},"modified":"2023-01-06T17:24:21","modified_gmt":"2023-01-06T20:24:21","slug":"edital-da-dpepr-acertamos-as-previsoes","status":"publish","type":"post","link":"https:\/\/www.estrategiaconcursos.com.br\/blog\/edital-da-dpepr-acertamos-as-previsoes\/","title":{"rendered":"Edital DPE-PR publicado \u2013 Acertamos as previs\u00f5es!"},"content":{"rendered":"<p>Ol\u00e1, galera! Sou o <a href=\"https:\/\/www.estrategiaconcursos.com.br\/professor\/paulo-h-m-sousa-3384\/\">Prof. Paulo H M Sousa<\/a>, aqui do Estrat\u00e9gia Concursos e do Estrat\u00e9gia OAB, na grande \u00e1rea do Direito Privado. Vim aqui falar um pouquinho do <a href=\"https:\/\/dhg1h5j42swfq.cloudfront.net\/2017\/02\/09140207\/Edital-DPE-PR-2017.pdf\" target=\"_blank\" rel=\"noopener\">Edital da DPE\/PR<\/a>, lan\u00e7ado agora em 03\/02\/2017 e, especificamente, um pouco mais da parte que me toca, o Direito Civil, nesse certame.<\/p>\n<p>Pois bem, em 11\/2016, lan\u00e7amos o Curso para a Carreira de Defensor P\u00fablico Estadual do Paran\u00e1, a DPE\/PR. \u00c0 \u00e9poca eu j\u00e1 afirmava, com grande convic\u00e7\u00e3o, que, apesar de o Estado do Paran\u00e1 passar por algumas graves restri\u00e7\u00f5es or\u00e7ament\u00e1rias, era dado como certo que a Defensoria faria novo concurso em breve.<\/p>\n<p>Isso porque, apenas 21 das 161 Comarcas do Estado conta com a Defensoria presente, atualmente. Igualmente, como os preparativos j\u00e1 haviam come\u00e7ado em meados de 2016, era muito prov\u00e1vel que sairia alguma coisa logo.<\/p>\n<p>N\u00e3o menos importante, apesar de a DPE\/PR ter realizado dois concursos, em 2012 e 2014, ainda \u00e9 uma institui\u00e7\u00e3o bem recente e ainda precisa adequar seus quadros de carreira \u00e0 demanda existente e aos numerosos cargos vagos.<\/p>\n<p>Em 2011, apenas, o Governo do Paran\u00e1 instituiu sua Defensoria P\u00fablica. Antes disso, o cargo era ocupado por Advogados do Estado que eram deslocados do quadro geral para exercer a fun\u00e7\u00e3o de Defensor. Al\u00e9m disso, a Defensoria ainda era exercida, precariamente, por advogados dativos pagos pelo Estado por meio de conv\u00eanio com a OAB\/PR.<\/p>\n<p>Institu\u00edda a Lei, alguns daqueles Advogados, que cumpriam alguns requisitos, optaram pelos quadros da Defensoria. Foram eles os primeiros Defensores P\u00fablicos oficiais do Paran\u00e1, em 2011. Em 2012 foi realizado o primeiro concurso, que preencheu poucas vagas das muitas dispon\u00edveis. Em 2014, em novo concurso, foram abertas mais vagas, mas nem todas foram preenchidas.<\/p>\n<p>Dito e feito, o Edital saiu em 03\/02\/2017!<\/p>\n<p><strong>Igualmente, a remunera\u00e7\u00e3o inicial da carreira, que tamb\u00e9m previ anteriormente, de fato \u00e9 aquela: <\/strong><strong>R$14.294,12, mais os adicionais<\/strong>. Ou seja, \u00e9 um cargo beeem interessante para voc\u00ea se preparar com calma e tempo, para chegar afiad\u00edssimo na prova!!!<\/p>\n<p>N\u00e3o s\u00f3, Eu havia carimbado duas bancas poss\u00edveis para essa prova: FCC ou NC\/UFPR. <strong>De novo, acertamos! A banca respons\u00e1vel dessa vez ser\u00e1 a FCC.<\/strong><\/p>\n<p>Na primeira fase, objetiva, que \u00e9 o objeto do nosso Curso, ser\u00e3o 100 quest\u00f5es de m\u00faltipla escolha, com alternativas de A a E. Nessa fase, os seguintes temas apareceram:<\/p>\n<p>a) Direito Constitucional;<\/p>\n<p>b) Direito Administrativo;<\/p>\n<p>c) Direito Penal e Criminologia;<\/p>\n<p>d) Direito Processual Penal e Execu\u00e7\u00e3o Penal;<\/p>\n<p>e) Direito Civil;<\/p>\n<p>f) Direito Processual Civil;<\/p>\n<p>g) Direitos Difusos e Coletivos;<\/p>\n<p>h) Direito do Consumidor;<\/p>\n<p>i) Direito da Crian\u00e7a e do Adolescente;<\/p>\n<p>j) Direitos Humanos;<\/p>\n<p>k) Princ\u00edpios e Atribui\u00e7\u00f5es Institucionais da Defensoria P\u00fablica do Estado do Paran\u00e1;<\/p>\n<p>l) Filosofia do Direito e Sociologia Jur\u00eddica<\/p>\n<p>Ficou praticamente como era antes, com m\u00ednimas altera\u00e7\u00f5es. O que se alterou bastante foi o conte\u00fado do Edital.<\/p>\n<p><strong>E falo a partir do Edital de Direito Civil, que \u201cengordou\u201d bastante. Haja prepara\u00e7\u00e3o para matar aquele Editalz\u00e3o!!! <\/strong>Bom, na prova de 2017, o Edital do III Concurso passou a tratar do Direito Civil no Grupo C, junto com Processo Civil, Consumidor e Direitos Difusos e Coletivos, grupo esse que contar\u00e1 com 28 quest\u00f5es. Portanto, 7% \u00e9 a divis\u00e3o ideal das 4 disciplinas pelas 28 quest\u00f5es. <strong>Pode ser, por\u00e9m, que uma ou outra disciplina acabe, ao final, contando com mais quest\u00f5es. \u00c9 prov\u00e1vel que isso ocorra com Direito Civil e Direito Processual Civil. De qualquer forma, isso d\u00e1 grande relev\u00e2ncia para as nossas aulas na sua aprova\u00e7\u00e3o!<\/strong><\/p>\n<p><strong>Como fazer para saber o foco necess\u00e1rio para a prova? N\u00f3s analisamos TODAS as quest\u00f5es de TODOS os \u00faltimos concursos das Defensorias que encontramos. Ou seja, nosso foco principal s\u00e3o exatamente as provas de DPEs.<\/strong> \u00a0Nosso foco \u00e9 a mat\u00e9ria voltada \u00e0 resolu\u00e7\u00e3o das quest\u00f5es que voc\u00ea precisa para obter a aprova\u00e7\u00e3o. Parte das quest\u00f5es ficar\u00e1 dispon\u00edvel para voc\u00ea treinar, com o gabarito na sequ\u00eancia, e outra parte ficar\u00e1 comentada.<\/p>\n<p>Analisando as \u00faltimas provas da DPE\/PR. Nas provas objetivas de 2012 e 2014 tivemos 12 quest\u00f5es de Direito Civil \u201cpuro\u201d (sem contar ECA, CDC ou Empresarial), em cada prova. Podemos visualizar, assim, por alto, o que esperar da pr\u00f3xima prova. Vou dividir o Direito Civil de uma maneira bem tradicional, para voc\u00ea ter em mente o que caiu:<\/p>\n<p>A. Parte Geral\u00a0\u00a0\u00a0\u00a0\u00a0 (LINDB e Parte Geral, Livros I, II e III);<\/p>\n<p>B. Obriga\u00e7\u00f5es\u00a0\u00a0\u00a0\u00a0\u00a0 (Parte Especial, Livro I);<\/p>\n<p>C. Contratos\u00a0\u00a0\u00a0\u00a0\u00a0\u00a0\u00a0 (Parte Especial, Livro I);<\/p>\n<p>D. Resp. Civil\u00a0\u00a0\u00a0\u00a0\u00a0\u00a0 (Parte Especial, Livro I);<\/p>\n<p>E. Coisas\u00a0\u00a0\u00a0\u00a0\u00a0\u00a0\u00a0\u00a0\u00a0\u00a0\u00a0\u00a0 (Parte Especial, Livro III);<\/p>\n<p>F. Fam\u00edlia\u00a0\u00a0 \u00a0\u00a0\u00a0\u00a0\u00a0\u00a0\u00a0\u00a0 (Parte Especial, Livro IV);<\/p>\n<p>G. Sucess\u00f5es\u00a0\u00a0\u00a0\u00a0\u00a0\u00a0 (Parte Especial, Livro V).<\/p>\n<p>Com essa divis\u00e3o, chegamos a uma conclus\u00e3o estat\u00edstica bem interessante, relativamente \u00e0 prova objetiva de 2012. Podemos observar que na prova de 2012, a DPE\/PR deu um foco bastante grande nas quest\u00f5es de Teoria Geral e de Direito dos Contratos, contando este com 4 quest\u00f5es e aquela com 3. A Responsabilidade Civil e o Direito de Fam\u00edlia contaram com duas quest\u00f5es, cada. J\u00e1 o Direito das Obriga\u00e7\u00f5es, o Direito das Coisas e o Direito das Sucess\u00f5es contaram, cada um, com apenas uma quest\u00e3o.<\/p>\n<p>Quanto \u00e0 prova de 2014, tivemos algumas altera\u00e7\u00f5es, mas alguns pontos que confirmam a prova mais antiga. Nesse certame, a Parte Geral \u00e9 explicitamente mais cobrada que os demais ramos do Direito Civil, contando com 5 das 12 quest\u00f5es daquela prova, ou seja, praticamente a metade da prova! Ademais, destaque-se as duas quest\u00f5es de Direito dos Contratos e de Direito de Fam\u00edlia.<\/p>\n<p>Ao contr\u00e1rio, veja-se que nessa prova n\u00e3o tivemos nenhuma quest\u00e3o de Direito das Sucess\u00f5es, e apenas uma quest\u00e3o de Direito das Obriga\u00e7\u00f5es, de Responsabilidade Civil e de Direito das Coisas.<\/p>\n<p>Ou seja, \u00e9 de se destacar, em ambas as provas, um <strong>foco bastante grande, enooorme, nas quest\u00f5es da Parte Geral<\/strong>, que envolve pessoas, bens e fato jur\u00eddico. Das 24 quest\u00f5es dos dois certames, nada menos que 8 delas foram integralmente voltadas \u00e0 Parte Geral, ou seja, 1\/3 da prova de Direito Civil focou-se exclusivamente nos conte\u00fados que apresentaremos nas pr\u00f3ximas aulas.<\/p>\n<p>No mais, \u00e9 de se destacar as 6 quest\u00f5es de Direito dos Contratos, 25% das duas provas e a pouca penetra\u00e7\u00e3o das quest\u00f5es de Direito das Sucess\u00f5es, que contou com apenas uma quest\u00e3o nos dois certames, ou seja, menos de 5% das duas provas. <strong>Se somarmos a Teoria Geral com o Direito dos Contratos, quase 60% da prova da DPE\/PR foca-se apenas nesses dois itens!<\/strong><\/p>\n<p><strong>Por isso, o recado das \u00faltimas provas parece evidente: foque na Parte Geral, mas n\u00e3o esque\u00e7a de Direito dos Contratos<\/strong>! Como a prova foi realizada h\u00e1 algum tempo, \u00e9 de esperar que tenhamos algumas modifica\u00e7\u00f5es, claro.<\/p>\n<p>Pelo levantamento que fiz das DPEs, os dois temas mais focados s\u00e3o: Parte Geral e Direito de Fam\u00edlia, disparados, seguidos de Contratos e Responsabilidade Civil. <strong>O Direito de Fam\u00edlia conta, isoladamente, com muuuitas quest\u00f5es, provavelmente pela atua\u00e7\u00e3o que se espera do Defensor P\u00fablico.<\/strong><\/p>\n<p>No que tange \u00e0s \u00faltimas modifica\u00e7\u00f5es legais que tivemos, \u00e9 de se esperar que o examinador traga quest\u00f5es que envolvam um tema relevante e ainda fresquinho: o <strong>Estatuto da Pessoa com Defici\u00eancia (Lei 13.146\/2015)<\/strong>, que entrou em vigor h\u00e1 pouco tempo. Igualmente, o <strong>NCPC trouxe algumas modifica\u00e7\u00f5es no CC\/2002<\/strong>, pelo que \u00e9 de se esperar que ele tamb\u00e9m seja cobrado, para averiguar se o candidato anda ligado nas recentes mudan\u00e7as legislativas.<\/p>\n<p>N\u00f3s, obviamente, ao longo do curso, vamos chamar sua aten\u00e7\u00e3o para essas mudan\u00e7as, para que voc\u00ea n\u00e3o perca os detalhes, que, por vezes, podem ser cobrados na sua prova.<\/p>\n<p>O foco \u00e9 importante. T\u00e3o importante que n\u00f3s tamb\u00e9m vamos guiar os seus estudos de maneira focada. Como? <strong>Nosso Curso foi desenhado especificamente em cima do Edital da prova da DPE\/PR.<\/strong> \u00c9 de se esperar que a sua prova n\u00e3o mude muito em rela\u00e7\u00e3o aos demais feitos pela FCC, recentemente. No entanto, quando tivermos mudan\u00e7as mais impactantes na legisla\u00e7\u00e3o, n\u00f3s te avisaremos, para que voc\u00ea preste m\u00e1xima aten\u00e7\u00e3o e n\u00e3o deixe, por bobeira, algum detalhe passar batido!<\/p>\n<p>Por isso, como voc\u00ea poder\u00e1 ver ao longo das aulas e como poder\u00e1 ver j\u00e1 nesta aula, <strong>os itens das nossas aulas CORRESPONDEM EXATAMENTE AOS ITENS DO EDITAL, inclusive na numera\u00e7\u00e3o. Assim voc\u00ea poder\u00e1<\/strong> <strong>ACOMPANHAR EXATAMENTE A MAT\u00c9RIA QUE CONSTAR\u00c1 DO CONCURSO, SEM ESTUDAR TEMAS DESNECESS\u00c1RIOS E SEM PERDER OS NECESS\u00c1RIOS<\/strong>. <strong>Nosso Curso foi pensado e desenvolvido na medida para voc\u00ea!<\/strong><\/p>\n<p>Assim, em vista das informa\u00e7\u00f5es que levantamos desenvolveremos um Curso objetivo e direto, com base nos assuntos mais cobrados em prova.<\/p>\n<p>Por fim, nosso Cronograma de Aulas foi readequado, de modo a tratar de todos os temas necess\u00e1rios \u00e0 sua prova de maneira completa e, ao mesmo tempo, objetiva! Acompanhe l\u00e1!<\/p>\n<p>Vale mencionar, por fim, que alguns itens do Edital constam da disciplina de Legisla\u00e7\u00e3o Civil Especial, tamb\u00e9m por mim lecionada. Lembre-se que o nosso objetivo \u00e9 te preparar integralmente para a prova do seu concurso, pelo que precisamos trabalhar com a estrat\u00e9gia necess\u00e1ria para tornar os seus estudos o mais objetivo e direto poss\u00edvel, <strong>maximizando suas chances de aprova\u00e7\u00e3o!<\/strong><\/p>\n<p>Se tiver alguma d\u00favida ou pergunta sobre o meu <a href=\"https:\/\/www.estrategiaconcursos.com.br\/curso\/direito-civil-p-dpe-pr\/\">Curso de Direito Civil<\/a>, de <a href=\"https:\/\/www.estrategiaconcursos.com.br\/curso\/legislacao-civil-p-dpe-pr\/\">Legisla\u00e7\u00e3o Civil Especial<\/a> ou sobre o <a href=\"https:\/\/www.estrategiaconcursos.com.br\/curso\/pacote-completo-p-dpe-pr-defensor-publico-com-videoaulas\/\">Curso Completo da DPE\/PR<\/a>, entre em contato comigo, pelo <a href=\"https:\/\/www.facebook.com\/prof.paulohmsousa\/\">Facebook<\/a> ou por <a href=\"http:\/\/prof.paulosousa@yahoo.com.br\">e-mail<\/a>, ou com algum dos outros professores do Curso. Ah, se quiser ver mais algum dos meus <a href=\"https:\/\/www.estrategiaconcursos.com.br\/cursosPorProfessor\/paulo-h-m-sousa-3384\/\">Cursos<\/a>, \u00e9 s\u00f3 consultar, tem bastante coisa!<\/p>\n<p>For\u00e7a nos estudos!<\/p>\n<p>Prof. Paulo H M Sousa<\/p>\n","protected":false},"excerpt":{"rendered":"<p>Ol\u00e1, galera! Sou o Prof. Paulo H M Sousa, aqui do Estrat\u00e9gia Concursos e do Estrat\u00e9gia OAB, na grande \u00e1rea do Direito Privado. Vim aqui falar um pouquinho do Edital da DPE\/PR, lan\u00e7ado agora em 03\/02\/2017 e, especificamente, um pouco mais da parte que me toca, o Direito Civil, nesse certame. Pois bem, em 11\/2016, [&hellip;]<\/p>\n","protected":false},"author":218,"featured_media":0,"comment_status":"open","ping_status":"open","sticky":false,"template":"","format":"standard","meta":{"post_tipo":"article","footnotes":""},"categories":[1,2185],"tags":[2321],"tax_estado":[],"class_list":["post-64304","post","type-post","status-publish","format-standard","hentry","category-cursos-e-concursos","category-carreiras-juridicas","tag-dpe-pr"],"acf":[],"yoast_head":"<!-- This site is optimized with the Yoast SEO Premium plugin v27.2 (Yoast SEO v27.2) - https:\/\/yoast.com\/product\/yoast-seo-premium-wordpress\/ -->\n<title>Saiu o Edital DPE-PR: 13 vagas para Defensor P\u00fablico<\/title>\n<meta name=\"description\" content=\"Foi publicado o Edital DPE-PR para Defensor P\u00fablico do Paran\u00e1. Saiba tudo sobre o concurso DPE PR aqui: sal\u00e1rio, provas, mat\u00e9rias..e muito mais!\" \/>\n<meta name=\"robots\" content=\"index, follow, max-snippet:-1, max-image-preview:large, max-video-preview:-1\" \/>\n<link rel=\"canonical\" href=\"https:\/\/www.estrategiaconcursos.com.br\/blog\/edital-da-dpepr-acertamos-as-previsoes\/\" \/>\n<meta property=\"og:locale\" content=\"pt_BR\" \/>\n<meta property=\"og:type\" content=\"article\" \/>\n<meta property=\"og:title\" content=\"Edital DPE-PR publicado \u2013 Acertamos as previs\u00f5es!\" \/>\n<meta property=\"og:description\" content=\"Foi publicado o Edital DPE-PR para Defensor P\u00fablico do Paran\u00e1. Saiba tudo sobre o concurso DPE PR aqui: sal\u00e1rio, provas, mat\u00e9rias..e muito mais!\" \/>\n<meta property=\"og:url\" content=\"https:\/\/www.estrategiaconcursos.com.br\/blog\/edital-da-dpepr-acertamos-as-previsoes\/\" \/>\n<meta property=\"og:site_name\" content=\"Estrat\u00e9gia Concursos\" \/>\n<meta property=\"article:published_time\" content=\"2017-02-09T02:21:28+00:00\" \/>\n<meta property=\"article:modified_time\" content=\"2023-01-06T20:24:21+00:00\" \/>\n<meta name=\"author\" content=\"Paulo H M Sousa\" \/>\n<meta name=\"twitter:card\" content=\"summary_large_image\" \/>\n<meta name=\"twitter:creator\" content=\"@EstratConcursos\" \/>\n<meta name=\"twitter:site\" content=\"@EstratConcursos\" \/>\n<meta name=\"twitter:label1\" content=\"Escrito por\" \/>\n\t<meta name=\"twitter:data1\" content=\"Paulo H M Sousa\" \/>\n\t<meta name=\"twitter:label2\" content=\"Est. tempo de leitura\" \/>\n\t<meta name=\"twitter:data2\" content=\"8 minutos\" \/>\n<script type=\"application\/ld+json\" class=\"yoast-schema-graph\">{\"@context\":\"https:\/\/schema.org\",\"@graph\":[{\"@type\":\"NewsArticle\",\"@id\":\"https:\/\/www.estrategiaconcursos.com.br\/blog\/edital-da-dpepr-acertamos-as-previsoes\/#article\",\"isPartOf\":{\"@id\":\"https:\/\/www.estrategiaconcursos.com.br\/blog\/edital-da-dpepr-acertamos-as-previsoes\/\"},\"author\":{\"name\":\"Paulo H M Sousa\",\"@id\":\"https:\/\/www.estrategiaconcursos.com.br\/blog\/#\/schema\/person\/659a4992e582a2be87908edc68d3786f\"},\"headline\":\"Edital DPE-PR publicado \u2013 Acertamos as previs\u00f5es!\",\"datePublished\":\"2017-02-09T02:21:28+00:00\",\"dateModified\":\"2023-01-06T20:24:21+00:00\",\"mainEntityOfPage\":{\"@id\":\"https:\/\/www.estrategiaconcursos.com.br\/blog\/edital-da-dpepr-acertamos-as-previsoes\/\"},\"wordCount\":1634,\"commentCount\":0,\"publisher\":{\"@id\":\"https:\/\/www.estrategiaconcursos.com.br\/blog\/#organization\"},\"keywords\":[\"DPE-PR\"],\"articleSection\":[\"Concursos P\u00fablicos\",\"Jur\u00eddico\"],\"inLanguage\":\"pt-BR\",\"potentialAction\":[{\"@type\":\"CommentAction\",\"name\":\"Comment\",\"target\":[\"https:\/\/www.estrategiaconcursos.com.br\/blog\/edital-da-dpepr-acertamos-as-previsoes\/#respond\"]}],\"copyrightYear\":\"2017\",\"copyrightHolder\":{\"@id\":\"https:\/\/www.estrategiaconcursos.com.br\/blog\/#organization\"}},{\"@type\":\"WebPage\",\"@id\":\"https:\/\/www.estrategiaconcursos.com.br\/blog\/edital-da-dpepr-acertamos-as-previsoes\/\",\"url\":\"https:\/\/www.estrategiaconcursos.com.br\/blog\/edital-da-dpepr-acertamos-as-previsoes\/\",\"name\":\"Saiu o Edital DPE-PR: 13 vagas para Defensor P\u00fablico\",\"isPartOf\":{\"@id\":\"https:\/\/www.estrategiaconcursos.com.br\/blog\/#website\"},\"datePublished\":\"2017-02-09T02:21:28+00:00\",\"dateModified\":\"2023-01-06T20:24:21+00:00\",\"description\":\"Foi publicado o Edital DPE-PR para Defensor P\u00fablico do Paran\u00e1. Saiba tudo sobre o concurso DPE PR aqui: sal\u00e1rio, provas, mat\u00e9rias..e muito mais!\",\"breadcrumb\":{\"@id\":\"https:\/\/www.estrategiaconcursos.com.br\/blog\/edital-da-dpepr-acertamos-as-previsoes\/#breadcrumb\"},\"inLanguage\":\"pt-BR\",\"potentialAction\":[{\"@type\":\"ReadAction\",\"target\":[\"https:\/\/www.estrategiaconcursos.com.br\/blog\/edital-da-dpepr-acertamos-as-previsoes\/\"]}]},{\"@type\":\"BreadcrumbList\",\"@id\":\"https:\/\/www.estrategiaconcursos.com.br\/blog\/edital-da-dpepr-acertamos-as-previsoes\/#breadcrumb\",\"itemListElement\":[{\"@type\":\"ListItem\",\"position\":1,\"name\":\"In\u00edcio\",\"item\":\"https:\/\/www.estrategiaconcursos.com.br\/blog\/\"},{\"@type\":\"ListItem\",\"position\":2,\"name\":\"Edital DPE-PR publicado \u2013 Acertamos as previs\u00f5es!\"}]},{\"@type\":\"WebSite\",\"@id\":\"https:\/\/www.estrategiaconcursos.com.br\/blog\/#website\",\"url\":\"https:\/\/www.estrategiaconcursos.com.br\/blog\/\",\"name\":\"Estrat\u00e9gia Concursos\",\"description\":\"O blog da Estrat\u00e9gia Concursos traz not\u00edcias sobre concursos e artigos de professores oferecendo cursos para concursos (pdf + videaulas) no site.\",\"publisher\":{\"@id\":\"https:\/\/www.estrategiaconcursos.com.br\/blog\/#organization\"},\"potentialAction\":[{\"@type\":\"SearchAction\",\"target\":{\"@type\":\"EntryPoint\",\"urlTemplate\":\"https:\/\/www.estrategiaconcursos.com.br\/blog\/?s={search_term_string}\"},\"query-input\":{\"@type\":\"PropertyValueSpecification\",\"valueRequired\":true,\"valueName\":\"search_term_string\"}}],\"inLanguage\":\"pt-BR\"},{\"@type\":\"Organization\",\"@id\":\"https:\/\/www.estrategiaconcursos.com.br\/blog\/#organization\",\"name\":\"Estrat\u00e9gia Concursos\",\"url\":\"https:\/\/www.estrategiaconcursos.com.br\/blog\/\",\"logo\":{\"@type\":\"ImageObject\",\"inLanguage\":\"pt-BR\",\"@id\":\"https:\/\/www.estrategiaconcursos.com.br\/blog\/#\/schema\/logo\/image\/\",\"url\":\"https:\/\/dhg1h5j42swfq.cloudfront.net\/2025\/06\/03203428\/logo_concursos-1.jpg\",\"contentUrl\":\"https:\/\/dhg1h5j42swfq.cloudfront.net\/2025\/06\/03203428\/logo_concursos-1.jpg\",\"width\":230,\"height\":60,\"caption\":\"Estrat\u00e9gia Concursos\"},\"image\":{\"@id\":\"https:\/\/www.estrategiaconcursos.com.br\/blog\/#\/schema\/logo\/image\/\"},\"sameAs\":[\"https:\/\/x.com\/EstratConcursos\"]},{\"@type\":\"Person\",\"@id\":\"https:\/\/www.estrategiaconcursos.com.br\/blog\/#\/schema\/person\/659a4992e582a2be87908edc68d3786f\",\"name\":\"Paulo H M Sousa\",\"image\":{\"@type\":\"ImageObject\",\"inLanguage\":\"pt-BR\",\"@id\":\"https:\/\/secure.gravatar.com\/avatar\/6c5538a36475e584e0a1a209a3b92f8b2ecca752f244b8d7db751faab2a292e2?s=96&d=mm&r=g\",\"url\":\"https:\/\/secure.gravatar.com\/avatar\/6c5538a36475e584e0a1a209a3b92f8b2ecca752f244b8d7db751faab2a292e2?s=96&d=mm&r=g\",\"contentUrl\":\"https:\/\/secure.gravatar.com\/avatar\/6c5538a36475e584e0a1a209a3b92f8b2ecca752f244b8d7db751faab2a292e2?s=96&d=mm&r=g\",\"caption\":\"Paulo H M Sousa\"},\"url\":\"https:\/\/www.estrategiaconcursos.com.br\/blog\/author\/paulosousaestrategiaconcursos-com-br\/\"}]}<\/script>\n<!-- \/ Yoast SEO Premium plugin. -->","yoast_head_json":{"title":"Saiu o Edital DPE-PR: 13 vagas para Defensor P\u00fablico","description":"Foi publicado o Edital DPE-PR para Defensor P\u00fablico do Paran\u00e1. Saiba tudo sobre o concurso DPE PR aqui: sal\u00e1rio, provas, mat\u00e9rias..e muito mais!","robots":{"index":"index","follow":"follow","max-snippet":"max-snippet:-1","max-image-preview":"max-image-preview:large","max-video-preview":"max-video-preview:-1"},"canonical":"https:\/\/www.estrategiaconcursos.com.br\/blog\/edital-da-dpepr-acertamos-as-previsoes\/","og_locale":"pt_BR","og_type":"article","og_title":"Edital DPE-PR publicado \u2013 Acertamos as previs\u00f5es!","og_description":"Foi publicado o Edital DPE-PR para Defensor P\u00fablico do Paran\u00e1. Saiba tudo sobre o concurso DPE PR aqui: sal\u00e1rio, provas, mat\u00e9rias..e muito mais!","og_url":"https:\/\/www.estrategiaconcursos.com.br\/blog\/edital-da-dpepr-acertamos-as-previsoes\/","og_site_name":"Estrat\u00e9gia Concursos","article_published_time":"2017-02-09T02:21:28+00:00","article_modified_time":"2023-01-06T20:24:21+00:00","author":"Paulo H M Sousa","twitter_card":"summary_large_image","twitter_creator":"@EstratConcursos","twitter_site":"@EstratConcursos","twitter_misc":{"Escrito por":"Paulo H M Sousa","Est. tempo de leitura":"8 minutos"},"schema":{"@context":"https:\/\/schema.org","@graph":[{"@type":"NewsArticle","@id":"https:\/\/www.estrategiaconcursos.com.br\/blog\/edital-da-dpepr-acertamos-as-previsoes\/#article","isPartOf":{"@id":"https:\/\/www.estrategiaconcursos.com.br\/blog\/edital-da-dpepr-acertamos-as-previsoes\/"},"author":{"name":"Paulo H M Sousa","@id":"https:\/\/www.estrategiaconcursos.com.br\/blog\/#\/schema\/person\/659a4992e582a2be87908edc68d3786f"},"headline":"Edital DPE-PR publicado \u2013 Acertamos as previs\u00f5es!","datePublished":"2017-02-09T02:21:28+00:00","dateModified":"2023-01-06T20:24:21+00:00","mainEntityOfPage":{"@id":"https:\/\/www.estrategiaconcursos.com.br\/blog\/edital-da-dpepr-acertamos-as-previsoes\/"},"wordCount":1634,"commentCount":0,"publisher":{"@id":"https:\/\/www.estrategiaconcursos.com.br\/blog\/#organization"},"keywords":["DPE-PR"],"articleSection":["Concursos P\u00fablicos","Jur\u00eddico"],"inLanguage":"pt-BR","potentialAction":[{"@type":"CommentAction","name":"Comment","target":["https:\/\/www.estrategiaconcursos.com.br\/blog\/edital-da-dpepr-acertamos-as-previsoes\/#respond"]}],"copyrightYear":"2017","copyrightHolder":{"@id":"https:\/\/www.estrategiaconcursos.com.br\/blog\/#organization"}},{"@type":"WebPage","@id":"https:\/\/www.estrategiaconcursos.com.br\/blog\/edital-da-dpepr-acertamos-as-previsoes\/","url":"https:\/\/www.estrategiaconcursos.com.br\/blog\/edital-da-dpepr-acertamos-as-previsoes\/","name":"Saiu o Edital DPE-PR: 13 vagas para Defensor P\u00fablico","isPartOf":{"@id":"https:\/\/www.estrategiaconcursos.com.br\/blog\/#website"},"datePublished":"2017-02-09T02:21:28+00:00","dateModified":"2023-01-06T20:24:21+00:00","description":"Foi publicado o Edital DPE-PR para Defensor P\u00fablico do Paran\u00e1. Saiba tudo sobre o concurso DPE PR aqui: sal\u00e1rio, provas, mat\u00e9rias..e muito mais!","breadcrumb":{"@id":"https:\/\/www.estrategiaconcursos.com.br\/blog\/edital-da-dpepr-acertamos-as-previsoes\/#breadcrumb"},"inLanguage":"pt-BR","potentialAction":[{"@type":"ReadAction","target":["https:\/\/www.estrategiaconcursos.com.br\/blog\/edital-da-dpepr-acertamos-as-previsoes\/"]}]},{"@type":"BreadcrumbList","@id":"https:\/\/www.estrategiaconcursos.com.br\/blog\/edital-da-dpepr-acertamos-as-previsoes\/#breadcrumb","itemListElement":[{"@type":"ListItem","position":1,"name":"In\u00edcio","item":"https:\/\/www.estrategiaconcursos.com.br\/blog\/"},{"@type":"ListItem","position":2,"name":"Edital DPE-PR publicado \u2013 Acertamos as previs\u00f5es!"}]},{"@type":"WebSite","@id":"https:\/\/www.estrategiaconcursos.com.br\/blog\/#website","url":"https:\/\/www.estrategiaconcursos.com.br\/blog\/","name":"Estrat\u00e9gia Concursos","description":"O blog da Estrat\u00e9gia Concursos traz not\u00edcias sobre concursos e artigos de professores oferecendo cursos para concursos (pdf + videaulas) no site.","publisher":{"@id":"https:\/\/www.estrategiaconcursos.com.br\/blog\/#organization"},"potentialAction":[{"@type":"SearchAction","target":{"@type":"EntryPoint","urlTemplate":"https:\/\/www.estrategiaconcursos.com.br\/blog\/?s={search_term_string}"},"query-input":{"@type":"PropertyValueSpecification","valueRequired":true,"valueName":"search_term_string"}}],"inLanguage":"pt-BR"},{"@type":"Organization","@id":"https:\/\/www.estrategiaconcursos.com.br\/blog\/#organization","name":"Estrat\u00e9gia Concursos","url":"https:\/\/www.estrategiaconcursos.com.br\/blog\/","logo":{"@type":"ImageObject","inLanguage":"pt-BR","@id":"https:\/\/www.estrategiaconcursos.com.br\/blog\/#\/schema\/logo\/image\/","url":"https:\/\/dhg1h5j42swfq.cloudfront.net\/2025\/06\/03203428\/logo_concursos-1.jpg","contentUrl":"https:\/\/dhg1h5j42swfq.cloudfront.net\/2025\/06\/03203428\/logo_concursos-1.jpg","width":230,"height":60,"caption":"Estrat\u00e9gia Concursos"},"image":{"@id":"https:\/\/www.estrategiaconcursos.com.br\/blog\/#\/schema\/logo\/image\/"},"sameAs":["https:\/\/x.com\/EstratConcursos"]},{"@type":"Person","@id":"https:\/\/www.estrategiaconcursos.com.br\/blog\/#\/schema\/person\/659a4992e582a2be87908edc68d3786f","name":"Paulo H M Sousa","image":{"@type":"ImageObject","inLanguage":"pt-BR","@id":"https:\/\/secure.gravatar.com\/avatar\/6c5538a36475e584e0a1a209a3b92f8b2ecca752f244b8d7db751faab2a292e2?s=96&d=mm&r=g","url":"https:\/\/secure.gravatar.com\/avatar\/6c5538a36475e584e0a1a209a3b92f8b2ecca752f244b8d7db751faab2a292e2?s=96&d=mm&r=g","contentUrl":"https:\/\/secure.gravatar.com\/avatar\/6c5538a36475e584e0a1a209a3b92f8b2ecca752f244b8d7db751faab2a292e2?s=96&d=mm&r=g","caption":"Paulo H M Sousa"},"url":"https:\/\/www.estrategiaconcursos.com.br\/blog\/author\/paulosousaestrategiaconcursos-com-br\/"}]}},"_links":{"self":[{"href":"https:\/\/www.estrategiaconcursos.com.br\/blog\/wp-json\/wp\/v2\/posts\/64304","targetHints":{"allow":["GET"]}}],"collection":[{"href":"https:\/\/www.estrategiaconcursos.com.br\/blog\/wp-json\/wp\/v2\/posts"}],"about":[{"href":"https:\/\/www.estrategiaconcursos.com.br\/blog\/wp-json\/wp\/v2\/types\/post"}],"author":[{"embeddable":true,"href":"https:\/\/www.estrategiaconcursos.com.br\/blog\/wp-json\/wp\/v2\/users\/218"}],"replies":[{"embeddable":true,"href":"https:\/\/www.estrategiaconcursos.com.br\/blog\/wp-json\/wp\/v2\/comments?post=64304"}],"version-history":[{"count":6,"href":"https:\/\/www.estrategiaconcursos.com.br\/blog\/wp-json\/wp\/v2\/posts\/64304\/revisions"}],"predecessor-version":[{"id":1148849,"href":"https:\/\/www.estrategiaconcursos.com.br\/blog\/wp-json\/wp\/v2\/posts\/64304\/revisions\/1148849"}],"wp:attachment":[{"href":"https:\/\/www.estrategiaconcursos.com.br\/blog\/wp-json\/wp\/v2\/media?parent=64304"}],"wp:term":[{"taxonomy":"category","embeddable":true,"href":"https:\/\/www.estrategiaconcursos.com.br\/blog\/wp-json\/wp\/v2\/categories?post=64304"},{"taxonomy":"post_tag","embeddable":true,"href":"https:\/\/www.estrategiaconcursos.com.br\/blog\/wp-json\/wp\/v2\/tags?post=64304"},{"taxonomy":"tax_estado","embeddable":true,"href":"https:\/\/www.estrategiaconcursos.com.br\/blog\/wp-json\/wp\/v2\/tax_estado?post=64304"}],"curies":[{"name":"wp","href":"https:\/\/api.w.org\/{rel}","templated":true}]}}