{"id":642775,"date":"2026-04-15T16:45:00","date_gmt":"2026-04-15T19:45:00","guid":{"rendered":"https:\/\/www.estrategiaconcursos.com.br\/blog\/?p=642775"},"modified":"2026-04-15T16:45:20","modified_gmt":"2026-04-15T19:45:20","slug":"concurso-pm-sp","status":"publish","type":"post","link":"https:\/\/www.estrategiaconcursos.com.br\/blog\/concurso-pm-sp\/","title":{"rendered":"Concurso PM SP: inscri\u00e7\u00f5es abertas! Inicial de R$ 9,8 mil!"},"content":{"rendered":"\n<p style=\"font-size:clamp(14.642px, 0.915rem + ((1vw - 3.2px) * 0.721), 22px);\"><em><strong>Concurso PM SP tem comiss\u00f5es formadas para Oficial e Soldado, com editais previstos em abril! Ser\u00e3o 2,2 mil vagas!<\/strong><\/em><\/p>\n\n\n\n<div style=\"height:16px\" aria-hidden=\"true\" class=\"wp-block-spacer\"><\/div>\n\n\n\n<hr class=\"wp-block-separator has-alpha-channel-opacity\"\/>\n\n\n<p><center><a id=\"cta-icon\" href=\"https:\/\/sndflw.com\/i\/pm-sp-grupo\" target=\"_blank\" style=\"background:#29a61a; display:inline-flex; align-items:center; padding:10px 15px; border-radius:6px; color:#fff; text-decoration:none; font-weight:500; font-size:15px;\"><img decoding=\"async\" src=\"https:\/\/dhg1h5j42swfq.cloudfront.net\/2023\/12\/07154107\/whatsapp_13851.png\" alt=\"\" style=\"width:20px; height:20px; margin-right:8px;\"><span>Acesse agora o Grupo de Estudos para o Concurso PM SP<\/span><\/a><\/center><\/p>\n\n\n\n<div style=\"height:22px\" aria-hidden=\"true\" class=\"wp-block-spacer\"><\/div>\n\n\n\n<p>Est\u00e3o abertas as inscri\u00e7\u00f5es do <strong>concurso PM SP <\/strong>(<a href=\"https:\/\/www.estrategiaconcursos.com.br\/cursosPorConcurso\/policia-militar-de-sao-paulo-pm-sp\/\" target=\"_blank\" rel=\"noreferrer noopener\">Pol\u00edcia Militar do Estado de S\u00e3o Paulo<\/a>) para o cargo de <strong>2\u00b0 Tenente M\u00e9dico PM Estagi\u00e1rio<\/strong>.<\/p>\n\n\n\n<p>Os interessados na sele\u00e7\u00e3o podem se candidatar <strong>at\u00e9 o dia 7 de maio<\/strong>, no site da banca organizadora, Vunesp, ao custo de R$ 250,00. As provas s\u00e3o previstas em 14 de junho.<\/p>\n\n\n\n<p>S\u00e3o ofertadas <strong>36 vagas imediatas<\/strong> distribu\u00eddas em diversas especialidades. Os aprovados receber\u00e3o sal\u00e1rio inicial de <strong>R$ 9.832,41<\/strong>.<\/p>\n\n\n\n<p>Importante destacar que o governador Tarc\u00edsio de Freitas sancionou um <a href=\"https:\/\/www.estrategiaconcursos.com.br\/blog\/policias-sp-governador-sanciona-reajuste\" target=\"_blank\" rel=\"noreferrer noopener\">projeto de lei<\/a> com <strong>reajuste salarial linear de 10%<\/strong>. A medida vale ap\u00f3s publica\u00e7\u00e3o no Di\u00e1rio Oficial do Estado.<\/p>\n\n\n\n<ul class=\"wp-block-list has-very-light-gray-to-cyan-bluish-gray-gradient-background has-background\">\n<li><strong>Concurso PM SP &#8211; <\/strong><strong>2\u00b0 Tenente M\u00e9dico PM Estagi\u00e1rio<\/strong><\/li>\n\n\n\n<li><strong>Situa\u00e7\u00e3o<\/strong>: inscri\u00e7\u00f5es abertas <\/li>\n\n\n\n<li><strong>Banca<\/strong>: <a href=\"https:\/\/www.vunesp.com.br\/PMES2504\" target=\"_blank\" rel=\"noreferrer noopener\">Vunesp<\/a><\/li>\n\n\n\n<li><strong>Vagas<\/strong>: 36<\/li>\n\n\n\n<li><strong>Sal\u00e1rio inicial<\/strong>: R$ 9.832,41<\/li>\n\n\n\n<li><strong>Edital<\/strong>: <a href=\"https:\/\/dhg1h5j42swfq.cloudfront.net\/2026\/03\/11080508\/edital-concurso-pm-sp-tenente-medico-2026.pdf\" target=\"_blank\" rel=\"noreferrer noopener nofollow\">PM SP 2\u00b0 Tenente M\u00e9dico-2026<\/a><\/li>\n<\/ul>\n\n\n\n<p>Al\u00e9m disso, em abril ser\u00e3o publicados dois <a href=\"https:\/\/www.estrategiaconcursos.com.br\/blog\/concurso-pm-sp-abril-2026-novos-editais\/\" target=\"_blank\" rel=\"noreferrer noopener\">novos editais de concurso da PM SP<\/a>. A informa\u00e7\u00e3o foi confirmada pela pr\u00f3pria corpora\u00e7\u00e3o.<\/p>\n\n\n\n<p>O certame ser\u00e1 para provimento de <strong>2.000 vagas para o cargo de Soldado<\/strong> e <strong>200 vagas para Oficial<\/strong>. A comiss\u00e3o para ambos est\u00e1 formada.<\/p>\n\n\n\n<p>As carreiras exigem n\u00edvel m\u00e9dio completo, idade de 17 a 30 anos, al\u00e9m de estatura m\u00ednima para homens e mulheres. O sal\u00e1rio inicial \u00e9 de R$ 5 mil.<\/p>\n\n\n\n<ul class=\"wp-block-list has-very-light-gray-to-cyan-bluish-gray-gradient-background has-background\">\n<li><strong>Concurso PM SP Soldado <\/strong><\/li>\n\n\n\n<li><strong>Situa\u00e7\u00e3o<\/strong>: comiss\u00e3o formada<\/li>\n\n\n\n<li><strong>Vagas:<\/strong> 4.000 [2.000 em abril]<\/li>\n\n\n\n<li><strong>Sal\u00e1rio inicial:<\/strong> R$ 5.055,53<\/li>\n<\/ul>\n\n\n\n<ul class=\"wp-block-list has-very-light-gray-to-cyan-bluish-gray-gradient-background has-background\">\n<li><strong>Concurso PM SP &#8211; Aluno Oficial<\/strong><\/li>\n\n\n\n<li><strong>Situa\u00e7\u00e3o<\/strong>: comiss\u00e3o formada<\/li>\n\n\n\n<li><strong>Vagas:<\/strong> 200<\/li>\n\n\n\n<li><strong>Sal\u00e1rio inicial:<\/strong> R$ 5.035,65<\/li>\n<\/ul>\n\n\n\n<p id=\"indice\">Confira neste artigo as principais informa\u00e7\u00f5es de todos os concursos para a PM SP. Acompanhe pelos t\u00f3picos:<\/p>\n\n\n\n<ul id=\"indice\" class=\"wp-block-list\">\n<li><strong><a href=\"#editais-previstos-oficial\">Editais previstos<\/a><\/strong>\n<ul class=\"wp-block-list\">\n<li><a href=\"#soldado-2026\">Soldado<\/a><\/li>\n\n\n\n<li><a href=\"#aut-aluno-oficial\">Aluno-Oficial<\/a><\/li>\n\n\n\n<li><a href=\"#remunera\">Remunera\u00e7\u00f5es<\/a><\/li>\n<\/ul>\n<\/li>\n\n\n\n<li><strong><a href=\"#edital-medico\">Concurso 2\u00ba Tenente M\u00e9dico<\/a><\/strong>\n<ul class=\"wp-block-list\">\n<li><a href=\"#datas\">Principais datas<\/a><\/li>\n\n\n\n<li><a href=\"#vagas-medico\">Cargos e vagas<\/a><\/li>\n\n\n\n<li><a href=\"#etapas-medico\">Etapas e provas<\/a><\/li>\n<\/ul>\n<\/li>\n\n\n\n<li><strong><a href=\"#edital-musico\">Concurso 2\u00ba Tenente M\u00fasico<\/a><\/strong>\n<ul class=\"wp-block-list\">\n<li><a href=\"#vagas-mus\">Cargo e vagas<\/a><\/li>\n\n\n\n<li><a href=\"#etapas-mus\">Etapas e provas<\/a><\/li>\n<\/ul>\n<\/li>\n\n\n\n<li><a href=\"#editais-previstos-soldado\"><strong>Concurso Soldado 2025<\/strong><\/a>\n<ul class=\"wp-block-list\">\n<li><a href=\"#vagas-sd-2025\">Cargo e vagas<\/a><\/li>\n\n\n\n<li><a href=\"#etapas-sd-2025\">Etapas e provas<\/a><\/li>\n<\/ul>\n<\/li>\n\n\n\n<li><strong><a href=\"#oficial-2025\">Concurso Oficial 2025<\/a><\/strong>\n<ul class=\"wp-block-list\">\n<li><a href=\"#vagas-oficial-2025\">Cargo e vagas<\/a><\/li>\n\n\n\n<li><a href=\"#etapas-oficial-2025\">Etapas e provas<\/a><\/li>\n<\/ul>\n<\/li>\n\n\n\n<li><a href=\"#ultimos-concursos\"><strong>\u00daltimos concursos<\/strong><\/a> \n<ul class=\"wp-block-list\">\n<li><a href=\"#soldado-2-2024\">Concurso Soldado 2\/2024<\/a><\/li>\n\n\n\n<li><a href=\"#oficial-2024\">Concurso Oficial 2024<\/a><\/li>\n<\/ul>\n<\/li>\n\n\n\n<li><a href=\"#materiais\"><strong>Materiais de estudos<\/strong><\/a>\n<ul class=\"wp-block-list\">\n<li><a href=\"#guia\">Guia de estudos<\/a><\/li>\n\n\n\n<li><a href=\"#vade\">Vade-M\u00e9cum<\/a><\/li>\n<\/ul>\n<\/li>\n\n\n\n<li><strong><a href=\"#cursos-assinatura\">Cursos e Assinaturas<\/a><\/strong><\/li>\n\n\n\n<li><strong><a href=\"#ficha-tecnica\">Ficha t\u00e9cnica<\/a><\/strong><\/li>\n<\/ul>\n\n\n\n<div class=\"container\" id=\"boxes\">\n  <div class=\"row\">\n\n    <div class=\"col-sm\">\n      <div class=\"banner-policia-militar\" id=\"box-assinatura\">\n        <h2 class=\"titulo-assinatura\" style=\"text-align: left;\">Concurso PM SP<\/h2>\n        <p class=\"subtitulo-assinatura\" style=\"text-align: left;\">Explore os cursos para a carreira na PM \u2728<\/p>\n        <div class=\"box-botao\" style=\"text-align: left;\">\n          <a class=\"btn-assinatura\" target=\"_blank\" href=\"https:\/\/www.estrategiaconcursos.com.br\/cursosPorConcurso\/policia-militar-de-sao-paulo-pm-sp\/\" role=\"button\" rel=\"noopener noreferrer\">ESTUDE CONOSCO<\/a>\n        <\/div>\n      <\/div><\/div><\/div><\/div>\n\n\n\n<h2 class=\"wp-block-heading has-cyan-bluish-gray-background-color has-background\" id=\"editais-previstos-oficial\">Concurso PM SP: novos editais previstos<\/h2>\n\n\n\n<h3 class=\"wp-block-heading\" id=\"soldado-2026\">Soldado PM SP<\/h3>\n\n\n\n<p>O <strong>novo concurso PM SP<\/strong> j\u00e1 conta com <span style=\"text-decoration: underline;\">comiss\u00e3o formada<\/span>. Segundo autoriza\u00e7\u00e3o, ser\u00e3o dois editais para\u00a0<strong>provimento de 4.000 vagas para o cargo de Soldado PM de 2\u00aa Classe<\/strong>.<\/p>\n\n\n\n<ul class=\"wp-block-list\">\n<li><a href=\"https:\/\/dhg1h5j42swfq.cloudfront.net\/2025\/12\/07071052\/1995df04-f3e4-4cb2-bd3e-213c333531de.pdf\" target=\"_blank\" rel=\"noreferrer noopener nofollow\">Comiss\u00e3o formada<\/a><\/li>\n<\/ul>\n\n\n\n<p>A <strong>posse \u00e9 prevista nos meses de maio e novembro de 2027<\/strong>. Com isso, os editais devem ser publicados ao longo de 2026. <\/p>\n\n\n\n<figure class=\"wp-block-image aligncenter\"><img loading=\"lazy\" decoding=\"async\" width=\"654\" height=\"517\" src=\"https:\/\/dhg1h5j42swfq.cloudfront.net\/2025\/12\/30031121\/image-252.png\" alt=\"Novo concurso PM SP autorizado com 4 mil vagas\" class=\"wp-image-1691570\" srcset=\"https:\/\/dhg1h5j42swfq.cloudfront.net\/2025\/12\/30031121\/image-252.png 654w, https:\/\/dhg1h5j42swfq.cloudfront.net\/2025\/12\/30031121\/image-252-300x237.png 300w, https:\/\/dhg1h5j42swfq.cloudfront.net\/2025\/12\/30031121\/image-252-150x119.png 150w\" sizes=\"auto, (max-width: 654px) 100vw, 654px\" \/><figcaption class=\"wp-element-caption\">Autoriza\u00e7\u00e3o do concurso PM SP em 2027<\/figcaption><\/figure>\n\n\n\n<h3 class=\"wp-block-heading\" id=\"aut-aluno-oficial\">Aluno-Oficial PMSP<\/h3>\n\n\n\n<p>Est\u00e1 formada a comiss\u00e3o respons\u00e1vel pelo novo concurso para <strong>Aluno-Oficial<\/strong>. O despacho de autoriza\u00e7\u00e3o informa a oferta de <strong>200 vagas imediatas<\/strong>.<\/p>\n\n\n\n<p>De acordo com a publica\u00e7\u00e3o, os aprovados devem tomar posse e iniciar o exerc\u00edcio em <strong>janeiro de 2027<\/strong>. Veja os documentos na \u00edntegra!<\/p>\n\n\n\n<ul class=\"wp-block-list\">\n<li><strong><a href=\"https:\/\/dhg1h5j42swfq.cloudfront.net\/2025\/10\/21084445\/image-226.png\" target=\"_blank\" rel=\"noreferrer noopener nofollow\">Autoriza\u00e7\u00e3o<\/a> | <a href=\"https:\/\/dhg1h5j42swfq.cloudfront.net\/2025\/10\/07055321\/pmspcomissao.pdf\" target=\"_blank\" rel=\"noreferrer noopener nofollow\">Comiss\u00e3o<\/a><\/strong><\/li>\n<\/ul>\n\n\n\n<figure class=\"wp-block-image aligncenter size-full\"><img loading=\"lazy\" decoding=\"async\" width=\"759\" height=\"722\" src=\"https:\/\/dhg1h5j42swfq.cloudfront.net\/2025\/11\/07082514\/comissao-pmsp-25-oficial.png\" alt=\"Comiss\u00e3o do novo concurso PM SP Oficial\" class=\"wp-image-1666932\" srcset=\"https:\/\/dhg1h5j42swfq.cloudfront.net\/2025\/11\/07082514\/comissao-pmsp-25-oficial.png 759w, https:\/\/dhg1h5j42swfq.cloudfront.net\/2025\/11\/07082514\/comissao-pmsp-25-oficial-300x285.png 300w, https:\/\/dhg1h5j42swfq.cloudfront.net\/2025\/11\/07082514\/comissao-pmsp-25-oficial-150x143.png 150w\" sizes=\"auto, (max-width: 759px) 100vw, 759px\" \/><figcaption class=\"wp-element-caption\">Comiss\u00e3o do novo concurso PM SP Oficial<\/figcaption><\/figure>\n\n\n\n<h3 class=\"wp-block-heading\" id=\"remunera\">Remunera\u00e7\u00f5es<\/h3>\n\n\n\n<p>Conforme o <a href=\"https:\/\/www.transparencia.sp.gov.br\/home\/servidor\" target=\"_blank\" rel=\"noreferrer noopener\">Portal da Transpar\u00eancia<\/a> da corpora\u00e7\u00e3o, listamos as remunera\u00e7\u00f5es dos servidores aprovados no concurso PM SP. Veja abaixo:<\/p>\n\n\n\n<figure class=\"wp-block-image aligncenter size-full\"><img loading=\"lazy\" decoding=\"async\" width=\"751\" height=\"328\" src=\"https:\/\/dhg1h5j42swfq.cloudfront.net\/2025\/11\/25174232\/image-268.png\" alt=\"Remunera\u00e7\u00e3o Soldado de 1\u00aa Classe da PM SP\" class=\"wp-image-1675348\" srcset=\"https:\/\/dhg1h5j42swfq.cloudfront.net\/2025\/11\/25174232\/image-268.png 751w, https:\/\/dhg1h5j42swfq.cloudfront.net\/2025\/11\/25174232\/image-268-300x131.png 300w, https:\/\/dhg1h5j42swfq.cloudfront.net\/2025\/11\/25174232\/image-268-150x66.png 150w\" sizes=\"auto, (max-width: 751px) 100vw, 751px\" \/><figcaption class=\"wp-element-caption\">Remunera\u00e7\u00e3o Soldado de 1\u00aa Classe da PM SP<\/figcaption><\/figure>\n\n\n\n<figure class=\"wp-block-image aligncenter size-full\"><img loading=\"lazy\" decoding=\"async\" width=\"754\" height=\"356\" src=\"https:\/\/dhg1h5j42swfq.cloudfront.net\/2025\/11\/25174259\/image-269.png\" alt=\"Remunera\u00e7\u00e3o Soldado de 2\u00aa Classe da PM SP\" class=\"wp-image-1675349\" srcset=\"https:\/\/dhg1h5j42swfq.cloudfront.net\/2025\/11\/25174259\/image-269.png 754w, https:\/\/dhg1h5j42swfq.cloudfront.net\/2025\/11\/25174259\/image-269-300x142.png 300w, https:\/\/dhg1h5j42swfq.cloudfront.net\/2025\/11\/25174259\/image-269-150x71.png 150w\" sizes=\"auto, (max-width: 754px) 100vw, 754px\" \/><figcaption class=\"wp-element-caption\">Remunera\u00e7\u00e3o Soldado de 2\u00aa Classe da PM SP<\/figcaption><\/figure>\n\n\n\n<figure class=\"wp-block-image aligncenter size-full\"><img loading=\"lazy\" decoding=\"async\" width=\"753\" height=\"335\" src=\"https:\/\/dhg1h5j42swfq.cloudfront.net\/2025\/11\/25174906\/image-271.png\" alt=\"Remunera\u00e7\u00e3o Tenente de 1\u00aa Classe \" class=\"wp-image-1675352\" srcset=\"https:\/\/dhg1h5j42swfq.cloudfront.net\/2025\/11\/25174906\/image-271.png 753w, https:\/\/dhg1h5j42swfq.cloudfront.net\/2025\/11\/25174906\/image-271-300x133.png 300w, https:\/\/dhg1h5j42swfq.cloudfront.net\/2025\/11\/25174906\/image-271-150x67.png 150w\" sizes=\"auto, (max-width: 753px) 100vw, 753px\" \/><figcaption class=\"wp-element-caption\">Remunera\u00e7\u00e3o Tenente de 1\u00aa Classe da PM SP<\/figcaption><\/figure>\n\n\n\n<figure class=\"wp-block-image aligncenter size-full\"><img loading=\"lazy\" decoding=\"async\" width=\"750\" height=\"320\" src=\"https:\/\/dhg1h5j42swfq.cloudfront.net\/2025\/11\/25174426\/image-270.png\" alt=\"Remunera\u00e7\u00e3o Tenente de 2\u00aa Classe da PM SP\" class=\"wp-image-1675350\" srcset=\"https:\/\/dhg1h5j42swfq.cloudfront.net\/2025\/11\/25174426\/image-270.png 750w, https:\/\/dhg1h5j42swfq.cloudfront.net\/2025\/11\/25174426\/image-270-300x128.png 300w, https:\/\/dhg1h5j42swfq.cloudfront.net\/2025\/11\/25174426\/image-270-150x64.png 150w\" sizes=\"auto, (max-width: 750px) 100vw, 750px\" \/><figcaption class=\"wp-element-caption\">Remunera\u00e7\u00e3o Tenente de 2\u00aa Classe da PM SP<\/figcaption><\/figure>\n\n\n\n<hr class=\"wp-block-separator has-alpha-channel-opacity is-style-dots\"\/>\n\n\n\n<h2 class=\"wp-block-heading has-cyan-bluish-gray-background-color has-background\" id=\"edital-medico\">Concurso PM SP: edital 2\u00ba Tenente M\u00e9dico 2026<\/h2>\n\n\n\n<h3 class=\"wp-block-heading\" id=\"datas\">Principais datas do edital<\/h3>\n\n\n\n<ul class=\"wp-block-list\">\n<li><strong>Inscri\u00e7\u00f5es<\/strong>: 16\/03 a 07\/05<\/li>\n\n\n\n<li><strong>Isen\u00e7\u00e3o da taxa<\/strong>: <s>16 a 17\/03<\/s><\/li>\n\n\n\n<li><strong>\u00daltimo dia para pagamento<\/strong>: 08\/05<\/li>\n\n\n\n<li><strong>Prova<\/strong>: 14\/06<\/li>\n<\/ul>\n\n\n\n<h3 class=\"wp-block-heading\" id=\"vagas-medico\">Cargos e vagas do concurso PM SP<\/h3>\n\n\n\n<figure class=\"wp-block-table is-style-stripes\"><table class=\"has-very-light-gray-to-cyan-bluish-gray-gradient-background has-background has-fixed-layout\"><thead><tr><th class=\"has-text-align-center\" data-align=\"center\">CARGO<\/th><th class=\"has-text-align-center\" data-align=\"center\">VAGAS<\/th><th class=\"has-text-align-center\" data-align=\"center\">SAL\u00c1RIO<\/th><\/tr><\/thead><tbody><tr><td class=\"has-text-align-center\" data-align=\"center\">2\u00b0 Tenente M\u00e9dico PM Estagi\u00e1rio (diversas especialidades)<\/td><td class=\"has-text-align-center\" data-align=\"center\">36<\/td><td class=\"has-text-align-center\" data-align=\"center\">R$ 9.832,41<\/td><\/tr><\/tbody><\/table><\/figure>\n\n\n\n<p><strong>Especialidades m\u00e9dicas<\/strong><\/p>\n\n\n\n<ul class=\"wp-block-list\">\n<li>Anestesiologia<\/li>\n\n\n\n<li>Cirurgia de Cabe\u00e7a e Pesco\u00e7o<\/li>\n\n\n\n<li>Cirurgia G\u00e1strica e do Aparelho Digestivo<\/li>\n\n\n\n<li>Cl\u00ednica Geral<\/li>\n\n\n\n<li>Endocrinologia<\/li>\n\n\n\n<li>Endoscopia<\/li>\n\n\n\n<li>Fisiatria<\/li>\n\n\n\n<li>Ginecologia<\/li>\n\n\n\n<li>Hematologia<\/li>\n\n\n\n<li>Medicina de Emerg\u00eancia<\/li>\n\n\n\n<li>Medicina do Trabalho<\/li>\n\n\n\n<li>Medicina Intensiva<\/li>\n\n\n\n<li>Neurologia Cl\u00ednica<\/li>\n\n\n\n<li>Oncologia<\/li>\n\n\n\n<li>Otorrinolaringologia<\/li>\n\n\n\n<li>Patologia Cl\u00ednica e Medicina Laboratorial<\/li>\n\n\n\n<li>Pneumologia<\/li>\n\n\n\n<li>Psiquiatria<\/li>\n\n\n\n<li>Radiologia<\/li>\n\n\n\n<li>Urologia<\/li>\n<\/ul>\n\n\n\n<h3 class=\"wp-block-heading\" id=\"etapas-medico\">Etapas e provas do concurso PM SP<\/h3>\n\n\n\n<p>Os inscritos no certame ser\u00e3o avaliados por meio das seguintes etapas:<\/p>\n\n\n\n<ul class=\"wp-block-list\">\n<li><strong>Prova Objetiva<\/strong>, de car\u00e1ter eliminat\u00f3rio e classificat\u00f3rio;<\/li>\n\n\n\n<li><strong>Prova Dissertativa<\/strong>, de car\u00e1ter eliminat\u00f3rio e classificat\u00f3rio;<\/li>\n\n\n\n<li><strong>Exame de Aptid\u00e3o F\u00edsica<\/strong>, de car\u00e1ter eliminat\u00f3rio;<\/li>\n\n\n\n<li><strong>Exames de Sa\u00fade<\/strong>, de car\u00e1ter eliminat\u00f3rio;<\/li>\n\n\n\n<li><strong>Exames Psicol\u00f3gicos<\/strong>, de car\u00e1ter eliminat\u00f3rio;<\/li>\n\n\n\n<li><strong>Avalia\u00e7\u00e3o da Conduta Social, da Reputa\u00e7\u00e3o e da Idoneidade<\/strong> (Cap\u00edtulo XII), de car\u00e1ter eliminat\u00f3rio; e<\/li>\n\n\n\n<li><strong>An\u00e1lise de Documentos<\/strong>, de car\u00e1ter eliminat\u00f3rio.<\/li>\n<\/ul>\n\n\n\n<h4 class=\"wp-block-heading\" id=\"h-prova-objetiva\">Prova objetiva<\/h4>\n\n\n\n<p>A etapa ser\u00e1 composta por 60 quest\u00f5es do tipo m\u00faltipla escolha, com cinco alternativas cada e apenas uma correta. <\/p>\n\n\n\n<p>A prova ser\u00e1 avaliada na escala de 0 a 90 pontos, sendo considerado habilitado o candidato que obtiver, no m\u00ednimo, 30 pontos.<\/p>\n\n\n\n<ul class=\"wp-block-list\">\n<li><strong>Conhecimentos Gerais em Medicina<\/strong> \u2013 20 quest\u00f5es;<\/li>\n\n\n\n<li><strong>Interpreta\u00e7\u00e3o de Texto e L\u00edngua Portuguesa<\/strong> \u2013 4 quest\u00f5es;<\/li>\n\n\n\n<li><strong>No\u00e7\u00f5es B\u00e1sicas de Inform\u00e1tica<\/strong> \u2013 3 quest\u00f5es;<\/li>\n\n\n\n<li><strong>No\u00e7\u00f5es de Administra\u00e7\u00e3o P\u00fablica<\/strong> \u2013 3 quest\u00f5es;<\/li>\n\n\n\n<li><strong>Conhecimentos Espec\u00edficos em Medicina<\/strong> (conforme a especialidade m\u00e9dica escolhida) \u2013 30 quest\u00f5es.<\/li>\n<\/ul>\n\n\n\n<h4 class=\"wp-block-heading\" id=\"h-prova-dissertativa\">Prova dissertativa<\/h4>\n\n\n\n<p>A etapa ser\u00e1 composta por 1 quest\u00e3o de discuss\u00e3o de caso cl\u00ednico, versando sobre Conhecimentos Gerais em Medicina, contendo at\u00e9 30 linhas.<\/p>\n\n\n\n<p>A prova ser\u00e1 avaliada na escala de 0 a 10 pontos, sendo considerado habilitado na etapa o candidato que obtiver, no m\u00ednimo, 5 pontos.<\/p>\n\n\n\n<h4 class=\"wp-block-heading\" id=\"h-exame-de-aptidao-fisica\">Exame de Aptid\u00e3o F\u00edsica<\/h4>\n\n\n\n<p>O exame ser\u00e1 compostos pelos seguintes testes:<\/p>\n\n\n\n<ul class=\"wp-block-list\">\n<li>Flex\u00e3o e extens\u00e3o de cotovelos, por meio do teste din\u00e2mico de barra fixa, para homens, e teste de isometria na barra fixa para mulheres;<\/li>\n\n\n\n<li>Resist\u00eancia abdominal em dec\u00fabito dorsal (abdominal &#8211; tipo remador), para ambos os sexos;<\/li>\n\n\n\n<li>Corrida de 50m, para ambos os sexos; e<\/li>\n\n\n\n<li>Corrida de 2.400m, para ambos os sexos.<\/li>\n<\/ul>\n\n\n\n<h2 class=\"wp-block-heading has-cyan-bluish-gray-background-color has-background\" id=\"edital-musico\">Concurso PM SP: edital 2\u00ba Tenente M\u00fasico 2025<\/h2>\n\n\n\n<ul class=\"wp-block-list\">\n<li><strong>Banca<\/strong>: <a href=\"https:\/\/www.vunesp.com.br\/PMES2503\" target=\"_blank\" rel=\"noreferrer noopener\">Funda\u00e7\u00e3o Vunesp<\/a><\/li>\n\n\n\n<li><strong>Vagas<\/strong>: 5<\/li>\n\n\n\n<li><strong>Sal\u00e1rio inicial<\/strong>: R$ 9.832,41<\/li>\n\n\n\n<li><strong>Edital:<\/strong> <a href=\"https:\/\/dhg1h5j42swfq.cloudfront.net\/2025\/11\/26090342\/edital-pm-sp-musico-2025.pdf\" target=\"_blank\" rel=\"noreferrer noopener nofollow\">PM SP 2\u00ba Tenente M\u00fasico Estagi\u00e1rio 2025<\/a><\/li>\n<\/ul>\n\n\n\n<h3 class=\"wp-block-heading\" id=\"vagas-mus\">Cargos e vagas do concurso PM SP <\/h3>\n\n\n\n<figure class=\"wp-block-table is-style-stripes\"><table class=\"has-cyan-bluish-gray-background-color has-background\"><thead><tr><th class=\"has-text-align-center\" data-align=\"center\">CARGO<\/th><th class=\"has-text-align-center\" data-align=\"center\">VAGAS<\/th><th class=\"has-text-align-center\" data-align=\"center\">SAL\u00c1RIO<\/th><\/tr><\/thead><tbody><tr><td class=\"has-text-align-center\" data-align=\"center\">2\u00ba Tenente M\u00fasico Estagi\u00e1rio<\/td><td class=\"has-text-align-center\" data-align=\"center\">5<\/td><td class=\"has-text-align-center\" data-align=\"center\">R$ 9.832,41<\/td><\/tr><\/tbody><\/table><\/figure>\n\n\n\n<ul class=\"wp-block-list\">\n<li>Padr\u00e3o no valor de R$ 4.523,37;<\/li>\n\n\n\n<li>Regime Especial de Trabalho Policial (RETP), previsto na Lei n\u00ba 10.291\/68, no valor de R$ 4.523,37; e<\/li>\n\n\n\n<li>Insalubridade, prevista na Lei Complementar n\u00ba 432\/85, com altera\u00e7\u00f5es da Lei Complementar n\u00ba 1.179\/12, no valor de R$ 785,67.<\/li>\n<\/ul>\n\n\n\n<h4 class=\"wp-block-heading\" id=\"h-quais-sao-os-requisitos-para-2\u00ba-tenente-musico-estagiario-da-pm-sp\">Quais s\u00e3o os requisitos para 2\u00ba Tenente M\u00fasico Estagi\u00e1rio da PM SP?<\/h4>\n\n\n\n<ul class=\"wp-block-list\">\n<li>Ter idade m\u00ednima de 17 anos;<\/li>\n\n\n\n<li>Ter idade m\u00e1xima de 35 anos de idade; e<\/li>\n\n\n\n<li><strong>Bacharel em M\u00fasica<\/strong>, obtido em estabelecimento de ensino superior reconhecido pelo MEC ou por \u00f3rg\u00e3o oficial competente.<\/li>\n<\/ul>\n\n\n\n<h3 class=\"wp-block-heading\" id=\"etapas-mus\">Etapas e provas do concurso PMSP<\/h3>\n\n\n\n<ul class=\"wp-block-list\">\n<li><strong>Exames de Conhecimentos<\/strong>, divididos em:\n<ul class=\"wp-block-list\">\n<li>Prova Objetiva (Parte I), de car\u00e1ter eliminat\u00f3rio e classificat\u00f3rio;<\/li>\n\n\n\n<li>Prova Objetiva (Parte II) &#8211; Habilidades T\u00e9cnicas, de car\u00e1ter eliminat\u00f3rio e classificat\u00f3rio;<\/li>\n<\/ul>\n<\/li>\n\n\n\n<li><strong>Prova Dissertativa<\/strong>, de car\u00e1ter eliminat\u00f3rio e classificat\u00f3rio;<\/li>\n\n\n\n<li><strong>Exames de Aptid\u00e3o F\u00edsica<\/strong>, de car\u00e1ter eliminat\u00f3rio;<\/li>\n\n\n\n<li><strong>Exames de Sa\u00fade<\/strong>, de car\u00e1ter eliminat\u00f3rio;<\/li>\n\n\n\n<li><strong>Exames Psicol\u00f3gicos<\/strong>, de car\u00e1ter eliminat\u00f3rio;<\/li>\n\n\n\n<li><strong>Avalia\u00e7\u00e3o da Conduta Social, da Reputa\u00e7\u00e3o e da Idoneidade<\/strong>, de car\u00e1ter eliminat\u00f3rio; e<\/li>\n\n\n\n<li><strong>An\u00e1lise de Documentos<\/strong>, de car\u00e1ter eliminat\u00f3rio.<\/li>\n<\/ul>\n\n\n\n<h4 class=\"wp-block-heading\" id=\"h-prova-objetiva-i\">Prova Objetiva I<\/h4>\n\n\n\n<p>Com dura\u00e7\u00e3o de 5 horas, a etapa foi composta por <strong>60 quest\u00f5es de m\u00faltipla escolha<\/strong> (cinco alternativas). Avaliada na escala de 0 a 60 pontos, ser\u00e1 considerado habilitado o candidato que obtiver, no m\u00ednimo, 30 pontos.<\/p>\n\n\n\n<ul class=\"wp-block-list\">\n<li><strong>Conhecimentos Gerais em M\u00fasica<\/strong> &#8211; 40<\/li>\n\n\n\n<li><strong>Interpreta\u00e7\u00e3o de Texto e L\u00edngua Portuguesa<\/strong> &#8211; 5<\/li>\n\n\n\n<li><strong>Racioc\u00ednio L\u00f3gico e Matem\u00e1tico<\/strong> &#8211; 5<\/li>\n\n\n\n<li><strong>No\u00e7\u00f5es B\u00e1sicas de Inform\u00e1tica<\/strong> &#8211; 5<\/li>\n\n\n\n<li><strong>No\u00e7\u00f5es de Administra\u00e7\u00e3o P\u00fablica<\/strong> &#8211; 5 <\/li>\n<\/ul>\n\n\n\n<h4 class=\"wp-block-heading\" id=\"h-prova-objetiva-ii\">Prova Objetiva II<\/h4>\n\n\n\n<p>A etapa ser\u00e1 avaliada na escala de 0 a 20 pontos, sendo considerado habilitado o candidato que obtiver nota igual ou superior a 10 pontos, j\u00e1 considerada a pontua\u00e7\u00e3o diferenciada para pretos, pardos e ind\u00edgenas.<\/p>\n\n\n\n<p>A prova ser\u00e1 composta por 2 fases para avalia\u00e7\u00f5es t\u00e9cnico-pr\u00e1ticas e cada uma delas ter\u00e1 o valor de 10 pontos, sendo que a obten\u00e7\u00e3o do crit\u00e9rio m\u00ednimo de habilita\u00e7\u00e3o se dar\u00e1 pelo somat\u00f3rio da pontua\u00e7\u00e3o obtida em cada uma das avalia\u00e7\u00f5es\/fases, n\u00e3o podendo o candidato obter nota 0 em nenhuma delas.<\/p>\n\n\n\n<p>Durante a execu\u00e7\u00e3o da prova pr\u00e1tica de habilidades t\u00e9cnicas Fase I (Execu\u00e7\u00e3o Instrumental), o candidato que exceder o tempo limite de 5 minutos, previstos para a realiza\u00e7\u00e3o da prova, sofrer\u00e1 o desconto de 1 ponto em sua nota final na fase avaliada.<\/p>\n\n\n\n<p>Durante a execu\u00e7\u00e3o da prova pr\u00e1tica de habilidades t\u00e9cnicas Fase II (Avalia\u00e7\u00e3o t\u00e9cnico-anal\u00edtica de partitura), o candidato que exceder o tempo limite de 10 minutos, previstos para leitura das perguntas e analise da pe\u00e7a ou excerto, sofrer\u00e1 o desconto de 1 ponto em sua nota final.<\/p>\n\n\n\n<p>Tamb\u00e9m sofrer\u00e1 o desconto de 1 ponto em sua nota final na fase avaliada, o candidato que exceder o tempo limite de 20 minutos ao responder as 5 perguntas apresentadas no envelope escolhido.<\/p>\n\n\n\n<h4 class=\"wp-block-heading\" id=\"h-prova-dissertativa-0\">Prova Dissertativa<\/h4>\n\n\n\n<p>A etapa \u00e9 composta por 2 quest\u00f5es discursivas, que consistem na discuss\u00e3o de caso t\u00e9cnico. Cada quest\u00e3o vale 10 pontos, totalizando 20 pontos na prova. O candidato deve redigir cada quest\u00e3o em, no m\u00e1ximo, 30 linhas.<\/p>\n\n\n\n<p>A corre\u00e7\u00e3o focar\u00e1 na an\u00e1lise do conhecimento do conte\u00fado, capacidade de desenvolver a quest\u00e3o com clareza, coer\u00eancia e objetividade, a organiza\u00e7\u00e3o do texto, a t\u00e9cnica de reda\u00e7\u00e3o, o dom\u00ednio do l\u00e9xico e a corre\u00e7\u00e3o gramatical. N\u00e3o ser\u00e1 permitida a consulta a qualquer material al\u00e9m do fornecido pela Funda\u00e7\u00e3o VUNESP.<\/p>\n\n\n\n<h4 class=\"wp-block-heading\" id=\"h-prova-de-aptidao-fisica-taf\">Prova de Aptid\u00e3o F\u00edsica (TAF)<\/h4>\n\n\n\n<figure class=\"wp-block-table is-style-stripes\"><table class=\"has-very-light-gray-to-cyan-bluish-gray-gradient-background has-background has-fixed-layout\"><thead><tr><th class=\"has-text-align-center\" data-align=\"center\">Testes<\/th><th class=\"has-text-align-center\" data-align=\"center\">Masculino<\/th><th class=\"has-text-align-center\" data-align=\"center\">Feminino<\/th><\/tr><\/thead><tbody><tr><td class=\"has-text-align-center\" data-align=\"center\">Flex\u00e3o na barra fixa (homens)<\/td><td class=\"has-text-align-center\" data-align=\"center\">1 repeti\u00e7\u00e3o<\/td><td class=\"has-text-align-center\" data-align=\"center\">&#8211;<\/td><\/tr><tr><td class=\"has-text-align-center\" data-align=\"center\">Isometria na barra fixa (mulheres)<\/td><td class=\"has-text-align-center\" data-align=\"center\">&#8211;<\/td><td class=\"has-text-align-center\" data-align=\"center\">02\u201d00<\/td><\/tr><tr><td class=\"has-text-align-center\" data-align=\"center\">Abdominal remador<\/td><td class=\"has-text-align-center\" data-align=\"center\">29 repeti\u00e7\u00f5es<\/td><td class=\"has-text-align-center\" data-align=\"center\">27 repeti\u00e7\u00f5es<\/td><\/tr><tr><td class=\"has-text-align-center\" data-align=\"center\">Corrida de 50 metros<\/td><td class=\"has-text-align-center\" data-align=\"center\">10\u201d00<\/td><td class=\"has-text-align-center\" data-align=\"center\">11\u201d00<\/td><\/tr><tr><td class=\"has-text-align-center\" data-align=\"center\">Corrida de 2.400 metros<\/td><td class=\"has-text-align-center\" data-align=\"center\">15\u201900\u201d<\/td><td class=\"has-text-align-center\" data-align=\"center\">17\u201900\u201d<\/td><\/tr><\/tbody><\/table><\/figure>\n\n\n\n<h2 class=\"wp-block-heading has-cyan-bluish-gray-background-color has-background\" id=\"editais-previstos-soldado\">Concurso PM SP: edital Soldado 2025<\/h2>\n\n\n\n<p>Veja as principais informa\u00e7\u00f5es do Concurso PM SP 2025:<\/p>\n\n\n\n<h3 class=\"wp-block-heading\" id=\"vagas-sd-2025\">Cargos e vagas do concurso PM SP <\/h3>\n\n\n\n<figure class=\"wp-block-table is-style-stripes\"><table class=\"has-cyan-bluish-gray-background-color has-background\"><thead><tr><th class=\"has-text-align-center\" data-align=\"center\">CARGO<\/th><th class=\"has-text-align-center\" data-align=\"center\">VAGAS<\/th><th class=\"has-text-align-center\" data-align=\"center\">SAL\u00c1RIO<\/th><\/tr><\/thead><tbody><tr><td class=\"has-text-align-center\" data-align=\"center\">Soldado<\/td><td class=\"has-text-align-center\" data-align=\"center\">2.200<\/td><td class=\"has-text-align-center\" data-align=\"center\">R$ 5.055,53<\/td><\/tr><\/tbody><\/table><\/figure>\n\n\n\n<ul class=\"wp-block-list\">\n<li>Padr\u00e3o no valor de R$ 2.134,93;<\/li>\n\n\n\n<li>Regime Especial de Trabalho Policial (RETP), previsto na Lei n\u00ba 10.291\/68, no valor de R$ 2.134,93; e<\/li>\n\n\n\n<li>Insalubridade, prevista na Lei Complementar n\u00ba 432\/85, com altera\u00e7\u00f5es da Lei Complementar n\u00ba 1.179\/12, no valor de R$ 785,67.<\/li>\n<\/ul>\n\n\n\n<h4 class=\"wp-block-heading\" id=\"h-quais-sao-os-requisitos-para-soldado-da-pm-sp\">Quais s\u00e3o os requisitos para Soldado da PM SP?<\/h4>\n\n\n\n<ul class=\"wp-block-list\">\n<li>Ser brasileiro;<\/li>\n\n\n\n<li>Ter idade m\u00ednima de 17 anos;<\/li>\n\n\n\n<li>Ter idade m\u00e1xima de 30 anos de idade;<\/li>\n\n\n\n<li>Ter estatura m\u00ednima, descal\u00e7o e descoberto, de 1.55 cm, se mulher e 1.60 cm, se homem;<\/li>\n\n\n\n<li>N\u00edvel m\u00e9dio de forma\u00e7\u00e3o; e<\/li>\n\n\n\n<li>Ser&nbsp;habilitado&nbsp;para condu\u00e7\u00e3o de ve\u00edculo motorizado entre as categorias \u201cB\u201d e \u201cE\u201d.<\/li>\n<\/ul>\n\n\n\n<h3 class=\"wp-block-heading\" id=\"etapas-sd-2025\">Etapas e provas do concurso PM SP Soldado<\/h3>\n\n\n\n<p>A avalia\u00e7\u00e3o dos candidatos do edital PM SP para Soldado foi realizada mediante a aplica\u00e7\u00e3o das seguintes etapas:<\/p>\n\n\n\n<ul class=\"wp-block-list\">\n<li><strong>Exames de Conhecimentos<\/strong>, divididos em:\n<ul class=\"wp-block-list\">\n<li>Prova Objetiva (Parte I), de car\u00e1ter eliminat\u00f3rio e classificat\u00f3rio;<\/li>\n\n\n\n<li>Prova Dissertativa (Parte II), de car\u00e1ter eliminat\u00f3rio e classificat\u00f3rio;<\/li>\n<\/ul>\n<\/li>\n\n\n\n<li><strong>Exames de Aptid\u00e3o F\u00edsica<\/strong>, de car\u00e1ter eliminat\u00f3rio;<\/li>\n\n\n\n<li><strong>Exames de Sa\u00fade<\/strong>, de car\u00e1ter eliminat\u00f3rio;<\/li>\n\n\n\n<li><strong>Exames Psicol\u00f3gicos<\/strong>, de car\u00e1ter eliminat\u00f3rio;<\/li>\n\n\n\n<li><strong>Avalia\u00e7\u00e3o da Conduta Social, da Reputa\u00e7\u00e3o e da Idoneidade<\/strong>, de car\u00e1ter eliminat\u00f3rio; e<\/li>\n\n\n\n<li><strong>An\u00e1lise de Documentos<\/strong>, de car\u00e1ter eliminat\u00f3rio.<\/li>\n<\/ul>\n\n\n\n<h4 class=\"wp-block-heading\" id=\"h-prova-objetiva-0\">Prova Objetiva<\/h4>\n\n\n\n<p>Com dura\u00e7\u00e3o de 5 horas, a etapa foi composta por <strong>60 quest\u00f5es de m\u00faltipla escolha<\/strong> (cinco alternativas). Avaliada na escala de 0 a 60 pontos, ser\u00e1 considerado habilitado o candidato que obtiver, no m\u00ednimo, 30 pontos.<\/p>\n\n\n\n<ul class=\"wp-block-list\">\n<li>L\u00edngua Portuguesa e Interpreta\u00e7\u00e3o de texto &#8211; 20 quest\u00f5es;<\/li>\n\n\n\n<li>Matem\u00e1tica &#8211; 15 quest\u00f5es;<\/li>\n\n\n\n<li>Conhecimentos Gerais &#8211; 15 quest\u00f5es;<\/li>\n\n\n\n<li>No\u00e7\u00f5es b\u00e1sicas de Inform\u00e1tica &#8211; 5 quest\u00f5es; e<\/li>\n\n\n\n<li>No\u00e7\u00f5es de Administra\u00e7\u00e3o P\u00fablica &#8211; 5 quest\u00f5es.<\/li>\n<\/ul>\n\n\n\n<h5 class=\"wp-block-heading\" id=\"h-locais-de-prova-do-exame-de-conhecimento-da-pm-sp\">Locais de prova do Exame de Conhecimento da PM SP<\/h5>\n\n\n\n<p>Os Exames de Conhecimentos do concurso PM SP foram realizados em 51 munic\u00edpios, <span style=\"text-decoration: underline;\">escolhidos no ato da inscri\u00e7\u00e3o<\/span>:<\/p>\n\n\n\n<div class=\"wp-block-columns is-layout-flex wp-container-core-columns-is-layout-28f84493 wp-block-columns-is-layout-flex\">\n<div class=\"wp-block-column is-layout-flow wp-block-column-is-layout-flow\">\n<ul class=\"wp-block-list\">\n<li>Andradina;<\/li>\n\n\n\n<li>Ara\u00e7atuba;<\/li>\n\n\n\n<li>Araraquara;<\/li>\n\n\n\n<li>Avar\u00e9;<\/li>\n\n\n\n<li>Bauru;<\/li>\n\n\n\n<li>Bragan\u00e7a Paulista;<\/li>\n\n\n\n<li>Campinas<\/li>\n\n\n\n<li>Caraguatatuba;<\/li>\n\n\n\n<li>Catanduva;<\/li>\n\n\n\n<li>Cotia;<\/li>\n\n\n\n<li>Dracena;<\/li>\n\n\n\n<li>Franca;<\/li>\n\n\n\n<li>Franco da Rocha;<\/li>\n\n\n\n<li>Guarulhos;<\/li>\n\n\n\n<li>Itapetininga;<\/li>\n\n\n\n<li>Jundia\u00ed;<\/li>\n\n\n\n<li>Mar\u00edlia<\/li>\n\n\n\n<li>Mogi das Cruzes;<\/li>\n\n\n\n<li>Mongagu\u00e1<\/li>\n<\/ul>\n<\/div>\n\n\n\n<div class=\"wp-block-column is-layout-flow wp-block-column-is-layout-flow\">\n<ul class=\"wp-block-list\">\n<li>Osasco;<\/li>\n\n\n\n<li>Ourinhos<\/li>\n\n\n\n<li>Piracicaba;<\/li>\n\n\n\n<li>Pirassununga;<\/li>\n\n\n\n<li>Praia Grande;<\/li>\n\n\n\n<li>Presidente Prudente;<\/li>\n\n\n\n<li>Presidente Venceslau;<\/li>\n\n\n\n<li>Registro;<\/li>\n\n\n\n<li>Ribeir\u00e3o Preto;<\/li>\n\n\n\n<li>Rio Claro;<\/li>\n\n\n\n<li>S\u00e3o Paulo;<\/li>\n\n\n\n<li>Santos;<\/li>\n\n\n\n<li>S\u00e3o Bernardo do Campo;<\/li>\n\n\n\n<li>S\u00e3o Jos\u00e9 do Rio Preto;<\/li>\n\n\n\n<li>S\u00e3o Jose dos Campos;<\/li>\n\n\n\n<li>Sorocaba;<\/li>\n\n\n\n<li>Taubat\u00e9;<\/li>\n\n\n\n<li>Votuporanga.<\/li>\n<\/ul>\n<\/div>\n<\/div>\n\n\n\n<p>J\u00e1 os locais de prova em outros estados brasileiros foram:&nbsp;Belo Horizonte \u2013 MG; Bras\u00edlia \u2013 DF; Campo Grande \u2013 MS; Cuiab\u00e1 \u2013 MT; Curitiba \u2013 PR; Florian\u00f3polis \u2013 SC; Fortaleza \u2013 CE; Goi\u00e2nia- GO; Manaus \u2013 AM; Porto Alegre \u2013 RS; Recife \u2013 PE; Rio de Janeiro \u2013 RJ; Salvador- BA e Vit\u00f3ria \u2013 ES.<\/p>\n\n\n\n<h4 class=\"wp-block-heading\" id=\"h-prova-discursiva\">Prova Discursiva<\/h4>\n\n\n\n<p>A Prova Discursiva foi composta de uma reda\u00e7\u00e3o, na qual o candidato deve produzir uma disserta\u00e7\u00e3o em prosa na norma-padr\u00e3o da l\u00edngua portuguesa, a partir da leitura de textos auxiliares.<\/p>\n\n\n\n<p>A etapa foi avaliada na escala de 0 a 40 pontos. Ser\u00e1 habilitado o candidato que alcan\u00e7ar nota igual ou superior a 20 pontos, j\u00e1 considerada a pontua\u00e7\u00e3o diferenciada para pretos, pardos e ind\u00edgenas.<\/p>\n\n\n\n<h4 class=\"wp-block-heading\" id=\"h-prova-de-aptidao-fisica-taf-0\">Prova de Aptid\u00e3o F\u00edsica (TAF)<\/h4>\n\n\n\n<p>Veja quais s\u00e3o as etapas do <a href=\"https:\/\/www.estrategiaconcursos.com.br\/blog\/preparacao-teste-aptidao-fisica\/\" target=\"_blank\" rel=\"noreferrer noopener\">TAF<\/a> da PM SP: <\/p>\n\n\n\n<figure class=\"wp-block-table is-style-stripes\"><table class=\"has-very-light-gray-to-cyan-bluish-gray-gradient-background has-background has-fixed-layout\"><thead><tr><th class=\"has-text-align-center\" data-align=\"center\">Testes<\/th><th class=\"has-text-align-center\" data-align=\"center\">Masculino<\/th><th class=\"has-text-align-center\" data-align=\"center\">Feminino<\/th><\/tr><\/thead><tbody><tr><td class=\"has-text-align-center\" data-align=\"center\">Flex\u00e3o na barra fixa<\/td><td class=\"has-text-align-center\" data-align=\"center\">3 repeti\u00e7\u00f5es<\/td><td class=\"has-text-align-center\" data-align=\"center\">&#8211;<\/td><\/tr><tr><td class=\"has-text-align-center\" data-align=\"center\">Isometria na barra fixa<\/td><td class=\"has-text-align-center\" data-align=\"center\">&#8211;<\/td><td class=\"has-text-align-center\" data-align=\"center\">07\u201d00<\/td><\/tr><tr><td class=\"has-text-align-center\" data-align=\"center\">Abdominal remador<\/td><td class=\"has-text-align-center\" data-align=\"center\">36 repeti\u00e7\u00f5es<\/td><td class=\"has-text-align-center\" data-align=\"center\">32 repeti\u00e7\u00f5es<\/td><\/tr><tr><td class=\"has-text-align-center\" data-align=\"center\">Corrida de 50 metros<\/td><td class=\"has-text-align-center\" data-align=\"center\">08\u201d25<\/td><td class=\"has-text-align-center\" data-align=\"center\">09\u201d50<\/td><\/tr><tr><td class=\"has-text-align-center\" data-align=\"center\">Corrida de 2.400 metros<\/td><td class=\"has-text-align-center\" data-align=\"center\">13\u201900\u201d<\/td><td class=\"has-text-align-center\" data-align=\"center\">15\u201900\u201d<\/td><\/tr><\/tbody><\/table><\/figure>\n\n\n\n<hr class=\"wp-block-separator has-alpha-channel-opacity is-style-dots\"\/>\n\n\n\n<h2 class=\"wp-block-heading has-cyan-bluish-gray-background-color has-background\" id=\"oficial-2025\">Concurso PM SP: edital Oficial 2025<\/h2>\n\n\n\n<ul class=\"wp-block-list\">\n<li><strong>Banca:<\/strong> <a href=\"https:\/\/conhecimento.fgv.br\/concursos\/cfopmesp26\" target=\"_blank\" rel=\"noreferrer noopener\">FGV<\/a><\/li>\n\n\n\n<li><strong>Vagas:<\/strong> 165<\/li>\n\n\n\n<li><strong>Sal\u00e1rio inicial:<\/strong> R$ 4.833,27<\/li>\n\n\n\n<li><strong>Edital<\/strong>: <a href=\"https:\/\/dhg1h5j42swfq.cloudfront.net\/2025\/04\/24095747\/edital-pm-sp-concurso-oficial-2025.pdf\" target=\"_blank\" rel=\"noreferrer noopener nofollow\">PM SP 2025 &#8211; Oficial<\/a><\/li>\n<\/ul>\n\n\n\n<h3 class=\"wp-block-heading\" id=\"vagas-oficial-2025\">Cargos e vagas do concurso PM SP <\/h3>\n\n\n\n<figure class=\"wp-block-table is-style-stripes\"><table class=\"has-very-light-gray-to-cyan-bluish-gray-gradient-background has-background has-fixed-layout\"><thead><tr><th class=\"has-text-align-center\" data-align=\"center\">Cargo<\/th><th class=\"has-text-align-center\" data-align=\"center\">Vagas<\/th><th class=\"has-text-align-center\" data-align=\"center\">Inscritos<\/th><th class=\"has-text-align-center\" data-align=\"center\">Sal\u00e1rio<\/th><\/tr><\/thead><tbody><tr><td class=\"has-text-align-center\" data-align=\"center\">Aluno-Oficial<\/td><td class=\"has-text-align-center\" data-align=\"center\">165<\/td><td class=\"has-text-align-center\" data-align=\"center\">14.566 <\/td><td class=\"has-text-align-center\" data-align=\"center\">R$ 4.833,27<\/td><\/tr><\/tbody><\/table><\/figure>\n\n\n\n<p>A <strong>remunera\u00e7\u00e3o b\u00e1sica inicial para o cargo de Aluno-Oficial PM \u00e9 de R$ 4.833,27<\/strong>, sendo que as parcelas que a comp\u00f5em s\u00e3o: padr\u00e3o no valor de R$ 2.023,80, Regime Especial de Trabalho Policial (RETP), previsto na Lei n\u00ba 10.291\/68, no valor de R$ 2.023,80 e insalubridade, prevista na Lei Complementar n\u00ba 432\/85, com altera\u00e7\u00f5es da Lei Complementar n\u00ba 1.179\/12 e da Lei Complementar n\u00ba 1.361\/21, no valor de R$ 785,67.<\/p>\n\n\n\n<h4 class=\"wp-block-heading\" id=\"h-principais-requisitos-de-oficial-pm-sp\">Principais requisitos de Oficial PM SP<\/h4>\n\n\n\n<ul class=\"wp-block-list\">\n<li><span style=\"color: initial;\">Ter idade m\u00ednima de 17 anos;<\/span><\/li>\n\n\n\n<li>Ter idade m\u00e1xima de 30 anos de idade, exceto para o candidato pertencente aos quadros da Pol\u00edcia Militar do Estado de S\u00e3o Paulo;<\/li>\n\n\n\n<li>Ter estatura m\u00ednima, descal\u00e7o e descoberto, de: 155 cm, se mulher; e 160 cm, se homem;<\/li>\n\n\n\n<li>Ter conclu\u00eddo o ensino m\u00e9dio ou equivalente.<\/li>\n<\/ul>\n\n\n\n<h3 class=\"wp-block-heading\" id=\"etapas-oficial-2025\">Etapas e provas do concurso PM SP Oficial<\/h3>\n\n\n\n<p>Os candidatos do concurso Pol\u00edcia Militar SP s\u00e3o avaliados mediante aplica\u00e7\u00e3o das seguintes etapas:<\/p>\n\n\n\n<ul class=\"wp-block-list\">\n<li><strong>Exames de Conhecimentos<\/strong>, que ser\u00e3o divididos em:\n<ul class=\"wp-block-list\">\n<li>Prova Objetiva (Parte I), de car\u00e1ter eliminat\u00f3rio e classificat\u00f3rio<\/li>\n\n\n\n<li>Prova Dissertativa (Parte II), de car\u00e1ter eliminat\u00f3rio e classificat\u00f3rio<\/li>\n<\/ul>\n<\/li>\n\n\n\n<li><strong>Exames de Aptid\u00e3o F\u00edsica<\/strong>, de car\u00e1ter eliminat\u00f3rio;<\/li>\n\n\n\n<li><strong>Exames de Sa\u00fade<\/strong>, de car\u00e1ter eliminat\u00f3rio;<\/li>\n\n\n\n<li><strong>Exames Psicol\u00f3gicos<\/strong>, de car\u00e1ter eliminat\u00f3rio;<\/li>\n\n\n\n<li><strong>Avalia\u00e7\u00e3o da Conduta Social<\/strong>, da Reputa\u00e7\u00e3o e da Idoneidade, de car\u00e1ter eliminat\u00f3rio;<\/li>\n\n\n\n<li><strong>An\u00e1lise de Documentos<\/strong>, de car\u00e1ter eliminat\u00f3rio.<\/li>\n<\/ul>\n\n\n\n<h4 class=\"wp-block-heading\" id=\"objetiva\">Prova Objetiva<\/h4>\n\n\n\n<p>A Prova Objetiva (Parte I) foi realizada em 13 de julho de 2025, no per\u00edodo da tarde, consistindo de 80 quest\u00f5es de m\u00faltipla escolha (cinco alternativas cada).<\/p>\n\n\n\n<ul class=\"wp-block-list\">\n<li>Ci\u00eancias Humanas e suas Tecnologias \u2013 20 quest\u00f5es, sendo:\n<ul class=\"wp-block-list\">\n<li>Hist\u00f3ria: 6 quest\u00f5es;<\/li>\n\n\n\n<li>Filosofia: 4 quest\u00f5es;<\/li>\n\n\n\n<li>Sociologia: 4 quest\u00f5es;<\/li>\n\n\n\n<li>Geografia: 6 quest\u00f5es;<\/li>\n<\/ul>\n<\/li>\n\n\n\n<li>Linguagens e C\u00f3digos \u2013 24 quest\u00f5es, sendo:\n<ul class=\"wp-block-list\">\n<li>L\u00edngua Portuguesa e interpreta\u00e7\u00e3o de texto: 18 quest\u00f5es;<\/li>\n\n\n\n<li>L\u00edngua Inglesa ou Espanhola: 6 quest\u00f5es;<\/li>\n<\/ul>\n<\/li>\n\n\n\n<li>Matem\u00e1tica e Ci\u00eancias da Natureza \u2013 30 quest\u00f5es, sendo:\n<ul class=\"wp-block-list\">\n<li>Matem\u00e1tica: 12 quest\u00f5es;<\/li>\n\n\n\n<li>F\u00edsica: 6 quest\u00f5es;<\/li>\n\n\n\n<li>Qu\u00edmica: 6 quest\u00f5es;<\/li>\n\n\n\n<li>Biologia: 6 quest\u00f5es;<\/li>\n<\/ul>\n<\/li>\n\n\n\n<li>Conhecimentos Espec\u00edficos \u2013 6 quest\u00f5es, sendo:\n<ul class=\"wp-block-list\">\n<li>No\u00e7\u00f5es de Administra\u00e7\u00e3o P\u00fablica: 2 quest\u00f5es;<\/li>\n\n\n\n<li>No\u00e7\u00f5es B\u00e1sicas de Inform\u00e1tica: 4 quest\u00f5es.<\/li>\n<\/ul>\n<\/li>\n<\/ul>\n\n\n\n<p>A Prova Objetiva do edital PM SP Oficial foi avaliada na escala de 0 a 80 pontos. Cada quest\u00e3o teve valor de 1 ponto, sendo considerado habilitado o candidato que obteve, no m\u00ednimo, 40 pontos.<\/p>\n\n\n\n<h4 class=\"wp-block-heading\" id=\"discursiva\">Prova Dissertativa <\/h4>\n\n\n\n<p>A Prova Dissertativa (Parte II) foi composta de uma reda\u00e7\u00e3o de um texto dissertativo-argumentativo (em prosa), de acordo com a norma-padr\u00e3o da l\u00edngua portuguesa, a partir da leitura e compreens\u00e3o de textos auxiliares.<\/p>\n\n\n\n<p>A prova foi avaliada na escala de 0 a 20 pontos, sendo considerado habilitado o candidato que obteve nota igual ou superior a 10 pontos, j\u00e1 considerada a pontua\u00e7\u00e3o diferenciada para pretos, pardos e ind\u00edgenas.<\/p>\n\n\n\n<h4 class=\"wp-block-heading\" id=\"titulos\">Exame de Aptid\u00e3o F\u00edsica<\/h4>\n\n\n\n<p>Os exames do edital PM SP foram compostos, al\u00e9m da aferi\u00e7\u00e3o de altura, pelos seguintes testes:<\/p>\n\n\n\n<ul class=\"wp-block-list\">\n<li>teste de condicionamento f\u00edsico geral, contemplando:\n<ul class=\"wp-block-list\">\n<li>flex\u00e3o e extens\u00e3o de cotovelos, por meio do teste din\u00e2mico de barra fixa, para homens, e teste de isometria na barra fixa para mulheres;<\/li>\n\n\n\n<li>resist\u00eancia abdominal em dec\u00fabito dorsal (abdominal &#8211; tipo remador), para ambos os sexos;<\/li>\n\n\n\n<li>corrida de 50 metros, para ambos os sexos;<\/li>\n\n\n\n<li>corrida de 2.400 metros, para ambos os sexos.<\/li>\n<\/ul>\n<\/li>\n\n\n\n<li>teste de habilidade espec\u00edfica, composto por uma prova de nata\u00e7\u00e3o \u2013 50 metros, estilo livre, para ambos os sexos.<\/li>\n<\/ul>\n\n\n\n<figure class=\"wp-block-table is-style-stripes\"><table class=\"has-very-light-gray-to-cyan-bluish-gray-gradient-background has-background has-fixed-layout\"><thead><tr><th class=\"has-text-align-center\" data-align=\"center\">Testes<\/th><th class=\"has-text-align-center\" data-align=\"center\">Masculino<\/th><th class=\"has-text-align-center\" data-align=\"center\">Feminino<\/th><\/tr><\/thead><tbody><tr><td class=\"has-text-align-center\" data-align=\"center\">Flex\u00e3o na barra fixa<\/td><td class=\"has-text-align-center\" data-align=\"center\">3 repeti\u00e7\u00f5es<\/td><td class=\"has-text-align-center\" data-align=\"center\">&#8211;<\/td><\/tr><tr><td class=\"has-text-align-center\" data-align=\"center\">Isometria na barra fixa<\/td><td class=\"has-text-align-center\" data-align=\"center\">&#8211;<\/td><td class=\"has-text-align-center\" data-align=\"center\">07\u201d00<\/td><\/tr><tr><td class=\"has-text-align-center\" data-align=\"center\">Abdominal remador<\/td><td class=\"has-text-align-center\" data-align=\"center\">36 repeti\u00e7\u00f5es<\/td><td class=\"has-text-align-center\" data-align=\"center\">32 repeti\u00e7\u00f5es<\/td><\/tr><tr><td class=\"has-text-align-center\" data-align=\"center\">Corrida de 50 metros<\/td><td class=\"has-text-align-center\" data-align=\"center\">08\u201d25<\/td><td class=\"has-text-align-center\" data-align=\"center\">09\u201d50<\/td><\/tr><tr><td class=\"has-text-align-center\" data-align=\"center\">Corrida de 2.400 metros<\/td><td class=\"has-text-align-center\" data-align=\"center\">13\u201900\u201d<\/td><td class=\"has-text-align-center\" data-align=\"center\">15\u201900\u201d<\/td><\/tr><tr><td class=\"has-text-align-center\" data-align=\"center\">Nata\u00e7\u00e3o 50 metros \u2013 estilo livre<\/td><td class=\"has-text-align-center\" data-align=\"center\">1\u201905\u201d<\/td><td class=\"has-text-align-center\" data-align=\"center\">1\u201905\u201d<\/td><\/tr><\/tbody><\/table><\/figure>\n\n\n\n<hr class=\"wp-block-separator has-alpha-channel-opacity is-style-dots\"\/>\n\n\n\n<h2 class=\"wp-block-heading has-cyan-bluish-gray-background-color has-background\" id=\"ultimos-concursos\">Concurso PM SP: \u00faltimas edi\u00e7\u00f5es<\/h2>\n\n\n\n<h3 class=\"wp-block-heading has-very-light-gray-to-cyan-bluish-gray-gradient-background has-background\" id=\"soldado-2-2024\">Edital Soldado 02\/2024<\/h3>\n\n\n\n<ul class=\"wp-block-list\">\n<li><strong>Banca<\/strong>: <a href=\"https:\/\/conhecimento.fgv.br\/concursos\/pmespsoldado25\" target=\"_blank\" rel=\"noreferrer noopener\">FGV<\/a><\/li>\n\n\n\n<li><strong>Vagas<\/strong>: 2.700<\/li>\n\n\n\n<li><strong>Edital:<\/strong> <a href=\"https:\/\/dhg1h5j42swfq.cloudfront.net\/2024\/11\/21062126\/pm-sp.pdf\" target=\"_blank\" rel=\"noreferrer noopener nofollow\">PM SP Soldado 02-2024<\/a><\/li>\n<\/ul>\n\n\n\n<h4 class=\"wp-block-heading\" id=\"h-cargo-e-vagas\">Cargo e vagas <\/h4>\n\n\n\n<figure class=\"wp-block-table is-style-stripes\"><table class=\"has-cyan-bluish-gray-background-color has-background has-fixed-layout\"><thead><tr><th class=\"has-text-align-center\" data-align=\"center\">Cargo<\/th><th class=\"has-text-align-center\" data-align=\"center\">Vagas<\/th><th class=\"has-text-align-center\" data-align=\"center\">Inscritos<\/th><th class=\"has-text-align-center\" data-align=\"center\">Sal\u00e1rio<\/th><\/tr><\/thead><tbody><tr><td class=\"has-text-align-center\" data-align=\"center\">Soldado<\/td><td class=\"has-text-align-center\" data-align=\"center\">2.700<\/td><td class=\"has-text-align-center\" data-align=\"center\">47.342<\/td><td class=\"has-text-align-center\" data-align=\"center\">R$ 4.852,21<\/td><\/tr><\/tbody><\/table><figcaption class=\"wp-element-caption\">Quadro de vagas e sal\u00e1rio de Soldado da PM SP<\/figcaption><\/figure>\n\n\n\n<ul class=\"wp-block-list\">\n<li>Padr\u00e3o no valor de R$ 2.033,27;<\/li>\n\n\n\n<li>Regime Especial de Trabalho Policial (RETP), previsto na Lei n\u00ba 10.291\/68, no valor de R$ 2.033,27; e<\/li>\n\n\n\n<li>Insalubridade, prevista na Lei Complementar n\u00ba 432\/85, com altera\u00e7\u00f5es da Lei Complementar n\u00ba 1.179\/12, no valor de R$ 785,67.<\/li>\n<\/ul>\n\n\n\n<h3 class=\"wp-block-heading has-very-light-gray-to-cyan-bluish-gray-gradient-background has-background\" id=\"oficial-2024\">Edital Oficial 2024<\/h3>\n\n\n\n<ul class=\"wp-block-list\">\n<li><strong>Banca<\/strong>: <a href=\"https:\/\/www.vunesp.com.br\/PMES2401\" target=\"_blank\" rel=\"noreferrer noopener\">Funda\u00e7\u00e3o Vunesp<\/a><\/li>\n\n\n\n<li><strong>Vagas<\/strong>: 200 <\/li>\n\n\n\n<li><strong>Edital:<\/strong> <a href=\"https:\/\/dhg1h5j42swfq.cloudfront.net\/2024\/06\/10083637\/diariooficial-68-73.pdf\" target=\"_blank\" rel=\"noreferrer noopener nofollow\">Oficial PM SP-2024<\/a><\/li>\n<\/ul>\n\n\n\n<h4 class=\"wp-block-heading\" id=\"h-cargo-e-vagas-0\">Cargo e vagas <\/h4>\n\n\n\n<figure class=\"wp-block-table is-style-stripes\"><table class=\"has-very-light-gray-to-cyan-bluish-gray-gradient-background has-background has-fixed-layout\"><thead><tr><th class=\"has-text-align-center\" data-align=\"center\">Cargo<\/th><th class=\"has-text-align-center\" data-align=\"center\">Vagas<\/th><th class=\"has-text-align-center\" data-align=\"center\">Sal\u00e1rio<\/th><\/tr><\/thead><tbody><tr><td class=\"has-text-align-center\" data-align=\"center\">Aluno-Oficial PM<\/td><td class=\"has-text-align-center\" data-align=\"center\">200<\/td><td class=\"has-text-align-center\" data-align=\"center\">R$ 4.833,27<\/td><\/tr><\/tbody><\/table><\/figure>\n\n\n\n<h2 class=\"wp-block-heading has-cyan-bluish-gray-background-color has-background\" id=\"materiais\">Concurso PM SP: materiais gratuitos<\/h2>\n\n\n\n<h3 class=\"wp-block-heading\" id=\"guia\">Guia de Estudos <\/h3>\n\n\n\n<ul class=\"wp-block-list\">\n<li><a href=\"https:\/\/www.estrategiaconcursos.com.br\/blog\/guia-de-estudos-concurso-pm-sp-soldado\/\" target=\"_blank\" rel=\"noreferrer noopener\">Guia de Estudos para PM SP<\/a> &#8211; Soldado<\/li>\n\n\n\n<li><a href=\"https:\/\/www.estrategiaconcursos.com.br\/blog\/guia-de-estudos-para-pm-sp-2024\/\" target=\"_blank\" rel=\"noreferrer noopener\">Guia de Estudos para PM SP<\/a> &#8211; Oficial<\/li>\n<\/ul>\n\n\n\n<h3 class=\"wp-block-heading\" id=\"vade\">Vade-M\u00e9cum PM SP<\/h3>\n\n\n\n<ul class=\"wp-block-list\">\n<li><a href=\"https:\/\/gratis.estrategiaconcursos.com.br\/area-do-candidato-pm-sp\/\" target=\"_blank\" rel=\"noreferrer noopener\">Vade-M\u00e9cum para PM SP<\/a><\/li>\n<\/ul>\n\n\n\n<hr class=\"wp-block-separator has-css-opacity\"\/>\n\n\n\n<p class=\"has-text-align-center\" id=\"h-quer-saber-tudo-sobre-concursos-previstos-confira-nossos-artigos\" style=\"font-size:clamp(16.834px, 1.052rem + ((1vw - 3.2px) * 0.899), 26px);\"><strong>Quer saber tudo sobre concursos previstos?<br \/>Confira nossos artigos!<\/strong><\/p>\n\n\n\n<ul class=\"wp-block-list\">\n<li><a href=\"https:\/\/www.estrategiaconcursos.com.br\/blog\/concursos-abertos\/\" target=\"_blank\" rel=\"noreferrer noopener\">Concursos abertos<\/a><\/li>\n\n\n\n<li><a href=\"https:\/\/www.estrategiaconcursos.com.br\/blog\/concursos-de-policia\/\" target=\"_blank\" rel=\"noreferrer noopener\">Concursos policiais<\/a><\/li>\n\n\n\n<li><a href=\"https:\/\/www.estrategiaconcursos.com.br\/blog\/concurso-policia-civil-sp\/\" target=\"_blank\" rel=\"noreferrer noopener\">Concurso PC SP<\/a><\/li>\n\n\n\n<li><a href=\"https:\/\/www.estrategiaconcursos.com.br\/blog\/concursos\/sp\/\" target=\"_blank\" rel=\"noreferrer noopener\">Concursos SP<\/a><\/li>\n\n\n\n<li><a href=\"https:\/\/www.estrategiaconcursos.com.br\/blog\/concursos-2026\/\" target=\"_blank\" rel=\"noreferrer noopener\">Concursos 2026<\/a><\/li>\n<\/ul>\n\n\n\n<p class=\"has-text-align-center\" id=\"cursos-assinatura\" style=\"font-size:clamp(17.905px, 1.119rem + ((1vw - 3.2px) * 0.99), 28px);\"><strong>Quer estudar para o concurso Pol\u00edcia Militar SP?<\/strong><\/p>\n\n\n\n<div class=\"container\" id=\"boxes\">\n  <div class=\"row\">\n\n    <div class=\"col-sm\">\n      <div class=\"banner-policia-militar\" id=\"box-assinatura\">\n        <h3 class=\"titulo-assinatura\" style=\"text-align: left;\">Concurso Pol\u00edcia Militar SP<\/h3>\n        <p class=\"subtitulo-assinatura\" style=\"text-align: left;\">Explore os cursos para a carreira na PM \u2728<\/p>\n        <div class=\"box-botao\" style=\"text-align: left;\">\n          <a class=\"btn-assinatura\" target=\"_blank\" href=\"https:\/\/www.estrategiaconcursos.com.br\/cursosPorConcurso\/policia-militar-de-sao-paulo-pm-sp\/\" role=\"button\" rel=\"noopener noreferrer\">ESTUDE CONOSCO<\/a>\n        <\/div>\n      <\/div><\/div><\/div><\/div>\n\n\n\n<div id=\"boxes\" class=\"container\">\n<div class=\"row\">\n<div class=\"col-sm\">\n<div id=\"box-assinatura\" class=\"estrategia\">\n<h3 class=\"titulo-assinatura\">Assinatura de Concursos<\/h3>\n<p class=\"subtitulo-assinatura\">Assinatura 1 ou 2 anos <\/p>\n<div class=\"box-botao\"><a class=\"btn-assinatura\" role=\"button\" href=\"https:\/\/www.estrategiaconcursos.com.br\/assinaturas\/\" target=\"_blank\" rel=\"noopener noreferrer\">ASSINE AGORA<\/a><\/div>\n<\/div><\/div><\/div><\/div>\n\n\n\n<figure class=\"wp-block-image size-large is-resized\"><img loading=\"lazy\" decoding=\"async\" width=\"300\" height=\"185\" src=\"https:\/\/dhg1h5j42swfq.cloudfront.net\/2021\/04\/05162341\/ficha-tecnica-1-300x185-1.png\" alt=\"Ficha t\u00e9cnica\" class=\"wp-image-707743\" style=\"width:302px;height:186px\"\/><\/figure>\n\n\n\n<h3 class=\"wp-block-heading\" id=\"h-informacoes-do-concurso-pm-sp\">Informa\u00e7\u00f5es do concurso PM SP<\/h3>\n\n\n\n<p><strong>2\u00ba Tenente M\u00e9dico Estagi\u00e1rio<\/strong><\/p>\n\n\n\n<ul class=\"wp-block-list\">\n<li><strong>Provas<\/strong>: 14\/06\/2026<\/li>\n\n\n\n<li><strong>Vagas<\/strong>: 36<\/li>\n\n\n\n<li><strong>Cargo<\/strong>: 2\u00ba Tenente M\u00e9dico Estagi\u00e1rio<\/li>\n\n\n\n<li><strong>Banca<\/strong>: Funda\u00e7\u00e3o Vunesp<\/li>\n\n\n\n<li><strong>Escolaridade<\/strong>: n\u00edvel superior<\/li>\n\n\n\n<li><strong>Edital:<\/strong> <a href=\"https:\/\/dhg1h5j42swfq.cloudfront.net\/2026\/03\/11080508\/edital-concurso-pm-sp-tenente-medico-2026.pdf\" target=\"_blank\" rel=\"noreferrer noopener nofollow\">PM SP 2\u00b0 Tenente M\u00e9dico-2026<\/a><\/li>\n<\/ul>\n\n\n\n<p><strong>2\u00ba Tenente M\u00fasico Estagi\u00e1rio<\/strong><\/p>\n\n\n\n<ul class=\"wp-block-list\">\n<li><strong>Provas<\/strong>: 22\/02\/2026<\/li>\n\n\n\n<li><strong>Vagas<\/strong>: 5<\/li>\n\n\n\n<li><strong>Cargo<\/strong>: 2\u00ba Tenente M\u00fasico Estagi\u00e1rio<\/li>\n\n\n\n<li><strong>Banca<\/strong>: Funda\u00e7\u00e3o Vunesp<\/li>\n\n\n\n<li><strong>Escolaridade<\/strong>: n\u00edvel superior<\/li>\n\n\n\n<li><strong>Edital:<\/strong> <a href=\"https:\/\/dhg1h5j42swfq.cloudfront.net\/2025\/11\/26090342\/edital-pm-sp-musico-2025.pdf\" target=\"_blank\" rel=\"noreferrer noopener nofollow\">PM SP 2\u00ba Tenente M\u00fasico-2025<\/a><\/li>\n<\/ul>\n\n\n\n<hr class=\"wp-block-separator has-alpha-channel-opacity\"\/>\n\n\n\n<div class=\"schema-faq wp-block-yoast-faq-block\"><div class=\"schema-faq-section\" id=\"faq-question-1765811343219\"><strong class=\"schema-faq-question\">Qual \u00e9 a situa\u00e7\u00e3o atual dos concursos da PM SP?<\/strong> <p class=\"schema-faq-answer\">Atualmente, existem tr\u00eas concursos em andamento ou previstos: <strong>Soldado<\/strong> (provas aplicadas), <strong>2\u00ba Tenente M\u00fasico Estagi\u00e1rio<\/strong> (inscri\u00e7\u00f5es abertas) e <strong>Aluno-Oficial<\/strong> e <strong>2\u00ba Tenente M\u00e9dico<\/strong> (comiss\u00f5es formadas).<\/p> <\/div> <div class=\"schema-faq-section\" id=\"faq-question-1765811385301\"><strong class=\"schema-faq-question\">Qual \u00e9 o sal\u00e1rio inicial para o cargo de Soldado PM?<\/strong> <p class=\"schema-faq-answer\">O sal\u00e1rio inicial para Soldado da Pol\u00edcia Militar de S\u00e3o Paulo \u00e9 de <strong>R$ 5.055,53<\/strong>.<\/p> <\/div> <div class=\"schema-faq-section\" id=\"faq-question-1765811419401\"><strong class=\"schema-faq-question\"><\/strong><strong>Qual \u00e9 a idade m\u00ednima e m\u00e1xima para o cargo de Soldado da PM SP?<\/strong> <p class=\"schema-faq-answer\">\u00c9 exigida idade m\u00ednima de <strong>17 anos<\/strong> e m\u00e1xima de <strong>30 anos de idade<\/strong>.<\/p> <\/div> <\/div>\n\n\n\n<p><\/p>\n","protected":false},"excerpt":{"rendered":"<p>Concurso PM SP tem comiss\u00f5es formadas para Oficial e Soldado, com editais previstos em abril! Ser\u00e3o 2,2 mil vagas! Est\u00e3o abertas as inscri\u00e7\u00f5es do concurso PM SP (Pol\u00edcia Militar do Estado de S\u00e3o Paulo) para o cargo de 2\u00b0 Tenente M\u00e9dico PM Estagi\u00e1rio. Os interessados na sele\u00e7\u00e3o podem se candidatar at\u00e9 o dia 7 de [&hellip;]<\/p>\n","protected":false},"author":1206,"featured_media":724147,"comment_status":"open","ping_status":"closed","sticky":false,"template":"","format":"standard","meta":{"post_tipo":"news_page","footnotes":""},"categories":[220186,220187],"tags":[],"tax_estado":[219989],"class_list":["post-642775","post","type-post","status-publish","format-standard","has-post-thumbnail","hentry","category-policial-oficial","category-policial-pracas","tax_estado-sp"],"acf":[],"yoast_head":"<!-- This site is optimized with the Yoast SEO Premium plugin v27.2 (Yoast SEO v27.2) - https:\/\/yoast.com\/product\/yoast-seo-premium-wordpress\/ -->\n<title>Concurso PM SP: inscri\u00e7\u00f5es abertas! Inicial de R$ 9,8 mil!<\/title>\n<meta name=\"description\" content=\"Veja os detalhes e panorama completos do Concurso PM SP. Oportunidades para as carreiras de Soldado, Oficial e M\u00fasico!\" \/>\n<meta name=\"robots\" content=\"index, follow, max-snippet:-1, max-image-preview:large, max-video-preview:-1\" \/>\n<link rel=\"canonical\" href=\"https:\/\/www.estrategiaconcursos.com.br\/blog\/concurso-pm-sp\/\" \/>\n<meta property=\"og:locale\" content=\"pt_BR\" \/>\n<meta property=\"og:type\" content=\"article\" \/>\n<meta property=\"og:title\" content=\"Concurso PM SP: inscri\u00e7\u00f5es abertas! Inicial de R$ 9,8 mil!\" \/>\n<meta property=\"og:description\" content=\"Veja os detalhes e panorama completos do Concurso PM SP. Oportunidades para as carreiras de Soldado, Oficial e M\u00fasico!\" \/>\n<meta property=\"og:url\" content=\"https:\/\/www.estrategiaconcursos.com.br\/blog\/concurso-pm-sp\/\" \/>\n<meta property=\"og:site_name\" content=\"Estrat\u00e9gia Concursos\" \/>\n<meta property=\"article:published_time\" content=\"2026-04-15T19:45:00+00:00\" \/>\n<meta property=\"article:modified_time\" content=\"2026-04-15T19:45:20+00:00\" \/>\n<meta property=\"og:image\" content=\"https:\/\/dhg1h5j42swfq.cloudfront.net\/2021\/04\/27102918\/pm-sp.jpg\" \/>\n\t<meta property=\"og:image:width\" content=\"768\" \/>\n\t<meta property=\"og:image:height\" content=\"432\" \/>\n\t<meta property=\"og:image:type\" content=\"image\/jpeg\" \/>\n<meta name=\"author\" content=\"Bruna de Andrade Fran\u00e7a\" \/>\n<meta name=\"twitter:card\" content=\"summary_large_image\" \/>\n<meta name=\"twitter:creator\" content=\"@EstratConcursos\" \/>\n<meta name=\"twitter:site\" content=\"@EstratConcursos\" \/>\n<meta name=\"twitter:label1\" content=\"Escrito por\" \/>\n\t<meta name=\"twitter:data1\" content=\"Bruna de Andrade Fran\u00e7a\" \/>\n\t<meta name=\"twitter:label2\" content=\"Est. tempo de leitura\" \/>\n\t<meta name=\"twitter:data2\" content=\"13 minutos\" \/>\n<script type=\"application\/ld+json\" class=\"yoast-schema-graph\">{\"@context\":\"https:\/\/schema.org\",\"@graph\":[{\"@type\":\"NewsArticle\",\"@id\":\"https:\/\/www.estrategiaconcursos.com.br\/blog\/concurso-pm-sp\/#article\",\"isPartOf\":{\"@id\":\"https:\/\/www.estrategiaconcursos.com.br\/blog\/concurso-pm-sp\/\"},\"author\":{\"name\":\"Bruna de Andrade Fran\u00e7a\",\"@id\":\"https:\/\/www.estrategiaconcursos.com.br\/blog\/#\/schema\/person\/6630f91134abc08115cca62ce6372855\"},\"headline\":\"Concurso PM SP: inscri\u00e7\u00f5es abertas! Inicial de R$ 9,8 mil!\",\"datePublished\":\"2026-04-15T19:45:00+00:00\",\"dateModified\":\"2026-04-15T19:45:20+00:00\",\"mainEntityOfPage\":{\"@id\":\"https:\/\/www.estrategiaconcursos.com.br\/blog\/concurso-pm-sp\/\"},\"wordCount\":3216,\"commentCount\":0,\"publisher\":{\"@id\":\"https:\/\/www.estrategiaconcursos.com.br\/blog\/#organization\"},\"image\":{\"@id\":\"https:\/\/www.estrategiaconcursos.com.br\/blog\/concurso-pm-sp\/#primaryimage\"},\"thumbnailUrl\":\"https:\/\/dhg1h5j42swfq.cloudfront.net\/2021\/04\/27102918\/pm-sp.jpg\",\"articleSection\":[\"Policial (PM\/BM - Oficial)\",\"Policial (PM\/BM - Pra\u00e7as)\"],\"inLanguage\":\"pt-BR\",\"potentialAction\":[{\"@type\":\"CommentAction\",\"name\":\"Comment\",\"target\":[\"https:\/\/www.estrategiaconcursos.com.br\/blog\/concurso-pm-sp\/#respond\"]}],\"copyrightYear\":\"2026\",\"copyrightHolder\":{\"@id\":\"https:\/\/www.estrategiaconcursos.com.br\/blog\/#organization\"}},{\"@type\":[\"WebPage\",\"FAQPage\"],\"@id\":\"https:\/\/www.estrategiaconcursos.com.br\/blog\/concurso-pm-sp\/\",\"url\":\"https:\/\/www.estrategiaconcursos.com.br\/blog\/concurso-pm-sp\/\",\"name\":\"Concurso PM SP: inscri\u00e7\u00f5es abertas! Inicial de R$ 9,8 mil!\",\"isPartOf\":{\"@id\":\"https:\/\/www.estrategiaconcursos.com.br\/blog\/#website\"},\"primaryImageOfPage\":{\"@id\":\"https:\/\/www.estrategiaconcursos.com.br\/blog\/concurso-pm-sp\/#primaryimage\"},\"image\":{\"@id\":\"https:\/\/www.estrategiaconcursos.com.br\/blog\/concurso-pm-sp\/#primaryimage\"},\"thumbnailUrl\":\"https:\/\/dhg1h5j42swfq.cloudfront.net\/2021\/04\/27102918\/pm-sp.jpg\",\"datePublished\":\"2026-04-15T19:45:00+00:00\",\"dateModified\":\"2026-04-15T19:45:20+00:00\",\"description\":\"Veja os detalhes e panorama completos do Concurso PM SP. Oportunidades para as carreiras de Soldado, Oficial e M\u00fasico!\",\"breadcrumb\":{\"@id\":\"https:\/\/www.estrategiaconcursos.com.br\/blog\/concurso-pm-sp\/#breadcrumb\"},\"mainEntity\":[{\"@id\":\"https:\/\/www.estrategiaconcursos.com.br\/blog\/concurso-pm-sp\/#faq-question-1765811343219\"},{\"@id\":\"https:\/\/www.estrategiaconcursos.com.br\/blog\/concurso-pm-sp\/#faq-question-1765811385301\"},{\"@id\":\"https:\/\/www.estrategiaconcursos.com.br\/blog\/concurso-pm-sp\/#faq-question-1765811419401\"}],\"inLanguage\":\"pt-BR\",\"potentialAction\":[{\"@type\":\"ReadAction\",\"target\":[\"https:\/\/www.estrategiaconcursos.com.br\/blog\/concurso-pm-sp\/\"]}]},{\"@type\":\"ImageObject\",\"inLanguage\":\"pt-BR\",\"@id\":\"https:\/\/www.estrategiaconcursos.com.br\/blog\/concurso-pm-sp\/#primaryimage\",\"url\":\"https:\/\/dhg1h5j42swfq.cloudfront.net\/2021\/04\/27102918\/pm-sp.jpg\",\"contentUrl\":\"https:\/\/dhg1h5j42swfq.cloudfront.net\/2021\/04\/27102918\/pm-sp.jpg\",\"width\":768,\"height\":432,\"caption\":\"concurso pm sp\"},{\"@type\":\"BreadcrumbList\",\"@id\":\"https:\/\/www.estrategiaconcursos.com.br\/blog\/concurso-pm-sp\/#breadcrumb\",\"itemListElement\":[{\"@type\":\"ListItem\",\"position\":1,\"name\":\"In\u00edcio\",\"item\":\"https:\/\/www.estrategiaconcursos.com.br\/blog\/\"},{\"@type\":\"ListItem\",\"position\":2,\"name\":\"Concurso PM SP: inscri\u00e7\u00f5es abertas! Inicial de R$ 9,8 mil!\"}]},{\"@type\":\"WebSite\",\"@id\":\"https:\/\/www.estrategiaconcursos.com.br\/blog\/#website\",\"url\":\"https:\/\/www.estrategiaconcursos.com.br\/blog\/\",\"name\":\"Estrat\u00e9gia Concursos\",\"description\":\"O blog da Estrat\u00e9gia Concursos traz not\u00edcias sobre concursos e artigos de professores oferecendo cursos para concursos (pdf + videaulas) no site.\",\"publisher\":{\"@id\":\"https:\/\/www.estrategiaconcursos.com.br\/blog\/#organization\"},\"potentialAction\":[{\"@type\":\"SearchAction\",\"target\":{\"@type\":\"EntryPoint\",\"urlTemplate\":\"https:\/\/www.estrategiaconcursos.com.br\/blog\/?s={search_term_string}\"},\"query-input\":{\"@type\":\"PropertyValueSpecification\",\"valueRequired\":true,\"valueName\":\"search_term_string\"}}],\"inLanguage\":\"pt-BR\"},{\"@type\":\"Organization\",\"@id\":\"https:\/\/www.estrategiaconcursos.com.br\/blog\/#organization\",\"name\":\"Estrat\u00e9gia Concursos\",\"url\":\"https:\/\/www.estrategiaconcursos.com.br\/blog\/\",\"logo\":{\"@type\":\"ImageObject\",\"inLanguage\":\"pt-BR\",\"@id\":\"https:\/\/www.estrategiaconcursos.com.br\/blog\/#\/schema\/logo\/image\/\",\"url\":\"https:\/\/dhg1h5j42swfq.cloudfront.net\/2025\/06\/03203428\/logo_concursos-1.jpg\",\"contentUrl\":\"https:\/\/dhg1h5j42swfq.cloudfront.net\/2025\/06\/03203428\/logo_concursos-1.jpg\",\"width\":230,\"height\":60,\"caption\":\"Estrat\u00e9gia Concursos\"},\"image\":{\"@id\":\"https:\/\/www.estrategiaconcursos.com.br\/blog\/#\/schema\/logo\/image\/\"},\"sameAs\":[\"https:\/\/x.com\/EstratConcursos\"]},{\"@type\":\"Person\",\"@id\":\"https:\/\/www.estrategiaconcursos.com.br\/blog\/#\/schema\/person\/6630f91134abc08115cca62ce6372855\",\"name\":\"Bruna de Andrade Fran\u00e7a\",\"image\":{\"@type\":\"ImageObject\",\"inLanguage\":\"pt-BR\",\"@id\":\"https:\/\/secure.gravatar.com\/avatar\/d6316d36d50cea0fadae28ed3015b8870cc90a2d3d8a95c37b44006af36a00e3?s=96&d=mm&r=g\",\"url\":\"https:\/\/secure.gravatar.com\/avatar\/d6316d36d50cea0fadae28ed3015b8870cc90a2d3d8a95c37b44006af36a00e3?s=96&d=mm&r=g\",\"contentUrl\":\"https:\/\/secure.gravatar.com\/avatar\/d6316d36d50cea0fadae28ed3015b8870cc90a2d3d8a95c37b44006af36a00e3?s=96&d=mm&r=g\",\"caption\":\"Bruna de Andrade Fran\u00e7a\"},\"description\":\"Bruna de Andrade Fran\u00e7a \u00e9 publicit\u00e1ria com p\u00f3s-gradua\u00e7\u00e3o em Marketing &amp; Growth, atuando h\u00e1 mais de 6 anos no universo dos concursos p\u00fablicos. Desde 2021, lidera no Blog do Estrat\u00e9gia Concursos a cobertura editorial especializada em Concursos Policiais (PF, PRF, PM, PC, etc.), al\u00e9m das frentes de concursos banc\u00e1rios, de sa\u00fade e da \u00e1rea legislativa. Especialista em reda\u00e7\u00e3o, com pr\u00e1ticas de SEO e Copywriting, possui tamb\u00e9m atua\u00e7\u00e3o pr\u00e1tica de contato direto com \u00f3rg\u00e3os p\u00fablicos respons\u00e1veis por editais, permitindo acesso antecipado a informa\u00e7\u00f5es, desdobramentos importantes e atualiza\u00e7\u00e3o eficiente dos concursos p\u00fablicos.\",\"url\":\"https:\/\/www.estrategiaconcursos.com.br\/blog\/author\/bruna-andrade\/\"},{\"@type\":\"Question\",\"@id\":\"https:\/\/www.estrategiaconcursos.com.br\/blog\/concurso-pm-sp\/#faq-question-1765811343219\",\"position\":1,\"url\":\"https:\/\/www.estrategiaconcursos.com.br\/blog\/concurso-pm-sp\/#faq-question-1765811343219\",\"name\":\"Qual \u00e9 a situa\u00e7\u00e3o atual dos concursos da PM SP?\",\"answerCount\":1,\"acceptedAnswer\":{\"@type\":\"Answer\",\"text\":\"Atualmente, existem tr\u00eas concursos em andamento ou previstos: <strong>Soldado<\/strong> (provas aplicadas), <strong>2\u00ba Tenente M\u00fasico Estagi\u00e1rio<\/strong> (inscri\u00e7\u00f5es abertas) e <strong>Aluno-Oficial<\/strong> e <strong>2\u00ba Tenente M\u00e9dico<\/strong> (comiss\u00f5es formadas).\",\"inLanguage\":\"pt-BR\"},\"inLanguage\":\"pt-BR\"},{\"@type\":\"Question\",\"@id\":\"https:\/\/www.estrategiaconcursos.com.br\/blog\/concurso-pm-sp\/#faq-question-1765811385301\",\"position\":2,\"url\":\"https:\/\/www.estrategiaconcursos.com.br\/blog\/concurso-pm-sp\/#faq-question-1765811385301\",\"name\":\"Qual \u00e9 o sal\u00e1rio inicial para o cargo de Soldado PM?\",\"answerCount\":1,\"acceptedAnswer\":{\"@type\":\"Answer\",\"text\":\"O sal\u00e1rio inicial para Soldado da Pol\u00edcia Militar de S\u00e3o Paulo \u00e9 de <strong>R$ 5.055,53<\/strong>.\",\"inLanguage\":\"pt-BR\"},\"inLanguage\":\"pt-BR\"},{\"@type\":\"Question\",\"@id\":\"https:\/\/www.estrategiaconcursos.com.br\/blog\/concurso-pm-sp\/#faq-question-1765811419401\",\"position\":3,\"url\":\"https:\/\/www.estrategiaconcursos.com.br\/blog\/concurso-pm-sp\/#faq-question-1765811419401\",\"name\":\"Qual \u00e9 a idade m\u00ednima e m\u00e1xima para o cargo de Soldado da PM SP?\",\"answerCount\":1,\"acceptedAnswer\":{\"@type\":\"Answer\",\"text\":\"\u00c9 exigida idade m\u00ednima de <strong>17 anos<\/strong> e m\u00e1xima de <strong>30 anos de idade<\/strong>.\",\"inLanguage\":\"pt-BR\"},\"inLanguage\":\"pt-BR\"}]}<\/script>\n<!-- \/ Yoast SEO Premium plugin. -->","yoast_head_json":{"title":"Concurso PM SP: inscri\u00e7\u00f5es abertas! Inicial de R$ 9,8 mil!","description":"Veja os detalhes e panorama completos do Concurso PM SP. Oportunidades para as carreiras de Soldado, Oficial e M\u00fasico!","robots":{"index":"index","follow":"follow","max-snippet":"max-snippet:-1","max-image-preview":"max-image-preview:large","max-video-preview":"max-video-preview:-1"},"canonical":"https:\/\/www.estrategiaconcursos.com.br\/blog\/concurso-pm-sp\/","og_locale":"pt_BR","og_type":"article","og_title":"Concurso PM SP: inscri\u00e7\u00f5es abertas! Inicial de R$ 9,8 mil!","og_description":"Veja os detalhes e panorama completos do Concurso PM SP. Oportunidades para as carreiras de Soldado, Oficial e M\u00fasico!","og_url":"https:\/\/www.estrategiaconcursos.com.br\/blog\/concurso-pm-sp\/","og_site_name":"Estrat\u00e9gia Concursos","article_published_time":"2026-04-15T19:45:00+00:00","article_modified_time":"2026-04-15T19:45:20+00:00","og_image":[{"width":768,"height":432,"url":"https:\/\/dhg1h5j42swfq.cloudfront.net\/2021\/04\/27102918\/pm-sp.jpg","type":"image\/jpeg"}],"author":"Bruna de Andrade Fran\u00e7a","twitter_card":"summary_large_image","twitter_creator":"@EstratConcursos","twitter_site":"@EstratConcursos","twitter_misc":{"Escrito por":"Bruna de Andrade Fran\u00e7a","Est. tempo de leitura":"13 minutos"},"schema":{"@context":"https:\/\/schema.org","@graph":[{"@type":"NewsArticle","@id":"https:\/\/www.estrategiaconcursos.com.br\/blog\/concurso-pm-sp\/#article","isPartOf":{"@id":"https:\/\/www.estrategiaconcursos.com.br\/blog\/concurso-pm-sp\/"},"author":{"name":"Bruna de Andrade Fran\u00e7a","@id":"https:\/\/www.estrategiaconcursos.com.br\/blog\/#\/schema\/person\/6630f91134abc08115cca62ce6372855"},"headline":"Concurso PM SP: inscri\u00e7\u00f5es abertas! Inicial de R$ 9,8 mil!","datePublished":"2026-04-15T19:45:00+00:00","dateModified":"2026-04-15T19:45:20+00:00","mainEntityOfPage":{"@id":"https:\/\/www.estrategiaconcursos.com.br\/blog\/concurso-pm-sp\/"},"wordCount":3216,"commentCount":0,"publisher":{"@id":"https:\/\/www.estrategiaconcursos.com.br\/blog\/#organization"},"image":{"@id":"https:\/\/www.estrategiaconcursos.com.br\/blog\/concurso-pm-sp\/#primaryimage"},"thumbnailUrl":"https:\/\/dhg1h5j42swfq.cloudfront.net\/2021\/04\/27102918\/pm-sp.jpg","articleSection":["Policial (PM\/BM - Oficial)","Policial (PM\/BM - Pra\u00e7as)"],"inLanguage":"pt-BR","potentialAction":[{"@type":"CommentAction","name":"Comment","target":["https:\/\/www.estrategiaconcursos.com.br\/blog\/concurso-pm-sp\/#respond"]}],"copyrightYear":"2026","copyrightHolder":{"@id":"https:\/\/www.estrategiaconcursos.com.br\/blog\/#organization"}},{"@type":["WebPage","FAQPage"],"@id":"https:\/\/www.estrategiaconcursos.com.br\/blog\/concurso-pm-sp\/","url":"https:\/\/www.estrategiaconcursos.com.br\/blog\/concurso-pm-sp\/","name":"Concurso PM SP: inscri\u00e7\u00f5es abertas! Inicial de R$ 9,8 mil!","isPartOf":{"@id":"https:\/\/www.estrategiaconcursos.com.br\/blog\/#website"},"primaryImageOfPage":{"@id":"https:\/\/www.estrategiaconcursos.com.br\/blog\/concurso-pm-sp\/#primaryimage"},"image":{"@id":"https:\/\/www.estrategiaconcursos.com.br\/blog\/concurso-pm-sp\/#primaryimage"},"thumbnailUrl":"https:\/\/dhg1h5j42swfq.cloudfront.net\/2021\/04\/27102918\/pm-sp.jpg","datePublished":"2026-04-15T19:45:00+00:00","dateModified":"2026-04-15T19:45:20+00:00","description":"Veja os detalhes e panorama completos do Concurso PM SP. Oportunidades para as carreiras de Soldado, Oficial e M\u00fasico!","breadcrumb":{"@id":"https:\/\/www.estrategiaconcursos.com.br\/blog\/concurso-pm-sp\/#breadcrumb"},"mainEntity":[{"@id":"https:\/\/www.estrategiaconcursos.com.br\/blog\/concurso-pm-sp\/#faq-question-1765811343219"},{"@id":"https:\/\/www.estrategiaconcursos.com.br\/blog\/concurso-pm-sp\/#faq-question-1765811385301"},{"@id":"https:\/\/www.estrategiaconcursos.com.br\/blog\/concurso-pm-sp\/#faq-question-1765811419401"}],"inLanguage":"pt-BR","potentialAction":[{"@type":"ReadAction","target":["https:\/\/www.estrategiaconcursos.com.br\/blog\/concurso-pm-sp\/"]}]},{"@type":"ImageObject","inLanguage":"pt-BR","@id":"https:\/\/www.estrategiaconcursos.com.br\/blog\/concurso-pm-sp\/#primaryimage","url":"https:\/\/dhg1h5j42swfq.cloudfront.net\/2021\/04\/27102918\/pm-sp.jpg","contentUrl":"https:\/\/dhg1h5j42swfq.cloudfront.net\/2021\/04\/27102918\/pm-sp.jpg","width":768,"height":432,"caption":"concurso pm sp"},{"@type":"BreadcrumbList","@id":"https:\/\/www.estrategiaconcursos.com.br\/blog\/concurso-pm-sp\/#breadcrumb","itemListElement":[{"@type":"ListItem","position":1,"name":"In\u00edcio","item":"https:\/\/www.estrategiaconcursos.com.br\/blog\/"},{"@type":"ListItem","position":2,"name":"Concurso PM SP: inscri\u00e7\u00f5es abertas! Inicial de R$ 9,8 mil!"}]},{"@type":"WebSite","@id":"https:\/\/www.estrategiaconcursos.com.br\/blog\/#website","url":"https:\/\/www.estrategiaconcursos.com.br\/blog\/","name":"Estrat\u00e9gia Concursos","description":"O blog da Estrat\u00e9gia Concursos traz not\u00edcias sobre concursos e artigos de professores oferecendo cursos para concursos (pdf + videaulas) no site.","publisher":{"@id":"https:\/\/www.estrategiaconcursos.com.br\/blog\/#organization"},"potentialAction":[{"@type":"SearchAction","target":{"@type":"EntryPoint","urlTemplate":"https:\/\/www.estrategiaconcursos.com.br\/blog\/?s={search_term_string}"},"query-input":{"@type":"PropertyValueSpecification","valueRequired":true,"valueName":"search_term_string"}}],"inLanguage":"pt-BR"},{"@type":"Organization","@id":"https:\/\/www.estrategiaconcursos.com.br\/blog\/#organization","name":"Estrat\u00e9gia Concursos","url":"https:\/\/www.estrategiaconcursos.com.br\/blog\/","logo":{"@type":"ImageObject","inLanguage":"pt-BR","@id":"https:\/\/www.estrategiaconcursos.com.br\/blog\/#\/schema\/logo\/image\/","url":"https:\/\/dhg1h5j42swfq.cloudfront.net\/2025\/06\/03203428\/logo_concursos-1.jpg","contentUrl":"https:\/\/dhg1h5j42swfq.cloudfront.net\/2025\/06\/03203428\/logo_concursos-1.jpg","width":230,"height":60,"caption":"Estrat\u00e9gia Concursos"},"image":{"@id":"https:\/\/www.estrategiaconcursos.com.br\/blog\/#\/schema\/logo\/image\/"},"sameAs":["https:\/\/x.com\/EstratConcursos"]},{"@type":"Person","@id":"https:\/\/www.estrategiaconcursos.com.br\/blog\/#\/schema\/person\/6630f91134abc08115cca62ce6372855","name":"Bruna de Andrade Fran\u00e7a","image":{"@type":"ImageObject","inLanguage":"pt-BR","@id":"https:\/\/secure.gravatar.com\/avatar\/d6316d36d50cea0fadae28ed3015b8870cc90a2d3d8a95c37b44006af36a00e3?s=96&d=mm&r=g","url":"https:\/\/secure.gravatar.com\/avatar\/d6316d36d50cea0fadae28ed3015b8870cc90a2d3d8a95c37b44006af36a00e3?s=96&d=mm&r=g","contentUrl":"https:\/\/secure.gravatar.com\/avatar\/d6316d36d50cea0fadae28ed3015b8870cc90a2d3d8a95c37b44006af36a00e3?s=96&d=mm&r=g","caption":"Bruna de Andrade Fran\u00e7a"},"description":"Bruna de Andrade Fran\u00e7a \u00e9 publicit\u00e1ria com p\u00f3s-gradua\u00e7\u00e3o em Marketing &amp; Growth, atuando h\u00e1 mais de 6 anos no universo dos concursos p\u00fablicos. Desde 2021, lidera no Blog do Estrat\u00e9gia Concursos a cobertura editorial especializada em Concursos Policiais (PF, PRF, PM, PC, etc.), al\u00e9m das frentes de concursos banc\u00e1rios, de sa\u00fade e da \u00e1rea legislativa. Especialista em reda\u00e7\u00e3o, com pr\u00e1ticas de SEO e Copywriting, possui tamb\u00e9m atua\u00e7\u00e3o pr\u00e1tica de contato direto com \u00f3rg\u00e3os p\u00fablicos respons\u00e1veis por editais, permitindo acesso antecipado a informa\u00e7\u00f5es, desdobramentos importantes e atualiza\u00e7\u00e3o eficiente dos concursos p\u00fablicos.","url":"https:\/\/www.estrategiaconcursos.com.br\/blog\/author\/bruna-andrade\/"},{"@type":"Question","@id":"https:\/\/www.estrategiaconcursos.com.br\/blog\/concurso-pm-sp\/#faq-question-1765811343219","position":1,"url":"https:\/\/www.estrategiaconcursos.com.br\/blog\/concurso-pm-sp\/#faq-question-1765811343219","name":"Qual \u00e9 a situa\u00e7\u00e3o atual dos concursos da PM SP?","answerCount":1,"acceptedAnswer":{"@type":"Answer","text":"Atualmente, existem tr\u00eas concursos em andamento ou previstos: <strong>Soldado<\/strong> (provas aplicadas), <strong>2\u00ba Tenente M\u00fasico Estagi\u00e1rio<\/strong> (inscri\u00e7\u00f5es abertas) e <strong>Aluno-Oficial<\/strong> e <strong>2\u00ba Tenente M\u00e9dico<\/strong> (comiss\u00f5es formadas).","inLanguage":"pt-BR"},"inLanguage":"pt-BR"},{"@type":"Question","@id":"https:\/\/www.estrategiaconcursos.com.br\/blog\/concurso-pm-sp\/#faq-question-1765811385301","position":2,"url":"https:\/\/www.estrategiaconcursos.com.br\/blog\/concurso-pm-sp\/#faq-question-1765811385301","name":"Qual \u00e9 o sal\u00e1rio inicial para o cargo de Soldado PM?","answerCount":1,"acceptedAnswer":{"@type":"Answer","text":"O sal\u00e1rio inicial para Soldado da Pol\u00edcia Militar de S\u00e3o Paulo \u00e9 de <strong>R$ 5.055,53<\/strong>.","inLanguage":"pt-BR"},"inLanguage":"pt-BR"},{"@type":"Question","@id":"https:\/\/www.estrategiaconcursos.com.br\/blog\/concurso-pm-sp\/#faq-question-1765811419401","position":3,"url":"https:\/\/www.estrategiaconcursos.com.br\/blog\/concurso-pm-sp\/#faq-question-1765811419401","name":"Qual \u00e9 a idade m\u00ednima e m\u00e1xima para o cargo de Soldado da PM SP?","answerCount":1,"acceptedAnswer":{"@type":"Answer","text":"\u00c9 exigida idade m\u00ednima de <strong>17 anos<\/strong> e m\u00e1xima de <strong>30 anos de idade<\/strong>.","inLanguage":"pt-BR"},"inLanguage":"pt-BR"}]}},"_links":{"self":[{"href":"https:\/\/www.estrategiaconcursos.com.br\/blog\/wp-json\/wp\/v2\/posts\/642775","targetHints":{"allow":["GET"]}}],"collection":[{"href":"https:\/\/www.estrategiaconcursos.com.br\/blog\/wp-json\/wp\/v2\/posts"}],"about":[{"href":"https:\/\/www.estrategiaconcursos.com.br\/blog\/wp-json\/wp\/v2\/types\/post"}],"author":[{"embeddable":true,"href":"https:\/\/www.estrategiaconcursos.com.br\/blog\/wp-json\/wp\/v2\/users\/1206"}],"replies":[{"embeddable":true,"href":"https:\/\/www.estrategiaconcursos.com.br\/blog\/wp-json\/wp\/v2\/comments?post=642775"}],"version-history":[{"count":547,"href":"https:\/\/www.estrategiaconcursos.com.br\/blog\/wp-json\/wp\/v2\/posts\/642775\/revisions"}],"predecessor-version":[{"id":1754198,"href":"https:\/\/www.estrategiaconcursos.com.br\/blog\/wp-json\/wp\/v2\/posts\/642775\/revisions\/1754198"}],"wp:featuredmedia":[{"embeddable":true,"href":"https:\/\/www.estrategiaconcursos.com.br\/blog\/wp-json\/wp\/v2\/media\/724147"}],"wp:attachment":[{"href":"https:\/\/www.estrategiaconcursos.com.br\/blog\/wp-json\/wp\/v2\/media?parent=642775"}],"wp:term":[{"taxonomy":"category","embeddable":true,"href":"https:\/\/www.estrategiaconcursos.com.br\/blog\/wp-json\/wp\/v2\/categories?post=642775"},{"taxonomy":"post_tag","embeddable":true,"href":"https:\/\/www.estrategiaconcursos.com.br\/blog\/wp-json\/wp\/v2\/tags?post=642775"},{"taxonomy":"tax_estado","embeddable":true,"href":"https:\/\/www.estrategiaconcursos.com.br\/blog\/wp-json\/wp\/v2\/tax_estado?post=642775"}],"curies":[{"name":"wp","href":"https:\/\/api.w.org\/{rel}","templated":true}]}}