{"id":64054,"date":"2017-02-07T10:09:19","date_gmt":"2017-02-07T13:09:19","guid":{"rendered":"https:\/\/www.estrategiaconcursos.com.br\/blog\/?p=64054"},"modified":"2017-02-07T10:20:05","modified_gmt":"2017-02-07T13:20:05","slug":"gabarito-legislacao-pertinente-ao-cbmdf-p-aspirante-oficial-quadro-complementar-sem-recurso","status":"publish","type":"post","link":"https:\/\/www.estrategiaconcursos.com.br\/blog\/gabarito-legislacao-pertinente-ao-cbmdf-p-aspirante-oficial-quadro-complementar-sem-recurso\/","title":{"rendered":"Gabarito Legisla\u00e7\u00e3o Pertinente ao CBMDF p\/ Aspirante-a-Oficial &#8211; Quadro Complementar [SEM RECURSO]"},"content":{"rendered":"<p>\n\t<strong>Gabarito Legisla&ccedil;&atilde;o Pertinente ao CBMDF p\/ Aspirante a Oficial &#8211; Quadro Complementar [SEM RECURSO]<\/strong>\n<\/p>\n<p style=\"text-align: justify\">\n\tOl&aacute;, amigos!\n<\/p>\n<p style=\"text-align: justify\">\n\tPara quem n&atilde;o me conhece ainda, meu nome &eacute; <strong>Marcos Gir&atilde;o<\/strong> e sou professor aqui do Estrat&eacute;gia Concursos, lecionando as Leis Penais Especiais e a Legisla&ccedil;&atilde;o Espec&iacute;fica para concursos P&uacute;blicos.\n<\/p>\n<p style=\"text-align: justify\">\n\tPara o certame<strong> CBMDF 2017<\/strong>, fiquei respons&aacute;vel, junto ao Prof. Paulo Guimar&atilde;es, por ministrar a disciplina de <strong>LEGISLA&Ccedil;&Atilde;O PERTINENTE AO CBMDF<\/strong>, cobrada na parte de <strong>CONHECIMENTOS ESPEC&Iacute;FICOS <\/strong>para TODOS os cargos! Vamos aqui, portanto, passar o nosso gabarito tendo como base a <strong>prova ASPIRANTE SERVI&Ccedil;O SOCIAL <\/strong>aplicada DOMINGO, pela IDECAN. Essas foram as quest&otilde;es aplicadas para os demais quadros e especialidades de oficiais, ok? Se sua prova para o posto de oficial for diferente, favor avisar!\n<\/p>\n<p style=\"text-align: justify\">\n\tA resposta para praticamente todas elas <strong>constavam tamb&eacute;m no nosso material que esteva cheio de quest&otilde;es in&eacute;ditas bem parecida com essa da prova!&nbsp; Nossos alunos vibraram muito!!!!!<\/strong>\n<\/p>\n<p>\n\tBom, ent&atilde;o vamos aos coment&aacute;rios delas!\n<\/p>\n<p style=\"text-align: justify\">\n\t<span style=\"text-decoration: underline\"><strong><u>QUEST&Otilde;ES LEGISLA&Ccedil;&Atilde;O PERTINENTE AO CBMDF (PROVA &#8211; ASPIRANTE SERVI&Ccedil;O SOCIAL):<\/u><\/strong><\/span>\n<\/p>\n<p style=\"text-align: justify\">\n\t<strong>41. De acordo com a Lei Org&acirc;nica do Distrito Federal, quem exerce o comando superior do Corpo de Bombeiros Militar do Distrito Federal &eacute; o:<\/strong><br \/>\n\tA) Presidente da Rep&uacute;blica. C) Governador do Distrito Federal. B) Coronel Bombeiro Militar. D) Tenente-Coronel do Corpo de Bombeiros.\n<\/p>\n<p style=\"text-align: justify\">\n\t<u>Coment&aacute;rio<\/u>:\n<\/p>\n<p style=\"text-align: justify\">\n\tSegundo o que estabele o art. 3&ordm; da Lei n&ordm; 8.255\/91:\n<\/p>\n<p style=\"text-align: justify\">\n\t<em><font face=\"Arial\">&quot;Art. 3&deg; O Corpo de Bombeiros Militar do Distrito Federal, for&ccedil;a auxiliar e reserva do Ex&eacute;rcito, <strong>subordina-se ao Governador do Distrito Federal <\/strong>e integra o sistema de seguran&ccedil;a p&uacute;blica do Distrito Federal.&quot;<\/font><\/em>\n<\/p>\n<p style=\"text-align: justify\">\n\tExecer comando superior &eacute; diferente de exercer Comnado-Geral. &Eacute;, portanto, o governador do Distrto Federal que exerce o comando superior, enquanto que o Comandante-Geral exerce o Comando-Geral do CBMDF.\n<\/p>\n<p style=\"text-align: justify\">\n\tGabarito: <strong>Letra &quot;C&quot;<\/strong>\n<\/p>\n<p>\n\t<em><strong>43. Sobre o Comandante-Geral do Corpo de Bombeiros Militar do Distrito Federal, analise as afirmativas a seguir.<\/strong><\/em>\n<\/p>\n<p style=\"text-align: justify\">\n\t<em><strong>I.<\/strong> O Comandante-Geral do Corpo de Bombeiros Militar do Distrito Federal &eacute; o respons&aacute;vel pela administra&ccedil;&atilde;o, comando e emprego da corpora&ccedil;&atilde;o.<br \/>\n\t<strong>II<\/strong>. O provimento do cargo de Comandante-Geral ser&aacute; feito mediante ato do Governador do Distrito Federal, observada a forma&ccedil;&atilde;o profissional do oficial para o exerc&iacute;cio do comando.<br \/>\n\t<strong>III.<\/strong> O Comandante-Geral do Corpo de Bombeiros Militar do Distrito Federal ser&aacute; um coronel da ativa do Quadro de Oficiais BM Combatentes da pr&oacute;pria Corpora&ccedil;&atilde;o.<br \/>\n\t<strong>Est&aacute;(&atilde;o) correta(s) a(s) afirmativa(s)<\/strong><br \/>\n\tA) I, II e III. B) I, apenas. C) I e II, apenas. D) II e III, apenas.<\/em>\n<\/p>\n<p style=\"text-align: justify\">\n\t<u>Coment&aacute;rio<\/u>:\n<\/p>\n<p style=\"text-align: justify\">\n\tItem I &#8211;&nbsp; Certo. O Comandante-Geral do Corpo de Bombeiros Militar do Distrito Federal &eacute; o respons&aacute;vel pela administra&ccedil;&atilde;o, comando e emprego da corpora&ccedil;&atilde;o (art. 9&ordm;, Lei n&ordm; 8.255\/91).<br \/>\n\tItem II &#8211;<strong> <\/strong>Certo. O provimento do cargo de Comandante-Geral ser&aacute; feito mediante ato do Governador do Distrito Federal, observada a forma&ccedil;&atilde;o profissional do oficial para o exerc&iacute;cio do comando (art. 10&ordm;, &sect;2&ordm;, Lei n&ordm; 8.255\/91). .<br \/>\n\tItem III &#8211; Certo. O Comandante-Geral do Corpo de Bombeiros Militar do Distrito Federal ser&aacute; um coronel da ativa do Quadro de Oficiais BM Combatentes da pr&oacute;pria Corpora&ccedil;&atilde;o (art. 10&ordm;, caput, Lei n&ordm; 8.255\/91).&nbsp;\n<\/p>\n<p style=\"text-align: justify\">\n\tLogo, est&aacute; correta a afirmativa A) I, III e III.\n<\/p>\n<p style=\"text-align: justify\">\n\tGabarito: <strong>Letra &quot;A&quot;<\/strong>\n<\/p>\n<p style=\"text-align: justify\">\n\t<em><strong>44. Sobre o tratamento que a Lei n&ordm; 8.255, de 20 de novembro de 1991, d&aacute; ao Subcomando-Geral, analise as afirmativas a seguir.<\/strong><br \/>\n\t<strong>I.<\/strong> O Subcomandante-Geral do Corpo de Bombeiros Militar do Distrito Federal ser&aacute; um coronel do Quadro de Oficiais BM Combatentes da ativa da pr&oacute;pria Corpora&ccedil;&atilde;o, escolhido pelo Comandante-Geral e nomeado pelo Governador do Distrito Federal.<br \/>\n\t<strong>II.<\/strong> O substituto eventual do Subcomandante-Geral ser&aacute; o coronel mais antigo existente na Corpora&ccedil;&atilde;o.<br \/>\n\t<strong>III.<\/strong> O Subcomandante-Geral &eacute; o substituto definitivo do Comandante-Geral da Corpora&ccedil;&atilde;o.<br \/>\n\t<strong>IV.<\/strong> O Subcomando-Geral &eacute; o &oacute;rg&atilde;o de dire&ccedil;&atilde;o-geral respons&aacute;vel perante o Comandante-Geral pela coordena&ccedil;&atilde;o, fiscaliza&ccedil;&atilde;o e controle das rotinas administrativas da Corpora&ccedil;&atilde;o, acionando os &oacute;rg&atilde;os de dire&ccedil;&atilde;o-geral, dire&ccedil;&atilde;o setorial, de apoio e de execu&ccedil;&atilde;o no cumprimento de suas atividades.<br \/>\n\t<strong>V<\/strong>. Quando a escolha do Subcomandante-Geral n&atilde;o recair sobre o coronel mais antigo, o escolhido n&atilde;o ter&aacute; preced&ecirc;ncia funcional sobre os demais.<br \/>\n\t<strong>Est&atilde;o corretas apenas as afirmativas<\/strong><br \/>\n\tA) I, II e IV. B) I, III e V. C) II, III e V. D) I, II, III e IV.<\/em>\n<\/p>\n<p style=\"text-align: justify\">\n\t<u>Coment&aacute;rio<\/u>:\n<\/p>\n<p style=\"text-align: justify\">\n\tItem I &#8211; <strong>Certo<\/strong>. O Subcomandante-Geral do Corpo de Bombeiros Militar do Distrito Federal ser&aacute; um coronel do Quadro de Oficiais BM Combatentes da ativa da pr&oacute;pria Corpora&ccedil;&atilde;o, escolhido pelo Comandante-Geral e nomeado pelo Governador do Distrito Federal (art. 10-A, &sect;1&ordm;, Lei n&ordm; 8.255\/91).<br \/>\n\tItem II &#8211; <strong>Certo<\/strong>. O substituto eventual do Subcomandante-Geral ser&aacute; o coronel mais antigo existente na Corpora&ccedil;&atilde;o (art. 10-A, &sect;3&ordm;, Lei n&ordm; 8.255\/91).&nbsp;<br \/>\n\tItem&nbsp; III &#8211; Errado. O Subcomandante-Geral &eacute; o substituto <span style=\"color:#FF0000\">eventual&nbsp; <\/span><s>definitivo <\/s>do Comandante-Geral da Corpora&ccedil;&atilde;o (art. 10-A, &sect;4&ordm;, Lei n&ordm; 8.255\/91).&nbsp;<br \/>\n\tItem IV &#8211; <strong>Certo<\/strong>. O Subcomando-Geral &eacute; o &oacute;rg&atilde;o de dire&ccedil;&atilde;o-geral respons&aacute;vel perante o Comandante-Geral pela coordena&ccedil;&atilde;o, fiscaliza&ccedil;&atilde;o e controle das rotinas administrativas da Corpora&ccedil;&atilde;o, acionando os &oacute;rg&atilde;os de dire&ccedil;&atilde;o-geral, dire&ccedil;&atilde;o setorial, de apoio e de execu&ccedil;&atilde;o no cumprimento de suas atividades&nbsp; (art. 10-A, caput, Lei n&ordm; 8.255\/91).<br \/>\n\tItem V &#8211; Errado. Quando a escolha do Subcomandante-Geral n&atilde;o recair sobre o coronel mais antigo, o escolhido <s>n&atilde;o <\/s><span style=\"color:#FF0000\">ter&aacute; preced&ecirc;ncia funcional <\/span>sobre os demais (art. 10-A, &sect;2&ordm;, Lei n&ordm; 8.255\/91).\n<\/p>\n<p style=\"text-align: justify\">\n\tLogo, est&atilde;o corretas apenas as afirmativas <u>I, II e IV<\/u>.\n<\/p>\n<p style=\"text-align: justify\">\n\tGabarito: <strong>Letra &quot;A&quot;<\/strong>\n<\/p>\n<p style=\"text-align: justify\">\n\t<em><strong>45. Compete ao Corpo de Bombeiros Militar do Distrito Federal, EXCETO:<\/strong><br \/>\n\tA) Executar servi&ccedil;os de atendimento hospitalar.<br \/>\n\tB) Executar atividades de preven&ccedil;&atilde;o aos inc&ecirc;ndios florestais, com vistas &agrave; prote&ccedil;&atilde;o ambiental.<br \/>\n\tC) Realizar pesquisas t&eacute;cnico-cient&iacute;ficas, com vistas &agrave; obten&ccedil;&atilde;o de produtos e processos, que permitam o desenvolvimento de sistemas de seguran&ccedil;a contra inc&ecirc;ndio e p&acirc;nico.<br \/>\n\tD) Executar as a&ccedil;&otilde;es de seguran&ccedil;a p&uacute;blica que lhe forem cometidas por ato do Presidente da Rep&uacute;blica, em caso de grave comprometimento da ordem p&uacute;blica e durante a vig&ecirc;ncia do estado de defesa, do estado de s&iacute;tio e de interven&ccedil;&atilde;o no Distrito Federal.<\/em>\n<\/p>\n<p style=\"text-align: justify\">\n\t<u>Coment&aacute;rio<\/u>:\n<\/p>\n<p style=\"text-align: justify\">\n\tItem A &#8211; <span style=\"color:#FF0000\"><strong>Errado<\/strong><\/span>. Executar servi&ccedil;os de atendimento <span style=\"color:#FF0000\"><strong>pr&eacute;-hospitalar<\/strong><\/span> <s>hospitalar <\/s><s> <\/s>(art. 2&ordm; inciso X, Lei n&ordm; 8.255\/91).<br \/>\n\tItem B &#8211; Certo. Executar atividades de preven&ccedil;&atilde;o aos inc&ecirc;ndios florestais, com vistas &agrave; prote&ccedil;&atilde;o ambiental (art. 2&ordm; inciso VII, Lei n&ordm; 8.255\/91).<br \/>\n\tItem C &#8211; Certo. Realizar pesquisas t&eacute;cnico-cient&iacute;ficas, com vistas &agrave; obten&ccedil;&atilde;o de produtos e processos, que permitam o desenvolvimento de sistemas de seguran&ccedil;a contra inc&ecirc;ndio e p&acirc;nico (art. 2&ordm; inciso V, Lei n&ordm; 8.255\/91). .<br \/>\n\tItem D &#8211; Certo. Executar as a&ccedil;&otilde;es de seguran&ccedil;a p&uacute;blica que lhe forem cometidas por ato do Presidente da Rep&uacute;blica, em caso de grave comprometimento da ordem p&uacute;blica e durante a vig&ecirc;ncia do estado de defesa, do estado de s&iacute;tio e de interven&ccedil;&atilde;o no Distrito Federal&nbsp; (art. 2&ordm; inciso IX, Lei n&ordm; 8.255\/91).\n<\/p>\n<p style=\"text-align: justify\">\n\tGabarito: <strong>Letra &quot;A&quot;<\/strong>\n<\/p>\n<p style=\"text-align: justify\">\n\t<br \/>\n\t<strong>46. N&Atilde;O est&aacute; de acordo com a Lei n&ordm; 8.255, de 20 de novembro de 1991, que disp&otilde;e sobre a organiza&ccedil;&atilde;o b&aacute;sica do Corpo de Bombeiros Militar do Distrito Federal e d&aacute; outras provid&ecirc;ncias:<\/strong><br \/>\n\t<em>A) O funcionamento do Alto Comando ser&aacute; regulamentado por ato do Presidente da Rep&uacute;blica Federativa do Brasil.<br \/>\n\tB) O Corpo de Bombeiros Militar do Distrito Federal ser&aacute; estruturado em &oacute;rg&atilde;os de dire&ccedil;&atilde;o, &oacute;rg&atilde;os de apoio e &oacute;rg&atilde;os de execu&ccedil;&atilde;o.<br \/>\n\tC) O Corpo de Bombeiros Militar do Distrito Federal, for&ccedil;a auxiliar e reserva do Ex&eacute;rcito, subordina-se ao Governador do Distrito Federal e integra o sistema de seguran&ccedil;a p&uacute;blica do Distrito Federal.<br \/>\n\tD) O Corpo de Bombeiros Militar do Distrito Federal, organizado com base na hierarquia e na disciplina, em conformidade com as disposi&ccedil;&otilde;es contidas no Estatuto dos Bombeiros Militares da Corpora&ccedil;&atilde;o, destina-se a realizar servi&ccedil;os espec&iacute;ficos de bombeiros na &aacute;rea do Distrito Federal.<\/em>\n<\/p>\n<p style=\"text-align: justify\">\n\t<u>Coment&aacute;rio<\/u>:\n<\/p>\n<p style=\"text-align: justify\">\n\tItem A &#8211; <span style=\"color:#FF0000\"><strong>Errado<\/strong><\/span>. O funcionamento do Alto Comando ser&aacute; regulamentado por ato do <span style=\"color:#FF0000\"><strong>Governador do Distrito Federal<\/strong><\/span> <s>Presidente da Rep&uacute;blica Federativa do Brasil<\/s>. (art. 8&ordm;-A, par&aacute;grafo &uacute;nico, Lei n&ordm; 8.255\/91). Eis nossa resposta!<br \/>\n\tItem B &#8211; Certo. O Corpo de Bombeiros Militar do Distrito Federal ser&aacute; estruturado em &oacute;rg&atilde;os de dire&ccedil;&atilde;o, &oacute;rg&atilde;os de apoio e &oacute;rg&atilde;os de execu&ccedil;&atilde;o. (art. 4&ordm;, Lei n&ordm; 8.255\/91)<br \/>\n\tItem C &#8211; Certo. O Corpo de Bombeiros Militar do Distrito Federal, for&ccedil;a auxiliar e reserva do Ex&eacute;rcito, subordina-se ao Governador do Distrito Federal e integra o sistema de seguran&ccedil;a p&uacute;blica do Distrito Federal. (art. 3&ordm;, Lei n&ordm; 8.255\/91)<br \/>\n\tItem D -O Corpo de Bombeiros Militar do Distrito Federal, organizado com base na hierarquia e na disciplina, em conformidade com as disposi&ccedil;&otilde;es contidas no Estatuto dos Bombeiros Militares da Corpora&ccedil;&atilde;o, destina-se a realizar servi&ccedil;os espec&iacute;ficos de bombeiros na &aacute;rea do Distrito Federal. (art. 1&ordm;, Lei n&ordm; 8.255\/91)\n<\/p>\n<p style=\"text-align: justify\">\n\tGabarito: <strong>Letra &quot;A&quot;<\/strong>\n<\/p>\n<p style=\"text-align: justify\">\n\t<em><strong>47. Sobre a Estrutura Geral do Corpo de Bombeiros Militar do Distrito Federal, assinale a afirmativa correta.<\/strong><br \/>\n\tA) Os &oacute;rg&atilde;os de dire&ccedil;&atilde;o atendem &agrave;s necessidades de pessoal, de material e de servi&ccedil;os de toda a corpora&ccedil;&atilde;o, realizando t&atilde;o somente as suas atividades-meio.<br \/>\n\tB) Os cargos de comando, dire&ccedil;&atilde;o-geral, dire&ccedil;&atilde;o setorial e assessoramento, definidos como cargos em comiss&atilde;o, estabelecem a preced&ecirc;ncia funcional na organiza&ccedil;&atilde;o e os v&iacute;nculos hier&aacute;rquicos.<br \/>\n\tC) Os &oacute;rg&atilde;os de apoio realizam as atividades-fim, cumprindo as miss&otilde;es e as destina&ccedil;&otilde;es do Corpo de Bombeiros Militar do Distrito Federal, mediante a execu&ccedil;&atilde;o de diretrizes e ordens emanadas dos &oacute;rg&atilde;os de execu&ccedil;&atilde;o e a utiliza&ccedil;&atilde;o dos recursos de pessoal, de material e de servi&ccedil;os dados pelos &oacute;rg&atilde;os de dire&ccedil;&atilde;o.<br \/>\n\tD) Os &oacute;rg&atilde;os de execu&ccedil;&atilde;o s&atilde;o encarregados do comando e da administra&ccedil;&atilde;o geral, incumbindo-se do planejamento, visando &agrave; organiza&ccedil;&atilde;o da corpora&ccedil;&atilde;o em todos os n&iacute;veis, &agrave;s necessidades de pessoal e de material e ao emprego do Corpo de Bombeiros Militar do Distrito Federal para o cumprimento de suas miss&otilde;es, com atribui&ccedil;&otilde;es, ainda, de acionar, coordenar, controlar e fiscalizar a atua&ccedil;&atilde;o dos &oacute;rg&atilde;os de apoio e de execu&ccedil;&atilde;o.<\/em>\n<\/p>\n<p style=\"text-align: justify\">\n\t<u>Coment&aacute;rio<\/u>:\n<\/p>\n<p style=\"text-align: justify\">\n\tItem A -Errado. Os &oacute;rg&atilde;os de <span style=\"color:#FF0000\"><strong>apoio <\/strong><\/span><s>dire&ccedil;&atilde;o <\/s>atendem &agrave;s necessidades de pessoal, de material e de servi&ccedil;os de toda a corpora&ccedil;&atilde;o, realizando t&atilde;o somente as suas atividades-meio. (art. 6&ordm;, Lei n&ordm; 8.255\/91)<br \/>\n\tItem B &#8211; <span style=\"color:#0000FF\"><strong>Certo<\/strong><\/span>. Os cargos de comando, dire&ccedil;&atilde;o-geral, dire&ccedil;&atilde;o setorial e assessoramento, definidos como cargos em comiss&atilde;o, estabelecem a preced&ecirc;ncia funcional na organiza&ccedil;&atilde;o e os v&iacute;nculos hier&aacute;rquicos. (art. 7&ordm;-A, Lei n&ordm; 8.255\/91)<br \/>\n\tItem C &#8211; Errado. Os &oacute;rg&atilde;os de <span style=\"color:#FF0000\"><strong>execu&ccedil;&atilde;o <\/strong><\/span><s>apoio <\/s>realizam as atividades-fim, cumprindo as miss&otilde;es e as destina&ccedil;&otilde;es do Corpo de Bombeiros Militar do Distrito Federal, mediante a execu&ccedil;&atilde;o de diretrizes e ordens emanadas dos &oacute;rg&atilde;os de execu&ccedil;&atilde;o e a utiliza&ccedil;&atilde;o dos recursos de pessoal, de material e de servi&ccedil;os dados pelos &oacute;rg&atilde;os de dire&ccedil;&atilde;o.&nbsp; (art. 7&ordm;, Lei n&ordm; 8.255\/91)<br \/>\n\tItem D &#8211; Errado. Os &oacute;rg&atilde;os de <span style=\"color:#FF0000\"><strong>dire&ccedil;&atilde;o <\/strong><\/span><s>execu&ccedil;&atilde;o <\/s>s&atilde;o encarregados do comando e da administra&ccedil;&atilde;o geral, incumbindo-se do planejamento, visando &agrave; organiza&ccedil;&atilde;o da corpora&ccedil;&atilde;o em todos os n&iacute;veis, &agrave;s necessidades de pessoal e de material e ao emprego do Corpo de Bombeiros Militar do Distrito Federal para o cumprimento de suas miss&otilde;es, com atribui&ccedil;&otilde;es, ainda, de acionar, coordenar, controlar e fiscalizar a atua&ccedil;&atilde;o dos &oacute;rg&atilde;os de apoio e de execu&ccedil;&atilde;o. (art. 5&ordm;, Lei n&ordm; 8.255\/91)\n<\/p>\n<p style=\"text-align: justify\">\n\tGabarito: <strong>Letra &quot;B&quot;<\/strong>\n<\/p>\n<p style=\"text-align: justify\">\n\t<br \/>\n\t<em><strong>48. &ldquo;O Estado-Maior-Geral do Corpo de Bombeiros Militar do DF, encarregado da elabora&ccedil;&atilde;o das diretrizes e ordens do comando, tem por miss&atilde;o o ________________, o ________________, a ________________, a ________________ or&ccedil;ament&aacute;ria e financeira e o ________________ de todas as atividades da Corpora&ccedil;&atilde;o, por interm&eacute;dio dos &oacute;rg&atilde;os de dire&ccedil;&atilde;o-geral e de dire&ccedil;&atilde;o setorial, de apoio e de execu&ccedil;&atilde;o, no exerc&iacute;cio de suas compet&ecirc;ncias, em conformidade com as decis&otilde;es e diretrizes do Comandante-Geral do Corpo de Bombeiros Militar do Distrito Federal.&rdquo; Assinale a alternativa que completa correta e sequencialmente a afirmativa anterior, de acordo com a Lei n&ordm; 8.255, de 20 de novembro de 1991.<\/strong><br \/>\n\tA) envio \/ controle \/ cr&iacute;tica \/ an&aacute;lise \/ encaminhamento<br \/>\n\tB) envio \/ estudo \/ coordena&ccedil;&atilde;o \/ busca \/ direcionamento<br \/>\n\tC) estudo \/ planejamento \/ coordena&ccedil;&atilde;o \/ programa&ccedil;&atilde;o \/ controle<br \/>\n\tD) estudo \/ encaminhamento \/ busca \/ execu&ccedil;&atilde;o \/ redirecionamento<\/em>\n<\/p>\n<p style=\"text-align: justify\">\n\t<u>Coment&aacute;rio<\/u>:\n<\/p>\n<p style=\"text-align: justify\">\n\tDe acordo com o art. 11, par&aacute;grafo &uacute;nico, da Lei n&ordm; 8.255\/1991:\n<\/p>\n<p style=\"text-align: justify\">\n\t<em>Art. 11 (&#8230;)<\/em>\n<\/p>\n<p style=\"text-align: justify\">\n\t<em><font face=\"Arial\" size=\"2\"><span style=\"color: black;font-weight: normal\">Par&aacute;grafo &uacute;nico.&nbsp;&nbsp;O Estado-Maior-Geral, encarregado da elabora&ccedil;&atilde;o das diretrizes e ordens do comando, tem por miss&atilde;o o <\/span><span style=\"color:#0000FF\"><span style=\"font-weight: normal\"><strong>estudo<\/strong><\/span><\/span><span style=\"color: black;font-weight: normal\">, o <\/span><span style=\"color:#0000FF\"><span style=\"font-weight: normal\"><strong>planejamento<\/strong><\/span><\/span><span style=\"color: black;font-weight: normal\">, a <\/span><span style=\"color:#0000FF\"><span style=\"font-weight: normal\"><strong>coordena&ccedil;&atilde;o<\/strong><\/span><\/span><span style=\"color: black;font-weight: normal\">, a <\/span><span style=\"color:#0000FF\"><span style=\"font-weight: normal\"><strong>programa&ccedil;&atilde;o <\/strong><\/span><\/span><span style=\"color: black;font-weight: normal\">or&ccedil;ament&aacute;ria e financeira e o <\/span><span style=\"color:#0000FF\"><span style=\"font-weight: normal\"><strong>controle <\/strong><\/span><\/span><span style=\"color: black;font-weight: normal\">de todas as atividades da Corpora&ccedil;&atilde;o, por interm&eacute;dio dos &oacute;rg&atilde;os de dire&ccedil;&atilde;o-geral e de dire&ccedil;&atilde;o setorial, de apoio e de execu&ccedil;&atilde;o, no exerc&iacute;cio de suas compet&ecirc;ncias, em conformidade com as decis&otilde;es e diretrizes do Comandante-Geral do Corpo de Bombeiros Militar do Distrito Federal.&quot;<\/span><\/font><\/em>\n<\/p>\n<p style=\"text-align: justify\">\n\tGabarito: <strong>Letra &quot;C&quot;<\/strong>\n<\/p>\n<p style=\"text-align: justify\">\n\t<br \/>\n\t<em><strong>49. Segundo a Lei n&ordm; 8.255, de 20 de novembro de 1991, o Estado-Maior-Geral do Corpo de Bombeiros Militar do Distrito Federal compreende Se&ccedil;&otilde;es, que N&Atilde;O poder&atilde;o exceder o n&uacute;mero de:<\/strong><br \/>\n\tA) 7. B) 8. C) 9. D) 10.<\/em>\n<\/p>\n<p style=\"text-align: justify\">\n\t<u>Coment&aacute;rio<\/u>:\n<\/p>\n<p style=\"text-align: justify\">\n\tSegundo o art. 12, inciso III, da Lei n&ordm; 8.255;91, o Estado-Maior-Geral do Corpo de Bombeiros Militar do Distrito Federal compreende Se&ccedil;&otilde;es, que N&Atilde;O poder&atilde;o exceder o n&uacute;mero de 1<span style=\"color:#0000FF\"><strong>0 (dez).<\/strong><\/span>\n<\/p>\n<p style=\"text-align: justify\">\n\tGabarito: <strong>Letra &quot;D&quot;<\/strong>\n<\/p>\n<p style=\"text-align: justify\">\n\t<br \/>\n\t<em><strong>50. Fazem parte do Comando-Geral do Corpo de Bombeiros Militar do Distrito Federal e do Alto Comando, &oacute;rg&atilde;o consultivo do Comandante-Geral, EXCETO:<\/strong><br \/>\n\tA) O Controlador.<br \/>\n\tB) O Subcomandante-Geral.<br \/>\n\tC) O Chefe de Gabinete do Comandante-Geral.<br \/>\n\tD) Os Ex-Comandantes-Gerais e Ex-Subcomandantes-Gerais da Corpora&ccedil;&atilde;o, enquanto n&atilde;o passarem para a inatividade.<\/em>\n<\/p>\n<p style=\"text-align: justify\">\n\t<u>Coment&aacute;rio<\/u>:\n<\/p>\n<p style=\"text-align: justify\">\n\tItem A &#8211; O Controlador &#8211;&gt; pertence ao comando-Geral e ao Alto Comando (art. 8&ordm;, IV, c\/c Art. 8&ordm;-A, IV).<br \/>\n\tItem B &#8211; O Subcomandante-Geral&nbsp; &#8211;&gt; pertence ao comando-Geral e ao Alto Comando (art. 8&ordm;, I, c\/c Art. 8&ordm;-A, II).<br \/>\n\tItem C &#8211; O Chefe de Gabinete do Comandante-Geral &#8211;&gt; pertence ao comando-Geral e ao Alto Comando (art. 8&ordm;, V, c\/c Art. 8&ordm;-A, V).<br \/>\n\tItem D &#8211; Os Ex-Comandantes-Gerais e Ex-Subcomandantes-Gerais da Corpora&ccedil;&atilde;o, enquanto n&atilde;o passarem para a inatividade &#8211;&gt; <span style=\"color:#FF0000\"><strong> <\/strong><\/span><span style=\"color:#FF0000\"><strong>apenas fazem parte do Alto Comando<\/strong><\/span> (art. 8&ordm;-A, X).\n<\/p>\n<p>\n\tGabarito: <strong>Letra &quot;D&quot;<\/strong>\n<\/p>\n<p style=\"text-align: justify\">\n\t<em><strong>51. Os &oacute;rg&atilde;os de execu&ccedil;&atilde;o do Corpo de Bombeiros Militar do Distrito Federal s&atilde;o classificados, segundo a natureza dos servi&ccedil;os que prestam ou as peculiaridades do emprego. Assinale a alternativa que classifica corretamente a unidade.<\/strong><\/em>\n<\/p>\n<p style=\"text-align: justify\">\n\t<em>A) <u>Unidade de Prote&ccedil;&atilde;o Civil<\/u>: tem a seu cargo, dentro de determinada &aacute;rea de responsabilidade, a execu&ccedil;&atilde;o de atividades de defesa civil.<br \/>\n\tB) <u>Unidade de Preven&ccedil;&atilde;o Aerovi&aacute;ria<\/u>: tem a seu cargo, dentro de determinada &aacute;rea operacional, a execu&ccedil;&atilde;o de miss&otilde;es a&eacute;reas e apoio a a&ccedil;&otilde;es conexas.<br \/>\n\tC) <u>Unidade de Contingenciamento<\/u>: tem a seu cargo, dentro de uma determinada &aacute;rea de atua&ccedil;&atilde;o operacional, as miss&otilde;es de preven&ccedil;&atilde;o e extin&ccedil;&atilde;o de inc&ecirc;ndio e as demais que lhes sejam conexas.<br \/>\n\tD) <u>Unidade de Preven&ccedil;&atilde;o e Combate a Inc&ecirc;ndio<\/u>: tem a seu cargo, dentro de determinada &aacute;rea operacional, o cumprimento das atividades e miss&otilde;es de preven&ccedil;&atilde;o e combate a inc&ecirc;ndios florestais, conten&ccedil;&atilde;o de produtos perigosos e demais a&ccedil;&otilde;es de prote&ccedil;&atilde;o ao meio ambiente.<\/em>\n<\/p>\n<p style=\"text-align: justify\">\n\t<u>Coment&aacute;rio<\/u>:\n<\/p>\n<p style=\"text-align: justify\">\n\tItem A &#8211; <span style=\"color:#0000FF\"><strong>Certo<\/strong><\/span>. A Unidade de Prote&ccedil;&atilde;o Civil tem a seu cargo, dentro de determinada &aacute;rea de responsabilidade, a execu&ccedil;&atilde;o de atividades de defesa civil. (art. 28, &sect;6&ordm;, Lei n&ordm; 8.255\/91)<br \/>\n\tItem B &#8211; Errado. &Eacute; a <span style=\"color:#FF0000\"><strong>Unidade de Avia&ccedil;&atilde;o Operadcional <\/strong><\/span><s>Preven&ccedil;&atilde;o Aerovi&aacute;ria<\/s> quem tem a seu cargo, dentro de determinada &aacute;rea operacional, a execu&ccedil;&atilde;o de miss&otilde;es a&eacute;reas e apoio a a&ccedil;&otilde;es conexas. (art. 28, &sect;7&ordm;, Lei n&ordm; 8.255\/91)<br \/>\n\tItem C &#8211; Errado. &Eacute;a Unidade de <span style=\"color:#FF0000\"> <strong>Preven&ccedil;&atilde;o e Combate a Inc&ecirc;ndio<\/strong> <\/span><s>Contingenciamento<\/s>: tem a seu cargo, dentro de uma determinada &aacute;rea de atua&ccedil;&atilde;o operacional, as miss&otilde;es de preven&ccedil;&atilde;o e extin&ccedil;&atilde;o de inc&ecirc;ndio e as demais que lhes sejam conexas.&nbsp; (art. 28, &sect;2&ordm;, Lei n&ordm; 8.255\/91)<br \/>\n\tItem D &#8211; Errado. &Eacute; a Unidade de Prote&ccedil;&atilde;o Ambiental Preven&ccedil;&atilde;o e Combate a Inc&ecirc;ndio qyem tem a seu cargo, dentro de determinada &aacute;rea operacional, o cumprimento das atividades e miss&otilde;es de preven&ccedil;&atilde;o e combate a inc&ecirc;ndios florestais, conten&ccedil;&atilde;o de produtos perigosos e demais a&ccedil;&otilde;es de prote&ccedil;&atilde;o ao meio ambiente.&nbsp; (art. 28, &sect;5&ordm;, Lei n&ordm; 8.255\/91)\n<\/p>\n<p style=\"text-align: justify\">\n\tGabarito: <strong>Letra &quot;A&quot;<\/strong>\n<\/p>\n<p style=\"text-align: justify\">\n\t<br \/>\n\t<em><strong>52. Estabelece a Lei n&ordm; 12.086, de 6 de novembro de 2009, que o efetivo do Corpo de Bombeiros Militar do DistritoFederal &eacute; fixado em 9.703 (nove mil setecentos e tr&ecirc;s) Bombeiros Militares de Carreira, distribu&iacute;dos nos quadros, qualifica&ccedil;&otilde;es, postos e gradua&ccedil;&otilde;es, na forma do Anexo II. De acordo com a referida Lei ser&atilde;o considerados nos limites do efetivo fixado anteriormente:<\/strong><br \/>\n\tA) Os Aspirantes-a-Oficial BM.<br \/>\n\tB) Os Oficiais em fun&ccedil;&otilde;es de Comando.<br \/>\n\tC) Os Bombeiros Militares agregados e os que, por for&ccedil;a de legisla&ccedil;&atilde;o precedente, permanecer&atilde;o sem numera&ccedil;&atilde;o nos quadros de origem.<br \/>\n\tD) Os Bombeiros Militares da reserva remunerada e os reformados, sujeitos &agrave; presta&ccedil;&atilde;o de servi&ccedil;o por tempo certo, em car&aacute;ter transit&oacute;rio e mediante aceita&ccedil;&atilde;o volunt&aacute;ria.<\/em>\n<\/p>\n<p style=\"text-align: justify\">\n\t<u>Coment&aacute;rio<\/u>:\n<\/p>\n<p>\n\t<font face=\"Arial\" size=\"2\"><span style=\"color:black;font-weight:normal\">Segundo o que disp&otilde;e o art. 65, par&aacute;grafo &uacute;nico, da Lei n&ordm;12.086\/09, N&atilde;o ser&atilde;o considerados no limite do efetivo fixado no <\/span> <span style=\"color:black\">caput (<\/span><span style=\"color:black;font-weight:normal\">:<\/span><\/font>\n<\/p>\n<ul>\n<li>\n\t\t<font face=\"Arial\" size=\"2\"><span style=\"color:black;font-weight:normal\">os bombeiros militares da reserva remunerada designados para o servi&ccedil;o ativo;<\/span><\/font>\n\t<\/li>\n<li>\n\t\t<font face=\"Arial\" size=\"2\"><span style=\"color:black;font-weight:normal\">os bombeiros militares da reserva remunerada e os reformados, sujeitos &agrave; presta&ccedil;&atilde;o de servi&ccedil;o por tempo certo, em car&aacute;ter transit&oacute;rio e mediante aceita&ccedil;&atilde;o volunt&aacute;ria;&nbsp; (<strong>item D<\/strong>)<\/span><\/font><font face=\"Arial\" size=\"2\"> <\/font>\n\t<\/li>\n<li>\n\t\t<font face=\"Arial\" size=\"2\"><span style=\"color:black;font-weight:normal\">os Aspirantes-a-Oficial BM; <\/span><\/font> <font face=\"Arial\" size=\"2\"><span style=\"color:black;font-weight:normal\">(<strong>item A<\/strong>)<\/span><\/font>\n\t<\/li>\n<li>\n\t\t<font face=\"Arial\" size=\"2\"><span style=\"color:black;font-weight:normal\">os alunos dos cursos de ingresso na Carreira bombeiro militar; e <\/span><\/font>\n\t<\/li>\n<li>\n\t\t<font face=\"Arial\" size=\"2\"><span style=\"color:black;font-weight:normal\">os bombeiros militares agregados e os que, por for&ccedil;a de legisla&ccedil;&atilde;o precedente, permanecer&atilde;o sem numera&ccedil;&atilde;o nos quadros de origem. <\/span><\/font> <font face=\"Arial\" size=\"2\"><span style=\"color:black;font-weight:normal\">(<strong>item C<\/strong>)<\/span><\/font>\n\t<\/li>\n<\/ul>\n<p style=\"text-align: justify\">\n\tLogo, dentre as op&ccedil;&otilde;es de resposta,ser&atilde;o considerados nos limites do efetivo fixado <span style=\"color:#0000FF\"><strong>os Oficiais em fun&ccedil;&otilde;es de Comando<\/strong><\/span>.\n<\/p>\n<p style=\"text-align: justify\">\n\tGabarito: <strong>Letra &quot;B&quot;<\/strong>\n<\/p>\n<p style=\"text-align: justify\">\n\t<em><strong>53. Segundo a Lei n&ordm; 12.086, de 6 de novembro de 2009, que em casos extraordin&aacute;rios, a qualquer tempo e independentemente da exist&ecirc;ncia de vaga, poder&aacute; haver promo&ccedil;&atilde;o por ressarcimento de preteri&ccedil;&atilde;o, decorrente do reconhecimento do direito de promo&ccedil;&atilde;o que caberia a militar preterido. O Bombeiro Militar ser&aacute; ressarcido de preteri&ccedil;&atilde;o quando, EXCETO:<\/strong><br \/>\n\tA) Tiver solu&ccedil;&atilde;o favor&aacute;vel no recurso interposto.<br \/>\n\tB) For absolvido ou impronunciado no processo a que estiver respondendo.<br \/>\n\tC) Cessar sua situa&ccedil;&atilde;o de desaparecido, extraviado ou desertor, mesmo que tal situa&ccedil;&atilde;o tenha sido provocada por culpa ou dolo do militar.<br \/>\n\tD) For considerado capaz de permanecer nas fileiras da Corpora&ccedil;&atilde;o em decis&atilde;o final prolatada a partir de apura&ccedil;&atilde;o feita por conselho de justifica&ccedil;&atilde;o, conselho de disciplina ou processo administrativo de licenciamento a que tiver sido submetido.<\/em>\n<\/p>\n<p style=\"text-align: justify\">\n\t<u>Coment&aacute;rio<\/u>:\n<\/p>\n<p align=\"justify\" style=\"text-indent: 1cm\">\n\t<font face=\"Arial\" size=\"2\"><span style=\"color:black;font-weight:normal\">De acrodo com o art. 15 da Lei n&ordm;&#039; 12.086\/09, em casos extraordin&aacute;rios, poder&aacute; haver promo&ccedil;&atilde;o por ressarcimento de preteri&ccedil;&atilde;o decorrente do reconhecimento do direito de promo&ccedil;&atilde;o que caberia a militar preterido.&nbsp; O policial militar ser&aacute; ressarcido de preteri&ccedil;&atilde;o quando:<\/span><\/font>\n<\/p>\n<ul>\n<li>\n\t\t<font face=\"Arial\" size=\"2\"><span style=\"color:black;font-weight:normal\">tiver solu&ccedil;&atilde;o favor&aacute;vel no recurso interposto;&nbsp; <\/span><span style=\"color:#0000FF\"><span style=\"font-weight: normal\"><strong>(item A)<\/strong><\/span><\/span><\/font>\n\t<\/li>\n<li>\n\t\t<font face=\"Arial\" size=\"2\"><span style=\"color:black;font-weight:normal\">cessar sua situa&ccedil;&atilde;o de desaparecido, extraviado ou desertor, <\/span><span style=\"color:#FF0000\"><span style=\"font-weight: normal\"><strong>mesmo que<\/strong><\/span><\/span><span style=\"color:black;font-weight:normal\"> <\/span><span style=\"font-weight: normal\"><s>desde que<\/s><\/span><span style=\"color:black;font-weight:normal\"> tal situa&ccedil;&atilde;o <s>n&atilde;o <\/s>tenha sido provocada por culpa ou dolo do militar;<\/span><\/font>\n\t<\/li>\n<li>\n\t\t<font face=\"Arial\" size=\"2\"><span style=\"color:black;font-weight:normal\">for considerado capaz de permanecer nas fileiras da Corpora&ccedil;&atilde;o em decis&atilde;o final prolatada a partir de apura&ccedil;&atilde;o feita por conselho de justifica&ccedil;&atilde;o, conselho de disciplina ou processo administrativo de licenciamento a que tiver sido submetido; <\/span><\/font> <font face=\"Arial\" size=\"2\"><span style=\"color:#0000FF\"><span style=\"font-weight: normal\"><strong>(item D)<\/strong><\/span><\/span><\/font>\n\t<\/li>\n<li>\n\t\t<font face=\"Arial\" size=\"2\"><span style=\"color:black;font-weight:normal\">for absolvido ou impronunciado no processo a que estiver respondendo; ou &nbsp;<\/span><\/font> <font face=\"Arial\" size=\"2\"><span style=\"color:#0000FF\"><span style=\"font-weight: normal\"><strong>(item B)<\/strong><\/span><\/span><\/font> <font face=\"Arial\" size=\"2\"> <\/font>\n\t<\/li>\n<li>\n\t\t<font face=\"Arial\" size=\"2\"><span style=\"color:black;font-weight:normal\">tiver sido prejudicado por comprovado erro administrativo.<\/span><\/font>\n\t<\/li>\n<\/ul>\n<p>\n\tGabarito: <strong>Letra &quot;C&quot;<\/strong>\n<\/p>\n<p style=\"text-align: justify\">\n\t<br \/>\n\t<em><strong>54. Para o ingresso no QOBM\/Comb, no posto de Segundo-Tenente, o candidato dever&aacute;:<\/strong><br \/>\n\t<strong>I. <\/strong>Ser selecionado dentro do n&uacute;mero de vagas fixadas no Anexo III.<br \/>\n\t<strong>II. <\/strong>Concluir, com aproveitamento, o Curso de Habilita&ccedil;&atilde;o de Oficiais Bombeiro Militar.<br \/>\n\t<strong>III. <\/strong>Ser declarado Aspirante-a-Oficial.<br \/>\n\t<strong>IV.<\/strong> Ser aprovado no est&aacute;gio probat&oacute;rio.<br \/>\n\t<strong>Est&aacute;(&atilde;o) INCORRETA(S) apenas a(s) afirmativa(s)<\/strong><br \/>\n\tA) I. B) II. C) III. D) IV.<\/em>\n<\/p>\n<p style=\"text-align: justify\">\n\t<u>Coment&aacute;rio<\/u>:\n<\/p>\n<p style=\"text-align: justify\">\n\tOs requisitos para ingresso no QOBM\/Comb, no posto de Sub-Tenente est&atilde;o disposto no art. 75 da Lei n&ordm; 12.086\/2009.Vamos ver se os itens citados s&atilde;o um desses requisitos:\n<\/p>\n<p style=\"text-align: justify\">\n\t<em>Item I &#8211; Certo. Ser selecionado dentro do n&uacute;mero de vagas fixadas no Anexo III (art. 75, inciso I).<br \/>\n\tItem II &#8211; <span style=\"color:#FF0000\"><strong>Errado<\/strong><\/span>. Concluir, com aproveitamento, o Curso de <span style=\"color:#FF0000\">Forma&ccedil;&atilde;o <\/span><s>Habilita&ccedil;&atilde;o <\/s>de Oficiais Bombeiro Militar <\/em> <em>(art. 75, inciso II)<\/em><em>.<br \/>\n\tItem III &#8211; Certo. Ser declarado Aspirante-a-Oficial&nbsp;<\/em> <em>(art. 75, inciso III)<\/em><em>.<\/em>\n<\/p>\n<p style=\"text-align: justify\">\n\tLogo, est&aacute; INCORRETA apenas a afirmativa<u> II<\/u>.&nbsp;\n<\/p>\n<p style=\"text-align: justify\">\n\tGabarito: <strong>Letra &quot;B&quot;<\/strong>\n<\/p>\n<p style=\"text-align: justify\">\n\t<br \/>\n\t<em><strong>55. A promo&ccedil;&atilde;o &eacute; ato administrativo com a finalidade b&aacute;sica de ascens&atilde;o seletiva aos postos e gradua&ccedil;&otilde;es superiores no &acirc;mbito do Corpo de Bombeiros Militar do Distrito Federal. Sobre o tema, analise as afirmativas a seguir.<\/strong><br \/>\n\t<strong>I. <\/strong>A promo&ccedil;&atilde;o post mortem resultar&aacute; em ocupa&ccedil;&atilde;o de vaga.<br \/>\n\t<strong>II. <\/strong>A promo&ccedil;&atilde;o por ato de bravura &eacute; aquela que resulta de ato n&atilde;o comum de coragem e aud&aacute;cia, ainda que no cumprimento do dever, que represente feito relevante &agrave; opera&ccedil;&atilde;o Bombeiro Militar e &agrave; sociedade, pelos resultados alcan&ccedil;ados ou pelo exemplo positivo dele emanado, podendo ocorrer a qualquer tempo, independentemente da exist&ecirc;ncia de vaga e com efeitos vigentes &agrave; data da publica&ccedil;&atilde;o do ato de promo&ccedil;&atilde;o.<br \/>\n\t<strong>III. <\/strong>A promo&ccedil;&atilde;o post mortem &eacute; aquela que visa a expressar o reconhecimento ao militar morto no cumprimento do dever ou em consequ&ecirc;ncia disso, ou a reconhecer direito que lhe cabia, n&atilde;o efetivado por motivo de &oacute;bito, podendo ocorrer a qualquer tempo, independentemente da exist&ecirc;ncia de vaga e com efeitos retroativos &agrave; data da ocorr&ecirc;ncia do aludido ato.<br \/>\n\t<strong>Est&aacute;(&atilde;o) correta(s) apenas a(s) afirmativa(s)<\/strong><br \/>\n\tA) I. B) III. C) I e II. D) II e III.<\/em>\n<\/p>\n<p style=\"text-align: justify\">\n\t<u>Coment&aacute;rio<\/u>:&nbsp;\n<\/p>\n<p style=\"text-align: justify\">\n\tItem I &#8211; Errado. A promo&ccedil;&atilde;o post mortem <span style=\"color:#FF0000\"><strong>N&Atilde;O <\/strong><\/span>resultar&aacute; em ocupa&ccedil;&atilde;o de vaga.&nbsp; (art. 73, par&aacute;grafo &uacute;nico, Lei n&ordm;12.086\/09)<br \/>\n\tItem II &#8211;<strong> <\/strong>Errado. A promo&ccedil;&atilde;o por ato de bravura &eacute; aquela que resulta de ato n&atilde;o comum de coragem e aud&aacute;cia, ainda que no cumprimento do dever, que represente feito relevante &agrave; opera&ccedil;&atilde;o Bombeiro Militar e &agrave; sociedade, pelos resultados alcan&ccedil;ados ou pelo exemplo positivo dele emanado, podendo ocorrer a qualquer tempo, independentemente da exist&ecirc;ncia de vaga e com efeitos&nbsp; <font face=\"Arial\" size=\"2\"><span style=\"color:#FF0000\"><span style=\"font-weight: normal\"><strong>retroativos &agrave; data da ocorr&ecirc;ncia do aludido ato<\/strong><\/span><\/span><\/font> <s> vigentes &agrave; data da publica&ccedil;&atilde;o do ato de promo&ccedil;&atilde;o<\/s>.&nbsp; (art. 72, Lei n&ordm;12.086\/09)<br \/>\n\t<strong>I<\/strong>tem III &#8211; <span style=\"color:#0000FF\"><strong>Certo<\/strong><\/span>. A promo&ccedil;&atilde;o post mortem &eacute; aquela que visa a expressar o reconhecimento ao militar morto no cumprimento do dever ou em consequ&ecirc;ncia disso, ou a reconhecer direito que lhe cabia, n&atilde;o efetivado por motivo de &oacute;bito, podendo ocorrer a qualquer tempo, independentemente da exist&ecirc;ncia de vaga e com efeitos retroativos &agrave; data da ocorr&ecirc;ncia do aludido ato. (art. 73, Lei n&ordm;12.086\/09)\n<\/p>\n<p style=\"text-align: justify\">\n\tLogo, est&aacute; correta apenas a afirmativa III.\n<\/p>\n<p style=\"text-align: justify\">\n\tGabarito: <strong>Letra &quot;B&quot;<\/strong>\n<\/p>\n<p style=\"text-align: justify\">\n\t<strong>56. &ldquo;De acordo com a Lei n&ordm; 12.086, de 6 de novembro de 2009, o Bombeiro Militar que se julgar prejudicado em consequ&ecirc;ncia de composi&ccedil;&atilde;o de Quadro de Acesso ou em seu direito de promo&ccedil;&atilde;o poder&aacute; impetrar recurso, como &uacute;ltima inst&acirc;ncia na esfera administrativa, ao ________________________, se o recorrente postular &agrave; patente de Oficial; ou comandante-geral da corpora&ccedil;&atilde;o, se o recorrente postular &agrave; gradua&ccedil;&atilde;o de pra&ccedil;a.&rdquo; Assinale a alternativa que completa corretamente a afirmativa anterior.<\/strong><br \/>\n\tA) Chefe do Estado-Maior-Geral B) Governador do Distrito Federal&nbsp; C) Comandante-Geral da Corpora&ccedil;&atilde;o D) SubComandante-Geral da Corpora&ccedil;&atilde;o\n<\/p>\n<p style=\"text-align: justify\">\n\t<u>Coment&aacute;rio<\/u>:&nbsp;\n<\/p>\n<p style=\"text-align: justify\">\n\tDe acordo com o art. 104, inciso I, da Lei n&ordm; 12.086\/09, o Bombeiro Militar que se julgar prejudicado em consequ&ecirc;ncia de composi&ccedil;&atilde;o de Quadro de Acesso ou em seu direito de promo&ccedil;&atilde;o poder&aacute; impetrar recurso, como &uacute;ltima inst&acirc;ncia na esfera administrativa, ao <span style=\"color:#0000FF\"><strong>Governador do Distrito Federal<\/strong><\/span>, se o recorrente postular &agrave; patente de Oficial; ou comandante-geral da corpora&ccedil;&atilde;o, se o recorrente postular &agrave; gradua&ccedil;&atilde;o de pra&ccedil;a.\n<\/p>\n<p style=\"text-align: justify\">\n\tGabarito: <strong>Letra &quot;B&quot;<\/strong>\n<\/p>\n<p style=\"text-align: justify\">\n\t<strong>57. De acordo com o Decreto Federal n&ordm; 7.163, de 29 de abril de 2010, ser&atilde;o substitu&iacute;dos, nos impedimentos legais:<\/strong><br \/>\n\t<strong>I. <\/strong>O Comandante-Geral, pelo Subcomandante-Geral.<br \/>\n\t<strong>II.<\/strong> O Subcomandante-Geral, pelo Coronel do Quadro de Oficiais BM Combatentes-QOBM\/Comb mais antigo da Corpora&ccedil;&atilde;o.<br \/>\n\t<strong>III.<\/strong> O Chefe do Estado-Maior-Geral, por Coronel do QOBM\/Comb indicado pelo Comandante-Geral da Corpora&ccedil;&atilde;o.<br \/>\n\t<strong>IV.<\/strong> Os titulares dos demais &oacute;rg&atilde;os da Corpora&ccedil;&atilde;o, pelo segundo bombeiro militar mais antigo a ele subordinado.<br \/>\n\t<strong>Est&aacute; INCORRETA apenas a afirmativa<\/strong><br \/>\n\tA) I. B) II. C) III. D) IV.\n<\/p>\n<p style=\"text-align: justify\">\n\t<u>Coment&aacute;rio<\/u>:&nbsp;\n<\/p>\n<p>\n\tSegundo o art. 44 do Decreto Fedeeral n&ordm;7.163\/10, ser&atilde;o substitu&iacute;dos, nos impedimentos legais:\n<\/p>\n<ul>\n<li>\n\t\to Comandante-Geral, pelo Subcomandante-Geral; <span style=\"color:#0000FF\"><strong>(Item I, Certo)<\/strong><\/span>\n\t<\/li>\n<li>\n\t\to Subcomandante-Geral, pelo Coronel do Quadro de Oficiais BM Combatentes -QOBM\/Comb mais antigo da Corpora&ccedil;&atilde;o; <span style=\"color:#0000FF\"><strong>(Item II, Certo)<\/strong><\/span>\n\t<\/li>\n<li>\n\t\to Chefe do Estado-Maior-Geral, por Coronel do QOBM\/Comb indicado pelo Comandante-Geral da Corpora&ccedil;&atilde;o; e <span style=\"color:#0000FF\"><strong>(Item III, Certo)<\/strong><\/span>\n\t<\/li>\n<li>\n\t\tos titulares dos demais &oacute;rg&atilde;os da Corpora&ccedil;&atilde;o, pelo <span style=\"color:#FF0000\"><strong>segundo <\/strong><\/span>bombeiro militar mais antigo a ele subordinado. <span style=\"color:#FF0000\"> <strong>(Item IV, Errado)<\/strong> <\/span>&nbsp;\n\t<\/li>\n<\/ul>\n<p style=\"text-align: justify\">\n\tLogo, est&aacute; INCORRETA apenas a afirmativa <u>IV<\/u>.\n<\/p>\n<p style=\"text-align: justify\">\n\tGabarito: <strong>Letra &quot;D&quot;<\/strong>\n<\/p>\n<p style=\"text-align: justify\">\n\t<em><strong>58. De acordo com o Decreto n&ordm; GDF 31.817, de 21 de junho de 2010, compete ao Centro de Assist&ecirc;ncia Bombeiro Militar do CBMDF, &oacute;rg&atilde;o incumbido do assessoramento aos usu&aacute;rios do Sistema de Sa&uacute;de da Corpora&ccedil;&atilde;o no atendimento &agrave;s conting&ecirc;ncias sociais e &agrave;s necessidades b&aacute;sicas, com vistas &agrave; garantia dos m&iacute;nimos sociais:<\/strong><br \/>\n\tA) Auxiliar a Diretoria de Ensino na capacita&ccedil;&atilde;o de recursos humanos para as atividades de educa&ccedil;&atilde;o f&iacute;sica.<br \/>\n\tB) Apoiar os demais &oacute;rg&atilde;os na promo&ccedil;&atilde;o e na realiza&ccedil;&atilde;o de competi&ccedil;&otilde;es, bem como no treinamento de equipes da Corpora&ccedil;&atilde;o.<br \/>\n\tC) Planejar, coordenar, executar e controlar programas de promo&ccedil;&atilde;o &agrave; melhoria ou manuten&ccedil;&atilde;o do desempenho f&iacute;sico, do bem-estar e da higidez dos militares.<br \/>\n\tD) Desenvolver a&ccedil;&otilde;es em articula&ccedil;&atilde;o com as pol&iacute;ticas p&uacute;blicas para assegurar aos usu&aacute;rios o acesso a benef&iacute;cios, servi&ccedil;os, programas, projetos e direitos usufru&iacute;dos pelos demais segmentos da popula&ccedil;&atilde;o.<\/em>\n<\/p>\n<p style=\"text-align: justify\">\n\t<u>Coment&aacute;rio:<\/u>\n<\/p>\n<p style=\"text-align: justify\">\n\tItem A &#8211; Errado. Auxiliar a Diretoria de Ensino na capacita&ccedil;&atilde;o de recursos humanos para as atividades de educa&ccedil;&atilde;o f&iacute;sica &eacute; compet&ecirc;ncia do <span style=\"color:#FF0000\"><strong>Centro de Capacita&ccedil;&atilde;o F&igrave;sica<\/strong><\/span> do CBMDF (art. 19, V, Decreto DF n&ordm; 31.817\/10)<br \/>\n\tItem B &#8211; Apoiar os demais &oacute;rg&atilde;os na promo&ccedil;&atilde;o e na realiza&ccedil;&atilde;o de competi&ccedil;&otilde;es, bem como no treinamento de equipes da Corpora&ccedil;&atilde;o &eacute; tamb&eacute;m compet&ecirc;ncia do <span style=\"color:#FF0000\"><strong>Centro de Capacita&ccedil;&atilde;o F&igrave;sica<\/strong><\/span> do CBMDF (art. 19, II, Decreto DF n&ordm; 31.817\/10) .<br \/>\n\tItem C &#8211; Errado. Planejar, coordenar, executar e controlar programas de promo&ccedil;&atilde;o &agrave; melhoria ou manuten&ccedil;&atilde;o do desempenho f&iacute;sico, do bem-estar e da higidez dos militares &eacute; mais uma compet&ecirc;ncia do <span style=\"color:#FF0000\"><strong>Centro de Capacita&ccedil;&atilde;o F&igrave;sica<\/strong><\/span> do CBMDF (art. 19, I, Decreto DF n&ordm; 31.817\/10) ..<br \/>\n\tItem D &#8211; <span style=\"color:#0000FF\"><strong>Certo<\/strong><\/span>. &Eacute; compet&ecirc;ncia do Centro de Assist&ecirc;ncia Bombeiro Militar desenvolver a&ccedil;&otilde;es em articula&ccedil;&atilde;o com as pol&iacute;ticas p&uacute;blicas para assegurar aos usu&aacute;rios o acesso a benef&iacute;cios, servi&ccedil;os, programas, projetos e direitos usufru&iacute;dos pelos demais segmentos da popula&ccedil;&atilde;o&nbsp; (art. 18, V, Decreto DF n&ordm; 31.817\/10) .\n<\/p>\n<p style=\"text-align: justify\">\n\tGabarito: <strong>Letra &quot;D&quot;<\/strong>\n<\/p>\n<p style=\"text-align: justify\">\n\t<em><strong>59. Na forma do Decreto GDF n&ordm; 31.817, de 21 de junho de 2010, s&atilde;o compet&ecirc;ncias comuns aos Centros, &agrave; Academia de Bombeiro Militar e &agrave;s Policl&iacute;nicas do CBMDF:<\/strong><br \/>\n\tA) Planejar e coordenar a realiza&ccedil;&atilde;o das solenidades de interesse institucional.<br \/>\n\tB) Contribuir para preserva&ccedil;&atilde;o das tradi&ccedil;&otilde;es, da mem&oacute;ria e dos valores morais, culturais e hist&oacute;ricos da Corpora&ccedil;&atilde;o.<br \/>\n\tC) Cooperar com o Estado-Maior Geral na formula&ccedil;&atilde;o e no desenvolvimento da doutrina relativa &agrave; sua &aacute;rea de atua&ccedil;&atilde;o.<br \/>\n\tD) Integrar-se diretamente aos diversos &oacute;rg&atilde;os da Corpora&ccedil;&atilde;o para a troca de informa&ccedil;&otilde;es necess&aacute;rias ao desenvolvimento<br \/>\n\tdos estudos e projetos relativos &agrave; comunica&ccedil;&atilde;o social.<\/em>\n<\/p>\n<p style=\"text-align: justify\">\n\t<u>Coment&aacute;rio<\/u>:\n<\/p>\n<p align=\"JUSTIFY\" style=\"margin-bottom: 0cm;line-height: 100%\">\n\t<span style=\"font-size:12px\">De acordo com o art. 4&ordm; do Decreto DF n&ordm;31.817\/10, s&atilde;o compet&ecirc;ncias comuns aos Centros, &agrave; Academia de Bombeiro Militar e &agrave;s Policl&iacute;nicas do CBMDF:<\/span>\n<\/p>\n<ul>\n<li align=\"JUSTIFY\" style=\"margin-bottom: 0cm;line-height: 100%\">\n\t\t<span style=\"font-size:12px\">assessorar o comandante ou diretor do &oacute;rg&atilde;o de dire&ccedil;&atilde;o ao qual estejam subordinados;<\/span>\n\t<\/li>\n<li align=\"JUSTIFY\" style=\"margin-bottom: 0cm;line-height: 100%\">\n\t\t<span style=\"font-size:12px\">promover estudos e an&aacute;lises com vistas ao aprimoramento da gest&atilde;o de suas atividades e da legisla&ccedil;&atilde;o pertinente;<\/span>\n\t<\/li>\n<li align=\"JUSTIFY\" style=\"margin-bottom: 0cm;line-height: 100%\">\n\t\t<span style=\"font-size:12px\">expedir declara&ccedil;&otilde;es, certid&otilde;es e outros documentos espec&iacute;ficos de sua compet&ecirc;ncia;<\/span>\n\t<\/li>\n<li align=\"JUSTIFY\" style=\"margin-bottom: 0cm;line-height: 100%\">\n\t\t<span style=\"font-size:12px\">colaborar com o Estado-Maior Geral no estabelecimento de indicadores de qualidade e produtividade, tanto dos recursos humanos e materiais empregados, quanto dos processos;<\/span>\n\t<\/li>\n<li align=\"JUSTIFY\" style=\"margin-bottom: 0cm;line-height: 100%\">\n\t\t<span style=\"font-size:12px\"><span style=\"color:#0000FF\"><strong>cooperar com o Estado-Maior Geral na formula&ccedil;&atilde;o e no desenvolvimento da doutrina relativa &agrave; sua &aacute;rea de atua&ccedil;&atilde;o; &nbsp;&nbsp;<\/strong><\/span> <\/span>\n\t<\/li>\n<li align=\"JUSTIFY\" style=\"margin-bottom: 0cm;line-height: 100%\">\n\t\t<span style=\"font-size:12px\">exercer outras atividades que lhe forem conferidas.<\/span>\n\t<\/li>\n<\/ul>\n<p style=\"margin-bottom: 0cm;line-height: 100%\">\n\tGabarito: <strong>Letra &quot;C&quot;<\/strong>\n<\/p>\n<p style=\"text-align: justify\">\n\t<em><strong>60. De acordo com o Decreto Federal n&ordm; 7.163, de 29 de abril de 2010, ser&atilde;o dirigidos por coron&eacute;is ou tenentes-coron&eacute;is do QOBM\/Comb da ativa os seguintes &oacute;rg&atilde;os:<\/strong><br \/>\n\tA) Diretorias\/Departamentos. B) Ouvidoria\/Departamentos.&nbsp; C) Controladoria\/Corregedoria.&nbsp;&nbsp; D) Gabinete do Comandante Geral\/Auditoria.<\/em>\n<\/p>\n<p style=\"text-align: justify\">\n\t<u>Coment&aacute;rio<\/u>:&nbsp;\n<\/p>\n<p>\n\tDe acordo com o art.&nbsp;48 do Decreto n&ordm; 7.163\/2010. ser&atilde;o dirigidos por coron&eacute;is ou tenentes-coron&eacute;is do QOBM\/Comb da ativa os seguintes &oacute;rg&atilde;os:\n<\/p>\n<ul>\n<li>\n\t\t<span style=\"color:#0000FF\"><strong>Gabinete do Comandante-Geral<\/strong><\/span>;\n\t<\/li>\n<li>\n\t\tAjud&acirc;ncia-Geral;\n\t<\/li>\n<li>\n\t\t<span style=\"color:#0000FF\"><strong>Auditoria;<\/strong><\/span>\n\t<\/li>\n<li>\n\t\tCorregedoria;\n\t<\/li>\n<li>\n\t\tOuvidoria; e\n\t<\/li>\n<li>\n\t\tdiretorias.&nbsp;\n\t<\/li>\n<\/ul>\n<p>\n\tGabarito: <strong>Letra &quot;D&quot;<\/strong>\n<\/p>\n<p style=\"text-align: justify\">\n\tBom, &eacute; isso!\n<\/p>\n<p style=\"text-align: justify\">\n\tEspero ter ajudado!\n<\/p>\n<p style=\"text-align: justify\">\n\t<span style=\"color: #000000\">E se quiserem falar comigo, <strong>tirar d&uacute;vidas<\/strong> e ter <strong>acesso a dicas e conte&uacute;dos gratuitos<\/strong>, acesse nossas redes sociais:<\/span>\n<\/p>\n<p style=\"text-align: justify\">\n\t<span style=\"color: #0000ff\"><strong>Email: professormarcosgiraoestrategia@gmail.com<\/strong><\/span>\n<\/p>\n<p style=\"text-align: justify\">\n\t<strong><a href=\"https:\/\/www.facebook.com\/ProfMarcosGirao\">Fanpage do Prof. Marcos Gir&atilde;o<\/a><\/strong>\n<\/p>\n<p style=\"text-align: justify\">\n\t<strong><a href=\"https:\/\/www.youtube.com\/channel\/UCsjAzxopmLjgmxkeR1Lo6wQ\">Canal do Youtube &#8211; Prof. Marcos Gir&atilde;o<\/a><\/strong>\n<\/p>\n<p style=\"text-align: justify\">\n\t<strong><a href=\"http:\/\/www.periscope.tv\/profmarcosgirao\">Periscope &#8211; Prof. Marcos Gir&atilde;o<\/a><\/strong>\n<\/p>\n<p style=\"text-align: justify\">\n\t<span style=\"color: #3366ff\"><strong>Instagram: @profmarcosgirao<\/strong><\/span>\n<\/p>\n<p style=\"text-align: justify\">\n\t<span style=\"color: #000000\">Grande abra&ccedil;o e bons estudos!<\/span><\/p>\n","protected":false},"excerpt":{"rendered":"<p>Gabarito Legisla&ccedil;&atilde;o Pertinente ao CBMDF p\/ Aspirante a Oficial &#8211; Quadro Complementar [SEM RECURSO] Ol&aacute;, amigos! Para quem n&atilde;o me conhece ainda, meu nome &eacute; Marcos Gir&atilde;o e sou professor aqui do Estrat&eacute;gia Concursos, lecionando as Leis Penais Especiais e a Legisla&ccedil;&atilde;o Espec&iacute;fica para concursos P&uacute;blicos. Para o certame CBMDF 2017, fiquei respons&aacute;vel, junto ao [&hellip;]<\/p>\n","protected":false},"author":248,"featured_media":0,"comment_status":"open","ping_status":"open","sticky":false,"template":"","format":"standard","meta":{"post_tipo":"article","footnotes":""},"categories":[1],"tags":[1313,2443,1322],"tax_estado":[],"class_list":["post-64054","post","type-post","status-publish","format-standard","hentry","category-cursos-e-concursos","tag-cbmdf","tag-gbarito","tag-oficial"],"acf":[],"yoast_head":"<!-- This site is optimized with the Yoast SEO Premium plugin v27.2 (Yoast SEO v27.2) - https:\/\/yoast.com\/product\/yoast-seo-premium-wordpress\/ -->\n<title>Gabarito Legisla\u00e7\u00e3o Pertinente ao CBMDF p\/ Aspirante-a-Oficial - Quadro Complementar [SEM RECURSO]<\/title>\n<meta name=\"robots\" content=\"index, follow, max-snippet:-1, max-image-preview:large, max-video-preview:-1\" \/>\n<link rel=\"canonical\" href=\"https:\/\/www.estrategiaconcursos.com.br\/blog\/gabarito-legislacao-pertinente-ao-cbmdf-p-aspirante-oficial-quadro-complementar-sem-recurso\/\" \/>\n<meta property=\"og:locale\" content=\"pt_BR\" \/>\n<meta property=\"og:type\" content=\"article\" \/>\n<meta property=\"og:title\" content=\"Gabarito Legisla\u00e7\u00e3o Pertinente ao CBMDF p\/ Aspirante-a-Oficial - Quadro Complementar [SEM RECURSO]\" \/>\n<meta property=\"og:description\" content=\"Gabarito Legisla&ccedil;&atilde;o Pertinente ao CBMDF p\/ Aspirante a Oficial &#8211; Quadro Complementar [SEM RECURSO] Ol&aacute;, amigos! Para quem n&atilde;o me conhece ainda, meu nome &eacute; Marcos Gir&atilde;o e sou professor aqui do Estrat&eacute;gia Concursos, lecionando as Leis Penais Especiais e a Legisla&ccedil;&atilde;o Espec&iacute;fica para concursos P&uacute;blicos. Para o certame CBMDF 2017, fiquei respons&aacute;vel, junto ao [&hellip;]\" \/>\n<meta property=\"og:url\" content=\"https:\/\/www.estrategiaconcursos.com.br\/blog\/gabarito-legislacao-pertinente-ao-cbmdf-p-aspirante-oficial-quadro-complementar-sem-recurso\/\" \/>\n<meta property=\"og:site_name\" content=\"Estrat\u00e9gia Concursos\" \/>\n<meta property=\"article:published_time\" content=\"2017-02-07T13:09:19+00:00\" \/>\n<meta property=\"article:modified_time\" content=\"2017-02-07T13:20:05+00:00\" \/>\n<meta name=\"author\" content=\"Marcos Gir\u00e3o\" \/>\n<meta name=\"twitter:card\" content=\"summary_large_image\" \/>\n<meta name=\"twitter:creator\" content=\"@EstratConcursos\" \/>\n<meta name=\"twitter:site\" content=\"@EstratConcursos\" \/>\n<meta name=\"twitter:label1\" content=\"Escrito por\" \/>\n\t<meta name=\"twitter:data1\" content=\"Marcos Gir\u00e3o\" \/>\n\t<meta name=\"twitter:label2\" content=\"Est. tempo de leitura\" \/>\n\t<meta name=\"twitter:data2\" content=\"31 minutos\" \/>\n<script type=\"application\/ld+json\" class=\"yoast-schema-graph\">{\"@context\":\"https:\/\/schema.org\",\"@graph\":[{\"@type\":\"NewsArticle\",\"@id\":\"https:\/\/www.estrategiaconcursos.com.br\/blog\/gabarito-legislacao-pertinente-ao-cbmdf-p-aspirante-oficial-quadro-complementar-sem-recurso\/#article\",\"isPartOf\":{\"@id\":\"https:\/\/www.estrategiaconcursos.com.br\/blog\/gabarito-legislacao-pertinente-ao-cbmdf-p-aspirante-oficial-quadro-complementar-sem-recurso\/\"},\"author\":{\"name\":\"Marcos Gir\u00e3o\",\"@id\":\"https:\/\/www.estrategiaconcursos.com.br\/blog\/#\/schema\/person\/6be195b7a02a8ca214472b848686bb37\"},\"headline\":\"Gabarito Legisla\u00e7\u00e3o Pertinente ao CBMDF p\/ Aspirante-a-Oficial &#8211; Quadro Complementar [SEM RECURSO]\",\"datePublished\":\"2017-02-07T13:09:19+00:00\",\"dateModified\":\"2017-02-07T13:20:05+00:00\",\"mainEntityOfPage\":{\"@id\":\"https:\/\/www.estrategiaconcursos.com.br\/blog\/gabarito-legislacao-pertinente-ao-cbmdf-p-aspirante-oficial-quadro-complementar-sem-recurso\/\"},\"wordCount\":6118,\"commentCount\":2,\"publisher\":{\"@id\":\"https:\/\/www.estrategiaconcursos.com.br\/blog\/#organization\"},\"keywords\":[\"CBMDF\",\"gbarito\",\"oficial\"],\"articleSection\":[\"Concursos P\u00fablicos\"],\"inLanguage\":\"pt-BR\",\"potentialAction\":[{\"@type\":\"CommentAction\",\"name\":\"Comment\",\"target\":[\"https:\/\/www.estrategiaconcursos.com.br\/blog\/gabarito-legislacao-pertinente-ao-cbmdf-p-aspirante-oficial-quadro-complementar-sem-recurso\/#respond\"]}],\"copyrightYear\":\"2017\",\"copyrightHolder\":{\"@id\":\"https:\/\/www.estrategiaconcursos.com.br\/blog\/#organization\"}},{\"@type\":\"WebPage\",\"@id\":\"https:\/\/www.estrategiaconcursos.com.br\/blog\/gabarito-legislacao-pertinente-ao-cbmdf-p-aspirante-oficial-quadro-complementar-sem-recurso\/\",\"url\":\"https:\/\/www.estrategiaconcursos.com.br\/blog\/gabarito-legislacao-pertinente-ao-cbmdf-p-aspirante-oficial-quadro-complementar-sem-recurso\/\",\"name\":\"Gabarito Legisla\u00e7\u00e3o Pertinente ao CBMDF p\/ Aspirante-a-Oficial - Quadro Complementar [SEM RECURSO]\",\"isPartOf\":{\"@id\":\"https:\/\/www.estrategiaconcursos.com.br\/blog\/#website\"},\"datePublished\":\"2017-02-07T13:09:19+00:00\",\"dateModified\":\"2017-02-07T13:20:05+00:00\",\"breadcrumb\":{\"@id\":\"https:\/\/www.estrategiaconcursos.com.br\/blog\/gabarito-legislacao-pertinente-ao-cbmdf-p-aspirante-oficial-quadro-complementar-sem-recurso\/#breadcrumb\"},\"inLanguage\":\"pt-BR\",\"potentialAction\":[{\"@type\":\"ReadAction\",\"target\":[\"https:\/\/www.estrategiaconcursos.com.br\/blog\/gabarito-legislacao-pertinente-ao-cbmdf-p-aspirante-oficial-quadro-complementar-sem-recurso\/\"]}]},{\"@type\":\"BreadcrumbList\",\"@id\":\"https:\/\/www.estrategiaconcursos.com.br\/blog\/gabarito-legislacao-pertinente-ao-cbmdf-p-aspirante-oficial-quadro-complementar-sem-recurso\/#breadcrumb\",\"itemListElement\":[{\"@type\":\"ListItem\",\"position\":1,\"name\":\"In\u00edcio\",\"item\":\"https:\/\/www.estrategiaconcursos.com.br\/blog\/\"},{\"@type\":\"ListItem\",\"position\":2,\"name\":\"Gabarito Legisla\u00e7\u00e3o Pertinente ao CBMDF p\/ Aspirante-a-Oficial &#8211; Quadro Complementar [SEM RECURSO]\"}]},{\"@type\":\"WebSite\",\"@id\":\"https:\/\/www.estrategiaconcursos.com.br\/blog\/#website\",\"url\":\"https:\/\/www.estrategiaconcursos.com.br\/blog\/\",\"name\":\"Estrat\u00e9gia Concursos\",\"description\":\"O blog da Estrat\u00e9gia Concursos traz not\u00edcias sobre concursos e artigos de professores oferecendo cursos para concursos (pdf + videaulas) no site.\",\"publisher\":{\"@id\":\"https:\/\/www.estrategiaconcursos.com.br\/blog\/#organization\"},\"potentialAction\":[{\"@type\":\"SearchAction\",\"target\":{\"@type\":\"EntryPoint\",\"urlTemplate\":\"https:\/\/www.estrategiaconcursos.com.br\/blog\/?s={search_term_string}\"},\"query-input\":{\"@type\":\"PropertyValueSpecification\",\"valueRequired\":true,\"valueName\":\"search_term_string\"}}],\"inLanguage\":\"pt-BR\"},{\"@type\":\"Organization\",\"@id\":\"https:\/\/www.estrategiaconcursos.com.br\/blog\/#organization\",\"name\":\"Estrat\u00e9gia Concursos\",\"url\":\"https:\/\/www.estrategiaconcursos.com.br\/blog\/\",\"logo\":{\"@type\":\"ImageObject\",\"inLanguage\":\"pt-BR\",\"@id\":\"https:\/\/www.estrategiaconcursos.com.br\/blog\/#\/schema\/logo\/image\/\",\"url\":\"https:\/\/dhg1h5j42swfq.cloudfront.net\/2025\/06\/03203428\/logo_concursos-1.jpg\",\"contentUrl\":\"https:\/\/dhg1h5j42swfq.cloudfront.net\/2025\/06\/03203428\/logo_concursos-1.jpg\",\"width\":230,\"height\":60,\"caption\":\"Estrat\u00e9gia Concursos\"},\"image\":{\"@id\":\"https:\/\/www.estrategiaconcursos.com.br\/blog\/#\/schema\/logo\/image\/\"},\"sameAs\":[\"https:\/\/x.com\/EstratConcursos\"]},{\"@type\":\"Person\",\"@id\":\"https:\/\/www.estrategiaconcursos.com.br\/blog\/#\/schema\/person\/6be195b7a02a8ca214472b848686bb37\",\"name\":\"Marcos Gir\u00e3o\",\"image\":{\"@type\":\"ImageObject\",\"inLanguage\":\"pt-BR\",\"@id\":\"https:\/\/secure.gravatar.com\/avatar\/ac5b9a36e2c99a8280e07b5763e3b764471d5b861c47521bfd2edffdfbb06fbd?s=96&d=mm&r=g\",\"url\":\"https:\/\/secure.gravatar.com\/avatar\/ac5b9a36e2c99a8280e07b5763e3b764471d5b861c47521bfd2edffdfbb06fbd?s=96&d=mm&r=g\",\"contentUrl\":\"https:\/\/secure.gravatar.com\/avatar\/ac5b9a36e2c99a8280e07b5763e3b764471d5b861c47521bfd2edffdfbb06fbd?s=96&d=mm&r=g\",\"caption\":\"Marcos Gir\u00e3o\"},\"url\":\"https:\/\/www.estrategiaconcursos.com.br\/blog\/author\/marcosgiraoestrategiaconcursos-com-br\/\"}]}<\/script>\n<!-- \/ Yoast SEO Premium plugin. -->","yoast_head_json":{"title":"Gabarito Legisla\u00e7\u00e3o Pertinente ao CBMDF p\/ Aspirante-a-Oficial - Quadro Complementar [SEM RECURSO]","robots":{"index":"index","follow":"follow","max-snippet":"max-snippet:-1","max-image-preview":"max-image-preview:large","max-video-preview":"max-video-preview:-1"},"canonical":"https:\/\/www.estrategiaconcursos.com.br\/blog\/gabarito-legislacao-pertinente-ao-cbmdf-p-aspirante-oficial-quadro-complementar-sem-recurso\/","og_locale":"pt_BR","og_type":"article","og_title":"Gabarito Legisla\u00e7\u00e3o Pertinente ao CBMDF p\/ Aspirante-a-Oficial - Quadro Complementar [SEM RECURSO]","og_description":"Gabarito Legisla&ccedil;&atilde;o Pertinente ao CBMDF p\/ Aspirante a Oficial &#8211; Quadro Complementar [SEM RECURSO] Ol&aacute;, amigos! Para quem n&atilde;o me conhece ainda, meu nome &eacute; Marcos Gir&atilde;o e sou professor aqui do Estrat&eacute;gia Concursos, lecionando as Leis Penais Especiais e a Legisla&ccedil;&atilde;o Espec&iacute;fica para concursos P&uacute;blicos. Para o certame CBMDF 2017, fiquei respons&aacute;vel, junto ao [&hellip;]","og_url":"https:\/\/www.estrategiaconcursos.com.br\/blog\/gabarito-legislacao-pertinente-ao-cbmdf-p-aspirante-oficial-quadro-complementar-sem-recurso\/","og_site_name":"Estrat\u00e9gia Concursos","article_published_time":"2017-02-07T13:09:19+00:00","article_modified_time":"2017-02-07T13:20:05+00:00","author":"Marcos Gir\u00e3o","twitter_card":"summary_large_image","twitter_creator":"@EstratConcursos","twitter_site":"@EstratConcursos","twitter_misc":{"Escrito por":"Marcos Gir\u00e3o","Est. tempo de leitura":"31 minutos"},"schema":{"@context":"https:\/\/schema.org","@graph":[{"@type":"NewsArticle","@id":"https:\/\/www.estrategiaconcursos.com.br\/blog\/gabarito-legislacao-pertinente-ao-cbmdf-p-aspirante-oficial-quadro-complementar-sem-recurso\/#article","isPartOf":{"@id":"https:\/\/www.estrategiaconcursos.com.br\/blog\/gabarito-legislacao-pertinente-ao-cbmdf-p-aspirante-oficial-quadro-complementar-sem-recurso\/"},"author":{"name":"Marcos Gir\u00e3o","@id":"https:\/\/www.estrategiaconcursos.com.br\/blog\/#\/schema\/person\/6be195b7a02a8ca214472b848686bb37"},"headline":"Gabarito Legisla\u00e7\u00e3o Pertinente ao CBMDF p\/ Aspirante-a-Oficial &#8211; Quadro Complementar [SEM RECURSO]","datePublished":"2017-02-07T13:09:19+00:00","dateModified":"2017-02-07T13:20:05+00:00","mainEntityOfPage":{"@id":"https:\/\/www.estrategiaconcursos.com.br\/blog\/gabarito-legislacao-pertinente-ao-cbmdf-p-aspirante-oficial-quadro-complementar-sem-recurso\/"},"wordCount":6118,"commentCount":2,"publisher":{"@id":"https:\/\/www.estrategiaconcursos.com.br\/blog\/#organization"},"keywords":["CBMDF","gbarito","oficial"],"articleSection":["Concursos P\u00fablicos"],"inLanguage":"pt-BR","potentialAction":[{"@type":"CommentAction","name":"Comment","target":["https:\/\/www.estrategiaconcursos.com.br\/blog\/gabarito-legislacao-pertinente-ao-cbmdf-p-aspirante-oficial-quadro-complementar-sem-recurso\/#respond"]}],"copyrightYear":"2017","copyrightHolder":{"@id":"https:\/\/www.estrategiaconcursos.com.br\/blog\/#organization"}},{"@type":"WebPage","@id":"https:\/\/www.estrategiaconcursos.com.br\/blog\/gabarito-legislacao-pertinente-ao-cbmdf-p-aspirante-oficial-quadro-complementar-sem-recurso\/","url":"https:\/\/www.estrategiaconcursos.com.br\/blog\/gabarito-legislacao-pertinente-ao-cbmdf-p-aspirante-oficial-quadro-complementar-sem-recurso\/","name":"Gabarito Legisla\u00e7\u00e3o Pertinente ao CBMDF p\/ Aspirante-a-Oficial - Quadro Complementar [SEM RECURSO]","isPartOf":{"@id":"https:\/\/www.estrategiaconcursos.com.br\/blog\/#website"},"datePublished":"2017-02-07T13:09:19+00:00","dateModified":"2017-02-07T13:20:05+00:00","breadcrumb":{"@id":"https:\/\/www.estrategiaconcursos.com.br\/blog\/gabarito-legislacao-pertinente-ao-cbmdf-p-aspirante-oficial-quadro-complementar-sem-recurso\/#breadcrumb"},"inLanguage":"pt-BR","potentialAction":[{"@type":"ReadAction","target":["https:\/\/www.estrategiaconcursos.com.br\/blog\/gabarito-legislacao-pertinente-ao-cbmdf-p-aspirante-oficial-quadro-complementar-sem-recurso\/"]}]},{"@type":"BreadcrumbList","@id":"https:\/\/www.estrategiaconcursos.com.br\/blog\/gabarito-legislacao-pertinente-ao-cbmdf-p-aspirante-oficial-quadro-complementar-sem-recurso\/#breadcrumb","itemListElement":[{"@type":"ListItem","position":1,"name":"In\u00edcio","item":"https:\/\/www.estrategiaconcursos.com.br\/blog\/"},{"@type":"ListItem","position":2,"name":"Gabarito Legisla\u00e7\u00e3o Pertinente ao CBMDF p\/ Aspirante-a-Oficial &#8211; Quadro Complementar [SEM RECURSO]"}]},{"@type":"WebSite","@id":"https:\/\/www.estrategiaconcursos.com.br\/blog\/#website","url":"https:\/\/www.estrategiaconcursos.com.br\/blog\/","name":"Estrat\u00e9gia Concursos","description":"O blog da Estrat\u00e9gia Concursos traz not\u00edcias sobre concursos e artigos de professores oferecendo cursos para concursos (pdf + videaulas) no site.","publisher":{"@id":"https:\/\/www.estrategiaconcursos.com.br\/blog\/#organization"},"potentialAction":[{"@type":"SearchAction","target":{"@type":"EntryPoint","urlTemplate":"https:\/\/www.estrategiaconcursos.com.br\/blog\/?s={search_term_string}"},"query-input":{"@type":"PropertyValueSpecification","valueRequired":true,"valueName":"search_term_string"}}],"inLanguage":"pt-BR"},{"@type":"Organization","@id":"https:\/\/www.estrategiaconcursos.com.br\/blog\/#organization","name":"Estrat\u00e9gia Concursos","url":"https:\/\/www.estrategiaconcursos.com.br\/blog\/","logo":{"@type":"ImageObject","inLanguage":"pt-BR","@id":"https:\/\/www.estrategiaconcursos.com.br\/blog\/#\/schema\/logo\/image\/","url":"https:\/\/dhg1h5j42swfq.cloudfront.net\/2025\/06\/03203428\/logo_concursos-1.jpg","contentUrl":"https:\/\/dhg1h5j42swfq.cloudfront.net\/2025\/06\/03203428\/logo_concursos-1.jpg","width":230,"height":60,"caption":"Estrat\u00e9gia Concursos"},"image":{"@id":"https:\/\/www.estrategiaconcursos.com.br\/blog\/#\/schema\/logo\/image\/"},"sameAs":["https:\/\/x.com\/EstratConcursos"]},{"@type":"Person","@id":"https:\/\/www.estrategiaconcursos.com.br\/blog\/#\/schema\/person\/6be195b7a02a8ca214472b848686bb37","name":"Marcos Gir\u00e3o","image":{"@type":"ImageObject","inLanguage":"pt-BR","@id":"https:\/\/secure.gravatar.com\/avatar\/ac5b9a36e2c99a8280e07b5763e3b764471d5b861c47521bfd2edffdfbb06fbd?s=96&d=mm&r=g","url":"https:\/\/secure.gravatar.com\/avatar\/ac5b9a36e2c99a8280e07b5763e3b764471d5b861c47521bfd2edffdfbb06fbd?s=96&d=mm&r=g","contentUrl":"https:\/\/secure.gravatar.com\/avatar\/ac5b9a36e2c99a8280e07b5763e3b764471d5b861c47521bfd2edffdfbb06fbd?s=96&d=mm&r=g","caption":"Marcos Gir\u00e3o"},"url":"https:\/\/www.estrategiaconcursos.com.br\/blog\/author\/marcosgiraoestrategiaconcursos-com-br\/"}]}},"_links":{"self":[{"href":"https:\/\/www.estrategiaconcursos.com.br\/blog\/wp-json\/wp\/v2\/posts\/64054","targetHints":{"allow":["GET"]}}],"collection":[{"href":"https:\/\/www.estrategiaconcursos.com.br\/blog\/wp-json\/wp\/v2\/posts"}],"about":[{"href":"https:\/\/www.estrategiaconcursos.com.br\/blog\/wp-json\/wp\/v2\/types\/post"}],"author":[{"embeddable":true,"href":"https:\/\/www.estrategiaconcursos.com.br\/blog\/wp-json\/wp\/v2\/users\/248"}],"replies":[{"embeddable":true,"href":"https:\/\/www.estrategiaconcursos.com.br\/blog\/wp-json\/wp\/v2\/comments?post=64054"}],"version-history":[{"count":22,"href":"https:\/\/www.estrategiaconcursos.com.br\/blog\/wp-json\/wp\/v2\/posts\/64054\/revisions"}],"predecessor-version":[{"id":64119,"href":"https:\/\/www.estrategiaconcursos.com.br\/blog\/wp-json\/wp\/v2\/posts\/64054\/revisions\/64119"}],"wp:attachment":[{"href":"https:\/\/www.estrategiaconcursos.com.br\/blog\/wp-json\/wp\/v2\/media?parent=64054"}],"wp:term":[{"taxonomy":"category","embeddable":true,"href":"https:\/\/www.estrategiaconcursos.com.br\/blog\/wp-json\/wp\/v2\/categories?post=64054"},{"taxonomy":"post_tag","embeddable":true,"href":"https:\/\/www.estrategiaconcursos.com.br\/blog\/wp-json\/wp\/v2\/tags?post=64054"},{"taxonomy":"tax_estado","embeddable":true,"href":"https:\/\/www.estrategiaconcursos.com.br\/blog\/wp-json\/wp\/v2\/tax_estado?post=64054"}],"curies":[{"name":"wp","href":"https:\/\/api.w.org\/{rel}","templated":true}]}}