{"id":64051,"date":"2017-02-11T23:01:32","date_gmt":"2017-02-12T02:01:32","guid":{"rendered":"https:\/\/www.estrategiaconcursos.com.br\/blog\/?p=64051"},"modified":"2022-10-24T17:44:48","modified_gmt":"2022-10-24T20:44:48","slug":"edital-para-o-concurso-bombeiros-rn-e-publicado-confira","status":"publish","type":"post","link":"https:\/\/www.estrategiaconcursos.com.br\/blog\/edital-para-o-concurso-bombeiros-rn-e-publicado-confira\/","title":{"rendered":"Concurso Bombeiro RN: edital \u00e9 publicado. Confira nosso aul\u00e3o!"},"content":{"rendered":"<h2><strong><span style=\"color: #000000;\">Concurso Bombeiro\u00a0RN: edital \u00e9 publicado. Saiba mais!<\/span><\/strong><\/h2>\n<p style=\"text-align: justify;\"><img loading=\"lazy\" decoding=\"async\" class=\"size-medium wp-image-63141 alignleft\" title=\"\" src=\"https:\/\/dhg1h5j42swfq.cloudfront.net\/2017\/01\/28061909\/Adinoel-bombeiro-foto-04.jpg\" alt=\"\" width=\"300\" height=\"200\" srcset=\"https:\/\/dhg1h5j42swfq.cloudfront.net\/2017\/01\/28061909\/Adinoel-bombeiro-foto-04.jpg 1000w, https:\/\/dhg1h5j42swfq.cloudfront.net\/2017\/01\/28061909\/Adinoel-bombeiro-foto-04.jpg 300w, https:\/\/dhg1h5j42swfq.cloudfront.net\/2017\/01\/28061909\/Adinoel-bombeiro-foto-04.jpg 768w, https:\/\/dhg1h5j42swfq.cloudfront.net\/2017\/01\/28061909\/Adinoel-bombeiro-foto-04.jpg 450w\" sizes=\"auto, (max-width: 300px) 100vw, 300px\" \/><span style=\"color: #000000;\">O Corpo de Bombeiro\u00a0do Rio Grande do Norte publicou nesta \u00faltima ter\u00e7a-feira (7), no Di\u00e1rio Oficial do Estado, o <a href=\"https:\/\/idecan.s3.amazonaws.com\/concursos\/184\/1_06022017232811.pdf\" target=\"_blank\" rel=\"noopener\">edital <\/a>para o pr\u00f3ximo concurso da corpora\u00e7\u00e3o. S\u00e3o oferecidas 70 vagas para quem deseja ingressar na carreira de soldado. A remunera\u00e7\u00e3o inicial \u00e9 de R$ 2.904, mas pode chegar a R$ 9.472,65, de acordo com a legisla\u00e7\u00e3o \u00e0s promo\u00e7\u00f5es referentes ao quadro de pra\u00e7as. O cargo ainda conta com assist\u00eancia m\u00e9dica e odontol\u00f3gica, incluindo filhos e companheiros.\u00a0<\/span><\/p>\n<p style=\"text-align: justify;\"><span style=\"color: #000000;\">De acordo com o edital, os interessados devem ter conclu\u00eddo o 2\u00ba grau;\u00a0ter, no m\u00ednimo, 19 anos e, no m\u00e1ximo, 30; altura de 1,65m para homens, e 1,60 para mulheres;\u00a0\u00a0estar quite com as obriga\u00e7\u00f5es militares; ter carteira de habilita\u00e7\u00e3o na categoria \u201cB\u201d; e apresentar conduta p\u00fablica e privada.<\/span><\/p>\n<p style=\"text-align: justify;\"><span style=\"color: #000000;\">O concurso para Bombeiros\u00a0ser\u00e1 composto por seis etapas:\u00a0prova escrita objetiva,\u00a0avalia\u00e7\u00e3o m\u00e9dica e odontol\u00f3gica,\u00a0avalia\u00e7\u00e3o de condicionamento f\u00edsico,\u00a0avalia\u00e7\u00e3o psicol\u00f3gica, investiga\u00e7\u00e3o social e da vida pregressa e\u00a0\u00a0curso de forma\u00e7\u00e3o de Pra\u00e7as Bombeiro Militar (CFP\/BM\/).<\/span><\/p>\n<p style=\"text-align: justify;\"><span style=\"color: #000000;\">A banca organizadora ficou a cargo do Instituto de Desenvolvimento Educacional, Cultural e Assist\u00eancia Nacional (Idecan). As inscri\u00e7\u00f5es come\u00e7am no dia 24 de fevereiro e \u00a0seguem at\u00e9 o dia 17 de abril. A taxa \u00e9 de R$ 80 e deve ser paga at\u00e9 o dia 18 de abril. A primeira etapa do certame, constitu\u00edda de prova objetiva, est\u00e1 prevista para o dia 21 de maio e ser\u00e1 aplicada em Natal, Mossor\u00f3 e Caic\u00f3. O objetivo \u00e9 que toda a sele\u00e7\u00e3o seja conclu\u00edda ainda em 2017. \u00a0<\/span><\/p>\n<p style=\"text-align: justify;\"><span style=\"color: #000000;\">Antes, a profiss\u00e3o que era conhecida apenas por combater inc\u00eandios, hoje, atua na \u00e1rea da prote\u00e7\u00e3o civil com a preserva\u00e7\u00e3o do patrim\u00f4nio socioambiental amea\u00e7ado de destrui\u00e7\u00e3o, salvamentos terrestres, aqu\u00e1ticos e em altura, al\u00e9m de prestar os primeiros socorros em diversas ocasi\u00f5es.<\/span><\/p>\n<p><span style=\"color: #000000;\"><strong>O Estrat\u00e9gia Concursos j\u00e1 lan\u00e7ou cursos\u00a0\u00a0para este concurso:<\/strong><\/span><\/p>\n<p style=\"text-align: center;\"><strong><a href=\"https:\/\/www.estrategiaconcursos.com.br\/cursosPorConcurso\/bombeiros-rn\/\" target=\"_blank\" rel=\"noopener\">CURSOS BOMBEIROS RN<\/a><\/strong><\/p>\n<p><span style=\"color: #000000;\">Rafaella Feliciano<\/span><\/p>\n<p><span style=\"color: #000000;\">comunicacao@estrategiaconcursos.com.br\u00a0<\/span><\/p>\n","protected":false},"excerpt":{"rendered":"<p>Concurso Bombeiro\u00a0RN: edital \u00e9 publicado. Saiba mais! O Corpo de Bombeiro\u00a0do Rio Grande do Norte publicou nesta \u00faltima ter\u00e7a-feira (7), no Di\u00e1rio Oficial do Estado, o edital para o pr\u00f3ximo concurso da corpora\u00e7\u00e3o. S\u00e3o oferecidas 70 vagas para quem deseja ingressar na carreira de soldado. A remunera\u00e7\u00e3o inicial \u00e9 de R$ 2.904, mas pode chegar [&hellip;]<\/p>\n","protected":false},"author":1,"featured_media":0,"comment_status":"open","ping_status":"open","sticky":false,"template":"","format":"standard","meta":{"post_tipo":"news","footnotes":""},"categories":[1],"tags":[],"tax_estado":[219983],"class_list":["post-64051","post","type-post","status-publish","format-standard","hentry","category-cursos-e-concursos","tax_estado-rn"],"acf":[],"yoast_head":"<!-- This site is optimized with the Yoast SEO Premium plugin v27.2 (Yoast SEO v27.2) - https:\/\/yoast.com\/product\/yoast-seo-premium-wordpress\/ -->\n<title>Concurso Bombeiro RN: edital \u00e9 publicado. Confira nosso aul\u00e3o!<\/title>\n<meta name=\"description\" content=\"O Corpo de Bombeiros do Rio Grande do Norte publicou nesta ter\u00e7a-feira (7), no Di\u00e1rio Oficial do Estado, o edital para o pr\u00f3ximo concurso da corpora\u00e7\u00e3o.\" \/>\n<meta name=\"robots\" content=\"index, follow, max-snippet:-1, max-image-preview:large, max-video-preview:-1\" \/>\n<link rel=\"canonical\" href=\"https:\/\/www.estrategiaconcursos.com.br\/blog\/edital-para-o-concurso-bombeiros-rn-e-publicado-confira\/\" \/>\n<meta property=\"og:locale\" content=\"pt_BR\" \/>\n<meta property=\"og:type\" content=\"article\" \/>\n<meta property=\"og:title\" content=\"Concurso Bombeiro RN: edital \u00e9 publicado. Confira nosso aul\u00e3o!\" \/>\n<meta property=\"og:description\" content=\"O Corpo de Bombeiros do Rio Grande do Norte publicou nesta ter\u00e7a-feira (7), no Di\u00e1rio Oficial do Estado, o edital para o pr\u00f3ximo concurso da corpora\u00e7\u00e3o.\" \/>\n<meta property=\"og:url\" content=\"https:\/\/www.estrategiaconcursos.com.br\/blog\/edital-para-o-concurso-bombeiros-rn-e-publicado-confira\/\" \/>\n<meta property=\"og:site_name\" content=\"Estrat\u00e9gia Concursos\" \/>\n<meta property=\"article:author\" content=\"https:\/\/www.facebook.com\/EstrategiaConcursos\" \/>\n<meta property=\"article:published_time\" content=\"2017-02-12T02:01:32+00:00\" \/>\n<meta property=\"article:modified_time\" content=\"2022-10-24T20:44:48+00:00\" \/>\n<meta property=\"og:image\" content=\"https:\/\/www.estrategiaconcursos.com.br\/blog\/wp-content\/uploads\/2017\/01\/Adinoel-bombeiro-foto-04.jpg\" \/>\n<meta name=\"author\" content=\"Coordena\u00e7\u00e3o\" \/>\n<meta name=\"twitter:card\" content=\"summary_large_image\" \/>\n<meta name=\"twitter:creator\" content=\"@EstratConcursos\" \/>\n<meta name=\"twitter:site\" content=\"@EstratConcursos\" \/>\n<meta name=\"twitter:label1\" content=\"Escrito por\" \/>\n\t<meta name=\"twitter:data1\" content=\"Coordena\u00e7\u00e3o\" \/>\n\t<meta name=\"twitter:label2\" content=\"Est. tempo de leitura\" \/>\n\t<meta name=\"twitter:data2\" content=\"2 minutos\" \/>\n<script type=\"application\/ld+json\" class=\"yoast-schema-graph\">{\"@context\":\"https:\/\/schema.org\",\"@graph\":[{\"@type\":\"NewsArticle\",\"@id\":\"https:\/\/www.estrategiaconcursos.com.br\/blog\/edital-para-o-concurso-bombeiros-rn-e-publicado-confira\/#article\",\"isPartOf\":{\"@id\":\"https:\/\/www.estrategiaconcursos.com.br\/blog\/edital-para-o-concurso-bombeiros-rn-e-publicado-confira\/\"},\"author\":{\"name\":\"Coordena\u00e7\u00e3o\",\"@id\":\"https:\/\/www.estrategiaconcursos.com.br\/blog\/#\/schema\/person\/b4a388c97673c5f483d72185668afa1f\"},\"headline\":\"Concurso Bombeiro RN: edital \u00e9 publicado. Confira nosso aul\u00e3o!\",\"datePublished\":\"2017-02-12T02:01:32+00:00\",\"dateModified\":\"2022-10-24T20:44:48+00:00\",\"mainEntityOfPage\":{\"@id\":\"https:\/\/www.estrategiaconcursos.com.br\/blog\/edital-para-o-concurso-bombeiros-rn-e-publicado-confira\/\"},\"wordCount\":354,\"commentCount\":0,\"publisher\":{\"@id\":\"https:\/\/www.estrategiaconcursos.com.br\/blog\/#organization\"},\"image\":{\"@id\":\"https:\/\/www.estrategiaconcursos.com.br\/blog\/edital-para-o-concurso-bombeiros-rn-e-publicado-confira\/#primaryimage\"},\"thumbnailUrl\":\"https:\/\/www.estrategiaconcursos.com.br\/blog\/wp-content\/uploads\/2017\/01\/Adinoel-bombeiro-foto-04.jpg\",\"articleSection\":[\"Concursos P\u00fablicos\"],\"inLanguage\":\"pt-BR\",\"potentialAction\":[{\"@type\":\"CommentAction\",\"name\":\"Comment\",\"target\":[\"https:\/\/www.estrategiaconcursos.com.br\/blog\/edital-para-o-concurso-bombeiros-rn-e-publicado-confira\/#respond\"]}],\"copyrightYear\":\"2017\",\"copyrightHolder\":{\"@id\":\"https:\/\/www.estrategiaconcursos.com.br\/blog\/#organization\"}},{\"@type\":\"WebPage\",\"@id\":\"https:\/\/www.estrategiaconcursos.com.br\/blog\/edital-para-o-concurso-bombeiros-rn-e-publicado-confira\/\",\"url\":\"https:\/\/www.estrategiaconcursos.com.br\/blog\/edital-para-o-concurso-bombeiros-rn-e-publicado-confira\/\",\"name\":\"Concurso Bombeiro RN: edital \u00e9 publicado. Confira nosso aul\u00e3o!\",\"isPartOf\":{\"@id\":\"https:\/\/www.estrategiaconcursos.com.br\/blog\/#website\"},\"primaryImageOfPage\":{\"@id\":\"https:\/\/www.estrategiaconcursos.com.br\/blog\/edital-para-o-concurso-bombeiros-rn-e-publicado-confira\/#primaryimage\"},\"image\":{\"@id\":\"https:\/\/www.estrategiaconcursos.com.br\/blog\/edital-para-o-concurso-bombeiros-rn-e-publicado-confira\/#primaryimage\"},\"thumbnailUrl\":\"https:\/\/www.estrategiaconcursos.com.br\/blog\/wp-content\/uploads\/2017\/01\/Adinoel-bombeiro-foto-04.jpg\",\"datePublished\":\"2017-02-12T02:01:32+00:00\",\"dateModified\":\"2022-10-24T20:44:48+00:00\",\"description\":\"O Corpo de Bombeiros do Rio Grande do Norte publicou nesta ter\u00e7a-feira (7), no Di\u00e1rio Oficial do Estado, o edital para o pr\u00f3ximo concurso da corpora\u00e7\u00e3o.\",\"breadcrumb\":{\"@id\":\"https:\/\/www.estrategiaconcursos.com.br\/blog\/edital-para-o-concurso-bombeiros-rn-e-publicado-confira\/#breadcrumb\"},\"inLanguage\":\"pt-BR\",\"potentialAction\":[{\"@type\":\"ReadAction\",\"target\":[\"https:\/\/www.estrategiaconcursos.com.br\/blog\/edital-para-o-concurso-bombeiros-rn-e-publicado-confira\/\"]}]},{\"@type\":\"ImageObject\",\"inLanguage\":\"pt-BR\",\"@id\":\"https:\/\/www.estrategiaconcursos.com.br\/blog\/edital-para-o-concurso-bombeiros-rn-e-publicado-confira\/#primaryimage\",\"url\":\"https:\/\/dhg1h5j42swfq.cloudfront.net\/2017\/01\/28061909\/Adinoel-bombeiro-foto-04.jpg\",\"contentUrl\":\"https:\/\/dhg1h5j42swfq.cloudfront.net\/2017\/01\/28061909\/Adinoel-bombeiro-foto-04.jpg\",\"width\":1000,\"height\":667},{\"@type\":\"BreadcrumbList\",\"@id\":\"https:\/\/www.estrategiaconcursos.com.br\/blog\/edital-para-o-concurso-bombeiros-rn-e-publicado-confira\/#breadcrumb\",\"itemListElement\":[{\"@type\":\"ListItem\",\"position\":1,\"name\":\"In\u00edcio\",\"item\":\"https:\/\/www.estrategiaconcursos.com.br\/blog\/\"},{\"@type\":\"ListItem\",\"position\":2,\"name\":\"Concurso Bombeiro RN: edital \u00e9 publicado. Confira nosso aul\u00e3o!\"}]},{\"@type\":\"WebSite\",\"@id\":\"https:\/\/www.estrategiaconcursos.com.br\/blog\/#website\",\"url\":\"https:\/\/www.estrategiaconcursos.com.br\/blog\/\",\"name\":\"Estrat\u00e9gia Concursos\",\"description\":\"O blog da Estrat\u00e9gia Concursos traz not\u00edcias sobre concursos e artigos de professores oferecendo cursos para concursos (pdf + videaulas) no site.\",\"publisher\":{\"@id\":\"https:\/\/www.estrategiaconcursos.com.br\/blog\/#organization\"},\"potentialAction\":[{\"@type\":\"SearchAction\",\"target\":{\"@type\":\"EntryPoint\",\"urlTemplate\":\"https:\/\/www.estrategiaconcursos.com.br\/blog\/?s={search_term_string}\"},\"query-input\":{\"@type\":\"PropertyValueSpecification\",\"valueRequired\":true,\"valueName\":\"search_term_string\"}}],\"inLanguage\":\"pt-BR\"},{\"@type\":\"Organization\",\"@id\":\"https:\/\/www.estrategiaconcursos.com.br\/blog\/#organization\",\"name\":\"Estrat\u00e9gia Concursos\",\"url\":\"https:\/\/www.estrategiaconcursos.com.br\/blog\/\",\"logo\":{\"@type\":\"ImageObject\",\"inLanguage\":\"pt-BR\",\"@id\":\"https:\/\/www.estrategiaconcursos.com.br\/blog\/#\/schema\/logo\/image\/\",\"url\":\"https:\/\/dhg1h5j42swfq.cloudfront.net\/2025\/06\/03203428\/logo_concursos-1.jpg\",\"contentUrl\":\"https:\/\/dhg1h5j42swfq.cloudfront.net\/2025\/06\/03203428\/logo_concursos-1.jpg\",\"width\":230,\"height\":60,\"caption\":\"Estrat\u00e9gia Concursos\"},\"image\":{\"@id\":\"https:\/\/www.estrategiaconcursos.com.br\/blog\/#\/schema\/logo\/image\/\"},\"sameAs\":[\"https:\/\/x.com\/EstratConcursos\"]},{\"@type\":\"Person\",\"@id\":\"https:\/\/www.estrategiaconcursos.com.br\/blog\/#\/schema\/person\/b4a388c97673c5f483d72185668afa1f\",\"name\":\"Coordena\u00e7\u00e3o\",\"image\":{\"@type\":\"ImageObject\",\"inLanguage\":\"pt-BR\",\"@id\":\"https:\/\/secure.gravatar.com\/avatar\/b720319e4c9a967eb58678d110f4fe35452fc5d5f97b202bac7b8acceb18c6ad?s=96&d=mm&r=g\",\"url\":\"https:\/\/secure.gravatar.com\/avatar\/b720319e4c9a967eb58678d110f4fe35452fc5d5f97b202bac7b8acceb18c6ad?s=96&d=mm&r=g\",\"contentUrl\":\"https:\/\/secure.gravatar.com\/avatar\/b720319e4c9a967eb58678d110f4fe35452fc5d5f97b202bac7b8acceb18c6ad?s=96&d=mm&r=g\",\"caption\":\"Coordena\u00e7\u00e3o\"},\"sameAs\":[\"https:\/\/www.facebook.com\/EstrategiaConcursos\",\"https:\/\/x.com\/EstratConcursos\"],\"url\":\"https:\/\/www.estrategiaconcursos.com.br\/blog\/author\/estrategia2013\/\"}]}<\/script>\n<!-- \/ Yoast SEO Premium plugin. -->","yoast_head_json":{"title":"Concurso Bombeiro RN: edital \u00e9 publicado. Confira nosso aul\u00e3o!","description":"O Corpo de Bombeiros do Rio Grande do Norte publicou nesta ter\u00e7a-feira (7), no Di\u00e1rio Oficial do Estado, o edital para o pr\u00f3ximo concurso da corpora\u00e7\u00e3o.","robots":{"index":"index","follow":"follow","max-snippet":"max-snippet:-1","max-image-preview":"max-image-preview:large","max-video-preview":"max-video-preview:-1"},"canonical":"https:\/\/www.estrategiaconcursos.com.br\/blog\/edital-para-o-concurso-bombeiros-rn-e-publicado-confira\/","og_locale":"pt_BR","og_type":"article","og_title":"Concurso Bombeiro RN: edital \u00e9 publicado. Confira nosso aul\u00e3o!","og_description":"O Corpo de Bombeiros do Rio Grande do Norte publicou nesta ter\u00e7a-feira (7), no Di\u00e1rio Oficial do Estado, o edital para o pr\u00f3ximo concurso da corpora\u00e7\u00e3o.","og_url":"https:\/\/www.estrategiaconcursos.com.br\/blog\/edital-para-o-concurso-bombeiros-rn-e-publicado-confira\/","og_site_name":"Estrat\u00e9gia Concursos","article_author":"https:\/\/www.facebook.com\/EstrategiaConcursos","article_published_time":"2017-02-12T02:01:32+00:00","article_modified_time":"2022-10-24T20:44:48+00:00","og_image":[{"url":"https:\/\/www.estrategiaconcursos.com.br\/blog\/wp-content\/uploads\/2017\/01\/Adinoel-bombeiro-foto-04.jpg","type":"","width":"","height":""}],"author":"Coordena\u00e7\u00e3o","twitter_card":"summary_large_image","twitter_creator":"@EstratConcursos","twitter_site":"@EstratConcursos","twitter_misc":{"Escrito por":"Coordena\u00e7\u00e3o","Est. tempo de leitura":"2 minutos"},"schema":{"@context":"https:\/\/schema.org","@graph":[{"@type":"NewsArticle","@id":"https:\/\/www.estrategiaconcursos.com.br\/blog\/edital-para-o-concurso-bombeiros-rn-e-publicado-confira\/#article","isPartOf":{"@id":"https:\/\/www.estrategiaconcursos.com.br\/blog\/edital-para-o-concurso-bombeiros-rn-e-publicado-confira\/"},"author":{"name":"Coordena\u00e7\u00e3o","@id":"https:\/\/www.estrategiaconcursos.com.br\/blog\/#\/schema\/person\/b4a388c97673c5f483d72185668afa1f"},"headline":"Concurso Bombeiro RN: edital \u00e9 publicado. Confira nosso aul\u00e3o!","datePublished":"2017-02-12T02:01:32+00:00","dateModified":"2022-10-24T20:44:48+00:00","mainEntityOfPage":{"@id":"https:\/\/www.estrategiaconcursos.com.br\/blog\/edital-para-o-concurso-bombeiros-rn-e-publicado-confira\/"},"wordCount":354,"commentCount":0,"publisher":{"@id":"https:\/\/www.estrategiaconcursos.com.br\/blog\/#organization"},"image":{"@id":"https:\/\/www.estrategiaconcursos.com.br\/blog\/edital-para-o-concurso-bombeiros-rn-e-publicado-confira\/#primaryimage"},"thumbnailUrl":"https:\/\/www.estrategiaconcursos.com.br\/blog\/wp-content\/uploads\/2017\/01\/Adinoel-bombeiro-foto-04.jpg","articleSection":["Concursos P\u00fablicos"],"inLanguage":"pt-BR","potentialAction":[{"@type":"CommentAction","name":"Comment","target":["https:\/\/www.estrategiaconcursos.com.br\/blog\/edital-para-o-concurso-bombeiros-rn-e-publicado-confira\/#respond"]}],"copyrightYear":"2017","copyrightHolder":{"@id":"https:\/\/www.estrategiaconcursos.com.br\/blog\/#organization"}},{"@type":"WebPage","@id":"https:\/\/www.estrategiaconcursos.com.br\/blog\/edital-para-o-concurso-bombeiros-rn-e-publicado-confira\/","url":"https:\/\/www.estrategiaconcursos.com.br\/blog\/edital-para-o-concurso-bombeiros-rn-e-publicado-confira\/","name":"Concurso Bombeiro RN: edital \u00e9 publicado. Confira nosso aul\u00e3o!","isPartOf":{"@id":"https:\/\/www.estrategiaconcursos.com.br\/blog\/#website"},"primaryImageOfPage":{"@id":"https:\/\/www.estrategiaconcursos.com.br\/blog\/edital-para-o-concurso-bombeiros-rn-e-publicado-confira\/#primaryimage"},"image":{"@id":"https:\/\/www.estrategiaconcursos.com.br\/blog\/edital-para-o-concurso-bombeiros-rn-e-publicado-confira\/#primaryimage"},"thumbnailUrl":"https:\/\/www.estrategiaconcursos.com.br\/blog\/wp-content\/uploads\/2017\/01\/Adinoel-bombeiro-foto-04.jpg","datePublished":"2017-02-12T02:01:32+00:00","dateModified":"2022-10-24T20:44:48+00:00","description":"O Corpo de Bombeiros do Rio Grande do Norte publicou nesta ter\u00e7a-feira (7), no Di\u00e1rio Oficial do Estado, o edital para o pr\u00f3ximo concurso da corpora\u00e7\u00e3o.","breadcrumb":{"@id":"https:\/\/www.estrategiaconcursos.com.br\/blog\/edital-para-o-concurso-bombeiros-rn-e-publicado-confira\/#breadcrumb"},"inLanguage":"pt-BR","potentialAction":[{"@type":"ReadAction","target":["https:\/\/www.estrategiaconcursos.com.br\/blog\/edital-para-o-concurso-bombeiros-rn-e-publicado-confira\/"]}]},{"@type":"ImageObject","inLanguage":"pt-BR","@id":"https:\/\/www.estrategiaconcursos.com.br\/blog\/edital-para-o-concurso-bombeiros-rn-e-publicado-confira\/#primaryimage","url":"https:\/\/dhg1h5j42swfq.cloudfront.net\/2017\/01\/28061909\/Adinoel-bombeiro-foto-04.jpg","contentUrl":"https:\/\/dhg1h5j42swfq.cloudfront.net\/2017\/01\/28061909\/Adinoel-bombeiro-foto-04.jpg","width":1000,"height":667},{"@type":"BreadcrumbList","@id":"https:\/\/www.estrategiaconcursos.com.br\/blog\/edital-para-o-concurso-bombeiros-rn-e-publicado-confira\/#breadcrumb","itemListElement":[{"@type":"ListItem","position":1,"name":"In\u00edcio","item":"https:\/\/www.estrategiaconcursos.com.br\/blog\/"},{"@type":"ListItem","position":2,"name":"Concurso Bombeiro RN: edital \u00e9 publicado. Confira nosso aul\u00e3o!"}]},{"@type":"WebSite","@id":"https:\/\/www.estrategiaconcursos.com.br\/blog\/#website","url":"https:\/\/www.estrategiaconcursos.com.br\/blog\/","name":"Estrat\u00e9gia Concursos","description":"O blog da Estrat\u00e9gia Concursos traz not\u00edcias sobre concursos e artigos de professores oferecendo cursos para concursos (pdf + videaulas) no site.","publisher":{"@id":"https:\/\/www.estrategiaconcursos.com.br\/blog\/#organization"},"potentialAction":[{"@type":"SearchAction","target":{"@type":"EntryPoint","urlTemplate":"https:\/\/www.estrategiaconcursos.com.br\/blog\/?s={search_term_string}"},"query-input":{"@type":"PropertyValueSpecification","valueRequired":true,"valueName":"search_term_string"}}],"inLanguage":"pt-BR"},{"@type":"Organization","@id":"https:\/\/www.estrategiaconcursos.com.br\/blog\/#organization","name":"Estrat\u00e9gia Concursos","url":"https:\/\/www.estrategiaconcursos.com.br\/blog\/","logo":{"@type":"ImageObject","inLanguage":"pt-BR","@id":"https:\/\/www.estrategiaconcursos.com.br\/blog\/#\/schema\/logo\/image\/","url":"https:\/\/dhg1h5j42swfq.cloudfront.net\/2025\/06\/03203428\/logo_concursos-1.jpg","contentUrl":"https:\/\/dhg1h5j42swfq.cloudfront.net\/2025\/06\/03203428\/logo_concursos-1.jpg","width":230,"height":60,"caption":"Estrat\u00e9gia Concursos"},"image":{"@id":"https:\/\/www.estrategiaconcursos.com.br\/blog\/#\/schema\/logo\/image\/"},"sameAs":["https:\/\/x.com\/EstratConcursos"]},{"@type":"Person","@id":"https:\/\/www.estrategiaconcursos.com.br\/blog\/#\/schema\/person\/b4a388c97673c5f483d72185668afa1f","name":"Coordena\u00e7\u00e3o","image":{"@type":"ImageObject","inLanguage":"pt-BR","@id":"https:\/\/secure.gravatar.com\/avatar\/b720319e4c9a967eb58678d110f4fe35452fc5d5f97b202bac7b8acceb18c6ad?s=96&d=mm&r=g","url":"https:\/\/secure.gravatar.com\/avatar\/b720319e4c9a967eb58678d110f4fe35452fc5d5f97b202bac7b8acceb18c6ad?s=96&d=mm&r=g","contentUrl":"https:\/\/secure.gravatar.com\/avatar\/b720319e4c9a967eb58678d110f4fe35452fc5d5f97b202bac7b8acceb18c6ad?s=96&d=mm&r=g","caption":"Coordena\u00e7\u00e3o"},"sameAs":["https:\/\/www.facebook.com\/EstrategiaConcursos","https:\/\/x.com\/EstratConcursos"],"url":"https:\/\/www.estrategiaconcursos.com.br\/blog\/author\/estrategia2013\/"}]}},"_links":{"self":[{"href":"https:\/\/www.estrategiaconcursos.com.br\/blog\/wp-json\/wp\/v2\/posts\/64051","targetHints":{"allow":["GET"]}}],"collection":[{"href":"https:\/\/www.estrategiaconcursos.com.br\/blog\/wp-json\/wp\/v2\/posts"}],"about":[{"href":"https:\/\/www.estrategiaconcursos.com.br\/blog\/wp-json\/wp\/v2\/types\/post"}],"author":[{"embeddable":true,"href":"https:\/\/www.estrategiaconcursos.com.br\/blog\/wp-json\/wp\/v2\/users\/1"}],"replies":[{"embeddable":true,"href":"https:\/\/www.estrategiaconcursos.com.br\/blog\/wp-json\/wp\/v2\/comments?post=64051"}],"version-history":[{"count":10,"href":"https:\/\/www.estrategiaconcursos.com.br\/blog\/wp-json\/wp\/v2\/posts\/64051\/revisions"}],"predecessor-version":[{"id":1114917,"href":"https:\/\/www.estrategiaconcursos.com.br\/blog\/wp-json\/wp\/v2\/posts\/64051\/revisions\/1114917"}],"wp:attachment":[{"href":"https:\/\/www.estrategiaconcursos.com.br\/blog\/wp-json\/wp\/v2\/media?parent=64051"}],"wp:term":[{"taxonomy":"category","embeddable":true,"href":"https:\/\/www.estrategiaconcursos.com.br\/blog\/wp-json\/wp\/v2\/categories?post=64051"},{"taxonomy":"post_tag","embeddable":true,"href":"https:\/\/www.estrategiaconcursos.com.br\/blog\/wp-json\/wp\/v2\/tags?post=64051"},{"taxonomy":"tax_estado","embeddable":true,"href":"https:\/\/www.estrategiaconcursos.com.br\/blog\/wp-json\/wp\/v2\/tax_estado?post=64051"}],"curies":[{"name":"wp","href":"https:\/\/api.w.org\/{rel}","templated":true}]}}