{"id":64034,"date":"2017-02-11T12:50:30","date_gmt":"2017-02-11T15:50:30","guid":{"rendered":"https:\/\/www.estrategiaconcursos.com.br\/blog\/?p=64034"},"modified":"2023-09-14T10:07:11","modified_gmt":"2023-09-14T13:07:11","slug":"edital-bombeiros-rn-2","status":"publish","type":"post","link":"https:\/\/www.estrategiaconcursos.com.br\/blog\/edital-bombeiros-rn-2\/","title":{"rendered":"Edital Bombeiros RN Publicado! Saiba tudo sobre o concurso"},"content":{"rendered":"<p style=\"text-align: justify;\">O <a href=\"https:\/\/www.estrategiaconcursos.com.br\/blog\/wp-content\/uploads\/2017\/02\/Edital-Bombeiros-RN-20171.pdf\" target=\"_blank\" rel=\"noopener\">Edital Bombeiros RN 2017<\/a> foi divulgado dia 07\/02\/2017. Esse edital oferece <span style=\"color: #000000;\"><strong>70\u00a0(setenta) vagas<\/strong><\/span> para o Cargo de Soldado do Quadro de Prac\u0327as Bombeiro Militar (QPBM) do Corpo de Bombeiros Militar do Estado do Rio Grande do Norte a serem distribui\u0301das em ampla concorre\u0302ncia para ambos os sexos.<\/p>\n<p style=\"text-align: justify;\">O Estrat\u00e9gia Concursos tamb\u00e9m divulgou not\u00edcia sobre esse\u00a0curso. <a href=\"https:\/\/www.estrategiaconcursos.com.br\/blog\/edital-para-o-concurso-bombeiros-rn-e-publicado-confira\/\" target=\"_blank\" rel=\"noopener\">Clique aqui para ver a not\u00edcia<\/a>.<\/p>\n<p style=\"text-align: justify;\">\n<p style=\"text-align: justify;\"><img loading=\"lazy\" decoding=\"async\" class=\"size-full wp-image-64041 alignleft\" style=\"width: 200px; height: 200px;\" title=\"\" src=\"https:\/\/dhg1h5j42swfq.cloudfront.net\/2017\/02\/07074414\/Adinoel-bombeiros-rn-logotipo.png\" alt=\"edital Bombeiros RN\" width=\"886\" height=\"887\" srcset=\"https:\/\/dhg1h5j42swfq.cloudfront.net\/2017\/02\/07074414\/Adinoel-bombeiros-rn-logotipo.png 886w, https:\/\/dhg1h5j42swfq.cloudfront.net\/2017\/02\/07074414\/Adinoel-bombeiros-rn-logotipo.png 150w, https:\/\/dhg1h5j42swfq.cloudfront.net\/2017\/02\/07074414\/Adinoel-bombeiros-rn-logotipo.png 300w, https:\/\/dhg1h5j42swfq.cloudfront.net\/2017\/02\/07074414\/Adinoel-bombeiros-rn-logotipo.png 768w\" sizes=\"auto, (max-width: 886px) 100vw, 886px\" \/><\/p>\n<h3>Edital Bombeiros RN\u00a02017 \u2013 Banca Organizadora<\/h3>\n<p>A banca que organizar\u00e1 o concurso Bombeiros RN 2017\u00a0ser\u00e1 o <a href=\"http:\/\/www.idecan.org.br\/\" target=\"_blank\" rel=\"noopener\">IDECAN<\/a> (Instituto de Desenvolvimento Educacional, Cultural e Assistencial Nacional.<\/p>\n<h3>N\u00famero de Vagas<\/h3>\n<p style=\"text-align: justify;\">O\u00a0Edital\u00a0No 001 \u2013 Soldado Bombeiro Militar 2017,\u00a0em face de autorizac\u0327a\u0303o concedida pelo Chefe do Poder Executivo Estadual constante no processo administrativo protocolado sob o no 287424\/2013- 2, e designac\u0327a\u0303o do Secreta\u0301rio de Estado da Administrac\u0327a\u0303o e dos Recursos Humanos, por meio da Portaria no 767, de 01 de novembro de 2016, abre inscric\u0327o\u0303es e estabelece normas relativas a\u0300 realizac\u0327a\u0303o do Concurso Pu\u0301blico para provimento de <span style=\"color: #000000;\"><strong>70 (setenta) vagas para o cargo de Soldado do Corpo de Bombeiros Militar do Rio Grande do Norte (CBMRN)<\/strong><\/span>.<\/p>\n<p style=\"text-align: justify;\">O edital n\u00e3o prev\u00ea reserva de vagas para pessoas com deficie\u0302ncia.<\/p>\n<p style=\"text-align: justify;\">\n<h3 style=\"text-align: justify;\">Webin\u00e1rio An\u00e1lise do Edital<\/h3>\n<p style=\"text-align: justify;\">A seguir, temos um webin\u00e1rio com o Professor Ronaldo Fonseca com a an\u00e1lise em v\u00eddeo do edital.<\/p>\n<p style=\"text-align: justify;\">\n<p style=\"text-align: justify;\"><img loading=\"lazy\" decoding=\"async\" class=\"size-full wp-image-42649 alignleft\" style=\"width: 200px; height: 121px;\" title=\"\" src=\"https:\/\/dhg1h5j42swfq.cloudfront.net\/2016\/05\/14113252\/novas-corujas-0621.png\" alt=\"edital Bombeiros RN\" width=\"1020\" height=\"616\" srcset=\"https:\/\/dhg1h5j42swfq.cloudfront.net\/2016\/05\/14113252\/novas-corujas-0621.png 1020w, https:\/\/dhg1h5j42swfq.cloudfront.net\/2016\/05\/14113252\/novas-corujas-0621.png 300w, https:\/\/dhg1h5j42swfq.cloudfront.net\/2016\/05\/14113252\/novas-corujas-0621.png 768w, https:\/\/dhg1h5j42swfq.cloudfront.net\/2016\/05\/14113252\/novas-corujas-0621.png 497w\" sizes=\"auto, (max-width: 1020px) 100vw, 1020px\" \/><\/p>\n<h2><a href=\"https:\/\/www.estrategiaconcursos.com.br\/cursosPorConcurso\/bombeiros-rn\/\" target=\"_blank\" rel=\"noopener\">Cursos p\/ Concursos<\/a><\/h2>\n<p style=\"text-align: justify;\"><span style=\"color: #008000;\">O Estrat\u00e9gia Concursos j\u00e1 lan\u00e7ou cursos focados no\u00a0<a href=\"https:\/\/www.estrategiaconcursos.com.br\/cursosPorConcurso\/bombeiros-rn\/\" target=\"_blank\" rel=\"noopener\">edital Bombeiros RN 2017<\/a>. Nossos cursos cont\u00eam o conte\u00fado completo que ser\u00e1 cobrado na sua prova. S\u00e3o PDF\u00b4s e videoaulas, al\u00e9m de um f\u00f3rum de d\u00favidas exclusivo na \u00e1rea do aluno para voc\u00ea esclarecer pontos com seus professores. Confiamos tanto na qualidade da nossa equipe e dos nossos materiais que n\u00f3s temos uma pol\u00edtica de satisfa\u00e7\u00e3o garantida ou seu dinheiro de volta, em at\u00e9 30 dias e sem burocracia.\u00a0Voc\u00ea n\u00e3o tem nada a perder, conhe\u00e7a nossos cursos!<\/span><\/p>\n<p style=\"text-align: justify;\">\n<p style=\"text-align: justify;\"><img loading=\"lazy\" decoding=\"async\" class=\"size-full wp-image-59269 alignleft\" style=\"width: 150px; height: 150px;\" title=\"\" src=\"https:\/\/dhg1h5j42swfq.cloudfront.net\/2016\/12\/22154007\/boneco-deitado-no-dinheiro.jpg\" alt=\"edital Bombeiros RN\" width=\"225\" height=\"225\" srcset=\"https:\/\/dhg1h5j42swfq.cloudfront.net\/2016\/12\/22154007\/boneco-deitado-no-dinheiro.jpg 225w, https:\/\/dhg1h5j42swfq.cloudfront.net\/2016\/12\/22154007\/boneco-deitado-no-dinheiro.jpg 150w\" sizes=\"auto, (max-width: 225px) 100vw, 225px\" \/><\/p>\n<h3 style=\"text-align: justify;\">Remunera\u00e7\u00e3o<\/h3>\n<p>A remunerac\u0327a\u0303o inicial para o para o cargo de Soldado Bombeiro Militar e\u0301 de <span style=\"color: #000000;\"><strong>R$ 2.904,00<\/strong><\/span>, podendo chegar a <span style=\"color: #000000;\"><strong>R$ 9.472,65<\/strong><\/span>\u00a0(subsi\u0301dio correspondente ao cargo de Subtenente Ni\u0301vel X).<\/p>\n<p style=\"text-align: justify;\">\n<p style=\"text-align: justify;\">\n<p style=\"text-align: justify;\"><img loading=\"lazy\" decoding=\"async\" class=\"size-full wp-image-62160 alignleft\" style=\"width: 100px; height: 114px;\" title=\"\" src=\"https:\/\/dhg1h5j42swfq.cloudfront.net\/2017\/01\/21063434\/Adinoel-MP-RN-diploma.jpg\" alt=\"edital Bombeiros RN\" width=\"1747\" height=\"2000\" srcset=\"https:\/\/dhg1h5j42swfq.cloudfront.net\/2017\/01\/21063434\/Adinoel-MP-RN-diploma.jpg 1747w, https:\/\/dhg1h5j42swfq.cloudfront.net\/2017\/01\/21063434\/Adinoel-MP-RN-diploma.jpg 262w, https:\/\/dhg1h5j42swfq.cloudfront.net\/2017\/01\/21063434\/Adinoel-MP-RN-diploma.jpg 768w, https:\/\/dhg1h5j42swfq.cloudfront.net\/2017\/01\/21063434\/Adinoel-MP-RN-diploma.jpg 894w\" sizes=\"auto, (max-width: 1747px) 100vw, 1747px\" \/><\/p>\n<h3 style=\"text-align: justify;\">Escolaridade<\/h3>\n<p style=\"text-align: justify;\">Os candidatos a uma vaga no concurso Bombeiros RN 2017 devem possuir diploma de <span style=\"color: #000000;\">ensino m\u00e9dio<\/span>.<\/p>\n<p style=\"text-align: justify;\">\n<h3 style=\"text-align: justify;\"><\/h3>\n<h3 style=\"text-align: justify;\">Como fazer a inscri\u00e7\u00e3o?<\/h3>\n<p style=\"text-align: justify;\">As inscri\u00e7\u00f5es ser\u00e3o realizadas exclusivamente na internet.<\/p>\n<p style=\"text-align: justify;\">Para fazer a inscri\u00e7\u00e3o acesse o site do IDECAN: <a href=\"http:\/\/www.idecan.org.br\/\" target=\"_blank\" rel=\"noopener\">para acessar o site do IDECAN clique aqui<\/a>.<\/p>\n<p style=\"text-align: justify;\">As inscric\u0327o\u0303es estara\u0303o abertas das 17h00min do dia 24 de fevereiro de 2017 a\u0300s 17h00min do dia 6 de abril de 2017 (hora\u0301rio oficial do Estado do Rio Grande do Norte).<\/p>\n<p style=\"text-align: justify;\">O valor da taxa de inscric\u0327a\u0303o sera\u0301 de R$ 80,00 (oitenta reais).<\/p>\n<p style=\"text-align: justify;\">\n<p><img loading=\"lazy\" decoding=\"async\" class=\"size-full wp-image-63067 alignleft\" style=\"width: 200px; height: 208px;\" title=\"\" src=\"https:\/\/dhg1h5j42swfq.cloudfront.net\/2017\/01\/27152359\/Adinoel-bombeiro-lista-de-verificac%CC%A7a%CC%83o.jpg\" alt=\"edital Bombeiros RN\" width=\"960\" height=\"1000\" srcset=\"https:\/\/dhg1h5j42swfq.cloudfront.net\/2017\/01\/27152359\/Adinoel-bombeiro-lista-de-verificac%CC%A7a%CC%83o.jpg 960w, https:\/\/dhg1h5j42swfq.cloudfront.net\/2017\/01\/27152359\/Adinoel-bombeiro-lista-de-verificac%CC%A7a%CC%83o.jpg 288w, https:\/\/dhg1h5j42swfq.cloudfront.net\/2017\/01\/27152359\/Adinoel-bombeiro-lista-de-verificac%CC%A7a%CC%83o.jpg 768w\" sizes=\"auto, (max-width: 960px) 100vw, 960px\" \/><\/p>\n<h3 style=\"text-align: justify;\">Edital Bombeiros RN 2017 &#8211; Requisitos<\/h3>\n<p style=\"text-align: justify;\">O edital Bombeiros RN\u00a0solicita dos candidatos determinados requisitos. Veja esses requisitos adiante:<\/p>\n<p style=\"margin-left: 40px; text-align: justify;\">\u2022\u2022\u00a0ser brasileiro(a) nato(a) ou naturalizado(a), na forma da lei;<\/p>\n<p style=\"margin-left: 40px; text-align: justify;\">\u2022\u2022\u00a0possuir ilibada conduta pu\u0301blica e privada, comprovada documentalmente, por folha corrida policial, certido\u0303es negativas emitidas pela Justic\u0327a Federal, Eleitoral, Militar, Trabalhista e Comum, demonstrando que o candidato na\u0303o tenha sido condenado, em sentenc\u0327a condenato\u0301ria transitada em julgado, nem demitido a bem do servic\u0327o pu\u0301blico;<\/p>\n<p style=\"margin-left: 40px; text-align: justify;\">\u2022\u2022\u00a0estar quite com as obrigac\u0327o\u0303es eleitorais e militares;<\/p>\n<p style=\"margin-left: 40px; text-align: justify;\">\u2022\u2022\u00a0na\u0303o ter sido isentado do servic\u0327o militar por incapacidade fi\u0301sica definitiva;<\/p>\n<p style=\"margin-left: 40px; text-align: justify;\">\u2022\u2022\u00a0ter, no mi\u0301nimo, 19 (dezenove) e, no ma\u0301ximo, 30 (trinta) anos de idade, completos ate\u0301 31 de dezembro do ano da inscric\u0327a\u0303o no presente concurso pu\u0301blico;<\/p>\n<p style=\"margin-left: 40px; text-align: justify;\">\u2022\u2022\u00a0ter altura mi\u0301nima de 1,65 (um metro e sessenta e cinco centi\u0301metros), se do sexo masculino, e 1,60 (um metro e sessenta centi\u0301metros), se do sexo feminino;<\/p>\n<p style=\"margin-left: 40px; text-align: justify;\">\u2022\u2022 se militar de outro Estado ou Forc\u0327a, na\u0303o estar: cumprindo sentenc\u0327a condenato\u0301ria; afastado do cargo ou func\u0327a\u0303o por motivo disciplinar.<\/p>\n<p style=\"text-align: justify;\">\n<h3 style=\"text-align: justify;\">Etapas do Concurso<\/h3>\n<p style=\"text-align: justify;\">O edital Bombeiros RN prev\u00ea que o concurso de 2017 tenha 6 (seis) etapas. S\u00e3o elas:<\/p>\n<p style=\"text-align: justify;\">\u21d2 <span style=\"color: #000000;\"><strong>1a etapa<\/strong><\/span>, de cara\u0301ter classificato\u0301rio e eliminato\u0301rio, Prova Escrita Objetiva de Mu\u0301ltipla Escolha;<\/p>\n<p style=\"text-align: justify;\">\u21d2 <span style=\"color: #000000;\"><strong>2a etapa<\/strong><\/span>, de cara\u0301ter apenas eliminato\u0301rio, Avaliac\u0327a\u0303o Me\u0301dica e Odontolo\u0301gica do candidato;<\/p>\n<p style=\"text-align: justify;\">\u21d2 <span style=\"color: #000000;\"><strong>3a etapa<\/strong><\/span>, de cara\u0301ter apenas eliminato\u0301rio, Exame de Avaliac\u0327a\u0303o de Condicionamento Fi\u0301sico;<\/p>\n<p style=\"text-align: justify;\">\u21d2 <span style=\"color: #000000;\"><strong>4a etapa<\/strong><\/span>, de cara\u0301ter apenas eliminato\u0301rio, Avaliac\u0327a\u0303o Psicolo\u0301gica;<\/p>\n<p style=\"text-align: justify;\">\u21d2 <span style=\"color: #000000;\"><strong>5a etapa<\/strong><\/span>, de cara\u0301ter apenas eliminato\u0301rio, \u00a0Investigac\u0327a\u0303o Social e da Vida Pregressa do candidato;<\/p>\n<p style=\"text-align: justify;\">\u21d2 <span style=\"color: #000000;\"><strong>6a etapa<\/strong><\/span>, de cara\u0301ter eliminato\u0301rio e classificato\u0301rio, Curso de Formac\u0327a\u0303o de Prac\u0327as Bombeiro Militar, com durac\u0327a\u0303o me\u0301dia de 12 (doze) meses.<\/p>\n<p style=\"text-align: justify;\">\n<p style=\"text-align: justify;\">\n<h3 style=\"text-align: justify;\">Atribui\u00e7\u00f5es do Cargo Soldado Bombeiros RN<\/h3>\n<p style=\"text-align: justify;\"><img loading=\"lazy\" decoding=\"async\" width=\"1000\" height=\"667\" class=\"alignnone size-full wp-image-63141\" style=\"width: 330px; height: 220px;\" src=\"https:\/\/dhg1h5j42swfq.cloudfront.net\/2017\/01\/28061909\/Adinoel-bombeiro-foto-04.jpg\" alt=\"edital Bombeiros RN\" srcset=\"https:\/\/dhg1h5j42swfq.cloudfront.net\/2017\/01\/28061909\/Adinoel-bombeiro-foto-04.jpg 1000w, https:\/\/dhg1h5j42swfq.cloudfront.net\/2017\/01\/28061909\/Adinoel-bombeiro-foto-04.jpg 300w, https:\/\/dhg1h5j42swfq.cloudfront.net\/2017\/01\/28061909\/Adinoel-bombeiro-foto-04.jpg 768w, https:\/\/dhg1h5j42swfq.cloudfront.net\/2017\/01\/28061909\/Adinoel-bombeiro-foto-04.jpg 450w\" sizes=\"auto, (max-width: 1000px) 100vw, 1000px\" \/> <img loading=\"lazy\" decoding=\"async\" width=\"1000\" height=\"667\" class=\"size-full wp-image-63140\" style=\"width: 330px; height: 220px;\" src=\"https:\/\/dhg1h5j42swfq.cloudfront.net\/2017\/01\/28061400\/Adinoel-bombeiro-foto-03.jpg\" alt=\"edital Bombeiros RN\" srcset=\"https:\/\/dhg1h5j42swfq.cloudfront.net\/2017\/01\/28061400\/Adinoel-bombeiro-foto-03.jpg 1000w, https:\/\/dhg1h5j42swfq.cloudfront.net\/2017\/01\/28061400\/Adinoel-bombeiro-foto-03.jpg 300w, https:\/\/dhg1h5j42swfq.cloudfront.net\/2017\/01\/28061400\/Adinoel-bombeiro-foto-03.jpg 768w, https:\/\/dhg1h5j42swfq.cloudfront.net\/2017\/01\/28061400\/Adinoel-bombeiro-foto-03.jpg 450w\" sizes=\"auto, (max-width: 1000px) 100vw, 1000px\" \/><\/p>\n<p style=\"text-align: justify;\">O edital Bombeiros RN informa que o\u00a0cargo de Soldado e\u0301 essencialmente voltado a\u0300 execuc\u0327a\u0303o das atividades de compete\u0302ncia do Corpo de Bombeiros Militar. S\u00e3o exemplos dessas atividades:<\/p>\n<p style=\"margin-left: 40px; text-align: justify;\">\u2022\u2022 prevenc\u0327a\u0303o e extinc\u0327a\u0303o de ince\u0302ndio; busca e salvamento;<\/p>\n<p style=\"margin-left: 40px; text-align: justify;\">\u2022\u2022 socorro de emerge\u0302ncia;<\/p>\n<p style=\"margin-left: 40px; text-align: justify;\">\u2022\u2022 protec\u0327a\u0303o balnea\u0301ria por guarda-vidas;<\/p>\n<p style=\"margin-left: 40px; text-align: justify;\">\u2022\u2022 prevenc\u0327a\u0303o de acidentes na orla mari\u0301tima e fluvial;<\/p>\n<p style=\"margin-left: 40px; text-align: justify;\">\u2022\u2022 protec\u0327a\u0303o e prevenc\u0327a\u0303o contra ince\u0302ndio florestal;<\/p>\n<p style=\"margin-left: 40px; text-align: justify;\">\u2022\u2022 atividades de defesa civil;<\/p>\n<p style=\"margin-left: 40px; text-align: justify;\">\u2022\u2022 resgatar vi\u0301timas de inundac\u0327o\u0303es, desabamentos e outros acidentes;<\/p>\n<p style=\"margin-left: 40px; text-align: justify;\">\u2022\u2022 servic\u0327os de limpeza e manutenc\u0327a\u0303o das depende\u0302ncias do CBMRN, asseio e manutenc\u0327a\u0303o de viaturas, materiais, equipamentos etc;<\/p>\n<p style=\"margin-left: 40px; text-align: justify;\">\u2022\u2022 func\u0327o\u0303es inerentes a atividades administrativas internas do CBMRN.<\/p>\n<p style=\"margin-left: 40px; text-align: justify;\">\n<h3 style=\"text-align: justify;\">1a ETAPA \u2013 Prova Objetiva<\/h3>\n<p><img decoding=\"async\" class=\"size-full wp-image-64079 alignleft\" style=\"width: 300px; height: 300px;\" title=\"\" src=\"https:\/\/dhg1h5j42swfq.cloudfront.net\/2017\/02\/07085944\/Adinoel-bombeiros-rn-fazendo-provas.jpg\" alt=\"edital Bombeiros RN\" width=\"\" height=\"1000\" srcset=\"https:\/\/dhg1h5j42swfq.cloudfront.net\/2017\/02\/07085944\/Adinoel-bombeiros-rn-fazendo-provas.jpg 1000w, https:\/\/dhg1h5j42swfq.cloudfront.net\/2017\/02\/07085944\/Adinoel-bombeiros-rn-fazendo-provas.jpg 150w, https:\/\/dhg1h5j42swfq.cloudfront.net\/2017\/02\/07085944\/Adinoel-bombeiros-rn-fazendo-provas.jpg 300w, https:\/\/dhg1h5j42swfq.cloudfront.net\/2017\/02\/07085944\/Adinoel-bombeiros-rn-fazendo-provas.jpg 768w\" sizes=\"(max-width: 1000px) 100vw, 1000px\" \/><\/p>\n<p style=\"text-align: justify;\">A primeira etapa, de cara\u0301ter eliminato\u0301rio e classificato\u0301rio, constara\u0301 de uma prova objetiva composta por 100 (cem) questo\u0303es, com 4 (quatro) proposic\u0327o\u0303es de mu\u0301ltipla escolha, sendo apenas uma correta.<\/p>\n<p style=\"text-align: justify;\">Na prova, ser\u00e3o cobrados conhecimento das seguintes disciplinas:<\/p>\n<p style=\"text-align: justify; margin-left: 40px;\">\u2022\u2022 L\u00edngua Portuguesa<\/p>\n<p style=\"text-align: justify; margin-left: 40px;\">\u2022\u2022 Matem\u00e1tica<\/p>\n<p style=\"text-align: justify; margin-left: 40px;\">\u2022\u2022 Biologia<\/p>\n<p style=\"text-align: justify; margin-left: 40px;\">\u2022\u2022 Conhecimentos Regionais<\/p>\n<p style=\"text-align: justify; margin-left: 40px;\">\u2022\u2022 Atualidades<\/p>\n<p style=\"text-align: justify; margin-left: 40px;\">\u2022\u2022 Normas Pertinentes ao Corpo de Bombeiros Militar RN<\/p>\n<p style=\"text-align: justify;\">Abaixo segue tabela com n\u00famero de quest\u00f5es em cada disciplina e o crit\u00e9rio de pontua\u00e7\u00e3o.<\/p>\n<p><img loading=\"lazy\" decoding=\"async\" width=\"1191\" height=\"219\" class=\"alignnone size-full wp-image-64073\" style=\"width: 700px; height: 129px;\" src=\"https:\/\/dhg1h5j42swfq.cloudfront.net\/2017\/02\/07085147\/Adinoel-bombeiros-rn-disciplinas.png\" alt=\"edital Bombeiros RN\" srcset=\"https:\/\/dhg1h5j42swfq.cloudfront.net\/2017\/02\/07085147\/Adinoel-bombeiros-rn-disciplinas.png 1191w, https:\/\/dhg1h5j42swfq.cloudfront.net\/2017\/02\/07085147\/Adinoel-bombeiros-rn-disciplinas.png 300w, https:\/\/dhg1h5j42swfq.cloudfront.net\/2017\/02\/07085147\/Adinoel-bombeiros-rn-disciplinas.png 768w, https:\/\/dhg1h5j42swfq.cloudfront.net\/2017\/02\/07085147\/Adinoel-bombeiros-rn-disciplinas.png 1024w, https:\/\/dhg1h5j42swfq.cloudfront.net\/2017\/02\/07085147\/Adinoel-bombeiros-rn-disciplinas.png 500w\" sizes=\"auto, (max-width: 1191px) 100vw, 1191px\" \/><\/p>\n<p>Ao final deste artigo, voc\u00ea encontrar\u00e1 a rela\u00e7\u00e3o detalhada do que est\u00e1 sendo cobrado em cada disciplina.<\/p>\n<h3>Aprova\u00e7\u00e3o na prova objetiva<\/h3>\n<p style=\"text-align: justify;\">O edital Bombeiros RN 2017 prev\u00ea que sera\u0301 considerado aprovado na Prova Escrita Objetiva, o candidato que obtiver no mi\u0301nimo 60% (sessenta por cento) do total de pontos, devendo ainda obter o mi\u0301nimo de 40% dos pontos em cada disciplina.<\/p>\n<p style=\"text-align: justify;\">Portanto, como visto, o\u00a0edital prev\u00ea uma nota m\u00ednima por disciplina (40%), ou seja, o candidato tem que acertar pelo\u00a0menos 8 quest\u00f5es em cada disciplina. Se acertar 7 (sete) em uma disciplina j\u00e1 estar\u00e1 reprovado.<\/p>\n<p style=\"text-align: justify;\">\n<h3 style=\"text-align: justify;\">Locais, data da prova objetiva, dura\u00e7\u00e3o da prova<\/h3>\n<p style=\"text-align: justify;\">A Prova Escrita Objetiva\u00a0sera\u0301 realizada simultaneamente nas cidades do <span style=\"color: #000000;\"><strong>Natal<\/strong><\/span>, <strong><span style=\"color: #000000;\">Mossoro\u0301<\/span><\/strong> e <span style=\"color: #000000;\"><strong>Caico\u0301<\/strong><\/span>, todas localizadas no Estado do Rio Grande do Norte, na data prova\u0301vel de <span style=\"color: #000000;\"><strong>21 de maio de 2017<\/strong><\/span>, com durac\u0327a\u0303o de 5 (cinco) horas, de 13h00min a\u0300s 18h00min (conforme o hora\u0301rio oficial do Estado do Rio Grande do Norte).<\/p>\n<h3 style=\"text-align: justify;\">2a ETAPA \u2013 Avalia\u00e7\u00e3o M\u00e9dica e Odontol\u00f3gica<\/h3>\n<p style=\"text-align: justify;\">O edital informa que somente ser\u00e3o\u00a0convocados para esta etapa os candidatos aprovados e classificados na 1a etapa ate\u0301 o nu\u0301mero ma\u0301ximo de 3 (tre\u0302s) vezes o nu\u0301mero de vagas, respeitados os empates na u\u0301ltima posic\u0327a\u0303o.<\/p>\n<p style=\"text-align: justify;\">Em outras palavras, ser\u00e3o convocados para a Avalia\u00e7\u00e3o M\u00e9dica e Odontol\u00f3gica em torno de 210 candidatos aprovados na 1a etapa.<\/p>\n<h3>Tatuagens<\/h3>\n<p><img loading=\"lazy\" decoding=\"async\" class=\"size-full wp-image-64083 alignleft\" style=\"width: 300px; height: 273px;\" title=\"\" src=\"https:\/\/dhg1h5j42swfq.cloudfront.net\/2017\/02\/07091044\/Adinoel-bombeiros-rn-tatuagens.jpg\" alt=\"edital Bombeiros RN\" width=\"1000\" height=\"910\" srcset=\"https:\/\/dhg1h5j42swfq.cloudfront.net\/2017\/02\/07091044\/Adinoel-bombeiros-rn-tatuagens.jpg 1000w, https:\/\/dhg1h5j42swfq.cloudfront.net\/2017\/02\/07091044\/Adinoel-bombeiros-rn-tatuagens.jpg 300w, https:\/\/dhg1h5j42swfq.cloudfront.net\/2017\/02\/07091044\/Adinoel-bombeiros-rn-tatuagens.jpg 768w, https:\/\/dhg1h5j42swfq.cloudfront.net\/2017\/02\/07091044\/Adinoel-bombeiros-rn-tatuagens.jpg 330w\" sizes=\"auto, (max-width: 1000px) 100vw, 1000px\" \/><\/p>\n<p style=\"text-align: justify;\">Conforme o edital, durante a realizac\u0327a\u0303o da avaliac\u0327a\u0303o me\u0301dica sera\u0301 verificado se o candidato possui tatuagens, em qualquer lugar do corpo, com desenhos ofensivos ou incompati\u0301veis com o perfil Bombeiro militar (exemplo: sua\u0301stica, pornografia, facc\u0327o\u0303es criminosas, apologia ao crime, que denotem afeic\u0327a\u0303o a valores incompati\u0301veis com a moral e os costumes, bem como com os valores da instituic\u0327a\u0303o Bombeiro Militar, etc.), as quais tornara\u0303o o candidato inapto.<\/p>\n<p style=\"text-align: justify;\">Ainda conforme o edital, para efeito de avaliac\u0327a\u0303o quanto a tatuagens aparentes sera\u0301 considerado o uniforme completo de servic\u0327o administrativo (cani\u0301cula e calc\u0327a). As tatuagens na\u0303o podera\u0303o ser vistas com a utilizac\u0327a\u0303o deste uniforme.<\/p>\n<h3>3a ETAPA \u2013 Exame de Avaliac\u0327a\u0303o de Condicionamento Fi\u0301sico<\/h3>\n<p style=\"text-align: justify;\"><img decoding=\"async\" class=\"size-full wp-image-63114\" style=\"width: 500px; height: 334px;\" src=\"https:\/\/dhg1h5j42swfq.cloudfront.net\/2017\/01\/27173904\/Adinoel-bombeiros-PE-foto-aptida%CC%83o-fi%CC%81sica.jpg\" alt=\"edital Bombeiros RN\" \/><\/p>\n<p style=\"text-align: justify;\">O Exame de Avaliac\u0327a\u0303o do Condicionamento Fi\u0301sico do concurso tera\u0301 cara\u0301ter eliminato\u0301rio e sera\u0301 realizado na cidade do <strong><span style=\"color: #000000;\">Natal-RN<\/span><\/strong>, no peri\u0301odo prova\u0301vel de <span style=\"color: #000000;\"><strong>16 a 21 setembro de 2017<\/strong><\/span>, pelos candidatos aprovados e classificados na primeira etapa, que foram considerados aptos na segunda etapa.<\/p>\n<p style=\"text-align: justify;\">Inicialmente, o candidato sera\u0301 submetido a\u0300 avaliac\u0327a\u0303o da estatura mi\u0301nima exigida, sendo eliminado o candidato que apresentar altura inferior a 1,65m, se do sexo masculino, e 1,60m, se do sexo feminino.<\/p>\n<p style=\"text-align: justify;\">O Exame de Avaliac\u0327a\u0303o do Condicionamento Fi\u0301sico aplicado aos candidatos sera\u0301 composto dos seguintes testes:<\/p>\n<p style=\"text-align: justify;\">Primeiro dia:<\/p>\n<p style=\"text-align: justify; margin-left: 40px;\">\u21d2 flexa\u0303o de brac\u0327os, para todos os candidatos (masculino, m\u00ednimo de 23 repeti\u00e7\u00f5es em 1 minuto; feminimo, m\u00ednimo de 14 repeti\u00e7\u00f5es em 1 minuto)<\/p>\n<p style=\"text-align: justify; margin-left: 40px;\">\u21d2 flexa\u0303o abdominal, para todos os candidatos (masculino, m\u00ednimo de 35 repeti\u00f5es em 1 minuto; feminimo, m\u00ednimo de 26 repeti\u00e7\u00f5es em 1 minuto)<\/p>\n<p style=\"text-align: justify; margin-left: 40px;\">\u21d2 natac\u0327a\u0303o de 50 metros em estilo livre, para todos os candidatos (masculino, tempo m\u00e1ximo 50 segundos; feminimo, tempo m\u00e1ximo 65 segundos)<\/p>\n<p style=\"text-align: justify;\">Segundo dia:<\/p>\n<p style=\"text-align: justify; margin-left: 40px;\">\u21d2 trac\u0327a\u0303o na barra fixa, somente para os candidatos do sexo masculino (mi\u0301nimo de 4 repetic\u0327o\u0303es completas e em uma u\u0301nica tentativa)<\/p>\n<p style=\"text-align: justify; margin-left: 40px;\">\u21d2 isometria na barra fixa, somente para os candidatos do sexo feminino (sustenta\u00e7\u00e3o na barra fixa, m\u00ednimo 13 segundos)<\/p>\n<p style=\"text-align: justify; margin-left: 40px;\">\u21d2 corrida de 12 minutos, para todos os candidatos (masculino, correr no m\u00ednimo 2.500 metros; feminimo, correr no m\u00ednimo 2.000 metros)<\/p>\n<p style=\"text-align: justify;\">\n<h3 style=\"text-align: justify;\">4a ETAPA \u2013 Avalia\u00e7\u00e3o Psicol\u00f3gica<\/h3>\n<p style=\"text-align: justify;\">O edital Bombeiros RN 2017 informa que os candidatos classificados e considerados aptos nas tre\u0302s primeiras etapas sera\u0303o convocados para a Avaliac\u0327a\u0303o Psicolo\u0301gica.<\/p>\n<p style=\"text-align: justify;\">Essa etapa tem cara\u0301ter somente eliminato\u0301rio e sera\u0301 realizada somente em <strong><span style=\"color: #000000;\">Natal-RN<\/span><\/strong>.<\/p>\n<p style=\"text-align: justify;\">A Avaliac\u0327a\u0303o Psicolo\u0301gica, para fins de selec\u0327a\u0303o, e\u0301 um processo realizado mediante emprego de um conjunto de procedimentos objetivos e cienti\u0301ficos, que permite identificar aspectos psicolo\u0301gicos do candidato para fins de progno\u0301stico do desempenho das atividades relativas a\u0300s diferentes patentes do Quadro de Prac\u0327as Bombeiro Militar.<\/p>\n<p style=\"text-align: justify;\">O edital prev\u00ea que sa\u0303o considerados trac\u0327os de personalidade incompati\u0301veis para o exerci\u0301cio da atividade bombeiro militar:<\/p>\n<p style=\"margin-left: 40px; text-align: justify;\">\u2192 Descontrole emocional;<\/p>\n<p style=\"margin-left: 40px; text-align: justify;\">\u2192 Descontrole da agressividade;<\/p>\n<p style=\"margin-left: 40px; text-align: justify;\">\u2192 Descontrole da impulsividade;<\/p>\n<p style=\"margin-left: 40px; text-align: justify;\">\u2192 Alterac\u0327o\u0303es acentuadas da afetividade;<\/p>\n<p style=\"margin-left: 40px; text-align: justify;\">\u2192 Oposicionismo a normas sociais e a figuras de autoridade;<\/p>\n<p style=\"margin-left: 40px; text-align: justify;\">\u2192 Dificuldade acentuada para estabelecer contato interpessoal;<\/p>\n<p style=\"margin-left: 40px; text-align: justify;\">\u2192 Funcionamento intelectual abaixo da me\u0301dia, associado ao prejui\u0301zo no comportamento adaptativo e desempenho deficita\u0301rio de acordo com sua idade e grupamento social;<\/p>\n<p style=\"margin-left: 40px; text-align: justify;\">\u2192 Distu\u0301rbio acentuado da energia vital de forma a comprometer a capacidade para ac\u0327a\u0303o.<\/p>\n<p style=\"text-align: justify;\">\n<h3>5a ETAPA \u2013 Investiga\u00e7\u00e3o Social e da Vida Pregressa<\/h3>\n<p style=\"text-align: justify;\">Somente os candidatos classificados dentro do n\u00famero de vagas (70 candidatos) ser\u00e3o avaliados nesta etapa.<\/p>\n<p style=\"text-align: justify;\">A Investigac\u0327a\u0303o Social e da Vida Pregressa tera\u0301 ini\u0301cio antes do ato da matri\u0301cula e se estendera\u0301 ate\u0301 a conclusa\u0303o do Curso de Formac\u0327a\u0303o de Prac\u0327as.<\/p>\n<p style=\"text-align: justify;\">O edital Bombeiros RN 2017 prev\u00ea que sa\u0303o considerados aspectos que afetam o comportamento irrepreensi\u0301vel e a idoneidade moral inataca\u0301vel:<\/p>\n<p style=\"margin-left: 40px; text-align: justify;\">\u21d2 habitualidade no descumprimento dos deveres de assiduidade, pontualidade, discric\u0327a\u0303o e urbanidade; pra\u0301tica de ato de deslealdade a\u0300s instituic\u0327o\u0303es legalmente constitui\u0301das;<\/p>\n<p style=\"margin-left: 40px; text-align: justify;\">\u21d2 manifestac\u0327a\u0303o de desaprec\u0327o a\u0300s autoridades e aos atos da administrac\u0327a\u0303o pu\u0301blica;<\/p>\n<p style=\"margin-left: 40px; text-align: justify;\">\u21d2 habitualidade em descumprir as obrigac\u0327o\u0303es legi\u0301timas;<\/p>\n<p style=\"margin-left: 40px; text-align: justify;\">\u21d2 relacionamento ou exibic\u0327a\u0303o em pu\u0301blico com pessoas de noto\u0301rios e desabonadores\u00a0antecedentes criminais ou morais;<\/p>\n<p style=\"margin-left: 40px; text-align: justify;\">\u21d2 pra\u0301tica de ato que possa importar em esca\u0302ndalo ou comprometer a Corporac\u0327a\u0303o bombeiro\u00a0militar;<\/p>\n<p style=\"margin-left: 40px; text-align: justify;\">\u21d2 freque\u0302ncia a locais incompati\u0301veis com o decoro do bombeiro militar;<\/p>\n<p style=\"margin-left: 40px; text-align: justify;\">\u21d2 uso de droga ili\u0301cita de qualquer espe\u0301cie;<\/p>\n<p style=\"margin-left: 40px; text-align: justify;\">\u21d2 pra\u0301tica de ato tipificado como infrac\u0327a\u0303o penal ou qualquer pra\u0301tica atentato\u0301ria a\u0300 moral e aos\u00a0bons costumes;<\/p>\n<p style=\"margin-left: 40px; text-align: justify;\">\u21d2 contuma\u0301cia na pra\u0301tica de transgresso\u0303es disciplinares;<\/p>\n<p style=\"margin-left: 40px; text-align: justify;\">\u21d2 ter exercido atividades prejudiciais ou danosas a\u0300 seguranc\u0327a pu\u0301blica ou a\u0300 seguranc\u0327a nacional.<\/p>\n<p style=\"text-align: justify;\">\n<h3 style=\"text-align: justify;\">6a ETAPA \u2013 Curso de Forma\u00e7\u00e3o de Pra\u00e7as Bombeiro Militar RN<\/h3>\n<p style=\"text-align: justify;\"><img loading=\"lazy\" decoding=\"async\" width=\"800\" height=\"450\" class=\"alignnone size-full wp-image-64098\" style=\"width: 700px; height: 394px;\" src=\"https:\/\/dhg1h5j42swfq.cloudfront.net\/2017\/02\/07095053\/Adinoel-bombeiros-rn-soldados.jpg\" alt=\"edital Bombeiros RN\" srcset=\"https:\/\/dhg1h5j42swfq.cloudfront.net\/2017\/02\/07095053\/Adinoel-bombeiros-rn-soldados.jpg 800w, https:\/\/dhg1h5j42swfq.cloudfront.net\/2017\/02\/07095053\/Adinoel-bombeiros-rn-soldados.jpg 300w, https:\/\/dhg1h5j42swfq.cloudfront.net\/2017\/02\/07095053\/Adinoel-bombeiros-rn-soldados.jpg 768w, https:\/\/dhg1h5j42swfq.cloudfront.net\/2017\/02\/07095053\/Adinoel-bombeiros-rn-soldados.jpg 500w\" sizes=\"auto, (max-width: 800px) 100vw, 800px\" \/><\/p>\n<p style=\"text-align: justify;\">Para essa etapa, somente sera\u0303o convocados os <span style=\"color: #000000;\"><strong>70 (setenta) primeiros<\/strong><\/span> classificados nas etapas anteriores, <span style=\"color: #000000;\"><strong>independente do sexo do candidato<\/strong><\/span>.<\/p>\n<p style=\"text-align: justify;\">O Curso de Formac\u0327a\u0303o de Prac\u0327as tera\u0301 durac\u0327a\u0303o me\u0301dia de 12 (doze) meses e sera\u0301 realizado no CSFA (Centro Superior de Formac\u0327a\u0303o e Aperfeic\u0327oamento do CBMRN).<\/p>\n<p style=\"text-align: justify;\">Durante o Curso de Formac\u0327a\u0303o de Prac\u0327as, a jornada de estudos e esta\u0301gios sera\u0301 em regime de tempo integral, com dedicac\u0327a\u0303o exclusiva, cujas atividades podera\u0303o se desenvolver nos hora\u0301rios diurno e noturno, inclusive aos sa\u0301bados, domingos e feriados.<\/p>\n<p style=\"text-align: justify;\">Durante o curso de formac\u0327a\u0303o o candidato sera\u0301 submetido a avaliac\u0327o\u0303es psicolo\u0301gicas e investigac\u0327a\u0303o social, que tera\u0303o cara\u0301ter eliminato\u0301rio.<\/p>\n<p style=\"text-align: justify;\">Sera\u0301 aprovado no Concurso Pu\u0301blico o candidato que concluir com aproveitamento o Curso de Formac\u0327a\u0303o de Prac\u0327as, dentro do nu\u0301mero de vagas oferecidas no certame.<\/p>\n<p style=\"text-align: justify;\">\n<p style=\"text-align: justify;\"><img loading=\"lazy\" decoding=\"async\" class=\"size-full wp-image-42649 alignleft\" style=\"width: 200px; height: 121px;\" title=\"\" src=\"https:\/\/dhg1h5j42swfq.cloudfront.net\/2016\/05\/14113252\/novas-corujas-0621.png\" alt=\"edital Bombeiros RN\" width=\"1020\" height=\"616\" srcset=\"https:\/\/dhg1h5j42swfq.cloudfront.net\/2016\/05\/14113252\/novas-corujas-0621.png 1020w, https:\/\/dhg1h5j42swfq.cloudfront.net\/2016\/05\/14113252\/novas-corujas-0621.png 300w, https:\/\/dhg1h5j42swfq.cloudfront.net\/2016\/05\/14113252\/novas-corujas-0621.png 768w, https:\/\/dhg1h5j42swfq.cloudfront.net\/2016\/05\/14113252\/novas-corujas-0621.png 497w\" sizes=\"auto, (max-width: 1020px) 100vw, 1020px\" \/><\/p>\n<h2><a href=\"https:\/\/www.estrategiaconcursos.com.br\/cursosPorConcurso\/bombeiros-rn\/\" target=\"_blank\" rel=\"noopener\">Cursos p\/ Concursos<\/a><\/h2>\n<p style=\"text-align: justify;\"><span style=\"color: #008000;\">O Estrat\u00e9gia Concursos j\u00e1 lan\u00e7ou cursos focados no\u00a0<a href=\"https:\/\/www.estrategiaconcursos.com.br\/cursosPorConcurso\/bombeiros-rn\/\" target=\"_blank\" rel=\"noopener\">edital Bombeiros RN 2017<\/a>. Nossos cursos cont\u00eam o conte\u00fado completo que ser\u00e1 cobrado na sua prova. S\u00e3o PDF\u00b4s e videoaulas, al\u00e9m de um f\u00f3rum de d\u00favidas exclusivo na \u00e1rea do aluno para voc\u00ea esclarecer pontos com seus professores. Confiamos tanto na qualidade da nossa equipe e dos nossos materiais que n\u00f3s temos uma pol\u00edtica de satisfa\u00e7\u00e3o garantida ou seu dinheiro de volta, em at\u00e9 30 dias e sem burocracia.\u00a0Voc\u00ea n\u00e3o tem nada a perder, conhe\u00e7a nossos cursos!<\/span><\/p>\n<p style=\"text-align: justify;\">\n<h3 style=\"text-align: justify;\">Disciplinas detalhadas do edital Bombeiros RN 2017<\/h3>\n<p><img loading=\"lazy\" decoding=\"async\" class=\"size-full wp-image-63921 alignleft\" style=\"width: 200px; height: 200px;\" title=\"\" src=\"https:\/\/dhg1h5j42swfq.cloudfront.net\/2017\/02\/06103619\/Adinoel-TCE-PE-livros.jpg\" alt=\"edital Bombeiros RN\" width=\"1000\" height=\"1000\" srcset=\"https:\/\/dhg1h5j42swfq.cloudfront.net\/2017\/02\/06103619\/Adinoel-TCE-PE-livros.jpg 1000w, https:\/\/dhg1h5j42swfq.cloudfront.net\/2017\/02\/06103619\/Adinoel-TCE-PE-livros.jpg 150w, https:\/\/dhg1h5j42swfq.cloudfront.net\/2017\/02\/06103619\/Adinoel-TCE-PE-livros.jpg 300w, https:\/\/dhg1h5j42swfq.cloudfront.net\/2017\/02\/06103619\/Adinoel-TCE-PE-livros.jpg 768w\" sizes=\"auto, (max-width: 1000px) 100vw, 1000px\" \/><\/p>\n<p style=\"text-align: justify;\">Abaixo, voc\u00ea tem em detalhes cada disciplina do edital Bombeitros RN 2017. Mais adiante, voc\u00ea tem uma tabela para controle de estudos. Essa tabela \u00e9 em EXCEL e \u00e9 edit\u00e1vel.<\/p>\n<p style=\"text-align: justify;\">\n<h4 style=\"text-align: justify;\">L\u00cdNGUA PORTUGUESA<\/h4>\n<p style=\"margin-left: 40px; text-align: justify;\">\u2022\u2022 Leitura, compreens\u00e3o e interpreta\u00e7\u00e3o de textos.<\/p>\n<p style=\"margin-left: 40px; text-align: justify;\">\u2022\u2022 Estrutura\u00e7\u00e3o do texto e dos par\u00e1grafos.<\/p>\n<p style=\"margin-left: 40px; text-align: justify;\">\u2022\u2022 Articula\u00e7\u00e3o do texto: pronomes e express\u00f5es referenciais, nexos, operadores sequenciais.<\/p>\n<p style=\"margin-left: 40px; text-align: justify;\">\u2022\u2022 Significa\u00e7\u00e3o contextual de palavras e express\u00f5es.<\/p>\n<p style=\"margin-left: 40px; text-align: justify;\">\u2022\u2022 Equival\u00eancia e transforma\u00e7\u00e3o de estruturas.<\/p>\n<p style=\"margin-left: 40px; text-align: justify;\">\u2022\u2022 Sintaxe: processos de coordena\u00e7\u00e3o e subordina\u00e7\u00e3o.<\/p>\n<p style=\"margin-left: 40px; text-align: justify;\">\u2022\u2022 Emprego de tempos e modos verbais.<\/p>\n<p style=\"margin-left: 40px; text-align: justify;\">\u2022\u2022 Pontua\u00e7\u00e3o.<\/p>\n<p style=\"margin-left: 40px; text-align: justify;\">\u2022\u2022 Estrutura e forma\u00e7\u00e3o de palavras.<\/p>\n<p style=\"margin-left: 40px; text-align: justify;\">\u2022\u2022 Fun\u00e7\u00f5es das classes de palavras.<\/p>\n<p style=\"margin-left: 40px; text-align: justify;\">\u2022\u2022 Flex\u00e3o nominal e verbal.<\/p>\n<p style=\"margin-left: 40px; text-align: justify;\">\u2022\u2022 Pronomes: emprego, formas de tratamento e coloca\u00e7\u00e3o.<\/p>\n<p style=\"margin-left: 40px; text-align: justify;\">\u2022\u2022 Concord\u00e2ncia nominal e verbal.<\/p>\n<p style=\"margin-left: 40px; text-align: justify;\">\u2022\u2022 Reg\u00eancia nominal e verbal.<\/p>\n<p style=\"margin-left: 40px; text-align: justify;\">\u2022\u2022 Ocorr\u00eancia de crase.<\/p>\n<p style=\"margin-left: 40px; text-align: justify;\">\u2022\u2022 Ortografia oficial.<\/p>\n<p style=\"margin-left: 40px; text-align: justify;\">\u2022\u2022 Acentua\u00e7\u00e3o gr\u00e1fica.<\/p>\n<p style=\"text-align: justify;\">\n<h4 style=\"text-align: justify;\">MATEM\u00c1TICA<\/h4>\n<p style=\"margin-left: 40px; text-align: justify;\">\u2022\u2022 Princ\u00edpio da Regress\u00e3o ou Revers\u00e3o.<\/p>\n<p style=\"margin-left: 40px; text-align: justify;\">\u2022\u2022 L\u00f3gica Dedutiva, Argumentativa e Quantitativa.<\/p>\n<p style=\"margin-left: 40px; text-align: justify;\">\u2022\u2022 L\u00f3gica Matem\u00e1tica Qualitativa.<\/p>\n<p style=\"margin-left: 40px; text-align: justify;\">\u2022\u2022 Sequ\u00eancias L\u00f3gicas envolvendo N\u00fameros, Letras e Figuras.<\/p>\n<p style=\"margin-left: 40px; text-align: justify;\">\u2022\u2022 Regra de tr\u00eas simples e compostas.<\/p>\n<p style=\"margin-left: 40px; text-align: justify;\">\u2022\u2022 Raz\u00f5es Especiais.<\/p>\n<p style=\"margin-left: 40px; text-align: justify;\">\u2022\u2022 An\u00e1lise Combinat\u00f3ria e Probabilidade.<\/p>\n<p style=\"margin-left: 40px; text-align: justify;\">\u2022\u2022 Progress\u00f5es Aritm\u00e9tica e Geom\u00e9trica.<\/p>\n<p style=\"margin-left: 40px; text-align: justify;\">\u2022\u2022 Conjuntos: as rela\u00e7\u00f5es de pertin\u00eancia, inclus\u00e3o e igualdade; opera\u00e7\u00f5es entre conjuntos, uni\u00e3o, interse\u00e7\u00e3o e diferen\u00e7a.<\/p>\n<p style=\"margin-left: 40px; text-align: justify;\">\u2022\u2022 Geometria plana e espacial.<\/p>\n<p style=\"margin-left: 40px; text-align: justify;\">\u2022\u2022 Trigonometria.<\/p>\n<p style=\"margin-left: 40px; text-align: justify;\">\u2022\u2022 Conjuntos num\u00e9ricos.<\/p>\n<p style=\"margin-left: 40px; text-align: justify;\">\u2022\u2022 Equa\u00e7\u00f5es de 1o e 2o graus.<\/p>\n<p style=\"margin-left: 40px; text-align: justify;\">\u2022\u2022 Inequa\u00e7\u00f5es de 1o e 2o graus.<\/p>\n<p style=\"margin-left: 40px; text-align: justify;\">\u2022\u2022 Fun\u00e7\u00f5es de 1o e 2\u00b0 graus.<\/p>\n<p style=\"margin-left: 40px; text-align: justify;\">\u2022\u2022 Geometria anal\u00edtica.<\/p>\n<p style=\"margin-left: 40px; text-align: justify;\">\u2022\u2022 Matrizes determinantes e sistemas lineares.<\/p>\n<p style=\"margin-left: 40px; text-align: justify;\">\u2022\u2022 Polin\u00f4mios.<\/p>\n<p style=\"text-align: justify;\">\n<h4 style=\"text-align: justify;\">BIOLOGIA<\/h4>\n<p style=\"margin-left: 40px; text-align: justify;\">\u2022\u2022 Sa\u00fade, higiene e saneamento b\u00e1sico \u2013 Princ\u00edpios b\u00e1sicos de sa\u00fade; Doen\u00e7as adquiridas transmiss\u00edveis: viroses, (transmiss\u00e3o e profilaxia), AIDS, dengue, poliomielite, raiva e sarampo; infec\u00e7\u00f5es bacterianas (transmiss\u00e3o e profilaxia) \u2014 tuberculose, s\u00edfilis, meningite meningoc\u00f3cica, c\u00f3lera, t\u00e9tano e leptospirose; protozoonoses (transmiss\u00e3o e profilaxia) \u2014 ameb\u00edase, mal\u00e1ria e doen\u00e7a de Chagas; verminoses (ciclo de vida e profilaxia) \u2014 ascarid\u00edase, ten\u00edase, cisticercose, esquistossomose e ancilostomose; Defesas do organismo: imunidade passiva e imunidade ativa.<\/p>\n<p style=\"margin-left: 40px; text-align: justify;\">\u2022\u2022 Composi\u00e7\u00e3o qu\u00edmica dos seres vivos e suas fun\u00e7\u00f5es \u2013 Estrutura e propriedades qu\u00edmicas das biomol\u00e9culas: vitaminas e sais minerais, carboidratos, prote\u00ednas, glic\u00eddios, lip\u00eddeos, \u00e1cidos nucleicos e enzimas.<\/p>\n<p style=\"margin-left: 40px; text-align: justify;\">\u2022\u2022 Tecidos animais \u2013 Caracter\u00edsticas estruturais e funcionais.<\/p>\n<p style=\"margin-left: 40px; text-align: justify;\">\u2022\u2022 Morfologia e fisiologia humanas \u2013 Morfologia externa e interna; Fisiologia, nutri\u00e7\u00e3o, digest\u00e3o, respira\u00e7\u00e3o, circula\u00e7\u00e3o e excre\u00e7\u00e3o; Sistemas de prote\u00e7\u00e3o, sustenta\u00e7\u00e3o e locomo\u00e7\u00e3o; Sistemas nervoso e end\u00f3crino.<\/p>\n<p style=\"text-align: justify;\">\n<h4 style=\"text-align: justify;\">CONHECIMENTOS REGIONAIS E ATUALIDADES<\/h4>\n<p style=\"margin-left: 40px; text-align: justify;\">\u2022\u2022 T\u00f3picos relevantes e atuais de diversas \u00e1reas, tais como pol\u00edtica, economia, sociedade, educa\u00e7\u00e3o, tecnologia, energia, rela\u00e7\u00f5es internacionais, desenvolvimento sustent\u00e1vel, ecologia, seguran\u00e7a p\u00fablica e sociedade.<\/p>\n<p style=\"margin-left: 40px; text-align: justify;\">\u2022\u2022 Hist\u00f3ria e Geografia do Estado do Rio Grande do Norte; Governo e Administra\u00e7\u00e3o P\u00fablica Estadual; clima e vegeta\u00e7\u00e3o; hidrografia; atualidades: economia, pol\u00edtica e desenvolvimento.<\/p>\n<p style=\"text-align: justify;\">\n<h4 style=\"text-align: justify;\">NORMAS PERTINENTES AO CBMRN<\/h4>\n<p style=\"margin-left: 40px; text-align: justify;\">\u2022\u2022 Constitui\u00e7\u00e3o Federal<\/p>\n<p style=\"margin-left: 80px; text-align: justify;\">\u2022\u2022 \u2022\u2022 T\u00edtulo III, Cap\u00edtulo VII, Se\u00e7\u00e3o III \u2013 Dos Militares dos Estados, do Distrito Federal e dos Territ\u00f3rios<\/p>\n<p style=\"margin-left: 80px; text-align: justify;\">\u2022\u2022 \u2022\u2022 T\u00edtulo V, Cap\u00edtulo III \u2013 Da Seguran\u00e7a P\u00fablica (art. 144)<\/p>\n<p style=\"margin-left: 40px; text-align: justify;\">\u2022\u2022 Constitui\u00e7\u00e3o Estadual<\/p>\n<p style=\"margin-left: 80px; text-align: justify;\">\u2022\u2022 \u2022\u2022 T\u00edtulo III, Cap\u00edtulo VI, Se\u00e7\u00e3o III \u2013 Dos Militares do Estado (art. 31) e outros constantes na Emenda Constitucional Estadual no 008\/2012<\/p>\n<p style=\"margin-left: 40px; text-align: justify;\">\u2022\u2022 Lei Complementar no 230, de 22 de maio de 2002 \u2013 Disp\u00f5e sobre o Corpo de Bombeiros Militar do Estado do Rio Grande do Norte, fixa o efetivo da Corpora\u00e7\u00e3o, e d\u00e1 outras provid\u00eancias<\/p>\n<p style=\"margin-left: 40px; text-align: justify;\">\u2022\u2022 Decreto no 16.038, de 2 de maio de 2002 \u2013 Aprova o Regulamento Geral do Corpo de Bombeiros Militar do Estado do Rio Grande do Norte, e d\u00e1 outras provid\u00eancias<\/p>\n<p style=\"margin-left: 40px; text-align: justify;\">\u2022\u2022 Lei no 4.630, de 16 de dezembro de 1976 \u2013 Disp\u00f5e sobre o Estatuto dos Policiais Militares do Estado do Rio Grande do Norte, e d\u00e1 outras provid\u00eancias<\/p>\n<h3>Tabela para controle de estudos Bombeiros RN 2017<\/h3>\n<p><img loading=\"lazy\" decoding=\"async\" width=\"879\" height=\"360\" class=\"alignnone size-full wp-image-64113\" style=\"width: 700px; height: 287px;\" src=\"https:\/\/dhg1h5j42swfq.cloudfront.net\/2017\/02\/07101634\/Adinoel-bombeiros-rn-tabela-disciplinas.png\" alt=\"edital Bombeiros RN\" srcset=\"https:\/\/dhg1h5j42swfq.cloudfront.net\/2017\/02\/07101634\/Adinoel-bombeiros-rn-tabela-disciplinas.png 879w, https:\/\/dhg1h5j42swfq.cloudfront.net\/2017\/02\/07101634\/Adinoel-bombeiros-rn-tabela-disciplinas.png 300w, https:\/\/dhg1h5j42swfq.cloudfront.net\/2017\/02\/07101634\/Adinoel-bombeiros-rn-tabela-disciplinas.png 768w, https:\/\/dhg1h5j42swfq.cloudfront.net\/2017\/02\/07101634\/Adinoel-bombeiros-rn-tabela-disciplinas.png 500w\" sizes=\"auto, (max-width: 879px) 100vw, 879px\" \/><\/p>\n<p style=\"text-align: justify;\">O Estrat\u00e9gia Concursos disponibiliza um arquivo em EXCEL (arquivo edit\u00e1vel) para controle de estudos.<\/p>\n<p style=\"text-align: center;\"><a href=\"https:\/\/www.estrategiaconcursos.com.br\/blog\/wp-content\/uploads\/2017\/02\/Adinoel-bombeiros-rn-tabela-disciplinas.xlsx\">Clique aqui para baixar a tabela de controle de estudos Bombeiros RN<\/a><\/p>\n<p style=\"text-align: justify;\">\n<p style=\"text-align: justify;\">\n<p><strong>Informa\u00e7\u00f5es do Concurso<\/strong><\/p>\n<p>\u2022\u2022 Edital na pra\u00e7a:\u00a0<a href=\"https:\/\/www.estrategiaconcursos.com.br\/blog\/wp-content\/uploads\/2017\/02\/Edital-Bombeiros-RN-20171.pdf\" target=\"_blank\" rel=\"noopener\">Edital Bombeiros RN 2017<\/a><\/p>\n<p>\u2022\u2022 Vagas: <span style=\"color: #008000;\"><b>70 vagas para Soldado<\/b><\/span><\/p>\n<p>\u2022\u2022 Lota\u00e7\u00f5es:\u00a0<span style=\"color: #008000;\"><strong>Estado do Rio Grane do Norte\u00a0<\/strong><\/span><\/p>\n<p>\u2022\u2022 Remunera\u00e7\u00e3o inicial: \u00a0<span style=\"color: #008000;\"><b>R$ 2.904,00<\/b><\/span><\/p>\n<p>\u2022\u2022 Banca:\u00a0<a href=\"http:\/\/www.idecan.org.br\/\" target=\"_blank\" rel=\"noopener\">IDECAN<\/a><\/p>\n<p>\u2022\u2022 Escolaridade:\u00a0<span style=\"color: #008000;\"><strong>Ensino M\u00e9dio<\/strong><\/span><\/p>\n<p>Bons estudos!<\/p>\n","protected":false},"excerpt":{"rendered":"<p>O Edital Bombeiros RN 2017 foi divulgado dia 07\/02\/2017. Esse edital oferece 70\u00a0(setenta) vagas para o Cargo de Soldado do Quadro de Prac\u0327as Bombeiro Militar (QPBM) do Corpo de Bombeiros Militar do Estado do Rio Grande do Norte a serem distribui\u0301das em ampla concorre\u0302ncia para ambos os sexos. O Estrat\u00e9gia Concursos tamb\u00e9m divulgou not\u00edcia sobre [&hellip;]<\/p>\n","protected":false},"author":1,"featured_media":0,"comment_status":"open","ping_status":"open","sticky":false,"template":"","format":"standard","meta":{"post_tipo":"article","footnotes":""},"categories":[1],"tags":[],"tax_estado":[],"class_list":["post-64034","post","type-post","status-publish","format-standard","hentry","category-cursos-e-concursos"],"acf":[],"yoast_head":"<!-- This site is optimized with the Yoast SEO Premium plugin v27.2 (Yoast SEO v27.2) - https:\/\/yoast.com\/product\/yoast-seo-premium-wordpress\/ -->\n<title>Edital Bombeiros RN Publicado! Saiba tudo sobre o concurso<\/title>\n<meta name=\"description\" content=\"O artigo detalha o edital Bombeiros RN 2017. Esse edital oferece 70 vagas para soldado. No artigo, voc\u00ea ver\u00e1 remunera\u00e7\u00e3o, disciplinas cobradas, etc.\" \/>\n<meta name=\"robots\" content=\"index, follow, max-snippet:-1, max-image-preview:large, max-video-preview:-1\" \/>\n<link rel=\"canonical\" href=\"https:\/\/www.estrategiaconcursos.com.br\/blog\/edital-bombeiros-rn-2\/\" \/>\n<meta property=\"og:locale\" content=\"pt_BR\" \/>\n<meta property=\"og:type\" content=\"article\" \/>\n<meta property=\"og:title\" content=\"Edital Bombeiros RN Publicado! Saiba tudo sobre o concurso\" \/>\n<meta property=\"og:description\" content=\"O artigo detalha o edital Bombeiros RN 2017. Esse edital oferece 70 vagas para soldado. No artigo, voc\u00ea ver\u00e1 remunera\u00e7\u00e3o, disciplinas cobradas, etc.\" \/>\n<meta property=\"og:url\" content=\"https:\/\/www.estrategiaconcursos.com.br\/blog\/edital-bombeiros-rn-2\/\" \/>\n<meta property=\"og:site_name\" content=\"Estrat\u00e9gia Concursos\" \/>\n<meta property=\"article:author\" content=\"https:\/\/www.facebook.com\/EstrategiaConcursos\" \/>\n<meta property=\"article:published_time\" content=\"2017-02-11T15:50:30+00:00\" \/>\n<meta property=\"article:modified_time\" content=\"2023-09-14T13:07:11+00:00\" \/>\n<meta property=\"og:image\" content=\"https:\/\/www.estrategiaconcursos.com.br\/blog\/wp-content\/uploads\/2017\/02\/Adinoel-bombeiros-rn-logotipo.png\" \/>\n<meta name=\"author\" content=\"Coordena\u00e7\u00e3o\" \/>\n<meta name=\"twitter:card\" content=\"summary_large_image\" \/>\n<meta name=\"twitter:creator\" content=\"@EstratConcursos\" \/>\n<meta name=\"twitter:site\" content=\"@EstratConcursos\" \/>\n<meta name=\"twitter:label1\" content=\"Escrito por\" \/>\n\t<meta name=\"twitter:data1\" content=\"Coordena\u00e7\u00e3o\" \/>\n\t<meta name=\"twitter:label2\" content=\"Est. tempo de leitura\" \/>\n\t<meta name=\"twitter:data2\" content=\"15 minutos\" \/>\n<script type=\"application\/ld+json\" class=\"yoast-schema-graph\">{\"@context\":\"https:\/\/schema.org\",\"@graph\":[{\"@type\":\"NewsArticle\",\"@id\":\"https:\/\/www.estrategiaconcursos.com.br\/blog\/edital-bombeiros-rn-2\/#article\",\"isPartOf\":{\"@id\":\"https:\/\/www.estrategiaconcursos.com.br\/blog\/edital-bombeiros-rn-2\/\"},\"author\":{\"name\":\"Coordena\u00e7\u00e3o\",\"@id\":\"https:\/\/www.estrategiaconcursos.com.br\/blog\/#\/schema\/person\/b4a388c97673c5f483d72185668afa1f\"},\"headline\":\"Edital Bombeiros RN Publicado! Saiba tudo sobre o concurso\",\"datePublished\":\"2017-02-11T15:50:30+00:00\",\"dateModified\":\"2023-09-14T13:07:11+00:00\",\"mainEntityOfPage\":{\"@id\":\"https:\/\/www.estrategiaconcursos.com.br\/blog\/edital-bombeiros-rn-2\/\"},\"wordCount\":3018,\"commentCount\":0,\"publisher\":{\"@id\":\"https:\/\/www.estrategiaconcursos.com.br\/blog\/#organization\"},\"image\":{\"@id\":\"https:\/\/www.estrategiaconcursos.com.br\/blog\/edital-bombeiros-rn-2\/#primaryimage\"},\"thumbnailUrl\":\"https:\/\/www.estrategiaconcursos.com.br\/blog\/wp-content\/uploads\/2017\/02\/Adinoel-bombeiros-rn-logotipo.png\",\"articleSection\":[\"Concursos P\u00fablicos\"],\"inLanguage\":\"pt-BR\",\"potentialAction\":[{\"@type\":\"CommentAction\",\"name\":\"Comment\",\"target\":[\"https:\/\/www.estrategiaconcursos.com.br\/blog\/edital-bombeiros-rn-2\/#respond\"]}],\"copyrightYear\":\"2017\",\"copyrightHolder\":{\"@id\":\"https:\/\/www.estrategiaconcursos.com.br\/blog\/#organization\"}},{\"@type\":\"WebPage\",\"@id\":\"https:\/\/www.estrategiaconcursos.com.br\/blog\/edital-bombeiros-rn-2\/\",\"url\":\"https:\/\/www.estrategiaconcursos.com.br\/blog\/edital-bombeiros-rn-2\/\",\"name\":\"Edital Bombeiros RN Publicado! Saiba tudo sobre o concurso\",\"isPartOf\":{\"@id\":\"https:\/\/www.estrategiaconcursos.com.br\/blog\/#website\"},\"primaryImageOfPage\":{\"@id\":\"https:\/\/www.estrategiaconcursos.com.br\/blog\/edital-bombeiros-rn-2\/#primaryimage\"},\"image\":{\"@id\":\"https:\/\/www.estrategiaconcursos.com.br\/blog\/edital-bombeiros-rn-2\/#primaryimage\"},\"thumbnailUrl\":\"https:\/\/www.estrategiaconcursos.com.br\/blog\/wp-content\/uploads\/2017\/02\/Adinoel-bombeiros-rn-logotipo.png\",\"datePublished\":\"2017-02-11T15:50:30+00:00\",\"dateModified\":\"2023-09-14T13:07:11+00:00\",\"description\":\"O artigo detalha o edital Bombeiros RN 2017. Esse edital oferece 70 vagas para soldado. No artigo, voc\u00ea ver\u00e1 remunera\u00e7\u00e3o, disciplinas cobradas, etc.\",\"breadcrumb\":{\"@id\":\"https:\/\/www.estrategiaconcursos.com.br\/blog\/edital-bombeiros-rn-2\/#breadcrumb\"},\"inLanguage\":\"pt-BR\",\"potentialAction\":[{\"@type\":\"ReadAction\",\"target\":[\"https:\/\/www.estrategiaconcursos.com.br\/blog\/edital-bombeiros-rn-2\/\"]}]},{\"@type\":\"ImageObject\",\"inLanguage\":\"pt-BR\",\"@id\":\"https:\/\/www.estrategiaconcursos.com.br\/blog\/edital-bombeiros-rn-2\/#primaryimage\",\"url\":\"https:\/\/dhg1h5j42swfq.cloudfront.net\/2017\/02\/07074414\/Adinoel-bombeiros-rn-logotipo.png\",\"contentUrl\":\"https:\/\/dhg1h5j42swfq.cloudfront.net\/2017\/02\/07074414\/Adinoel-bombeiros-rn-logotipo.png\",\"width\":886,\"height\":887},{\"@type\":\"BreadcrumbList\",\"@id\":\"https:\/\/www.estrategiaconcursos.com.br\/blog\/edital-bombeiros-rn-2\/#breadcrumb\",\"itemListElement\":[{\"@type\":\"ListItem\",\"position\":1,\"name\":\"In\u00edcio\",\"item\":\"https:\/\/www.estrategiaconcursos.com.br\/blog\/\"},{\"@type\":\"ListItem\",\"position\":2,\"name\":\"Edital Bombeiros RN Publicado! Saiba tudo sobre o concurso\"}]},{\"@type\":\"WebSite\",\"@id\":\"https:\/\/www.estrategiaconcursos.com.br\/blog\/#website\",\"url\":\"https:\/\/www.estrategiaconcursos.com.br\/blog\/\",\"name\":\"Estrat\u00e9gia Concursos\",\"description\":\"O blog da Estrat\u00e9gia Concursos traz not\u00edcias sobre concursos e artigos de professores oferecendo cursos para concursos (pdf + videaulas) no site.\",\"publisher\":{\"@id\":\"https:\/\/www.estrategiaconcursos.com.br\/blog\/#organization\"},\"potentialAction\":[{\"@type\":\"SearchAction\",\"target\":{\"@type\":\"EntryPoint\",\"urlTemplate\":\"https:\/\/www.estrategiaconcursos.com.br\/blog\/?s={search_term_string}\"},\"query-input\":{\"@type\":\"PropertyValueSpecification\",\"valueRequired\":true,\"valueName\":\"search_term_string\"}}],\"inLanguage\":\"pt-BR\"},{\"@type\":\"Organization\",\"@id\":\"https:\/\/www.estrategiaconcursos.com.br\/blog\/#organization\",\"name\":\"Estrat\u00e9gia Concursos\",\"url\":\"https:\/\/www.estrategiaconcursos.com.br\/blog\/\",\"logo\":{\"@type\":\"ImageObject\",\"inLanguage\":\"pt-BR\",\"@id\":\"https:\/\/www.estrategiaconcursos.com.br\/blog\/#\/schema\/logo\/image\/\",\"url\":\"https:\/\/dhg1h5j42swfq.cloudfront.net\/2025\/06\/03203428\/logo_concursos-1.jpg\",\"contentUrl\":\"https:\/\/dhg1h5j42swfq.cloudfront.net\/2025\/06\/03203428\/logo_concursos-1.jpg\",\"width\":230,\"height\":60,\"caption\":\"Estrat\u00e9gia Concursos\"},\"image\":{\"@id\":\"https:\/\/www.estrategiaconcursos.com.br\/blog\/#\/schema\/logo\/image\/\"},\"sameAs\":[\"https:\/\/x.com\/EstratConcursos\"]},{\"@type\":\"Person\",\"@id\":\"https:\/\/www.estrategiaconcursos.com.br\/blog\/#\/schema\/person\/b4a388c97673c5f483d72185668afa1f\",\"name\":\"Coordena\u00e7\u00e3o\",\"image\":{\"@type\":\"ImageObject\",\"inLanguage\":\"pt-BR\",\"@id\":\"https:\/\/secure.gravatar.com\/avatar\/b720319e4c9a967eb58678d110f4fe35452fc5d5f97b202bac7b8acceb18c6ad?s=96&d=mm&r=g\",\"url\":\"https:\/\/secure.gravatar.com\/avatar\/b720319e4c9a967eb58678d110f4fe35452fc5d5f97b202bac7b8acceb18c6ad?s=96&d=mm&r=g\",\"contentUrl\":\"https:\/\/secure.gravatar.com\/avatar\/b720319e4c9a967eb58678d110f4fe35452fc5d5f97b202bac7b8acceb18c6ad?s=96&d=mm&r=g\",\"caption\":\"Coordena\u00e7\u00e3o\"},\"sameAs\":[\"https:\/\/www.facebook.com\/EstrategiaConcursos\",\"https:\/\/x.com\/EstratConcursos\"],\"url\":\"https:\/\/www.estrategiaconcursos.com.br\/blog\/author\/estrategia2013\/\"}]}<\/script>\n<!-- \/ Yoast SEO Premium plugin. -->","yoast_head_json":{"title":"Edital Bombeiros RN Publicado! Saiba tudo sobre o concurso","description":"O artigo detalha o edital Bombeiros RN 2017. Esse edital oferece 70 vagas para soldado. No artigo, voc\u00ea ver\u00e1 remunera\u00e7\u00e3o, disciplinas cobradas, etc.","robots":{"index":"index","follow":"follow","max-snippet":"max-snippet:-1","max-image-preview":"max-image-preview:large","max-video-preview":"max-video-preview:-1"},"canonical":"https:\/\/www.estrategiaconcursos.com.br\/blog\/edital-bombeiros-rn-2\/","og_locale":"pt_BR","og_type":"article","og_title":"Edital Bombeiros RN Publicado! Saiba tudo sobre o concurso","og_description":"O artigo detalha o edital Bombeiros RN 2017. Esse edital oferece 70 vagas para soldado. No artigo, voc\u00ea ver\u00e1 remunera\u00e7\u00e3o, disciplinas cobradas, etc.","og_url":"https:\/\/www.estrategiaconcursos.com.br\/blog\/edital-bombeiros-rn-2\/","og_site_name":"Estrat\u00e9gia Concursos","article_author":"https:\/\/www.facebook.com\/EstrategiaConcursos","article_published_time":"2017-02-11T15:50:30+00:00","article_modified_time":"2023-09-14T13:07:11+00:00","og_image":[{"url":"https:\/\/www.estrategiaconcursos.com.br\/blog\/wp-content\/uploads\/2017\/02\/Adinoel-bombeiros-rn-logotipo.png","type":"","width":"","height":""}],"author":"Coordena\u00e7\u00e3o","twitter_card":"summary_large_image","twitter_creator":"@EstratConcursos","twitter_site":"@EstratConcursos","twitter_misc":{"Escrito por":"Coordena\u00e7\u00e3o","Est. tempo de leitura":"15 minutos"},"schema":{"@context":"https:\/\/schema.org","@graph":[{"@type":"NewsArticle","@id":"https:\/\/www.estrategiaconcursos.com.br\/blog\/edital-bombeiros-rn-2\/#article","isPartOf":{"@id":"https:\/\/www.estrategiaconcursos.com.br\/blog\/edital-bombeiros-rn-2\/"},"author":{"name":"Coordena\u00e7\u00e3o","@id":"https:\/\/www.estrategiaconcursos.com.br\/blog\/#\/schema\/person\/b4a388c97673c5f483d72185668afa1f"},"headline":"Edital Bombeiros RN Publicado! Saiba tudo sobre o concurso","datePublished":"2017-02-11T15:50:30+00:00","dateModified":"2023-09-14T13:07:11+00:00","mainEntityOfPage":{"@id":"https:\/\/www.estrategiaconcursos.com.br\/blog\/edital-bombeiros-rn-2\/"},"wordCount":3018,"commentCount":0,"publisher":{"@id":"https:\/\/www.estrategiaconcursos.com.br\/blog\/#organization"},"image":{"@id":"https:\/\/www.estrategiaconcursos.com.br\/blog\/edital-bombeiros-rn-2\/#primaryimage"},"thumbnailUrl":"https:\/\/www.estrategiaconcursos.com.br\/blog\/wp-content\/uploads\/2017\/02\/Adinoel-bombeiros-rn-logotipo.png","articleSection":["Concursos P\u00fablicos"],"inLanguage":"pt-BR","potentialAction":[{"@type":"CommentAction","name":"Comment","target":["https:\/\/www.estrategiaconcursos.com.br\/blog\/edital-bombeiros-rn-2\/#respond"]}],"copyrightYear":"2017","copyrightHolder":{"@id":"https:\/\/www.estrategiaconcursos.com.br\/blog\/#organization"}},{"@type":"WebPage","@id":"https:\/\/www.estrategiaconcursos.com.br\/blog\/edital-bombeiros-rn-2\/","url":"https:\/\/www.estrategiaconcursos.com.br\/blog\/edital-bombeiros-rn-2\/","name":"Edital Bombeiros RN Publicado! Saiba tudo sobre o concurso","isPartOf":{"@id":"https:\/\/www.estrategiaconcursos.com.br\/blog\/#website"},"primaryImageOfPage":{"@id":"https:\/\/www.estrategiaconcursos.com.br\/blog\/edital-bombeiros-rn-2\/#primaryimage"},"image":{"@id":"https:\/\/www.estrategiaconcursos.com.br\/blog\/edital-bombeiros-rn-2\/#primaryimage"},"thumbnailUrl":"https:\/\/www.estrategiaconcursos.com.br\/blog\/wp-content\/uploads\/2017\/02\/Adinoel-bombeiros-rn-logotipo.png","datePublished":"2017-02-11T15:50:30+00:00","dateModified":"2023-09-14T13:07:11+00:00","description":"O artigo detalha o edital Bombeiros RN 2017. Esse edital oferece 70 vagas para soldado. No artigo, voc\u00ea ver\u00e1 remunera\u00e7\u00e3o, disciplinas cobradas, etc.","breadcrumb":{"@id":"https:\/\/www.estrategiaconcursos.com.br\/blog\/edital-bombeiros-rn-2\/#breadcrumb"},"inLanguage":"pt-BR","potentialAction":[{"@type":"ReadAction","target":["https:\/\/www.estrategiaconcursos.com.br\/blog\/edital-bombeiros-rn-2\/"]}]},{"@type":"ImageObject","inLanguage":"pt-BR","@id":"https:\/\/www.estrategiaconcursos.com.br\/blog\/edital-bombeiros-rn-2\/#primaryimage","url":"https:\/\/dhg1h5j42swfq.cloudfront.net\/2017\/02\/07074414\/Adinoel-bombeiros-rn-logotipo.png","contentUrl":"https:\/\/dhg1h5j42swfq.cloudfront.net\/2017\/02\/07074414\/Adinoel-bombeiros-rn-logotipo.png","width":886,"height":887},{"@type":"BreadcrumbList","@id":"https:\/\/www.estrategiaconcursos.com.br\/blog\/edital-bombeiros-rn-2\/#breadcrumb","itemListElement":[{"@type":"ListItem","position":1,"name":"In\u00edcio","item":"https:\/\/www.estrategiaconcursos.com.br\/blog\/"},{"@type":"ListItem","position":2,"name":"Edital Bombeiros RN Publicado! Saiba tudo sobre o concurso"}]},{"@type":"WebSite","@id":"https:\/\/www.estrategiaconcursos.com.br\/blog\/#website","url":"https:\/\/www.estrategiaconcursos.com.br\/blog\/","name":"Estrat\u00e9gia Concursos","description":"O blog da Estrat\u00e9gia Concursos traz not\u00edcias sobre concursos e artigos de professores oferecendo cursos para concursos (pdf + videaulas) no site.","publisher":{"@id":"https:\/\/www.estrategiaconcursos.com.br\/blog\/#organization"},"potentialAction":[{"@type":"SearchAction","target":{"@type":"EntryPoint","urlTemplate":"https:\/\/www.estrategiaconcursos.com.br\/blog\/?s={search_term_string}"},"query-input":{"@type":"PropertyValueSpecification","valueRequired":true,"valueName":"search_term_string"}}],"inLanguage":"pt-BR"},{"@type":"Organization","@id":"https:\/\/www.estrategiaconcursos.com.br\/blog\/#organization","name":"Estrat\u00e9gia Concursos","url":"https:\/\/www.estrategiaconcursos.com.br\/blog\/","logo":{"@type":"ImageObject","inLanguage":"pt-BR","@id":"https:\/\/www.estrategiaconcursos.com.br\/blog\/#\/schema\/logo\/image\/","url":"https:\/\/dhg1h5j42swfq.cloudfront.net\/2025\/06\/03203428\/logo_concursos-1.jpg","contentUrl":"https:\/\/dhg1h5j42swfq.cloudfront.net\/2025\/06\/03203428\/logo_concursos-1.jpg","width":230,"height":60,"caption":"Estrat\u00e9gia Concursos"},"image":{"@id":"https:\/\/www.estrategiaconcursos.com.br\/blog\/#\/schema\/logo\/image\/"},"sameAs":["https:\/\/x.com\/EstratConcursos"]},{"@type":"Person","@id":"https:\/\/www.estrategiaconcursos.com.br\/blog\/#\/schema\/person\/b4a388c97673c5f483d72185668afa1f","name":"Coordena\u00e7\u00e3o","image":{"@type":"ImageObject","inLanguage":"pt-BR","@id":"https:\/\/secure.gravatar.com\/avatar\/b720319e4c9a967eb58678d110f4fe35452fc5d5f97b202bac7b8acceb18c6ad?s=96&d=mm&r=g","url":"https:\/\/secure.gravatar.com\/avatar\/b720319e4c9a967eb58678d110f4fe35452fc5d5f97b202bac7b8acceb18c6ad?s=96&d=mm&r=g","contentUrl":"https:\/\/secure.gravatar.com\/avatar\/b720319e4c9a967eb58678d110f4fe35452fc5d5f97b202bac7b8acceb18c6ad?s=96&d=mm&r=g","caption":"Coordena\u00e7\u00e3o"},"sameAs":["https:\/\/www.facebook.com\/EstrategiaConcursos","https:\/\/x.com\/EstratConcursos"],"url":"https:\/\/www.estrategiaconcursos.com.br\/blog\/author\/estrategia2013\/"}]}},"_links":{"self":[{"href":"https:\/\/www.estrategiaconcursos.com.br\/blog\/wp-json\/wp\/v2\/posts\/64034","targetHints":{"allow":["GET"]}}],"collection":[{"href":"https:\/\/www.estrategiaconcursos.com.br\/blog\/wp-json\/wp\/v2\/posts"}],"about":[{"href":"https:\/\/www.estrategiaconcursos.com.br\/blog\/wp-json\/wp\/v2\/types\/post"}],"author":[{"embeddable":true,"href":"https:\/\/www.estrategiaconcursos.com.br\/blog\/wp-json\/wp\/v2\/users\/1"}],"replies":[{"embeddable":true,"href":"https:\/\/www.estrategiaconcursos.com.br\/blog\/wp-json\/wp\/v2\/comments?post=64034"}],"version-history":[{"count":45,"href":"https:\/\/www.estrategiaconcursos.com.br\/blog\/wp-json\/wp\/v2\/posts\/64034\/revisions"}],"predecessor-version":[{"id":1277146,"href":"https:\/\/www.estrategiaconcursos.com.br\/blog\/wp-json\/wp\/v2\/posts\/64034\/revisions\/1277146"}],"wp:attachment":[{"href":"https:\/\/www.estrategiaconcursos.com.br\/blog\/wp-json\/wp\/v2\/media?parent=64034"}],"wp:term":[{"taxonomy":"category","embeddable":true,"href":"https:\/\/www.estrategiaconcursos.com.br\/blog\/wp-json\/wp\/v2\/categories?post=64034"},{"taxonomy":"post_tag","embeddable":true,"href":"https:\/\/www.estrategiaconcursos.com.br\/blog\/wp-json\/wp\/v2\/tags?post=64034"},{"taxonomy":"tax_estado","embeddable":true,"href":"https:\/\/www.estrategiaconcursos.com.br\/blog\/wp-json\/wp\/v2\/tax_estado?post=64034"}],"curies":[{"name":"wp","href":"https:\/\/api.w.org\/{rel}","templated":true}]}}