{"id":64012,"date":"2017-02-06T22:36:06","date_gmt":"2017-02-07T01:36:06","guid":{"rendered":"https:\/\/www.estrategiaconcursos.com.br\/blog\/?p=64012"},"modified":"2017-02-07T07:40:27","modified_gmt":"2017-02-07T10:40:27","slug":"comentarios-prova-soldado-militar-condutor-bombeiros-df-idecan-2016","status":"publish","type":"post","link":"https:\/\/www.estrategiaconcursos.com.br\/blog\/comentarios-prova-soldado-militar-condutor-bombeiros-df-idecan-2016\/","title":{"rendered":"Coment\u00e1rios Prova Soldado Militar Condutor Bombeiros DF IDECAN 2016"},"content":{"rendered":"<p>\n\tOl&aacute; caros alunos e alunas.\n<\/p>\n<p>\n\tHoje recebi a prova de um aluno e tamb&eacute;m percebi sua grande preocupa&ccedil;&atilde;o frente ao que foi abordado na provapara condutores de viaturas, pois, pretende fazer a prova no domingo pr&oacute;ximo, da mesma banca.\n<\/p>\n<p>\n\tIncialmente gostaria de dizer que a banca, a meu ver, perdeu a no&ccedil;&atilde;o e errou feio quanto ao grau de dificuldade em rela&ccedil;&atilde;o ao cargo a que se destina (n&atilde;o ofendendo e nem comparando carreiras).\n<\/p>\n<p>\n\tAlgumas quest&otilde;es tiveram n&iacute;vel de exigencia que seria meio fora da razoabilidade se fosse aplicadas a um concurso de professores.\n<\/p>\n<p>\n\tO vi&eacute;s de v&aacute;rias quest&otilde;es se relacionam muito mais &agrave; F&iacute;sica do que com a Qu&iacute;mica.\n<\/p>\n<p>\n\tA meu ver, mantida a prova (em face de diversas reclama&ccedil;&otilde;es sobre folha de respostas e de quest&otilde;es) creio que a nota de corte ser&aacute; muito afetada pelas quest&otilde;es de Qu&iacute;mica.\n<\/p>\n<p>\n\tN&atilde;o tive contato com outros colegas para ter uma avalia&ccedil;&atilde;o do grau de dificuldade das demais disciplinas.\n<\/p>\n<p>\n\tN&atilde;o quero justificar sobre o conte&uacute;do abordado no material em pdf do nosso curso. Mas, fico impressionado com o que ocorreu.\n<\/p>\n<p>\n\tMuitos candidatos apreensivos, desorientados, boquiabertos com assuntos nunca vistos em provas para o cargo em quest&atilde;o.\n<\/p>\n<p>\n\tEnt&atilde;o, recomendo calma e serenidade.\n<\/p>\n<p>\n\tAl&eacute;m disto, destaco abaixo aspectos que poderiam (e deveriam) ser questionados junto &agrave; banca.\n<\/p>\n<p>\n\tInclusive com a solicita&ccedil;&atilde;o de anula&ccedil;&atilde;o das quest&otilde;es.\n<\/p>\n<p>\n\tSempre digo a meus alunos que o N&Atilde;O j&aacute; temos de antem&atilde;o, mas, que devemos buscar o m&aacute;ximo poss&iacute;vel melhorar a nota atrav&eacute;s de recursos.\n<\/p>\n<p>\n\tPortanto, seguem sugest&otilde;es de quest&otilde;es que, caso eu fosse um candidato, buscaria recursos.\n<\/p>\n<p>\n\t&nbsp;\n<\/p>\n<p>\n\tNa quest&atilde;o 21 entraria com recurso devido:\n<\/p>\n<p>\n\tI- &agrave; falta de legenda para se referir (ou identificar) o que seria pO2 (C) e pO2 (A). Nada no texto remete ao c&aacute;todo e ao &acirc;nodo, no item I\n<\/p>\n<p>\n\tII &ndash; n&atilde;o foi especificado que deveria ser calculado o Epilha nas condi&ccedil;&otilde;es padr&atilde;o. Al&eacute;m do que deveria ser escrito &ldquo;admitindo-se&rdquo; para dar sentido &agrave; afirmativa.\n<\/p>\n<p>\n\tIII- N&atilde;o foram mencionados os estados f&iacute;sicos de todos os participantes no item III.\n<\/p>\n<p>\n\t&nbsp;\n<\/p>\n<p>\n\tQuest&atilde;o 25 deve ser anulada pois baseia-se na termodin&acirc;mica qu&iacute;mica que n&atilde;o est&aacute; prevista no edital.\n<\/p>\n<p>\n\t&nbsp;\n<\/p>\n<p>\n\tQuest&atilde;o 26. Menciona-se o termo se&ccedil;&atilde;o eficaz, na alternativa C. Este tema est&aacute; relacionado com a F&iacute;sica de part&iacute;culas (muito mais do que com a Qu&iacute;mica). Seria pass&iacute;vel de solicitar anula&ccedil;&atilde;o por erro material.\n<\/p>\n<p>\n\t&nbsp;\n<\/p>\n<p>\n\tQuest&atilde;o 27 aborda orbital molecular e n&atilde;o est&aacute; expl&iacute;cito nem que indiretamente no edital. Deve ser anulada.\n<\/p>\n<p>\n\t&nbsp;\n<\/p>\n<p>\n\tQuest&atilde;o 29 aborda termodin&acirc;mica qu&iacute;mica e equil&iacute;brios qu&iacute;micos (mencionado o Kp na afirmativa III) e n&atilde;o est&aacute; expl&iacute;cito nem que indiretamente no edital. Deve ser anulada.\n<\/p>\n<p>\n\t&nbsp;\n<\/p>\n<p>\n\tQuem sabe consigam alguma anula&ccedil;&atilde;o e melhora da nota da prova.\n<\/p>\n<p>\n\tPara encerrar, agradecer a todos pela confian&ccedil;a em meu trabalho.\n<\/p>\n<p>\n\tE eu lamento profundamente pelo que considero um equ&iacute;voco de abordagem dos temas ao cargo em tela.\n<\/p>\n<p>\n\t&nbsp;\n<\/p>\n<p>\n\tAbra&ccedil;o\n<\/p>\n<p>\n\tProf. Wagner Bertolini<\/p>\n","protected":false},"excerpt":{"rendered":"<p>Ol&aacute; caros alunos e alunas. Hoje recebi a prova de um aluno e tamb&eacute;m percebi sua grande preocupa&ccedil;&atilde;o frente ao que foi abordado na provapara condutores de viaturas, pois, pretende fazer a prova no domingo pr&oacute;ximo, da mesma banca. Incialmente gostaria de dizer que a banca, a meu ver, perdeu a no&ccedil;&atilde;o e errou feio [&hellip;]<\/p>\n","protected":false},"author":1,"featured_media":0,"comment_status":"open","ping_status":"open","sticky":false,"template":"","format":"standard","meta":{"post_tipo":"news","footnotes":""},"categories":[1,1988],"tags":[1189],"tax_estado":[],"class_list":["post-64012","post","type-post","status-publish","format-standard","hentry","category-cursos-e-concursos","category-policia","tag-bombeiros-df"],"acf":[],"yoast_head":"<!-- This site is optimized with the Yoast SEO Premium plugin v27.2 (Yoast SEO v27.2) - https:\/\/yoast.com\/product\/yoast-seo-premium-wordpress\/ -->\n<title>Coment\u00e1rios Prova Soldado Militar Condutor Bombeiros DF IDECAN 2016<\/title>\n<meta name=\"robots\" content=\"index, follow, max-snippet:-1, max-image-preview:large, max-video-preview:-1\" \/>\n<link rel=\"canonical\" href=\"https:\/\/www.estrategiaconcursos.com.br\/blog\/comentarios-prova-soldado-militar-condutor-bombeiros-df-idecan-2016\/\" \/>\n<meta property=\"og:locale\" content=\"pt_BR\" \/>\n<meta property=\"og:type\" content=\"article\" \/>\n<meta property=\"og:title\" content=\"Coment\u00e1rios Prova Soldado Militar Condutor Bombeiros DF IDECAN 2016\" \/>\n<meta property=\"og:description\" content=\"Ol&aacute; caros alunos e alunas. Hoje recebi a prova de um aluno e tamb&eacute;m percebi sua grande preocupa&ccedil;&atilde;o frente ao que foi abordado na provapara condutores de viaturas, pois, pretende fazer a prova no domingo pr&oacute;ximo, da mesma banca. Incialmente gostaria de dizer que a banca, a meu ver, perdeu a no&ccedil;&atilde;o e errou feio [&hellip;]\" \/>\n<meta property=\"og:url\" content=\"https:\/\/www.estrategiaconcursos.com.br\/blog\/comentarios-prova-soldado-militar-condutor-bombeiros-df-idecan-2016\/\" \/>\n<meta property=\"og:site_name\" content=\"Estrat\u00e9gia Concursos\" \/>\n<meta property=\"article:author\" content=\"https:\/\/www.facebook.com\/EstrategiaConcursos\" \/>\n<meta property=\"article:published_time\" content=\"2017-02-07T01:36:06+00:00\" \/>\n<meta property=\"article:modified_time\" content=\"2017-02-07T10:40:27+00:00\" \/>\n<meta name=\"author\" content=\"Coordena\u00e7\u00e3o\" \/>\n<meta name=\"twitter:card\" content=\"summary_large_image\" \/>\n<meta name=\"twitter:creator\" content=\"@EstratConcursos\" \/>\n<meta name=\"twitter:site\" content=\"@EstratConcursos\" \/>\n<meta name=\"twitter:label1\" content=\"Escrito por\" \/>\n\t<meta name=\"twitter:data1\" content=\"Coordena\u00e7\u00e3o\" \/>\n\t<meta name=\"twitter:label2\" content=\"Est. tempo de leitura\" \/>\n\t<meta name=\"twitter:data2\" content=\"3 minutos\" \/>\n<script type=\"application\/ld+json\" class=\"yoast-schema-graph\">{\"@context\":\"https:\/\/schema.org\",\"@graph\":[{\"@type\":\"NewsArticle\",\"@id\":\"https:\/\/www.estrategiaconcursos.com.br\/blog\/comentarios-prova-soldado-militar-condutor-bombeiros-df-idecan-2016\/#article\",\"isPartOf\":{\"@id\":\"https:\/\/www.estrategiaconcursos.com.br\/blog\/comentarios-prova-soldado-militar-condutor-bombeiros-df-idecan-2016\/\"},\"author\":{\"name\":\"Coordena\u00e7\u00e3o\",\"@id\":\"https:\/\/www.estrategiaconcursos.com.br\/blog\/#\/schema\/person\/b4a388c97673c5f483d72185668afa1f\"},\"headline\":\"Coment\u00e1rios Prova Soldado Militar Condutor Bombeiros DF IDECAN 2016\",\"datePublished\":\"2017-02-07T01:36:06+00:00\",\"dateModified\":\"2017-02-07T10:40:27+00:00\",\"mainEntityOfPage\":{\"@id\":\"https:\/\/www.estrategiaconcursos.com.br\/blog\/comentarios-prova-soldado-militar-condutor-bombeiros-df-idecan-2016\/\"},\"wordCount\":638,\"commentCount\":0,\"publisher\":{\"@id\":\"https:\/\/www.estrategiaconcursos.com.br\/blog\/#organization\"},\"keywords\":[\"Bombeiros-DF\"],\"articleSection\":[\"Concursos P\u00fablicos\",\"Policial (Agente, Escriv\u00e3o e Investigador)\"],\"inLanguage\":\"pt-BR\",\"potentialAction\":[{\"@type\":\"CommentAction\",\"name\":\"Comment\",\"target\":[\"https:\/\/www.estrategiaconcursos.com.br\/blog\/comentarios-prova-soldado-militar-condutor-bombeiros-df-idecan-2016\/#respond\"]}],\"copyrightYear\":\"2017\",\"copyrightHolder\":{\"@id\":\"https:\/\/www.estrategiaconcursos.com.br\/blog\/#organization\"}},{\"@type\":\"WebPage\",\"@id\":\"https:\/\/www.estrategiaconcursos.com.br\/blog\/comentarios-prova-soldado-militar-condutor-bombeiros-df-idecan-2016\/\",\"url\":\"https:\/\/www.estrategiaconcursos.com.br\/blog\/comentarios-prova-soldado-militar-condutor-bombeiros-df-idecan-2016\/\",\"name\":\"Coment\u00e1rios Prova Soldado Militar Condutor Bombeiros DF IDECAN 2016\",\"isPartOf\":{\"@id\":\"https:\/\/www.estrategiaconcursos.com.br\/blog\/#website\"},\"datePublished\":\"2017-02-07T01:36:06+00:00\",\"dateModified\":\"2017-02-07T10:40:27+00:00\",\"breadcrumb\":{\"@id\":\"https:\/\/www.estrategiaconcursos.com.br\/blog\/comentarios-prova-soldado-militar-condutor-bombeiros-df-idecan-2016\/#breadcrumb\"},\"inLanguage\":\"pt-BR\",\"potentialAction\":[{\"@type\":\"ReadAction\",\"target\":[\"https:\/\/www.estrategiaconcursos.com.br\/blog\/comentarios-prova-soldado-militar-condutor-bombeiros-df-idecan-2016\/\"]}]},{\"@type\":\"BreadcrumbList\",\"@id\":\"https:\/\/www.estrategiaconcursos.com.br\/blog\/comentarios-prova-soldado-militar-condutor-bombeiros-df-idecan-2016\/#breadcrumb\",\"itemListElement\":[{\"@type\":\"ListItem\",\"position\":1,\"name\":\"In\u00edcio\",\"item\":\"https:\/\/www.estrategiaconcursos.com.br\/blog\/\"},{\"@type\":\"ListItem\",\"position\":2,\"name\":\"Coment\u00e1rios Prova Soldado Militar Condutor Bombeiros DF IDECAN 2016\"}]},{\"@type\":\"WebSite\",\"@id\":\"https:\/\/www.estrategiaconcursos.com.br\/blog\/#website\",\"url\":\"https:\/\/www.estrategiaconcursos.com.br\/blog\/\",\"name\":\"Estrat\u00e9gia Concursos\",\"description\":\"O blog da Estrat\u00e9gia Concursos traz not\u00edcias sobre concursos e artigos de professores oferecendo cursos para concursos (pdf + videaulas) no site.\",\"publisher\":{\"@id\":\"https:\/\/www.estrategiaconcursos.com.br\/blog\/#organization\"},\"potentialAction\":[{\"@type\":\"SearchAction\",\"target\":{\"@type\":\"EntryPoint\",\"urlTemplate\":\"https:\/\/www.estrategiaconcursos.com.br\/blog\/?s={search_term_string}\"},\"query-input\":{\"@type\":\"PropertyValueSpecification\",\"valueRequired\":true,\"valueName\":\"search_term_string\"}}],\"inLanguage\":\"pt-BR\"},{\"@type\":\"Organization\",\"@id\":\"https:\/\/www.estrategiaconcursos.com.br\/blog\/#organization\",\"name\":\"Estrat\u00e9gia Concursos\",\"url\":\"https:\/\/www.estrategiaconcursos.com.br\/blog\/\",\"logo\":{\"@type\":\"ImageObject\",\"inLanguage\":\"pt-BR\",\"@id\":\"https:\/\/www.estrategiaconcursos.com.br\/blog\/#\/schema\/logo\/image\/\",\"url\":\"https:\/\/dhg1h5j42swfq.cloudfront.net\/2025\/06\/03203428\/logo_concursos-1.jpg\",\"contentUrl\":\"https:\/\/dhg1h5j42swfq.cloudfront.net\/2025\/06\/03203428\/logo_concursos-1.jpg\",\"width\":230,\"height\":60,\"caption\":\"Estrat\u00e9gia Concursos\"},\"image\":{\"@id\":\"https:\/\/www.estrategiaconcursos.com.br\/blog\/#\/schema\/logo\/image\/\"},\"sameAs\":[\"https:\/\/x.com\/EstratConcursos\"]},{\"@type\":\"Person\",\"@id\":\"https:\/\/www.estrategiaconcursos.com.br\/blog\/#\/schema\/person\/b4a388c97673c5f483d72185668afa1f\",\"name\":\"Coordena\u00e7\u00e3o\",\"image\":{\"@type\":\"ImageObject\",\"inLanguage\":\"pt-BR\",\"@id\":\"https:\/\/secure.gravatar.com\/avatar\/b720319e4c9a967eb58678d110f4fe35452fc5d5f97b202bac7b8acceb18c6ad?s=96&d=mm&r=g\",\"url\":\"https:\/\/secure.gravatar.com\/avatar\/b720319e4c9a967eb58678d110f4fe35452fc5d5f97b202bac7b8acceb18c6ad?s=96&d=mm&r=g\",\"contentUrl\":\"https:\/\/secure.gravatar.com\/avatar\/b720319e4c9a967eb58678d110f4fe35452fc5d5f97b202bac7b8acceb18c6ad?s=96&d=mm&r=g\",\"caption\":\"Coordena\u00e7\u00e3o\"},\"sameAs\":[\"https:\/\/www.facebook.com\/EstrategiaConcursos\",\"https:\/\/x.com\/EstratConcursos\"],\"url\":\"https:\/\/www.estrategiaconcursos.com.br\/blog\/author\/estrategia2013\/\"}]}<\/script>\n<!-- \/ Yoast SEO Premium plugin. -->","yoast_head_json":{"title":"Coment\u00e1rios Prova Soldado Militar Condutor Bombeiros DF IDECAN 2016","robots":{"index":"index","follow":"follow","max-snippet":"max-snippet:-1","max-image-preview":"max-image-preview:large","max-video-preview":"max-video-preview:-1"},"canonical":"https:\/\/www.estrategiaconcursos.com.br\/blog\/comentarios-prova-soldado-militar-condutor-bombeiros-df-idecan-2016\/","og_locale":"pt_BR","og_type":"article","og_title":"Coment\u00e1rios Prova Soldado Militar Condutor Bombeiros DF IDECAN 2016","og_description":"Ol&aacute; caros alunos e alunas. Hoje recebi a prova de um aluno e tamb&eacute;m percebi sua grande preocupa&ccedil;&atilde;o frente ao que foi abordado na provapara condutores de viaturas, pois, pretende fazer a prova no domingo pr&oacute;ximo, da mesma banca. Incialmente gostaria de dizer que a banca, a meu ver, perdeu a no&ccedil;&atilde;o e errou feio [&hellip;]","og_url":"https:\/\/www.estrategiaconcursos.com.br\/blog\/comentarios-prova-soldado-militar-condutor-bombeiros-df-idecan-2016\/","og_site_name":"Estrat\u00e9gia Concursos","article_author":"https:\/\/www.facebook.com\/EstrategiaConcursos","article_published_time":"2017-02-07T01:36:06+00:00","article_modified_time":"2017-02-07T10:40:27+00:00","author":"Coordena\u00e7\u00e3o","twitter_card":"summary_large_image","twitter_creator":"@EstratConcursos","twitter_site":"@EstratConcursos","twitter_misc":{"Escrito por":"Coordena\u00e7\u00e3o","Est. tempo de leitura":"3 minutos"},"schema":{"@context":"https:\/\/schema.org","@graph":[{"@type":"NewsArticle","@id":"https:\/\/www.estrategiaconcursos.com.br\/blog\/comentarios-prova-soldado-militar-condutor-bombeiros-df-idecan-2016\/#article","isPartOf":{"@id":"https:\/\/www.estrategiaconcursos.com.br\/blog\/comentarios-prova-soldado-militar-condutor-bombeiros-df-idecan-2016\/"},"author":{"name":"Coordena\u00e7\u00e3o","@id":"https:\/\/www.estrategiaconcursos.com.br\/blog\/#\/schema\/person\/b4a388c97673c5f483d72185668afa1f"},"headline":"Coment\u00e1rios Prova Soldado Militar Condutor Bombeiros DF IDECAN 2016","datePublished":"2017-02-07T01:36:06+00:00","dateModified":"2017-02-07T10:40:27+00:00","mainEntityOfPage":{"@id":"https:\/\/www.estrategiaconcursos.com.br\/blog\/comentarios-prova-soldado-militar-condutor-bombeiros-df-idecan-2016\/"},"wordCount":638,"commentCount":0,"publisher":{"@id":"https:\/\/www.estrategiaconcursos.com.br\/blog\/#organization"},"keywords":["Bombeiros-DF"],"articleSection":["Concursos P\u00fablicos","Policial (Agente, Escriv\u00e3o e Investigador)"],"inLanguage":"pt-BR","potentialAction":[{"@type":"CommentAction","name":"Comment","target":["https:\/\/www.estrategiaconcursos.com.br\/blog\/comentarios-prova-soldado-militar-condutor-bombeiros-df-idecan-2016\/#respond"]}],"copyrightYear":"2017","copyrightHolder":{"@id":"https:\/\/www.estrategiaconcursos.com.br\/blog\/#organization"}},{"@type":"WebPage","@id":"https:\/\/www.estrategiaconcursos.com.br\/blog\/comentarios-prova-soldado-militar-condutor-bombeiros-df-idecan-2016\/","url":"https:\/\/www.estrategiaconcursos.com.br\/blog\/comentarios-prova-soldado-militar-condutor-bombeiros-df-idecan-2016\/","name":"Coment\u00e1rios Prova Soldado Militar Condutor Bombeiros DF IDECAN 2016","isPartOf":{"@id":"https:\/\/www.estrategiaconcursos.com.br\/blog\/#website"},"datePublished":"2017-02-07T01:36:06+00:00","dateModified":"2017-02-07T10:40:27+00:00","breadcrumb":{"@id":"https:\/\/www.estrategiaconcursos.com.br\/blog\/comentarios-prova-soldado-militar-condutor-bombeiros-df-idecan-2016\/#breadcrumb"},"inLanguage":"pt-BR","potentialAction":[{"@type":"ReadAction","target":["https:\/\/www.estrategiaconcursos.com.br\/blog\/comentarios-prova-soldado-militar-condutor-bombeiros-df-idecan-2016\/"]}]},{"@type":"BreadcrumbList","@id":"https:\/\/www.estrategiaconcursos.com.br\/blog\/comentarios-prova-soldado-militar-condutor-bombeiros-df-idecan-2016\/#breadcrumb","itemListElement":[{"@type":"ListItem","position":1,"name":"In\u00edcio","item":"https:\/\/www.estrategiaconcursos.com.br\/blog\/"},{"@type":"ListItem","position":2,"name":"Coment\u00e1rios Prova Soldado Militar Condutor Bombeiros DF IDECAN 2016"}]},{"@type":"WebSite","@id":"https:\/\/www.estrategiaconcursos.com.br\/blog\/#website","url":"https:\/\/www.estrategiaconcursos.com.br\/blog\/","name":"Estrat\u00e9gia Concursos","description":"O blog da Estrat\u00e9gia Concursos traz not\u00edcias sobre concursos e artigos de professores oferecendo cursos para concursos (pdf + videaulas) no site.","publisher":{"@id":"https:\/\/www.estrategiaconcursos.com.br\/blog\/#organization"},"potentialAction":[{"@type":"SearchAction","target":{"@type":"EntryPoint","urlTemplate":"https:\/\/www.estrategiaconcursos.com.br\/blog\/?s={search_term_string}"},"query-input":{"@type":"PropertyValueSpecification","valueRequired":true,"valueName":"search_term_string"}}],"inLanguage":"pt-BR"},{"@type":"Organization","@id":"https:\/\/www.estrategiaconcursos.com.br\/blog\/#organization","name":"Estrat\u00e9gia Concursos","url":"https:\/\/www.estrategiaconcursos.com.br\/blog\/","logo":{"@type":"ImageObject","inLanguage":"pt-BR","@id":"https:\/\/www.estrategiaconcursos.com.br\/blog\/#\/schema\/logo\/image\/","url":"https:\/\/dhg1h5j42swfq.cloudfront.net\/2025\/06\/03203428\/logo_concursos-1.jpg","contentUrl":"https:\/\/dhg1h5j42swfq.cloudfront.net\/2025\/06\/03203428\/logo_concursos-1.jpg","width":230,"height":60,"caption":"Estrat\u00e9gia Concursos"},"image":{"@id":"https:\/\/www.estrategiaconcursos.com.br\/blog\/#\/schema\/logo\/image\/"},"sameAs":["https:\/\/x.com\/EstratConcursos"]},{"@type":"Person","@id":"https:\/\/www.estrategiaconcursos.com.br\/blog\/#\/schema\/person\/b4a388c97673c5f483d72185668afa1f","name":"Coordena\u00e7\u00e3o","image":{"@type":"ImageObject","inLanguage":"pt-BR","@id":"https:\/\/secure.gravatar.com\/avatar\/b720319e4c9a967eb58678d110f4fe35452fc5d5f97b202bac7b8acceb18c6ad?s=96&d=mm&r=g","url":"https:\/\/secure.gravatar.com\/avatar\/b720319e4c9a967eb58678d110f4fe35452fc5d5f97b202bac7b8acceb18c6ad?s=96&d=mm&r=g","contentUrl":"https:\/\/secure.gravatar.com\/avatar\/b720319e4c9a967eb58678d110f4fe35452fc5d5f97b202bac7b8acceb18c6ad?s=96&d=mm&r=g","caption":"Coordena\u00e7\u00e3o"},"sameAs":["https:\/\/www.facebook.com\/EstrategiaConcursos","https:\/\/x.com\/EstratConcursos"],"url":"https:\/\/www.estrategiaconcursos.com.br\/blog\/author\/estrategia2013\/"}]}},"_links":{"self":[{"href":"https:\/\/www.estrategiaconcursos.com.br\/blog\/wp-json\/wp\/v2\/posts\/64012","targetHints":{"allow":["GET"]}}],"collection":[{"href":"https:\/\/www.estrategiaconcursos.com.br\/blog\/wp-json\/wp\/v2\/posts"}],"about":[{"href":"https:\/\/www.estrategiaconcursos.com.br\/blog\/wp-json\/wp\/v2\/types\/post"}],"author":[{"embeddable":true,"href":"https:\/\/www.estrategiaconcursos.com.br\/blog\/wp-json\/wp\/v2\/users\/1"}],"replies":[{"embeddable":true,"href":"https:\/\/www.estrategiaconcursos.com.br\/blog\/wp-json\/wp\/v2\/comments?post=64012"}],"version-history":[{"count":1,"href":"https:\/\/www.estrategiaconcursos.com.br\/blog\/wp-json\/wp\/v2\/posts\/64012\/revisions"}],"predecessor-version":[{"id":64013,"href":"https:\/\/www.estrategiaconcursos.com.br\/blog\/wp-json\/wp\/v2\/posts\/64012\/revisions\/64013"}],"wp:attachment":[{"href":"https:\/\/www.estrategiaconcursos.com.br\/blog\/wp-json\/wp\/v2\/media?parent=64012"}],"wp:term":[{"taxonomy":"category","embeddable":true,"href":"https:\/\/www.estrategiaconcursos.com.br\/blog\/wp-json\/wp\/v2\/categories?post=64012"},{"taxonomy":"post_tag","embeddable":true,"href":"https:\/\/www.estrategiaconcursos.com.br\/blog\/wp-json\/wp\/v2\/tags?post=64012"},{"taxonomy":"tax_estado","embeddable":true,"href":"https:\/\/www.estrategiaconcursos.com.br\/blog\/wp-json\/wp\/v2\/tax_estado?post=64012"}],"curies":[{"name":"wp","href":"https:\/\/api.w.org\/{rel}","templated":true}]}}