{"id":638655,"date":"2020-12-31T07:45:00","date_gmt":"2020-12-31T10:45:00","guid":{"rendered":"https:\/\/www.estrategiaconcursos.com.br\/blog\/?p=638655"},"modified":"2021-01-02T08:23:54","modified_gmt":"2021-01-02T11:23:54","slug":"pf-contrato-cebraspe","status":"publish","type":"post","link":"https:\/\/www.estrategiaconcursos.com.br\/blog\/pf-contrato-cebraspe\/","title":{"rendered":"PF assina contrato com Cebraspe. Edital pr\u00f3ximo!"},"content":{"rendered":"\n<p>A PF (Pol\u00edcia Federal) assinou contrato com o Cebraspe. Ap\u00f3s a escolha da empresa como <strong>BANCA<\/strong> organizadora e com o contrato assinado, o edital est\u00e1 pronto para publica\u00e7\u00e3o. Confira abaixo:<\/p>\n\n\n\n<div class=\"wp-block-image\"><figure class=\"aligncenter size-large\"><img loading=\"lazy\" decoding=\"async\" width=\"467\" height=\"175\" src=\"https:\/\/dhg1h5j42swfq.cloudfront.net\/2020\/12\/31081532\/image-1-1-1.png\" alt=\"\" class=\"wp-image-638664\" srcset=\"https:\/\/dhg1h5j42swfq.cloudfront.net\/2020\/12\/31081532\/image-1-1-1.png 467w, https:\/\/dhg1h5j42swfq.cloudfront.net\/2020\/12\/31081532\/image-1-1-1-300x112.png 300w\" sizes=\"auto, (max-width: 467px) 100vw, 467px\" \/><\/figure><\/div>\n\n\n\n<p>Recentemente, o <a href=\"https:\/\/dhg1h5j42swfq.cloudfront.net\/2020\/12\/29071052\/extrato-de-dispensa-de-licitacao-no-11_2020-uasg-200334-extrato-de-dispensa-de-licitacao-no-11_2020-uasg-200334-dou-imprensa-nacional.pdf\" target=\"_blank\" rel=\"noreferrer noopener\">Extrato de Dispensa de Licita\u00e7\u00e3o<\/a> publicado no Di\u00e1rio Oficial da Uni\u00e3o revelou que o <strong>Cebraspe <\/strong>foi o escolhido para coordenar o novo edital da PF em 2021, com oferta de<strong> 1.500 vagas<\/strong>!<\/p>\n\n\n\n<p>A corpora\u00e7\u00e3o acredita que o edital possa ser divulgado em <strong>janeiro de 2021<\/strong>, ap\u00f3s o secret\u00e1rio executivo do Minist\u00e9rio da Justi\u00e7a e Seguran\u00e7a P\u00fablica, Tercio Issami Tokano, encaminhar ao Minist\u00e9rio da Economia, uma solicita\u00e7\u00e3o de redu\u00e7\u00e3o no prazo (de 4 para 2 meses) para aplica\u00e7\u00e3o das provas, agilizando as etapas da sele\u00e7\u00e3o e cumprindo o cronograma de realizar o CFP ainda em 2021.<\/p>\n\n\n\n<p>Se tudo der certo, ou seja, se a institui\u00e7\u00e3o obtiver autoriza\u00e7\u00e3o para reduzir o prazo de aplica\u00e7\u00e3o, as <strong>provas poder\u00e3o ser realizadas j\u00e1 no m\u00eas de mar\u00e7o de 2021<\/strong>.<\/p>\n\n\n\n<h2 class=\"wp-block-heading\" id=\"h-n-mero-de-vagas\">N\u00famero de vagas     <\/h2>\n\n\n\n<p>Ap\u00f3s a publica\u00e7\u00e3o da t\u00e3o aguardada <strong>AUTORIZA\u00c7\u00c3O<\/strong> do concurso Pol\u00edcia Federal no Di\u00e1rio Oficial da Uni\u00e3o (DOU), com oferta de <strong>1.500 vagas<\/strong>, o diretor-geral da institui\u00e7\u00e3o, Rolando Alexandre, revelou novos detalhes sobre o certame.<\/p>\n\n\n\n<p>Em discurso durante a cerim\u00f4nia de encerramento do Curso de Forma\u00e7\u00e3o da PF, Alexandre revelou que ser\u00e3o 1.500 vagas para 2021 e um excedente de 500 vagas, totalizando 2 mil oportunidades, para 2022.    <\/p>\n\n\n\n<h2 class=\"wp-block-heading\" id=\"remuneracao\">Quanto ganha um Policial Federal?<\/h2>\n\n\n\n<p>Confira abaixo as remunera\u00e7\u00f5es inicial e final dos cargos de&nbsp;<strong>Delegado<\/strong>,<strong>&nbsp;Perito<\/strong>,<strong> Agente<\/strong>, <strong>Escriv\u00e3o<\/strong>, <strong>Papiloscopista&nbsp;<\/strong>e <strong>Agente Administrativo<\/strong> da Pol\u00edcia Federal:<\/p>\n\n\n\n<h4 class=\"wp-block-heading\">Sal\u00e1rio de <strong>Delegado e Perito<\/strong> da PF<\/h4>\n\n\n\n<ul class=\"wp-block-list\"><li><strong>Remunera\u00e7\u00e3o Inicial:<\/strong> R$ 23.692,74<\/li><li><strong>Remunera\u00e7\u00e3o Final:<\/strong> R$ 30.936,91<\/li><\/ul>\n\n\n\n<h4 class=\"wp-block-heading\">Sal\u00e1rio de Agente, Escriv\u00e3o e Papiloscopista<strong> da PF<\/strong><\/h4>\n\n\n\n<ul class=\"wp-block-list\"><li><strong>Remunera\u00e7\u00e3o Inicial:<\/strong> <em>R$<\/em>12.522,50<\/li><li><strong>Remunera\u00e7\u00e3o Final:<\/strong> <em>R$<\/em>18.651,79<\/li><\/ul>\n\n\n\n<p class=\"has-medium-font-size\"><strong>Sal\u00e1rio de Agente Administrativo<\/strong> <strong>da PF<\/strong><\/p>\n\n\n\n<ul class=\"wp-block-list\"><li><strong>Remunera\u00e7\u00e3o Inicial:<\/strong> <em>R$<\/em>4.746,16<\/li><li><strong>Remunera\u00e7\u00e3o Final:<\/strong> <em>R<\/em>$5.298,82<\/li><\/ul>\n\n\n\n<h4 class=\"wp-block-heading\">Benef\u00edcios da carreira de Policial Federal<\/h4>\n\n\n\n<p>O adicional de fronteira ser\u00e1 de R$ 91,00 por dia trabalhado durante a semana \u2013&nbsp; n\u00e3o ser\u00e3o contabilizados os fins de semana \u2013&nbsp; podendo chegar a um acr\u00e9scimo de&nbsp;<strong>R$ 2 mil reais&nbsp;<\/strong><b>l\u00edquidos<\/b>&nbsp;\u00e0 remunera\u00e7\u00e3o ao final de 22 dias trabalhados. <\/p>\n\n\n\n<p>Al\u00e9m disso, os servidores recebem Aux\u00edlio Alimenta\u00e7\u00e3o no valor de R$ 458,00.<\/p>\n\n\n\n<p>Para mais informa\u00e7\u00f5es sobre a assinatura do contrato entre a PF e o Cebraspe, veja o link abaixo:<\/p>\n\n\n\n<p class=\"has-text-align-center has-pale-cyan-blue-background-color has-background\" style=\"font-size:clamp(14px, 0.875rem + ((1vw - 3.2px) * 0.098), 15px);px\"><strong><a href=\"https:\/\/www.estrategiaconcursos.com.br\/blog\/concurso-policia-federal\/\" target=\"_blank\" rel=\"noreferrer noopener\">Concurso Pol\u00edcia Federal<\/a><\/strong><\/p>\n\n\n\n<h2 class=\"wp-block-heading\" id=\"cursos-e-assinaturas\">Cursos e assinaturas<\/h2>\n\n\n\n<div class=\"container\" id=\"boxes\">\n  <div class=\"row\">\n\n    <div class=\"col-sm\">\n      <div class=\"banner-policial\" id=\"box-assinatura\">\n        <h3 class=\"titulo-assinatura\">Cursos PF<\/h3>\n        <p class=\"subtitulo-assinatura\"> <\/p>\/\n        <div class=\"box-botao\">\n          <a class=\"btn-assinatura\" target=\"_blank\" href=\"https:\/\/www.estrategiaconcursos.com.br\/curso\/1-pacote-completo-p-policia-federal-agente-com-videoaulas-2020\/\/\" role=\"button\" rel=\"noopener noreferrer\">Conhe\u00e7a mais<\/a>\n        <\/div>\n      <\/div>\n      <p class=\"texto-auxiliar\">Prepare-se com o melhor material e com quem mais aprova em Concursos P\u00fablicos em todo o pa\u00eds. <\/p>\n    <\/div>\n\n  <\/div>\n<\/div>\n\n\n\n<div class=\"container\" id=\"boxes\">\n  <div class=\"row\">\n\n    <div class=\"col-sm\">\n      <div class=\"estrategia\" id=\"box-assinatura\">\n        <h3 class=\"titulo-assinatura\">Assinatura Ilimitada<\/h3>\n        <p class=\"subtitulo-assinatura\">Assinatura Anual Ilimitada*<\/p>\n        <div class=\"box-botao\">\n          <a class=\"btn-assinatura\" target=\"_blank\" href=\"https:\/\/www.estrategiaconcursos.com.br\/assinaturas\/\" role=\"button\" rel=\"noopener noreferrer\">ASSINE AGORA<\/a>\n        <\/div>\n      <\/div>\n      <p class=\"texto-auxiliar\">Prepare-se com o melhor material e com quem mais aprova em Concursos P\u00fablicos em todo o pa\u00eds. Assine agora a nossa Assinatura Anual e tenha acesso ilimitado* a todos os nossos cursos.<\/p>\n    <\/div>\n\n    <div class=\"col-sm\">\n      <div class=\"questoes\" id=\"box-assinatura\">\n        <h3 class=\"titulo-assinatura\">Sistema de Quest\u00f5es<\/h3>\n        <p class=\"subtitulo-assinatura\">Assinatura Ilimitada*<\/p>\n        <div class=\"box-botao\">\n          <a class=\"btn-assinatura\" target=\"_blank\" href=\"https:\/\/www.estrategiaconcursos.com.br\/cursosPorConcurso\/sistema-de-questoes\/#\/\" role=\"button\" rel=\"noopener noreferrer\">ASSINE AGORA<\/a>\n        <\/div>\n      <\/div>\n      <p class=\"texto-auxiliar\">Estrat\u00e9gia Quest\u00f5es nasceu maior do que todos os concorrentes, com mais quest\u00f5es cadastradas e mais solu\u00e7\u00f5es por professores. Clique no link e aproveite os descontos e b\u00f4nus imperd\u00edveis!<\/p>\n    <\/div>\n  <\/div>\n<\/div>\n\n\n\n<div class=\"container\" id=\"boxes\">\n  <div class=\"row\">\n\n  \n    <div class=\"col-sm\" id=\"boxes-concursos\">\n      <div style=\"background-color: #005DAD;\" class=\"conteudo-concursos\" id=\"box-concursos\">\n        <h3 class=\"titulo-assinatura\">Concursos Abertos<\/h3>\n        <p class=\"subtitulo-assinatura\">mais de 15 mil vagas<\/p>\n        <div class=\"box-botao\">\n          <a class=\"btn-assinatura\" target=\"_blank\" href=\"https:\/\/www.estrategiaconcursos.com.br\/blog\/concursos-abertos\/\" role=\"button\" rel=\"noopener noreferrer\">Conhe\u00e7a Agora<\/a>\n        <\/div>\n      <\/div>\n    <\/div>\n\n   \n\n    <div class=\"col-sm\" id=\"boxes-concursos\">\n      <div style=\"background-color: #419FF0;\" class=\"conteudo-concursos\" id=\"box-concursos\">\n        <h3 class=\"titulo-assinatura\">Concursos 2021<\/h3>\n        <p class=\"subtitulo-assinatura\">mais de 50 mil vagas<\/p>\n        <div class=\"box-botao\">\n          <a class=\"btn-assinatura\" target=\"_blank\" href=\"https:\/\/www.estrategiaconcursos.com.br\/blog\/concursos-2021\/\" role=\"button\" rel=\"noopener noreferrer\">Conhe\u00e7a Agora<\/a>\n        <\/div>\n      <\/div>\n    <\/div>\n\n  <\/div>\n<\/div>\n","protected":false},"excerpt":{"rendered":"<p>A PF (Pol\u00edcia Federal) assinou contrato com o Cebraspe. Ap\u00f3s a escolha da empresa como BANCA organizadora e com o contrato assinado, o edital est\u00e1 pronto para publica\u00e7\u00e3o. Confira abaixo: Recentemente, o Extrato de Dispensa de Licita\u00e7\u00e3o publicado no Di\u00e1rio Oficial da Uni\u00e3o revelou que o Cebraspe foi o escolhido para coordenar o novo edital [&hellip;]<\/p>\n","protected":false},"author":1,"featured_media":627537,"comment_status":"open","ping_status":"closed","sticky":false,"template":"","format":"standard","meta":{"post_tipo":"news","footnotes":""},"categories":[1988],"tags":[],"tax_estado":[219963],"class_list":["post-638655","post","type-post","status-publish","format-standard","has-post-thumbnail","hentry","category-policia","tax_estado-concursos-federais"],"acf":[],"yoast_head":"<!-- This site is optimized with the Yoast SEO Premium plugin v27.2 (Yoast SEO v27.2) - https:\/\/yoast.com\/product\/yoast-seo-premium-wordpress\/ -->\n<title>PF assina contrato com Cebraspe. Edital pr\u00f3ximo!<\/title>\n<meta name=\"description\" content=\"A PF (Pol\u00edcia Federal) assinou contrato com o Cebraspe. Confira todos os detalhes e informa\u00e7\u00f5es no site do Estrat\u00e9gia Concursos.\" \/>\n<meta name=\"robots\" content=\"index, follow, max-snippet:-1, max-image-preview:large, max-video-preview:-1\" \/>\n<link rel=\"canonical\" href=\"https:\/\/www.estrategiaconcursos.com.br\/blog\/pf-contrato-cebraspe\/\" \/>\n<meta property=\"og:locale\" content=\"pt_BR\" \/>\n<meta property=\"og:type\" content=\"article\" \/>\n<meta property=\"og:title\" content=\"PF assina contrato com Cebraspe. Edital pr\u00f3ximo!\" \/>\n<meta property=\"og:description\" content=\"A PF (Pol\u00edcia Federal) assinou contrato com o Cebraspe. Confira todos os detalhes e informa\u00e7\u00f5es no site do Estrat\u00e9gia Concursos.\" \/>\n<meta property=\"og:url\" content=\"https:\/\/www.estrategiaconcursos.com.br\/blog\/pf-contrato-cebraspe\/\" \/>\n<meta property=\"og:site_name\" content=\"Estrat\u00e9gia Concursos\" \/>\n<meta property=\"article:author\" content=\"https:\/\/www.facebook.com\/EstrategiaConcursos\" \/>\n<meta property=\"article:published_time\" content=\"2020-12-31T10:45:00+00:00\" \/>\n<meta property=\"article:modified_time\" content=\"2021-01-02T11:23:54+00:00\" \/>\n<meta property=\"og:image\" content=\"https:\/\/dhg1h5j42swfq.cloudfront.net\/2020\/12\/09174236\/pf.jpg\" \/>\n\t<meta property=\"og:image:width\" content=\"400\" \/>\n\t<meta property=\"og:image:height\" content=\"209\" \/>\n\t<meta property=\"og:image:type\" content=\"image\/jpeg\" \/>\n<meta name=\"author\" content=\"Coordena\u00e7\u00e3o\" \/>\n<meta name=\"twitter:card\" content=\"summary_large_image\" \/>\n<meta name=\"twitter:creator\" content=\"@EstratConcursos\" \/>\n<meta name=\"twitter:site\" content=\"@EstratConcursos\" \/>\n<meta name=\"twitter:label1\" content=\"Escrito por\" \/>\n\t<meta name=\"twitter:data1\" content=\"Coordena\u00e7\u00e3o\" \/>\n\t<meta name=\"twitter:label2\" content=\"Est. tempo de leitura\" \/>\n\t<meta name=\"twitter:data2\" content=\"3 minutos\" \/>\n<script type=\"application\/ld+json\" class=\"yoast-schema-graph\">{\"@context\":\"https:\/\/schema.org\",\"@graph\":[{\"@type\":\"NewsArticle\",\"@id\":\"https:\/\/www.estrategiaconcursos.com.br\/blog\/pf-contrato-cebraspe\/#article\",\"isPartOf\":{\"@id\":\"https:\/\/www.estrategiaconcursos.com.br\/blog\/pf-contrato-cebraspe\/\"},\"author\":{\"name\":\"Coordena\u00e7\u00e3o\",\"@id\":\"https:\/\/www.estrategiaconcursos.com.br\/blog\/#\/schema\/person\/b4a388c97673c5f483d72185668afa1f\"},\"headline\":\"PF assina contrato com Cebraspe. Edital pr\u00f3ximo!\",\"datePublished\":\"2020-12-31T10:45:00+00:00\",\"dateModified\":\"2021-01-02T11:23:54+00:00\",\"mainEntityOfPage\":{\"@id\":\"https:\/\/www.estrategiaconcursos.com.br\/blog\/pf-contrato-cebraspe\/\"},\"wordCount\":555,\"commentCount\":0,\"publisher\":{\"@id\":\"https:\/\/www.estrategiaconcursos.com.br\/blog\/#organization\"},\"image\":{\"@id\":\"https:\/\/www.estrategiaconcursos.com.br\/blog\/pf-contrato-cebraspe\/#primaryimage\"},\"thumbnailUrl\":\"https:\/\/dhg1h5j42swfq.cloudfront.net\/2020\/12\/09174236\/pf.jpg\",\"articleSection\":[\"Policial (Agente, Escriv\u00e3o e Investigador)\"],\"inLanguage\":\"pt-BR\",\"potentialAction\":[{\"@type\":\"CommentAction\",\"name\":\"Comment\",\"target\":[\"https:\/\/www.estrategiaconcursos.com.br\/blog\/pf-contrato-cebraspe\/#respond\"]}],\"copyrightYear\":\"2020\",\"copyrightHolder\":{\"@id\":\"https:\/\/www.estrategiaconcursos.com.br\/blog\/#organization\"}},{\"@type\":\"WebPage\",\"@id\":\"https:\/\/www.estrategiaconcursos.com.br\/blog\/pf-contrato-cebraspe\/\",\"url\":\"https:\/\/www.estrategiaconcursos.com.br\/blog\/pf-contrato-cebraspe\/\",\"name\":\"PF assina contrato com Cebraspe. Edital pr\u00f3ximo!\",\"isPartOf\":{\"@id\":\"https:\/\/www.estrategiaconcursos.com.br\/blog\/#website\"},\"primaryImageOfPage\":{\"@id\":\"https:\/\/www.estrategiaconcursos.com.br\/blog\/pf-contrato-cebraspe\/#primaryimage\"},\"image\":{\"@id\":\"https:\/\/www.estrategiaconcursos.com.br\/blog\/pf-contrato-cebraspe\/#primaryimage\"},\"thumbnailUrl\":\"https:\/\/dhg1h5j42swfq.cloudfront.net\/2020\/12\/09174236\/pf.jpg\",\"datePublished\":\"2020-12-31T10:45:00+00:00\",\"dateModified\":\"2021-01-02T11:23:54+00:00\",\"description\":\"A PF (Pol\u00edcia Federal) assinou contrato com o Cebraspe. Confira todos os detalhes e informa\u00e7\u00f5es no site do Estrat\u00e9gia Concursos.\",\"breadcrumb\":{\"@id\":\"https:\/\/www.estrategiaconcursos.com.br\/blog\/pf-contrato-cebraspe\/#breadcrumb\"},\"inLanguage\":\"pt-BR\",\"potentialAction\":[{\"@type\":\"ReadAction\",\"target\":[\"https:\/\/www.estrategiaconcursos.com.br\/blog\/pf-contrato-cebraspe\/\"]}]},{\"@type\":\"ImageObject\",\"inLanguage\":\"pt-BR\",\"@id\":\"https:\/\/www.estrategiaconcursos.com.br\/blog\/pf-contrato-cebraspe\/#primaryimage\",\"url\":\"https:\/\/dhg1h5j42swfq.cloudfront.net\/2020\/12\/09174236\/pf.jpg\",\"contentUrl\":\"https:\/\/dhg1h5j42swfq.cloudfront.net\/2020\/12\/09174236\/pf.jpg\",\"width\":400,\"height\":209,\"caption\":\"Resumo Edital PF\"},{\"@type\":\"BreadcrumbList\",\"@id\":\"https:\/\/www.estrategiaconcursos.com.br\/blog\/pf-contrato-cebraspe\/#breadcrumb\",\"itemListElement\":[{\"@type\":\"ListItem\",\"position\":1,\"name\":\"In\u00edcio\",\"item\":\"https:\/\/www.estrategiaconcursos.com.br\/blog\/\"},{\"@type\":\"ListItem\",\"position\":2,\"name\":\"PF assina contrato com Cebraspe. Edital pr\u00f3ximo!\"}]},{\"@type\":\"WebSite\",\"@id\":\"https:\/\/www.estrategiaconcursos.com.br\/blog\/#website\",\"url\":\"https:\/\/www.estrategiaconcursos.com.br\/blog\/\",\"name\":\"Estrat\u00e9gia Concursos\",\"description\":\"O blog da Estrat\u00e9gia Concursos traz not\u00edcias sobre concursos e artigos de professores oferecendo cursos para concursos (pdf + videaulas) no site.\",\"publisher\":{\"@id\":\"https:\/\/www.estrategiaconcursos.com.br\/blog\/#organization\"},\"potentialAction\":[{\"@type\":\"SearchAction\",\"target\":{\"@type\":\"EntryPoint\",\"urlTemplate\":\"https:\/\/www.estrategiaconcursos.com.br\/blog\/?s={search_term_string}\"},\"query-input\":{\"@type\":\"PropertyValueSpecification\",\"valueRequired\":true,\"valueName\":\"search_term_string\"}}],\"inLanguage\":\"pt-BR\"},{\"@type\":\"Organization\",\"@id\":\"https:\/\/www.estrategiaconcursos.com.br\/blog\/#organization\",\"name\":\"Estrat\u00e9gia Concursos\",\"url\":\"https:\/\/www.estrategiaconcursos.com.br\/blog\/\",\"logo\":{\"@type\":\"ImageObject\",\"inLanguage\":\"pt-BR\",\"@id\":\"https:\/\/www.estrategiaconcursos.com.br\/blog\/#\/schema\/logo\/image\/\",\"url\":\"https:\/\/dhg1h5j42swfq.cloudfront.net\/2025\/06\/03203428\/logo_concursos-1.jpg\",\"contentUrl\":\"https:\/\/dhg1h5j42swfq.cloudfront.net\/2025\/06\/03203428\/logo_concursos-1.jpg\",\"width\":230,\"height\":60,\"caption\":\"Estrat\u00e9gia Concursos\"},\"image\":{\"@id\":\"https:\/\/www.estrategiaconcursos.com.br\/blog\/#\/schema\/logo\/image\/\"},\"sameAs\":[\"https:\/\/x.com\/EstratConcursos\"]},{\"@type\":\"Person\",\"@id\":\"https:\/\/www.estrategiaconcursos.com.br\/blog\/#\/schema\/person\/b4a388c97673c5f483d72185668afa1f\",\"name\":\"Coordena\u00e7\u00e3o\",\"image\":{\"@type\":\"ImageObject\",\"inLanguage\":\"pt-BR\",\"@id\":\"https:\/\/secure.gravatar.com\/avatar\/b720319e4c9a967eb58678d110f4fe35452fc5d5f97b202bac7b8acceb18c6ad?s=96&d=mm&r=g\",\"url\":\"https:\/\/secure.gravatar.com\/avatar\/b720319e4c9a967eb58678d110f4fe35452fc5d5f97b202bac7b8acceb18c6ad?s=96&d=mm&r=g\",\"contentUrl\":\"https:\/\/secure.gravatar.com\/avatar\/b720319e4c9a967eb58678d110f4fe35452fc5d5f97b202bac7b8acceb18c6ad?s=96&d=mm&r=g\",\"caption\":\"Coordena\u00e7\u00e3o\"},\"sameAs\":[\"https:\/\/www.facebook.com\/EstrategiaConcursos\",\"https:\/\/x.com\/EstratConcursos\"],\"url\":\"https:\/\/www.estrategiaconcursos.com.br\/blog\/author\/estrategia2013\/\"}]}<\/script>\n<!-- \/ Yoast SEO Premium plugin. -->","yoast_head_json":{"title":"PF assina contrato com Cebraspe. Edital pr\u00f3ximo!","description":"A PF (Pol\u00edcia Federal) assinou contrato com o Cebraspe. Confira todos os detalhes e informa\u00e7\u00f5es no site do Estrat\u00e9gia Concursos.","robots":{"index":"index","follow":"follow","max-snippet":"max-snippet:-1","max-image-preview":"max-image-preview:large","max-video-preview":"max-video-preview:-1"},"canonical":"https:\/\/www.estrategiaconcursos.com.br\/blog\/pf-contrato-cebraspe\/","og_locale":"pt_BR","og_type":"article","og_title":"PF assina contrato com Cebraspe. Edital pr\u00f3ximo!","og_description":"A PF (Pol\u00edcia Federal) assinou contrato com o Cebraspe. Confira todos os detalhes e informa\u00e7\u00f5es no site do Estrat\u00e9gia Concursos.","og_url":"https:\/\/www.estrategiaconcursos.com.br\/blog\/pf-contrato-cebraspe\/","og_site_name":"Estrat\u00e9gia Concursos","article_author":"https:\/\/www.facebook.com\/EstrategiaConcursos","article_published_time":"2020-12-31T10:45:00+00:00","article_modified_time":"2021-01-02T11:23:54+00:00","og_image":[{"width":400,"height":209,"url":"https:\/\/dhg1h5j42swfq.cloudfront.net\/2020\/12\/09174236\/pf.jpg","type":"image\/jpeg"}],"author":"Coordena\u00e7\u00e3o","twitter_card":"summary_large_image","twitter_creator":"@EstratConcursos","twitter_site":"@EstratConcursos","twitter_misc":{"Escrito por":"Coordena\u00e7\u00e3o","Est. tempo de leitura":"3 minutos"},"schema":{"@context":"https:\/\/schema.org","@graph":[{"@type":"NewsArticle","@id":"https:\/\/www.estrategiaconcursos.com.br\/blog\/pf-contrato-cebraspe\/#article","isPartOf":{"@id":"https:\/\/www.estrategiaconcursos.com.br\/blog\/pf-contrato-cebraspe\/"},"author":{"name":"Coordena\u00e7\u00e3o","@id":"https:\/\/www.estrategiaconcursos.com.br\/blog\/#\/schema\/person\/b4a388c97673c5f483d72185668afa1f"},"headline":"PF assina contrato com Cebraspe. Edital pr\u00f3ximo!","datePublished":"2020-12-31T10:45:00+00:00","dateModified":"2021-01-02T11:23:54+00:00","mainEntityOfPage":{"@id":"https:\/\/www.estrategiaconcursos.com.br\/blog\/pf-contrato-cebraspe\/"},"wordCount":555,"commentCount":0,"publisher":{"@id":"https:\/\/www.estrategiaconcursos.com.br\/blog\/#organization"},"image":{"@id":"https:\/\/www.estrategiaconcursos.com.br\/blog\/pf-contrato-cebraspe\/#primaryimage"},"thumbnailUrl":"https:\/\/dhg1h5j42swfq.cloudfront.net\/2020\/12\/09174236\/pf.jpg","articleSection":["Policial (Agente, Escriv\u00e3o e Investigador)"],"inLanguage":"pt-BR","potentialAction":[{"@type":"CommentAction","name":"Comment","target":["https:\/\/www.estrategiaconcursos.com.br\/blog\/pf-contrato-cebraspe\/#respond"]}],"copyrightYear":"2020","copyrightHolder":{"@id":"https:\/\/www.estrategiaconcursos.com.br\/blog\/#organization"}},{"@type":"WebPage","@id":"https:\/\/www.estrategiaconcursos.com.br\/blog\/pf-contrato-cebraspe\/","url":"https:\/\/www.estrategiaconcursos.com.br\/blog\/pf-contrato-cebraspe\/","name":"PF assina contrato com Cebraspe. Edital pr\u00f3ximo!","isPartOf":{"@id":"https:\/\/www.estrategiaconcursos.com.br\/blog\/#website"},"primaryImageOfPage":{"@id":"https:\/\/www.estrategiaconcursos.com.br\/blog\/pf-contrato-cebraspe\/#primaryimage"},"image":{"@id":"https:\/\/www.estrategiaconcursos.com.br\/blog\/pf-contrato-cebraspe\/#primaryimage"},"thumbnailUrl":"https:\/\/dhg1h5j42swfq.cloudfront.net\/2020\/12\/09174236\/pf.jpg","datePublished":"2020-12-31T10:45:00+00:00","dateModified":"2021-01-02T11:23:54+00:00","description":"A PF (Pol\u00edcia Federal) assinou contrato com o Cebraspe. Confira todos os detalhes e informa\u00e7\u00f5es no site do Estrat\u00e9gia Concursos.","breadcrumb":{"@id":"https:\/\/www.estrategiaconcursos.com.br\/blog\/pf-contrato-cebraspe\/#breadcrumb"},"inLanguage":"pt-BR","potentialAction":[{"@type":"ReadAction","target":["https:\/\/www.estrategiaconcursos.com.br\/blog\/pf-contrato-cebraspe\/"]}]},{"@type":"ImageObject","inLanguage":"pt-BR","@id":"https:\/\/www.estrategiaconcursos.com.br\/blog\/pf-contrato-cebraspe\/#primaryimage","url":"https:\/\/dhg1h5j42swfq.cloudfront.net\/2020\/12\/09174236\/pf.jpg","contentUrl":"https:\/\/dhg1h5j42swfq.cloudfront.net\/2020\/12\/09174236\/pf.jpg","width":400,"height":209,"caption":"Resumo Edital PF"},{"@type":"BreadcrumbList","@id":"https:\/\/www.estrategiaconcursos.com.br\/blog\/pf-contrato-cebraspe\/#breadcrumb","itemListElement":[{"@type":"ListItem","position":1,"name":"In\u00edcio","item":"https:\/\/www.estrategiaconcursos.com.br\/blog\/"},{"@type":"ListItem","position":2,"name":"PF assina contrato com Cebraspe. Edital pr\u00f3ximo!"}]},{"@type":"WebSite","@id":"https:\/\/www.estrategiaconcursos.com.br\/blog\/#website","url":"https:\/\/www.estrategiaconcursos.com.br\/blog\/","name":"Estrat\u00e9gia Concursos","description":"O blog da Estrat\u00e9gia Concursos traz not\u00edcias sobre concursos e artigos de professores oferecendo cursos para concursos (pdf + videaulas) no site.","publisher":{"@id":"https:\/\/www.estrategiaconcursos.com.br\/blog\/#organization"},"potentialAction":[{"@type":"SearchAction","target":{"@type":"EntryPoint","urlTemplate":"https:\/\/www.estrategiaconcursos.com.br\/blog\/?s={search_term_string}"},"query-input":{"@type":"PropertyValueSpecification","valueRequired":true,"valueName":"search_term_string"}}],"inLanguage":"pt-BR"},{"@type":"Organization","@id":"https:\/\/www.estrategiaconcursos.com.br\/blog\/#organization","name":"Estrat\u00e9gia Concursos","url":"https:\/\/www.estrategiaconcursos.com.br\/blog\/","logo":{"@type":"ImageObject","inLanguage":"pt-BR","@id":"https:\/\/www.estrategiaconcursos.com.br\/blog\/#\/schema\/logo\/image\/","url":"https:\/\/dhg1h5j42swfq.cloudfront.net\/2025\/06\/03203428\/logo_concursos-1.jpg","contentUrl":"https:\/\/dhg1h5j42swfq.cloudfront.net\/2025\/06\/03203428\/logo_concursos-1.jpg","width":230,"height":60,"caption":"Estrat\u00e9gia Concursos"},"image":{"@id":"https:\/\/www.estrategiaconcursos.com.br\/blog\/#\/schema\/logo\/image\/"},"sameAs":["https:\/\/x.com\/EstratConcursos"]},{"@type":"Person","@id":"https:\/\/www.estrategiaconcursos.com.br\/blog\/#\/schema\/person\/b4a388c97673c5f483d72185668afa1f","name":"Coordena\u00e7\u00e3o","image":{"@type":"ImageObject","inLanguage":"pt-BR","@id":"https:\/\/secure.gravatar.com\/avatar\/b720319e4c9a967eb58678d110f4fe35452fc5d5f97b202bac7b8acceb18c6ad?s=96&d=mm&r=g","url":"https:\/\/secure.gravatar.com\/avatar\/b720319e4c9a967eb58678d110f4fe35452fc5d5f97b202bac7b8acceb18c6ad?s=96&d=mm&r=g","contentUrl":"https:\/\/secure.gravatar.com\/avatar\/b720319e4c9a967eb58678d110f4fe35452fc5d5f97b202bac7b8acceb18c6ad?s=96&d=mm&r=g","caption":"Coordena\u00e7\u00e3o"},"sameAs":["https:\/\/www.facebook.com\/EstrategiaConcursos","https:\/\/x.com\/EstratConcursos"],"url":"https:\/\/www.estrategiaconcursos.com.br\/blog\/author\/estrategia2013\/"}]}},"_links":{"self":[{"href":"https:\/\/www.estrategiaconcursos.com.br\/blog\/wp-json\/wp\/v2\/posts\/638655","targetHints":{"allow":["GET"]}}],"collection":[{"href":"https:\/\/www.estrategiaconcursos.com.br\/blog\/wp-json\/wp\/v2\/posts"}],"about":[{"href":"https:\/\/www.estrategiaconcursos.com.br\/blog\/wp-json\/wp\/v2\/types\/post"}],"author":[{"embeddable":true,"href":"https:\/\/www.estrategiaconcursos.com.br\/blog\/wp-json\/wp\/v2\/users\/1"}],"replies":[{"embeddable":true,"href":"https:\/\/www.estrategiaconcursos.com.br\/blog\/wp-json\/wp\/v2\/comments?post=638655"}],"version-history":[{"count":3,"href":"https:\/\/www.estrategiaconcursos.com.br\/blog\/wp-json\/wp\/v2\/posts\/638655\/revisions"}],"predecessor-version":[{"id":638671,"href":"https:\/\/www.estrategiaconcursos.com.br\/blog\/wp-json\/wp\/v2\/posts\/638655\/revisions\/638671"}],"wp:featuredmedia":[{"embeddable":true,"href":"https:\/\/www.estrategiaconcursos.com.br\/blog\/wp-json\/wp\/v2\/media\/627537"}],"wp:attachment":[{"href":"https:\/\/www.estrategiaconcursos.com.br\/blog\/wp-json\/wp\/v2\/media?parent=638655"}],"wp:term":[{"taxonomy":"category","embeddable":true,"href":"https:\/\/www.estrategiaconcursos.com.br\/blog\/wp-json\/wp\/v2\/categories?post=638655"},{"taxonomy":"post_tag","embeddable":true,"href":"https:\/\/www.estrategiaconcursos.com.br\/blog\/wp-json\/wp\/v2\/tags?post=638655"},{"taxonomy":"tax_estado","embeddable":true,"href":"https:\/\/www.estrategiaconcursos.com.br\/blog\/wp-json\/wp\/v2\/tax_estado?post=638655"}],"curies":[{"name":"wp","href":"https:\/\/api.w.org\/{rel}","templated":true}]}}