{"id":638073,"date":"2022-06-13T12:00:00","date_gmt":"2022-06-13T15:00:00","guid":{"rendered":"https:\/\/www.estrategiaconcursos.com.br\/blog\/?p=638073"},"modified":"2022-06-13T13:38:29","modified_gmt":"2022-06-13T16:38:29","slug":"edital-camara-de-sao-goncalo","status":"publish","type":"post","link":"https:\/\/www.estrategiaconcursos.com.br\/blog\/edital-camara-de-sao-goncalo\/","title":{"rendered":"Edital C\u00e2mara de S\u00e3o Gon\u00e7alo: inscri\u00e7\u00f5es encerradas!"},"content":{"rendered":"\n<p>Est\u00e3o encerradas as inscri\u00e7\u00f5es para o <strong>edital C\u00e2mara de S\u00e3o Gon\u00e7alo<\/strong>, no estado do Rio de Janeiro. Ap\u00f3s retifica\u00e7\u00e3o, s\u00e3o ofertadas 39 vagas mais cadastro de reserva para cargos de&nbsp;n\u00edveis m\u00e9dio e superior.<\/p>\n\n\n\n<p>Os interessados puderam se inscrever at\u00e9 o dia 12 de junho de 2022, no&nbsp;<a href=\"https:\/\/tkq.48c.myftpupload.com\/concursos\/001-cmsg-2020\/#geral-infocmsg001\" target=\"_blank\" rel=\"noreferrer noopener\">site do Instituto Selecon<\/a>. Al\u00e9m disso, era necess\u00e1rio fazer o pagamento da taxa, que variou conforme o n\u00edvel de escolaridade, sendo:<\/p>\n\n\n\n<ul class=\"wp-block-list\"><li><strong>N\u00edvel M\u00e9dio<\/strong>: R$ 50,00<\/li><li><strong>N\u00edvel Superior<\/strong>: R$ 70,00<\/li><\/ul>\n\n\n\n<p>Em rela\u00e7\u00e3o \u00e0 prova objetiva, sua aplica\u00e7\u00e3o foi remarcada e deve ocorrer na data prevista de 03 de julho.<\/p>\n\n\n\n<ul class=\"has-background wp-block-list\" style=\"background:linear-gradient(135deg,rgb(239,236,228) 0%,rgb(198,178,136) 100%)\"><li><strong style=\"background-color: initial; color: initial;\">Banca<\/strong><span style=\"background-color: initial; color: initial;\">: Instituto Selecon<\/span><\/li><li><strong>Vagas<\/strong>: 39 + CR<\/li><li><strong>Sal\u00e1rio inicial<\/strong>: R$ 1.164,00 a R$ 2.197,00<\/li><li><strong>Edital retificado<\/strong>: <a href=\"https:\/\/dhg1h5j42swfq.cloudfront.net\/2022\/05\/06100258\/edital-camara-municipal-sao-goncalo-rj-com-retificacao.pdf\" target=\"_blank\" rel=\"noreferrer noopener nofollow\">C\u00e2mara S\u00e3o Gon\u00e7alo-2020<\/a><\/li><\/ul>\n\n\n\n<div class=\"container\" id=\"boxes\">\n  <div class=\"row\">\n\n    <div class=\"col-sm\">\n      <div class=\"banner-legislativo\" id=\"box-assinatura\">\n        <h3 class=\"titulo-assinatura\">Concurso C\u00e2mara de S\u00e3o Gon\u00e7alo<\/h3>\n        <p class=\"subtitulo-assinatura\">Conhe\u00e7a os cursos<\/p>\n        <div class=\"box-botao\">\n          <a class=\"btn-assinatura\" target=\"_blank\" href=\"https:\/\/www.estrategiaconcursos.com.br\/cursosPorConcurso\/camara-municipal-de-sao-goncalo-rj\/\" role=\"button\" rel=\"noopener noreferrer\">Conhe\u00e7a mais<\/a>\n        <\/div>\n      <\/div>\n     \n\n  <\/div>\n<\/div><\/div>\n\n\n\n<h2 class=\"wp-block-heading\" id=\"data\">Principais datas do edital C\u00e2mara de S\u00e3o Gon\u00e7alo<\/h2>\n\n\n\n<p class=\"has-background\" id=\"block-98fc1776-18ac-4e80-bafa-f2b86ef027d0\" style=\"background-color:#eeeeee\"><strong>Inscri\u00e7\u00f5es<\/strong>: <s>05 de maio a 12 de junho de 2022<br \/><\/s><strong>Isen\u00e7\u00e3o da taxa<\/strong>: <s>02 a 04 de maio de 2022<\/s><br \/><strong>Pagamento da taxa<\/strong>: <s>at\u00e9 13 de junho de 2022<\/s><br \/><strong>Prova<\/strong>: 03 de julho de 2022<\/p>\n\n\n\n<h2 class=\"wp-block-heading\" id=\"cargos\">Cargos, vagas e remunera\u00e7\u00f5es do edital C\u00e2mara de S\u00e3o Gon\u00e7alo<\/h2>\n\n\n\n<h3 class=\"wp-block-heading\" id=\"nivel-medio\">N\u00edvel m\u00e9dio<\/h3>\n\n\n\n<figure class=\"wp-block-table is-style-stripes\"><table class=\"has-background has-fixed-layout\" style=\"background-color:#d5ccb4\"><thead><tr><th class=\"has-text-align-center\" data-align=\"center\">Cargo<\/th><th class=\"has-text-align-center\" data-align=\"center\">Sal\u00e1rio<\/th><th class=\"has-text-align-center\" data-align=\"center\">Vagas<\/th><\/tr><\/thead><tbody><tr><td class=\"has-text-align-center\" data-align=\"center\">Agente de Seguran\u00e7a Legislativo<\/td><td class=\"has-text-align-center\" data-align=\"center\">R$ 1.164,00<\/td><td class=\"has-text-align-center\" data-align=\"center\">5 + CR<\/td><\/tr><tr><td class=\"has-text-align-center\" data-align=\"center\">Assistente T\u00e9cnico Legislativo<\/td><td class=\"has-text-align-center\" data-align=\"center\">R$ 1.569,24<\/td><td class=\"has-text-align-center\" data-align=\"center\">2 + CR<\/td><\/tr><tr><td class=\"has-text-align-center\" data-align=\"center\">Assistente T\u00e9cnico Legislativo \u2013 Sonoriza\u00e7\u00e3o<\/td><td class=\"has-text-align-center\" data-align=\"center\">R$ 1.569,24<\/td><td class=\"has-text-align-center\" data-align=\"center\">2 + CR<\/td><\/tr><tr><td class=\"has-text-align-center\" data-align=\"center\">Assistente Legislativo<\/td><td class=\"has-text-align-center\" data-align=\"center\">R$ 1.569,24<\/td><td class=\"has-text-align-center\" data-align=\"center\">4 + CR<\/td><\/tr><\/tbody><\/table><\/figure>\n\n\n\n<h3 class=\"wp-block-heading\" id=\"nivel-superior\">N\u00edvel superior<\/h3>\n\n\n\n<figure class=\"wp-block-table is-style-stripes\"><table class=\"has-background has-fixed-layout\" style=\"background-color:#d5ccb4\"><thead><tr><th class=\"has-text-align-center\" data-align=\"center\">Cargo<\/th><th class=\"has-text-align-center\" data-align=\"center\">Sal\u00e1rio<\/th><th class=\"has-text-align-center\" data-align=\"center\">Vagas<\/th><\/tr><\/thead><tbody><tr><td class=\"has-text-align-center\" data-align=\"center\">Analista Legislativo<\/td><td class=\"has-text-align-center\" data-align=\"center\">R$ 2.197,00<\/td><td class=\"has-text-align-center\" data-align=\"center\">2 + CR<\/td><\/tr><tr><td class=\"has-text-align-center\" data-align=\"center\">Analista Legislativo \u2013 Administra\u00e7\u00e3o \u2013 An\u00e1lise Organizacional e Gest\u00e3o P\u00fablica<\/td><td class=\"has-text-align-center\" data-align=\"center\">R$ 2.197,00<\/td><td class=\"has-text-align-center\" data-align=\"center\">2 + CR<\/td><\/tr><tr><td class=\"has-text-align-center\" data-align=\"center\">Analista Legislativo \u2013 Arquivologia<\/td><td class=\"has-text-align-center\" data-align=\"center\">R$ 2.197,00<\/td><td class=\"has-text-align-center\" data-align=\"center\">1 + CR<\/td><\/tr><tr><td class=\"has-text-align-center\" data-align=\"center\">Analista Legislativo \u2013 Auditor Interno<\/td><td class=\"has-text-align-center\" data-align=\"center\">R$ 2.197,00<\/td><td class=\"has-text-align-center\" data-align=\"center\">1 + CR<\/td><\/tr><tr><td class=\"has-text-align-center\" data-align=\"center\">Analista Legislativo \u2013 Contabilidade<\/td><td class=\"has-text-align-center\" data-align=\"center\">R$ 2.197,00<\/td><td class=\"has-text-align-center\" data-align=\"center\">&nbsp;2 + CR<\/td><\/tr><tr><td class=\"has-text-align-center\" data-align=\"center\">Analista Legislativo \u2013 Direito<\/td><td class=\"has-text-align-center\" data-align=\"center\">R$ 2.197,00<\/td><td class=\"has-text-align-center\" data-align=\"center\">2 + CR<\/td><\/tr><tr><td class=\"has-text-align-center\" data-align=\"center\">Analista Legislativo \u2013 Enfermagem<\/td><td class=\"has-text-align-center\" data-align=\"center\">R$ 2.197,00<\/td><td class=\"has-text-align-center\" data-align=\"center\">1 + CR<\/td><\/tr><tr><td class=\"has-text-align-center\" data-align=\"center\">Analista Legislativo \u2013 Or\u00e7amento e Finan\u00e7as<\/td><td class=\"has-text-align-center\" data-align=\"center\">R$ 2.197,00<\/td><td class=\"has-text-align-center\" data-align=\"center\">2 + CR<\/td><\/tr><tr><td class=\"has-text-align-center\" data-align=\"center\">Analista Legislativo \u2013 Reda\u00e7\u00e3o e Revis\u00e3o<\/td><td class=\"has-text-align-center\" data-align=\"center\">R$ 2.197,00<\/td><td class=\"has-text-align-center\" data-align=\"center\">2 + CR<\/td><\/tr><tr><td class=\"has-text-align-center\" data-align=\"center\">Analista Legislativo \u2013 Tecnologia da Informa\u00e7\u00e3o \u2013 Administra\u00e7\u00e3o de Servi\u00e7os<\/td><td class=\"has-text-align-center\" data-align=\"center\">R$ 2.197,00<\/td><td class=\"has-text-align-center\" data-align=\"center\">2 + CR<\/td><\/tr><tr><td class=\"has-text-align-center\" data-align=\"center\">Consultor Legislativo<\/td><td class=\"has-text-align-center\" data-align=\"center\">R$ 2.197,00<\/td><td class=\"has-text-align-center\" data-align=\"center\">5 vagas + CR<\/td><\/tr><tr><td class=\"has-text-align-center\" data-align=\"center\">Consultor Legislativo \u2013 Ci\u00eancia, Tecnologia, Comunica\u00e7\u00e3o e Informa\u00e7\u00e3o<\/td><td class=\"has-text-align-center\" data-align=\"center\">R$ 2.197,00<\/td><td class=\"has-text-align-center\" data-align=\"center\">1 + CR<\/td><\/tr><tr><td class=\"has-text-align-center\" data-align=\"center\">Consultor Legislativo \u2013 Direito<\/td><td class=\"has-text-align-center\" data-align=\"center\">R$ 2.197,00<\/td><td class=\"has-text-align-center\" data-align=\"center\">1 + CR<\/td><\/tr><tr><td class=\"has-text-align-center\" data-align=\"center\">Consultor Legislativo \u2013 Educa\u00e7\u00e3o e Cultura<\/td><td class=\"has-text-align-center\" data-align=\"center\">R$ 2.197,00<\/td><td class=\"has-text-align-center\" data-align=\"center\">1 + CR<\/td><\/tr><tr><td class=\"has-text-align-center\" data-align=\"center\">Consultor Legislativo \u2013 Finan\u00e7as e Or\u00e7amento<\/td><td class=\"has-text-align-center\" data-align=\"center\">R$ 2.197,00<\/td><td class=\"has-text-align-center\" data-align=\"center\">1 + CR<\/td><\/tr><tr><td class=\"has-text-align-center\" data-align=\"center\">Consultor Legislativo \u2013 Ind\u00fastria, Com\u00e9rcio e Turismo<\/td><td class=\"has-text-align-center\" data-align=\"center\">R$ 2.197,00<\/td><td class=\"has-text-align-center\" data-align=\"center\">1 + CR<\/td><\/tr><tr><td class=\"has-text-align-center\" data-align=\"center\">Consultor Legislativo \u2013 Meio Ambiente<\/td><td class=\"has-text-align-center\" data-align=\"center\">R$ 2.197,00<\/td><td class=\"has-text-align-center\" data-align=\"center\">1 + CR<\/td><\/tr><tr><td class=\"has-text-align-center\" data-align=\"center\">Consultor Legislativo \u2013 Obras p\u00fablicas, Infraestrutura e Urbanismo<\/td><td class=\"has-text-align-center\" data-align=\"center\">R$ 2.197,00<\/td><td class=\"has-text-align-center\" data-align=\"center\">1 + CR<\/td><\/tr><tr><td class=\"has-text-align-center\" data-align=\"center\">Consultor Legislativo \u2013 Sa\u00fade P\u00fablica e Bem-Estar Social<\/td><td class=\"has-text-align-center\" data-align=\"center\">R$ 2.197,00<\/td><td class=\"has-text-align-center\" data-align=\"center\">1 + CR<\/td><\/tr><\/tbody><\/table><\/figure>\n\n\n\n<h2 class=\"wp-block-heading\" id=\"h-etapas-do-edital-camara-de-sao-goncalo\">Etapas do edital C\u00e2mara de S\u00e3o Gon\u00e7alo<\/h2>\n\n\n\n<p>O edital C\u00e2mara de S\u00e3o Gon\u00e7alo \u00e9 composto pelas seguintes etapas:<\/p>\n\n\n\n<ul class=\"wp-block-list\"><li><strong>CARGOS DE N\u00cdVEL M\u00c9DIO<\/strong><ul><li><em>a) 1\u00aa Etapa<\/em>: Prova Objetiva de M\u00faltipla Escolha, de car\u00e1ter eliminat\u00f3rio e classificat\u00f3rio;<\/li><li><em>b) 2\u00aa Etapa<\/em>: Avalia\u00e7\u00e3o de T\u00edtulos, de car\u00e1ter classificat\u00f3rio.<\/li><\/ul><\/li><\/ul>\n\n\n\n<ul class=\"wp-block-list\"><li><strong>CARGOS DE N\u00cdVEL SUPERIOR<\/strong><ul><li><em>a) 1\u00aa Etapa<\/em>: Prova Objetiva de M\u00faltipla Escolha, de car\u00e1ter eliminat\u00f3rio e classificat\u00f3rio;<\/li><li><em>b) 2\u00aa Etapa<\/em>: Avalia\u00e7\u00e3o de T\u00edtulos, de car\u00e1ter classificat\u00f3rio.<\/li><\/ul><\/li><\/ul>\n\n\n\n<h3 class=\"wp-block-heading\" id=\"h-prova-objetiva\">Prova Objetiva<\/h3>\n\n\n\n<p>A Prova Objetiva ser\u00e1 composta por quest\u00f5es de M\u00faltipla Escolha, conforme quadro do edital sendo que cada quest\u00e3o conter\u00e1 4 alternativas e com uma \u00fanica resposta correta.<\/p>\n\n\n\n<p>Cada quest\u00e3o das \u00c1reas de Conhecimentos B\u00e1sicos e de Gerais valer\u00e1 1 ponto para os cargos de n\u00edveis m\u00e9dio e superior, enquanto que cada quest\u00e3o da \u00c1rea de Conhecimentos Espec\u00edficos valer\u00e1 3 pontos.<\/p>\n\n\n\n<p><strong>N\u00cdVEL M\u00c9DIO<\/strong><\/p>\n\n\n\n<figure class=\"wp-block-image size-large\"><img loading=\"lazy\" decoding=\"async\" width=\"561\" height=\"384\" src=\"https:\/\/dhg1h5j42swfq.cloudfront.net\/2020\/12\/30114835\/image-236.png\" alt=\"\" class=\"wp-image-638116\" srcset=\"https:\/\/dhg1h5j42swfq.cloudfront.net\/2020\/12\/30114835\/image-236.png 561w, https:\/\/dhg1h5j42swfq.cloudfront.net\/2020\/12\/30114835\/image-236-300x205.png 300w\" sizes=\"auto, (max-width: 561px) 100vw, 561px\" \/><figcaption>Quadro de provas objetivas<\/figcaption><\/figure>\n\n\n\n<p><strong>N\u00cdVEL SUPERIOR<\/strong><\/p>\n\n\n\n<figure class=\"wp-block-image size-large\"><img loading=\"lazy\" decoding=\"async\" width=\"564\" height=\"388\" src=\"https:\/\/dhg1h5j42swfq.cloudfront.net\/2020\/12\/30115130\/image-237.png\" alt=\"\" class=\"wp-image-638122\" srcset=\"https:\/\/dhg1h5j42swfq.cloudfront.net\/2020\/12\/30115130\/image-237.png 564w, https:\/\/dhg1h5j42swfq.cloudfront.net\/2020\/12\/30115130\/image-237-300x206.png 300w\" sizes=\"auto, (max-width: 564px) 100vw, 564px\" \/><figcaption>Quadro de provas objetivas<\/figcaption><\/figure>\n\n\n\n<p>Ser\u00e1 considerado habilitado na Prova Objetiva do edital C\u00e2mara de S\u00e3o Gon\u00e7alo o candidato que obtiver no m\u00ednimo 40% do total de pontos, ou seja, 40 pontos, n\u00e3o podendo zerar em nenhuma das \u00e1reas de conhecimento.<\/p>\n\n\n\n<h3 class=\"wp-block-heading\" id=\"avaliacao-de-titulos\">Avalia\u00e7\u00e3o de T\u00edtulos<\/h3>\n\n\n\n<p>Ser\u00e3o convocados para a Avalia\u00e7\u00e3o de T\u00edtulos somente os candidatos habilitados na prova objetiva e que atinjam a condi\u00e7\u00e3o de classificados at\u00e9 o limite de 20 vezes o n\u00famero de vagas ofertadas.<\/p>\n\n\n\n<p>A descri\u00e7\u00e3o e pontua\u00e7\u00e3o dos t\u00edtulos do edital C\u00e2mara de S\u00e3o Gon\u00e7alo, conforme o cargo e n\u00edvel de escolaridade, ser\u00e1 feita conforme os subitens abaixo:<\/p>\n\n\n\n<p><strong>Forma\u00e7\u00e3o Acad\u00eamica (somente para cargos de N\u00edvel Superior):<\/strong><\/p>\n\n\n\n<ul class=\"wp-block-list\"><li>P\u00f3s Gradua\u00e7\u00e3o (com especializa\u00e7\u00e3o latu sensu de, no m\u00ednimo, 360h) na \u00e1rea de atua\u00e7\u00e3o \u2013 10 pontos;<\/li><li>Mestrado na \u00e1rea de atua\u00e7\u00e3o \u2013 20 pontos;<\/li><li>Doutorado na \u00e1rea de atua\u00e7\u00e3o \u2013 30 pontos.<\/li><\/ul>\n\n\n\n<p><strong>Forma\u00e7\u00e3o Continuada\/Capacita\u00e7\u00e3o Profissional (somente para os cargos de N\u00edvel M\u00e9dio)<\/strong>:<\/p>\n\n\n\n<ul class=\"wp-block-list\"><li>Curso de forma\u00e7\u00e3o continuada\/Capacita\u00e7\u00e3o Profissional somente na \u00e1rea correspondente \u00e0 fun\u00e7\u00e3o pleiteada, referente aos \u00faltimos cinco anos, e registrado pela Institui\u00e7\u00e3o formadora, contendo carga hor\u00e1ria e conte\u00fado ministrado, entre outras exig\u00eancias<\/li><li>Pontua\u00e7\u00e3o: 5,0 pontos para cada 40h comprovadas<\/li><li>Limite: At\u00e9 o limite de 15 pontos<\/li><\/ul>\n\n\n\n<p><strong>Experi\u00eancia Profissional (somente para cargos de N\u00edvel M\u00e9dio)<\/strong>:<\/p>\n\n\n\n<ul class=\"wp-block-list\"><li>Comprova\u00e7\u00e3o de experi\u00eancia profissional na \u00e1rea de atua\u00e7\u00e3o da fun\u00e7\u00e3o pleiteada, a partir de 06 meses, mediante declara\u00e7\u00e3o de institui\u00e7\u00e3o, empresa, \u00f3rg\u00e3o ou registro em Carteira de Trabalho e Previd\u00eancia Social \u2013 CTPS<\/li><li>Pontua\u00e7\u00e3o: 5 pontos para cada 6 meses<\/li><li>Limite: At\u00e9 o limite de 15 <\/li><\/ul>\n\n\n\n<h2 class=\"has-text-align-center wp-block-heading\" id=\"h-quer-saber-tudo-sobre-concursos-previstos-confira-nossos-artigos\">Quer saber tudo sobre concursos previstos?<br \/>Confira nossos artigos!<\/h2>\n\n\n\n<ul class=\"wp-block-list\"><li><a href=\"https:\/\/www.estrategiaconcursos.com.br\/blog\/concursos-abertos\/\" target=\"_blank\" rel=\"noreferrer noopener\">Concursos abertos<\/a><\/li><li><a href=\"https:\/\/www.estrategiaconcursos.com.br\/blog\/concursos-2022\/\" target=\"_blank\" rel=\"noreferrer noopener\">Concursos 2022<\/a><\/li><\/ul>\n\n\n\n<h2 class=\"has-text-align-center wp-block-heading\" id=\"cursos\">Quer estudar para o Concurso&nbsp;C\u00e2mara de S\u00e3o Gon\u00e7alo?<\/h2>\n\n\n\n<div class=\"container\" id=\"boxes\">\n  <div class=\"row\">\n\n    <div class=\"col-sm\">\n      <div class=\"banner-legislativo\" id=\"box-assinatura\">\n        <h3 class=\"titulo-assinatura\">Concurso C\u00e2mara de S\u00e3o Gon\u00e7alo<\/h3>\n        <p class=\"subtitulo-assinatura\">Conhe\u00e7a os cursos<\/p>\n        <div class=\"box-botao\">\n          <a class=\"btn-assinatura\" target=\"_blank\" href=\"https:\/\/www.estrategiaconcursos.com.br\/cursosPorConcurso\/camara-municipal-de-sao-goncalo-rj\/\" role=\"button\" rel=\"noopener noreferrer\">Conhe\u00e7a mais<\/a>\n        <\/div>\n      <\/div>\n     \n\n  <\/div>\n<\/div><\/div>\n\n\n\n<div class=\"container\" id=\"boxes\">\n  <div class=\"row\">\n\n    <div class=\"col-sm\">\n      <div class=\"estrategia\" id=\"box-assinatura\">\n        <h3 class=\"titulo-assinatura\">Assinatura de Concursos<\/h3>\n        <p class=\"subtitulo-assinatura\">Assinatura de 1 ano ou 2 anos<\/p>\n        <div class=\"box-botao\">\n          <a class=\"btn-assinatura\" target=\"_blank\" href=\"https:\/\/www.estrategiaconcursos.com.br\/assinaturas\/\" role=\"button\" rel=\"noopener noreferrer\">ASSINE AGORA<\/a>\n        <\/div>\n      <\/div>\n     \n    <\/div><\/div><\/div>\n\n\n\n<figure class=\"wp-block-image size-large is-resized\" id=\"block-be2d4957-fbc5-4c72-8084-d31ef428dc57\"><img loading=\"lazy\" decoding=\"async\" src=\"https:\/\/dhg1h5j42swfq.cloudfront.net\/2021\/04\/20120916\/ficha-tecnica-154-1024x632.png\" alt=\"Ficha t\u00e9cnica do concurso C\u00e2mara de S\u00e3o Gon\u00e7alo\" class=\"wp-image-719645\" width=\"274\" height=\"169\" srcset=\"https:\/\/dhg1h5j42swfq.cloudfront.net\/2021\/04\/20120916\/ficha-tecnica-154-1024x632.png 1024w, https:\/\/dhg1h5j42swfq.cloudfront.net\/2021\/04\/20120916\/ficha-tecnica-154-300x185.png 300w, https:\/\/dhg1h5j42swfq.cloudfront.net\/2021\/04\/20120916\/ficha-tecnica-154-768x474.png 768w, https:\/\/dhg1h5j42swfq.cloudfront.net\/2021\/04\/20120916\/ficha-tecnica-154-1536x948.png 1536w, https:\/\/dhg1h5j42swfq.cloudfront.net\/2021\/04\/20120916\/ficha-tecnica-154-610x377.png 610w, https:\/\/dhg1h5j42swfq.cloudfront.net\/2021\/04\/20120916\/ficha-tecnica-154.png 1571w\" sizes=\"auto, (max-width: 274px) 100vw, 274px\" \/><\/figure>\n\n\n\n<h3 class=\"wp-block-heading\" id=\"ficha\">Informa\u00e7\u00f5es do edital C\u00e2mara de S\u00e3o Gon\u00e7alo<\/h3>\n\n\n\n<ul class=\"wp-block-list\" id=\"block-90803093-15a0-4462-b726-a07da97b7fd7\"><li><strong>Provas<\/strong>: 03\/07\/2022<\/li><li><strong>Vagas<\/strong>: 39 + CR<\/li><li><strong>Cargos<\/strong>: diversos<\/li><li><strong>Banca<\/strong>: Instituto Selecon<\/li><li><strong>Escolaridade<\/strong>: n\u00edveis m\u00e9dio e superior<\/li><li><strong>Edital retificado<\/strong>: <a href=\"https:\/\/dhg1h5j42swfq.cloudfront.net\/2022\/05\/06100258\/edital-camara-municipal-sao-goncalo-rj-com-retificacao.pdf\" target=\"_blank\" rel=\"noreferrer noopener nofollow\">C\u00e2mara S\u00e3o Gon\u00e7alo-2020<\/a><\/li><\/ul>\n","protected":false},"excerpt":{"rendered":"<p>Est\u00e3o encerradas as inscri\u00e7\u00f5es para o edital C\u00e2mara de S\u00e3o Gon\u00e7alo, no estado do Rio de Janeiro. Ap\u00f3s retifica\u00e7\u00e3o, s\u00e3o ofertadas 39 vagas mais cadastro de reserva para cargos de&nbsp;n\u00edveis m\u00e9dio e superior. Os interessados puderam se inscrever at\u00e9 o dia 12 de junho de 2022, no&nbsp;site do Instituto Selecon. Al\u00e9m disso, era necess\u00e1rio fazer [&hellip;]<\/p>\n","protected":false},"author":1206,"featured_media":627087,"comment_status":"open","ping_status":"closed","sticky":false,"template":"","format":"standard","meta":{"post_tipo":"news","footnotes":""},"categories":[2017,220219],"tags":[],"tax_estado":[219982],"class_list":["post-638073","post","type-post","status-publish","format-standard","has-post-thumbnail","hentry","category-concursos-legislativos","category-noticias","tax_estado-rj"],"acf":[],"yoast_head":"<!-- This site is optimized with the Yoast SEO Premium plugin v27.2 (Yoast SEO v27.2) - https:\/\/yoast.com\/product\/yoast-seo-premium-wordpress\/ -->\n<title>Edital C\u00e2mara de S\u00e3o Gon\u00e7alo: inscri\u00e7\u00f5es encerradas!<\/title>\n<meta name=\"description\" content=\"Edital do concurso C\u00e2mara de S\u00e3o Gon\u00e7alo tem inscri\u00e7\u00f5es encerradas. Agora com 39 vagas, o certame teve as provas remarcadas para julho!\" \/>\n<meta name=\"robots\" content=\"index, follow, max-snippet:-1, max-image-preview:large, max-video-preview:-1\" \/>\n<link rel=\"canonical\" href=\"https:\/\/www.estrategiaconcursos.com.br\/blog\/edital-camara-de-sao-goncalo\/\" \/>\n<meta property=\"og:locale\" content=\"pt_BR\" \/>\n<meta property=\"og:type\" content=\"article\" \/>\n<meta property=\"og:title\" content=\"Edital C\u00e2mara de S\u00e3o Gon\u00e7alo: inscri\u00e7\u00f5es encerradas!\" \/>\n<meta property=\"og:description\" content=\"Edital do concurso C\u00e2mara de S\u00e3o Gon\u00e7alo tem inscri\u00e7\u00f5es encerradas. Agora com 39 vagas, o certame teve as provas remarcadas para julho!\" \/>\n<meta property=\"og:url\" content=\"https:\/\/www.estrategiaconcursos.com.br\/blog\/edital-camara-de-sao-goncalo\/\" \/>\n<meta property=\"og:site_name\" content=\"Estrat\u00e9gia Concursos\" \/>\n<meta property=\"article:published_time\" content=\"2022-06-13T15:00:00+00:00\" \/>\n<meta property=\"article:modified_time\" content=\"2022-06-13T16:38:29+00:00\" \/>\n<meta property=\"og:image\" content=\"https:\/\/dhg1h5j42swfq.cloudfront.net\/2020\/12\/09142313\/camara_de_sao_goncalo_rj.jpg\" \/>\n\t<meta property=\"og:image:width\" content=\"1200\" \/>\n\t<meta property=\"og:image:height\" content=\"628\" \/>\n\t<meta property=\"og:image:type\" content=\"image\/jpeg\" \/>\n<meta name=\"author\" content=\"Bruna de Andrade Fran\u00e7a\" \/>\n<meta name=\"twitter:card\" content=\"summary_large_image\" \/>\n<meta name=\"twitter:creator\" content=\"@EstratConcursos\" \/>\n<meta name=\"twitter:site\" content=\"@EstratConcursos\" \/>\n<meta name=\"twitter:label1\" content=\"Escrito por\" \/>\n\t<meta name=\"twitter:data1\" content=\"Bruna de Andrade Fran\u00e7a\" \/>\n\t<meta name=\"twitter:label2\" content=\"Est. tempo de leitura\" \/>\n\t<meta name=\"twitter:data2\" content=\"6 minutos\" \/>\n<script type=\"application\/ld+json\" class=\"yoast-schema-graph\">{\"@context\":\"https:\/\/schema.org\",\"@graph\":[{\"@type\":\"NewsArticle\",\"@id\":\"https:\/\/www.estrategiaconcursos.com.br\/blog\/edital-camara-de-sao-goncalo\/#article\",\"isPartOf\":{\"@id\":\"https:\/\/www.estrategiaconcursos.com.br\/blog\/edital-camara-de-sao-goncalo\/\"},\"author\":{\"name\":\"Bruna de Andrade Fran\u00e7a\",\"@id\":\"https:\/\/www.estrategiaconcursos.com.br\/blog\/#\/schema\/person\/6630f91134abc08115cca62ce6372855\"},\"headline\":\"Edital C\u00e2mara de S\u00e3o Gon\u00e7alo: inscri\u00e7\u00f5es encerradas!\",\"datePublished\":\"2022-06-13T15:00:00+00:00\",\"dateModified\":\"2022-06-13T16:38:29+00:00\",\"mainEntityOfPage\":{\"@id\":\"https:\/\/www.estrategiaconcursos.com.br\/blog\/edital-camara-de-sao-goncalo\/\"},\"wordCount\":939,\"commentCount\":0,\"publisher\":{\"@id\":\"https:\/\/www.estrategiaconcursos.com.br\/blog\/#organization\"},\"image\":{\"@id\":\"https:\/\/www.estrategiaconcursos.com.br\/blog\/edital-camara-de-sao-goncalo\/#primaryimage\"},\"thumbnailUrl\":\"https:\/\/dhg1h5j42swfq.cloudfront.net\/2020\/12\/09142313\/camara_de_sao_goncalo_rj.jpg\",\"articleSection\":[\"Legislativo\",\"\u00daltimas not\u00edcias\"],\"inLanguage\":\"pt-BR\",\"potentialAction\":[{\"@type\":\"CommentAction\",\"name\":\"Comment\",\"target\":[\"https:\/\/www.estrategiaconcursos.com.br\/blog\/edital-camara-de-sao-goncalo\/#respond\"]}],\"copyrightYear\":\"2022\",\"copyrightHolder\":{\"@id\":\"https:\/\/www.estrategiaconcursos.com.br\/blog\/#organization\"}},{\"@type\":\"WebPage\",\"@id\":\"https:\/\/www.estrategiaconcursos.com.br\/blog\/edital-camara-de-sao-goncalo\/\",\"url\":\"https:\/\/www.estrategiaconcursos.com.br\/blog\/edital-camara-de-sao-goncalo\/\",\"name\":\"Edital C\u00e2mara de S\u00e3o Gon\u00e7alo: inscri\u00e7\u00f5es encerradas!\",\"isPartOf\":{\"@id\":\"https:\/\/www.estrategiaconcursos.com.br\/blog\/#website\"},\"primaryImageOfPage\":{\"@id\":\"https:\/\/www.estrategiaconcursos.com.br\/blog\/edital-camara-de-sao-goncalo\/#primaryimage\"},\"image\":{\"@id\":\"https:\/\/www.estrategiaconcursos.com.br\/blog\/edital-camara-de-sao-goncalo\/#primaryimage\"},\"thumbnailUrl\":\"https:\/\/dhg1h5j42swfq.cloudfront.net\/2020\/12\/09142313\/camara_de_sao_goncalo_rj.jpg\",\"datePublished\":\"2022-06-13T15:00:00+00:00\",\"dateModified\":\"2022-06-13T16:38:29+00:00\",\"description\":\"Edital do concurso C\u00e2mara de S\u00e3o Gon\u00e7alo tem inscri\u00e7\u00f5es encerradas. Agora com 39 vagas, o certame teve as provas remarcadas para julho!\",\"breadcrumb\":{\"@id\":\"https:\/\/www.estrategiaconcursos.com.br\/blog\/edital-camara-de-sao-goncalo\/#breadcrumb\"},\"inLanguage\":\"pt-BR\",\"potentialAction\":[{\"@type\":\"ReadAction\",\"target\":[\"https:\/\/www.estrategiaconcursos.com.br\/blog\/edital-camara-de-sao-goncalo\/\"]}]},{\"@type\":\"ImageObject\",\"inLanguage\":\"pt-BR\",\"@id\":\"https:\/\/www.estrategiaconcursos.com.br\/blog\/edital-camara-de-sao-goncalo\/#primaryimage\",\"url\":\"https:\/\/dhg1h5j42swfq.cloudfront.net\/2020\/12\/09142313\/camara_de_sao_goncalo_rj.jpg\",\"contentUrl\":\"https:\/\/dhg1h5j42swfq.cloudfront.net\/2020\/12\/09142313\/camara_de_sao_goncalo_rj.jpg\",\"width\":1200,\"height\":628,\"caption\":\"C\u00e2mara de S\u00e3o Gon\u00e7alo\"},{\"@type\":\"BreadcrumbList\",\"@id\":\"https:\/\/www.estrategiaconcursos.com.br\/blog\/edital-camara-de-sao-goncalo\/#breadcrumb\",\"itemListElement\":[{\"@type\":\"ListItem\",\"position\":1,\"name\":\"In\u00edcio\",\"item\":\"https:\/\/www.estrategiaconcursos.com.br\/blog\/\"},{\"@type\":\"ListItem\",\"position\":2,\"name\":\"Edital C\u00e2mara de S\u00e3o Gon\u00e7alo: inscri\u00e7\u00f5es encerradas!\"}]},{\"@type\":\"WebSite\",\"@id\":\"https:\/\/www.estrategiaconcursos.com.br\/blog\/#website\",\"url\":\"https:\/\/www.estrategiaconcursos.com.br\/blog\/\",\"name\":\"Estrat\u00e9gia Concursos\",\"description\":\"O blog da Estrat\u00e9gia Concursos traz not\u00edcias sobre concursos e artigos de professores oferecendo cursos para concursos (pdf + videaulas) no site.\",\"publisher\":{\"@id\":\"https:\/\/www.estrategiaconcursos.com.br\/blog\/#organization\"},\"potentialAction\":[{\"@type\":\"SearchAction\",\"target\":{\"@type\":\"EntryPoint\",\"urlTemplate\":\"https:\/\/www.estrategiaconcursos.com.br\/blog\/?s={search_term_string}\"},\"query-input\":{\"@type\":\"PropertyValueSpecification\",\"valueRequired\":true,\"valueName\":\"search_term_string\"}}],\"inLanguage\":\"pt-BR\"},{\"@type\":\"Organization\",\"@id\":\"https:\/\/www.estrategiaconcursos.com.br\/blog\/#organization\",\"name\":\"Estrat\u00e9gia Concursos\",\"url\":\"https:\/\/www.estrategiaconcursos.com.br\/blog\/\",\"logo\":{\"@type\":\"ImageObject\",\"inLanguage\":\"pt-BR\",\"@id\":\"https:\/\/www.estrategiaconcursos.com.br\/blog\/#\/schema\/logo\/image\/\",\"url\":\"https:\/\/dhg1h5j42swfq.cloudfront.net\/2025\/06\/03203428\/logo_concursos-1.jpg\",\"contentUrl\":\"https:\/\/dhg1h5j42swfq.cloudfront.net\/2025\/06\/03203428\/logo_concursos-1.jpg\",\"width\":230,\"height\":60,\"caption\":\"Estrat\u00e9gia Concursos\"},\"image\":{\"@id\":\"https:\/\/www.estrategiaconcursos.com.br\/blog\/#\/schema\/logo\/image\/\"},\"sameAs\":[\"https:\/\/x.com\/EstratConcursos\"]},{\"@type\":\"Person\",\"@id\":\"https:\/\/www.estrategiaconcursos.com.br\/blog\/#\/schema\/person\/6630f91134abc08115cca62ce6372855\",\"name\":\"Bruna de Andrade Fran\u00e7a\",\"image\":{\"@type\":\"ImageObject\",\"inLanguage\":\"pt-BR\",\"@id\":\"https:\/\/secure.gravatar.com\/avatar\/d6316d36d50cea0fadae28ed3015b8870cc90a2d3d8a95c37b44006af36a00e3?s=96&d=mm&r=g\",\"url\":\"https:\/\/secure.gravatar.com\/avatar\/d6316d36d50cea0fadae28ed3015b8870cc90a2d3d8a95c37b44006af36a00e3?s=96&d=mm&r=g\",\"contentUrl\":\"https:\/\/secure.gravatar.com\/avatar\/d6316d36d50cea0fadae28ed3015b8870cc90a2d3d8a95c37b44006af36a00e3?s=96&d=mm&r=g\",\"caption\":\"Bruna de Andrade Fran\u00e7a\"},\"description\":\"Bruna de Andrade Fran\u00e7a \u00e9 publicit\u00e1ria com p\u00f3s-gradua\u00e7\u00e3o em Marketing &amp; Growth, atuando h\u00e1 mais de 6 anos no universo dos concursos p\u00fablicos. Desde 2021, lidera no Blog do Estrat\u00e9gia Concursos a cobertura editorial especializada em Concursos Policiais (PF, PRF, PM, PC, etc.), al\u00e9m das frentes de concursos banc\u00e1rios, de sa\u00fade e da \u00e1rea legislativa. Especialista em reda\u00e7\u00e3o, com pr\u00e1ticas de SEO e Copywriting, possui tamb\u00e9m atua\u00e7\u00e3o pr\u00e1tica de contato direto com \u00f3rg\u00e3os p\u00fablicos respons\u00e1veis por editais, permitindo acesso antecipado a informa\u00e7\u00f5es, desdobramentos importantes e atualiza\u00e7\u00e3o eficiente dos concursos p\u00fablicos.\",\"url\":\"https:\/\/www.estrategiaconcursos.com.br\/blog\/author\/bruna-andrade\/\"}]}<\/script>\n<!-- \/ Yoast SEO Premium plugin. -->","yoast_head_json":{"title":"Edital C\u00e2mara de S\u00e3o Gon\u00e7alo: inscri\u00e7\u00f5es encerradas!","description":"Edital do concurso C\u00e2mara de S\u00e3o Gon\u00e7alo tem inscri\u00e7\u00f5es encerradas. Agora com 39 vagas, o certame teve as provas remarcadas para julho!","robots":{"index":"index","follow":"follow","max-snippet":"max-snippet:-1","max-image-preview":"max-image-preview:large","max-video-preview":"max-video-preview:-1"},"canonical":"https:\/\/www.estrategiaconcursos.com.br\/blog\/edital-camara-de-sao-goncalo\/","og_locale":"pt_BR","og_type":"article","og_title":"Edital C\u00e2mara de S\u00e3o Gon\u00e7alo: inscri\u00e7\u00f5es encerradas!","og_description":"Edital do concurso C\u00e2mara de S\u00e3o Gon\u00e7alo tem inscri\u00e7\u00f5es encerradas. Agora com 39 vagas, o certame teve as provas remarcadas para julho!","og_url":"https:\/\/www.estrategiaconcursos.com.br\/blog\/edital-camara-de-sao-goncalo\/","og_site_name":"Estrat\u00e9gia Concursos","article_published_time":"2022-06-13T15:00:00+00:00","article_modified_time":"2022-06-13T16:38:29+00:00","og_image":[{"width":1200,"height":628,"url":"https:\/\/dhg1h5j42swfq.cloudfront.net\/2020\/12\/09142313\/camara_de_sao_goncalo_rj.jpg","type":"image\/jpeg"}],"author":"Bruna de Andrade Fran\u00e7a","twitter_card":"summary_large_image","twitter_creator":"@EstratConcursos","twitter_site":"@EstratConcursos","twitter_misc":{"Escrito por":"Bruna de Andrade Fran\u00e7a","Est. tempo de leitura":"6 minutos"},"schema":{"@context":"https:\/\/schema.org","@graph":[{"@type":"NewsArticle","@id":"https:\/\/www.estrategiaconcursos.com.br\/blog\/edital-camara-de-sao-goncalo\/#article","isPartOf":{"@id":"https:\/\/www.estrategiaconcursos.com.br\/blog\/edital-camara-de-sao-goncalo\/"},"author":{"name":"Bruna de Andrade Fran\u00e7a","@id":"https:\/\/www.estrategiaconcursos.com.br\/blog\/#\/schema\/person\/6630f91134abc08115cca62ce6372855"},"headline":"Edital C\u00e2mara de S\u00e3o Gon\u00e7alo: inscri\u00e7\u00f5es encerradas!","datePublished":"2022-06-13T15:00:00+00:00","dateModified":"2022-06-13T16:38:29+00:00","mainEntityOfPage":{"@id":"https:\/\/www.estrategiaconcursos.com.br\/blog\/edital-camara-de-sao-goncalo\/"},"wordCount":939,"commentCount":0,"publisher":{"@id":"https:\/\/www.estrategiaconcursos.com.br\/blog\/#organization"},"image":{"@id":"https:\/\/www.estrategiaconcursos.com.br\/blog\/edital-camara-de-sao-goncalo\/#primaryimage"},"thumbnailUrl":"https:\/\/dhg1h5j42swfq.cloudfront.net\/2020\/12\/09142313\/camara_de_sao_goncalo_rj.jpg","articleSection":["Legislativo","\u00daltimas not\u00edcias"],"inLanguage":"pt-BR","potentialAction":[{"@type":"CommentAction","name":"Comment","target":["https:\/\/www.estrategiaconcursos.com.br\/blog\/edital-camara-de-sao-goncalo\/#respond"]}],"copyrightYear":"2022","copyrightHolder":{"@id":"https:\/\/www.estrategiaconcursos.com.br\/blog\/#organization"}},{"@type":"WebPage","@id":"https:\/\/www.estrategiaconcursos.com.br\/blog\/edital-camara-de-sao-goncalo\/","url":"https:\/\/www.estrategiaconcursos.com.br\/blog\/edital-camara-de-sao-goncalo\/","name":"Edital C\u00e2mara de S\u00e3o Gon\u00e7alo: inscri\u00e7\u00f5es encerradas!","isPartOf":{"@id":"https:\/\/www.estrategiaconcursos.com.br\/blog\/#website"},"primaryImageOfPage":{"@id":"https:\/\/www.estrategiaconcursos.com.br\/blog\/edital-camara-de-sao-goncalo\/#primaryimage"},"image":{"@id":"https:\/\/www.estrategiaconcursos.com.br\/blog\/edital-camara-de-sao-goncalo\/#primaryimage"},"thumbnailUrl":"https:\/\/dhg1h5j42swfq.cloudfront.net\/2020\/12\/09142313\/camara_de_sao_goncalo_rj.jpg","datePublished":"2022-06-13T15:00:00+00:00","dateModified":"2022-06-13T16:38:29+00:00","description":"Edital do concurso C\u00e2mara de S\u00e3o Gon\u00e7alo tem inscri\u00e7\u00f5es encerradas. Agora com 39 vagas, o certame teve as provas remarcadas para julho!","breadcrumb":{"@id":"https:\/\/www.estrategiaconcursos.com.br\/blog\/edital-camara-de-sao-goncalo\/#breadcrumb"},"inLanguage":"pt-BR","potentialAction":[{"@type":"ReadAction","target":["https:\/\/www.estrategiaconcursos.com.br\/blog\/edital-camara-de-sao-goncalo\/"]}]},{"@type":"ImageObject","inLanguage":"pt-BR","@id":"https:\/\/www.estrategiaconcursos.com.br\/blog\/edital-camara-de-sao-goncalo\/#primaryimage","url":"https:\/\/dhg1h5j42swfq.cloudfront.net\/2020\/12\/09142313\/camara_de_sao_goncalo_rj.jpg","contentUrl":"https:\/\/dhg1h5j42swfq.cloudfront.net\/2020\/12\/09142313\/camara_de_sao_goncalo_rj.jpg","width":1200,"height":628,"caption":"C\u00e2mara de S\u00e3o Gon\u00e7alo"},{"@type":"BreadcrumbList","@id":"https:\/\/www.estrategiaconcursos.com.br\/blog\/edital-camara-de-sao-goncalo\/#breadcrumb","itemListElement":[{"@type":"ListItem","position":1,"name":"In\u00edcio","item":"https:\/\/www.estrategiaconcursos.com.br\/blog\/"},{"@type":"ListItem","position":2,"name":"Edital C\u00e2mara de S\u00e3o Gon\u00e7alo: inscri\u00e7\u00f5es encerradas!"}]},{"@type":"WebSite","@id":"https:\/\/www.estrategiaconcursos.com.br\/blog\/#website","url":"https:\/\/www.estrategiaconcursos.com.br\/blog\/","name":"Estrat\u00e9gia Concursos","description":"O blog da Estrat\u00e9gia Concursos traz not\u00edcias sobre concursos e artigos de professores oferecendo cursos para concursos (pdf + videaulas) no site.","publisher":{"@id":"https:\/\/www.estrategiaconcursos.com.br\/blog\/#organization"},"potentialAction":[{"@type":"SearchAction","target":{"@type":"EntryPoint","urlTemplate":"https:\/\/www.estrategiaconcursos.com.br\/blog\/?s={search_term_string}"},"query-input":{"@type":"PropertyValueSpecification","valueRequired":true,"valueName":"search_term_string"}}],"inLanguage":"pt-BR"},{"@type":"Organization","@id":"https:\/\/www.estrategiaconcursos.com.br\/blog\/#organization","name":"Estrat\u00e9gia Concursos","url":"https:\/\/www.estrategiaconcursos.com.br\/blog\/","logo":{"@type":"ImageObject","inLanguage":"pt-BR","@id":"https:\/\/www.estrategiaconcursos.com.br\/blog\/#\/schema\/logo\/image\/","url":"https:\/\/dhg1h5j42swfq.cloudfront.net\/2025\/06\/03203428\/logo_concursos-1.jpg","contentUrl":"https:\/\/dhg1h5j42swfq.cloudfront.net\/2025\/06\/03203428\/logo_concursos-1.jpg","width":230,"height":60,"caption":"Estrat\u00e9gia Concursos"},"image":{"@id":"https:\/\/www.estrategiaconcursos.com.br\/blog\/#\/schema\/logo\/image\/"},"sameAs":["https:\/\/x.com\/EstratConcursos"]},{"@type":"Person","@id":"https:\/\/www.estrategiaconcursos.com.br\/blog\/#\/schema\/person\/6630f91134abc08115cca62ce6372855","name":"Bruna de Andrade Fran\u00e7a","image":{"@type":"ImageObject","inLanguage":"pt-BR","@id":"https:\/\/secure.gravatar.com\/avatar\/d6316d36d50cea0fadae28ed3015b8870cc90a2d3d8a95c37b44006af36a00e3?s=96&d=mm&r=g","url":"https:\/\/secure.gravatar.com\/avatar\/d6316d36d50cea0fadae28ed3015b8870cc90a2d3d8a95c37b44006af36a00e3?s=96&d=mm&r=g","contentUrl":"https:\/\/secure.gravatar.com\/avatar\/d6316d36d50cea0fadae28ed3015b8870cc90a2d3d8a95c37b44006af36a00e3?s=96&d=mm&r=g","caption":"Bruna de Andrade Fran\u00e7a"},"description":"Bruna de Andrade Fran\u00e7a \u00e9 publicit\u00e1ria com p\u00f3s-gradua\u00e7\u00e3o em Marketing &amp; Growth, atuando h\u00e1 mais de 6 anos no universo dos concursos p\u00fablicos. Desde 2021, lidera no Blog do Estrat\u00e9gia Concursos a cobertura editorial especializada em Concursos Policiais (PF, PRF, PM, PC, etc.), al\u00e9m das frentes de concursos banc\u00e1rios, de sa\u00fade e da \u00e1rea legislativa. Especialista em reda\u00e7\u00e3o, com pr\u00e1ticas de SEO e Copywriting, possui tamb\u00e9m atua\u00e7\u00e3o pr\u00e1tica de contato direto com \u00f3rg\u00e3os p\u00fablicos respons\u00e1veis por editais, permitindo acesso antecipado a informa\u00e7\u00f5es, desdobramentos importantes e atualiza\u00e7\u00e3o eficiente dos concursos p\u00fablicos.","url":"https:\/\/www.estrategiaconcursos.com.br\/blog\/author\/bruna-andrade\/"}]}},"_links":{"self":[{"href":"https:\/\/www.estrategiaconcursos.com.br\/blog\/wp-json\/wp\/v2\/posts\/638073","targetHints":{"allow":["GET"]}}],"collection":[{"href":"https:\/\/www.estrategiaconcursos.com.br\/blog\/wp-json\/wp\/v2\/posts"}],"about":[{"href":"https:\/\/www.estrategiaconcursos.com.br\/blog\/wp-json\/wp\/v2\/types\/post"}],"author":[{"embeddable":true,"href":"https:\/\/www.estrategiaconcursos.com.br\/blog\/wp-json\/wp\/v2\/users\/1206"}],"replies":[{"embeddable":true,"href":"https:\/\/www.estrategiaconcursos.com.br\/blog\/wp-json\/wp\/v2\/comments?post=638073"}],"version-history":[{"count":18,"href":"https:\/\/www.estrategiaconcursos.com.br\/blog\/wp-json\/wp\/v2\/posts\/638073\/revisions"}],"predecessor-version":[{"id":1044149,"href":"https:\/\/www.estrategiaconcursos.com.br\/blog\/wp-json\/wp\/v2\/posts\/638073\/revisions\/1044149"}],"wp:featuredmedia":[{"embeddable":true,"href":"https:\/\/www.estrategiaconcursos.com.br\/blog\/wp-json\/wp\/v2\/media\/627087"}],"wp:attachment":[{"href":"https:\/\/www.estrategiaconcursos.com.br\/blog\/wp-json\/wp\/v2\/media?parent=638073"}],"wp:term":[{"taxonomy":"category","embeddable":true,"href":"https:\/\/www.estrategiaconcursos.com.br\/blog\/wp-json\/wp\/v2\/categories?post=638073"},{"taxonomy":"post_tag","embeddable":true,"href":"https:\/\/www.estrategiaconcursos.com.br\/blog\/wp-json\/wp\/v2\/tags?post=638073"},{"taxonomy":"tax_estado","embeddable":true,"href":"https:\/\/www.estrategiaconcursos.com.br\/blog\/wp-json\/wp\/v2\/tax_estado?post=638073"}],"curies":[{"name":"wp","href":"https:\/\/api.w.org\/{rel}","templated":true}]}}