{"id":637400,"date":"2021-07-01T00:08:00","date_gmt":"2021-07-01T03:08:00","guid":{"rendered":"https:\/\/www.estrategiaconcursos.com.br\/blog\/?p=637400"},"modified":"2021-07-02T18:54:18","modified_gmt":"2021-07-02T21:54:18","slug":"edital-camara-de-cuiaba","status":"publish","type":"post","link":"https:\/\/www.estrategiaconcursos.com.br\/blog\/edital-camara-de-cuiaba\/","title":{"rendered":"Edital C\u00e2mara de Cuiab\u00e1 est\u00e1 com as inscri\u00e7\u00f5es encerradas!"},"content":{"rendered":"\n<p>As inscri\u00e7\u00f5es do <strong>concurso p\u00fablico da C\u00e2mara de Cuiab\u00e1<\/strong>, capital do estado de Mato Grosso, est\u00e3o encerradas. Os candidatos tiveram at\u00e9 o dia 30 de junho para efetuar sua inscri\u00e7\u00e3o, atrav\u00e9s do site do Instituto Selecon.<\/p>\n\n\n\n<p>Lembrando que as datas da prova objetiva e&nbsp;discursiva&nbsp;foram alteradas. Antes prevista para 13 de junho, agora a etapa ser\u00e1 aplicada na data prov\u00e1vel de <strong>29 de agosto<\/strong>. A homologa\u00e7\u00e3o do resultado final \u00e9 aguardada para o m\u00eas de dezembro.<\/p>\n\n\n\n<p id=\"block-03bb6ee7-ab8a-48a2-aac3-e91a48ead0f4\">Conforme o documento, s\u00e3o ofertadas 13 vagas, al\u00e9m de oportunidades para forma\u00e7\u00e3o de cadastro reserva, para cargos de n\u00edveis m\u00e9dio e superior. <\/p>\n\n\n\n<p id=\"block-34fdfe42-d09f-4240-9f30-d8f74b597d54\">A fim de te deixar sempre bem informado, elaboramos este artigo com as principais informa\u00e7\u00f5es e novidades sobre o edital. Acompanhe pelos t\u00f3picos a seguir: <\/p>\n\n\n\n<ul class=\"wp-block-list\" id=\"block-51f6fa63-4513-4a99-8743-3e5b08ff1b72\"><li><a href=\"#data\">Principais datas<\/a><\/li><li><a href=\"#cargo\">Cargos, vagas e remunera\u00e7\u00f5es<\/a><ul><li><a href=\"#medio\">M\u00e9dio<\/a><\/li><li><a href=\"#superior\">Superior<\/a><\/li><\/ul><\/li><li><a href=\"#etapa\">Etapas e provas<\/a><ul><li><a href=\"#objetiva\">Prova objetiva<\/a><\/li><\/ul><\/li><li><a href=\"#estrategico\">Edital Estrat\u00e9gico<\/a><\/li><li><a href=\"#curso\">Cursos e assinaturas<\/a><\/li><li><a href=\"#ficha\">Ficha t\u00e9cnica<\/a><\/li><\/ul>\n\n\n\n<h2 class=\"wp-block-heading\" id=\"data\">Principais datas do edital C\u00e2mara de Cuiab\u00e1<\/h2>\n\n\n\n<p class=\"has-background\" id=\"block-98fc1776-18ac-4e80-bafa-f2b86ef027d0\" style=\"background-color:#e5e7e7\"><strong>Inscri\u00e7\u00f5es<\/strong>: <s>1\u00ba a 30 de junho<\/s><br \/><strong>\u00daltimo dia para pagamento<\/strong>: <s>1\u00ba de julho<\/s><br \/><strong>Prova<\/strong>: 29 de agosto<\/p>\n\n\n\n<h2 class=\"wp-block-heading\" id=\"cargo\">Cargos, vagas e remunera\u00e7\u00f5es <\/h2>\n\n\n\n<h3 class=\"wp-block-heading\" id=\"medio\">N\u00edvel m\u00e9dio<\/h3>\n\n\n\n<figure class=\"wp-block-table is-style-stripes\"><table><thead><tr><th class=\"has-text-align-center\" data-align=\"center\"><strong>CARGO<\/strong><\/th><th class=\"has-text-align-center\" data-align=\"center\"><strong>VAGAS<\/strong><\/th><th class=\"has-text-align-center\" data-align=\"center\"><strong>SAL\u00c1RIO<\/strong><\/th><\/tr><\/thead><tbody><tr><td class=\"has-text-align-center\" data-align=\"center\">T\u00e9cnico Legislativo<\/td><td class=\"has-text-align-center\" data-align=\"center\">06 + CR<\/td><td class=\"has-text-align-center\" data-align=\"center\">R$ 3.789,85<\/td><\/tr><\/tbody><\/table><\/figure>\n\n\n\n<h3 class=\"wp-block-heading\" id=\"superior\">N\u00edvel superior<\/h3>\n\n\n\n<figure class=\"wp-block-table is-style-stripes\"><table><thead><tr><th class=\"has-text-align-center\" data-align=\"center\"><strong>CARGO<\/strong><\/th><th class=\"has-text-align-center\" data-align=\"center\"><strong>VAGAS<\/strong><\/th><th class=\"has-text-align-center\" data-align=\"center\"><strong>SAL\u00c1RIO<\/strong><\/th><\/tr><\/thead><tbody><tr><td class=\"has-text-align-center\" data-align=\"center\">Analista Legislativo<\/td><td class=\"has-text-align-center\" data-align=\"center\">06 + CR<\/td><td class=\"has-text-align-center\" data-align=\"center\">R$ 4.858,77<\/td><\/tr><tr><td class=\"has-text-align-center\" data-align=\"center\">Contador<\/td><td class=\"has-text-align-center\" data-align=\"center\">CR<\/td><td class=\"has-text-align-center\" data-align=\"center\">R$ 7.986,12<\/td><\/tr><tr><td class=\"has-text-align-center\" data-align=\"center\">Controlador<\/td><td class=\"has-text-align-center\" data-align=\"center\">01 + CR<\/td><td class=\"has-text-align-center\" data-align=\"center\">R$ 7.986,12<\/td><\/tr><\/tbody><\/table><\/figure>\n\n\n\n<h2 class=\"wp-block-heading\" id=\"etapa\">Etapas e provas do edital C\u00e2mara de Cuiab\u00e1<\/h2>\n\n\n\n<p>O concurso C\u00e2mara de Cuiab\u00e1 ser\u00e1 composto pelas seguintes etapas:<\/p>\n\n\n\n<ul class=\"wp-block-list\"><li>Prova Objetiva<\/li><li>Prova Discursiva<\/li><li>Avalia\u00e7\u00e3o de T\u00ectulos<\/li><\/ul>\n\n\n\n<h3 class=\"wp-block-heading\" id=\"objetiva\">Prova Objetiva<\/h3>\n\n\n\n<p>A Prova Objetiva, de car\u00e1ter eliminat\u00f3rio e classificat\u00f3rio, ser\u00e1 composta por quest\u00f5es do tipo m\u00faltipla escolha, sendo que cada quest\u00e3o conter\u00e1 4 (quatro) alternativas e uma \u00fanica resposta correta.<\/p>\n\n\n\n<p>Cada quest\u00e3o das \u00c1reas de Conhecimentos B\u00e1sicos e de Gerais<br \/>valer\u00e1 1 (um) ponto e cada quest\u00e3o da \u00c1rea de Conhecimentos Espec\u00edficos valer\u00e1 1,75 (um v\u00edrgula setenta e cinco) pontos, perfazendo um total de 100 (pontos) o valor m\u00e1ximo da prova objetiva.<\/p>\n\n\n\n<figure class=\"wp-block-image size-large\"><img loading=\"lazy\" decoding=\"async\" width=\"1024\" height=\"255\" src=\"https:\/\/dhg1h5j42swfq.cloudfront.net\/2020\/12\/29171106\/image-218-1024x255.png\" alt=\"Prova T\u00e9cnico Legislativo - Edital C\u00e2mara de Cuiab\u00e1\" class=\"wp-image-637608\" srcset=\"https:\/\/dhg1h5j42swfq.cloudfront.net\/2020\/12\/29171106\/image-218-1024x255.png 1024w, https:\/\/dhg1h5j42swfq.cloudfront.net\/2020\/12\/29171106\/image-218-300x75.png 300w, https:\/\/dhg1h5j42swfq.cloudfront.net\/2020\/12\/29171106\/image-218-768x191.png 768w, https:\/\/dhg1h5j42swfq.cloudfront.net\/2020\/12\/29171106\/image-218-610x152.png 610w, https:\/\/dhg1h5j42swfq.cloudfront.net\/2020\/12\/29171106\/image-218.png 1444w\" sizes=\"auto, (max-width: 1024px) 100vw, 1024px\" \/><\/figure>\n\n\n\n<figure class=\"wp-block-image size-large\"><img loading=\"lazy\" decoding=\"async\" width=\"1024\" height=\"253\" src=\"https:\/\/dhg1h5j42swfq.cloudfront.net\/2020\/12\/29171123\/image-219-1024x253.png\" alt=\"\" class=\"wp-image-637609\" srcset=\"https:\/\/dhg1h5j42swfq.cloudfront.net\/2020\/12\/29171123\/image-219-1024x253.png 1024w, https:\/\/dhg1h5j42swfq.cloudfront.net\/2020\/12\/29171123\/image-219-300x74.png 300w, https:\/\/dhg1h5j42swfq.cloudfront.net\/2020\/12\/29171123\/image-219-768x190.png 768w, https:\/\/dhg1h5j42swfq.cloudfront.net\/2020\/12\/29171123\/image-219-610x151.png 610w, https:\/\/dhg1h5j42swfq.cloudfront.net\/2020\/12\/29171123\/image-219.png 1445w\" sizes=\"auto, (max-width: 1024px) 100vw, 1024px\" \/><\/figure>\n\n\n\n<h3 class=\"wp-block-heading\" id=\"h-prova-discursiva\">Prova Discursiva<\/h3>\n\n\n\n<p>A Prova Discursiva, de car\u00e1ter eliminat\u00f3rio e classificat\u00f3rio, ser\u00e1 aplicada no mesmo dia da Prova Objetiva.<\/p>\n\n\n\n<p><strong>Para n\u00edvel m\u00e9dio:<\/strong><\/p>\n\n\n\n<ul class=\"wp-block-list\"><li>a) ter\u00e1 como valor m\u00e1ximo 100 (cem pontos);<\/li><li>b) o candidato dever\u00e1 redigir sua resposta utilizando o m\u00ednimo de 15 (quinze) e o m\u00e1ximo de 25 linhas;<\/li><li>c) o tema ser\u00e1 sobre Conhecimento Espec\u00edfico do cargo\/habilita\u00e7\u00e3o profissional, observando-se os crit\u00e9rios de corre\u00e7\u00e3o estabelecidos na tabela abaixo:<\/li><\/ul>\n\n\n\n<figure class=\"wp-block-image size-large\"><img loading=\"lazy\" decoding=\"async\" width=\"1024\" height=\"93\" src=\"https:\/\/dhg1h5j42swfq.cloudfront.net\/2020\/12\/29171327\/image-220-1024x93.png\" alt=\"\" class=\"wp-image-637613\" srcset=\"https:\/\/dhg1h5j42swfq.cloudfront.net\/2020\/12\/29171327\/image-220-1024x93.png 1024w, https:\/\/dhg1h5j42swfq.cloudfront.net\/2020\/12\/29171327\/image-220-300x27.png 300w, https:\/\/dhg1h5j42swfq.cloudfront.net\/2020\/12\/29171327\/image-220-768x70.png 768w, https:\/\/dhg1h5j42swfq.cloudfront.net\/2020\/12\/29171327\/image-220-610x55.png 610w, https:\/\/dhg1h5j42swfq.cloudfront.net\/2020\/12\/29171327\/image-220.png 1444w\" sizes=\"auto, (max-width: 1024px) 100vw, 1024px\" \/><\/figure>\n\n\n\n<p><strong>Para n\u00edvel superior:<\/strong><\/p>\n\n\n\n<ul class=\"wp-block-list\"><li>a) ter\u00e1 como valor m\u00e1ximo 100 (cem pontos);<\/li><li>b) o candidato dever\u00e1 redigir sua resposta utilizando o m\u00ednimo de 20 (vinte) e o m\u00e1ximo 30 linhas;<\/li><li>c) o tema ser\u00e1 sobre Conhecimento Espec\u00edfico do cargo\/habilita\u00e7\u00e3o profissional, observando-se os crit\u00e9rios de corre\u00e7\u00e3o estabelecidos na tabela abaixo:<\/li><\/ul>\n\n\n\n<figure class=\"wp-block-image size-large\"><img loading=\"lazy\" decoding=\"async\" width=\"1024\" height=\"93\" src=\"https:\/\/dhg1h5j42swfq.cloudfront.net\/2020\/12\/29171420\/image-221-1024x93.png\" alt=\"\" class=\"wp-image-637615\" srcset=\"https:\/\/dhg1h5j42swfq.cloudfront.net\/2020\/12\/29171420\/image-221-1024x93.png 1024w, https:\/\/dhg1h5j42swfq.cloudfront.net\/2020\/12\/29171420\/image-221-300x27.png 300w, https:\/\/dhg1h5j42swfq.cloudfront.net\/2020\/12\/29171420\/image-221-768x70.png 768w, https:\/\/dhg1h5j42swfq.cloudfront.net\/2020\/12\/29171420\/image-221-610x55.png 610w, https:\/\/dhg1h5j42swfq.cloudfront.net\/2020\/12\/29171420\/image-221.png 1443w\" sizes=\"auto, (max-width: 1024px) 100vw, 1024px\" \/><\/figure>\n\n\n\n<h3 class=\"wp-block-heading\" id=\"block-b2967326-e070-4c09-ae24-a4914cfbe997\">Avalia\u00e7\u00e3o de T\u00edtulos<\/h3>\n\n\n\n<p>A Avalia\u00e7\u00e3o de T\u00edtulos, de car\u00e1ter exclusivamente classificat\u00f3rio, ter\u00e1 a pontua\u00e7\u00e3o m\u00e1xima de 9 (nove) pontos, ainda que a soma dos valores dos t\u00edtulos e dos comprovantes apresentados seja superior a este valor.<\/p>\n\n\n\n<p>Os documentos para Avalia\u00e7\u00e3o de T\u00edtulos ser\u00e3o pontuados conforme a Tabela abaixo:<\/p>\n\n\n\n<div class=\"wp-block-image\"><figure class=\"aligncenter size-large\"><img loading=\"lazy\" decoding=\"async\" width=\"711\" height=\"648\" src=\"https:\/\/dhg1h5j42swfq.cloudfront.net\/2020\/12\/29171637\/image-222.png\" alt=\"Fase de avalia\u00e7\u00e3o de t\u00edtulos do edital C\u00e2mara de Cuiab\u00e1\" class=\"wp-image-637620\" srcset=\"https:\/\/dhg1h5j42swfq.cloudfront.net\/2020\/12\/29171637\/image-222.png 711w, https:\/\/dhg1h5j42swfq.cloudfront.net\/2020\/12\/29171637\/image-222-300x273.png 300w, https:\/\/dhg1h5j42swfq.cloudfront.net\/2020\/12\/29171637\/image-222-610x556.png 610w\" sizes=\"auto, (max-width: 711px) 100vw, 711px\" \/><\/figure><\/div>\n\n\n\n<h2 class=\"wp-block-heading\" id=\"estrategico\">Edital Estrat\u00e9gico C\u00e2mara de Cuiab\u00e1: baixe gratuitamente<\/h2>\n\n\n\n<p>Dando um espa\u00e7o para o Edital Estrat\u00e9gico entrar em sua rotina de estudos, ser\u00e1 poss\u00edvel acompanhar seu desempenho atrav\u00e9s de gr\u00e1ficos, garantindo uma vis\u00e3o completa das mat\u00e9rias que necessitam de mais revis\u00f5es.<\/p>\n\n\n\n<p>O registro de cada tarefa ser\u00e1 feito para cada assunto exigido no conte\u00fado program\u00e1tico do edital. No caso dos Editais Estrat\u00e9gicos de concursos que n\u00e3o est\u00e3o com \u201c<em>edital na pra\u00e7a<\/em>\u201d (ou seja, com inscri\u00e7\u00f5es abertas). A divis\u00e3o dos assuntos ser\u00e1 feita com base no edital.<\/p>\n\n\n\n<p>A partir das informa\u00e7\u00f5es preenchidas pelo aluno, uma \u201caba\u201d do Edital Estrat\u00e9gico ir\u00e1 demonstrar a progress\u00e3o em cada tarefa e assunto. A edi\u00e7\u00e3o poder\u00e1 ser realizada apenas na 3\u00aa aba, relativa ao preenchimento do progresso nas disciplinas. Caso voc\u00ea queira fazer outras modifica\u00e7\u00f5es no arquivo, \u00e9 s\u00f3 usar a&nbsp;senha \u201cadmin\u201d&nbsp;na op\u00e7\u00e3o&nbsp;<em><strong>desproteger<\/strong><\/em>&nbsp;planilha do Excel.<\/p>\n\n\n\n<p class=\"has-text-align-center has-cyan-bluish-gray-background-color has-background\"><strong><a href=\"https:\/\/dhg1h5j42swfq.cloudfront.net\/2020\/12\/30152251\/edital-estrategico_camara-de-cuiaba_contador.xlsx\" target=\"_blank\" rel=\"noreferrer noopener\">Contador<\/a><\/strong><\/p>\n\n\n\n<p class=\"has-text-align-center has-cyan-bluish-gray-background-color has-background\"><strong><a href=\"https:\/\/dhg1h5j42swfq.cloudfront.net\/2020\/12\/30152335\/edital-estrategico_camara-de-cuiaba_analista-legislativo.xlsx\" target=\"_blank\" rel=\"noreferrer noopener\">Analista Legislativo<\/a><\/strong><\/p>\n\n\n\n<p class=\"has-text-align-center has-cyan-bluish-gray-background-color has-background\"><a href=\"https:\/\/dhg1h5j42swfq.cloudfront.net\/2020\/12\/30152521\/edital-estrategico_camara-de-cuiaba_tecnico-legislativo.xlsx\" target=\"_blank\" rel=\"noreferrer noopener\"><strong>T\u00e9cnico Legislativo<\/strong><\/a><\/p>\n\n\n\n<p class=\"has-text-align-center has-cyan-bluish-gray-background-color has-background\"><a href=\"https:\/\/dhg1h5j42swfq.cloudfront.net\/2020\/12\/30152606\/edital-estrategico_camara-de-cuiaba_controlador-interno.xlsx\" target=\"_blank\" rel=\"noreferrer noopener\"><strong>Controlador Interno<\/strong><\/a><\/p>\n\n\n\n<p><strong>IMPORTANTE:&nbsp;<\/strong>Ao clicar no link acima, vai ser aberta uma janela do Google Drive que tentar\u00e1 carregar a visualiza\u00e7\u00e3o da planilha no seu navegador. N\u00e3o h\u00e1 necessidade de esperar essa visualiza\u00e7\u00e3o (talvez at\u00e9 nem carregue, j\u00e1 que os arquivos s\u00e3o pesados).<\/p>\n\n\n\n<h2 class=\"has-text-align-center wp-block-heading\" id=\"cursos\">Quer estudar para o concurso C\u00e2mara de Cuiab\u00e1?<\/h2>\n\n\n\n<div class=\"container\" id=\"boxes\">\n  <div class=\"row\">\n\n    <div class=\"col-sm\">\n      <div class=\"banner-ecj\" id=\"box-assinatura\">\n        <h3 class=\"titulo-assinatura\">Concurso C\u00e2mara de Cuiab\u00e1<\/h3>\n        <p class=\"subtitulo-assinatura\">Cursos para concurso<\/p>\n        <div class=\"box-botao\">\n          <a class=\"btn-assinatura\" target=\"_blank\" href=\"https:\/\/www.estrategiaconcursos.com.br\/cursosPorConcurso\/camara-municipal-de-cuiaba-mt\/\" role=\"button\" rel=\"noopener noreferrer\">Conhe\u00e7a mais<\/a>\n        <\/div>\n      <\/div>\n      <p class=\"texto-auxiliar\"><\/p>\n    <\/div>\n\n  <\/div>\n<\/div>\n\n\n\n<div class=\"container\" id=\"boxes\">\n  <div class=\"row\">\n\n    <div class=\"col-sm\">\n      <div class=\"estrategia\" id=\"box-assinatura\">\n        <h3 class=\"titulo-assinatura\">Assinatura Concursos<\/h3>\n        <p class=\"subtitulo-assinatura\">Assinatura de 1 ano ou 2 anos<\/p>\n        <div class=\"box-botao\">\n          <a class=\"btn-assinatura\" target=\"_blank\" href=\"https:\/\/www.estrategiaconcursos.com.br\/assinaturas\/\" role=\"button\" rel=\"noopener noreferrer\">ASSINE AGORA<\/a>\n        <\/div>\n      <\/div>\n     \n    <\/div><\/div><\/div>\n\n\n\n<div class=\"container\" id=\"boxes\">\n  <div class=\"row\">\n\n    <div class=\"col-sm\" id=\"boxes-concursos\">\n      <div style=\"background-color: #005DAD;\" class=\"conteudo-concursos\" id=\"box-concursos\">\n        <h3 class=\"titulo-assinatura\">Concursos Abertos<\/h3>\n        <p class=\"subtitulo-assinatura\">Os editais publicados<\/p>\n        <div class=\"box-botao\">\n          <a class=\"btn-assinatura\" target=\"_blank\" href=\"https:\/\/www.estrategiaconcursos.com.br\/blog\/concursos-abertos\/\" role=\"button\" rel=\"noopener noreferrer\">Conhe\u00e7a Agora<\/a>\n        <\/div>\n      <\/div>\n    <\/div>\n\n    <div class=\"col-sm\" id=\"boxes-concursos\">\n      <div style=\"background-color: #1A7ED5;\" class=\"conteudo-concursos\" id=\"box-concursos\">\n        <h3 class=\"titulo-assinatura\">Concursos 2021<\/h3>\n        <p class=\"subtitulo-assinatura\">As oportunidades previstas<\/p>\n        <div class=\"box-botao\">\n          <a class=\"btn-assinatura\" target=\"_blank\" href=\"https:\/\/www.estrategiaconcursos.com.br\/blog\/concursos-2021\/\" role=\"button\" rel=\"noopener noreferrer\">Conhe\u00e7a Agora<\/a>\n        <\/div>\n      <\/div>\n    <\/div>\n\n    <div class=\"col-sm\" id=\"boxes-concursos\">\n      <div style=\"background-color: #419FF0;\" class=\"conteudo-concursos\" id=\"box-concursos\">\n        <h3 class=\"titulo-assinatura\">Concursos 2022<\/h3>\n        <p class=\"subtitulo-assinatura\">Vagas para o pr\u00f3ximo ano<\/p>\n        <div class=\"box-botao\">\n          <a class=\"btn-assinatura\" target=\"_blank\" href=\"https:\/\/www.estrategiaconcursos.com.br\/blog\/concursos-2022\/\" role=\"button\" rel=\"noopener noreferrer\">Conhe\u00e7a Agora<\/a>\n        <\/div>\n      <\/div>\n    <\/div>\n\n  <\/div>\n<\/div>\n\n\n\n<figure class=\"wp-block-image size-large is-resized\"><img loading=\"lazy\" decoding=\"async\" src=\"https:\/\/dhg1h5j42swfq.cloudfront.net\/2021\/04\/12154540\/ficha-tecnica-1-300x185-2-1.png\" alt=\"Ficha do concurso C\u00e2mara de Cuiab\u00e1\" class=\"wp-image-712487\" width=\"255\" height=\"157\"\/><\/figure>\n\n\n\n<h3 class=\"wp-block-heading\" id=\"ficha\">Informa\u00e7\u00f5es do edital C\u00e2mara de Cuiab\u00e1<\/h3>\n\n\n\n<ul class=\"wp-block-list\" id=\"block-4dc8e702-a00f-42e2-8dfc-012aa5d21cec\"><li><strong>Inscri\u00e7\u00f5es<\/strong>: 01\/02 a 12\/04\/21<\/li><li><strong>Provas<\/strong>: 13\/06\/21<\/li><li><strong>Vagas<\/strong>: 13 + CR<\/li><li><strong>Cargos<\/strong>: Diversos<\/li><li><strong>Banca<\/strong>: Instituto Selecon<\/li><li><strong>Escolaridade<\/strong>: N\u00edveis m\u00e9dio e superior<\/li><li><strong>Edital<\/strong>:&nbsp;<strong><a href=\"https:\/\/dhg1h5j42swfq.cloudfront.net\/2020\/12\/29174210\/diario_oficial_eletronico_2086-1-1-2.pdf\" target=\"_blank\" rel=\"noreferrer noopener\">Baixe AQUI!<\/a><\/strong><\/li><\/ul>\n\n\n\n<p><\/p>\n","protected":false},"excerpt":{"rendered":"<p>As inscri\u00e7\u00f5es do concurso p\u00fablico da C\u00e2mara de Cuiab\u00e1, capital do estado de Mato Grosso, est\u00e3o encerradas. Os candidatos tiveram at\u00e9 o dia 30 de junho para efetuar sua inscri\u00e7\u00e3o, atrav\u00e9s do site do Instituto Selecon. Lembrando que as datas da prova objetiva e&nbsp;discursiva&nbsp;foram alteradas. Antes prevista para 13 de junho, agora a etapa ser\u00e1 [&hellip;]<\/p>\n","protected":false},"author":1,"featured_media":750896,"comment_status":"open","ping_status":"closed","sticky":false,"template":"","format":"standard","meta":{"post_tipo":"news","footnotes":""},"categories":[2017],"tags":[],"tax_estado":[219976],"class_list":["post-637400","post","type-post","status-publish","format-standard","has-post-thumbnail","hentry","category-concursos-legislativos","tax_estado-mt"],"acf":[],"yoast_head":"<!-- This site is optimized with the Yoast SEO Premium plugin v27.2 (Yoast SEO v27.2) - https:\/\/yoast.com\/product\/yoast-seo-premium-wordpress\/ -->\n<title>Edital C\u00e2mara de Cuiab\u00e1 est\u00e1 com as inscri\u00e7\u00f5es encerradas!<\/title>\n<meta name=\"description\" content=\"Foi publicado o edital C\u00e2mara de Cuiab\u00e1, capital do estado de Mato Grosso. S\u00e3o 13 vagas + CR. Confira as informa\u00e7\u00f5es no site!\" \/>\n<meta name=\"robots\" content=\"index, follow, max-snippet:-1, max-image-preview:large, max-video-preview:-1\" \/>\n<link rel=\"canonical\" href=\"https:\/\/www.estrategiaconcursos.com.br\/blog\/edital-camara-de-cuiaba\/\" \/>\n<meta property=\"og:locale\" content=\"pt_BR\" \/>\n<meta property=\"og:type\" content=\"article\" \/>\n<meta property=\"og:title\" content=\"Edital C\u00e2mara de Cuiab\u00e1 est\u00e1 com as inscri\u00e7\u00f5es encerradas!\" \/>\n<meta property=\"og:description\" content=\"Foi publicado o edital C\u00e2mara de Cuiab\u00e1, capital do estado de Mato Grosso. S\u00e3o 13 vagas + CR. Confira as informa\u00e7\u00f5es no site!\" \/>\n<meta property=\"og:url\" content=\"https:\/\/www.estrategiaconcursos.com.br\/blog\/edital-camara-de-cuiaba\/\" \/>\n<meta property=\"og:site_name\" content=\"Estrat\u00e9gia Concursos\" \/>\n<meta property=\"article:author\" content=\"https:\/\/www.facebook.com\/EstrategiaConcursos\" \/>\n<meta property=\"article:published_time\" content=\"2021-07-01T03:08:00+00:00\" \/>\n<meta property=\"article:modified_time\" content=\"2021-07-02T21:54:18+00:00\" \/>\n<meta property=\"og:image\" content=\"https:\/\/dhg1h5j42swfq.cloudfront.net\/2021\/04\/25151639\/camara-de-cuiaba.jpg\" \/>\n\t<meta property=\"og:image:width\" content=\"1200\" \/>\n\t<meta property=\"og:image:height\" content=\"628\" \/>\n\t<meta property=\"og:image:type\" content=\"image\/jpeg\" \/>\n<meta name=\"author\" content=\"Coordena\u00e7\u00e3o\" \/>\n<meta name=\"twitter:card\" content=\"summary_large_image\" \/>\n<meta name=\"twitter:creator\" content=\"@EstratConcursos\" \/>\n<meta name=\"twitter:site\" content=\"@EstratConcursos\" \/>\n<meta name=\"twitter:label1\" content=\"Escrito por\" \/>\n\t<meta name=\"twitter:data1\" content=\"Coordena\u00e7\u00e3o\" \/>\n\t<meta name=\"twitter:label2\" content=\"Est. tempo de leitura\" \/>\n\t<meta name=\"twitter:data2\" content=\"5 minutos\" \/>\n<script type=\"application\/ld+json\" class=\"yoast-schema-graph\">{\"@context\":\"https:\/\/schema.org\",\"@graph\":[{\"@type\":\"NewsArticle\",\"@id\":\"https:\/\/www.estrategiaconcursos.com.br\/blog\/edital-camara-de-cuiaba\/#article\",\"isPartOf\":{\"@id\":\"https:\/\/www.estrategiaconcursos.com.br\/blog\/edital-camara-de-cuiaba\/\"},\"author\":{\"name\":\"Coordena\u00e7\u00e3o\",\"@id\":\"https:\/\/www.estrategiaconcursos.com.br\/blog\/#\/schema\/person\/b4a388c97673c5f483d72185668afa1f\"},\"headline\":\"Edital C\u00e2mara de Cuiab\u00e1 est\u00e1 com as inscri\u00e7\u00f5es encerradas!\",\"datePublished\":\"2021-07-01T03:08:00+00:00\",\"dateModified\":\"2021-07-02T21:54:18+00:00\",\"mainEntityOfPage\":{\"@id\":\"https:\/\/www.estrategiaconcursos.com.br\/blog\/edital-camara-de-cuiaba\/\"},\"wordCount\":833,\"commentCount\":0,\"publisher\":{\"@id\":\"https:\/\/www.estrategiaconcursos.com.br\/blog\/#organization\"},\"image\":{\"@id\":\"https:\/\/www.estrategiaconcursos.com.br\/blog\/edital-camara-de-cuiaba\/#primaryimage\"},\"thumbnailUrl\":\"https:\/\/dhg1h5j42swfq.cloudfront.net\/2021\/04\/25151639\/camara-de-cuiaba.jpg\",\"articleSection\":[\"Legislativo\"],\"inLanguage\":\"pt-BR\",\"potentialAction\":[{\"@type\":\"CommentAction\",\"name\":\"Comment\",\"target\":[\"https:\/\/www.estrategiaconcursos.com.br\/blog\/edital-camara-de-cuiaba\/#respond\"]}],\"copyrightYear\":\"2021\",\"copyrightHolder\":{\"@id\":\"https:\/\/www.estrategiaconcursos.com.br\/blog\/#organization\"}},{\"@type\":\"WebPage\",\"@id\":\"https:\/\/www.estrategiaconcursos.com.br\/blog\/edital-camara-de-cuiaba\/\",\"url\":\"https:\/\/www.estrategiaconcursos.com.br\/blog\/edital-camara-de-cuiaba\/\",\"name\":\"Edital C\u00e2mara de Cuiab\u00e1 est\u00e1 com as inscri\u00e7\u00f5es encerradas!\",\"isPartOf\":{\"@id\":\"https:\/\/www.estrategiaconcursos.com.br\/blog\/#website\"},\"primaryImageOfPage\":{\"@id\":\"https:\/\/www.estrategiaconcursos.com.br\/blog\/edital-camara-de-cuiaba\/#primaryimage\"},\"image\":{\"@id\":\"https:\/\/www.estrategiaconcursos.com.br\/blog\/edital-camara-de-cuiaba\/#primaryimage\"},\"thumbnailUrl\":\"https:\/\/dhg1h5j42swfq.cloudfront.net\/2021\/04\/25151639\/camara-de-cuiaba.jpg\",\"datePublished\":\"2021-07-01T03:08:00+00:00\",\"dateModified\":\"2021-07-02T21:54:18+00:00\",\"description\":\"Foi publicado o edital C\u00e2mara de Cuiab\u00e1, capital do estado de Mato Grosso. S\u00e3o 13 vagas + CR. Confira as informa\u00e7\u00f5es no site!\",\"breadcrumb\":{\"@id\":\"https:\/\/www.estrategiaconcursos.com.br\/blog\/edital-camara-de-cuiaba\/#breadcrumb\"},\"inLanguage\":\"pt-BR\",\"potentialAction\":[{\"@type\":\"ReadAction\",\"target\":[\"https:\/\/www.estrategiaconcursos.com.br\/blog\/edital-camara-de-cuiaba\/\"]}]},{\"@type\":\"ImageObject\",\"inLanguage\":\"pt-BR\",\"@id\":\"https:\/\/www.estrategiaconcursos.com.br\/blog\/edital-camara-de-cuiaba\/#primaryimage\",\"url\":\"https:\/\/dhg1h5j42swfq.cloudfront.net\/2021\/04\/25151639\/camara-de-cuiaba.jpg\",\"contentUrl\":\"https:\/\/dhg1h5j42swfq.cloudfront.net\/2021\/04\/25151639\/camara-de-cuiaba.jpg\",\"width\":1200,\"height\":628,\"caption\":\"c\u00e2mara de cuiab\u00e1\"},{\"@type\":\"BreadcrumbList\",\"@id\":\"https:\/\/www.estrategiaconcursos.com.br\/blog\/edital-camara-de-cuiaba\/#breadcrumb\",\"itemListElement\":[{\"@type\":\"ListItem\",\"position\":1,\"name\":\"In\u00edcio\",\"item\":\"https:\/\/www.estrategiaconcursos.com.br\/blog\/\"},{\"@type\":\"ListItem\",\"position\":2,\"name\":\"Edital C\u00e2mara de Cuiab\u00e1 est\u00e1 com as inscri\u00e7\u00f5es encerradas!\"}]},{\"@type\":\"WebSite\",\"@id\":\"https:\/\/www.estrategiaconcursos.com.br\/blog\/#website\",\"url\":\"https:\/\/www.estrategiaconcursos.com.br\/blog\/\",\"name\":\"Estrat\u00e9gia Concursos\",\"description\":\"O blog da Estrat\u00e9gia Concursos traz not\u00edcias sobre concursos e artigos de professores oferecendo cursos para concursos (pdf + videaulas) no site.\",\"publisher\":{\"@id\":\"https:\/\/www.estrategiaconcursos.com.br\/blog\/#organization\"},\"potentialAction\":[{\"@type\":\"SearchAction\",\"target\":{\"@type\":\"EntryPoint\",\"urlTemplate\":\"https:\/\/www.estrategiaconcursos.com.br\/blog\/?s={search_term_string}\"},\"query-input\":{\"@type\":\"PropertyValueSpecification\",\"valueRequired\":true,\"valueName\":\"search_term_string\"}}],\"inLanguage\":\"pt-BR\"},{\"@type\":\"Organization\",\"@id\":\"https:\/\/www.estrategiaconcursos.com.br\/blog\/#organization\",\"name\":\"Estrat\u00e9gia Concursos\",\"url\":\"https:\/\/www.estrategiaconcursos.com.br\/blog\/\",\"logo\":{\"@type\":\"ImageObject\",\"inLanguage\":\"pt-BR\",\"@id\":\"https:\/\/www.estrategiaconcursos.com.br\/blog\/#\/schema\/logo\/image\/\",\"url\":\"https:\/\/dhg1h5j42swfq.cloudfront.net\/2025\/06\/03203428\/logo_concursos-1.jpg\",\"contentUrl\":\"https:\/\/dhg1h5j42swfq.cloudfront.net\/2025\/06\/03203428\/logo_concursos-1.jpg\",\"width\":230,\"height\":60,\"caption\":\"Estrat\u00e9gia Concursos\"},\"image\":{\"@id\":\"https:\/\/www.estrategiaconcursos.com.br\/blog\/#\/schema\/logo\/image\/\"},\"sameAs\":[\"https:\/\/x.com\/EstratConcursos\"]},{\"@type\":\"Person\",\"@id\":\"https:\/\/www.estrategiaconcursos.com.br\/blog\/#\/schema\/person\/b4a388c97673c5f483d72185668afa1f\",\"name\":\"Coordena\u00e7\u00e3o\",\"image\":{\"@type\":\"ImageObject\",\"inLanguage\":\"pt-BR\",\"@id\":\"https:\/\/secure.gravatar.com\/avatar\/b720319e4c9a967eb58678d110f4fe35452fc5d5f97b202bac7b8acceb18c6ad?s=96&d=mm&r=g\",\"url\":\"https:\/\/secure.gravatar.com\/avatar\/b720319e4c9a967eb58678d110f4fe35452fc5d5f97b202bac7b8acceb18c6ad?s=96&d=mm&r=g\",\"contentUrl\":\"https:\/\/secure.gravatar.com\/avatar\/b720319e4c9a967eb58678d110f4fe35452fc5d5f97b202bac7b8acceb18c6ad?s=96&d=mm&r=g\",\"caption\":\"Coordena\u00e7\u00e3o\"},\"sameAs\":[\"https:\/\/www.facebook.com\/EstrategiaConcursos\",\"https:\/\/x.com\/EstratConcursos\"],\"url\":\"https:\/\/www.estrategiaconcursos.com.br\/blog\/author\/estrategia2013\/\"}]}<\/script>\n<!-- \/ Yoast SEO Premium plugin. -->","yoast_head_json":{"title":"Edital C\u00e2mara de Cuiab\u00e1 est\u00e1 com as inscri\u00e7\u00f5es encerradas!","description":"Foi publicado o edital C\u00e2mara de Cuiab\u00e1, capital do estado de Mato Grosso. S\u00e3o 13 vagas + CR. Confira as informa\u00e7\u00f5es no site!","robots":{"index":"index","follow":"follow","max-snippet":"max-snippet:-1","max-image-preview":"max-image-preview:large","max-video-preview":"max-video-preview:-1"},"canonical":"https:\/\/www.estrategiaconcursos.com.br\/blog\/edital-camara-de-cuiaba\/","og_locale":"pt_BR","og_type":"article","og_title":"Edital C\u00e2mara de Cuiab\u00e1 est\u00e1 com as inscri\u00e7\u00f5es encerradas!","og_description":"Foi publicado o edital C\u00e2mara de Cuiab\u00e1, capital do estado de Mato Grosso. S\u00e3o 13 vagas + CR. Confira as informa\u00e7\u00f5es no site!","og_url":"https:\/\/www.estrategiaconcursos.com.br\/blog\/edital-camara-de-cuiaba\/","og_site_name":"Estrat\u00e9gia Concursos","article_author":"https:\/\/www.facebook.com\/EstrategiaConcursos","article_published_time":"2021-07-01T03:08:00+00:00","article_modified_time":"2021-07-02T21:54:18+00:00","og_image":[{"width":1200,"height":628,"url":"https:\/\/dhg1h5j42swfq.cloudfront.net\/2021\/04\/25151639\/camara-de-cuiaba.jpg","type":"image\/jpeg"}],"author":"Coordena\u00e7\u00e3o","twitter_card":"summary_large_image","twitter_creator":"@EstratConcursos","twitter_site":"@EstratConcursos","twitter_misc":{"Escrito por":"Coordena\u00e7\u00e3o","Est. tempo de leitura":"5 minutos"},"schema":{"@context":"https:\/\/schema.org","@graph":[{"@type":"NewsArticle","@id":"https:\/\/www.estrategiaconcursos.com.br\/blog\/edital-camara-de-cuiaba\/#article","isPartOf":{"@id":"https:\/\/www.estrategiaconcursos.com.br\/blog\/edital-camara-de-cuiaba\/"},"author":{"name":"Coordena\u00e7\u00e3o","@id":"https:\/\/www.estrategiaconcursos.com.br\/blog\/#\/schema\/person\/b4a388c97673c5f483d72185668afa1f"},"headline":"Edital C\u00e2mara de Cuiab\u00e1 est\u00e1 com as inscri\u00e7\u00f5es encerradas!","datePublished":"2021-07-01T03:08:00+00:00","dateModified":"2021-07-02T21:54:18+00:00","mainEntityOfPage":{"@id":"https:\/\/www.estrategiaconcursos.com.br\/blog\/edital-camara-de-cuiaba\/"},"wordCount":833,"commentCount":0,"publisher":{"@id":"https:\/\/www.estrategiaconcursos.com.br\/blog\/#organization"},"image":{"@id":"https:\/\/www.estrategiaconcursos.com.br\/blog\/edital-camara-de-cuiaba\/#primaryimage"},"thumbnailUrl":"https:\/\/dhg1h5j42swfq.cloudfront.net\/2021\/04\/25151639\/camara-de-cuiaba.jpg","articleSection":["Legislativo"],"inLanguage":"pt-BR","potentialAction":[{"@type":"CommentAction","name":"Comment","target":["https:\/\/www.estrategiaconcursos.com.br\/blog\/edital-camara-de-cuiaba\/#respond"]}],"copyrightYear":"2021","copyrightHolder":{"@id":"https:\/\/www.estrategiaconcursos.com.br\/blog\/#organization"}},{"@type":"WebPage","@id":"https:\/\/www.estrategiaconcursos.com.br\/blog\/edital-camara-de-cuiaba\/","url":"https:\/\/www.estrategiaconcursos.com.br\/blog\/edital-camara-de-cuiaba\/","name":"Edital C\u00e2mara de Cuiab\u00e1 est\u00e1 com as inscri\u00e7\u00f5es encerradas!","isPartOf":{"@id":"https:\/\/www.estrategiaconcursos.com.br\/blog\/#website"},"primaryImageOfPage":{"@id":"https:\/\/www.estrategiaconcursos.com.br\/blog\/edital-camara-de-cuiaba\/#primaryimage"},"image":{"@id":"https:\/\/www.estrategiaconcursos.com.br\/blog\/edital-camara-de-cuiaba\/#primaryimage"},"thumbnailUrl":"https:\/\/dhg1h5j42swfq.cloudfront.net\/2021\/04\/25151639\/camara-de-cuiaba.jpg","datePublished":"2021-07-01T03:08:00+00:00","dateModified":"2021-07-02T21:54:18+00:00","description":"Foi publicado o edital C\u00e2mara de Cuiab\u00e1, capital do estado de Mato Grosso. S\u00e3o 13 vagas + CR. Confira as informa\u00e7\u00f5es no site!","breadcrumb":{"@id":"https:\/\/www.estrategiaconcursos.com.br\/blog\/edital-camara-de-cuiaba\/#breadcrumb"},"inLanguage":"pt-BR","potentialAction":[{"@type":"ReadAction","target":["https:\/\/www.estrategiaconcursos.com.br\/blog\/edital-camara-de-cuiaba\/"]}]},{"@type":"ImageObject","inLanguage":"pt-BR","@id":"https:\/\/www.estrategiaconcursos.com.br\/blog\/edital-camara-de-cuiaba\/#primaryimage","url":"https:\/\/dhg1h5j42swfq.cloudfront.net\/2021\/04\/25151639\/camara-de-cuiaba.jpg","contentUrl":"https:\/\/dhg1h5j42swfq.cloudfront.net\/2021\/04\/25151639\/camara-de-cuiaba.jpg","width":1200,"height":628,"caption":"c\u00e2mara de cuiab\u00e1"},{"@type":"BreadcrumbList","@id":"https:\/\/www.estrategiaconcursos.com.br\/blog\/edital-camara-de-cuiaba\/#breadcrumb","itemListElement":[{"@type":"ListItem","position":1,"name":"In\u00edcio","item":"https:\/\/www.estrategiaconcursos.com.br\/blog\/"},{"@type":"ListItem","position":2,"name":"Edital C\u00e2mara de Cuiab\u00e1 est\u00e1 com as inscri\u00e7\u00f5es encerradas!"}]},{"@type":"WebSite","@id":"https:\/\/www.estrategiaconcursos.com.br\/blog\/#website","url":"https:\/\/www.estrategiaconcursos.com.br\/blog\/","name":"Estrat\u00e9gia Concursos","description":"O blog da Estrat\u00e9gia Concursos traz not\u00edcias sobre concursos e artigos de professores oferecendo cursos para concursos (pdf + videaulas) no site.","publisher":{"@id":"https:\/\/www.estrategiaconcursos.com.br\/blog\/#organization"},"potentialAction":[{"@type":"SearchAction","target":{"@type":"EntryPoint","urlTemplate":"https:\/\/www.estrategiaconcursos.com.br\/blog\/?s={search_term_string}"},"query-input":{"@type":"PropertyValueSpecification","valueRequired":true,"valueName":"search_term_string"}}],"inLanguage":"pt-BR"},{"@type":"Organization","@id":"https:\/\/www.estrategiaconcursos.com.br\/blog\/#organization","name":"Estrat\u00e9gia Concursos","url":"https:\/\/www.estrategiaconcursos.com.br\/blog\/","logo":{"@type":"ImageObject","inLanguage":"pt-BR","@id":"https:\/\/www.estrategiaconcursos.com.br\/blog\/#\/schema\/logo\/image\/","url":"https:\/\/dhg1h5j42swfq.cloudfront.net\/2025\/06\/03203428\/logo_concursos-1.jpg","contentUrl":"https:\/\/dhg1h5j42swfq.cloudfront.net\/2025\/06\/03203428\/logo_concursos-1.jpg","width":230,"height":60,"caption":"Estrat\u00e9gia Concursos"},"image":{"@id":"https:\/\/www.estrategiaconcursos.com.br\/blog\/#\/schema\/logo\/image\/"},"sameAs":["https:\/\/x.com\/EstratConcursos"]},{"@type":"Person","@id":"https:\/\/www.estrategiaconcursos.com.br\/blog\/#\/schema\/person\/b4a388c97673c5f483d72185668afa1f","name":"Coordena\u00e7\u00e3o","image":{"@type":"ImageObject","inLanguage":"pt-BR","@id":"https:\/\/secure.gravatar.com\/avatar\/b720319e4c9a967eb58678d110f4fe35452fc5d5f97b202bac7b8acceb18c6ad?s=96&d=mm&r=g","url":"https:\/\/secure.gravatar.com\/avatar\/b720319e4c9a967eb58678d110f4fe35452fc5d5f97b202bac7b8acceb18c6ad?s=96&d=mm&r=g","contentUrl":"https:\/\/secure.gravatar.com\/avatar\/b720319e4c9a967eb58678d110f4fe35452fc5d5f97b202bac7b8acceb18c6ad?s=96&d=mm&r=g","caption":"Coordena\u00e7\u00e3o"},"sameAs":["https:\/\/www.facebook.com\/EstrategiaConcursos","https:\/\/x.com\/EstratConcursos"],"url":"https:\/\/www.estrategiaconcursos.com.br\/blog\/author\/estrategia2013\/"}]}},"_links":{"self":[{"href":"https:\/\/www.estrategiaconcursos.com.br\/blog\/wp-json\/wp\/v2\/posts\/637400","targetHints":{"allow":["GET"]}}],"collection":[{"href":"https:\/\/www.estrategiaconcursos.com.br\/blog\/wp-json\/wp\/v2\/posts"}],"about":[{"href":"https:\/\/www.estrategiaconcursos.com.br\/blog\/wp-json\/wp\/v2\/types\/post"}],"author":[{"embeddable":true,"href":"https:\/\/www.estrategiaconcursos.com.br\/blog\/wp-json\/wp\/v2\/users\/1"}],"replies":[{"embeddable":true,"href":"https:\/\/www.estrategiaconcursos.com.br\/blog\/wp-json\/wp\/v2\/comments?post=637400"}],"version-history":[{"count":12,"href":"https:\/\/www.estrategiaconcursos.com.br\/blog\/wp-json\/wp\/v2\/posts\/637400\/revisions"}],"predecessor-version":[{"id":784286,"href":"https:\/\/www.estrategiaconcursos.com.br\/blog\/wp-json\/wp\/v2\/posts\/637400\/revisions\/784286"}],"wp:featuredmedia":[{"embeddable":true,"href":"https:\/\/www.estrategiaconcursos.com.br\/blog\/wp-json\/wp\/v2\/media\/750896"}],"wp:attachment":[{"href":"https:\/\/www.estrategiaconcursos.com.br\/blog\/wp-json\/wp\/v2\/media?parent=637400"}],"wp:term":[{"taxonomy":"category","embeddable":true,"href":"https:\/\/www.estrategiaconcursos.com.br\/blog\/wp-json\/wp\/v2\/categories?post=637400"},{"taxonomy":"post_tag","embeddable":true,"href":"https:\/\/www.estrategiaconcursos.com.br\/blog\/wp-json\/wp\/v2\/tags?post=637400"},{"taxonomy":"tax_estado","embeddable":true,"href":"https:\/\/www.estrategiaconcursos.com.br\/blog\/wp-json\/wp\/v2\/tax_estado?post=637400"}],"curies":[{"name":"wp","href":"https:\/\/api.w.org\/{rel}","templated":true}]}}