{"id":636431,"date":"2021-03-01T14:02:00","date_gmt":"2021-03-01T17:02:00","guid":{"rendered":"https:\/\/www.estrategiaconcursos.com.br\/blog\/?p=636431"},"modified":"2021-03-01T18:48:05","modified_gmt":"2021-03-01T21:48:05","slug":"concurso-lucelia-sp","status":"publish","type":"post","link":"https:\/\/www.estrategiaconcursos.com.br\/blog\/concurso-lucelia-sp\/","title":{"rendered":"Concurso Luc\u00e9lia SP: CANCELADA sele\u00e7\u00e3o para Professor!"},"content":{"rendered":"\n<p>O<strong> concurso p\u00fablico da Prefeitura de Luc\u00e9lia<\/strong>, estado de S\u00e3o Paulo, para o cargo de Professor de Educa\u00e7\u00e3o B\u00e1sica foi <strong>cancelado<\/strong>. Conforme novo levantamento de casos de vac\u00e2ncia, n\u00e3o foi encontrada necessidade de prover tais cargos.<\/p>\n\n\n\n<p>A restitui\u00e7\u00e3o do valor da taxa de inscri\u00e7\u00e3o poder\u00e1 ser solicitada atrav\u00e9s do e-mail financeiroconsulpam@gmail.com, at\u00e9 o dia 15 de abril, com c\u00f3pia do comprovante de pagamento e com os dados banc\u00e1rios.<\/p>\n\n\n\n<p>Sob organiza\u00e7\u00e3o do Instituto Consulpam, eram ofertadas duas vagas, sendo uma vaga para Professor de Educa\u00e7\u00e3o B\u00e1sica I e uma para Professor de Educa\u00e7\u00e3o B\u00e1sica II \u2013Hist\u00f3ria.<\/p>\n\n\n\n<ul class=\"wp-block-list\"><li><a href=\"#atual\">Situa\u00e7\u00e3o atual do concurso<\/a><ul><li><a href=\"#cancelamento\">Cancelamento<\/a><\/li><\/ul><\/li><li><a href=\"#carreira\">Carreira<\/a><ul><li><a href=\"#cargos\">Cargos e Vagas<\/a><\/li><li><a href=\"#salario\">Sal\u00e1rios e Benef\u00edcios<\/a><\/li><li><a href=\"#requisito\">Requisitos<\/a><\/li><\/ul><\/li><li><a href=\"#provas\">Etapas de provas<\/a><ul><li><a href=\"#objetiva\">Prova Objetiva<\/a><\/li><li><a href=\"#t\u00edtulo\">Prova de T\u00edtulos<\/a><\/li><\/ul><\/li><li><a href=\"#curso\">Cursos e Assinaturas<\/a><\/li><li><a href=\"#ficha\">Ficha T\u00e9cnica<\/a><\/li><\/ul>\n\n\n\n<div class=\"col-sm\">\n      <div class=\"banner-estrategia\" id=\"box-assinatura\">\n        <h3 class=\"titulo-assinatura\">Cursos para Prefeitura de Luc\u00e9lia &#8211; SP<\/h3>\n        <p class=\"subtitulo-assinatura\">Conhe\u00e7a os cursos<\/p>\n        <div class=\"box-botao\">\n          <a class=\"btn-assinatura\" target=\"_blank\" href=\"https:\/\/www.estrategiaconcursos.com.br\/cursos\/concurso\/\" role=\"button\" rel=\"noopener noreferrer\">Conhe\u00e7a mais<\/a>\n        <\/div>\n      <\/div>\n      <p class=\"texto-auxiliar\">Prepare-se com o melhor material e com quem mais aprova em Concursos P\u00fablicos em todo o pa\u00eds.<\/p>\n    <\/div>\n\n\n\n<h2 class=\"wp-block-heading\" id=\"atual\">Situa\u00e7\u00e3o atual do concurso Prefeitura de Luc\u00e9lia<\/h2>\n\n\n\n<h3 class=\"wp-block-heading\" id=\"cancelamento\">Cancelamento do concurso<\/h3>\n\n\n\n<p>A Prefeitura de Luc\u00e9lia anunciou o cancelamento de seu concurso p\u00fablico com vagas para Professor de Educa\u00e7\u00e3o B\u00e1sica. A decis\u00e3o foi tomada tendo em vista o atual levantamento de vac\u00e2ncia no quadro de servidores.<\/p>\n\n\n\n<p>Dessa forma, os candidatos inscritos podem solicitar a restitui\u00e7\u00e3o do valor da taxa de inscri\u00e7\u00e3o pelo e-mail <strong>financeiroconsulpam@gmail.com<\/strong>, at\u00e9 o dia <strong>15 de abril<\/strong>, com c\u00f3pia do comprovante de pagamento e com os dados banc\u00e1rios.<\/p>\n\n\n\n<p class=\"has-text-align-center has-background has-medium-font-size\" style=\"background-color:#eeeeee\"><strong><a href=\"https:\/\/dhg1h5j42swfq.cloudfront.net\/2025\/06\/01135839\/20210217_080810_binder1.pdf\" target=\"_blank\" rel=\"noreferrer noopener\">Cancelamento<\/a> | <a href=\"https:\/\/dhg1h5j42swfq.cloudfront.net\/2025\/06\/01135829\/20210215_095323_-devoluccca7acc83o-do-valor-pago-na-inscriccca7acc83o-cancelamento.pdf\" target=\"_blank\" rel=\"noreferrer noopener\">Estorno da taxa<\/a><\/strong><\/p>\n\n\n\n<h2 class=\"wp-block-heading\" id=\"carreira\">Concurso Luc\u00e9lia: Carreira<\/h2>\n\n\n\n<h3 class=\"wp-block-heading\" id=\"cargos\">Cargos e vagas<\/h3>\n\n\n\n<figure class=\"wp-block-table is-style-stripes\"><table class=\"has-subtle-pale-blue-background-color has-fixed-layout has-background\"><thead><tr><th class=\"has-text-align-center\" data-align=\"center\">CARGOS<\/th><th class=\"has-text-align-center\" data-align=\"center\">VAGAS<\/th><\/tr><\/thead><tbody><tr><td class=\"has-text-align-center\" data-align=\"center\">Professor de Educa\u00e7\u00e3o B\u00e1sica I<\/td><td class=\"has-text-align-center\" data-align=\"center\">1<\/td><\/tr><tr><td class=\"has-text-align-center\" data-align=\"center\">Professor de Educa\u00e7\u00e3o B\u00e1sica II \u2013Hist\u00f3ria<\/td><td class=\"has-text-align-center\" data-align=\"center\">1<\/td><\/tr><\/tbody><\/table><\/figure>\n\n\n\n<h3 class=\"wp-block-heading\" id=\"salario\">Sal\u00e1rios e Benef\u00edcios <\/h3>\n\n\n\n<ul class=\"wp-block-list\"><li>Professor de Educa\u00e7\u00e3o B\u00e1sica I &#8211;  R$ 1.941,76 + R$ 439,38<\/li><li>Professor de Educa\u00e7\u00e3o B\u00e1sica II \u2013Hist\u00f3ria &#8211;  R$ 1.119,75 + R$ 99,10<\/li><\/ul>\n\n\n\n<h3 class=\"wp-block-heading\" id=\"requisitos\">Requisitos<\/h3>\n\n\n\n<h4 class=\"wp-block-heading\" id=\"h-professor-de-educa-o-b-sica-i\">Professor de Educa\u00e7\u00e3o B\u00e1sica I<\/h4>\n\n\n\n<p>Curso Normal em n\u00edvel m\u00e9dio ou Curso Normal Superior ou Licenciatura Plena em Pedagogia com habilita\u00e7\u00e3o espec\u00edfica para os anos iniciais do ensino fundamental.<\/p>\n\n\n\n<h4 class=\"wp-block-heading\" id=\"h-professor-de-educa-o-b-sica-ii-hist-ria\">Professor de Educa\u00e7\u00e3o B\u00e1sica II \u2013 Hist\u00f3ria<\/h4>\n\n\n\n<p>Licenciatura de gradua\u00e7\u00e3o plena, com habilita\u00e7\u00e3o espec\u00edfica ou complementa\u00e7\u00e3o nos termos da legisla\u00e7\u00e3o vigente: Ser portador de diploma de Licenciatura em Hist\u00f3ria, ou Ser portador do diploma de Licenciatura em Estudos Sociais, com habilita\u00e7\u00e3o em Hist\u00f3ria.<\/p>\n\n\n\n<h2 class=\"wp-block-heading\" id=\"provas\">Etapas de provas do concurso Luc\u00e9lia SP<\/h2>\n\n\n\n<h3 class=\"wp-block-heading\" id=\"objetiva\">Prova Objetiva<\/h3>\n\n\n\n<ul class=\"wp-block-list\"><li>L\u00edngua Portuguesa &#8211; 10 quest\u00f5es<\/li><li>Racioc\u00ednio L\u00f3gico, No\u00e7\u00f5es de Inform\u00e1tica e No\u00e7\u00f5es de Direito Administrativo e Constitucional &#8211; 10 quest\u00f5es<\/li><li>Conhecimentos Espec\u00edficos e Did\u00e1tica e Legisla\u00e7\u00e3o &#8211; 20 quest\u00f5es<\/li><\/ul>\n\n\n\n<h3 class=\"wp-block-heading\" id=\"t\u00edtulo\">Prova de T\u00edtulos<\/h3>\n\n\n\n<p>Prova de t\u00edtulos &#8211; 1 quest\u00e3o \/ At\u00e9 10 pontos<\/p>\n\n\n\n<hr class=\"wp-block-separator\"\/>\n\n\n\n<h2 class=\"has-text-align-center wp-block-heading\" id=\"curso\"><em>Quer se preparar para o pr\u00f3ximo concurso Prefeitura de Luc\u00e9lia?<\/em><\/h2>\n\n\n\n<div class=\"col-sm\">\n      <div class=\"banner-estrategia\" id=\"box-assinatura\">\n        <h3 class=\"titulo-assinatura\">Concurso Prefeitura de Luc\u00e9lia SP<\/h3>\n        <p class=\"subtitulo-assinatura\">Conhe\u00e7a os cursos<\/p>\n        <div class=\"box-botao\">\n          <a class=\"btn-assinatura\" target=\"_blank\" href=\"https:\/\/www.estrategiaconcursos.com.br\/cursos\/concurso\/\" role=\"button\" rel=\"noopener noreferrer\">Conhe\u00e7a mais<\/a>\n        <\/div>\n      <\/div>\n      \n    <\/div>\n\n\n\n<div class=\"container\" id=\"boxes\">\n  <div class=\"row\">\n\n    <div class=\"col-sm\">\n      <div class=\"estrategia\" id=\"box-assinatura\">\n        <h3 class=\"titulo-assinatura\">Assinatura Ilimitada<\/h3>\n        <p class=\"subtitulo-assinatura\">Assinatura Anual Ilimitada*<\/p>\n        <div class=\"box-botao\">\n          <a class=\"btn-assinatura\" target=\"_blank\" href=\"https:\/\/www.estrategiaconcursos.com.br\/assinaturas\/\" role=\"button\" rel=\"noopener noreferrer\">ASSINE AGORA<\/a>\n        <\/div>\n      <\/div>\n      <p class=\"texto-auxiliar\">Prepare-se com o melhor material e com quem mais aprova em Concursos P\u00fablicos em todo o pa\u00eds. Assine agora a nossa Assinatura Anual e tenha acesso ilimitado* a todos os nossos cursos.<\/p>\n    <\/div>\n\n    <div class=\"col-sm\">\n      <div class=\"questoes\" id=\"box-assinatura\">\n        <h3 class=\"titulo-assinatura\">Sistema de Quest\u00f5es<\/h3>\n        <p class=\"subtitulo-assinatura\">Assinatura Ilimitada*\n<\/p>\n        <div class=\"box-botao\">\n          <a class=\"btn-assinatura\" target=\"_blank\" href=\"https:\/\/www.estrategiaconcursos.com.br\/cursosPorConcurso\/sistema-de-questoes\/#\/\" role=\"button\" rel=\"noopener noreferrer\">ASSINE AGORA<\/a>\n        <\/div>\n      <\/div>\n      <p class=\"texto-auxiliar\">Estrat\u00e9gia Quest\u00f5es nasceu maior do que todos os concorrentes, com mais quest\u00f5es cadastradas e mais solu\u00e7\u00f5es por professores. Clique no link e aproveite os descontos e b\u00f4nus imperd\u00edveis!<\/p>\n    <\/div>\n  <\/div>\n<\/div>\n\n\n\n<div class=\"container\" id=\"boxes\">\n  <div class=\"row\">\n\n    <div class=\"col-sm\" id=\"boxes-concursos\">\n      <div style=\"background-color: #005DAD;\" class=\"conteudo-concursos\" id=\"box-concursos\">\n        <h3 class=\"titulo-assinatura\">Concursos Abertos<\/h3>\n        <p class=\"subtitulo-assinatura\">mais de 15 mil vagas<\/p>\n        <div class=\"box-botao\">\n          <a class=\"btn-assinatura\" target=\"_blank\" href=\"https:\/\/www.estrategiaconcursos.com.br\/blog\/concursos-abertos\/\" role=\"button\" rel=\"noopener noreferrer\">Conhe\u00e7a Agora<\/a>\n        <\/div>\n      <\/div>\n    <\/div>\n\n    <div class=\"col-sm\" id=\"boxes-concursos\">\n      <div style=\"background-color: #419FF0;\" class=\"conteudo-concursos\" id=\"box-concursos\">\n        <h3 class=\"titulo-assinatura\">Concursos 2021<\/h3>\n        <p class=\"subtitulo-assinatura\">mais de 50 mil vagas<\/p>\n        <div class=\"box-botao\">\n          <a class=\"btn-assinatura\" target=\"_blank\" href=\"https:\/\/www.estrategiaconcursos.com.br\/blog\/concursos-2021\/\" role=\"button\" rel=\"noopener noreferrer\">Conhe\u00e7a Agora<\/a>\n        <\/div>\n      <\/div>\n    <\/div>\n\n  <\/div>\n<\/div>\n\n\n\n<figure class=\"wp-block-image\"><img loading=\"lazy\" decoding=\"async\" width=\"300\" height=\"102\" src=\"https:\/\/dhg1h5j42swfq.cloudfront.net\/2017\/03\/28152500\/coruja-ficha-tecnica-300x102.png\" alt=\"Informa\u00e7\u00f5es sobre o concurso Prefeitura de Luc\u00e9lia - SP\" class=\"wp-image-68542\"\/><\/figure>\n\n\n\n<h3 class=\"wp-block-heading\" id=\"ficha\">Informa\u00e7\u00f5es sobre o concurso Prefeitura de Luc\u00e9lia &#8211; SP<\/h3>\n\n\n\n<p>\u25ba<strong>Ano<\/strong>: 2020<br \/>\u25ba<strong>Vagas<\/strong>: 2<br \/>\u25ba<strong>Cargos<\/strong>: Professor de Educa\u00e7\u00e3o B\u00e1sica<br \/>\u25ba<strong>Banca<\/strong>: Consulpam<br \/>\u25ba<strong>Escolaridade<\/strong>: N\u00edvel Superior<br \/>\u25ba<strong>Edital:<\/strong> <a href=\"https:\/\/dhg1h5j42swfq.cloudfront.net\/2020\/12\/26094706\/edital-lucelia.pdf\">Edital 2020<\/a> | <a href=\"https:\/\/dhg1h5j42swfq.cloudfront.net\/2025\/06\/01135839\/20210217_080810_binder1.pdf\" target=\"_blank\" rel=\"noreferrer noopener\">Cancelamento<\/a><\/p>\n","protected":false},"excerpt":{"rendered":"<p>O concurso p\u00fablico da Prefeitura de Luc\u00e9lia, estado de S\u00e3o Paulo, para o cargo de Professor de Educa\u00e7\u00e3o B\u00e1sica foi cancelado. Conforme novo levantamento de casos de vac\u00e2ncia, n\u00e3o foi encontrada necessidade de prover tais cargos. A restitui\u00e7\u00e3o do valor da taxa de inscri\u00e7\u00e3o poder\u00e1 ser solicitada atrav\u00e9s do e-mail financeiroconsulpam@gmail.com, at\u00e9 o dia 15 [&hellip;]<\/p>\n","protected":false},"author":1,"featured_media":682274,"comment_status":"open","ping_status":"closed","sticky":false,"template":"","format":"standard","meta":{"post_tipo":"news_page","footnotes":""},"categories":[3766],"tags":[],"tax_estado":[219989],"class_list":["post-636431","post","type-post","status-publish","format-standard","has-post-thumbnail","hentry","category-educacional","tax_estado-sp"],"acf":[],"yoast_head":"<!-- This site is optimized with the Yoast SEO Premium plugin v27.2 (Yoast SEO v27.2) - https:\/\/yoast.com\/product\/yoast-seo-premium-wordpress\/ -->\n<title>Concurso Luc\u00e9lia SP: CANCELADA sele\u00e7\u00e3o para Professor!<\/title>\n<meta name=\"description\" content=\"Concurso Prefeitura de Luc\u00e9lia-SP: Sele\u00e7\u00e3o com vagas para Professor de Educa\u00e7\u00e3o B\u00e1sica \u00e9 cancelada. Restitui\u00e7\u00e3o da inscri\u00e7\u00e3o at\u00e9 abril!\" \/>\n<meta name=\"robots\" content=\"index, follow, max-snippet:-1, max-image-preview:large, max-video-preview:-1\" \/>\n<link rel=\"canonical\" href=\"https:\/\/www.estrategiaconcursos.com.br\/blog\/concurso-lucelia-sp\/\" \/>\n<meta property=\"og:locale\" content=\"pt_BR\" \/>\n<meta property=\"og:type\" content=\"article\" \/>\n<meta property=\"og:title\" content=\"Concurso Luc\u00e9lia SP: CANCELADA sele\u00e7\u00e3o para Professor!\" \/>\n<meta property=\"og:description\" content=\"Concurso Prefeitura de Luc\u00e9lia-SP: Sele\u00e7\u00e3o com vagas para Professor de Educa\u00e7\u00e3o B\u00e1sica \u00e9 cancelada. Restitui\u00e7\u00e3o da inscri\u00e7\u00e3o at\u00e9 abril!\" \/>\n<meta property=\"og:url\" content=\"https:\/\/www.estrategiaconcursos.com.br\/blog\/concurso-lucelia-sp\/\" \/>\n<meta property=\"og:site_name\" content=\"Estrat\u00e9gia Concursos\" \/>\n<meta property=\"article:author\" content=\"https:\/\/www.facebook.com\/EstrategiaConcursos\" \/>\n<meta property=\"article:published_time\" content=\"2021-03-01T17:02:00+00:00\" \/>\n<meta property=\"article:modified_time\" content=\"2021-03-01T21:48:05+00:00\" \/>\n<meta property=\"og:image\" content=\"https:\/\/dhg1h5j42swfq.cloudfront.net\/2020\/12\/01135030\/prefeitura_de_lucelia_-_sp.jpg\" \/>\n\t<meta property=\"og:image:width\" content=\"1200\" \/>\n\t<meta property=\"og:image:height\" content=\"628\" \/>\n\t<meta property=\"og:image:type\" content=\"image\/jpeg\" \/>\n<meta name=\"author\" content=\"Coordena\u00e7\u00e3o\" \/>\n<meta name=\"twitter:card\" content=\"summary_large_image\" \/>\n<meta name=\"twitter:creator\" content=\"@EstratConcursos\" \/>\n<meta name=\"twitter:site\" content=\"@EstratConcursos\" \/>\n<meta name=\"twitter:label1\" content=\"Escrito por\" \/>\n\t<meta name=\"twitter:data1\" content=\"Coordena\u00e7\u00e3o\" \/>\n\t<meta name=\"twitter:label2\" content=\"Est. tempo de leitura\" \/>\n\t<meta name=\"twitter:data2\" content=\"3 minutos\" \/>\n<script type=\"application\/ld+json\" class=\"yoast-schema-graph\">{\"@context\":\"https:\/\/schema.org\",\"@graph\":[{\"@type\":\"NewsArticle\",\"@id\":\"https:\/\/www.estrategiaconcursos.com.br\/blog\/concurso-lucelia-sp\/#article\",\"isPartOf\":{\"@id\":\"https:\/\/www.estrategiaconcursos.com.br\/blog\/concurso-lucelia-sp\/\"},\"author\":{\"name\":\"Coordena\u00e7\u00e3o\",\"@id\":\"https:\/\/www.estrategiaconcursos.com.br\/blog\/#\/schema\/person\/b4a388c97673c5f483d72185668afa1f\"},\"headline\":\"Concurso Luc\u00e9lia SP: CANCELADA sele\u00e7\u00e3o para Professor!\",\"datePublished\":\"2021-03-01T17:02:00+00:00\",\"dateModified\":\"2021-03-01T21:48:05+00:00\",\"mainEntityOfPage\":{\"@id\":\"https:\/\/www.estrategiaconcursos.com.br\/blog\/concurso-lucelia-sp\/\"},\"wordCount\":640,\"commentCount\":0,\"publisher\":{\"@id\":\"https:\/\/www.estrategiaconcursos.com.br\/blog\/#organization\"},\"image\":{\"@id\":\"https:\/\/www.estrategiaconcursos.com.br\/blog\/concurso-lucelia-sp\/#primaryimage\"},\"thumbnailUrl\":\"https:\/\/dhg1h5j42swfq.cloudfront.net\/2020\/12\/01135030\/prefeitura_de_lucelia_-_sp.jpg\",\"articleSection\":[\"Educa\u00e7\u00e3o\"],\"inLanguage\":\"pt-BR\",\"potentialAction\":[{\"@type\":\"CommentAction\",\"name\":\"Comment\",\"target\":[\"https:\/\/www.estrategiaconcursos.com.br\/blog\/concurso-lucelia-sp\/#respond\"]}],\"copyrightYear\":\"2021\",\"copyrightHolder\":{\"@id\":\"https:\/\/www.estrategiaconcursos.com.br\/blog\/#organization\"}},{\"@type\":\"WebPage\",\"@id\":\"https:\/\/www.estrategiaconcursos.com.br\/blog\/concurso-lucelia-sp\/\",\"url\":\"https:\/\/www.estrategiaconcursos.com.br\/blog\/concurso-lucelia-sp\/\",\"name\":\"Concurso Luc\u00e9lia SP: CANCELADA sele\u00e7\u00e3o para Professor!\",\"isPartOf\":{\"@id\":\"https:\/\/www.estrategiaconcursos.com.br\/blog\/#website\"},\"primaryImageOfPage\":{\"@id\":\"https:\/\/www.estrategiaconcursos.com.br\/blog\/concurso-lucelia-sp\/#primaryimage\"},\"image\":{\"@id\":\"https:\/\/www.estrategiaconcursos.com.br\/blog\/concurso-lucelia-sp\/#primaryimage\"},\"thumbnailUrl\":\"https:\/\/dhg1h5j42swfq.cloudfront.net\/2020\/12\/01135030\/prefeitura_de_lucelia_-_sp.jpg\",\"datePublished\":\"2021-03-01T17:02:00+00:00\",\"dateModified\":\"2021-03-01T21:48:05+00:00\",\"description\":\"Concurso Prefeitura de Luc\u00e9lia-SP: Sele\u00e7\u00e3o com vagas para Professor de Educa\u00e7\u00e3o B\u00e1sica \u00e9 cancelada. Restitui\u00e7\u00e3o da inscri\u00e7\u00e3o at\u00e9 abril!\",\"breadcrumb\":{\"@id\":\"https:\/\/www.estrategiaconcursos.com.br\/blog\/concurso-lucelia-sp\/#breadcrumb\"},\"inLanguage\":\"pt-BR\",\"potentialAction\":[{\"@type\":\"ReadAction\",\"target\":[\"https:\/\/www.estrategiaconcursos.com.br\/blog\/concurso-lucelia-sp\/\"]}]},{\"@type\":\"ImageObject\",\"inLanguage\":\"pt-BR\",\"@id\":\"https:\/\/www.estrategiaconcursos.com.br\/blog\/concurso-lucelia-sp\/#primaryimage\",\"url\":\"https:\/\/dhg1h5j42swfq.cloudfront.net\/2020\/12\/01135030\/prefeitura_de_lucelia_-_sp.jpg\",\"contentUrl\":\"https:\/\/dhg1h5j42swfq.cloudfront.net\/2020\/12\/01135030\/prefeitura_de_lucelia_-_sp.jpg\",\"width\":1200,\"height\":628,\"caption\":\"Concurso de Luc\u00e9lia\"},{\"@type\":\"BreadcrumbList\",\"@id\":\"https:\/\/www.estrategiaconcursos.com.br\/blog\/concurso-lucelia-sp\/#breadcrumb\",\"itemListElement\":[{\"@type\":\"ListItem\",\"position\":1,\"name\":\"In\u00edcio\",\"item\":\"https:\/\/www.estrategiaconcursos.com.br\/blog\/\"},{\"@type\":\"ListItem\",\"position\":2,\"name\":\"Concurso Luc\u00e9lia SP: CANCELADA sele\u00e7\u00e3o para Professor!\"}]},{\"@type\":\"WebSite\",\"@id\":\"https:\/\/www.estrategiaconcursos.com.br\/blog\/#website\",\"url\":\"https:\/\/www.estrategiaconcursos.com.br\/blog\/\",\"name\":\"Estrat\u00e9gia Concursos\",\"description\":\"O blog da Estrat\u00e9gia Concursos traz not\u00edcias sobre concursos e artigos de professores oferecendo cursos para concursos (pdf + videaulas) no site.\",\"publisher\":{\"@id\":\"https:\/\/www.estrategiaconcursos.com.br\/blog\/#organization\"},\"potentialAction\":[{\"@type\":\"SearchAction\",\"target\":{\"@type\":\"EntryPoint\",\"urlTemplate\":\"https:\/\/www.estrategiaconcursos.com.br\/blog\/?s={search_term_string}\"},\"query-input\":{\"@type\":\"PropertyValueSpecification\",\"valueRequired\":true,\"valueName\":\"search_term_string\"}}],\"inLanguage\":\"pt-BR\"},{\"@type\":\"Organization\",\"@id\":\"https:\/\/www.estrategiaconcursos.com.br\/blog\/#organization\",\"name\":\"Estrat\u00e9gia Concursos\",\"url\":\"https:\/\/www.estrategiaconcursos.com.br\/blog\/\",\"logo\":{\"@type\":\"ImageObject\",\"inLanguage\":\"pt-BR\",\"@id\":\"https:\/\/www.estrategiaconcursos.com.br\/blog\/#\/schema\/logo\/image\/\",\"url\":\"https:\/\/dhg1h5j42swfq.cloudfront.net\/2025\/06\/03203428\/logo_concursos-1.jpg\",\"contentUrl\":\"https:\/\/dhg1h5j42swfq.cloudfront.net\/2025\/06\/03203428\/logo_concursos-1.jpg\",\"width\":230,\"height\":60,\"caption\":\"Estrat\u00e9gia Concursos\"},\"image\":{\"@id\":\"https:\/\/www.estrategiaconcursos.com.br\/blog\/#\/schema\/logo\/image\/\"},\"sameAs\":[\"https:\/\/x.com\/EstratConcursos\"]},{\"@type\":\"Person\",\"@id\":\"https:\/\/www.estrategiaconcursos.com.br\/blog\/#\/schema\/person\/b4a388c97673c5f483d72185668afa1f\",\"name\":\"Coordena\u00e7\u00e3o\",\"image\":{\"@type\":\"ImageObject\",\"inLanguage\":\"pt-BR\",\"@id\":\"https:\/\/secure.gravatar.com\/avatar\/b720319e4c9a967eb58678d110f4fe35452fc5d5f97b202bac7b8acceb18c6ad?s=96&d=mm&r=g\",\"url\":\"https:\/\/secure.gravatar.com\/avatar\/b720319e4c9a967eb58678d110f4fe35452fc5d5f97b202bac7b8acceb18c6ad?s=96&d=mm&r=g\",\"contentUrl\":\"https:\/\/secure.gravatar.com\/avatar\/b720319e4c9a967eb58678d110f4fe35452fc5d5f97b202bac7b8acceb18c6ad?s=96&d=mm&r=g\",\"caption\":\"Coordena\u00e7\u00e3o\"},\"sameAs\":[\"https:\/\/www.facebook.com\/EstrategiaConcursos\",\"https:\/\/x.com\/EstratConcursos\"],\"url\":\"https:\/\/www.estrategiaconcursos.com.br\/blog\/author\/estrategia2013\/\"}]}<\/script>\n<!-- \/ Yoast SEO Premium plugin. -->","yoast_head_json":{"title":"Concurso Luc\u00e9lia SP: CANCELADA sele\u00e7\u00e3o para Professor!","description":"Concurso Prefeitura de Luc\u00e9lia-SP: Sele\u00e7\u00e3o com vagas para Professor de Educa\u00e7\u00e3o B\u00e1sica \u00e9 cancelada. Restitui\u00e7\u00e3o da inscri\u00e7\u00e3o at\u00e9 abril!","robots":{"index":"index","follow":"follow","max-snippet":"max-snippet:-1","max-image-preview":"max-image-preview:large","max-video-preview":"max-video-preview:-1"},"canonical":"https:\/\/www.estrategiaconcursos.com.br\/blog\/concurso-lucelia-sp\/","og_locale":"pt_BR","og_type":"article","og_title":"Concurso Luc\u00e9lia SP: CANCELADA sele\u00e7\u00e3o para Professor!","og_description":"Concurso Prefeitura de Luc\u00e9lia-SP: Sele\u00e7\u00e3o com vagas para Professor de Educa\u00e7\u00e3o B\u00e1sica \u00e9 cancelada. Restitui\u00e7\u00e3o da inscri\u00e7\u00e3o at\u00e9 abril!","og_url":"https:\/\/www.estrategiaconcursos.com.br\/blog\/concurso-lucelia-sp\/","og_site_name":"Estrat\u00e9gia Concursos","article_author":"https:\/\/www.facebook.com\/EstrategiaConcursos","article_published_time":"2021-03-01T17:02:00+00:00","article_modified_time":"2021-03-01T21:48:05+00:00","og_image":[{"width":1200,"height":628,"url":"https:\/\/dhg1h5j42swfq.cloudfront.net\/2020\/12\/01135030\/prefeitura_de_lucelia_-_sp.jpg","type":"image\/jpeg"}],"author":"Coordena\u00e7\u00e3o","twitter_card":"summary_large_image","twitter_creator":"@EstratConcursos","twitter_site":"@EstratConcursos","twitter_misc":{"Escrito por":"Coordena\u00e7\u00e3o","Est. tempo de leitura":"3 minutos"},"schema":{"@context":"https:\/\/schema.org","@graph":[{"@type":"NewsArticle","@id":"https:\/\/www.estrategiaconcursos.com.br\/blog\/concurso-lucelia-sp\/#article","isPartOf":{"@id":"https:\/\/www.estrategiaconcursos.com.br\/blog\/concurso-lucelia-sp\/"},"author":{"name":"Coordena\u00e7\u00e3o","@id":"https:\/\/www.estrategiaconcursos.com.br\/blog\/#\/schema\/person\/b4a388c97673c5f483d72185668afa1f"},"headline":"Concurso Luc\u00e9lia SP: CANCELADA sele\u00e7\u00e3o para Professor!","datePublished":"2021-03-01T17:02:00+00:00","dateModified":"2021-03-01T21:48:05+00:00","mainEntityOfPage":{"@id":"https:\/\/www.estrategiaconcursos.com.br\/blog\/concurso-lucelia-sp\/"},"wordCount":640,"commentCount":0,"publisher":{"@id":"https:\/\/www.estrategiaconcursos.com.br\/blog\/#organization"},"image":{"@id":"https:\/\/www.estrategiaconcursos.com.br\/blog\/concurso-lucelia-sp\/#primaryimage"},"thumbnailUrl":"https:\/\/dhg1h5j42swfq.cloudfront.net\/2020\/12\/01135030\/prefeitura_de_lucelia_-_sp.jpg","articleSection":["Educa\u00e7\u00e3o"],"inLanguage":"pt-BR","potentialAction":[{"@type":"CommentAction","name":"Comment","target":["https:\/\/www.estrategiaconcursos.com.br\/blog\/concurso-lucelia-sp\/#respond"]}],"copyrightYear":"2021","copyrightHolder":{"@id":"https:\/\/www.estrategiaconcursos.com.br\/blog\/#organization"}},{"@type":"WebPage","@id":"https:\/\/www.estrategiaconcursos.com.br\/blog\/concurso-lucelia-sp\/","url":"https:\/\/www.estrategiaconcursos.com.br\/blog\/concurso-lucelia-sp\/","name":"Concurso Luc\u00e9lia SP: CANCELADA sele\u00e7\u00e3o para Professor!","isPartOf":{"@id":"https:\/\/www.estrategiaconcursos.com.br\/blog\/#website"},"primaryImageOfPage":{"@id":"https:\/\/www.estrategiaconcursos.com.br\/blog\/concurso-lucelia-sp\/#primaryimage"},"image":{"@id":"https:\/\/www.estrategiaconcursos.com.br\/blog\/concurso-lucelia-sp\/#primaryimage"},"thumbnailUrl":"https:\/\/dhg1h5j42swfq.cloudfront.net\/2020\/12\/01135030\/prefeitura_de_lucelia_-_sp.jpg","datePublished":"2021-03-01T17:02:00+00:00","dateModified":"2021-03-01T21:48:05+00:00","description":"Concurso Prefeitura de Luc\u00e9lia-SP: Sele\u00e7\u00e3o com vagas para Professor de Educa\u00e7\u00e3o B\u00e1sica \u00e9 cancelada. Restitui\u00e7\u00e3o da inscri\u00e7\u00e3o at\u00e9 abril!","breadcrumb":{"@id":"https:\/\/www.estrategiaconcursos.com.br\/blog\/concurso-lucelia-sp\/#breadcrumb"},"inLanguage":"pt-BR","potentialAction":[{"@type":"ReadAction","target":["https:\/\/www.estrategiaconcursos.com.br\/blog\/concurso-lucelia-sp\/"]}]},{"@type":"ImageObject","inLanguage":"pt-BR","@id":"https:\/\/www.estrategiaconcursos.com.br\/blog\/concurso-lucelia-sp\/#primaryimage","url":"https:\/\/dhg1h5j42swfq.cloudfront.net\/2020\/12\/01135030\/prefeitura_de_lucelia_-_sp.jpg","contentUrl":"https:\/\/dhg1h5j42swfq.cloudfront.net\/2020\/12\/01135030\/prefeitura_de_lucelia_-_sp.jpg","width":1200,"height":628,"caption":"Concurso de Luc\u00e9lia"},{"@type":"BreadcrumbList","@id":"https:\/\/www.estrategiaconcursos.com.br\/blog\/concurso-lucelia-sp\/#breadcrumb","itemListElement":[{"@type":"ListItem","position":1,"name":"In\u00edcio","item":"https:\/\/www.estrategiaconcursos.com.br\/blog\/"},{"@type":"ListItem","position":2,"name":"Concurso Luc\u00e9lia SP: CANCELADA sele\u00e7\u00e3o para Professor!"}]},{"@type":"WebSite","@id":"https:\/\/www.estrategiaconcursos.com.br\/blog\/#website","url":"https:\/\/www.estrategiaconcursos.com.br\/blog\/","name":"Estrat\u00e9gia Concursos","description":"O blog da Estrat\u00e9gia Concursos traz not\u00edcias sobre concursos e artigos de professores oferecendo cursos para concursos (pdf + videaulas) no site.","publisher":{"@id":"https:\/\/www.estrategiaconcursos.com.br\/blog\/#organization"},"potentialAction":[{"@type":"SearchAction","target":{"@type":"EntryPoint","urlTemplate":"https:\/\/www.estrategiaconcursos.com.br\/blog\/?s={search_term_string}"},"query-input":{"@type":"PropertyValueSpecification","valueRequired":true,"valueName":"search_term_string"}}],"inLanguage":"pt-BR"},{"@type":"Organization","@id":"https:\/\/www.estrategiaconcursos.com.br\/blog\/#organization","name":"Estrat\u00e9gia Concursos","url":"https:\/\/www.estrategiaconcursos.com.br\/blog\/","logo":{"@type":"ImageObject","inLanguage":"pt-BR","@id":"https:\/\/www.estrategiaconcursos.com.br\/blog\/#\/schema\/logo\/image\/","url":"https:\/\/dhg1h5j42swfq.cloudfront.net\/2025\/06\/03203428\/logo_concursos-1.jpg","contentUrl":"https:\/\/dhg1h5j42swfq.cloudfront.net\/2025\/06\/03203428\/logo_concursos-1.jpg","width":230,"height":60,"caption":"Estrat\u00e9gia Concursos"},"image":{"@id":"https:\/\/www.estrategiaconcursos.com.br\/blog\/#\/schema\/logo\/image\/"},"sameAs":["https:\/\/x.com\/EstratConcursos"]},{"@type":"Person","@id":"https:\/\/www.estrategiaconcursos.com.br\/blog\/#\/schema\/person\/b4a388c97673c5f483d72185668afa1f","name":"Coordena\u00e7\u00e3o","image":{"@type":"ImageObject","inLanguage":"pt-BR","@id":"https:\/\/secure.gravatar.com\/avatar\/b720319e4c9a967eb58678d110f4fe35452fc5d5f97b202bac7b8acceb18c6ad?s=96&d=mm&r=g","url":"https:\/\/secure.gravatar.com\/avatar\/b720319e4c9a967eb58678d110f4fe35452fc5d5f97b202bac7b8acceb18c6ad?s=96&d=mm&r=g","contentUrl":"https:\/\/secure.gravatar.com\/avatar\/b720319e4c9a967eb58678d110f4fe35452fc5d5f97b202bac7b8acceb18c6ad?s=96&d=mm&r=g","caption":"Coordena\u00e7\u00e3o"},"sameAs":["https:\/\/www.facebook.com\/EstrategiaConcursos","https:\/\/x.com\/EstratConcursos"],"url":"https:\/\/www.estrategiaconcursos.com.br\/blog\/author\/estrategia2013\/"}]}},"_links":{"self":[{"href":"https:\/\/www.estrategiaconcursos.com.br\/blog\/wp-json\/wp\/v2\/posts\/636431","targetHints":{"allow":["GET"]}}],"collection":[{"href":"https:\/\/www.estrategiaconcursos.com.br\/blog\/wp-json\/wp\/v2\/posts"}],"about":[{"href":"https:\/\/www.estrategiaconcursos.com.br\/blog\/wp-json\/wp\/v2\/types\/post"}],"author":[{"embeddable":true,"href":"https:\/\/www.estrategiaconcursos.com.br\/blog\/wp-json\/wp\/v2\/users\/1"}],"replies":[{"embeddable":true,"href":"https:\/\/www.estrategiaconcursos.com.br\/blog\/wp-json\/wp\/v2\/comments?post=636431"}],"version-history":[{"count":34,"href":"https:\/\/www.estrategiaconcursos.com.br\/blog\/wp-json\/wp\/v2\/posts\/636431\/revisions"}],"predecessor-version":[{"id":682711,"href":"https:\/\/www.estrategiaconcursos.com.br\/blog\/wp-json\/wp\/v2\/posts\/636431\/revisions\/682711"}],"wp:featuredmedia":[{"embeddable":true,"href":"https:\/\/www.estrategiaconcursos.com.br\/blog\/wp-json\/wp\/v2\/media\/682274"}],"wp:attachment":[{"href":"https:\/\/www.estrategiaconcursos.com.br\/blog\/wp-json\/wp\/v2\/media?parent=636431"}],"wp:term":[{"taxonomy":"category","embeddable":true,"href":"https:\/\/www.estrategiaconcursos.com.br\/blog\/wp-json\/wp\/v2\/categories?post=636431"},{"taxonomy":"post_tag","embeddable":true,"href":"https:\/\/www.estrategiaconcursos.com.br\/blog\/wp-json\/wp\/v2\/tags?post=636431"},{"taxonomy":"tax_estado","embeddable":true,"href":"https:\/\/www.estrategiaconcursos.com.br\/blog\/wp-json\/wp\/v2\/tax_estado?post=636431"}],"curies":[{"name":"wp","href":"https:\/\/api.w.org\/{rel}","templated":true}]}}