{"id":63639,"date":"2024-02-23T10:40:00","date_gmt":"2024-02-23T13:40:00","guid":{"rendered":"https:\/\/www.estrategiaconcursos.com.br\/blog\/?p=63639"},"modified":"2024-02-23T10:44:49","modified_gmt":"2024-02-23T13:44:49","slug":"concurso-dpe-pr","status":"publish","type":"post","link":"https:\/\/www.estrategiaconcursos.com.br\/blog\/concurso-dpe-pr\/","title":{"rendered":"Concurso DPE PR: resultados dispon\u00edveis!"},"content":{"rendered":"\n<h3 class=\"wp-block-heading\" id=\"h-edital-ofertou-vagas-de-nivel-medio-e-superior\">Edital ofertou vagas de n\u00edvel m\u00e9dio e superior <\/h3>\n\n\n\n<p>Candidatos ao <strong>concurso DPE PR<\/strong> (<a href=\"https:\/\/www.estrategiaconcursos.com.br\/cursosPorConcurso\/dpe-pr\/\" target=\"_blank\" rel=\"noreferrer noopener\"><strong>Defensoria P\u00fablica do Estado do Paran\u00e1<\/strong><\/a>) j\u00e1 podem consultar aos resultados definitivos da prova objetiva!<\/p>\n\n\n\n<ul class=\"wp-block-list\">\n<li><a href=\"https:\/\/dhg1h5j42swfq.cloudfront.net\/2024\/02\/22222652\/21_dpepr_-_resultado_definitivo_prova_objetiva_2024-02-21.pdf\">Confira aqui o resultado definitivo da prova objetiva<\/a><\/li>\n<\/ul>\n\n\n\n<p>O edital ofertou <strong>10 vagas<\/strong> imediatas e <strong>700<\/strong> em cadastro de reserva, distribu\u00eddas entre os cargos de <strong>T\u00e9cnico<\/strong> e <strong>Analista<\/strong> da Defensoria.<\/p>\n\n\n\n<p>As oportunidades s\u00e3o de n\u00edveis m\u00e9dio e superior de escolaridade, com sal\u00e1rios iniciais de <strong>R$ 4.058,25 a R$ 6.361,57. <\/strong><\/p>\n\n\n\n<p>As provas objetivas e discursivas foram aplicadas no dia <strong>14 de janeiro de 2024. <\/strong>Veja todos os detalhes ao longo do artigo!<\/p>\n\n\n\n<ul id=\"block-ee678516-e9d1-48bd-b327-7b9acd55f0fd\" class=\"has-blush-light-purple-gradient-background has-background wp-block-list\">\n<li><strong>Concurso DPE PR<\/strong><\/li>\n\n\n\n<li><strong>Status:<\/strong>\u00a0resultados divulgados<\/li>\n\n\n\n<li><strong>Banca:&nbsp;<\/strong>Instituto Consulplan<\/li>\n\n\n\n<li><strong>Vagas:&nbsp;<\/strong>10 + 700 CR<\/li>\n\n\n\n<li><strong>Sal\u00e1rio inicial:<\/strong>&nbsp;R$1.503,39 \/ R$ 3.608,12<\/li>\n\n\n\n<li><strong>Edital:<\/strong> <strong><a href=\"https:\/\/dhg1h5j42swfq.cloudfront.net\/2023\/10\/04071209\/edital-dpe-pr-1.pdf\" target=\"_blank\" rel=\"noreferrer noopener\">DPE PR<\/a><a href=\"https:\/\/dhg1h5j42swfq.cloudfront.net\/2023\/10\/04071209\/edital-dpe-pr-1.pdf\" target=\"_blank\" rel=\"noreferrer noopener nofollow\"> 2023<\/a><\/strong><\/li>\n<\/ul>\n\n\n\n<div class=\"container\" id=\"boxes\">\n  <div class=\"row\">\n\n    <div class=\"col-sm\">\n      <div class=\"banner-tribunal\" id=\"box-assinatura\">\n        <h3 class=\"titulo-assinatura\">Cursos para DPE-PR<\/h3>\n        <p class=\"subtitulo-assinatura\">Conhe\u00e7a os cursos<\/p>\n        <div class=\"box-botao\">\n          <a class=\"btn-assinatura\" target=\"_blank\" href=\"https:\/\/www.estrategiaconcursos.com.br\/cursosPorConcurso\/dpe-pr\/\" role=\"button\" rel=\"noopener noreferrer\">Conhe\u00e7a mais<\/a>\n        <\/div>\n      <\/div>\n      <p class=\"texto-auxiliar\">Prepare-se com o melhor material e com quem mais aprova em Concursos P\u00fablicos em todo o pa\u00eds.<\/p>\n    <\/div>\n\n  <\/div>\n<\/div>\n\n\n\n<p><strong>Confira abaixo mais informa\u00e7\u00f5es sobre o concurso:<\/strong><\/p>\n\n\n\n<ul class=\"wp-block-list\" id=\"indice\">\n<li><a href=\"#situa\u00e7\u00e3o\"><strong>Situa\u00e7\u00e3o atual do concurso<\/strong><\/a>\n<ul class=\"wp-block-list\">\n<li><strong><a href=\"#datas\">Principais datas<\/a><\/strong><\/li>\n<\/ul>\n<\/li>\n\n\n\n<li><strong><a href=\"#cargos-vagas\">Cargos e vagas<\/a><\/strong>\n<ul class=\"wp-block-list\">\n<li><strong><a href=\"#m\u00e9dio\">M\u00e9dio<\/a><\/strong><\/li>\n\n\n\n<li><strong><a href=\"#superior\">Superior<\/a><\/strong><\/li>\n<\/ul>\n<\/li>\n\n\n\n<li><strong><a href=\"#h-salarios-e-beneficios\">Sal\u00e1rios e benef\u00edcios<\/a><\/strong><\/li>\n\n\n\n<li><strong><a href=\"#h-requisitos\">Requisitos<\/a><\/strong><\/li>\n\n\n\n<li><strong><a href=\"#inscritos\">Inscritos <\/a><\/strong><\/li>\n\n\n\n<li><strong><a href=\"#etapas\">Etapas e provas<\/a><\/strong>\n<ul class=\"wp-block-list\">\n<li><strong><a href=\"#objetiva\">Objetiva<\/a><\/strong><\/li>\n\n\n\n<li><strong><a href=\"#discursiva\">Discursiva<\/a><\/strong><\/li>\n\n\n\n<li><strong><a href=\"#titulos\">Avalia\u00e7\u00e3o de T\u00edtulos<\/a><\/strong><\/li>\n<\/ul>\n<\/li>\n\n\n\n<li><strong><a href=\"#\u00faltimo\">\u00daltimos concursos<\/a><\/strong><\/li>\n\n\n\n<li><strong><a href=\"#prova\">Etapas de provas dos \u00faltimos concursos<\/a><\/strong>\n<ul class=\"wp-block-list\">\n<li><a href=\"#objetiva\"><strong>Prova Objetiva<\/strong><\/a><\/li>\n\n\n\n<li><a href=\"#m\u00e9dica\"><strong>Avalia\u00e7\u00e3o M\u00e9dica<\/strong><\/a><\/li>\n\n\n\n<li><a href=\"#discursiva\"><strong>Prova Discursiva<\/strong><\/a><\/li>\n\n\n\n<li><a href=\"#t\u00edtulo\"><strong>Avalia\u00e7\u00e3o de T\u00edtulos<\/strong><\/a><\/li>\n\n\n\n<li><a href=\"#nomeacoes\"><strong>Nomea\u00e7\u00f5es<\/strong><\/a><\/li>\n<\/ul>\n<\/li>\n\n\n\n<li><strong><a href=\"#cursos-concurso-dpe-pr\">Cursos para a DPE PR<\/a><\/strong><\/li>\n\n\n\n<li><strong><a href=\"#ficha-dpe-pr\">Ficha t\u00e9cnica <\/a><\/strong><\/li>\n<\/ul>\n\n\n\n<h2 class=\"wp-block-heading\" id=\"situa\u00e7\u00e3o\">Concurso DPE PR: situa\u00e7\u00e3o atual<\/h2>\n\n\n\n<h3 class=\"wp-block-heading\" id=\"datas\">Principais datas<\/h3>\n\n\n\n<ul class=\"wp-block-list\">\n<li><s><strong>Inscri\u00e7\u00f5es<\/strong>: 10\/10 a 23\/11\/2023<\/s><\/li>\n\n\n\n<li><s><strong>Isen\u00e7\u00e3o da taxa<\/strong>: 10 a 16\/10<\/s><\/li>\n\n\n\n<li><s><strong>\u00daltimo dia para pagamento<\/strong>: 24\/11<\/s><\/li>\n\n\n\n<li><s><strong>Prova<\/strong>: 14\/01\/2024<\/s><\/li>\n<\/ul>\n\n\n\n<h2 class=\"wp-block-heading\" id=\"cargos-vagas\">Cargos e vagas<\/h2>\n\n\n\n<h3 class=\"wp-block-heading\" id=\"m\u00e9dio\">N\u00edvel m\u00e9dio &#8211; T\u00e9cnico da Defensoria<\/h3>\n\n\n\n<figure class=\"wp-block-table is-style-stripes\"><table class=\"has-blush-light-purple-gradient-background has-background has-fixed-layout\"><thead><tr><th class=\"has-text-align-center\" data-align=\"center\">ESPECIALIDADE<\/th><th class=\"has-text-align-center\" data-align=\"center\">VAGAS<\/th><th class=\"has-text-align-center\" data-align=\"center\">SAL\u00c1RIO<\/th><\/tr><\/thead><tbody><tr><td class=\"has-text-align-center\" data-align=\"center\">T\u00e9cnico Administrativo<\/td><td class=\"has-text-align-center\" data-align=\"center\">01 + 100 CR<\/td><td class=\"has-text-align-center\" data-align=\"center\">R$ 4.058,25<\/td><\/tr><\/tbody><\/table><figcaption class=\"wp-element-caption\">Cargo, vagas e sal\u00e1rio n\u00edvel m\u00e9dio.<\/figcaption><\/figure>\n\n\n\n<h3 class=\"wp-block-heading\" id=\"superior\">N\u00edvel superior &#8211; Analista da Defensoria<\/h3>\n\n\n\n<figure class=\"wp-block-table is-style-stripes\"><table class=\"has-blush-light-purple-gradient-background has-background has-fixed-layout\"><thead><tr><th class=\"has-text-align-center\" data-align=\"center\">ESPECIALIDADE<\/th><th class=\"has-text-align-center\" data-align=\"center\">VAGAS<\/th><th class=\"has-text-align-center\" data-align=\"center\">SAL\u00c1RIO<\/th><\/tr><\/thead><tbody><tr><td class=\"has-text-align-center\" data-align=\"center\">Administra\u00e7\u00e3o<\/td><td class=\"has-text-align-center\" data-align=\"center\">01 + 50 CR<\/td><td class=\"has-text-align-center\" data-align=\"center\">R$ 6.361,57<\/td><\/tr><tr><td class=\"has-text-align-center\" data-align=\"center\">Contabilidade<\/td><td class=\"has-text-align-center\" data-align=\"center\">01 + 50 CR<\/td><td class=\"has-text-align-center\" data-align=\"center\">R$ 6.361,57<\/td><\/tr><tr><td class=\"has-text-align-center\" data-align=\"center\">Direito<\/td><td class=\"has-text-align-center\" data-align=\"center\">01 + 200 CR<\/td><td class=\"has-text-align-center\" data-align=\"center\">R$ 6.361,57<\/td><\/tr><tr><td class=\"has-text-align-center\" data-align=\"center\">Economia<\/td><td class=\"has-text-align-center\" data-align=\"center\">01 + 50 CR<\/td><td class=\"has-text-align-center\" data-align=\"center\">R$ 6.361,57<\/td><\/tr><tr><td class=\"has-text-align-center\" data-align=\"center\">Engenharia<\/td><td class=\"has-text-align-center\" data-align=\"center\">01 + 50 CR<\/td><td class=\"has-text-align-center\" data-align=\"center\">R$ 6.361,57<\/td><\/tr><tr><td class=\"has-text-align-center\" data-align=\"center\">Estat\u00edstica<\/td><td class=\"has-text-align-center\" data-align=\"center\">01 + 50 CR<\/td><td class=\"has-text-align-center\" data-align=\"center\">R$ 6.361,57<\/td><\/tr><tr><td class=\"has-text-align-center\" data-align=\"center\">Inform\u00e1tica<\/td><td class=\"has-text-align-center\" data-align=\"center\">01 + 50 CR<\/td><td class=\"has-text-align-center\" data-align=\"center\">R$ 6.361,57<\/td><\/tr><tr><td class=\"has-text-align-center\" data-align=\"center\">Psicologia<\/td><td class=\"has-text-align-center\" data-align=\"center\">01 + 50 CR<\/td><td class=\"has-text-align-center\" data-align=\"center\">R$ 6.361,57<\/td><\/tr><tr><td class=\"has-text-align-center\" data-align=\"center\">Servi\u00e7o Social<\/td><td class=\"has-text-align-center\" data-align=\"center\">01 + 50 CR<\/td><td class=\"has-text-align-center\" data-align=\"center\">R$ 6.361,57<\/td><\/tr><\/tbody><\/table><figcaption class=\"wp-element-caption\">Cargos, vagas e sal\u00e1rios n\u00edvel superior.<\/figcaption><\/figure>\n\n\n\n<h2 class=\"wp-block-heading\" id=\"h-salarios-e-beneficios\">Sal\u00e1rios e benef\u00edcios<\/h2>\n\n\n\n<p>A remunera\u00e7\u00e3o b\u00e1sica inicial dos ocupantes dos cargos, s\u00e3o:<\/p>\n\n\n\n<ul class=\"wp-block-list\">\n<li>T\u00e9cnico da Defensoria &#8211; <strong>R$ 2.193,65<\/strong> (ser\u00e1 alterado para <strong>R$ 4.058,25<\/strong> conforme Lei Estadual n\u00b0 21.581\/2023, com efeitos a partir de 1\u00ba\/11\/23.<\/li>\n\n\n\n<li>Analista da Defensoria &#8211; <strong>R$ 4.387,29<\/strong> (ser\u00e1 alterado para <strong>R$ 6.361,57<\/strong> conforme Lei Estadual n\u00b0 21.581\/2023, com efeitos a partir de 1\u00ba\/11\/23.<\/li>\n<\/ul>\n\n\n\n<p>Os aprovados tamb\u00e9m far\u00e3o jus aos seguintes benef\u00edcios:<\/p>\n\n\n\n<ul class=\"wp-block-list\">\n<li>Aux\u00edlio-alimenta\u00e7\u00e3o: R$ 1.083,33;<\/li>\n\n\n\n<li>Aux\u00edlio-sa\u00fade: R$ 297,17 a R$ 1.656,67, a depender da faixa et\u00e1ria;<\/li>\n\n\n\n<li>Aux\u00edlio-transporte: R$ 528,00;<\/li>\n\n\n\n<li>Aux\u00edlio-creche: R$ 719,62 por dependente de at\u00e9 5 anos.<\/li>\n<\/ul>\n\n\n\n<h2 class=\"wp-block-heading\" id=\"h-requisitos\">Requisitos<\/h2>\n\n\n\n<p><strong>T\u00e9cnico Administrativo<\/strong><\/p>\n\n\n\n<p>Certificado de conclus\u00e3o de ensino em n\u00edvel m\u00e9dio reconhecido pelo MEC, ou \u00f3rg\u00e3o competente, na forma da lei ou ato normativo espec\u00edfico.<\/p>\n\n\n\n<p><strong>Administra\u00e7\u00e3o<\/strong><\/p>\n\n\n\n<p>Gradua\u00e7\u00e3o em curso superior de Administra\u00e7\u00e3o reconhecido pelo MEC, ou \u00f3rg\u00e3o competente. Registro e\/ou inscri\u00e7\u00e3o regular em \u00f3rg\u00e3o\/conselho competente.<\/p>\n\n\n\n<p><strong>Contabilidade<\/strong><\/p>\n\n\n\n<p>Gradua\u00e7\u00e3o em curso superior de Ci\u00eancias Cont\u00e1beis reconhecido pelo MEC, ou \u00f3rg\u00e3o competente. Registro e\/ou inscri\u00e7\u00e3o regular em \u00f3rg\u00e3o\/conselho competente.<\/p>\n\n\n\n<p><strong>Direito<\/strong><\/p>\n\n\n\n<p>Gradua\u00e7\u00e3o em curso superior de Direito reconhecido pelo MEC, ou \u00f3rg\u00e3o competente.<\/p>\n\n\n\n<p><strong>Economia<\/strong><\/p>\n\n\n\n<p>Gradua\u00e7\u00e3o em curso superior de Economia ou Ci\u00eancias Econ\u00f4micas reconhecido pelo MEC, ou \u00f3rg\u00e3o competente. Registro e\/ou inscri\u00e7\u00e3o regular em \u00f3rg\u00e3o\/conselho competente.<\/p>\n\n\n\n<p><strong>Engenharia<\/strong><\/p>\n\n\n\n<p>Gradua\u00e7\u00e3o em curso superior de Engenharia Civil reconhecido pelo MEC, ou \u00f3rg\u00e3o competente. Registro e\/ou inscri\u00e7\u00e3o regular em \u00f3rg\u00e3o\/conselho competente.<\/p>\n\n\n\n<p><strong>Estat\u00edstica<\/strong><\/p>\n\n\n\n<p>Gradua\u00e7\u00e3o em curso superior de Estat\u00edstica reconhecido pelo MEC, ou \u00f3rg\u00e3o competente. Registro e\/ou inscri\u00e7\u00e3o regular em \u00f3rg\u00e3o\/conselho competente.<\/p>\n\n\n\n<p><strong>Inform\u00e1tica<\/strong><\/p>\n\n\n\n<p>Gradua\u00e7\u00e3o em curso superior em Ci\u00eancia da Computa\u00e7\u00e3o, ou Engenharia da Computa\u00e7\u00e3o, ou Sistemas de Informa\u00e7\u00e3o, ou Tecnologia em Processamento de Dados ou outro curso de gradua\u00e7\u00e3o plena em Inform\u00e1tica, reconhecido pelo MEC, ou \u00f3rg\u00e3o competente.<\/p>\n\n\n\n<p><strong>Psicologia<\/strong><\/p>\n\n\n\n<p>Gradua\u00e7\u00e3o em curso superior de Psicologia reconhecido pelo MEC, ou \u00f3rg\u00e3o competente. Registro e\/ou inscri\u00e7\u00e3o regular em \u00f3rg\u00e3o\/conselho competente.<\/p>\n\n\n\n<p><strong>Servi\u00e7o Social<\/strong><\/p>\n\n\n\n<p>Gradua\u00e7\u00e3o em curso superior de Servi\u00e7o Social reconhecido pelo MEC, ou \u00f3rg\u00e3o competente. Registro e\/ou inscri\u00e7\u00e3o regular em \u00f3rg\u00e3o\/conselho competente.<\/p>\n\n\n\n<h2 class=\"wp-block-heading\" id=\"h-inscritos\">Inscritos <\/h2>\n\n\n\n<p>O concurso DPE PR conta com 29.915 inscritos, sendo 16.754 para o cargo de t\u00e9cnico e 13.161 para analista.&nbsp;<a href=\"https:\/\/www.estrategiaconcursos.com.br\/blog\/concurso-dpe-pr-inscritos\/\" target=\"_blank\" rel=\"noreferrer noopener\">Veja!<\/a><\/p>\n\n\n\n<h2 class=\"wp-block-heading\" id=\"h-etapas-e-provas\">Etapas e provas<\/h2>\n\n\n\n<p>De acordo com o documento, o certame ser\u00e1 realizado mediante aplica\u00e7\u00e3o de tr\u00eas fases, sendo:<\/p>\n\n\n\n<ul class=\"wp-block-list\">\n<li><strong><span style=\"text-decoration: underline;\">a) primeira fase<\/span><\/strong>: prova objetiva de m\u00faltipla escolha, de car\u00e1ter eliminat\u00f3rio e classificat\u00f3rio, para todos os cargos; <\/li>\n\n\n\n<li><strong><span style=\"text-decoration: underline;\">b) segunda fase<\/span><\/strong>: prova discursiva composta por uma quest\u00e3o dissertativa e uma reda\u00e7\u00e3o, sendo de car\u00e1ter eliminat\u00f3rio e classificat\u00f3rio, para os cargos de n\u00edvel superior; e<\/li>\n\n\n\n<li><strong><span style=\"text-decoration: underline;\">c) terceira fase<\/span><\/strong>: an\u00e1lise de t\u00edtulos, de car\u00e1ter apenas classificat\u00f3rio, aplicada aos candidatos dos cargos de n\u00edvel superior.<\/li>\n<\/ul>\n\n\n\n<p>As provas objetivas e discursiva ser\u00e3o aplicadas em conjunto na data prov\u00e1vel de <strong>14 de janeiro de 2024<\/strong>, nos munic\u00edpios de Curitiba\/PR, Cascavel\/PR e Londrina\/PR.<\/p>\n\n\n\n<p>As provas ter\u00e3o dura\u00e7\u00e3o de 4 (quatro) horas, para o cargo de T\u00e9cnico Administrativo, e  5 (cinco) horas, para os demais cargos, sendo:<\/p>\n\n\n\n<ul class=\"wp-block-list\">\n<li><strong>Turno da manh\u00e3:<\/strong> para todos os cargos de n\u00edvel superior;<\/li>\n\n\n\n<li><strong>Turno da tarde:<\/strong> para o cargo de T\u00e9cnico-Administrativo.<\/li>\n<\/ul>\n\n\n\n<h3 class=\"wp-block-heading\" id=\"objetiva\">Provas Objetivas<\/h3>\n\n\n\n<p>As provas objetivas ser\u00e3o compostas por 50 quest\u00f5es para os cargos de n\u00edvel superior, e 60 quest\u00f5es para o cargo de n\u00edvel m\u00e9dio. As provas ser\u00e3o do tipo m\u00faltipla escolha, com 4 (quatro) op\u00e7\u00f5es de resposta para cada quest\u00e3o, das quais apenas 1 (uma) correta.<\/p>\n\n\n\n<p>A etapa valer\u00e1 100,00 pontos, e versar\u00e1 sobre as seguintes disciplinas:<\/p>\n\n\n\n<ul class=\"wp-block-list\">\n<li><strong>N\u00edvel superior<\/strong>\n\n\n\n\n\n\n\n\n\n\n\n\n<ul class=\"wp-block-list\">\n<li>L\u00edngua Portuguesa &#8211; 05 quest\u00f5es;<\/li>\n\n\n\n<li>Racioc\u00ednio L\u00f3gico &#8211; 05 quest\u00f5es;<\/li>\n\n\n\n<li>Conhecimentos sobre a Lei Org\u00e2nica da Defensoria P\u00fablica e do Estatuto dos Servidores da Defensoria &#8211; 05 quest\u00f5es; <\/li>\n<\/ul>\n\n\n\n<ul class=\"wp-block-list\">\n<li>Conhecimentos de Direito Administrativo e Constitucional &#8211; 10 quest\u00f5es;<\/li>\n\n\n\n<li>Conhecimentos Gerais &#8211;  05 quest\u00f5es;<\/li>\n\n\n\n<li>Conhecimentos Espec\u00edficos &#8211; 20 quest\u00f5es.<\/li>\n<\/ul>\n<\/li>\n\n\n\n<li><strong>N\u00edvel m\u00e9dio<\/strong>\n<ul class=\"wp-block-list\">\n<li>L\u00edngua Portuguesa &#8211; 15 quest\u00f5es;<\/li>\n\n\n\n<li>Racioc\u00ednio L\u00f3gico &#8211; 10 quest\u00f5es;<\/li>\n\n\n\n<li>Conhecimentos sobre a Lei Org\u00e2nica da Defensoria P\u00fablica e do Estatuto dos Servidores da Defensoria &#8211; 10 quest\u00f5es; <\/li>\n\n\n\n<li>Conhecimentos de Direito Administrativo e Constitucional &#8211; 15 quest\u00f5es;<\/li>\n\n\n\n<li>Conhecimentos Gerais &#8211;  10 quest\u00f5es;<\/li>\n<\/ul>\n<\/li>\n<\/ul>\n\n\n\n<h3 class=\"wp-block-heading\" id=\"discursiva\">Prova Discursiva<\/h3>\n\n\n\n<p>A etapa discursiva valer\u00e1 100,00 pontos e consistir\u00e1 em:<\/p>\n\n\n\n<ul class=\"wp-block-list\">\n<li>1 (uma) disserta\u00e7\u00e3o, versando sobre quaisquer dos temas do Anexo I deste Edital; e<\/li>\n\n\n\n<li>1 (uma) quest\u00e3o discursiva envolvendo estudo de caso, podendo versar sobre tema comum ou de conhecimentos espec\u00edficos dos respectivos cargos.<\/li>\n<\/ul>\n\n\n\n<p>A prova dever\u00e1 ter a extens\u00e3o m\u00ednima e m\u00e1xima de 20 (vinte) linhas e 30 (trinta) linhas, para a disserta\u00e7\u00e3o, e 10 (dez) linhas e 20 (vinte) linhas, para a quest\u00e3o discursiva.<\/p>\n\n\n\n<h3 class=\"wp-block-heading\" id=\"titulos\">Avalia\u00e7\u00e3o de T\u00edtulos<\/h3>\n\n\n\n<p>A avalia\u00e7\u00e3o de t\u00edtulos tem car\u00e1ter apenas classificat\u00f3rio e valer\u00e1 at\u00e9 5 (cinco) pontos, ainda que a soma dos valores dos t\u00edtulos apresentados seja superior a esse valor.<\/p>\n\n\n\n<p>Os candidatos de cargos de n\u00edvel superior, n\u00e3o eliminados nas provas objetivas e discursivas, ser\u00e3o convocados em edital espec\u00edfico para esse fim para participa\u00e7\u00e3o na fase de avalia\u00e7\u00e3o de t\u00edtulos.<\/p>\n\n\n\n<p>Somente ser\u00e3o aceitos os documentos que comprovem os t\u00edtulos abaixo relacionados:<\/p>\n\n\n\n<figure class=\"wp-block-image aligncenter size-full is-resized\"><img loading=\"lazy\" decoding=\"async\" width=\"785\" height=\"563\" src=\"https:\/\/dhg1h5j42swfq.cloudfront.net\/2023\/10\/04075455\/image-33.png\" alt=\"Tabela de pontua\u00e7\u00e3o de t\u00edtulos.\" class=\"wp-image-1287400\" style=\"width:695px;height:498px\" srcset=\"https:\/\/dhg1h5j42swfq.cloudfront.net\/2023\/10\/04075455\/image-33.png 785w, https:\/\/dhg1h5j42swfq.cloudfront.net\/2023\/10\/04075455\/image-33-300x215.png 300w, https:\/\/dhg1h5j42swfq.cloudfront.net\/2023\/10\/04075455\/image-33-768x551.png 768w, https:\/\/dhg1h5j42swfq.cloudfront.net\/2023\/10\/04075455\/image-33-610x437.png 610w, https:\/\/dhg1h5j42swfq.cloudfront.net\/2023\/10\/04075455\/image-33-150x108.png 150w\" sizes=\"auto, (max-width: 785px) 100vw, 785px\" \/><figcaption class=\"wp-element-caption\">Tabela de pontua\u00e7\u00e3o de t\u00edtulos.<\/figcaption><\/figure>\n\n\n\n<h2 class=\"wp-block-heading\" id=\"vagos\">Concurso DPE PR: cargos vagos <\/h2>\n\n\n\n<p>De acordo com o Departamento de Recursos Humanos do \u00f3rg\u00e3o, 397 cargos para servidor est\u00e3o vagos. Confira abaixo: <\/p>\n\n\n\n<ul class=\"wp-block-list\">\n<li><em>Administra\u00e7\u00e3o &#8211; 2 <\/em><\/li>\n\n\n\n<li><em>Assessor jur\u00eddico (Direito) &#8211; 248<\/em><\/li>\n\n\n\n<li><em>Inform\u00e1tica &#8211; 1<\/em><\/li>\n\n\n\n<li><em>Psicologia &#8211; 21<\/em><\/li>\n\n\n\n<li><em>Secret\u00e1rio Executivo &#8211; 11<\/em><\/li>\n\n\n\n<li><em>Servi\u00e7o Social &#8211; 16<\/em><\/li>\n\n\n\n<li><em>T\u00e9cnico em Inform\u00e1tica &#8211; 2<\/em><\/li>\n\n\n\n<li><em>T\u00e9cnico Administrativo &#8211; 96<\/em><\/li>\n<\/ul>\n\n\n\n<h2 class=\"wp-block-heading\" id=\"\u00faltimo\">Concurso DPE PR: \u00faltimas edi\u00e7\u00f5es<\/h2>\n\n\n\n<h4 class=\"wp-block-heading\">I Concurso &#8211; 2012<\/h4>\n\n\n\n<p>O concurso DPE PR 2012 ofertou aos candidatos 528 vagas para diversos cargos de n\u00edvel m\u00e9dio e superior. <\/p>\n\n\n\n<p>A organiza\u00e7\u00e3o do concurso DPE PR ficou a cargo da Associa\u00e7\u00e3o Paranaense de Cultura \u2013 APC, entidade mantenedora da Pontif\u00edcia Universidade Cat\u00f3lica do Paran\u00e1 \u2013 PUCPR.   <\/p>\n\n\n\n<h4 class=\"wp-block-heading\">II Concurso DPE PR &#8211; 2017<\/h4>\n\n\n\n<p>Organizado pela <strong>Inaz do Par\u00e1<\/strong>, o concurso 2017 da DPE PR ofertou <strong>14 vagas + CR<\/strong> para cargos de n\u00edvel m\u00e9dio e superior:<\/p>\n\n\n\n<ul class=\"wp-block-list\">\n<li>&nbsp;Administrador: 3 + CR<\/li>\n\n\n\n<li>Analista de Inform\u00e1tica: 1 + CR<\/li>\n\n\n\n<li>Contador: 3&nbsp;+ CR<\/li>\n\n\n\n<li>Economista: 1 + CR<\/li>\n\n\n\n<li> Engenheiro Civil: 1 + CR<\/li>\n\n\n\n<li>Estat\u00edstico: 1 + CR<\/li>\n\n\n\n<li>T\u00e9cnico em Recursos Humanos: 2 + CR<\/li>\n\n\n\n<li>T\u00e9cnico em Inform\u00e1tica: 1 + CR<\/li>\n\n\n\n<li> T\u00e9cnico em Rede de Computadores: 1 + CR<\/li>\n<\/ul>\n\n\n\n<h3 class=\"wp-block-heading\" id=\"prova\">Etapas de Provas dos \u00faltimos concursos<\/h3>\n\n\n\n<h3 class=\"wp-block-heading\">Edital DPE PR 2012<\/h3>\n\n\n\n<h4 class=\"wp-block-heading\" id=\"objetiva\">Prova objetiva<\/h4>\n\n\n\n<p> A Prova Objetiva do concurso DPE PR teve a dura\u00e7\u00e3o de 4 horas e teve 50  quest\u00f5es, sendo 10  quest\u00f5es de conhecimentos gerais e 25 de conhecimentos espec\u00edficos e 15 quest\u00f5es de L\u00edngua Portuguesa, de car\u00e1ter eliminat\u00f3rio e classificat\u00f3rio, com 05 alternativas cada. <\/p>\n\n\n\n<p>Ser\u00e3o classificados na Prova Objetiva do DPE PR os candidatos que obtiverem no m\u00ednimo 6,0 pontos nas quest\u00f5es propostas.<\/p>\n\n\n\n<figure class=\"wp-block-table is-style-stripes\"><table class=\"has-background\" style=\"background-color:#e7f5fe\"><tbody><tr><td class=\"has-text-align-center\" data-align=\"center\">\n  <strong>L\u00edngua Portuguesa&nbsp;&nbsp;<\/strong>\n  <\/td><td class=\"has-text-align-center\" data-align=\"center\"><strong>Conhecimentos gerais<\/strong>   <\/td><td class=\"has-text-align-center\" data-align=\"center\"><strong>Conhecimentos Espec\u00edficos&nbsp;&nbsp;&nbsp;<\/strong>   <\/td><td class=\"has-text-align-center\" data-align=\"center\"> <strong>Total&nbsp;&nbsp;&nbsp;<\/strong>   <\/td><\/tr><tr><td class=\"has-text-align-center\" data-align=\"center\">\n  10\n  <\/td><td class=\"has-text-align-center\" data-align=\"center\">\n  15\n  <\/td><td class=\"has-text-align-center\" data-align=\"center\">\n  25\n  <\/td><td class=\"has-text-align-center\" data-align=\"center\">\n  50\n  <\/td><\/tr><\/tbody><\/table><figcaption class=\"wp-element-caption\"><strong>Tabela de quest\u00f5es e disciplinas do \u00faltimo concurso <\/strong><\/figcaption><\/figure>\n\n\n\n<h4 class=\"wp-block-heading\" id=\"m\u00e9dica\">Avalia\u00e7\u00e3o M\u00e9dica<\/h4>\n\n\n\n<p>A avalia\u00e7\u00e3o m\u00e9dica abrangeu exames laboratoriais e cl\u00ednicos, especificados no Edital de convoca\u00e7\u00e3o DPE PR. De acordo com o edital s\u00f3 seriam aprovados os candidatos sem nenhuma altera\u00e7\u00e3o patol\u00f3gica que o contraindiquem ao desempenho do cargo\/fun\u00e7\u00e3o para o qual se inscreveu. <\/p>\n\n\n\n<h3 class=\"wp-block-heading\">Edital DPE PR 2017<\/h3>\n\n\n\n<h4 class=\"wp-block-heading\" id=\"objetiva\">Prova objetiva<\/h4>\n\n\n\n<p>As provas objetivas do edital DPE PR 2017 tiveram dura\u00e7\u00e3o de <strong>4 horas<\/strong> e foram aplicadas em turnos distintos para os cargos de n\u00edvel m\u00e9dio e t\u00e9cnico (manh\u00e3) e n\u00edvel superior (tarde).<\/p>\n\n\n\n<p><strong><em>Confira a tabela de disciplinas <\/em><\/strong><mark><em><strong>DPE PR<\/strong><\/em><\/mark><strong><em>:<\/em><\/strong><\/p>\n\n\n\n<figure class=\"wp-block-table is-style-stripes\"><table class=\"has-background has-fixed-layout\" style=\"background-color:#e7f5fe\"><tbody><tr><td class=\"has-text-align-center\" data-align=\"center\"><strong>Conhecimentos <\/strong><\/td><td class=\"has-text-align-center\" data-align=\"center\"><strong>N.\u00ba de quest\u00f5es<\/strong><\/td><td class=\"has-text-align-center\" data-align=\"center\"><strong>Peso da quest\u00e3o<\/strong> <\/td><\/tr><tr><td class=\"has-text-align-center\" data-align=\"center\">L\u00edngua Portuguesa<\/td><td class=\"has-text-align-center\" data-align=\"center\">15<\/td><td class=\"has-text-align-center\" data-align=\"center\">2<\/td><\/tr><tr><td class=\"has-text-align-center\" data-align=\"center\">Racioc\u00ednio L\u00f3gico <\/td><td class=\"has-text-align-center\" data-align=\"center\">05<\/td><td class=\"has-text-align-center\" data-align=\"center\">1<\/td><\/tr><tr><td class=\"has-text-align-center\" data-align=\"center\">No\u00e7\u00f5es de Inform\u00e1tica<\/td><td class=\"has-text-align-center\" data-align=\"center\">05<\/td><td class=\"has-text-align-center\" data-align=\"center\">1<\/td><\/tr><tr><td class=\"has-text-align-center\" data-align=\"center\">No\u00e7\u00f5es de Legisla\u00e7\u00e3o <\/td><td class=\"has-text-align-center\" data-align=\"center\">05<\/td><td class=\"has-text-align-center\" data-align=\"center\">2<\/td><\/tr><tr><td class=\"has-text-align-center\" data-align=\"center\">Espec\u00edficos <\/td><td class=\"has-text-align-center\" data-align=\"center\">20<\/td><td class=\"has-text-align-center\" data-align=\"center\">2,5<\/td><\/tr><\/tbody><\/table><figcaption class=\"wp-element-caption\"><strong>Prova objetiva: edital DPE PR 2017 (n\u00edvel m\u00e9dio)<\/strong><\/figcaption><\/figure>\n\n\n\n<p><strong>Pontua\u00e7\u00e3o M\u00e1xima: <\/strong>100 pontos<br \/><strong>M\u00ednimo de pontos geral<\/strong>: 60 pontos <\/p>\n\n\n\n<p><strong><em>Confira a tabela de disciplinas DPE PR: <\/em><\/strong><\/p>\n\n\n\n<figure class=\"wp-block-table is-style-stripes\"><table class=\"has-background has-fixed-layout\" style=\"background-color:#e7f5fe\"><tbody><tr><td class=\"has-text-align-center\" data-align=\"center\"><strong>Conhecimentos <\/strong><\/td><td class=\"has-text-align-center\" data-align=\"center\"><strong>N.\u00ba de quest\u00f5es<\/strong><\/td><td class=\"has-text-align-center\" data-align=\"center\"><strong>Peso da quest\u00e3o<\/strong> <\/td><\/tr><tr><td class=\"has-text-align-center\" data-align=\"center\">L\u00edngua Portuguesa<\/td><td class=\"has-text-align-center\" data-align=\"center\">15<\/td><td class=\"has-text-align-center\" data-align=\"center\">2<\/td><\/tr><tr><td class=\"has-text-align-center\" data-align=\"center\">No\u00e7\u00f5es de Inform\u00e1tica <\/td><td class=\"has-text-align-center\" data-align=\"center\">05<\/td><td class=\"has-text-align-center\" data-align=\"center\">1<\/td><\/tr><tr><td class=\"has-text-align-center\" data-align=\"center\">No\u00e7\u00f5es de Legisla\u00e7\u00e3o <\/td><td class=\"has-text-align-center\" data-align=\"center\">05<\/td><td class=\"has-text-align-center\" data-align=\"center\">2<\/td><\/tr><tr><td class=\"has-text-align-center\" data-align=\"center\">No\u00e7\u00f5es de Direito <\/td><td class=\"has-text-align-center\" data-align=\"center\">05<\/td><td class=\"has-text-align-center\" data-align=\"center\">1<\/td><\/tr><tr><td class=\"has-text-align-center\" data-align=\"center\">Espec\u00edficos <\/td><td class=\"has-text-align-center\" data-align=\"center\">20<\/td><td class=\"has-text-align-center\" data-align=\"center\">2,5<\/td><\/tr><\/tbody><\/table><figcaption class=\"wp-element-caption\"><strong>Prova objetiva: edital DPE PR 2017 (n\u00edvel superior)<\/strong><\/figcaption><\/figure>\n\n\n\n<p><strong>Pontua\u00e7\u00e3o M\u00e1xima: <\/strong>100 pontos<br \/><strong>M\u00ednimo de pontos geral<\/strong>: 60 pontos<\/p>\n\n\n\n<h4 class=\"wp-block-heading\" id=\"discursiva\">Prova discursiva<\/h4>\n\n\n\n<p>A prova discursiva do concurso DPE PR constou de uma Reda\u00e7\u00e3o com um tema proposto no qual o candidato deveria elaborar um texto dissertativo-argumentativo com extens\u00e3o m\u00ednima de 20 linhas e m\u00e1xima de 30. Esta etapa foi aplicada apenas para os cargos de <strong>n\u00edvel superior<\/strong>.<\/p>\n\n\n\n<p>A prova discursiva do certame DPE PR teve car\u00e1ter eliminat\u00f3rio e classificat\u00f3rio, avaliada na escala de 0 a 100 pontos, considerando para formula\u00e7\u00e3o da pontua\u00e7\u00e3o, as seguintes propor\u00e7\u00f5es:<\/p>\n\n\n\n<figure class=\"wp-block-table is-style-stripes\"><table class=\"has-background has-fixed-layout\" style=\"background-color:#e7f5fe\"><tbody><tr><td class=\"has-text-align-center\" data-align=\"center\"><strong>Crit\u00e9rio<\/strong><\/td><td class=\"has-text-align-center\" data-align=\"center\"><strong>N.\u00ba m\u00e1ximo de pontos<\/strong><\/td><\/tr><tr><td class=\"has-text-align-center\" data-align=\"center\">Adequa\u00e7\u00e3o \u00e0 proposta e ao g\u00eanero<\/td><td class=\"has-text-align-center\" data-align=\"center\">20<\/td><\/tr><tr><td class=\"has-text-align-center\" data-align=\"center\">Argumenta\u00e7\u00e3o (fuga do senso comum, informalidade, unidade)<\/td><td class=\"has-text-align-center\" data-align=\"center\">20<\/td><\/tr><tr><td class=\"has-text-align-center\" data-align=\"center\">Coes\u00e3o (liga\u00e7\u00e3o de ideias, substitui\u00e7\u00e3o, paragrafa\u00e7\u00e3o)<\/td><td class=\"has-text-align-center\" data-align=\"center\">20<\/td><\/tr><tr><td class=\"has-text-align-center\" data-align=\"center\">Coer\u00eancia (clareza, organiza\u00e7\u00e3o de ideias, progress\u00e3o tem\u00e1tica)<\/td><td class=\"has-text-align-center\" data-align=\"center\">20<\/td><\/tr><tr><td class=\"has-text-align-center\" data-align=\"center\">Gram\u00e1tica (acentua\u00e7\u00e3o, pontua\u00e7\u00e3o, ortografia, est\u00e9tica, concord\u00e2ncia e reg\u00eancia)<\/td><td class=\"has-text-align-center\" data-align=\"center\">20<\/td><\/tr><tr><td class=\"has-text-align-center\" data-align=\"center\"><strong>TOTAL <\/strong><\/td><td class=\"has-text-align-center\" data-align=\"center\"><strong>100 pontos <\/strong><\/td><\/tr><\/tbody><\/table><figcaption class=\"wp-element-caption\"><strong>Edital DPE PR 2017: quadro de pontua\u00e7\u00e3o &#8211; prova discursiva.<\/strong><\/figcaption><\/figure>\n\n\n\n<p>Foram  avaliadas (corrigidas) somente as provas discursivas dos candidatos classificados na 1\u00aa Etapa do concurso DPE PR (prova objetiva) e que estivessem at\u00e9 a cent\u00e9sima posi\u00e7\u00e3o classificat\u00f3ria.<\/p>\n\n\n\n<p>Foi considerado classificado no certame DPE PR, o candidato que obteve no m\u00ednimo 50% do total de pontos da prova discursiva.<\/p>\n\n\n\n<h4 class=\"wp-block-heading\" id=\"t\u00edtulo\">Avalia\u00e7\u00e3o de T\u00edtulos<\/h4>\n\n\n\n<p><strong><em>Confira abaixo o quadro de t\u00edtulos do DPE PR:<\/em><\/strong><\/p>\n\n\n\n<figure class=\"wp-block-table is-style-stripes\"><table class=\"has-background has-fixed-layout\" style=\"background-color:#e9fbe5\"><tbody><tr><td class=\"has-text-align-center\" data-align=\"center\"><strong>T\u00edtulo<\/strong><\/td><td class=\"has-text-align-center\" data-align=\"center\"><strong>Valor de Cada<br \/>T\u00edtulo<\/strong><\/td><td class=\"has-text-align-center\" data-align=\"center\"><strong>Valor m\u00e1ximo<br \/>dos T\u00edtulos<\/strong><\/td><\/tr><tr><td class=\"has-text-align-center\" data-align=\"center\">Diploma, ou certificado\/declara\u00e7\u00e3o de conclus\u00e3o de P\u00f3s Gradua\u00e7\u00e3o &#8220;stricto sensu&#8221; em n\u00edvel de doutorado,<br \/>acompanhado do hist\u00f3rico do curso, na \u00e1rea espec\u00edfica de atua\u00e7\u00e3o do<br \/>cargo pretendido<\/td><td class=\"has-text-align-center\" data-align=\"center\">3,50<\/td><td class=\"has-text-align-center\" data-align=\"center\">3,50<\/td><\/tr><tr><td class=\"has-text-align-center\" data-align=\"center\">Diploma ou certificado\/declara\u00e7\u00e3o de conclus\u00e3o de P\u00f3s Gradua\u00e7\u00e3o &#8220;stricto sensu&#8221; em n\u00edvel de mestrado,<br \/>acompanhado do hist\u00f3rico do curso, na \u00e1rea espec\u00edfica de atua\u00e7\u00e3o do<br \/>cargo pretendido.<\/td><td class=\"has-text-align-center\" data-align=\"center\">2,50<\/td><td class=\"has-text-align-center\" data-align=\"center\">2,50<\/td><\/tr><tr><td class=\"has-text-align-center\" data-align=\"center\">Diploma ou certificado\/declara\u00e7\u00e3o de conclus\u00e3o de curso de p\u00f3s-gradua\u00e7\u00e3o, \u201clato senso\u201d, em n\u00edvel de especializa\u00e7\u00e3o (incluem os<br \/>cursos designados com MBA), na \u00e1rea espec\u00edfica de atua\u00e7\u00e3o do cargo pretendido, com carga hor\u00e1ria m\u00ednima de 360 horas, acompanhado do<br \/>hist\u00f3rico escolar<\/td><td class=\"has-text-align-center\" data-align=\"center\">0,50<\/td><td class=\"has-text-align-center\" data-align=\"center\">2,00<\/td><\/tr><tr><td class=\"has-text-align-center\" data-align=\"center\">Exerc\u00edcio de atividade profissional de n\u00edvel superior na administra\u00e7\u00e3o<br \/>p\u00fablica ou na iniciativa privada, em empregos\/cargos na \u00e1rea espec\u00edfica<br \/>de atua\u00e7\u00e3o do cargo pretendido<\/td><td class=\"has-text-align-center\" data-align=\"center\">0,25 (por ano)<\/td><td class=\"has-text-align-center\" data-align=\"center\">1,00<\/td><\/tr><tr><td class=\"has-text-align-center\" data-align=\"center\">Publica\u00e7\u00e3o de obras ou artigos em revistas, boletins, peri\u00f3dicos e<br \/>s\u00edtios da internet com not\u00f3rio reconhecimento acad\u00eamico-profissional,<br \/>com os princ\u00edpios e as atribui\u00e7\u00f5es institucionais da Defensoria P\u00fablica<br \/>do Estado, com registro no ISSN.<\/td><td class=\"has-text-align-center\" data-align=\"center\">0,25 (por publica\u00e7\u00e3o)<\/td><td class=\"has-text-align-center\" data-align=\"center\">0,50<\/td><\/tr><tr><td class=\"has-text-align-center\" data-align=\"center\">Aprova\u00e7\u00e3o em Concursos P\u00fablicos na \u00e1rea espec\u00edfica do cargo<br \/>pretendido.<\/td><td class=\"has-text-align-center\" data-align=\"center\">0,25 (por aprova\u00e7\u00e3o)<\/td><td class=\"has-text-align-center\" data-align=\"center\">0,50<\/td><\/tr><tr><td class=\"has-text-align-center\" data-align=\"center\"><strong>TOTAL<\/strong><\/td><td class=\"has-text-align-center\" data-align=\"center\"><\/td><td class=\"has-text-align-center\" data-align=\"center\"><strong>10,00 pontos <\/strong><\/td><\/tr><\/tbody><\/table><figcaption class=\"wp-element-caption\"><strong>Edital DPE PR 2017: Quadro de t\u00edtulos.<\/strong><\/figcaption><\/figure>\n\n\n\n<h2 class=\"wp-block-heading\" id=\"nomeacoes\">Concurso DPE PR: nomea\u00e7\u00f5es <\/h2>\n\n\n\n<p>De acordo com informa\u00e7\u00f5es obtidas junto ao \u00f3rg\u00e3o, no \u00faltimo concurso de servidores da DPE PR, realizado em 2017,  foram nomeados, ao todo, 43 candidatos, sendo as \u00faltimas posi\u00e7\u00f5es convocadas as seguintes: <\/p>\n\n\n\n<figure class=\"wp-block-table is-style-stripes\"><table class=\"has-background has-fixed-layout\" style=\"background-color:#e7f5fe\"><tbody><tr><td class=\"has-text-align-center\" data-align=\"center\"><strong>Cargo <\/strong><\/td><td class=\"has-text-align-center\" data-align=\"center\"><strong>Ampla Concorr\u00eancia<\/strong><\/td><td class=\"has-text-align-center\" data-align=\"center\"><strong>PcD<\/strong><\/td><td class=\"has-text-align-center\" data-align=\"center\"><strong>Cotas Raciais <\/strong><\/td><\/tr><tr><td class=\"has-text-align-center\" data-align=\"center\">T\u00e9cnico em Inform\u00e1tica<\/td><td class=\"has-text-align-center\" data-align=\"center\">17\u00aa<\/td><td class=\"has-text-align-center\" data-align=\"center\">N\/A<\/td><td class=\"has-text-align-center\" data-align=\"center\">N\/A<\/td><\/tr><tr><td class=\"has-text-align-center\" data-align=\"center\">T\u00e9cnico em Recursos Humanos<\/td><td class=\"has-text-align-center\" data-align=\"center\">2\u00aa<\/td><td class=\"has-text-align-center\" data-align=\"center\">N\/A<\/td><td class=\"has-text-align-center\" data-align=\"center\">N\/A<\/td><\/tr><tr><td class=\"has-text-align-center\" data-align=\"center\">T\u00e9cnico em Rede de Computadores<\/td><td class=\"has-text-align-center\" data-align=\"center\">1\u00aa<\/td><td class=\"has-text-align-center\" data-align=\"center\">N\/A<\/td><td class=\"has-text-align-center\" data-align=\"center\">N\/A<\/td><\/tr><tr><td class=\"has-text-align-center\" data-align=\"center\">Administrador<\/td><td class=\"has-text-align-center\" data-align=\"center\">11\u00aa<\/td><td class=\"has-text-align-center\" data-align=\"center\">N\/A<\/td><td class=\"has-text-align-center\" data-align=\"center\">2\u00aa<\/td><\/tr><tr><td class=\"has-text-align-center\" data-align=\"center\">Analista de Inform\u00e1tica<\/td><td class=\"has-text-align-center\" data-align=\"center\">11\u00aa<\/td><td class=\"has-text-align-center\" data-align=\"center\">N\/A<\/td><td class=\"has-text-align-center\" data-align=\"center\">N\/A<\/td><\/tr><tr><td class=\"has-text-align-center\" data-align=\"center\">Contador<\/td><td class=\"has-text-align-center\" data-align=\"center\">12\u00aa<\/td><td class=\"has-text-align-center\" data-align=\"center\">N\/A<\/td><td class=\"has-text-align-center\" data-align=\"center\">N\/A<\/td><\/tr><tr><td class=\"has-text-align-center\" data-align=\"center\">Economista<\/td><td class=\"has-text-align-center\" data-align=\"center\">1\u00aa<\/td><td class=\"has-text-align-center\" data-align=\"center\">N\/A<\/td><td class=\"has-text-align-center\" data-align=\"center\">N\/A<\/td><\/tr><tr><td class=\"has-text-align-center\" data-align=\"center\">Engenheiro Civil<\/td><td class=\"has-text-align-center\" data-align=\"center\">4\u00aa<\/td><td class=\"has-text-align-center\" data-align=\"center\">N\/A<\/td><td class=\"has-text-align-center\" data-align=\"center\">N\/A<\/td><\/tr><tr><td class=\"has-text-align-center\" data-align=\"center\">Estat\u00edstico<\/td><td class=\"has-text-align-center\" data-align=\"center\">5\u00aa<\/td><td class=\"has-text-align-center\" data-align=\"center\">N\/A<\/td><td class=\"has-text-align-center\" data-align=\"center\">N\/A<\/td><\/tr><\/tbody><\/table><figcaption class=\"wp-element-caption\"><strong>Tabela de nomea\u00e7\u00f5es do \u00faltimo concurso <\/strong><\/figcaption><\/figure>\n\n\n\n<h2 class=\"wp-block-heading has-text-align-center\" id=\"h-quer-saber-tudo-sobre-concursos-previstos-confira-nossos-artigos\">Quer saber tudo sobre concursos previstos?<br \/>Confira nossos artigos!<\/h2>\n\n\n\n<ul class=\"wp-block-list\">\n<li><a href=\"https:\/\/www.estrategiaconcursos.com.br\/blog\/concursos-abertos\/\" target=\"_blank\" rel=\"noreferrer noopener\">Concursos abertos<\/a><\/li>\n\n\n\n<li><a href=\"https:\/\/www.estrategiaconcursos.com.br\/blog\/concursos-2023\/\" target=\"_blank\" rel=\"noreferrer noopener\">Concursos 2023<\/a><\/li>\n\n\n\n<li><a href=\"https:\/\/www.estrategiaconcursos.com.br\/blog\/concursos-2024\" target=\"_blank\" rel=\"noreferrer noopener\">Concursos 2024<\/a><\/li>\n<\/ul>\n\n\n\n<h2 class=\"wp-block-heading has-text-align-center\" id=\"cursos-concurso-dpe-pr\"><strong><em>Quer estudar para Concurso DPE PR?<\/em><\/strong><\/h2>\n\n\n\n<p class=\"has-text-align-center\"><em><strong>Gostou desta oportunidade e deseja come\u00e7ar se preparar agora mesmo? Ent\u00e3o, confira os nossos cursos e comece a estudar para o certame DPE PR:<\/strong><\/em><\/p>\n\n\n\n<div class=\"banner-tribunal\" id=\"box-assinatura\">\n        <h3 class=\"titulo-assinatura\">Cursos para DPE-PR<\/h3>\n        <p class=\"subtitulo-assinatura\">Conhe\u00e7a os cursos<\/p>\n        <div class=\"box-botao\">\n          <a class=\"btn-assinatura\" target=\"_blank\" href=\"https:\/\/www.estrategiaconcursos.com.br\/cursosPorConcurso\/dpe-pr\/\" role=\"button\" rel=\"noopener noreferrer\">Conhe\u00e7a mais<\/a>\n        <\/div>\n      <\/div>\n      <p class=\"texto-auxiliar\">Prepare-se com o melhor material e com quem mais aprova em Concursos P\u00fablicos em todo o pa\u00eds.<\/p>\n\n\n\n<div class=\"container\" id=\"boxes\">\n  <div class=\"row\">\n\n    <div class=\"col-sm\">\n      <div class=\"estrategia\" id=\"box-assinatura\">\n        <h3 class=\"titulo-assinatura\">Assinatura Concursos<\/h3>\n        <p class=\"subtitulo-assinatura\">Assinatura de 1 ano ou 2 anos<\/p>\n        <div class=\"box-botao\">\n          <a class=\"btn-assinatura\" target=\"_blank\" href=\"https:\/\/www.estrategiaconcursos.com.br\/assinaturas\/\" role=\"button\" rel=\"noopener noreferrer\">ASSINE AGORA<\/a>\n        <\/div>\n      <\/div>\n     \n    <\/div><\/div><\/div>\n\n\n\n<figure class=\"wp-block-image size-large is-resized\"><img loading=\"lazy\" decoding=\"async\" width=\"1024\" height=\"632\" src=\"https:\/\/dhg1h5j42swfq.cloudfront.net\/2021\/04\/06115410\/ficha-tecnica-73-1024x632.png\" alt=\"\" class=\"wp-image-708406\" style=\"width:165px;height:102px\" srcset=\"https:\/\/dhg1h5j42swfq.cloudfront.net\/2021\/04\/06115410\/ficha-tecnica-73-1024x632.png 1024w, https:\/\/dhg1h5j42swfq.cloudfront.net\/2021\/04\/06115410\/ficha-tecnica-73-300x185.png 300w, https:\/\/dhg1h5j42swfq.cloudfront.net\/2021\/04\/06115410\/ficha-tecnica-73-768x474.png 768w, https:\/\/dhg1h5j42swfq.cloudfront.net\/2021\/04\/06115410\/ficha-tecnica-73-1536x948.png 1536w, https:\/\/dhg1h5j42swfq.cloudfront.net\/2021\/04\/06115410\/ficha-tecnica-73-610x377.png 610w, https:\/\/dhg1h5j42swfq.cloudfront.net\/2021\/04\/06115410\/ficha-tecnica-73.png 1571w\" sizes=\"auto, (max-width: 1024px) 100vw, 1024px\" \/><\/figure>\n\n\n\n<h4 class=\"wp-block-heading\" id=\"ficha-dpe-pr\">Informa\u00e7\u00f5es do concurso DPE PR<\/h4>\n\n\n\n<ul class=\"wp-block-list\">\n<li><strong>Vagas:<\/strong> 10 + 700 CR<\/li>\n\n\n\n<li><strong>Lota\u00e7\u00f5e<\/strong>s: Paran\u00e1 (capital e interior)<\/li>\n\n\n\n<li><strong>Banca<\/strong> Instituto Consulplan<\/li>\n\n\n\n<li><strong>Escolaridade:<\/strong> N\u00edveis m\u00e9dio e superior<\/li>\n\n\n\n<li><strong>Edital<\/strong>: <strong><a href=\"https:\/\/dhg1h5j42swfq.cloudfront.net\/2023\/10\/04071209\/edital-dpe-pr-1.pdf\" target=\"_blank\" rel=\"noreferrer noopener nofollow\">DPE PR 2023<\/a><\/strong><\/li>\n<\/ul>\n\n\n\n<h4 class=\"wp-block-heading\" id=\"ficha\"><strong>\u00daltimos editais<\/strong> DPE PR <\/h4>\n\n\n\n<p>\u25ba<strong>Edital DPE PR 2012<\/strong>:&nbsp;<a href=\"https:\/\/dhg1h5j42swfq.cloudfront.net\/2019\/10\/03125216\/Edital_N_007_2012__Termo_de_Abertura_Quadro_Geral.pdf\" target=\"_blank\" rel=\"noreferrer noopener\">Edital Quadro de Pessoal<\/a> |<a href=\"https:\/\/dhg1h5j42swfq.cloudfront.net\/2019\/10\/03122317\/Edital-DPE-PR-2012-Assessor-Jur%C3%ADdico.pdf\" target=\"_blank\" rel=\"noreferrer noopener\">Edital Assessor Jur\u00eddico<\/a> <br \/>\u25ba<strong>Edital<\/strong> <strong>DPE PR 2017<\/strong>: <a href=\"https:\/\/dhg1h5j42swfq.cloudfront.net\/2020\/06\/17145046\/Edital-2.pdf\" target=\"_blank\" rel=\"noreferrer noopener\">Edital Quadro de Pessoal<\/a><\/p>\n","protected":false},"excerpt":{"rendered":"<p>Edital ofertou vagas de n\u00edvel m\u00e9dio e superior Candidatos ao concurso DPE PR (Defensoria P\u00fablica do Estado do Paran\u00e1) j\u00e1 podem consultar aos resultados definitivos da prova objetiva! O edital ofertou 10 vagas imediatas e 700 em cadastro de reserva, distribu\u00eddas entre os cargos de T\u00e9cnico e Analista da Defensoria. As oportunidades s\u00e3o de n\u00edveis [&hellip;]<\/p>\n","protected":false},"author":1,"featured_media":698747,"comment_status":"open","ping_status":"open","sticky":false,"template":"","format":"standard","meta":{"post_tipo":"news_page","footnotes":""},"categories":[1984],"tags":[2440,2287],"tax_estado":[219981],"class_list":["post-63639","post","type-post","status-publish","format-standard","has-post-thumbnail","hentry","category-tribunais","tag-defensoria-publica-do-pr","tag-defensoria-pr","tax_estado-pr"],"acf":[],"yoast_head":"<!-- This site is optimized with the Yoast SEO Premium plugin v27.2 (Yoast SEO v27.2) - https:\/\/yoast.com\/product\/yoast-seo-premium-wordpress\/ -->\n<title>Concurso DPE PR: resultados dispon\u00edveis!<\/title>\n<meta name=\"description\" content=\"Concurso DPE PR: edital publicado com vagas para cargos de n\u00edveis m\u00e9dio e superior; iniciais de at\u00e9 R$ 6,3 mil. Confira!\" \/>\n<meta name=\"robots\" content=\"index, follow, max-snippet:-1, max-image-preview:large, max-video-preview:-1\" \/>\n<link rel=\"canonical\" href=\"https:\/\/www.estrategiaconcursos.com.br\/blog\/concurso-dpe-pr\/\" \/>\n<meta property=\"og:locale\" content=\"pt_BR\" \/>\n<meta property=\"og:type\" content=\"article\" \/>\n<meta property=\"og:title\" content=\"Concurso DPE PR: resultados dispon\u00edveis!\" \/>\n<meta property=\"og:description\" content=\"Concurso DPE PR: edital publicado com vagas para cargos de n\u00edveis m\u00e9dio e superior; iniciais de at\u00e9 R$ 6,3 mil. Confira!\" \/>\n<meta property=\"og:url\" content=\"https:\/\/www.estrategiaconcursos.com.br\/blog\/concurso-dpe-pr\/\" \/>\n<meta property=\"og:site_name\" content=\"Estrat\u00e9gia Concursos\" \/>\n<meta property=\"article:author\" content=\"https:\/\/www.facebook.com\/EstrategiaConcursos\" \/>\n<meta property=\"article:published_time\" content=\"2024-02-23T13:40:00+00:00\" \/>\n<meta property=\"article:modified_time\" content=\"2024-02-23T13:44:49+00:00\" \/>\n<meta property=\"og:image\" content=\"https:\/\/dhg1h5j42swfq.cloudfront.net\/2021\/02\/22173854\/dpe-pr.jpg\" \/>\n\t<meta property=\"og:image:width\" content=\"1200\" \/>\n\t<meta property=\"og:image:height\" content=\"628\" \/>\n\t<meta property=\"og:image:type\" content=\"image\/jpeg\" \/>\n<meta name=\"author\" content=\"Coordena\u00e7\u00e3o\" \/>\n<meta name=\"twitter:card\" content=\"summary_large_image\" \/>\n<meta name=\"twitter:creator\" content=\"@EstratConcursos\" \/>\n<meta name=\"twitter:site\" content=\"@EstratConcursos\" \/>\n<meta name=\"twitter:label1\" content=\"Escrito por\" \/>\n\t<meta name=\"twitter:data1\" content=\"Coordena\u00e7\u00e3o\" \/>\n\t<meta name=\"twitter:label2\" content=\"Est. tempo de leitura\" \/>\n\t<meta name=\"twitter:data2\" content=\"9 minutos\" \/>\n<script type=\"application\/ld+json\" class=\"yoast-schema-graph\">{\"@context\":\"https:\/\/schema.org\",\"@graph\":[{\"@type\":\"NewsArticle\",\"@id\":\"https:\/\/www.estrategiaconcursos.com.br\/blog\/concurso-dpe-pr\/#article\",\"isPartOf\":{\"@id\":\"https:\/\/www.estrategiaconcursos.com.br\/blog\/concurso-dpe-pr\/\"},\"author\":{\"name\":\"Coordena\u00e7\u00e3o\",\"@id\":\"https:\/\/www.estrategiaconcursos.com.br\/blog\/#\/schema\/person\/b4a388c97673c5f483d72185668afa1f\"},\"headline\":\"Concurso DPE PR: resultados dispon\u00edveis!\",\"datePublished\":\"2024-02-23T13:40:00+00:00\",\"dateModified\":\"2024-02-23T13:44:49+00:00\",\"mainEntityOfPage\":{\"@id\":\"https:\/\/www.estrategiaconcursos.com.br\/blog\/concurso-dpe-pr\/\"},\"wordCount\":2414,\"commentCount\":1,\"publisher\":{\"@id\":\"https:\/\/www.estrategiaconcursos.com.br\/blog\/#organization\"},\"image\":{\"@id\":\"https:\/\/www.estrategiaconcursos.com.br\/blog\/concurso-dpe-pr\/#primaryimage\"},\"thumbnailUrl\":\"https:\/\/dhg1h5j42swfq.cloudfront.net\/2021\/02\/22173854\/dpe-pr.jpg\",\"keywords\":[\"Defensoria P\u00fablica do PR\",\"Defensoria-PR\"],\"articleSection\":[\"Tribunais\"],\"inLanguage\":\"pt-BR\",\"potentialAction\":[{\"@type\":\"CommentAction\",\"name\":\"Comment\",\"target\":[\"https:\/\/www.estrategiaconcursos.com.br\/blog\/concurso-dpe-pr\/#respond\"]}],\"copyrightYear\":\"2024\",\"copyrightHolder\":{\"@id\":\"https:\/\/www.estrategiaconcursos.com.br\/blog\/#organization\"}},{\"@type\":\"WebPage\",\"@id\":\"https:\/\/www.estrategiaconcursos.com.br\/blog\/concurso-dpe-pr\/\",\"url\":\"https:\/\/www.estrategiaconcursos.com.br\/blog\/concurso-dpe-pr\/\",\"name\":\"Concurso DPE PR: resultados dispon\u00edveis!\",\"isPartOf\":{\"@id\":\"https:\/\/www.estrategiaconcursos.com.br\/blog\/#website\"},\"primaryImageOfPage\":{\"@id\":\"https:\/\/www.estrategiaconcursos.com.br\/blog\/concurso-dpe-pr\/#primaryimage\"},\"image\":{\"@id\":\"https:\/\/www.estrategiaconcursos.com.br\/blog\/concurso-dpe-pr\/#primaryimage\"},\"thumbnailUrl\":\"https:\/\/dhg1h5j42swfq.cloudfront.net\/2021\/02\/22173854\/dpe-pr.jpg\",\"datePublished\":\"2024-02-23T13:40:00+00:00\",\"dateModified\":\"2024-02-23T13:44:49+00:00\",\"description\":\"Concurso DPE PR: edital publicado com vagas para cargos de n\u00edveis m\u00e9dio e superior; iniciais de at\u00e9 R$ 6,3 mil. Confira!\",\"breadcrumb\":{\"@id\":\"https:\/\/www.estrategiaconcursos.com.br\/blog\/concurso-dpe-pr\/#breadcrumb\"},\"inLanguage\":\"pt-BR\",\"potentialAction\":[{\"@type\":\"ReadAction\",\"target\":[\"https:\/\/www.estrategiaconcursos.com.br\/blog\/concurso-dpe-pr\/\"]}]},{\"@type\":\"ImageObject\",\"inLanguage\":\"pt-BR\",\"@id\":\"https:\/\/www.estrategiaconcursos.com.br\/blog\/concurso-dpe-pr\/#primaryimage\",\"url\":\"https:\/\/dhg1h5j42swfq.cloudfront.net\/2021\/02\/22173854\/dpe-pr.jpg\",\"contentUrl\":\"https:\/\/dhg1h5j42swfq.cloudfront.net\/2021\/02\/22173854\/dpe-pr.jpg\",\"width\":1200,\"height\":628,\"caption\":\"Concurso DPE PR\"},{\"@type\":\"BreadcrumbList\",\"@id\":\"https:\/\/www.estrategiaconcursos.com.br\/blog\/concurso-dpe-pr\/#breadcrumb\",\"itemListElement\":[{\"@type\":\"ListItem\",\"position\":1,\"name\":\"In\u00edcio\",\"item\":\"https:\/\/www.estrategiaconcursos.com.br\/blog\/\"},{\"@type\":\"ListItem\",\"position\":2,\"name\":\"Concurso DPE PR: resultados dispon\u00edveis!\"}]},{\"@type\":\"WebSite\",\"@id\":\"https:\/\/www.estrategiaconcursos.com.br\/blog\/#website\",\"url\":\"https:\/\/www.estrategiaconcursos.com.br\/blog\/\",\"name\":\"Estrat\u00e9gia Concursos\",\"description\":\"O blog da Estrat\u00e9gia Concursos traz not\u00edcias sobre concursos e artigos de professores oferecendo cursos para concursos (pdf + videaulas) no site.\",\"publisher\":{\"@id\":\"https:\/\/www.estrategiaconcursos.com.br\/blog\/#organization\"},\"potentialAction\":[{\"@type\":\"SearchAction\",\"target\":{\"@type\":\"EntryPoint\",\"urlTemplate\":\"https:\/\/www.estrategiaconcursos.com.br\/blog\/?s={search_term_string}\"},\"query-input\":{\"@type\":\"PropertyValueSpecification\",\"valueRequired\":true,\"valueName\":\"search_term_string\"}}],\"inLanguage\":\"pt-BR\"},{\"@type\":\"Organization\",\"@id\":\"https:\/\/www.estrategiaconcursos.com.br\/blog\/#organization\",\"name\":\"Estrat\u00e9gia Concursos\",\"url\":\"https:\/\/www.estrategiaconcursos.com.br\/blog\/\",\"logo\":{\"@type\":\"ImageObject\",\"inLanguage\":\"pt-BR\",\"@id\":\"https:\/\/www.estrategiaconcursos.com.br\/blog\/#\/schema\/logo\/image\/\",\"url\":\"https:\/\/dhg1h5j42swfq.cloudfront.net\/2025\/06\/03203428\/logo_concursos-1.jpg\",\"contentUrl\":\"https:\/\/dhg1h5j42swfq.cloudfront.net\/2025\/06\/03203428\/logo_concursos-1.jpg\",\"width\":230,\"height\":60,\"caption\":\"Estrat\u00e9gia Concursos\"},\"image\":{\"@id\":\"https:\/\/www.estrategiaconcursos.com.br\/blog\/#\/schema\/logo\/image\/\"},\"sameAs\":[\"https:\/\/x.com\/EstratConcursos\"]},{\"@type\":\"Person\",\"@id\":\"https:\/\/www.estrategiaconcursos.com.br\/blog\/#\/schema\/person\/b4a388c97673c5f483d72185668afa1f\",\"name\":\"Coordena\u00e7\u00e3o\",\"image\":{\"@type\":\"ImageObject\",\"inLanguage\":\"pt-BR\",\"@id\":\"https:\/\/secure.gravatar.com\/avatar\/b720319e4c9a967eb58678d110f4fe35452fc5d5f97b202bac7b8acceb18c6ad?s=96&d=mm&r=g\",\"url\":\"https:\/\/secure.gravatar.com\/avatar\/b720319e4c9a967eb58678d110f4fe35452fc5d5f97b202bac7b8acceb18c6ad?s=96&d=mm&r=g\",\"contentUrl\":\"https:\/\/secure.gravatar.com\/avatar\/b720319e4c9a967eb58678d110f4fe35452fc5d5f97b202bac7b8acceb18c6ad?s=96&d=mm&r=g\",\"caption\":\"Coordena\u00e7\u00e3o\"},\"sameAs\":[\"https:\/\/www.facebook.com\/EstrategiaConcursos\",\"https:\/\/x.com\/EstratConcursos\"],\"url\":\"https:\/\/www.estrategiaconcursos.com.br\/blog\/author\/estrategia2013\/\"}]}<\/script>\n<!-- \/ Yoast SEO Premium plugin. -->","yoast_head_json":{"title":"Concurso DPE PR: resultados dispon\u00edveis!","description":"Concurso DPE PR: edital publicado com vagas para cargos de n\u00edveis m\u00e9dio e superior; iniciais de at\u00e9 R$ 6,3 mil. Confira!","robots":{"index":"index","follow":"follow","max-snippet":"max-snippet:-1","max-image-preview":"max-image-preview:large","max-video-preview":"max-video-preview:-1"},"canonical":"https:\/\/www.estrategiaconcursos.com.br\/blog\/concurso-dpe-pr\/","og_locale":"pt_BR","og_type":"article","og_title":"Concurso DPE PR: resultados dispon\u00edveis!","og_description":"Concurso DPE PR: edital publicado com vagas para cargos de n\u00edveis m\u00e9dio e superior; iniciais de at\u00e9 R$ 6,3 mil. Confira!","og_url":"https:\/\/www.estrategiaconcursos.com.br\/blog\/concurso-dpe-pr\/","og_site_name":"Estrat\u00e9gia Concursos","article_author":"https:\/\/www.facebook.com\/EstrategiaConcursos","article_published_time":"2024-02-23T13:40:00+00:00","article_modified_time":"2024-02-23T13:44:49+00:00","og_image":[{"width":1200,"height":628,"url":"https:\/\/dhg1h5j42swfq.cloudfront.net\/2021\/02\/22173854\/dpe-pr.jpg","type":"image\/jpeg"}],"author":"Coordena\u00e7\u00e3o","twitter_card":"summary_large_image","twitter_creator":"@EstratConcursos","twitter_site":"@EstratConcursos","twitter_misc":{"Escrito por":"Coordena\u00e7\u00e3o","Est. tempo de leitura":"9 minutos"},"schema":{"@context":"https:\/\/schema.org","@graph":[{"@type":"NewsArticle","@id":"https:\/\/www.estrategiaconcursos.com.br\/blog\/concurso-dpe-pr\/#article","isPartOf":{"@id":"https:\/\/www.estrategiaconcursos.com.br\/blog\/concurso-dpe-pr\/"},"author":{"name":"Coordena\u00e7\u00e3o","@id":"https:\/\/www.estrategiaconcursos.com.br\/blog\/#\/schema\/person\/b4a388c97673c5f483d72185668afa1f"},"headline":"Concurso DPE PR: resultados dispon\u00edveis!","datePublished":"2024-02-23T13:40:00+00:00","dateModified":"2024-02-23T13:44:49+00:00","mainEntityOfPage":{"@id":"https:\/\/www.estrategiaconcursos.com.br\/blog\/concurso-dpe-pr\/"},"wordCount":2414,"commentCount":1,"publisher":{"@id":"https:\/\/www.estrategiaconcursos.com.br\/blog\/#organization"},"image":{"@id":"https:\/\/www.estrategiaconcursos.com.br\/blog\/concurso-dpe-pr\/#primaryimage"},"thumbnailUrl":"https:\/\/dhg1h5j42swfq.cloudfront.net\/2021\/02\/22173854\/dpe-pr.jpg","keywords":["Defensoria P\u00fablica do PR","Defensoria-PR"],"articleSection":["Tribunais"],"inLanguage":"pt-BR","potentialAction":[{"@type":"CommentAction","name":"Comment","target":["https:\/\/www.estrategiaconcursos.com.br\/blog\/concurso-dpe-pr\/#respond"]}],"copyrightYear":"2024","copyrightHolder":{"@id":"https:\/\/www.estrategiaconcursos.com.br\/blog\/#organization"}},{"@type":"WebPage","@id":"https:\/\/www.estrategiaconcursos.com.br\/blog\/concurso-dpe-pr\/","url":"https:\/\/www.estrategiaconcursos.com.br\/blog\/concurso-dpe-pr\/","name":"Concurso DPE PR: resultados dispon\u00edveis!","isPartOf":{"@id":"https:\/\/www.estrategiaconcursos.com.br\/blog\/#website"},"primaryImageOfPage":{"@id":"https:\/\/www.estrategiaconcursos.com.br\/blog\/concurso-dpe-pr\/#primaryimage"},"image":{"@id":"https:\/\/www.estrategiaconcursos.com.br\/blog\/concurso-dpe-pr\/#primaryimage"},"thumbnailUrl":"https:\/\/dhg1h5j42swfq.cloudfront.net\/2021\/02\/22173854\/dpe-pr.jpg","datePublished":"2024-02-23T13:40:00+00:00","dateModified":"2024-02-23T13:44:49+00:00","description":"Concurso DPE PR: edital publicado com vagas para cargos de n\u00edveis m\u00e9dio e superior; iniciais de at\u00e9 R$ 6,3 mil. Confira!","breadcrumb":{"@id":"https:\/\/www.estrategiaconcursos.com.br\/blog\/concurso-dpe-pr\/#breadcrumb"},"inLanguage":"pt-BR","potentialAction":[{"@type":"ReadAction","target":["https:\/\/www.estrategiaconcursos.com.br\/blog\/concurso-dpe-pr\/"]}]},{"@type":"ImageObject","inLanguage":"pt-BR","@id":"https:\/\/www.estrategiaconcursos.com.br\/blog\/concurso-dpe-pr\/#primaryimage","url":"https:\/\/dhg1h5j42swfq.cloudfront.net\/2021\/02\/22173854\/dpe-pr.jpg","contentUrl":"https:\/\/dhg1h5j42swfq.cloudfront.net\/2021\/02\/22173854\/dpe-pr.jpg","width":1200,"height":628,"caption":"Concurso DPE PR"},{"@type":"BreadcrumbList","@id":"https:\/\/www.estrategiaconcursos.com.br\/blog\/concurso-dpe-pr\/#breadcrumb","itemListElement":[{"@type":"ListItem","position":1,"name":"In\u00edcio","item":"https:\/\/www.estrategiaconcursos.com.br\/blog\/"},{"@type":"ListItem","position":2,"name":"Concurso DPE PR: resultados dispon\u00edveis!"}]},{"@type":"WebSite","@id":"https:\/\/www.estrategiaconcursos.com.br\/blog\/#website","url":"https:\/\/www.estrategiaconcursos.com.br\/blog\/","name":"Estrat\u00e9gia Concursos","description":"O blog da Estrat\u00e9gia Concursos traz not\u00edcias sobre concursos e artigos de professores oferecendo cursos para concursos (pdf + videaulas) no site.","publisher":{"@id":"https:\/\/www.estrategiaconcursos.com.br\/blog\/#organization"},"potentialAction":[{"@type":"SearchAction","target":{"@type":"EntryPoint","urlTemplate":"https:\/\/www.estrategiaconcursos.com.br\/blog\/?s={search_term_string}"},"query-input":{"@type":"PropertyValueSpecification","valueRequired":true,"valueName":"search_term_string"}}],"inLanguage":"pt-BR"},{"@type":"Organization","@id":"https:\/\/www.estrategiaconcursos.com.br\/blog\/#organization","name":"Estrat\u00e9gia Concursos","url":"https:\/\/www.estrategiaconcursos.com.br\/blog\/","logo":{"@type":"ImageObject","inLanguage":"pt-BR","@id":"https:\/\/www.estrategiaconcursos.com.br\/blog\/#\/schema\/logo\/image\/","url":"https:\/\/dhg1h5j42swfq.cloudfront.net\/2025\/06\/03203428\/logo_concursos-1.jpg","contentUrl":"https:\/\/dhg1h5j42swfq.cloudfront.net\/2025\/06\/03203428\/logo_concursos-1.jpg","width":230,"height":60,"caption":"Estrat\u00e9gia Concursos"},"image":{"@id":"https:\/\/www.estrategiaconcursos.com.br\/blog\/#\/schema\/logo\/image\/"},"sameAs":["https:\/\/x.com\/EstratConcursos"]},{"@type":"Person","@id":"https:\/\/www.estrategiaconcursos.com.br\/blog\/#\/schema\/person\/b4a388c97673c5f483d72185668afa1f","name":"Coordena\u00e7\u00e3o","image":{"@type":"ImageObject","inLanguage":"pt-BR","@id":"https:\/\/secure.gravatar.com\/avatar\/b720319e4c9a967eb58678d110f4fe35452fc5d5f97b202bac7b8acceb18c6ad?s=96&d=mm&r=g","url":"https:\/\/secure.gravatar.com\/avatar\/b720319e4c9a967eb58678d110f4fe35452fc5d5f97b202bac7b8acceb18c6ad?s=96&d=mm&r=g","contentUrl":"https:\/\/secure.gravatar.com\/avatar\/b720319e4c9a967eb58678d110f4fe35452fc5d5f97b202bac7b8acceb18c6ad?s=96&d=mm&r=g","caption":"Coordena\u00e7\u00e3o"},"sameAs":["https:\/\/www.facebook.com\/EstrategiaConcursos","https:\/\/x.com\/EstratConcursos"],"url":"https:\/\/www.estrategiaconcursos.com.br\/blog\/author\/estrategia2013\/"}]}},"_links":{"self":[{"href":"https:\/\/www.estrategiaconcursos.com.br\/blog\/wp-json\/wp\/v2\/posts\/63639","targetHints":{"allow":["GET"]}}],"collection":[{"href":"https:\/\/www.estrategiaconcursos.com.br\/blog\/wp-json\/wp\/v2\/posts"}],"about":[{"href":"https:\/\/www.estrategiaconcursos.com.br\/blog\/wp-json\/wp\/v2\/types\/post"}],"author":[{"embeddable":true,"href":"https:\/\/www.estrategiaconcursos.com.br\/blog\/wp-json\/wp\/v2\/users\/1"}],"replies":[{"embeddable":true,"href":"https:\/\/www.estrategiaconcursos.com.br\/blog\/wp-json\/wp\/v2\/comments?post=63639"}],"version-history":[{"count":195,"href":"https:\/\/www.estrategiaconcursos.com.br\/blog\/wp-json\/wp\/v2\/posts\/63639\/revisions"}],"predecessor-version":[{"id":1357633,"href":"https:\/\/www.estrategiaconcursos.com.br\/blog\/wp-json\/wp\/v2\/posts\/63639\/revisions\/1357633"}],"wp:featuredmedia":[{"embeddable":true,"href":"https:\/\/www.estrategiaconcursos.com.br\/blog\/wp-json\/wp\/v2\/media\/698747"}],"wp:attachment":[{"href":"https:\/\/www.estrategiaconcursos.com.br\/blog\/wp-json\/wp\/v2\/media?parent=63639"}],"wp:term":[{"taxonomy":"category","embeddable":true,"href":"https:\/\/www.estrategiaconcursos.com.br\/blog\/wp-json\/wp\/v2\/categories?post=63639"},{"taxonomy":"post_tag","embeddable":true,"href":"https:\/\/www.estrategiaconcursos.com.br\/blog\/wp-json\/wp\/v2\/tags?post=63639"},{"taxonomy":"tax_estado","embeddable":true,"href":"https:\/\/www.estrategiaconcursos.com.br\/blog\/wp-json\/wp\/v2\/tax_estado?post=63639"}],"curies":[{"name":"wp","href":"https:\/\/api.w.org\/{rel}","templated":true}]}}