{"id":63500,"date":"2017-02-02T08:00:57","date_gmt":"2017-02-02T11:00:57","guid":{"rendered":"https:\/\/www.estrategiaconcursos.com.br\/blog\/?p=63500"},"modified":"2017-02-02T08:02:27","modified_gmt":"2017-02-02T11:02:27","slug":"musica-ambiente","status":"publish","type":"post","link":"https:\/\/www.estrategiaconcursos.com.br\/blog\/musica-ambiente\/","title":{"rendered":"M\u00fasica Ambiente"},"content":{"rendered":"<p style=\"text-align: justify\">\n\t<span style=\"font-size:14px\"><span style=\"font-family:verdana,geneva,sans-serif\">J&aacute; tentou pensar em nada? Quando eu era crian&ccedil;a, eu tentava fazer isso (criancinha estranha, concordo). Ficava curiosa sobre o que seria o tal &ldquo;nada&rdquo;. Acabava pensando em um local todo branco ou todo preto. E tamb&eacute;m pensava que isso era alguma coisa, um local, uma cor. Pensava &ndash; portanto &ndash; que tinha perdido a brincadeira. Pensava, pensava, pensava. E olha que o plano era pensar em NADA.&nbsp;<span style=\"color:#0000CD\"><strong>Conclus&atilde;o: a nossa mente n&atilde;o para, por mais que a gente tente.<\/strong><\/span><\/span><\/span>\n<\/p>\n<p style=\"text-align: justify\">\n\t&nbsp;\n<\/p>\n<p style=\"text-align: justify\">\n\t<span style=\"font-size:14px\"><span style=\"font-family:verdana,geneva,sans-serif\"><strong><span style=\"color:#0000CD\">Sabia que voc&ecirc; fala para si mesmo de 300 a 1000 palavras POR MINUTO?&nbsp;<\/span><\/strong>Fiquei besta quando vi que o n&uacute;mero era t&atilde;o alto. De posse dessa informa&ccedil;&atilde;o, &eacute; imposs&iacute;vel n&atilde;o querer saber:&nbsp;<span style=\"color:#0000CD\"><strong>O que voc&ecirc; diz a si mesmo?&nbsp;<\/strong><\/span>Aposto que n&atilde;o faz ideia da metade! Nossa mente corre no &ldquo;piloto autom&aacute;tico&rdquo; desde que nascemos. Para n&atilde;o ficarmos exaustos tentando interagir com o mundo e seus milhares de est&iacute;mulos e conversar conosco ao mesmo tempo, aprendemos a deixar o<span style=\"color:#0000CD\"><strong>&nbsp;DI&Aacute;LOGO INTERNO<\/strong><\/span>&nbsp;ser algo como uma m&uacute;sica ambiente: ela est&aacute; ali e voc&ecirc; sabe, mas est&aacute; t&atilde;o baixinha que voc&ecirc; n&atilde;o consegue entender a letra.<\/span><\/span>\n<\/p>\n<p style=\"text-align: justify\">\n\t&nbsp;\n<\/p>\n<p style=\"text-align: justify\">\n\t<span style=\"font-size:14px\"><span style=\"font-family:verdana,geneva,sans-serif\"><span style=\"color:#0000CD\"><strong>Puxe a&iacute; na mem&oacute;ria o que voc&ecirc; pensava de si quando era crian&ccedil;a.&nbsp;<\/strong><\/span>Eu me achava o m&aacute;ximo dos m&aacute;ximos, disso eu lembro bem. Primeiro que eu me achava imortal. N&atilde;o conseguia ver perigo em nada. Os pequenos nunca v&ecirc;. Tamb&eacute;m gostava de imaginar o que seria quando crescesse, como seria a minha vida&#8230; Crian&ccedil;a n&atilde;o coloca limite nessas coisas n&atilde;o! Pergunte a uma o que ela vai ser quando crescer. Nenhuma vai te responder algo chato, um trabalho s&oacute; para pagar as contas. Sempre vai ser algo legal. Ressalto que o conceito de legal para crian&ccedil;a &eacute; diferente do adulto. Sei de uma garotinha que falava que queria ser gari. Isso porque para ela o gari tem uma vida maneira demais. Eles est&atilde;o sempre correndo atr&aacute;s de um caminh&atilde;o com os amigos, t&ecirc;m permiss&atilde;o para subir no caminh&atilde;o e est&atilde;o sempre brincando e cantando. N&atilde;o d&aacute; para ficar melhor do que isso! Outros querem ser jogador de futebol (ainda que joguem super mal) e outros querem ser cantores (ainda que a voz n&atilde;o ajude nem um pouco).&nbsp;<strong><span style=\"color:#0000CD\">De onde vem tanta autoestima?<\/span><\/strong><\/span><\/span>\n<\/p>\n<p style=\"text-align: justify\">\n\t&nbsp;\n<\/p>\n<p style=\"text-align: justify\">\n\t<span style=\"font-size:14px\"><span style=\"font-family:verdana,geneva,sans-serif\"><span style=\"color:#0000CD\"><strong>Quando a gente fica adulto, perde isso.<\/strong><\/span> &Eacute; imposs&iacute;vel n&atilde;o perder pelo menos um pouco.&nbsp;As teses que criamos quando crian&ccedil;as acabam se provando, pelo menos em parte, erradas. Depois que me machuquei em algumas brincadeiras, os perigos ficaram mais evidentes. J&aacute; n&atilde;o me julgo imortal..rs. Tamb&eacute;m n&atilde;o acho que vou ser cantora ou modelo internacional.&nbsp;<span style=\"color:#0000CD\"><strong>Quer ver outra coisa que a gente aprende enquanto cresce? Que a gente n&atilde;o &eacute; especial.<\/strong><\/span>&nbsp;Desculpa gente, n&atilde;o &eacute; n&atilde;o.&nbsp;<span style=\"color:#0000CD\"><strong>Pelo menos n&atilde;o mais do que as outras pessoas.&nbsp;<\/strong><\/span>Quem tem irm&atilde;o a&iacute; vai lembrar. Eu tenho 2 irm&atilde;os mais novos. Fui o primeiro beb&ecirc; da fam&iacute;lia depois de uma longa temporada sem crian&ccedil;as. Eu era o centro das aten&ccedil;&otilde;es. Depois vieram os irm&atilde;os, primos&#8230; e eu vi que as coisas haviam mudado. Aprendi a dividir, inclusive os holofotes.<\/span><\/span>\n<\/p>\n<p style=\"text-align: justify\">\n\t&nbsp;\n<\/p>\n<p style=\"text-align: justify\">\n\t<span style=\"font-size:14px\"><span style=\"font-family:verdana,geneva,sans-serif\"><span style=\"color:#0000CD\"><strong>Para sermos adultos mais ou menos equilibrados, precisamos abrir m&atilde;o de algumas cren&ccedil;as da inf&acirc;ncia.&nbsp;<\/strong><\/span>N&atilde;o d&aacute; para crescer achando que somos imortais ou especiais. O mundo seria um caos se todos os adultos fossem assim (alguns s&atilde;o, e repare no problema que costumam causar!).<\/span><\/span>\n<\/p>\n<p style=\"text-align: justify\">\n\t&nbsp;\n<\/p>\n<p style=\"text-align: justify\">\n\t<span style=\"font-size:14px\"><span style=\"font-family:verdana,geneva,sans-serif\"><span style=\"color:#0000CD\"><strong>Se um pouco do lado crian&ccedil;a da gente se perde para nosso pr&oacute;prio bem, outro se perde e n&oacute;s faz uma falta enorme: o di&aacute;logo interno altamente positivo!&nbsp;<\/strong><\/span>Depois de alguns desapontamentos, criamos uma prote&ccedil;&atilde;o. Aprendemos a n&atilde;o criar muito expectativa para evitar o gosto amargo da decep&ccedil;&atilde;o. Parece ser o mais prudente a se fazer. Mas &ndash; na verdade &ndash; &eacute; o mais covarde e prejudicial. Para n&atilde;o criar expectativa, por exemplo, sobre sua aprova&ccedil;&atilde;o, ter&aacute; que dizer a si mesmo que n&atilde;o &eacute; t&atilde;o bom assim, t&atilde;o disciplinado, t&atilde;o estudioso, t&atilde;o capaz. Ter&aacute; que &ndash; antes da prova &ndash; dizer a si mesmo v&aacute;rias e v&aacute;rias vezes que reprovar&aacute;. Mesmo que diga algumas vezes coisas positivas e que vai passar, para realmente se preparar emocionalmente para o baque de uma reprova&ccedil;&atilde;o, ter&aacute; que falar muito mais frequentemente sobre reprovar.&nbsp;<span style=\"color:#0000CD\"><strong>Acha mesmo que isso n&atilde;o vai afetar suas chances?<\/strong><\/span><\/span><\/span>\n<\/p>\n<p style=\"text-align: justify\">\n\t&nbsp;\n<\/p>\n<p style=\"text-align: justify\">\n\t<span style=\"font-size:14px\"><span style=\"font-family:verdana,geneva,sans-serif\"><span style=\"color:#0000CD\"><strong>Toda reprova&ccedil;&atilde;o d&oacute;i.&nbsp;<\/strong><\/span>Seja ela no concurso, seja a reprova&ccedil;&atilde;o que sentimos em pessoas queridas e at&eacute; em estranhos. J&aacute; foi a algum lugar sem estar vestido de acordo? Entre em um restaurante chique de bermuda e chinelo. Os olhares &ndash; mesmo que ningu&eacute;m diga uma s&oacute; palavra &ndash; podem ser bem desconfort&aacute;veis.&nbsp;<span style=\"color:#0000CD\"><strong>N&atilde;o d&aacute; para se preparar emocionalmente de modo a evitar a dor da reprova&ccedil;&atilde;o, ou qualquer dor.&nbsp;<\/strong><\/span>Isso &eacute; lenda! J&aacute; terminou um namoro que estava ruim e &ndash; mesmo com a certeza da decis&atilde;o e uma certa sensa&ccedil;&atilde;o de al&iacute;vio &ndash; ficou completamente arrasado depois? Voc&ecirc; se preparou para o fim. Sabia que era inevit&aacute;vel h&aacute; meses (talvez at&eacute; anos). Falou sobre isso com si mesmo incont&aacute;veis vezes. Mesmo assim, doeu uma barbaridade. Quer outro exemplo para corroborar a minha tese? J&aacute; fez concurso para o qual n&atilde;o estudou nada? Pois bem. Se n&atilde;o estudou, n&atilde;o poderia pensar em aprova&ccedil;&atilde;o, certo? Beleza. O problema &eacute; que &ndash; misteriosamente &ndash; voc&ecirc; se sentiu um lixo quando viu que n&atilde;o passou. Adiantou saber de antem&atilde;o que n&atilde;o tinha chances??? Enfim, o que quero dizer &eacute; que n&atilde;o d&aacute; para n&atilde;o sofrer.&nbsp;<span style=\"color:#0000CD\"><strong>Sentir coisas desagrad&aacute;veis &eacute; parte da vida. N&atilde;o d&aacute; para correr disso ou se preparar para isso. Ent&atilde;o, nem tente.<\/strong><\/span><\/span><\/span>\n<\/p>\n<p style=\"text-align: justify\">\n\t&nbsp;\n<\/p>\n<p style=\"text-align: justify\">\n\t<span style=\"font-size:14px\"><span style=\"font-family:verdana,geneva,sans-serif\"><span style=\"color:#0000CD\"><strong>A natureza &eacute; s&aacute;bia. As frutas possuem casca. Ela serve para preservar o interior.&nbsp;<\/strong><\/span>Quando a gente &eacute; crian&ccedil;a, &eacute; como uma fruta sem casca. A melhor parte est&aacute; &agrave; vista. Mas a melhor parte &eacute; a mais sens&iacute;vel. Se as frutas n&atilde;o tivessem casca, se estragariam muito r&aacute;pido. Quando a gente fica adulto, percebe que ficar sem casca &eacute; complicado. A gente pode se machucar muito. Precisamos de prote&ccedil;&atilde;o. Disso eu n&atilde;o discordo! N&atilde;o podemos nos colocar em situa&ccedil;&otilde;es emocionais mega vulner&aacute;veis o tempo todo. O estrago emocional poderia ser enorme!&nbsp;<span style=\"color:#0000CD\"><strong>Mas o que vejo muita gente fazendo n&atilde;o &eacute; criando a casca e sim estragando logo o interior!!!<\/strong><\/span>&ldquo;Vou estragar o interior logo, j&aacute; que ele pode um dia se estragar por acontecimentos externos que fogem ao meu controle. Assim, quando a&nbsp; fruta estiver podre, eu n&atilde;o tomo um susto&rdquo;. Isso l&aacute; tem l&oacute;gica???<\/span><\/span>\n<\/p>\n<p style=\"text-align: justify\">\n\t&nbsp;\n<\/p>\n<p style=\"text-align: justify\">\n\t<span style=\"font-size:14px\"><span style=\"font-family:verdana,geneva,sans-serif\">Quando voc&ecirc; repete para si mesmo que tem grandes chances de reprovar (mesmo que seja verdade, mesmo que tenha estudado pouco), est&aacute; envenenando o di&aacute;logo interno, machucando sua melhor e mais sens&iacute;vel parte. Est&aacute; estragando a polpa da fruta!!!! O objetivo n&atilde;o era preservar a polpa, Jesus????&nbsp;<span style=\"color:#0000CD\"><strong>Por que voc&ecirc; faz isso com voc&ecirc;, criatura???&nbsp;<\/strong><\/span>As coisas est&atilde;o confusas nessa cabecinha, hein! Bora clarear.<\/span><\/span>\n<\/p>\n<p style=\"text-align: justify\">\n\t&nbsp;\n<\/p>\n<p style=\"text-align: justify\">\n\t<span style=\"font-size:14px\"><span style=\"font-family:verdana,geneva,sans-serif\"><span style=\"color:#0000CD\"><strong>A casca N&Atilde;O &Eacute; eu di&aacute;logo interno.&nbsp;<\/strong><\/span>A casca n&atilde;o fica DENTRO, fica FORA DA FRUTA! Sua casca deve ser saber lidar com a decep&ccedil;&atilde;o DEPOIS que ela acontece.&nbsp;<span style=\"color:#0000CD\"><strong>D-E-P-O-I-S!<\/strong><\/span>&nbsp;&Eacute; muito mais jogo aprender a lidar com o sofrimento e a decep&ccedil;&atilde;o do que voc&ecirc; baixar as expectativas! &Eacute; assim que voc&ecirc; MAXIMIZA sua chance de passar. &Eacute; assim que voc&ecirc; se manter&aacute; persistente ap&oacute;s uma reprova&ccedil;&atilde;o. &Eacute; assim que vai tornar o processo menos pesado.<\/span><\/span>\n<\/p>\n<p style=\"text-align: justify\">\n\t&nbsp;\n<\/p>\n<p style=\"text-align: justify\">\n\t<span style=\"font-size:14px\"><span style=\"font-family:verdana,geneva,sans-serif\"><span style=\"color:#0000CD\"><strong>Seu di&aacute;logo interno te condena ou impulsiona.&nbsp;<\/strong><\/span>O problema &eacute; que &agrave;s vezes a nossa autoestima est&aacute; t&atilde;o detonada, que achamos que merecemos o pior. Fazemos e dizemos o pior para n&oacute;s.&nbsp;<span style=\"color:#0000CD\"><strong>Pensa: Voc&ecirc; falaria para sua m&atilde;e, irm&atilde;o, amigo, marido, esposa o que fala para si?&nbsp;<\/strong><\/span>Se quer manter o relacionamento, mesmo que tenha algo ruim a dizer, vai dizer com carinho para n&atilde;o ferir os sentimentos do outro.&nbsp;<strong><span style=\"color:#0000CD\">Voc&ecirc; tem um relacionamento ETERNO com voc&ecirc;.&nbsp;<\/span><\/strong>Se algum relacionamento te deixa infeliz, voc&ecirc; pode ir embora &ndash; menos do relacionamento com voc&ecirc; mesmo. &Eacute; do seu maior interesse &ndash; portanto &ndash; que tenha um EXCELENTE RELACIONAMENTO CONSIGO MESMO. Cuide de seus sentimentos. Ressalte qualidades, elogie-se e maneire nas palavras quando for hora de criticar (n&atilde;o deixa de faz&ecirc;-lo, mas fa&ccedil;a com jeito).&nbsp;<span style=\"color:#0000CD\"><strong>Voc&ecirc; &eacute; seu melhor e eterno amigo. Aja de acordo!<\/strong><\/span><\/span><\/span>\n<\/p>\n<p style=\"text-align: justify\">\n\t&nbsp;\n<\/p>\n<p style=\"text-align: justify\">\n\t<span style=\"font-size:14px\"><span style=\"font-family:verdana,geneva,sans-serif\"><span style=\"color:#0000CD\"><strong>Di&aacute;logo interno ruim aumenta dist&acirc;ncia entre voc&ecirc; e sua vaga.<\/strong><\/span>&nbsp;Voc&ecirc; vai ficar desmotivado, procrastinador e triste. Me diz: D&aacute; para passar assim?? Deixa que eu respondo: N&Atilde;O!<\/span><\/span>\n<\/p>\n<p style=\"text-align: justify\">\n\t&nbsp;\n<\/p>\n<p style=\"text-align: justify\">\n\t<span style=\"font-size:14px\"><span style=\"font-family:verdana,geneva,sans-serif\"><span style=\"color:#0000CD\"><strong>Dica do dia: Aumente o som daquela m&uacute;sica ambiente e preste MUITA aten&ccedil;&atilde;o &agrave; letra. Se ela n&atilde;o for encorajadora, TROQUE DE M&Uacute;SICA O QUANTO ANTES.&nbsp;<\/strong><\/span>Como j&aacute; dizia Herny Ford: Se voc&ecirc; acha&nbsp;que&nbsp;pode,&nbsp;ou&nbsp;que&nbsp;n&atilde;o pode fazer alguma coisa,&nbsp;voc&ecirc; tem sempre raz&atilde;o.<\/span><\/span>\n<\/p>\n<p style=\"text-align: justify\">\n\t&nbsp;\n<\/p>\n<p style=\"text-align: justify\">\n\t<span style=\"font-size:14px\"><span style=\"font-family:verdana,geneva,sans-serif\">Beijo<\/span><\/span>\n<\/p>\n<p style=\"text-align: justify\">\n\t<span style=\"font-size:14px\"><span style=\"font-family: verdana, geneva, sans-serif\">Gabi&nbsp;<\/span><\/span>\n<\/p>\n<p style=\"text-align: justify\">\n\t<span style=\"font-size:14px\"><strong><u><a href=\"https:\/\/www.estrategiaconcursos.com.br\/cursosPorConcurso\/coaching-382\/\">Coach<\/a><\/u><\/strong><a href=\"https:\/\/www.estrategiaconcursos.com.br\/cursosPorConcurso\/coaching-382\/\"><strong><u>&nbsp;Estrat&eacute;gia Concursos<\/u><\/strong><\/a><\/span>\n<\/p>\n<p>\n\t<span style=\"font-size:14px\"><strong>&#8212;&#8212;&#8212;&#8212;&#8212;&#8212;&#8212;&#8212;&#8212;&#8212;&#8212;&#8212;&#8212;&#8212;&#8212;&#8212;&#8212;&#8212;&#8212;&#8212;&#8212;&#8212;&#8212;&#8212;&#8212;&#8212;&#8212;&#8212;&#8212;&#8212;&#8212;&#8212;&#8212;&#8212;&#8212;&#8212;&#8212;&#8212;&#8212;&#8212;&#8212;&#8212;&#8212;&#8212;&#8212;&#8212;&#8212;&#8212;&#8212;&#8211;<\/strong><\/span>\n<\/p>\n<p>\n\t<span style=\"font-size:14px\"><strong>AVISOS:<\/strong><\/span>\n<\/p>\n<p>\n\t<span style=\"font-size:14px\">1 &#8211; Toda TER&Ccedil;A e QUINTA posto artigos sobre Coaching (intelig&ecirc;ncia emocional para concursos e\/ou t&eacute;cnicas de estudo).<\/span>\n<\/p>\n<p>\n\t<span style=\"font-size:14px\">2 &#8211; Quem j&aacute; me segue h&aacute; bastante tempo: Meus artigos antigos ser&atilde;o colocados no site semanalmente. Alternarei artigos novos e antigos.<\/span>\n<\/p>\n<p>\n\t<span style=\"font-size:14px\">&#8212;&#8212;&#8212;&#8212;&#8212;&#8212;&#8212;&#8212;&#8212;&#8212;&#8212;&#8212;&#8212;&#8212;&#8212;&#8212;&#8212;&#8212;&#8212;&#8212;&#8212;&#8212;&#8212;&#8212;&#8212;&#8212;&#8212;&#8212;&#8212;&#8212;&#8212;&#8212;&#8212;&#8212;&#8212;&#8212;&#8212;&#8212;&#8212;&#8212;&#8212;&#8212;&#8212;&#8212;&#8212;&#8212;&#8212;&#8212;&#8212;&#8212;&#8212;&#8212;&#8212;&#8212;&#8212;&#8212;&#8212;&#8212;&#8212;&#8212;&#8212;&#8212;-<\/span>\n<\/p>\n<p>\n\t<span style=\"font-size:14px\">Curtiu o artigo? Comente a&iacute; embaixo! Quer sugerir tema de artigo? Fique &agrave; vontade!<\/span>\n<\/p>\n<p>\n\t<span style=\"font-size:14px\">J&aacute; me acompanha nas redes sociais? T&ocirc; te esperando l&aacute;!<\/span>\n<\/p>\n<p>\n\t<span style=\"font-size:14px\"><strong>Quer ser meu coachee?<\/strong>&nbsp;&Eacute; s&oacute; avisar a equipe do Estrat&eacute;gia quando fizer a matr&iacute;cula! :)<\/span><\/p>\n","protected":false},"excerpt":{"rendered":"<p>J&aacute; tentou pensar em nada? Quando eu era crian&ccedil;a, eu tentava fazer isso (criancinha estranha, concordo). Ficava curiosa sobre o que seria o tal &ldquo;nada&rdquo;. Acabava pensando em um local todo branco ou todo preto. E tamb&eacute;m pensava que isso era alguma coisa, um local, uma cor. Pensava &ndash; portanto &ndash; que tinha perdido a [&hellip;]<\/p>\n","protected":false},"author":423,"featured_media":0,"comment_status":"open","ping_status":"open","sticky":false,"template":"","format":"standard","meta":{"post_tipo":"article","footnotes":""},"categories":[1],"tags":[],"tax_estado":[],"class_list":["post-63500","post","type-post","status-publish","format-standard","hentry","category-cursos-e-concursos"],"acf":[],"yoast_head":"<!-- This site is optimized with the Yoast SEO Premium plugin v27.2 (Yoast SEO v27.2) - https:\/\/yoast.com\/product\/yoast-seo-premium-wordpress\/ -->\n<title>M\u00fasica Ambiente<\/title>\n<meta name=\"robots\" content=\"index, follow, max-snippet:-1, max-image-preview:large, max-video-preview:-1\" \/>\n<link rel=\"canonical\" href=\"https:\/\/www.estrategiaconcursos.com.br\/blog\/musica-ambiente\/\" \/>\n<meta property=\"og:locale\" content=\"pt_BR\" \/>\n<meta property=\"og:type\" content=\"article\" \/>\n<meta property=\"og:title\" content=\"M\u00fasica Ambiente\" \/>\n<meta property=\"og:description\" content=\"J&aacute; tentou pensar em nada? Quando eu era crian&ccedil;a, eu tentava fazer isso (criancinha estranha, concordo). Ficava curiosa sobre o que seria o tal &ldquo;nada&rdquo;. Acabava pensando em um local todo branco ou todo preto. E tamb&eacute;m pensava que isso era alguma coisa, um local, uma cor. Pensava &ndash; portanto &ndash; que tinha perdido a [&hellip;]\" \/>\n<meta property=\"og:url\" content=\"https:\/\/www.estrategiaconcursos.com.br\/blog\/musica-ambiente\/\" \/>\n<meta property=\"og:site_name\" content=\"Estrat\u00e9gia Concursos\" \/>\n<meta property=\"article:published_time\" content=\"2017-02-02T11:00:57+00:00\" \/>\n<meta property=\"article:modified_time\" content=\"2017-02-02T11:02:27+00:00\" \/>\n<meta name=\"author\" content=\"Gabriela Knoblauch\" \/>\n<meta name=\"twitter:card\" content=\"summary_large_image\" \/>\n<meta name=\"twitter:creator\" content=\"@EstratConcursos\" \/>\n<meta name=\"twitter:site\" content=\"@EstratConcursos\" \/>\n<meta name=\"twitter:label1\" content=\"Escrito por\" \/>\n\t<meta name=\"twitter:data1\" content=\"Gabriela Knoblauch\" \/>\n\t<meta name=\"twitter:label2\" content=\"Est. tempo de leitura\" \/>\n\t<meta name=\"twitter:data2\" content=\"10 minutos\" \/>\n<script type=\"application\/ld+json\" class=\"yoast-schema-graph\">{\"@context\":\"https:\/\/schema.org\",\"@graph\":[{\"@type\":\"NewsArticle\",\"@id\":\"https:\/\/www.estrategiaconcursos.com.br\/blog\/musica-ambiente\/#article\",\"isPartOf\":{\"@id\":\"https:\/\/www.estrategiaconcursos.com.br\/blog\/musica-ambiente\/\"},\"author\":{\"name\":\"Gabriela Knoblauch\",\"@id\":\"https:\/\/www.estrategiaconcursos.com.br\/blog\/#\/schema\/person\/622d93253cb9ef3af014a0ce658d184a\"},\"headline\":\"M\u00fasica Ambiente\",\"datePublished\":\"2017-02-02T11:00:57+00:00\",\"dateModified\":\"2017-02-02T11:02:27+00:00\",\"mainEntityOfPage\":{\"@id\":\"https:\/\/www.estrategiaconcursos.com.br\/blog\/musica-ambiente\/\"},\"wordCount\":1946,\"commentCount\":14,\"publisher\":{\"@id\":\"https:\/\/www.estrategiaconcursos.com.br\/blog\/#organization\"},\"articleSection\":[\"Concursos P\u00fablicos\"],\"inLanguage\":\"pt-BR\",\"potentialAction\":[{\"@type\":\"CommentAction\",\"name\":\"Comment\",\"target\":[\"https:\/\/www.estrategiaconcursos.com.br\/blog\/musica-ambiente\/#respond\"]}],\"copyrightYear\":\"2017\",\"copyrightHolder\":{\"@id\":\"https:\/\/www.estrategiaconcursos.com.br\/blog\/#organization\"}},{\"@type\":\"WebPage\",\"@id\":\"https:\/\/www.estrategiaconcursos.com.br\/blog\/musica-ambiente\/\",\"url\":\"https:\/\/www.estrategiaconcursos.com.br\/blog\/musica-ambiente\/\",\"name\":\"M\u00fasica Ambiente\",\"isPartOf\":{\"@id\":\"https:\/\/www.estrategiaconcursos.com.br\/blog\/#website\"},\"datePublished\":\"2017-02-02T11:00:57+00:00\",\"dateModified\":\"2017-02-02T11:02:27+00:00\",\"breadcrumb\":{\"@id\":\"https:\/\/www.estrategiaconcursos.com.br\/blog\/musica-ambiente\/#breadcrumb\"},\"inLanguage\":\"pt-BR\",\"potentialAction\":[{\"@type\":\"ReadAction\",\"target\":[\"https:\/\/www.estrategiaconcursos.com.br\/blog\/musica-ambiente\/\"]}]},{\"@type\":\"BreadcrumbList\",\"@id\":\"https:\/\/www.estrategiaconcursos.com.br\/blog\/musica-ambiente\/#breadcrumb\",\"itemListElement\":[{\"@type\":\"ListItem\",\"position\":1,\"name\":\"In\u00edcio\",\"item\":\"https:\/\/www.estrategiaconcursos.com.br\/blog\/\"},{\"@type\":\"ListItem\",\"position\":2,\"name\":\"M\u00fasica Ambiente\"}]},{\"@type\":\"WebSite\",\"@id\":\"https:\/\/www.estrategiaconcursos.com.br\/blog\/#website\",\"url\":\"https:\/\/www.estrategiaconcursos.com.br\/blog\/\",\"name\":\"Estrat\u00e9gia Concursos\",\"description\":\"O blog da Estrat\u00e9gia Concursos traz not\u00edcias sobre concursos e artigos de professores oferecendo cursos para concursos (pdf + videaulas) no site.\",\"publisher\":{\"@id\":\"https:\/\/www.estrategiaconcursos.com.br\/blog\/#organization\"},\"potentialAction\":[{\"@type\":\"SearchAction\",\"target\":{\"@type\":\"EntryPoint\",\"urlTemplate\":\"https:\/\/www.estrategiaconcursos.com.br\/blog\/?s={search_term_string}\"},\"query-input\":{\"@type\":\"PropertyValueSpecification\",\"valueRequired\":true,\"valueName\":\"search_term_string\"}}],\"inLanguage\":\"pt-BR\"},{\"@type\":\"Organization\",\"@id\":\"https:\/\/www.estrategiaconcursos.com.br\/blog\/#organization\",\"name\":\"Estrat\u00e9gia Concursos\",\"url\":\"https:\/\/www.estrategiaconcursos.com.br\/blog\/\",\"logo\":{\"@type\":\"ImageObject\",\"inLanguage\":\"pt-BR\",\"@id\":\"https:\/\/www.estrategiaconcursos.com.br\/blog\/#\/schema\/logo\/image\/\",\"url\":\"https:\/\/dhg1h5j42swfq.cloudfront.net\/2025\/06\/03203428\/logo_concursos-1.jpg\",\"contentUrl\":\"https:\/\/dhg1h5j42swfq.cloudfront.net\/2025\/06\/03203428\/logo_concursos-1.jpg\",\"width\":230,\"height\":60,\"caption\":\"Estrat\u00e9gia Concursos\"},\"image\":{\"@id\":\"https:\/\/www.estrategiaconcursos.com.br\/blog\/#\/schema\/logo\/image\/\"},\"sameAs\":[\"https:\/\/x.com\/EstratConcursos\"]},{\"@type\":\"Person\",\"@id\":\"https:\/\/www.estrategiaconcursos.com.br\/blog\/#\/schema\/person\/622d93253cb9ef3af014a0ce658d184a\",\"name\":\"Gabriela Knoblauch\",\"image\":{\"@type\":\"ImageObject\",\"inLanguage\":\"pt-BR\",\"@id\":\"https:\/\/secure.gravatar.com\/avatar\/d26c5a121c8db2de08ffbc428752dadaae2055eefb797f261688ca1ac09b241f?s=96&d=mm&r=g\",\"url\":\"https:\/\/secure.gravatar.com\/avatar\/d26c5a121c8db2de08ffbc428752dadaae2055eefb797f261688ca1ac09b241f?s=96&d=mm&r=g\",\"contentUrl\":\"https:\/\/secure.gravatar.com\/avatar\/d26c5a121c8db2de08ffbc428752dadaae2055eefb797f261688ca1ac09b241f?s=96&d=mm&r=g\",\"caption\":\"Gabriela Knoblauch\"},\"description\":\"Acredito no poder da persist\u00eancia e na import\u00e2ncia da estrat\u00e9gia nos estudos para acelerar a aprova\u00e7\u00e3o. No meu curso de Coaching trabalho em 2 frentes: 1 - T\u00e9cnicas de estudo 2 - Intelig\u00eancia emocional para concursos Entendo que ambas s\u00e3o fundamentais para obter um resultado excelente em qualquer certame. Toda ter\u00e7a posto artigo no site sobre os temas citados. N\u00e3o perca! :)\",\"url\":\"https:\/\/www.estrategiaconcursos.com.br\/blog\/author\/gabrielaknobluachestrategiaconcursos-com-br\/\"}]}<\/script>\n<!-- \/ Yoast SEO Premium plugin. -->","yoast_head_json":{"title":"M\u00fasica Ambiente","robots":{"index":"index","follow":"follow","max-snippet":"max-snippet:-1","max-image-preview":"max-image-preview:large","max-video-preview":"max-video-preview:-1"},"canonical":"https:\/\/www.estrategiaconcursos.com.br\/blog\/musica-ambiente\/","og_locale":"pt_BR","og_type":"article","og_title":"M\u00fasica Ambiente","og_description":"J&aacute; tentou pensar em nada? Quando eu era crian&ccedil;a, eu tentava fazer isso (criancinha estranha, concordo). Ficava curiosa sobre o que seria o tal &ldquo;nada&rdquo;. Acabava pensando em um local todo branco ou todo preto. E tamb&eacute;m pensava que isso era alguma coisa, um local, uma cor. Pensava &ndash; portanto &ndash; que tinha perdido a [&hellip;]","og_url":"https:\/\/www.estrategiaconcursos.com.br\/blog\/musica-ambiente\/","og_site_name":"Estrat\u00e9gia Concursos","article_published_time":"2017-02-02T11:00:57+00:00","article_modified_time":"2017-02-02T11:02:27+00:00","author":"Gabriela Knoblauch","twitter_card":"summary_large_image","twitter_creator":"@EstratConcursos","twitter_site":"@EstratConcursos","twitter_misc":{"Escrito por":"Gabriela Knoblauch","Est. tempo de leitura":"10 minutos"},"schema":{"@context":"https:\/\/schema.org","@graph":[{"@type":"NewsArticle","@id":"https:\/\/www.estrategiaconcursos.com.br\/blog\/musica-ambiente\/#article","isPartOf":{"@id":"https:\/\/www.estrategiaconcursos.com.br\/blog\/musica-ambiente\/"},"author":{"name":"Gabriela Knoblauch","@id":"https:\/\/www.estrategiaconcursos.com.br\/blog\/#\/schema\/person\/622d93253cb9ef3af014a0ce658d184a"},"headline":"M\u00fasica Ambiente","datePublished":"2017-02-02T11:00:57+00:00","dateModified":"2017-02-02T11:02:27+00:00","mainEntityOfPage":{"@id":"https:\/\/www.estrategiaconcursos.com.br\/blog\/musica-ambiente\/"},"wordCount":1946,"commentCount":14,"publisher":{"@id":"https:\/\/www.estrategiaconcursos.com.br\/blog\/#organization"},"articleSection":["Concursos P\u00fablicos"],"inLanguage":"pt-BR","potentialAction":[{"@type":"CommentAction","name":"Comment","target":["https:\/\/www.estrategiaconcursos.com.br\/blog\/musica-ambiente\/#respond"]}],"copyrightYear":"2017","copyrightHolder":{"@id":"https:\/\/www.estrategiaconcursos.com.br\/blog\/#organization"}},{"@type":"WebPage","@id":"https:\/\/www.estrategiaconcursos.com.br\/blog\/musica-ambiente\/","url":"https:\/\/www.estrategiaconcursos.com.br\/blog\/musica-ambiente\/","name":"M\u00fasica Ambiente","isPartOf":{"@id":"https:\/\/www.estrategiaconcursos.com.br\/blog\/#website"},"datePublished":"2017-02-02T11:00:57+00:00","dateModified":"2017-02-02T11:02:27+00:00","breadcrumb":{"@id":"https:\/\/www.estrategiaconcursos.com.br\/blog\/musica-ambiente\/#breadcrumb"},"inLanguage":"pt-BR","potentialAction":[{"@type":"ReadAction","target":["https:\/\/www.estrategiaconcursos.com.br\/blog\/musica-ambiente\/"]}]},{"@type":"BreadcrumbList","@id":"https:\/\/www.estrategiaconcursos.com.br\/blog\/musica-ambiente\/#breadcrumb","itemListElement":[{"@type":"ListItem","position":1,"name":"In\u00edcio","item":"https:\/\/www.estrategiaconcursos.com.br\/blog\/"},{"@type":"ListItem","position":2,"name":"M\u00fasica Ambiente"}]},{"@type":"WebSite","@id":"https:\/\/www.estrategiaconcursos.com.br\/blog\/#website","url":"https:\/\/www.estrategiaconcursos.com.br\/blog\/","name":"Estrat\u00e9gia Concursos","description":"O blog da Estrat\u00e9gia Concursos traz not\u00edcias sobre concursos e artigos de professores oferecendo cursos para concursos (pdf + videaulas) no site.","publisher":{"@id":"https:\/\/www.estrategiaconcursos.com.br\/blog\/#organization"},"potentialAction":[{"@type":"SearchAction","target":{"@type":"EntryPoint","urlTemplate":"https:\/\/www.estrategiaconcursos.com.br\/blog\/?s={search_term_string}"},"query-input":{"@type":"PropertyValueSpecification","valueRequired":true,"valueName":"search_term_string"}}],"inLanguage":"pt-BR"},{"@type":"Organization","@id":"https:\/\/www.estrategiaconcursos.com.br\/blog\/#organization","name":"Estrat\u00e9gia Concursos","url":"https:\/\/www.estrategiaconcursos.com.br\/blog\/","logo":{"@type":"ImageObject","inLanguage":"pt-BR","@id":"https:\/\/www.estrategiaconcursos.com.br\/blog\/#\/schema\/logo\/image\/","url":"https:\/\/dhg1h5j42swfq.cloudfront.net\/2025\/06\/03203428\/logo_concursos-1.jpg","contentUrl":"https:\/\/dhg1h5j42swfq.cloudfront.net\/2025\/06\/03203428\/logo_concursos-1.jpg","width":230,"height":60,"caption":"Estrat\u00e9gia Concursos"},"image":{"@id":"https:\/\/www.estrategiaconcursos.com.br\/blog\/#\/schema\/logo\/image\/"},"sameAs":["https:\/\/x.com\/EstratConcursos"]},{"@type":"Person","@id":"https:\/\/www.estrategiaconcursos.com.br\/blog\/#\/schema\/person\/622d93253cb9ef3af014a0ce658d184a","name":"Gabriela Knoblauch","image":{"@type":"ImageObject","inLanguage":"pt-BR","@id":"https:\/\/secure.gravatar.com\/avatar\/d26c5a121c8db2de08ffbc428752dadaae2055eefb797f261688ca1ac09b241f?s=96&d=mm&r=g","url":"https:\/\/secure.gravatar.com\/avatar\/d26c5a121c8db2de08ffbc428752dadaae2055eefb797f261688ca1ac09b241f?s=96&d=mm&r=g","contentUrl":"https:\/\/secure.gravatar.com\/avatar\/d26c5a121c8db2de08ffbc428752dadaae2055eefb797f261688ca1ac09b241f?s=96&d=mm&r=g","caption":"Gabriela Knoblauch"},"description":"Acredito no poder da persist\u00eancia e na import\u00e2ncia da estrat\u00e9gia nos estudos para acelerar a aprova\u00e7\u00e3o. No meu curso de Coaching trabalho em 2 frentes: 1 - T\u00e9cnicas de estudo 2 - Intelig\u00eancia emocional para concursos Entendo que ambas s\u00e3o fundamentais para obter um resultado excelente em qualquer certame. Toda ter\u00e7a posto artigo no site sobre os temas citados. N\u00e3o perca! :)","url":"https:\/\/www.estrategiaconcursos.com.br\/blog\/author\/gabrielaknobluachestrategiaconcursos-com-br\/"}]}},"_links":{"self":[{"href":"https:\/\/www.estrategiaconcursos.com.br\/blog\/wp-json\/wp\/v2\/posts\/63500","targetHints":{"allow":["GET"]}}],"collection":[{"href":"https:\/\/www.estrategiaconcursos.com.br\/blog\/wp-json\/wp\/v2\/posts"}],"about":[{"href":"https:\/\/www.estrategiaconcursos.com.br\/blog\/wp-json\/wp\/v2\/types\/post"}],"author":[{"embeddable":true,"href":"https:\/\/www.estrategiaconcursos.com.br\/blog\/wp-json\/wp\/v2\/users\/423"}],"replies":[{"embeddable":true,"href":"https:\/\/www.estrategiaconcursos.com.br\/blog\/wp-json\/wp\/v2\/comments?post=63500"}],"version-history":[{"count":2,"href":"https:\/\/www.estrategiaconcursos.com.br\/blog\/wp-json\/wp\/v2\/posts\/63500\/revisions"}],"predecessor-version":[{"id":63505,"href":"https:\/\/www.estrategiaconcursos.com.br\/blog\/wp-json\/wp\/v2\/posts\/63500\/revisions\/63505"}],"wp:attachment":[{"href":"https:\/\/www.estrategiaconcursos.com.br\/blog\/wp-json\/wp\/v2\/media?parent=63500"}],"wp:term":[{"taxonomy":"category","embeddable":true,"href":"https:\/\/www.estrategiaconcursos.com.br\/blog\/wp-json\/wp\/v2\/categories?post=63500"},{"taxonomy":"post_tag","embeddable":true,"href":"https:\/\/www.estrategiaconcursos.com.br\/blog\/wp-json\/wp\/v2\/tags?post=63500"},{"taxonomy":"tax_estado","embeddable":true,"href":"https:\/\/www.estrategiaconcursos.com.br\/blog\/wp-json\/wp\/v2\/tax_estado?post=63500"}],"curies":[{"name":"wp","href":"https:\/\/api.w.org\/{rel}","templated":true}]}}