{"id":63475,"date":"2017-02-02T08:45:43","date_gmt":"2017-02-02T11:45:43","guid":{"rendered":"https:\/\/www.estrategiaconcursos.com.br\/blog\/?p=63475"},"modified":"2017-02-08T14:47:45","modified_gmt":"2017-02-08T17:47:45","slug":"olho-nos-tribunais-da-justica-do-trabalho-materias-cobradas-convocacoes-e-chances-de-edital-em-2017","status":"publish","type":"post","link":"https:\/\/www.estrategiaconcursos.com.br\/blog\/olho-nos-tribunais-da-justica-do-trabalho-materias-cobradas-convocacoes-e-chances-de-edital-em-2017\/","title":{"rendered":"Olho nos Tribunais da Justi\u00e7a do Trabalho &#8211; Mat\u00e9rias cobradas, convoca\u00e7\u00f5es e chances de Edital em 2017"},"content":{"rendered":"<p style=\"text-align: justify\">\n\t&nbsp;\n<\/p>\n<p style=\"text-align: justify\">\n\t<strong>Fala galera!<\/strong>\n<\/p>\n<p style=\"text-align: justify\">\n\tAp&oacute;s o <em>post<\/em> sobre Tribunais da <a href=\"https:\/\/www.estrategiaconcursos.com.br\/blog\/olho-nos-tribunais-regionais-eleitorais-materias-cobradas-e-chances-de-edital-em-2017\/\">Justi&ccedil;a Eleitoral<\/a> chegou a hora da <u><strong>Justi&ccedil;a do Trabalho<\/strong><\/u>. Mais uma vez compartilho com voc&ecirc;s informa&ccedil;&otilde;es relevantes que utilizo para direcionar meus alunos (<em>coachees<\/em>) sobre perspectivas da &aacute;rea&nbsp;bem como para planejar e montar os ciclos de mat&eacute;rias a serem estudadas.\n<\/p>\n<p style=\"text-align: justify\">\n\tO resumo abaixo traz dados do Tribunal Superior do Trabalho &#8211; TST bem como dos Tribunais Regionais do Trabalho &#8211; TRTs com chances de abertura de edital em 2017 (<em>atualizado em 02\/02\/2017<\/em>), al&eacute;m de um comparativo do total de vagas do edital X&nbsp;o total de candidatos convocados (<em>atualizado em 02\/02\/2017<\/em>) e quadros contendo as disciplinas cobradas no &uacute;ltimo concurso de cada um desses &oacute;rg&atilde;os.\n<\/p>\n<p style=\"text-align: justify\">\n\tAo final do <em>post<\/em> escrevo sobre a import&acirc;ncia do <strong>planejamento<\/strong> no estudo para concurso e deixo uma dica sobre como come&ccedil;ar a prepara&ccedil;&atilde;o para a &aacute;rea de Tribunais da Justi&ccedil;a do Trabalho.\n<\/p>\n<p style=\"text-align: justify\">\n\t&nbsp;\n<\/p>\n<p style=\"text-align: justify\">\n\t&#8211; &#8211; &#8211; &#8211; &#8211; &#8211; &#8211; &#8211; &#8211; &#8211; &#8211; &#8211; &#8211; &#8211; &#8211; &#8211; &#8211; &#8211; &#8211; &#8211; &#8211; &#8211; &#8211; &#8211; &#8211; &#8211; &#8211; &#8211; &#8211; &#8211; &#8211; &#8211; &#8211; &#8211; &#8211; &#8211; &#8211; &#8211; &#8211; &#8211; &#8211; &#8211; &#8211; &#8211; &#8211; &#8211; &#8211; &#8211; &#8211; &#8211; &#8211; &#8211;&nbsp;&#8211; &#8211; &#8211; &#8211; &#8211; &#8211;&nbsp;&#8211; &#8211; &#8211; &#8211;\n<\/p>\n<p style=\"text-align: justify\">\n\t&nbsp;\n<\/p>\n<p style=\"text-align: justify\">\n\t<strong>&#8211; Cargos analisados:<\/strong>\n<\/p>\n<p style=\"text-align: justify\">\n\t<img decoding=\"async\" alt=\"\" src=\"https:\/\/dhg1h5j42swfq.cloudfront.net\/2017\/02\/02084142\/cargos-e1486035765463.png\" style=\"width: 500px;height: 88px\" \/>\n<\/p>\n<p style=\"text-align: justify\">\n\t&nbsp;\n<\/p>\n<p style=\"text-align: justify\">\n\t&#8211; &#8211; &#8211; &#8211; &#8211; &#8211; &#8211; &#8211; &#8211; &#8211; &#8211; &#8211; &#8211; &#8211; &#8211; &#8211; &#8211; &#8211; &#8211; &#8211; &#8211; &#8211; &#8211; &#8211; &#8211; &#8211; &#8211; &#8211; &#8211; &#8211; &#8211; &#8211; &#8211; &#8211; &#8211; &#8211; &#8211; &#8211; &#8211; &#8211; &#8211; &#8211; &#8211; &#8211; &#8211; &#8211; &#8211; &#8211; &#8211; &#8211; &#8211; &#8211;&nbsp;&#8211; &#8211; &#8211; &#8211; &#8211; &#8211;&nbsp;&#8211; &#8211; &#8211; &#8211;\n<\/p>\n<p style=\"text-align: justify\">\n\t&nbsp;\n<\/p>\n<p style=\"text-align: justify\">\n\t<strong>&#8211; Tribunais da Justi&ccedil;a do Trabalho com possibilidade de Edital em 2017:<\/strong>\n<\/p>\n<p style=\"text-align: justify\">\n\t<img decoding=\"async\" alt=\"\" src=\"https:\/\/dhg1h5j42swfq.cloudfront.net\/2017\/02\/02082819\/perspectivas-e1486034965749.jpg\" style=\"width: 650px;height: 277px\" \/>\n<\/p>\n<p style=\"text-align: justify\">\n\t&nbsp;\n<\/p>\n<p style=\"text-align: justify\">\n\t&#8211; &#8211; &#8211; &#8211; &#8211; &#8211; &#8211; &#8211; &#8211; &#8211; &#8211; &#8211; &#8211; &#8211; &#8211; &#8211; &#8211; &#8211; &#8211; &#8211; &#8211; &#8211; &#8211; &#8211; &#8211; &#8211; &#8211; &#8211; &#8211; &#8211; &#8211; &#8211; &#8211; &#8211; &#8211; &#8211; &#8211; &#8211; &#8211; &#8211; &#8211; &#8211; &#8211; &#8211; &#8211; &#8211; &#8211; &#8211; &#8211; &#8211; &#8211; &#8211;&nbsp;&#8211; &#8211; &#8211; &#8211; &#8211; &#8211;&nbsp;&#8211; &#8211; &#8211; &#8211;\n<\/p>\n<p style=\"text-align: justify\">\n\t&nbsp;\n<\/p>\n<p style=\"text-align: justify\">\n\t<strong>&#8211; Vagas publicadas no Edital X Total de candidatos convocados:<\/strong>&nbsp;destaquei os &oacute;rg&otilde;es que convocaram um grande quantitativo de aprovados. De maneira geral o alto n&uacute;mero de convocados &eacute; um grande atrativo dos concursos&nbsp;da &aacute;rea!\n<\/p>\n<p style=\"text-align: justify\">\n\t<img decoding=\"async\" alt=\"\" src=\"https:\/\/dhg1h5j42swfq.cloudfront.net\/2017\/02\/02082150\/convoca%C3%A7%C3%B5es-e1486034912448.jpg\" \/>\n<\/p>\n<p style=\"text-align: justify\">\n\t&nbsp;\n<\/p>\n<p style=\"text-align: justify\">\n\t&#8211; &#8211; &#8211; &#8211; &#8211; &#8211; &#8211; &#8211; &#8211; &#8211; &#8211; &#8211; &#8211; &#8211; &#8211; &#8211; &#8211; &#8211; &#8211; &#8211; &#8211; &#8211; &#8211; &#8211; &#8211; &#8211; &#8211; &#8211; &#8211; &#8211; &#8211; &#8211; &#8211; &#8211; &#8211; &#8211; &#8211; &#8211; &#8211; &#8211; &#8211; &#8211; &#8211; &#8211; &#8211; &#8211; &#8211; &#8211; &#8211; &#8211; &#8211; &#8211;&nbsp;&#8211; &#8211; &#8211; &#8211; &#8211; &#8211;&nbsp;&#8211; &#8211; &#8211; &#8211;\n<\/p>\n<p style=\"text-align: justify\">\n\t&nbsp;\n<\/p>\n<p style=\"text-align: justify\">\n\t<strong>&#8211; Disciplinas cobradas no &uacute;ltimo concurso de cada &oacute;rg&atilde;o:<\/strong> utilizei nas tabelas abaixo um escalonamento em cores destacando as disciplinas mais cobradas, de maior peso e\/ou mais densas em conte&uacute;do e que, portanto, merecem uma aten&ccedil;&atilde;o maior do candidato na montagem do ciclo de estudo.\n<\/p>\n<p style=\"text-align: justify\">\n\t&nbsp;\n<\/p>\n<p style=\"text-align: justify\">\n\t<strong>&gt; T&eacute;cnico Judici&aacute;rio &ndash; &Aacute;rea Administrativa:<\/strong>\n<\/p>\n<p style=\"text-align: justify\">\n\t<img decoding=\"async\" alt=\"\" src=\"https:\/\/dhg1h5j42swfq.cloudfront.net\/2017\/02\/02082158\/tjaa-e1486034952733.jpg\" style=\"width: 650px;height: 411px\" \/>\n<\/p>\n<p style=\"text-align: justify\">\n\tObs.: em geral s&atilde;o cobradas &ldquo;no&ccedil;&otilde;es&rdquo; nas disciplinas de Direito, mas a profundidade dos t&oacute;picos varia de um &oacute;rg&atilde;o para o outro.\n<\/p>\n<p style=\"text-align: justify\">\n\t&nbsp;\n<\/p>\n<p style=\"text-align: justify\">\n\t<strong>&gt; Analista Judici&aacute;rio &ndash; &Aacute;rea Administrativa:<\/strong>\n<\/p>\n<p style=\"text-align: justify\">\n\t<img decoding=\"async\" alt=\"\" src=\"https:\/\/dhg1h5j42swfq.cloudfront.net\/2017\/02\/02082155\/ajaa-e1486034939489.jpg\" style=\"width: 650px;height: 397px\" \/>\n<\/p>\n<p style=\"text-align: justify\">\n\tObs.: em geral s&atilde;o cobradas &ldquo;no&ccedil;&otilde;es&rdquo; em algumas disciplinas de Direito, mas a profundidade dos t&oacute;picos varia de um &oacute;rg&atilde;o para o outro.\n<\/p>\n<p style=\"text-align: justify\">\n\t&nbsp;\n<\/p>\n<p style=\"text-align: justify\">\n\t<strong>&gt; Analista Judici&aacute;rio &ndash; &Aacute;rea Jur&iacute;dica:<\/strong>\n<\/p>\n<p style=\"text-align: justify\">\n\t<img decoding=\"async\" alt=\"\" src=\"https:\/\/dhg1h5j42swfq.cloudfront.net\/2017\/02\/02082152\/ajaj-e1486034927842.jpg\" style=\"width: 650px;height: 331px\" \/>\n<\/p>\n<p style=\"text-align: justify\">\n\tObs.: pela exig&ecirc;ncia de&nbsp;forma&ccedil;&atilde;o espec&iacute;fica em Direito, ocorre um maior aprofundamento nos t&oacute;picos das disciplinas da &aacute;rea.\n<\/p>\n<p style=\"text-align: justify\">\n\t&nbsp;\n<\/p>\n<p style=\"text-align: justify\">\n\t&#8211; &#8211; &#8211; &#8211; &#8211; &#8211; &#8211; &#8211; &#8211; &#8211; &#8211; &#8211; &#8211; &#8211; &#8211; &#8211; &#8211; &#8211; &#8211; &#8211; &#8211; &#8211; &#8211; &#8211; &#8211; &#8211; &#8211; &#8211; &#8211; &#8211; &#8211; &#8211; &#8211; &#8211; &#8211; &#8211; &#8211; &#8211; &#8211; &#8211; &#8211; &#8211; &#8211; &#8211; &#8211; &#8211; &#8211; &#8211; &#8211; &#8211; &#8211; &#8211;&nbsp;&#8211; &#8211; &#8211; &#8211; &#8211; &#8211;&nbsp;&#8211; &#8211; &#8211; &#8211;\n<\/p>\n<p style=\"text-align: justify\">\n\t&nbsp;\n<\/p>\n<p style=\"text-align: justify\">\n\tA base de qualquer prepara&ccedil;&atilde;o de alto n&iacute;vel para concurso passa por um bom <strong>planejamento<\/strong>:\n<\/p>\n<p style=\"text-align: justify\">\n\t&#8211; <strong>Onde estou<\/strong>: quem sou, quais s&atilde;o os meus problemas, de quais recursos disponho, quais s&atilde;o meus pontos fortes e pontos fracos?\n<\/p>\n<p style=\"text-align: justify\">\n\t&#8211; <strong>Aonde quero chegar<\/strong>: quem quero ser, qual a minha meta, em que &aacute;rea vou&nbsp;atuar?\n<\/p>\n<p style=\"text-align: justify\">\n\t&#8211; <strong>Como vou chegar<\/strong>: estabelecer a carga hor&aacute;ria, mapear as disciplinas, escolher os materiais, definir o local etc.\n<\/p>\n<p style=\"text-align: justify\">\n\tO planejamento pode n&atilde;o garantir a sua aprova&ccedil;&atilde;o, mas certamente dar&aacute; a voc&ecirc; uma <strong>vantagem competitiva<\/strong> fant&aacute;stica! Um candidato que conhece seus pontos fortes e fracos, que sabe o que quer e como quer consegue alocar recursos e esfor&ccedil;os de forma adequada e age com mais seguran&ccedil;a.\n<\/p>\n<p style=\"text-align: justify\">\n\tPara quem tem como <strong>foco<\/strong> os Tribunais da Justi&ccedil;a do Trabalho recomendo que, em seu <strong>planejamento<\/strong>, dedique boas horas l&iacute;quidas de estudo para adquirir uma base s&oacute;lida nas seguintes mat&eacute;rias: Portugu&ecirc;s, Direito Administrativo, Direito Constitucional e Direito do Trabalho. Incorpore outras disciplinas em seu ciclo e aos poucos v&aacute; avan&ccedil;ando, passo a passo!\n<\/p>\n<p style=\"text-align: justify\">\n\tImportante: seu planejamento n&atilde;o &eacute; est&aacute;tico. Ele pode (e deve) ser ajustado. O que n&atilde;o pode mudar &eacute; a disciplina com sua <a href=\"https:\/\/www.estrategiaconcursos.com.br\/blog\/rotina-x-monotonia\/\">rotina<\/a> de estudos. Busque sempre ser o melhor naquilo que voc&ecirc; se propuser a fazer!\n<\/p>\n<p style=\"text-align: justify\">\n\tConte comigo para auxili&aacute;-los&nbsp;nessa caminhada!\n<\/p>\n<p style=\"text-align: justify\">\n\tUm abra&ccedil;o,\n<\/p>\n<p style=\"text-align: justify\">\n\t<em>Andr&eacute; Costa Chaves<\/em>\n<\/p>\n<p style=\"text-align: justify\">\n\t<em>Coach do Estrat&eacute;gia Concursos<\/em>\n<\/p>\n<p style=\"text-align: justify\">\n\t&nbsp;\n<\/p>\n<p style=\"text-align: justify\">\n\tCurta minha p&aacute;gina no Facebook: <a href=\"https:\/\/www.facebook.com\/coachandrec\">https:\/\/www.facebook.com\/coachandrec<\/a>\n<\/p>\n<p style=\"text-align: justify\">\n\tConhe&ccedil;a a <a href=\"https:\/\/www.estrategiaconcursos.com.br\/blog\/andrec-como-fui-aprovado-no-icms-rj-minha-trajetoria\/\">minha trajet&oacute;ria no mundo dos concursos<\/a>.\n<\/p>\n<p style=\"text-align: justify\">\n\tQualquer d&uacute;vida deixe um coment&aacute;rio abaixo ou me mande um e-mail: coachandrec@gmail.com\n<\/p>\n<p style=\"text-align: justify\">\n\t&nbsp;<\/p>\n","protected":false},"excerpt":{"rendered":"<p>&nbsp; Fala galera! Ap&oacute;s o post sobre Tribunais da Justi&ccedil;a Eleitoral chegou a hora da Justi&ccedil;a do Trabalho. Mais uma vez compartilho com voc&ecirc;s informa&ccedil;&otilde;es relevantes que utilizo para direcionar meus alunos (coachees) sobre perspectivas da &aacute;rea&nbsp;bem como para planejar e montar os ciclos de mat&eacute;rias a serem estudadas. O resumo abaixo traz dados do [&hellip;]<\/p>\n","protected":false},"author":412,"featured_media":0,"comment_status":"open","ping_status":"open","sticky":false,"template":"","format":"standard","meta":{"post_tipo":"article","footnotes":""},"categories":[1,1984],"tags":[2059,1617,1720],"tax_estado":[],"class_list":["post-63475","post","type-post","status-publish","format-standard","hentry","category-cursos-e-concursos","category-tribunais","tag-concursos-de-tribunais","tag-concursos-trt","tag-tse"],"acf":[],"yoast_head":"<!-- This site is optimized with the Yoast SEO Premium plugin v27.2 (Yoast SEO v27.2) - https:\/\/yoast.com\/product\/yoast-seo-premium-wordpress\/ -->\n<title>Olho nos Tribunais da Justi\u00e7a do Trabalho - Mat\u00e9rias cobradas, convoca\u00e7\u00f5es e chances de Edital em 2017<\/title>\n<meta name=\"robots\" content=\"index, follow, max-snippet:-1, max-image-preview:large, max-video-preview:-1\" \/>\n<link rel=\"canonical\" href=\"https:\/\/www.estrategiaconcursos.com.br\/blog\/olho-nos-tribunais-da-justica-do-trabalho-materias-cobradas-convocacoes-e-chances-de-edital-em-2017\/\" \/>\n<meta property=\"og:locale\" content=\"pt_BR\" \/>\n<meta property=\"og:type\" content=\"article\" \/>\n<meta property=\"og:title\" content=\"Olho nos Tribunais da Justi\u00e7a do Trabalho - Mat\u00e9rias cobradas, convoca\u00e7\u00f5es e chances de Edital em 2017\" \/>\n<meta property=\"og:description\" content=\"&nbsp; Fala galera! Ap&oacute;s o post sobre Tribunais da Justi&ccedil;a Eleitoral chegou a hora da Justi&ccedil;a do Trabalho. Mais uma vez compartilho com voc&ecirc;s informa&ccedil;&otilde;es relevantes que utilizo para direcionar meus alunos (coachees) sobre perspectivas da &aacute;rea&nbsp;bem como para planejar e montar os ciclos de mat&eacute;rias a serem estudadas. O resumo abaixo traz dados do [&hellip;]\" \/>\n<meta property=\"og:url\" content=\"https:\/\/www.estrategiaconcursos.com.br\/blog\/olho-nos-tribunais-da-justica-do-trabalho-materias-cobradas-convocacoes-e-chances-de-edital-em-2017\/\" \/>\n<meta property=\"og:site_name\" content=\"Estrat\u00e9gia Concursos\" \/>\n<meta property=\"article:published_time\" content=\"2017-02-02T11:45:43+00:00\" \/>\n<meta property=\"article:modified_time\" content=\"2017-02-08T17:47:45+00:00\" \/>\n<meta property=\"og:image\" content=\"https:\/\/www.estrategiaconcursos.com.br\/blog\/wp-content\/uploads\/2017\/02\/cargos-e1486035765463.png\" \/>\n<meta name=\"author\" content=\"Andr\u00e9 Chaves\" \/>\n<meta name=\"twitter:card\" content=\"summary_large_image\" \/>\n<meta name=\"twitter:creator\" content=\"@EstratConcursos\" \/>\n<meta name=\"twitter:site\" content=\"@EstratConcursos\" \/>\n<meta name=\"twitter:label1\" content=\"Escrito por\" \/>\n\t<meta name=\"twitter:data1\" content=\"Andr\u00e9 Chaves\" \/>\n\t<meta name=\"twitter:label2\" content=\"Est. tempo de leitura\" \/>\n\t<meta name=\"twitter:data2\" content=\"5 minutos\" \/>\n<script type=\"application\/ld+json\" class=\"yoast-schema-graph\">{\"@context\":\"https:\/\/schema.org\",\"@graph\":[{\"@type\":\"NewsArticle\",\"@id\":\"https:\/\/www.estrategiaconcursos.com.br\/blog\/olho-nos-tribunais-da-justica-do-trabalho-materias-cobradas-convocacoes-e-chances-de-edital-em-2017\/#article\",\"isPartOf\":{\"@id\":\"https:\/\/www.estrategiaconcursos.com.br\/blog\/olho-nos-tribunais-da-justica-do-trabalho-materias-cobradas-convocacoes-e-chances-de-edital-em-2017\/\"},\"author\":{\"name\":\"Andr\u00e9 Chaves\",\"@id\":\"https:\/\/www.estrategiaconcursos.com.br\/blog\/#\/schema\/person\/c38071485d764dabe092aa905d72cf03\"},\"headline\":\"Olho nos Tribunais da Justi\u00e7a do Trabalho &#8211; Mat\u00e9rias cobradas, convoca\u00e7\u00f5es e chances de Edital em 2017\",\"datePublished\":\"2017-02-02T11:45:43+00:00\",\"dateModified\":\"2017-02-08T17:47:45+00:00\",\"mainEntityOfPage\":{\"@id\":\"https:\/\/www.estrategiaconcursos.com.br\/blog\/olho-nos-tribunais-da-justica-do-trabalho-materias-cobradas-convocacoes-e-chances-de-edital-em-2017\/\"},\"wordCount\":1093,\"commentCount\":18,\"publisher\":{\"@id\":\"https:\/\/www.estrategiaconcursos.com.br\/blog\/#organization\"},\"image\":{\"@id\":\"https:\/\/www.estrategiaconcursos.com.br\/blog\/olho-nos-tribunais-da-justica-do-trabalho-materias-cobradas-convocacoes-e-chances-de-edital-em-2017\/#primaryimage\"},\"thumbnailUrl\":\"https:\/\/www.estrategiaconcursos.com.br\/blog\/wp-content\/uploads\/2017\/02\/cargos-e1486035765463.png\",\"keywords\":[\"concursos de tribunais\",\"Concursos TRT\",\"TSE\"],\"articleSection\":[\"Concursos P\u00fablicos\",\"Tribunais\"],\"inLanguage\":\"pt-BR\",\"potentialAction\":[{\"@type\":\"CommentAction\",\"name\":\"Comment\",\"target\":[\"https:\/\/www.estrategiaconcursos.com.br\/blog\/olho-nos-tribunais-da-justica-do-trabalho-materias-cobradas-convocacoes-e-chances-de-edital-em-2017\/#respond\"]}],\"copyrightYear\":\"2017\",\"copyrightHolder\":{\"@id\":\"https:\/\/www.estrategiaconcursos.com.br\/blog\/#organization\"}},{\"@type\":\"WebPage\",\"@id\":\"https:\/\/www.estrategiaconcursos.com.br\/blog\/olho-nos-tribunais-da-justica-do-trabalho-materias-cobradas-convocacoes-e-chances-de-edital-em-2017\/\",\"url\":\"https:\/\/www.estrategiaconcursos.com.br\/blog\/olho-nos-tribunais-da-justica-do-trabalho-materias-cobradas-convocacoes-e-chances-de-edital-em-2017\/\",\"name\":\"Olho nos Tribunais da Justi\u00e7a do Trabalho - Mat\u00e9rias cobradas, convoca\u00e7\u00f5es e chances de Edital em 2017\",\"isPartOf\":{\"@id\":\"https:\/\/www.estrategiaconcursos.com.br\/blog\/#website\"},\"primaryImageOfPage\":{\"@id\":\"https:\/\/www.estrategiaconcursos.com.br\/blog\/olho-nos-tribunais-da-justica-do-trabalho-materias-cobradas-convocacoes-e-chances-de-edital-em-2017\/#primaryimage\"},\"image\":{\"@id\":\"https:\/\/www.estrategiaconcursos.com.br\/blog\/olho-nos-tribunais-da-justica-do-trabalho-materias-cobradas-convocacoes-e-chances-de-edital-em-2017\/#primaryimage\"},\"thumbnailUrl\":\"https:\/\/www.estrategiaconcursos.com.br\/blog\/wp-content\/uploads\/2017\/02\/cargos-e1486035765463.png\",\"datePublished\":\"2017-02-02T11:45:43+00:00\",\"dateModified\":\"2017-02-08T17:47:45+00:00\",\"breadcrumb\":{\"@id\":\"https:\/\/www.estrategiaconcursos.com.br\/blog\/olho-nos-tribunais-da-justica-do-trabalho-materias-cobradas-convocacoes-e-chances-de-edital-em-2017\/#breadcrumb\"},\"inLanguage\":\"pt-BR\",\"potentialAction\":[{\"@type\":\"ReadAction\",\"target\":[\"https:\/\/www.estrategiaconcursos.com.br\/blog\/olho-nos-tribunais-da-justica-do-trabalho-materias-cobradas-convocacoes-e-chances-de-edital-em-2017\/\"]}]},{\"@type\":\"ImageObject\",\"inLanguage\":\"pt-BR\",\"@id\":\"https:\/\/www.estrategiaconcursos.com.br\/blog\/olho-nos-tribunais-da-justica-do-trabalho-materias-cobradas-convocacoes-e-chances-de-edital-em-2017\/#primaryimage\",\"url\":\"https:\/\/dhg1h5j42swfq.cloudfront.net\/2017\/02\/02084142\/cargos-e1486035765463.png\",\"contentUrl\":\"https:\/\/dhg1h5j42swfq.cloudfront.net\/2017\/02\/02084142\/cargos-e1486035765463.png\",\"width\":500,\"height\":88},{\"@type\":\"BreadcrumbList\",\"@id\":\"https:\/\/www.estrategiaconcursos.com.br\/blog\/olho-nos-tribunais-da-justica-do-trabalho-materias-cobradas-convocacoes-e-chances-de-edital-em-2017\/#breadcrumb\",\"itemListElement\":[{\"@type\":\"ListItem\",\"position\":1,\"name\":\"In\u00edcio\",\"item\":\"https:\/\/www.estrategiaconcursos.com.br\/blog\/\"},{\"@type\":\"ListItem\",\"position\":2,\"name\":\"Olho nos Tribunais da Justi\u00e7a do Trabalho &#8211; Mat\u00e9rias cobradas, convoca\u00e7\u00f5es e chances de Edital em 2017\"}]},{\"@type\":\"WebSite\",\"@id\":\"https:\/\/www.estrategiaconcursos.com.br\/blog\/#website\",\"url\":\"https:\/\/www.estrategiaconcursos.com.br\/blog\/\",\"name\":\"Estrat\u00e9gia Concursos\",\"description\":\"O blog da Estrat\u00e9gia Concursos traz not\u00edcias sobre concursos e artigos de professores oferecendo cursos para concursos (pdf + videaulas) no site.\",\"publisher\":{\"@id\":\"https:\/\/www.estrategiaconcursos.com.br\/blog\/#organization\"},\"potentialAction\":[{\"@type\":\"SearchAction\",\"target\":{\"@type\":\"EntryPoint\",\"urlTemplate\":\"https:\/\/www.estrategiaconcursos.com.br\/blog\/?s={search_term_string}\"},\"query-input\":{\"@type\":\"PropertyValueSpecification\",\"valueRequired\":true,\"valueName\":\"search_term_string\"}}],\"inLanguage\":\"pt-BR\"},{\"@type\":\"Organization\",\"@id\":\"https:\/\/www.estrategiaconcursos.com.br\/blog\/#organization\",\"name\":\"Estrat\u00e9gia Concursos\",\"url\":\"https:\/\/www.estrategiaconcursos.com.br\/blog\/\",\"logo\":{\"@type\":\"ImageObject\",\"inLanguage\":\"pt-BR\",\"@id\":\"https:\/\/www.estrategiaconcursos.com.br\/blog\/#\/schema\/logo\/image\/\",\"url\":\"https:\/\/dhg1h5j42swfq.cloudfront.net\/2025\/06\/03203428\/logo_concursos-1.jpg\",\"contentUrl\":\"https:\/\/dhg1h5j42swfq.cloudfront.net\/2025\/06\/03203428\/logo_concursos-1.jpg\",\"width\":230,\"height\":60,\"caption\":\"Estrat\u00e9gia Concursos\"},\"image\":{\"@id\":\"https:\/\/www.estrategiaconcursos.com.br\/blog\/#\/schema\/logo\/image\/\"},\"sameAs\":[\"https:\/\/x.com\/EstratConcursos\"]},{\"@type\":\"Person\",\"@id\":\"https:\/\/www.estrategiaconcursos.com.br\/blog\/#\/schema\/person\/c38071485d764dabe092aa905d72cf03\",\"name\":\"Andr\u00e9 Chaves\",\"image\":{\"@type\":\"ImageObject\",\"inLanguage\":\"pt-BR\",\"@id\":\"https:\/\/secure.gravatar.com\/avatar\/4ea3271d1e92e51b1142ce4d666c070eafd2362d31ce76d859c1d83d751ae8ae?s=96&d=mm&r=g\",\"url\":\"https:\/\/secure.gravatar.com\/avatar\/4ea3271d1e92e51b1142ce4d666c070eafd2362d31ce76d859c1d83d751ae8ae?s=96&d=mm&r=g\",\"contentUrl\":\"https:\/\/secure.gravatar.com\/avatar\/4ea3271d1e92e51b1142ce4d666c070eafd2362d31ce76d859c1d83d751ae8ae?s=96&d=mm&r=g\",\"caption\":\"Andr\u00e9 Chaves\"},\"url\":\"https:\/\/www.estrategiaconcursos.com.br\/blog\/author\/andrechavesestrategiaconcursos-com-br\/\"}]}<\/script>\n<!-- \/ Yoast SEO Premium plugin. -->","yoast_head_json":{"title":"Olho nos Tribunais da Justi\u00e7a do Trabalho - Mat\u00e9rias cobradas, convoca\u00e7\u00f5es e chances de Edital em 2017","robots":{"index":"index","follow":"follow","max-snippet":"max-snippet:-1","max-image-preview":"max-image-preview:large","max-video-preview":"max-video-preview:-1"},"canonical":"https:\/\/www.estrategiaconcursos.com.br\/blog\/olho-nos-tribunais-da-justica-do-trabalho-materias-cobradas-convocacoes-e-chances-de-edital-em-2017\/","og_locale":"pt_BR","og_type":"article","og_title":"Olho nos Tribunais da Justi\u00e7a do Trabalho - Mat\u00e9rias cobradas, convoca\u00e7\u00f5es e chances de Edital em 2017","og_description":"&nbsp; Fala galera! Ap&oacute;s o post sobre Tribunais da Justi&ccedil;a Eleitoral chegou a hora da Justi&ccedil;a do Trabalho. Mais uma vez compartilho com voc&ecirc;s informa&ccedil;&otilde;es relevantes que utilizo para direcionar meus alunos (coachees) sobre perspectivas da &aacute;rea&nbsp;bem como para planejar e montar os ciclos de mat&eacute;rias a serem estudadas. O resumo abaixo traz dados do [&hellip;]","og_url":"https:\/\/www.estrategiaconcursos.com.br\/blog\/olho-nos-tribunais-da-justica-do-trabalho-materias-cobradas-convocacoes-e-chances-de-edital-em-2017\/","og_site_name":"Estrat\u00e9gia Concursos","article_published_time":"2017-02-02T11:45:43+00:00","article_modified_time":"2017-02-08T17:47:45+00:00","og_image":[{"url":"https:\/\/www.estrategiaconcursos.com.br\/blog\/wp-content\/uploads\/2017\/02\/cargos-e1486035765463.png","type":"","width":"","height":""}],"author":"Andr\u00e9 Chaves","twitter_card":"summary_large_image","twitter_creator":"@EstratConcursos","twitter_site":"@EstratConcursos","twitter_misc":{"Escrito por":"Andr\u00e9 Chaves","Est. tempo de leitura":"5 minutos"},"schema":{"@context":"https:\/\/schema.org","@graph":[{"@type":"NewsArticle","@id":"https:\/\/www.estrategiaconcursos.com.br\/blog\/olho-nos-tribunais-da-justica-do-trabalho-materias-cobradas-convocacoes-e-chances-de-edital-em-2017\/#article","isPartOf":{"@id":"https:\/\/www.estrategiaconcursos.com.br\/blog\/olho-nos-tribunais-da-justica-do-trabalho-materias-cobradas-convocacoes-e-chances-de-edital-em-2017\/"},"author":{"name":"Andr\u00e9 Chaves","@id":"https:\/\/www.estrategiaconcursos.com.br\/blog\/#\/schema\/person\/c38071485d764dabe092aa905d72cf03"},"headline":"Olho nos Tribunais da Justi\u00e7a do Trabalho &#8211; Mat\u00e9rias cobradas, convoca\u00e7\u00f5es e chances de Edital em 2017","datePublished":"2017-02-02T11:45:43+00:00","dateModified":"2017-02-08T17:47:45+00:00","mainEntityOfPage":{"@id":"https:\/\/www.estrategiaconcursos.com.br\/blog\/olho-nos-tribunais-da-justica-do-trabalho-materias-cobradas-convocacoes-e-chances-de-edital-em-2017\/"},"wordCount":1093,"commentCount":18,"publisher":{"@id":"https:\/\/www.estrategiaconcursos.com.br\/blog\/#organization"},"image":{"@id":"https:\/\/www.estrategiaconcursos.com.br\/blog\/olho-nos-tribunais-da-justica-do-trabalho-materias-cobradas-convocacoes-e-chances-de-edital-em-2017\/#primaryimage"},"thumbnailUrl":"https:\/\/www.estrategiaconcursos.com.br\/blog\/wp-content\/uploads\/2017\/02\/cargos-e1486035765463.png","keywords":["concursos de tribunais","Concursos TRT","TSE"],"articleSection":["Concursos P\u00fablicos","Tribunais"],"inLanguage":"pt-BR","potentialAction":[{"@type":"CommentAction","name":"Comment","target":["https:\/\/www.estrategiaconcursos.com.br\/blog\/olho-nos-tribunais-da-justica-do-trabalho-materias-cobradas-convocacoes-e-chances-de-edital-em-2017\/#respond"]}],"copyrightYear":"2017","copyrightHolder":{"@id":"https:\/\/www.estrategiaconcursos.com.br\/blog\/#organization"}},{"@type":"WebPage","@id":"https:\/\/www.estrategiaconcursos.com.br\/blog\/olho-nos-tribunais-da-justica-do-trabalho-materias-cobradas-convocacoes-e-chances-de-edital-em-2017\/","url":"https:\/\/www.estrategiaconcursos.com.br\/blog\/olho-nos-tribunais-da-justica-do-trabalho-materias-cobradas-convocacoes-e-chances-de-edital-em-2017\/","name":"Olho nos Tribunais da Justi\u00e7a do Trabalho - Mat\u00e9rias cobradas, convoca\u00e7\u00f5es e chances de Edital em 2017","isPartOf":{"@id":"https:\/\/www.estrategiaconcursos.com.br\/blog\/#website"},"primaryImageOfPage":{"@id":"https:\/\/www.estrategiaconcursos.com.br\/blog\/olho-nos-tribunais-da-justica-do-trabalho-materias-cobradas-convocacoes-e-chances-de-edital-em-2017\/#primaryimage"},"image":{"@id":"https:\/\/www.estrategiaconcursos.com.br\/blog\/olho-nos-tribunais-da-justica-do-trabalho-materias-cobradas-convocacoes-e-chances-de-edital-em-2017\/#primaryimage"},"thumbnailUrl":"https:\/\/www.estrategiaconcursos.com.br\/blog\/wp-content\/uploads\/2017\/02\/cargos-e1486035765463.png","datePublished":"2017-02-02T11:45:43+00:00","dateModified":"2017-02-08T17:47:45+00:00","breadcrumb":{"@id":"https:\/\/www.estrategiaconcursos.com.br\/blog\/olho-nos-tribunais-da-justica-do-trabalho-materias-cobradas-convocacoes-e-chances-de-edital-em-2017\/#breadcrumb"},"inLanguage":"pt-BR","potentialAction":[{"@type":"ReadAction","target":["https:\/\/www.estrategiaconcursos.com.br\/blog\/olho-nos-tribunais-da-justica-do-trabalho-materias-cobradas-convocacoes-e-chances-de-edital-em-2017\/"]}]},{"@type":"ImageObject","inLanguage":"pt-BR","@id":"https:\/\/www.estrategiaconcursos.com.br\/blog\/olho-nos-tribunais-da-justica-do-trabalho-materias-cobradas-convocacoes-e-chances-de-edital-em-2017\/#primaryimage","url":"https:\/\/dhg1h5j42swfq.cloudfront.net\/2017\/02\/02084142\/cargos-e1486035765463.png","contentUrl":"https:\/\/dhg1h5j42swfq.cloudfront.net\/2017\/02\/02084142\/cargos-e1486035765463.png","width":500,"height":88},{"@type":"BreadcrumbList","@id":"https:\/\/www.estrategiaconcursos.com.br\/blog\/olho-nos-tribunais-da-justica-do-trabalho-materias-cobradas-convocacoes-e-chances-de-edital-em-2017\/#breadcrumb","itemListElement":[{"@type":"ListItem","position":1,"name":"In\u00edcio","item":"https:\/\/www.estrategiaconcursos.com.br\/blog\/"},{"@type":"ListItem","position":2,"name":"Olho nos Tribunais da Justi\u00e7a do Trabalho &#8211; Mat\u00e9rias cobradas, convoca\u00e7\u00f5es e chances de Edital em 2017"}]},{"@type":"WebSite","@id":"https:\/\/www.estrategiaconcursos.com.br\/blog\/#website","url":"https:\/\/www.estrategiaconcursos.com.br\/blog\/","name":"Estrat\u00e9gia Concursos","description":"O blog da Estrat\u00e9gia Concursos traz not\u00edcias sobre concursos e artigos de professores oferecendo cursos para concursos (pdf + videaulas) no site.","publisher":{"@id":"https:\/\/www.estrategiaconcursos.com.br\/blog\/#organization"},"potentialAction":[{"@type":"SearchAction","target":{"@type":"EntryPoint","urlTemplate":"https:\/\/www.estrategiaconcursos.com.br\/blog\/?s={search_term_string}"},"query-input":{"@type":"PropertyValueSpecification","valueRequired":true,"valueName":"search_term_string"}}],"inLanguage":"pt-BR"},{"@type":"Organization","@id":"https:\/\/www.estrategiaconcursos.com.br\/blog\/#organization","name":"Estrat\u00e9gia Concursos","url":"https:\/\/www.estrategiaconcursos.com.br\/blog\/","logo":{"@type":"ImageObject","inLanguage":"pt-BR","@id":"https:\/\/www.estrategiaconcursos.com.br\/blog\/#\/schema\/logo\/image\/","url":"https:\/\/dhg1h5j42swfq.cloudfront.net\/2025\/06\/03203428\/logo_concursos-1.jpg","contentUrl":"https:\/\/dhg1h5j42swfq.cloudfront.net\/2025\/06\/03203428\/logo_concursos-1.jpg","width":230,"height":60,"caption":"Estrat\u00e9gia Concursos"},"image":{"@id":"https:\/\/www.estrategiaconcursos.com.br\/blog\/#\/schema\/logo\/image\/"},"sameAs":["https:\/\/x.com\/EstratConcursos"]},{"@type":"Person","@id":"https:\/\/www.estrategiaconcursos.com.br\/blog\/#\/schema\/person\/c38071485d764dabe092aa905d72cf03","name":"Andr\u00e9 Chaves","image":{"@type":"ImageObject","inLanguage":"pt-BR","@id":"https:\/\/secure.gravatar.com\/avatar\/4ea3271d1e92e51b1142ce4d666c070eafd2362d31ce76d859c1d83d751ae8ae?s=96&d=mm&r=g","url":"https:\/\/secure.gravatar.com\/avatar\/4ea3271d1e92e51b1142ce4d666c070eafd2362d31ce76d859c1d83d751ae8ae?s=96&d=mm&r=g","contentUrl":"https:\/\/secure.gravatar.com\/avatar\/4ea3271d1e92e51b1142ce4d666c070eafd2362d31ce76d859c1d83d751ae8ae?s=96&d=mm&r=g","caption":"Andr\u00e9 Chaves"},"url":"https:\/\/www.estrategiaconcursos.com.br\/blog\/author\/andrechavesestrategiaconcursos-com-br\/"}]}},"_links":{"self":[{"href":"https:\/\/www.estrategiaconcursos.com.br\/blog\/wp-json\/wp\/v2\/posts\/63475","targetHints":{"allow":["GET"]}}],"collection":[{"href":"https:\/\/www.estrategiaconcursos.com.br\/blog\/wp-json\/wp\/v2\/posts"}],"about":[{"href":"https:\/\/www.estrategiaconcursos.com.br\/blog\/wp-json\/wp\/v2\/types\/post"}],"author":[{"embeddable":true,"href":"https:\/\/www.estrategiaconcursos.com.br\/blog\/wp-json\/wp\/v2\/users\/412"}],"replies":[{"embeddable":true,"href":"https:\/\/www.estrategiaconcursos.com.br\/blog\/wp-json\/wp\/v2\/comments?post=63475"}],"version-history":[{"count":8,"href":"https:\/\/www.estrategiaconcursos.com.br\/blog\/wp-json\/wp\/v2\/posts\/63475\/revisions"}],"predecessor-version":[{"id":63552,"href":"https:\/\/www.estrategiaconcursos.com.br\/blog\/wp-json\/wp\/v2\/posts\/63475\/revisions\/63552"}],"wp:attachment":[{"href":"https:\/\/www.estrategiaconcursos.com.br\/blog\/wp-json\/wp\/v2\/media?parent=63475"}],"wp:term":[{"taxonomy":"category","embeddable":true,"href":"https:\/\/www.estrategiaconcursos.com.br\/blog\/wp-json\/wp\/v2\/categories?post=63475"},{"taxonomy":"post_tag","embeddable":true,"href":"https:\/\/www.estrategiaconcursos.com.br\/blog\/wp-json\/wp\/v2\/tags?post=63475"},{"taxonomy":"tax_estado","embeddable":true,"href":"https:\/\/www.estrategiaconcursos.com.br\/blog\/wp-json\/wp\/v2\/tax_estado?post=63475"}],"curies":[{"name":"wp","href":"https:\/\/api.w.org\/{rel}","templated":true}]}}