{"id":633756,"date":"2021-12-03T16:04:00","date_gmt":"2021-12-03T19:04:00","guid":{"rendered":"https:\/\/www.estrategiaconcursos.com.br\/blog\/?p=633756"},"modified":"2024-03-07T15:00:50","modified_gmt":"2024-03-07T18:00:50","slug":"concurso-prefeitura-jardim-ce","status":"publish","type":"post","link":"https:\/\/www.estrategiaconcursos.com.br\/blog\/concurso-prefeitura-jardim-ce\/","title":{"rendered":"Concurso Jardim CE: provas ser\u00e3o aplicadas em janeiro\/2022"},"content":{"rendered":"\n<p>Os candidatos inscritos no concurso da Prefeitura de Jardim, no Cear\u00e1, devem realizar as provas objetivas em janeiro de 2022. A informa\u00e7\u00e3o foi divulgada pela banca organizadora do certame, a Universidade Regional do Cariri (URCA).<\/p>\n\n\n\n<p>Al\u00e9m disso, o \u00f3rg\u00e3o informou que o aditivo com o novo cronograma do concurso ser\u00e1 divulgado at\u00e9, no m\u00e1ximo, 30 dias antes da aplica\u00e7\u00e3o das provas.<\/p>\n\n\n\n<p>A banca organizadora tamb\u00e9m deve divulgar a listagem de inscri\u00e7\u00f5es deferidas e indeferidas, abertura de prazo para interposi\u00e7\u00e3o de recurso das inscri\u00e7\u00f5es indeferidas e publica\u00e7\u00e3o da concorr\u00eancia final do certame.<\/p>\n\n\n\n<ul class=\"has-background wp-block-list\" style=\"background:linear-gradient(135deg,rgb(252,185,0) 40%,rgb(255,105,0) 100%)\"><li><strong>Prefeitura Municipal de Jardim CE<\/strong><\/li><li><strong>Status:<\/strong> em andamento<\/li><li><strong>Banca:<\/strong> <a href=\"http:\/\/www.urca.br\/portal2\/\" target=\"_blank\" rel=\"noreferrer noopener\">URCA<\/a><\/li><li><strong>Vagas:<\/strong> 104 + CR <\/li><li><strong>Remunera\u00e7\u00e3o inicial:<\/strong> R$ 1.045,00 a R$ 10.118,86<\/li><li><strong>Edital<\/strong>: <a href=\"https:\/\/dhg1h5j42swfq.cloudfront.net\/2020\/12\/18102951\/edital_concurso_jardim_ce_2020.pdf\" target=\"_blank\" rel=\"noreferrer noopener nofollow\">Edital Prefeitura de Jardim<\/a> <\/li><\/ul>\n\n\n\n<p>O edital oferta<strong> 104 vagas imediatas <\/strong>mais forma\u00e7\u00e3o de <strong>cadastro reserva<\/strong> para diversos cargos de n\u00edveis fundamental, m\u00e9dio, t\u00e9cnico e superior. Os sal\u00e1rios variam de<strong> R$ 1.045,00 a R$ 10.118,86<\/strong>.<\/p>\n\n\n\n<p>Os aprovados ser\u00e3o lotados nas secretarias de Sa\u00fade, Finan\u00e7as, Assist\u00eancia Social, Educa\u00e7\u00e3o, de Obras, de Meio Ambiente, de Administra\u00e7\u00e3o, Controladoria do Munic\u00edpio, Procuradoria e no Servi\u00e7o aut\u00f4nomo de \u00c1gua e Esgoto.<\/p>\n\n\n\n<p>Ao longo deste artigo reunimos as principais informa\u00e7\u00f5es sobre o concurso da prefeitura de Jardim CE. Acompanhe pelos t\u00f3picos abaixo e n\u00e3o perca nada:<\/p>\n\n\n\n<ul class=\"wp-block-list\" id=\"indice\"><li><a href=\"#h-situa-o-atual-do-concurso-jardim\">Situa\u00e7\u00e3o atual do concurso<\/a><ul><li><a href=\"#h-principais-datas\">Principais datas<\/a><\/li><\/ul><\/li><li><a href=\"#h-distribui-o-das-vagas-do-concurso-jardim\">Distribui\u00e7\u00e3o das vagas<\/a><ul><li><a href=\"#h-n-vel-fundamental\">Fundamental<\/a><\/li><li><a href=\"#h-n-vel-m-dio\">M\u00e9dio<\/a><\/li><li><a href=\"#h-n-vel-t-cnico\">T\u00e9cnico<\/a><\/li><li><a href=\"#h-n-vel-superior\">Superior<\/a><\/li><\/ul><\/li><li><a href=\"#h-etapas-do-concurso-jardim\">Etapas do concurso<\/a><ul><li><a href=\"#h-prova-objetiva\">Prova Objetiva<\/a><\/li><li><a href=\"#h-prova-subjetiva\">Prova Subjetiva<\/a><\/li><li><a href=\"#h-prova-pr-tica\">Prova Pr\u00e1tica<\/a><\/li><li><a href=\"#h-prova-de-t-tulos\">Prova de T\u00edtulos<\/a><\/li><\/ul><\/li><li><a href=\"#cursos\">Assinatura e cursos<\/a><\/li><li><a href=\"#ficha-tecnica\">Ficha t\u00e9cnica<\/a><\/li><\/ul>\n\n\n\n<div class=\"container\" id=\"boxes\">\n  <div class=\"row\">\n\n    <div class=\"col-sm\">\n      <div class=\"banner-estrategia\" id=\"box-assinatura\">\n        <h3 class=\"titulo-assinatura\">Concurso Prefeitura de Jardim<\/h3>\n        <p class=\"subtitulo-assinatura\">Estude conosco<\/p>\n        <div class=\"box-botao\">\n          <a class=\"btn-assinatura\" target=\"_blank\" href=\"https:\/\/www.estrategiaconcursos.com.br\/cursos\/\" role=\"button\" rel=\"noopener noreferrer\">Conhe\u00e7a os cursos<\/a>\n        <\/div>\n      <\/div>\n     \n    <\/div>\n\n  <\/div>\n<\/div>\n\n\n\n<h2 class=\"wp-block-heading\" id=\"h-situa-o-atual-do-concurso-jardim\">Situa\u00e7\u00e3o atual do concurso Jardim<\/h2>\n\n\n\n<h3 class=\"wp-block-heading\" id=\"h-principais-datas\">Principais datas<\/h3>\n\n\n\n<ul class=\"wp-block-list\"><li><strong>Inscri\u00e7\u00f5es:<\/strong> <s>10 de junho a 25 de julho <\/s><\/li><li><strong>Isen\u00e7\u00e3o da taxa:<\/strong> <s>11 a 13 de janeiro<\/s><\/li><li><strong>\u00daltimo dia para pagamento:<\/strong> <s>at\u00e9 06 de agosto <\/s><\/li><li><strong>Data da prova:<\/strong> em janeiro (data a definir)<\/li><\/ul>\n\n\n\n<p class=\"has-background\" style=\"background-color:#ececec;font-size:clamp(14px, 0.875rem + ((1vw - 3.2px) * 0.392), 18px);\"><em><a href=\"https:\/\/dhg1h5j42swfq.cloudfront.net\/2021\/12\/03164555\/comunicado_3-1.pdf\" target=\"_blank\" rel=\"noreferrer noopener nofollow\"><strong>Comunicado acerca do adiamento das provas<\/strong><\/a><\/em><\/p>\n\n\n\n<h2 class=\"wp-block-heading\" id=\"h-distribui-o-das-vagas-do-concurso-jardim\">Distribui\u00e7\u00e3o das vagas do concurso Jardim<\/h2>\n\n\n\n<h3 class=\"wp-block-heading\" id=\"h-n-vel-fundamental\">N\u00edvel fundamental<\/h3>\n\n\n\n<figure class=\"wp-block-table is-style-stripes\"><table class=\"has-background has-fixed-layout\" style=\"background-color:#e7f5fe\"><thead><tr><th class=\"has-text-align-center\" data-align=\"center\">Cargos<\/th><th class=\"has-text-align-center\" data-align=\"center\">Vagas<\/th><th class=\"has-text-align-center\" data-align=\"center\">Sal\u00e1rio base<\/th><th class=\"has-text-align-center\" data-align=\"center\">Lota\u00e7\u00e3o<\/th><\/tr><\/thead><tbody><tr><td class=\"has-text-align-center\" data-align=\"center\">Auxiliar de Servi\u00e7os Gerais<\/td><td class=\"has-text-align-center\" data-align=\"center\">1<\/td><td class=\"has-text-align-center\" data-align=\"center\">1.045,00<\/td><td class=\"has-text-align-center\" data-align=\"center\">Secretaria de Sa\u00fade<\/td><\/tr><tr><td class=\"has-text-align-center\" data-align=\"center\">Pedreiro<\/td><td class=\"has-text-align-center\" data-align=\"center\">1<\/td><td class=\"has-text-align-center\" data-align=\"center\">1.045,00<\/td><td class=\"has-text-align-center\" data-align=\"center\">SAAEJ<\/td><\/tr><tr><td class=\"has-text-align-center\" data-align=\"center\">Zelador de Fontes<\/td><td class=\"has-text-align-center\" data-align=\"center\">2<\/td><td class=\"has-text-align-center\" data-align=\"center\">1.045,00<\/td><td class=\"has-text-align-center\" data-align=\"center\">SAAEJ<\/td><\/tr><\/tbody><\/table><\/figure>\n\n\n\n<h3 class=\"wp-block-heading\" id=\"h-n-vel-m-dio\">N\u00edvel m\u00e9dio<\/h3>\n\n\n\n<figure class=\"wp-block-table is-style-stripes\"><table class=\"has-background has-fixed-layout\" style=\"background-color:#e7f5fe\"><thead><tr><th class=\"has-text-align-center\" data-align=\"center\">Cargos<\/th><th class=\"has-text-align-center\" data-align=\"center\">Vagas<\/th><th class=\"has-text-align-center\" data-align=\"center\">Sal\u00e1rio base<\/th><th class=\"has-text-align-center\" data-align=\"center\">Lota\u00e7\u00e3o<\/th><\/tr><\/thead><tbody><tr><td class=\"has-text-align-center\" data-align=\"center\">Motorista I<\/td><td class=\"has-text-align-center\" data-align=\"center\">10<\/td><td class=\"has-text-align-center\" data-align=\"center\">1.195,77<\/td><td class=\"has-text-align-center\" data-align=\"center\">Secretaria de Adm.<\/td><\/tr><tr><td class=\"has-text-align-center\" data-align=\"center\">Motorista III<\/td><td class=\"has-text-align-center\" data-align=\"center\">7<\/td><td class=\"has-text-align-center\" data-align=\"center\">1.498,28<\/td><td class=\"has-text-align-center\" data-align=\"center\">Secretaria de Adm.<\/td><\/tr><tr><td class=\"has-text-align-center\" data-align=\"center\">Agente<br \/>Administrativo<\/td><td class=\"has-text-align-center\" data-align=\"center\">CR<\/td><td class=\"has-text-align-center\" data-align=\"center\">1.328,60<\/td><td class=\"has-text-align-center\" data-align=\"center\">Secretaria de Adm.<\/td><\/tr><tr><td class=\"has-text-align-center\" data-align=\"center\">Educador<br \/>social<\/td><td class=\"has-text-align-center\" data-align=\"center\">8<\/td><td class=\"has-text-align-center\" data-align=\"center\">1.045,00<\/td><td class=\"has-text-align-center\" data-align=\"center\">Secretaria de Ass. Social<\/td><\/tr><tr><td class=\"has-text-align-center\" data-align=\"center\">Auxiliar de<br \/>Sala<\/td><td class=\"has-text-align-center\" data-align=\"center\">21<\/td><td class=\"has-text-align-center\" data-align=\"center\">1.328,60<\/td><td class=\"has-text-align-center\" data-align=\"center\">Secretaria de Educa\u00e7\u00e3o<\/td><\/tr><tr><td class=\"has-text-align-center\" data-align=\"center\">Porteiro<\/td><td class=\"has-text-align-center\" data-align=\"center\">5<\/td><td class=\"has-text-align-center\" data-align=\"center\">1.045,00<\/td><td class=\"has-text-align-center\" data-align=\"center\">Secretaria de Educa\u00e7\u00e3o<\/td><\/tr><tr><td class=\"has-text-align-center\" data-align=\"center\">Int\u00e9rprete de<br \/>Libras<\/td><td class=\"has-text-align-center\" data-align=\"center\">1<\/td><td class=\"has-text-align-center\" data-align=\"center\">1.045,00<\/td><td class=\"has-text-align-center\" data-align=\"center\">Secretaria de Educa\u00e7\u00e3o<\/td><\/tr><tr><td class=\"has-text-align-center\" data-align=\"center\">Fiscal de Tributos e<br \/>Arrecada\u00e7\u00e3o<\/td><td class=\"has-text-align-center\" data-align=\"center\">CR<\/td><td class=\"has-text-align-center\" data-align=\"center\">1.045,00<\/td><td class=\"has-text-align-center\" data-align=\"center\">Secretaria de Finan\u00e7as<\/td><\/tr><tr><td class=\"has-text-align-center\" data-align=\"center\">Operador de M\u00e1quinas<\/td><td class=\"has-text-align-center\" data-align=\"center\">2<\/td><td class=\"has-text-align-center\" data-align=\"center\">1.505,18<\/td><td class=\"has-text-align-center\" data-align=\"center\">Secretaria de Obras<\/td><\/tr><tr><td class=\"has-text-align-center\" data-align=\"center\">Fiscal Sanit\u00e1rio<\/td><td class=\"has-text-align-center\" data-align=\"center\">CR<\/td><td class=\"has-text-align-center\" data-align=\"center\">1.045,00<\/td><td class=\"has-text-align-center\" data-align=\"center\">Secretaria de Sa\u00fade<\/td><\/tr><tr><td class=\"has-text-align-center\" data-align=\"center\">Encanador Auxiliar de<br \/>Manuten\u00e7\u00e3o e<br \/>Abastecimento<\/td><td class=\"has-text-align-center\" data-align=\"center\">4<\/td><td class=\"has-text-align-center\" data-align=\"center\">1.045,00<\/td><td class=\"has-text-align-center\" data-align=\"center\">SAAEJ<\/td><\/tr><\/tbody><\/table><\/figure>\n\n\n\n<h3 class=\"wp-block-heading\" id=\"h-n-vel-t-cnico\">N\u00edvel t\u00e9cnico<\/h3>\n\n\n\n<figure class=\"wp-block-table is-style-stripes\"><table class=\"has-background has-fixed-layout\" style=\"background-color:#e7f5fe\"><thead><tr><th class=\"has-text-align-center\" data-align=\"center\">Cargos<\/th><th class=\"has-text-align-center\" data-align=\"center\">Vagas<\/th><th class=\"has-text-align-center\" data-align=\"center\">Sal\u00e1rio base<\/th><th class=\"has-text-align-center\" data-align=\"center\">Lota\u00e7\u00e3o<\/th><\/tr><\/thead><tbody><tr><td class=\"has-text-align-center\" data-align=\"center\">T\u00e9cnico em Inform\u00e1tica<\/td><td class=\"has-text-align-center\" data-align=\"center\">1<\/td><td class=\"has-text-align-center\" data-align=\"center\">1.045,00<\/td><td class=\"has-text-align-center\" data-align=\"center\">Secretaria de Adm.<\/td><\/tr><tr><td class=\"has-text-align-center\" data-align=\"center\">T\u00e9cnico em Enfermagem<\/td><td class=\"has-text-align-center\" data-align=\"center\">3<\/td><td class=\"has-text-align-center\" data-align=\"center\">1.153,81<\/td><td class=\"has-text-align-center\" data-align=\"center\">Secretaria de Sa\u00fade<\/td><\/tr><tr><td class=\"has-text-align-center\" data-align=\"center\">T\u00e9cnico em sa\u00fade bucal<\/td><td class=\"has-text-align-center\" data-align=\"center\">2<\/td><td class=\"has-text-align-center\" data-align=\"center\">1.045,00<\/td><td class=\"has-text-align-center\" data-align=\"center\">Secretaria de Sa\u00fade<\/td><\/tr><\/tbody><\/table><\/figure>\n\n\n\n<h3 class=\"wp-block-heading\" id=\"h-n-vel-superior\">N\u00edvel superior<\/h3>\n\n\n\n<figure class=\"wp-block-table is-style-stripes\"><table class=\"has-background has-fixed-layout\" style=\"background-color:#e7f5fe\"><thead><tr><th class=\"has-text-align-center\" data-align=\"center\">Cargos<\/th><th class=\"has-text-align-center\" data-align=\"center\">Vagas<\/th><th class=\"has-text-align-center\" data-align=\"center\">Sal\u00e1rio base<\/th><th class=\"has-text-align-center\" data-align=\"center\">Lota\u00e7\u00e3o<\/th><\/tr><\/thead><tbody><tr><td class=\"has-text-align-center\" data-align=\"center\">Analista de Controle Interno<\/td><td class=\"has-text-align-center\" data-align=\"center\">1<\/td><td class=\"has-text-align-center\" data-align=\"center\">2.000,00<\/td><td class=\"has-text-align-center\" data-align=\"center\">CGM<\/td><\/tr><tr><td class=\"has-text-align-center\" data-align=\"center\">Advogado<\/td><td class=\"has-text-align-center\" data-align=\"center\">1<\/td><td class=\"has-text-align-center\" data-align=\"center\">1.800,00<\/td><td class=\"has-text-align-center\" data-align=\"center\">Secretaria de Ass. Social<\/td><\/tr><tr><td class=\"has-text-align-center\" data-align=\"center\">Assistente Social<\/td><td class=\"has-text-align-center\" data-align=\"center\">5<\/td><td class=\"has-text-align-center\" data-align=\"center\">1.500,00<\/td><td class=\"has-text-align-center\" data-align=\"center\">Secretaria de Ass. Social<\/td><\/tr><tr><td class=\"has-text-align-center\" data-align=\"center\">Psic\u00f3logo<\/td><td class=\"has-text-align-center\" data-align=\"center\">3<\/td><td class=\"has-text-align-center\" data-align=\"center\">1.500,00<\/td><td class=\"has-text-align-center\" data-align=\"center\">Secretaria de Ass. Social<\/td><\/tr><tr><td class=\"has-text-align-center\" data-align=\"center\">Professor Infantil<\/td><td class=\"has-text-align-center\" data-align=\"center\">15<\/td><td class=\"has-text-align-center\" data-align=\"center\">1.377,27<\/td><td class=\"has-text-align-center\" data-align=\"center\">Secretaria de Educa\u00e7\u00e3o<\/td><\/tr><tr><td class=\"has-text-align-center\" data-align=\"center\">Professor Polivalente<\/td><td class=\"has-text-align-center\" data-align=\"center\">6<\/td><td class=\"has-text-align-center\" data-align=\"center\">1.377,27<\/td><td class=\"has-text-align-center\" data-align=\"center\">Secretaria de Educa\u00e7\u00e3o<\/td><\/tr><tr><td class=\"has-text-align-center\" data-align=\"center\">Bibliotec\u00e1rio<\/td><td class=\"has-text-align-center\" data-align=\"center\">1<\/td><td class=\"has-text-align-center\" data-align=\"center\">1.500,00<\/td><td class=\"has-text-align-center\" data-align=\"center\">Secretaria de Educa\u00e7\u00e3o<\/td><\/tr><tr><td class=\"has-text-align-center\" data-align=\"center\">Engenheiro Sanitarista e Ambiental<\/td><td class=\"has-text-align-center\" data-align=\"center\">CR<\/td><td class=\"has-text-align-center\" data-align=\"center\">1.500,00<\/td><td class=\"has-text-align-center\" data-align=\"center\">Secretaria de Meio Ambiente<\/td><\/tr><tr><td class=\"has-text-align-center\" data-align=\"center\">Engenheiro Civil<\/td><td class=\"has-text-align-center\" data-align=\"center\">2<\/td><td class=\"has-text-align-center\" data-align=\"center\">2.000,00<\/td><td class=\"has-text-align-center\" data-align=\"center\">Secretaria de Obras<\/td><\/tr><tr><td class=\"has-text-align-center\" data-align=\"center\">M\u00e9dico PSF<\/td><td class=\"has-text-align-center\" data-align=\"center\">1<\/td><td class=\"has-text-align-center\" data-align=\"center\">10.118,86<\/td><td class=\"has-text-align-center\" data-align=\"center\">Secretaria de Sa\u00fade<\/td><\/tr><tr><td class=\"has-text-align-center\" data-align=\"center\">M\u00e9dico Psiquiatra<\/td><td class=\"has-text-align-center\" data-align=\"center\">1<\/td><td class=\"has-text-align-center\" data-align=\"center\">6.000,00<\/td><td class=\"has-text-align-center\" data-align=\"center\">Secretaria de Sa\u00fade<\/td><\/tr><tr><td class=\"has-text-align-center\" data-align=\"center\"><s>Odont\u00f3logo &#8211; PSF<\/s> (suspenso)<\/td><td class=\"has-text-align-center\" data-align=\"center\"><s>CR<\/s><\/td><td class=\"has-text-align-center\" data-align=\"center\"><s>5.059,41<\/s><\/td><td class=\"has-text-align-center\" data-align=\"center\">Secretaria de Sa\u00fade<\/td><\/tr><tr><td class=\"has-text-align-center\" data-align=\"center\">Enfermeiro PSF<\/td><td class=\"has-text-align-center\" data-align=\"center\">CR<\/td><td class=\"has-text-align-center\" data-align=\"center\">5.059,41<\/td><td class=\"has-text-align-center\" data-align=\"center\">Secretaria de Sa\u00fade<\/td><\/tr><tr><td class=\"has-text-align-center\" data-align=\"center\">Procurador do<br \/>Munic\u00edpio<\/td><td class=\"has-text-align-center\" data-align=\"center\">2<\/td><td class=\"has-text-align-center\" data-align=\"center\">1.500,00<\/td><td class=\"has-text-align-center\" data-align=\"center\">Procuradoria<\/td><\/tr><\/tbody><\/table><\/figure>\n\n\n\n<h2 class=\"wp-block-heading\" id=\"h-etapas-do-concurso-jardim\">Etapas do concurso Jardim<\/h2>\n\n\n\n<p>Os candidatos do concurso da Prefeitura de Jardim ser\u00e3o avaliados atrav\u00e9s de at\u00e9 quatro etapas, sendo elas:<\/p>\n\n\n\n<ol class=\"wp-block-list\"><li><strong>Prova Objetiva: <\/strong>para todos os cargos, de car\u00e1ter eliminat\u00f3rio e classificat\u00f3rio;<\/li><li><strong>Prova Subjetiva:<\/strong> Reda\u00e7\u00e3o T\u00e9cnica (para os cargos de Advogado e Procurador do Munic\u00edpio), de car\u00e1ter eliminat\u00f3rio e classificat\u00f3rio;<\/li><li><strong>Prova Pr\u00e1tica<\/strong> para os cargos de: N\u00edvel M\u00e9dio e T\u00e9cnico (Interprete de Libras, Motorista I, Motorista III, Operador de M\u00e1quinas e T\u00e9cnico de Inform\u00e1tica e N\u00edvel Superior (Professor Infantil e Professor Polivalente) de car\u00e1ter eliminat\u00f3rio e classificat\u00f3rio;<\/li><li><strong>Prova de T\u00edtulos<\/strong> para os todos os Cargos de N\u00edvel Superior, de car\u00e1ter classificat\u00f3rio.<\/li><\/ol>\n\n\n\n<h3 class=\"wp-block-heading\" id=\"h-prova-objetiva\">Prova Objetiva<\/h3>\n\n\n\n<p>A prova objetiva ser\u00e1 composta por 30 a 55 quest\u00f5es de m\u00faltipla escolha, cada uma com cinco alternativas (A, B, C, D e E). A distribui\u00e7\u00e3o se dar\u00e1 da seguinte forma:<\/p>\n\n\n\n<div class=\"wp-block-image\"><figure class=\"aligncenter size-large\"><img loading=\"lazy\" decoding=\"async\" width=\"805\" height=\"652\" src=\"https:\/\/dhg1h5j42swfq.cloudfront.net\/2020\/12\/18110839\/image-142.png\" alt=\"Distribui\u00e7\u00e3o das disciplinas e quest\u00f5es na prova objetiva do concurso Jardim.\" class=\"wp-image-633827\" srcset=\"https:\/\/dhg1h5j42swfq.cloudfront.net\/2020\/12\/18110839\/image-142.png 805w, https:\/\/dhg1h5j42swfq.cloudfront.net\/2020\/12\/18110839\/image-142-300x243.png 300w, https:\/\/dhg1h5j42swfq.cloudfront.net\/2020\/12\/18110839\/image-142-768x622.png 768w, https:\/\/dhg1h5j42swfq.cloudfront.net\/2020\/12\/18110839\/image-142-610x494.png 610w\" sizes=\"auto, (max-width: 805px) 100vw, 805px\" \/><\/figure><\/div>\n\n\n\n<h3 class=\"wp-block-heading\" id=\"h-prova-subjetiva\">Prova Subjetiva<\/h3>\n\n\n\n<p>Ser\u00e3o corrigidas as Reda\u00e7\u00f5es T\u00e9cnicas, correspondente a 8 vezes o n\u00famero de vaga para os cargos de Advogado e Procurador do Munic\u00edpio, de candidatos que obtiverem o perfil de 50% da nota da Prova Objetiva. <\/p>\n\n\n\n<p>As regras para composi\u00e7\u00e3o da Reda\u00e7\u00e3o ser\u00e3o divulgadas com 30 dias de anteced\u00eancia da data de realiza\u00e7\u00e3o da Prova Objetiva.<\/p>\n\n\n\n<h3 class=\"wp-block-heading\" id=\"h-prova-pr-tica\">Prova Pr\u00e1tica<\/h3>\n\n\n\n<p>A prova pr\u00e1tica do concurso de Jardim CE valer\u00e1 100,0 pontos, sendo a nota m\u00ednima para aprova\u00e7\u00e3o ser\u00e1 50,0 pontos, sendo a mesma com at\u00e9 uma casa decimal.<\/p>\n\n\n\n<h3 class=\"wp-block-heading\" id=\"h-prova-de-t-tulos\">Prova de T\u00edtulos<\/h3>\n\n\n\n<p>A pontua\u00e7\u00e3o m\u00e1xima dos t\u00edtulos ser\u00e1 de 10,00 pontos. O candidato que apresentar t\u00edtulos superiores \u00e0 pontua\u00e7\u00e3o exigida ser\u00e1 desconsiderado o excedente.<\/p>\n\n\n\n<p>Para efeito de pontua\u00e7\u00e3o, somente ser\u00e3o aceitos os documentos que comprovem os t\u00edtulos abaixo relacionados, observados os limites de pontos discriminados no quadro abaixo:<\/p>\n\n\n\n<div class=\"wp-block-image\"><figure class=\"aligncenter size-large\"><img loading=\"lazy\" decoding=\"async\" width=\"864\" height=\"268\" src=\"https:\/\/dhg1h5j42swfq.cloudfront.net\/2020\/12\/18111134\/image-144.png\" alt=\"Tabela de pontua\u00e7\u00e3o da Prova de T\u00edtulos do concurso jardim\" class=\"wp-image-633843\" srcset=\"https:\/\/dhg1h5j42swfq.cloudfront.net\/2020\/12\/18111134\/image-144.png 864w, https:\/\/dhg1h5j42swfq.cloudfront.net\/2020\/12\/18111134\/image-144-300x93.png 300w, https:\/\/dhg1h5j42swfq.cloudfront.net\/2020\/12\/18111134\/image-144-768x238.png 768w, https:\/\/dhg1h5j42swfq.cloudfront.net\/2020\/12\/18111134\/image-144-610x189.png 610w\" sizes=\"auto, (max-width: 864px) 100vw, 864px\" \/><\/figure><\/div>\n\n\n\n<hr class=\"wp-block-separator\"\/>\n\n\n\n<h2 class=\"has-text-align-center wp-block-heading\" id=\"cursos\">Quer estudar para o concurso Jardim?<\/h2>\n\n\n\n<div class=\"container\" id=\"boxes\">\n  <div class=\"row\">\n\n    <div class=\"col-sm\">\n      <div class=\"banner-estrategia\" id=\"box-assinatura\">\n        <h3 class=\"titulo-assinatura\">Concurso Jardim CE<\/h3>\n        <p class=\"subtitulo-assinatura\">Conhe\u00e7a os cursos<\/p>\n        <div class=\"box-botao\">\n          <a class=\"btn-assinatura\" target=\"_blank\" href=\"https:\/\/www.estrategiaconcursos.com.br\/cursos\/concurso\/\" role=\"button\" rel=\"noopener noreferrer\">Conhe\u00e7a mais<\/a>\n        <\/div>\n      <\/div><\/div><\/div><\/div>\n\n\n\n<div class=\"container\" id=\"boxes\">\n  <div class=\"row\">\n\n    <div class=\"col-sm\">\n      <div class=\"estrategia\" id=\"box-assinatura\">\n        <h3 class=\"titulo-assinatura\"> Concursos P\u00fablicos\n        <p class=\"subtitulo-assinatura\">Assinatura de 1 ano ou 2 anos<\/p>\n        <div class=\"box-botao\">\n          <a class=\"btn-assinatura\" target=\"_blank\" href=\"https:\/\/www.estrategiaconcursos.com.br\/assinaturas\/\" role=\"button\" rel=\"noopener noreferrer\">ASSINE AGORA<\/a>\n        <\/div>\n      <\/h3><\/div><\/div><\/div><\/div>\n\n\n\n<p><\/p>\n\n\n\n<h2 class=\"has-text-align-center wp-block-heading\" id=\"h-quer-saber-tudo-sobre-concursos-previstos-confira-nossos-artigos\">Quer saber tudo sobre concursos previstos?<br \/>Confira nossos artigos!<\/h2>\n\n\n\n<ul class=\"wp-block-list\"><li><a href=\"https:\/\/www.estrategiaconcursos.com.br\/blog\/concursos-abertos\/\" target=\"_blank\" rel=\"noreferrer noopener\">Concursos abertos<\/a><\/li><li><a href=\"https:\/\/www.estrategiaconcursos.com.br\/blog\/concursos-2021\/\" target=\"_blank\" rel=\"noreferrer noopener\">Concursos 2021<\/a><\/li><li><a href=\"https:\/\/www.estrategiaconcursos.com.br\/blog\/concursos-2022\/\" target=\"_blank\" rel=\"noreferrer noopener\">Concursos 2022<\/a><\/li><\/ul>\n\n\n\n<figure class=\"wp-block-image size-large is-resized\"><img loading=\"lazy\" decoding=\"async\" src=\"https:\/\/dhg1h5j42swfq.cloudfront.net\/2021\/04\/09102132\/ficha-tecnica-111-1024x632.png\" alt=\"Informa\u00e7\u00f5es do concurso Prefeitura de Jardim - CE\" class=\"wp-image-710804\" width=\"260\" height=\"160\" srcset=\"https:\/\/dhg1h5j42swfq.cloudfront.net\/2021\/04\/09102132\/ficha-tecnica-111-1024x632.png 1024w, https:\/\/dhg1h5j42swfq.cloudfront.net\/2021\/04\/09102132\/ficha-tecnica-111-300x185.png 300w, https:\/\/dhg1h5j42swfq.cloudfront.net\/2021\/04\/09102132\/ficha-tecnica-111-768x474.png 768w, https:\/\/dhg1h5j42swfq.cloudfront.net\/2021\/04\/09102132\/ficha-tecnica-111-1536x948.png 1536w, https:\/\/dhg1h5j42swfq.cloudfront.net\/2021\/04\/09102132\/ficha-tecnica-111-610x377.png 610w, https:\/\/dhg1h5j42swfq.cloudfront.net\/2021\/04\/09102132\/ficha-tecnica-111.png 1571w\" sizes=\"auto, (max-width: 260px) 100vw, 260px\" \/><\/figure>\n\n\n\n<h3 class=\"wp-block-heading\" id=\"ficha-tecnica\"><strong>Informa\u00e7\u00f5es do c<\/strong>oncurso Prefeitura de Jardim &#8211; CE<\/h3>\n\n\n\n<ul class=\"wp-block-list\"><li><strong>Data<\/strong> <strong>da prova<\/strong>:<strong> <\/strong>a definir (janeiro\/2022)<\/li><li><strong>Vagas<\/strong>: 104 + CR<\/li><li><strong>Cargos<\/strong>: v\u00e1rios<\/li><li><strong>Banca<\/strong>: URCA<\/li><li><strong>Escolaridade<\/strong>: n\u00edveis fundamental, m\u00e9dio, t\u00e9cnico e superior<\/li><li><strong>Edital<\/strong>: <a href=\"https:\/\/dhg1h5j42swfq.cloudfront.net\/2020\/12\/18102951\/edital_concurso_jardim_ce_2020.pdf\" target=\"_blank\" rel=\"noreferrer noopener nofollow\">Edital Prefeitura de Jardim<\/a> <\/li><li><strong>Retifica\u00e7\u00f5es<\/strong>: <a href=\"https:\/\/dhg1h5j42swfq.cloudfront.net\/2021\/03\/10132908\/anexo_i_quadro_dos_cargos_jardim_novo.pdf\" target=\"_blank\" rel=\"noreferrer noopener nofollow\">Quadro de cargos<\/a> <\/li><\/ul>\n","protected":false},"excerpt":{"rendered":"<p>Os candidatos inscritos no concurso da Prefeitura de Jardim, no Cear\u00e1, devem realizar as provas objetivas em janeiro de 2022. A informa\u00e7\u00e3o foi divulgada pela banca organizadora do certame, a Universidade Regional do Cariri (URCA). Al\u00e9m disso, o \u00f3rg\u00e3o informou que o aditivo com o novo cronograma do concurso ser\u00e1 divulgado at\u00e9, no m\u00e1ximo, 30 [&hellip;]<\/p>\n","protected":false},"author":1,"featured_media":773647,"comment_status":"open","ping_status":"closed","sticky":false,"template":"","format":"standard","meta":{"post_tipo":"news_page","footnotes":""},"categories":[214992],"tags":[],"tax_estado":[219969],"class_list":["post-633756","post","type-post","status-publish","format-standard","has-post-thumbnail","hentry","category-concursos-administrativos","tax_estado-ce"],"acf":[],"yoast_head":"<!-- This site is optimized with the Yoast SEO Premium plugin v27.2 (Yoast SEO v27.2) - https:\/\/yoast.com\/product\/yoast-seo-premium-wordpress\/ -->\n<title>Concurso Jardim CE: provas ser\u00e3o aplicadas em janeiro\/2022<\/title>\n<meta name=\"description\" content=\"Concurso Prefeitura de Jardim: Provas adiadas para janeiro de 2022. Edital oferta 104 vagas mais CR e sal\u00e1rios de at\u00e9 R$ 10 mil.\" \/>\n<meta name=\"robots\" content=\"index, follow, max-snippet:-1, max-image-preview:large, max-video-preview:-1\" \/>\n<link rel=\"canonical\" href=\"https:\/\/www.estrategiaconcursos.com.br\/blog\/concurso-prefeitura-jardim-ce\/\" \/>\n<meta property=\"og:locale\" content=\"pt_BR\" \/>\n<meta property=\"og:type\" content=\"article\" \/>\n<meta property=\"og:title\" content=\"Concurso Jardim CE: provas ser\u00e3o aplicadas em janeiro\/2022\" \/>\n<meta property=\"og:description\" content=\"Concurso Prefeitura de Jardim: Provas adiadas para janeiro de 2022. Edital oferta 104 vagas mais CR e sal\u00e1rios de at\u00e9 R$ 10 mil.\" \/>\n<meta property=\"og:url\" content=\"https:\/\/www.estrategiaconcursos.com.br\/blog\/concurso-prefeitura-jardim-ce\/\" \/>\n<meta property=\"og:site_name\" content=\"Estrat\u00e9gia Concursos\" \/>\n<meta property=\"article:author\" content=\"https:\/\/www.facebook.com\/EstrategiaConcursos\" \/>\n<meta property=\"article:published_time\" content=\"2021-12-03T19:04:00+00:00\" \/>\n<meta property=\"article:modified_time\" content=\"2024-03-07T18:00:50+00:00\" \/>\n<meta property=\"og:image\" content=\"https:\/\/dhg1h5j42swfq.cloudfront.net\/2021\/06\/22104506\/prefeitura-de-jardim-ce.jpg\" \/>\n\t<meta property=\"og:image:width\" content=\"768\" \/>\n\t<meta property=\"og:image:height\" content=\"432\" \/>\n\t<meta property=\"og:image:type\" content=\"image\/jpeg\" \/>\n<meta name=\"author\" content=\"Coordena\u00e7\u00e3o\" \/>\n<meta name=\"twitter:card\" content=\"summary_large_image\" \/>\n<meta name=\"twitter:creator\" content=\"@EstratConcursos\" \/>\n<meta name=\"twitter:site\" content=\"@EstratConcursos\" \/>\n<meta name=\"twitter:label1\" content=\"Escrito por\" \/>\n\t<meta name=\"twitter:data1\" content=\"Coordena\u00e7\u00e3o\" \/>\n\t<meta name=\"twitter:label2\" content=\"Est. tempo de leitura\" \/>\n\t<meta name=\"twitter:data2\" content=\"5 minutos\" \/>\n<script type=\"application\/ld+json\" class=\"yoast-schema-graph\">{\"@context\":\"https:\/\/schema.org\",\"@graph\":[{\"@type\":\"NewsArticle\",\"@id\":\"https:\/\/www.estrategiaconcursos.com.br\/blog\/concurso-prefeitura-jardim-ce\/#article\",\"isPartOf\":{\"@id\":\"https:\/\/www.estrategiaconcursos.com.br\/blog\/concurso-prefeitura-jardim-ce\/\"},\"author\":{\"name\":\"Coordena\u00e7\u00e3o\",\"@id\":\"https:\/\/www.estrategiaconcursos.com.br\/blog\/#\/schema\/person\/b4a388c97673c5f483d72185668afa1f\"},\"headline\":\"Concurso Jardim CE: provas ser\u00e3o aplicadas em janeiro\/2022\",\"datePublished\":\"2021-12-03T19:04:00+00:00\",\"dateModified\":\"2024-03-07T18:00:50+00:00\",\"mainEntityOfPage\":{\"@id\":\"https:\/\/www.estrategiaconcursos.com.br\/blog\/concurso-prefeitura-jardim-ce\/\"},\"wordCount\":963,\"commentCount\":0,\"publisher\":{\"@id\":\"https:\/\/www.estrategiaconcursos.com.br\/blog\/#organization\"},\"image\":{\"@id\":\"https:\/\/www.estrategiaconcursos.com.br\/blog\/concurso-prefeitura-jardim-ce\/#primaryimage\"},\"thumbnailUrl\":\"https:\/\/dhg1h5j42swfq.cloudfront.net\/2021\/06\/22104506\/prefeitura-de-jardim-ce.jpg\",\"articleSection\":[\"Executivo (Administrativa)\"],\"inLanguage\":\"pt-BR\",\"potentialAction\":[{\"@type\":\"CommentAction\",\"name\":\"Comment\",\"target\":[\"https:\/\/www.estrategiaconcursos.com.br\/blog\/concurso-prefeitura-jardim-ce\/#respond\"]}],\"copyrightYear\":\"2021\",\"copyrightHolder\":{\"@id\":\"https:\/\/www.estrategiaconcursos.com.br\/blog\/#organization\"}},{\"@type\":\"WebPage\",\"@id\":\"https:\/\/www.estrategiaconcursos.com.br\/blog\/concurso-prefeitura-jardim-ce\/\",\"url\":\"https:\/\/www.estrategiaconcursos.com.br\/blog\/concurso-prefeitura-jardim-ce\/\",\"name\":\"Concurso Jardim CE: provas ser\u00e3o aplicadas em janeiro\/2022\",\"isPartOf\":{\"@id\":\"https:\/\/www.estrategiaconcursos.com.br\/blog\/#website\"},\"primaryImageOfPage\":{\"@id\":\"https:\/\/www.estrategiaconcursos.com.br\/blog\/concurso-prefeitura-jardim-ce\/#primaryimage\"},\"image\":{\"@id\":\"https:\/\/www.estrategiaconcursos.com.br\/blog\/concurso-prefeitura-jardim-ce\/#primaryimage\"},\"thumbnailUrl\":\"https:\/\/dhg1h5j42swfq.cloudfront.net\/2021\/06\/22104506\/prefeitura-de-jardim-ce.jpg\",\"datePublished\":\"2021-12-03T19:04:00+00:00\",\"dateModified\":\"2024-03-07T18:00:50+00:00\",\"description\":\"Concurso Prefeitura de Jardim: Provas adiadas para janeiro de 2022. Edital oferta 104 vagas mais CR e sal\u00e1rios de at\u00e9 R$ 10 mil.\",\"breadcrumb\":{\"@id\":\"https:\/\/www.estrategiaconcursos.com.br\/blog\/concurso-prefeitura-jardim-ce\/#breadcrumb\"},\"inLanguage\":\"pt-BR\",\"potentialAction\":[{\"@type\":\"ReadAction\",\"target\":[\"https:\/\/www.estrategiaconcursos.com.br\/blog\/concurso-prefeitura-jardim-ce\/\"]}]},{\"@type\":\"ImageObject\",\"inLanguage\":\"pt-BR\",\"@id\":\"https:\/\/www.estrategiaconcursos.com.br\/blog\/concurso-prefeitura-jardim-ce\/#primaryimage\",\"url\":\"https:\/\/dhg1h5j42swfq.cloudfront.net\/2021\/06\/22104506\/prefeitura-de-jardim-ce.jpg\",\"contentUrl\":\"https:\/\/dhg1h5j42swfq.cloudfront.net\/2021\/06\/22104506\/prefeitura-de-jardim-ce.jpg\",\"width\":768,\"height\":432,\"caption\":\"Provas do concurso de Jardim\"},{\"@type\":\"BreadcrumbList\",\"@id\":\"https:\/\/www.estrategiaconcursos.com.br\/blog\/concurso-prefeitura-jardim-ce\/#breadcrumb\",\"itemListElement\":[{\"@type\":\"ListItem\",\"position\":1,\"name\":\"In\u00edcio\",\"item\":\"https:\/\/www.estrategiaconcursos.com.br\/blog\/\"},{\"@type\":\"ListItem\",\"position\":2,\"name\":\"Concurso Jardim CE: provas ser\u00e3o aplicadas em janeiro\/2022\"}]},{\"@type\":\"WebSite\",\"@id\":\"https:\/\/www.estrategiaconcursos.com.br\/blog\/#website\",\"url\":\"https:\/\/www.estrategiaconcursos.com.br\/blog\/\",\"name\":\"Estrat\u00e9gia Concursos\",\"description\":\"O blog da Estrat\u00e9gia Concursos traz not\u00edcias sobre concursos e artigos de professores oferecendo cursos para concursos (pdf + videaulas) no site.\",\"publisher\":{\"@id\":\"https:\/\/www.estrategiaconcursos.com.br\/blog\/#organization\"},\"potentialAction\":[{\"@type\":\"SearchAction\",\"target\":{\"@type\":\"EntryPoint\",\"urlTemplate\":\"https:\/\/www.estrategiaconcursos.com.br\/blog\/?s={search_term_string}\"},\"query-input\":{\"@type\":\"PropertyValueSpecification\",\"valueRequired\":true,\"valueName\":\"search_term_string\"}}],\"inLanguage\":\"pt-BR\"},{\"@type\":\"Organization\",\"@id\":\"https:\/\/www.estrategiaconcursos.com.br\/blog\/#organization\",\"name\":\"Estrat\u00e9gia Concursos\",\"url\":\"https:\/\/www.estrategiaconcursos.com.br\/blog\/\",\"logo\":{\"@type\":\"ImageObject\",\"inLanguage\":\"pt-BR\",\"@id\":\"https:\/\/www.estrategiaconcursos.com.br\/blog\/#\/schema\/logo\/image\/\",\"url\":\"https:\/\/dhg1h5j42swfq.cloudfront.net\/2025\/06\/03203428\/logo_concursos-1.jpg\",\"contentUrl\":\"https:\/\/dhg1h5j42swfq.cloudfront.net\/2025\/06\/03203428\/logo_concursos-1.jpg\",\"width\":230,\"height\":60,\"caption\":\"Estrat\u00e9gia Concursos\"},\"image\":{\"@id\":\"https:\/\/www.estrategiaconcursos.com.br\/blog\/#\/schema\/logo\/image\/\"},\"sameAs\":[\"https:\/\/x.com\/EstratConcursos\"]},{\"@type\":\"Person\",\"@id\":\"https:\/\/www.estrategiaconcursos.com.br\/blog\/#\/schema\/person\/b4a388c97673c5f483d72185668afa1f\",\"name\":\"Coordena\u00e7\u00e3o\",\"image\":{\"@type\":\"ImageObject\",\"inLanguage\":\"pt-BR\",\"@id\":\"https:\/\/secure.gravatar.com\/avatar\/b720319e4c9a967eb58678d110f4fe35452fc5d5f97b202bac7b8acceb18c6ad?s=96&d=mm&r=g\",\"url\":\"https:\/\/secure.gravatar.com\/avatar\/b720319e4c9a967eb58678d110f4fe35452fc5d5f97b202bac7b8acceb18c6ad?s=96&d=mm&r=g\",\"contentUrl\":\"https:\/\/secure.gravatar.com\/avatar\/b720319e4c9a967eb58678d110f4fe35452fc5d5f97b202bac7b8acceb18c6ad?s=96&d=mm&r=g\",\"caption\":\"Coordena\u00e7\u00e3o\"},\"sameAs\":[\"https:\/\/www.facebook.com\/EstrategiaConcursos\",\"https:\/\/x.com\/EstratConcursos\"],\"url\":\"https:\/\/www.estrategiaconcursos.com.br\/blog\/author\/estrategia2013\/\"}]}<\/script>\n<!-- \/ Yoast SEO Premium plugin. -->","yoast_head_json":{"title":"Concurso Jardim CE: provas ser\u00e3o aplicadas em janeiro\/2022","description":"Concurso Prefeitura de Jardim: Provas adiadas para janeiro de 2022. Edital oferta 104 vagas mais CR e sal\u00e1rios de at\u00e9 R$ 10 mil.","robots":{"index":"index","follow":"follow","max-snippet":"max-snippet:-1","max-image-preview":"max-image-preview:large","max-video-preview":"max-video-preview:-1"},"canonical":"https:\/\/www.estrategiaconcursos.com.br\/blog\/concurso-prefeitura-jardim-ce\/","og_locale":"pt_BR","og_type":"article","og_title":"Concurso Jardim CE: provas ser\u00e3o aplicadas em janeiro\/2022","og_description":"Concurso Prefeitura de Jardim: Provas adiadas para janeiro de 2022. Edital oferta 104 vagas mais CR e sal\u00e1rios de at\u00e9 R$ 10 mil.","og_url":"https:\/\/www.estrategiaconcursos.com.br\/blog\/concurso-prefeitura-jardim-ce\/","og_site_name":"Estrat\u00e9gia Concursos","article_author":"https:\/\/www.facebook.com\/EstrategiaConcursos","article_published_time":"2021-12-03T19:04:00+00:00","article_modified_time":"2024-03-07T18:00:50+00:00","og_image":[{"width":768,"height":432,"url":"https:\/\/dhg1h5j42swfq.cloudfront.net\/2021\/06\/22104506\/prefeitura-de-jardim-ce.jpg","type":"image\/jpeg"}],"author":"Coordena\u00e7\u00e3o","twitter_card":"summary_large_image","twitter_creator":"@EstratConcursos","twitter_site":"@EstratConcursos","twitter_misc":{"Escrito por":"Coordena\u00e7\u00e3o","Est. tempo de leitura":"5 minutos"},"schema":{"@context":"https:\/\/schema.org","@graph":[{"@type":"NewsArticle","@id":"https:\/\/www.estrategiaconcursos.com.br\/blog\/concurso-prefeitura-jardim-ce\/#article","isPartOf":{"@id":"https:\/\/www.estrategiaconcursos.com.br\/blog\/concurso-prefeitura-jardim-ce\/"},"author":{"name":"Coordena\u00e7\u00e3o","@id":"https:\/\/www.estrategiaconcursos.com.br\/blog\/#\/schema\/person\/b4a388c97673c5f483d72185668afa1f"},"headline":"Concurso Jardim CE: provas ser\u00e3o aplicadas em janeiro\/2022","datePublished":"2021-12-03T19:04:00+00:00","dateModified":"2024-03-07T18:00:50+00:00","mainEntityOfPage":{"@id":"https:\/\/www.estrategiaconcursos.com.br\/blog\/concurso-prefeitura-jardim-ce\/"},"wordCount":963,"commentCount":0,"publisher":{"@id":"https:\/\/www.estrategiaconcursos.com.br\/blog\/#organization"},"image":{"@id":"https:\/\/www.estrategiaconcursos.com.br\/blog\/concurso-prefeitura-jardim-ce\/#primaryimage"},"thumbnailUrl":"https:\/\/dhg1h5j42swfq.cloudfront.net\/2021\/06\/22104506\/prefeitura-de-jardim-ce.jpg","articleSection":["Executivo (Administrativa)"],"inLanguage":"pt-BR","potentialAction":[{"@type":"CommentAction","name":"Comment","target":["https:\/\/www.estrategiaconcursos.com.br\/blog\/concurso-prefeitura-jardim-ce\/#respond"]}],"copyrightYear":"2021","copyrightHolder":{"@id":"https:\/\/www.estrategiaconcursos.com.br\/blog\/#organization"}},{"@type":"WebPage","@id":"https:\/\/www.estrategiaconcursos.com.br\/blog\/concurso-prefeitura-jardim-ce\/","url":"https:\/\/www.estrategiaconcursos.com.br\/blog\/concurso-prefeitura-jardim-ce\/","name":"Concurso Jardim CE: provas ser\u00e3o aplicadas em janeiro\/2022","isPartOf":{"@id":"https:\/\/www.estrategiaconcursos.com.br\/blog\/#website"},"primaryImageOfPage":{"@id":"https:\/\/www.estrategiaconcursos.com.br\/blog\/concurso-prefeitura-jardim-ce\/#primaryimage"},"image":{"@id":"https:\/\/www.estrategiaconcursos.com.br\/blog\/concurso-prefeitura-jardim-ce\/#primaryimage"},"thumbnailUrl":"https:\/\/dhg1h5j42swfq.cloudfront.net\/2021\/06\/22104506\/prefeitura-de-jardim-ce.jpg","datePublished":"2021-12-03T19:04:00+00:00","dateModified":"2024-03-07T18:00:50+00:00","description":"Concurso Prefeitura de Jardim: Provas adiadas para janeiro de 2022. Edital oferta 104 vagas mais CR e sal\u00e1rios de at\u00e9 R$ 10 mil.","breadcrumb":{"@id":"https:\/\/www.estrategiaconcursos.com.br\/blog\/concurso-prefeitura-jardim-ce\/#breadcrumb"},"inLanguage":"pt-BR","potentialAction":[{"@type":"ReadAction","target":["https:\/\/www.estrategiaconcursos.com.br\/blog\/concurso-prefeitura-jardim-ce\/"]}]},{"@type":"ImageObject","inLanguage":"pt-BR","@id":"https:\/\/www.estrategiaconcursos.com.br\/blog\/concurso-prefeitura-jardim-ce\/#primaryimage","url":"https:\/\/dhg1h5j42swfq.cloudfront.net\/2021\/06\/22104506\/prefeitura-de-jardim-ce.jpg","contentUrl":"https:\/\/dhg1h5j42swfq.cloudfront.net\/2021\/06\/22104506\/prefeitura-de-jardim-ce.jpg","width":768,"height":432,"caption":"Provas do concurso de Jardim"},{"@type":"BreadcrumbList","@id":"https:\/\/www.estrategiaconcursos.com.br\/blog\/concurso-prefeitura-jardim-ce\/#breadcrumb","itemListElement":[{"@type":"ListItem","position":1,"name":"In\u00edcio","item":"https:\/\/www.estrategiaconcursos.com.br\/blog\/"},{"@type":"ListItem","position":2,"name":"Concurso Jardim CE: provas ser\u00e3o aplicadas em janeiro\/2022"}]},{"@type":"WebSite","@id":"https:\/\/www.estrategiaconcursos.com.br\/blog\/#website","url":"https:\/\/www.estrategiaconcursos.com.br\/blog\/","name":"Estrat\u00e9gia Concursos","description":"O blog da Estrat\u00e9gia Concursos traz not\u00edcias sobre concursos e artigos de professores oferecendo cursos para concursos (pdf + videaulas) no site.","publisher":{"@id":"https:\/\/www.estrategiaconcursos.com.br\/blog\/#organization"},"potentialAction":[{"@type":"SearchAction","target":{"@type":"EntryPoint","urlTemplate":"https:\/\/www.estrategiaconcursos.com.br\/blog\/?s={search_term_string}"},"query-input":{"@type":"PropertyValueSpecification","valueRequired":true,"valueName":"search_term_string"}}],"inLanguage":"pt-BR"},{"@type":"Organization","@id":"https:\/\/www.estrategiaconcursos.com.br\/blog\/#organization","name":"Estrat\u00e9gia Concursos","url":"https:\/\/www.estrategiaconcursos.com.br\/blog\/","logo":{"@type":"ImageObject","inLanguage":"pt-BR","@id":"https:\/\/www.estrategiaconcursos.com.br\/blog\/#\/schema\/logo\/image\/","url":"https:\/\/dhg1h5j42swfq.cloudfront.net\/2025\/06\/03203428\/logo_concursos-1.jpg","contentUrl":"https:\/\/dhg1h5j42swfq.cloudfront.net\/2025\/06\/03203428\/logo_concursos-1.jpg","width":230,"height":60,"caption":"Estrat\u00e9gia Concursos"},"image":{"@id":"https:\/\/www.estrategiaconcursos.com.br\/blog\/#\/schema\/logo\/image\/"},"sameAs":["https:\/\/x.com\/EstratConcursos"]},{"@type":"Person","@id":"https:\/\/www.estrategiaconcursos.com.br\/blog\/#\/schema\/person\/b4a388c97673c5f483d72185668afa1f","name":"Coordena\u00e7\u00e3o","image":{"@type":"ImageObject","inLanguage":"pt-BR","@id":"https:\/\/secure.gravatar.com\/avatar\/b720319e4c9a967eb58678d110f4fe35452fc5d5f97b202bac7b8acceb18c6ad?s=96&d=mm&r=g","url":"https:\/\/secure.gravatar.com\/avatar\/b720319e4c9a967eb58678d110f4fe35452fc5d5f97b202bac7b8acceb18c6ad?s=96&d=mm&r=g","contentUrl":"https:\/\/secure.gravatar.com\/avatar\/b720319e4c9a967eb58678d110f4fe35452fc5d5f97b202bac7b8acceb18c6ad?s=96&d=mm&r=g","caption":"Coordena\u00e7\u00e3o"},"sameAs":["https:\/\/www.facebook.com\/EstrategiaConcursos","https:\/\/x.com\/EstratConcursos"],"url":"https:\/\/www.estrategiaconcursos.com.br\/blog\/author\/estrategia2013\/"}]}},"_links":{"self":[{"href":"https:\/\/www.estrategiaconcursos.com.br\/blog\/wp-json\/wp\/v2\/posts\/633756","targetHints":{"allow":["GET"]}}],"collection":[{"href":"https:\/\/www.estrategiaconcursos.com.br\/blog\/wp-json\/wp\/v2\/posts"}],"about":[{"href":"https:\/\/www.estrategiaconcursos.com.br\/blog\/wp-json\/wp\/v2\/types\/post"}],"author":[{"embeddable":true,"href":"https:\/\/www.estrategiaconcursos.com.br\/blog\/wp-json\/wp\/v2\/users\/1"}],"replies":[{"embeddable":true,"href":"https:\/\/www.estrategiaconcursos.com.br\/blog\/wp-json\/wp\/v2\/comments?post=633756"}],"version-history":[{"count":46,"href":"https:\/\/www.estrategiaconcursos.com.br\/blog\/wp-json\/wp\/v2\/posts\/633756\/revisions"}],"predecessor-version":[{"id":922104,"href":"https:\/\/www.estrategiaconcursos.com.br\/blog\/wp-json\/wp\/v2\/posts\/633756\/revisions\/922104"}],"wp:featuredmedia":[{"embeddable":true,"href":"https:\/\/www.estrategiaconcursos.com.br\/blog\/wp-json\/wp\/v2\/media\/773647"}],"wp:attachment":[{"href":"https:\/\/www.estrategiaconcursos.com.br\/blog\/wp-json\/wp\/v2\/media?parent=633756"}],"wp:term":[{"taxonomy":"category","embeddable":true,"href":"https:\/\/www.estrategiaconcursos.com.br\/blog\/wp-json\/wp\/v2\/categories?post=633756"},{"taxonomy":"post_tag","embeddable":true,"href":"https:\/\/www.estrategiaconcursos.com.br\/blog\/wp-json\/wp\/v2\/tags?post=633756"},{"taxonomy":"tax_estado","embeddable":true,"href":"https:\/\/www.estrategiaconcursos.com.br\/blog\/wp-json\/wp\/v2\/tax_estado?post=633756"}],"curies":[{"name":"wp","href":"https:\/\/api.w.org\/{rel}","templated":true}]}}