{"id":63241,"date":"2026-01-15T15:00:00","date_gmt":"2026-01-15T18:00:00","guid":{"rendered":"https:\/\/www.estrategiaconcursos.com.br\/blog\/?p=63241"},"modified":"2026-01-15T17:25:06","modified_gmt":"2026-01-15T20:25:06","slug":"concurso-policia-penal-ce","status":"publish","type":"post","link":"https:\/\/www.estrategiaconcursos.com.br\/blog\/concurso-policia-penal-ce\/","title":{"rendered":"Concurso Pol\u00edcia Penal CE: novo edital previsto. Saiba mais!"},"content":{"rendered":"\n<p class=\"has-text-align-left\" style=\"font-size:clamp(15.197px, 0.95rem + ((1vw - 3.2px) * 0.765), 23px);\"><em><strong>\u00daltimo concurso Pol\u00edcia Penal CE ofereceu 600 vagas + 200 CR para n\u00edvel m\u00e9dio!<\/strong><\/em><\/p>\n\n\n\n<div style=\"height:20px\" aria-hidden=\"true\" class=\"wp-block-spacer\"><\/div>\n\n\n\n<hr class=\"wp-block-separator has-alpha-channel-opacity\"\/>\n\n\n<a id=\"cta-icon\" href=\"https:\/\/www.redirectmais.com\/wpp\/policia-penal-ce-grupo\" target=\"blank\" style=\"background:rgb(41,166,26)\">\n            <img decoding=\"async\" src=\"https:\/\/dhg1h5j42swfq.cloudfront.net\/2023\/12\/07154107\/whatsapp_13851.png\" alt=\"logo grupo whatsapp estrat\u00e9gia concursos\" alt=\"whatsapp_1385[1]\"><span > Acesse agora o Grupo de Estudos para o Concurso Pol\u00edcia Penal CE<\/span><\/a>\n\n\n\n<div style=\"height:20px\" aria-hidden=\"true\" class=\"wp-block-spacer\"><\/div>\n\n\n\n<p>Um novo edital do <strong>concurso Pol\u00edcia Penal CE<\/strong> pode ser realizado em breve. Isso porque o governador Elmano de Freitas pretende ampliar o n\u00famero de vagas no sistema penitenci\u00e1rio.<\/p>\n\n\n\n<p>&#8220;<em>N\u00f3s queremos construir em torno de 5 mil vagas no sistema prisional cearense, o que implicar\u00e1, portanto, em mais concurso para a Pol\u00edcia Penal<\/em>&#8220;, afirmou.<\/p>\n\n\n\n<p>Sobre o \u00faltimo certame, j\u00e1 foram divulgados diversos resultados das provas e avalia\u00e7\u00f5es aplicadas aos candidatos. Sob organiza\u00e7\u00e3o do IDECAN, s\u00e3o ofertadas <strong>600 vagas imediatas e 200 em cadastro de reserva<\/strong>.<\/p>\n\n\n\n<ul class=\"wp-block-list\">\n<li><a href=\"https:\/\/www.estrategiaconcursos.com.br\/blog\/concurso-policia-penal-ce-resultado-definitivo\/\" target=\"_blank\" rel=\"noreferrer noopener\">Resultado do Exame Intelectuval<\/a> <\/li>\n\n\n\n<li><a href=\"https:\/\/dhg1h5j42swfq.cloudfront.net\/2026\/01\/15172303\/42ce1700-1efd-45fc-b05d-5dd18247e727.pdf\" target=\"_blank\" rel=\"noreferrer noopener nofollow\">Resultado do Exame Toxicol\u00f3gico<\/a><\/li>\n<\/ul>\n\n\n\n<p>As oportunidades s\u00e3o para a carreira de Policial Penal, que exige n\u00edvel m\u00e9dio e idade m\u00e1xima de 34 anos, 11 meses e 29 dias. O sal\u00e1rio \u00e9 de <strong>R$ 6.149,78<\/strong>, podendo a remunera\u00e7\u00e3o bruta  ultrapassar os R$ 10,4 mil.<\/p>\n\n\n\n<ul class=\"wp-block-list has-very-light-gray-to-cyan-bluish-gray-gradient-background has-background\">\n<li><strong>Pol\u00edcia Penal CE<\/strong><\/li>\n\n\n\n<li><strong style=\"background-color: initial; color: initial;\">Status<\/strong><span style=\"background-color: initial; color: initial;\">: <\/span>resultados divulgados<\/li>\n\n\n\n<li><strong>Banca<\/strong>: <a href=\"https:\/\/idecan.selecao.net.br\/informacoes\/43\/\" target=\"_blank\" rel=\"noreferrer noopener\">IDECAN<\/a><\/li>\n\n\n\n<li><strong>Vagas<\/strong>: 600+ 200 CR<\/li>\n\n\n\n<li><strong>Sal\u00e1rio<\/strong>: R$ 6.149,78 + gratifica\u00e7\u00f5es<\/li>\n\n\n\n<li><strong>Edital:<\/strong>&nbsp;<a href=\"https:\/\/dhg1h5j42swfq.cloudfront.net\/2024\/04\/10211543\/pp-ce.pdf\" target=\"_blank\" rel=\"noreferrer noopener nofollow\">PP CE-2024<\/a><\/li>\n<\/ul>\n\n\n\n<p>Ao longo deste artigo voc\u00ea confere todas as novidades sobre o concurso e os principais pontos do \u00faltimo edital. Acompanhe pelos t\u00f3picos a seguir:<\/p>\n\n\n\n<ul id=\"indice\" class=\"wp-block-list\">\n<li><a href=\"#situacao\"><span style=\"text-decoration: underline;\">Situa\u00e7\u00e3o atual do concurso<\/span><\/a>\n<ul class=\"wp-block-list\">\n<li><a href=\"#h-retificacoes\">Retifica\u00e7\u00f5es<\/a><\/li>\n\n\n\n<li><a href=\"#vagas\">Cargos e vagas<\/a><\/li>\n\n\n\n<li><a href=\"#etapas\">Etapas e provas<\/a><\/li>\n\n\n\n<li><a href=\"#guia\">Guia de estudos<\/a><\/li>\n<\/ul>\n<\/li>\n\n\n\n<li><a href=\"#carreira\">Carreira de Policial Penal<\/a>\n<ul class=\"wp-block-list\">\n<li><a href=\"#requisitos\">Requisitos<\/a><\/li>\n\n\n\n<li><a href=\"#atribuicoes\">Atribui\u00e7\u00f5es<\/a><\/li>\n\n\n\n<li><a href=\"#remuneracao\">Remunera\u00e7\u00e3o<\/a><\/li>\n<\/ul>\n<\/li>\n\n\n\n<li><a href=\"#ultimo\"><span style=\"text-decoration: underline;\">\u00daltimo concurso<\/span><\/a>\n<ul class=\"wp-block-list\">\n<li><a href=\"#concorrencia\">Concorr\u00eancia<\/a><\/li>\n<\/ul>\n<\/li>\n\n\n\n<li><a href=\"#cursos-e-assinaturas\"><span style=\"text-decoration: underline;\">Cursos e assinaturas<\/span><\/a><\/li>\n\n\n\n<li><a href=\"#ficha-tecnica-concurso-policia-penal-ce\"><span style=\"text-decoration: underline;\">Ficha t\u00e9cnica<\/span><\/a><\/li>\n<\/ul>\n\n\n\n<div class=\"container\" id=\"boxes\">\r\n  <div class=\"row\">\r\n\r\n    <div class=\"col-sm\">\r\n      <div class=\"banner-policia-penal\" id=\"box-assinatura\">\r\n        <h3 class=\"titulo-assinatura\">Curso Pol\u00edcia Penal CE<\/h3>\r\n        <p class=\"subtitulo-assinatura\">Rumo \u00e0 carreira policial dos seus sonhos!<\/p>\r\n        <div class=\"box-botao\">\r\n          <a class=\"btn-assinatura\" target=\"_blank\" href=\"https:\/\/www.estrategiaconcursos.com.br\/cursosPorConcurso\/sejus-ce-agente-penitenciario-do-ceara\/?utm_source=blog&#038;utm_medium=banner&#038;utm_campaign=ppce-conv-x-ec-tp\" role=\"button\" rel=\"noopener noreferrer\">VER CURSOS<\/a>\r\n        <\/div>\r\n      <\/div>\r\n      <p class=\"texto-auxiliar\"><\/p>\r\n    <\/div>\r\n\r\n  <\/div>\r\n<\/div>\n\n\n\n<h2 class=\"wp-block-heading\" id=\"situacao\">Situa\u00e7\u00e3o atual do concurso Pol\u00edcia Penal CE<\/h2>\n\n\n\n<p>Veja abaixo as informa\u00e7\u00f5es mais importantes sobre o Concurso PP CE:<\/p>\n\n\n\n<h3 class=\"wp-block-heading\" id=\"h-retificacoes-do-edital\">Retifica\u00e7\u00f5es do edital<\/h3>\n\n\n\n<ul class=\"wp-block-list\">\n<li><a href=\"https:\/\/dhg1h5j42swfq.cloudfront.net\/2024\/06\/05110735\/fmfwjceuf3nc4ar4uitanwxypy7vksjlof8x84fl-1.pdf\" target=\"_blank\" rel=\"noreferrer noopener nofollow\">1\u00aa retifica\u00e7\u00e3o<\/a> [inscri\u00e7\u00f5es prorrogadas e cronograma];<\/li>\n\n\n\n<li><a href=\"https:\/\/dhg1h5j42swfq.cloudfront.net\/2024\/07\/18114317\/rptnfnr7ioor2lxkl5vudiolktbwktagtkn5d8ya.pdf\" target=\"_blank\" rel=\"noreferrer noopener nofollow\">2\u00aa retifica\u00e7\u00e3o<\/a> [crit\u00e9rios de aprova\u00e7\u00e3o];<\/li>\n\n\n\n<li><a href=\"https:\/\/dhg1h5j42swfq.cloudfront.net\/2024\/07\/18114311\/1nj1fegs6i1arrzu82c4xwhwntnzny89ca3srtan.pdf\" target=\"_blank\" rel=\"noreferrer noopener nofollow\">3\u00aa retifica\u00e7\u00e3o<\/a> [cronograma].<\/li>\n<\/ul>\n\n\n\n<h3 class=\"wp-block-heading\" id=\"cargos-vagas\">Cargos e vagas do concurso Pol\u00edcia Penal CE<\/h3>\n\n\n\n<h4 class=\"wp-block-heading\" id=\"h-nivel-medio\">N\u00edvel m\u00e9dio<\/h4>\n\n\n\n<figure class=\"wp-block-table is-style-stripes\"><table class=\"has-very-light-gray-to-cyan-bluish-gray-gradient-background has-background has-fixed-layout\"><thead><tr><th class=\"has-text-align-center\" data-align=\"center\">CARGO<\/th><th class=\"has-text-align-center\" data-align=\"center\">VAGAS<\/th><th class=\"has-text-align-center\" data-align=\"center\">SAL\u00c1RIO<\/th><\/tr><\/thead><tbody><tr><td class=\"has-text-align-center\" data-align=\"center\">Policial Penal<\/td><td class=\"has-text-align-center\" data-align=\"center\">600 + 200 CR<\/td><td class=\"has-text-align-center\" data-align=\"center\">R$ 3.074,89 + benef\u00edcios<\/td><\/tr><\/tbody><\/table><figcaption class=\"wp-element-caption\">Vagas e sal\u00e1rios para Policial Penal<\/figcaption><\/figure>\n\n\n\n<p>Os sal\u00e1rios da Pol\u00edcia Penal CE s\u00e3o compostos por:<\/p>\n\n\n\n<ul class=\"wp-block-list\">\n<li>Vencimento B\u00e1sico: R$ 3.074,89;<\/li>\n\n\n\n<li>Gratifica\u00e7\u00e3o de Atividade Especial e de Risco (GAER): R$ 3.074,89;<\/li>\n\n\n\n<li>Adicional Noturno e Aux\u00edlio Alimenta\u00e7\u00e3o.<\/li>\n<\/ul>\n\n\n\n<p>Al\u00e9m disso, os servidores tamb\u00e9m podem cumprir at\u00e9 84h de servi\u00e7o extraordin\u00e1rio. Com isso, no total, o sal\u00e1rio bruto inicial pode ultrapassar R$ 10,4 mil.<\/p>\n\n\n\n<h3 class=\"wp-block-heading\" id=\"etapas\">Etapas e provas do concurso Pol\u00edcia Penal CE<\/h3>\n\n\n\n<p>Sob organiza\u00e7\u00e3o da banca IDECAN, os candidatos inscritos no edital do concurso Pol\u00edcia Penal CE s\u00e3o avaliados por meio da aplica\u00e7\u00e3o das seguintes etapas:<\/p>\n\n\n\n<ul class=\"wp-block-list\">\n<li><strong>Prova Objetiva<\/strong> \u2013 eliminat\u00f3rio e classificat\u00f3rio;<\/li>\n\n\n\n<li><strong>Prova Discursiva<\/strong> \u2013 eliminat\u00f3rio e classificat\u00f3rio;<\/li>\n\n\n\n<li><strong>Teste de Aptid\u00e3o F\u00edsica (TAF)<\/strong>  \u2013 eliminat\u00f3rio;<\/li>\n\n\n\n<li><strong>Investiga\u00e7\u00e3o Social<\/strong> \u2013 eliminat\u00f3rio;<\/li>\n\n\n\n<li><strong>Curso de Forma\u00e7\u00e3o<\/strong> \u2013 eliminat\u00f3rio e classificat\u00f3rio;<\/li>\n<\/ul>\n\n\n\n<h4 class=\"wp-block-heading\" id=\"objetiva\">Provas Objetivas<\/h4>\n\n\n\n<p>Com dura\u00e7\u00e3o de 6h, a prova objetiva, de car\u00e1ter eliminat\u00f3rio e classificat\u00f3rio, foi composta de 90 quest\u00f5es de m\u00faltipla escolha, com cinco alternativas, conforme listado abaixo:<\/p>\n\n\n\n<ul class=\"wp-block-list\">\n<li><strong>Conhecimentos B\u00e1sicos:<\/strong>\n<ul class=\"wp-block-list\">\n<li>Portugu\u00eas: 12 quest\u00f5es;<\/li>\n\n\n\n<li>Racioc\u00ednio L\u00f3gico e Matem\u00e1tico: 06 quest\u00f5es;<\/li>\n\n\n\n<li>No\u00e7\u00f5es de Inform\u00e1tica: 06 quest\u00f5es;<\/li>\n\n\n\n<li>No\u00e7\u00f5es de Administra\u00e7\u00e3o P\u00fablica e \u00c9tica: 8 quest\u00f5es;<\/li>\n\n\n\n<li>Legisla\u00e7\u00e3o Espec\u00edfica: 8 quest\u00f5es;<\/li>\n<\/ul>\n<\/li>\n\n\n\n<li><strong>Conhecimentos Espec\u00edficos<\/strong>:\n<ul class=\"wp-block-list\">\n<li>No\u00e7\u00f5es de Direito Administrativo: 10 quest\u00f5es;<\/li>\n\n\n\n<li>No\u00e7\u00f5es de Direito Constitucional: 10 quest\u00f5es;<\/li>\n\n\n\n<li>No\u00e7\u00f5es de Direitos Humanos: 10 quest\u00f5es;<\/li>\n\n\n\n<li>No\u00e7\u00f5es de Direito Penal: 10 quest\u00f5es;<\/li>\n\n\n\n<li>Legisla\u00e7\u00e3o Extravagante: 10 quest\u00f5es;<\/li>\n<\/ul>\n<\/li>\n<\/ul>\n\n\n\n<p>Valendo 140 pontos, foi considerado aprovado nesta etapa o candidato que obteve, no m\u00ednimo, 60% da pontua\u00e7\u00e3o m\u00e1xima da prova e pontuar 1 quest\u00e3o em cada disciplina que comp\u00f4s a \u00c1rea de Conhecimentos B\u00e1sicos e Espec\u00edficos.<\/p>\n\n\n\n<h4 class=\"wp-block-heading\" id=\"discursiva\">Prova Discursiva<\/h4>\n\n\n\n<p>A Prova Discursiva, tamb\u00e9m de car\u00e1ter eliminat\u00f3rio e classificat\u00f3rio, foi composta por reda\u00e7\u00e3o. Redigida em no m\u00e1ximo 30 linhas, a etapa versou sobre tema a ser enunciado no caderno de prova.<\/p>\n\n\n\n<p>Foram considerados aprovados os candidatos que obtiveram, pelo menos, o percentual de 50% de aproveitamento.<\/p>\n\n\n\n<h4 class=\"wp-block-heading\" id=\"h-teste-de-aptidao-fisica\">Teste de Aptid\u00e3o F\u00edsica<\/h4>\n\n\n\n<p>O Teste de Aptid\u00e3o F\u00edsica (<a href=\"https:\/\/www.estrategiaconcursos.com.br\/blog\/preparacao-teste-aptidao-fisica\/\" target=\"_blank\" rel=\"noreferrer noopener\">TAF<\/a>) do concurso Pol\u00edcia Penal CE ter\u00e1 car\u00e1ter eliminat\u00f3rio. Segundo o edital, os candidatos ser\u00e3o avaliados por meio dos seguintes testes:<\/p>\n\n\n\n<ul class=\"wp-block-list\">\n<li>Teste Din\u00e2mico de Barra Fixa (sexo masculino) e Teste Est\u00e1tico de Barra Fixa (sexo feminino);<\/li>\n\n\n\n<li>Flex\u00e3o abdominal (sexos masculino e feminino);<\/li>\n\n\n\n<li>Flexo-extens\u00e3o de cotovelos no solo de quatro apoios (sexos masculino e feminino);<\/li>\n\n\n\n<li>Impuls\u00e3o Horizontal (sexos masculino e feminino); e<\/li>\n\n\n\n<li>Corrida de 12 (doze) minutos (sexos masculino e feminino).<\/li>\n<\/ul>\n\n\n\n<h4 class=\"wp-block-heading\" id=\"h-curso-de-formacao-profissional\">Curso de Forma\u00e7\u00e3o Profissional<\/h4>\n\n\n\n<p>Somente ser\u00e3o considerados aptos para o Curso de Forma\u00e7\u00e3o Profissional os candidatos que tenham obtido \u00eaxito em todas as Etapas anteriores deste concurso, classificados dentro dos quantitativos a seguir especificados,  respeitados os empates em \u00faltima posi\u00e7\u00e3o.<\/p>\n\n\n\n<p>O Curso de Forma\u00e7\u00e3o e Treinamento Profissional, de car\u00e1ter eliminat\u00f3rio e classificat\u00f3rio, ter\u00e1 dura\u00e7\u00e3o de no m\u00ednimo 03 meses, com carga hor\u00e1ria de 840h e grade curricular que abranger\u00e1 conte\u00fados adequados \u00e0 Matriz Curricular Nacional para a Educa\u00e7\u00e3o em Servi\u00e7os Penitenci\u00e1rios, do Departamento Penitenci\u00e1rio Nacional &#8211; DEPEN, do Minist\u00e9rio da Justi\u00e7a &#8211; MJ.<\/p>\n\n\n\n<p>A etapa ser\u00e1 realizada em Fortaleza-CE e Regi\u00e3o Metropolitana, pelo IDECAN, em at\u00e9 03 turnos, podendo ser manh\u00e3, tarde e noite, perfazendo um total de 12 horas di\u00e1rias.<\/p>\n\n\n\n<h3 class=\"wp-block-heading\" id=\"guia\">Guia de Estudos para a Pol\u00edcia Penal CE<\/h3>\n\n\n\n<ul class=\"wp-block-list\">\n<li><a href=\"https:\/\/www.estrategiaconcursos.com.br\/blog\/guia-de-estudos-para-policia-penal-ce-2024\/\" target=\"_blank\" rel=\"noreferrer noopener\">Guia de estudos Pol\u00edcia Penal CE 2024<\/a><\/li>\n<\/ul>\n\n\n\n<h2 class=\"wp-block-heading\" id=\"carreira\">Carreira de Policial Penal do Cear\u00e1<\/h2>\n\n\n\n<h3 class=\"wp-block-heading\" id=\"h-requisitos\">Requisitos<\/h3>\n\n\n\n<p>Para ingressar nos quadros da Pol\u00edcia Penal do Cear\u00e1, o candidato deve atender aos seguintes requisitos estabelecidos em lei:<\/p>\n\n\n\n<ul class=\"wp-block-list\">\n<li>Ser brasileiro, ou gozar das prerrogativas dos Decretos N\u00ba70.391\/72 e N\u00ba70.436\/72;<\/li>\n\n\n\n<li>Ter idade m\u00ednima de 18 (dezoito) anos completos, no ato da nomea\u00e7\u00e3o;<\/li>\n\n\n\n<li>Ter o n\u00edvel de escolaridade correspondente ao<strong> ensino m\u00e9dio completo, ou curso profissionalizante de ensino m\u00e9dio, <\/strong>em institui\u00e7\u00e3o reconhecida pelo Minist\u00e9rio da Educa\u00e7\u00e3o;<\/li>\n\n\n\n<li><strong>Idade m\u00e1xima de 34 anos, 11 meses e 29 dias;<\/strong><\/li>\n\n\n\n<li><strong>Carteira Nacional de Habilita\u00e7\u00e3o, no m\u00ednimo, B;<\/strong><\/li>\n\n\n\n<li>Estar em dia com as obriga\u00e7\u00f5es eleitorais e, se do sexo masculino, do Servi\u00e7o Militar;<\/li>\n\n\n\n<li>Gozar de boa sa\u00fade f\u00edsica e mental atestada pela per\u00edcia m\u00e9dica admissional oficial;<\/li>\n\n\n\n<li>Possuir ilibada conduta p\u00fablica e privada, comprovada documentalmente por certid\u00f5es negativas e certid\u00f5es de antecedentes criminais, demonstrando n\u00e3o estar o interessado respondendo a processo criminal ou ter sido indiciado criminalmente;<\/li>\n\n\n\n<li>N\u00e3o ter sofrido condena\u00e7\u00e3o criminal com pena privativa de liberdade transitada em julgado ou qualquer condena\u00e7\u00e3o incompat\u00edvel com o exerc\u00edcio do cargo pretendido;<\/li>\n\n\n\n<li>N\u00e3o ter sido demitido do servi\u00e7o p\u00fablico com a nota \u201ca bem do servi\u00e7o p\u00fablico\u201d;<\/li>\n<\/ul>\n\n\n\n<h3 class=\"wp-block-heading\" id=\"atribuicoes\">Atribui\u00e7\u00f5es do cargo de Agente Penitenci\u00e1rio <\/h3>\n\n\n\n<p>S\u00e3o atribui\u00e7\u00f5es do cargo de Agente Penitenci\u00e1rio (Policial Penal) a vigil\u00e2ncia, cust\u00f3dia, guarda, escolta, assist\u00eancia e orienta\u00e7\u00e3o de pessoas recolhidas aos estabelecimentos penais estaduais. <\/p>\n\n\n\n<h3 class=\"wp-block-heading\" id=\"remuneracao\">Remunera\u00e7\u00e3o<\/h3>\n\n\n\n<p>Conforme consta na Transpar\u00eancia do Cear\u00e1, um servidor admitido em 2013 e com carga hor\u00e1ria de 40 horas semanais ganha cerca de R$ 7 mil reais, j\u00e1 com as gratifica\u00e7\u00f5es, aux\u00edlios e descontos:<\/p>\n\n\n\n<figure class=\"wp-block-image aligncenter\"><img loading=\"lazy\" decoding=\"async\" width=\"1020\" height=\"648\" src=\"https:\/\/dhg1h5j42swfq.cloudfront.net\/2019\/06\/04154312\/Capturar.jpg1.jpg\" alt=\"Tabela de remunera\u00e7\u00e3o dos servidores da Pol\u00edcia Penal do Cear\u00e1.\" class=\"wp-image-383152\" srcset=\"https:\/\/dhg1h5j42swfq.cloudfront.net\/2019\/06\/04154312\/Capturar.jpg1.jpg 1020w, https:\/\/dhg1h5j42swfq.cloudfront.net\/2019\/06\/04154312\/Capturar.jpg1.jpg 300w, https:\/\/dhg1h5j42swfq.cloudfront.net\/2019\/06\/04154312\/Capturar.jpg1.jpg 768w, https:\/\/dhg1h5j42swfq.cloudfront.net\/2019\/06\/04154312\/Capturar.jpg1.jpg 610w\" sizes=\"auto, (max-width: 1020px) 100vw, 1020px\" \/><figcaption class=\"wp-element-caption\">Tabela de remunera\u00e7\u00e3o dos servidores do concurso Agepen CE.<\/figcaption><\/figure>\n\n\n\n<p>A remunera\u00e7\u00e3o mensal inicial do cargo de Agente Penitenci\u00e1rio \u00e9 composta de <strong>vencimento <\/strong>atribu\u00eddo \u00e0 refer\u00eancia 1 do Grupo de Atividades de Apoio Administrativo Operacional \u2013 ADO, da Carreira de Seguran\u00e7a Penitenci\u00e1ria mais <strong>Gratifica\u00e7\u00e3o de Atividades Especiais<\/strong> e de <strong>Risco<\/strong> &#8211; GAER e <strong>Adicional Noturno<\/strong>, somente quando o Agente estiver submetido ao plant\u00e3o no per\u00edodo noturno. <\/p>\n\n\n\n<p>Al\u00e9m disso, os servidores tamb\u00e9m podem cumprir at\u00e9 84h de servi\u00e7o extraordin\u00e1rio. No total, o sal\u00e1rio bruto inicial pode ultrapassar R$ 10,4 mil.<\/p>\n\n\n\n<figure class=\"wp-block-image aligncenter size-full\"><img loading=\"lazy\" decoding=\"async\" width=\"577\" height=\"296\" src=\"https:\/\/dhg1h5j42swfq.cloudfront.net\/2024\/03\/28211956\/image-739.png\" alt=\"Tabela com os novos sal\u00e1rios da Pol\u00edcia Penal do Cear\u00e1 ap\u00f3s reajuste\" class=\"wp-image-1377209\" srcset=\"https:\/\/dhg1h5j42swfq.cloudfront.net\/2024\/03\/28211956\/image-739.png 577w, https:\/\/dhg1h5j42swfq.cloudfront.net\/2024\/03\/28211956\/image-739-300x154.png 300w, https:\/\/dhg1h5j42swfq.cloudfront.net\/2024\/03\/28211956\/image-739-150x77.png 150w\" sizes=\"auto, (max-width: 577px) 100vw, 577px\" \/><figcaption class=\"wp-element-caption\">Concurso Pol\u00edcia Penal CE: veja os novos sal\u00e1rios ap\u00f3s reajuste | <a href=\"https:\/\/www.instagram.com\/p\/C5ETipcrq-v\/?utm_source=ig_embed&amp;utm_campaign=loading\" target=\"_blank\" rel=\"noreferrer noopener nofollow\">Sindppen CE<\/a><\/figcaption><\/figure>\n\n\n\n<h2 class=\"wp-block-heading\" id=\"ultimo\">\u00daltimo concurso Agepen CE<\/h2>\n\n\n\n<p>O \u00faltimo concurso AGEPEN CE <strong>foi realizado em 2017<\/strong> sob organiza\u00e7\u00e3o do Instituto AOCP. <strong>Foram ofertadas 1.000 vagas para o cargo de Agente Penitenci\u00e1rio<\/strong>, sendo 850 para candidatos do sexo masculino e 150 para candidatas do sexo feminino.<\/p>\n\n\n\n<ul class=\"wp-block-list\">\n<li><strong>\u00daltimo edital:<\/strong> <a aria-label=\"Edital Agepen CE 2017 (abre numa nova aba)\" href=\"https:\/\/dhg1h5j42swfq.cloudfront.net\/2017\/07\/17174924\/Edital-Concurso-Agente-Penitenci%C3%A1rio-CE.pdf\" target=\"_blank\" rel=\"noreferrer noopener\">Agepen CE 2017<\/a><\/li>\n<\/ul>\n\n\n\n<h3 class=\"wp-block-heading\" id=\"macrorregioes-de-distribuicao-das-vagas\">Macrorregi\u00f5es de distribui\u00e7\u00e3o das vagas<\/h3>\n\n\n\n<ul class=\"wp-block-list\">\n<li>1. Regi\u00e3o metropolitana de Fortaleza;<\/li>\n\n\n\n<li>2. Litoral Oeste;<\/li>\n\n\n\n<li>3. Sobral\/Ibiapaba;<\/li>\n\n\n\n<li>4. Sert\u00e3o dos Inhamuns;<\/li>\n\n\n\n<li>5. Sert\u00e3o Central;<\/li>\n\n\n\n<li>6. Baturit\u00e9;<\/li>\n\n\n\n<li>7. Litoral Leste\/Jaguaribe;<\/li>\n\n\n\n<li>8. Cariri\/Centro Sul.<\/li>\n<\/ul>\n\n\n\n<h3 class=\"wp-block-heading\" id=\"etapas-do-concurso-agepen-ce\">Etapas do concurso Agepen CE<\/h3>\n\n\n\n<p>A primeira fase constou de<strong> prova objetiva<\/strong>, de car\u00e1ter classificat\u00f3rio e eliminat\u00f3rio e a segunda fase constou das 5 etapas seguintes: <\/p>\n\n\n\n<ul class=\"wp-block-list\">\n<li><strong>Inspe\u00e7\u00e3o de Sa\u00fade<\/strong> que compreendeu exames m\u00e9dico, odontol\u00f3gico e toxicol\u00f3gico (eliminat\u00f3rio);<\/li>\n\n\n\n<li><strong>Avalia\u00e7\u00e3o de Capacidade F\u00edsica<\/strong> (eliminat\u00f3rio);<\/li>\n\n\n\n<li><strong>Avalia\u00e7\u00e3o Psicol\u00f3gica<\/strong> (eliminat\u00f3rio); <\/li>\n\n\n\n<li><strong>Investiga\u00e7\u00e3o Social e Funcional <\/strong>(eliminat\u00f3rio);<\/li>\n\n\n\n<li><strong>Curso de Forma\u00e7\u00e3o Profissional <\/strong>com dura\u00e7\u00e3o de 200 horas (classificat\u00f3rio e eliminat\u00f3rio).<\/li>\n<\/ul>\n\n\n\n<p>Todas as fases e etapas do concurso foram realizadas na cidade de Fortaleza\/CE, assim como o Curso de Forma\u00e7\u00e3o Profissional. <\/p>\n\n\n\n<h4 class=\"wp-block-heading\" id=\"prova-objetiva\">Prova objetiva <\/h4>\n\n\n\n<p>Para ser aprovado na prova objetiva, foi necess\u00e1rio acertar no m\u00ednimo 50% das quest\u00f5es em cada \u00e1rea de conhecimento do caderno de provas e obter no m\u00ednimo 37 pontos da pontua\u00e7\u00e3o m\u00e1xima da prova.  <\/p>\n\n\n\n<ul class=\"wp-block-list\">\n<li>L\u00edngua Portuguesa &#8211; 12 quest\u00f5es (peso 1.5)<\/li>\n\n\n\n<li>No\u00e7\u00f5es de Inform\u00e1tica &#8211; 6 quest\u00f5es (peso 0.5) <\/li>\n\n\n\n<li>No\u00e7\u00f5es de Direito &#8211; 10 quest\u00f5es (peso 1)  <\/li>\n\n\n\n<li>Direitos Humanos e Cidadania &#8211; 10 quest\u00f5es (peso 1)    <\/li>\n\n\n\n<li>Legisla\u00e7\u00e3o Especial &#8211; 10 quest\u00f5es (peso 1.5) <\/li>\n\n\n\n<li>Conhecimentos Espec\u00edficos &#8211; 12 quest\u00f5es (peso 1.5) <\/li>\n<\/ul>\n\n\n\n<h4 class=\"wp-block-heading\" id=\"avaliacao-de-capacidade-fisica-concurso-agepen-ce\">Avalia\u00e7\u00e3o de capacidade f\u00edsica<\/h4>\n\n\n\n<p>A Avalia\u00e7\u00e3o de Capacidade F\u00edsica foi constitu\u00edda das seguintes provas: <\/p>\n\n\n\n<ul class=\"wp-block-list\">\n<li>Prova de salto em dist\u00e2ncia;<\/li>\n\n\n\n<li>Prova de salto em altura;<\/li>\n\n\n\n<li>Prova de corrida de 12 minutos.<\/li>\n<\/ul>\n\n\n\n<p>A avalia\u00e7\u00e3o de capacidade f\u00edsica foi realizada e avaliada de acordo com idade e sexo do candidato(a).<\/p>\n\n\n\n<h4 class=\"wp-block-heading\" id=\"curso-de-formacao-profissional\">Curso de forma\u00e7\u00e3o profissional <\/h4>\n\n\n\n<p>O Curso de Forma\u00e7\u00e3o Profissional (CFP) teve dura\u00e7\u00e3o de 200 horas e grade curricular que abrangeu conte\u00fados adequados \u00e0 Matriz Curricular Nacional para a Educa\u00e7\u00e3o em Servi\u00e7os Penitenci\u00e1rios, do Departamento Penitenci\u00e1rio Nacional \u2013 DEPEN. <\/p>\n\n\n\n<p>Durante o per\u00edodo de realiza\u00e7\u00e3o do Curso de Forma\u00e7\u00e3o, o candidato matriculado faz jus a uma ajuda de custo correspondente a 50% do valor do vencimento b\u00e1sico da refer\u00eancia I, do cargo de Agente Penitenci\u00e1rio. <\/p>\n\n\n\n<p>A Prova Objetiva do CFP conteve 70 itens, cuja pontua\u00e7\u00e3o m\u00e1xima foi de 70 pontos. O candidato devia obter, no m\u00ednimo, 60% da nota total prevista, ou seja, 42 pontos, para ser aprovado.<\/p>\n\n\n\n<h3 class=\"wp-block-heading\" id=\"concorrencia\">Quantitativo de inscritos no concurso Agepen CE 2017<\/h3>\n\n\n\n<p>Foram registrados no total <strong>76.906 inscritos<\/strong>, uma concorr\u00eancia de aproximadamente 761 candidatos por vaga. Desses, cerca de 15 mil candidatos faltaram a prova. <\/p>\n\n\n\n<hr class=\"wp-block-separator has-css-opacity\"\/>\n\n\n\n<h2 class=\"wp-block-heading has-text-align-center\">Quer saber tudo sobre concursos previstos?<br \/>Confira nossos artigos!<\/h2>\n\n\n\n<ul class=\"wp-block-list\">\n<li><a href=\"https:\/\/www.estrategiaconcursos.com.br\/blog\/concursos-abertos\/\" target=\"_blank\" rel=\"noreferrer noopener\">Concursos abertos<\/a><\/li>\n\n\n\n<li><a href=\"https:\/\/www.estrategiaconcursos.com.br\/blog\/concursos-2025\/\" target=\"_blank\" rel=\"noreferrer noopener\">Concursos 202<\/a><a href=\"https:\/\/www.estrategiaconcursos.com.br\/blog\/concursos-2026\/\" target=\"_blank\" rel=\"noreferrer noopener\">6<\/a><\/li>\n<\/ul>\n\n\n\n<h2 class=\"wp-block-heading has-text-align-center\" id=\"cursos-e-assinaturas\">Quer estudar para o concurso Pol\u00edcia Penal CE?<\/h2>\n\n\n\n<div class=\"container\" id=\"boxes\">\r\n  <div class=\"row\">\r\n\r\n    <div class=\"col-sm\">\r\n      <div class=\"banner-policia-penal\" id=\"box-assinatura\">\r\n        <h3 class=\"titulo-assinatura\">Concurso Pol\u00edcia Penal CE<\/h3>\r\n        <p class=\"subtitulo-assinatura\">Prepare-se para o concurso! \u2b50<\/p>\r\n        <div class=\"box-botao\">\r\n          <a class=\"btn-assinatura\" target=\"_blank\" href=\"https:\/\/www.estrategiaconcursos.com.br\/cursosPorConcurso\/sejus-ce-agente-penitenciario-do-ceara\/?utm_source=blog&#038;utm_medium=banner&#038;utm_campaign=ppce-conv-x-ec-fn\" role=\"button\" rel=\"noopener noreferrer\">EXPLORAR CURSOS<\/a>\r\n        <\/div>\r\n      <\/div>\r\n      <p class=\"texto-auxiliar\"><\/p>\r\n    <\/div>\r\n\r\n  <\/div>\r\n<\/div>\n\n\n\n<div class=\"container\" id=\"boxes\">\r\n  <div class=\"row\">\r\n\r\n    <div class=\"col-sm\">\r\n      <div class=\"estrategia\" id=\"box-assinatura\">\r\n        <h3 class=\"titulo-assinatura\">Assinatura de Concursos<\/h3>\r\n        <p class=\"subtitulo-assinatura\">Assinatura de 1 ano ou 2 anos<\/p>\r\n        <div class=\"box-botao\">\r\n          <a class=\"btn-assinatura\" target=\"_blank\" href=\"https:\/\/www.estrategiaconcursos.com.br\/assinaturas\/\" role=\"button\" rel=\"noopener noreferrer\">ASSINE AGORA<\/a>\r\n        <\/div>\r\n      <\/div>\r\n     \r\n    <\/div><\/div><\/div>\n\n\n\n<figure class=\"wp-block-image size-large is-resized\"><img loading=\"lazy\" decoding=\"async\" width=\"1024\" height=\"632\" src=\"https:\/\/dhg1h5j42swfq.cloudfront.net\/2021\/08\/18151931\/ficha-tecnica-3-1024x632.png\" alt=\"Ficha t\u00e9cnica\" class=\"wp-image-839757\" style=\"width:268px;height:165px\" srcset=\"https:\/\/dhg1h5j42swfq.cloudfront.net\/2021\/08\/18151931\/ficha-tecnica-3-1024x632.png 1024w, https:\/\/dhg1h5j42swfq.cloudfront.net\/2021\/08\/18151931\/ficha-tecnica-3-300x185.png 300w, https:\/\/dhg1h5j42swfq.cloudfront.net\/2021\/08\/18151931\/ficha-tecnica-3-768x474.png 768w, https:\/\/dhg1h5j42swfq.cloudfront.net\/2021\/08\/18151931\/ficha-tecnica-3-1536x948.png 1536w, https:\/\/dhg1h5j42swfq.cloudfront.net\/2021\/08\/18151931\/ficha-tecnica-3-610x377.png 610w, https:\/\/dhg1h5j42swfq.cloudfront.net\/2021\/08\/18151931\/ficha-tecnica-3.png 1571w\" sizes=\"auto, (max-width: 1024px) 100vw, 1024px\" \/><\/figure>\n\n\n\n<h3 class=\"wp-block-heading\" id=\"ficha-tecnica-concurso-policia-penal-ce\">Informa\u00e7\u00f5es do concurso Pol\u00edcia Penal CE<\/h3>\n\n\n\n<ul class=\"wp-block-list\">\n<li><strong>Provas:&nbsp;<\/strong>14\/07\/2024<\/li>\n\n\n\n<li><strong>Vagas: <\/strong>600 + 200 CR<\/li>\n\n\n\n<li><strong>Banca:&nbsp;<\/strong>IDECAN<\/li>\n\n\n\n<li><strong>Escolaridade:&nbsp;<\/strong>n\u00edvel m\u00e9dio<\/li>\n\n\n\n<li><strong>Edital:<\/strong> <a href=\"https:\/\/dhg1h5j42swfq.cloudfront.net\/2024\/04\/10211543\/pp-ce.pdf\" target=\"_blank\" rel=\"noreferrer noopener nofollow\">PP CE 2024<\/a><\/li>\n<\/ul>\n","protected":false},"excerpt":{"rendered":"<p>\u00daltimo concurso Pol\u00edcia Penal CE ofereceu 600 vagas + 200 CR para n\u00edvel m\u00e9dio! Um novo edital do concurso Pol\u00edcia Penal CE pode ser realizado em breve. Isso porque o governador Elmano de Freitas pretende ampliar o n\u00famero de vagas no sistema penitenci\u00e1rio. &#8220;N\u00f3s queremos construir em torno de 5 mil vagas no sistema prisional [&hellip;]<\/p>\n","protected":false},"author":1206,"featured_media":1024605,"comment_status":"open","ping_status":"open","sticky":false,"template":"","format":"standard","meta":{"post_tipo":"news_page","footnotes":""},"categories":[220188],"tags":[2435,2558],"tax_estado":[219969],"class_list":["post-63241","post","type-post","status-publish","format-standard","has-post-thumbnail","hentry","category-policial-agente-penitenciario","tag-concurso-agente-penitenciario-ce","tag-concurso-agepen-ce","tax_estado-ce"],"acf":[],"yoast_head":"<!-- This site is optimized with the Yoast SEO Premium plugin v27.2 (Yoast SEO v27.2) - https:\/\/yoast.com\/product\/yoast-seo-premium-wordpress\/ -->\n<title>Concurso Pol\u00edcia Penal CE: novo edital previsto. Saiba mais!<\/title>\n<meta name=\"description\" content=\"Edital do Concurso Pol\u00edcia Penal CE ofereceu 600 vagas + 200 CR para n\u00edvel m\u00e9dio. Novo edital poder\u00e1 ser realizado em breve!\" \/>\n<meta name=\"robots\" content=\"index, follow, max-snippet:-1, max-image-preview:large, max-video-preview:-1\" \/>\n<link rel=\"canonical\" href=\"https:\/\/www.estrategiaconcursos.com.br\/blog\/concurso-policia-penal-ce\/\" \/>\n<meta property=\"og:locale\" content=\"pt_BR\" \/>\n<meta property=\"og:type\" content=\"article\" \/>\n<meta property=\"og:title\" content=\"Concurso Pol\u00edcia Penal CE: novo edital previsto. Saiba mais!\" \/>\n<meta property=\"og:description\" content=\"Edital do Concurso Pol\u00edcia Penal CE ofereceu 600 vagas + 200 CR para n\u00edvel m\u00e9dio. Novo edital poder\u00e1 ser realizado em breve!\" \/>\n<meta property=\"og:url\" content=\"https:\/\/www.estrategiaconcursos.com.br\/blog\/concurso-policia-penal-ce\/\" \/>\n<meta property=\"og:site_name\" content=\"Estrat\u00e9gia Concursos\" \/>\n<meta property=\"article:published_time\" content=\"2026-01-15T18:00:00+00:00\" \/>\n<meta property=\"article:modified_time\" content=\"2026-01-15T20:25:06+00:00\" \/>\n<meta property=\"og:image\" content=\"https:\/\/dhg1h5j42swfq.cloudfront.net\/2022\/05\/09160428\/policia_penal_ce.jpg\" \/>\n\t<meta property=\"og:image:width\" content=\"768\" \/>\n\t<meta property=\"og:image:height\" content=\"432\" \/>\n\t<meta property=\"og:image:type\" content=\"image\/jpeg\" \/>\n<meta name=\"author\" content=\"Bruna de Andrade Fran\u00e7a\" \/>\n<meta name=\"twitter:card\" content=\"summary_large_image\" \/>\n<meta name=\"twitter:creator\" content=\"@EstratConcursos\" \/>\n<meta name=\"twitter:site\" content=\"@EstratConcursos\" \/>\n<meta name=\"twitter:label1\" content=\"Escrito por\" \/>\n\t<meta name=\"twitter:data1\" content=\"Bruna de Andrade Fran\u00e7a\" \/>\n\t<meta name=\"twitter:label2\" content=\"Est. tempo de leitura\" \/>\n\t<meta name=\"twitter:data2\" content=\"7 minutos\" \/>\n<script type=\"application\/ld+json\" class=\"yoast-schema-graph\">{\"@context\":\"https:\/\/schema.org\",\"@graph\":[{\"@type\":\"NewsArticle\",\"@id\":\"https:\/\/www.estrategiaconcursos.com.br\/blog\/concurso-policia-penal-ce\/#article\",\"isPartOf\":{\"@id\":\"https:\/\/www.estrategiaconcursos.com.br\/blog\/concurso-policia-penal-ce\/\"},\"author\":{\"name\":\"Bruna de Andrade Fran\u00e7a\",\"@id\":\"https:\/\/www.estrategiaconcursos.com.br\/blog\/#\/schema\/person\/6630f91134abc08115cca62ce6372855\"},\"headline\":\"Concurso Pol\u00edcia Penal CE: novo edital previsto. Saiba mais!\",\"datePublished\":\"2026-01-15T18:00:00+00:00\",\"dateModified\":\"2026-01-15T20:25:06+00:00\",\"mainEntityOfPage\":{\"@id\":\"https:\/\/www.estrategiaconcursos.com.br\/blog\/concurso-policia-penal-ce\/\"},\"wordCount\":1839,\"commentCount\":27,\"publisher\":{\"@id\":\"https:\/\/www.estrategiaconcursos.com.br\/blog\/#organization\"},\"image\":{\"@id\":\"https:\/\/www.estrategiaconcursos.com.br\/blog\/concurso-policia-penal-ce\/#primaryimage\"},\"thumbnailUrl\":\"https:\/\/dhg1h5j42swfq.cloudfront.net\/2022\/05\/09160428\/policia_penal_ce.jpg\",\"keywords\":[\"concurso agente penitenci\u00e1rio CE\",\"concurso agepen CE\"],\"articleSection\":[\"Policial (Agente Penitenci\u00e1rio)\"],\"inLanguage\":\"pt-BR\",\"potentialAction\":[{\"@type\":\"CommentAction\",\"name\":\"Comment\",\"target\":[\"https:\/\/www.estrategiaconcursos.com.br\/blog\/concurso-policia-penal-ce\/#respond\"]}],\"copyrightYear\":\"2026\",\"copyrightHolder\":{\"@id\":\"https:\/\/www.estrategiaconcursos.com.br\/blog\/#organization\"}},{\"@type\":\"WebPage\",\"@id\":\"https:\/\/www.estrategiaconcursos.com.br\/blog\/concurso-policia-penal-ce\/\",\"url\":\"https:\/\/www.estrategiaconcursos.com.br\/blog\/concurso-policia-penal-ce\/\",\"name\":\"Concurso Pol\u00edcia Penal CE: novo edital previsto. Saiba mais!\",\"isPartOf\":{\"@id\":\"https:\/\/www.estrategiaconcursos.com.br\/blog\/#website\"},\"primaryImageOfPage\":{\"@id\":\"https:\/\/www.estrategiaconcursos.com.br\/blog\/concurso-policia-penal-ce\/#primaryimage\"},\"image\":{\"@id\":\"https:\/\/www.estrategiaconcursos.com.br\/blog\/concurso-policia-penal-ce\/#primaryimage\"},\"thumbnailUrl\":\"https:\/\/dhg1h5j42swfq.cloudfront.net\/2022\/05\/09160428\/policia_penal_ce.jpg\",\"datePublished\":\"2026-01-15T18:00:00+00:00\",\"dateModified\":\"2026-01-15T20:25:06+00:00\",\"description\":\"Edital do Concurso Pol\u00edcia Penal CE ofereceu 600 vagas + 200 CR para n\u00edvel m\u00e9dio. Novo edital poder\u00e1 ser realizado em breve!\",\"breadcrumb\":{\"@id\":\"https:\/\/www.estrategiaconcursos.com.br\/blog\/concurso-policia-penal-ce\/#breadcrumb\"},\"inLanguage\":\"pt-BR\",\"potentialAction\":[{\"@type\":\"ReadAction\",\"target\":[\"https:\/\/www.estrategiaconcursos.com.br\/blog\/concurso-policia-penal-ce\/\"]}]},{\"@type\":\"ImageObject\",\"inLanguage\":\"pt-BR\",\"@id\":\"https:\/\/www.estrategiaconcursos.com.br\/blog\/concurso-policia-penal-ce\/#primaryimage\",\"url\":\"https:\/\/dhg1h5j42swfq.cloudfront.net\/2022\/05\/09160428\/policia_penal_ce.jpg\",\"contentUrl\":\"https:\/\/dhg1h5j42swfq.cloudfront.net\/2022\/05\/09160428\/policia_penal_ce.jpg\",\"width\":768,\"height\":432,\"caption\":\"concurso Pol\u00edcia Penal CE\"},{\"@type\":\"BreadcrumbList\",\"@id\":\"https:\/\/www.estrategiaconcursos.com.br\/blog\/concurso-policia-penal-ce\/#breadcrumb\",\"itemListElement\":[{\"@type\":\"ListItem\",\"position\":1,\"name\":\"In\u00edcio\",\"item\":\"https:\/\/www.estrategiaconcursos.com.br\/blog\/\"},{\"@type\":\"ListItem\",\"position\":2,\"name\":\"Concurso Pol\u00edcia Penal CE: novo edital previsto. Saiba mais!\"}]},{\"@type\":\"WebSite\",\"@id\":\"https:\/\/www.estrategiaconcursos.com.br\/blog\/#website\",\"url\":\"https:\/\/www.estrategiaconcursos.com.br\/blog\/\",\"name\":\"Estrat\u00e9gia Concursos\",\"description\":\"O blog da Estrat\u00e9gia Concursos traz not\u00edcias sobre concursos e artigos de professores oferecendo cursos para concursos (pdf + videaulas) no site.\",\"publisher\":{\"@id\":\"https:\/\/www.estrategiaconcursos.com.br\/blog\/#organization\"},\"potentialAction\":[{\"@type\":\"SearchAction\",\"target\":{\"@type\":\"EntryPoint\",\"urlTemplate\":\"https:\/\/www.estrategiaconcursos.com.br\/blog\/?s={search_term_string}\"},\"query-input\":{\"@type\":\"PropertyValueSpecification\",\"valueRequired\":true,\"valueName\":\"search_term_string\"}}],\"inLanguage\":\"pt-BR\"},{\"@type\":\"Organization\",\"@id\":\"https:\/\/www.estrategiaconcursos.com.br\/blog\/#organization\",\"name\":\"Estrat\u00e9gia Concursos\",\"url\":\"https:\/\/www.estrategiaconcursos.com.br\/blog\/\",\"logo\":{\"@type\":\"ImageObject\",\"inLanguage\":\"pt-BR\",\"@id\":\"https:\/\/www.estrategiaconcursos.com.br\/blog\/#\/schema\/logo\/image\/\",\"url\":\"https:\/\/dhg1h5j42swfq.cloudfront.net\/2025\/06\/03203428\/logo_concursos-1.jpg\",\"contentUrl\":\"https:\/\/dhg1h5j42swfq.cloudfront.net\/2025\/06\/03203428\/logo_concursos-1.jpg\",\"width\":230,\"height\":60,\"caption\":\"Estrat\u00e9gia Concursos\"},\"image\":{\"@id\":\"https:\/\/www.estrategiaconcursos.com.br\/blog\/#\/schema\/logo\/image\/\"},\"sameAs\":[\"https:\/\/x.com\/EstratConcursos\"]},{\"@type\":\"Person\",\"@id\":\"https:\/\/www.estrategiaconcursos.com.br\/blog\/#\/schema\/person\/6630f91134abc08115cca62ce6372855\",\"name\":\"Bruna de Andrade Fran\u00e7a\",\"image\":{\"@type\":\"ImageObject\",\"inLanguage\":\"pt-BR\",\"@id\":\"https:\/\/secure.gravatar.com\/avatar\/d6316d36d50cea0fadae28ed3015b8870cc90a2d3d8a95c37b44006af36a00e3?s=96&d=mm&r=g\",\"url\":\"https:\/\/secure.gravatar.com\/avatar\/d6316d36d50cea0fadae28ed3015b8870cc90a2d3d8a95c37b44006af36a00e3?s=96&d=mm&r=g\",\"contentUrl\":\"https:\/\/secure.gravatar.com\/avatar\/d6316d36d50cea0fadae28ed3015b8870cc90a2d3d8a95c37b44006af36a00e3?s=96&d=mm&r=g\",\"caption\":\"Bruna de Andrade Fran\u00e7a\"},\"description\":\"Bruna de Andrade Fran\u00e7a \u00e9 publicit\u00e1ria com p\u00f3s-gradua\u00e7\u00e3o em Marketing &amp; Growth, atuando h\u00e1 mais de 6 anos no universo dos concursos p\u00fablicos. Desde 2021, lidera no Blog do Estrat\u00e9gia Concursos a cobertura editorial especializada em Concursos Policiais (PF, PRF, PM, PC, etc.), al\u00e9m das frentes de concursos banc\u00e1rios, de sa\u00fade e da \u00e1rea legislativa. Especialista em reda\u00e7\u00e3o, com pr\u00e1ticas de SEO e Copywriting, possui tamb\u00e9m atua\u00e7\u00e3o pr\u00e1tica de contato direto com \u00f3rg\u00e3os p\u00fablicos respons\u00e1veis por editais, permitindo acesso antecipado a informa\u00e7\u00f5es, desdobramentos importantes e atualiza\u00e7\u00e3o eficiente dos concursos p\u00fablicos.\",\"url\":\"https:\/\/www.estrategiaconcursos.com.br\/blog\/author\/bruna-andrade\/\"}]}<\/script>\n<!-- \/ Yoast SEO Premium plugin. -->","yoast_head_json":{"title":"Concurso Pol\u00edcia Penal CE: novo edital previsto. Saiba mais!","description":"Edital do Concurso Pol\u00edcia Penal CE ofereceu 600 vagas + 200 CR para n\u00edvel m\u00e9dio. Novo edital poder\u00e1 ser realizado em breve!","robots":{"index":"index","follow":"follow","max-snippet":"max-snippet:-1","max-image-preview":"max-image-preview:large","max-video-preview":"max-video-preview:-1"},"canonical":"https:\/\/www.estrategiaconcursos.com.br\/blog\/concurso-policia-penal-ce\/","og_locale":"pt_BR","og_type":"article","og_title":"Concurso Pol\u00edcia Penal CE: novo edital previsto. Saiba mais!","og_description":"Edital do Concurso Pol\u00edcia Penal CE ofereceu 600 vagas + 200 CR para n\u00edvel m\u00e9dio. Novo edital poder\u00e1 ser realizado em breve!","og_url":"https:\/\/www.estrategiaconcursos.com.br\/blog\/concurso-policia-penal-ce\/","og_site_name":"Estrat\u00e9gia Concursos","article_published_time":"2026-01-15T18:00:00+00:00","article_modified_time":"2026-01-15T20:25:06+00:00","og_image":[{"width":768,"height":432,"url":"https:\/\/dhg1h5j42swfq.cloudfront.net\/2022\/05\/09160428\/policia_penal_ce.jpg","type":"image\/jpeg"}],"author":"Bruna de Andrade Fran\u00e7a","twitter_card":"summary_large_image","twitter_creator":"@EstratConcursos","twitter_site":"@EstratConcursos","twitter_misc":{"Escrito por":"Bruna de Andrade Fran\u00e7a","Est. tempo de leitura":"7 minutos"},"schema":{"@context":"https:\/\/schema.org","@graph":[{"@type":"NewsArticle","@id":"https:\/\/www.estrategiaconcursos.com.br\/blog\/concurso-policia-penal-ce\/#article","isPartOf":{"@id":"https:\/\/www.estrategiaconcursos.com.br\/blog\/concurso-policia-penal-ce\/"},"author":{"name":"Bruna de Andrade Fran\u00e7a","@id":"https:\/\/www.estrategiaconcursos.com.br\/blog\/#\/schema\/person\/6630f91134abc08115cca62ce6372855"},"headline":"Concurso Pol\u00edcia Penal CE: novo edital previsto. Saiba mais!","datePublished":"2026-01-15T18:00:00+00:00","dateModified":"2026-01-15T20:25:06+00:00","mainEntityOfPage":{"@id":"https:\/\/www.estrategiaconcursos.com.br\/blog\/concurso-policia-penal-ce\/"},"wordCount":1839,"commentCount":27,"publisher":{"@id":"https:\/\/www.estrategiaconcursos.com.br\/blog\/#organization"},"image":{"@id":"https:\/\/www.estrategiaconcursos.com.br\/blog\/concurso-policia-penal-ce\/#primaryimage"},"thumbnailUrl":"https:\/\/dhg1h5j42swfq.cloudfront.net\/2022\/05\/09160428\/policia_penal_ce.jpg","keywords":["concurso agente penitenci\u00e1rio CE","concurso agepen CE"],"articleSection":["Policial (Agente Penitenci\u00e1rio)"],"inLanguage":"pt-BR","potentialAction":[{"@type":"CommentAction","name":"Comment","target":["https:\/\/www.estrategiaconcursos.com.br\/blog\/concurso-policia-penal-ce\/#respond"]}],"copyrightYear":"2026","copyrightHolder":{"@id":"https:\/\/www.estrategiaconcursos.com.br\/blog\/#organization"}},{"@type":"WebPage","@id":"https:\/\/www.estrategiaconcursos.com.br\/blog\/concurso-policia-penal-ce\/","url":"https:\/\/www.estrategiaconcursos.com.br\/blog\/concurso-policia-penal-ce\/","name":"Concurso Pol\u00edcia Penal CE: novo edital previsto. Saiba mais!","isPartOf":{"@id":"https:\/\/www.estrategiaconcursos.com.br\/blog\/#website"},"primaryImageOfPage":{"@id":"https:\/\/www.estrategiaconcursos.com.br\/blog\/concurso-policia-penal-ce\/#primaryimage"},"image":{"@id":"https:\/\/www.estrategiaconcursos.com.br\/blog\/concurso-policia-penal-ce\/#primaryimage"},"thumbnailUrl":"https:\/\/dhg1h5j42swfq.cloudfront.net\/2022\/05\/09160428\/policia_penal_ce.jpg","datePublished":"2026-01-15T18:00:00+00:00","dateModified":"2026-01-15T20:25:06+00:00","description":"Edital do Concurso Pol\u00edcia Penal CE ofereceu 600 vagas + 200 CR para n\u00edvel m\u00e9dio. Novo edital poder\u00e1 ser realizado em breve!","breadcrumb":{"@id":"https:\/\/www.estrategiaconcursos.com.br\/blog\/concurso-policia-penal-ce\/#breadcrumb"},"inLanguage":"pt-BR","potentialAction":[{"@type":"ReadAction","target":["https:\/\/www.estrategiaconcursos.com.br\/blog\/concurso-policia-penal-ce\/"]}]},{"@type":"ImageObject","inLanguage":"pt-BR","@id":"https:\/\/www.estrategiaconcursos.com.br\/blog\/concurso-policia-penal-ce\/#primaryimage","url":"https:\/\/dhg1h5j42swfq.cloudfront.net\/2022\/05\/09160428\/policia_penal_ce.jpg","contentUrl":"https:\/\/dhg1h5j42swfq.cloudfront.net\/2022\/05\/09160428\/policia_penal_ce.jpg","width":768,"height":432,"caption":"concurso Pol\u00edcia Penal CE"},{"@type":"BreadcrumbList","@id":"https:\/\/www.estrategiaconcursos.com.br\/blog\/concurso-policia-penal-ce\/#breadcrumb","itemListElement":[{"@type":"ListItem","position":1,"name":"In\u00edcio","item":"https:\/\/www.estrategiaconcursos.com.br\/blog\/"},{"@type":"ListItem","position":2,"name":"Concurso Pol\u00edcia Penal CE: novo edital previsto. Saiba mais!"}]},{"@type":"WebSite","@id":"https:\/\/www.estrategiaconcursos.com.br\/blog\/#website","url":"https:\/\/www.estrategiaconcursos.com.br\/blog\/","name":"Estrat\u00e9gia Concursos","description":"O blog da Estrat\u00e9gia Concursos traz not\u00edcias sobre concursos e artigos de professores oferecendo cursos para concursos (pdf + videaulas) no site.","publisher":{"@id":"https:\/\/www.estrategiaconcursos.com.br\/blog\/#organization"},"potentialAction":[{"@type":"SearchAction","target":{"@type":"EntryPoint","urlTemplate":"https:\/\/www.estrategiaconcursos.com.br\/blog\/?s={search_term_string}"},"query-input":{"@type":"PropertyValueSpecification","valueRequired":true,"valueName":"search_term_string"}}],"inLanguage":"pt-BR"},{"@type":"Organization","@id":"https:\/\/www.estrategiaconcursos.com.br\/blog\/#organization","name":"Estrat\u00e9gia Concursos","url":"https:\/\/www.estrategiaconcursos.com.br\/blog\/","logo":{"@type":"ImageObject","inLanguage":"pt-BR","@id":"https:\/\/www.estrategiaconcursos.com.br\/blog\/#\/schema\/logo\/image\/","url":"https:\/\/dhg1h5j42swfq.cloudfront.net\/2025\/06\/03203428\/logo_concursos-1.jpg","contentUrl":"https:\/\/dhg1h5j42swfq.cloudfront.net\/2025\/06\/03203428\/logo_concursos-1.jpg","width":230,"height":60,"caption":"Estrat\u00e9gia Concursos"},"image":{"@id":"https:\/\/www.estrategiaconcursos.com.br\/blog\/#\/schema\/logo\/image\/"},"sameAs":["https:\/\/x.com\/EstratConcursos"]},{"@type":"Person","@id":"https:\/\/www.estrategiaconcursos.com.br\/blog\/#\/schema\/person\/6630f91134abc08115cca62ce6372855","name":"Bruna de Andrade Fran\u00e7a","image":{"@type":"ImageObject","inLanguage":"pt-BR","@id":"https:\/\/secure.gravatar.com\/avatar\/d6316d36d50cea0fadae28ed3015b8870cc90a2d3d8a95c37b44006af36a00e3?s=96&d=mm&r=g","url":"https:\/\/secure.gravatar.com\/avatar\/d6316d36d50cea0fadae28ed3015b8870cc90a2d3d8a95c37b44006af36a00e3?s=96&d=mm&r=g","contentUrl":"https:\/\/secure.gravatar.com\/avatar\/d6316d36d50cea0fadae28ed3015b8870cc90a2d3d8a95c37b44006af36a00e3?s=96&d=mm&r=g","caption":"Bruna de Andrade Fran\u00e7a"},"description":"Bruna de Andrade Fran\u00e7a \u00e9 publicit\u00e1ria com p\u00f3s-gradua\u00e7\u00e3o em Marketing &amp; Growth, atuando h\u00e1 mais de 6 anos no universo dos concursos p\u00fablicos. Desde 2021, lidera no Blog do Estrat\u00e9gia Concursos a cobertura editorial especializada em Concursos Policiais (PF, PRF, PM, PC, etc.), al\u00e9m das frentes de concursos banc\u00e1rios, de sa\u00fade e da \u00e1rea legislativa. Especialista em reda\u00e7\u00e3o, com pr\u00e1ticas de SEO e Copywriting, possui tamb\u00e9m atua\u00e7\u00e3o pr\u00e1tica de contato direto com \u00f3rg\u00e3os p\u00fablicos respons\u00e1veis por editais, permitindo acesso antecipado a informa\u00e7\u00f5es, desdobramentos importantes e atualiza\u00e7\u00e3o eficiente dos concursos p\u00fablicos.","url":"https:\/\/www.estrategiaconcursos.com.br\/blog\/author\/bruna-andrade\/"}]}},"_links":{"self":[{"href":"https:\/\/www.estrategiaconcursos.com.br\/blog\/wp-json\/wp\/v2\/posts\/63241","targetHints":{"allow":["GET"]}}],"collection":[{"href":"https:\/\/www.estrategiaconcursos.com.br\/blog\/wp-json\/wp\/v2\/posts"}],"about":[{"href":"https:\/\/www.estrategiaconcursos.com.br\/blog\/wp-json\/wp\/v2\/types\/post"}],"author":[{"embeddable":true,"href":"https:\/\/www.estrategiaconcursos.com.br\/blog\/wp-json\/wp\/v2\/users\/1206"}],"replies":[{"embeddable":true,"href":"https:\/\/www.estrategiaconcursos.com.br\/blog\/wp-json\/wp\/v2\/comments?post=63241"}],"version-history":[{"count":221,"href":"https:\/\/www.estrategiaconcursos.com.br\/blog\/wp-json\/wp\/v2\/posts\/63241\/revisions"}],"predecessor-version":[{"id":1700057,"href":"https:\/\/www.estrategiaconcursos.com.br\/blog\/wp-json\/wp\/v2\/posts\/63241\/revisions\/1700057"}],"wp:featuredmedia":[{"embeddable":true,"href":"https:\/\/www.estrategiaconcursos.com.br\/blog\/wp-json\/wp\/v2\/media\/1024605"}],"wp:attachment":[{"href":"https:\/\/www.estrategiaconcursos.com.br\/blog\/wp-json\/wp\/v2\/media?parent=63241"}],"wp:term":[{"taxonomy":"category","embeddable":true,"href":"https:\/\/www.estrategiaconcursos.com.br\/blog\/wp-json\/wp\/v2\/categories?post=63241"},{"taxonomy":"post_tag","embeddable":true,"href":"https:\/\/www.estrategiaconcursos.com.br\/blog\/wp-json\/wp\/v2\/tags?post=63241"},{"taxonomy":"tax_estado","embeddable":true,"href":"https:\/\/www.estrategiaconcursos.com.br\/blog\/wp-json\/wp\/v2\/tax_estado?post=63241"}],"curies":[{"name":"wp","href":"https:\/\/api.w.org\/{rel}","templated":true}]}}