{"id":632251,"date":"2020-12-22T15:22:00","date_gmt":"2020-12-22T18:22:00","guid":{"rendered":"https:\/\/www.estrategiaconcursos.com.br\/blog\/?p=632251"},"modified":"2020-12-22T14:24:20","modified_gmt":"2020-12-22T17:24:20","slug":"prescricao-e-decadencia-no-direito-civil-resumo","status":"publish","type":"post","link":"https:\/\/www.estrategiaconcursos.com.br\/blog\/prescricao-e-decadencia-no-direito-civil-resumo\/","title":{"rendered":"Prescri\u00e7\u00e3o e Decad\u00eancia no Direito Civil &#8211; Resumo"},"content":{"rendered":"\n<p>Ol\u00e1, pessoal. Tudo certo? No artigo de hoje veremos sobre prescri\u00e7\u00e3o e decad\u00eancia no Direito Civil.<\/p>\n\n\n\n<p>Tema relativamente bem exigido pelas bancas de concurso p\u00fablico, que est\u00e1 disciplinado do artigo 189 a 211 do <a href=\"http:\/\/www.planalto.gov.br\/ccivil_03\/leis\/2002\/L10406compilada.htm\">C\u00f3digo Civil<\/a>. <\/p>\n\n\n\n<p>Vamos l\u00e1?<\/p>\n\n\n\n<h2 class=\"wp-block-heading\" id=\"h-introdu-o\">Introdu\u00e7\u00e3o<\/h2>\n\n\n\n<p>Antes de adentrarmos no resumo sobre Prescri\u00e7\u00e3o e Decad\u00eancia no Direito Civil, vejamos uma introdu\u00e7\u00e3o sobre o tema.<\/p>\n\n\n\n<p>\u00c9 importante contextualizar que as <strong>obriga\u00e7\u00f5es n\u00e3o s\u00e3o eternas<\/strong>, n\u00e3o seria razo\u00e1vel cobrar uma d\u00edvida de 50 anos atr\u00e1s, n\u00e3o \u00e9 mesmo? <\/p>\n\n\n\n<p>Dessa forma tanto a prescri\u00e7\u00e3o quanto a decad\u00eancia tem por objetivo a <strong>seguran\u00e7a jur\u00eddica<\/strong>.<\/p>\n\n\n\n<p>Nesse sentido, essas hip\u00f3teses s\u00e3o causas <strong>extintivas de direito<\/strong>, tendo os seguintes <strong><span class=\"has-inline-color has-vivid-cyan-blue-color\">requisitos<\/span><\/strong>:<\/p>\n\n\n\n<ul class=\"wp-block-list\"><li><strong><span class=\"has-inline-color has-vivid-green-cyan-color\">In\u00e9rcia do titular<\/span><\/strong><\/li><li><strong><span class=\"has-inline-color has-vivid-green-cyan-color\">Decurso do tempo<\/span><\/strong><\/li><\/ul>\n\n\n\n<p>Lembre-se: <strong><span class=\"has-inline-color has-vivid-purple-color\">Dormientibus non succurrit jus<\/span><\/strong> (O Direito n\u00e3o socorre aos que dormem)<\/p>\n\n\n\n<h2 class=\"wp-block-heading\">Prescri\u00e7\u00e3o X Decad\u00eancia<\/h2>\n\n\n\n<p>Antes de vermos as disposi\u00e7\u00f5es do C\u00f3digo Civil, vejamos um resumo sobre as principais diferentes entre prescri\u00e7\u00e3o e decad\u00eancia.<\/p>\n\n\n\n<p><strong><span class=\"has-inline-color has-vivid-cyan-blue-color\">Prescri<\/span><span class=\"has-inline-color has-luminous-vivid-amber-color\">\u00e7\u00e3o<\/span><span class=\"has-inline-color has-vivid-cyan-blue-color\">:<\/span><\/strong> trata-se da perda da pretens\u00e3o de um direito subjetivo, ou seja, <strong>perda do direito de&nbsp;a<span class=\"has-inline-color has-luminous-vivid-amber-color\">\u00e7\u00e3o<\/span>. <\/strong>Assim, o que se extingue \u00e9 a pretens\u00e3o e n\u00e3o o direito em si.<\/p>\n\n\n\n<p><span class=\"has-inline-color has-vivid-cyan-blue-color\"><strong>Decad\u00eancia<\/strong>:<\/span> trata-se da perda de um direito material (direito potestativo), ou seja, <strong>perde-se o pr\u00f3prio direito<\/strong>.<\/p>\n\n\n\n<p><strong><span class=\"has-inline-color has-vivid-green-cyan-color\">In\u00edcio:<\/span><\/strong><\/p>\n\n\n\n<ul class=\"wp-block-list\"><li><span class=\"has-inline-color has-vivid-purple-color\"><strong>Prescri\u00e7\u00e3o<\/strong>:<\/span> Quando o direito \u00e9 violado<\/li><li><span class=\"has-inline-color has-vivid-purple-color\"><strong>Decad\u00eancia<\/strong>:<\/span> Quando nasce o direito<\/li><\/ul>\n\n\n\n<p><strong><span class=\"has-inline-color has-vivid-green-cyan-color\">Defini\u00e7\u00e3o do prazo:<\/span><\/strong><\/p>\n\n\n\n<ul class=\"wp-block-list\"><li><span class=\"has-inline-color has-vivid-purple-color\"><strong>Prescri\u00e7\u00e3o<\/strong>:<\/span> Apenas Legal &nbsp;<\/li><li><span class=\"has-inline-color has-vivid-purple-color\"><strong>Decad\u00eancia<\/strong>: <\/span>Legal ou Convencional (contrato)<\/li><\/ul>\n\n\n\n<p><strong><span class=\"has-inline-color has-vivid-green-cyan-color\">Reconhecimento de of\u00edcio:<\/span><\/strong><\/p>\n\n\n\n<ul class=\"wp-block-list\"><li><span class=\"has-inline-color has-vivid-purple-color\"><strong>Prescri\u00e7\u00e3o<\/strong>:<\/span> Pode ser alegada<\/li><li><span class=\"has-inline-color has-vivid-purple-color\"><strong>Decad\u00eancia<\/strong>:<\/span> Pode ser alegada, exceto se convencional<\/li><\/ul>\n\n\n\n<p><strong><span class=\"has-inline-color has-vivid-green-cyan-color\">Ren\u00fancia:<\/span><\/strong><\/p>\n\n\n\n<ul class=\"wp-block-list\"><li><span class=\"has-inline-color has-vivid-purple-color\"><strong>Prescri\u00e7\u00e3o<\/strong>: <\/span>Poss\u00edvel, desde que depois da consuma\u00e7\u00e3o<\/li><li><span class=\"has-inline-color has-vivid-purple-color\"><strong>Decad\u00eancia<\/strong>:<\/span> Vedado, exceto se convencional<\/li><\/ul>\n\n\n\n<p><strong><span class=\"has-inline-color has-vivid-green-cyan-color\">N\u00e3o corre contra:<\/span><\/strong><\/p>\n\n\n\n<ul class=\"wp-block-list\"><li><span class=\"has-inline-color has-vivid-purple-color\"><strong>Prescri\u00e7\u00e3o<\/strong>:<\/span> C\u00f4njuges, no poder de fam\u00edlia, contra os absolutamente incapazes e etc.<\/li><li><span class=\"has-inline-color has-vivid-purple-color\"><strong>Decad\u00eancia<\/strong>:<\/span> Em regra corre contra todos, exceto contra o absolutamente incapaz<\/li><\/ul>\n\n\n\n<h2 class=\"wp-block-heading\">Da Prescri\u00e7\u00e3o \u2013 Disposi\u00e7\u00f5es Gerais<\/h2>\n\n\n\n<p>Como vimos, quando o <strong>direito \u00e9 violado<\/strong>, nasce para o titular a pretens\u00e3o, a qual se extingue, pela <strong>prescri\u00e7\u00e3o<\/strong> (Art. 189), no mesmo prazo ocorre com a <strong>exce\u00e7\u00e3o<\/strong> (defesa contra a \u201ca\u00e7\u00e3o de pretens\u00e3o\u201d), conforme o artigo 190.<\/p>\n\n\n\n<p>Em rela\u00e7\u00e3o a <strong><span class=\"has-inline-color has-vivid-cyan-blue-color\">ren\u00fancia da prescri\u00e7\u00e3o<\/span><\/strong>, ela pode ser (Art. 191):<\/p>\n\n\n\n<ul class=\"wp-block-list\"><li><strong><span class=\"has-inline-color has-vivid-green-cyan-color\">Expressa<\/span><\/strong>: clausula de um contrato, por exemplo.<\/li><li><strong><span class=\"has-inline-color has-vivid-green-cyan-color\">T\u00e1cita<\/span>: <\/strong>quando se presume de fatos do interessado, incompat\u00edveis com a prescri\u00e7\u00e3o. Ex. Parcelamento da d\u00edvida prescrita<\/li><\/ul>\n\n\n\n<p>Entretanto a ren\u00fancia s\u00f3 valer\u00e1 <strong>depois que a prescri\u00e7\u00e3o se consumar<\/strong> (enquanto o prazo estiver correndo a ren\u00fancia \u00e9 vedada) e caso ocorra <strong>sem preju\u00edzo de terceiro<\/strong>.<\/p>\n\n\n\n<p><strong><span class=\"has-inline-color has-vivid-cyan-blue-color\">Prazos de prescri\u00e7\u00e3o<\/span><\/strong> (Art. 192): <strong>n\u00e3o podem ser alterados<\/strong> por <strong>acordo das partes<\/strong>.<\/p>\n\n\n\n<p><strong><span class=\"has-inline-color has-vivid-cyan-blue-color\">Alega\u00e7\u00e3o <\/span><\/strong>(Art. 193): pode ser alegada em <strong>qualquer grau de jurisdi\u00e7\u00e3o<span class=\"has-inline-color has-luminous-vivid-amber-color\">*<\/span><\/strong>, pela parte a quem aproveita, ainda pode ser reconhecida de of\u00edcio pelo juiz, devido a revoga\u00e7\u00e3o do artigo 194.<\/p>\n\n\n\n<p><strong><span class=\"has-inline-color has-luminous-vivid-amber-color\">*<\/span><\/strong>A doutrina assevera que n\u00e3o seria poss\u00edvel alegar pela primeira vez no STJ ou STF, pois haveria necessidade de ter sido apontada anteriormente no processo, devido \u00e0 natureza extraordin\u00e1ria dos tribunais superiores.<\/p>\n\n\n\n<p><strong><span class=\"has-inline-color has-vivid-cyan-blue-color\">Prescri\u00e7\u00e3o iniciada<\/span><\/strong> (art. 196): <strong>contra uma pessoa continua a correr contra o seu sucessor<\/strong>, entretanto os relativamente <strong>incapazes e as pessoas jur\u00eddicas<\/strong> t\u00eam <strong><span class=\"has-inline-color has-vivid-green-cyan-color\">a\u00e7\u00e3o contra os seus assistentes ou representantes legais<\/span><\/strong>, que derem <strong><span class=\"has-inline-color has-vivid-purple-color\">causa \u00e0 prescri\u00e7\u00e3o<\/span><\/strong>, ou <strong><span class=\"has-inline-color has-vivid-purple-color\">n\u00e3o a alegarem oportunamente<\/span><\/strong> (Art. 195).<\/p>\n\n\n\n<h3 class=\"wp-block-heading\">Das Causas que Impedem ou Suspendem<\/h3>\n\n\n\n<p>Aqui temos os casos que impedem ou suspendem a prescri\u00e7\u00e3o. A diferen\u00e7a est\u00e1 no <strong>prazo de in\u00edcio da causa<\/strong>, se antes de iniciar, ocorrer\u00e1 o <strong><span class=\"has-inline-color has-vivid-cyan-blue-color\">impedimento<\/span><\/strong>; se o prazo j\u00e1 estiver correndo, ser\u00e1 causa de <strong><span class=\"has-inline-color has-vivid-cyan-blue-color\">suspens\u00e3o<\/span><\/strong>. <\/p>\n\n\n\n<p>Traduzindo:<\/p>\n\n\n\n<ul class=\"wp-block-list\"><li><strong><span class=\"has-inline-color has-vivid-cyan-blue-color\">Impedimento<\/span><\/strong>: Impede que o prazo se inicie<\/li><li><strong><span class=\"has-inline-color has-vivid-cyan-blue-color\">Suspens\u00e3o<\/span><\/strong>: paralisa o prazo que j\u00e1 se iniciou<\/li><\/ul>\n\n\n\n<p><span><span class=\"has-inline-color has-vivid-red-color\"><b>N\u00e3o<\/b><\/span><span class=\"has-inline-color has-vivid-cyan-blue-color\" style=\"font-weight: bold\"> ocorre a prescri\u00e7\u00e3o<\/span><\/span>:<\/p>\n\n\n\n<ul class=\"wp-block-list\"><li>entre os<strong> <span class=\"has-inline-color has-vivid-green-cyan-color\">c\u00f4njuges<\/span><\/strong>, na const\u00e2ncia da sociedade conjugal (Art. 197, I) <span class=\"has-inline-color has-vivid-purple-color\">-&gt; N\u00e3o ocorre mesmo que em uni\u00e3o est\u00e1vel<\/span><\/li><li>entre <strong><span class=\"has-inline-color has-vivid-green-cyan-color\">ascendentes e descendentes<\/span><\/strong>, <strong>durante o poder familiar<\/strong> (Art. 197, II)<span class=\"has-inline-color has-vivid-purple-color\"> -&gt; Nesse caso s\u00f3 come\u00e7ar\u00e1 a correr a prescri\u00e7\u00e3o quando o filho completar 18 anos.<\/span><\/li><li>entre <strong><span class=\"has-inline-color has-vivid-green-cyan-color\">tutelados ou curatelados e seus tutores ou curadores<\/span><\/strong>, durante a tutela ou curatela (Art. 197, III).<\/li><li><strong><span class=\"has-inline-color has-vivid-red-color\">contra <\/span><span class=\"has-inline-color has-vivid-green-cyan-color\">os <\/span><span class=\"has-inline-color has-vivid-red-color\">absolutamente <\/span><span class=\"has-inline-color has-vivid-green-cyan-color\">incapazes<\/span> <\/strong>(Art. 198, I)<strong><code><span class=\"has-inline-color has-luminous-vivid-amber-color\">*<\/span><\/code> <\/strong><span class=\"has-inline-color has-vivid-purple-color\">-&gt; absolutamente incapazes s\u00e3o os menores de 16 anos.<\/span><\/li><\/ul>\n\n\n\n<p><strong><span class=\"has-inline-color has-luminous-vivid-amber-color\">*<\/span><\/strong>Assim, podemos concluir que:<\/p>\n\n\n\n<p>&#8211; Prescri\u00e7\u00e3o contra relativamente incapazes corre normalmente.<br \/>&#8211; Prescri\u00e7\u00e3o a favor de incapazes (absoluta ou relativamente) tamb\u00e9m corre normalmente.<\/p>\n\n\n\n<ul class=\"wp-block-list\"><li>contra os <strong><span class=\"has-inline-color has-vivid-green-cyan-color\">ausentes do Pa\u00eds em servi\u00e7o p\u00fablico<\/span><\/strong> da Uni\u00e3o, dos Estados ou dos Munic\u00edpios (Art. 198, II)<\/li><li>contra os que se acharem <strong><span class=\"has-inline-color has-vivid-green-cyan-color\">servindo nas For\u00e7as Armadas<\/span><\/strong>, em tempo de <span class=\"has-inline-color has-vivid-red-color\"><strong>guerra<\/strong> <\/span>(Art. 198, III)<\/li><li><span class=\"has-inline-color has-vivid-green-cyan-color\"><strong>pendendo<\/strong> <strong>condi\u00e7\u00e3o <\/strong><\/span><span class=\"has-inline-color has-vivid-red-color\"><strong>suspensiva<\/strong> <\/span>(Art. 199, I)<\/li><li><span class=\"has-inline-color has-vivid-green-cyan-color\"><strong>n\u00e3o<\/strong> <\/span>estando <strong><span class=\"has-inline-color has-vivid-green-cyan-color\">vencido o prazo<\/span><\/strong> (Art. 199, II) <span class=\"has-inline-color has-vivid-purple-color\">-&gt; Enquanto o Art. 199, I trata da condi\u00e7\u00e3o suspensiva, o inciso II trata do termo<\/span><\/li><li><strong><span class=\"has-inline-color has-vivid-green-cyan-color\">pendendo a\u00e7\u00e3o de evic\u00e7\u00e3o<\/span><\/strong> (Art. 199, III)<\/li><li>antes da senten\u00e7a definitiva, quando a <span class=\"has-inline-color has-vivid-green-cyan-color\"><strong>a\u00e7\u00e3o<\/strong> <\/span>se originar de fato que deva ser <strong><span class=\"has-inline-color has-vivid-green-cyan-color\">apurado no ju\u00edzo criminal <\/span><\/strong>(Art. 200)<\/li><\/ul>\n\n\n\n<p>Atente-se que, diferentemente do direito tribut\u00e1rio, por exemplo, suspensa a prescri\u00e7\u00e3o em favor de um dos credores solid\u00e1rios, s\u00f3 aproveitam os outros se a obriga\u00e7\u00e3o for indivis\u00edvel, conforme o artigo 201.<\/p>\n\n\n\n<h3 class=\"wp-block-heading\">Das Causas que Interrompem <\/h3>\n\n\n\n<p>A <span class=\"has-inline-color has-vivid-cyan-blue-color\"><strong>interrup\u00e7\u00e3o<\/strong> <\/span>faz com que o <strong>prazo recomece do zero novamente<\/strong>, <span class=\"has-inline-color has-vivid-green-cyan-color\"><strong>recome\u00e7ando<\/strong> <\/span>da data do ato que a interrompeu, ou do \u00faltimo ato do processo para a interromper (Art. 202, \u00a7u).<\/p>\n\n\n\n<p>Entretanto \u00e9 importante lembrar que <strong>s\u00f3 ocorrer\u00e1 <span class=\"has-inline-color has-vivid-cyan-blue-color\">prescri\u00e7\u00e3o <\/span>uma \u00fanica vez<\/strong> (Art. 202, caput), evitando assim que ocorra v\u00e1rias interrup\u00e7\u00f5es de forma a prejudicar o direito do credor.<\/p>\n\n\n\n<div class=\"wp-block-image\"><figure class=\"aligncenter size-large\"><img loading=\"lazy\" decoding=\"async\" width=\"1024\" height=\"510\" src=\"https:\/\/dhg1h5j42swfq.cloudfront.net\/2020\/12\/16172053\/image-136-1024x510.png\" alt=\"Prescri\u00e7\u00e3o e Decad\u00eancia no Direito Civil - Prescri\u00e7\u00e3o X Decad\u00eancia\" class=\"wp-image-632494\" srcset=\"https:\/\/dhg1h5j42swfq.cloudfront.net\/2020\/12\/16172053\/image-136-1024x510.png 1024w, https:\/\/dhg1h5j42swfq.cloudfront.net\/2020\/12\/16172053\/image-136-300x149.png 300w, https:\/\/dhg1h5j42swfq.cloudfront.net\/2020\/12\/16172053\/image-136-768x383.png 768w, https:\/\/dhg1h5j42swfq.cloudfront.net\/2020\/12\/16172053\/image-136-610x304.png 610w, https:\/\/dhg1h5j42swfq.cloudfront.net\/2020\/12\/16172053\/image-136.png 1299w\" sizes=\"auto, (max-width: 1024px) 100vw, 1024px\" \/><figcaption>Prescri\u00e7\u00e3o e Decad\u00eancia no Direito Civil-  Suspens\u00e3o X Interrup\u00e7\u00e3o<\/figcaption><\/figure><\/div>\n\n\n\n<p>Causam a <strong><span class=\"has-inline-color has-vivid-cyan-blue-color\">Interrup\u00e7\u00e3o da prescri\u00e7\u00e3o<\/span> <\/strong>(Art. 202):<\/p>\n\n\n\n<ul class=\"wp-block-list\"><li>por <span class=\"has-inline-color has-vivid-green-cyan-color\"><strong>despacho do<\/strong> <strong>juiz<\/strong><\/span>, <strong>mesmo <span class=\"has-inline-color has-vivid-red-color\">incompetente<\/span><\/strong>, que <strong><span class=\"has-inline-color has-vivid-green-cyan-color\">ordenar a cita\u00e7\u00e3o<\/span><\/strong>, se o interessado a promover no prazo e na forma da lei processual;<\/li><li>por <strong><span class=\"has-inline-color has-vivid-green-cyan-color\">protesto<\/span><\/strong>, nas condi\u00e7\u00f5es do inciso antecedente;<\/li><li><strong><span class=\"has-inline-color has-vivid-green-cyan-color\">protesto cambial<\/span><\/strong>;<\/li><li>pela <strong><span class=\"has-inline-color has-vivid-green-cyan-color\">apresenta\u00e7\u00e3o do t\u00edtulo de cr\u00e9dito<\/span><\/strong> em <strong>ju\u00edzo de <\/strong><span class=\"has-inline-color has-vivid-purple-color\"><strong>invent\u00e1rio<\/strong> <\/span>ou em <strong><span class=\"has-inline-color has-vivid-purple-color\">concurso de credores<\/span><\/strong>;<\/li><li>por <strong>qualquer <\/strong><span class=\"has-inline-color has-vivid-green-cyan-color\"><strong>ato <\/strong><\/span><span class=\"has-inline-color has-vivid-red-color\"><strong>judicial<\/strong> <\/span><span class=\"has-inline-color has-vivid-green-cyan-color\"><strong>que constitua em mora<\/strong><\/span> o devedor;<\/li><li>por <strong>qualquer <\/strong><span class=\"has-inline-color has-vivid-green-cyan-color\"><strong>ato inequ\u00edvoco<\/strong>,<\/span> ainda que <strong><u><span class=\"has-inline-color has-vivid-red-color\">extrajudicial<\/span><\/u><\/strong>, que <strong>importe reconhecimento do direito pelo devedor<\/strong>.<\/li><\/ul>\n\n\n\n<p>Atente-se que a pode ser interrompida por qualquer interessado (Art. 203) e ter\u00e3o os seguintes efeitos:<\/p>\n\n\n\n<p><span class=\"has-inline-color has-cyan-bluish-gray-color\"><strong>Regra<\/strong>:<\/span> Interrup\u00e7\u00e3o s\u00f3 aproveita quem alegou (Art. 204, caput)<\/p>\n\n\n\n<p><span class=\"has-inline-color has-cyan-bluish-gray-color\"><strong>Exce\u00e7\u00f5es<\/strong> <\/span>(interrup\u00e7\u00e3o)<\/p>\n\n\n\n<ul class=\"wp-block-list\"><li><strong><span class=\"has-inline-color has-vivid-purple-color\">Obriga\u00e7\u00e3o solid\u00e1ria<\/span><\/strong> (passiva ou ativa): Atinge os demais devedores e\/ou credores (Art. 204, \u00a71\u00ba)<\/li><li><strong><span class=\"has-inline-color has-vivid-purple-color\">Contra herdeiro do devedor solid\u00e1rio<\/span><\/strong>: N\u00e3o prejudica os demais, salvo se a obriga\u00e7\u00e3o for indivis\u00edvel (Art. 204, \u00a72\u00ba)<\/li><li><span class=\"has-inline-color has-vivid-purple-color\"><strong>Obriga\u00e7\u00e3o principal x acess\u00f3ria<\/strong>:<\/span> Interrup\u00e7\u00e3o contra o devedor principal (ex: locador) prejudica o fiador (Art. 204, \u00a73\u00ba)<\/li><\/ul>\n\n\n\n<h3 class=\"wp-block-heading\">Dos Prazos <\/h3>\n\n\n\n<p>Vimos que o prazo da prescri\u00e7\u00e3o deve ser estipulado em lei, assim o C\u00f3digo Civil nos apresentam alguns prazos a serem seguidos em seus artigos 205 e 206, vejamos.<\/p>\n\n\n\n<p><strong><span class=\"has-inline-color has-luminous-vivid-amber-color\">Obs.<\/span><\/strong> Devido \u00e0 quantidade de hip\u00f3teses, veremos apenas as que mais costumam aparecer em prova.<\/p>\n\n\n\n<h4 class=\"wp-block-heading\" id=\"h-prescreve\">Prescreve<\/h4>\n\n\n\n<ul class=\"wp-block-list\"><li><span class=\"has-inline-color has-vivid-cyan-blue-color\"><strong>Em 10 anos<\/strong> <\/span>(Art. 205) -&gt; quando a <strong>lei n\u00e3o lhe haja fixado prazo menor<\/strong>. <span class=\"has-inline-color has-vivid-purple-color\">-&gt; prazo na omiss\u00e3o<\/span><\/li><\/ul>\n\n\n\n<ul class=\"wp-block-list\"><li><span class=\"has-inline-color has-vivid-cyan-blue-color\"><strong>Em 1 ano<\/strong> <\/span>(Art. 206, \u00a7 1\u00ba):<\/li><\/ul>\n\n\n\n<p>I &#8211; a <strong><span class=\"has-inline-color has-vivid-green-cyan-color\">pretens\u00e3o dos hospedeiros<\/span><\/strong> ou fornecedores de v\u00edveres destinados a consumo no pr\u00f3prio estabelecimento, para o pagamento da hospedagem ou dos alimentos;<\/p>\n\n\n\n<p>II &#8211; a pretens\u00e3o do <strong><span class=\"has-inline-color has-vivid-green-cyan-color\">segurado contra o segurador<\/span><\/strong>, ou a deste contra aquele, contado o prazo (&#8230;)<\/p>\n\n\n\n<p>III &#8211; a <strong><span class=\"has-inline-color has-vivid-green-cyan-color\">pretens\u00e3o dos tabeli\u00e3es<\/span><\/strong>, auxiliares da justi\u00e7a, serventu\u00e1rios judiciais, \u00e1rbitros e peritos, pela percep\u00e7\u00e3o de emolumentos, custas e honor\u00e1rios;<\/p>\n\n\n\n<ul class=\"wp-block-list\"><li><span class=\"has-inline-color has-vivid-cyan-blue-color\"><strong>Em 2 ano<\/strong> <\/span>(Art. 206, \u00a7 2\u00ba)<\/li><\/ul>\n\n\n\n<p>Pretens\u00e3o para haver <strong><span class=\"has-inline-color has-vivid-green-cyan-color\">presta\u00e7\u00f5es alimentares<\/span><\/strong>, a partir da data em que se vencerem. &#8211;<span class=\"has-inline-color has-vivid-purple-color\">&gt; as obriga\u00e7\u00f5es vencidas j\u00e1 fixadas judicialmente e n\u00e3o pagas, pois direito aos alimentos \u00e9 imprescrit\u00edvel.<\/span><\/p>\n\n\n\n<ul class=\"wp-block-list\"><li><strong><span class=\"has-inline-color has-vivid-cyan-blue-color\">Em 3 ano<\/span><\/strong> (Art. 206, \u00a7 3\u00ba)<\/li><\/ul>\n\n\n\n<p>I &#8211; a pretens\u00e3o relativa a <span class=\"has-inline-color has-vivid-green-cyan-color\"><strong>alugu\u00e9is<\/strong> <\/span>de pr\u00e9dios urbanos ou r\u00fasticos;<\/p>\n\n\n\n<p>IV &#8211; a pretens\u00e3o de ressarcimento de <strong><span class=\"has-inline-color has-vivid-green-cyan-color\">enriquecimento sem causa<\/span><\/strong>;<\/p>\n\n\n\n<p>V &#8211; a pretens\u00e3o de <strong><span class=\"has-inline-color has-vivid-green-cyan-color\">repara\u00e7\u00e3o civil<\/span><\/strong>; <span class=\"has-inline-color has-vivid-purple-color\">-&gt; um dos campe\u00f5es em prova, memorize-o.<\/span><\/p>\n\n\n\n<p>IX &#8211; a<span class=\"has-inline-color has-vivid-green-cyan-color\"> <strong>pretens\u00e3o do benefici\u00e1rio contra o segurador<\/strong><\/span>, e a do terceiro prejudicado, no caso de <span class=\"has-inline-color has-vivid-green-cyan-color\"><strong>seguro de responsabilidade civil <\/strong><\/span><strong><span class=\"has-inline-color has-vivid-red-color\">obrigat\u00f3rio<\/span><\/strong><span class=\"has-inline-color has-vivid-green-cyan-color\">.<\/span><strong><span class=\"has-inline-color has-luminous-vivid-amber-color\">*<\/span><\/strong><\/p>\n\n\n\n<p><span class=\"has-inline-color has-luminous-vivid-amber-color\">*<\/span><strong><span class=\"has-inline-color has-cyan-bluish-gray-color\">N\u00e3o confundir:<\/span><\/strong><\/p>\n\n\n\n<p>&#8211; <strong><span class=\"has-inline-color has-vivid-purple-color\">Seguro volunt\u00e1rio<\/span><\/strong> (Art. 206, \u00a7 1\u00ba, II) ex. seguro de carro, casa. -&gt;<strong> 1 ano<\/strong><br \/>&#8211; <strong><span class=\"has-inline-color has-vivid-purple-color\">Seguro obrigat\u00f3rio<\/span><\/strong> (Art. 206, \u00a7 3\u00ba, I) ex. DPVAT -&gt; <strong>3 anos<\/strong><\/p>\n\n\n\n<ul class=\"wp-block-list\"><li><span class=\"has-inline-color has-vivid-cyan-blue-color\"><strong>Em 5 ano<\/strong> <\/span>(Art. 206, \u00a7 5\u00ba)<\/li><\/ul>\n\n\n\n<p>I &#8211; a pretens\u00e3o de <strong><span class=\"has-inline-color has-vivid-green-cyan-color\">cobran\u00e7a de d\u00edvidas l\u00edquidas<\/span><\/strong> constantes de instrumento p\u00fablico ou particular<\/p>\n\n\n\n<p>II &#8211; a pretens\u00e3o dos <strong><span class=\"has-inline-color has-vivid-green-cyan-color\">profissionais liberais<\/span><\/strong> em geral, procuradores judiciais, curadores e professores pelos seus honor\u00e1rios,<strong> contado o prazo da conclus\u00e3o dos servi\u00e7os<\/strong>, da cessa\u00e7\u00e3o dos respectivos contratos ou mandato;<\/p>\n\n\n\n<h2 class=\"wp-block-heading\">Da Decad\u00eancia<\/h2>\n\n\n\n<p>Primeiro ponto importante a saber \u00e9 que, salvo disposi\u00e7\u00e3o legal em contr\u00e1rio, <strong><span class=\"has-inline-color has-vivid-cyan-blue-color\">n\u00e3o se aplicam \u00e0 decad\u00eancia<\/span><\/strong> as normas <strong>que impedem<\/strong>, <strong>suspendem<\/strong> ou <strong>interrompem a prescri\u00e7\u00e3o<\/strong>, conforme o artigo 207. <\/p>\n\n\n\n<p>Entretanto h\u00e1 duas ressalvas:<\/p>\n\n\n\n<ul class=\"wp-block-list\"><li>Os relativamente incapazes e as pessoas jur\u00eddicas t\u00eam a\u00e7\u00e3o contra os seus assistentes ou representantes legais, que derem causa \u00e0 decad\u00eancia, ou n\u00e3o a alegarem oportunamente (Art. 195)<\/li><\/ul>\n\n\n\n<ul class=\"wp-block-list\"><li>Tamb\u00e9m n\u00e3o corre a cad\u00eancia contra os absolutamente incapazes (Art. 198, I)<\/li><\/ul>\n\n\n\n<p>Diferentemente da prescri\u00e7\u00e3o, a decad\u00eancia pode ser de dois <strong><span class=\"has-inline-color has-vivid-cyan-blue-color\">tipos<\/span><\/strong>.<\/p>\n\n\n\n<p><span class=\"has-inline-color has-vivid-green-cyan-color\"><strong>Decad\u00eancia legal<\/strong>: <\/span>O prazo \u00e9 previsto em lei; n\u00e3o pode ser renunciada; <strong><span class=\"has-inline-color has-vivid-red-color\">deve <\/span><\/strong>o juiz reconhece-la de of\u00edcio.<\/p>\n\n\n\n<p><span class=\"has-inline-color has-vivid-green-cyan-color\"><strong>Decad\u00eancia convencional<\/strong>:<\/span> O prazo \u00e9 previsto em contrato; pode ser renunciada; o juiz s\u00f3 pode reconhece-la se provocado.<\/p>\n\n\n\n<p><strong><span class=\"has-inline-color has-vivid-cyan-blue-color\">Prazos na decad\u00eancia:<\/span><\/strong><\/p>\n\n\n\n<p>Os prazos decadenciais est\u00e3o dispersos no C\u00f3digo Civil e &nbsp;leis, vejamos alguns.<\/p>\n\n\n\n<ul class=\"wp-block-list\"><li><strong><span class=\"has-inline-color has-vivid-green-cyan-color\">30 dias<\/span><\/strong> &#8211; A\u00e7\u00e3o estimat\u00f3ria (CC, Art. 445)<\/li><li><span class=\"has-inline-color has-vivid-green-cyan-color\"><strong>120 dias<\/strong> <\/span>&#8211; Mandado de Seguran\u00e7a (Lei n\u00b0 12.016\/09)<\/li><li><strong><span class=\"has-inline-color has-vivid-green-cyan-color\">03 anos<\/span><\/strong> &#8211; Direito de anular a constitui\u00e7\u00e3o de uma pessoa jur\u00eddica de direito privado por defeito (CC, Art. 45)<\/li><li><strong><span class=\"has-inline-color has-vivid-green-cyan-color\">04 anos<\/span><\/strong> &#8211; Anula\u00e7\u00e3o de neg\u00f3cio jur\u00eddico com erro, dolo, fraude contra credores, estado de perigo ou les\u00e3o (CC, Art. 178)<\/li><\/ul>\n\n\n\n<p>Uma dica importante \u00e9 perceber que os<strong> prazos prescricionais n\u00e3o contem dias\/meses<\/strong>, assim se um prazo for em dias, meses ou ano e dia, com certeza estaremos tratando de prazo decadencial.<\/p>\n\n\n\n<p>Para finalizar, vejamos um quadro esquem\u00e1tico das distin\u00e7\u00f5es entre prescri\u00e7\u00e3o e decad\u00eancia feita pelo professor Paulo Sousa.<\/p>\n\n\n\n<div class=\"wp-block-image\"><figure class=\"aligncenter size-large\"><img loading=\"lazy\" decoding=\"async\" width=\"505\" height=\"227\" src=\"https:\/\/dhg1h5j42swfq.cloudfront.net\/2020\/12\/16173029\/image-137.png\" alt=\"Prescri\u00e7\u00e3o e Decad\u00eancia no Direito Civil - Prescri\u00e7\u00e3o X Decad\u00eancia\" class=\"wp-image-632515\" srcset=\"https:\/\/dhg1h5j42swfq.cloudfront.net\/2020\/12\/16173029\/image-137.png 505w, https:\/\/dhg1h5j42swfq.cloudfront.net\/2020\/12\/16173029\/image-137-300x135.png 300w\" sizes=\"auto, (max-width: 505px) 100vw, 505px\" \/><figcaption>Prescri\u00e7\u00e3o e Decad\u00eancia no Direito Civil &#8211; Prescri\u00e7\u00e3o X Decad\u00eancia<\/figcaption><\/figure><\/div>\n\n\n\n<h2 class=\"wp-block-heading\">Considera\u00e7\u00f5es Finais<\/h2>\n\n\n\n<p>Chegamos ao final do artigo sobre Prescri\u00e7\u00e3o e Decad\u00eancia no C\u00f3digo Civil, espero que tenham gostado.<\/p>\n\n\n\n<p class=\"has-text-align-center\"><a href=\"http:\/\/www.planalto.gov.br\/ccivil_03\/leis\/2002\/L10406compilada.htm\">Cursos <\/a>&#8211; Prescri\u00e7\u00e3o e Decad\u00eancia no Direito Civil<\/p>\n\n\n\n<p>Lembrando que se trata de um resumo, os conte\u00fados s\u00e3o muito mais aprofundados em nossas aulas, n\u00e3o deixe de conferir.<\/p>\n\n\n\n<p>At\u00e9 mais e bons estudos!<\/p>\n\n\n\n<p class=\"has-text-align-center\"><em><strong>Assinatura Anual Ilimitada*<\/strong><\/em><\/p>\n\n\n\n<p class=\"has-text-align-center\"><em>Prepare-se com o melhor material e com quem mais aprova em Concursos P\u00fablicos em todo o pa\u00eds. Assine agora a nossa Assinatura Anual e tenha acesso ilimitado* a todos os nossos cursos.<\/em><\/p>\n\n\n\n<p class=\"has-text-align-center\"><strong>ASSINE AGORA<\/strong>&nbsp;\u2013&nbsp;<strong><a rel=\"noreferrer noopener\" href=\"https:\/\/www.estrategiaconcursos.com.br\/assinaturas\" target=\"_blank\">Assinatura Ilimitada<\/a><\/strong><\/p>\n\n\n\n<p class=\"has-text-align-center\"><strong><em><strong>Sistema de Quest\u00f5es<\/strong><\/em><\/strong><\/p>\n\n\n\n<p class=\"has-text-align-center\"><em>Estrat\u00e9gia Quest\u00f5es nasceu maior do que todos os concorrentes, com mais quest\u00f5es cadastradas e mais solu\u00e7\u00f5es por professores. Ent\u00e3o, confira e aproveite os descontos e b\u00f4nus imperd\u00edveis!<\/em><\/p>\n\n\n\n<p class=\"has-text-align-center\"><strong>ASSINE AGORA \u2013&nbsp;<a rel=\"noreferrer noopener\" href=\"https:\/\/www.estrategiaconcursos.com.br\/cursosPorConcurso\/sistema-de-questoes\/#\/\" target=\"_blank\">Sistema de Quest\u00f5es<\/a><\/strong><\/p>\n\n\n\n<p class=\"has-text-align-center\"><strong><em>Fique por dentro dos concursos em aberto<\/em><\/strong><\/p>\n\n\n\n<p class=\"has-text-align-center\"><a rel=\"noreferrer noopener\" href=\"https:\/\/www.estrategiaconcursos.com.br\/blog\/concursos-abertos\/\" target=\"_blank\"><strong>CONCURSOS ABERTOS<\/strong><\/a><\/p>\n\n\n\n<p class=\"has-text-align-center\"><strong><em>As oportunidades previstas<\/em><\/strong><\/p>\n\n\n\n<p class=\"has-text-align-center\"><a rel=\"noreferrer noopener\" href=\"https:\/\/www.estrategiaconcursos.com.br\/blog\/concursos-2020\/\" target=\"_blank\"><strong>CONCURSOS&nbsp;2020<\/strong><\/a><\/p>\n\n\n\n<p class=\"has-text-align-center\"><a rel=\"noreferrer noopener\" href=\"https:\/\/www.estrategiaconcursos.com.br\/blog\/concursos-2021\/\" target=\"_blank\"><strong>CONCURSOS 2021<\/strong><\/a><\/p>\n","protected":false},"excerpt":{"rendered":"<p>Ol\u00e1, pessoal. Tudo certo? No artigo de hoje veremos sobre prescri\u00e7\u00e3o e decad\u00eancia no Direito Civil. Tema relativamente bem exigido pelas bancas de concurso p\u00fablico, que est\u00e1 disciplinado do artigo 189 a 211 do C\u00f3digo Civil. Vamos l\u00e1? Introdu\u00e7\u00e3o Antes de adentrarmos no resumo sobre Prescri\u00e7\u00e3o e Decad\u00eancia no Direito Civil, vejamos uma introdu\u00e7\u00e3o sobre [&hellip;]<\/p>\n","protected":false},"author":1763,"featured_media":632515,"comment_status":"open","ping_status":"closed","sticky":false,"template":"","format":"standard","meta":{"post_tipo":"article","footnotes":""},"categories":[2313,1,214992,1983,2185,2017,1984,214710],"tags":[],"tax_estado":[219964,219965,219966,219967,219968,219969,219963,219970,219971,219972,219973,219974,219975,219976,219977,219978,219979,219980,219981,219982,219983,219984,219985,219986,219987,219988,219989,219990],"class_list":["post-632251","post","type-post","status-publish","format-standard","has-post-thumbnail","hentry","category-carreiras-bancarias","category-cursos-e-concursos","category-concursos-administrativos","category-fiscal-estadual","category-carreiras-juridicas","category-concursos-legislativos","category-tribunais","category-tribunais-de-contas","tax_estado-ac","tax_estado-al","tax_estado-am","tax_estado-ap","tax_estado-ba","tax_estado-ce","tax_estado-concursos-federais","tax_estado-df","tax_estado-es","tax_estado-go","tax_estado-ma","tax_estado-mg","tax_estado-ms","tax_estado-mt","tax_estado-pa","tax_estado-pb","tax_estado-pe","tax_estado-pi","tax_estado-pr","tax_estado-rj","tax_estado-rn","tax_estado-ro","tax_estado-rr","tax_estado-rs","tax_estado-sc","tax_estado-se","tax_estado-sp","tax_estado-to"],"acf":[],"yoast_head":"<!-- This site is optimized with the Yoast SEO Premium plugin v27.2 (Yoast SEO v27.2) - https:\/\/yoast.com\/product\/yoast-seo-premium-wordpress\/ -->\n<title>Prescri\u00e7\u00e3o e Decad\u00eancia no Direito Civil - Resumo<\/title>\n<meta name=\"description\" content=\"Veja nesse artigo um resumo completo sobre a Prescri\u00e7\u00e3o e a Decad\u00eancia no C\u00f3digo Civil para colaborar com seu estudo de Direito Civil.\" \/>\n<meta name=\"robots\" content=\"index, follow, max-snippet:-1, max-image-preview:large, max-video-preview:-1\" \/>\n<link rel=\"canonical\" href=\"https:\/\/www.estrategiaconcursos.com.br\/blog\/prescricao-e-decadencia-no-direito-civil-resumo\/\" \/>\n<meta property=\"og:locale\" content=\"pt_BR\" \/>\n<meta property=\"og:type\" content=\"article\" \/>\n<meta property=\"og:title\" content=\"Prescri\u00e7\u00e3o e Decad\u00eancia no Direito Civil - Resumo\" \/>\n<meta property=\"og:description\" content=\"Veja nesse artigo um resumo completo sobre a Prescri\u00e7\u00e3o e a Decad\u00eancia no C\u00f3digo Civil para colaborar com seu estudo de Direito Civil.\" \/>\n<meta property=\"og:url\" content=\"https:\/\/www.estrategiaconcursos.com.br\/blog\/prescricao-e-decadencia-no-direito-civil-resumo\/\" \/>\n<meta property=\"og:site_name\" content=\"Estrat\u00e9gia Concursos\" \/>\n<meta property=\"article:published_time\" content=\"2020-12-22T18:22:00+00:00\" \/>\n<meta property=\"og:image\" content=\"https:\/\/dhg1h5j42swfq.cloudfront.net\/2020\/12\/16173029\/image-137.png\" \/>\n\t<meta property=\"og:image:width\" content=\"505\" \/>\n\t<meta property=\"og:image:height\" content=\"227\" \/>\n\t<meta property=\"og:image:type\" content=\"image\/png\" \/>\n<meta name=\"author\" content=\"Leonardo Menezes Passarin\" \/>\n<meta name=\"twitter:card\" content=\"summary_large_image\" \/>\n<meta name=\"twitter:creator\" content=\"@EstratConcursos\" \/>\n<meta name=\"twitter:site\" content=\"@EstratConcursos\" \/>\n<meta name=\"twitter:label1\" content=\"Escrito por\" \/>\n\t<meta name=\"twitter:data1\" content=\"Leonardo Menezes Passarin\" \/>\n\t<meta name=\"twitter:label2\" content=\"Est. tempo de leitura\" \/>\n\t<meta name=\"twitter:data2\" content=\"9 minutos\" \/>\n<script type=\"application\/ld+json\" class=\"yoast-schema-graph\">{\"@context\":\"https:\/\/schema.org\",\"@graph\":[{\"@type\":\"NewsArticle\",\"@id\":\"https:\/\/www.estrategiaconcursos.com.br\/blog\/prescricao-e-decadencia-no-direito-civil-resumo\/#article\",\"isPartOf\":{\"@id\":\"https:\/\/www.estrategiaconcursos.com.br\/blog\/prescricao-e-decadencia-no-direito-civil-resumo\/\"},\"author\":{\"name\":\"Leonardo Menezes Passarin\",\"@id\":\"https:\/\/www.estrategiaconcursos.com.br\/blog\/#\/schema\/person\/245b44e43eb13f0dbd04a7a078cd0d0d\"},\"headline\":\"Prescri\u00e7\u00e3o e Decad\u00eancia no Direito Civil &#8211; Resumo\",\"datePublished\":\"2020-12-22T18:22:00+00:00\",\"mainEntityOfPage\":{\"@id\":\"https:\/\/www.estrategiaconcursos.com.br\/blog\/prescricao-e-decadencia-no-direito-civil-resumo\/\"},\"wordCount\":1914,\"commentCount\":0,\"publisher\":{\"@id\":\"https:\/\/www.estrategiaconcursos.com.br\/blog\/#organization\"},\"image\":{\"@id\":\"https:\/\/www.estrategiaconcursos.com.br\/blog\/prescricao-e-decadencia-no-direito-civil-resumo\/#primaryimage\"},\"thumbnailUrl\":\"https:\/\/dhg1h5j42swfq.cloudfront.net\/2020\/12\/16173029\/image-137.png\",\"articleSection\":[\"Banc\u00e1ria (BB, CEF e Bancos Estaduais)\",\"Concursos P\u00fablicos\",\"Executivo (Administrativa)\",\"Fiscal - Estadual (ICMS)\",\"Jur\u00eddico\",\"Legislativo\",\"Tribunais\",\"Tribunais de Contas (TCU, TCE, TCM)\"],\"inLanguage\":\"pt-BR\",\"potentialAction\":[{\"@type\":\"CommentAction\",\"name\":\"Comment\",\"target\":[\"https:\/\/www.estrategiaconcursos.com.br\/blog\/prescricao-e-decadencia-no-direito-civil-resumo\/#respond\"]}],\"copyrightYear\":\"2020\",\"copyrightHolder\":{\"@id\":\"https:\/\/www.estrategiaconcursos.com.br\/blog\/#organization\"}},{\"@type\":\"WebPage\",\"@id\":\"https:\/\/www.estrategiaconcursos.com.br\/blog\/prescricao-e-decadencia-no-direito-civil-resumo\/\",\"url\":\"https:\/\/www.estrategiaconcursos.com.br\/blog\/prescricao-e-decadencia-no-direito-civil-resumo\/\",\"name\":\"Prescri\u00e7\u00e3o e Decad\u00eancia no Direito Civil - Resumo\",\"isPartOf\":{\"@id\":\"https:\/\/www.estrategiaconcursos.com.br\/blog\/#website\"},\"primaryImageOfPage\":{\"@id\":\"https:\/\/www.estrategiaconcursos.com.br\/blog\/prescricao-e-decadencia-no-direito-civil-resumo\/#primaryimage\"},\"image\":{\"@id\":\"https:\/\/www.estrategiaconcursos.com.br\/blog\/prescricao-e-decadencia-no-direito-civil-resumo\/#primaryimage\"},\"thumbnailUrl\":\"https:\/\/dhg1h5j42swfq.cloudfront.net\/2020\/12\/16173029\/image-137.png\",\"datePublished\":\"2020-12-22T18:22:00+00:00\",\"description\":\"Veja nesse artigo um resumo completo sobre a Prescri\u00e7\u00e3o e a Decad\u00eancia no C\u00f3digo Civil para colaborar com seu estudo de Direito Civil.\",\"breadcrumb\":{\"@id\":\"https:\/\/www.estrategiaconcursos.com.br\/blog\/prescricao-e-decadencia-no-direito-civil-resumo\/#breadcrumb\"},\"inLanguage\":\"pt-BR\",\"potentialAction\":[{\"@type\":\"ReadAction\",\"target\":[\"https:\/\/www.estrategiaconcursos.com.br\/blog\/prescricao-e-decadencia-no-direito-civil-resumo\/\"]}]},{\"@type\":\"ImageObject\",\"inLanguage\":\"pt-BR\",\"@id\":\"https:\/\/www.estrategiaconcursos.com.br\/blog\/prescricao-e-decadencia-no-direito-civil-resumo\/#primaryimage\",\"url\":\"https:\/\/dhg1h5j42swfq.cloudfront.net\/2020\/12\/16173029\/image-137.png\",\"contentUrl\":\"https:\/\/dhg1h5j42swfq.cloudfront.net\/2020\/12\/16173029\/image-137.png\",\"width\":505,\"height\":227},{\"@type\":\"BreadcrumbList\",\"@id\":\"https:\/\/www.estrategiaconcursos.com.br\/blog\/prescricao-e-decadencia-no-direito-civil-resumo\/#breadcrumb\",\"itemListElement\":[{\"@type\":\"ListItem\",\"position\":1,\"name\":\"In\u00edcio\",\"item\":\"https:\/\/www.estrategiaconcursos.com.br\/blog\/\"},{\"@type\":\"ListItem\",\"position\":2,\"name\":\"Prescri\u00e7\u00e3o e Decad\u00eancia no Direito Civil &#8211; Resumo\"}]},{\"@type\":\"WebSite\",\"@id\":\"https:\/\/www.estrategiaconcursos.com.br\/blog\/#website\",\"url\":\"https:\/\/www.estrategiaconcursos.com.br\/blog\/\",\"name\":\"Estrat\u00e9gia Concursos\",\"description\":\"O blog da Estrat\u00e9gia Concursos traz not\u00edcias sobre concursos e artigos de professores oferecendo cursos para concursos (pdf + videaulas) no site.\",\"publisher\":{\"@id\":\"https:\/\/www.estrategiaconcursos.com.br\/blog\/#organization\"},\"potentialAction\":[{\"@type\":\"SearchAction\",\"target\":{\"@type\":\"EntryPoint\",\"urlTemplate\":\"https:\/\/www.estrategiaconcursos.com.br\/blog\/?s={search_term_string}\"},\"query-input\":{\"@type\":\"PropertyValueSpecification\",\"valueRequired\":true,\"valueName\":\"search_term_string\"}}],\"inLanguage\":\"pt-BR\"},{\"@type\":\"Organization\",\"@id\":\"https:\/\/www.estrategiaconcursos.com.br\/blog\/#organization\",\"name\":\"Estrat\u00e9gia Concursos\",\"url\":\"https:\/\/www.estrategiaconcursos.com.br\/blog\/\",\"logo\":{\"@type\":\"ImageObject\",\"inLanguage\":\"pt-BR\",\"@id\":\"https:\/\/www.estrategiaconcursos.com.br\/blog\/#\/schema\/logo\/image\/\",\"url\":\"https:\/\/dhg1h5j42swfq.cloudfront.net\/2025\/06\/03203428\/logo_concursos-1.jpg\",\"contentUrl\":\"https:\/\/dhg1h5j42swfq.cloudfront.net\/2025\/06\/03203428\/logo_concursos-1.jpg\",\"width\":230,\"height\":60,\"caption\":\"Estrat\u00e9gia Concursos\"},\"image\":{\"@id\":\"https:\/\/www.estrategiaconcursos.com.br\/blog\/#\/schema\/logo\/image\/\"},\"sameAs\":[\"https:\/\/x.com\/EstratConcursos\"]},{\"@type\":\"Person\",\"@id\":\"https:\/\/www.estrategiaconcursos.com.br\/blog\/#\/schema\/person\/245b44e43eb13f0dbd04a7a078cd0d0d\",\"name\":\"Leonardo Menezes Passarin\",\"image\":{\"@type\":\"ImageObject\",\"inLanguage\":\"pt-BR\",\"@id\":\"https:\/\/secure.gravatar.com\/avatar\/fc0e5714ceaa97f24e6e6a30eab74ba8a701c2b62f8cab100ffdb22c6d8f42c3?s=96&d=mm&r=g\",\"url\":\"https:\/\/secure.gravatar.com\/avatar\/fc0e5714ceaa97f24e6e6a30eab74ba8a701c2b62f8cab100ffdb22c6d8f42c3?s=96&d=mm&r=g\",\"contentUrl\":\"https:\/\/secure.gravatar.com\/avatar\/fc0e5714ceaa97f24e6e6a30eab74ba8a701c2b62f8cab100ffdb22c6d8f42c3?s=96&d=mm&r=g\",\"caption\":\"Leonardo Menezes Passarin\"},\"url\":\"https:\/\/www.estrategiaconcursos.com.br\/blog\/author\/passarin-leonardohotmail-com\/\"}]}<\/script>\n<!-- \/ Yoast SEO Premium plugin. -->","yoast_head_json":{"title":"Prescri\u00e7\u00e3o e Decad\u00eancia no Direito Civil - Resumo","description":"Veja nesse artigo um resumo completo sobre a Prescri\u00e7\u00e3o e a Decad\u00eancia no C\u00f3digo Civil para colaborar com seu estudo de Direito Civil.","robots":{"index":"index","follow":"follow","max-snippet":"max-snippet:-1","max-image-preview":"max-image-preview:large","max-video-preview":"max-video-preview:-1"},"canonical":"https:\/\/www.estrategiaconcursos.com.br\/blog\/prescricao-e-decadencia-no-direito-civil-resumo\/","og_locale":"pt_BR","og_type":"article","og_title":"Prescri\u00e7\u00e3o e Decad\u00eancia no Direito Civil - Resumo","og_description":"Veja nesse artigo um resumo completo sobre a Prescri\u00e7\u00e3o e a Decad\u00eancia no C\u00f3digo Civil para colaborar com seu estudo de Direito Civil.","og_url":"https:\/\/www.estrategiaconcursos.com.br\/blog\/prescricao-e-decadencia-no-direito-civil-resumo\/","og_site_name":"Estrat\u00e9gia Concursos","article_published_time":"2020-12-22T18:22:00+00:00","og_image":[{"width":505,"height":227,"url":"https:\/\/dhg1h5j42swfq.cloudfront.net\/2020\/12\/16173029\/image-137.png","type":"image\/png"}],"author":"Leonardo Menezes Passarin","twitter_card":"summary_large_image","twitter_creator":"@EstratConcursos","twitter_site":"@EstratConcursos","twitter_misc":{"Escrito por":"Leonardo Menezes Passarin","Est. tempo de leitura":"9 minutos"},"schema":{"@context":"https:\/\/schema.org","@graph":[{"@type":"NewsArticle","@id":"https:\/\/www.estrategiaconcursos.com.br\/blog\/prescricao-e-decadencia-no-direito-civil-resumo\/#article","isPartOf":{"@id":"https:\/\/www.estrategiaconcursos.com.br\/blog\/prescricao-e-decadencia-no-direito-civil-resumo\/"},"author":{"name":"Leonardo Menezes Passarin","@id":"https:\/\/www.estrategiaconcursos.com.br\/blog\/#\/schema\/person\/245b44e43eb13f0dbd04a7a078cd0d0d"},"headline":"Prescri\u00e7\u00e3o e Decad\u00eancia no Direito Civil &#8211; Resumo","datePublished":"2020-12-22T18:22:00+00:00","mainEntityOfPage":{"@id":"https:\/\/www.estrategiaconcursos.com.br\/blog\/prescricao-e-decadencia-no-direito-civil-resumo\/"},"wordCount":1914,"commentCount":0,"publisher":{"@id":"https:\/\/www.estrategiaconcursos.com.br\/blog\/#organization"},"image":{"@id":"https:\/\/www.estrategiaconcursos.com.br\/blog\/prescricao-e-decadencia-no-direito-civil-resumo\/#primaryimage"},"thumbnailUrl":"https:\/\/dhg1h5j42swfq.cloudfront.net\/2020\/12\/16173029\/image-137.png","articleSection":["Banc\u00e1ria (BB, CEF e Bancos Estaduais)","Concursos P\u00fablicos","Executivo (Administrativa)","Fiscal - Estadual (ICMS)","Jur\u00eddico","Legislativo","Tribunais","Tribunais de Contas (TCU, TCE, TCM)"],"inLanguage":"pt-BR","potentialAction":[{"@type":"CommentAction","name":"Comment","target":["https:\/\/www.estrategiaconcursos.com.br\/blog\/prescricao-e-decadencia-no-direito-civil-resumo\/#respond"]}],"copyrightYear":"2020","copyrightHolder":{"@id":"https:\/\/www.estrategiaconcursos.com.br\/blog\/#organization"}},{"@type":"WebPage","@id":"https:\/\/www.estrategiaconcursos.com.br\/blog\/prescricao-e-decadencia-no-direito-civil-resumo\/","url":"https:\/\/www.estrategiaconcursos.com.br\/blog\/prescricao-e-decadencia-no-direito-civil-resumo\/","name":"Prescri\u00e7\u00e3o e Decad\u00eancia no Direito Civil - Resumo","isPartOf":{"@id":"https:\/\/www.estrategiaconcursos.com.br\/blog\/#website"},"primaryImageOfPage":{"@id":"https:\/\/www.estrategiaconcursos.com.br\/blog\/prescricao-e-decadencia-no-direito-civil-resumo\/#primaryimage"},"image":{"@id":"https:\/\/www.estrategiaconcursos.com.br\/blog\/prescricao-e-decadencia-no-direito-civil-resumo\/#primaryimage"},"thumbnailUrl":"https:\/\/dhg1h5j42swfq.cloudfront.net\/2020\/12\/16173029\/image-137.png","datePublished":"2020-12-22T18:22:00+00:00","description":"Veja nesse artigo um resumo completo sobre a Prescri\u00e7\u00e3o e a Decad\u00eancia no C\u00f3digo Civil para colaborar com seu estudo de Direito Civil.","breadcrumb":{"@id":"https:\/\/www.estrategiaconcursos.com.br\/blog\/prescricao-e-decadencia-no-direito-civil-resumo\/#breadcrumb"},"inLanguage":"pt-BR","potentialAction":[{"@type":"ReadAction","target":["https:\/\/www.estrategiaconcursos.com.br\/blog\/prescricao-e-decadencia-no-direito-civil-resumo\/"]}]},{"@type":"ImageObject","inLanguage":"pt-BR","@id":"https:\/\/www.estrategiaconcursos.com.br\/blog\/prescricao-e-decadencia-no-direito-civil-resumo\/#primaryimage","url":"https:\/\/dhg1h5j42swfq.cloudfront.net\/2020\/12\/16173029\/image-137.png","contentUrl":"https:\/\/dhg1h5j42swfq.cloudfront.net\/2020\/12\/16173029\/image-137.png","width":505,"height":227},{"@type":"BreadcrumbList","@id":"https:\/\/www.estrategiaconcursos.com.br\/blog\/prescricao-e-decadencia-no-direito-civil-resumo\/#breadcrumb","itemListElement":[{"@type":"ListItem","position":1,"name":"In\u00edcio","item":"https:\/\/www.estrategiaconcursos.com.br\/blog\/"},{"@type":"ListItem","position":2,"name":"Prescri\u00e7\u00e3o e Decad\u00eancia no Direito Civil &#8211; Resumo"}]},{"@type":"WebSite","@id":"https:\/\/www.estrategiaconcursos.com.br\/blog\/#website","url":"https:\/\/www.estrategiaconcursos.com.br\/blog\/","name":"Estrat\u00e9gia Concursos","description":"O blog da Estrat\u00e9gia Concursos traz not\u00edcias sobre concursos e artigos de professores oferecendo cursos para concursos (pdf + videaulas) no site.","publisher":{"@id":"https:\/\/www.estrategiaconcursos.com.br\/blog\/#organization"},"potentialAction":[{"@type":"SearchAction","target":{"@type":"EntryPoint","urlTemplate":"https:\/\/www.estrategiaconcursos.com.br\/blog\/?s={search_term_string}"},"query-input":{"@type":"PropertyValueSpecification","valueRequired":true,"valueName":"search_term_string"}}],"inLanguage":"pt-BR"},{"@type":"Organization","@id":"https:\/\/www.estrategiaconcursos.com.br\/blog\/#organization","name":"Estrat\u00e9gia Concursos","url":"https:\/\/www.estrategiaconcursos.com.br\/blog\/","logo":{"@type":"ImageObject","inLanguage":"pt-BR","@id":"https:\/\/www.estrategiaconcursos.com.br\/blog\/#\/schema\/logo\/image\/","url":"https:\/\/dhg1h5j42swfq.cloudfront.net\/2025\/06\/03203428\/logo_concursos-1.jpg","contentUrl":"https:\/\/dhg1h5j42swfq.cloudfront.net\/2025\/06\/03203428\/logo_concursos-1.jpg","width":230,"height":60,"caption":"Estrat\u00e9gia Concursos"},"image":{"@id":"https:\/\/www.estrategiaconcursos.com.br\/blog\/#\/schema\/logo\/image\/"},"sameAs":["https:\/\/x.com\/EstratConcursos"]},{"@type":"Person","@id":"https:\/\/www.estrategiaconcursos.com.br\/blog\/#\/schema\/person\/245b44e43eb13f0dbd04a7a078cd0d0d","name":"Leonardo Menezes Passarin","image":{"@type":"ImageObject","inLanguage":"pt-BR","@id":"https:\/\/secure.gravatar.com\/avatar\/fc0e5714ceaa97f24e6e6a30eab74ba8a701c2b62f8cab100ffdb22c6d8f42c3?s=96&d=mm&r=g","url":"https:\/\/secure.gravatar.com\/avatar\/fc0e5714ceaa97f24e6e6a30eab74ba8a701c2b62f8cab100ffdb22c6d8f42c3?s=96&d=mm&r=g","contentUrl":"https:\/\/secure.gravatar.com\/avatar\/fc0e5714ceaa97f24e6e6a30eab74ba8a701c2b62f8cab100ffdb22c6d8f42c3?s=96&d=mm&r=g","caption":"Leonardo Menezes Passarin"},"url":"https:\/\/www.estrategiaconcursos.com.br\/blog\/author\/passarin-leonardohotmail-com\/"}]}},"_links":{"self":[{"href":"https:\/\/www.estrategiaconcursos.com.br\/blog\/wp-json\/wp\/v2\/posts\/632251","targetHints":{"allow":["GET"]}}],"collection":[{"href":"https:\/\/www.estrategiaconcursos.com.br\/blog\/wp-json\/wp\/v2\/posts"}],"about":[{"href":"https:\/\/www.estrategiaconcursos.com.br\/blog\/wp-json\/wp\/v2\/types\/post"}],"author":[{"embeddable":true,"href":"https:\/\/www.estrategiaconcursos.com.br\/blog\/wp-json\/wp\/v2\/users\/1763"}],"replies":[{"embeddable":true,"href":"https:\/\/www.estrategiaconcursos.com.br\/blog\/wp-json\/wp\/v2\/comments?post=632251"}],"version-history":[{"count":11,"href":"https:\/\/www.estrategiaconcursos.com.br\/blog\/wp-json\/wp\/v2\/posts\/632251\/revisions"}],"predecessor-version":[{"id":635372,"href":"https:\/\/www.estrategiaconcursos.com.br\/blog\/wp-json\/wp\/v2\/posts\/632251\/revisions\/635372"}],"wp:featuredmedia":[{"embeddable":true,"href":"https:\/\/www.estrategiaconcursos.com.br\/blog\/wp-json\/wp\/v2\/media\/632515"}],"wp:attachment":[{"href":"https:\/\/www.estrategiaconcursos.com.br\/blog\/wp-json\/wp\/v2\/media?parent=632251"}],"wp:term":[{"taxonomy":"category","embeddable":true,"href":"https:\/\/www.estrategiaconcursos.com.br\/blog\/wp-json\/wp\/v2\/categories?post=632251"},{"taxonomy":"post_tag","embeddable":true,"href":"https:\/\/www.estrategiaconcursos.com.br\/blog\/wp-json\/wp\/v2\/tags?post=632251"},{"taxonomy":"tax_estado","embeddable":true,"href":"https:\/\/www.estrategiaconcursos.com.br\/blog\/wp-json\/wp\/v2\/tax_estado?post=632251"}],"curies":[{"name":"wp","href":"https:\/\/api.w.org\/{rel}","templated":true}]}}