{"id":63182,"date":"2017-01-29T19:58:16","date_gmt":"2017-01-29T22:58:16","guid":{"rendered":"https:\/\/www.estrategiaconcursos.com.br\/blog\/?p=63182"},"modified":"2017-01-29T23:39:50","modified_gmt":"2017-01-30T02:39:50","slug":"sedf-gabarito-extraoficial-professor-atividades-legislacao-educacional","status":"publish","type":"post","link":"https:\/\/www.estrategiaconcursos.com.br\/blog\/sedf-gabarito-extraoficial-professor-atividades-legislacao-educacional\/","title":{"rendered":"Gabarito EXTRAOFICIAL &#8211; Professor SEDF (Atividades) &#8211; Legisla\u00e7\u00e3o Educacional"},"content":{"rendered":"<p>\n\tOl&aacute;, tudo bem?\n<\/p>\n<p>\n\t&nbsp;\n<\/p>\n<p>\n\t&nbsp;&nbsp;&nbsp;&nbsp;&nbsp;&nbsp;&nbsp;&nbsp;&nbsp;&nbsp;&nbsp;&nbsp; Segue o gabarito EXTRAOFICIAL das 18 quest&otilde;es que exigiram a Legisla&ccedil;&atilde;o Educacional, na prova aplicada pelo Cespe nesta manh&atilde; (29\/1\/2017), para o cargo de Professor de Educa&ccedil;&atilde;o B&aacute;sica da SEDF &ndash; Especialidade: ATIVIDADES.\n<\/p>\n<p>\n\t&nbsp;&nbsp;&nbsp;&nbsp;&nbsp;&nbsp;&nbsp;&nbsp;&nbsp;&nbsp;&nbsp;&nbsp;&nbsp;\n<\/p>\n<p>\n\t&nbsp;&nbsp;&nbsp;&nbsp;&nbsp;&nbsp;&nbsp;&nbsp;&nbsp; Estas 18 quest&otilde;es enquadram-se no conte&uacute;do da &nbsp;legisla&ccedil;&atilde;o educacional que foi exigido pelo edital SEDF 2016 ao referido cargo e que foi abordada, por completo, nos cursos respectivos que ministrei ao referido cargo.\n<\/p>\n<p>\n\t&nbsp;\n<\/p>\n<p>\n\t&nbsp;&nbsp;&nbsp;&nbsp;&nbsp;&nbsp;&nbsp; &nbsp;&nbsp; O bloco das quest&otilde;es 16 a 20 decepcionaram muito. Tantos temas importantes na Resolu&ccedil;&atilde;o n&deg;1\/2012 &ndash; CEDF e os examinadores resumiram-se a exigir o conte&uacute;do decorado do art. 19, que se refere aos componentes curriculares obrigat&oacute;rios da educa&ccedil;&atilde;o b&aacute;sica, segundo a Resolu&ccedil;&atilde;o n&deg;1\/2012 &ndash; CEDF.\n<\/p>\n<p>\n\t&nbsp;&nbsp;&nbsp;&nbsp;&nbsp;&nbsp;&nbsp;&nbsp;&nbsp;\n<\/p>\n<p>\n\t&nbsp;&nbsp;&nbsp;&nbsp;&nbsp;&nbsp;&nbsp;&nbsp;&nbsp;&nbsp;&nbsp; Dentre as demais quest&otilde;es, algumas exigiram inteligentemente o conhecimento do texto da norma, com algumas contextualiza&ccedil;&otilde;es.\n<\/p>\n<p>\n\t&nbsp;&nbsp;&nbsp;&nbsp;&nbsp;&nbsp;&nbsp;&nbsp;&nbsp;&nbsp;\n<\/p>\n<p>\n\t&nbsp;&nbsp;&nbsp;&nbsp;&nbsp;&nbsp;&nbsp;&nbsp;&nbsp;&nbsp; Este trecho da prova foi dif&iacute;cil. Os candidatos que estudaram com afinco a legisla&ccedil;&atilde;o educacional foram privilegiados.\n<\/p>\n<p>\n\t&nbsp;&nbsp;&nbsp;&nbsp;&nbsp;&nbsp;&nbsp;&nbsp;&nbsp;&nbsp;\n<\/p>\n<p>\n\t&nbsp;&nbsp;&nbsp;&nbsp;&nbsp;&nbsp;&nbsp;&nbsp;&nbsp; Lembre-se que esta disputa concorrencial&nbsp;termina somente ap&oacute;s a avalia&ccedil;&atilde;o dos recursos pela banca.\n<\/p>\n<p>\n\t&nbsp;&nbsp;&nbsp;&nbsp;&nbsp;&nbsp;&nbsp;&nbsp;&nbsp;&nbsp;\n<\/p>\n<p>\n\tBoa sorte!\n<\/p>\n<p>\n\t&nbsp;\n<\/p>\n<p>\n\t<b><font color=\"#0000ff\">Curta minha p&aacute;gina no facebook ( Professor Rodrigo Bandeira ), para ficar por dentro da Legisla&ccedil;&atilde;o Educacional aplicada aos concursos p&uacute;blicos.<\/font><\/b>\n<\/p>\n<p>\n\t&nbsp;\n<\/p>\n<p>\n\t<strong>16 &ndash; Educa&ccedil;&atilde;o financeira&#8230;<\/strong> <strong>ERRADA<\/strong> (Aula 06 &#8211; Resolu&ccedil;&atilde;o n&deg;1\/2012 &ndash; CEDF: art. 19, inc. V). Somente nas tr&ecirc;s s&eacute;ries do ensino m&eacute;dio.\n<\/p>\n<p>\n\t&nbsp;\n<\/p>\n<p>\n\t<strong>17 &ndash; As quest&otilde;es de g&ecirc;nero&#8230;<\/strong>&nbsp; <strong>ERRADA<\/strong> (Aula 06 &#8211; Resolu&ccedil;&atilde;o n&deg;1\/2012 &ndash; CEDF: art. 19, inc. IV). Essas quest&otilde;es s&atilde;o restritas aos componentes curriculares obrigat&oacute;rios dos ensinos fundamental e m&eacute;dio. A afirmativa extrapola ao referir-se &agrave; educa&ccedil;&atilde;o b&aacute;sica, que engloba a educa&ccedil;&atilde;o infantil.&nbsp;\n<\/p>\n<p>\n\t&nbsp;\n<\/p>\n<p>\n\t<strong>18 &ndash; A cultura afro-brasileira&#8230;<\/strong>&nbsp; <strong>CERTO<\/strong> (Aula 06 &#8211; Resolu&ccedil;&atilde;o n&deg;1\/2012 &ndash; CEDF: art. 19, inc. I)\n<\/p>\n<p>\n\t&nbsp;\n<\/p>\n<p>\n\t<strong>19 &ndash; No ensino fundamental e m&eacute;dio&#8230;<\/strong> <strong>CERTO<\/strong> (Aula 06 &#8211; Resolu&ccedil;&atilde;o n&deg;1\/2012 &ndash; CEDF: art. 19, inc. II)\n<\/p>\n<p>\n\t&nbsp;\n<\/p>\n<p>\n\t<strong>20 &ndash; Devido ao fato de a m&uacute;sica&#8230;<\/strong>&nbsp;&nbsp; <strong>ERRADO<\/strong> (Aula 06 &#8211; Resolu&ccedil;&atilde;o n&deg;1\/2012 &ndash; CEDF: art. 19, inc. IV)\n<\/p>\n<p>\n\t&nbsp;\n<\/p>\n<p>\n\t<strong>41 &ndash; A elabora&ccedil;&atilde;o&#8230;<\/strong> &nbsp;<strong>CERTO<\/strong>.\n<\/p>\n<p>\n\tConte&uacute;do facilmente &ldquo;entregue&rdquo; na revis&atilde;o final que ministrei ontem ao vivo pelo Youtube.\n<\/p>\n<p>\n\tEsta norma educacional &eacute; elaborada pela C&acirc;mara de Educa&ccedil;&atilde;o B&aacute;sica, que integra a estrutura do Conselho Nacional de Educa&ccedil;&atilde;o.\n<\/p>\n<p>\n\t(Aula 13 &#8211; <em>Diretrizes Curriculares Nacionais Gerais para a Educa&ccedil;&atilde;o B&aacute;sica<\/em>) &nbsp;\n<\/p>\n<p>\n\t&nbsp;\n<\/p>\n<p>\n\t<strong>42 &ndash; &Agrave;s escolas, que devem matricular&#8230; ERRADO<\/strong>\n<\/p>\n<p>\n\tConte&uacute;do facilmente &ldquo;entregue&rdquo; na revis&atilde;o final que ministrei ontem ao vivo pelo Youtube.\n<\/p>\n<p>\n\t(Aula 13 &#8211; <em>Diretrizes Curriculares Nacionais Gerais para a Educa&ccedil;&atilde;o B&aacute;sica, <\/em>art. 29, &sect;1&deg; &#8211; As escolas devem possuir em seus quadros profissionais especializados em educa&ccedil;&atilde;o especial)&nbsp;\n<\/p>\n<p>\n\t&nbsp;\n<\/p>\n<p>\n\t<strong>43 &ndash; A gest&atilde;o democr&aacute;tica&#8230; ERRADO<\/strong>\n<\/p>\n<p>\n\tConte&uacute;do facilmente &ldquo;entregue&rdquo; na revis&atilde;o final que ministrei ontem ao vivo pelo Youtube.\n<\/p>\n<p>\n\tA gest&atilde;o democr&aacute;tica &eacute; obrigat&oacute;ria &agrave; rede p&uacute;blica de ensino. Princ&iacute;pio constitucional do ensino, tamb&eacute;m previsto pela LDB.\n<\/p>\n<p>\n\t(Aula 13 &#8211; <em>Diretrizes Curriculares Nacionais Gerais para a Educa&ccedil;&atilde;o B&aacute;sica<\/em>, art. 54, &sect;2&deg;)&nbsp;\n<\/p>\n<p>\n\t&nbsp;\n<\/p>\n<p>\n\t<strong>44 &ndash; O PDE &eacute; um instrumento&#8230; CERTO<\/strong>\n<\/p>\n<p>\n\tConte&uacute;do facilmente &ldquo;entregue&rdquo; na revis&atilde;o final que ministrei ontem ao vivo pelo Youtube.\n<\/p>\n<p>\n\t(Aula 12 &ndash; Plano Distrital de Educa&ccedil;&atilde;o, art. 54, &sect;2&deg;)&nbsp;\n<\/p>\n<p>\n\t&nbsp;\n<\/p>\n<p>\n\t&nbsp;\n<\/p>\n<p>\n\t<strong>71 &ndash; O ensino religioso&#8230; ERRADO<\/strong>\n<\/p>\n<p>\n\t&nbsp;(Aula 11 &#8211; &nbsp;Curso de Legisla&ccedil;&atilde;o Educacional e Conhecimentos Pedag&oacute;gicos p\/ SEDF (Professor: Atividades)\n<\/p>\n<p>\n\t<em>Diretrizes Curriculares Nacionais para o Ensino Fundamental de 9 (nove) anos: <\/em>art. 15, inc. I, &ldquo;e&rdquo;; inc. V\n<\/p>\n<p>\n\t&nbsp;\n<\/p>\n<p>\n\t<strong>72 &ndash; O curr&iacute;culo do ensino fundamental&#8230; ERRADO<\/strong>\n<\/p>\n<p>\n\t&nbsp;(Aula 11 &#8211;&nbsp; Curso de Legisla&ccedil;&atilde;o Educacional e Conhecimentos Pedag&oacute;gicos p\/ SEDF (Professor: Atividades)\n<\/p>\n<p>\n\t<em>Diretrizes Curriculares Nacionais para o Ensino Fundamental de 9 (nove) anos<\/em>: art. 11\n<\/p>\n<p>\n\t&nbsp;\n<\/p>\n<p>\n\t&nbsp;\n<\/p>\n<p>\n\t<strong>74 &ndash; No curr&iacute;culo do ensino fundamental&#8230; CERTO<\/strong>\n<\/p>\n<p>\n\tConte&uacute;do facilmente &ldquo;entregue&rdquo; na revis&atilde;o final que ministrei ontem ao vivo pelo Youtube.\n<\/p>\n<p>\n\t&nbsp;(Aula 11 &#8211;&nbsp; Curso de Legisla&ccedil;&atilde;o Educacional e Conhecimentos Pedag&oacute;gicos p\/ SEDF (Professor: Atividades)\n<\/p>\n<p>\n\t<em>Diretrizes Curriculares Nacionais para o Ensino Fundamental de 9 (nove) anos:<\/em> art. 9&deg;&nbsp;&nbsp;&nbsp;&nbsp;&nbsp;&nbsp;&nbsp;&nbsp;&nbsp;&nbsp;\n<\/p>\n<p>\n\t&nbsp;\n<\/p>\n<p>\n\t<strong>75 &ndash; O aproveitamento de estudos&#8230; ERRADO<\/strong>\n<\/p>\n<p>\n\tAula 02 &mdash; LDB 1&ordf; parte: &nbsp;&nbsp;&nbsp;LDB, art. 38, &sect;2&deg;\n<\/p>\n<p>\n\t&nbsp;(Aula 11 &#8211;&nbsp; Curso de Legisla&ccedil;&atilde;o Educacional e Conhecimentos Pedag&oacute;gicos p\/ SEDF (Professor: Atividades)\n<\/p>\n<p>\n\tD<em>iretrizes Curriculares Nacionais para o Ensino Fundamental de 9 (nove) anos<\/em>: Art. 46, par&aacute;grafo &uacute;nico, I&nbsp;&nbsp;&nbsp;\n<\/p>\n<p>\n\t&nbsp;\n<\/p>\n<p>\n\t<strong>76 &ndash; A dura&ccedil;&atilde;o dos cursos de EJA&#8230; CERTO<\/strong>\n<\/p>\n<p>\n\t<em>(Aula 11 &#8211;&nbsp; Curso de Legisla&ccedil;&atilde;o Educacional e Conhecimentos Pedag&oacute;gicos p\/ SEDF (Professor: Atividades)<\/em>\n<\/p>\n<p>\n\t<em>Diretrizes Curriculares Nacionais para o Ensino Fundamental de 9 (nove) anos: <\/em>Art. 46\n<\/p>\n<p>\n\t<em>Diretrizes Curriculares Nacionais para a Educa&ccedil;&atilde;o e Jovens e Adultos<\/em>: art. 6&deg;\n<\/p>\n<p>\n\t&nbsp;\n<\/p>\n<p>\n\t<strong>77 &ndash; Na EJA, a idade m&iacute;nima&#8230;&nbsp;CERTO <\/strong>\n<\/p>\n<p>\n\t&nbsp;&nbsp;&nbsp;&nbsp;&nbsp;&nbsp;&nbsp;&nbsp;&nbsp;&nbsp;&nbsp;&nbsp;&nbsp;&nbsp;Esta quest&atilde;o&nbsp;de fato &eacute;&nbsp;correta, por&eacute;m caber&aacute; recurso solicitando ANULA&Ccedil;&Atilde;O desta quest&atilde;o, pelo abaixo exposto.\n<\/p>\n<p>\n\t&nbsp;&nbsp;&nbsp;&nbsp;&nbsp;&nbsp;&nbsp;&nbsp;&nbsp;&nbsp;&nbsp;&nbsp;&nbsp;<span style=\"color:#FF0000\"><strong>De acordo com as normas exigidas no edital:&nbsp;<\/strong><\/span> <strong>LDB<\/strong>, <span style=\"background-color:#00FF00\">art. 38, <\/span><font size=\"2\"><span style=\"background-color:#00FF00\">&sect; 1&ordm;, inc. II <\/span>e <\/font><em><strong>Diretrizes Curriculares Nacionais para a Educa&ccedil;&atilde;o e Jovens e Adultos<\/strong>: <strong><span style=\"background-color:#00FF00\">art. 8&deg;<\/span><\/strong><\/em><i>, <\/i><span style=\"background-color:#00FFFF\">a <\/span><strong><span style=\"background-color:#00FFFF\">idade m&iacute;nima de 18 anos<\/span><\/strong> refere-se&nbsp;&agrave; <strong><span style=\"background-color:#FF8C00\">realiza&ccedil;&atilde;o de <\/span><u><span style=\"background-color:#FF8C00\">exames supletivos<\/span><\/u><span style=\"background-color:#FF8C00\"> de conclus&atilde;o do ensino m&eacute;dio em EJA<\/span><\/strong>&nbsp;<span style=\"background-color:#FFFF00\">e n&atilde;o para se <\/span><u><b><span style=\"background-color:#FFFF00\">cursar o ensino m&eacute;dio<\/span><\/b><\/u><b><span style=\"background-color:#FFFF00\"> na EJA. <\/span>Perceba que s&atilde;o coisas distintas.<\/b>\n<\/p>\n<p>\n\t&nbsp;&nbsp;&nbsp;&nbsp;&nbsp; Todavia,&nbsp;o art. 6 das&nbsp;&nbsp;<strong><em>Diretrizes <span style=\"color:#FFF0F5\"><span style=\"background-color:#FF0000\">Operacionais <\/span><\/span>para a Educa&ccedil;&atilde;o de Jovens e Adultos <\/em><\/strong>( Resolu&ccedil;&atilde;o CNE\/CEB&nbsp;n&ordm; 3\/2010) &#8211; <strong><span style=\"background-color:#00FFFF\">n&atilde;o exigida pelo edital do concurso<\/span>&nbsp;<\/strong>&#8211; &nbsp;amplia essa <strong>idade m&iacute;nima de 18 anos<\/strong> tanto para o <strong>exame de conclus&atilde;o do ensino m&eacute;dio em EJA<\/strong>,&nbsp;como para a&nbsp;<strong>matr&iacute;cula em curso de EJA de ensino m&eacute;dio<\/strong>.\n<\/p>\n<p>\n\t&nbsp;&nbsp;&nbsp;&nbsp; Neste sentido, o gabarito de fato &eacute; correto, <strong>mas caber&aacute; recurso <\/strong>solicitando a <strong>ANULA&Ccedil;&Atilde;O <\/strong>desta quest&atilde;o, explicando a situa&ccedil;&atilde;o acima e indicando que o edital do concurso n&atilde;o exigiu as <em>Diretrizes <strong>Operacionais <\/strong>para a Educa&ccedil;&atilde;o de Jovens e Adultos ( Resolu&ccedil;&atilde;o CNE\/CEB&nbsp;n&ordm; 3\/2010).&nbsp;<\/em>\n<\/p>\n<p>\n\t&nbsp;\n<\/p>\n<p>\n\t<strong>78 &ndash; A EJA pode ser desenvolvida&#8230; ERRADO<\/strong>\n<\/p>\n<p>\n\t<em>(Aula 11 &#8211;&nbsp; Curso de Legisla&ccedil;&atilde;o Educacional e Conhecimentos Pedag&oacute;gicos p\/ SEDF (Professor: Atividades)<\/em>\n<\/p>\n<p>\n\t<em>Diretrizes Curriculares Nacionais para o Ensino Fundamental de 9 (nove) anos: <\/em>Art. 46\n<\/p>\n<p>\n\t&nbsp;\n<\/p>\n<p>\n\t<strong>115 &ndash; Em detrimento&#8230; ERRADO <\/strong>\n<\/p>\n<p>\n\t<em>(Aula 11 &#8211;&nbsp; Curso de Legisla&ccedil;&atilde;o Educacional e Conhecimentos Pedag&oacute;gicos p\/ SEDF (Professor: Atividades)<\/em>\n<\/p>\n<p>\n\t<em>Diretrizes Curriculares Nacionais para a Educa&ccedil;&atilde;o e Jovens e Adultos: art. 5&deg;, par&aacute;grafo &uacute;nico.<\/em>\n<\/p>\n<p>\n\t&nbsp;\n<\/p>\n<p>\n\t<strong>117 &ndash; As Diretrizes Curriculares&#8230; ERRADO <\/strong>\n<\/p>\n<p>\n\t<em>(Aula 11 &#8211;&nbsp; Curso de Legisla&ccedil;&atilde;o Educacional e Conhecimentos Pedag&oacute;gicos p\/ SEDF (Professor: Atividades)<\/em>\n<\/p>\n<p>\n\t<em>Diretrizes Curriculares Nacionais para a Educa&ccedil;&atilde;o e Jovens e Adultos: <\/em>art. 5&deg;, par&aacute;grafo &uacute;nico, II e III.\n<\/p>\n<p>\n\t&nbsp;\n<\/p>\n<p>\n\t<span style=\"color:#0000FF\"><strong>&nbsp;&nbsp;&nbsp;&nbsp; Curta minha p&aacute;gina no facebook ( Professor Rodrigo Bandeira ), para ficar por dentro da Legisla&ccedil;&atilde;o Educacional aplicada aos concursos p&uacute;blicos.<\/strong><\/span>\n<\/p>\n<p>\n\t&nbsp;<\/p>\n","protected":false},"excerpt":{"rendered":"<p>Ol&aacute;, tudo bem? &nbsp; &nbsp;&nbsp;&nbsp;&nbsp;&nbsp;&nbsp;&nbsp;&nbsp;&nbsp;&nbsp;&nbsp;&nbsp; Segue o gabarito EXTRAOFICIAL das 18 quest&otilde;es que exigiram a Legisla&ccedil;&atilde;o Educacional, na prova aplicada pelo Cespe nesta manh&atilde; (29\/1\/2017), para o cargo de Professor de Educa&ccedil;&atilde;o B&aacute;sica da SEDF &ndash; Especialidade: ATIVIDADES. &nbsp;&nbsp;&nbsp;&nbsp;&nbsp;&nbsp;&nbsp;&nbsp;&nbsp;&nbsp;&nbsp;&nbsp;&nbsp; &nbsp;&nbsp;&nbsp;&nbsp;&nbsp;&nbsp;&nbsp;&nbsp;&nbsp; Estas 18 quest&otilde;es enquadram-se no conte&uacute;do da &nbsp;legisla&ccedil;&atilde;o educacional que foi exigido pelo edital SEDF [&hellip;]<\/p>\n","protected":false},"author":1,"featured_media":0,"comment_status":"open","ping_status":"open","sticky":false,"template":"","format":"standard","meta":{"post_tipo":"news","footnotes":""},"categories":[1],"tags":[],"tax_estado":[],"class_list":["post-63182","post","type-post","status-publish","format-standard","hentry","category-cursos-e-concursos"],"acf":[],"yoast_head":"<!-- This site is optimized with the Yoast SEO Premium plugin v27.2 (Yoast SEO v27.2) - https:\/\/yoast.com\/product\/yoast-seo-premium-wordpress\/ -->\n<title>Gabarito EXTRAOFICIAL - Professor SEDF (Atividades) - Legisla\u00e7\u00e3o Educacional<\/title>\n<meta name=\"robots\" content=\"index, follow, max-snippet:-1, max-image-preview:large, max-video-preview:-1\" \/>\n<link rel=\"canonical\" href=\"https:\/\/www.estrategiaconcursos.com.br\/blog\/sedf-gabarito-extraoficial-professor-atividades-legislacao-educacional\/\" \/>\n<meta property=\"og:locale\" content=\"pt_BR\" \/>\n<meta property=\"og:type\" content=\"article\" \/>\n<meta property=\"og:title\" content=\"Gabarito EXTRAOFICIAL - Professor SEDF (Atividades) - Legisla\u00e7\u00e3o Educacional\" \/>\n<meta property=\"og:description\" content=\"Ol&aacute;, tudo bem? &nbsp; &nbsp;&nbsp;&nbsp;&nbsp;&nbsp;&nbsp;&nbsp;&nbsp;&nbsp;&nbsp;&nbsp;&nbsp; Segue o gabarito EXTRAOFICIAL das 18 quest&otilde;es que exigiram a Legisla&ccedil;&atilde;o Educacional, na prova aplicada pelo Cespe nesta manh&atilde; (29\/1\/2017), para o cargo de Professor de Educa&ccedil;&atilde;o B&aacute;sica da SEDF &ndash; Especialidade: ATIVIDADES. &nbsp;&nbsp;&nbsp;&nbsp;&nbsp;&nbsp;&nbsp;&nbsp;&nbsp;&nbsp;&nbsp;&nbsp;&nbsp; &nbsp;&nbsp;&nbsp;&nbsp;&nbsp;&nbsp;&nbsp;&nbsp;&nbsp; Estas 18 quest&otilde;es enquadram-se no conte&uacute;do da &nbsp;legisla&ccedil;&atilde;o educacional que foi exigido pelo edital SEDF [&hellip;]\" \/>\n<meta property=\"og:url\" content=\"https:\/\/www.estrategiaconcursos.com.br\/blog\/sedf-gabarito-extraoficial-professor-atividades-legislacao-educacional\/\" \/>\n<meta property=\"og:site_name\" content=\"Estrat\u00e9gia Concursos\" \/>\n<meta property=\"article:author\" content=\"https:\/\/www.facebook.com\/EstrategiaConcursos\" \/>\n<meta property=\"article:published_time\" content=\"2017-01-29T22:58:16+00:00\" \/>\n<meta property=\"article:modified_time\" content=\"2017-01-30T02:39:50+00:00\" \/>\n<meta name=\"author\" content=\"Coordena\u00e7\u00e3o\" \/>\n<meta name=\"twitter:card\" content=\"summary_large_image\" \/>\n<meta name=\"twitter:creator\" content=\"@EstratConcursos\" \/>\n<meta name=\"twitter:site\" content=\"@EstratConcursos\" \/>\n<meta name=\"twitter:label1\" content=\"Escrito por\" \/>\n\t<meta name=\"twitter:data1\" content=\"Coordena\u00e7\u00e3o\" \/>\n\t<meta name=\"twitter:label2\" content=\"Est. tempo de leitura\" \/>\n\t<meta name=\"twitter:data2\" content=\"8 minutos\" \/>\n<script type=\"application\/ld+json\" class=\"yoast-schema-graph\">{\"@context\":\"https:\/\/schema.org\",\"@graph\":[{\"@type\":\"NewsArticle\",\"@id\":\"https:\/\/www.estrategiaconcursos.com.br\/blog\/sedf-gabarito-extraoficial-professor-atividades-legislacao-educacional\/#article\",\"isPartOf\":{\"@id\":\"https:\/\/www.estrategiaconcursos.com.br\/blog\/sedf-gabarito-extraoficial-professor-atividades-legislacao-educacional\/\"},\"author\":{\"name\":\"Coordena\u00e7\u00e3o\",\"@id\":\"https:\/\/www.estrategiaconcursos.com.br\/blog\/#\/schema\/person\/b4a388c97673c5f483d72185668afa1f\"},\"headline\":\"Gabarito EXTRAOFICIAL &#8211; Professor SEDF (Atividades) &#8211; Legisla\u00e7\u00e3o Educacional\",\"datePublished\":\"2017-01-29T22:58:16+00:00\",\"dateModified\":\"2017-01-30T02:39:50+00:00\",\"mainEntityOfPage\":{\"@id\":\"https:\/\/www.estrategiaconcursos.com.br\/blog\/sedf-gabarito-extraoficial-professor-atividades-legislacao-educacional\/\"},\"wordCount\":1522,\"commentCount\":4,\"publisher\":{\"@id\":\"https:\/\/www.estrategiaconcursos.com.br\/blog\/#organization\"},\"articleSection\":[\"Concursos P\u00fablicos\"],\"inLanguage\":\"pt-BR\",\"potentialAction\":[{\"@type\":\"CommentAction\",\"name\":\"Comment\",\"target\":[\"https:\/\/www.estrategiaconcursos.com.br\/blog\/sedf-gabarito-extraoficial-professor-atividades-legislacao-educacional\/#respond\"]}],\"copyrightYear\":\"2017\",\"copyrightHolder\":{\"@id\":\"https:\/\/www.estrategiaconcursos.com.br\/blog\/#organization\"}},{\"@type\":\"WebPage\",\"@id\":\"https:\/\/www.estrategiaconcursos.com.br\/blog\/sedf-gabarito-extraoficial-professor-atividades-legislacao-educacional\/\",\"url\":\"https:\/\/www.estrategiaconcursos.com.br\/blog\/sedf-gabarito-extraoficial-professor-atividades-legislacao-educacional\/\",\"name\":\"Gabarito EXTRAOFICIAL - Professor SEDF (Atividades) - Legisla\u00e7\u00e3o Educacional\",\"isPartOf\":{\"@id\":\"https:\/\/www.estrategiaconcursos.com.br\/blog\/#website\"},\"datePublished\":\"2017-01-29T22:58:16+00:00\",\"dateModified\":\"2017-01-30T02:39:50+00:00\",\"breadcrumb\":{\"@id\":\"https:\/\/www.estrategiaconcursos.com.br\/blog\/sedf-gabarito-extraoficial-professor-atividades-legislacao-educacional\/#breadcrumb\"},\"inLanguage\":\"pt-BR\",\"potentialAction\":[{\"@type\":\"ReadAction\",\"target\":[\"https:\/\/www.estrategiaconcursos.com.br\/blog\/sedf-gabarito-extraoficial-professor-atividades-legislacao-educacional\/\"]}]},{\"@type\":\"BreadcrumbList\",\"@id\":\"https:\/\/www.estrategiaconcursos.com.br\/blog\/sedf-gabarito-extraoficial-professor-atividades-legislacao-educacional\/#breadcrumb\",\"itemListElement\":[{\"@type\":\"ListItem\",\"position\":1,\"name\":\"In\u00edcio\",\"item\":\"https:\/\/www.estrategiaconcursos.com.br\/blog\/\"},{\"@type\":\"ListItem\",\"position\":2,\"name\":\"Gabarito EXTRAOFICIAL &#8211; Professor SEDF (Atividades) &#8211; Legisla\u00e7\u00e3o Educacional\"}]},{\"@type\":\"WebSite\",\"@id\":\"https:\/\/www.estrategiaconcursos.com.br\/blog\/#website\",\"url\":\"https:\/\/www.estrategiaconcursos.com.br\/blog\/\",\"name\":\"Estrat\u00e9gia Concursos\",\"description\":\"O blog da Estrat\u00e9gia Concursos traz not\u00edcias sobre concursos e artigos de professores oferecendo cursos para concursos (pdf + videaulas) no site.\",\"publisher\":{\"@id\":\"https:\/\/www.estrategiaconcursos.com.br\/blog\/#organization\"},\"potentialAction\":[{\"@type\":\"SearchAction\",\"target\":{\"@type\":\"EntryPoint\",\"urlTemplate\":\"https:\/\/www.estrategiaconcursos.com.br\/blog\/?s={search_term_string}\"},\"query-input\":{\"@type\":\"PropertyValueSpecification\",\"valueRequired\":true,\"valueName\":\"search_term_string\"}}],\"inLanguage\":\"pt-BR\"},{\"@type\":\"Organization\",\"@id\":\"https:\/\/www.estrategiaconcursos.com.br\/blog\/#organization\",\"name\":\"Estrat\u00e9gia Concursos\",\"url\":\"https:\/\/www.estrategiaconcursos.com.br\/blog\/\",\"logo\":{\"@type\":\"ImageObject\",\"inLanguage\":\"pt-BR\",\"@id\":\"https:\/\/www.estrategiaconcursos.com.br\/blog\/#\/schema\/logo\/image\/\",\"url\":\"https:\/\/dhg1h5j42swfq.cloudfront.net\/2025\/06\/03203428\/logo_concursos-1.jpg\",\"contentUrl\":\"https:\/\/dhg1h5j42swfq.cloudfront.net\/2025\/06\/03203428\/logo_concursos-1.jpg\",\"width\":230,\"height\":60,\"caption\":\"Estrat\u00e9gia Concursos\"},\"image\":{\"@id\":\"https:\/\/www.estrategiaconcursos.com.br\/blog\/#\/schema\/logo\/image\/\"},\"sameAs\":[\"https:\/\/x.com\/EstratConcursos\"]},{\"@type\":\"Person\",\"@id\":\"https:\/\/www.estrategiaconcursos.com.br\/blog\/#\/schema\/person\/b4a388c97673c5f483d72185668afa1f\",\"name\":\"Coordena\u00e7\u00e3o\",\"image\":{\"@type\":\"ImageObject\",\"inLanguage\":\"pt-BR\",\"@id\":\"https:\/\/secure.gravatar.com\/avatar\/b720319e4c9a967eb58678d110f4fe35452fc5d5f97b202bac7b8acceb18c6ad?s=96&d=mm&r=g\",\"url\":\"https:\/\/secure.gravatar.com\/avatar\/b720319e4c9a967eb58678d110f4fe35452fc5d5f97b202bac7b8acceb18c6ad?s=96&d=mm&r=g\",\"contentUrl\":\"https:\/\/secure.gravatar.com\/avatar\/b720319e4c9a967eb58678d110f4fe35452fc5d5f97b202bac7b8acceb18c6ad?s=96&d=mm&r=g\",\"caption\":\"Coordena\u00e7\u00e3o\"},\"sameAs\":[\"https:\/\/www.facebook.com\/EstrategiaConcursos\",\"https:\/\/x.com\/EstratConcursos\"],\"url\":\"https:\/\/www.estrategiaconcursos.com.br\/blog\/author\/estrategia2013\/\"}]}<\/script>\n<!-- \/ Yoast SEO Premium plugin. -->","yoast_head_json":{"title":"Gabarito EXTRAOFICIAL - Professor SEDF (Atividades) - Legisla\u00e7\u00e3o Educacional","robots":{"index":"index","follow":"follow","max-snippet":"max-snippet:-1","max-image-preview":"max-image-preview:large","max-video-preview":"max-video-preview:-1"},"canonical":"https:\/\/www.estrategiaconcursos.com.br\/blog\/sedf-gabarito-extraoficial-professor-atividades-legislacao-educacional\/","og_locale":"pt_BR","og_type":"article","og_title":"Gabarito EXTRAOFICIAL - Professor SEDF (Atividades) - Legisla\u00e7\u00e3o Educacional","og_description":"Ol&aacute;, tudo bem? &nbsp; &nbsp;&nbsp;&nbsp;&nbsp;&nbsp;&nbsp;&nbsp;&nbsp;&nbsp;&nbsp;&nbsp;&nbsp; Segue o gabarito EXTRAOFICIAL das 18 quest&otilde;es que exigiram a Legisla&ccedil;&atilde;o Educacional, na prova aplicada pelo Cespe nesta manh&atilde; (29\/1\/2017), para o cargo de Professor de Educa&ccedil;&atilde;o B&aacute;sica da SEDF &ndash; Especialidade: ATIVIDADES. &nbsp;&nbsp;&nbsp;&nbsp;&nbsp;&nbsp;&nbsp;&nbsp;&nbsp;&nbsp;&nbsp;&nbsp;&nbsp; &nbsp;&nbsp;&nbsp;&nbsp;&nbsp;&nbsp;&nbsp;&nbsp;&nbsp; Estas 18 quest&otilde;es enquadram-se no conte&uacute;do da &nbsp;legisla&ccedil;&atilde;o educacional que foi exigido pelo edital SEDF [&hellip;]","og_url":"https:\/\/www.estrategiaconcursos.com.br\/blog\/sedf-gabarito-extraoficial-professor-atividades-legislacao-educacional\/","og_site_name":"Estrat\u00e9gia Concursos","article_author":"https:\/\/www.facebook.com\/EstrategiaConcursos","article_published_time":"2017-01-29T22:58:16+00:00","article_modified_time":"2017-01-30T02:39:50+00:00","author":"Coordena\u00e7\u00e3o","twitter_card":"summary_large_image","twitter_creator":"@EstratConcursos","twitter_site":"@EstratConcursos","twitter_misc":{"Escrito por":"Coordena\u00e7\u00e3o","Est. tempo de leitura":"8 minutos"},"schema":{"@context":"https:\/\/schema.org","@graph":[{"@type":"NewsArticle","@id":"https:\/\/www.estrategiaconcursos.com.br\/blog\/sedf-gabarito-extraoficial-professor-atividades-legislacao-educacional\/#article","isPartOf":{"@id":"https:\/\/www.estrategiaconcursos.com.br\/blog\/sedf-gabarito-extraoficial-professor-atividades-legislacao-educacional\/"},"author":{"name":"Coordena\u00e7\u00e3o","@id":"https:\/\/www.estrategiaconcursos.com.br\/blog\/#\/schema\/person\/b4a388c97673c5f483d72185668afa1f"},"headline":"Gabarito EXTRAOFICIAL &#8211; Professor SEDF (Atividades) &#8211; Legisla\u00e7\u00e3o Educacional","datePublished":"2017-01-29T22:58:16+00:00","dateModified":"2017-01-30T02:39:50+00:00","mainEntityOfPage":{"@id":"https:\/\/www.estrategiaconcursos.com.br\/blog\/sedf-gabarito-extraoficial-professor-atividades-legislacao-educacional\/"},"wordCount":1522,"commentCount":4,"publisher":{"@id":"https:\/\/www.estrategiaconcursos.com.br\/blog\/#organization"},"articleSection":["Concursos P\u00fablicos"],"inLanguage":"pt-BR","potentialAction":[{"@type":"CommentAction","name":"Comment","target":["https:\/\/www.estrategiaconcursos.com.br\/blog\/sedf-gabarito-extraoficial-professor-atividades-legislacao-educacional\/#respond"]}],"copyrightYear":"2017","copyrightHolder":{"@id":"https:\/\/www.estrategiaconcursos.com.br\/blog\/#organization"}},{"@type":"WebPage","@id":"https:\/\/www.estrategiaconcursos.com.br\/blog\/sedf-gabarito-extraoficial-professor-atividades-legislacao-educacional\/","url":"https:\/\/www.estrategiaconcursos.com.br\/blog\/sedf-gabarito-extraoficial-professor-atividades-legislacao-educacional\/","name":"Gabarito EXTRAOFICIAL - Professor SEDF (Atividades) - Legisla\u00e7\u00e3o Educacional","isPartOf":{"@id":"https:\/\/www.estrategiaconcursos.com.br\/blog\/#website"},"datePublished":"2017-01-29T22:58:16+00:00","dateModified":"2017-01-30T02:39:50+00:00","breadcrumb":{"@id":"https:\/\/www.estrategiaconcursos.com.br\/blog\/sedf-gabarito-extraoficial-professor-atividades-legislacao-educacional\/#breadcrumb"},"inLanguage":"pt-BR","potentialAction":[{"@type":"ReadAction","target":["https:\/\/www.estrategiaconcursos.com.br\/blog\/sedf-gabarito-extraoficial-professor-atividades-legislacao-educacional\/"]}]},{"@type":"BreadcrumbList","@id":"https:\/\/www.estrategiaconcursos.com.br\/blog\/sedf-gabarito-extraoficial-professor-atividades-legislacao-educacional\/#breadcrumb","itemListElement":[{"@type":"ListItem","position":1,"name":"In\u00edcio","item":"https:\/\/www.estrategiaconcursos.com.br\/blog\/"},{"@type":"ListItem","position":2,"name":"Gabarito EXTRAOFICIAL &#8211; Professor SEDF (Atividades) &#8211; Legisla\u00e7\u00e3o Educacional"}]},{"@type":"WebSite","@id":"https:\/\/www.estrategiaconcursos.com.br\/blog\/#website","url":"https:\/\/www.estrategiaconcursos.com.br\/blog\/","name":"Estrat\u00e9gia Concursos","description":"O blog da Estrat\u00e9gia Concursos traz not\u00edcias sobre concursos e artigos de professores oferecendo cursos para concursos (pdf + videaulas) no site.","publisher":{"@id":"https:\/\/www.estrategiaconcursos.com.br\/blog\/#organization"},"potentialAction":[{"@type":"SearchAction","target":{"@type":"EntryPoint","urlTemplate":"https:\/\/www.estrategiaconcursos.com.br\/blog\/?s={search_term_string}"},"query-input":{"@type":"PropertyValueSpecification","valueRequired":true,"valueName":"search_term_string"}}],"inLanguage":"pt-BR"},{"@type":"Organization","@id":"https:\/\/www.estrategiaconcursos.com.br\/blog\/#organization","name":"Estrat\u00e9gia Concursos","url":"https:\/\/www.estrategiaconcursos.com.br\/blog\/","logo":{"@type":"ImageObject","inLanguage":"pt-BR","@id":"https:\/\/www.estrategiaconcursos.com.br\/blog\/#\/schema\/logo\/image\/","url":"https:\/\/dhg1h5j42swfq.cloudfront.net\/2025\/06\/03203428\/logo_concursos-1.jpg","contentUrl":"https:\/\/dhg1h5j42swfq.cloudfront.net\/2025\/06\/03203428\/logo_concursos-1.jpg","width":230,"height":60,"caption":"Estrat\u00e9gia Concursos"},"image":{"@id":"https:\/\/www.estrategiaconcursos.com.br\/blog\/#\/schema\/logo\/image\/"},"sameAs":["https:\/\/x.com\/EstratConcursos"]},{"@type":"Person","@id":"https:\/\/www.estrategiaconcursos.com.br\/blog\/#\/schema\/person\/b4a388c97673c5f483d72185668afa1f","name":"Coordena\u00e7\u00e3o","image":{"@type":"ImageObject","inLanguage":"pt-BR","@id":"https:\/\/secure.gravatar.com\/avatar\/b720319e4c9a967eb58678d110f4fe35452fc5d5f97b202bac7b8acceb18c6ad?s=96&d=mm&r=g","url":"https:\/\/secure.gravatar.com\/avatar\/b720319e4c9a967eb58678d110f4fe35452fc5d5f97b202bac7b8acceb18c6ad?s=96&d=mm&r=g","contentUrl":"https:\/\/secure.gravatar.com\/avatar\/b720319e4c9a967eb58678d110f4fe35452fc5d5f97b202bac7b8acceb18c6ad?s=96&d=mm&r=g","caption":"Coordena\u00e7\u00e3o"},"sameAs":["https:\/\/www.facebook.com\/EstrategiaConcursos","https:\/\/x.com\/EstratConcursos"],"url":"https:\/\/www.estrategiaconcursos.com.br\/blog\/author\/estrategia2013\/"}]}},"_links":{"self":[{"href":"https:\/\/www.estrategiaconcursos.com.br\/blog\/wp-json\/wp\/v2\/posts\/63182","targetHints":{"allow":["GET"]}}],"collection":[{"href":"https:\/\/www.estrategiaconcursos.com.br\/blog\/wp-json\/wp\/v2\/posts"}],"about":[{"href":"https:\/\/www.estrategiaconcursos.com.br\/blog\/wp-json\/wp\/v2\/types\/post"}],"author":[{"embeddable":true,"href":"https:\/\/www.estrategiaconcursos.com.br\/blog\/wp-json\/wp\/v2\/users\/1"}],"replies":[{"embeddable":true,"href":"https:\/\/www.estrategiaconcursos.com.br\/blog\/wp-json\/wp\/v2\/comments?post=63182"}],"version-history":[{"count":6,"href":"https:\/\/www.estrategiaconcursos.com.br\/blog\/wp-json\/wp\/v2\/posts\/63182\/revisions"}],"predecessor-version":[{"id":63234,"href":"https:\/\/www.estrategiaconcursos.com.br\/blog\/wp-json\/wp\/v2\/posts\/63182\/revisions\/63234"}],"wp:attachment":[{"href":"https:\/\/www.estrategiaconcursos.com.br\/blog\/wp-json\/wp\/v2\/media?parent=63182"}],"wp:term":[{"taxonomy":"category","embeddable":true,"href":"https:\/\/www.estrategiaconcursos.com.br\/blog\/wp-json\/wp\/v2\/categories?post=63182"},{"taxonomy":"post_tag","embeddable":true,"href":"https:\/\/www.estrategiaconcursos.com.br\/blog\/wp-json\/wp\/v2\/tags?post=63182"},{"taxonomy":"tax_estado","embeddable":true,"href":"https:\/\/www.estrategiaconcursos.com.br\/blog\/wp-json\/wp\/v2\/tax_estado?post=63182"}],"curies":[{"name":"wp","href":"https:\/\/api.w.org\/{rel}","templated":true}]}}