{"id":631298,"date":"2020-12-15T00:51:00","date_gmt":"2020-12-15T03:51:00","guid":{"rendered":"https:\/\/www.estrategiaconcursos.com.br\/blog\/?p=631298"},"modified":"2025-04-16T17:01:38","modified_gmt":"2025-04-16T20:01:38","slug":"concurso-seduc-sp","status":"publish","type":"post","link":"https:\/\/www.estrategiaconcursos.com.br\/blog\/concurso-seduc-sp\/","title":{"rendered":"Concurso Seduc SP: certame de 2018 tem validade prorrogada!"},"content":{"rendered":"\n<p>A Secretaria de Estado da Educa\u00e7\u00e3o de S\u00e3o Paulo publicou no Di\u00e1rio Oficial do Poder Executivo, a prorroga\u00e7\u00e3o do prazo de validade do concurso Seduc SP, que ofertou 1.495 vagas para Agente de Organiza\u00e7\u00e3o Escolar, de n\u00edvel m\u00e9dio, e foi homologado em dezembro de 2018. <\/p>\n\n\n\n<p>A banca organizadora do concurso foi a CKM Servi\u00e7os. A remunera\u00e7\u00e3o ofertada pelo cargo foi de R$&nbsp;1.142,64. Agora, a sele\u00e7\u00e3o ficar\u00e1 vigente por mais dois anos, at\u00e9 2022. <\/p>\n\n\n\n<p>Al\u00e9m deste, o \u00f3rg\u00e3o publicou um segundo edital, no segundo semestre de 2018, ofertando 372 vagas no cargo Supervisor de Ensino, da classe de Suporte Pedag\u00f3gico.<\/p>\n\n\n\n<p>A remunera\u00e7\u00e3o inicial ofertada foi de<strong> <\/strong>R$ 4.538,86, adicionada de uma gratifica\u00e7\u00e3o educacional de&nbsp;R$ 1.064,79. A Funda\u00e7\u00e3o Vunesp foi a organizadora do certame, homologado em 08 de fevereiro de 2020, tendo validade at\u00e9 fevereiro de 2022.<\/p>\n\n\n\n<ul class=\"wp-block-list\" id=\"block-30067af7-4102-4e30-874a-e613379ef31c\"><li><strong><a href=\"#atual\">Situa\u00e7\u00e3o atual do concurso<\/a><\/strong><\/li><li><strong><a href=\"#carreira\">Carreira<\/a><\/strong><ul><li><strong><a href=\"#requisitos\">Requisitos<\/a><\/strong><\/li><li><a href=\"#salarios\"><strong>Sal\u00e1rios e benef\u00edcios<\/strong><\/a><\/li><\/ul><\/li><li><strong><a href=\"#ultimos\">\u00daltimos concursos<\/a><\/strong><ul><li><a href=\"#agente\"><strong>Agente de Organiza\u00e7\u00e3o Escolar<\/strong><\/a><ul><li><strong><a href=\"#etapas-1\">Etapas de provas<\/a><\/strong><\/li><li><strong><a href=\"#objetiva-1\">Prova Objetiva<\/a><\/strong><\/li><\/ul><\/li><li><strong><a href=\"#supervisor\" target=\"_blank\" rel=\"noreferrer noopener\">Supervisor de Ensino<\/a> <\/strong><ul><li><strong><a href=\"#etapas-2\">Etapas de provas<\/a><\/strong><\/li><li><strong><a href=\"#objetiva-e-discursiva\">Provas Objetiva e Discursiva<\/a><\/strong><\/li><li><strong><a href=\"#titulos\">Avalia\u00e7\u00e3o de T\u00edtulos<\/a><\/strong><\/li><\/ul><\/li><\/ul><\/li><li><strong><a href=\"#cursos\">Cursos e Assinaturas<\/a><\/strong><\/li><li><strong><a href=\"#ficha-tecnica\">Ficha T\u00e9cnica<\/a><\/strong><\/li><\/ul>\n\n\n\n<h2 class=\"wp-block-heading\" id=\"atual\">Situa\u00e7\u00e3o atual do concurso <\/h2>\n\n\n\n<p>Foi <a href=\"https:\/\/dhg1h5j42swfq.cloudfront.net\/2020\/12\/15100525\/seduc-sp-prorrogacao.pdf\" target=\"_blank\" rel=\"noreferrer noopener\">prorrogada a validade<\/a> do concurso Seduc SP para agente de Organiza\u00e7\u00e3o Escolar. Agora o certame expirar\u00e1 no dia 18 de dezembro de 2022.<\/p>\n\n\n\n<p>No in\u00edcio do mesmo ano tamb\u00e9m deve expirar o prazo de validade do concurso Seduc SP para Supervisor de Ensino, por\u00e9m, este certame ainda poder\u00e1 ser prorrogado por mais dois anos a partir de ent\u00e3o. <\/p>\n\n\n\n<h2 class=\"wp-block-heading\" id=\"h-carreira\">Carreira <\/h2>\n\n\n\n<h3 class=\"wp-block-heading\" id=\"requisitos\">Requisitos <\/h3>\n\n\n\n<h4 class=\"wp-block-heading\" id=\"h-agente-de-organiza-o-escolar\">Agente de Organiza\u00e7\u00e3o Escolar<\/h4>\n\n\n\n<p><strong>PR\u00c9-REQUISITO<\/strong>: N\u00edvel M\u00e9dio Completo<\/p>\n\n\n\n<h4 class=\"wp-block-heading\" id=\"h-supervisor-de-ensino\">Supervisor de Ensino<\/h4>\n\n\n\n<p><strong>PR\u00c9-REQUISITOS<\/strong>:<\/p>\n\n\n\n<ul class=\"wp-block-list\"><li>a) Ter no m\u00ednimo 8 anos de efetivo exerc\u00edcio de Magist\u00e9rio, desde que exercido em unidade devidamente autorizada e reconhecida pelo \u00f3rg\u00e3o do respectivo sistema, dos quais 3 anos em gest\u00e3o educacional;<\/li><li>b) Possuir Licenciatura plena em Pedagogia ou P\u00f3s-gradua\u00e7\u00e3o na \u00e1rea de Educa\u00e7\u00e3o, comprovada pelo menos um dos t\u00edtulos abaixo:<ul><li>b.1. Diploma de Licenciatura Plena em Pedagogia;<\/li><li>b.2. Diploma de Curso de P\u00f3s-gradua\u00e7\u00e3o, n\u00edvel Mestrado ou Doutorado, na \u00e1rea de Educa\u00e7\u00e3o;<\/li><li>b.3. Certificado de Curso de P\u00f3s-gradua\u00e7\u00e3o, em n\u00edvel de especializa\u00e7\u00e3o, na \u00e1rea de Educa\u00e7\u00e3o, com carga hor\u00e1ria equivalente a exigida no Estado de S\u00e3o Paulo, de 1.000 horas, em escolas particulares ou n\u00e3o, nos termos do artigo 64 da Lei de Diretrizes e Bases, aprovados pelo Conselho Estadual de Educa\u00e7\u00e3o, conforme a Delibera\u00e7\u00e3o CEE n\u00ba 53\/2005, desde que reconhecido<\/li><li>pelo MEC;<\/li><li>b.4. Certificado de Curso de P\u00f3s-gradua\u00e7\u00e3o, em n\u00edvel de especializa\u00e7\u00e3o, na \u00e1rea de Educa\u00e7\u00e3o, realizado anteriormente \u00e0 Delibera\u00e7\u00e3o CEE 53\/2005, com as cargas hor\u00e1rias definidas de acordo com as legisla\u00e7\u00f5es vigentes no Estado de S\u00e3o Paulo, na ocasi\u00e3o da realiza\u00e7\u00e3o do curso.<\/li><\/ul><\/li><\/ul>\n\n\n\n<h3 class=\"wp-block-heading\" id=\"salarios\">Sal\u00e1rios e Benef\u00edcios<\/h3>\n\n\n\n<h4 class=\"wp-block-heading\" id=\"h-agente-de-organiza-o-escolar-1\">Agente de Organiza\u00e7\u00e3o Escolar<\/h4>\n\n\n\n<figure class=\"wp-block-table is-style-stripes\"><table class=\"has-background has-fixed-layout\" style=\"background-color:#e7f5fe\"><tbody><tr><td><strong>ESCALA<\/strong><\/td><td><strong>FAIXA\/<\/strong><br \/><strong>N\u00cdVEL<\/strong><\/td><td><strong>SALARIO BASE<\/strong><\/td><td><strong>ABONO COMPL.<\/strong><\/td><td><strong>SAL\u00c1RIO INICIAL<\/strong><\/td><\/tr><tr><td>EV-CAE-II<\/td><td>1-I<\/td><td>1.005,79<\/td><td>194,21<\/td><td>1.200,00<\/td><\/tr><\/tbody><\/table><\/figure>\n\n\n\n<h4 class=\"wp-block-heading\" id=\"h-supervisor-de-ensino-1\">Supervisor de Ensino <\/h4>\n\n\n\n<figure class=\"wp-block-table is-style-stripes\"><table class=\"has-background has-fixed-layout\" style=\"background-color:#e7f5fe\"><tbody><tr><td><strong>FAIXA\/<\/strong><br \/><strong>N\u00cdVEL<\/strong><\/td><td><strong>SALARIO BASE<\/strong><\/td><td><strong>GRATIF. GGE<\/strong><\/td><td><strong>SAL\u00c1RIO INICIAL<\/strong><\/td><\/tr><tr><td>1-I<\/td><td>3.474,07<\/td><td>1.064,79<\/td><td>4.538,86<\/td><\/tr><tr><td>2-I<\/td><td>3.838,85<\/td><td>1.064,79<\/td><td>4.903,64<\/td><\/tr><tr><td>3-I<\/td><td>4.241,93<\/td><td>1.064,79<\/td><td>5.306,72<\/td><\/tr><tr><td>4-I<\/td><td>4.687,33<\/td><td>1.064,79<\/td><td>5.752,12<\/td><\/tr><tr><td>5-I<\/td><td>5.179,50<\/td><td>1.064,79<\/td><td>6.244,29<\/td><\/tr><tr><td>6-I<\/td><td>5.723,34<\/td><td>1.064,79<\/td><td>6.788,13<\/td><\/tr><tr><td>7-I<\/td><td>6.324,30<\/td><td>1.064,79<\/td><td>7.389,09<\/td><\/tr><tr><td>8-I<\/td><td>6.988,35<\/td><td>1.064,79<\/td><td>8.053,14<\/td><\/tr><\/tbody><\/table><\/figure>\n\n\n\n<h2 class=\"wp-block-heading\" id=\"ultimos\">\u00daltimos concursos<\/h2>\n\n\n\n<h3 class=\"wp-block-heading\" id=\"agente\">Agente de Organiza\u00e7\u00e3o Escolar<\/h3>\n\n\n\n<p>A Secretaria de Estado da Educa\u00e7\u00e3o de S\u00e3o Paulo &#8211; SEDUC &#8211; ofertou no concurso publicado no in\u00edcio de 2018, 1.495 vagas para o cargo de&nbsp;Agente&nbsp;de Organiza\u00e7\u00e3o Escolar,&nbsp;de&nbsp;n\u00edvel m\u00e9dio. <\/p>\n\n\n\n<p>O certame foi organizado pela CKM Servi\u00e7os. A remunera\u00e7\u00e3o ofertada pelo cargo foi de R$&nbsp;1.142,64. Agora, a sele\u00e7\u00e3o ficar\u00e1 vigente por mais dois anos, at\u00e9 2022.<\/p>\n\n\n\n<h3 class=\"wp-block-heading\" id=\"etapas-1\">Etapas do concurso <\/h3>\n\n\n\n<p>O concurso p\u00fablico teve apenas uma prova objetiva, de car\u00e1ter eliminat\u00f3rio e classificat\u00f3rio, composta de 80 quest\u00f5es de m\u00faltipla escolha.<\/p>\n\n\n\n<h4 class=\"wp-block-heading\" id=\"objetiva-1\">Prova Objetiva <\/h4>\n\n\n\n<p>A prova foi avaliada na escala de 0 a 100 pontos e teve dura\u00e7\u00e3o de 4 horas e 30 minutos. <\/p>\n\n\n\n<figure class=\"wp-block-table is-style-stripes\"><table class=\"has-background has-fixed-layout\" style=\"background-color:#e7f5fe\"><tbody><tr><td><strong>Disciplina<\/strong><\/td><td><strong>N.\u00ba Quest\u00f5es<\/strong><\/td><td><strong>Peso<\/strong><\/td><td><strong>Valor total <\/strong><\/td><\/tr><tr><td>L\u00edngua Portuguesa<\/td><td>20<\/td><td>1,5<\/td><td>30 pontos<\/td><\/tr><tr><td>Racioc\u00ednio L\u00f3gico e Matem\u00e1tica<\/td><td>20<\/td><td>1,0<\/td><td>20 pontos<\/td><\/tr><tr><td>Conhecimentos Espec\u00edficos<\/td><td>20<\/td><td>1,0<\/td><td>20 pontos<\/td><\/tr><tr><td>Inform\u00e1tica<\/td><td>20<\/td><td>1,5<\/td><td>30 pontos<\/td><\/tr><tr><td><strong>TOTAL <\/strong><\/td><td><strong>80<\/strong><\/td><td><\/td><td><strong>100 pontos<\/strong> <\/td><\/tr><\/tbody><\/table><\/figure>\n\n\n\n<p>Foi considerado aprovado na prova o candidato que, cumulativamente:<\/p>\n\n\n\n<p>a) acertasse, no m\u00ednimo, 50% da prova, ou seja, que obtivesse nota final igual ou superior a 50 pontos;<br \/>b) computasse, no m\u00ednimo, 10% de acertos em cada \u00e1rea de conhecimento, ou seja, 02 quest\u00f5es de L\u00edngua Portuguesa, 02 quest\u00f5es de Racioc\u00ednio L\u00f3gico e Matem\u00e1tica, 02 quest\u00f5es de Conhecimentos Espec\u00edficos e 02 quest\u00f5es de Inform\u00e1tica.<\/p>\n\n\n\n<h3 class=\"wp-block-heading\" id=\"supervisor\">Supervisor de Ensino<\/h3>\n\n\n\n<p>No concurso para Supervisor de Ensino, publicado ao final de 2018, foram mais de 10,5 mil candidatos concorrendo a concorrendo a 372 vagas no cargo de classe de Suporte Pedag\u00f3gico, sendo 353 vagas para ampla concorr\u00eancia e 19 reservadas aos candidatos com defici\u00eancia<\/p>\n\n\n\n<p>Vale ressaltar que para concorrer \u00e0s vagas de superior de ensino s\u00e3o exigidos: oito anos de efetivo exerc\u00edcio de magist\u00e9rio, tr\u00eas em gest\u00e3o educacional;&nbsp; Licenciatura Plena em Pedagogia&nbsp; ou&nbsp; &nbsp;Curso de P\u00f3s-gradua\u00e7\u00e3o, n\u00edvel Mestrado ou Doutorado na \u00e1rea educacional ou especializa\u00e7\u00e3o em Educa\u00e7\u00e3o.<\/p>\n\n\n\n<p>A remunera\u00e7\u00e3o inicial \u00e9 de<strong> R$ 4.538,86<\/strong>, al\u00e9m da gratifica\u00e7\u00e3o educacional de&nbsp;<strong>R$ 1.064,79<\/strong>.<\/p>\n\n\n\n<h3 class=\"wp-block-heading\" id=\"etapas-2\">Etapas do Concurso<\/h3>\n\n\n\n<p>Os candidatos ao cargo de<strong> supervisor de ensino<\/strong> foram submetidos a tr\u00eas avalia\u00e7\u00f5es. Sendo estas:<\/p>\n\n\n\n<p><strong>1\u00aa etapa &#8211;<\/strong>&nbsp;Prova objetiva e prova dissertativa (eliminat\u00f3rio e classificat\u00f3rio); <br \/><strong>2\u00aa etapa &#8211;<\/strong> Avalia\u00e7\u00e3o de T\u00edtulos (classificat\u00f3rio)<strong>.<\/strong><\/p>\n\n\n\n<h4 class=\"wp-block-heading\" id=\"objetiva-e-discursiva\">Provas Objetiva e Discursiva<\/h4>\n\n\n\n<p>As provas objetiva e dissertativa foram realizadas no mesmo dia em turnos diferentes. A Prova Objetiva foi aplicada no per\u00edodo da manh\u00e3 e teve dura\u00e7\u00e3o de 4 horas. J\u00e1 a Prova Discursiva foi aplicada a tarde com dura\u00e7\u00e3o de 3 horas.<\/p>\n\n\n\n<p>A prova objetiva constar\u00e1 de 80 quest\u00f5es de m\u00faltipla escolha, sendo avaliada na escala de 0 a 80 valendo 1 ponto cada quest\u00e3o. <\/p>\n\n\n\n<p>Foi considerado aprovado na prova objetiva, o candidato que obtiver nota igual ou superior a 50% da prova, ou seja, 40 pontos ou mais.<\/p>\n\n\n\n<p>Somente os candidatos aprovados na prova objetiva ter\u00e3o corrigida a prova dissertativa. A prova dissertativa constar\u00e1 de 4 quest\u00f5es, valendo 5 pontos cada quest\u00e3o. Assim, ela foi avaliada de 0 a 20 pontos, sendo considerado aprovado o candidato que obtivesse nota igual ou superior a 50% da prova, ou seja, 10 pontos ou mais.<\/p>\n\n\n\n<p>O candidato que obtivesse nota zero em uma das quest\u00f5es ou obtiver nota final igual a zero na prova dissertativa, foi eliminado do concurso.<\/p>\n\n\n\n<h4 class=\"wp-block-heading\" id=\"titulos\">Avalia\u00e7\u00e3o de T\u00edtulos<\/h4>\n\n\n\n<p>Na avalia\u00e7\u00e3o de t\u00edtulos, os candidatos podem acumular at\u00e9 10 pontos. Foram considerados as especializa\u00e7\u00f5es abaixo:<\/p>\n\n\n\n<ul class=\"wp-block-list\"><li>Doutorado na \u00e1rea de Educa\u00e7\u00e3o: 2 Pontos;<\/li><li>Doutorado na \u00e1rea de Educa\u00e7\u00e3o, em Gest\u00e3o Educacional: 3 Pontos;<\/li><li>Mestrado na \u00e1rea de Educa\u00e7\u00e3o: 1 ponto;<\/li><li>Mestrado na \u00e1rea de Educa\u00e7\u00e3o, em Gest\u00e3o Educacional: 2 pontos;<\/li><li>Curso de P\u00f3s-gradua\u00e7\u00e3o (lato sensu), em n\u00edvel de especializa\u00e7\u00e3o, na \u00e1rea de Educa\u00e7\u00e3o, em Gest\u00e3o Educacional com carga hor\u00e1ria equivalente a exigida no Estado de S\u00e3o Paulo, de 1.000 horas: 1 Ponto. <\/li><\/ul>\n\n\n\n<p><strong>M\u00e1ximo de Pontos Doutorado<\/strong>: 5 Pontos; <br \/><strong>M\u00e1ximo de Pontos Mestrado<\/strong>: 3 Pontos; <br \/><strong>M\u00e1ximo de Pontos P\u00f3s-gradua\u00e7\u00e3o<\/strong>: 2 Pontos.<\/p>\n\n\n\n<h2 class=\"has-text-align-center wp-block-heading\" id=\"cursos\">CURSOS E ASSINATURAS PARA A SEDUC SP<\/h2>\n\n\n\n<p class=\"has-text-align-center\"><em>Gostou desta oportunidade e deseja come\u00e7ar se preparar agora mesmo? Ent\u00e3o, confira os nossos cursos e comece a estudar:<\/em><\/p>\n\n\n\n<div class=\"container\" id=\"boxes\">\n  <div class=\"row\">\n\n    <div class=\"col-sm\">\n      <div class=\"banner-estrategia\" id=\"box-assinatura\">\n        <h3 class=\"titulo-assinatura\">Curso SEDUC SP<\/h3>\n        <p class=\"subtitulo-assinatura\">Conhe\u00e7a os cursos<\/p>\n        <div class=\"box-botao\">\n          <a class=\"btn-assinatura\" target=\"_blank\" href=\"https:\/\/www.estrategiaconcursos.com.br\/cursos\/concurso\/\" role=\"button\" rel=\"noopener noreferrer\">Conhe\u00e7a mais<\/a>\n        <\/div>\n      <\/div>\n      <p class=\"texto-auxiliar\">Prepare-se com o melhor material e com quem mais aprova em Concursos P\u00fablicos em todo o pa\u00eds.<\/p>\n    <\/div>\n\n  <\/div>\n<\/div>\n\n\n\n<div class=\"container\" id=\"boxes\">\n  <div class=\"row\">\n\n    <div class=\"col-sm\">\n      <div class=\"estrategia\" id=\"box-assinatura\">\n        <h3 class=\"titulo-assinatura\">Assinatura Ilimitada<\/h3>\n        <p class=\"subtitulo-assinatura\">Assinatura Anual Ilimitada*<\/p>\n        <div class=\"box-botao\">\n          <a class=\"btn-assinatura\" target=\"_blank\" href=\"https:\/\/www.estrategiaconcursos.com.br\/assinaturas\/\" role=\"button\" rel=\"noopener noreferrer\">ASSINE AGORA<\/a>\n        <\/div>\n      <\/div>\n      <p class=\"texto-auxiliar\">Prepare-se com o melhor material e com quem mais aprova em Concursos P\u00fablicos em todo o pa\u00eds. Assine agora a nossa Assinatura Anual e tenha acesso ilimitado* a todos os nossos cursos.<\/p>\n    <\/div>\n\n    <div class=\"col-sm\">\n      <div class=\"questoes\" id=\"box-assinatura\">\n        <h3 class=\"titulo-assinatura\">Sistema de Quest\u00f5es<\/h3>\n        <p class=\"subtitulo-assinatura\">Assinatura Ilimitada*\n<\/p>\n        <div class=\"box-botao\">\n          <a class=\"btn-assinatura\" target=\"_blank\" href=\"https:\/\/www.estrategiaconcursos.com.br\/cursosPorConcurso\/sistema-de-questoes\/#\/\" role=\"button\" rel=\"noopener noreferrer\">ASSINE AGORA<\/a>\n        <\/div>\n      <\/div>\n      <p class=\"texto-auxiliar\">Estrat\u00e9gia Quest\u00f5es nasceu maior do que todos os concorrentes, com mais quest\u00f5es cadastradas e mais solu\u00e7\u00f5es por professores. Clique no link e aproveite os descontos e b\u00f4nus imperd\u00edveis!<\/p>\n    <\/div>\n  <\/div>\n<\/div>\n\n\n\n<div class=\"container\" id=\"boxes\">\n  <div class=\"row\">\n\n    <div class=\"col-sm\" id=\"boxes-concursos\">\n      <div style=\"background-color: #005DAD;\" class=\"conteudo-concursos\" id=\"box-concursos\">\n        <h3 class=\"titulo-assinatura\">Concursos Abertos<\/h3>\n        <p class=\"subtitulo-assinatura\">mais de 15 mil vagas<\/p>\n        <div class=\"box-botao\">\n          <a class=\"btn-assinatura\" target=\"_blank\" href=\"https:\/\/www.estrategiaconcursos.com.br\/blog\/concursos-abertos\/\" role=\"button\" rel=\"noopener noreferrer\">Conhe\u00e7a Agora<\/a>\n        <\/div>\n      <\/div>\n    <\/div>\n\n    <div class=\"col-sm\" id=\"boxes-concursos\">\n      <div style=\"background-color: #1A7ED5;\" class=\"conteudo-concursos\" id=\"box-concursos\">\n        <h3 class=\"titulo-assinatura\">Concursos 2020<\/h3>\n        <p class=\"subtitulo-assinatura\">mais de 11 mil vagas<\/p>\n        <div class=\"box-botao\">\n          <a class=\"btn-assinatura\" target=\"_blank\" href=\"https:\/\/www.estrategiaconcursos.com.br\/blog\/concursos-2020\/\" role=\"button\" rel=\"noopener noreferrer\">Conhe\u00e7a Agora<\/a>\n        <\/div>\n      <\/div>\n    <\/div>\n\n    <div class=\"col-sm\" id=\"boxes-concursos\">\n      <div style=\"background-color: #419FF0;\" class=\"conteudo-concursos\" id=\"box-concursos\">\n        <h3 class=\"titulo-assinatura\">Concursos 2021<\/h3>\n        <p class=\"subtitulo-assinatura\">mais de 17 mil vagas<\/p>\n        <div class=\"box-botao\">\n          <a class=\"btn-assinatura\" target=\"_blank\" href=\"https:\/\/www.estrategiaconcursos.com.br\/blog\/concursos-2021\/\" role=\"button\" rel=\"noopener noreferrer\">Conhe\u00e7a Agora<\/a>\n        <\/div>\n      <\/div>\n    <\/div>\n\n  <\/div>\n<\/div>\n\n\n\n<p class=\"has-text-align-center has-luminous-vivid-amber-background-color has-background\"><a href=\"https:\/\/www.estrategiaconcursos.com.br\/blog\/concursos-educacao-2020\/\" target=\"_blank\" rel=\"noreferrer noopener\">CONCURSOS EDUCA\u00c7\u00c3O<\/a><\/p>\n\n\n\n<figure class=\"wp-block-image\"><img loading=\"lazy\" decoding=\"async\" width=\"300\" height=\"102\" src=\"https:\/\/dhg1h5j42swfq.cloudfront.net\/2017\/03\/28152500\/coruja-ficha-tecnica-300x102.png\" alt=\"Ficha t\u00e9cnica \" class=\"wp-image-68542\"\/><\/figure>\n\n\n\n<h4 class=\"wp-block-heading\" id=\"ficha-tecnica\"><strong>Informa\u00e7\u00f5es sobre \u00faltimos concursos&nbsp;<\/strong>SEDUC SP<\/h4>\n\n\n\n<p>\u25ba<strong>Data<\/strong>: 06\/2018<br \/>\u25ba<strong>Vagas<\/strong>: 1.495 vagas<br \/>\u25ba<strong>Cargo<\/strong>: Agente de Organiza\u00e7\u00e3o Escolar <br \/>\u25ba<strong>Banca<\/strong>: CKM Servi\u00e7os<br \/>\u25ba<strong>Escolaridade<\/strong>: N\u00edvel M\u00e9dio <br \/>\u25ba <strong>\u00daltimo edital:<\/strong> <a href=\"https:\/\/dhg1h5j42swfq.cloudfront.net\/2020\/12\/15160647\/esital-see-sp.pdf\" target=\"_blank\" rel=\"noreferrer noopener\">Edital Seduc SP 01\/2018<\/a><\/p>\n\n\n\n<figure class=\"wp-block-image\"><img loading=\"lazy\" decoding=\"async\" width=\"300\" height=\"102\" src=\"https:\/\/dhg1h5j42swfq.cloudfront.net\/2017\/03\/28152500\/coruja-ficha-tecnica-300x102.png\" alt=\"Ficha t\u00e9cnica \" class=\"wp-image-68542\"\/><\/figure>\n\n\n\n<h4 class=\"wp-block-heading\" id=\"ficha-tecnica\"><strong>Informa\u00e7\u00f5es sobre os \u00faltimos concursos&nbsp;<\/strong>SEDUC SP<\/h4>\n\n\n\n<p>\u25ba<strong>Data<\/strong>: 12\/2018<br \/>\u25ba<strong>Vagas<\/strong>: 372 vagas<br \/>\u25ba<strong>Cargo<\/strong>: Supervisor de Ensino  <br \/>\u25ba<strong>Banca<\/strong>: Vunesp <br \/>\u25ba<strong>Escolaridade<\/strong>: N\u00edvel Superior <br \/>\u25ba <strong>\u00daltimo edital:<\/strong> <a href=\"https:\/\/dhg1h5j42swfq.cloudfront.net\/2020\/12\/15162106\/seduc-sp_.pdf\" target=\"_blank\" rel=\"noreferrer noopener\">Edital Seduc SP 02\/2018<\/a><\/p>\n","protected":false},"excerpt":{"rendered":"<p>A Secretaria de Estado da Educa\u00e7\u00e3o de S\u00e3o Paulo publicou no Di\u00e1rio Oficial do Poder Executivo, a prorroga\u00e7\u00e3o do prazo de validade do concurso Seduc SP, que ofertou 1.495 vagas para Agente de Organiza\u00e7\u00e3o Escolar, de n\u00edvel m\u00e9dio, e foi homologado em dezembro de 2018. A banca organizadora do concurso foi a CKM Servi\u00e7os. A [&hellip;]<\/p>\n","protected":false},"author":1,"featured_media":631342,"comment_status":"open","ping_status":"closed","sticky":false,"template":"","format":"standard","meta":{"post_tipo":"news_page","footnotes":""},"categories":[1,3766],"tags":[],"tax_estado":[219989],"class_list":["post-631298","post","type-post","status-publish","format-standard","has-post-thumbnail","hentry","category-cursos-e-concursos","category-educacional","tax_estado-sp"],"acf":[],"yoast_head":"<!-- This site is optimized with the Yoast SEO Premium plugin v27.2 (Yoast SEO v27.2) - https:\/\/yoast.com\/product\/yoast-seo-premium-wordpress\/ -->\n<title>Concurso Seduc SP: certame de 2018 tem validade prorrogada!<\/title>\n<meta name=\"description\" content=\"Foi prorrogado o prazo de validade do concurso Seduc SP homologado em dezembro de 2018 para o cargo Agente de Organiza\u00e7\u00e3o Escolar.\" \/>\n<meta name=\"robots\" content=\"index, follow, max-snippet:-1, max-image-preview:large, max-video-preview:-1\" \/>\n<link rel=\"canonical\" href=\"https:\/\/www.estrategiaconcursos.com.br\/blog\/concurso-seduc-sp\/\" \/>\n<meta property=\"og:locale\" content=\"pt_BR\" \/>\n<meta property=\"og:type\" content=\"article\" \/>\n<meta property=\"og:title\" content=\"Concurso Seduc SP: certame de 2018 tem validade prorrogada!\" \/>\n<meta property=\"og:description\" content=\"Foi prorrogado o prazo de validade do concurso Seduc SP homologado em dezembro de 2018 para o cargo Agente de Organiza\u00e7\u00e3o Escolar.\" \/>\n<meta property=\"og:url\" content=\"https:\/\/www.estrategiaconcursos.com.br\/blog\/concurso-seduc-sp\/\" \/>\n<meta property=\"og:site_name\" content=\"Estrat\u00e9gia Concursos\" \/>\n<meta property=\"article:author\" content=\"https:\/\/www.facebook.com\/EstrategiaConcursos\" \/>\n<meta property=\"article:published_time\" content=\"2020-12-15T03:51:00+00:00\" \/>\n<meta property=\"article:modified_time\" content=\"2025-04-16T20:01:38+00:00\" \/>\n<meta property=\"og:image\" content=\"https:\/\/dhg1h5j42swfq.cloudfront.net\/2020\/12\/15151304\/jornalismo-see-sp-150x150-1.jpg\" \/>\n\t<meta property=\"og:image:width\" content=\"150\" \/>\n\t<meta property=\"og:image:height\" content=\"150\" \/>\n\t<meta property=\"og:image:type\" content=\"image\/jpeg\" \/>\n<meta name=\"author\" content=\"Coordena\u00e7\u00e3o\" \/>\n<meta name=\"twitter:card\" content=\"summary_large_image\" \/>\n<meta name=\"twitter:creator\" content=\"@EstratConcursos\" \/>\n<meta name=\"twitter:site\" content=\"@EstratConcursos\" \/>\n<meta name=\"twitter:label1\" content=\"Escrito por\" \/>\n\t<meta name=\"twitter:data1\" content=\"Coordena\u00e7\u00e3o\" \/>\n\t<meta name=\"twitter:label2\" content=\"Est. tempo de leitura\" \/>\n\t<meta name=\"twitter:data2\" content=\"7 minutos\" \/>\n<script type=\"application\/ld+json\" class=\"yoast-schema-graph\">{\"@context\":\"https:\/\/schema.org\",\"@graph\":[{\"@type\":\"NewsArticle\",\"@id\":\"https:\/\/www.estrategiaconcursos.com.br\/blog\/concurso-seduc-sp\/#article\",\"isPartOf\":{\"@id\":\"https:\/\/www.estrategiaconcursos.com.br\/blog\/concurso-seduc-sp\/\"},\"author\":{\"name\":\"Coordena\u00e7\u00e3o\",\"@id\":\"https:\/\/www.estrategiaconcursos.com.br\/blog\/#\/schema\/person\/b4a388c97673c5f483d72185668afa1f\"},\"headline\":\"Concurso Seduc SP: certame de 2018 tem validade prorrogada!\",\"datePublished\":\"2020-12-15T03:51:00+00:00\",\"dateModified\":\"2025-04-16T20:01:38+00:00\",\"mainEntityOfPage\":{\"@id\":\"https:\/\/www.estrategiaconcursos.com.br\/blog\/concurso-seduc-sp\/\"},\"wordCount\":1417,\"commentCount\":0,\"publisher\":{\"@id\":\"https:\/\/www.estrategiaconcursos.com.br\/blog\/#organization\"},\"image\":{\"@id\":\"https:\/\/www.estrategiaconcursos.com.br\/blog\/concurso-seduc-sp\/#primaryimage\"},\"thumbnailUrl\":\"https:\/\/dhg1h5j42swfq.cloudfront.net\/2020\/12\/15151304\/jornalismo-see-sp-150x150-1.jpg\",\"articleSection\":[\"Concursos P\u00fablicos\",\"Educa\u00e7\u00e3o\"],\"inLanguage\":\"pt-BR\",\"potentialAction\":[{\"@type\":\"CommentAction\",\"name\":\"Comment\",\"target\":[\"https:\/\/www.estrategiaconcursos.com.br\/blog\/concurso-seduc-sp\/#respond\"]}],\"copyrightYear\":\"2020\",\"copyrightHolder\":{\"@id\":\"https:\/\/www.estrategiaconcursos.com.br\/blog\/#organization\"}},{\"@type\":\"WebPage\",\"@id\":\"https:\/\/www.estrategiaconcursos.com.br\/blog\/concurso-seduc-sp\/\",\"url\":\"https:\/\/www.estrategiaconcursos.com.br\/blog\/concurso-seduc-sp\/\",\"name\":\"Concurso Seduc SP: certame de 2018 tem validade prorrogada!\",\"isPartOf\":{\"@id\":\"https:\/\/www.estrategiaconcursos.com.br\/blog\/#website\"},\"primaryImageOfPage\":{\"@id\":\"https:\/\/www.estrategiaconcursos.com.br\/blog\/concurso-seduc-sp\/#primaryimage\"},\"image\":{\"@id\":\"https:\/\/www.estrategiaconcursos.com.br\/blog\/concurso-seduc-sp\/#primaryimage\"},\"thumbnailUrl\":\"https:\/\/dhg1h5j42swfq.cloudfront.net\/2020\/12\/15151304\/jornalismo-see-sp-150x150-1.jpg\",\"datePublished\":\"2020-12-15T03:51:00+00:00\",\"dateModified\":\"2025-04-16T20:01:38+00:00\",\"description\":\"Foi prorrogado o prazo de validade do concurso Seduc SP homologado em dezembro de 2018 para o cargo Agente de Organiza\u00e7\u00e3o Escolar.\",\"breadcrumb\":{\"@id\":\"https:\/\/www.estrategiaconcursos.com.br\/blog\/concurso-seduc-sp\/#breadcrumb\"},\"inLanguage\":\"pt-BR\",\"potentialAction\":[{\"@type\":\"ReadAction\",\"target\":[\"https:\/\/www.estrategiaconcursos.com.br\/blog\/concurso-seduc-sp\/\"]}]},{\"@type\":\"ImageObject\",\"inLanguage\":\"pt-BR\",\"@id\":\"https:\/\/www.estrategiaconcursos.com.br\/blog\/concurso-seduc-sp\/#primaryimage\",\"url\":\"https:\/\/dhg1h5j42swfq.cloudfront.net\/2020\/12\/15151304\/jornalismo-see-sp-150x150-1.jpg\",\"contentUrl\":\"https:\/\/dhg1h5j42swfq.cloudfront.net\/2020\/12\/15151304\/jornalismo-see-sp-150x150-1.jpg\",\"width\":150,\"height\":150,\"caption\":\"Concurso Seduc SP\"},{\"@type\":\"BreadcrumbList\",\"@id\":\"https:\/\/www.estrategiaconcursos.com.br\/blog\/concurso-seduc-sp\/#breadcrumb\",\"itemListElement\":[{\"@type\":\"ListItem\",\"position\":1,\"name\":\"In\u00edcio\",\"item\":\"https:\/\/www.estrategiaconcursos.com.br\/blog\/\"},{\"@type\":\"ListItem\",\"position\":2,\"name\":\"Concurso Seduc SP: certame de 2018 tem validade prorrogada!\"}]},{\"@type\":\"WebSite\",\"@id\":\"https:\/\/www.estrategiaconcursos.com.br\/blog\/#website\",\"url\":\"https:\/\/www.estrategiaconcursos.com.br\/blog\/\",\"name\":\"Estrat\u00e9gia Concursos\",\"description\":\"O blog da Estrat\u00e9gia Concursos traz not\u00edcias sobre concursos e artigos de professores oferecendo cursos para concursos (pdf + videaulas) no site.\",\"publisher\":{\"@id\":\"https:\/\/www.estrategiaconcursos.com.br\/blog\/#organization\"},\"potentialAction\":[{\"@type\":\"SearchAction\",\"target\":{\"@type\":\"EntryPoint\",\"urlTemplate\":\"https:\/\/www.estrategiaconcursos.com.br\/blog\/?s={search_term_string}\"},\"query-input\":{\"@type\":\"PropertyValueSpecification\",\"valueRequired\":true,\"valueName\":\"search_term_string\"}}],\"inLanguage\":\"pt-BR\"},{\"@type\":\"Organization\",\"@id\":\"https:\/\/www.estrategiaconcursos.com.br\/blog\/#organization\",\"name\":\"Estrat\u00e9gia Concursos\",\"url\":\"https:\/\/www.estrategiaconcursos.com.br\/blog\/\",\"logo\":{\"@type\":\"ImageObject\",\"inLanguage\":\"pt-BR\",\"@id\":\"https:\/\/www.estrategiaconcursos.com.br\/blog\/#\/schema\/logo\/image\/\",\"url\":\"https:\/\/dhg1h5j42swfq.cloudfront.net\/2025\/06\/03203428\/logo_concursos-1.jpg\",\"contentUrl\":\"https:\/\/dhg1h5j42swfq.cloudfront.net\/2025\/06\/03203428\/logo_concursos-1.jpg\",\"width\":230,\"height\":60,\"caption\":\"Estrat\u00e9gia Concursos\"},\"image\":{\"@id\":\"https:\/\/www.estrategiaconcursos.com.br\/blog\/#\/schema\/logo\/image\/\"},\"sameAs\":[\"https:\/\/x.com\/EstratConcursos\"]},{\"@type\":\"Person\",\"@id\":\"https:\/\/www.estrategiaconcursos.com.br\/blog\/#\/schema\/person\/b4a388c97673c5f483d72185668afa1f\",\"name\":\"Coordena\u00e7\u00e3o\",\"image\":{\"@type\":\"ImageObject\",\"inLanguage\":\"pt-BR\",\"@id\":\"https:\/\/secure.gravatar.com\/avatar\/b720319e4c9a967eb58678d110f4fe35452fc5d5f97b202bac7b8acceb18c6ad?s=96&d=mm&r=g\",\"url\":\"https:\/\/secure.gravatar.com\/avatar\/b720319e4c9a967eb58678d110f4fe35452fc5d5f97b202bac7b8acceb18c6ad?s=96&d=mm&r=g\",\"contentUrl\":\"https:\/\/secure.gravatar.com\/avatar\/b720319e4c9a967eb58678d110f4fe35452fc5d5f97b202bac7b8acceb18c6ad?s=96&d=mm&r=g\",\"caption\":\"Coordena\u00e7\u00e3o\"},\"sameAs\":[\"https:\/\/www.facebook.com\/EstrategiaConcursos\",\"https:\/\/x.com\/EstratConcursos\"],\"url\":\"https:\/\/www.estrategiaconcursos.com.br\/blog\/author\/estrategia2013\/\"}]}<\/script>\n<!-- \/ Yoast SEO Premium plugin. -->","yoast_head_json":{"title":"Concurso Seduc SP: certame de 2018 tem validade prorrogada!","description":"Foi prorrogado o prazo de validade do concurso Seduc SP homologado em dezembro de 2018 para o cargo Agente de Organiza\u00e7\u00e3o Escolar.","robots":{"index":"index","follow":"follow","max-snippet":"max-snippet:-1","max-image-preview":"max-image-preview:large","max-video-preview":"max-video-preview:-1"},"canonical":"https:\/\/www.estrategiaconcursos.com.br\/blog\/concurso-seduc-sp\/","og_locale":"pt_BR","og_type":"article","og_title":"Concurso Seduc SP: certame de 2018 tem validade prorrogada!","og_description":"Foi prorrogado o prazo de validade do concurso Seduc SP homologado em dezembro de 2018 para o cargo Agente de Organiza\u00e7\u00e3o Escolar.","og_url":"https:\/\/www.estrategiaconcursos.com.br\/blog\/concurso-seduc-sp\/","og_site_name":"Estrat\u00e9gia Concursos","article_author":"https:\/\/www.facebook.com\/EstrategiaConcursos","article_published_time":"2020-12-15T03:51:00+00:00","article_modified_time":"2025-04-16T20:01:38+00:00","og_image":[{"width":150,"height":150,"url":"https:\/\/dhg1h5j42swfq.cloudfront.net\/2020\/12\/15151304\/jornalismo-see-sp-150x150-1.jpg","type":"image\/jpeg"}],"author":"Coordena\u00e7\u00e3o","twitter_card":"summary_large_image","twitter_creator":"@EstratConcursos","twitter_site":"@EstratConcursos","twitter_misc":{"Escrito por":"Coordena\u00e7\u00e3o","Est. tempo de leitura":"7 minutos"},"schema":{"@context":"https:\/\/schema.org","@graph":[{"@type":"NewsArticle","@id":"https:\/\/www.estrategiaconcursos.com.br\/blog\/concurso-seduc-sp\/#article","isPartOf":{"@id":"https:\/\/www.estrategiaconcursos.com.br\/blog\/concurso-seduc-sp\/"},"author":{"name":"Coordena\u00e7\u00e3o","@id":"https:\/\/www.estrategiaconcursos.com.br\/blog\/#\/schema\/person\/b4a388c97673c5f483d72185668afa1f"},"headline":"Concurso Seduc SP: certame de 2018 tem validade prorrogada!","datePublished":"2020-12-15T03:51:00+00:00","dateModified":"2025-04-16T20:01:38+00:00","mainEntityOfPage":{"@id":"https:\/\/www.estrategiaconcursos.com.br\/blog\/concurso-seduc-sp\/"},"wordCount":1417,"commentCount":0,"publisher":{"@id":"https:\/\/www.estrategiaconcursos.com.br\/blog\/#organization"},"image":{"@id":"https:\/\/www.estrategiaconcursos.com.br\/blog\/concurso-seduc-sp\/#primaryimage"},"thumbnailUrl":"https:\/\/dhg1h5j42swfq.cloudfront.net\/2020\/12\/15151304\/jornalismo-see-sp-150x150-1.jpg","articleSection":["Concursos P\u00fablicos","Educa\u00e7\u00e3o"],"inLanguage":"pt-BR","potentialAction":[{"@type":"CommentAction","name":"Comment","target":["https:\/\/www.estrategiaconcursos.com.br\/blog\/concurso-seduc-sp\/#respond"]}],"copyrightYear":"2020","copyrightHolder":{"@id":"https:\/\/www.estrategiaconcursos.com.br\/blog\/#organization"}},{"@type":"WebPage","@id":"https:\/\/www.estrategiaconcursos.com.br\/blog\/concurso-seduc-sp\/","url":"https:\/\/www.estrategiaconcursos.com.br\/blog\/concurso-seduc-sp\/","name":"Concurso Seduc SP: certame de 2018 tem validade prorrogada!","isPartOf":{"@id":"https:\/\/www.estrategiaconcursos.com.br\/blog\/#website"},"primaryImageOfPage":{"@id":"https:\/\/www.estrategiaconcursos.com.br\/blog\/concurso-seduc-sp\/#primaryimage"},"image":{"@id":"https:\/\/www.estrategiaconcursos.com.br\/blog\/concurso-seduc-sp\/#primaryimage"},"thumbnailUrl":"https:\/\/dhg1h5j42swfq.cloudfront.net\/2020\/12\/15151304\/jornalismo-see-sp-150x150-1.jpg","datePublished":"2020-12-15T03:51:00+00:00","dateModified":"2025-04-16T20:01:38+00:00","description":"Foi prorrogado o prazo de validade do concurso Seduc SP homologado em dezembro de 2018 para o cargo Agente de Organiza\u00e7\u00e3o Escolar.","breadcrumb":{"@id":"https:\/\/www.estrategiaconcursos.com.br\/blog\/concurso-seduc-sp\/#breadcrumb"},"inLanguage":"pt-BR","potentialAction":[{"@type":"ReadAction","target":["https:\/\/www.estrategiaconcursos.com.br\/blog\/concurso-seduc-sp\/"]}]},{"@type":"ImageObject","inLanguage":"pt-BR","@id":"https:\/\/www.estrategiaconcursos.com.br\/blog\/concurso-seduc-sp\/#primaryimage","url":"https:\/\/dhg1h5j42swfq.cloudfront.net\/2020\/12\/15151304\/jornalismo-see-sp-150x150-1.jpg","contentUrl":"https:\/\/dhg1h5j42swfq.cloudfront.net\/2020\/12\/15151304\/jornalismo-see-sp-150x150-1.jpg","width":150,"height":150,"caption":"Concurso Seduc SP"},{"@type":"BreadcrumbList","@id":"https:\/\/www.estrategiaconcursos.com.br\/blog\/concurso-seduc-sp\/#breadcrumb","itemListElement":[{"@type":"ListItem","position":1,"name":"In\u00edcio","item":"https:\/\/www.estrategiaconcursos.com.br\/blog\/"},{"@type":"ListItem","position":2,"name":"Concurso Seduc SP: certame de 2018 tem validade prorrogada!"}]},{"@type":"WebSite","@id":"https:\/\/www.estrategiaconcursos.com.br\/blog\/#website","url":"https:\/\/www.estrategiaconcursos.com.br\/blog\/","name":"Estrat\u00e9gia Concursos","description":"O blog da Estrat\u00e9gia Concursos traz not\u00edcias sobre concursos e artigos de professores oferecendo cursos para concursos (pdf + videaulas) no site.","publisher":{"@id":"https:\/\/www.estrategiaconcursos.com.br\/blog\/#organization"},"potentialAction":[{"@type":"SearchAction","target":{"@type":"EntryPoint","urlTemplate":"https:\/\/www.estrategiaconcursos.com.br\/blog\/?s={search_term_string}"},"query-input":{"@type":"PropertyValueSpecification","valueRequired":true,"valueName":"search_term_string"}}],"inLanguage":"pt-BR"},{"@type":"Organization","@id":"https:\/\/www.estrategiaconcursos.com.br\/blog\/#organization","name":"Estrat\u00e9gia Concursos","url":"https:\/\/www.estrategiaconcursos.com.br\/blog\/","logo":{"@type":"ImageObject","inLanguage":"pt-BR","@id":"https:\/\/www.estrategiaconcursos.com.br\/blog\/#\/schema\/logo\/image\/","url":"https:\/\/dhg1h5j42swfq.cloudfront.net\/2025\/06\/03203428\/logo_concursos-1.jpg","contentUrl":"https:\/\/dhg1h5j42swfq.cloudfront.net\/2025\/06\/03203428\/logo_concursos-1.jpg","width":230,"height":60,"caption":"Estrat\u00e9gia Concursos"},"image":{"@id":"https:\/\/www.estrategiaconcursos.com.br\/blog\/#\/schema\/logo\/image\/"},"sameAs":["https:\/\/x.com\/EstratConcursos"]},{"@type":"Person","@id":"https:\/\/www.estrategiaconcursos.com.br\/blog\/#\/schema\/person\/b4a388c97673c5f483d72185668afa1f","name":"Coordena\u00e7\u00e3o","image":{"@type":"ImageObject","inLanguage":"pt-BR","@id":"https:\/\/secure.gravatar.com\/avatar\/b720319e4c9a967eb58678d110f4fe35452fc5d5f97b202bac7b8acceb18c6ad?s=96&d=mm&r=g","url":"https:\/\/secure.gravatar.com\/avatar\/b720319e4c9a967eb58678d110f4fe35452fc5d5f97b202bac7b8acceb18c6ad?s=96&d=mm&r=g","contentUrl":"https:\/\/secure.gravatar.com\/avatar\/b720319e4c9a967eb58678d110f4fe35452fc5d5f97b202bac7b8acceb18c6ad?s=96&d=mm&r=g","caption":"Coordena\u00e7\u00e3o"},"sameAs":["https:\/\/www.facebook.com\/EstrategiaConcursos","https:\/\/x.com\/EstratConcursos"],"url":"https:\/\/www.estrategiaconcursos.com.br\/blog\/author\/estrategia2013\/"}]}},"_links":{"self":[{"href":"https:\/\/www.estrategiaconcursos.com.br\/blog\/wp-json\/wp\/v2\/posts\/631298","targetHints":{"allow":["GET"]}}],"collection":[{"href":"https:\/\/www.estrategiaconcursos.com.br\/blog\/wp-json\/wp\/v2\/posts"}],"about":[{"href":"https:\/\/www.estrategiaconcursos.com.br\/blog\/wp-json\/wp\/v2\/types\/post"}],"author":[{"embeddable":true,"href":"https:\/\/www.estrategiaconcursos.com.br\/blog\/wp-json\/wp\/v2\/users\/1"}],"replies":[{"embeddable":true,"href":"https:\/\/www.estrategiaconcursos.com.br\/blog\/wp-json\/wp\/v2\/comments?post=631298"}],"version-history":[{"count":35,"href":"https:\/\/www.estrategiaconcursos.com.br\/blog\/wp-json\/wp\/v2\/posts\/631298\/revisions"}],"predecessor-version":[{"id":892642,"href":"https:\/\/www.estrategiaconcursos.com.br\/blog\/wp-json\/wp\/v2\/posts\/631298\/revisions\/892642"}],"wp:featuredmedia":[{"embeddable":true,"href":"https:\/\/www.estrategiaconcursos.com.br\/blog\/wp-json\/wp\/v2\/media\/631342"}],"wp:attachment":[{"href":"https:\/\/www.estrategiaconcursos.com.br\/blog\/wp-json\/wp\/v2\/media?parent=631298"}],"wp:term":[{"taxonomy":"category","embeddable":true,"href":"https:\/\/www.estrategiaconcursos.com.br\/blog\/wp-json\/wp\/v2\/categories?post=631298"},{"taxonomy":"post_tag","embeddable":true,"href":"https:\/\/www.estrategiaconcursos.com.br\/blog\/wp-json\/wp\/v2\/tags?post=631298"},{"taxonomy":"tax_estado","embeddable":true,"href":"https:\/\/www.estrategiaconcursos.com.br\/blog\/wp-json\/wp\/v2\/tax_estado?post=631298"}],"curies":[{"name":"wp","href":"https:\/\/api.w.org\/{rel}","templated":true}]}}