{"id":629719,"date":"2020-12-18T08:38:00","date_gmt":"2020-12-18T11:38:00","guid":{"rendered":"https:\/\/www.estrategiaconcursos.com.br\/blog\/?p=629719"},"modified":"2020-12-17T17:26:59","modified_gmt":"2020-12-17T20:26:59","slug":"a-criacao-da-uniao-europeia-e-o-tratado-de-maastricht","status":"publish","type":"post","link":"https:\/\/www.estrategiaconcursos.com.br\/blog\/a-criacao-da-uniao-europeia-e-o-tratado-de-maastricht\/","title":{"rendered":"A cria\u00e7\u00e3o da Uni\u00e3o Europeia e o Tratado de Maastricht"},"content":{"rendered":"\n<p class=\"has-medium-font-size\">Veja como foi a cria\u00e7\u00e3o da Uni\u00e3o Europeia, um dos principais blocos mundiais, por meio do Tratado de Maastricht<\/p>\n\n\n\n<div class=\"wp-block-image\"><figure class=\"aligncenter size-medium\"><img loading=\"lazy\" decoding=\"async\" width=\"300\" height=\"200\" src=\"https:\/\/dhg1h5j42swfq.cloudfront.net\/2020\/12\/14083459\/uniao-europeia-300x200.png\" alt=\"A cria\u00e7\u00e3o da Uni\u00e3o Europeia e o Tratado de Maastricht\" class=\"wp-image-629721\" srcset=\"https:\/\/dhg1h5j42swfq.cloudfront.net\/2020\/12\/14083459\/uniao-europeia-300x200.png 300w, https:\/\/dhg1h5j42swfq.cloudfront.net\/2020\/12\/14083459\/uniao-europeia-1024x682.png 1024w, https:\/\/dhg1h5j42swfq.cloudfront.net\/2020\/12\/14083459\/uniao-europeia-768x512.png 768w, https:\/\/dhg1h5j42swfq.cloudfront.net\/2020\/12\/14083459\/uniao-europeia-1536x1024.png 1536w, https:\/\/dhg1h5j42swfq.cloudfront.net\/2020\/12\/14083459\/uniao-europeia-610x407.png 610w, https:\/\/dhg1h5j42swfq.cloudfront.net\/2020\/12\/14083459\/uniao-europeia.png 2000w\" sizes=\"auto, (max-width: 300px) 100vw, 300px\" \/><figcaption>A cria\u00e7\u00e3o da Uni\u00e3o Europeia e o Tratado de Maastricht<\/figcaption><\/figure><\/div>\n\n\n\n<p>Ol\u00e1, Estrategista. Tudo joia?<\/p>\n\n\n\n<p>O Tratado de Maastricht foi o respons\u00e1vel pela cria\u00e7\u00e3o da Uni\u00e3o Europeia em 1992. Assim, o objetivo ao instituir o bloco \u00e9 atingir o refor\u00e7o e a converg\u00eancia das economias e instituir uma <strong>Uni\u00e3o Econ\u00f4mica<\/strong> e <strong>Monet\u00e1ria<\/strong>, incluindo, uma moeda \u00fanica e est\u00e1vel.<\/p>\n\n\n\n<p>Al\u00e9m disso, outro objetivo do Tratado era a institui\u00e7\u00e3o de uma cidadania comum aos nacionais dos seus pa\u00edses. Dessa maneira, seria facilitada <strong>a livre circula\u00e7\u00e3o de pessoas<\/strong>, sem deixar de garantir a seguran\u00e7a dos seus povos.<\/p>\n\n\n\n<p>Outra caracter\u00edstica interessante sobre a cria\u00e7\u00e3o da Uni\u00e3o Europeia \u00e9 o seu car\u00e1ter democr\u00e1tico. Isto \u00e9, o Tratado de Maastricht assinala uma nova etapa no processo de cria\u00e7\u00e3o de uma uni\u00e3o cada vez mais estreita entre os povos da Europa, <strong>em que as decis\u00f5es ser\u00e3o tomadas ao n\u00edvel mais pr\u00f3ximo poss\u00edvel dos cidad\u00e3os<\/strong>.<\/p>\n\n\n\n<h2 class=\"wp-block-heading\" id=\"h-objetivos-da-uni-o-europeia\">Objetivos da Uni\u00e3o Europeia<\/h2>\n\n\n\n<p>Segundo o Tratado de Maastricht (cria\u00e7\u00e3o da Uni\u00e3o Europeia), o bloco tem os seguintes objetivos:<\/p>\n\n\n\n<ul class=\"wp-block-list\"><li>a promo\u00e7\u00e3o de um progresso econ\u00f4mico e social equilibrado e sustent\u00e1vel, mediante a cria\u00e7\u00e3o de um espa\u00e7o <strong>sem fronteiras internas<\/strong>, o refor\u00e7o da coes\u00e3o econ\u00f4mica e social e o estabelecimento de uma Uni\u00e3o Econ\u00f4mica e Monet\u00e1ria, que incluir\u00e1, a prazo, a ado\u00e7\u00e3o de uma moeda \u00fanica;<\/li><li>a afirma\u00e7\u00e3o da sua identidade na cena internacional, atrav\u00e9s da execu\u00e7\u00e3o de uma pol\u00edtica externa e de seguran\u00e7a comum;<\/li><li>o refor\u00e7o da defesa dos direitos e dos interesses dos nacionais dos seus Estados membros, mediante a institui\u00e7\u00e3o de uma cidadania da Uni\u00e3o;<\/li><li>o desenvolvimento de uma estreita coopera\u00e7\u00e3o no dom\u00ednio da justi\u00e7a e dos assuntos internos.<\/li><\/ul>\n\n\n\n<p>Como vemos as principais caracter\u00edsticas do bloco s\u00e3o:<\/p>\n\n\n\n<ol class=\"wp-block-list\" type=\"a\"><li>Uni\u00e3o Econ\u00f4mica e Monet\u00e1ria;<\/li><li>Mercado Comum;<\/li><li>Livre circula\u00e7\u00e3o de pessoas;<\/li><li>Pol\u00edtica externa e de seguran\u00e7a comum;<\/li><li>Cidadania Comum;<\/li><li>Moeda \u00danica.<\/li><\/ol>\n\n\n\n<h2 class=\"wp-block-heading\" id=\"h-miss-o\">Miss\u00e3o<\/h2>\n\n\n\n<p>A Comunidade tem como miss\u00e3o, atrav\u00e9s da cria\u00e7\u00e3o de um mercado comum e de uma Uni\u00e3o Econ\u00f4mica e Monet\u00e1ria, promover o desenvolvimento harmonioso e equilibrado das atividades econ\u00f4micas, um crescimento sustent\u00e1vel e n\u00e3o inflacionista que respeite o ambiente, um alto grau de converg\u00eancia dos comportamentos das economias, um elevado n\u00edvel de emprego e de prote\u00e7\u00e3o social, o aumento do n\u00edvel e da qualidade de vida, a coes\u00e3o econ\u00f4mica e social e a solidariedade entre os Estados-membros.<\/p>\n\n\n\n<p>Para alcan\u00e7ar esses fins, a a\u00e7\u00e3o da Comunidade implica:<\/p>\n\n\n\n<ol class=\"wp-block-list\" type=\"a\"><li>A elimina\u00e7\u00e3o, entre os Estados-membros, dos direitos aduaneiros e das restri\u00e7\u00f5es quantitativas \u00e0 entrada e \u00e0 sa\u00edda de mercadorias, bem como de quaisquer outras medidas de efeito equivalente;<\/li><li>Uma pol\u00edtica comercial comum;<\/li><li>Um mercado interno caracterizado pela aboli\u00e7\u00e3o dos obst\u00e1culos \u00e0 livre circula\u00e7\u00e3o de mercadorias, de pessoas, de servi\u00e7os e de capitais;<\/li><li>Uma pol\u00edtica comum no dom\u00ednio dos <strong>transportes<\/strong>, da <strong>agricultura<\/strong> e das <strong>pescas<\/strong>;<\/li><li>A aproxima\u00e7\u00e3o das legisla\u00e7\u00f5es dos Estados-membros na medida do necess\u00e1rio para o funcionamento do mercado comum;<\/li><li>Uma pol\u00edtica social que inclui um Fundo Social Europeu;<\/li><li>Uma pol\u00edtica no dom\u00ednio do ambiente;<\/li><li>O refor\u00e7o da capacidade concorrencial da ind\u00fastria da Comunidade;<\/li><li>A promo\u00e7\u00e3o da investiga\u00e7\u00e3o e do desenvolvimento tecnol\u00f3gico;<\/li><li>Uma contribui\u00e7\u00e3o para a realiza\u00e7\u00e3o de um elevado n\u00edvel de prote\u00e7\u00e3o da sa\u00fade;<\/li><li>contribui\u00e7\u00e3o para um ensino e uma forma\u00e7\u00e3o de qualidade, bem como para o desenvolvimento das culturas dos Estados-membros;<\/li><li>Uma contribui\u00e7\u00e3o para o refor\u00e7o da <strong>defesa dos consumidores<\/strong>;<\/li><li>Medidas nos dom\u00ednios da energia, da prote\u00e7\u00e3o civil e do turismo.<\/li><\/ol>\n\n\n\n<h2 class=\"wp-block-heading\" id=\"h-estrutura-interna-da-uni-o-europeia\">Estrutura Interna da Uni\u00e3o Europeia<\/h2>\n\n\n\n<p>A Estrutura da Uni\u00e3o Europeia conta com:<\/p>\n\n\n\n<ol class=\"wp-block-list\" type=\"a\"><li>Parlamento Europeu;<\/li><li>Conselho;<\/li><li>Comiss\u00e3o;<\/li><li>Tribunal de Justi\u00e7a;<\/li><li>Tribunal de Contas.<\/li><\/ol>\n\n\n\n<p>Al\u00e9m desses, ainda foi institu\u00eddo o Banco Europeu de Investimento, que goza de personalidade jur\u00eddica.<\/p>\n\n\n\n<h3 class=\"wp-block-heading\" id=\"h-parlamento-europeu\">Parlamento Europeu<\/h3>\n\n\n\n<p>O Parlamento Europeu \u00e9 o \u00f3rg\u00e3o legislativo da Uni\u00e3o Europeia e \u00e9 composto por representantes dos povos dos estados-membros, por meio do sufr\u00e1gio universal.<\/p>\n\n\n\n<p>Al\u00e9m disso, o Parlamento tem tr\u00eas tipos principais de poderes:<\/p>\n\n\n\n<ul class=\"wp-block-list\"><li><strong>Poderes legislativos<\/strong><ul><li>adota legisla\u00e7\u00e3o, juntamente com o Conselho da UE, com base em propostas da Comiss\u00e3o Europeia<\/li><\/ul><ul><li>decide sobre os acordos internacionais<\/li><\/ul><\/li><li><strong>Poderes de supervis\u00e3o<\/strong><ul><li>exerce o controlo democr\u00e1tico de todas as institui\u00e7\u00f5es da EU<\/li><\/ul><ul><li>elege o Presidente da Comiss\u00e3o e aprova a Comiss\u00e3o no seu todo;<\/li><\/ul><ul><li>concede quita\u00e7\u00e3o, isto \u00e9, aprova a forma como o or\u00e7amento da UE \u00e9 gasto<\/li><\/ul><ul><li>examina as peti\u00e7\u00f5es dos cidad\u00e3os e abre inqu\u00e9ritos<\/li><\/ul><ul><li>debate a pol\u00edtica monet\u00e1ria com o Banco Central Europeu<\/li><\/ul><ul><li>interroga a Comiss\u00e3o e o Conselho<\/li><\/ul><\/li><li><strong>Poderes or\u00e7ament\u00e1rios<\/strong><ul><li>define o or\u00e7amento da UE, juntamente com o Conselho<\/li><\/ul><ul><li>aprova o quadro financeiro plurianual da EU<\/li><\/ul><\/li><\/ul>\n\n\n\n<h3 class=\"wp-block-heading\" id=\"h-conselho-europeu\">Conselho Europeu<\/h3>\n\n\n\n<p>O Conselho Europeu re\u00fane os Chefes de Estado e de Governo dos Estados-Membros para definir a agenda pol\u00edtica da Uni\u00e3o Europeia.<\/p>\n\n\n\n<p>Desse modo, representa o n\u00edvel mais elevado de coopera\u00e7\u00e3o pol\u00edtica entre os pa\u00edses-membros, e re\u00fane-se 4 vezes ao ano, pelo menos.<\/p>\n\n\n\n<p>Entre as atribui\u00e7\u00f5es do Conselho, est\u00e3o:<\/p>\n\n\n\n<ul class=\"wp-block-list\"><li>Decide sobre as orienta\u00e7\u00f5es gerais e as prioridades pol\u00edticas, <strong>mas n\u00e3o aprova legisla\u00e7\u00e3o;<\/strong><\/li><li><strong>Define a pol\u00edtica externa e de seguran\u00e7a comum<\/strong> da Uni\u00e3o Europeia;<\/li><li>Designa e nomeia os presidentes do BCE e da Comiss\u00e3o<\/li><\/ul>\n\n\n\n<h3 class=\"wp-block-heading\" id=\"h-comiss-o-europeia\">Comiss\u00e3o Europeia<\/h3>\n\n\n\n<p>A Comiss\u00e3o Europeia \u00e9 o \u00f3rg\u00e3o executivo da Uni\u00e3o Europeia, sendo politicamente independente.<\/p>\n\n\n\n<p>Sendo assim, \u00e9 respons\u00e1vel pela elabora\u00e7\u00e3o de propostas de novos atos legislativos europeus e pela execu\u00e7\u00e3o das decis\u00f5es do Parlamento Europeu e do Conselho.<\/p>\n\n\n\n<h3 class=\"wp-block-heading\" id=\"h-banco-europeu-de-investimento\">Banco Europeu de Investimento<\/h3>\n\n\n\n<p>O Banco Europeu de Investimento tem por miss\u00e3o contribuir, recorrendo ao mercado de capitais e utilizando os seus pr\u00f3prios recursos, para o desenvolvimento equilibrado e harmonioso do mercado comum no interesse da Comunidade.<\/p>\n\n\n\n<p>Para esse efeito, o Banco facilitar\u00e1, mediante a concess\u00e3o de empr\u00e9stimos e de garantias, <strong>sem prosseguir qualquer fim lucrativo<\/strong>, o financiamento dos seguintes projetos, em todos os setores da economia:<\/p>\n\n\n\n<ol class=\"wp-block-list\" type=\"a\"><li>Projetos para a valoriza\u00e7\u00e3o das regi\u00f5es <strong>menos desenvolvidas<\/strong>;<\/li><li>os Projetos de moderniza\u00e7\u00e3o de empresas, ou de cria\u00e7\u00e3o de novas atividades necess\u00e1rias ao estabelecimento progressivo do mercado comum;<\/li><li>Projetos de interesse comum para v\u00e1rios Estados-membros que, pela sua amplitude ou natureza, n\u00e3o possam ser inteiramente financiados pelos diversos meios existentes em cada um dos Estados-membros.<\/li><\/ol>\n\n\n\n<h2 class=\"wp-block-heading\" id=\"h-cidadania-comum\">Cidadania Comum<\/h2>\n\n\n\n<p>Com o Tratado de Maastricht foi criada a cidadania comum europeia. Ou seja, \u00e9 cidad\u00e3o da Uni\u00e3o qualquer pessoa que tenha a nacionalidade de um Estado-membro.<\/p>\n\n\n\n<p>Portanto, qualquer cidad\u00e3o da Uni\u00e3o goza do direito de circular e permanecer livremente no territ\u00f3rio dos Estados-membros.<\/p>\n\n\n\n<p>Al\u00e9m disso, qualquer cidad\u00e3o da Uni\u00e3o residente num Estado-membro que n\u00e3o seja o da sua nacionalidade goza do direito de eleger e de ser eleito nas <strong>elei\u00e7\u00f5es<\/strong> <strong>municipais<\/strong> do Estado-membro de resid\u00eancia.<\/p>\n\n\n\n<h2 class=\"wp-block-heading\" id=\"h-pol-tica-econ-mica-e-monet-ria\">Pol\u00edtica Econ\u00f4mica e Monet\u00e1ria<\/h2>\n\n\n\n<p>No \u00e2mbito da Uni\u00e3o Europeia, que instituiu o Banco Central Europeu (BCE), foi disposto que \u00e9 proibida a concess\u00e3o de cr\u00e9ditos sob a forma de descobertos ou sob qualquer outra forma pelo BCE ou pelos <strong>bancos centrais nacionais<\/strong> dos Estados\u00ad \u00admembros em benef\u00edcio de Institui\u00e7\u00f5es ou organismos da Comunidade, governos centrais, autoridades regionais, locais, ou outras autoridades p\u00fablicas, outros organismos do setor p\u00fablico ou empresas p\u00fablicas dos Estados-membros, bem como a <strong>compra direta de t\u00edtulos de d\u00edvida<\/strong> a essas entidades, pelo BCE ou pelos bancos centrais nacionais.<\/p>\n\n\n\n<p>Em outras palavras, os bancos centrais est\u00e3o proibidos de conceder cr\u00e9dito ou comprar t\u00edtulos de d\u00edvida p\u00fablica.<\/p>\n\n\n\n<p>Outra caracter\u00edstica imposta pelo Tratado de Maastricht \u00e9 que os Estados-membros devem evitar d\u00e9ficits or\u00e7ament\u00e1rios excessivos.<\/p>\n\n\n\n<p>Sendo assim, a Comiss\u00e3o acompanhar\u00e1 a evolu\u00e7\u00e3o da situa\u00e7\u00e3o or\u00e7ament\u00e1ria e do montante da d\u00edvida p\u00fablica nos Estados-membros, a fim de identificar desvios importantes.<\/p>\n\n\n\n<h2 class=\"wp-block-heading\" id=\"h-a-pol-tica-monet-ria\">A Pol\u00edtica Monet\u00e1ria<\/h2>\n\n\n\n<p>O objetivo primordial do Sistema Europeu de Bancos Centrais (SEBC) \u00e9 a <strong>manuten\u00e7\u00e3o da estabilidade dos pre\u00e7os<\/strong>.<\/p>\n\n\n\n<h2 class=\"wp-block-heading\" id=\"h-disposi-es-transit-rias\">Disposi\u00e7\u00f5es Transit\u00f3rias<\/h2>\n\n\n\n<p>Em caso de crise s\u00fabita na balan\u00e7a de pagamentos e se n\u00e3o for imediatamente tomada uma decis\u00e3o, o Estado-membro pode, <strong>a t\u00edtulo cautelar<\/strong>, tomar as medidas de prote\u00e7\u00e3o necess\u00e1rias.<\/p>\n\n\n\n<p>Estas devem provocar o m\u00ednimo de perturba\u00e7\u00f5es no funcionamento do mercado comum e n\u00e3o exceder o estritamente indispens\u00e1vel para sanar as dificuldades s\u00fabitas que se tenham manifestado.<\/p>\n\n\n\n<h2 class=\"wp-block-heading\" id=\"h-fundo-social-europeu\">Fundo Social Europeu<\/h2>\n\n\n\n<p>A fim de melhorar as oportunidades de emprego dos trabalhadores no mercado interno e contribuir assim para uma melhoria do n\u00edvel de vida, \u00e9 institu\u00eddo um Fundo Social Europeu, que tem por objetivo promover facilidades de emprego e a mobilidade geogr\u00e1fica e profissional dos trabalhadores na Comunidade, bem como facilitar a adapta\u00e7\u00e3o \u00e0s muta\u00e7\u00f5es industriais e \u00e0 evolu\u00e7\u00e3o dos sistemas de produ\u00e7\u00e3o, nomeadamente atrav\u00e9s da forma\u00e7\u00e3o e da reconvers\u00e3o profissionais.<\/p>\n\n\n\n<h2 class=\"wp-block-heading\" id=\"h-finalizando\">Finalizando<\/h2>\n\n\n\n<p>Nesse artigo tivemos a oportunidade de ver as principais caracter\u00edsticas da cria\u00e7\u00e3o da Uni\u00e3o Europeia e do Tratado de Maastricht.<\/p>\n\n\n\n<p>Vimos que a Uni\u00e3o Europeia fundamenta-se na em uma uni\u00e3o econ\u00f4mica e monet\u00e1ria, livre circula\u00e7\u00e3o de pessoas, mercado comum e em uma moeda e cidadania \u00fanica, em termos gerais.<\/p>\n\n\n\n<p>Caso queira saber mais detalhes desse e de outros assuntos sobre Com\u00e9rcio Internacional, com milhares de exerc\u00edcios resolvidos e muitos exemplos pr\u00e1ticos, n\u00e3o hesite em ver nossos materiais sobre o tema (<a href=\"https:\/\/www.estrategiaconcursos.com.br\/cursosPorMateria\/comercio-internacional-26\/\">acesse aqui<\/a>). Nossos materiais s\u00e3o elaborados pelos melhores professores da \u00e1rea. S\u00e3o justamente esses materiais que fazem do Estrat\u00e9gia o l\u00edder em aprova\u00e7\u00f5es em concursos p\u00fablicos.<\/p>\n\n\n\n<p>Forte abra\u00e7o<\/p>\n\n\n\n<p>Leandro Ricardo M. Silveira<\/p>\n\n\n\n<p><strong>Instagram: <\/strong><a href=\"https:\/\/www.instagram.com\/leandro.rms12\/\">https:\/\/www.instagram.com\/leandro.rms12\/<\/a><\/p>\n\n\n\n<p class=\"has-text-align-center has-medium-font-size\"><em><strong>Assinatura Anual Ilimitada*<\/strong><\/em><\/p>\n\n\n\n<p class=\"has-text-align-center\"><em>Prepare-se com o melhor material e com quem mais aprova em Concursos P\u00fablicos em todo o pa\u00eds. Assine agora a nossa Assinatura Anual e tenha acesso ilimitado* a todos os nossos cursos.<\/em><\/p>\n\n\n\n<p class=\"has-text-align-center has-light-green-cyan-background-color has-background\" style=\"font-size:clamp(14.642px, 0.915rem + ((1vw - 3.2px) * 0.721), 22px);px\"><strong>ASSINE AGORA<\/strong>&nbsp;\u2013&nbsp;<strong><a rel=\"noreferrer noopener\" href=\"https:\/\/www.estrategiaconcursos.com.br\/assinaturas\" target=\"_blank\">Assinatura Ilimitada<\/a><\/strong><\/p>\n\n\n\n<p class=\"has-text-align-center has-medium-font-size\"><strong><em><strong>Sistema de Quest\u00f5es<\/strong><\/em><\/strong><\/p>\n\n\n\n<p class=\"has-text-align-center\"><em>Estrat\u00e9gia Quest\u00f5es nasceu maior do que todos os concorrentes, com mais quest\u00f5es cadastradas e mais solu\u00e7\u00f5es por professores. Ent\u00e3o, confira e aproveite os descontos e b\u00f4nus imperd\u00edveis!<\/em><\/p>\n\n\n\n<p class=\"has-text-align-center has-vivid-green-cyan-background-color has-background\" style=\"font-size:clamp(14.642px, 0.915rem + ((1vw - 3.2px) * 0.721), 22px);px\"><strong>ASSINE AGORA \u2013&nbsp;<a href=\"https:\/\/questoes.estrategiaconcursos.com.br\/\" target=\"_blank\" rel=\"noreferrer noopener\">Sistema de Quest\u00f5es<\/a><\/strong><\/p>\n\n\n\n<p class=\"has-text-align-center has-medium-font-size\"><strong><em>Fique por dentro dos concursos em aberto<\/em><\/strong><\/p>\n\n\n\n<p class=\"has-text-align-center has-pale-cyan-blue-background-color has-background\" style=\"font-size:clamp(14.642px, 0.915rem + ((1vw - 3.2px) * 0.721), 22px);px\"><a rel=\"noreferrer noopener\" href=\"https:\/\/www.estrategiaconcursos.com.br\/blog\/concursos-abertos\/\" target=\"_blank\"><strong>CONCURSOS ABERTOS<\/strong><\/a><\/p>\n\n\n\n<p class=\"has-text-align-center has-medium-font-size\"><strong><em>As oportunidades previstas<\/em><\/strong><\/p>\n\n\n\n<p class=\"has-text-align-center has-pale-cyan-blue-background-color has-background\" style=\"font-size:clamp(14.642px, 0.915rem + ((1vw - 3.2px) * 0.721), 22px);px\"><a rel=\"noreferrer noopener\" href=\"https:\/\/www.estrategiaconcursos.com.br\/blog\/concursos-2020\/\" target=\"_blank\"><strong>CONCURSOS&nbsp;2020<\/strong><\/a><\/p>\n\n\n\n<p class=\"has-text-align-center has-pale-cyan-blue-background-color has-background\" style=\"font-size:clamp(14.642px, 0.915rem + ((1vw - 3.2px) * 0.721), 22px);px\"><a rel=\"noreferrer noopener\" href=\"https:\/\/www.estrategiaconcursos.com.br\/blog\/concursos-2021\/\" target=\"_blank\"><strong>CONCURSOS 2021<\/strong><\/a><\/p>\n","protected":false},"excerpt":{"rendered":"<p>Veja como foi a cria\u00e7\u00e3o da Uni\u00e3o Europeia, um dos principais blocos mundiais, por meio do Tratado de Maastricht Ol\u00e1, Estrategista. Tudo joia? O Tratado de Maastricht foi o respons\u00e1vel pela cria\u00e7\u00e3o da Uni\u00e3o Europeia em 1992. Assim, o objetivo ao instituir o bloco \u00e9 atingir o refor\u00e7o e a converg\u00eancia das economias e instituir [&hellip;]<\/p>\n","protected":false},"author":1668,"featured_media":629721,"comment_status":"open","ping_status":"closed","sticky":false,"template":"","format":"standard","meta":{"post_tipo":"article","footnotes":""},"categories":[1983],"tags":[2101],"tax_estado":[219963],"class_list":["post-629719","post","type-post","status-publish","format-standard","has-post-thumbnail","hentry","category-fiscal-estadual","tag-uniao-europeia","tax_estado-concursos-federais"],"acf":[],"yoast_head":"<!-- This site is optimized with the Yoast SEO Premium plugin v27.2 (Yoast SEO v27.2) - https:\/\/yoast.com\/product\/yoast-seo-premium-wordpress\/ -->\n<title>A cria\u00e7\u00e3o da Uni\u00e3o Europeia e o Tratado de Maastricht<\/title>\n<meta name=\"description\" content=\"Veja como foi a cria\u00e7\u00e3o da Uni\u00e3o Europeia, um dos principais blocos mundiais, por meio do Tratado de Maastricht - Concurso Receita Federal\" \/>\n<meta name=\"robots\" content=\"index, follow, max-snippet:-1, max-image-preview:large, max-video-preview:-1\" \/>\n<link rel=\"canonical\" href=\"https:\/\/www.estrategiaconcursos.com.br\/blog\/a-criacao-da-uniao-europeia-e-o-tratado-de-maastricht\/\" \/>\n<meta property=\"og:locale\" content=\"pt_BR\" \/>\n<meta property=\"og:type\" content=\"article\" \/>\n<meta property=\"og:title\" content=\"A cria\u00e7\u00e3o da Uni\u00e3o Europeia e o Tratado de Maastricht\" \/>\n<meta property=\"og:description\" content=\"Veja como foi a cria\u00e7\u00e3o da Uni\u00e3o Europeia, um dos principais blocos mundiais, por meio do Tratado de Maastricht - Concurso Receita Federal\" \/>\n<meta property=\"og:url\" content=\"https:\/\/www.estrategiaconcursos.com.br\/blog\/a-criacao-da-uniao-europeia-e-o-tratado-de-maastricht\/\" \/>\n<meta property=\"og:site_name\" content=\"Estrat\u00e9gia Concursos\" \/>\n<meta property=\"article:published_time\" content=\"2020-12-18T11:38:00+00:00\" \/>\n<meta property=\"og:image\" content=\"https:\/\/dhg1h5j42swfq.cloudfront.net\/2020\/12\/14083459\/uniao-europeia.png\" \/>\n\t<meta property=\"og:image:width\" content=\"2000\" \/>\n\t<meta property=\"og:image:height\" content=\"1333\" \/>\n\t<meta property=\"og:image:type\" content=\"image\/png\" \/>\n<meta name=\"author\" content=\"Leandro Ricardo Machado da Silveira\" \/>\n<meta name=\"twitter:card\" content=\"summary_large_image\" \/>\n<meta name=\"twitter:creator\" content=\"@EstratConcursos\" \/>\n<meta name=\"twitter:site\" content=\"@EstratConcursos\" \/>\n<meta name=\"twitter:label1\" content=\"Escrito por\" \/>\n\t<meta name=\"twitter:data1\" content=\"Leandro Ricardo Machado da Silveira\" \/>\n\t<meta name=\"twitter:label2\" content=\"Est. tempo de leitura\" \/>\n\t<meta name=\"twitter:data2\" content=\"9 minutos\" \/>\n<script type=\"application\/ld+json\" class=\"yoast-schema-graph\">{\"@context\":\"https:\/\/schema.org\",\"@graph\":[{\"@type\":\"NewsArticle\",\"@id\":\"https:\/\/www.estrategiaconcursos.com.br\/blog\/a-criacao-da-uniao-europeia-e-o-tratado-de-maastricht\/#article\",\"isPartOf\":{\"@id\":\"https:\/\/www.estrategiaconcursos.com.br\/blog\/a-criacao-da-uniao-europeia-e-o-tratado-de-maastricht\/\"},\"author\":{\"name\":\"Leandro Ricardo Machado da Silveira\",\"@id\":\"https:\/\/www.estrategiaconcursos.com.br\/blog\/#\/schema\/person\/c666a44fbce7e2e70009a9c13549267a\"},\"headline\":\"A cria\u00e7\u00e3o da Uni\u00e3o Europeia e o Tratado de Maastricht\",\"datePublished\":\"2020-12-18T11:38:00+00:00\",\"mainEntityOfPage\":{\"@id\":\"https:\/\/www.estrategiaconcursos.com.br\/blog\/a-criacao-da-uniao-europeia-e-o-tratado-de-maastricht\/\"},\"wordCount\":1842,\"commentCount\":0,\"publisher\":{\"@id\":\"https:\/\/www.estrategiaconcursos.com.br\/blog\/#organization\"},\"image\":{\"@id\":\"https:\/\/www.estrategiaconcursos.com.br\/blog\/a-criacao-da-uniao-europeia-e-o-tratado-de-maastricht\/#primaryimage\"},\"thumbnailUrl\":\"https:\/\/dhg1h5j42swfq.cloudfront.net\/2020\/12\/14083459\/uniao-europeia.png\",\"keywords\":[\"Uni\u00e3o Europeia\"],\"articleSection\":[\"Fiscal - Estadual (ICMS)\"],\"inLanguage\":\"pt-BR\",\"potentialAction\":[{\"@type\":\"CommentAction\",\"name\":\"Comment\",\"target\":[\"https:\/\/www.estrategiaconcursos.com.br\/blog\/a-criacao-da-uniao-europeia-e-o-tratado-de-maastricht\/#respond\"]}],\"copyrightYear\":\"2020\",\"copyrightHolder\":{\"@id\":\"https:\/\/www.estrategiaconcursos.com.br\/blog\/#organization\"}},{\"@type\":\"WebPage\",\"@id\":\"https:\/\/www.estrategiaconcursos.com.br\/blog\/a-criacao-da-uniao-europeia-e-o-tratado-de-maastricht\/\",\"url\":\"https:\/\/www.estrategiaconcursos.com.br\/blog\/a-criacao-da-uniao-europeia-e-o-tratado-de-maastricht\/\",\"name\":\"A cria\u00e7\u00e3o da Uni\u00e3o Europeia e o Tratado de Maastricht\",\"isPartOf\":{\"@id\":\"https:\/\/www.estrategiaconcursos.com.br\/blog\/#website\"},\"primaryImageOfPage\":{\"@id\":\"https:\/\/www.estrategiaconcursos.com.br\/blog\/a-criacao-da-uniao-europeia-e-o-tratado-de-maastricht\/#primaryimage\"},\"image\":{\"@id\":\"https:\/\/www.estrategiaconcursos.com.br\/blog\/a-criacao-da-uniao-europeia-e-o-tratado-de-maastricht\/#primaryimage\"},\"thumbnailUrl\":\"https:\/\/dhg1h5j42swfq.cloudfront.net\/2020\/12\/14083459\/uniao-europeia.png\",\"datePublished\":\"2020-12-18T11:38:00+00:00\",\"description\":\"Veja como foi a cria\u00e7\u00e3o da Uni\u00e3o Europeia, um dos principais blocos mundiais, por meio do Tratado de Maastricht - Concurso Receita Federal\",\"breadcrumb\":{\"@id\":\"https:\/\/www.estrategiaconcursos.com.br\/blog\/a-criacao-da-uniao-europeia-e-o-tratado-de-maastricht\/#breadcrumb\"},\"inLanguage\":\"pt-BR\",\"potentialAction\":[{\"@type\":\"ReadAction\",\"target\":[\"https:\/\/www.estrategiaconcursos.com.br\/blog\/a-criacao-da-uniao-europeia-e-o-tratado-de-maastricht\/\"]}]},{\"@type\":\"ImageObject\",\"inLanguage\":\"pt-BR\",\"@id\":\"https:\/\/www.estrategiaconcursos.com.br\/blog\/a-criacao-da-uniao-europeia-e-o-tratado-de-maastricht\/#primaryimage\",\"url\":\"https:\/\/dhg1h5j42swfq.cloudfront.net\/2020\/12\/14083459\/uniao-europeia.png\",\"contentUrl\":\"https:\/\/dhg1h5j42swfq.cloudfront.net\/2020\/12\/14083459\/uniao-europeia.png\",\"width\":2000,\"height\":1333},{\"@type\":\"BreadcrumbList\",\"@id\":\"https:\/\/www.estrategiaconcursos.com.br\/blog\/a-criacao-da-uniao-europeia-e-o-tratado-de-maastricht\/#breadcrumb\",\"itemListElement\":[{\"@type\":\"ListItem\",\"position\":1,\"name\":\"In\u00edcio\",\"item\":\"https:\/\/www.estrategiaconcursos.com.br\/blog\/\"},{\"@type\":\"ListItem\",\"position\":2,\"name\":\"A cria\u00e7\u00e3o da Uni\u00e3o Europeia e o Tratado de Maastricht\"}]},{\"@type\":\"WebSite\",\"@id\":\"https:\/\/www.estrategiaconcursos.com.br\/blog\/#website\",\"url\":\"https:\/\/www.estrategiaconcursos.com.br\/blog\/\",\"name\":\"Estrat\u00e9gia Concursos\",\"description\":\"O blog da Estrat\u00e9gia Concursos traz not\u00edcias sobre concursos e artigos de professores oferecendo cursos para concursos (pdf + videaulas) no site.\",\"publisher\":{\"@id\":\"https:\/\/www.estrategiaconcursos.com.br\/blog\/#organization\"},\"potentialAction\":[{\"@type\":\"SearchAction\",\"target\":{\"@type\":\"EntryPoint\",\"urlTemplate\":\"https:\/\/www.estrategiaconcursos.com.br\/blog\/?s={search_term_string}\"},\"query-input\":{\"@type\":\"PropertyValueSpecification\",\"valueRequired\":true,\"valueName\":\"search_term_string\"}}],\"inLanguage\":\"pt-BR\"},{\"@type\":\"Organization\",\"@id\":\"https:\/\/www.estrategiaconcursos.com.br\/blog\/#organization\",\"name\":\"Estrat\u00e9gia Concursos\",\"url\":\"https:\/\/www.estrategiaconcursos.com.br\/blog\/\",\"logo\":{\"@type\":\"ImageObject\",\"inLanguage\":\"pt-BR\",\"@id\":\"https:\/\/www.estrategiaconcursos.com.br\/blog\/#\/schema\/logo\/image\/\",\"url\":\"https:\/\/dhg1h5j42swfq.cloudfront.net\/2025\/06\/03203428\/logo_concursos-1.jpg\",\"contentUrl\":\"https:\/\/dhg1h5j42swfq.cloudfront.net\/2025\/06\/03203428\/logo_concursos-1.jpg\",\"width\":230,\"height\":60,\"caption\":\"Estrat\u00e9gia Concursos\"},\"image\":{\"@id\":\"https:\/\/www.estrategiaconcursos.com.br\/blog\/#\/schema\/logo\/image\/\"},\"sameAs\":[\"https:\/\/x.com\/EstratConcursos\"]},{\"@type\":\"Person\",\"@id\":\"https:\/\/www.estrategiaconcursos.com.br\/blog\/#\/schema\/person\/c666a44fbce7e2e70009a9c13549267a\",\"name\":\"Leandro Ricardo Machado da Silveira\",\"image\":{\"@type\":\"ImageObject\",\"inLanguage\":\"pt-BR\",\"@id\":\"https:\/\/secure.gravatar.com\/avatar\/6fb25994d16b9649838400aa459b16c1c83f558e0fd6ebebd16da0473908b291?s=96&d=mm&r=g\",\"url\":\"https:\/\/secure.gravatar.com\/avatar\/6fb25994d16b9649838400aa459b16c1c83f558e0fd6ebebd16da0473908b291?s=96&d=mm&r=g\",\"contentUrl\":\"https:\/\/secure.gravatar.com\/avatar\/6fb25994d16b9649838400aa459b16c1c83f558e0fd6ebebd16da0473908b291?s=96&d=mm&r=g\",\"caption\":\"Leandro Ricardo Machado da Silveira\"},\"description\":\"Engenheiro Aeron\u00e1utico, formado pela Universidade Federal de Uberl\u00e2ndia, possui MBA em Administra\u00e7\u00e3o e Finan\u00e7as Corporativas e aprovado nos concursos de Auditor Fiscal SEFAZ-SC e SEFAZ-GO.\",\"url\":\"https:\/\/www.estrategiaconcursos.com.br\/blog\/author\/leandro_vzthotmail-com\/\"}]}<\/script>\n<!-- \/ Yoast SEO Premium plugin. -->","yoast_head_json":{"title":"A cria\u00e7\u00e3o da Uni\u00e3o Europeia e o Tratado de Maastricht","description":"Veja como foi a cria\u00e7\u00e3o da Uni\u00e3o Europeia, um dos principais blocos mundiais, por meio do Tratado de Maastricht - Concurso Receita Federal","robots":{"index":"index","follow":"follow","max-snippet":"max-snippet:-1","max-image-preview":"max-image-preview:large","max-video-preview":"max-video-preview:-1"},"canonical":"https:\/\/www.estrategiaconcursos.com.br\/blog\/a-criacao-da-uniao-europeia-e-o-tratado-de-maastricht\/","og_locale":"pt_BR","og_type":"article","og_title":"A cria\u00e7\u00e3o da Uni\u00e3o Europeia e o Tratado de Maastricht","og_description":"Veja como foi a cria\u00e7\u00e3o da Uni\u00e3o Europeia, um dos principais blocos mundiais, por meio do Tratado de Maastricht - Concurso Receita Federal","og_url":"https:\/\/www.estrategiaconcursos.com.br\/blog\/a-criacao-da-uniao-europeia-e-o-tratado-de-maastricht\/","og_site_name":"Estrat\u00e9gia Concursos","article_published_time":"2020-12-18T11:38:00+00:00","og_image":[{"width":2000,"height":1333,"url":"https:\/\/dhg1h5j42swfq.cloudfront.net\/2020\/12\/14083459\/uniao-europeia.png","type":"image\/png"}],"author":"Leandro Ricardo Machado da Silveira","twitter_card":"summary_large_image","twitter_creator":"@EstratConcursos","twitter_site":"@EstratConcursos","twitter_misc":{"Escrito por":"Leandro Ricardo Machado da Silveira","Est. tempo de leitura":"9 minutos"},"schema":{"@context":"https:\/\/schema.org","@graph":[{"@type":"NewsArticle","@id":"https:\/\/www.estrategiaconcursos.com.br\/blog\/a-criacao-da-uniao-europeia-e-o-tratado-de-maastricht\/#article","isPartOf":{"@id":"https:\/\/www.estrategiaconcursos.com.br\/blog\/a-criacao-da-uniao-europeia-e-o-tratado-de-maastricht\/"},"author":{"name":"Leandro Ricardo Machado da Silveira","@id":"https:\/\/www.estrategiaconcursos.com.br\/blog\/#\/schema\/person\/c666a44fbce7e2e70009a9c13549267a"},"headline":"A cria\u00e7\u00e3o da Uni\u00e3o Europeia e o Tratado de Maastricht","datePublished":"2020-12-18T11:38:00+00:00","mainEntityOfPage":{"@id":"https:\/\/www.estrategiaconcursos.com.br\/blog\/a-criacao-da-uniao-europeia-e-o-tratado-de-maastricht\/"},"wordCount":1842,"commentCount":0,"publisher":{"@id":"https:\/\/www.estrategiaconcursos.com.br\/blog\/#organization"},"image":{"@id":"https:\/\/www.estrategiaconcursos.com.br\/blog\/a-criacao-da-uniao-europeia-e-o-tratado-de-maastricht\/#primaryimage"},"thumbnailUrl":"https:\/\/dhg1h5j42swfq.cloudfront.net\/2020\/12\/14083459\/uniao-europeia.png","keywords":["Uni\u00e3o Europeia"],"articleSection":["Fiscal - Estadual (ICMS)"],"inLanguage":"pt-BR","potentialAction":[{"@type":"CommentAction","name":"Comment","target":["https:\/\/www.estrategiaconcursos.com.br\/blog\/a-criacao-da-uniao-europeia-e-o-tratado-de-maastricht\/#respond"]}],"copyrightYear":"2020","copyrightHolder":{"@id":"https:\/\/www.estrategiaconcursos.com.br\/blog\/#organization"}},{"@type":"WebPage","@id":"https:\/\/www.estrategiaconcursos.com.br\/blog\/a-criacao-da-uniao-europeia-e-o-tratado-de-maastricht\/","url":"https:\/\/www.estrategiaconcursos.com.br\/blog\/a-criacao-da-uniao-europeia-e-o-tratado-de-maastricht\/","name":"A cria\u00e7\u00e3o da Uni\u00e3o Europeia e o Tratado de Maastricht","isPartOf":{"@id":"https:\/\/www.estrategiaconcursos.com.br\/blog\/#website"},"primaryImageOfPage":{"@id":"https:\/\/www.estrategiaconcursos.com.br\/blog\/a-criacao-da-uniao-europeia-e-o-tratado-de-maastricht\/#primaryimage"},"image":{"@id":"https:\/\/www.estrategiaconcursos.com.br\/blog\/a-criacao-da-uniao-europeia-e-o-tratado-de-maastricht\/#primaryimage"},"thumbnailUrl":"https:\/\/dhg1h5j42swfq.cloudfront.net\/2020\/12\/14083459\/uniao-europeia.png","datePublished":"2020-12-18T11:38:00+00:00","description":"Veja como foi a cria\u00e7\u00e3o da Uni\u00e3o Europeia, um dos principais blocos mundiais, por meio do Tratado de Maastricht - Concurso Receita Federal","breadcrumb":{"@id":"https:\/\/www.estrategiaconcursos.com.br\/blog\/a-criacao-da-uniao-europeia-e-o-tratado-de-maastricht\/#breadcrumb"},"inLanguage":"pt-BR","potentialAction":[{"@type":"ReadAction","target":["https:\/\/www.estrategiaconcursos.com.br\/blog\/a-criacao-da-uniao-europeia-e-o-tratado-de-maastricht\/"]}]},{"@type":"ImageObject","inLanguage":"pt-BR","@id":"https:\/\/www.estrategiaconcursos.com.br\/blog\/a-criacao-da-uniao-europeia-e-o-tratado-de-maastricht\/#primaryimage","url":"https:\/\/dhg1h5j42swfq.cloudfront.net\/2020\/12\/14083459\/uniao-europeia.png","contentUrl":"https:\/\/dhg1h5j42swfq.cloudfront.net\/2020\/12\/14083459\/uniao-europeia.png","width":2000,"height":1333},{"@type":"BreadcrumbList","@id":"https:\/\/www.estrategiaconcursos.com.br\/blog\/a-criacao-da-uniao-europeia-e-o-tratado-de-maastricht\/#breadcrumb","itemListElement":[{"@type":"ListItem","position":1,"name":"In\u00edcio","item":"https:\/\/www.estrategiaconcursos.com.br\/blog\/"},{"@type":"ListItem","position":2,"name":"A cria\u00e7\u00e3o da Uni\u00e3o Europeia e o Tratado de Maastricht"}]},{"@type":"WebSite","@id":"https:\/\/www.estrategiaconcursos.com.br\/blog\/#website","url":"https:\/\/www.estrategiaconcursos.com.br\/blog\/","name":"Estrat\u00e9gia Concursos","description":"O blog da Estrat\u00e9gia Concursos traz not\u00edcias sobre concursos e artigos de professores oferecendo cursos para concursos (pdf + videaulas) no site.","publisher":{"@id":"https:\/\/www.estrategiaconcursos.com.br\/blog\/#organization"},"potentialAction":[{"@type":"SearchAction","target":{"@type":"EntryPoint","urlTemplate":"https:\/\/www.estrategiaconcursos.com.br\/blog\/?s={search_term_string}"},"query-input":{"@type":"PropertyValueSpecification","valueRequired":true,"valueName":"search_term_string"}}],"inLanguage":"pt-BR"},{"@type":"Organization","@id":"https:\/\/www.estrategiaconcursos.com.br\/blog\/#organization","name":"Estrat\u00e9gia Concursos","url":"https:\/\/www.estrategiaconcursos.com.br\/blog\/","logo":{"@type":"ImageObject","inLanguage":"pt-BR","@id":"https:\/\/www.estrategiaconcursos.com.br\/blog\/#\/schema\/logo\/image\/","url":"https:\/\/dhg1h5j42swfq.cloudfront.net\/2025\/06\/03203428\/logo_concursos-1.jpg","contentUrl":"https:\/\/dhg1h5j42swfq.cloudfront.net\/2025\/06\/03203428\/logo_concursos-1.jpg","width":230,"height":60,"caption":"Estrat\u00e9gia Concursos"},"image":{"@id":"https:\/\/www.estrategiaconcursos.com.br\/blog\/#\/schema\/logo\/image\/"},"sameAs":["https:\/\/x.com\/EstratConcursos"]},{"@type":"Person","@id":"https:\/\/www.estrategiaconcursos.com.br\/blog\/#\/schema\/person\/c666a44fbce7e2e70009a9c13549267a","name":"Leandro Ricardo Machado da Silveira","image":{"@type":"ImageObject","inLanguage":"pt-BR","@id":"https:\/\/secure.gravatar.com\/avatar\/6fb25994d16b9649838400aa459b16c1c83f558e0fd6ebebd16da0473908b291?s=96&d=mm&r=g","url":"https:\/\/secure.gravatar.com\/avatar\/6fb25994d16b9649838400aa459b16c1c83f558e0fd6ebebd16da0473908b291?s=96&d=mm&r=g","contentUrl":"https:\/\/secure.gravatar.com\/avatar\/6fb25994d16b9649838400aa459b16c1c83f558e0fd6ebebd16da0473908b291?s=96&d=mm&r=g","caption":"Leandro Ricardo Machado da Silveira"},"description":"Engenheiro Aeron\u00e1utico, formado pela Universidade Federal de Uberl\u00e2ndia, possui MBA em Administra\u00e7\u00e3o e Finan\u00e7as Corporativas e aprovado nos concursos de Auditor Fiscal SEFAZ-SC e SEFAZ-GO.","url":"https:\/\/www.estrategiaconcursos.com.br\/blog\/author\/leandro_vzthotmail-com\/"}]}},"_links":{"self":[{"href":"https:\/\/www.estrategiaconcursos.com.br\/blog\/wp-json\/wp\/v2\/posts\/629719","targetHints":{"allow":["GET"]}}],"collection":[{"href":"https:\/\/www.estrategiaconcursos.com.br\/blog\/wp-json\/wp\/v2\/posts"}],"about":[{"href":"https:\/\/www.estrategiaconcursos.com.br\/blog\/wp-json\/wp\/v2\/types\/post"}],"author":[{"embeddable":true,"href":"https:\/\/www.estrategiaconcursos.com.br\/blog\/wp-json\/wp\/v2\/users\/1668"}],"replies":[{"embeddable":true,"href":"https:\/\/www.estrategiaconcursos.com.br\/blog\/wp-json\/wp\/v2\/comments?post=629719"}],"version-history":[{"count":3,"href":"https:\/\/www.estrategiaconcursos.com.br\/blog\/wp-json\/wp\/v2\/posts\/629719\/revisions"}],"predecessor-version":[{"id":633448,"href":"https:\/\/www.estrategiaconcursos.com.br\/blog\/wp-json\/wp\/v2\/posts\/629719\/revisions\/633448"}],"wp:featuredmedia":[{"embeddable":true,"href":"https:\/\/www.estrategiaconcursos.com.br\/blog\/wp-json\/wp\/v2\/media\/629721"}],"wp:attachment":[{"href":"https:\/\/www.estrategiaconcursos.com.br\/blog\/wp-json\/wp\/v2\/media?parent=629719"}],"wp:term":[{"taxonomy":"category","embeddable":true,"href":"https:\/\/www.estrategiaconcursos.com.br\/blog\/wp-json\/wp\/v2\/categories?post=629719"},{"taxonomy":"post_tag","embeddable":true,"href":"https:\/\/www.estrategiaconcursos.com.br\/blog\/wp-json\/wp\/v2\/tags?post=629719"},{"taxonomy":"tax_estado","embeddable":true,"href":"https:\/\/www.estrategiaconcursos.com.br\/blog\/wp-json\/wp\/v2\/tax_estado?post=629719"}],"curies":[{"name":"wp","href":"https:\/\/api.w.org\/{rel}","templated":true}]}}