{"id":629633,"date":"2020-12-12T18:19:36","date_gmt":"2020-12-12T21:19:36","guid":{"rendered":"https:\/\/www.estrategiaconcursos.com.br\/blog\/?p=629633"},"modified":"2020-12-14T07:55:26","modified_gmt":"2020-12-14T10:55:26","slug":"nota-suspensao-provas-iss-aracaju","status":"publish","type":"post","link":"https:\/\/www.estrategiaconcursos.com.br\/blog\/nota-suspensao-provas-iss-aracaju\/","title":{"rendered":"Em nota, prefeitura oficializa suspens\u00e3o das provas do ISS Aracaju"},"content":{"rendered":"\n<p>Depois de um dia de muitas d\u00favidas e ang\u00fastia, os candidatos do <a rel=\"noreferrer noopener\" href=\"https:\/\/www.estrategiaconcursos.com.br\/blog\/concurso-iss-aracaju\/\" target=\"_blank\">concurso ISS Aracaju<\/a> finalmente receberam uma resposta! Em nota publicada no fim da tarde deste s\u00e1bado, 12 de dezembro, a Secretaria Municipal da Fazenda (Semfaz) publicou uma nota confirmando a suspens\u00e3o das provas de domingo (13).<\/p>\n\n\n\n<p>Segundo comunicado, assim que ficou ciente da Liminar, o munic\u00edpio entrou com dois recursos contra a decis\u00e3o, que foram negados.<\/p>\n\n\n\n<p>Tudo come\u00e7ou quando um candidato entrou na Justi\u00e7a, alegando que tanto a prefeitura quanto o Cebraspe n\u00e3o estavam cumprindo todas as normas sanit\u00e1rias exigidas, al\u00e9m do alto n\u00famero de candidatos inscritos.<\/p>\n\n\n\n<p>Por fim, a Semfaz<em> <\/em>assegura que continuar\u00e1 buscando a revers\u00e3o da medida judicial que suspendeu o concurso, para que seja marcada uma nova data para a realiza\u00e7\u00e3o das provas. Lamenta ainda o transtorno causado aos mais de 8 mil inscritos na sele\u00e7\u00e3o.<\/p>\n\n\n\n<h3 class=\"wp-block-heading\">Confira a nota completa da prefeitura sobre a suspens\u00e3o do concurso ISS Aracaju<\/h3>\n\n\n\n<div class=\"wp-block-image\"><figure class=\"aligncenter size-large is-resized\"><a href=\"https:\/\/www.aracaju.se.gov.br\/noticias\/88497\" target=\"_blank\" rel=\"noopener\"><img loading=\"lazy\" decoding=\"async\" src=\"https:\/\/dhg1h5j42swfq.cloudfront.net\/2020\/12\/12181743\/image-120.png\" alt=\"Nota de esclarecimento sobre a suspens\u00e3o do concurso ISS Aracaju\" class=\"wp-image-629648\" width=\"158\" height=\"158\" srcset=\"https:\/\/dhg1h5j42swfq.cloudfront.net\/2020\/12\/12181743\/image-120.png 281w, https:\/\/dhg1h5j42swfq.cloudfront.net\/2020\/12\/12181743\/image-120-150x150.png 150w\" sizes=\"auto, (max-width: 158px) 100vw, 158px\" \/><\/a><\/figure><\/div>\n\n\n\n<blockquote class=\"wp-block-quote is-layout-flow wp-block-quote-is-layout-flow\"><p><em>A Secretaria Municipal<\/em> <em>da Fazenda (Semfaz) informa que o concurso p\u00fablico para auditor de tributos do munic\u00edpio de Aracaju est\u00e1 suspenso, conforme decis\u00e3o do Tribunal de Justi\u00e7a do Estado de Sergipe (TJ\/SE).&nbsp;<\/em><\/p><p><em>A medida liminar publicada no in\u00edcio da tarde de sexta-feira, 11, faltando menos de 48 horas para a realiza\u00e7\u00e3o das provas \u2013 marcadas para este domingo, 13 \u2013, foi proveniente de um mandado de seguran\u00e7a que corria em segredo de justi\u00e7a, impetrado pelo candidato Bruno Anselmo Guilhen, processo de N\u00ba 202000140157.&nbsp;&nbsp;&nbsp;<\/em><\/p><p><em>Assim que notificada da decis\u00e3o, atrav\u00e9s da Procuradoria Geral do Munic\u00edpio (PGM), a Prefeitura entrou com dois recursos para tentar assegurar a manuten\u00e7\u00e3o das provas, no entanto, ambos foram negados pelo TJ\/SE. Outra tentativa foi feita neste s\u00e1bado, 12, atrav\u00e9s do Superior Tribunal Federal (STF), mas, infelizmente, a suspens\u00e3o do certame continuou mantida.&nbsp;&nbsp;<\/em><\/p><p><em>Como justificativa para pedir a suspens\u00e3o do concurso, o candidato autor do processo alegou que \u201ccerca de 10 mil candidatos dividiriam o mesmo espa\u00e7o, aglomerando dentro de uma sala de aula\u201d, o que n\u00e3o corresponde \u00e0 realidade, j\u00e1 que os 8.387 inscritos no concurso fariam as provas em 18 escolas diferentes e 413 salas de aula, todas com no m\u00e1ximo 20 pessoas \u2013 quantidade que foi ampliada para atender a atual necessidade \u2013, respeitando as orienta\u00e7\u00f5es de distanciamento social e n\u00e3o aglomera\u00e7\u00e3o, previstas nas medidas adotadas para a preven\u00e7\u00e3o ao novo coronav\u00edrus.&nbsp;<\/em><\/p><p><em><br \/>O candidato tamb\u00e9m afirmou que a Prefeitura de Aracaju e a Secretaria da Fazenda n\u00e3o estavam considerando as orienta\u00e7\u00f5es sanit\u00e1rias necess\u00e1rias \u00e0 situa\u00e7\u00e3o de pandemia atual, o que tamb\u00e9m \u00e9 uma inverdade, j\u00e1 que todas as determina\u00e7\u00f5es publicadas nos decretos municipais e estaduais vinham sendo rigorosamente seguidas pelo \u00f3rg\u00e3o e pela banca organizadora do concurso, o Centro Brasileiro de Pesquisa em Avalia\u00e7\u00e3o e Sele\u00e7\u00e3o e de Promo\u00e7\u00e3o de Eventos (Cebraspe).&nbsp;<\/em><\/p><p><em><br \/>Al\u00e9m das medidas sanit\u00e1rias adotadas para o dia da aplica\u00e7\u00e3o das provas, todas descritas no Edital N\u00ba 4, publicado no site do Cebraspe, a obrigatoriedade do uso da m\u00e1scara durante todo o per\u00edodo da aplica\u00e7\u00e3o das provas, a disponibiliza\u00e7\u00e3o de \u00e1lcool em gel 70%, a manuten\u00e7\u00e3o do distanciamento social e a aferi\u00e7\u00e3o da temperatura de candidatos e equipe de trabalho que atuaria no certame.&nbsp;<\/em><\/p><p><em>Al\u00e9m disso, a higieniza\u00e7\u00e3o f\u00edsica das escolas seria refor\u00e7ada, estaria proibida a utiliza\u00e7\u00e3o de recipientes e embalagens que n\u00e3o fossem fabricadas em material transparente e o compartilhamento de qualquer objeto.&nbsp;<\/em><\/p><p><em><br \/>Em parceria com a Vigil\u00e2ncia Sanit\u00e1ria do munic\u00edpio, a Semfaz realizou um treinamento, ainda nesta sexta-feira,11, com todos os coordenadores das escolas sedes do concurso, com o objetivo de refor\u00e7ar as orienta\u00e7\u00f5es de preven\u00e7\u00e3o da covid-19.&nbsp;<\/em><\/p><p><em>Por causa das mudan\u00e7as necess\u00e1rias para seguran\u00e7a sanit\u00e1ria do evento, foi feito um aditivo contratual no valor de R$134.192,00, o equivalente a 14,75% a mais do previsto inicialmente.&nbsp;&nbsp;&nbsp;<\/em><\/p><p><em>Por fim, a Secretaria da Fazenda assegura que continuar\u00e1 buscando a revers\u00e3o da medida judicial que suspendeu o concurso p\u00fablico, para que seja marcada uma nova data para a realiza\u00e7\u00e3o das provas, pois, a decis\u00e3o atual pro\u00edbe, inclusive, que essa defini\u00e7\u00e3o ocorra at\u00e9 que a situa\u00e7\u00e3o de pandemia seja restabelecida no pa\u00eds.&nbsp;<\/em><\/p><p><em>O \u00f3rg\u00e3o lamenta os transtornos causados aos 8.387 candidatos que se inscreveram e foram impedidos de concretizar a realiza\u00e7\u00e3o do concurso, e entender ser necess\u00e1ria a busca por esta suspen\u00e7\u00e3o em respeito a cada um dos inscritos.<\/em><\/p><\/blockquote>\n\n\n\n<p class=\"has-text-align-center has-luminous-vivid-amber-background-color has-background\"><strong>Mais informa\u00e7\u00f5es: <a href=\"https:\/\/www.estrategiaconcursos.com.br\/blog\/concurso-iss-aracaju\/\" target=\"_blank\" rel=\"noreferrer noopener\">Concurso ISS Aracaju<\/a><\/strong><\/p>\n\n\n\n<div class=\"container\" id=\"boxes\">\n  <div class=\"row\">\n\n    <div class=\"col-sm\">\n      <div class=\"banner-fiscal-01\" id=\"box-assinatura\">\n        <h3 class=\"titulo-assinatura\">Concurso ISS Aracaju<\/h3>\n        <p class=\"subtitulo-assinatura\">Conhe\u00e7a os cursos<\/p>\n        <div class=\"box-botao\">\n          <a class=\"btn-assinatura\" target=\"_blank\" href=\"https:\/\/www.estrategiaconcursos.com.br\/cursosPorConcurso\/iss-aracaju-se\/\" role=\"button\" rel=\"noopener noreferrer\">Conhe\u00e7a mais<\/a>\n        <\/div>\n      <\/div>\n     \n    <\/div>\n\n  <\/div>\n<\/div>\n\n\n\n<div class=\"container\" id=\"boxes\">\n  <div class=\"row\">\n\n    <div class=\"col-sm\">\n      <div class=\"estrategia\" id=\"box-assinatura\">\n        <h3 class=\"titulo-assinatura\">Assinatura Ilimitada<\/h3>\n        <p class=\"subtitulo-assinatura\">Assinatura Anual Ilimitada*<\/p>\n        <div class=\"box-botao\">\n          <a class=\"btn-assinatura\" target=\"_blank\" href=\"https:\/\/www.estrategiaconcursos.com.br\/assinaturas\/\" role=\"button\" rel=\"noopener noreferrer\">ASSINE AGORA<\/a>\n        <\/div>\n      <\/div>\n      <p class=\"texto-auxiliar\">Prepare-se com o melhor material e com quem mais aprova em Concursos P\u00fablicos em todo o pa\u00eds. Assine agora a nossa Assinatura Anual e tenha acesso ilimitado* a todos os nossos cursos.<\/p>\n    <\/div>\n\n    <div class=\"col-sm\">\n      <div class=\"questoes\" id=\"box-assinatura\">\n        <h3 class=\"titulo-assinatura\">Sistema de Quest\u00f5es<\/h3>\n        <p class=\"subtitulo-assinatura\">Assinatura Ilimitada*\n<\/p>\n        <div class=\"box-botao\">\n          <a class=\"btn-assinatura\" target=\"_blank\" href=\"https:\/\/www.estrategiaconcursos.com.br\/cursosPorConcurso\/sistema-de-questoes\/#\/\" role=\"button\" rel=\"noopener noreferrer\">ASSINE AGORA<\/a>\n        <\/div>\n      <\/div>\n      <p class=\"texto-auxiliar\">Estrat\u00e9gia Quest\u00f5es nasceu maior do que todos os concorrentes, com mais quest\u00f5es cadastradas e mais solu\u00e7\u00f5es por professores. Clique no link e aproveite os descontos e b\u00f4nus imperd\u00edveis!<\/p>\n    <\/div>\n  <\/div>\n<\/div>\n\n\n\n<div class=\"container\" id=\"boxes\">\n  <div class=\"row\">\n\n    <div class=\"col-sm\">\n      <div class=\"estrategia\" id=\"box-assinatura\">\n        <h3 class=\"titulo-assinatura\">Assinatura Ilimitada<\/h3>\n        <p class=\"subtitulo-assinatura\">Assinatura Anual Ilimitada*<\/p>\n        <div class=\"box-botao\">\n          <a class=\"btn-assinatura\" target=\"_blank\" href=\"https:\/\/www.estrategiaconcursos.com.br\/assinaturas\/\" role=\"button\" rel=\"noopener noreferrer\">ASSINE AGORA<\/a>\n        <\/div>\n      <\/div>\n      <p class=\"texto-auxiliar\">Prepare-se com o melhor material e com quem mais aprova em Concursos P\u00fablicos em todo o pa\u00eds. Assine agora a nossa Assinatura Anual e tenha acesso ilimitado* a todos os nossos cursos.<\/p>\n    <\/div>\n\n    <div class=\"col-sm\">\n      <div class=\"questoes\" id=\"box-assinatura\">\n        <h3 class=\"titulo-assinatura\">Sistema de Quest\u00f5es<\/h3>\n        <p class=\"subtitulo-assinatura\">Assinatura Ilimitada*\n<\/p>\n        <div class=\"box-botao\">\n          <a class=\"btn-assinatura\" target=\"_blank\" href=\"https:\/\/www.estrategiaconcursos.com.br\/cursosPorConcurso\/sistema-de-questoes\/#\/\" role=\"button\" rel=\"noopener noreferrer\">ASSINE AGORA<\/a>\n        <\/div>\n      <\/div>\n      <p class=\"texto-auxiliar\">Estrat\u00e9gia Quest\u00f5es nasceu maior do que todos os concorrentes, com mais quest\u00f5es cadastradas e mais solu\u00e7\u00f5es por professores. Clique no link e aproveite os descontos e b\u00f4nus imperd\u00edveis!<\/p>\n    <\/div>\n  <\/div>\n<\/div>\n","protected":false},"excerpt":{"rendered":"<p>Depois de um dia de muitas d\u00favidas e ang\u00fastia, os candidatos do concurso ISS Aracaju finalmente receberam uma resposta! Em nota publicada no fim da tarde deste s\u00e1bado, 12 de dezembro, a Secretaria Municipal da Fazenda (Semfaz) publicou uma nota confirmando a suspens\u00e3o das provas de domingo (13). Segundo comunicado, assim que ficou ciente da [&hellip;]<\/p>\n","protected":false},"author":1276,"featured_media":629637,"comment_status":"open","ping_status":"closed","sticky":false,"template":"","format":"standard","meta":{"post_tipo":"news","footnotes":""},"categories":[1983],"tags":[],"tax_estado":[219988],"class_list":["post-629633","post","type-post","status-publish","format-standard","has-post-thumbnail","hentry","category-fiscal-estadual","tax_estado-se"],"acf":[],"yoast_head":"<!-- This site is optimized with the Yoast SEO Premium plugin v27.2 (Yoast SEO v27.2) - https:\/\/yoast.com\/product\/yoast-seo-premium-wordpress\/ -->\n<title>Em nota, prefeitura oficializa suspens\u00e3o das provas do ISS Aracaju<\/title>\n<meta name=\"description\" content=\"Prefeitura publica nota confirmando suspens\u00e3o da aplica\u00e7\u00e3o das provas dos concurso ISS Aracaju, marcadas para 13 de dezembro.\" \/>\n<meta name=\"robots\" content=\"index, follow, max-snippet:-1, max-image-preview:large, max-video-preview:-1\" \/>\n<link rel=\"canonical\" href=\"https:\/\/www.estrategiaconcursos.com.br\/blog\/nota-suspensao-provas-iss-aracaju\/\" \/>\n<meta property=\"og:locale\" content=\"pt_BR\" \/>\n<meta property=\"og:type\" content=\"article\" \/>\n<meta property=\"og:title\" content=\"Em nota, prefeitura oficializa suspens\u00e3o das provas do ISS Aracaju\" \/>\n<meta property=\"og:description\" content=\"Prefeitura publica nota confirmando suspens\u00e3o da aplica\u00e7\u00e3o das provas dos concurso ISS Aracaju, marcadas para 13 de dezembro.\" \/>\n<meta property=\"og:url\" content=\"https:\/\/www.estrategiaconcursos.com.br\/blog\/nota-suspensao-provas-iss-aracaju\/\" \/>\n<meta property=\"og:site_name\" content=\"Estrat\u00e9gia Concursos\" \/>\n<meta property=\"article:published_time\" content=\"2020-12-12T21:19:36+00:00\" \/>\n<meta property=\"article:modified_time\" content=\"2020-12-14T10:55:26+00:00\" \/>\n<meta property=\"og:image\" content=\"https:\/\/dhg1h5j42swfq.cloudfront.net\/2020\/12\/12175845\/download-1.jpg\" \/>\n\t<meta property=\"og:image:width\" content=\"311\" \/>\n\t<meta property=\"og:image:height\" content=\"162\" \/>\n\t<meta property=\"og:image:type\" content=\"image\/jpeg\" \/>\n<meta name=\"author\" content=\"Victor Shinichi Tanaka\" \/>\n<meta name=\"twitter:card\" content=\"summary_large_image\" \/>\n<meta name=\"twitter:creator\" content=\"@EstratConcursos\" \/>\n<meta name=\"twitter:site\" content=\"@EstratConcursos\" \/>\n<meta name=\"twitter:label1\" content=\"Escrito por\" \/>\n\t<meta name=\"twitter:data1\" content=\"Victor Shinichi Tanaka\" \/>\n\t<meta name=\"twitter:label2\" content=\"Est. tempo de leitura\" \/>\n\t<meta name=\"twitter:data2\" content=\"5 minutos\" \/>\n<script type=\"application\/ld+json\" class=\"yoast-schema-graph\">{\"@context\":\"https:\/\/schema.org\",\"@graph\":[{\"@type\":\"NewsArticle\",\"@id\":\"https:\/\/www.estrategiaconcursos.com.br\/blog\/nota-suspensao-provas-iss-aracaju\/#article\",\"isPartOf\":{\"@id\":\"https:\/\/www.estrategiaconcursos.com.br\/blog\/nota-suspensao-provas-iss-aracaju\/\"},\"author\":{\"name\":\"Victor Shinichi Tanaka\",\"@id\":\"https:\/\/www.estrategiaconcursos.com.br\/blog\/#\/schema\/person\/602a4eaf2bed921c107675da3a65b0e0\"},\"headline\":\"Em nota, prefeitura oficializa suspens\u00e3o das provas do ISS Aracaju\",\"datePublished\":\"2020-12-12T21:19:36+00:00\",\"dateModified\":\"2020-12-14T10:55:26+00:00\",\"mainEntityOfPage\":{\"@id\":\"https:\/\/www.estrategiaconcursos.com.br\/blog\/nota-suspensao-provas-iss-aracaju\/\"},\"wordCount\":974,\"commentCount\":0,\"publisher\":{\"@id\":\"https:\/\/www.estrategiaconcursos.com.br\/blog\/#organization\"},\"image\":{\"@id\":\"https:\/\/www.estrategiaconcursos.com.br\/blog\/nota-suspensao-provas-iss-aracaju\/#primaryimage\"},\"thumbnailUrl\":\"https:\/\/dhg1h5j42swfq.cloudfront.net\/2020\/12\/12175845\/download-1.jpg\",\"articleSection\":[\"Fiscal - Estadual (ICMS)\"],\"inLanguage\":\"pt-BR\",\"potentialAction\":[{\"@type\":\"CommentAction\",\"name\":\"Comment\",\"target\":[\"https:\/\/www.estrategiaconcursos.com.br\/blog\/nota-suspensao-provas-iss-aracaju\/#respond\"]}],\"copyrightYear\":\"2020\",\"copyrightHolder\":{\"@id\":\"https:\/\/www.estrategiaconcursos.com.br\/blog\/#organization\"}},{\"@type\":\"WebPage\",\"@id\":\"https:\/\/www.estrategiaconcursos.com.br\/blog\/nota-suspensao-provas-iss-aracaju\/\",\"url\":\"https:\/\/www.estrategiaconcursos.com.br\/blog\/nota-suspensao-provas-iss-aracaju\/\",\"name\":\"Em nota, prefeitura oficializa suspens\u00e3o das provas do ISS Aracaju\",\"isPartOf\":{\"@id\":\"https:\/\/www.estrategiaconcursos.com.br\/blog\/#website\"},\"primaryImageOfPage\":{\"@id\":\"https:\/\/www.estrategiaconcursos.com.br\/blog\/nota-suspensao-provas-iss-aracaju\/#primaryimage\"},\"image\":{\"@id\":\"https:\/\/www.estrategiaconcursos.com.br\/blog\/nota-suspensao-provas-iss-aracaju\/#primaryimage\"},\"thumbnailUrl\":\"https:\/\/dhg1h5j42swfq.cloudfront.net\/2020\/12\/12175845\/download-1.jpg\",\"datePublished\":\"2020-12-12T21:19:36+00:00\",\"dateModified\":\"2020-12-14T10:55:26+00:00\",\"description\":\"Prefeitura publica nota confirmando suspens\u00e3o da aplica\u00e7\u00e3o das provas dos concurso ISS Aracaju, marcadas para 13 de dezembro.\",\"breadcrumb\":{\"@id\":\"https:\/\/www.estrategiaconcursos.com.br\/blog\/nota-suspensao-provas-iss-aracaju\/#breadcrumb\"},\"inLanguage\":\"pt-BR\",\"potentialAction\":[{\"@type\":\"ReadAction\",\"target\":[\"https:\/\/www.estrategiaconcursos.com.br\/blog\/nota-suspensao-provas-iss-aracaju\/\"]}]},{\"@type\":\"ImageObject\",\"inLanguage\":\"pt-BR\",\"@id\":\"https:\/\/www.estrategiaconcursos.com.br\/blog\/nota-suspensao-provas-iss-aracaju\/#primaryimage\",\"url\":\"https:\/\/dhg1h5j42swfq.cloudfront.net\/2020\/12\/12175845\/download-1.jpg\",\"contentUrl\":\"https:\/\/dhg1h5j42swfq.cloudfront.net\/2020\/12\/12175845\/download-1.jpg\",\"width\":311,\"height\":162},{\"@type\":\"BreadcrumbList\",\"@id\":\"https:\/\/www.estrategiaconcursos.com.br\/blog\/nota-suspensao-provas-iss-aracaju\/#breadcrumb\",\"itemListElement\":[{\"@type\":\"ListItem\",\"position\":1,\"name\":\"In\u00edcio\",\"item\":\"https:\/\/www.estrategiaconcursos.com.br\/blog\/\"},{\"@type\":\"ListItem\",\"position\":2,\"name\":\"Em nota, prefeitura oficializa suspens\u00e3o das provas do ISS Aracaju\"}]},{\"@type\":\"WebSite\",\"@id\":\"https:\/\/www.estrategiaconcursos.com.br\/blog\/#website\",\"url\":\"https:\/\/www.estrategiaconcursos.com.br\/blog\/\",\"name\":\"Estrat\u00e9gia Concursos\",\"description\":\"O blog da Estrat\u00e9gia Concursos traz not\u00edcias sobre concursos e artigos de professores oferecendo cursos para concursos (pdf + videaulas) no site.\",\"publisher\":{\"@id\":\"https:\/\/www.estrategiaconcursos.com.br\/blog\/#organization\"},\"potentialAction\":[{\"@type\":\"SearchAction\",\"target\":{\"@type\":\"EntryPoint\",\"urlTemplate\":\"https:\/\/www.estrategiaconcursos.com.br\/blog\/?s={search_term_string}\"},\"query-input\":{\"@type\":\"PropertyValueSpecification\",\"valueRequired\":true,\"valueName\":\"search_term_string\"}}],\"inLanguage\":\"pt-BR\"},{\"@type\":\"Organization\",\"@id\":\"https:\/\/www.estrategiaconcursos.com.br\/blog\/#organization\",\"name\":\"Estrat\u00e9gia Concursos\",\"url\":\"https:\/\/www.estrategiaconcursos.com.br\/blog\/\",\"logo\":{\"@type\":\"ImageObject\",\"inLanguage\":\"pt-BR\",\"@id\":\"https:\/\/www.estrategiaconcursos.com.br\/blog\/#\/schema\/logo\/image\/\",\"url\":\"https:\/\/dhg1h5j42swfq.cloudfront.net\/2025\/06\/03203428\/logo_concursos-1.jpg\",\"contentUrl\":\"https:\/\/dhg1h5j42swfq.cloudfront.net\/2025\/06\/03203428\/logo_concursos-1.jpg\",\"width\":230,\"height\":60,\"caption\":\"Estrat\u00e9gia Concursos\"},\"image\":{\"@id\":\"https:\/\/www.estrategiaconcursos.com.br\/blog\/#\/schema\/logo\/image\/\"},\"sameAs\":[\"https:\/\/x.com\/EstratConcursos\"]},{\"@type\":\"Person\",\"@id\":\"https:\/\/www.estrategiaconcursos.com.br\/blog\/#\/schema\/person\/602a4eaf2bed921c107675da3a65b0e0\",\"name\":\"Victor Shinichi Tanaka\",\"image\":{\"@type\":\"ImageObject\",\"inLanguage\":\"pt-BR\",\"@id\":\"https:\/\/secure.gravatar.com\/avatar\/3772723eea77b2e6a2231e357d6339c6c129c6fb65cda4d02d0f3ca700221333?s=96&d=mm&r=g\",\"url\":\"https:\/\/secure.gravatar.com\/avatar\/3772723eea77b2e6a2231e357d6339c6c129c6fb65cda4d02d0f3ca700221333?s=96&d=mm&r=g\",\"contentUrl\":\"https:\/\/secure.gravatar.com\/avatar\/3772723eea77b2e6a2231e357d6339c6c129c6fb65cda4d02d0f3ca700221333?s=96&d=mm&r=g\",\"caption\":\"Victor Shinichi Tanaka\"},\"url\":\"https:\/\/www.estrategiaconcursos.com.br\/blog\/author\/victorstanakagmail-com\/\"}]}<\/script>\n<!-- \/ Yoast SEO Premium plugin. -->","yoast_head_json":{"title":"Em nota, prefeitura oficializa suspens\u00e3o das provas do ISS Aracaju","description":"Prefeitura publica nota confirmando suspens\u00e3o da aplica\u00e7\u00e3o das provas dos concurso ISS Aracaju, marcadas para 13 de dezembro.","robots":{"index":"index","follow":"follow","max-snippet":"max-snippet:-1","max-image-preview":"max-image-preview:large","max-video-preview":"max-video-preview:-1"},"canonical":"https:\/\/www.estrategiaconcursos.com.br\/blog\/nota-suspensao-provas-iss-aracaju\/","og_locale":"pt_BR","og_type":"article","og_title":"Em nota, prefeitura oficializa suspens\u00e3o das provas do ISS Aracaju","og_description":"Prefeitura publica nota confirmando suspens\u00e3o da aplica\u00e7\u00e3o das provas dos concurso ISS Aracaju, marcadas para 13 de dezembro.","og_url":"https:\/\/www.estrategiaconcursos.com.br\/blog\/nota-suspensao-provas-iss-aracaju\/","og_site_name":"Estrat\u00e9gia Concursos","article_published_time":"2020-12-12T21:19:36+00:00","article_modified_time":"2020-12-14T10:55:26+00:00","og_image":[{"width":311,"height":162,"url":"https:\/\/dhg1h5j42swfq.cloudfront.net\/2020\/12\/12175845\/download-1.jpg","type":"image\/jpeg"}],"author":"Victor Shinichi Tanaka","twitter_card":"summary_large_image","twitter_creator":"@EstratConcursos","twitter_site":"@EstratConcursos","twitter_misc":{"Escrito por":"Victor Shinichi Tanaka","Est. tempo de leitura":"5 minutos"},"schema":{"@context":"https:\/\/schema.org","@graph":[{"@type":"NewsArticle","@id":"https:\/\/www.estrategiaconcursos.com.br\/blog\/nota-suspensao-provas-iss-aracaju\/#article","isPartOf":{"@id":"https:\/\/www.estrategiaconcursos.com.br\/blog\/nota-suspensao-provas-iss-aracaju\/"},"author":{"name":"Victor Shinichi Tanaka","@id":"https:\/\/www.estrategiaconcursos.com.br\/blog\/#\/schema\/person\/602a4eaf2bed921c107675da3a65b0e0"},"headline":"Em nota, prefeitura oficializa suspens\u00e3o das provas do ISS Aracaju","datePublished":"2020-12-12T21:19:36+00:00","dateModified":"2020-12-14T10:55:26+00:00","mainEntityOfPage":{"@id":"https:\/\/www.estrategiaconcursos.com.br\/blog\/nota-suspensao-provas-iss-aracaju\/"},"wordCount":974,"commentCount":0,"publisher":{"@id":"https:\/\/www.estrategiaconcursos.com.br\/blog\/#organization"},"image":{"@id":"https:\/\/www.estrategiaconcursos.com.br\/blog\/nota-suspensao-provas-iss-aracaju\/#primaryimage"},"thumbnailUrl":"https:\/\/dhg1h5j42swfq.cloudfront.net\/2020\/12\/12175845\/download-1.jpg","articleSection":["Fiscal - Estadual (ICMS)"],"inLanguage":"pt-BR","potentialAction":[{"@type":"CommentAction","name":"Comment","target":["https:\/\/www.estrategiaconcursos.com.br\/blog\/nota-suspensao-provas-iss-aracaju\/#respond"]}],"copyrightYear":"2020","copyrightHolder":{"@id":"https:\/\/www.estrategiaconcursos.com.br\/blog\/#organization"}},{"@type":"WebPage","@id":"https:\/\/www.estrategiaconcursos.com.br\/blog\/nota-suspensao-provas-iss-aracaju\/","url":"https:\/\/www.estrategiaconcursos.com.br\/blog\/nota-suspensao-provas-iss-aracaju\/","name":"Em nota, prefeitura oficializa suspens\u00e3o das provas do ISS Aracaju","isPartOf":{"@id":"https:\/\/www.estrategiaconcursos.com.br\/blog\/#website"},"primaryImageOfPage":{"@id":"https:\/\/www.estrategiaconcursos.com.br\/blog\/nota-suspensao-provas-iss-aracaju\/#primaryimage"},"image":{"@id":"https:\/\/www.estrategiaconcursos.com.br\/blog\/nota-suspensao-provas-iss-aracaju\/#primaryimage"},"thumbnailUrl":"https:\/\/dhg1h5j42swfq.cloudfront.net\/2020\/12\/12175845\/download-1.jpg","datePublished":"2020-12-12T21:19:36+00:00","dateModified":"2020-12-14T10:55:26+00:00","description":"Prefeitura publica nota confirmando suspens\u00e3o da aplica\u00e7\u00e3o das provas dos concurso ISS Aracaju, marcadas para 13 de dezembro.","breadcrumb":{"@id":"https:\/\/www.estrategiaconcursos.com.br\/blog\/nota-suspensao-provas-iss-aracaju\/#breadcrumb"},"inLanguage":"pt-BR","potentialAction":[{"@type":"ReadAction","target":["https:\/\/www.estrategiaconcursos.com.br\/blog\/nota-suspensao-provas-iss-aracaju\/"]}]},{"@type":"ImageObject","inLanguage":"pt-BR","@id":"https:\/\/www.estrategiaconcursos.com.br\/blog\/nota-suspensao-provas-iss-aracaju\/#primaryimage","url":"https:\/\/dhg1h5j42swfq.cloudfront.net\/2020\/12\/12175845\/download-1.jpg","contentUrl":"https:\/\/dhg1h5j42swfq.cloudfront.net\/2020\/12\/12175845\/download-1.jpg","width":311,"height":162},{"@type":"BreadcrumbList","@id":"https:\/\/www.estrategiaconcursos.com.br\/blog\/nota-suspensao-provas-iss-aracaju\/#breadcrumb","itemListElement":[{"@type":"ListItem","position":1,"name":"In\u00edcio","item":"https:\/\/www.estrategiaconcursos.com.br\/blog\/"},{"@type":"ListItem","position":2,"name":"Em nota, prefeitura oficializa suspens\u00e3o das provas do ISS Aracaju"}]},{"@type":"WebSite","@id":"https:\/\/www.estrategiaconcursos.com.br\/blog\/#website","url":"https:\/\/www.estrategiaconcursos.com.br\/blog\/","name":"Estrat\u00e9gia Concursos","description":"O blog da Estrat\u00e9gia Concursos traz not\u00edcias sobre concursos e artigos de professores oferecendo cursos para concursos (pdf + videaulas) no site.","publisher":{"@id":"https:\/\/www.estrategiaconcursos.com.br\/blog\/#organization"},"potentialAction":[{"@type":"SearchAction","target":{"@type":"EntryPoint","urlTemplate":"https:\/\/www.estrategiaconcursos.com.br\/blog\/?s={search_term_string}"},"query-input":{"@type":"PropertyValueSpecification","valueRequired":true,"valueName":"search_term_string"}}],"inLanguage":"pt-BR"},{"@type":"Organization","@id":"https:\/\/www.estrategiaconcursos.com.br\/blog\/#organization","name":"Estrat\u00e9gia Concursos","url":"https:\/\/www.estrategiaconcursos.com.br\/blog\/","logo":{"@type":"ImageObject","inLanguage":"pt-BR","@id":"https:\/\/www.estrategiaconcursos.com.br\/blog\/#\/schema\/logo\/image\/","url":"https:\/\/dhg1h5j42swfq.cloudfront.net\/2025\/06\/03203428\/logo_concursos-1.jpg","contentUrl":"https:\/\/dhg1h5j42swfq.cloudfront.net\/2025\/06\/03203428\/logo_concursos-1.jpg","width":230,"height":60,"caption":"Estrat\u00e9gia Concursos"},"image":{"@id":"https:\/\/www.estrategiaconcursos.com.br\/blog\/#\/schema\/logo\/image\/"},"sameAs":["https:\/\/x.com\/EstratConcursos"]},{"@type":"Person","@id":"https:\/\/www.estrategiaconcursos.com.br\/blog\/#\/schema\/person\/602a4eaf2bed921c107675da3a65b0e0","name":"Victor Shinichi Tanaka","image":{"@type":"ImageObject","inLanguage":"pt-BR","@id":"https:\/\/secure.gravatar.com\/avatar\/3772723eea77b2e6a2231e357d6339c6c129c6fb65cda4d02d0f3ca700221333?s=96&d=mm&r=g","url":"https:\/\/secure.gravatar.com\/avatar\/3772723eea77b2e6a2231e357d6339c6c129c6fb65cda4d02d0f3ca700221333?s=96&d=mm&r=g","contentUrl":"https:\/\/secure.gravatar.com\/avatar\/3772723eea77b2e6a2231e357d6339c6c129c6fb65cda4d02d0f3ca700221333?s=96&d=mm&r=g","caption":"Victor Shinichi Tanaka"},"url":"https:\/\/www.estrategiaconcursos.com.br\/blog\/author\/victorstanakagmail-com\/"}]}},"_links":{"self":[{"href":"https:\/\/www.estrategiaconcursos.com.br\/blog\/wp-json\/wp\/v2\/posts\/629633","targetHints":{"allow":["GET"]}}],"collection":[{"href":"https:\/\/www.estrategiaconcursos.com.br\/blog\/wp-json\/wp\/v2\/posts"}],"about":[{"href":"https:\/\/www.estrategiaconcursos.com.br\/blog\/wp-json\/wp\/v2\/types\/post"}],"author":[{"embeddable":true,"href":"https:\/\/www.estrategiaconcursos.com.br\/blog\/wp-json\/wp\/v2\/users\/1276"}],"replies":[{"embeddable":true,"href":"https:\/\/www.estrategiaconcursos.com.br\/blog\/wp-json\/wp\/v2\/comments?post=629633"}],"version-history":[{"count":8,"href":"https:\/\/www.estrategiaconcursos.com.br\/blog\/wp-json\/wp\/v2\/posts\/629633\/revisions"}],"predecessor-version":[{"id":629654,"href":"https:\/\/www.estrategiaconcursos.com.br\/blog\/wp-json\/wp\/v2\/posts\/629633\/revisions\/629654"}],"wp:featuredmedia":[{"embeddable":true,"href":"https:\/\/www.estrategiaconcursos.com.br\/blog\/wp-json\/wp\/v2\/media\/629637"}],"wp:attachment":[{"href":"https:\/\/www.estrategiaconcursos.com.br\/blog\/wp-json\/wp\/v2\/media?parent=629633"}],"wp:term":[{"taxonomy":"category","embeddable":true,"href":"https:\/\/www.estrategiaconcursos.com.br\/blog\/wp-json\/wp\/v2\/categories?post=629633"},{"taxonomy":"post_tag","embeddable":true,"href":"https:\/\/www.estrategiaconcursos.com.br\/blog\/wp-json\/wp\/v2\/tags?post=629633"},{"taxonomy":"tax_estado","embeddable":true,"href":"https:\/\/www.estrategiaconcursos.com.br\/blog\/wp-json\/wp\/v2\/tax_estado?post=629633"}],"curies":[{"name":"wp","href":"https:\/\/api.w.org\/{rel}","templated":true}]}}