{"id":628109,"date":"2020-12-10T18:59:35","date_gmt":"2020-12-10T21:59:35","guid":{"rendered":"https:\/\/www.estrategiaconcursos.com.br\/blog\/?p=628109"},"modified":"2023-06-30T10:04:08","modified_gmt":"2023-06-30T13:04:08","slug":"passo-a-passo-delegado-da-policia-federal","status":"publish","type":"post","link":"https:\/\/www.estrategiaconcursos.com.br\/blog\/passo-a-passo-delegado-da-policia-federal\/","title":{"rendered":"Passo a Passo para se Tornar  Delegado da Pol\u00edcia Federal"},"content":{"rendered":"\n<p>Nesta quinta-feira, 10 de dezembro de 2020, a partir das 20:00, os professores <strong>Luiz Godoy e Rafael Dantas<\/strong> ir\u00e3o apresentar o &#8220;<em>Passo a Passo para se Tornar Delegado da Pol\u00edcia Federal<\/em>&#8220;. Acompanhe ao vivo e gratuitamente pelo canal do Estrat\u00e9gia Carreira Jur\u00eddica no Youtube. <\/p>\n\n\n\n<h3 class=\"wp-block-heading\">Passo a Passo &#8211; Cronograma<\/h3>\n\n\n\n<ul class=\"wp-block-list\">\n<li><strong>Data:<\/strong> 10 de dezembro de 2020<\/li>\n\n\n\n<li><strong>Hor\u00e1rio:<\/strong> 20:00<\/li>\n\n\n\n<li><strong>Onde: <\/strong><a rel=\"noreferrer noopener\" href=\"https:\/\/www.youtube.com\/watch?v=-wtdGicB5vs\" target=\"_blank\">Canal do Estrat\u00e9gia Carreira Jur\u00eddica no Youtube<\/a><\/li>\n\n\n\n<li><strong>Professores:<\/strong> Luiz Godoy e Rafael Dantas <\/li>\n<\/ul>\n\n\n<figure class=\"wp-block-embed-youtube wp-block-embed is-type-video is-provider-youtube wp-embed-aspect-16-9 wp-has-aspect-ratio\"><div class=\"lyte-wrapper\" style=\"width:853px;max-width:100%;margin:5px;\"><div class=\"lyMe\" id=\"WYL_65777etzdl4\"><div id=\"lyte_65777etzdl4\" data-src=\"\/\/i.ytimg.com\/vi\/65777etzdl4\/hqdefault.jpg\" class=\"pL\"><div class=\"tC\"><div class=\"tT\"><\/div><\/div><div class=\"play\"><\/div><div class=\"ctrl\"><div class=\"Lctrl\"><\/div><div class=\"Rctrl\"><\/div><\/div><\/div><noscript><a href=\"https:\/\/youtu.be\/65777etzdl4\" rel=\"nofollow\"><img loading=\"lazy\" decoding=\"async\" src=\"https:\/\/i.ytimg.com\/vi\/65777etzdl4\/0.jpg\" alt=\"YouTube video thumbnail\" width=\"853\" height=\"460\" \/><br \/>Assista a este v\u00eddeo no YouTube<\/a><\/noscript><\/div><\/div><div class=\"lL\" style=\"max-width:100%;width:853px;margin:5px;\"><\/div><figcaption><\/figcaption><\/figure>\n\n\n<h3 class=\"wp-block-heading\">Delegado da Pol\u00edcia Federal &#8211; Curiosidades<\/h3>\n\n\n\n<p id=\"block-0d503919-5746-4a01-9be4-3c824a696706\">A autoriza\u00e7\u00e3o do concurso de Delegado da Pol\u00edcia Federal foi assinada eletronicamente pelo Delegado Geral da Corpora\u00e7\u00e3o, Rolando Alexandre de Souza, na \u00faltima quarta-feira, 09 de dezembro . Agora, o documento segue para publica\u00e7\u00e3o, que deve ocorrer nesta quinta-feira, no Di\u00e1rio Oficial da Uni\u00e3o.<\/p>\n\n\n\n<p id=\"block-e73ee51c-24c9-43bb-9215-55c17c21d9b4\">De acordo com a Portaria de autoriza\u00e7\u00e3o, ser\u00e3o ofertadas 1.500 vagas para os cargos da corpora\u00e7\u00e3o, sendo <strong>123 vagas para Delegado de Pol\u00edcia Federal<\/strong>. A remunera\u00e7\u00e3o inicial do cargo \u00e9 de <strong>R$ 23.692,74<\/strong>.<\/p>\n\n\n\n<p>Para a posse no cargo, o candidato dever\u00e1 comprovar a forma\u00e7\u00e3o superior em Direito e o cumprimento atividade jur\u00eddica ou policial de 3 anos, al\u00e9m de possuir CNH na categoria &#8220;B&#8221; ou superior.<\/p>\n\n\n\n<p>Por <strong>atividade jur\u00eddica<\/strong> entende-se aquela exercida exclusivamente&nbsp;<strong>ap\u00f3s a cola\u00e7\u00e3o de grau no bacharelado em Direito<\/strong>. J\u00e1 a atividade policial \u00e9 o efetivo exerc\u00edcio de cargo p\u00fablico desta natureza&nbsp;na&nbsp;Pol\u00edcia Federal, na Pol\u00edcia Rodovi\u00e1ria Federal, na Pol\u00edcia Ferrovi\u00e1ria Federal, nas Pol\u00edcias Civis ou nas Pol\u00edcias Militares pelo pa\u00eds.<\/p>\n\n\n\n<p>E voc\u00ea que est\u00e1 se preparando para o certame quer saber qual \u00e9 o Passo a passo para se tornar Delegado da Pol\u00edcia Federal? N\u00e3o perca este evento exclusivo apresentado por dois membros da carreira. <\/p>\n\n\n\n<h2 class=\"wp-block-heading has-text-align-center\" id=\"cursos\">Cursos para o concurso Delegado da Pol\u00edcia Federal<\/h2>\n\n\n\n<div class=\"container\" id=\"boxes\">\n  <div class=\"row\">\n\n    <div class=\"col-sm\">\n      <div class=\"banner-ecj\" id=\"box-assinatura\">\n        <h3 class=\"titulo-assinatura\">Curso para Concurso Delegado PF  <\/h3>\n        <p class=\"subtitulo-assinatura\">Cursos focados no edital do concurso<\/p>\n        <div class=\"box-botao\">\n          <a class=\"btn-assinatura\" target=\"_blank\" href=\"https:\/\/www.estrategiaconcursos.com.br\/cursosPorConcurso\/policia-federal-delegado-79\/\" role=\"button\" rel=\"noopener noreferrer\">Conhe\u00e7a mais<\/a>\n        <\/div>\n      <\/div>\n      <p class=\"texto-auxiliar\">Prepare-se com o melhor material e com quem mais aprova em concursos em todo o pa\u00eds. \n<\/p>\n    <\/div>\n\n  <\/div>\n<\/div>\n\n\n\n<div class=\"container\" id=\"boxes\">\n  <div class=\"row\">\n\n    <div class=\"col-sm\">\n      <div class=\"banner-ecj\" id=\"box-assinatura\">\n        <h3 class=\"titulo-assinatura\">Assinatura Jur\u00eddica <\/h3>\n        <p class=\"subtitulo-assinatura\">Conhe\u00e7a os planos<\/p>\n        <div class=\"box-botao\">\n          <a class=\"btn-assinatura\" target=\"_blank\" href=\"https:\/\/www.estrategiaconcursos.com.br\/assinaturas-ecj\/\" role=\"button\" rel=\"noopener noreferrer\">Conhe\u00e7a mais<\/a>\n        <\/div>\n      <\/div>\n      <p class=\"texto-auxiliar\">Prepare-se com o melhor material e com quem mais aprova em Concursos P\u00fablicos em todo o pa\u00eds. \n<\/p>\n    <\/div>\n\n  <\/div>\n<\/div>\n","protected":false},"excerpt":{"rendered":"<p>Nesta quinta-feira, 10 de dezembro de 2020, a partir das 20:00, os professores Luiz Godoy e Rafael Dantas ir\u00e3o apresentar o &#8220;Passo a Passo para se Tornar Delegado da Pol\u00edcia Federal&#8220;. Acompanhe ao vivo e gratuitamente pelo canal do Estrat\u00e9gia Carreira Jur\u00eddica no Youtube. Passo a Passo &#8211; Cronograma Delegado da Pol\u00edcia Federal &#8211; Curiosidades [&hellip;]<\/p>\n","protected":false},"author":492,"featured_media":628118,"comment_status":"open","ping_status":"closed","sticky":false,"template":"","format":"standard","meta":{"post_tipo":"news","footnotes":""},"categories":[2185],"tags":[],"tax_estado":[219963],"class_list":["post-628109","post","type-post","status-publish","format-standard","has-post-thumbnail","hentry","category-carreiras-juridicas","tax_estado-concursos-federais"],"acf":[],"yoast_head":"<!-- This site is optimized with the Yoast SEO Premium plugin v27.2 (Yoast SEO v27.2) - https:\/\/yoast.com\/product\/yoast-seo-premium-wordpress\/ -->\n<title>Passo a Passo para se Tornar Delegado da Pol\u00edcia Federal<\/title>\n<meta name=\"description\" content=\"No evento desta quinta-feira, os professores Luiz Godoy e Rafael Dantas ir\u00e3o te mostrar o Passo a Passo para se tornar Delegado da PF. N\u00e3o perca!\" \/>\n<meta name=\"robots\" content=\"index, follow, max-snippet:-1, max-image-preview:large, max-video-preview:-1\" \/>\n<link rel=\"canonical\" href=\"https:\/\/www.estrategiaconcursos.com.br\/blog\/passo-a-passo-delegado-da-policia-federal\/\" \/>\n<meta property=\"og:locale\" content=\"pt_BR\" \/>\n<meta property=\"og:type\" content=\"article\" \/>\n<meta property=\"og:title\" content=\"Passo a Passo para se Tornar Delegado da Pol\u00edcia Federal\" \/>\n<meta property=\"og:description\" content=\"No evento desta quinta-feira, os professores Luiz Godoy e Rafael Dantas ir\u00e3o te mostrar o Passo a Passo para se tornar Delegado da PF. N\u00e3o perca!\" \/>\n<meta property=\"og:url\" content=\"https:\/\/www.estrategiaconcursos.com.br\/blog\/passo-a-passo-delegado-da-policia-federal\/\" \/>\n<meta property=\"og:site_name\" content=\"Estrat\u00e9gia Concursos\" \/>\n<meta property=\"article:published_time\" content=\"2020-12-10T21:59:35+00:00\" \/>\n<meta property=\"article:modified_time\" content=\"2023-06-30T13:04:08+00:00\" \/>\n<meta property=\"og:image\" content=\"https:\/\/dhg1h5j42swfq.cloudfront.net\/2020\/12\/10145718\/ytb_pf.jpg\" \/>\n\t<meta property=\"og:image:width\" content=\"1280\" \/>\n\t<meta property=\"og:image:height\" content=\"720\" \/>\n\t<meta property=\"og:image:type\" content=\"image\/jpeg\" \/>\n<meta name=\"author\" content=\"Nelma Fontana\" \/>\n<meta name=\"twitter:card\" content=\"summary_large_image\" \/>\n<meta name=\"twitter:creator\" content=\"@EstratConcursos\" \/>\n<meta name=\"twitter:site\" content=\"@EstratConcursos\" \/>\n<meta name=\"twitter:label1\" content=\"Escrito por\" \/>\n\t<meta name=\"twitter:data1\" content=\"Nelma Fontana\" \/>\n\t<meta name=\"twitter:label2\" content=\"Est. tempo de leitura\" \/>\n\t<meta name=\"twitter:data2\" content=\"2 minutos\" \/>\n<script type=\"application\/ld+json\" class=\"yoast-schema-graph\">{\"@context\":\"https:\/\/schema.org\",\"@graph\":[{\"@type\":\"NewsArticle\",\"@id\":\"https:\/\/www.estrategiaconcursos.com.br\/blog\/passo-a-passo-delegado-da-policia-federal\/#article\",\"isPartOf\":{\"@id\":\"https:\/\/www.estrategiaconcursos.com.br\/blog\/passo-a-passo-delegado-da-policia-federal\/\"},\"author\":{\"name\":\"Nelma Fontana\",\"@id\":\"https:\/\/www.estrategiaconcursos.com.br\/blog\/#\/schema\/person\/09924ae9dae935885ef15db075a3be15\"},\"headline\":\"Passo a Passo para se Tornar Delegado da Pol\u00edcia Federal\",\"datePublished\":\"2020-12-10T21:59:35+00:00\",\"dateModified\":\"2023-06-30T13:04:08+00:00\",\"mainEntityOfPage\":{\"@id\":\"https:\/\/www.estrategiaconcursos.com.br\/blog\/passo-a-passo-delegado-da-policia-federal\/\"},\"wordCount\":387,\"commentCount\":0,\"publisher\":{\"@id\":\"https:\/\/www.estrategiaconcursos.com.br\/blog\/#organization\"},\"image\":{\"@id\":\"https:\/\/www.estrategiaconcursos.com.br\/blog\/passo-a-passo-delegado-da-policia-federal\/#primaryimage\"},\"thumbnailUrl\":\"https:\/\/dhg1h5j42swfq.cloudfront.net\/2020\/12\/10145718\/ytb_pf.jpg\",\"articleSection\":[\"Jur\u00eddico\"],\"inLanguage\":\"pt-BR\",\"potentialAction\":[{\"@type\":\"CommentAction\",\"name\":\"Comment\",\"target\":[\"https:\/\/www.estrategiaconcursos.com.br\/blog\/passo-a-passo-delegado-da-policia-federal\/#respond\"]}],\"copyrightYear\":\"2020\",\"copyrightHolder\":{\"@id\":\"https:\/\/www.estrategiaconcursos.com.br\/blog\/#organization\"}},{\"@type\":\"WebPage\",\"@id\":\"https:\/\/www.estrategiaconcursos.com.br\/blog\/passo-a-passo-delegado-da-policia-federal\/\",\"url\":\"https:\/\/www.estrategiaconcursos.com.br\/blog\/passo-a-passo-delegado-da-policia-federal\/\",\"name\":\"Passo a Passo para se Tornar Delegado da Pol\u00edcia Federal\",\"isPartOf\":{\"@id\":\"https:\/\/www.estrategiaconcursos.com.br\/blog\/#website\"},\"primaryImageOfPage\":{\"@id\":\"https:\/\/www.estrategiaconcursos.com.br\/blog\/passo-a-passo-delegado-da-policia-federal\/#primaryimage\"},\"image\":{\"@id\":\"https:\/\/www.estrategiaconcursos.com.br\/blog\/passo-a-passo-delegado-da-policia-federal\/#primaryimage\"},\"thumbnailUrl\":\"https:\/\/dhg1h5j42swfq.cloudfront.net\/2020\/12\/10145718\/ytb_pf.jpg\",\"datePublished\":\"2020-12-10T21:59:35+00:00\",\"dateModified\":\"2023-06-30T13:04:08+00:00\",\"description\":\"No evento desta quinta-feira, os professores Luiz Godoy e Rafael Dantas ir\u00e3o te mostrar o Passo a Passo para se tornar Delegado da PF. N\u00e3o perca!\",\"breadcrumb\":{\"@id\":\"https:\/\/www.estrategiaconcursos.com.br\/blog\/passo-a-passo-delegado-da-policia-federal\/#breadcrumb\"},\"inLanguage\":\"pt-BR\",\"potentialAction\":[{\"@type\":\"ReadAction\",\"target\":[\"https:\/\/www.estrategiaconcursos.com.br\/blog\/passo-a-passo-delegado-da-policia-federal\/\"]}]},{\"@type\":\"ImageObject\",\"inLanguage\":\"pt-BR\",\"@id\":\"https:\/\/www.estrategiaconcursos.com.br\/blog\/passo-a-passo-delegado-da-policia-federal\/#primaryimage\",\"url\":\"https:\/\/dhg1h5j42swfq.cloudfront.net\/2020\/12\/10145718\/ytb_pf.jpg\",\"contentUrl\":\"https:\/\/dhg1h5j42swfq.cloudfront.net\/2020\/12\/10145718\/ytb_pf.jpg\",\"width\":1280,\"height\":720,\"caption\":\"Passo a passo\"},{\"@type\":\"BreadcrumbList\",\"@id\":\"https:\/\/www.estrategiaconcursos.com.br\/blog\/passo-a-passo-delegado-da-policia-federal\/#breadcrumb\",\"itemListElement\":[{\"@type\":\"ListItem\",\"position\":1,\"name\":\"In\u00edcio\",\"item\":\"https:\/\/www.estrategiaconcursos.com.br\/blog\/\"},{\"@type\":\"ListItem\",\"position\":2,\"name\":\"Passo a Passo para se Tornar Delegado da Pol\u00edcia Federal\"}]},{\"@type\":\"WebSite\",\"@id\":\"https:\/\/www.estrategiaconcursos.com.br\/blog\/#website\",\"url\":\"https:\/\/www.estrategiaconcursos.com.br\/blog\/\",\"name\":\"Estrat\u00e9gia Concursos\",\"description\":\"O blog da Estrat\u00e9gia Concursos traz not\u00edcias sobre concursos e artigos de professores oferecendo cursos para concursos (pdf + videaulas) no site.\",\"publisher\":{\"@id\":\"https:\/\/www.estrategiaconcursos.com.br\/blog\/#organization\"},\"potentialAction\":[{\"@type\":\"SearchAction\",\"target\":{\"@type\":\"EntryPoint\",\"urlTemplate\":\"https:\/\/www.estrategiaconcursos.com.br\/blog\/?s={search_term_string}\"},\"query-input\":{\"@type\":\"PropertyValueSpecification\",\"valueRequired\":true,\"valueName\":\"search_term_string\"}}],\"inLanguage\":\"pt-BR\"},{\"@type\":\"Organization\",\"@id\":\"https:\/\/www.estrategiaconcursos.com.br\/blog\/#organization\",\"name\":\"Estrat\u00e9gia Concursos\",\"url\":\"https:\/\/www.estrategiaconcursos.com.br\/blog\/\",\"logo\":{\"@type\":\"ImageObject\",\"inLanguage\":\"pt-BR\",\"@id\":\"https:\/\/www.estrategiaconcursos.com.br\/blog\/#\/schema\/logo\/image\/\",\"url\":\"https:\/\/dhg1h5j42swfq.cloudfront.net\/2025\/06\/03203428\/logo_concursos-1.jpg\",\"contentUrl\":\"https:\/\/dhg1h5j42swfq.cloudfront.net\/2025\/06\/03203428\/logo_concursos-1.jpg\",\"width\":230,\"height\":60,\"caption\":\"Estrat\u00e9gia Concursos\"},\"image\":{\"@id\":\"https:\/\/www.estrategiaconcursos.com.br\/blog\/#\/schema\/logo\/image\/\"},\"sameAs\":[\"https:\/\/x.com\/EstratConcursos\"]},{\"@type\":\"Person\",\"@id\":\"https:\/\/www.estrategiaconcursos.com.br\/blog\/#\/schema\/person\/09924ae9dae935885ef15db075a3be15\",\"name\":\"Nelma Fontana\",\"image\":{\"@type\":\"ImageObject\",\"inLanguage\":\"pt-BR\",\"@id\":\"https:\/\/secure.gravatar.com\/avatar\/a2b4071a40b0ae857a4dfe2308130289bde3d65cc7674fb758d21a8b645071e5?s=96&d=mm&r=g\",\"url\":\"https:\/\/secure.gravatar.com\/avatar\/a2b4071a40b0ae857a4dfe2308130289bde3d65cc7674fb758d21a8b645071e5?s=96&d=mm&r=g\",\"contentUrl\":\"https:\/\/secure.gravatar.com\/avatar\/a2b4071a40b0ae857a4dfe2308130289bde3d65cc7674fb758d21a8b645071e5?s=96&d=mm&r=g\",\"caption\":\"Nelma Fontana\"},\"url\":\"https:\/\/www.estrategiaconcursos.com.br\/blog\/author\/fontananelmagmail-com\/\"}]}<\/script>\n<!-- \/ Yoast SEO Premium plugin. -->","yoast_head_json":{"title":"Passo a Passo para se Tornar Delegado da Pol\u00edcia Federal","description":"No evento desta quinta-feira, os professores Luiz Godoy e Rafael Dantas ir\u00e3o te mostrar o Passo a Passo para se tornar Delegado da PF. N\u00e3o perca!","robots":{"index":"index","follow":"follow","max-snippet":"max-snippet:-1","max-image-preview":"max-image-preview:large","max-video-preview":"max-video-preview:-1"},"canonical":"https:\/\/www.estrategiaconcursos.com.br\/blog\/passo-a-passo-delegado-da-policia-federal\/","og_locale":"pt_BR","og_type":"article","og_title":"Passo a Passo para se Tornar Delegado da Pol\u00edcia Federal","og_description":"No evento desta quinta-feira, os professores Luiz Godoy e Rafael Dantas ir\u00e3o te mostrar o Passo a Passo para se tornar Delegado da PF. N\u00e3o perca!","og_url":"https:\/\/www.estrategiaconcursos.com.br\/blog\/passo-a-passo-delegado-da-policia-federal\/","og_site_name":"Estrat\u00e9gia Concursos","article_published_time":"2020-12-10T21:59:35+00:00","article_modified_time":"2023-06-30T13:04:08+00:00","og_image":[{"width":1280,"height":720,"url":"https:\/\/dhg1h5j42swfq.cloudfront.net\/2020\/12\/10145718\/ytb_pf.jpg","type":"image\/jpeg"}],"author":"Nelma Fontana","twitter_card":"summary_large_image","twitter_creator":"@EstratConcursos","twitter_site":"@EstratConcursos","twitter_misc":{"Escrito por":"Nelma Fontana","Est. tempo de leitura":"2 minutos"},"schema":{"@context":"https:\/\/schema.org","@graph":[{"@type":"NewsArticle","@id":"https:\/\/www.estrategiaconcursos.com.br\/blog\/passo-a-passo-delegado-da-policia-federal\/#article","isPartOf":{"@id":"https:\/\/www.estrategiaconcursos.com.br\/blog\/passo-a-passo-delegado-da-policia-federal\/"},"author":{"name":"Nelma Fontana","@id":"https:\/\/www.estrategiaconcursos.com.br\/blog\/#\/schema\/person\/09924ae9dae935885ef15db075a3be15"},"headline":"Passo a Passo para se Tornar Delegado da Pol\u00edcia Federal","datePublished":"2020-12-10T21:59:35+00:00","dateModified":"2023-06-30T13:04:08+00:00","mainEntityOfPage":{"@id":"https:\/\/www.estrategiaconcursos.com.br\/blog\/passo-a-passo-delegado-da-policia-federal\/"},"wordCount":387,"commentCount":0,"publisher":{"@id":"https:\/\/www.estrategiaconcursos.com.br\/blog\/#organization"},"image":{"@id":"https:\/\/www.estrategiaconcursos.com.br\/blog\/passo-a-passo-delegado-da-policia-federal\/#primaryimage"},"thumbnailUrl":"https:\/\/dhg1h5j42swfq.cloudfront.net\/2020\/12\/10145718\/ytb_pf.jpg","articleSection":["Jur\u00eddico"],"inLanguage":"pt-BR","potentialAction":[{"@type":"CommentAction","name":"Comment","target":["https:\/\/www.estrategiaconcursos.com.br\/blog\/passo-a-passo-delegado-da-policia-federal\/#respond"]}],"copyrightYear":"2020","copyrightHolder":{"@id":"https:\/\/www.estrategiaconcursos.com.br\/blog\/#organization"}},{"@type":"WebPage","@id":"https:\/\/www.estrategiaconcursos.com.br\/blog\/passo-a-passo-delegado-da-policia-federal\/","url":"https:\/\/www.estrategiaconcursos.com.br\/blog\/passo-a-passo-delegado-da-policia-federal\/","name":"Passo a Passo para se Tornar Delegado da Pol\u00edcia Federal","isPartOf":{"@id":"https:\/\/www.estrategiaconcursos.com.br\/blog\/#website"},"primaryImageOfPage":{"@id":"https:\/\/www.estrategiaconcursos.com.br\/blog\/passo-a-passo-delegado-da-policia-federal\/#primaryimage"},"image":{"@id":"https:\/\/www.estrategiaconcursos.com.br\/blog\/passo-a-passo-delegado-da-policia-federal\/#primaryimage"},"thumbnailUrl":"https:\/\/dhg1h5j42swfq.cloudfront.net\/2020\/12\/10145718\/ytb_pf.jpg","datePublished":"2020-12-10T21:59:35+00:00","dateModified":"2023-06-30T13:04:08+00:00","description":"No evento desta quinta-feira, os professores Luiz Godoy e Rafael Dantas ir\u00e3o te mostrar o Passo a Passo para se tornar Delegado da PF. N\u00e3o perca!","breadcrumb":{"@id":"https:\/\/www.estrategiaconcursos.com.br\/blog\/passo-a-passo-delegado-da-policia-federal\/#breadcrumb"},"inLanguage":"pt-BR","potentialAction":[{"@type":"ReadAction","target":["https:\/\/www.estrategiaconcursos.com.br\/blog\/passo-a-passo-delegado-da-policia-federal\/"]}]},{"@type":"ImageObject","inLanguage":"pt-BR","@id":"https:\/\/www.estrategiaconcursos.com.br\/blog\/passo-a-passo-delegado-da-policia-federal\/#primaryimage","url":"https:\/\/dhg1h5j42swfq.cloudfront.net\/2020\/12\/10145718\/ytb_pf.jpg","contentUrl":"https:\/\/dhg1h5j42swfq.cloudfront.net\/2020\/12\/10145718\/ytb_pf.jpg","width":1280,"height":720,"caption":"Passo a passo"},{"@type":"BreadcrumbList","@id":"https:\/\/www.estrategiaconcursos.com.br\/blog\/passo-a-passo-delegado-da-policia-federal\/#breadcrumb","itemListElement":[{"@type":"ListItem","position":1,"name":"In\u00edcio","item":"https:\/\/www.estrategiaconcursos.com.br\/blog\/"},{"@type":"ListItem","position":2,"name":"Passo a Passo para se Tornar Delegado da Pol\u00edcia Federal"}]},{"@type":"WebSite","@id":"https:\/\/www.estrategiaconcursos.com.br\/blog\/#website","url":"https:\/\/www.estrategiaconcursos.com.br\/blog\/","name":"Estrat\u00e9gia Concursos","description":"O blog da Estrat\u00e9gia Concursos traz not\u00edcias sobre concursos e artigos de professores oferecendo cursos para concursos (pdf + videaulas) no site.","publisher":{"@id":"https:\/\/www.estrategiaconcursos.com.br\/blog\/#organization"},"potentialAction":[{"@type":"SearchAction","target":{"@type":"EntryPoint","urlTemplate":"https:\/\/www.estrategiaconcursos.com.br\/blog\/?s={search_term_string}"},"query-input":{"@type":"PropertyValueSpecification","valueRequired":true,"valueName":"search_term_string"}}],"inLanguage":"pt-BR"},{"@type":"Organization","@id":"https:\/\/www.estrategiaconcursos.com.br\/blog\/#organization","name":"Estrat\u00e9gia Concursos","url":"https:\/\/www.estrategiaconcursos.com.br\/blog\/","logo":{"@type":"ImageObject","inLanguage":"pt-BR","@id":"https:\/\/www.estrategiaconcursos.com.br\/blog\/#\/schema\/logo\/image\/","url":"https:\/\/dhg1h5j42swfq.cloudfront.net\/2025\/06\/03203428\/logo_concursos-1.jpg","contentUrl":"https:\/\/dhg1h5j42swfq.cloudfront.net\/2025\/06\/03203428\/logo_concursos-1.jpg","width":230,"height":60,"caption":"Estrat\u00e9gia Concursos"},"image":{"@id":"https:\/\/www.estrategiaconcursos.com.br\/blog\/#\/schema\/logo\/image\/"},"sameAs":["https:\/\/x.com\/EstratConcursos"]},{"@type":"Person","@id":"https:\/\/www.estrategiaconcursos.com.br\/blog\/#\/schema\/person\/09924ae9dae935885ef15db075a3be15","name":"Nelma Fontana","image":{"@type":"ImageObject","inLanguage":"pt-BR","@id":"https:\/\/secure.gravatar.com\/avatar\/a2b4071a40b0ae857a4dfe2308130289bde3d65cc7674fb758d21a8b645071e5?s=96&d=mm&r=g","url":"https:\/\/secure.gravatar.com\/avatar\/a2b4071a40b0ae857a4dfe2308130289bde3d65cc7674fb758d21a8b645071e5?s=96&d=mm&r=g","contentUrl":"https:\/\/secure.gravatar.com\/avatar\/a2b4071a40b0ae857a4dfe2308130289bde3d65cc7674fb758d21a8b645071e5?s=96&d=mm&r=g","caption":"Nelma Fontana"},"url":"https:\/\/www.estrategiaconcursos.com.br\/blog\/author\/fontananelmagmail-com\/"}]}},"_links":{"self":[{"href":"https:\/\/www.estrategiaconcursos.com.br\/blog\/wp-json\/wp\/v2\/posts\/628109","targetHints":{"allow":["GET"]}}],"collection":[{"href":"https:\/\/www.estrategiaconcursos.com.br\/blog\/wp-json\/wp\/v2\/posts"}],"about":[{"href":"https:\/\/www.estrategiaconcursos.com.br\/blog\/wp-json\/wp\/v2\/types\/post"}],"author":[{"embeddable":true,"href":"https:\/\/www.estrategiaconcursos.com.br\/blog\/wp-json\/wp\/v2\/users\/492"}],"replies":[{"embeddable":true,"href":"https:\/\/www.estrategiaconcursos.com.br\/blog\/wp-json\/wp\/v2\/comments?post=628109"}],"version-history":[{"count":24,"href":"https:\/\/www.estrategiaconcursos.com.br\/blog\/wp-json\/wp\/v2\/posts\/628109\/revisions"}],"predecessor-version":[{"id":1241458,"href":"https:\/\/www.estrategiaconcursos.com.br\/blog\/wp-json\/wp\/v2\/posts\/628109\/revisions\/1241458"}],"wp:featuredmedia":[{"embeddable":true,"href":"https:\/\/www.estrategiaconcursos.com.br\/blog\/wp-json\/wp\/v2\/media\/628118"}],"wp:attachment":[{"href":"https:\/\/www.estrategiaconcursos.com.br\/blog\/wp-json\/wp\/v2\/media?parent=628109"}],"wp:term":[{"taxonomy":"category","embeddable":true,"href":"https:\/\/www.estrategiaconcursos.com.br\/blog\/wp-json\/wp\/v2\/categories?post=628109"},{"taxonomy":"post_tag","embeddable":true,"href":"https:\/\/www.estrategiaconcursos.com.br\/blog\/wp-json\/wp\/v2\/tags?post=628109"},{"taxonomy":"tax_estado","embeddable":true,"href":"https:\/\/www.estrategiaconcursos.com.br\/blog\/wp-json\/wp\/v2\/tax_estado?post=628109"}],"curies":[{"name":"wp","href":"https:\/\/api.w.org\/{rel}","templated":true}]}}