{"id":628003,"date":"2020-12-10T13:30:52","date_gmt":"2020-12-10T16:30:52","guid":{"rendered":"https:\/\/www.estrategiaconcursos.com.br\/blog\/?p=628003"},"modified":"2023-06-12T15:24:47","modified_gmt":"2023-06-12T18:24:47","slug":"autorizacoes-pc-rj","status":"publish","type":"post","link":"https:\/\/www.estrategiaconcursos.com.br\/blog\/autorizacoes-pc-rj\/","title":{"rendered":"Governo do RJ valida autoriza\u00e7\u00f5es para o concurso PC RJ"},"content":{"rendered":"\n<p>Em Despacho publicado na \u00faltima quarta-feira (9), o governador em exerc\u00edcio do Rio de Janeiro, Cl\u00e1udio Castro, convalidou as autoriza\u00e7\u00f5es para a abertura do <strong>concurso PC RJ<\/strong>, da Pol\u00edcia Civil. <\/p>\n\n\n\n<p>De acordo com o documento, ficam validadas as autoriza\u00e7\u00f5es para o concurso para os cargos de Delegado, Perito Legista, Inspetor de Pol\u00edcia, Investigador de Pol\u00edcia. Auxiliar e T\u00e9cnico de Necropsia e Perito Criminal. Confira abaixo:  <\/p>\n\n\n\n<figure class=\"wp-block-image aligncenter size-large is-resized\"><img loading=\"lazy\" decoding=\"async\" src=\"https:\/\/dhg1h5j42swfq.cloudfront.net\/2020\/12\/10131944\/image-99.png\" alt=\"\" class=\"wp-image-628004\" width=\"514\" height=\"331\" srcset=\"https:\/\/dhg1h5j42swfq.cloudfront.net\/2020\/12\/10131944\/image-99.png 578w, https:\/\/dhg1h5j42swfq.cloudfront.net\/2020\/12\/10131944\/image-99-300x193.png 300w\" sizes=\"auto, (max-width: 514px) 100vw, 514px\" \/><\/figure>\n\n\n\n<h3 class=\"wp-block-heading\">Vagas<\/h3>\n\n\n\n<p>A previs\u00e3o de 864 vagas para o concurso da Pol\u00edcia Civil do Rio de Janeiro foi confirmada em comunicado da Secretaria de Pol\u00edcia Civil (SEPOL) e <a rel=\"noreferrer noopener\" href=\"https:\/\/dhg1h5j42swfq.cloudfront.net\/2020\/12\/10122120\/convalidacao-pcerj-1.png\" target=\"_blank\">validada<\/a> em Despacho do governador em exerc\u00edcio, Cl\u00e1udio Castro. Confira abaixo as vagas e cargos contemplados:<\/p>\n\n\n\n<p><strong>Delegado<\/strong>&nbsp;(47 vagas);<br \/><strong>Perito Legista<\/strong>&nbsp;(54 vagas);<br \/><strong>Inspetor de Pol\u00edcia<\/strong>&nbsp;(597 vagas);<br \/><strong>Investigador Policial<\/strong>&nbsp;(118 vagas);<br \/><strong>T\u00e9cnico de Necropsia&nbsp;<\/strong>(16 vagas);<br \/><strong>Auxiliar de Necropsia<\/strong>&nbsp;(12 vagas); e<br \/><strong>Perito Criminal&nbsp;<\/strong>(20 vagas).<\/p>\n\n\n\n<p>Al\u00e9m disso, o texto explica que das oportunidades ofertadas, 73 vagas ser\u00e3o para convoca\u00e7\u00e3o imediata. <\/p>\n\n\n\n<p>Pelo que tudo indica, o certame ser\u00e1 publicado em 2021, isso porque foi publicada no Di\u00e1rio Oficial emenda modificativa que solicita a realoca\u00e7\u00e3o do or\u00e7amento do PLOA 2020, para realiza\u00e7\u00e3o de certames, para 2021.<\/p>\n\n\n\n<p>Para mais <a href=\"http:\/\/www.policiacivilrj.net.br\/\" target=\"_blank\" rel=\"noreferrer noopener\">informa\u00e7\u00f5es<\/a> sobre as autoriza\u00e7\u00f5es do concurso PC RJ, acesse o link abaixo:<\/p>\n\n\n\n<p class=\"has-text-align-center has-cyan-bluish-gray-background-color has-background\"><strong><a rel=\"noreferrer noopener\" href=\"https:\/\/www.estrategiaconcursos.com.br\/blog\/concurso-policia-civil-rj\/\" target=\"_blank\">Concurso Pol\u00edcia Civil do Rio de Janeiro<\/a><\/strong><\/p>\n\n\n\n<h2 class=\"wp-block-heading has-text-align-center\" id=\"cursos\"><strong><em>Quer estudar para Concurso Pol\u00edcia Civil RJ?<\/em><\/strong><\/h2>\n\n\n\n<p class=\"has-text-align-center\"><em><strong>Gostou desta oportunidade e deseja come\u00e7ar se preparar agora mesmo? Ent\u00e3o, confira os nossos cursos e comece a estudar para Pol\u00edcia Civil RJ:<\/strong><\/em><\/p>\n\n\n\n<div class=\"container\" id=\"boxes\">\n  <div class=\"row\">\n\n    <div class=\"col-sm\">\n      <div class=\"banner-policial\" id=\"box-assinatura\">\n        <h3 class=\"titulo-assinatura\">Curso PCRJ<\/h3>\n        <p class=\"subtitulo-assinatura\">Conhe\u00e7a os cursos<\/p>\n        <div class=\"box-botao\">\n          <a class=\"btn-assinatura\" target=\"_blank\" href=\"https:\/\/www.estrategiaconcursos.com.br\/cursosPorConcurso\/policia-civil-rj-pc-rj\/\/\" role=\"button\" rel=\"noopener noreferrer\">Conhe\u00e7a mais<\/a>\n        <\/div>\n      <\/div>\n      <p class=\"texto-auxiliar\">Prepare-se com o melhor material e com quem mais aprova em Concursos P\u00fablicos em todo o pa\u00eds. <\/p>\n    <\/div>\n\n  <\/div>\n<\/div>\n\n\n\n<div class=\"container\" id=\"boxes\">\n  <div class=\"row\">\n\n    <div class=\"col-sm\">\n      <div class=\"estrategia\" id=\"box-assinatura\">\n        <h3 class=\"titulo-assinatura\">Assinatura Ilimitada<\/h3>\n        <p class=\"subtitulo-assinatura\">Assinatura Anual Ilimitada*<\/p>\n        <div class=\"box-botao\">\n          <a class=\"btn-assinatura\" target=\"_blank\" href=\"https:\/\/www.estrategiaconcursos.com.br\/assinaturas\/\" role=\"button\" rel=\"noopener noreferrer\">ASSINE AGORA<\/a>\n        <\/div>\n      <\/div>\n      <p class=\"texto-auxiliar\">Prepare-se com o melhor material e com quem mais aprova em Concursos P\u00fablicos em todo o pa\u00eds. Assine agora a nossa Assinatura Anual e tenha acesso ilimitado* a todos os nossos cursos.<\/p>\n    <\/div>\n\n    <div class=\"col-sm\">\n      <div class=\"questoes\" id=\"box-assinatura\">\n        <h3 class=\"titulo-assinatura\">Sistema de Quest\u00f5es<\/h3>\n        <p class=\"subtitulo-assinatura\">Assinatura Ilimitada*<\/p>\n        <div class=\"box-botao\">\n          <a class=\"btn-assinatura\" target=\"_blank\" href=\"https:\/\/www.estrategiaconcursos.com.br\/cursosPorConcurso\/sistema-de-questoes\/#\/\" role=\"button\" rel=\"noopener noreferrer\">ASSINE AGORA<\/a>\n        <\/div>\n      <\/div>\n      <p class=\"texto-auxiliar\">Estrat\u00e9gia Quest\u00f5es nasceu maior do que todos os concorrentes, com mais quest\u00f5es cadastradas e mais solu\u00e7\u00f5es por professores. Clique no link e aproveite os descontos e b\u00f4nus imperd\u00edveis!<\/p>\n    <\/div>\n  <\/div>\n<\/div>\n","protected":false},"excerpt":{"rendered":"<p>Em Despacho publicado na \u00faltima quarta-feira (9), o governador em exerc\u00edcio do Rio de Janeiro, Cl\u00e1udio Castro, convalidou as autoriza\u00e7\u00f5es para a abertura do concurso PC RJ, da Pol\u00edcia Civil. De acordo com o documento, ficam validadas as autoriza\u00e7\u00f5es para o concurso para os cargos de Delegado, Perito Legista, Inspetor de Pol\u00edcia, Investigador de Pol\u00edcia. [&hellip;]<\/p>\n","protected":false},"author":248,"featured_media":627336,"comment_status":"open","ping_status":"closed","sticky":false,"template":"","format":"standard","meta":{"post_tipo":"article","footnotes":""},"categories":[1988],"tags":[],"tax_estado":[219982],"class_list":["post-628003","post","type-post","status-publish","format-standard","has-post-thumbnail","hentry","category-policia","tax_estado-rj"],"acf":[],"yoast_head":"<!-- This site is optimized with the Yoast SEO Premium plugin v27.2 (Yoast SEO v27.2) - https:\/\/yoast.com\/product\/yoast-seo-premium-wordpress\/ -->\n<title>Governo do RJ valida autoriza\u00e7\u00f5es para o concurso PC RJ<\/title>\n<meta name=\"description\" content=\"Em Despacho, o governador em exerc\u00edcio do Rio de Janeiro, Cl\u00e1udio Castro, convalidou as autoriza\u00e7\u00f5es para a abertura do concurso PC RJ. Confira!\" \/>\n<meta name=\"robots\" content=\"index, follow, max-snippet:-1, max-image-preview:large, max-video-preview:-1\" \/>\n<link rel=\"canonical\" href=\"https:\/\/www.estrategiaconcursos.com.br\/blog\/autorizacoes-pc-rj\/\" \/>\n<meta property=\"og:locale\" content=\"pt_BR\" \/>\n<meta property=\"og:type\" content=\"article\" \/>\n<meta property=\"og:title\" content=\"Governo do RJ valida autoriza\u00e7\u00f5es para o concurso PC RJ\" \/>\n<meta property=\"og:description\" content=\"Em Despacho, o governador em exerc\u00edcio do Rio de Janeiro, Cl\u00e1udio Castro, convalidou as autoriza\u00e7\u00f5es para a abertura do concurso PC RJ. Confira!\" \/>\n<meta property=\"og:url\" content=\"https:\/\/www.estrategiaconcursos.com.br\/blog\/autorizacoes-pc-rj\/\" \/>\n<meta property=\"og:site_name\" content=\"Estrat\u00e9gia Concursos\" \/>\n<meta property=\"article:published_time\" content=\"2020-12-10T16:30:52+00:00\" \/>\n<meta property=\"article:modified_time\" content=\"2023-06-12T18:24:47+00:00\" \/>\n<meta property=\"og:image\" content=\"https:\/\/dhg1h5j42swfq.cloudfront.net\/2020\/12\/09160517\/pcrj.jpeg\" \/>\n\t<meta property=\"og:image:width\" content=\"1280\" \/>\n\t<meta property=\"og:image:height\" content=\"853\" \/>\n\t<meta property=\"og:image:type\" content=\"image\/jpeg\" \/>\n<meta name=\"author\" content=\"Marcos Gir\u00e3o\" \/>\n<meta name=\"twitter:card\" content=\"summary_large_image\" \/>\n<meta name=\"twitter:creator\" content=\"@EstratConcursos\" \/>\n<meta name=\"twitter:site\" content=\"@EstratConcursos\" \/>\n<meta name=\"twitter:label1\" content=\"Escrito por\" \/>\n\t<meta name=\"twitter:data1\" content=\"Marcos Gir\u00e3o\" \/>\n\t<meta name=\"twitter:label2\" content=\"Est. tempo de leitura\" \/>\n\t<meta name=\"twitter:data2\" content=\"2 minutos\" \/>\n<script type=\"application\/ld+json\" class=\"yoast-schema-graph\">{\"@context\":\"https:\/\/schema.org\",\"@graph\":[{\"@type\":\"NewsArticle\",\"@id\":\"https:\/\/www.estrategiaconcursos.com.br\/blog\/autorizacoes-pc-rj\/#article\",\"isPartOf\":{\"@id\":\"https:\/\/www.estrategiaconcursos.com.br\/blog\/autorizacoes-pc-rj\/\"},\"author\":{\"name\":\"Marcos Gir\u00e3o\",\"@id\":\"https:\/\/www.estrategiaconcursos.com.br\/blog\/#\/schema\/person\/6be195b7a02a8ca214472b848686bb37\"},\"headline\":\"Governo do RJ valida autoriza\u00e7\u00f5es para o concurso PC RJ\",\"datePublished\":\"2020-12-10T16:30:52+00:00\",\"dateModified\":\"2023-06-12T18:24:47+00:00\",\"mainEntityOfPage\":{\"@id\":\"https:\/\/www.estrategiaconcursos.com.br\/blog\/autorizacoes-pc-rj\/\"},\"wordCount\":384,\"commentCount\":0,\"publisher\":{\"@id\":\"https:\/\/www.estrategiaconcursos.com.br\/blog\/#organization\"},\"image\":{\"@id\":\"https:\/\/www.estrategiaconcursos.com.br\/blog\/autorizacoes-pc-rj\/#primaryimage\"},\"thumbnailUrl\":\"https:\/\/dhg1h5j42swfq.cloudfront.net\/2020\/12\/09160517\/pcrj.jpeg\",\"articleSection\":[\"Policial (Agente, Escriv\u00e3o e Investigador)\"],\"inLanguage\":\"pt-BR\",\"potentialAction\":[{\"@type\":\"CommentAction\",\"name\":\"Comment\",\"target\":[\"https:\/\/www.estrategiaconcursos.com.br\/blog\/autorizacoes-pc-rj\/#respond\"]}],\"copyrightYear\":\"2020\",\"copyrightHolder\":{\"@id\":\"https:\/\/www.estrategiaconcursos.com.br\/blog\/#organization\"}},{\"@type\":\"WebPage\",\"@id\":\"https:\/\/www.estrategiaconcursos.com.br\/blog\/autorizacoes-pc-rj\/\",\"url\":\"https:\/\/www.estrategiaconcursos.com.br\/blog\/autorizacoes-pc-rj\/\",\"name\":\"Governo do RJ valida autoriza\u00e7\u00f5es para o concurso PC RJ\",\"isPartOf\":{\"@id\":\"https:\/\/www.estrategiaconcursos.com.br\/blog\/#website\"},\"primaryImageOfPage\":{\"@id\":\"https:\/\/www.estrategiaconcursos.com.br\/blog\/autorizacoes-pc-rj\/#primaryimage\"},\"image\":{\"@id\":\"https:\/\/www.estrategiaconcursos.com.br\/blog\/autorizacoes-pc-rj\/#primaryimage\"},\"thumbnailUrl\":\"https:\/\/dhg1h5j42swfq.cloudfront.net\/2020\/12\/09160517\/pcrj.jpeg\",\"datePublished\":\"2020-12-10T16:30:52+00:00\",\"dateModified\":\"2023-06-12T18:24:47+00:00\",\"description\":\"Em Despacho, o governador em exerc\u00edcio do Rio de Janeiro, Cl\u00e1udio Castro, convalidou as autoriza\u00e7\u00f5es para a abertura do concurso PC RJ. Confira!\",\"breadcrumb\":{\"@id\":\"https:\/\/www.estrategiaconcursos.com.br\/blog\/autorizacoes-pc-rj\/#breadcrumb\"},\"inLanguage\":\"pt-BR\",\"potentialAction\":[{\"@type\":\"ReadAction\",\"target\":[\"https:\/\/www.estrategiaconcursos.com.br\/blog\/autorizacoes-pc-rj\/\"]}]},{\"@type\":\"ImageObject\",\"inLanguage\":\"pt-BR\",\"@id\":\"https:\/\/www.estrategiaconcursos.com.br\/blog\/autorizacoes-pc-rj\/#primaryimage\",\"url\":\"https:\/\/dhg1h5j42swfq.cloudfront.net\/2020\/12\/09160517\/pcrj.jpeg\",\"contentUrl\":\"https:\/\/dhg1h5j42swfq.cloudfront.net\/2020\/12\/09160517\/pcrj.jpeg\",\"width\":1280,\"height\":853},{\"@type\":\"BreadcrumbList\",\"@id\":\"https:\/\/www.estrategiaconcursos.com.br\/blog\/autorizacoes-pc-rj\/#breadcrumb\",\"itemListElement\":[{\"@type\":\"ListItem\",\"position\":1,\"name\":\"In\u00edcio\",\"item\":\"https:\/\/www.estrategiaconcursos.com.br\/blog\/\"},{\"@type\":\"ListItem\",\"position\":2,\"name\":\"Governo do RJ valida autoriza\u00e7\u00f5es para o concurso PC RJ\"}]},{\"@type\":\"WebSite\",\"@id\":\"https:\/\/www.estrategiaconcursos.com.br\/blog\/#website\",\"url\":\"https:\/\/www.estrategiaconcursos.com.br\/blog\/\",\"name\":\"Estrat\u00e9gia Concursos\",\"description\":\"O blog da Estrat\u00e9gia Concursos traz not\u00edcias sobre concursos e artigos de professores oferecendo cursos para concursos (pdf + videaulas) no site.\",\"publisher\":{\"@id\":\"https:\/\/www.estrategiaconcursos.com.br\/blog\/#organization\"},\"potentialAction\":[{\"@type\":\"SearchAction\",\"target\":{\"@type\":\"EntryPoint\",\"urlTemplate\":\"https:\/\/www.estrategiaconcursos.com.br\/blog\/?s={search_term_string}\"},\"query-input\":{\"@type\":\"PropertyValueSpecification\",\"valueRequired\":true,\"valueName\":\"search_term_string\"}}],\"inLanguage\":\"pt-BR\"},{\"@type\":\"Organization\",\"@id\":\"https:\/\/www.estrategiaconcursos.com.br\/blog\/#organization\",\"name\":\"Estrat\u00e9gia Concursos\",\"url\":\"https:\/\/www.estrategiaconcursos.com.br\/blog\/\",\"logo\":{\"@type\":\"ImageObject\",\"inLanguage\":\"pt-BR\",\"@id\":\"https:\/\/www.estrategiaconcursos.com.br\/blog\/#\/schema\/logo\/image\/\",\"url\":\"https:\/\/dhg1h5j42swfq.cloudfront.net\/2025\/06\/03203428\/logo_concursos-1.jpg\",\"contentUrl\":\"https:\/\/dhg1h5j42swfq.cloudfront.net\/2025\/06\/03203428\/logo_concursos-1.jpg\",\"width\":230,\"height\":60,\"caption\":\"Estrat\u00e9gia Concursos\"},\"image\":{\"@id\":\"https:\/\/www.estrategiaconcursos.com.br\/blog\/#\/schema\/logo\/image\/\"},\"sameAs\":[\"https:\/\/x.com\/EstratConcursos\"]},{\"@type\":\"Person\",\"@id\":\"https:\/\/www.estrategiaconcursos.com.br\/blog\/#\/schema\/person\/6be195b7a02a8ca214472b848686bb37\",\"name\":\"Marcos Gir\u00e3o\",\"image\":{\"@type\":\"ImageObject\",\"inLanguage\":\"pt-BR\",\"@id\":\"https:\/\/secure.gravatar.com\/avatar\/ac5b9a36e2c99a8280e07b5763e3b764471d5b861c47521bfd2edffdfbb06fbd?s=96&d=mm&r=g\",\"url\":\"https:\/\/secure.gravatar.com\/avatar\/ac5b9a36e2c99a8280e07b5763e3b764471d5b861c47521bfd2edffdfbb06fbd?s=96&d=mm&r=g\",\"contentUrl\":\"https:\/\/secure.gravatar.com\/avatar\/ac5b9a36e2c99a8280e07b5763e3b764471d5b861c47521bfd2edffdfbb06fbd?s=96&d=mm&r=g\",\"caption\":\"Marcos Gir\u00e3o\"},\"url\":\"https:\/\/www.estrategiaconcursos.com.br\/blog\/author\/marcosgiraoestrategiaconcursos-com-br\/\"}]}<\/script>\n<!-- \/ Yoast SEO Premium plugin. -->","yoast_head_json":{"title":"Governo do RJ valida autoriza\u00e7\u00f5es para o concurso PC RJ","description":"Em Despacho, o governador em exerc\u00edcio do Rio de Janeiro, Cl\u00e1udio Castro, convalidou as autoriza\u00e7\u00f5es para a abertura do concurso PC RJ. Confira!","robots":{"index":"index","follow":"follow","max-snippet":"max-snippet:-1","max-image-preview":"max-image-preview:large","max-video-preview":"max-video-preview:-1"},"canonical":"https:\/\/www.estrategiaconcursos.com.br\/blog\/autorizacoes-pc-rj\/","og_locale":"pt_BR","og_type":"article","og_title":"Governo do RJ valida autoriza\u00e7\u00f5es para o concurso PC RJ","og_description":"Em Despacho, o governador em exerc\u00edcio do Rio de Janeiro, Cl\u00e1udio Castro, convalidou as autoriza\u00e7\u00f5es para a abertura do concurso PC RJ. Confira!","og_url":"https:\/\/www.estrategiaconcursos.com.br\/blog\/autorizacoes-pc-rj\/","og_site_name":"Estrat\u00e9gia Concursos","article_published_time":"2020-12-10T16:30:52+00:00","article_modified_time":"2023-06-12T18:24:47+00:00","og_image":[{"width":1280,"height":853,"url":"https:\/\/dhg1h5j42swfq.cloudfront.net\/2020\/12\/09160517\/pcrj.jpeg","type":"image\/jpeg"}],"author":"Marcos Gir\u00e3o","twitter_card":"summary_large_image","twitter_creator":"@EstratConcursos","twitter_site":"@EstratConcursos","twitter_misc":{"Escrito por":"Marcos Gir\u00e3o","Est. tempo de leitura":"2 minutos"},"schema":{"@context":"https:\/\/schema.org","@graph":[{"@type":"NewsArticle","@id":"https:\/\/www.estrategiaconcursos.com.br\/blog\/autorizacoes-pc-rj\/#article","isPartOf":{"@id":"https:\/\/www.estrategiaconcursos.com.br\/blog\/autorizacoes-pc-rj\/"},"author":{"name":"Marcos Gir\u00e3o","@id":"https:\/\/www.estrategiaconcursos.com.br\/blog\/#\/schema\/person\/6be195b7a02a8ca214472b848686bb37"},"headline":"Governo do RJ valida autoriza\u00e7\u00f5es para o concurso PC RJ","datePublished":"2020-12-10T16:30:52+00:00","dateModified":"2023-06-12T18:24:47+00:00","mainEntityOfPage":{"@id":"https:\/\/www.estrategiaconcursos.com.br\/blog\/autorizacoes-pc-rj\/"},"wordCount":384,"commentCount":0,"publisher":{"@id":"https:\/\/www.estrategiaconcursos.com.br\/blog\/#organization"},"image":{"@id":"https:\/\/www.estrategiaconcursos.com.br\/blog\/autorizacoes-pc-rj\/#primaryimage"},"thumbnailUrl":"https:\/\/dhg1h5j42swfq.cloudfront.net\/2020\/12\/09160517\/pcrj.jpeg","articleSection":["Policial (Agente, Escriv\u00e3o e Investigador)"],"inLanguage":"pt-BR","potentialAction":[{"@type":"CommentAction","name":"Comment","target":["https:\/\/www.estrategiaconcursos.com.br\/blog\/autorizacoes-pc-rj\/#respond"]}],"copyrightYear":"2020","copyrightHolder":{"@id":"https:\/\/www.estrategiaconcursos.com.br\/blog\/#organization"}},{"@type":"WebPage","@id":"https:\/\/www.estrategiaconcursos.com.br\/blog\/autorizacoes-pc-rj\/","url":"https:\/\/www.estrategiaconcursos.com.br\/blog\/autorizacoes-pc-rj\/","name":"Governo do RJ valida autoriza\u00e7\u00f5es para o concurso PC RJ","isPartOf":{"@id":"https:\/\/www.estrategiaconcursos.com.br\/blog\/#website"},"primaryImageOfPage":{"@id":"https:\/\/www.estrategiaconcursos.com.br\/blog\/autorizacoes-pc-rj\/#primaryimage"},"image":{"@id":"https:\/\/www.estrategiaconcursos.com.br\/blog\/autorizacoes-pc-rj\/#primaryimage"},"thumbnailUrl":"https:\/\/dhg1h5j42swfq.cloudfront.net\/2020\/12\/09160517\/pcrj.jpeg","datePublished":"2020-12-10T16:30:52+00:00","dateModified":"2023-06-12T18:24:47+00:00","description":"Em Despacho, o governador em exerc\u00edcio do Rio de Janeiro, Cl\u00e1udio Castro, convalidou as autoriza\u00e7\u00f5es para a abertura do concurso PC RJ. Confira!","breadcrumb":{"@id":"https:\/\/www.estrategiaconcursos.com.br\/blog\/autorizacoes-pc-rj\/#breadcrumb"},"inLanguage":"pt-BR","potentialAction":[{"@type":"ReadAction","target":["https:\/\/www.estrategiaconcursos.com.br\/blog\/autorizacoes-pc-rj\/"]}]},{"@type":"ImageObject","inLanguage":"pt-BR","@id":"https:\/\/www.estrategiaconcursos.com.br\/blog\/autorizacoes-pc-rj\/#primaryimage","url":"https:\/\/dhg1h5j42swfq.cloudfront.net\/2020\/12\/09160517\/pcrj.jpeg","contentUrl":"https:\/\/dhg1h5j42swfq.cloudfront.net\/2020\/12\/09160517\/pcrj.jpeg","width":1280,"height":853},{"@type":"BreadcrumbList","@id":"https:\/\/www.estrategiaconcursos.com.br\/blog\/autorizacoes-pc-rj\/#breadcrumb","itemListElement":[{"@type":"ListItem","position":1,"name":"In\u00edcio","item":"https:\/\/www.estrategiaconcursos.com.br\/blog\/"},{"@type":"ListItem","position":2,"name":"Governo do RJ valida autoriza\u00e7\u00f5es para o concurso PC RJ"}]},{"@type":"WebSite","@id":"https:\/\/www.estrategiaconcursos.com.br\/blog\/#website","url":"https:\/\/www.estrategiaconcursos.com.br\/blog\/","name":"Estrat\u00e9gia Concursos","description":"O blog da Estrat\u00e9gia Concursos traz not\u00edcias sobre concursos e artigos de professores oferecendo cursos para concursos (pdf + videaulas) no site.","publisher":{"@id":"https:\/\/www.estrategiaconcursos.com.br\/blog\/#organization"},"potentialAction":[{"@type":"SearchAction","target":{"@type":"EntryPoint","urlTemplate":"https:\/\/www.estrategiaconcursos.com.br\/blog\/?s={search_term_string}"},"query-input":{"@type":"PropertyValueSpecification","valueRequired":true,"valueName":"search_term_string"}}],"inLanguage":"pt-BR"},{"@type":"Organization","@id":"https:\/\/www.estrategiaconcursos.com.br\/blog\/#organization","name":"Estrat\u00e9gia Concursos","url":"https:\/\/www.estrategiaconcursos.com.br\/blog\/","logo":{"@type":"ImageObject","inLanguage":"pt-BR","@id":"https:\/\/www.estrategiaconcursos.com.br\/blog\/#\/schema\/logo\/image\/","url":"https:\/\/dhg1h5j42swfq.cloudfront.net\/2025\/06\/03203428\/logo_concursos-1.jpg","contentUrl":"https:\/\/dhg1h5j42swfq.cloudfront.net\/2025\/06\/03203428\/logo_concursos-1.jpg","width":230,"height":60,"caption":"Estrat\u00e9gia Concursos"},"image":{"@id":"https:\/\/www.estrategiaconcursos.com.br\/blog\/#\/schema\/logo\/image\/"},"sameAs":["https:\/\/x.com\/EstratConcursos"]},{"@type":"Person","@id":"https:\/\/www.estrategiaconcursos.com.br\/blog\/#\/schema\/person\/6be195b7a02a8ca214472b848686bb37","name":"Marcos Gir\u00e3o","image":{"@type":"ImageObject","inLanguage":"pt-BR","@id":"https:\/\/secure.gravatar.com\/avatar\/ac5b9a36e2c99a8280e07b5763e3b764471d5b861c47521bfd2edffdfbb06fbd?s=96&d=mm&r=g","url":"https:\/\/secure.gravatar.com\/avatar\/ac5b9a36e2c99a8280e07b5763e3b764471d5b861c47521bfd2edffdfbb06fbd?s=96&d=mm&r=g","contentUrl":"https:\/\/secure.gravatar.com\/avatar\/ac5b9a36e2c99a8280e07b5763e3b764471d5b861c47521bfd2edffdfbb06fbd?s=96&d=mm&r=g","caption":"Marcos Gir\u00e3o"},"url":"https:\/\/www.estrategiaconcursos.com.br\/blog\/author\/marcosgiraoestrategiaconcursos-com-br\/"}]}},"_links":{"self":[{"href":"https:\/\/www.estrategiaconcursos.com.br\/blog\/wp-json\/wp\/v2\/posts\/628003","targetHints":{"allow":["GET"]}}],"collection":[{"href":"https:\/\/www.estrategiaconcursos.com.br\/blog\/wp-json\/wp\/v2\/posts"}],"about":[{"href":"https:\/\/www.estrategiaconcursos.com.br\/blog\/wp-json\/wp\/v2\/types\/post"}],"author":[{"embeddable":true,"href":"https:\/\/www.estrategiaconcursos.com.br\/blog\/wp-json\/wp\/v2\/users\/248"}],"replies":[{"embeddable":true,"href":"https:\/\/www.estrategiaconcursos.com.br\/blog\/wp-json\/wp\/v2\/comments?post=628003"}],"version-history":[{"count":5,"href":"https:\/\/www.estrategiaconcursos.com.br\/blog\/wp-json\/wp\/v2\/posts\/628003\/revisions"}],"predecessor-version":[{"id":1230824,"href":"https:\/\/www.estrategiaconcursos.com.br\/blog\/wp-json\/wp\/v2\/posts\/628003\/revisions\/1230824"}],"wp:featuredmedia":[{"embeddable":true,"href":"https:\/\/www.estrategiaconcursos.com.br\/blog\/wp-json\/wp\/v2\/media\/627336"}],"wp:attachment":[{"href":"https:\/\/www.estrategiaconcursos.com.br\/blog\/wp-json\/wp\/v2\/media?parent=628003"}],"wp:term":[{"taxonomy":"category","embeddable":true,"href":"https:\/\/www.estrategiaconcursos.com.br\/blog\/wp-json\/wp\/v2\/categories?post=628003"},{"taxonomy":"post_tag","embeddable":true,"href":"https:\/\/www.estrategiaconcursos.com.br\/blog\/wp-json\/wp\/v2\/tags?post=628003"},{"taxonomy":"tax_estado","embeddable":true,"href":"https:\/\/www.estrategiaconcursos.com.br\/blog\/wp-json\/wp\/v2\/tax_estado?post=628003"}],"curies":[{"name":"wp","href":"https:\/\/api.w.org\/{rel}","templated":true}]}}