{"id":62652,"date":"2017-01-24T20:55:06","date_gmt":"2017-01-24T23:55:06","guid":{"rendered":"https:\/\/www.estrategiaconcursos.com.br\/blog\/?p=62652"},"modified":"2017-02-08T14:46:31","modified_gmt":"2017-02-08T17:46:31","slug":"comentarios-prova-de-atualidades-do-tjm-sp","status":"publish","type":"post","link":"https:\/\/www.estrategiaconcursos.com.br\/blog\/comentarios-prova-de-atualidades-do-tjm-sp\/","title":{"rendered":"Coment\u00e1rios \u00e0 prova de Atualidades do TJM-SP"},"content":{"rendered":"<p style=\"text-align: justify\">\n\tCaros alunos,\n<\/p>\n<p style=\"text-align: justify\">\n\tSeguem os meus coment&aacute;rios &agrave; prova de Atualidades do TJM-SP. Foi uma prova tranquila, com quest&otilde;es f&aacute;ceis e sem pol&ecirc;micas, bem no estilo da Vunesp. Concordo com o gabarito da banca.\n<\/p>\n<p style=\"text-align: justify\">\n\tVejamos as quest&otilde;es:\n<\/p>\n<p style=\"text-align: justify\">\n\t<strong>21. Leia as not&iacute;cias a seguir.<\/strong>\n<\/p>\n<p style=\"text-align: justify\">\n\t<strong>I. A Pol&iacute;cia Federal prendeu, na manh&atilde; desta quinta (17 de novembro), o ex-governador do Rio de Janeiro. Ele &eacute; alvo de uma opera&ccedil;&atilde;o que apura casos de corrup&ccedil;&atilde;o do governo estadual. O preju&iacute;zo &eacute; estimado em mais de R$ 220 milh&otilde;es. A opera&ccedil;&atilde;o desta quinta, que foi batizada de Calicute, &eacute; resultado da a&ccedil;&atilde;o&nbsp;&nbsp; coordenada entre as for&ccedil;as-tarefa da Lava Jato do Rio e do Paran&aacute;.<\/strong>\n<\/p>\n<p style=\"text-align: justify\">\n\t<strong>(G1, 17.11.2016. Dispon&iacute;vel em: &lt;https:\/\/goo.gl\/u4uSOH&gt;. Adaptado)<\/strong>\n<\/p>\n<p style=\"text-align: justify\">\n\t<strong>II. O secret&aacute;rio de Governo de Campos dos Goytacazes e ex-governador do Rio de Janeiro foi preso por agentes da Pol&iacute;cia Federal. Ele &eacute; um dos investigados na Opera&ccedil;&atilde;o Chequinho, que apura o uso do programa social Cheque Cidad&atilde;o para compra de votos na cidade em 2016. O ex-governador foi preso preventivamente, o que significa que n&atilde;o h&aacute; prazo para&nbsp;&nbsp; liberta&ccedil;&atilde;o.<\/strong>\n<\/p>\n<p style=\"text-align: justify\">\n\t<strong>(G1, 16.11.2016. Dispon&iacute;vel em: &lt;https:\/\/goo.gl\/RdKJZS&gt;. Adaptado)<\/strong>\n<\/p>\n<p style=\"text-align: justify\">\n\t<strong>As not&iacute;cias I e II tratam, respectivamente, de<\/strong>\n<\/p>\n<p style=\"text-align: justify\">\n\t<strong>(A)&nbsp; Benedita da Silva e Rosinha Garotinho.<\/strong>\n<\/p>\n<p style=\"text-align: justify\">\n\t<strong>(B)&nbsp; Luiz Fernando Pez&atilde;o e Eduardo Paes.<\/strong>\n<\/p>\n<p style=\"text-align: justify\">\n\t<strong>(C)&nbsp; Marcelo Freixo e Marcelo Crivella.<\/strong>\n<\/p>\n<p style=\"text-align: justify\">\n\t<strong>(D)&nbsp; S&eacute;rgio Cabral e Anthony Garotinho.<\/strong>\n<\/p>\n<p style=\"text-align: justify\">\n\t<strong>(E)&nbsp; C&eacute;sar Maia e Luiz Paulo Conde.<\/strong>\n<\/p>\n<p style=\"text-align: justify\">\n\t<strong><u>COMENT&Aacute;RIOS:<\/u><\/strong> Se tem uma banca que tem cobrado, nas provas de Atualidades, fatos relacionados &agrave; corrup&ccedil;&atilde;o, &eacute; a Vunesp. T&aacute; estudando para algum concurso da Vunesp? Ent&atilde;o se liga nas not&iacute;cias sobre corrup&ccedil;&atilde;o no Brasil. O ex-governador do Rio de Janeiro, S&eacute;rgio Cabral, foi preso na Opera&ccedil;&atilde;o Calicute. Posteriormente, a sua esposa, Adriana Ancelmo, tamb&eacute;m foi presa. Ambos continuam na cadeia. A opera&ccedil;&atilde;o investiga casos de corrup&ccedil;&atilde;o no governo do Rio de Janeiro, quando S&eacute;rgio Cabral foi governador, e &eacute; resultado da a&ccedil;&atilde;o coordenada entre as for&ccedil;as-tarefa da Lava Jato do Rio e do Paran&aacute;. Outro ex-governador que foi preso &eacute; Anthony Garotinho. A pris&atilde;o se deu no &acirc;mbito da Opera&ccedil;&atilde;o Chequinho, que apura o uso do programa social Cheque Cidad&atilde;o para compra de votos em Campos dos Goytacazes, no &acirc;mbito das elei&ccedil;&otilde;es de 2016. Posteriormente, por decis&atilde;o da Justi&ccedil;a, o ex-governador foi solto.\n<\/p>\n<p style=\"text-align: justify\">\n\t<span style=\"color:#0000FF\"><strong>Gabarito: D<\/strong><\/span>\n<\/p>\n<p style=\"text-align: justify\">\n\t<strong>22. O cantor e compositor norte-americano de cl&aacute;ssicos como &ldquo;Blowin&rsquo; in the Wind&rdquo; e &ldquo;Like a Rolling Stone&rdquo; &eacute; o vencedor do pr&ecirc;mio Nobel de Literatura de 2016. A&nbsp;&nbsp; not&iacute;cia foi recebida com surpresa: no ambiente geralmente formal, ouviram-se gritos e aplausos na sala onde a porta-voz da Academia Sueca fez o an&uacute;ncio nesta quinta-feira (13 de outubro), em Estocolmo. O cantor foi agraciado por ter &ldquo;criado novas express&otilde;es po&eacute;ticas dentro da grande tradicional can&ccedil;&atilde;o americana&rdquo;.<\/strong>\n<\/p>\n<p style=\"text-align: justify\">\n\t<strong>(UOL, 13.10.2016. Dispon&iacute;vel em: &lt;https:\/\/goo.gl\/T5heSm&gt;. Adaptado)<\/strong>\n<\/p>\n<p style=\"text-align: justify\">\n\t<strong>O ganhador do pr&ecirc;mio foi<\/strong>\n<\/p>\n<p style=\"text-align: justify\">\n\t<strong>(A)&nbsp; Elton John.<\/strong>\n<\/p>\n<p style=\"text-align: justify\">\n\t<strong>(B)&nbsp; Bob Dylan.<\/strong>\n<\/p>\n<p style=\"text-align: justify\">\n\t<strong>(C)&nbsp; Paul McCartney.<\/strong>\n<\/p>\n<p style=\"text-align: justify\">\n\t<strong>(D)&nbsp; Mick Jagger.<\/strong>\n<\/p>\n<p style=\"text-align: justify\">\n\t<strong>(E)&nbsp; Eric Clapton.<\/strong>\n<\/p>\n<p style=\"text-align: justify\">\n\t<strong><u>COMENT&Aacute;RIOS:<\/u><\/strong> O Pr&ecirc;mio Nobel &eacute; figurinha carimbada nas provas de Atualidades da Vunesp. No ano que vem, vai cair de novo. Fica a dica. Bob Dylan foi o laureado com o Pr&ecirc;mio Nobel de Literatura de 2016.\n<\/p>\n<p style=\"text-align: justify\">\n\t<span style=\"color:#0000FF\"><strong>Gabarito: B<\/strong><\/span>\n<\/p>\n<p style=\"text-align: justify\">\n\t<strong>23. <em>Com Trump eleito, medo toma conta da comunidade mu&ccedil;ulmana nos EUA<\/em><\/strong>\n<\/p>\n<p style=\"text-align: justify\">\n\t<strong>O pa&iacute;s elegeu o republicano, querido pela maioria dos movimentos extremistas. Vivem nos EUA 3,3 milh&otilde;es de&nbsp;&nbsp; mu&ccedil;ulmanos, 1% da popula&ccedil;&atilde;o. Na comunidade, &eacute; forte a fobia de uma Casa Branca sob a guarda do empres&aacute;rio.<\/strong>\n<\/p>\n<p style=\"text-align: justify\">\n\t<strong>(Folha, 12.11.2016. Dispon&iacute;vel em: &lt;https:\/\/goo.gl\/EzXE46&gt;. Adaptado)<\/strong>\n<\/p>\n<p style=\"text-align: justify\">\n\t<strong>Tal fobia deve-se &agrave; proposta de campanha de Trump de<\/strong>\n<\/p>\n<p style=\"text-align: justify\">\n\t<strong>(A)&nbsp; vetar a entrada de mu&ccedil;ulmanos nos EUA, especialmente de pa&iacute;ses com hist&oacute;rico terrorista.<\/strong>\n<\/p>\n<p style=\"text-align: justify\">\n\t<strong>(B)&nbsp; proibir a constru&ccedil;&atilde;o de novas mesquitas no pa&iacute;s, impedindo a dissemina&ccedil;&atilde;o da religi&atilde;o.<\/strong>\n<\/p>\n<p style=\"text-align: justify\">\n\t<strong>(C)&nbsp; criminalizar o culto isl&acirc;mico em espa&ccedil;os p&uacute;blicos, restringindo-o &agrave; pr&aacute;tica dom&eacute;stica.<\/strong>\n<\/p>\n<p style=\"text-align: justify\">\n\t<strong>(D)&nbsp; expulsar a popula&ccedil;&atilde;o mu&ccedil;ulmana estrangeira residente nos EUA, cassando os seus vistos.<\/strong>\n<\/p>\n<p style=\"text-align: justify\">\n\t<strong>(E)&nbsp; censurar a utiliza&ccedil;&atilde;o de roupas mu&ccedil;ulmanas, tais como o v&eacute;u utilizado por mulheres.<\/strong>\n<\/p>\n<p style=\"text-align: justify\">\n\t<strong><u>COMENT&Aacute;RIOS:<\/u><\/strong> Donald Trump &eacute; um presidente pol&ecirc;mico. Preste aten&ccedil;&atilde;o no que ele fala e faz. N&atilde;o vai cair, vai despencar nas provas de Atualidades. Presidente eleito dos EUA, empossado em janeiro de 2017, prometeu na campanha eleitoral que vai vetar a entrada de mu&ccedil;ulmanos nos EUA, especialmente de pa&iacute;ses com hist&oacute;rico terrorista. Correta a alternativa (A), as demais s&atilde;o falsas, n&atilde;o correspondem a promessas de campanha de Trump.\n<\/p>\n<p style=\"text-align: justify\">\n\t<span style=\"color:#0000FF\"><strong>Gabarito: A<\/strong><\/span>\n<\/p>\n<p style=\"text-align: justify\">\n\t<strong>24. De sa&iacute;da do governo, o ex-ministro da Cultura, Marcelo Calero, acusa o ministro Geddel Vieira Lima (Governo) de t&ecirc;-lo pressionado para favorecer seus interesses pessoais. Calero diz que o articulador pol&iacute;tico do governo Temer o procurou pelo menos cinco vezes, por telefone e pessoalmente.<\/strong>\n<\/p>\n<p style=\"text-align: justify\">\n\t<strong>(Folha, 19.11.2016. Dispon&iacute;vel em: &lt;https:\/\/goo.gl\/YjmzVm&gt;. Adaptado)<\/strong>\n<\/p>\n<p style=\"text-align: justify\">\n\t<strong>Marcelo Calero acusa Geddel Vieira Lima de pressionar o Iphan (Instituto do Patrim&ocirc;nio Hist&oacute;rico e Art&iacute;stico Nacional), &oacute;rg&atilde;o subordinado &agrave; Cultura, a<\/strong>\n<\/p>\n<p style=\"text-align: justify\">\n\t<strong>(A)&nbsp; aprovar projeto imobili&aacute;rio de interesse particular de Geddel localizado nas cercanias de bens hist&oacute;ricos tombados pelo patrim&ocirc;nio.<\/strong>\n<\/p>\n<p style=\"text-align: justify\">\n\t<strong>(B)&nbsp; financiar projetos de restauro de pr&eacute;dios hist&oacute;ricos que pertencem a empres&aacute;rios pr&oacute;ximos a Geddel que pretendem explor&aacute;-los economicamente.<\/strong>\n<\/p>\n<p style=\"text-align: justify\">\n\t<strong>(C)&nbsp; rejeitar o tombamento de uma nova &aacute;rea que est&aacute; em discuss&atilde;o no &oacute;rg&atilde;o para favorecer empreendimentos que interessam a Geddel.<\/strong>\n<\/p>\n<p style=\"text-align: justify\">\n\t<strong>(D)&nbsp; direcionar projetos, investimentos e recursos voltados &agrave; preserva&ccedil;&atilde;o do patrim&ocirc;nio hist&oacute;rico na regi&atilde;o da base eleitoral de Geddel.<\/strong>\n<\/p>\n<p style=\"text-align: justify\">\n\t<strong>(E)&nbsp; nomear aliados e pol&iacute;ticos pr&oacute;ximos a Geddel para fun&ccedil;&otilde;es estrat&eacute;gicas e cargos de confian&ccedil;a do &oacute;rg&atilde;o, favorecendo o loteamento de cargos.<\/strong>\n<\/p>\n<p style=\"text-align: justify\">\n\t<strong><u>COMENT&Aacute;RIOS:<\/u><\/strong> Olha a&iacute; pessoal, duas quest&otilde;es, na mesma prova de Atualidades, cobrando malfeitos de governantes. A Vunesp n&atilde;o tem medo de perguntar sobre corrup&ccedil;&atilde;o no Brasil. O ex-ministro da cultura, Marcelo Calero, acusou o tamb&eacute;m ex-ministro Geddel Vieira Lima de t&ecirc;-lo pressionado em rela&ccedil;&atilde;o a um parecer e licenciamento do Iphan (Instituto do Patrim&ocirc;nio Hist&oacute;rico e Art&iacute;stico Nacional), &oacute;rg&atilde;o subordinado &agrave; Cultura, relacionado ao projeto imobili&aacute;rio La Vue Ladeira da Barra, nos arredores de uma &aacute;rea tombada em Salvador. Geddel comprou um apartamento no empreendimento, que depende de uma autoriza&ccedil;&atilde;o federal do Iphan para obter o regular licenciamento da obra.\n<\/p>\n<p style=\"text-align: justify\">\n\t<span style=\"color:#0000FF\"><strong>Gabarito: A<\/strong><\/span>\n<\/p>\n<p style=\"text-align: justify\">\n\t<strong>25. O naufr&aacute;gio de quatro embarca&ccedil;&otilde;es desde ter&ccedil;a-feira (15 de novembro) deixou 340 mortos, elevando o n&uacute;mero de mortos desde janeiro para mais de 4.600. Em 2015, foram registradas 3.771 mortes na regi&atilde;o, um recorde at&eacute; ent&atilde;o.<\/strong>\n<\/p>\n<p style=\"text-align: justify\">\n\t<strong>(Folha, 17.11.2016. Dispon&iacute;vel em: &lt;https:\/\/goo.gl\/Ubgc5S&gt;. Adaptado)<\/strong>\n<\/p>\n<p style=\"text-align: justify\">\n\t<strong>Os naufr&aacute;gios est&atilde;o relacionados<\/strong>\n<\/p>\n<p style=\"text-align: justify\">\n\t<strong>(A)&nbsp; &agrave; pretens&atilde;o da popula&ccedil;&atilde;o cubana de fugir do pa&iacute;s, abalado pela pobreza, em busca de oportunidades e melhores condi&ccedil;&otilde;es de vida nos EUA.<\/strong>\n<\/p>\n<p style=\"text-align: justify\">\n\t<strong>(B)&nbsp; &agrave; situa&ccedil;&atilde;o belicosa existente na Pen&iacute;nsula da Crimeia, que coloca em oposi&ccedil;&atilde;o a Ucr&acirc;nia e a R&uacute;ssia e leva a popula&ccedil;&atilde;o a buscar abrigo no Mar Negro.<\/strong>\n<\/p>\n<p style=\"text-align: justify\">\n\t<strong>(C)&nbsp; &agrave;s tentativas de sa&iacute;da da popula&ccedil;&atilde;o da Coreia do Norte, que tenta navegar em dire&ccedil;&atilde;o &agrave; China por conta da situa&ccedil;&atilde;o de fome e mis&eacute;ria no pa&iacute;s.<\/strong>\n<\/p>\n<p style=\"text-align: justify\">\n\t<strong>(D)&nbsp; &agrave;s guerras civis e aos conflitos religiosos no sul do continente africano, que levaram a tentativas de fuga pelos oceanos &Iacute;ndico e Atl&acirc;ntico.<\/strong>\n<\/p>\n<p style=\"text-align: justify\">\n\t<strong>(E)&nbsp; aos imigrantes e refugiados que morreram afogados ou desapareceram ao tentar cruzar o Mediterr&acirc;neo em busca de asilo na Europa.<\/strong>\n<\/p>\n<p style=\"text-align: justify\">\n\t<strong><u>COMENT&Aacute;RIOS:<\/u><\/strong> A not&iacute;cia se refere &agrave; crise migrat&oacute;ria que vive a Uni&atilde;o Europeia. Nos &uacute;ltimos anos, fugindo de guerras e outros conflitos, milhares de africanos e asi&aacute;ticos buscam ref&uacute;gio em pa&iacute;ses da Uni&atilde;o Europeia. Uma das rotas utilizadas, principalmente pelos africanos, &eacute; a travessia pelo mar Mediterr&acirc;neo. Os migrantes realizam a travessia em embarca&ccedil;&otilde;es prec&aacute;rias e superlotadas, contratadas de traficantes de seres humanos. V&aacute;rias dessas embarca&ccedil;&otilde;es naufragam e muitos migrantes morrem afogados ou desaparecem no Mediterr&acirc;neo.\n<\/p>\n<p style=\"text-align: justify\">\n\t<span style=\"color:#0000FF\"><strong>Gabarito: E<\/strong><\/span>\n<\/p>\n<p style=\"text-align: justify\">\n\t&Eacute; isto a&iacute; galera.\n<\/p>\n<p style=\"text-align: justify\">\n\tSucesso no concurso!\n<\/p>\n<p style=\"text-align: justify\">\n\tGrande abra&ccedil;o,\n<\/p>\n<p style=\"text-align: justify\">\n\tProf. Leandro Signori<\/p>\n","protected":false},"excerpt":{"rendered":"<p>Caros alunos, Seguem os meus coment&aacute;rios &agrave; prova de Atualidades do TJM-SP. Foi uma prova tranquila, com quest&otilde;es f&aacute;ceis e sem pol&ecirc;micas, bem no estilo da Vunesp. Concordo com o gabarito da banca. Vejamos as quest&otilde;es: 21. Leia as not&iacute;cias a seguir. I. A Pol&iacute;cia Federal prendeu, na manh&atilde; desta quinta (17 de novembro), o [&hellip;]<\/p>\n","protected":false},"author":306,"featured_media":0,"comment_status":"open","ping_status":"open","sticky":false,"template":"","format":"standard","meta":{"post_tipo":"article","footnotes":""},"categories":[1,1984],"tags":[],"tax_estado":[],"class_list":["post-62652","post","type-post","status-publish","format-standard","hentry","category-cursos-e-concursos","category-tribunais"],"acf":[],"yoast_head":"<!-- This site is optimized with the Yoast SEO Premium plugin v27.2 (Yoast SEO v27.2) - https:\/\/yoast.com\/product\/yoast-seo-premium-wordpress\/ -->\n<title>Coment\u00e1rios \u00e0 prova de Atualidades do TJM-SP<\/title>\n<meta name=\"robots\" content=\"index, follow, max-snippet:-1, max-image-preview:large, max-video-preview:-1\" \/>\n<link rel=\"canonical\" href=\"https:\/\/www.estrategiaconcursos.com.br\/blog\/comentarios-prova-de-atualidades-do-tjm-sp\/\" \/>\n<meta property=\"og:locale\" content=\"pt_BR\" \/>\n<meta property=\"og:type\" content=\"article\" \/>\n<meta property=\"og:title\" content=\"Coment\u00e1rios \u00e0 prova de Atualidades do TJM-SP\" \/>\n<meta property=\"og:description\" content=\"Caros alunos, Seguem os meus coment&aacute;rios &agrave; prova de Atualidades do TJM-SP. Foi uma prova tranquila, com quest&otilde;es f&aacute;ceis e sem pol&ecirc;micas, bem no estilo da Vunesp. Concordo com o gabarito da banca. Vejamos as quest&otilde;es: 21. Leia as not&iacute;cias a seguir. I. A Pol&iacute;cia Federal prendeu, na manh&atilde; desta quinta (17 de novembro), o [&hellip;]\" \/>\n<meta property=\"og:url\" content=\"https:\/\/www.estrategiaconcursos.com.br\/blog\/comentarios-prova-de-atualidades-do-tjm-sp\/\" \/>\n<meta property=\"og:site_name\" content=\"Estrat\u00e9gia Concursos\" \/>\n<meta property=\"article:author\" content=\"https:\/\/www.facebook.com\/leandrosignoriatualidades\/\" \/>\n<meta property=\"article:published_time\" content=\"2017-01-24T23:55:06+00:00\" \/>\n<meta property=\"article:modified_time\" content=\"2017-02-08T17:46:31+00:00\" \/>\n<meta name=\"author\" content=\"Leandro Signori\" \/>\n<meta name=\"twitter:card\" content=\"summary_large_image\" \/>\n<meta name=\"twitter:creator\" content=\"@EstratConcursos\" \/>\n<meta name=\"twitter:site\" content=\"@EstratConcursos\" \/>\n<meta name=\"twitter:label1\" content=\"Escrito por\" \/>\n\t<meta name=\"twitter:data1\" content=\"Leandro Signori\" \/>\n\t<meta name=\"twitter:label2\" content=\"Est. tempo de leitura\" \/>\n\t<meta name=\"twitter:data2\" content=\"8 minutos\" \/>\n<script type=\"application\/ld+json\" class=\"yoast-schema-graph\">{\"@context\":\"https:\/\/schema.org\",\"@graph\":[{\"@type\":\"NewsArticle\",\"@id\":\"https:\/\/www.estrategiaconcursos.com.br\/blog\/comentarios-prova-de-atualidades-do-tjm-sp\/#article\",\"isPartOf\":{\"@id\":\"https:\/\/www.estrategiaconcursos.com.br\/blog\/comentarios-prova-de-atualidades-do-tjm-sp\/\"},\"author\":{\"name\":\"Leandro Signori\",\"@id\":\"https:\/\/www.estrategiaconcursos.com.br\/blog\/#\/schema\/person\/d2e7d78de4b9d6ba51cc24fd558a7f42\"},\"headline\":\"Coment\u00e1rios \u00e0 prova de Atualidades do TJM-SP\",\"datePublished\":\"2017-01-24T23:55:06+00:00\",\"dateModified\":\"2017-02-08T17:46:31+00:00\",\"mainEntityOfPage\":{\"@id\":\"https:\/\/www.estrategiaconcursos.com.br\/blog\/comentarios-prova-de-atualidades-do-tjm-sp\/\"},\"wordCount\":1705,\"commentCount\":1,\"publisher\":{\"@id\":\"https:\/\/www.estrategiaconcursos.com.br\/blog\/#organization\"},\"articleSection\":[\"Concursos P\u00fablicos\",\"Tribunais\"],\"inLanguage\":\"pt-BR\",\"potentialAction\":[{\"@type\":\"CommentAction\",\"name\":\"Comment\",\"target\":[\"https:\/\/www.estrategiaconcursos.com.br\/blog\/comentarios-prova-de-atualidades-do-tjm-sp\/#respond\"]}],\"copyrightYear\":\"2017\",\"copyrightHolder\":{\"@id\":\"https:\/\/www.estrategiaconcursos.com.br\/blog\/#organization\"}},{\"@type\":\"WebPage\",\"@id\":\"https:\/\/www.estrategiaconcursos.com.br\/blog\/comentarios-prova-de-atualidades-do-tjm-sp\/\",\"url\":\"https:\/\/www.estrategiaconcursos.com.br\/blog\/comentarios-prova-de-atualidades-do-tjm-sp\/\",\"name\":\"Coment\u00e1rios \u00e0 prova de Atualidades do TJM-SP\",\"isPartOf\":{\"@id\":\"https:\/\/www.estrategiaconcursos.com.br\/blog\/#website\"},\"datePublished\":\"2017-01-24T23:55:06+00:00\",\"dateModified\":\"2017-02-08T17:46:31+00:00\",\"breadcrumb\":{\"@id\":\"https:\/\/www.estrategiaconcursos.com.br\/blog\/comentarios-prova-de-atualidades-do-tjm-sp\/#breadcrumb\"},\"inLanguage\":\"pt-BR\",\"potentialAction\":[{\"@type\":\"ReadAction\",\"target\":[\"https:\/\/www.estrategiaconcursos.com.br\/blog\/comentarios-prova-de-atualidades-do-tjm-sp\/\"]}]},{\"@type\":\"BreadcrumbList\",\"@id\":\"https:\/\/www.estrategiaconcursos.com.br\/blog\/comentarios-prova-de-atualidades-do-tjm-sp\/#breadcrumb\",\"itemListElement\":[{\"@type\":\"ListItem\",\"position\":1,\"name\":\"In\u00edcio\",\"item\":\"https:\/\/www.estrategiaconcursos.com.br\/blog\/\"},{\"@type\":\"ListItem\",\"position\":2,\"name\":\"Coment\u00e1rios \u00e0 prova de Atualidades do TJM-SP\"}]},{\"@type\":\"WebSite\",\"@id\":\"https:\/\/www.estrategiaconcursos.com.br\/blog\/#website\",\"url\":\"https:\/\/www.estrategiaconcursos.com.br\/blog\/\",\"name\":\"Estrat\u00e9gia Concursos\",\"description\":\"O blog da Estrat\u00e9gia Concursos traz not\u00edcias sobre concursos e artigos de professores oferecendo cursos para concursos (pdf + videaulas) no site.\",\"publisher\":{\"@id\":\"https:\/\/www.estrategiaconcursos.com.br\/blog\/#organization\"},\"potentialAction\":[{\"@type\":\"SearchAction\",\"target\":{\"@type\":\"EntryPoint\",\"urlTemplate\":\"https:\/\/www.estrategiaconcursos.com.br\/blog\/?s={search_term_string}\"},\"query-input\":{\"@type\":\"PropertyValueSpecification\",\"valueRequired\":true,\"valueName\":\"search_term_string\"}}],\"inLanguage\":\"pt-BR\"},{\"@type\":\"Organization\",\"@id\":\"https:\/\/www.estrategiaconcursos.com.br\/blog\/#organization\",\"name\":\"Estrat\u00e9gia Concursos\",\"url\":\"https:\/\/www.estrategiaconcursos.com.br\/blog\/\",\"logo\":{\"@type\":\"ImageObject\",\"inLanguage\":\"pt-BR\",\"@id\":\"https:\/\/www.estrategiaconcursos.com.br\/blog\/#\/schema\/logo\/image\/\",\"url\":\"https:\/\/dhg1h5j42swfq.cloudfront.net\/2025\/06\/03203428\/logo_concursos-1.jpg\",\"contentUrl\":\"https:\/\/dhg1h5j42swfq.cloudfront.net\/2025\/06\/03203428\/logo_concursos-1.jpg\",\"width\":230,\"height\":60,\"caption\":\"Estrat\u00e9gia Concursos\"},\"image\":{\"@id\":\"https:\/\/www.estrategiaconcursos.com.br\/blog\/#\/schema\/logo\/image\/\"},\"sameAs\":[\"https:\/\/x.com\/EstratConcursos\"]},{\"@type\":\"Person\",\"@id\":\"https:\/\/www.estrategiaconcursos.com.br\/blog\/#\/schema\/person\/d2e7d78de4b9d6ba51cc24fd558a7f42\",\"name\":\"Leandro Signori\",\"image\":{\"@type\":\"ImageObject\",\"inLanguage\":\"pt-BR\",\"@id\":\"https:\/\/secure.gravatar.com\/avatar\/aa2ef98e93764dcf1758f52d2792d4b3e4089ee25bc520608dde62ad802ae541?s=96&d=mm&r=g\",\"url\":\"https:\/\/secure.gravatar.com\/avatar\/aa2ef98e93764dcf1758f52d2792d4b3e4089ee25bc520608dde62ad802ae541?s=96&d=mm&r=g\",\"contentUrl\":\"https:\/\/secure.gravatar.com\/avatar\/aa2ef98e93764dcf1758f52d2792d4b3e4089ee25bc520608dde62ad802ae541?s=96&d=mm&r=g\",\"caption\":\"Leandro Signori\"},\"description\":\"Licenciado em Geografia pela Universidade Federal do Rio Grande do Sul (UFRGS) e Bacharel em Geografia pela Uniceub (Bras\u00edlia). Como servidor p\u00fablico, foi funcion\u00e1rio da Prefeitura de S\u00e3o Leopoldo (RS), Prefeitura de Porto Alegre (RS), Companhia Riograndense de Saneamento (Corsan) e Minist\u00e9rio da Integra\u00e7\u00e3o Nacional. \u00c9 professor de Geografia para o ensino m\u00e9dio na rede particular de ensino. Leciona as disciplinas de Atualidades, Conhecimentos Gerais, Geografia, Realidade Brasileira e Hist\u00f3ria, em cursos on line e presenciais preparat\u00f3rios para concursos p\u00fablicos.\",\"sameAs\":[\"https:\/\/www.facebook.com\/leandrosignoriatualidades\/\"],\"url\":\"https:\/\/www.estrategiaconcursos.com.br\/blog\/author\/leandroestrategiaconcursos-com-br\/\"}]}<\/script>\n<!-- \/ Yoast SEO Premium plugin. -->","yoast_head_json":{"title":"Coment\u00e1rios \u00e0 prova de Atualidades do TJM-SP","robots":{"index":"index","follow":"follow","max-snippet":"max-snippet:-1","max-image-preview":"max-image-preview:large","max-video-preview":"max-video-preview:-1"},"canonical":"https:\/\/www.estrategiaconcursos.com.br\/blog\/comentarios-prova-de-atualidades-do-tjm-sp\/","og_locale":"pt_BR","og_type":"article","og_title":"Coment\u00e1rios \u00e0 prova de Atualidades do TJM-SP","og_description":"Caros alunos, Seguem os meus coment&aacute;rios &agrave; prova de Atualidades do TJM-SP. Foi uma prova tranquila, com quest&otilde;es f&aacute;ceis e sem pol&ecirc;micas, bem no estilo da Vunesp. Concordo com o gabarito da banca. Vejamos as quest&otilde;es: 21. Leia as not&iacute;cias a seguir. I. A Pol&iacute;cia Federal prendeu, na manh&atilde; desta quinta (17 de novembro), o [&hellip;]","og_url":"https:\/\/www.estrategiaconcursos.com.br\/blog\/comentarios-prova-de-atualidades-do-tjm-sp\/","og_site_name":"Estrat\u00e9gia Concursos","article_author":"https:\/\/www.facebook.com\/leandrosignoriatualidades\/","article_published_time":"2017-01-24T23:55:06+00:00","article_modified_time":"2017-02-08T17:46:31+00:00","author":"Leandro Signori","twitter_card":"summary_large_image","twitter_creator":"@EstratConcursos","twitter_site":"@EstratConcursos","twitter_misc":{"Escrito por":"Leandro Signori","Est. tempo de leitura":"8 minutos"},"schema":{"@context":"https:\/\/schema.org","@graph":[{"@type":"NewsArticle","@id":"https:\/\/www.estrategiaconcursos.com.br\/blog\/comentarios-prova-de-atualidades-do-tjm-sp\/#article","isPartOf":{"@id":"https:\/\/www.estrategiaconcursos.com.br\/blog\/comentarios-prova-de-atualidades-do-tjm-sp\/"},"author":{"name":"Leandro Signori","@id":"https:\/\/www.estrategiaconcursos.com.br\/blog\/#\/schema\/person\/d2e7d78de4b9d6ba51cc24fd558a7f42"},"headline":"Coment\u00e1rios \u00e0 prova de Atualidades do TJM-SP","datePublished":"2017-01-24T23:55:06+00:00","dateModified":"2017-02-08T17:46:31+00:00","mainEntityOfPage":{"@id":"https:\/\/www.estrategiaconcursos.com.br\/blog\/comentarios-prova-de-atualidades-do-tjm-sp\/"},"wordCount":1705,"commentCount":1,"publisher":{"@id":"https:\/\/www.estrategiaconcursos.com.br\/blog\/#organization"},"articleSection":["Concursos P\u00fablicos","Tribunais"],"inLanguage":"pt-BR","potentialAction":[{"@type":"CommentAction","name":"Comment","target":["https:\/\/www.estrategiaconcursos.com.br\/blog\/comentarios-prova-de-atualidades-do-tjm-sp\/#respond"]}],"copyrightYear":"2017","copyrightHolder":{"@id":"https:\/\/www.estrategiaconcursos.com.br\/blog\/#organization"}},{"@type":"WebPage","@id":"https:\/\/www.estrategiaconcursos.com.br\/blog\/comentarios-prova-de-atualidades-do-tjm-sp\/","url":"https:\/\/www.estrategiaconcursos.com.br\/blog\/comentarios-prova-de-atualidades-do-tjm-sp\/","name":"Coment\u00e1rios \u00e0 prova de Atualidades do TJM-SP","isPartOf":{"@id":"https:\/\/www.estrategiaconcursos.com.br\/blog\/#website"},"datePublished":"2017-01-24T23:55:06+00:00","dateModified":"2017-02-08T17:46:31+00:00","breadcrumb":{"@id":"https:\/\/www.estrategiaconcursos.com.br\/blog\/comentarios-prova-de-atualidades-do-tjm-sp\/#breadcrumb"},"inLanguage":"pt-BR","potentialAction":[{"@type":"ReadAction","target":["https:\/\/www.estrategiaconcursos.com.br\/blog\/comentarios-prova-de-atualidades-do-tjm-sp\/"]}]},{"@type":"BreadcrumbList","@id":"https:\/\/www.estrategiaconcursos.com.br\/blog\/comentarios-prova-de-atualidades-do-tjm-sp\/#breadcrumb","itemListElement":[{"@type":"ListItem","position":1,"name":"In\u00edcio","item":"https:\/\/www.estrategiaconcursos.com.br\/blog\/"},{"@type":"ListItem","position":2,"name":"Coment\u00e1rios \u00e0 prova de Atualidades do TJM-SP"}]},{"@type":"WebSite","@id":"https:\/\/www.estrategiaconcursos.com.br\/blog\/#website","url":"https:\/\/www.estrategiaconcursos.com.br\/blog\/","name":"Estrat\u00e9gia Concursos","description":"O blog da Estrat\u00e9gia Concursos traz not\u00edcias sobre concursos e artigos de professores oferecendo cursos para concursos (pdf + videaulas) no site.","publisher":{"@id":"https:\/\/www.estrategiaconcursos.com.br\/blog\/#organization"},"potentialAction":[{"@type":"SearchAction","target":{"@type":"EntryPoint","urlTemplate":"https:\/\/www.estrategiaconcursos.com.br\/blog\/?s={search_term_string}"},"query-input":{"@type":"PropertyValueSpecification","valueRequired":true,"valueName":"search_term_string"}}],"inLanguage":"pt-BR"},{"@type":"Organization","@id":"https:\/\/www.estrategiaconcursos.com.br\/blog\/#organization","name":"Estrat\u00e9gia Concursos","url":"https:\/\/www.estrategiaconcursos.com.br\/blog\/","logo":{"@type":"ImageObject","inLanguage":"pt-BR","@id":"https:\/\/www.estrategiaconcursos.com.br\/blog\/#\/schema\/logo\/image\/","url":"https:\/\/dhg1h5j42swfq.cloudfront.net\/2025\/06\/03203428\/logo_concursos-1.jpg","contentUrl":"https:\/\/dhg1h5j42swfq.cloudfront.net\/2025\/06\/03203428\/logo_concursos-1.jpg","width":230,"height":60,"caption":"Estrat\u00e9gia Concursos"},"image":{"@id":"https:\/\/www.estrategiaconcursos.com.br\/blog\/#\/schema\/logo\/image\/"},"sameAs":["https:\/\/x.com\/EstratConcursos"]},{"@type":"Person","@id":"https:\/\/www.estrategiaconcursos.com.br\/blog\/#\/schema\/person\/d2e7d78de4b9d6ba51cc24fd558a7f42","name":"Leandro Signori","image":{"@type":"ImageObject","inLanguage":"pt-BR","@id":"https:\/\/secure.gravatar.com\/avatar\/aa2ef98e93764dcf1758f52d2792d4b3e4089ee25bc520608dde62ad802ae541?s=96&d=mm&r=g","url":"https:\/\/secure.gravatar.com\/avatar\/aa2ef98e93764dcf1758f52d2792d4b3e4089ee25bc520608dde62ad802ae541?s=96&d=mm&r=g","contentUrl":"https:\/\/secure.gravatar.com\/avatar\/aa2ef98e93764dcf1758f52d2792d4b3e4089ee25bc520608dde62ad802ae541?s=96&d=mm&r=g","caption":"Leandro Signori"},"description":"Licenciado em Geografia pela Universidade Federal do Rio Grande do Sul (UFRGS) e Bacharel em Geografia pela Uniceub (Bras\u00edlia). Como servidor p\u00fablico, foi funcion\u00e1rio da Prefeitura de S\u00e3o Leopoldo (RS), Prefeitura de Porto Alegre (RS), Companhia Riograndense de Saneamento (Corsan) e Minist\u00e9rio da Integra\u00e7\u00e3o Nacional. \u00c9 professor de Geografia para o ensino m\u00e9dio na rede particular de ensino. Leciona as disciplinas de Atualidades, Conhecimentos Gerais, Geografia, Realidade Brasileira e Hist\u00f3ria, em cursos on line e presenciais preparat\u00f3rios para concursos p\u00fablicos.","sameAs":["https:\/\/www.facebook.com\/leandrosignoriatualidades\/"],"url":"https:\/\/www.estrategiaconcursos.com.br\/blog\/author\/leandroestrategiaconcursos-com-br\/"}]}},"_links":{"self":[{"href":"https:\/\/www.estrategiaconcursos.com.br\/blog\/wp-json\/wp\/v2\/posts\/62652","targetHints":{"allow":["GET"]}}],"collection":[{"href":"https:\/\/www.estrategiaconcursos.com.br\/blog\/wp-json\/wp\/v2\/posts"}],"about":[{"href":"https:\/\/www.estrategiaconcursos.com.br\/blog\/wp-json\/wp\/v2\/types\/post"}],"author":[{"embeddable":true,"href":"https:\/\/www.estrategiaconcursos.com.br\/blog\/wp-json\/wp\/v2\/users\/306"}],"replies":[{"embeddable":true,"href":"https:\/\/www.estrategiaconcursos.com.br\/blog\/wp-json\/wp\/v2\/comments?post=62652"}],"version-history":[{"count":3,"href":"https:\/\/www.estrategiaconcursos.com.br\/blog\/wp-json\/wp\/v2\/posts\/62652\/revisions"}],"predecessor-version":[{"id":62656,"href":"https:\/\/www.estrategiaconcursos.com.br\/blog\/wp-json\/wp\/v2\/posts\/62652\/revisions\/62656"}],"wp:attachment":[{"href":"https:\/\/www.estrategiaconcursos.com.br\/blog\/wp-json\/wp\/v2\/media?parent=62652"}],"wp:term":[{"taxonomy":"category","embeddable":true,"href":"https:\/\/www.estrategiaconcursos.com.br\/blog\/wp-json\/wp\/v2\/categories?post=62652"},{"taxonomy":"post_tag","embeddable":true,"href":"https:\/\/www.estrategiaconcursos.com.br\/blog\/wp-json\/wp\/v2\/tags?post=62652"},{"taxonomy":"tax_estado","embeddable":true,"href":"https:\/\/www.estrategiaconcursos.com.br\/blog\/wp-json\/wp\/v2\/tax_estado?post=62652"}],"curies":[{"name":"wp","href":"https:\/\/api.w.org\/{rel}","templated":true}]}}