{"id":62636,"date":"2017-01-24T19:12:42","date_gmt":"2017-01-24T22:12:42","guid":{"rendered":"https:\/\/www.estrategiaconcursos.com.br\/blog\/?p=62636"},"modified":"2017-01-26T18:07:08","modified_gmt":"2017-01-26T21:07:08","slug":"recursos-sedf-legislacao-educacional-monitor","status":"publish","type":"post","link":"https:\/\/www.estrategiaconcursos.com.br\/blog\/recursos-sedf-legislacao-educacional-monitor\/","title":{"rendered":"SEDF &#8211; RECURSOS &#8211; Legisla\u00e7\u00e3o Educacional &#8211; Monitor"},"content":{"rendered":"<p>\n\t<span style=\"color:#000000\">Ol&aacute; pessoal,<\/span>\n<\/p>\n<p>\n\t<span style=\"color:#000000\">&nbsp; &nbsp; &nbsp; &nbsp; &nbsp; <\/span>\n<\/p>\n<p>\n\t<span style=\"color:#000000\">&nbsp; &nbsp; &nbsp; &nbsp; &nbsp;seguem <\/span><span style=\"color:#FF0000\"><strong>as possibilidades de recursos<\/strong> <\/span><span style=\"color:#000000\"><strong>ao gabarito preliminar<\/strong> divulgado pelo CESPE para Monitor e tamb&eacute;m os meus coment&aacute;rios sobre os<\/span><span style=\"color:#000000\"> <\/span><span style=\"color:#FF0000\"><strong>gabaritos mais &ldquo;pol&ecirc;micos&rdquo;.<\/strong><\/span><span style=\"color:#000000\"><strong> <\/strong><\/span>\n<\/p>\n<p>\n\t<span style=\"color:#000000\">&nbsp; &nbsp; &nbsp; &nbsp; &nbsp;<\/span>\n<\/p>\n<p>\n\t<span style=\"color:#000000\">&nbsp; &nbsp; &nbsp; &nbsp; &nbsp; No meu&nbsp;<\/span><a href=\"https:\/\/www.estrategiaconcursos.com.br\/blog\/62571-2\/\"><span style=\"color:#0000FF\">post anterior<\/span><\/a><span style=\"color:#000000\">&nbsp;voc&ecirc; pode ler meus coment&aacute;rios sobre&nbsp;<\/span><span style=\"color:#0000FF\"><strong>todas as 47 quest&otilde;es de legisla&ccedil;&atilde;o educacional<\/strong> <\/span><span style=\"color:#000000\">exigidas na prova para Monitor SEDF.&nbsp;Embora seja anterior ao gabarito preliminar divulgado, concorda exatamente com este post mais atual e com o gabarito preliminar divulgado.<\/span>\n<\/p>\n<p>\n\t<span style=\"color:#000000\">&nbsp; &nbsp; &nbsp; &nbsp; &nbsp;<\/span>\n<\/p>\n<p>\n\t<span style=\"color:#000000\">&nbsp; &nbsp; &nbsp; &nbsp; &nbsp; Das 120 quest&otilde;es objetivas para Monitor, 47 exigiram o&nbsp;<strong>conhecimento das normas educacionais<\/strong>, representando expressivos&nbsp;<strong>39,17% da prova objetiva<\/strong>, fato que torna o bom desempenho, neste segmento da prova, fundamental &agrave; aprova&ccedil;&atilde;o.<\/span>\n<\/p>\n<p>\n\t<span style=\"color:#000000\">&nbsp; &nbsp; &nbsp; &nbsp;<\/span>\n<\/p>\n<p>\n\t<span style=\"color:#000000\">&nbsp; &nbsp; &nbsp; &nbsp; &nbsp; Esta import&acirc;ncia da legisla&ccedil;&atilde;o educacional&nbsp;<strong>superou a tend&ecirc;ncia baseada na m&eacute;dia hist&oacute;rica de cobran&ccedil;a da legisla&ccedil;&atilde;o educacional em provas objetivas do CESPE<\/strong>, entre 20 a 25%, que informei na aula 00 do curso de Legisla&ccedil;&atilde;o Educacional para Monitor SEDF, bem como em v&iacute;deo com dicas &agrave; SEDF no Youtube.<\/span>\n<\/p>\n<p>\n\t<span style=\"color:#000000\">&nbsp; &nbsp; &nbsp; &nbsp; &nbsp;<\/span>\n<\/p>\n<p>\n\t<span style=\"color:#000000\">&nbsp; &nbsp; &nbsp; &nbsp; &nbsp; Nesta prova, foi<strong>&nbsp;<\/strong><strong>elevado o n&iacute;vel de dificuldade na cobran&ccedil;a da legisla&ccedil;&atilde;o educacional<\/strong>, em especial, pela<strong> boa qualidade da maioria das quest&otilde;es<\/strong> e pelo fato da&nbsp;<strong>prova exigir o conhecimento do conte&uacute;do de todas as in&uacute;meras normas educacionais exigidas pelo edital do concurso<\/strong>.<\/span>\n<\/p>\n<p>\n\t<span style=\"color:#000000\">&nbsp;&nbsp; &nbsp; &nbsp;<\/span>\n<\/p>\n<p>\n\t<span style=\"color:#000000\">&nbsp; &nbsp; &nbsp; &nbsp; &nbsp; <strong>Esta&nbsp;prova privilegiou sobremaneira os candidatos que deram import&acirc;ncia &agrave; legisla&ccedil;&atilde;o educacional e a estudaram com seriedade<\/strong>, a partir de um bom material de estudo.<\/span>\n<\/p>\n<p>\n\t<span style=\"color:#000000\">&nbsp; &nbsp; &nbsp; &nbsp; <\/span>\n<\/p>\n<p>\n\t<span style=\"color:#000000\">&nbsp; &nbsp; &nbsp; &nbsp; &nbsp;<\/span><span style=\"color:#FF0000\">&nbsp;<strong>ATEN&Ccedil;&Atilde;O!<\/strong><\/span><span style=\"color:#000000\"> Os n&uacute;meros das quest&otilde;es constantes neste post concordam com a prova modelo divulgada pelo CESPE.<\/span>\n<\/p>\n<p>\n\t&nbsp;\n<\/p>\n<p>\n\t&nbsp;&nbsp;&nbsp;&nbsp;&nbsp;&nbsp;&nbsp;&nbsp;&nbsp;&nbsp;&nbsp;&nbsp;&nbsp;&nbsp;&nbsp; Caso voc&ecirc; deseje acessar <a href=\"https:\/\/www.estrategiaconcursos.com.br\/blog\/sedf-recursos-tecnico-apoio-administrativo-e-secretario-escolar\/\"><font color=\"#0066cc\">meus<\/font><\/a><a href=\"https:\/\/www.estrategiaconcursos.com.br\/blog\/sedf-recursos-tecnico-apoio-administrativo-e-secretario-escolar\/\"> coment&aacute;rios<\/a> &agrave;s <strong>quest&otilde;es de legisla&ccedil;&atilde;o educacional&nbsp;<\/strong>para <b>os cargos de <\/b><strong>T&eacute;cnico: APOIO ADMINISTRATIVO <\/strong>e <strong>SECRET&Aacute;RIO ESCOLAR, <\/strong>basta clicar no hiperlink anterior.\n<\/p>\n<p>\n\t&nbsp;\n<\/p>\n<p>\n\t<span style=\"color:#000000\"><strong>Acerca da legisla&ccedil;&atilde;o educacional brasileira, julgue os itens a seguir.<\/strong><\/span>\n<\/p>\n<p>\n\t&nbsp;\n<\/p>\n<p>\n\t<span style=\"color:#000000\"><strong>28 &ndash; A educa&ccedil;&atilde;o deve estar vinculada ao mundo do trabalho.<\/strong><\/span>\n<\/p>\n<p>\n\t<span style=\"color:#000000\"><strong>Cabe recurso, solicitando altera&ccedil;&atilde;o para ERRADO.<\/strong><\/span>\n<\/p>\n<p>\n\t<span style=\"color:#000000\">&nbsp;&nbsp;&nbsp;&nbsp;&nbsp;&nbsp;&nbsp;&nbsp;&nbsp;&nbsp;&nbsp; Conforme previ no meu gabarito extraoficial, esta quest&atilde;o gera pol&ecirc;mica ao ter seu gabarito preliminar como CERTO, baseado erroneamente no Art. 1&ordm;, &sect; 2&ordm; da LDB.<\/span>\n<\/p>\n<p style=\"margin-left:35.4pt\">\n\t<span style=\"color:#000000\"><strong>LDB<\/strong><\/span>\n<\/p>\n<p style=\"margin-left:35.4pt\">\n\t<span style=\"color:#000000\">Art. 1&ordm;, &sect; 2&ordm; <em>A <\/em><strong><em>educa&ccedil;&atilde;o escolar<\/em><\/strong><em> dever&aacute; <\/em><strong><em>vincular-se ao mundo do trabalho<\/em><\/strong><em> e &agrave; pr&aacute;tica social.<\/em><\/span>\n<\/p>\n<p>\n\t<span style=\"color:#000000\">&nbsp;&nbsp;&nbsp;&nbsp;&nbsp;&nbsp;&nbsp;&nbsp;&nbsp;&nbsp;&nbsp;&nbsp;&nbsp;&nbsp;&nbsp; Perceba que o comando da quest&atilde;o fez refer&ecirc;ncia &agrave; &ldquo;educa&ccedil;&atilde;o&rdquo; e n&atilde;o &agrave; &ldquo;educa&ccedil;&atilde;o escolar&rdquo;.<\/span>\n<\/p>\n<p>\n\t<span style=\"color:#000000\">&nbsp; &nbsp; &nbsp; &nbsp; &nbsp; &nbsp; Atente-se que o Art. 1&ordm;, &sect; 2&ordm; da LDB vincula a &ldquo;Educa&ccedil;&atilde;o Escolar&rdquo; ao mundo do trabalho, por&eacute;m, a &ldquo;Educa&ccedil;&atilde;o Escolar&rdquo;&nbsp;constitui apenas&nbsp;um dos processos formativos que comp&otilde;em a &ldquo;Educa&ccedil;&atilde;o&rdquo;, conforme indica o art. 1&ordm; da LDB:<\/span>\n<\/p>\n<p>\n\t&nbsp;\n<\/p>\n<p style=\"margin-left:35.4pt\">\n\t<span style=\"color:#000000\"><em>Art. 1&ordm; A <\/em><strong><em>educa&ccedil;&atilde;o<\/em><\/strong><em> abrange <\/em><strong><em>os processos formativos<\/em><\/strong><em> que se desenvolvem na vida familiar, na conviv&ecirc;ncia humana, no trabalho, <\/em><strong><em>nas institui&ccedil;&otilde;es de ensino e pesquisa<\/em><\/strong><em>, nos movimentos sociais e organiza&ccedil;&otilde;es da sociedade civil e nas manifesta&ccedil;&otilde;es culturais.<\/em><\/span>\n<\/p>\n<p>\n\t&nbsp;\n<\/p>\n<p>\n\t<span style=\"color:#000000\">&nbsp;&nbsp;&nbsp;&nbsp;&nbsp;&nbsp;&nbsp;&nbsp;&nbsp;&nbsp;&nbsp;&nbsp;&nbsp;&nbsp;&nbsp; Em outras palavras, o termo &ldquo;educa&ccedil;&atilde;o&rdquo; &eacute; bem mais amplo que o de &ldquo;educa&ccedil;&atilde;o escolar&rdquo;.<\/span>\n<\/p>\n<p>\n\t<span style=\"color:#000000\">&nbsp;&nbsp;&nbsp;&nbsp;&nbsp;&nbsp;&nbsp;&nbsp;&nbsp;&nbsp;&nbsp;&nbsp;&nbsp;&nbsp;&nbsp; N&atilde;o s&atilde;o todos os processos formativos abrangidos pela &ldquo;educa&ccedil;&atilde;o&rdquo; que se vinculam ao mundo do trabalho, mas apenas a &ldquo;educa&ccedil;&atilde;o escolar&rdquo; (LDB, art. 1&ordm;, &sect;2&ordm;), que se trata do processo formativo desenvolvido nas institui&ccedil;&otilde;es de ensino.<\/span>\n<\/p>\n<p>\n\t<span style=\"color:#000000\">Aqui transcrevo o que acrescentei em quadro explicativo posterior ao art. 1&ordm;, caput, na aula 02 &mdash; LDB 1&ordf; parte:<\/span>\n<\/p>\n<p style=\"margin-left:35.4pt\">\n\t<span style=\"color:#000000\">&ldquo;<em>O art. 1&deg; e 2&deg; da LDB relacionam-se diretamente ao art. 205 da CF\/88.<\/em><\/span>\n<\/p>\n<p style=\"margin-left:35.4pt\">\n\t<span style=\"color:#000000\"><em>Conforme frisei na aula 00, no quadro logo ap&oacute;s o art. 205 da CF\/88 &mdash; aconselho a releitura de ambos, neste momento &mdash;, perceba <\/em><strong><em>o car&aacute;ter amplo <\/em><\/strong><em>que a CF\/88 e tamb&eacute;m a LDB, de forma complementar, estabelecem ao significado de Educa&ccedil;&atilde;o.<\/em><\/span>\n<\/p>\n<p style=\"margin-left:35.4pt\">\n\t<span style=\"color:#000000\"><em>No caso do art. 1&deg; da LDB, ganha destaque <\/em><strong><em>o entendimento da Educa&ccedil;&atilde;o como um processo plural, <\/em><\/strong><em>que segundo a norma se relaciona a in&uacute;meros <\/em><strong><em>processos formativos<\/em><\/strong><em> desenvolvidos <u>na vida familiar, na conviv&ecirc;ncia humana, no trabalho, nas institui&ccedil;&otilde;es de ensino e pesquisa, nos movimentos sociais e organiza&ccedil;&otilde;es da sociedade civil e nas manifesta&ccedil;&otilde;es culturais<\/u>.&rdquo;<\/em><\/span>\n<\/p>\n<p style=\"margin-left:35.4pt\">\n\t&nbsp;\n<\/p>\n<p>\n\t&nbsp;\n<\/p>\n<p>\n\t<span style=\"color:#000000\"><strong>30 &ndash; De acordo com suas caracter&iacute;sticas de organiza&ccedil;&atilde;o, os centros de educa&ccedil;&atilde;o infantil est&atilde;o destinados a oferecer, exclusivamente, creches e pr&eacute;-escolas.<\/strong><\/span>\n<\/p>\n<p>\n\t<span style=\"color:#000000\">Conforme previ no meu gabarito extraoficial, cabe recurso para&nbsp;<strong>ANULA&Ccedil;&Atilde;O<\/strong>.<\/span>\n<\/p>\n<p>\n\t<span style=\"color:#000000\">Em sentido estrito, o comando desta quest&atilde;o possui uma defici&ecirc;ncia de abrang&ecirc;ncia, pois n&atilde;o referenciou o sistema de ensino do Distrito Federal ao questionar sobre as caracter&iacute;sticas dos Centros de Educa&ccedil;&atilde;o Infantil, que s&atilde;o unidades escolares integrantes da organiza&ccedil;&atilde;o particular da Rede P&uacute;blica de Ensino do DF.<\/span>\n<\/p>\n<p>\n\t<span style=\"color:#000000\">Ressalta-se que o comando geral que antecede a quest&atilde;o faz refer&ecirc;ncia gen&eacute;rica &agrave; &ldquo;legisla&ccedil;&atilde;o educacional brasileira&rdquo;, que n&atilde;o prev&ecirc; a exist&ecirc;ncia obrigat&oacute;ria de unidade escolar denominada como &ldquo;Centro de Educa&ccedil;&atilde;o Infantil&rdquo; aos sistemas de ensino de todos os entes federativos (U, E, DF e M), em especial, conforme as caracter&iacute;sticas que possui no DF.<\/span>\n<\/p>\n<p>\n\t<span style=\"color:#000000\">A organiza&ccedil;&atilde;o das unidades escolares, inclusas suas denomina&ccedil;&otilde;es e atribui&ccedil;&otilde;es, compete de forma aut&ocirc;noma a cada sistema de ensino.<\/span>\n<\/p>\n<p>\n\t<span style=\"color:#000000\">Neste sentido, o DF organizou suas unidades escolares segundo disp&otilde;e o art. 3&ordm; do Regimento Escolar da Rede P&uacute;blica de Ensino do DF, conforme abordado na aula 08 &mdash; Regimento Escolar &ndash; 1&ordf; Parte do curso de Legisla&ccedil;&atilde;o Educacional para Monitor SEDF.<\/span>\n<\/p>\n<p>\n\t<span style=\"color:#000000\">O gabarito preliminar indicou esta quest&atilde;o como <strong>CERTA<\/strong>, em refer&ecirc;ncia ao que disp&otilde;em o Regimento Escolar da Rede P&uacute;blica de Ensino do DF:<\/span>\n<\/p>\n<p>\n\t&nbsp;\n<\/p>\n<p>\n\t<span style=\"color:#000000\"><em>Art. 3&ordm; As unidades escolares, de acordo com suas caracter&iacute;sticas organizacionais de oferta e de atendimento, classificam-se em: <\/em><\/span>\n<\/p>\n<p>\n\t<span style=\"color:#000000\"><em>I. <\/em><strong><em>Centro de Educa&ccedil;&atilde;o Infantil <\/em><\/strong><em>&ndash; destinado a oferecer, exclusivamente, a Educa&ccedil;&atilde;o Infantil: Creche e Pr&eacute;-Escola. <\/em><\/span>\n<\/p>\n<p>\n\t&nbsp;\n<\/p>\n<p style=\"margin-left:35.4pt\">\n\t&nbsp;\n<\/p>\n<p>\n\t&nbsp;\n<\/p>\n<p>\n\t<span style=\"color:#000000\"><strong>31 &ndash; Os curr&iacute;culos da educa&ccedil;&atilde;o infantil ao ensino m&eacute;dio devem ser compostos pela base nacional comum e pela parte diversificada.<\/strong><\/span>\n<\/p>\n<p>\n\t<span style=\"color:#000000\">&nbsp;&nbsp;&nbsp;&nbsp;&nbsp;&nbsp;&nbsp;&nbsp;&nbsp;&nbsp;&nbsp; <strong>Cabe recurso, solicitando altera&ccedil;&atilde;o para CERTO, com base no art. 26 da LDB. N&atilde;o visualizo erro nesta afirmativa. <\/strong><\/span>\n<\/p>\n<p>\n\t<span style=\"color:#000000\">LDB (aula 02 &mdash; LDB 1&ordf; parte)<\/span>\n<\/p>\n<p>\n\t<span style=\"color:#000000\"><em>Art. 26.&nbsp; <\/em><strong><em>Os curr&iacute;culos da educa&ccedil;&atilde;o infantil, do ensino fundamental e do ensino m&eacute;dio<\/em><\/strong><em> devem ter <\/em><strong><em>base nacional comum,<\/em><\/strong><em> a ser complementada, em cada sistema de ensino e em cada estabelecimento escolar, por uma <\/em><strong><em>parte diversificada,<\/em><\/strong><em> exigida pelas caracter&iacute;sticas regionais e locais da sociedade, da cultura, da economia e dos educandos.<\/em><\/span>\n<\/p>\n<p style=\"margin-left:35.4pt\">\n\t&nbsp;\n<\/p>\n<p style=\"margin-left:35.4pt\">\n\t&nbsp;\n<\/p>\n<p>\n\t<span style=\"color:#000000\"><strong>33 &ndash; No que diz respeito &agrave; organiza&ccedil;&atilde;o da educa&ccedil;&atilde;o nacional, os estados e munic&iacute;pios s&atilde;o livres para organizar seus sistemas de ensino.<\/strong><\/span>\n<\/p>\n<p>\n\t<span style=\"color:#000000\">&nbsp;&nbsp;&nbsp;&nbsp;&nbsp;&nbsp;&nbsp;&nbsp;&nbsp;&nbsp;&nbsp;&nbsp;&nbsp;&nbsp;&nbsp; Conforme informei no meu gabarito preliminar, o texto desta quest&atilde;o &eacute; bem temeroso.<\/span>\n<\/p>\n<p>\n\t<span style=\"color:#000000\">&nbsp;&nbsp;&nbsp;&nbsp;&nbsp;&nbsp;&nbsp;&nbsp;&nbsp;&nbsp;&nbsp;&nbsp;&nbsp;&nbsp;&nbsp; Em an&aacute;lise detalhada, o indico como <strong>ERRADO<\/strong>, assim como o gabarito preliminar apontou, pois, o comando da quest&atilde;o n&atilde;o ressalvou os limites da liberdade indicada.<\/span>\n<\/p>\n<p>\n\t<span style=\"color:#000000\">&nbsp;&nbsp;&nbsp;&nbsp;&nbsp;&nbsp;&nbsp;&nbsp;&nbsp;&nbsp;&nbsp;&nbsp;&nbsp; Segundo a LDB:<\/span>\n<\/p>\n<p>\n\t<span style=\"color:#000000\">Art. 8&ordm;, &sect; 2&ordm; <em>Os sistemas de ensino ter&atilde;o liberdade de organiza&ccedil;&atilde;o <\/em><strong><em>nos termos desta Lei<\/em><\/strong>.<\/span>\n<\/p>\n<p>\n\t<span style=\"color:#000000\">&nbsp;&nbsp;&nbsp;&nbsp;&nbsp;&nbsp;&nbsp;&nbsp;&nbsp;&nbsp;&nbsp;&nbsp;&nbsp;&nbsp;&nbsp;<\/span>\n<\/p>\n<p>\n\t<span style=\"color:#000000\">&nbsp;&nbsp;&nbsp;&nbsp;&nbsp;&nbsp;&nbsp;&nbsp;&nbsp;&nbsp;&nbsp;&nbsp;&nbsp;&nbsp;&nbsp;&nbsp;&nbsp; Perceba, o Art. 8&ordm;, &sect; 2&ordm; acima termina com a express&atilde;o: &ldquo;<em>nos termos desta lei<\/em>&rdquo;, em outras palavras, n&atilde;o se pode afirmar genericamente que os Estados e Munic&iacute;pios s&atilde;o &ldquo;<em>livres para organizar seus sistemas de ensino<\/em>&rdquo;, pois estes entes federativos n&atilde;o gozam de &ldquo;liberdade plena&rdquo; nesta organiza&ccedil;&atilde;o, j&aacute; que est&atilde;o restritos aos limites impostos pela LDB e demais normativos aplic&aacute;veis &agrave; educa&ccedil;&atilde;o nacional ao organizarem seus sistemas de ensino.<\/span>\n<\/p>\n<p>\n\t<span style=\"color:#000000\">&nbsp;&nbsp;&nbsp;&nbsp;&nbsp;&nbsp;&nbsp;&nbsp;&nbsp;&nbsp;&nbsp;&nbsp;&nbsp;&nbsp;&nbsp; Por exemplo, os Estados e os Munic&iacute;pios, ao organizarem seus sistemas de ensino, devem seguir a l&oacute;gica estabelecida pelo art. 21 da LDB &agrave; Educa&ccedil;&atilde;o B&aacute;sica, e, assim, devem constituir a educa&ccedil;&atilde;o b&aacute;sica com a seguinte configura&ccedil;&atilde;o: Educa&ccedil;&atilde;o Infantil at&eacute; os 5 anos de idade (creches e pr&eacute;-escolas), ensino fundamental de 9 anos e ensino m&eacute;dio, com dura&ccedil;&atilde;o m&iacute;nima de 3 anos.<\/span>\n<\/p>\n<p>\n\t<span style=\"color:#000000\">&nbsp;&nbsp;&nbsp;&nbsp;&nbsp;&nbsp;&nbsp;&nbsp;&nbsp;&nbsp;&nbsp;&nbsp;&nbsp; Imagine o caos que seria a educa&ccedil;&atilde;o nacional se cada um dos atuais 26 Estados e dos 5.570 Munic&iacute;pios fossem &ldquo;livres para organizar seus sistemas de ensino&rdquo;.<\/span>\n<\/p>\n<p>\n\t<span style=\"color:#000000\">&nbsp;&nbsp;&nbsp;&nbsp;&nbsp;&nbsp;&nbsp;&nbsp;&nbsp;&nbsp;&nbsp; Conv&eacute;m lembrar que a seguinte quest&atilde;o (detalhadamente comentada na aula 04 &ndash; LDB 3&ordf; parte do curso para Monitor) foi considerada <strong>ERRADA<\/strong> pelo CESPE:<\/span>\n<\/p>\n<p style=\"margin-left:35.4pt\">\n\t<span style=\"color:#000000\">&nbsp;<strong>65 &#8211; <\/strong>CESPE &#8211; 2011 &#8211; SEDUC-AM &#8211; Professor <strong>&#8211; A LDB disciplina as orienta&ccedil;&otilde;es espec&iacute;ficas para a educa&ccedil;&atilde;o brasileira, facultando aos estados, ao DF e aos munic&iacute;pios a livre regula&ccedil;&atilde;o da educa&ccedil;&atilde;o em seus &acirc;mbitos de abrang&ecirc;ncia.<\/strong><\/span>\n<\/p>\n<p style=\"margin-left:35.4pt\">\n\t<span style=\"color:#000000\">*Sugiro ver o meu extenso coment&aacute;rio para esta quest&atilde;o, na aula 04 &ndash; LDB 3&ordf; parte do curso para Monitor.<\/span>\n<\/p>\n<p>\n\t&nbsp;\n<\/p>\n<p>\n\t&nbsp;\n<\/p>\n<p>\n\t<span style=\"color:#000000\"><strong>35 &ndash; A educa&ccedil;&atilde;o b&aacute;sica tem compromisso expresso com a forma&ccedil;&atilde;o que permita a inser&ccedil;&atilde;o do estudante no mercado de trabalho.<\/strong><\/span>\n<\/p>\n<p>\n\t<span style=\"color:#000000\"><strong>CERTO<\/strong><\/span>\n<\/p>\n<p>\n\t<span style=\"color:#000000\">&nbsp;&nbsp;&nbsp;&nbsp;&nbsp;&nbsp;&nbsp;&nbsp;&nbsp;&nbsp;&nbsp;&nbsp;&nbsp;&nbsp;&nbsp; Conforme informei no meu gabarito preliminar, o texto desta quest&atilde;o &eacute; bem temeroso, mas a considero correta, assim como o gabarito preliminar apontou, em fun&ccedil;&atilde;o do que disp&otilde;e o art. 9&ordm; da Resolu&ccedil;&atilde;o CEDF n&ordm; 01\/2012, que deriva do art. 22 da LDB.<\/span>\n<\/p>\n<p>\n\t&nbsp;\n<\/p>\n<p>\n\t<span style=\"color:#000000\">Resolu&ccedil;&atilde;o n&ordm; 01\/2012\u2010CEDF (Aula 06 &#8211; Resolu&ccedil;&atilde;o CEDF n&ordm; 01\/2012&ndash; 1&ordf; Parte)<\/span>\n<\/p>\n<p>\n\t<span style=\"color:#000000\"><em>Art. 9&ordm; A <\/em><strong><em>educa&ccedil;&atilde;o b&aacute;sica<\/em><\/strong><em> tem por <\/em><strong><em>finalidade<\/em><\/strong><em> assegurar ao estudante <\/em><strong><em>a forma&ccedil;&atilde;o indispens&aacute;vel para <\/em><\/strong><em>o exerc&iacute;cio da cidadania, o prosseguimento de estudos e <\/em><strong><em>a inser&ccedil;&atilde;o no mundo do trabalho.<\/em><\/strong><\/span>\n<\/p>\n<p>\n\t&nbsp;\n<\/p>\n<p>\n\t<span style=\"color:#000000\">LDB (aula 02 &mdash; LDB 1&ordf; parte)<\/span>\n<\/p>\n<p>\n\t<span style=\"color:#000000\"><em>Art. 22. A <\/em><strong><em>educa&ccedil;&atilde;o b&aacute;sica<\/em><\/strong><em> tem por <\/em><strong><em>finalidades<\/em><\/strong><em> desenvolver o educando, <\/em><strong><em>assegurar-lhe a forma&ccedil;&atilde;o comum indispens&aacute;vel <\/em><\/strong><em>para o exerc&iacute;cio da cidadania e <\/em><strong><em>fornecer-lhe meios para progredir no trabalho <\/em><\/strong><em>e em estudos posteriores.<\/em><\/span>\n<\/p>\n<p>\n\t&nbsp;\n<\/p>\n<p>\n\t&nbsp;\n<\/p>\n<p>\n\t<span style=\"color:#000000\"><strong>57 &ndash; Cabe ao DF garantir a oferta de ensino noturno regular e gratuito para Jos&eacute;, adequado &agrave;s condi&ccedil;&otilde;es dos sistemas de ensino.<\/strong><\/span>\n<\/p>\n<p>\n\t<span style=\"color:#000000\"><strong>Conforme apontei no meu gabarito preliminar, esta quest&atilde;o &eacute; de fato ERRADA.<\/strong><\/span>\n<\/p>\n<p>\n\t<span style=\"color:#000000\">&nbsp;&nbsp;&nbsp;&nbsp;&nbsp;&nbsp;&nbsp;&nbsp;&nbsp;&nbsp;&nbsp;&nbsp;&nbsp;&nbsp;&nbsp; Com base no art. 4&ordm;, inciso VI da LDB, de fato o sistema de ensino do DF deve assegurar ensino noturno regular, adequado &agrave;s condi&ccedil;&otilde;es de Jos&eacute;.<\/span>\n<\/p>\n<p>\n\t<span style=\"color:#000000\">&nbsp;&nbsp;&nbsp;&nbsp;&nbsp;&nbsp;&nbsp;&nbsp;&nbsp;&nbsp;&nbsp;&nbsp;&nbsp;&nbsp;&nbsp; Todavia, o erro desta quest&atilde;o refere-se ao fato de que esta oferta n&atilde;o necessita ser gratuita, pois Jos&eacute; cursa a <strong>Educa&ccedil;&atilde;o Superior<\/strong>, cuja oferta gratuita n&atilde;o constitui dever estatal.<\/span>\n<\/p>\n<p>\n\t<span style=\"color:#000000\">&nbsp;&nbsp;&nbsp;&nbsp;&nbsp;&nbsp;&nbsp;&nbsp;&nbsp;&nbsp;&nbsp;&nbsp;&nbsp;&nbsp;&nbsp; Somente constitui dever estatal a oferta gratuita da educa&ccedil;&atilde;o infantil, do ensino fundamental e do ensino m&eacute;dio.<\/span>\n<\/p>\n<p>\n\t&nbsp;\n<\/p>\n<p>\n\t<span style=\"color:#000000\">LDB (aula 02 &mdash; LDB 1&ordf; parte)<\/span>\n<\/p>\n<p>\n\t<span style=\"color:#000000\">Art. 4&ordm; O dever do Estado com <strong>educa&ccedil;&atilde;o escolar p&uacute;blica<\/strong> ser&aacute; efetivado mediante a garantia de:<\/span>\n<\/p>\n<p style=\"margin-left:35.4pt\">\n\t<span style=\"color:#000000\">I &#8211; <strong>educa&ccedil;&atilde;o b&aacute;sica<\/strong> obrigat&oacute;ria e <strong>gratuita<\/strong> dos 4 (quatro) aos 17 (dezessete) anos de idade, organizada da seguinte forma:<\/span>\n<\/p>\n<p style=\"margin-left:35.4pt\">\n\t<span style=\"color:#000000\">a) pr&eacute;-escola;<\/span>\n<\/p>\n<p style=\"margin-left:35.4pt\">\n\t<span style=\"color:#000000\">b) ensino fundamental;<\/span>\n<\/p>\n<p style=\"margin-left:35.4pt\">\n\t<span style=\"color:#000000\">c) ensino m&eacute;dio;<\/span>\n<\/p>\n<p>\n\t<span style=\"color:#000000\">II &#8211; educa&ccedil;&atilde;o infantil <strong>gratuita<\/strong> &agrave;s crian&ccedil;as de at&eacute; 5 (cinco) anos de idade;<\/span>\n<\/p>\n<p>\n\t<span style=\"color:#000000\">IV &#8211; acesso p&uacute;blico e <strong>gratuito<\/strong> aos ensinos fundamental e m&eacute;dio para<strong> todos os que n&atilde;o os conclu&iacute;ram na idade pr&oacute;pria; <\/strong><\/span>\n<\/p>\n<p>\n\t<span style=\"color:#000000\">VI &#8211; oferta de ensino noturno regular, adequado &agrave;s condi&ccedil;&otilde;es do educando;<\/span>\n<\/p>\n<p>\n\t&nbsp;\n<\/p>\n<p>\n\t<span style=\"color:#000000\">Art. 21. A educa&ccedil;&atilde;o escolar comp&otilde;e-se de:<\/span>\n<\/p>\n<p>\n\t<span style=\"color:#000000\">I &#8211; <strong>educa&ccedil;&atilde;o b&aacute;sica<\/strong>, formada pela <strong>educa&ccedil;&atilde;o infantil, ensino fundamental e ensino m&eacute;dio<\/strong>;<\/span>\n<\/p>\n<p>\n\t<span style=\"color:#000000\">II &#8211; educa&ccedil;&atilde;o superior.<\/span>\n<\/p>\n<p>\n\t&nbsp;\n<\/p>\n<p>\n\t&nbsp;\n<\/p>\n<p>\n\t<span style=\"color:#000000\"><strong>61 &ndash; Nas escolas oficiais p&uacute;blicas e privadas, o ensino ser&aacute; ministrado assegurando-se os princ&iacute;pios da garantia do padr&atilde;o de qualidade e da gest&atilde;o democr&aacute;tica.<\/strong><\/span>\n<\/p>\n<p>\n\t<span style=\"color:#000000\"><strong>ERRADA<\/strong><\/span>\n<\/p>\n<p>\n\t<span style=\"color:#000000\">Outra quest&atilde;o com reda&ccedil;&atilde;o problem&aacute;tica. Todavia, conforme apontei no meu gabarito preliminar, esta quest&atilde;o &eacute; de fato ERRADA.<\/span>\n<\/p>\n<p>\n\t<span style=\"color:#000000\">Em an&aacute;lise detalhada, o termo &ldquo;escolas oficiais privadas&rdquo; invalida a quest&atilde;o, em fun&ccedil;&atilde;o do princ&iacute;pio da gest&atilde;o democr&aacute;tica referir-se ao ensino p&uacute;blico.<\/span>\n<\/p>\n<p>\n\t&nbsp;\n<\/p>\n<p>\n\t<span style=\"color:#000000\">CF\/88<\/span>\n<\/p>\n<p>\n\t<span style=\"color:#000000\"><em>Art. 206. O ensino ser&aacute; ministrado com base nos seguintes princ&iacute;pios:<\/em><\/span>\n<\/p>\n<p>\n\t<span style=\"color:#000000\"><em>VI &#8211; gest&atilde;o democr&aacute;tica do ensino p&uacute;blico, na forma da lei;<\/em><\/span>\n<\/p>\n<p>\n\t<span style=\"color:#000000\"><em>VII &#8211; garantia de padr&atilde;o de qualidade.<\/em><\/span>\n<\/p>\n<p>\n\t&nbsp;\n<\/p>\n<p>\n\t&nbsp;\n<\/p>\n<p>\n\t<span style=\"color:#000000\"><strong>64 &#8211;&nbsp; Situa&ccedil;&atilde;o hipot&eacute;tica: Lorena, que tem dez anos de idade, relatou &agrave; sua professora que est&aacute; sofrendo maus-tratos em casa. <\/strong><\/span>\n<\/p>\n<p>\n\t<span style=\"color:#000000\"><strong>Assertiva: Nesse caso, a professora dever&aacute; relatar o epis&oacute;dio ao diretor da escola; este, por sua vez, ter&aacute; de, imediatamente, comunicar o caso ao conselho tutelar, sendo o injustific&aacute;vel retardamento e(ou) a omiss&atilde;o pun&iacute;veis na forma estabelecida no ECA.<\/strong><\/span>\n<\/p>\n<p>\n\t<span style=\"color:#000000\">&nbsp;&nbsp;&nbsp;&nbsp;&nbsp;&nbsp;&nbsp;&nbsp;&nbsp;&nbsp;&nbsp;&nbsp;&nbsp;&nbsp;&nbsp; Conforme indiquei no gabarito preliminar, essa quest&atilde;o possui reda&ccedil;&atilde;o problem&aacute;tica.<\/span>\n<\/p>\n<p>\n\t<span style=\"color:#000000\">&nbsp;&nbsp;&nbsp;&nbsp;&nbsp;&nbsp;&nbsp;&nbsp;&nbsp;&nbsp;&nbsp; Cabe recurso solicitando altera&ccedil;&atilde;o de gabarito para ERRADO.<\/span>\n<\/p>\n<p>\n\t<span style=\"color:#000000\">De fato, o Diretor da escola deve obrigatoriamente comunicar a situa&ccedil;&atilde;o ao Conselho Escolar, ao tomar ci&ecirc;ncia do fato. Todavia, o texto da afirmativa permite a interpreta&ccedil;&atilde;o de uma sequ&ecirc;ncia n&atilde;o necess&aacute;ria: professora relatar ao diretor e este relatar ao Conselho Tutelar.<\/span>\n<\/p>\n<p>\n\t<span style=\"color:#000000\">&nbsp;&nbsp;&nbsp;&nbsp;&nbsp;&nbsp;&nbsp;&nbsp;&nbsp;&nbsp;&nbsp;&nbsp;&nbsp;&nbsp;&nbsp; A professora de Lorena poderia relatar o fato diretamente ao Conselho Tutelar, conforme determina o art. 70-B, par&aacute;grafo &uacute;nico do ECA.<\/span>\n<\/p>\n<p>\n\t<span style=\"color:#000000\">&nbsp;<\/span><span style=\"color:#000000\"><strong>ECA<\/strong><\/span>\n<\/p>\n<p>\n\t<span style=\"color:#000000\"><em>Art. 13. Os casos de suspeita ou confirma&ccedil;&atilde;o de castigo f&iacute;sico, de tratamento cruel ou degradante e de maus-tratos contra crian&ccedil;a ou adolescente ser&atilde;o obrigatoriamente comunicados ao Conselho Tutelar da respectiva localidade, sem preju&iacute;zo de outras provid&ecirc;ncias legais.<\/em><\/span>\n<\/p>\n<p>\n\t<span style=\"color:#000000\"><em>Art. 56. Os dirigentes de estabelecimentos de ensino fundamental comunicar&atilde;o ao Conselho Tutelar os casos de:<\/em><\/span>\n<\/p>\n<p style=\"margin-left:35.4pt\">\n\t<span style=\"color:#000000\"><em>I &#8211; maus-tratos envolvendo seus alunos;<\/em><\/span>\n<\/p>\n<p>\n\t<span style=\"color:#000000\"><em>Art. 70-B.&nbsp; As entidades, p&uacute;blicas e privadas, que atuem nas &aacute;reas a que se refere o art. 71, dentre outras, devem contar, em seus quadros, com pessoas capacitadas a reconhecer e comunicar ao Conselho Tutelar <\/em><strong><em>suspeitas ou casos de maus-tratos <\/em><\/strong><em>praticados contra crian&ccedil;as e adolescentes.&nbsp;&nbsp;&nbsp;&nbsp;&nbsp;&nbsp; <\/em><\/span>\n<\/p>\n<p>\n\t<span style=\"color:#000000\"><em>Par&aacute;grafo &uacute;nico. &nbsp;<\/em><strong><em>S&atilde;o igualmente respons&aacute;veis pela comunica&ccedil;&atilde;o<\/em><\/strong><em> de que trata este artigo, as pessoas encarregadas, por raz&atilde;o de cargo, fun&ccedil;&atilde;o, of&iacute;cio, minist&eacute;rio, profiss&atilde;o ou ocupa&ccedil;&atilde;o, do cuidado, assist&ecirc;ncia ou guarda de crian&ccedil;as e adolescentes, <\/em><strong><em>pun&iacute;vel, na forma deste Estatuto, o injustificado retardamento ou omiss&atilde;o, culposos ou dolosos.<\/em><\/strong>&nbsp;&nbsp;&nbsp;&nbsp;<\/span>\n<\/p>\n<p>\n\t&nbsp;\n<\/p>\n<p>\n\t&nbsp;\n<\/p>\n<p>\n\t<span style=\"color:#000000\"><strong>68 &#8211;&nbsp; Cabe ao DF oferecer a educa&ccedil;&atilde;o formal de responsabilidade de estados e munic&iacute;pios, ou seja, assegurar o ensino fundamental; oferecer, como prioridade, o ensino m&eacute;dio; e oferecer a educa&ccedil;&atilde;o infantil em creches e pr&eacute;-escolas, com prioridade no ensino fundamental, a todos que a demandarem.<\/strong><\/span>\n<\/p>\n<p>\n\t<span style=\"color:#000000\">&nbsp;&nbsp;&nbsp;&nbsp;&nbsp;&nbsp;&nbsp;&nbsp;&nbsp;&nbsp;&nbsp; Afirmativa com reda&ccedil;&atilde;o problem&aacute;tica, mas de fato correta.<\/span>\n<\/p>\n<p>\n\t<span style=\"color:#000000\">Esta quest&atilde;o faz refer&ecirc;ncia ao texto da LDB (comando geral) e deriva do disposto no art. 10, VI e no art. 11, V da LDB, que conforme alertei em quadros explicativos posteriores aos mencionados dispositivos, aula 02 &mdash; LDB 1&ordf; parte, contrariam o disposto na CF\/88, art. 211, &sect;2&deg; e &sect;3&deg; quanto ao tratamento priorit&aacute;rio dos n&iacute;veis escolares indicados.<\/span>\n<\/p>\n<p>\n\t<span style=\"color:#000000\">&nbsp;&nbsp;&nbsp;&nbsp;&nbsp;&nbsp;&nbsp;&nbsp;&nbsp;&nbsp;&nbsp; Todavia, a quest&atilde;o &eacute; CERTA, pois faz refer&ecirc;ncia ao texto da LDB. Relembro que o DF acumula as compet&ecirc;ncias educacionais relacionadas aos Estados e aos Munic&iacute;pios.<\/span>\n<\/p>\n<p>\n\t<span style=\"color:#000000\">&nbsp;&nbsp;&nbsp;&nbsp;&nbsp;&nbsp;&nbsp;&nbsp;&nbsp;&nbsp;<\/span>\n<\/p>\n<p>\n\t&nbsp;\n<\/p>\n<p>\n\t<span style=\"color:#000000\"><strong>74 &#8211;&nbsp; A educa&ccedil;&atilde;o b&aacute;sica no DF poder&aacute; organizar-se em s&eacute;ries anuais, per&iacute;odos semestrais, ciclos ou grupos n&atilde;o seriados, tendo como carga hor&aacute;ria m&iacute;nima anual oitocentas horas, distribu&iacute;das em duzentos dias de efetivo trabalho escolar.<\/strong><\/span>\n<\/p>\n<p>\n\t<span style=\"color:#000000\"><strong>Cabe recurso solicitando altera&ccedil;&atilde;o de gabarito para ERRADO.<\/strong><\/span>\n<\/p>\n<p>\n\t<span style=\"color:#000000\">O m&iacute;nimo de 200 dias de trabalho educacional refere-se &agrave; educa&ccedil;&atilde;o infantil e n&atilde;o aos demais n&iacute;veis da educa&ccedil;&atilde;o b&aacute;sica.<\/span>\n<\/p>\n<p>\n\t<span style=\"color:#000000\">LDB<\/span>\n<\/p>\n<p>\n\t<span style=\"color:#000000\"><em>Art. 24. A educa&ccedil;&atilde;o b&aacute;sica, nos n&iacute;veis fundamental e m&eacute;dio, ser&aacute; organizada de acordo com as seguintes regras comuns:<\/em><\/span>\n<\/p>\n<p>\n\t<span style=\"color:#000000\"><em>I &#8211; a carga hor&aacute;ria m&iacute;nima anual ser&aacute; de oitocentas horas, distribu&iacute;das por um m&iacute;nimo de duzentos dias de efetivo trabalho escolar, exclu&iacute;do o tempo reservado aos exames finais, quando houver;<\/em><\/span>\n<\/p>\n<p>\n\t<span style=\"color:#000000\"><em>Art. 31. &nbsp;A educa&ccedil;&atilde;o infantil ser&aacute; organizada de acordo com as seguintes regras comuns:&nbsp;&nbsp;&nbsp;&nbsp;&nbsp;&nbsp; &nbsp;<\/em><\/span>\n<\/p>\n<p>\n\t<span style=\"color:#000000\"><em>II &#8211; carga hor&aacute;ria m&iacute;nima anual de 800 (oitocentas) horas, distribu&iacute;da por um m&iacute;nimo de 200 (duzentos) dias de trabalho educacional;&nbsp;&nbsp;<\/em><\/span>\n<\/p>\n<p>\n\t&nbsp;\n<\/p>\n<p>\n\t&nbsp;\n<\/p>\n<p>\n\t<span style=\"color:#000000\"><em><strong>73 &ndash; <\/strong><\/em><strong>No DF, a educa&ccedil;&atilde;o infantil e os anos iniciais do ensino fundamental devem ter jornada de, no m&iacute;nimo, quatro horas para o turno parcial e sete horas para a jornada integral.<\/strong><\/span>\n<\/p>\n<p>\n\t<span style=\"color:#000000\">&nbsp;&nbsp;&nbsp;&nbsp;&nbsp;&nbsp;&nbsp;&nbsp;&nbsp;&nbsp;&nbsp;&nbsp;Afirmativa de fato ERRADA.&nbsp;&nbsp;&nbsp;<\/span>\n<\/p>\n<p>\n\t<span style=\"color:#000000\">O comando da quest&atilde;o &eacute; restrito ao conte&uacute;do da LDB, que n&atilde;o especifica o n&uacute;mero m&iacute;nimo de horas para a jornada integral no ensino fundamental, deixando a crit&eacute;rio dos sistemas de ensino.<\/span>\n<\/p>\n<p>\n\t<span style=\"color:#000000\"><em><strong>LDB<\/strong><\/em><\/span>\n<\/p>\n<p>\n\t<span style=\"color:#000000\"><em>Art. 31. &nbsp;A educa&ccedil;&atilde;o infantil ser&aacute; organizada de acordo com as seguintes regras comuns:&nbsp;&nbsp;&nbsp;<\/em><\/span>\n<\/p>\n<p>\n\t<span style=\"color:#000000\"><em>III &#8211; atendimento &agrave; crian&ccedil;a de, no m&iacute;nimo, 4 (quatro) horas di&aacute;rias para o turno parcial e de 7 (sete) horas para a jornada integral;&nbsp;&nbsp;&nbsp;<\/em><\/span>\n<\/p>\n<p>\n\t&nbsp;\n<\/p>\n<p>\n\t<span style=\"color:#000000\"><em>Art. 34. A jornada escolar no ensino fundamental incluir&aacute; pelo menos quatro horas de trabalho efetivo em sala de aula, sendo progressivamente ampliado o per&iacute;odo de perman&ecirc;ncia na escola.<\/em><\/span>\n<\/p>\n<p>\n\t<span style=\"color:#000000\"><em>&sect; 2&ordm; O ensino fundamental ser&aacute; ministrado progressivamente em tempo integral, a crit&eacute;rio dos sistemas de ensino.<\/em><\/span>\n<\/p>\n<p>\n\t&nbsp;\n<\/p>\n<p>\n\t&nbsp;\n<\/p>\n<p>\n\t&nbsp;\n<\/p>\n<p>\n\t<span style=\"color:#000000\"><em><strong>87 &ndash; <\/strong><\/em><strong>A crian&ccedil;a com ou sem defici&ecirc;ncia, de educa&ccedil;&atilde;o urbana ou do campo, tem direito a uma educa&ccedil;&atilde;o infantil na sala de aula que priorize o eu, o outro e o n&oacute;s, assim como o corpo, a linguagem e a emo&ccedil;&atilde;o.<\/strong><\/span>\n<\/p>\n<p>\n\t<span style=\"color:#000000\">&nbsp;&nbsp;&nbsp;&nbsp;&nbsp;&nbsp;&nbsp;&nbsp;&nbsp;&nbsp;&nbsp;&nbsp;&nbsp;&nbsp;&nbsp; Esta quest&atilde;o possui o texto em aberto, sujeito &agrave; subjetividade. Todavia, &eacute; de fato CERTA, conforme meu gabarito extraoficial.&nbsp;&nbsp;&nbsp;<\/span>\n<\/p>\n<p>\n\t<span style=\"color:#000000\">Esta afirmativa atende aos extensos artigos 8&deg; e 9&ordm; das <em>Diretrizes Curriculares Nacionais para a Educa&ccedil;&atilde;o Infantil (Resolu&ccedil;&atilde;o CNE\/CEB n&ordm; 5, de 17 de dezembro de 2009).<\/em><\/span>\n<\/p>\n<p>\n\t&nbsp;\n<\/p>\n<p>\n\t&nbsp;\n<\/p>\n<p>\n\t<span style=\"color:#000000\"><em><strong>88 &ndash; <\/strong><\/em><strong>A centralidade do atendimento e o cuidado na educa&ccedil;&atilde;o infantil indicam a dissocia&ccedil;&atilde;o da atua&ccedil;&atilde;o pedag&oacute;gica pautada pela intera&ccedil;&atilde;o, pelas brincadeiras, pelos questionamentos e pela investiga&ccedil;&atilde;o.<\/strong><\/span>\n<\/p>\n<p>\n\t<span style=\"color:#000000\">&nbsp;&nbsp;&nbsp;&nbsp;&nbsp;&nbsp;&nbsp;&nbsp;&nbsp;&nbsp;&nbsp;&nbsp;De fato esta quest&atilde;o &eacute; ERRADA, conforme meu gabarito extraoficial.&nbsp;&nbsp;&nbsp;<\/span>\n<\/p>\n<p>\n\t<span style=\"color:#000000\">O art. 9&deg;, par&aacute;grafo &uacute;nico, das <em>Diretrizes Curriculares Nacionais para a Educa&ccedil;&atilde;o Infantil<\/em> prev&ecirc; que a proposta curricular da educa&ccedil;&atilde;o infantil (creches e pr&eacute;-escolas) deve estabelecer a integra&ccedil;&atilde;o entre as experi&ecirc;ncias mencionadas pelos incisos do art. 9&deg;, fato que afasta uma dissocia&ccedil;&atilde;o da atividade pedag&oacute;gica das demais atividades da educa&ccedil;&atilde;o infantil.<\/span>\n<\/p>\n<p>\n\t&nbsp;\n<\/p>\n<p>\n\t<span style=\"color:#000000\">========================================================<\/span>\n<\/p>\n<p>\n\t<span style=\"color:#000000\"><strong>OBSERVA&Ccedil;&Atilde;O:<\/strong> as quest&otilde;es 107 a 110 referem-se &agrave; Lei n&ordm; 12.796\/2013, que n&atilde;o foi exigida de forma expl&iacute;cita pelo edital SEDF 2016, por&eacute;m esta lei alterou dispositivos da LDB, assim, o seu conte&uacute;do encontra-se de forma indireta no edital SEDF 2016 e foi abordado nas 3 aulas do curso referentes &agrave; LDB.<\/span>\n<\/p>\n<p>\n\t<span style=\"color:#000000\">========================================================<\/span>\n<\/p>\n<p>\n\t&nbsp;\n<\/p>\n<p>\n\t<span style=\"color:#000000\"><em><strong>109 &nbsp;&ndash; <\/strong><\/em><strong>A crian&ccedil;a que completar seis anos de idade at&eacute; o dia trinta e um de julho deve ser matriculada no primeiro ano do ensino fundamental.<\/strong><\/span>\n<\/p>\n<p>\n\t<span style=\"color:#000000\">De fato esta quest&atilde;o &eacute; ERRADA, conforme meu gabarito extraoficial.&nbsp;&nbsp;&nbsp;<\/span>\n<\/p>\n<p>\n\t<span style=\"color:#000000\">Esta quest&atilde;o possui dois erros. Primeiro, este tema n&atilde;o &eacute; regulamentado pela LDB, com reda&ccedil;&atilde;o dada pela Lei n&ordm; 12.796\/2013. Segundo, a afirmativa contraria o art. 5&ordm;, &sect;3&ordm; das Diretrizes Curriculares Nacionais para a Educa&ccedil;&atilde;o Infantil, que regulamenta o tema.<\/span>\n<\/p>\n<p>\n\t<span style=\"color:#000000\"><strong>Diretrizes Curriculares Nacionais para a Educa&ccedil;&atilde;o Infantil (Resolu&ccedil;&atilde;o CNE\/CEB n&ordm; 5, de 17 de dezembro de 2009).<\/strong><\/span>\n<\/p>\n<p>\n\t<span style=\"color:#000000\"><em>Art. 5&ordm;, &sect; 3&ordm; As crian&ccedil;as que completam 6 anos ap&oacute;s o dia 31 de mar&ccedil;o devem ser matriculadas na Educa&ccedil;&atilde;o Infantil. <\/em><\/span>\n<\/p>\n<p>\n\t&nbsp;\n<\/p>\n<p>\n\t&nbsp;\n<\/p>\n<p>\n\t<span style=\"color:#000000\"><em><strong>110 &nbsp;&ndash; <\/strong><\/em><strong>A educa&ccedil;&atilde;o infantil ser&aacute; oferecida em creches, ou entidades equivalentes, para crian&ccedil;as de at&eacute; tr&ecirc;s anos de idade.<\/strong><\/span>\n<\/p>\n<p>\n\t<span style=\"color:#000000\">&nbsp;&nbsp;&nbsp;&nbsp;&nbsp;&nbsp;&nbsp;&nbsp;&nbsp;&nbsp;&nbsp;&nbsp;&nbsp;&nbsp;&nbsp;Em sentido estrito, <strong>cabe recurso solicitando a ANULA&Ccedil;&Atilde;O<\/strong> desta quest&atilde;o, pelo abaixo exposto.<\/span>\n<\/p>\n<p>\n\t<span style=\"color:#000000\">O texto desta alternativa est&aacute; <strong>CERTO<\/strong>, de acordo com a LDB, art. 30, I.<\/span>\n<\/p>\n<p>\n\t<span style=\"color:#000000\">&nbsp;&nbsp;&nbsp;&nbsp;&nbsp;&nbsp;&nbsp;&nbsp;&nbsp;&nbsp;&nbsp;&nbsp;&nbsp;&nbsp;&nbsp; Todavia, o comando geral da afirmativa determina seu julgamento de acordo com a Lei n&ordm; 12.796\/2013 e o art. 30, I da LDB n&atilde;o possui reda&ccedil;&atilde;o dada pela Lei n&ordm; 12.796\/2013.<\/span>\n<\/p>\n<p>\n\t<span style=\"color:#000000\">&nbsp;&nbsp;&nbsp;&nbsp;&nbsp;&nbsp;&nbsp;&nbsp;&nbsp;&nbsp;&nbsp;&nbsp;&nbsp;&nbsp;&nbsp;<\/span>\n<\/p>\n<p>\n\t<span style=\"color:#000000\">LDB<\/span>\n<\/p>\n<p>\n\t<span style=\"color:#000000\"><em>Art. 30. A educa&ccedil;&atilde;o infantil ser&aacute; oferecida em:<\/em><\/span>\n<\/p>\n<p>\n\t<span style=\"color:#000000\"><em>I &#8211; creches, ou entidades equivalentes, para crian&ccedil;as de at&eacute; tr&ecirc;s anos de idade;<\/em><\/span>\n<\/p>\n<p>\n\t&nbsp;\n<\/p>\n<p>\n\t&nbsp;\n<\/p>\n<p>\n\t&nbsp;\n<\/p>\n<p>\n\t&nbsp;<\/p>\n","protected":false},"excerpt":{"rendered":"<p>Ol&aacute; pessoal, &nbsp; &nbsp; &nbsp; &nbsp; &nbsp; &nbsp; &nbsp; &nbsp; &nbsp; &nbsp;seguem as possibilidades de recursos ao gabarito preliminar divulgado pelo CESPE para Monitor e tamb&eacute;m os meus coment&aacute;rios sobre os gabaritos mais &ldquo;pol&ecirc;micos&rdquo;. &nbsp; &nbsp; &nbsp; &nbsp; &nbsp; &nbsp; &nbsp; &nbsp; &nbsp; &nbsp; No meu&nbsp;post anterior&nbsp;voc&ecirc; pode ler meus coment&aacute;rios sobre&nbsp;todas as 47 quest&otilde;es [&hellip;]<\/p>\n","protected":false},"author":1,"featured_media":0,"comment_status":"open","ping_status":"open","sticky":false,"template":"","format":"standard","meta":{"post_tipo":"news","footnotes":""},"categories":[1],"tags":[],"tax_estado":[],"class_list":["post-62636","post","type-post","status-publish","format-standard","hentry","category-cursos-e-concursos"],"acf":[],"yoast_head":"<!-- This site is optimized with the Yoast SEO Premium plugin v27.2 (Yoast SEO v27.2) - https:\/\/yoast.com\/product\/yoast-seo-premium-wordpress\/ -->\n<title>SEDF - RECURSOS - Legisla\u00e7\u00e3o Educacional - Monitor<\/title>\n<meta name=\"robots\" content=\"index, follow, max-snippet:-1, max-image-preview:large, max-video-preview:-1\" \/>\n<link rel=\"canonical\" href=\"https:\/\/www.estrategiaconcursos.com.br\/blog\/recursos-sedf-legislacao-educacional-monitor\/\" \/>\n<meta property=\"og:locale\" content=\"pt_BR\" \/>\n<meta property=\"og:type\" content=\"article\" \/>\n<meta property=\"og:title\" content=\"SEDF - RECURSOS - Legisla\u00e7\u00e3o Educacional - Monitor\" \/>\n<meta property=\"og:description\" content=\"Ol&aacute; pessoal, &nbsp; &nbsp; &nbsp; &nbsp; &nbsp; &nbsp; &nbsp; &nbsp; &nbsp; &nbsp;seguem as possibilidades de recursos ao gabarito preliminar divulgado pelo CESPE para Monitor e tamb&eacute;m os meus coment&aacute;rios sobre os gabaritos mais &ldquo;pol&ecirc;micos&rdquo;. &nbsp; &nbsp; &nbsp; &nbsp; &nbsp; &nbsp; &nbsp; &nbsp; &nbsp; &nbsp; No meu&nbsp;post anterior&nbsp;voc&ecirc; pode ler meus coment&aacute;rios sobre&nbsp;todas as 47 quest&otilde;es [&hellip;]\" \/>\n<meta property=\"og:url\" content=\"https:\/\/www.estrategiaconcursos.com.br\/blog\/recursos-sedf-legislacao-educacional-monitor\/\" \/>\n<meta property=\"og:site_name\" content=\"Estrat\u00e9gia Concursos\" \/>\n<meta property=\"article:author\" content=\"https:\/\/www.facebook.com\/EstrategiaConcursos\" \/>\n<meta property=\"article:published_time\" content=\"2017-01-24T22:12:42+00:00\" \/>\n<meta property=\"article:modified_time\" content=\"2017-01-26T21:07:08+00:00\" \/>\n<meta name=\"author\" content=\"Coordena\u00e7\u00e3o\" \/>\n<meta name=\"twitter:card\" content=\"summary_large_image\" \/>\n<meta name=\"twitter:creator\" content=\"@EstratConcursos\" \/>\n<meta name=\"twitter:site\" content=\"@EstratConcursos\" \/>\n<meta name=\"twitter:label1\" content=\"Escrito por\" \/>\n\t<meta name=\"twitter:data1\" content=\"Coordena\u00e7\u00e3o\" \/>\n\t<meta name=\"twitter:label2\" content=\"Est. tempo de leitura\" \/>\n\t<meta name=\"twitter:data2\" content=\"22 minutos\" \/>\n<script type=\"application\/ld+json\" class=\"yoast-schema-graph\">{\"@context\":\"https:\/\/schema.org\",\"@graph\":[{\"@type\":\"NewsArticle\",\"@id\":\"https:\/\/www.estrategiaconcursos.com.br\/blog\/recursos-sedf-legislacao-educacional-monitor\/#article\",\"isPartOf\":{\"@id\":\"https:\/\/www.estrategiaconcursos.com.br\/blog\/recursos-sedf-legislacao-educacional-monitor\/\"},\"author\":{\"name\":\"Coordena\u00e7\u00e3o\",\"@id\":\"https:\/\/www.estrategiaconcursos.com.br\/blog\/#\/schema\/person\/b4a388c97673c5f483d72185668afa1f\"},\"headline\":\"SEDF &#8211; RECURSOS &#8211; Legisla\u00e7\u00e3o Educacional &#8211; Monitor\",\"datePublished\":\"2017-01-24T22:12:42+00:00\",\"dateModified\":\"2017-01-26T21:07:08+00:00\",\"mainEntityOfPage\":{\"@id\":\"https:\/\/www.estrategiaconcursos.com.br\/blog\/recursos-sedf-legislacao-educacional-monitor\/\"},\"wordCount\":4446,\"commentCount\":16,\"publisher\":{\"@id\":\"https:\/\/www.estrategiaconcursos.com.br\/blog\/#organization\"},\"articleSection\":[\"Concursos P\u00fablicos\"],\"inLanguage\":\"pt-BR\",\"potentialAction\":[{\"@type\":\"CommentAction\",\"name\":\"Comment\",\"target\":[\"https:\/\/www.estrategiaconcursos.com.br\/blog\/recursos-sedf-legislacao-educacional-monitor\/#respond\"]}],\"copyrightYear\":\"2017\",\"copyrightHolder\":{\"@id\":\"https:\/\/www.estrategiaconcursos.com.br\/blog\/#organization\"}},{\"@type\":\"WebPage\",\"@id\":\"https:\/\/www.estrategiaconcursos.com.br\/blog\/recursos-sedf-legislacao-educacional-monitor\/\",\"url\":\"https:\/\/www.estrategiaconcursos.com.br\/blog\/recursos-sedf-legislacao-educacional-monitor\/\",\"name\":\"SEDF - RECURSOS - Legisla\u00e7\u00e3o Educacional - Monitor\",\"isPartOf\":{\"@id\":\"https:\/\/www.estrategiaconcursos.com.br\/blog\/#website\"},\"datePublished\":\"2017-01-24T22:12:42+00:00\",\"dateModified\":\"2017-01-26T21:07:08+00:00\",\"breadcrumb\":{\"@id\":\"https:\/\/www.estrategiaconcursos.com.br\/blog\/recursos-sedf-legislacao-educacional-monitor\/#breadcrumb\"},\"inLanguage\":\"pt-BR\",\"potentialAction\":[{\"@type\":\"ReadAction\",\"target\":[\"https:\/\/www.estrategiaconcursos.com.br\/blog\/recursos-sedf-legislacao-educacional-monitor\/\"]}]},{\"@type\":\"BreadcrumbList\",\"@id\":\"https:\/\/www.estrategiaconcursos.com.br\/blog\/recursos-sedf-legislacao-educacional-monitor\/#breadcrumb\",\"itemListElement\":[{\"@type\":\"ListItem\",\"position\":1,\"name\":\"In\u00edcio\",\"item\":\"https:\/\/www.estrategiaconcursos.com.br\/blog\/\"},{\"@type\":\"ListItem\",\"position\":2,\"name\":\"SEDF &#8211; RECURSOS &#8211; Legisla\u00e7\u00e3o Educacional &#8211; Monitor\"}]},{\"@type\":\"WebSite\",\"@id\":\"https:\/\/www.estrategiaconcursos.com.br\/blog\/#website\",\"url\":\"https:\/\/www.estrategiaconcursos.com.br\/blog\/\",\"name\":\"Estrat\u00e9gia Concursos\",\"description\":\"O blog da Estrat\u00e9gia Concursos traz not\u00edcias sobre concursos e artigos de professores oferecendo cursos para concursos (pdf + videaulas) no site.\",\"publisher\":{\"@id\":\"https:\/\/www.estrategiaconcursos.com.br\/blog\/#organization\"},\"potentialAction\":[{\"@type\":\"SearchAction\",\"target\":{\"@type\":\"EntryPoint\",\"urlTemplate\":\"https:\/\/www.estrategiaconcursos.com.br\/blog\/?s={search_term_string}\"},\"query-input\":{\"@type\":\"PropertyValueSpecification\",\"valueRequired\":true,\"valueName\":\"search_term_string\"}}],\"inLanguage\":\"pt-BR\"},{\"@type\":\"Organization\",\"@id\":\"https:\/\/www.estrategiaconcursos.com.br\/blog\/#organization\",\"name\":\"Estrat\u00e9gia Concursos\",\"url\":\"https:\/\/www.estrategiaconcursos.com.br\/blog\/\",\"logo\":{\"@type\":\"ImageObject\",\"inLanguage\":\"pt-BR\",\"@id\":\"https:\/\/www.estrategiaconcursos.com.br\/blog\/#\/schema\/logo\/image\/\",\"url\":\"https:\/\/dhg1h5j42swfq.cloudfront.net\/2025\/06\/03203428\/logo_concursos-1.jpg\",\"contentUrl\":\"https:\/\/dhg1h5j42swfq.cloudfront.net\/2025\/06\/03203428\/logo_concursos-1.jpg\",\"width\":230,\"height\":60,\"caption\":\"Estrat\u00e9gia Concursos\"},\"image\":{\"@id\":\"https:\/\/www.estrategiaconcursos.com.br\/blog\/#\/schema\/logo\/image\/\"},\"sameAs\":[\"https:\/\/x.com\/EstratConcursos\"]},{\"@type\":\"Person\",\"@id\":\"https:\/\/www.estrategiaconcursos.com.br\/blog\/#\/schema\/person\/b4a388c97673c5f483d72185668afa1f\",\"name\":\"Coordena\u00e7\u00e3o\",\"image\":{\"@type\":\"ImageObject\",\"inLanguage\":\"pt-BR\",\"@id\":\"https:\/\/secure.gravatar.com\/avatar\/b720319e4c9a967eb58678d110f4fe35452fc5d5f97b202bac7b8acceb18c6ad?s=96&d=mm&r=g\",\"url\":\"https:\/\/secure.gravatar.com\/avatar\/b720319e4c9a967eb58678d110f4fe35452fc5d5f97b202bac7b8acceb18c6ad?s=96&d=mm&r=g\",\"contentUrl\":\"https:\/\/secure.gravatar.com\/avatar\/b720319e4c9a967eb58678d110f4fe35452fc5d5f97b202bac7b8acceb18c6ad?s=96&d=mm&r=g\",\"caption\":\"Coordena\u00e7\u00e3o\"},\"sameAs\":[\"https:\/\/www.facebook.com\/EstrategiaConcursos\",\"https:\/\/x.com\/EstratConcursos\"],\"url\":\"https:\/\/www.estrategiaconcursos.com.br\/blog\/author\/estrategia2013\/\"}]}<\/script>\n<!-- \/ Yoast SEO Premium plugin. -->","yoast_head_json":{"title":"SEDF - RECURSOS - Legisla\u00e7\u00e3o Educacional - Monitor","robots":{"index":"index","follow":"follow","max-snippet":"max-snippet:-1","max-image-preview":"max-image-preview:large","max-video-preview":"max-video-preview:-1"},"canonical":"https:\/\/www.estrategiaconcursos.com.br\/blog\/recursos-sedf-legislacao-educacional-monitor\/","og_locale":"pt_BR","og_type":"article","og_title":"SEDF - RECURSOS - Legisla\u00e7\u00e3o Educacional - Monitor","og_description":"Ol&aacute; pessoal, &nbsp; &nbsp; &nbsp; &nbsp; &nbsp; &nbsp; &nbsp; &nbsp; &nbsp; &nbsp;seguem as possibilidades de recursos ao gabarito preliminar divulgado pelo CESPE para Monitor e tamb&eacute;m os meus coment&aacute;rios sobre os gabaritos mais &ldquo;pol&ecirc;micos&rdquo;. &nbsp; &nbsp; &nbsp; &nbsp; &nbsp; &nbsp; &nbsp; &nbsp; &nbsp; &nbsp; No meu&nbsp;post anterior&nbsp;voc&ecirc; pode ler meus coment&aacute;rios sobre&nbsp;todas as 47 quest&otilde;es [&hellip;]","og_url":"https:\/\/www.estrategiaconcursos.com.br\/blog\/recursos-sedf-legislacao-educacional-monitor\/","og_site_name":"Estrat\u00e9gia Concursos","article_author":"https:\/\/www.facebook.com\/EstrategiaConcursos","article_published_time":"2017-01-24T22:12:42+00:00","article_modified_time":"2017-01-26T21:07:08+00:00","author":"Coordena\u00e7\u00e3o","twitter_card":"summary_large_image","twitter_creator":"@EstratConcursos","twitter_site":"@EstratConcursos","twitter_misc":{"Escrito por":"Coordena\u00e7\u00e3o","Est. tempo de leitura":"22 minutos"},"schema":{"@context":"https:\/\/schema.org","@graph":[{"@type":"NewsArticle","@id":"https:\/\/www.estrategiaconcursos.com.br\/blog\/recursos-sedf-legislacao-educacional-monitor\/#article","isPartOf":{"@id":"https:\/\/www.estrategiaconcursos.com.br\/blog\/recursos-sedf-legislacao-educacional-monitor\/"},"author":{"name":"Coordena\u00e7\u00e3o","@id":"https:\/\/www.estrategiaconcursos.com.br\/blog\/#\/schema\/person\/b4a388c97673c5f483d72185668afa1f"},"headline":"SEDF &#8211; RECURSOS &#8211; Legisla\u00e7\u00e3o Educacional &#8211; Monitor","datePublished":"2017-01-24T22:12:42+00:00","dateModified":"2017-01-26T21:07:08+00:00","mainEntityOfPage":{"@id":"https:\/\/www.estrategiaconcursos.com.br\/blog\/recursos-sedf-legislacao-educacional-monitor\/"},"wordCount":4446,"commentCount":16,"publisher":{"@id":"https:\/\/www.estrategiaconcursos.com.br\/blog\/#organization"},"articleSection":["Concursos P\u00fablicos"],"inLanguage":"pt-BR","potentialAction":[{"@type":"CommentAction","name":"Comment","target":["https:\/\/www.estrategiaconcursos.com.br\/blog\/recursos-sedf-legislacao-educacional-monitor\/#respond"]}],"copyrightYear":"2017","copyrightHolder":{"@id":"https:\/\/www.estrategiaconcursos.com.br\/blog\/#organization"}},{"@type":"WebPage","@id":"https:\/\/www.estrategiaconcursos.com.br\/blog\/recursos-sedf-legislacao-educacional-monitor\/","url":"https:\/\/www.estrategiaconcursos.com.br\/blog\/recursos-sedf-legislacao-educacional-monitor\/","name":"SEDF - RECURSOS - Legisla\u00e7\u00e3o Educacional - Monitor","isPartOf":{"@id":"https:\/\/www.estrategiaconcursos.com.br\/blog\/#website"},"datePublished":"2017-01-24T22:12:42+00:00","dateModified":"2017-01-26T21:07:08+00:00","breadcrumb":{"@id":"https:\/\/www.estrategiaconcursos.com.br\/blog\/recursos-sedf-legislacao-educacional-monitor\/#breadcrumb"},"inLanguage":"pt-BR","potentialAction":[{"@type":"ReadAction","target":["https:\/\/www.estrategiaconcursos.com.br\/blog\/recursos-sedf-legislacao-educacional-monitor\/"]}]},{"@type":"BreadcrumbList","@id":"https:\/\/www.estrategiaconcursos.com.br\/blog\/recursos-sedf-legislacao-educacional-monitor\/#breadcrumb","itemListElement":[{"@type":"ListItem","position":1,"name":"In\u00edcio","item":"https:\/\/www.estrategiaconcursos.com.br\/blog\/"},{"@type":"ListItem","position":2,"name":"SEDF &#8211; RECURSOS &#8211; Legisla\u00e7\u00e3o Educacional &#8211; Monitor"}]},{"@type":"WebSite","@id":"https:\/\/www.estrategiaconcursos.com.br\/blog\/#website","url":"https:\/\/www.estrategiaconcursos.com.br\/blog\/","name":"Estrat\u00e9gia Concursos","description":"O blog da Estrat\u00e9gia Concursos traz not\u00edcias sobre concursos e artigos de professores oferecendo cursos para concursos (pdf + videaulas) no site.","publisher":{"@id":"https:\/\/www.estrategiaconcursos.com.br\/blog\/#organization"},"potentialAction":[{"@type":"SearchAction","target":{"@type":"EntryPoint","urlTemplate":"https:\/\/www.estrategiaconcursos.com.br\/blog\/?s={search_term_string}"},"query-input":{"@type":"PropertyValueSpecification","valueRequired":true,"valueName":"search_term_string"}}],"inLanguage":"pt-BR"},{"@type":"Organization","@id":"https:\/\/www.estrategiaconcursos.com.br\/blog\/#organization","name":"Estrat\u00e9gia Concursos","url":"https:\/\/www.estrategiaconcursos.com.br\/blog\/","logo":{"@type":"ImageObject","inLanguage":"pt-BR","@id":"https:\/\/www.estrategiaconcursos.com.br\/blog\/#\/schema\/logo\/image\/","url":"https:\/\/dhg1h5j42swfq.cloudfront.net\/2025\/06\/03203428\/logo_concursos-1.jpg","contentUrl":"https:\/\/dhg1h5j42swfq.cloudfront.net\/2025\/06\/03203428\/logo_concursos-1.jpg","width":230,"height":60,"caption":"Estrat\u00e9gia Concursos"},"image":{"@id":"https:\/\/www.estrategiaconcursos.com.br\/blog\/#\/schema\/logo\/image\/"},"sameAs":["https:\/\/x.com\/EstratConcursos"]},{"@type":"Person","@id":"https:\/\/www.estrategiaconcursos.com.br\/blog\/#\/schema\/person\/b4a388c97673c5f483d72185668afa1f","name":"Coordena\u00e7\u00e3o","image":{"@type":"ImageObject","inLanguage":"pt-BR","@id":"https:\/\/secure.gravatar.com\/avatar\/b720319e4c9a967eb58678d110f4fe35452fc5d5f97b202bac7b8acceb18c6ad?s=96&d=mm&r=g","url":"https:\/\/secure.gravatar.com\/avatar\/b720319e4c9a967eb58678d110f4fe35452fc5d5f97b202bac7b8acceb18c6ad?s=96&d=mm&r=g","contentUrl":"https:\/\/secure.gravatar.com\/avatar\/b720319e4c9a967eb58678d110f4fe35452fc5d5f97b202bac7b8acceb18c6ad?s=96&d=mm&r=g","caption":"Coordena\u00e7\u00e3o"},"sameAs":["https:\/\/www.facebook.com\/EstrategiaConcursos","https:\/\/x.com\/EstratConcursos"],"url":"https:\/\/www.estrategiaconcursos.com.br\/blog\/author\/estrategia2013\/"}]}},"_links":{"self":[{"href":"https:\/\/www.estrategiaconcursos.com.br\/blog\/wp-json\/wp\/v2\/posts\/62636","targetHints":{"allow":["GET"]}}],"collection":[{"href":"https:\/\/www.estrategiaconcursos.com.br\/blog\/wp-json\/wp\/v2\/posts"}],"about":[{"href":"https:\/\/www.estrategiaconcursos.com.br\/blog\/wp-json\/wp\/v2\/types\/post"}],"author":[{"embeddable":true,"href":"https:\/\/www.estrategiaconcursos.com.br\/blog\/wp-json\/wp\/v2\/users\/1"}],"replies":[{"embeddable":true,"href":"https:\/\/www.estrategiaconcursos.com.br\/blog\/wp-json\/wp\/v2\/comments?post=62636"}],"version-history":[{"count":6,"href":"https:\/\/www.estrategiaconcursos.com.br\/blog\/wp-json\/wp\/v2\/posts\/62636\/revisions"}],"predecessor-version":[{"id":62674,"href":"https:\/\/www.estrategiaconcursos.com.br\/blog\/wp-json\/wp\/v2\/posts\/62636\/revisions\/62674"}],"wp:attachment":[{"href":"https:\/\/www.estrategiaconcursos.com.br\/blog\/wp-json\/wp\/v2\/media?parent=62636"}],"wp:term":[{"taxonomy":"category","embeddable":true,"href":"https:\/\/www.estrategiaconcursos.com.br\/blog\/wp-json\/wp\/v2\/categories?post=62636"},{"taxonomy":"post_tag","embeddable":true,"href":"https:\/\/www.estrategiaconcursos.com.br\/blog\/wp-json\/wp\/v2\/tags?post=62636"},{"taxonomy":"tax_estado","embeddable":true,"href":"https:\/\/www.estrategiaconcursos.com.br\/blog\/wp-json\/wp\/v2\/tax_estado?post=62636"}],"curies":[{"name":"wp","href":"https:\/\/api.w.org\/{rel}","templated":true}]}}