{"id":62586,"date":"2017-01-24T15:21:43","date_gmt":"2017-01-24T18:21:43","guid":{"rendered":"https:\/\/www.estrategiaconcursos.com.br\/blog\/?p=62586"},"modified":"2017-01-24T17:19:56","modified_gmt":"2017-01-24T20:19:56","slug":"fique-de-olho-governo-apoia-tese-que-relaciona-rompimento-em-mariana-com-surto-de-febre-amarela-prof-wagner-bertolini-estrategia-concursos","status":"publish","type":"post","link":"https:\/\/www.estrategiaconcursos.com.br\/blog\/fique-de-olho-governo-apoia-tese-que-relaciona-rompimento-em-mariana-com-surto-de-febre-amarela-prof-wagner-bertolini-estrategia-concursos\/","title":{"rendered":"Fique de olho: Governo apoia tese que relaciona rompimento em Mariana com surto de febre amarela"},"content":{"rendered":"<p>\n\tFIQUE POR DENTRO\n<\/p>\n<p>\n\t<strong>Governo apoia tese que relaciona rompimento em Mariana com surto de febre amarela<\/strong>\n<\/p>\n<p>\n\t&nbsp;\n<\/p>\n<p>\n\tS&atilde;o Paulo &#8211; O ministro da Sa&uacute;de, Ricardo Barros, afirmou na manh&atilde; desta ter&ccedil;a-feira, 24, que o governo acompanha a tese de que o surto de febre amarela em Minas Gerais pode estar relacionado &agrave; trag&eacute;dia do rompimento da barragem em Mariana, ocorrida em 2015. A possibilidade foi levantada pela bi&oacute;loga M&aacute;rcia Chame, da Fiocruz, em entrevista ao jornal&nbsp;<strong>O Estado de S. Paulo<\/strong>&nbsp;no &uacute;ltimo dia 14.\n<\/p>\n<p>\n\t&quot;Isso &eacute; uma tese que est&aacute; sendo desenvolvida e que n&oacute;s estamos aguardando eventual confirma&ccedil;&atilde;o. Mas n&atilde;o h&aacute;, da nossa parte, uma confirma&ccedil;&atilde;o sobre essa quest&atilde;o. O Minist&eacute;rio acompanha o desenvolvimento dessa tese&quot;, afirmou Barros em entrevista &agrave; R&aacute;dio Estad&atilde;o.\n<\/p>\n<p>\n\tO Brasil est&aacute; atualmente com 391 casos de febre amarela confirmados e 35 mortes registradas, sendo 32 em Minas Gerais e tr&ecirc;s &oacute;bitos em S&atilde;o Paulo. O ministro afirmou que o surto de febre amarela silvestre se concentra no Estado mineiro por casos de pessoas que viajam &agrave; Zona da Mata. Barros minimizou o risco de um surto parecido no Estado paulista, afirmando que o n&uacute;mero de mortes &eacute; &quot;m&iacute;nimo&quot; em S&atilde;o Paulo e que duas das tr&ecirc;s v&iacute;timas foram infectadas em Minas.\n<\/p>\n<p>\n\tO ministro afirmou que o Brasil tem condi&ccedil;&otilde;es t&eacute;cnicas de superar o surto e que &eacute; preciso evitar que o problema se alastre para a zona urbana, possibilidade que existe com a transmiss&atilde;o da doen&ccedil;a pelo mosquito Aedes aegypti urbano. &quot;O Brasil tem capacidade t&eacute;cnica, de assist&ecirc;ncia, pessoal, infraestrutura e de vacinas, para bloquear esse surto. Agora, depende efetivamente das pessoas irem &agrave; vacina&ccedil;&atilde;o e de t&eacute;cnicos agirem corretamente quando surge cada caso&quot;, disse.\n<\/p>\n<p>\n\tBarros disse que todos os protocolos da Organiza&ccedil;&atilde;o Mundial da Sa&uacute;de (OMS) est&atilde;o sendo seguidos e que confia na supera&ccedil;&atilde;o do problema. Ele tamb&eacute;m garantiu que n&atilde;o faltar&atilde;o vacinas. &quot;J&aacute; est&atilde;o entregues (as doses), h&aacute; estoque, o Brasil &eacute; exportador de vacina de febre amarela, n&atilde;o temos problema com estoque, temos apenas que garantir a vacina&ccedil;&atilde;o&quot;, afirmou. Doses da vacina foram enviadas para Minas Gerais, Bahia, Rio de Janeiro, S&atilde;o Paulo e Distrito Federal, destacou.&nbsp;\n<\/p>\n<p>\n\tO ministro declarou que a pasta n&atilde;o trabalha com a hip&oacute;tese de o surto se alastrar para &aacute;reas urbanas. &quot;Mas, evidentemente, se a pessoa pega a doen&ccedil;a na mata e vem para a cidade, pode transmitir. O fato concreto &eacute; que temos controle m&aacute;ximo dos casos para evitar que isso aconte&ccedil;a.&quot;\n<\/p>\n<p>\n\tPara o ministro, &eacute; preciso lembrar que casos de febre amarela s&atilde;o registrado todos os anos, especialmente na regi&atilde;o Norte do Brasil. O que ocorre agora, afirmou, tende a ser fruto do tr&acirc;nsito de pessoas que foram para regi&otilde;es de mata e de macacos infectados que entraram em contato com humanos nesses locais.&nbsp;\n<\/p>\n<p>\n\t<strong>Outras doen&ccedil;as<\/strong>\n<\/p>\n<p>\n\tNa entrevista, Ricardo Barros afirmou que est&aacute; confiante de que o Pa&iacute;s logo ter&aacute; uma solu&ccedil;&atilde;o de vacina para outras tr&ecirc;s doen&ccedil;as: dengue, zika v&iacute;rus e chikungunya. A vacina contra dengue j&aacute; est&aacute; sendo testada em pessoas e apresenta muita efic&aacute;cia, refor&ccedil;ou. &quot;Tamb&eacute;m temos vacina&ccedil;&atilde;o da zika em fase dois de teste em macacos e estamos iniciando ainda processo de desenvolvimento de vacina para chikungunya&quot;, finalizou.\n<\/p>\n<p>\n\t&nbsp;<\/p>\n","protected":false},"excerpt":{"rendered":"<p>FIQUE POR DENTRO Governo apoia tese que relaciona rompimento em Mariana com surto de febre amarela &nbsp; S&atilde;o Paulo &#8211; O ministro da Sa&uacute;de, Ricardo Barros, afirmou na manh&atilde; desta ter&ccedil;a-feira, 24, que o governo acompanha a tese de que o surto de febre amarela em Minas Gerais pode estar relacionado &agrave; trag&eacute;dia do rompimento [&hellip;]<\/p>\n","protected":false},"author":1,"featured_media":0,"comment_status":"open","ping_status":"open","sticky":false,"template":"","format":"standard","meta":{"post_tipo":"news","footnotes":""},"categories":[1,1988,1981],"tags":[],"tax_estado":[],"class_list":["post-62586","post","type-post","status-publish","format-standard","hentry","category-cursos-e-concursos","category-policia","category-saude"],"acf":[],"yoast_head":"<!-- This site is optimized with the Yoast SEO Premium plugin v27.2 (Yoast SEO v27.2) - https:\/\/yoast.com\/product\/yoast-seo-premium-wordpress\/ -->\n<title>Fique de olho: Governo apoia tese que relaciona rompimento em Mariana com surto de febre amarela<\/title>\n<meta name=\"robots\" content=\"index, follow, max-snippet:-1, max-image-preview:large, max-video-preview:-1\" \/>\n<link rel=\"canonical\" href=\"https:\/\/www.estrategiaconcursos.com.br\/blog\/fique-de-olho-governo-apoia-tese-que-relaciona-rompimento-em-mariana-com-surto-de-febre-amarela-prof-wagner-bertolini-estrategia-concursos\/\" \/>\n<meta property=\"og:locale\" content=\"pt_BR\" \/>\n<meta property=\"og:type\" content=\"article\" \/>\n<meta property=\"og:title\" content=\"Fique de olho: Governo apoia tese que relaciona rompimento em Mariana com surto de febre amarela\" \/>\n<meta property=\"og:description\" content=\"FIQUE POR DENTRO Governo apoia tese que relaciona rompimento em Mariana com surto de febre amarela &nbsp; S&atilde;o Paulo &#8211; O ministro da Sa&uacute;de, Ricardo Barros, afirmou na manh&atilde; desta ter&ccedil;a-feira, 24, que o governo acompanha a tese de que o surto de febre amarela em Minas Gerais pode estar relacionado &agrave; trag&eacute;dia do rompimento [&hellip;]\" \/>\n<meta property=\"og:url\" content=\"https:\/\/www.estrategiaconcursos.com.br\/blog\/fique-de-olho-governo-apoia-tese-que-relaciona-rompimento-em-mariana-com-surto-de-febre-amarela-prof-wagner-bertolini-estrategia-concursos\/\" \/>\n<meta property=\"og:site_name\" content=\"Estrat\u00e9gia Concursos\" \/>\n<meta property=\"article:author\" content=\"https:\/\/www.facebook.com\/EstrategiaConcursos\" \/>\n<meta property=\"article:published_time\" content=\"2017-01-24T18:21:43+00:00\" \/>\n<meta property=\"article:modified_time\" content=\"2017-01-24T20:19:56+00:00\" \/>\n<meta name=\"author\" content=\"Coordena\u00e7\u00e3o\" \/>\n<meta name=\"twitter:card\" content=\"summary_large_image\" \/>\n<meta name=\"twitter:creator\" content=\"@EstratConcursos\" \/>\n<meta name=\"twitter:site\" content=\"@EstratConcursos\" \/>\n<meta name=\"twitter:label1\" content=\"Escrito por\" \/>\n\t<meta name=\"twitter:data1\" content=\"Coordena\u00e7\u00e3o\" \/>\n\t<meta name=\"twitter:label2\" content=\"Est. tempo de leitura\" \/>\n\t<meta name=\"twitter:data2\" content=\"3 minutos\" \/>\n<script type=\"application\/ld+json\" class=\"yoast-schema-graph\">{\"@context\":\"https:\/\/schema.org\",\"@graph\":[{\"@type\":\"NewsArticle\",\"@id\":\"https:\/\/www.estrategiaconcursos.com.br\/blog\/fique-de-olho-governo-apoia-tese-que-relaciona-rompimento-em-mariana-com-surto-de-febre-amarela-prof-wagner-bertolini-estrategia-concursos\/#article\",\"isPartOf\":{\"@id\":\"https:\/\/www.estrategiaconcursos.com.br\/blog\/fique-de-olho-governo-apoia-tese-que-relaciona-rompimento-em-mariana-com-surto-de-febre-amarela-prof-wagner-bertolini-estrategia-concursos\/\"},\"author\":{\"name\":\"Coordena\u00e7\u00e3o\",\"@id\":\"https:\/\/www.estrategiaconcursos.com.br\/blog\/#\/schema\/person\/b4a388c97673c5f483d72185668afa1f\"},\"headline\":\"Fique de olho: Governo apoia tese que relaciona rompimento em Mariana com surto de febre amarela\",\"datePublished\":\"2017-01-24T18:21:43+00:00\",\"dateModified\":\"2017-01-24T20:19:56+00:00\",\"mainEntityOfPage\":{\"@id\":\"https:\/\/www.estrategiaconcursos.com.br\/blog\/fique-de-olho-governo-apoia-tese-que-relaciona-rompimento-em-mariana-com-surto-de-febre-amarela-prof-wagner-bertolini-estrategia-concursos\/\"},\"wordCount\":696,\"commentCount\":0,\"publisher\":{\"@id\":\"https:\/\/www.estrategiaconcursos.com.br\/blog\/#organization\"},\"articleSection\":[\"Concursos P\u00fablicos\",\"Policial (Agente, Escriv\u00e3o e Investigador)\",\"Sa\u00fade\"],\"inLanguage\":\"pt-BR\",\"potentialAction\":[{\"@type\":\"CommentAction\",\"name\":\"Comment\",\"target\":[\"https:\/\/www.estrategiaconcursos.com.br\/blog\/fique-de-olho-governo-apoia-tese-que-relaciona-rompimento-em-mariana-com-surto-de-febre-amarela-prof-wagner-bertolini-estrategia-concursos\/#respond\"]}],\"copyrightYear\":\"2017\",\"copyrightHolder\":{\"@id\":\"https:\/\/www.estrategiaconcursos.com.br\/blog\/#organization\"}},{\"@type\":\"WebPage\",\"@id\":\"https:\/\/www.estrategiaconcursos.com.br\/blog\/fique-de-olho-governo-apoia-tese-que-relaciona-rompimento-em-mariana-com-surto-de-febre-amarela-prof-wagner-bertolini-estrategia-concursos\/\",\"url\":\"https:\/\/www.estrategiaconcursos.com.br\/blog\/fique-de-olho-governo-apoia-tese-que-relaciona-rompimento-em-mariana-com-surto-de-febre-amarela-prof-wagner-bertolini-estrategia-concursos\/\",\"name\":\"Fique de olho: Governo apoia tese que relaciona rompimento em Mariana com surto de febre amarela\",\"isPartOf\":{\"@id\":\"https:\/\/www.estrategiaconcursos.com.br\/blog\/#website\"},\"datePublished\":\"2017-01-24T18:21:43+00:00\",\"dateModified\":\"2017-01-24T20:19:56+00:00\",\"breadcrumb\":{\"@id\":\"https:\/\/www.estrategiaconcursos.com.br\/blog\/fique-de-olho-governo-apoia-tese-que-relaciona-rompimento-em-mariana-com-surto-de-febre-amarela-prof-wagner-bertolini-estrategia-concursos\/#breadcrumb\"},\"inLanguage\":\"pt-BR\",\"potentialAction\":[{\"@type\":\"ReadAction\",\"target\":[\"https:\/\/www.estrategiaconcursos.com.br\/blog\/fique-de-olho-governo-apoia-tese-que-relaciona-rompimento-em-mariana-com-surto-de-febre-amarela-prof-wagner-bertolini-estrategia-concursos\/\"]}]},{\"@type\":\"BreadcrumbList\",\"@id\":\"https:\/\/www.estrategiaconcursos.com.br\/blog\/fique-de-olho-governo-apoia-tese-que-relaciona-rompimento-em-mariana-com-surto-de-febre-amarela-prof-wagner-bertolini-estrategia-concursos\/#breadcrumb\",\"itemListElement\":[{\"@type\":\"ListItem\",\"position\":1,\"name\":\"In\u00edcio\",\"item\":\"https:\/\/www.estrategiaconcursos.com.br\/blog\/\"},{\"@type\":\"ListItem\",\"position\":2,\"name\":\"Fique de olho: Governo apoia tese que relaciona rompimento em Mariana com surto de febre amarela\"}]},{\"@type\":\"WebSite\",\"@id\":\"https:\/\/www.estrategiaconcursos.com.br\/blog\/#website\",\"url\":\"https:\/\/www.estrategiaconcursos.com.br\/blog\/\",\"name\":\"Estrat\u00e9gia Concursos\",\"description\":\"O blog da Estrat\u00e9gia Concursos traz not\u00edcias sobre concursos e artigos de professores oferecendo cursos para concursos (pdf + videaulas) no site.\",\"publisher\":{\"@id\":\"https:\/\/www.estrategiaconcursos.com.br\/blog\/#organization\"},\"potentialAction\":[{\"@type\":\"SearchAction\",\"target\":{\"@type\":\"EntryPoint\",\"urlTemplate\":\"https:\/\/www.estrategiaconcursos.com.br\/blog\/?s={search_term_string}\"},\"query-input\":{\"@type\":\"PropertyValueSpecification\",\"valueRequired\":true,\"valueName\":\"search_term_string\"}}],\"inLanguage\":\"pt-BR\"},{\"@type\":\"Organization\",\"@id\":\"https:\/\/www.estrategiaconcursos.com.br\/blog\/#organization\",\"name\":\"Estrat\u00e9gia Concursos\",\"url\":\"https:\/\/www.estrategiaconcursos.com.br\/blog\/\",\"logo\":{\"@type\":\"ImageObject\",\"inLanguage\":\"pt-BR\",\"@id\":\"https:\/\/www.estrategiaconcursos.com.br\/blog\/#\/schema\/logo\/image\/\",\"url\":\"https:\/\/dhg1h5j42swfq.cloudfront.net\/2025\/06\/03203428\/logo_concursos-1.jpg\",\"contentUrl\":\"https:\/\/dhg1h5j42swfq.cloudfront.net\/2025\/06\/03203428\/logo_concursos-1.jpg\",\"width\":230,\"height\":60,\"caption\":\"Estrat\u00e9gia Concursos\"},\"image\":{\"@id\":\"https:\/\/www.estrategiaconcursos.com.br\/blog\/#\/schema\/logo\/image\/\"},\"sameAs\":[\"https:\/\/x.com\/EstratConcursos\"]},{\"@type\":\"Person\",\"@id\":\"https:\/\/www.estrategiaconcursos.com.br\/blog\/#\/schema\/person\/b4a388c97673c5f483d72185668afa1f\",\"name\":\"Coordena\u00e7\u00e3o\",\"image\":{\"@type\":\"ImageObject\",\"inLanguage\":\"pt-BR\",\"@id\":\"https:\/\/secure.gravatar.com\/avatar\/b720319e4c9a967eb58678d110f4fe35452fc5d5f97b202bac7b8acceb18c6ad?s=96&d=mm&r=g\",\"url\":\"https:\/\/secure.gravatar.com\/avatar\/b720319e4c9a967eb58678d110f4fe35452fc5d5f97b202bac7b8acceb18c6ad?s=96&d=mm&r=g\",\"contentUrl\":\"https:\/\/secure.gravatar.com\/avatar\/b720319e4c9a967eb58678d110f4fe35452fc5d5f97b202bac7b8acceb18c6ad?s=96&d=mm&r=g\",\"caption\":\"Coordena\u00e7\u00e3o\"},\"sameAs\":[\"https:\/\/www.facebook.com\/EstrategiaConcursos\",\"https:\/\/x.com\/EstratConcursos\"],\"url\":\"https:\/\/www.estrategiaconcursos.com.br\/blog\/author\/estrategia2013\/\"}]}<\/script>\n<!-- \/ Yoast SEO Premium plugin. -->","yoast_head_json":{"title":"Fique de olho: Governo apoia tese que relaciona rompimento em Mariana com surto de febre amarela","robots":{"index":"index","follow":"follow","max-snippet":"max-snippet:-1","max-image-preview":"max-image-preview:large","max-video-preview":"max-video-preview:-1"},"canonical":"https:\/\/www.estrategiaconcursos.com.br\/blog\/fique-de-olho-governo-apoia-tese-que-relaciona-rompimento-em-mariana-com-surto-de-febre-amarela-prof-wagner-bertolini-estrategia-concursos\/","og_locale":"pt_BR","og_type":"article","og_title":"Fique de olho: Governo apoia tese que relaciona rompimento em Mariana com surto de febre amarela","og_description":"FIQUE POR DENTRO Governo apoia tese que relaciona rompimento em Mariana com surto de febre amarela &nbsp; S&atilde;o Paulo &#8211; O ministro da Sa&uacute;de, Ricardo Barros, afirmou na manh&atilde; desta ter&ccedil;a-feira, 24, que o governo acompanha a tese de que o surto de febre amarela em Minas Gerais pode estar relacionado &agrave; trag&eacute;dia do rompimento [&hellip;]","og_url":"https:\/\/www.estrategiaconcursos.com.br\/blog\/fique-de-olho-governo-apoia-tese-que-relaciona-rompimento-em-mariana-com-surto-de-febre-amarela-prof-wagner-bertolini-estrategia-concursos\/","og_site_name":"Estrat\u00e9gia Concursos","article_author":"https:\/\/www.facebook.com\/EstrategiaConcursos","article_published_time":"2017-01-24T18:21:43+00:00","article_modified_time":"2017-01-24T20:19:56+00:00","author":"Coordena\u00e7\u00e3o","twitter_card":"summary_large_image","twitter_creator":"@EstratConcursos","twitter_site":"@EstratConcursos","twitter_misc":{"Escrito por":"Coordena\u00e7\u00e3o","Est. tempo de leitura":"3 minutos"},"schema":{"@context":"https:\/\/schema.org","@graph":[{"@type":"NewsArticle","@id":"https:\/\/www.estrategiaconcursos.com.br\/blog\/fique-de-olho-governo-apoia-tese-que-relaciona-rompimento-em-mariana-com-surto-de-febre-amarela-prof-wagner-bertolini-estrategia-concursos\/#article","isPartOf":{"@id":"https:\/\/www.estrategiaconcursos.com.br\/blog\/fique-de-olho-governo-apoia-tese-que-relaciona-rompimento-em-mariana-com-surto-de-febre-amarela-prof-wagner-bertolini-estrategia-concursos\/"},"author":{"name":"Coordena\u00e7\u00e3o","@id":"https:\/\/www.estrategiaconcursos.com.br\/blog\/#\/schema\/person\/b4a388c97673c5f483d72185668afa1f"},"headline":"Fique de olho: Governo apoia tese que relaciona rompimento em Mariana com surto de febre amarela","datePublished":"2017-01-24T18:21:43+00:00","dateModified":"2017-01-24T20:19:56+00:00","mainEntityOfPage":{"@id":"https:\/\/www.estrategiaconcursos.com.br\/blog\/fique-de-olho-governo-apoia-tese-que-relaciona-rompimento-em-mariana-com-surto-de-febre-amarela-prof-wagner-bertolini-estrategia-concursos\/"},"wordCount":696,"commentCount":0,"publisher":{"@id":"https:\/\/www.estrategiaconcursos.com.br\/blog\/#organization"},"articleSection":["Concursos P\u00fablicos","Policial (Agente, Escriv\u00e3o e Investigador)","Sa\u00fade"],"inLanguage":"pt-BR","potentialAction":[{"@type":"CommentAction","name":"Comment","target":["https:\/\/www.estrategiaconcursos.com.br\/blog\/fique-de-olho-governo-apoia-tese-que-relaciona-rompimento-em-mariana-com-surto-de-febre-amarela-prof-wagner-bertolini-estrategia-concursos\/#respond"]}],"copyrightYear":"2017","copyrightHolder":{"@id":"https:\/\/www.estrategiaconcursos.com.br\/blog\/#organization"}},{"@type":"WebPage","@id":"https:\/\/www.estrategiaconcursos.com.br\/blog\/fique-de-olho-governo-apoia-tese-que-relaciona-rompimento-em-mariana-com-surto-de-febre-amarela-prof-wagner-bertolini-estrategia-concursos\/","url":"https:\/\/www.estrategiaconcursos.com.br\/blog\/fique-de-olho-governo-apoia-tese-que-relaciona-rompimento-em-mariana-com-surto-de-febre-amarela-prof-wagner-bertolini-estrategia-concursos\/","name":"Fique de olho: Governo apoia tese que relaciona rompimento em Mariana com surto de febre amarela","isPartOf":{"@id":"https:\/\/www.estrategiaconcursos.com.br\/blog\/#website"},"datePublished":"2017-01-24T18:21:43+00:00","dateModified":"2017-01-24T20:19:56+00:00","breadcrumb":{"@id":"https:\/\/www.estrategiaconcursos.com.br\/blog\/fique-de-olho-governo-apoia-tese-que-relaciona-rompimento-em-mariana-com-surto-de-febre-amarela-prof-wagner-bertolini-estrategia-concursos\/#breadcrumb"},"inLanguage":"pt-BR","potentialAction":[{"@type":"ReadAction","target":["https:\/\/www.estrategiaconcursos.com.br\/blog\/fique-de-olho-governo-apoia-tese-que-relaciona-rompimento-em-mariana-com-surto-de-febre-amarela-prof-wagner-bertolini-estrategia-concursos\/"]}]},{"@type":"BreadcrumbList","@id":"https:\/\/www.estrategiaconcursos.com.br\/blog\/fique-de-olho-governo-apoia-tese-que-relaciona-rompimento-em-mariana-com-surto-de-febre-amarela-prof-wagner-bertolini-estrategia-concursos\/#breadcrumb","itemListElement":[{"@type":"ListItem","position":1,"name":"In\u00edcio","item":"https:\/\/www.estrategiaconcursos.com.br\/blog\/"},{"@type":"ListItem","position":2,"name":"Fique de olho: Governo apoia tese que relaciona rompimento em Mariana com surto de febre amarela"}]},{"@type":"WebSite","@id":"https:\/\/www.estrategiaconcursos.com.br\/blog\/#website","url":"https:\/\/www.estrategiaconcursos.com.br\/blog\/","name":"Estrat\u00e9gia Concursos","description":"O blog da Estrat\u00e9gia Concursos traz not\u00edcias sobre concursos e artigos de professores oferecendo cursos para concursos (pdf + videaulas) no site.","publisher":{"@id":"https:\/\/www.estrategiaconcursos.com.br\/blog\/#organization"},"potentialAction":[{"@type":"SearchAction","target":{"@type":"EntryPoint","urlTemplate":"https:\/\/www.estrategiaconcursos.com.br\/blog\/?s={search_term_string}"},"query-input":{"@type":"PropertyValueSpecification","valueRequired":true,"valueName":"search_term_string"}}],"inLanguage":"pt-BR"},{"@type":"Organization","@id":"https:\/\/www.estrategiaconcursos.com.br\/blog\/#organization","name":"Estrat\u00e9gia Concursos","url":"https:\/\/www.estrategiaconcursos.com.br\/blog\/","logo":{"@type":"ImageObject","inLanguage":"pt-BR","@id":"https:\/\/www.estrategiaconcursos.com.br\/blog\/#\/schema\/logo\/image\/","url":"https:\/\/dhg1h5j42swfq.cloudfront.net\/2025\/06\/03203428\/logo_concursos-1.jpg","contentUrl":"https:\/\/dhg1h5j42swfq.cloudfront.net\/2025\/06\/03203428\/logo_concursos-1.jpg","width":230,"height":60,"caption":"Estrat\u00e9gia Concursos"},"image":{"@id":"https:\/\/www.estrategiaconcursos.com.br\/blog\/#\/schema\/logo\/image\/"},"sameAs":["https:\/\/x.com\/EstratConcursos"]},{"@type":"Person","@id":"https:\/\/www.estrategiaconcursos.com.br\/blog\/#\/schema\/person\/b4a388c97673c5f483d72185668afa1f","name":"Coordena\u00e7\u00e3o","image":{"@type":"ImageObject","inLanguage":"pt-BR","@id":"https:\/\/secure.gravatar.com\/avatar\/b720319e4c9a967eb58678d110f4fe35452fc5d5f97b202bac7b8acceb18c6ad?s=96&d=mm&r=g","url":"https:\/\/secure.gravatar.com\/avatar\/b720319e4c9a967eb58678d110f4fe35452fc5d5f97b202bac7b8acceb18c6ad?s=96&d=mm&r=g","contentUrl":"https:\/\/secure.gravatar.com\/avatar\/b720319e4c9a967eb58678d110f4fe35452fc5d5f97b202bac7b8acceb18c6ad?s=96&d=mm&r=g","caption":"Coordena\u00e7\u00e3o"},"sameAs":["https:\/\/www.facebook.com\/EstrategiaConcursos","https:\/\/x.com\/EstratConcursos"],"url":"https:\/\/www.estrategiaconcursos.com.br\/blog\/author\/estrategia2013\/"}]}},"_links":{"self":[{"href":"https:\/\/www.estrategiaconcursos.com.br\/blog\/wp-json\/wp\/v2\/posts\/62586","targetHints":{"allow":["GET"]}}],"collection":[{"href":"https:\/\/www.estrategiaconcursos.com.br\/blog\/wp-json\/wp\/v2\/posts"}],"about":[{"href":"https:\/\/www.estrategiaconcursos.com.br\/blog\/wp-json\/wp\/v2\/types\/post"}],"author":[{"embeddable":true,"href":"https:\/\/www.estrategiaconcursos.com.br\/blog\/wp-json\/wp\/v2\/users\/1"}],"replies":[{"embeddable":true,"href":"https:\/\/www.estrategiaconcursos.com.br\/blog\/wp-json\/wp\/v2\/comments?post=62586"}],"version-history":[{"count":3,"href":"https:\/\/www.estrategiaconcursos.com.br\/blog\/wp-json\/wp\/v2\/posts\/62586\/revisions"}],"predecessor-version":[{"id":62628,"href":"https:\/\/www.estrategiaconcursos.com.br\/blog\/wp-json\/wp\/v2\/posts\/62586\/revisions\/62628"}],"wp:attachment":[{"href":"https:\/\/www.estrategiaconcursos.com.br\/blog\/wp-json\/wp\/v2\/media?parent=62586"}],"wp:term":[{"taxonomy":"category","embeddable":true,"href":"https:\/\/www.estrategiaconcursos.com.br\/blog\/wp-json\/wp\/v2\/categories?post=62586"},{"taxonomy":"post_tag","embeddable":true,"href":"https:\/\/www.estrategiaconcursos.com.br\/blog\/wp-json\/wp\/v2\/tags?post=62586"},{"taxonomy":"tax_estado","embeddable":true,"href":"https:\/\/www.estrategiaconcursos.com.br\/blog\/wp-json\/wp\/v2\/tax_estado?post=62586"}],"curies":[{"name":"wp","href":"https:\/\/api.w.org\/{rel}","templated":true}]}}