{"id":62571,"date":"2017-01-24T15:24:54","date_gmt":"2017-01-24T18:24:54","guid":{"rendered":"https:\/\/www.estrategiaconcursos.com.br\/blog\/?p=62571"},"modified":"2017-01-26T18:07:08","modified_gmt":"2017-01-26T21:07:08","slug":"62571-2","status":"publish","type":"post","link":"https:\/\/www.estrategiaconcursos.com.br\/blog\/62571-2\/","title":{"rendered":"Gabarito SEDF extraoficial &#8211; LEGISLA\u00c7\u00c3O EDUCACIONAL &#8211; Monitor"},"content":{"rendered":"<p>\n\t<span>Ol&aacute; pessoal, tudo bem? <\/span>\n<\/p>\n<p>\n\t&nbsp;\n<\/p>\n<p>\n\t<span>&nbsp;&nbsp;&nbsp;&nbsp;&nbsp;&nbsp;<\/span><span>&nbsp; &nbsp; &nbsp;<\/span><span>Segue o <\/span><span><strong>gabarito extraoficial comentado<\/strong><\/span><span>, <\/span><strong><u><span>j&aacute; fundamentado para fins de recursos<\/span><\/u><span> <\/span><\/strong><span>ao gabarito preliminar das quest&otilde;es objetivas da prova para <\/span><span><strong>Monitor da SEDF<\/strong><\/span><span>. <\/span>\n<\/p>\n<p>\n\t&nbsp;\n<\/p>\n<p>\n\t<span>&nbsp;&nbsp;&nbsp;&nbsp;&nbsp;&nbsp;&nbsp;&nbsp;&nbsp;&nbsp;&nbsp; Das 120 quest&otilde;es objetivas, 47 exigiram o <strong>conhecimento das normas educacionais<\/strong>, representando expressivos <\/span><span><strong>39,17% da prova objetiva<\/strong><\/span><span>, fato que torna o bom desempenho, neste segmento da prova, fundamental &agrave; aprova&ccedil;&atilde;o. <\/span>\n<\/p>\n<p>\n\t&nbsp;\n<\/p>\n<p>\n\t<span>&nbsp;&nbsp;&nbsp;&nbsp;&nbsp;&nbsp;&nbsp;&nbsp;&nbsp;&nbsp;&nbsp;&nbsp;&nbsp;&nbsp;&nbsp;&nbsp;&nbsp;&nbsp; Esta import&acirc;ncia da legisla&ccedil;&atilde;o educacional <strong>superou a tend&ecirc;ncia baseada na m&eacute;dia hist&oacute;rica de cobran&ccedil;a da legisla&ccedil;&atilde;o educacional em provas objetivas do CESPE<\/strong>, entre 20 a 25%, que informei na aula 00 do curso de Legisla&ccedil;&atilde;o Educacional para Monitor SEDF, bem como em v&iacute;deo com dicas &agrave; SEDF no Youtube. <\/span>\n<\/p>\n<p>\n\t&nbsp;\n<\/p>\n<p>\n\t<span>Nesta prova, foi<strong> <\/strong><\/span><span><strong>elevado o n&iacute;vel de dificuldade na cobran&ccedil;a da legisla&ccedil;&atilde;o educacional<\/strong><\/span><span>, em especial, pelo fato da <\/span><span><strong>prova exigir o conhecimento do conte&uacute;do de todas as normas educacionais exigidas pelo edital do concurso<\/strong><\/span><span>. <\/span>\n<\/p>\n<p>\n\t&nbsp;\n<\/p>\n<p>\n\t<span>Neste sentido, <u><strong>a prova privilegiou sobremaneira os candidatos que deram import&acirc;ncia &agrave; legisla&ccedil;&atilde;o educacional e a estudaram com seriedade, a partir de um bom material de estudo<\/strong><\/u>. <\/span>\n<\/p>\n<p>\n\t&nbsp;\n<\/p>\n<p>\n\t<span>Ap&oacute;s a divulga&ccedil;&atilde;o do gabarito preliminar, utilizem este post como refer&ecirc;ncia aos recursos que se fizerem necess&aacute;rios, sem meramente &ldquo;copiar e colar&rdquo; seu conte&uacute;do nos recursos individuais. <\/span>\n<\/p>\n<p>\n\t&nbsp;\n<\/p>\n<p>\n\t<span>Caso necess&aacute;rio, futuramente, apenas atualizarei o coment&aacute;rio das quest&otilde;es, neste post. <\/span>\n<\/p>\n<p>\n\t&nbsp;\n<\/p>\n<p>\n\t<span>Boa sorte! <\/span>\n<\/p>\n<p>\n\t&nbsp;\n<\/p>\n<p>\n\t<strong><span>26 &ndash; A valoriza&ccedil;&atilde;o dos profissionais&#8230; <\/span><\/strong>\n<\/p>\n<p>\n\t<span><strong>CERTO <\/strong><\/span>\n<\/p>\n<p>\n\t<span>Perfeito! Trata-se de um dos princ&iacute;pios do ensino previstos pela LDB, que foram abordados na aula 02 &mdash; LDB 1&ordf; parte do curso de Legisla&ccedil;&atilde;o Educacional para Monitor SEDF. <\/span>\n<\/p>\n<p>\n\t<span>LDB&nbsp;<\/span>\n<\/p>\n<p>\n\t<span>Art. 3&ordm; <em>O ensino ser&aacute; ministrado com base nos seguintes princ&iacute;pios: <\/em><\/span>\n<\/p>\n<p>\n\t<em><span>VII &#8211; valoriza&ccedil;&atilde;o do profissional da educa&ccedil;&atilde;o escolar; <\/span><\/em>\n<\/p>\n<p>\n\t&nbsp;\n<\/p>\n<p>\n\t<strong><span>27 &ndash; De acordo com suas&#8230; <\/span><\/strong>\n<\/p>\n<p>\n\tViabilidade de recurso para&nbsp;<span><strong>ANULA&Ccedil;&Atilde;O<\/strong><\/span>.\n<\/p>\n<p>\n\t<span>Em sentido estrito, o comando desta quest&atilde;o possui uma defici&ecirc;ncia de abrang&ecirc;ncia, pois n&atilde;o referenciou o sistema de ensino do Distrito Federal ao questionar sobre as caracter&iacute;sticas dos Centros de Educa&ccedil;&atilde;o Infantil, que s&atilde;o unidades escolares integrantes da organiza&ccedil;&atilde;o particular da Rede P&uacute;blica de Ensino do DF. <\/span>\n<\/p>\n<p>\n\t<span>Ressalta-se que o comando geral que antecede a quest&atilde;o faz refer&ecirc;ncia gen&eacute;rica &agrave; &ldquo;legisla&ccedil;&atilde;o educacional brasileira&rdquo;, que n&atilde;o prev&ecirc; a exist&ecirc;ncia obrigat&oacute;ria de unidade escolar denominada como &ldquo;Centro de Educa&ccedil;&atilde;o Infantil&rdquo; aos sistemas de ensino de todos os entes federativos (U, E, DF e M), em especial, conforme as caracter&iacute;sticas que possui no DF. <\/span>\n<\/p>\n<p>\n\t<span>A organiza&ccedil;&atilde;o das unidades escolares, inclusas suas denomina&ccedil;&otilde;es e atribui&ccedil;&otilde;es, compete de forma aut&ocirc;noma a cada sistema de ensino. <\/span>\n<\/p>\n<p>\n\t<span>Neste sentido, o DF organizou suas unidades escolares segundo disp&otilde;e o art. 3&ordm; do Regimento Escolar da Rede P&uacute;blica de Ensino do DF, conforme abordado na aula 08 &mdash; Regimento Escolar &ndash; 1&ordf; Parte do curso de Legisla&ccedil;&atilde;o Educacional para Monitor SEDF. <\/span>\n<\/p>\n<p>\n\t<span>Possivelmente, o gabarito preliminar deve indicar esta quest&atilde;o como <strong>CERTA<\/strong>, em refer&ecirc;ncia ao que disp&otilde;em o Regimento Escolar da Rede P&uacute;blica de Ensino do DF: <\/span>\n<\/p>\n<p>\n\t&nbsp;\n<\/p>\n<p>\n\t<em><span>Art. 3&ordm; As unidades escolares, de acordo com suas caracter&iacute;sticas organizacionais de oferta e de atendimento, classificam-se em: <\/span><\/em>\n<\/p>\n<p>\n\t<em><span>I. <strong>Centro de Educa&ccedil;&atilde;o Infantil <\/strong>&ndash; destinado a oferecer, exclusivamente, a Educa&ccedil;&atilde;o Infantil: Creche e Pr&eacute;-Escola. <\/span><\/em>\n<\/p>\n<p>\n\t&nbsp;\n<\/p>\n<p>\n\t<span>Neste sentido, antevejo possibilidade de <\/span><span><strong>recurso para ANULA&Ccedil;&Atilde;O<\/strong><\/span><span> desta quest&atilde;o 27. <\/span>\n<\/p>\n<p>\n\t&nbsp;\n<\/p>\n<p>\n\t<strong><span>28 &ndash; As escolas do DF&#8230; <\/span><\/strong>\n<\/p>\n<p>\n\t<span><strong>ERRADO <\/strong><\/span>\n<\/p>\n<p>\n\t<span>A partir do que disp&otilde;e a CF\/88 (art. 210, &sect;1&ordm; &#8211; abordado na aula 00) e a LDB (art. 33 &ndash; abordado na aula 02 &mdash; LDB 1&ordf; parte), o Regimento Escolar da Rede P&uacute;blica de Ensino do DF normatiza como princ&iacute;pio do ensino religioso (ofertado nas escolas do DF): a laicidade do Estado, que veda ao ensino religioso estatal uma natureza catequ&eacute;tica, ou seja, que este assuma a finalidade de catequizar (inicia&ccedil;&atilde;o crist&atilde;). <\/span>\n<\/p>\n<p>\n\t<span>Regimento Escolar da Rede P&uacute;blica de Ensino do DF (tema abordado na Aula 08 &ndash; Regimento Escolar &ndash; 1&ordf; Parte): <\/span>\n<\/p>\n<p>\n\t<em><span>Art. 158. O Ensino Religioso constitui componente curricular do Ensino Fundamental e tem como princ&iacute;pios a laicidade do Estado, a pluralidade religiosa e a alteridade, sendo vedadas quaisquer formas de proselitismo. <\/span><\/em>\n<\/p>\n<p>\n\t&nbsp;\n<\/p>\n<p>\n\t<span><strong>29 &ndash; A gest&atilde;o democr&aacute;tica&#8230;<\/strong> <\/span>\n<\/p>\n<p>\n\t<span><strong>CERTO<\/strong><\/span>\n<\/p>\n<p>\n\t<span>Lei Distrital n&ordm; 4.751\/2012 (tema abordado na aula 05 &mdash; Gest&atilde;o Democr&aacute;tica): <\/span>\n<\/p>\n<p>\n\t<em><span>Art. 2&ordm; A gest&atilde;o democr&aacute;tica da Rede P&uacute;blica de Ensino do Distrito Federal, cuja finalidade &eacute; garantir a centralidade da escola no sistema e seu car&aacute;ter p&uacute;blico quanto ao financiamento, &agrave; gest&atilde;o e &agrave; destina&ccedil;&atilde;o, observar&aacute; os seguintes princ&iacute;pios: <\/span><\/em>\n<\/p>\n<p>\n\t<em><span>I &ndash; participa&ccedil;&atilde;o da comunidade escolar na defini&ccedil;&atilde;o e na implementa&ccedil;&atilde;o de decis&otilde;es pedag&oacute;gicas, administrativas e financeiras, por meio de &oacute;rg&atilde;os colegiados, e na elei&ccedil;&atilde;o de diretor e vice-diretor da unidade escolar; <\/span><\/em>\n<\/p>\n<p>\n\t&nbsp;\n<\/p>\n<p>\n\t<span>Regimento Escolar da Rede P&uacute;blica de Ensino do DF (tema abordado na Aula 08 &ndash; Regimento Escolar &ndash; 1&ordf; Parte): <\/span>\n<\/p>\n<p>\n\t<em><span>Art. 5&ordm; A Gest&atilde;o Democr&aacute;tica da Rede P&uacute;blica de Ensino do Distrito Federal, cuja finalidade &eacute; garantir a centralidade da unidade escolar no sistema e o car&aacute;ter p&uacute;blico quanto ao financiamento, &agrave; gest&atilde;o e &agrave; destina&ccedil;&atilde;o, observar&aacute; os seguintes princ&iacute;pios: <\/span><\/em>\n<\/p>\n<p>\n\t<em><span>I. participa&ccedil;&atilde;o da comunidade escolar na defini&ccedil;&atilde;o, na implementa&ccedil;&atilde;o e no acompanhamento de decis&otilde;es pedag&oacute;gicas, administrativas e financeiras, por meio de &oacute;rg&atilde;os colegiados, e participa&ccedil;&atilde;o na elei&ccedil;&atilde;o de Diretor e Vice-Diretor da unidade escolar; <\/span><\/em>\n<\/p>\n<p>\n\t&nbsp;\n<\/p>\n<p>\n\t<strong><span>30 &ndash; A educa&ccedil;&atilde;o deve&#8230; <\/span><\/strong>\n<\/p>\n<p>\n\t<span><strong>ERRADO<\/strong><\/span>\n<\/p>\n<p>\n\t<span>&nbsp;<\/span>Esta quest&atilde;o poder&aacute; gerar pol&ecirc;mica, caso o gabarito preliminar a aponte como CERTA, baseado erroneamente no Art. 1&ordm;, &sect; 2&ordm; da LDB.\n<\/p>\n<p style=\"margin-left: 35.4pt\">\n\t<strong>LDB<\/strong>\n<\/p>\n<p style=\"margin-left: 35.4pt\">\n\tArt. 1&ordm;, &sect; 2&ordm; <em>A <strong>educa&ccedil;&atilde;o escolar<\/strong> dever&aacute; <strong>vincular-se ao mundo do trabalho<\/strong> e &agrave; pr&aacute;tica social.<\/em>\n<\/p>\n<p>\n\t&nbsp;&nbsp;&nbsp;&nbsp;&nbsp;&nbsp;&nbsp;&nbsp;&nbsp;&nbsp;&nbsp;&nbsp;&nbsp;&nbsp;&nbsp; Perceba que o comando da quest&atilde;o fez refer&ecirc;ncia &agrave; &ldquo;educa&ccedil;&atilde;o&rdquo; e n&atilde;o &agrave; &ldquo;educa&ccedil;&atilde;o escolar&rdquo;.\n<\/p>\n<p>\n\tAtente-se que o Art. 1&ordm;, &sect; 2&ordm; da LDB vincula a &ldquo;Educa&ccedil;&atilde;o Escolar&rdquo; ao mundo do trabalho, por&eacute;m, a &ldquo;Educa&ccedil;&atilde;o Escolar&rdquo;&nbsp;constitui apenas&nbsp;um dos processos formativos que comp&otilde;em a &ldquo;Educa&ccedil;&atilde;o&rdquo;, conforme indica o art. 1&ordm; da LDB:\n<\/p>\n<p>\n\t&nbsp;\n<\/p>\n<p style=\"margin-left: 35.4pt\">\n\t<em>Art. 1&ordm; A <strong>educa&ccedil;&atilde;o<\/strong> abrange <strong>os processos formativos<\/strong> que se desenvolvem na vida familiar, na conviv&ecirc;ncia humana, no trabalho, <strong>nas institui&ccedil;&otilde;es de ensino e pesquisa<\/strong>, nos movimentos sociais e organiza&ccedil;&otilde;es da sociedade civil e nas manifesta&ccedil;&otilde;es culturais.<\/em>\n<\/p>\n<p>\n\t&nbsp;\n<\/p>\n<p>\n\t&nbsp;&nbsp;&nbsp;&nbsp;&nbsp;&nbsp;&nbsp;&nbsp;&nbsp;&nbsp;&nbsp;&nbsp;&nbsp;&nbsp;&nbsp; Em outras palavras, o termo &ldquo;educa&ccedil;&atilde;o&rdquo; &eacute; bem mais amplo que o de &ldquo;educa&ccedil;&atilde;o escolar&rdquo;.\n<\/p>\n<p>\n\t&nbsp;&nbsp;&nbsp;&nbsp;&nbsp;&nbsp;&nbsp;&nbsp;&nbsp;&nbsp;&nbsp;&nbsp;&nbsp;&nbsp;&nbsp; N&atilde;o s&atilde;o todos os processos formativos abrangidos pela &ldquo;educa&ccedil;&atilde;o&rdquo; que se vinculam ao mundo do trabalho, mas apenas a &ldquo;educa&ccedil;&atilde;o escolar&rdquo; (LDB, art. 1&ordm;, &sect;2&ordm;), que se trata do processo formativo desenvolvido nas institui&ccedil;&otilde;es de ensino.\n<\/p>\n<p>\n\tAqui transcrevo o que acrescentei em quadro explicativo posterior ao art. 1&ordm;, caput, na aula 02 &mdash; LDB 1&ordf; parte:\n<\/p>\n<p style=\"margin-left: 35.4pt\">\n\t&ldquo;<em>O art. 1&deg; e 2&deg; da LDB relacionam-se diretamente ao art. 205 da CF\/88.<\/em>\n<\/p>\n<p style=\"margin-left: 35.4pt\">\n\t<em>Conforme frisei na aula 00, no quadro logo ap&oacute;s o art. 205 da CF\/88 &mdash; aconselho a releitura de ambos, neste momento &mdash;, perceba <strong>o car&aacute;ter amplo <\/strong>que a CF\/88 e tamb&eacute;m a LDB, de forma complementar, estabelecem ao significado de Educa&ccedil;&atilde;o.<\/em>\n<\/p>\n<p style=\"margin-left: 35.4pt\">\n\t<em>No caso do art. 1&deg; da LDB, ganha destaque <strong>o entendimento da Educa&ccedil;&atilde;o como um processo plural, <\/strong>que segundo a norma se relaciona a in&uacute;meros <strong>processos formativos<\/strong> desenvolvidos <u>na vida familiar, na conviv&ecirc;ncia humana, no trabalho, nas institui&ccedil;&otilde;es de ensino e pesquisa, nos movimentos sociais e organiza&ccedil;&otilde;es da sociedade civil e nas manifesta&ccedil;&otilde;es culturais<\/u>.&rdquo;<\/em>\n<\/p>\n<p style=\"margin-left: 35.4pt\">\n\t&nbsp;\n<\/p>\n<p>\n\t<strong>31 &ndash; De acordo com a LDB&#8230;<\/strong>\n<\/p>\n<p>\n\t<span><strong>CERTO<\/strong><\/span>\n<\/p>\n<p>\n\t&nbsp;&nbsp;&nbsp;&nbsp;&nbsp;&nbsp;&nbsp;&nbsp;&nbsp;&nbsp;&nbsp;&nbsp;&nbsp;&nbsp;&nbsp; O art. 4&ordm; da LDB determina como dever do Estado brasileiro a garantia de educa&ccedil;&atilde;o b&aacute;sica <strong>obrigat&oacute;ria e gratuita<\/strong> dos 4 aos 17 anos de idade.\n<\/p>\n<p>\n\t&nbsp;&nbsp;&nbsp;&nbsp;&nbsp;&nbsp;&nbsp;&nbsp;&nbsp;&nbsp;&nbsp;&nbsp;&nbsp;&nbsp;&nbsp; O comando da quest&atilde;o n&atilde;o contraria o art. 4&ordm; da LDB.\n<\/p>\n<p>\n\tLDB\n<\/p>\n<p>\n\t<em>Art. 4&ordm; O dever do Estado com educa&ccedil;&atilde;o escolar p&uacute;blica ser&aacute; efetivado mediante a garantia de:<\/em>\n<\/p>\n<p>\n\t<em>I &#8211; <u>educa&ccedil;&atilde;o b&aacute;sica obrigat&oacute;ria e gratuita dos 4 (quatro) aos 17 (dezessete) anos de idade<\/u>, organizada da seguinte forma: <\/em>\n<\/p>\n<p style=\"margin-left: 35.4pt\">\n\t<em>a) pr&eacute;-escola; <\/em>\n<\/p>\n<p style=\"margin-left: 35.4pt\">\n\t<em>b) ensino fundamental; <\/em>\n<\/p>\n<p style=\"margin-left: 35.4pt\">\n\t<em>c) ensino m&eacute;dio;<\/em>\n<\/p>\n<p style=\"margin-left: 35.4pt\">\n\t&nbsp;\n<\/p>\n<p style=\"margin-left: 35.4pt\">\n\t&nbsp;\n<\/p>\n<p>\n\t<strong>32 &ndash; No que diz respeito&#8230;<\/strong>\n<\/p>\n<p>\n\t&nbsp;&nbsp;&nbsp;&nbsp;&nbsp;&nbsp;&nbsp;&nbsp;&nbsp;&nbsp;&nbsp;&nbsp;&nbsp;&nbsp;&nbsp; O texto desta quest&atilde;o &eacute; bem temeroso ao poss&iacute;vel gabarito preliminar.\n<\/p>\n<p>\n\t&nbsp;&nbsp;&nbsp;&nbsp;&nbsp;&nbsp;&nbsp;&nbsp;&nbsp;&nbsp;&nbsp;&nbsp;&nbsp;&nbsp;&nbsp; Em an&aacute;lise detalhada, o indico como <span><strong>ERRADO<\/strong><\/span>, cabendo recurso caso seja indicado como CORRETO, pois o comando da quest&atilde;o n&atilde;o ressalvou os limites da liberdade indicada.\n<\/p>\n<p>\n\t&nbsp;&nbsp;&nbsp;&nbsp;&nbsp;&nbsp;&nbsp;&nbsp;&nbsp;&nbsp;&nbsp;&nbsp;&nbsp; Segundo a LDB:\n<\/p>\n<p>\n\tArt. 8&ordm;, &sect; 2&ordm; <em>Os sistemas de ensino ter&atilde;o liberdade de organiza&ccedil;&atilde;o <strong>nos termos desta Lei<\/strong><\/em>.\n<\/p>\n<p>\n\t&nbsp;&nbsp;&nbsp;&nbsp;&nbsp;&nbsp;&nbsp;&nbsp;&nbsp;&nbsp;&nbsp;&nbsp;&nbsp;&nbsp;&nbsp;\n<\/p>\n<p>\n\t&nbsp;&nbsp;&nbsp;&nbsp;&nbsp;&nbsp;&nbsp;&nbsp;&nbsp;&nbsp;&nbsp;&nbsp;&nbsp;&nbsp;&nbsp;&nbsp;&nbsp; Perceba, o Art. 8&ordm;, &sect; 2&ordm; acima termina com a express&atilde;o: &ldquo;<em>nos termos desta lei<\/em>&rdquo;, em outras palavras, n&atilde;o se pode afirmar genericamente que os Estados e Munic&iacute;pios s&atilde;o &ldquo;<em>livres para organizar seus sistemas de ensino<\/em>&rdquo;, pois estes entes federativos n&atilde;o gozam de &ldquo;liberdade plena&rdquo; nesta organiza&ccedil;&atilde;o, j&aacute; que est&atilde;o restritos aos limites impostos pela LDB e demais normativos aplic&aacute;veis &agrave; educa&ccedil;&atilde;o nacional ao organizarem seus sistemas de ensino.\n<\/p>\n<p>\n\t&nbsp;&nbsp;&nbsp;&nbsp;&nbsp;&nbsp;&nbsp;&nbsp;&nbsp;&nbsp;&nbsp;&nbsp;&nbsp;&nbsp;&nbsp; Por exemplo, os Estados e os Munic&iacute;pios, ao organizarem seus sistemas de ensino, devem seguir a l&oacute;gica estabelecida pelo art. 21 da LDB &agrave; Educa&ccedil;&atilde;o B&aacute;sica, e, assim, devem constituir a educa&ccedil;&atilde;o b&aacute;sica com a seguinte configura&ccedil;&atilde;o: Educa&ccedil;&atilde;o Infantil at&eacute; os 5 anos de idade (creches e pr&eacute;-escolas), ensino fundamental de 9 anos e ensino m&eacute;dio, com dura&ccedil;&atilde;o m&iacute;nima de 3 anos.\n<\/p>\n<p>\n\t&nbsp;&nbsp;&nbsp;&nbsp;&nbsp;&nbsp;&nbsp;&nbsp;&nbsp;&nbsp;&nbsp;&nbsp;&nbsp; Imagine o caos que seria a educa&ccedil;&atilde;o nacional se cada um dos atuais 26 Estados e dos 5.570 Munic&iacute;pios fossem &ldquo;livres para organizar seus sistemas de ensino&rdquo;.\n<\/p>\n<p>\n\t&nbsp;&nbsp;&nbsp;&nbsp;&nbsp;&nbsp;&nbsp;&nbsp;&nbsp;&nbsp;&nbsp; Conv&eacute;m lembrar que a seguinte quest&atilde;o (detalhadamente comentada na aula 04 &ndash; LDB 3&ordf; parte do curso para Monitor) foi considerada <strong>ERRADA<\/strong> pelo CESPE:\n<\/p>\n<p style=\"margin-left: 35.4pt\">\n\t&nbsp;<strong>65 &#8211; <\/strong>CESPE &#8211; 2011 &#8211; SEDUC-AM &#8211; Professor <strong>&#8211; A LDB disciplina as orienta&ccedil;&otilde;es espec&iacute;ficas para a educa&ccedil;&atilde;o brasileira, facultando aos estados, ao DF e aos munic&iacute;pios a livre regula&ccedil;&atilde;o da educa&ccedil;&atilde;o em seus &acirc;mbitos de abrang&ecirc;ncia.<\/strong>\n<\/p>\n<p style=\"margin-left: 35.4pt\">\n\t*Sugiro ver o meu extenso coment&aacute;rio para esta quest&atilde;o, na aula 04 &ndash; LDB 3&ordf; parte do curso para Monitor.\n<\/p>\n<p>\n\t&nbsp;\n<\/p>\n<p>\n\t&nbsp;\n<\/p>\n<p>\n\t<strong>33 &ndash; As escolas devem notificar&#8230;<\/strong>\n<\/p>\n<p>\n\t<span><strong>ERRADO<\/strong><\/span>\n<\/p>\n<p>\n\t&nbsp;&nbsp;&nbsp;&nbsp;&nbsp;&nbsp;&nbsp;&nbsp;&nbsp;&nbsp;&nbsp;&nbsp;&nbsp;&nbsp;&nbsp; As escolas devem notificar ao conselho tutelar a rela&ccedil;&atilde;o dos alunos que apresentem quantidade de faltas acima de 50% do percentual permitido em lei.\n<\/p>\n<p>\n\t&nbsp;&nbsp;&nbsp;&nbsp;&nbsp;&nbsp;&nbsp;&nbsp;&nbsp;&nbsp;&nbsp;&nbsp;&nbsp;&nbsp;&nbsp; No caso da educa&ccedil;&atilde;o infantil, a frequ&ecirc;ncia m&iacute;nima permitida pela LDB &eacute; de 60% do total de horas.\n<\/p>\n<p>\n\t&nbsp;&nbsp;&nbsp;&nbsp;&nbsp;&nbsp;&nbsp;&nbsp;&nbsp;&nbsp;&nbsp;&nbsp;&nbsp;&nbsp;&nbsp; No caso do ensino fundamental e m&eacute;dio, a frequ&ecirc;ncia m&iacute;nima permitida pela LDB &eacute; de 75% do total de horas letivas.\n<\/p>\n<p style=\"margin-left: 35.4pt\">\n\t<strong>LDB:<\/strong>\n<\/p>\n<p style=\"margin-left: 35.4pt\">\n\t<em>Art. 12. Os <strong>estabelecimentos de ensino<\/strong>, respeitadas as normas comuns e as do seu sistema de ensino, ter&atilde;o a incumb&ecirc;ncia de:<\/em>\n<\/p>\n<p style=\"margin-left: 35.4pt\">\n\t<em>VIII &ndash; <strong>notificar ao Conselho Tutelar do Munic&iacute;pio<\/strong>, ao juiz competente da Comarca e ao respectivo representante do Minist&eacute;rio P&uacute;blico a rela&ccedil;&atilde;o dos alunos que <strong>apresentem quantidade de faltas acima de cinq&uuml;enta por cento do percentual permitido em lei<\/strong>.<\/em>\n<\/p>\n<p style=\"margin-left: 35.4pt\">\n\t&nbsp;\n<\/p>\n<p style=\"margin-left: 35.4pt\">\n\t<em>Art. 31.&nbsp; A <strong>educa&ccedil;&atilde;o infantil<\/strong> ser&aacute; organizada de acordo com as seguintes regras comuns:<\/em>\n<\/p>\n<p style=\"margin-left: 35.4pt\">\n\t<em>IV &#8211; controle de frequ&ecirc;ncia pela institui&ccedil;&atilde;o de educa&ccedil;&atilde;o pr&eacute;-escolar, exigida a <strong>frequ&ecirc;ncia m&iacute;nima de 60%<\/strong> (sessenta por cento) do total de horas;<\/em>\n<\/p>\n<p style=\"margin-left: 35.4pt\">\n\t&nbsp;\n<\/p>\n<p style=\"margin-left: 35.4pt\">\n\t<em>Art. 24. A educa&ccedil;&atilde;o b&aacute;sica, <strong>nos n&iacute;veis fundamental e m&eacute;dio<\/strong>, ser&aacute; organizada de acordo com as seguintes regras comuns:<\/em>\n<\/p>\n<p style=\"margin-left: 35.4pt\">\n\t<em>VI &#8211; o controle de freq&uuml;&ecirc;ncia fica a cargo da escola, conforme o disposto no seu regimento e nas normas do respectivo sistema de ensino, exigida a <strong>freq&uuml;&ecirc;ncia m&iacute;nima de setenta e cinco por cento do total de horas letivas para aprova&ccedil;&atilde;o<\/strong>;<\/em>\n<\/p>\n<p>\n\t&nbsp;\n<\/p>\n<p>\n\t<strong>34 &ndash; A educa&ccedil;&atilde;o b&aacute;sica<\/strong>&#8230;\n<\/p>\n<p>\n\t<span><strong>CERTO<\/strong><\/span>\n<\/p>\n<p>\n\tEsta quest&atilde;o tamb&eacute;m possui reda&ccedil;&atilde;o temerosa, mas a considero correta em fun&ccedil;&atilde;o do que disp&otilde;e o art. 9&ordm; da Resolu&ccedil;&atilde;o CEDF n&ordm; 01\/2012, que deriva do art. 22 da LDB.\n<\/p>\n<p>\n\t&nbsp;\n<\/p>\n<p>\n\tResolu&ccedil;&atilde;o n&ordm; 01\/2012\u2010CEDF (Aula 06 &#8211; Resolu&ccedil;&atilde;o CEDF n&ordm; 01\/2012&ndash; 1&ordf; Parte)\n<\/p>\n<p>\n\t<em>Art. 9&ordm; A <strong>educa&ccedil;&atilde;o b&aacute;sica<\/strong> tem por <strong>finalidade<\/strong> assegurar ao estudante <strong>a forma&ccedil;&atilde;o indispens&aacute;vel para <\/strong>o exerc&iacute;cio da cidadania, o prosseguimento de estudos e <strong>a inser&ccedil;&atilde;o no mundo do trabalho.<\/strong><\/em>\n<\/p>\n<p>\n\t&nbsp;\n<\/p>\n<p>\n\tLDB (aula 02 &mdash; LDB 1&ordf; parte)\n<\/p>\n<p>\n\t<em>Art. 22. A <strong>educa&ccedil;&atilde;o b&aacute;sica<\/strong> tem por <strong>finalidades<\/strong> desenvolver o educando, <strong>assegurar-lhe a forma&ccedil;&atilde;o comum indispens&aacute;vel <\/strong>para o exerc&iacute;cio da cidadania e <strong>fornecer-lhe meios para progredir no trabalho <\/strong>e em estudos posteriores.<\/em>\n<\/p>\n<p>\n\t&nbsp;\n<\/p>\n<p>\n\t&nbsp;\n<\/p>\n<p>\n\t<strong>35 &ndash; Os curr&iacute;culos da educa&ccedil;&atilde;o infantil<\/strong>&#8230;\n<\/p>\n<p>\n\t<span><strong>CERTO<\/strong><\/span>\n<\/p>\n<p>\n\tLDB (aula 02 &mdash; LDB 1&ordf; parte)\n<\/p>\n<p>\n\t<em>Art. 26.&nbsp; <strong>Os curr&iacute;culos da educa&ccedil;&atilde;o infantil, do ensino fundamental e do ensino m&eacute;dio<\/strong> devem ter <strong>base nacional comum,<\/strong> a ser complementada, em cada sistema de ensino e em cada estabelecimento escolar, por uma <strong>parte diversificada,<\/strong> exigida pelas caracter&iacute;sticas regionais e locais da sociedade, da cultura, da economia e dos educandos.<\/em>\n<\/p>\n<p>\n\t&nbsp;\n<\/p>\n<p>\n\t&nbsp;\n<\/p>\n<p>\n\t<strong><em>55 &ndash; <\/em>Obrigatoriamente, Jo&atilde;o e Maria&#8230;<\/strong>\n<\/p>\n<p>\n\t<span><strong>CERTO<\/strong><\/span>\n<\/p>\n<p>\n\t&nbsp;&nbsp;&nbsp;&nbsp;&nbsp;&nbsp;&nbsp;&nbsp;&nbsp;&nbsp;&nbsp;&nbsp;&nbsp;&nbsp;&nbsp; Sintetizei&nbsp; &nbsp;muito bem os conhecimentos exigidos por esta quest&atilde;o no quadro esquem&aacute;tico posterior ao art. 4&ordm;, inciso II da LDB na aula 02 &mdash; LDB 1&ordf; parte. Segue a parte do quadro que resume esta quest&atilde;o (sugiro rever o quadro na &iacute;ntegra na aula referida):\n<\/p>\n<p>\n\t&nbsp;&nbsp;&nbsp;&nbsp;&nbsp;&nbsp;&nbsp;&nbsp;&nbsp;&nbsp;&nbsp;&nbsp;&nbsp;&nbsp;&nbsp; Perceba que Lara, aos 4 anos, deve ser obrigatoriamente matriculada na pr&eacute;-escola, sendo dever dos seus pais ou respons&aacute;veis. Igor possui idade de Creche, cuja matr&iacute;cula &eacute; facultativa.\n<\/p>\n<p>\n\t&nbsp;\n<\/p>\n<p>\n\tLDB (aula 02 &mdash; LDB 1&ordf; parte)\n<\/p>\n<p>\n\tArt. 4&ordm;, I &#8211; <strong>educa&ccedil;&atilde;o b&aacute;sica<\/strong> <strong>obrigat&oacute;ria e gratuita<\/strong> <u>dos 4 (quatro) aos 17 (dezessete) anos<\/u> de idade, <u>organizada da seguinte forma:<\/u>\n<\/p>\n<p style=\"margin-left: 35.4pt\">\n\ta) <strong>pr&eacute;-escola<\/strong>;\n<\/p>\n<p style=\"margin-left: 35.4pt\">\n\tb) <strong>ensino fundamental<\/strong>;\n<\/p>\n<p style=\"margin-left: 35.4pt\">\n\tc) <strong>ensino m&eacute;dio<\/strong>;\n<\/p>\n<p>\n\t&nbsp;\n<\/p>\n<p>\n\tArt. 6&ordm;&nbsp; &Eacute; <strong>dever dos pais ou respons&aacute;veis<\/strong> efetuar a matr&iacute;cula das crian&ccedil;as <strong>na educa&ccedil;&atilde;o b&aacute;sica a partir dos 4 (quatro) anos de idade.<\/strong>\n<\/p>\n<p>\n\tArt. 30. A educa&ccedil;&atilde;o infantil ser&aacute; oferecida em:\n<\/p>\n<p style=\"margin-left: 35.4pt\">\n\tI &#8211; <strong>creches<\/strong>, ou entidades equivalentes, para <strong>crian&ccedil;as de at&eacute; tr&ecirc;s anos de idade;<\/strong>\n<\/p>\n<p style=\"margin-left: 35.4pt\">\n\tII &#8211; <strong>pr&eacute;-escolas<\/strong>, para as <strong>crian&ccedil;as de 4 (quatro) a 5 (cinco) anos de idade<\/strong>.\n<\/p>\n<p>\n\t&nbsp;\n<\/p>\n<p>\n\t&nbsp;\n<\/p>\n<p>\n\t<strong>56 &ndash; Cabe ao DF&#8230;<\/strong>\n<\/p>\n<p>\n\t<span><strong>ERRADO<\/strong><\/span>\n<\/p>\n<p>\n\t&nbsp;&nbsp;&nbsp;&nbsp;&nbsp;&nbsp;&nbsp;&nbsp;&nbsp;&nbsp;&nbsp;&nbsp;&nbsp;&nbsp;&nbsp; Com base no art. 4&ordm;, inciso VI da LDB, de fato o sistema de ensino do DF deve assegurar ensino noturno regular, adequado &agrave;s condi&ccedil;&otilde;es de Jos&eacute;.\n<\/p>\n<p>\n\t&nbsp;&nbsp;&nbsp;&nbsp;&nbsp;&nbsp;&nbsp;&nbsp;&nbsp;&nbsp;&nbsp;&nbsp;&nbsp;&nbsp;&nbsp; Todavia, o erro desta quest&atilde;o refere-se ao fato de que esta oferta n&atilde;o necessita ser gratuita, pois Jos&eacute; cursa a <strong>Educa&ccedil;&atilde;o Superior<\/strong>, cuja oferta gratuita n&atilde;o constitui dever estatal.\n<\/p>\n<p>\n\t&nbsp;&nbsp;&nbsp;&nbsp;&nbsp;&nbsp;&nbsp;&nbsp;&nbsp;&nbsp;&nbsp;&nbsp;&nbsp;&nbsp;&nbsp; Somente constitui dever estatal a oferta gratuita da educa&ccedil;&atilde;o infantil, do ensino fundamental e do ensino m&eacute;dio.\n<\/p>\n<p>\n\t&nbsp;\n<\/p>\n<p>\n\tLDB (aula 02 &mdash; LDB 1&ordf; parte)\n<\/p>\n<p>\n\tArt. 4&ordm; O dever do Estado com <strong>educa&ccedil;&atilde;o escolar p&uacute;blica<\/strong> ser&aacute; efetivado mediante a garantia de:\n<\/p>\n<p style=\"margin-left: 35.4pt\">\n\tI &#8211; <strong>educa&ccedil;&atilde;o b&aacute;sica<\/strong> obrigat&oacute;ria e <strong>gratuita<\/strong> dos 4 (quatro) aos 17 (dezessete) anos de idade, organizada da seguinte forma:\n<\/p>\n<p style=\"margin-left: 35.4pt\">\n\ta) pr&eacute;-escola;\n<\/p>\n<p style=\"margin-left: 35.4pt\">\n\tb) ensino fundamental;\n<\/p>\n<p style=\"margin-left: 35.4pt\">\n\tc) ensino m&eacute;dio;\n<\/p>\n<p>\n\tII &#8211; educa&ccedil;&atilde;o infantil <strong>gratuita<\/strong> &agrave;s crian&ccedil;as de at&eacute; 5 (cinco) anos de idade;\n<\/p>\n<p>\n\tIV &#8211; acesso p&uacute;blico e <strong>gratuito<\/strong> aos ensinos fundamental e m&eacute;dio para<strong> todos os que n&atilde;o os conclu&iacute;ram na idade pr&oacute;pria; <\/strong>\n<\/p>\n<p>\n\tVI &#8211; oferta de ensino noturno regular, adequado &agrave;s condi&ccedil;&otilde;es do educando;\n<\/p>\n<p>\n\t&nbsp;\n<\/p>\n<p>\n\tArt. 21. A educa&ccedil;&atilde;o escolar comp&otilde;e-se de:\n<\/p>\n<p>\n\tI &#8211; <strong>educa&ccedil;&atilde;o b&aacute;sica<\/strong>, formada pela <strong>educa&ccedil;&atilde;o infantil, ensino fundamental e ensino m&eacute;dio<\/strong>;\n<\/p>\n<p>\n\tII &#8211; educa&ccedil;&atilde;o superior.\n<\/p>\n<p>\n\t&nbsp;\n<\/p>\n<p>\n\t&nbsp;\n<\/p>\n<p>\n\t<strong>57 &ndash; Caso o DF&#8230;<\/strong>\n<\/p>\n<p>\n\t<span><strong>CERTO<\/strong><\/span>\n<\/p>\n<p>\n\t&nbsp;&nbsp;&nbsp;&nbsp;&nbsp;&nbsp;&nbsp;&nbsp;&nbsp;&nbsp;&nbsp;&nbsp;&nbsp;&nbsp;&nbsp; Lara, aos 4 anos, tem direito p&uacute;blico subjetivo ao acesso &agrave; educa&ccedil;&atilde;o b&aacute;sica obrigat&oacute;ria, que se inicia aos 4 anos.\n<\/p>\n<p>\n\tLDB (aula 02 &mdash; LDB 1&ordf; parte)\n<\/p>\n<p>\n\t<em>Art. 5&ordm; O acesso &agrave; <strong>educa&ccedil;&atilde;o b&aacute;sica obrigat&oacute;ria<\/strong> &eacute; <strong>direito p&uacute;blico <\/strong>subjetivo, podendo qualquer cidad&atilde;o, grupo de cidad&atilde;os, associa&ccedil;&atilde;o comunit&aacute;ria, organiza&ccedil;&atilde;o sindical, entidade de classe ou outra legalmente constitu&iacute;da e, ainda, o Minist&eacute;rio P&uacute;blico, <strong>acionar o poder p&uacute;blico para exigi-lo.<\/strong><\/em>\n<\/p>\n<p>\n\t<em>&sect; 4&ordm; Comprovada a neglig&ecirc;ncia da <strong>autoridade competente<\/strong> para garantir o oferecimento do ensino obrigat&oacute;rio, poder&aacute; ela ser imputada por <strong>crime de responsabilidade.<\/strong><\/em>\n<\/p>\n<p>\n\t&nbsp;\n<\/p>\n<p>\n\t<strong>58 &ndash; &Eacute; dever do DF&#8230;<\/strong>\n<\/p>\n<p>\n\t<span><strong>ERRADO<\/strong><\/span>\n<\/p>\n<p>\n\t&nbsp;&nbsp;&nbsp;&nbsp;&nbsp;&nbsp;&nbsp;&nbsp;&nbsp;&nbsp;&nbsp;&nbsp;&nbsp;&nbsp;&nbsp; Tanto a CF\/88 (art. 208, incs. I e IV &ndash; Aula 00), como a LDB, art. 4&ordm; , incs. I e II (aula 02 &mdash; LDB 1&ordf; parte) asseguram estes direitos &agrave; Lara (pr&eacute;-escola) e a Igor (Creche), sem a premissa de que o sistema de ensino do DF possua &ldquo;condi&ccedil;&otilde;es para cumprir&rdquo;.\n<\/p>\n<p>\n\t&nbsp;&nbsp;&nbsp;&nbsp;&nbsp;&nbsp;&nbsp;&nbsp;&nbsp;&nbsp;&nbsp;&nbsp;&nbsp;&nbsp;&nbsp; Relembro que no quadro esquem&aacute;tico posterior ao art. 4&ordm;, inciso II da LDB na aula 02 &mdash; LDB 1&ordf; parte, detalhei a pol&ecirc;mica a respeito da oferta gratuita das creches como dever constitucional do Estado e a tend&ecirc;ncia da jurisprud&ecirc;ncia quanto ao tema.\n<\/p>\n<p>\n\tCF\/88\n<\/p>\n<p>\n\t<em>Art. 208. O dever do Estado com a educa&ccedil;&atilde;o ser&aacute; efetivado mediante a garantia de:<\/em>\n<\/p>\n<p>\n\t<em>I &#8211; educa&ccedil;&atilde;o b&aacute;sica obrigat&oacute;ria e gratuita dos 4 (quatro) aos 17 (dezessete) anos de idade, assegurada inclusive sua oferta gratuita para todos os que a ela n&atilde;o tiveram acesso na idade pr&oacute;pria;<\/em>\n<\/p>\n<p>\n\t<em>IV &#8211; educa&ccedil;&atilde;o infantil, em creche e pr&eacute;-escola, &agrave;s crian&ccedil;as at&eacute; 5 (cinco) anos de idade;<\/em>\n<\/p>\n<p>\n\t&nbsp;\n<\/p>\n<p>\n\t&nbsp;\n<\/p>\n<p>\n\t<strong>59 &ndash; Constitucionalmente, o DF&#8230;<\/strong>\n<\/p>\n<p>\n\t<span><strong>CERTO<\/strong><\/span>\n<\/p>\n<p>\n\tCF\/88\n<\/p>\n<p>\n\t<em>Art. 208. O dever do Estado com a educa&ccedil;&atilde;o ser&aacute; efetivado mediante a garantia de:<\/em>\n<\/p>\n<p>\n\t<em>I &#8211; educa&ccedil;&atilde;o b&aacute;sica obrigat&oacute;ria e gratuita dos 4 (quatro) aos 17 (dezessete) anos de idade, <strong>assegurada inclusive sua oferta gratuita para todos os que a ela n&atilde;o tiveram acesso na idade pr&oacute;pria;<\/strong>&nbsp;&nbsp;&nbsp; <\/em>\n<\/p>\n<p>\n\t&nbsp;\n<\/p>\n<p>\n\t&nbsp;\n<\/p>\n<p>\n\t<strong>60 &ndash; Nas escolas oficiais p&uacute;blicas e privadas,&#8230;<\/strong>\n<\/p>\n<p>\n\t<span><strong>ERRADA<\/strong><\/span>\n<\/p>\n<p>\n\tOutra quest&atilde;o com reda&ccedil;&atilde;o problem&aacute;tica.\n<\/p>\n<p>\n\tEm an&aacute;lise detalhada, o termo &ldquo;escolas oficiais privadas&rdquo; invalida a quest&atilde;o, em fun&ccedil;&atilde;o do princ&iacute;pio da gest&atilde;o democr&aacute;tica referir-se ao ensino p&uacute;blico.\n<\/p>\n<p>\n\t&nbsp;\n<\/p>\n<p>\n\tCF\/88\n<\/p>\n<p>\n\t<em>Art. 206. O ensino ser&aacute; ministrado com base nos seguintes princ&iacute;pios:<\/em>\n<\/p>\n<p>\n\t<em>VI &#8211; gest&atilde;o democr&aacute;tica do ensino p&uacute;blico, na forma da lei;<\/em>\n<\/p>\n<p>\n\t<em>VII &#8211; garantia de padr&atilde;o de qualidade.<\/em>\n<\/p>\n<p>\n\t&nbsp;\n<\/p>\n<p>\n\t&nbsp;\n<\/p>\n<p>\n\t<strong>61 &#8211; &nbsp;S&atilde;o princ&iacute;pios norteadores&#8230;<\/strong>\n<\/p>\n<p>\n\t<span><strong>CERTO<\/strong><\/span>\n<\/p>\n<p>\n\tCF\/88\n<\/p>\n<p>\n\tArt. 206. O ensino ser&aacute; ministrado com base nos seguintes princ&iacute;pios:\n<\/p>\n<p>\n\t<em>V &#8211; <strong>valoriza&ccedil;&atilde;o dos profissionais da educa&ccedil;&atilde;o escolar<\/strong>, garantidos, na forma da lei, planos de carreira, com ingresso exclusivamente por concurso p&uacute;blico de provas e t&iacute;tulos, aos das redes p&uacute;blicas;<\/em>\n<\/p>\n<p>\n\t<em>VIII &#8211; <strong>piso salarial profissional nacional<\/strong> para os profissionais da educa&ccedil;&atilde;o escolar p&uacute;blica, nos termos de lei federal.<\/em>\n<\/p>\n<p>\n\t&nbsp;\n<\/p>\n<p>\n\t&nbsp;\n<\/p>\n<p>\n\t<strong>62 &#8211;&nbsp; Os conselhos tutelares&#8230;<\/strong>\n<\/p>\n<p>\n\t<span><strong>ERRADO<\/strong><\/span>\n<\/p>\n<p>\n\t<strong>ECA<\/strong>\n<\/p>\n<p>\n\t<em>Art. 132.&nbsp; Em cada Munic&iacute;pio e <strong>em cada Regi&atilde;o Administrativa do Distrito Federal<\/strong> haver&aacute;, no m&iacute;nimo, 1 (um) <strong>Conselho Tutelar<\/strong> como &oacute;rg&atilde;o integrante da administra&ccedil;&atilde;o p&uacute;blica local, composto de <strong>5 (cinco) membros, escolhidos pela popula&ccedil;&atilde;o local <\/strong>para mandato de 4 (quatro) anos, permitida 1 (uma) recondu&ccedil;&atilde;o, mediante novo processo de escolha.&nbsp;&nbsp;&nbsp;<\/em>\n<\/p>\n<p>\n\t&nbsp;\n<\/p>\n<p>\n\t<strong>63 &#8211;&nbsp; Situa&ccedil;&atilde;o hipot&eacute;tica: Maur&iacute;cio&#8230;<\/strong>\n<\/p>\n<p>\n\t<span><strong>CERTO<\/strong><\/span>\n<\/p>\n<p>\n\t&nbsp;&nbsp;&nbsp;&nbsp;&nbsp;&nbsp;&nbsp;&nbsp;&nbsp;&nbsp;&nbsp;&nbsp;&nbsp;&nbsp;&nbsp; Na condi&ccedil;&atilde;o exclusiva de aprendiz (CF\/88, art. 7&deg;, XXXIII), Maur&iacute;cio pode ser admitido ao trabalho, com garantia de acesso e frequ&ecirc;ncia obrigat&oacute;ria ao ensino regular (ECA, art. 63, I).\n<\/p>\n<p>\n\t<strong>CF\/88<\/strong>\n<\/p>\n<p>\n\t<em>art. 7&ordm;, XXXIII &#8211; proibi&ccedil;&atilde;o de trabalho noturno, perigoso ou insalubre a menores de dezoito e de qualquer trabalho a menores de dezesseis anos, salvo na condi&ccedil;&atilde;o de aprendiz, a partir de quatorze anos;<\/em>\n<\/p>\n<p>\n\t&nbsp;\n<\/p>\n<p>\n\t<strong>Na aula 11 &ndash; ECA 1&ordf; parte, ap&oacute;s o art. 60 do ECA acrescentei um quadro esquem&aacute;tico sobre estas regras.<\/strong>\n<\/p>\n<p>\n\t&nbsp;\n<\/p>\n<p>\n\t<strong>ECA<\/strong>\n<\/p>\n<p style=\"margin-left: 35.4pt\">\n\t<strong><em>Art. 62. Considera-se aprendizagem <\/em><\/strong><em>a <strong>forma&ccedil;&atilde;o t&eacute;cnico-profissional<\/strong> ministrada segundo as diretrizes e bases da legisla&ccedil;&atilde;o de educa&ccedil;&atilde;o em vigor<strong>.<\/strong><\/em>\n<\/p>\n<p style=\"margin-left: 35.4pt\">\n\t<strong><em>Art. 63. A forma&ccedil;&atilde;o t&eacute;cnico-profissional obedecer&aacute; aos seguintes princ&iacute;pios:<\/em><\/strong>\n<\/p>\n<p style=\"margin-left: 35.4pt\">\n\t<strong><em>&nbsp;&nbsp;&nbsp;&nbsp;&nbsp;&nbsp;&nbsp;&nbsp;&nbsp;&nbsp;&nbsp;&nbsp; I &#8211; garantia de acesso e freq&uuml;&ecirc;ncia obrigat&oacute;ria ao ensino regular;<\/em><\/strong>\n<\/p>\n<p style=\"margin-left: 70.8pt\">\n\t<strong><em>II &#8211; atividade compat&iacute;vel com o desenvolvimento do adolescente;<\/em><\/strong>\n<\/p>\n<p style=\"margin-left: 70.8pt\">\n\t<strong><em>III &#8211; hor&aacute;rio especial para o exerc&iacute;cio das atividades.<\/em><\/strong>\n<\/p>\n<p>\n\t&nbsp;\n<\/p>\n<p>\n\t&nbsp;\n<\/p>\n<p>\n\t<strong>64 &#8211;&nbsp; Situa&ccedil;&atilde;o hipot&eacute;tica: Paula&#8230;<\/strong>\n<\/p>\n<p>\n\t<span><strong>CERTO<\/strong><\/span>\n<\/p>\n<p>\n\t<strong>ECA<\/strong>\n<\/p>\n<p>\n\t<em>Art. 53. A crian&ccedil;a e o adolescente t&ecirc;m direito &agrave; educa&ccedil;&atilde;o, visando ao pleno desenvolvimento de sua pessoa, preparo para o exerc&iacute;cio da cidadania e qualifica&ccedil;&atilde;o para o trabalho, assegurando-se-lhes:<\/em>\n<\/p>\n<p>\n\t<em>III &#8211; direito de contestar crit&eacute;rios avaliativos, podendo recorrer &agrave;s inst&acirc;ncias escolares superiores;<\/em>\n<\/p>\n<p>\n\t&nbsp;\n<\/p>\n<p>\n\t&nbsp;\n<\/p>\n<p>\n\t<strong>65 &#8211;&nbsp; Conforme o ECA&#8230;<\/strong>\n<\/p>\n<p>\n\t<span><strong>ERRADO<\/strong><\/span>\n<\/p>\n<p>\n\t&nbsp;&nbsp;&nbsp;&nbsp;&nbsp;&nbsp;&nbsp;&nbsp;&nbsp;&nbsp;&nbsp;&nbsp;&nbsp;&nbsp;&nbsp; P&eacute;ssima quest&atilde;o. Exigiu que o candidato soubesse decorado a pena aplicada ao crime indicado.\n<\/p>\n<p>\n\tA afirmativa restringe a conduta aos professores que &ldquo;sob sua autoridade, guarda ou vigil&acirc;ncia&rdquo; submeterem estudantes a vexame ou a constrangimento, logo o erro da quest&atilde;o refere-se unicamente &agrave; pena indicada pela afirmativa.\n<\/p>\n<p>\n\t<strong>ECA<\/strong>\n<\/p>\n<p>\n\t<em>Art. 232. Submeter crian&ccedil;a ou adolescente sob sua autoridade, guarda ou vigil&acirc;ncia a vexame ou a constrangimento:<\/em>\n<\/p>\n<p>\n\t<em>Pena &#8211; <strong>deten&ccedil;&atilde;o de seis meses a dois anos<\/strong><\/em>.\n<\/p>\n<p>\n\t&nbsp;\n<\/p>\n<p>\n\t<strong>66 &#8211;&nbsp; Situa&ccedil;&atilde;o hipot&eacute;tica: Lorena&#8230;<\/strong>\n<\/p>\n<p>\n\t<span><strong>ERRADO<\/strong><\/span>\n<\/p>\n<p>\n\t&nbsp;&nbsp;&nbsp;&nbsp;&nbsp;&nbsp;&nbsp;&nbsp;&nbsp;&nbsp;&nbsp;&nbsp;&nbsp;&nbsp;&nbsp; Essa quest&atilde;o possui reda&ccedil;&atilde;o problem&aacute;tica. De fato, o Diretor da escola deve obrigatoriamente comunicar a situa&ccedil;&atilde;o ao Conselho Escolar, ao tomar ci&ecirc;ncia do fato. Todavia, o texto da afirmativa permite a interpreta&ccedil;&atilde;o de uma sequ&ecirc;ncia n&atilde;o necess&aacute;ria: professora relatar ao diretor e este relatar ao Conselho Tutelar.\n<\/p>\n<p>\n\t&nbsp;&nbsp;&nbsp;&nbsp;&nbsp;&nbsp;&nbsp;&nbsp;&nbsp;&nbsp;&nbsp;&nbsp;&nbsp;&nbsp;&nbsp; A professora pode relatar o fato diretamente ao Conselho Tutelar, conforme determina o art. 70-B, par&aacute;grafo &uacute;nico do ECA.\n<\/p>\n<p>\n\t&nbsp;&nbsp;&nbsp;&nbsp;&nbsp;&nbsp;&nbsp;&nbsp;&nbsp;&nbsp;&nbsp;&nbsp;&nbsp;&nbsp;&nbsp; Caso o gabarito preliminar a indique como correta, cabe recurso.\n<\/p>\n<p>\n\t&nbsp;\n<\/p>\n<p>\n\t<strong>ECA<\/strong>\n<\/p>\n<p>\n\t<em>Art. 13. Os casos de suspeita ou confirma&ccedil;&atilde;o de castigo f&iacute;sico, de tratamento cruel ou degradante e de maus-tratos contra crian&ccedil;a ou adolescente ser&atilde;o obrigatoriamente comunicados ao Conselho Tutelar da respectiva localidade, sem preju&iacute;zo de outras provid&ecirc;ncias legais.<\/em>\n<\/p>\n<p>\n\t<em>Art. 56. Os dirigentes de estabelecimentos de ensino fundamental comunicar&atilde;o ao Conselho Tutelar os casos de:<\/em>\n<\/p>\n<p style=\"margin-left: 35.4pt\">\n\t<em>I &#8211; maus-tratos envolvendo seus alunos;<\/em>\n<\/p>\n<p>\n\t<em>Art. 70-B.&nbsp; As entidades, p&uacute;blicas e privadas, que atuem nas &aacute;reas a que se refere o art. 71, dentre outras, devem contar, em seus quadros, com pessoas capacitadas a reconhecer e comunicar ao Conselho Tutelar <strong>suspeitas ou casos de maus-tratos <\/strong>praticados contra crian&ccedil;as e adolescentes.&nbsp;&nbsp;&nbsp;&nbsp;&nbsp;&nbsp; <\/em>\n<\/p>\n<p>\n\t<em>Par&aacute;grafo &uacute;nico. &nbsp;<strong>S&atilde;o igualmente respons&aacute;veis pela comunica&ccedil;&atilde;o<\/strong> de que trata este artigo, as pessoas encarregadas, por raz&atilde;o de cargo, fun&ccedil;&atilde;o, of&iacute;cio, minist&eacute;rio, profiss&atilde;o ou ocupa&ccedil;&atilde;o, do cuidado, assist&ecirc;ncia ou guarda de crian&ccedil;as e adolescentes, <strong>pun&iacute;vel, na forma deste Estatuto, o injustificado retardamento ou omiss&atilde;o, culposos ou dolosos.<\/strong>&nbsp;&nbsp;&nbsp;&nbsp;<\/em>\n<\/p>\n<p>\n\t&nbsp;\n<\/p>\n<p>\n\t<strong>67 &#8211;&nbsp; Cabe a Uni&atilde;o&#8230;<\/strong>\n<\/p>\n<p>\n\t<span><strong>ERRADO<\/strong><\/span>\n<\/p>\n<p>\n\t&nbsp;&nbsp;&nbsp;&nbsp;&nbsp;&nbsp;&nbsp;&nbsp;&nbsp;&nbsp;&nbsp;&nbsp;&nbsp;&nbsp;&nbsp; O erro refere-se &agrave; &ldquo;escolaridade obrigat&oacute;ria&rdquo; indicada como se fosse da creche ao ensino m&eacute;dio, quando na verdade vai da pr&eacute;-escola ao ensino m&eacute;dio, dos 4 aos 17 anos.\n<\/p>\n<p>\n\t&nbsp;\n<\/p>\n<p>\n\t<strong>LDB<\/strong>\n<\/p>\n<p>\n\t<em>Art. 9&ordm; A Uni&atilde;o incumbir-se-&aacute; de:&nbsp;<\/em>\n<\/p>\n<p>\n\t<em>III &#8211; prestar assist&ecirc;ncia t&eacute;cnica e financeira aos Estados, ao Distrito Federal e aos Munic&iacute;pios para o desenvolvimento de seus sistemas de ensino e o atendimento priorit&aacute;rio &agrave; escolaridade obrigat&oacute;ria, exercendo sua fun&ccedil;&atilde;o redistributiva e supletiva;<\/em>\n<\/p>\n<p>\n\t<em>Art. 4&ordm; O dever do Estado com educa&ccedil;&atilde;o escolar p&uacute;blica ser&aacute; efetivado mediante a garantia de:<\/em>\n<\/p>\n<p>\n\t<em>I &#8211; educa&ccedil;&atilde;o b&aacute;sica obrigat&oacute;ria e gratuita dos 4 (quatro) aos 17 (dezessete) anos de idade, organizada da seguinte forma:&nbsp;<\/em>\n<\/p>\n<p>\n\t<em>a) pr&eacute;-escola;&nbsp;<\/em>\n<\/p>\n<p>\n\t<em>b) ensino fundamental;&nbsp;<\/em>\n<\/p>\n<p>\n\t<em>c) ensino m&eacute;dio<\/em>;\n<\/p>\n<p>\n\t&nbsp;\n<\/p>\n<p>\n\t&nbsp;\n<\/p>\n<p>\n\t<strong>68 &#8211;&nbsp; Cabe ao DF&#8230;<\/strong>\n<\/p>\n<p>\n\t<span><strong>CERTO<\/strong><\/span>\n<\/p>\n<p>\n\t&nbsp;&nbsp;&nbsp;&nbsp;&nbsp;&nbsp;&nbsp;&nbsp;&nbsp;&nbsp;&nbsp; Esta quest&atilde;o faz refer&ecirc;ncia ao texto da LDB (comando geral) e deriva do disposto no art. 10, VI e no art. 11, V da LDB, que conforme alertei em quadros explicativos posteriores aos mencionados dispositivos, aula 02 &mdash; LDB 1&ordf; parte, contrariam o disposto na CF\/88, art. 211, &sect;2&deg; e &sect;3&deg; quanto ao tratamento priorit&aacute;rio dos n&iacute;veis escolares indicados.\n<\/p>\n<p>\n\t&nbsp;&nbsp;&nbsp;&nbsp;&nbsp;&nbsp;&nbsp;&nbsp;&nbsp;&nbsp;&nbsp; Todavia, a quest&atilde;o &eacute; CERTA, pois faz refer&ecirc;ncia ao texto da LDB. Relembro que o DF acumula as compet&ecirc;ncias educacionais relacionadas aos Estados e aos Munic&iacute;pios.\n<\/p>\n<p>\n\t&nbsp;\n<\/p>\n<p>\n\t<strong>69 &#8211;&nbsp; No ensino fundamental&#8230;<\/strong>\n<\/p>\n<p>\n\t<span><strong>CERTO<\/strong><\/span>\n<\/p>\n<p>\n\tLDB\n<\/p>\n<p>\n\t<em>Art. 12. Os estabelecimentos de ensino, respeitadas as normas comuns e as do seu sistema de ensino, ter&atilde;o a incumb&ecirc;ncia de:<\/em>\n<\/p>\n<p>\n\t<em>V &#8211; prover meios para a recupera&ccedil;&atilde;o dos alunos de menor rendimento<\/em>;\n<\/p>\n<p>\n\t<em>Art. 24. A educa&ccedil;&atilde;o b&aacute;sica, nos n&iacute;veis fundamental e m&eacute;dio, ser&aacute; organizada de acordo com as seguintes regras comuns:<\/em>\n<\/p>\n<p>\n\t<em>V &#8211; a verifica&ccedil;&atilde;o do rendimento escolar observar&aacute; os seguintes crit&eacute;rios:<\/em>\n<\/p>\n<p>\n\t<em>e) obrigatoriedade de estudos de recupera&ccedil;&atilde;o, de prefer&ecirc;ncia paralelos ao per&iacute;odo letivo, para os casos de baixo rendimento escolar, a serem disciplinados pelas institui&ccedil;&otilde;es de ensino em seus regimentos<\/em>;\n<\/p>\n<p>\n\t&nbsp;\n<\/p>\n<p>\n\t<strong>70 &#8211;&nbsp; Quanto &agrave; articula&ccedil;&atilde;o&#8230;<\/strong>\n<\/p>\n<p>\n\t<span><strong>ERRADO<\/strong><\/span>\n<\/p>\n<p>\n\tCabe aos docentes <strong>colaborarem<\/strong> com as atividades de articula&ccedil;&atilde;o da escola com as fam&iacute;lias e a comunidade.\n<\/p>\n<p>\n\tLDB\n<\/p>\n<p>\n\t<em>Art. 13. Os docentes incumbir-se-&atilde;o de:<\/em>\n<\/p>\n<p>\n\t<em>VI &#8211; colaborar com as atividades de articula&ccedil;&atilde;o da escola com as fam&iacute;lias e a comunidade<\/em>.\n<\/p>\n<p>\n\t&nbsp;&nbsp;&nbsp;&nbsp;&nbsp;&nbsp;&nbsp;&nbsp;&nbsp;&nbsp;&nbsp;\n<\/p>\n<p>\n\t<strong>71 &#8211;&nbsp; Compete ao dirigente&#8230;<\/strong>\n<\/p>\n<p>\n\t<span><strong>ERRADO<\/strong><\/span>\n<\/p>\n<p>\n\tA proposta pedag&oacute;gica &eacute; elaborada com a participa&ccedil;&atilde;o da comunidade escolar e n&atilde;o pelo dirigente escolar.\n<\/p>\n<p>\n\t<strong>LDB<\/strong>\n<\/p>\n<p>\n\t<em>Art. 12. Os estabelecimentos de ensino, respeitadas as normas comuns e as do seu sistema de ensino, ter&atilde;o a incumb&ecirc;ncia de:<\/em>\n<\/p>\n<p style=\"margin-left: 35.4pt\">\n\t<em>I &#8211; elaborar e executar sua proposta pedag&oacute;gica;<\/em>\n<\/p>\n<p>\n\t<em>Art. 13. Os docentes incumbir-se-&atilde;o de:<\/em>\n<\/p>\n<p style=\"margin-left: 35.4pt\">\n\t<em>I &#8211; participar da elabora&ccedil;&atilde;o da proposta pedag&oacute;gica do estabelecimento de ensino;<\/em>\n<\/p>\n<p>\n\t<em>Art. 14. Os sistemas de ensino definir&atilde;o <strong>as normas da gest&atilde;o democr&aacute;tica do ensino p&uacute;blico na educa&ccedil;&atilde;o b&aacute;sica<\/strong>, de acordo com as suas peculiaridades e conforme os seguintes princ&iacute;pios:<\/em>\n<\/p>\n<p style=\"margin-left: 35.4pt\">\n\t<em>I &#8211; participa&ccedil;&atilde;o dos profissionais da educa&ccedil;&atilde;o na elabora&ccedil;&atilde;o do projeto pedag&oacute;gico da escola;<\/em>\n<\/p>\n<p>\n\t&nbsp;\n<\/p>\n<p>\n\t<strong>72 &#8211;&nbsp; A educa&ccedil;&atilde;o b&aacute;sica&#8230;<\/strong>\n<\/p>\n<p>\n\t<span><strong>ERRADO<\/strong><\/span>\n<\/p>\n<p>\n\tO m&iacute;nimo de 200 dias de trabalho educacional refere-se &agrave; educa&ccedil;&atilde;o infantil e n&atilde;o aos demais n&iacute;veis da educa&ccedil;&atilde;o b&aacute;sica.\n<\/p>\n<p>\n\tLDB\n<\/p>\n<p>\n\t<em>Art. 24. A educa&ccedil;&atilde;o b&aacute;sica, nos n&iacute;veis fundamental e m&eacute;dio, ser&aacute; organizada de acordo com as seguintes regras comuns:<\/em>\n<\/p>\n<p>\n\t<em>I &#8211; a carga hor&aacute;ria m&iacute;nima anual ser&aacute; de oitocentas horas, distribu&iacute;das por um m&iacute;nimo de duzentos dias de efetivo trabalho escolar, exclu&iacute;do o tempo reservado aos exames finais, quando houver;<\/em>\n<\/p>\n<p>\n\t<em>Art. 31. &nbsp;A educa&ccedil;&atilde;o infantil ser&aacute; organizada de acordo com as seguintes regras comuns:&nbsp;&nbsp;&nbsp;&nbsp;&nbsp;&nbsp; &nbsp;<\/em>\n<\/p>\n<p>\n\t<em>II &#8211; carga hor&aacute;ria m&iacute;nima anual de 800 (oitocentas) horas, distribu&iacute;da por um m&iacute;nimo de 200 (duzentos) dias de trabalho educacional;&nbsp;&nbsp;<\/em>\n<\/p>\n<p>\n\t&nbsp;\n<\/p>\n<p>\n\t&nbsp;\n<\/p>\n<p>\n\t<strong><em>73 &#8211;&nbsp; As escolas rurais&#8230;<\/em><\/strong>\n<\/p>\n<p>\n\t<span><strong>CERTO<\/strong><\/span>\n<\/p>\n<p>\n\t<strong><em>LDB<\/em><\/strong>\n<\/p>\n<p>\n\t<em>Art. 28. Na oferta de educa&ccedil;&atilde;o b&aacute;sica para a popula&ccedil;&atilde;o rural, os sistemas de ensino promover&atilde;o as adapta&ccedil;&otilde;es necess&aacute;rias &agrave; sua adequa&ccedil;&atilde;o &agrave;s peculiaridades da vida rural e de cada regi&atilde;o, especialmente:<\/em>\n<\/p>\n<p>\n\t&nbsp;\n<\/p>\n<p>\n\t<strong><em>74 &ndash; <\/em>No DF, a educa&ccedil;&atilde;o infantil&#8230;<\/strong>\n<\/p>\n<p>\n\t<span><strong>ERRADO<\/strong><\/span>\n<\/p>\n<p>\n\t&nbsp;&nbsp;&nbsp;&nbsp;&nbsp;&nbsp;&nbsp;&nbsp;&nbsp;&nbsp;&nbsp;&nbsp;&nbsp;&nbsp;&nbsp; O comando da quest&atilde;o &eacute; restrito ao conte&uacute;do da LDB, que n&atilde;o especifica o n&uacute;mero m&iacute;nimo de horas para a jornada integral no ensino fundamental, deixando a crit&eacute;rio dos sistemas de ensino.\n<\/p>\n<p>\n\t<strong><em>LDB<\/em><\/strong>\n<\/p>\n<p>\n\t<em>Art. 31. &nbsp;A educa&ccedil;&atilde;o infantil ser&aacute; organizada de acordo com as seguintes regras comuns:&nbsp;&nbsp;&nbsp;<\/em>\n<\/p>\n<p>\n\t<em>III &#8211; atendimento &agrave; crian&ccedil;a de, no m&iacute;nimo, 4 (quatro) horas di&aacute;rias para o turno parcial e de 7 (sete) horas para a jornada integral;&nbsp;&nbsp;&nbsp;<\/em>\n<\/p>\n<p>\n\t&nbsp;\n<\/p>\n<p>\n\t<em>Art. 34. A jornada escolar no ensino fundamental incluir&aacute; pelo menos quatro horas de trabalho efetivo em sala de aula, sendo progressivamente ampliado o per&iacute;odo de perman&ecirc;ncia na escola.<\/em>\n<\/p>\n<p>\n\t<em>&sect; 2&ordm; O ensino fundamental ser&aacute; ministrado progressivamente em tempo integral, a crit&eacute;rio dos sistemas de ensino.<\/em>\n<\/p>\n<p>\n\t&nbsp;\n<\/p>\n<p>\n\t<strong><em>75 &ndash; <\/em>No DF, caso o aluno&#8230;<\/strong>\n<\/p>\n<p>\n\t<span><strong>CERTO<\/strong><\/span>\n<\/p>\n<p>\n\t<strong><em>LDB<\/em><\/strong>\n<\/p>\n<p>\n\t<em>Art. 12. Os estabelecimentos de ensino, respeitadas as normas comuns e as do seu sistema de ensino, ter&atilde;o a incumb&ecirc;ncia de:<\/em>\n<\/p>\n<p>\n\t<em>VIII &ndash; notificar ao Conselho Tutelar do Munic&iacute;pio, ao juiz competente da Comarca e ao respectivo representante do Minist&eacute;rio P&uacute;blico a rela&ccedil;&atilde;o dos alunos que apresentem quantidade de faltas acima de cinq&uuml;enta por cento do percentual permitido em lei.<\/em>\n<\/p>\n<p>\n\t&nbsp;\n<\/p>\n<p>\n\t<strong><em>76 &ndash; <\/em>O poder p&uacute;blico do DF&#8230;<\/strong>\n<\/p>\n<p>\n\t<span><strong>CERTO<\/strong><\/span>\n<\/p>\n<p>\n\t<strong><em>LDB<\/em><\/strong>\n<\/p>\n<p>\n\t<em>Art. 5&deg;&nbsp; O acesso &agrave; educa&ccedil;&atilde;o b&aacute;sica obrigat&oacute;ria &eacute; direito p&uacute;blico subjetivo, podendo qualquer cidad&atilde;o, grupo de cidad&atilde;os, associa&ccedil;&atilde;o comunit&aacute;ria, organiza&ccedil;&atilde;o sindical, entidade de classe ou outra legalmente constitu&iacute;da e, ainda, o Minist&eacute;rio P&uacute;blico, acionar o poder p&uacute;blico para exigi-lo. <\/em>\n<\/p>\n<p>\n\t<em>&sect; 1&deg;&nbsp; O poder p&uacute;blico, na esfera de sua compet&ecirc;ncia federativa, dever&aacute;: <\/em>\n<\/p>\n<p>\n\t<em>III &#8211; zelar, junto aos pais ou respons&aacute;veis, pela frequ&ecirc;ncia &agrave; escola.<\/em>\n<\/p>\n<p>\n\t&nbsp;\n<\/p>\n<p>\n\t<em>Art. 12. Os estabelecimentos de ensino, respeitadas as normas comuns e as do seu sistema de ensino, ter&atilde;o a incumb&ecirc;ncia de:<\/em>\n<\/p>\n<p>\n\t<em>VII &#8211; informar pai e m&atilde;e, conviventes ou n&atilde;o com seus filhos, e, se for o caso, os respons&aacute;veis legais, sobre a frequ&ecirc;ncia e rendimento dos alunos, bem como sobre a execu&ccedil;&atilde;o da proposta pedag&oacute;gica da escola;&nbsp;&nbsp;&nbsp;<\/em>\n<\/p>\n<p>\n\t&nbsp;\n<\/p>\n<p>\n\t<strong><em>77 &ndash; <\/em>Compete &agrave;s escolas&#8230;<\/strong>\n<\/p>\n<p>\n\t<span><strong>ERRADO<\/strong><\/span>\n<\/p>\n<p>\n\t<strong>&nbsp;&nbsp;&nbsp;&nbsp;&nbsp;&nbsp;&nbsp;&nbsp;&nbsp;&nbsp;&nbsp;&nbsp;&nbsp;&nbsp;&nbsp; <\/strong>O erro refere-se &agrave; express&atilde;o &ldquo;<em>para aprova&ccedil;&atilde;o em todas as etapas da educa&ccedil;&atilde;o b&aacute;sica<\/em>&rdquo;, pois o art. 24, caput, limita-se aos n&iacute;veis fundamental e m&eacute;dio, logo o requisito de frequ&ecirc;ncia exigido pelo inciso VI do art. 24 n&atilde;o se refere &agrave; educa&ccedil;&atilde;o infantil.\n<\/p>\n<p>\n\t<em>LDB<\/em>\n<\/p>\n<p>\n\t<em>Art. 24. A educa&ccedil;&atilde;o b&aacute;sica, <strong>nos n&iacute;veis fundamental e m&eacute;dio<\/strong>, ser&aacute; organizada de acordo com as seguintes regras comuns:<\/em>\n<\/p>\n<p>\n\t<em>VI &#8211; o controle de frequ&ecirc;ncia fica a cargo da escola, conforme o disposto no seu regimento e nas normas do respectivo sistema de ensino, exigida a frequ&ecirc;ncia m&iacute;nima de setenta e cinco por cento do total de horas letivas para aprova&ccedil;&atilde;o;<\/em>\n<\/p>\n<p>\n\t&nbsp;\n<\/p>\n<p>\n\t<em>Art. 31. &nbsp;A educa&ccedil;&atilde;o infantil ser&aacute; organizada de acordo com as seguintes regras comuns:<\/em>\n<\/p>\n<p>\n\t<em>IV &#8211; controle de frequ&ecirc;ncia pela institui&ccedil;&atilde;o de educa&ccedil;&atilde;o pr&eacute;-escolar, exigida a frequ&ecirc;ncia m&iacute;nima de 60% (sessenta por cento) do total de horas;&nbsp;&nbsp;<\/em>\n<\/p>\n<p>\n\t&nbsp;\n<\/p>\n<p>\n\t&nbsp;\n<\/p>\n<p>\n\t<strong><em>81 &ndash; <\/em>O atendimento priorit&aacute;rio&#8230;<\/strong>\n<\/p>\n<p>\n\t<span><strong>CERTO<\/strong><\/span>\n<\/p>\n<p>\n\t<strong><em>Lei n&deg; 10.048\/2000<\/em><\/strong>\n<\/p>\n<p>\n\t<em>Art. 1&deg; &nbsp;As pessoas com defici&ecirc;ncia, os idosos com idade igual ou superior a 60 (sessenta) anos, as gestantes, as lactantes, as pessoas com crian&ccedil;as de colo e os obesos ter&atilde;o atendimento priorit&aacute;rio, nos termos desta Lei.<\/em>\n<\/p>\n<p>\n\t&nbsp;\n<\/p>\n<p>\n\t<strong><em>82 &ndash; <\/em>Somente mediante&#8230;<\/strong>\n<\/p>\n<p>\n\t<span><strong>ERRADO<\/strong><\/span>\n<\/p>\n<p>\n\t<strong><em>Lei n&deg; 10.098\/2000<\/em><\/strong>\n<\/p>\n<p>\n\t<em>Art. 9&deg; Os sem&aacute;foros para pedestres instalados nas vias p&uacute;blicas dever&atilde;o estar equipados com mecanismo que emita sinal sonoro suave, intermitente e sem estrid&ecirc;ncia, ou com mecanismo alternativo, que sirva de guia ou orienta&ccedil;&atilde;o para a travessia de pessoas portadoras de defici&ecirc;ncia visual, se a intensidade do fluxo de ve&iacute;culos e a periculosidade da via assim determinarem.<\/em>\n<\/p>\n<p>\n\t<em>Par&aacute;grafo &uacute;nico. Os sem&aacute;foros para pedestres instalados em vias p&uacute;blicas de grande circula&ccedil;&atilde;o, ou que deem acesso aos servi&ccedil;os de reabilita&ccedil;&atilde;o, devem obrigatoriamente estar equipados com mecanismo que emita sinal sonoro suave para orienta&ccedil;&atilde;o do pedestre.<\/em>\n<\/p>\n<p>\n\t&nbsp;\n<\/p>\n<p>\n\t<strong><em>83 &ndash; <\/em>A defini&ccedil;&atilde;o&#8230;<\/strong>\n<\/p>\n<p>\n\t<span><strong>CERTO<\/strong><\/span>\n<\/p>\n<p>\n\t<strong><em>Lei n&deg; 10.098\/2000<\/em><\/strong>\n<\/p>\n<p>\n\t<em>Art. 2&deg; Para os fins desta Lei s&atilde;o estabelecidas as seguintes defini&ccedil;&otilde;es:<\/em>\n<\/p>\n<p>\n\t<em>I &#8211; <strong>acessibilidade<\/strong>: possibilidade e condi&ccedil;&atilde;o de alcance para utiliza&ccedil;&atilde;o, com seguran&ccedil;a e autonomia, de espa&ccedil;os, mobili&aacute;rios, equipamentos urbanos, edifica&ccedil;&otilde;es, transportes, informa&ccedil;&atilde;o e comunica&ccedil;&atilde;o, inclusive seus sistemas e tecnologias, bem como de outros servi&ccedil;os e instala&ccedil;&otilde;es abertos ao p&uacute;blico, de uso p&uacute;blico ou privados de uso coletivo, tanto na zona urbana como na rural, por pessoa com defici&ecirc;ncia ou com mobilidade reduzida;&nbsp;<\/em>\n<\/p>\n<p>\n\t&nbsp;\n<\/p>\n<p>\n\t<strong><em>84 &ndash; <\/em>Conforme defini&ccedil;&atilde;o legal&#8230;<\/strong>\n<\/p>\n<p>\n\t<span><strong>ERRADO<\/strong><\/span>\n<\/p>\n<p>\n\t&nbsp;&nbsp;&nbsp;&nbsp;&nbsp;&nbsp;&nbsp;&nbsp;&nbsp;&nbsp;&nbsp;&nbsp;&nbsp;&nbsp;&nbsp; A defini&ccedil;&atilde;o legal de &ldquo;barreira&rdquo; engloba uma atitude ou comportamento que limite ou impe&ccedil;a a participa&ccedil;&atilde;o social da pessoa.\n<\/p>\n<p>\n\t&nbsp;\n<\/p>\n<p>\n\t<strong><em>Lei n&deg; 10.098\/2000<\/em><\/strong>\n<\/p>\n<p>\n\t<em>Art. 2&deg; Para os fins desta Lei s&atilde;o estabelecidas as seguintes defini&ccedil;&otilde;es:<\/em>\n<\/p>\n<p>\n\t<em>II &#8211; <strong>barreiras<\/strong>: qualquer entrave, obst&aacute;culo, <strong>atitude ou comportamento<\/strong> que limite ou impe&ccedil;a a participa&ccedil;&atilde;o social da pessoa, bem como o gozo, a frui&ccedil;&atilde;o e o exerc&iacute;cio de seus direitos &agrave; acessibilidade, &agrave; liberdade de movimento e de express&atilde;o, &agrave; comunica&ccedil;&atilde;o, ao acesso &agrave; informa&ccedil;&atilde;o, &agrave; compreens&atilde;o, &agrave; circula&ccedil;&atilde;o com seguran&ccedil;a, entre outros, classificadas em:<\/em>\n<\/p>\n<p>\n\t&nbsp;\n<\/p>\n<p>\n\t&nbsp;\n<\/p>\n<p>\n\t<strong><em>85 &ndash; <\/em>As infra&ccedil;&otilde;es&#8230;<\/strong>\n<\/p>\n<p>\n\t<span><strong>CERTO<\/strong><\/span>\n<\/p>\n<p>\n\t<strong><em>Lei n&deg; 10.048\/2000<\/em><\/strong>\n<\/p>\n<p>\n\t<em>Art. 6&deg; A infra&ccedil;&atilde;o ao disposto nesta Lei sujeitar&aacute; os respons&aacute;veis:<\/em>\n<\/p>\n<p>\n\t<em>I &ndash; no caso de servidor ou de chefia respons&aacute;vel pela reparti&ccedil;&atilde;o p&uacute;blica, &agrave;s penalidades previstas na legisla&ccedil;&atilde;o espec&iacute;fica;<\/em>\n<\/p>\n<p>\n\t<em>II &ndash; no caso de empresas concession&aacute;rias de servi&ccedil;o p&uacute;blico, a multa de R$ 500,00 (quinhentos reais) a R$ 2.500,00 (dois mil e quinhentos reais), por ve&iacute;culos sem as condi&ccedil;&otilde;es previstas nos arts. 3o e 5o;<\/em>\n<\/p>\n<p>\n\t<em>III &ndash; no caso das institui&ccedil;&otilde;es financeiras, &agrave;s penalidades previstas no art. 44, incisos I, II e III, da Lei no 4.595, de 31 de dezembro de 1964.<\/em>\n<\/p>\n<p>\n\t<em>Par&aacute;grafo &uacute;nico. As penalidades de que trata este artigo ser&atilde;o elevadas ao dobro, em caso de reincid&ecirc;ncia.<\/em>\n<\/p>\n<p>\n\t&nbsp;\n<\/p>\n<p>\n\t<strong><em>86 &ndash; A educa&ccedil;&atilde;o&#8230;<\/em><\/strong>\n<\/p>\n<p>\n\t<span><strong><em>CERTO<\/em><\/strong><\/span>\n<\/p>\n<p>\n\t<em>LDB<\/em>\n<\/p>\n<p>\n\t<em>Art. 58, &sect; 3&ordm; A oferta de educa&ccedil;&atilde;o especial, dever constitucional do Estado, tem in&iacute;cio na faixa et&aacute;ria de zero a seis anos, durante a educa&ccedil;&atilde;o infantil.<\/em>\n<\/p>\n<p>\n\t&nbsp;\n<\/p>\n<p>\n\t<strong><em>87 &ndash; Segundo o Decreto&#8230;<\/em><\/strong>\n<\/p>\n<p>\n\t<span><strong><em>CERTO<\/em><\/strong><\/span>\n<\/p>\n<p>\n\t<strong><em>Decreto n&deg; 3298\/1999<\/em><\/strong>\n<\/p>\n<p>\n\t<em>Art.&nbsp;4&deg;&nbsp;&nbsp;&Eacute; considerada pessoa portadora de defici&ecirc;ncia a que se enquadra nas seguintes categorias:<\/em>\n<\/p>\n<p>\n\t<em>IV&nbsp;&#8211;&nbsp;defici&ecirc;ncia mental &ndash; funcionamento intelectual significativamente inferior &agrave; m&eacute;dia, com manifesta&ccedil;&atilde;o antes dos dezoito anos e limita&ccedil;&otilde;es associadas a duas ou mais &aacute;reas de habilidades adaptativas, tais como: <\/em>\n<\/p>\n<p>\n\t<em>a)&nbsp;comunica&ccedil;&atilde;o;<\/em>\n<\/p>\n<p>\n\t<em>b)&nbsp;cuidado pessoal;<\/em>\n<\/p>\n<p>\n\t<em>c)&nbsp;habilidades sociais; <\/em>\n<\/p>\n<p>\n\t<em>d)&nbsp;utiliza&ccedil;&atilde;o da comunidade;<\/em>\n<\/p>\n<p>\n\t<em>d)&nbsp;utiliza&ccedil;&atilde;o dos recursos da comunidade; (Reda&ccedil;&atilde;o dada pelo Decreto n&ordm; 5.296, de 2004)<\/em>\n<\/p>\n<p>\n\t<em>e)&nbsp;sa&uacute;de e seguran&ccedil;a;<\/em>\n<\/p>\n<p>\n\t<em>f)&nbsp;habilidades acad&ecirc;micas;<\/em>\n<\/p>\n<p>\n\t<em>g)&nbsp;lazer; e<\/em>\n<\/p>\n<p>\n\t<em>h)&nbsp;trabalho;<\/em>\n<\/p>\n<p>\n\t&nbsp;\n<\/p>\n<p>\n\t<strong><em>88 &ndash; Os princ&iacute;pios&#8230;<\/em><\/strong>\n<\/p>\n<p>\n\t<span><strong><em>ERRADO<\/em><\/strong><\/span>\n<\/p>\n<p>\n\t<strong><em>Diretrizes Curriculares Nacionais para a Educa&ccedil;&atilde;o Infantil (Resolu&ccedil;&atilde;o CNE\/CEB n&ordm; 5, de 17 de dezembro de 2009)<\/em><\/strong>\n<\/p>\n<p>\n\t<em>Art. 6&ordm; As propostas pedag&oacute;gicas de Educa&ccedil;&atilde;o Infantil devem respeitar os seguintes princ&iacute;pios: <\/em>\n<\/p>\n<p>\n\t<em>I &ndash; &Eacute;ticos: da autonomia, da responsabilidade, da solidariedade e do respeito ao bem comum, ao meio ambiente e &agrave;s diferentes culturas, identidades e singularidades. <\/em>\n<\/p>\n<p>\n\t<em>II &ndash; Pol&iacute;ticos: dos direitos de cidadania, do exerc&iacute;cio da criticidade e do respeito &agrave; ordem democr&aacute;tica. <\/em>\n<\/p>\n<p>\n\t<em>III &ndash; Est&eacute;ticos: da sensibilidade, da criatividade, da ludicidade e da liberdade de express&atilde;o nas diferentes manifesta&ccedil;&otilde;es art&iacute;sticas e culturais.<\/em>\n<\/p>\n<p>\n\t&nbsp;\n<\/p>\n<p>\n\t<strong><em>89 &ndash; <\/em>A crian&ccedil;a com ou sem&#8230;<\/strong>\n<\/p>\n<p>\n\t<span><strong><em>CERTO<\/em><\/strong><\/span>\n<\/p>\n<p>\n\t&nbsp;&nbsp;&nbsp;&nbsp;&nbsp;&nbsp;&nbsp;&nbsp;&nbsp;&nbsp;&nbsp;&nbsp;&nbsp;&nbsp;&nbsp; Esta quest&atilde;o possui o texto em aberto, sujeito &agrave; subjetividade. Ao meu entender, atende ao que estabelecem os extensos artigos 8&deg; e 9&ordm; das <em>Diretrizes Curriculares Nacionais para a Educa&ccedil;&atilde;o Infantil (Resolu&ccedil;&atilde;o CNE\/CEB n&ordm; 5, de 17 de dezembro de 2009).<\/em>\n<\/p>\n<p>\n\t&nbsp;\n<\/p>\n<p>\n\t&nbsp;\n<\/p>\n<p>\n\t&nbsp;\n<\/p>\n<p>\n\t<strong><em>90 &ndash; <\/em>A centralidade&#8230;<\/strong>\n<\/p>\n<p>\n\t<span><strong><em>ERRADO<\/em><\/strong><\/span>\n<\/p>\n<p>\n\t&nbsp;&nbsp;&nbsp;&nbsp;&nbsp;&nbsp;&nbsp;&nbsp;&nbsp;&nbsp;&nbsp;&nbsp;&nbsp;&nbsp;&nbsp; Rever na quest&atilde;o anterior que o art. 9&deg;, par&aacute;grafo &uacute;nico, das <em>Diretrizes Curriculares Nacionais para a Educa&ccedil;&atilde;o Infantil<\/em> prev&ecirc; que a proposta curricular da educa&ccedil;&atilde;o infantil (creches e pr&eacute;-escolas) deve estabelecer a integra&ccedil;&atilde;o entre as experi&ecirc;ncias mencionadas pelos incisos do art. 9&deg;, fato que afasta uma dissocia&ccedil;&atilde;o da atividade pedag&oacute;gica das demais atividades da educa&ccedil;&atilde;o infantil.\n<\/p>\n<p>\n\t&nbsp;\n<\/p>\n<p>\n\t&nbsp;\n<\/p>\n<p>\n\t<strong>OBSERVA&Ccedil;&Atilde;O:<\/strong> as quest&otilde;es 107 a 110 referem-se &agrave; Lei n&ordm; 12.796\/2013, que n&atilde;o foi exigida de forma expl&iacute;cita pelo edital SEDF 2016, por&eacute;m esta lei alterou dispositivos da LDB, assim, o seu conte&uacute;do encontra-se de forma indireta no edital SEDF 2016 e foi abordado nas 3 aulas do curso referentes &agrave; LDB.\n<\/p>\n<p>\n\t&nbsp;\n<\/p>\n<p>\n\t&nbsp;\n<\/p>\n<p>\n\t<strong><em>107 &nbsp;&ndash; <\/em>As pr&eacute;-escolas&#8230;<\/strong>\n<\/p>\n<p>\n\t<span><strong><em>CERTO<\/em><\/strong><\/span>\n<\/p>\n<p>\n\t<strong>LDB<\/strong>\n<\/p>\n<p>\n\t<em>Art. 30. A educa&ccedil;&atilde;o infantil ser&aacute; oferecida em:<\/em>\n<\/p>\n<p>\n\t<em>II &#8211; pr&eacute;-escolas, para as crian&ccedil;as de 4 (quatro) a 5 (cinco) anos de idade.&nbsp; &nbsp;(<strong>Reda&ccedil;&atilde;o dada pela Lei n&ordm; 12.796, de 2013<\/strong>)<\/em>\n<\/p>\n<p>\n\t&nbsp;\n<\/p>\n<p>\n\t<strong><em>108 &nbsp;&ndash; <\/em>A crian&ccedil;a&#8230;<\/strong>\n<\/p>\n<p>\n\t<span><strong>ERRADO<\/strong><\/span>\n<\/p>\n<p>\n\tEsta quest&atilde;o possui dois erros. Primeiro, este tema n&atilde;o &eacute; regulamentado pela LDB, com reda&ccedil;&atilde;o dada pela Lei n&ordm; 12.796\/2013. Segundo, a afirmativa contraria o art. 5&ordm;, &sect;3&ordm; das Diretrizes Curriculares Nacionais para a Educa&ccedil;&atilde;o Infantil, que regulamenta o tema.\n<\/p>\n<p>\n\t<strong>Diretrizes Curriculares Nacionais para a Educa&ccedil;&atilde;o Infantil (Resolu&ccedil;&atilde;o CNE\/CEB n&ordm; 5, de 17 de dezembro de 2009).<\/strong>\n<\/p>\n<p>\n\t<em>Art. 5&ordm;, &sect; 3&ordm; As crian&ccedil;as que completam 6 anos ap&oacute;s o dia 31 de mar&ccedil;o devem ser matriculadas na Educa&ccedil;&atilde;o Infantil. <\/em>\n<\/p>\n<p>\n\t&nbsp;\n<\/p>\n<p>\n\t&nbsp;\n<\/p>\n<p>\n\t<strong><em>109 &nbsp;&ndash; <\/em>A educa&ccedil;&atilde;o infantil ser&aacute; oferecida&#8230;<\/strong>\n<\/p>\n<p>\n\t&nbsp;&nbsp;&nbsp;&nbsp;&nbsp;&nbsp;&nbsp;&nbsp;&nbsp;&nbsp;&nbsp;&nbsp;&nbsp;&nbsp;&nbsp; O texto desta alternativa est&aacute; <span><strong>CERTO<\/strong><\/span>, de acordo com a LDB, art. 30, I.\n<\/p>\n<p>\n\t&nbsp;&nbsp;&nbsp;&nbsp;&nbsp;&nbsp;&nbsp;&nbsp;&nbsp;&nbsp;&nbsp;&nbsp;&nbsp;&nbsp;&nbsp; Todavia, o comando geral da afirmativa determina seu julgamento de acordo com a Lei n&ordm; 12.796\/2013 e o art. 30, I da LDB n&atilde;o possui reda&ccedil;&atilde;o dada pela Lei n&ordm; 12.796\/2013.\n<\/p>\n<p>\n\t&nbsp;&nbsp;&nbsp;&nbsp;&nbsp;&nbsp;&nbsp;&nbsp;&nbsp;&nbsp;&nbsp;&nbsp;&nbsp;&nbsp;&nbsp; Em sentido estrito, <span><strong>cabe recurso solicitando a ANULA&Ccedil;&Atilde;O<\/strong><\/span> desta quest&atilde;o, pelo acima exposto.\n<\/p>\n<p>\n\tLDB\n<\/p>\n<p>\n\t<em>Art. 30. A educa&ccedil;&atilde;o infantil ser&aacute; oferecida em:<\/em>\n<\/p>\n<p>\n\t<em>I &#8211; creches, ou entidades equivalentes, para crian&ccedil;as de at&eacute; tr&ecirc;s anos de idade;<\/em>\n<\/p>\n<p>\n\t&nbsp;\n<\/p>\n<p>\n\t<strong><em>110 &nbsp;&ndash; <\/em>A educa&ccedil;&atilde;o infantil dever&aacute; ser&#8230;<\/strong>\n<\/p>\n<p>\n\t<span><strong><em>ERRADO<\/em><\/strong><\/span>\n<\/p>\n<p>\n\t<strong>LDB<\/strong>\n<\/p>\n<p>\n\t<em>Art. 30. A educa&ccedil;&atilde;o infantil ser&aacute; oferecida em:<\/em>\n<\/p>\n<p>\n\t<em>II &#8211; pr&eacute;-escolas, para as crian&ccedil;as de 4 (quatro) a 5 (cinco) anos de idade.&nbsp; &nbsp;(<strong>Reda&ccedil;&atilde;o dada pela Lei n&ordm; 12.796, de 2013<\/strong>)<\/em>\n<\/p>\n<p>\n\t&nbsp;\n<\/p>\n<p>\n\t&nbsp;\n<\/p>\n<p>\n\t&nbsp;<\/p>\n","protected":false},"excerpt":{"rendered":"<p>Ol&aacute; pessoal, tudo bem? &nbsp; &nbsp;&nbsp;&nbsp;&nbsp;&nbsp;&nbsp;&nbsp; &nbsp; &nbsp;Segue o gabarito extraoficial comentado, j&aacute; fundamentado para fins de recursos ao gabarito preliminar das quest&otilde;es objetivas da prova para Monitor da SEDF. &nbsp; &nbsp;&nbsp;&nbsp;&nbsp;&nbsp;&nbsp;&nbsp;&nbsp;&nbsp;&nbsp;&nbsp; Das 120 quest&otilde;es objetivas, 47 exigiram o conhecimento das normas educacionais, representando expressivos 39,17% da prova objetiva, fato que torna o bom desempenho, [&hellip;]<\/p>\n","protected":false},"author":1,"featured_media":0,"comment_status":"open","ping_status":"open","sticky":false,"template":"","format":"standard","meta":{"post_tipo":"news","footnotes":""},"categories":[1],"tags":[],"tax_estado":[],"class_list":["post-62571","post","type-post","status-publish","format-standard","hentry","category-cursos-e-concursos"],"acf":[],"yoast_head":"<!-- This site is optimized with the Yoast SEO Premium plugin v27.2 (Yoast SEO v27.2) - https:\/\/yoast.com\/product\/yoast-seo-premium-wordpress\/ -->\n<title>Gabarito SEDF extraoficial - LEGISLA\u00c7\u00c3O EDUCACIONAL - Monitor<\/title>\n<meta name=\"robots\" content=\"index, follow, max-snippet:-1, max-image-preview:large, max-video-preview:-1\" \/>\n<link rel=\"canonical\" href=\"https:\/\/www.estrategiaconcursos.com.br\/blog\/62571-2\/\" \/>\n<meta property=\"og:locale\" content=\"pt_BR\" \/>\n<meta property=\"og:type\" content=\"article\" \/>\n<meta property=\"og:title\" content=\"Gabarito SEDF extraoficial - LEGISLA\u00c7\u00c3O EDUCACIONAL - Monitor\" \/>\n<meta property=\"og:description\" content=\"Ol&aacute; pessoal, tudo bem? &nbsp; &nbsp;&nbsp;&nbsp;&nbsp;&nbsp;&nbsp;&nbsp; &nbsp; &nbsp;Segue o gabarito extraoficial comentado, j&aacute; fundamentado para fins de recursos ao gabarito preliminar das quest&otilde;es objetivas da prova para Monitor da SEDF. &nbsp; &nbsp;&nbsp;&nbsp;&nbsp;&nbsp;&nbsp;&nbsp;&nbsp;&nbsp;&nbsp;&nbsp; Das 120 quest&otilde;es objetivas, 47 exigiram o conhecimento das normas educacionais, representando expressivos 39,17% da prova objetiva, fato que torna o bom desempenho, [&hellip;]\" \/>\n<meta property=\"og:url\" content=\"https:\/\/www.estrategiaconcursos.com.br\/blog\/62571-2\/\" \/>\n<meta property=\"og:site_name\" content=\"Estrat\u00e9gia Concursos\" \/>\n<meta property=\"article:author\" content=\"https:\/\/www.facebook.com\/EstrategiaConcursos\" \/>\n<meta property=\"article:published_time\" content=\"2017-01-24T18:24:54+00:00\" \/>\n<meta property=\"article:modified_time\" content=\"2017-01-26T21:07:08+00:00\" \/>\n<meta name=\"author\" content=\"Coordena\u00e7\u00e3o\" \/>\n<meta name=\"twitter:card\" content=\"summary_large_image\" \/>\n<meta name=\"twitter:creator\" content=\"@EstratConcursos\" \/>\n<meta name=\"twitter:site\" content=\"@EstratConcursos\" \/>\n<meta name=\"twitter:label1\" content=\"Escrito por\" \/>\n\t<meta name=\"twitter:data1\" content=\"Coordena\u00e7\u00e3o\" \/>\n\t<meta name=\"twitter:label2\" content=\"Est. tempo de leitura\" \/>\n\t<meta name=\"twitter:data2\" content=\"40 minutos\" \/>\n<script type=\"application\/ld+json\" class=\"yoast-schema-graph\">{\"@context\":\"https:\/\/schema.org\",\"@graph\":[{\"@type\":\"NewsArticle\",\"@id\":\"https:\/\/www.estrategiaconcursos.com.br\/blog\/62571-2\/#article\",\"isPartOf\":{\"@id\":\"https:\/\/www.estrategiaconcursos.com.br\/blog\/62571-2\/\"},\"author\":{\"name\":\"Coordena\u00e7\u00e3o\",\"@id\":\"https:\/\/www.estrategiaconcursos.com.br\/blog\/#\/schema\/person\/b4a388c97673c5f483d72185668afa1f\"},\"headline\":\"Gabarito SEDF extraoficial &#8211; LEGISLA\u00c7\u00c3O EDUCACIONAL &#8211; Monitor\",\"datePublished\":\"2017-01-24T18:24:54+00:00\",\"dateModified\":\"2017-01-26T21:07:08+00:00\",\"mainEntityOfPage\":{\"@id\":\"https:\/\/www.estrategiaconcursos.com.br\/blog\/62571-2\/\"},\"wordCount\":8085,\"commentCount\":0,\"publisher\":{\"@id\":\"https:\/\/www.estrategiaconcursos.com.br\/blog\/#organization\"},\"articleSection\":[\"Concursos P\u00fablicos\"],\"inLanguage\":\"pt-BR\",\"potentialAction\":[{\"@type\":\"CommentAction\",\"name\":\"Comment\",\"target\":[\"https:\/\/www.estrategiaconcursos.com.br\/blog\/62571-2\/#respond\"]}],\"copyrightYear\":\"2017\",\"copyrightHolder\":{\"@id\":\"https:\/\/www.estrategiaconcursos.com.br\/blog\/#organization\"}},{\"@type\":\"WebPage\",\"@id\":\"https:\/\/www.estrategiaconcursos.com.br\/blog\/62571-2\/\",\"url\":\"https:\/\/www.estrategiaconcursos.com.br\/blog\/62571-2\/\",\"name\":\"Gabarito SEDF extraoficial - LEGISLA\u00c7\u00c3O EDUCACIONAL - Monitor\",\"isPartOf\":{\"@id\":\"https:\/\/www.estrategiaconcursos.com.br\/blog\/#website\"},\"datePublished\":\"2017-01-24T18:24:54+00:00\",\"dateModified\":\"2017-01-26T21:07:08+00:00\",\"breadcrumb\":{\"@id\":\"https:\/\/www.estrategiaconcursos.com.br\/blog\/62571-2\/#breadcrumb\"},\"inLanguage\":\"pt-BR\",\"potentialAction\":[{\"@type\":\"ReadAction\",\"target\":[\"https:\/\/www.estrategiaconcursos.com.br\/blog\/62571-2\/\"]}]},{\"@type\":\"BreadcrumbList\",\"@id\":\"https:\/\/www.estrategiaconcursos.com.br\/blog\/62571-2\/#breadcrumb\",\"itemListElement\":[{\"@type\":\"ListItem\",\"position\":1,\"name\":\"In\u00edcio\",\"item\":\"https:\/\/www.estrategiaconcursos.com.br\/blog\/\"},{\"@type\":\"ListItem\",\"position\":2,\"name\":\"Gabarito SEDF extraoficial &#8211; LEGISLA\u00c7\u00c3O EDUCACIONAL &#8211; Monitor\"}]},{\"@type\":\"WebSite\",\"@id\":\"https:\/\/www.estrategiaconcursos.com.br\/blog\/#website\",\"url\":\"https:\/\/www.estrategiaconcursos.com.br\/blog\/\",\"name\":\"Estrat\u00e9gia Concursos\",\"description\":\"O blog da Estrat\u00e9gia Concursos traz not\u00edcias sobre concursos e artigos de professores oferecendo cursos para concursos (pdf + videaulas) no site.\",\"publisher\":{\"@id\":\"https:\/\/www.estrategiaconcursos.com.br\/blog\/#organization\"},\"potentialAction\":[{\"@type\":\"SearchAction\",\"target\":{\"@type\":\"EntryPoint\",\"urlTemplate\":\"https:\/\/www.estrategiaconcursos.com.br\/blog\/?s={search_term_string}\"},\"query-input\":{\"@type\":\"PropertyValueSpecification\",\"valueRequired\":true,\"valueName\":\"search_term_string\"}}],\"inLanguage\":\"pt-BR\"},{\"@type\":\"Organization\",\"@id\":\"https:\/\/www.estrategiaconcursos.com.br\/blog\/#organization\",\"name\":\"Estrat\u00e9gia Concursos\",\"url\":\"https:\/\/www.estrategiaconcursos.com.br\/blog\/\",\"logo\":{\"@type\":\"ImageObject\",\"inLanguage\":\"pt-BR\",\"@id\":\"https:\/\/www.estrategiaconcursos.com.br\/blog\/#\/schema\/logo\/image\/\",\"url\":\"https:\/\/dhg1h5j42swfq.cloudfront.net\/2025\/06\/03203428\/logo_concursos-1.jpg\",\"contentUrl\":\"https:\/\/dhg1h5j42swfq.cloudfront.net\/2025\/06\/03203428\/logo_concursos-1.jpg\",\"width\":230,\"height\":60,\"caption\":\"Estrat\u00e9gia Concursos\"},\"image\":{\"@id\":\"https:\/\/www.estrategiaconcursos.com.br\/blog\/#\/schema\/logo\/image\/\"},\"sameAs\":[\"https:\/\/x.com\/EstratConcursos\"]},{\"@type\":\"Person\",\"@id\":\"https:\/\/www.estrategiaconcursos.com.br\/blog\/#\/schema\/person\/b4a388c97673c5f483d72185668afa1f\",\"name\":\"Coordena\u00e7\u00e3o\",\"image\":{\"@type\":\"ImageObject\",\"inLanguage\":\"pt-BR\",\"@id\":\"https:\/\/secure.gravatar.com\/avatar\/b720319e4c9a967eb58678d110f4fe35452fc5d5f97b202bac7b8acceb18c6ad?s=96&d=mm&r=g\",\"url\":\"https:\/\/secure.gravatar.com\/avatar\/b720319e4c9a967eb58678d110f4fe35452fc5d5f97b202bac7b8acceb18c6ad?s=96&d=mm&r=g\",\"contentUrl\":\"https:\/\/secure.gravatar.com\/avatar\/b720319e4c9a967eb58678d110f4fe35452fc5d5f97b202bac7b8acceb18c6ad?s=96&d=mm&r=g\",\"caption\":\"Coordena\u00e7\u00e3o\"},\"sameAs\":[\"https:\/\/www.facebook.com\/EstrategiaConcursos\",\"https:\/\/x.com\/EstratConcursos\"],\"url\":\"https:\/\/www.estrategiaconcursos.com.br\/blog\/author\/estrategia2013\/\"}]}<\/script>\n<!-- \/ Yoast SEO Premium plugin. -->","yoast_head_json":{"title":"Gabarito SEDF extraoficial - LEGISLA\u00c7\u00c3O EDUCACIONAL - Monitor","robots":{"index":"index","follow":"follow","max-snippet":"max-snippet:-1","max-image-preview":"max-image-preview:large","max-video-preview":"max-video-preview:-1"},"canonical":"https:\/\/www.estrategiaconcursos.com.br\/blog\/62571-2\/","og_locale":"pt_BR","og_type":"article","og_title":"Gabarito SEDF extraoficial - LEGISLA\u00c7\u00c3O EDUCACIONAL - Monitor","og_description":"Ol&aacute; pessoal, tudo bem? &nbsp; &nbsp;&nbsp;&nbsp;&nbsp;&nbsp;&nbsp;&nbsp; &nbsp; &nbsp;Segue o gabarito extraoficial comentado, j&aacute; fundamentado para fins de recursos ao gabarito preliminar das quest&otilde;es objetivas da prova para Monitor da SEDF. &nbsp; &nbsp;&nbsp;&nbsp;&nbsp;&nbsp;&nbsp;&nbsp;&nbsp;&nbsp;&nbsp;&nbsp; Das 120 quest&otilde;es objetivas, 47 exigiram o conhecimento das normas educacionais, representando expressivos 39,17% da prova objetiva, fato que torna o bom desempenho, [&hellip;]","og_url":"https:\/\/www.estrategiaconcursos.com.br\/blog\/62571-2\/","og_site_name":"Estrat\u00e9gia Concursos","article_author":"https:\/\/www.facebook.com\/EstrategiaConcursos","article_published_time":"2017-01-24T18:24:54+00:00","article_modified_time":"2017-01-26T21:07:08+00:00","author":"Coordena\u00e7\u00e3o","twitter_card":"summary_large_image","twitter_creator":"@EstratConcursos","twitter_site":"@EstratConcursos","twitter_misc":{"Escrito por":"Coordena\u00e7\u00e3o","Est. tempo de leitura":"40 minutos"},"schema":{"@context":"https:\/\/schema.org","@graph":[{"@type":"NewsArticle","@id":"https:\/\/www.estrategiaconcursos.com.br\/blog\/62571-2\/#article","isPartOf":{"@id":"https:\/\/www.estrategiaconcursos.com.br\/blog\/62571-2\/"},"author":{"name":"Coordena\u00e7\u00e3o","@id":"https:\/\/www.estrategiaconcursos.com.br\/blog\/#\/schema\/person\/b4a388c97673c5f483d72185668afa1f"},"headline":"Gabarito SEDF extraoficial &#8211; LEGISLA\u00c7\u00c3O EDUCACIONAL &#8211; Monitor","datePublished":"2017-01-24T18:24:54+00:00","dateModified":"2017-01-26T21:07:08+00:00","mainEntityOfPage":{"@id":"https:\/\/www.estrategiaconcursos.com.br\/blog\/62571-2\/"},"wordCount":8085,"commentCount":0,"publisher":{"@id":"https:\/\/www.estrategiaconcursos.com.br\/blog\/#organization"},"articleSection":["Concursos P\u00fablicos"],"inLanguage":"pt-BR","potentialAction":[{"@type":"CommentAction","name":"Comment","target":["https:\/\/www.estrategiaconcursos.com.br\/blog\/62571-2\/#respond"]}],"copyrightYear":"2017","copyrightHolder":{"@id":"https:\/\/www.estrategiaconcursos.com.br\/blog\/#organization"}},{"@type":"WebPage","@id":"https:\/\/www.estrategiaconcursos.com.br\/blog\/62571-2\/","url":"https:\/\/www.estrategiaconcursos.com.br\/blog\/62571-2\/","name":"Gabarito SEDF extraoficial - LEGISLA\u00c7\u00c3O EDUCACIONAL - Monitor","isPartOf":{"@id":"https:\/\/www.estrategiaconcursos.com.br\/blog\/#website"},"datePublished":"2017-01-24T18:24:54+00:00","dateModified":"2017-01-26T21:07:08+00:00","breadcrumb":{"@id":"https:\/\/www.estrategiaconcursos.com.br\/blog\/62571-2\/#breadcrumb"},"inLanguage":"pt-BR","potentialAction":[{"@type":"ReadAction","target":["https:\/\/www.estrategiaconcursos.com.br\/blog\/62571-2\/"]}]},{"@type":"BreadcrumbList","@id":"https:\/\/www.estrategiaconcursos.com.br\/blog\/62571-2\/#breadcrumb","itemListElement":[{"@type":"ListItem","position":1,"name":"In\u00edcio","item":"https:\/\/www.estrategiaconcursos.com.br\/blog\/"},{"@type":"ListItem","position":2,"name":"Gabarito SEDF extraoficial &#8211; LEGISLA\u00c7\u00c3O EDUCACIONAL &#8211; Monitor"}]},{"@type":"WebSite","@id":"https:\/\/www.estrategiaconcursos.com.br\/blog\/#website","url":"https:\/\/www.estrategiaconcursos.com.br\/blog\/","name":"Estrat\u00e9gia Concursos","description":"O blog da Estrat\u00e9gia Concursos traz not\u00edcias sobre concursos e artigos de professores oferecendo cursos para concursos (pdf + videaulas) no site.","publisher":{"@id":"https:\/\/www.estrategiaconcursos.com.br\/blog\/#organization"},"potentialAction":[{"@type":"SearchAction","target":{"@type":"EntryPoint","urlTemplate":"https:\/\/www.estrategiaconcursos.com.br\/blog\/?s={search_term_string}"},"query-input":{"@type":"PropertyValueSpecification","valueRequired":true,"valueName":"search_term_string"}}],"inLanguage":"pt-BR"},{"@type":"Organization","@id":"https:\/\/www.estrategiaconcursos.com.br\/blog\/#organization","name":"Estrat\u00e9gia Concursos","url":"https:\/\/www.estrategiaconcursos.com.br\/blog\/","logo":{"@type":"ImageObject","inLanguage":"pt-BR","@id":"https:\/\/www.estrategiaconcursos.com.br\/blog\/#\/schema\/logo\/image\/","url":"https:\/\/dhg1h5j42swfq.cloudfront.net\/2025\/06\/03203428\/logo_concursos-1.jpg","contentUrl":"https:\/\/dhg1h5j42swfq.cloudfront.net\/2025\/06\/03203428\/logo_concursos-1.jpg","width":230,"height":60,"caption":"Estrat\u00e9gia Concursos"},"image":{"@id":"https:\/\/www.estrategiaconcursos.com.br\/blog\/#\/schema\/logo\/image\/"},"sameAs":["https:\/\/x.com\/EstratConcursos"]},{"@type":"Person","@id":"https:\/\/www.estrategiaconcursos.com.br\/blog\/#\/schema\/person\/b4a388c97673c5f483d72185668afa1f","name":"Coordena\u00e7\u00e3o","image":{"@type":"ImageObject","inLanguage":"pt-BR","@id":"https:\/\/secure.gravatar.com\/avatar\/b720319e4c9a967eb58678d110f4fe35452fc5d5f97b202bac7b8acceb18c6ad?s=96&d=mm&r=g","url":"https:\/\/secure.gravatar.com\/avatar\/b720319e4c9a967eb58678d110f4fe35452fc5d5f97b202bac7b8acceb18c6ad?s=96&d=mm&r=g","contentUrl":"https:\/\/secure.gravatar.com\/avatar\/b720319e4c9a967eb58678d110f4fe35452fc5d5f97b202bac7b8acceb18c6ad?s=96&d=mm&r=g","caption":"Coordena\u00e7\u00e3o"},"sameAs":["https:\/\/www.facebook.com\/EstrategiaConcursos","https:\/\/x.com\/EstratConcursos"],"url":"https:\/\/www.estrategiaconcursos.com.br\/blog\/author\/estrategia2013\/"}]}},"_links":{"self":[{"href":"https:\/\/www.estrategiaconcursos.com.br\/blog\/wp-json\/wp\/v2\/posts\/62571","targetHints":{"allow":["GET"]}}],"collection":[{"href":"https:\/\/www.estrategiaconcursos.com.br\/blog\/wp-json\/wp\/v2\/posts"}],"about":[{"href":"https:\/\/www.estrategiaconcursos.com.br\/blog\/wp-json\/wp\/v2\/types\/post"}],"author":[{"embeddable":true,"href":"https:\/\/www.estrategiaconcursos.com.br\/blog\/wp-json\/wp\/v2\/users\/1"}],"replies":[{"embeddable":true,"href":"https:\/\/www.estrategiaconcursos.com.br\/blog\/wp-json\/wp\/v2\/comments?post=62571"}],"version-history":[{"count":5,"href":"https:\/\/www.estrategiaconcursos.com.br\/blog\/wp-json\/wp\/v2\/posts\/62571\/revisions"}],"predecessor-version":[{"id":62617,"href":"https:\/\/www.estrategiaconcursos.com.br\/blog\/wp-json\/wp\/v2\/posts\/62571\/revisions\/62617"}],"wp:attachment":[{"href":"https:\/\/www.estrategiaconcursos.com.br\/blog\/wp-json\/wp\/v2\/media?parent=62571"}],"wp:term":[{"taxonomy":"category","embeddable":true,"href":"https:\/\/www.estrategiaconcursos.com.br\/blog\/wp-json\/wp\/v2\/categories?post=62571"},{"taxonomy":"post_tag","embeddable":true,"href":"https:\/\/www.estrategiaconcursos.com.br\/blog\/wp-json\/wp\/v2\/tags?post=62571"},{"taxonomy":"tax_estado","embeddable":true,"href":"https:\/\/www.estrategiaconcursos.com.br\/blog\/wp-json\/wp\/v2\/tax_estado?post=62571"}],"curies":[{"name":"wp","href":"https:\/\/api.w.org\/{rel}","templated":true}]}}