{"id":625660,"date":"2020-12-08T17:04:38","date_gmt":"2020-12-08T20:04:38","guid":{"rendered":"https:\/\/www.estrategiaconcursos.com.br\/blog\/?p=625660"},"modified":"2020-12-09T08:14:23","modified_gmt":"2020-12-09T11:14:23","slug":"camara-de-sao-goncalo-vagas","status":"publish","type":"post","link":"https:\/\/www.estrategiaconcursos.com.br\/blog\/camara-de-sao-goncalo-vagas\/","title":{"rendered":"C\u00e2mara de S\u00e3o Gon\u00e7alo ofertar\u00e1 74 vagas. Confira!"},"content":{"rendered":"\n<p>O <strong>concurso C\u00e2mara de S\u00e3o Gon\u00e7alo<\/strong>, no estado do Rio de Janeiro, que ser\u00e1 organizado pelo Instituto Selecon, ofertar\u00e1 74 vagas. A informa\u00e7\u00e3o foi confirmada no <a href=\"http:\/\/www.cmsg.rj.gov.br\/noticias\/camara-de-sg-fara-concurso-publico-para-o-preenchimento-de-74-vagas\/\" target=\"_blank\" rel=\"noreferrer noopener\">portal da Casa legislativa<\/a>. <\/p>\n\n\n\n<p>Agora, a C\u00e2mara de S\u00e3o Gon\u00e7alo anunciou que 74 vagas ser\u00e3o ofertadas, para 30 cargos, de n\u00edveis fundamental, m\u00e9dio e superior. Confira abaixo: <\/p>\n\n\n\n<h2 class=\"wp-block-heading\">Vagas do concurso C\u00e2mara de S\u00e3o Gon\u00e7alo<\/h2>\n\n\n\n<h3 class=\"wp-block-heading\">N\u00edvel fundamental<\/h3>\n\n\n\n<figure class=\"wp-block-table is-style-stripes\"><table><tbody><tr><td class=\"has-text-align-center\" data-align=\"center\"><strong>Cargo<\/strong><\/td><td class=\"has-text-align-center\" data-align=\"center\"><strong>Remunera\u00e7\u00e3o<\/strong><\/td><td class=\"has-text-align-center\" data-align=\"center\"><strong>Vagas<\/strong><\/td><\/tr><tr><td class=\"has-text-align-center\" data-align=\"center\">Agente de Seguran\u00e7a Legislativo<\/td><td class=\"has-text-align-center\" data-align=\"center\">R$ 1.164,00<\/td><td class=\"has-text-align-center\" data-align=\"center\">15 vagas + CR<\/td><\/tr><\/tbody><\/table><\/figure>\n\n\n\n<h3 class=\"wp-block-heading\">N\u00edvel m\u00e9dio<\/h3>\n\n\n\n<figure class=\"wp-block-table is-style-stripes\"><table><tbody><tr><td class=\"has-text-align-center\" data-align=\"center\"><strong>Cargo<\/strong><\/td><td class=\"has-text-align-center\" data-align=\"center\"><strong>Remunera\u00e7\u00e3o<\/strong><\/td><td class=\"has-text-align-center\" data-align=\"center\"><strong>Vagas<\/strong><\/td><\/tr><tr><td class=\"has-text-align-center\" data-align=\"center\">Assistente T\u00e9cnico Legislativo<\/td><td class=\"has-text-align-center\" data-align=\"center\">R$ 1.569,24<\/td><td class=\"has-text-align-center\" data-align=\"center\">5 vagas + CR<\/td><\/tr><tr><td class=\"has-text-align-center\" data-align=\"center\">Assistente T\u00e9cnico Legislativo \u2013 \u00c1rea: Fotografia<\/td><td class=\"has-text-align-center\" data-align=\"center\">R$ 1.569,24<\/td><td class=\"has-text-align-center\" data-align=\"center\">2 vagas + CR<\/td><\/tr><tr><td class=\"has-text-align-center\" data-align=\"center\">Assistente T\u00e9cnico Legislativo \u2013 \u00c1rea: Inspetor de Seguran\u00e7a<\/td><td class=\"has-text-align-center\" data-align=\"center\">R$ 1.569,24<\/td><td class=\"has-text-align-center\" data-align=\"center\">6 vagas + CR<\/td><\/tr><tr><td class=\"has-text-align-center\" data-align=\"center\">Assistente T\u00e9cnico Legislativo \u2013 \u00c1rea: Sonoriza\u00e7\u00e3o<\/td><td class=\"has-text-align-center\" data-align=\"center\">R$ 1.569,24<\/td><td class=\"has-text-align-center\" data-align=\"center\">2 vagas + CR<\/td><\/tr><tr><td class=\"has-text-align-center\" data-align=\"center\">Assistente T\u00e9cnico Legislativo \u2013 \u00c1rea: Web Designer<\/td><td class=\"has-text-align-center\" data-align=\"center\">R$ 1.569,24<\/td><td class=\"has-text-align-center\" data-align=\"center\">2 vagas + CR<\/td><\/tr><tr><td class=\"has-text-align-center\" data-align=\"center\">Assistente Legislativo<\/td><td class=\"has-text-align-center\" data-align=\"center\">R$ 1.569,24<\/td><td class=\"has-text-align-center\" data-align=\"center\">5 vagas + CR<\/td><\/tr><\/tbody><\/table><\/figure>\n\n\n\n<h3 class=\"wp-block-heading\">N\u00edvel superior<\/h3>\n\n\n\n<figure class=\"wp-block-table is-style-stripes\"><table><tbody><tr><td class=\"has-text-align-center\" data-align=\"center\"><strong>Cargo<\/strong><\/td><td class=\"has-text-align-center\" data-align=\"center\"><strong>Remunera\u00e7\u00e3o<\/strong><\/td><td class=\"has-text-align-center\" data-align=\"center\"><strong>Vagas<\/strong><\/td><\/tr><tr><td class=\"has-text-align-center\" data-align=\"center\">Analista Legislativo \u2013 Especialidade: Administra\u00e7\u00e3o \u2013 An\u00e1lise Organizacional e Gest\u00e3o P\u00fablica<\/td><td class=\"has-text-align-center\" data-align=\"center\">R$ 2.197,00<\/td><td class=\"has-text-align-center\" data-align=\"center\">2 vagas + CR<\/td><\/tr><tr><td class=\"has-text-align-center\" data-align=\"center\">Analista Legislativo \u2013 Especialidade: Arquiteto<\/td><td class=\"has-text-align-center\" data-align=\"center\">R$ 2.197,00<\/td><td class=\"has-text-align-center\" data-align=\"center\">1 vaga + CR<\/td><\/tr><tr><td class=\"has-text-align-center\" data-align=\"center\">Analista Legislativo \u2013 Especialidade: Arquivologia<\/td><td class=\"has-text-align-center\" data-align=\"center\">R$ 2.197,00<\/td><td class=\"has-text-align-center\" data-align=\"center\">1 vaga + CR<\/td><\/tr><tr><td class=\"has-text-align-center\" data-align=\"center\">Analista Legislativo \u2013 Especialidade: Auditor Interno<\/td><td class=\"has-text-align-center\" data-align=\"center\">R$ 2.197,00<\/td><td class=\"has-text-align-center\" data-align=\"center\">3 vagas + CR<\/td><\/tr><tr><td class=\"has-text-align-center\" data-align=\"center\">Analista Legislativo \u2013 Especialidade: Biblioteconomia<\/td><td class=\"has-text-align-center\" data-align=\"center\">R$ 2.197,00<\/td><td class=\"has-text-align-center\" data-align=\"center\">1 vaga + CR<\/td><\/tr><tr><td class=\"has-text-align-center\" data-align=\"center\">Analista Legislativo \u2013 Especialidade: Contabilidade<\/td><td class=\"has-text-align-center\" data-align=\"center\">R$ 2.197,00<\/td><td class=\"has-text-align-center\" data-align=\"center\">&nbsp;2 vagas + CR<\/td><\/tr><tr><td class=\"has-text-align-center\" data-align=\"center\">Analista Legislativo \u2013 Especialidade: Direito<\/td><td class=\"has-text-align-center\" data-align=\"center\">R$ 2.197,00<\/td><td class=\"has-text-align-center\" data-align=\"center\">2 vagas + CR<\/td><\/tr><tr><td class=\"has-text-align-center\" data-align=\"center\">Analista Legislativo \u2013 Especialidade: Enfermagem<\/td><td class=\"has-text-align-center\" data-align=\"center\">R$ 2.197,00<\/td><td class=\"has-text-align-center\" data-align=\"center\">2 vagas + CR<\/td><\/tr><tr><td class=\"has-text-align-center\" data-align=\"center\">Analista Legislativo \u2013 Especialidade: Engenheiro Civil<\/td><td class=\"has-text-align-center\" data-align=\"center\">R$ 2.197,00<\/td><td class=\"has-text-align-center\" data-align=\"center\">1 vaga + CR<\/td><\/tr><tr><td class=\"has-text-align-center\" data-align=\"center\">Analista Legislativo \u2013 Especialidade: Medicina<\/td><td class=\"has-text-align-center\" data-align=\"center\">R$ 2.197,00<\/td><td class=\"has-text-align-center\" data-align=\"center\">1 vaga + CR<\/td><\/tr><tr><td class=\"has-text-align-center\" data-align=\"center\">Analista Legislativo \u2013 Especialidade: Or\u00e7amento e Finan\u00e7as<\/td><td class=\"has-text-align-center\" data-align=\"center\">R$ 2.197,00<\/td><td class=\"has-text-align-center\" data-align=\"center\">2 vagas + CR<\/td><\/tr><tr><td class=\"has-text-align-center\" data-align=\"center\">Analista Legislativo \u2013 Especialidade: Reda\u00e7\u00e3o e Revis\u00e3o<\/td><td class=\"has-text-align-center\" data-align=\"center\">R$ 2.197,00<\/td><td class=\"has-text-align-center\" data-align=\"center\">2 vagas + CR<\/td><\/tr><tr><td class=\"has-text-align-center\" data-align=\"center\">Analista Legislativo \u2013 Especialidade: Tecnologia da Informa\u00e7\u00e3o \u2013 Administra\u00e7\u00e3o de Servi\u00e7os<\/td><td class=\"has-text-align-center\" data-align=\"center\">R$ 2.197,00<\/td><td class=\"has-text-align-center\" data-align=\"center\">2 vagas + CR<\/td><\/tr><tr><td class=\"has-text-align-center\" data-align=\"center\">Consultor Legislativo<\/td><td class=\"has-text-align-center\" data-align=\"center\">R$ 2.197,00<\/td><td class=\"has-text-align-center\" data-align=\"center\">5 vagas + CR<\/td><\/tr><tr><td class=\"has-text-align-center\" data-align=\"center\">Consultor Legislativo \u2013\u00c1rea: Ci\u00eancia, Tecnologia, Comunica\u00e7\u00e3o e Informa\u00e7\u00e3o<\/td><td class=\"has-text-align-center\" data-align=\"center\">R$ 2.197,00<\/td><td class=\"has-text-align-center\" data-align=\"center\">2 vagas + CR<\/td><\/tr><tr><td class=\"has-text-align-center\" data-align=\"center\">Consultor Legislativo \u2013\u00c1rea: Direito<\/td><td class=\"has-text-align-center\" data-align=\"center\">R$ 2.197,00<\/td><td class=\"has-text-align-center\" data-align=\"center\">2 vagas + CR<\/td><\/tr><tr><td class=\"has-text-align-center\" data-align=\"center\">Consultor Legislativo \u2013 \u00c1rea: Educa\u00e7\u00e3o e Cultura<\/td><td class=\"has-text-align-center\" data-align=\"center\">R$ 2.197,00<\/td><td class=\"has-text-align-center\" data-align=\"center\">1 vaga + CR<\/td><\/tr><tr><td class=\"has-text-align-center\" data-align=\"center\">Consultor Legislativo \u2013\u00c1rea: Finan\u00e7as e Or\u00e7amento<\/td><td class=\"has-text-align-center\" data-align=\"center\">R$ 2.197,00<\/td><td class=\"has-text-align-center\" data-align=\"center\">1 vaga + CR<\/td><\/tr><tr><td class=\"has-text-align-center\" data-align=\"center\">Consultor Legislativo \u2013 \u00c1rea: Ind\u00fastria, Com\u00e9rcio e Turismo<\/td><td class=\"has-text-align-center\" data-align=\"center\">R$ 2.197,00<\/td><td class=\"has-text-align-center\" data-align=\"center\">1 vaga + CR<\/td><\/tr><tr><td class=\"has-text-align-center\" data-align=\"center\">Consultor Legislativo \u2013 \u00c1rea: Meio Ambiente<\/td><td class=\"has-text-align-center\" data-align=\"center\">R$ 2.197,00<\/td><td class=\"has-text-align-center\" data-align=\"center\">1 vaga + CR<\/td><\/tr><tr><td class=\"has-text-align-center\" data-align=\"center\">Consultor Legislativo \u2013 \u00c1rea: Obras p\u00fablicas, Infraestrutura e Urbanismo<\/td><td class=\"has-text-align-center\" data-align=\"center\">R$2.197,00<\/td><td class=\"has-text-align-center\" data-align=\"center\">1 vaga + CR<\/td><\/tr><tr><td class=\"has-text-align-center\" data-align=\"center\">Consultor Legislativo \u2013 \u00c1rea: Sa\u00fade P\u00fablica e Bem-Estar Social<\/td><td class=\"has-text-align-center\" data-align=\"center\">R$ 2.197,00<\/td><td class=\"has-text-align-center\" data-align=\"center\">CR<\/td><\/tr><tr><td class=\"has-text-align-center\" data-align=\"center\">Analista Legislativo<\/td><td class=\"has-text-align-center\" data-align=\"center\">R$ 2.197,00<\/td><td class=\"has-text-align-center\" data-align=\"center\">CR<\/td><\/tr><\/tbody><\/table><\/figure>\n\n\n\n<h2 class=\"has-text-align-center wp-block-heading\" id=\"cursos\">Quer estudar para o Concurso&nbsp;C\u00e2mara de S\u00e3o Gon\u00e7alo?<\/h2>\n\n\n\n<div class=\"container\" id=\"boxes\">\n  <div class=\"row\">\n\n    <div class=\"col-sm\">\n      <div class=\"banner-estrategia\" id=\"box-assinatura\">\n        <h3 class=\"titulo-assinatura\">Cursos C\u00e2mara de S\u00e3o Gon\u00e7alo<\/h3>\n        <p class=\"subtitulo-assinatura\">Conhe\u00e7a os cursos<\/p>\n        <div class=\"box-botao\">\n          <a class=\"btn-assinatura\" target=\"_blank\" href=\"https:\/\/www.estrategiaconcursos.com.br\/cursosPorConcurso\/\" role=\"button\" rel=\"noopener noreferrer\">Conhe\u00e7a mais<\/a>\n        <\/div>\n      <\/div>\n      <p class=\"texto-auxiliar\">Prepare-se com o melhor material e com quem mais aprova em Concursos P\u00fablicos em todo o pa\u00eds.<\/p>\n    <\/div>\n\n  <\/div>\n<\/div>\n\n\n\n<div class=\"container\" id=\"boxes\">\n  <div class=\"row\">\n\n    <div class=\"col-sm\">\n      <div class=\"estrategia\" id=\"box-assinatura\">\n        <h3 class=\"titulo-assinatura\">Assinatura Ilimitada<\/h3>\n        <p class=\"subtitulo-assinatura\">Assinatura Anual Ilimitada*<\/p>\n        <div class=\"box-botao\">\n          <a class=\"btn-assinatura\" target=\"_blank\" href=\"https:\/\/www.estrategiaconcursos.com.br\/assinaturas\/\" role=\"button\" rel=\"noopener noreferrer\">ASSINE AGORA<\/a>\n        <\/div>\n      <\/div>\n      <p class=\"texto-auxiliar\">Prepare-se com o melhor material e com quem mais aprova em Concursos P\u00fablicos em todo o pa\u00eds. Assine agora a nossa Assinatura Anual e tenha acesso ilimitado* a todos os nossos cursos.<\/p>\n    <\/div>\n\n    <div class=\"col-sm\">\n      <div class=\"questoes\" id=\"box-assinatura\">\n        <h3 class=\"titulo-assinatura\">Sistema de Quest\u00f5es<\/h3>\n        <p class=\"subtitulo-assinatura\">Assinatura Ilimitada*\n<\/p>\n        <div class=\"box-botao\">\n          <a class=\"btn-assinatura\" target=\"_blank\" href=\"https:\/\/questoes.estrategiaconcursos.com.br\/\" role=\"button\" rel=\"noopener noreferrer\">ASSINE AGORA<\/a>\n        <\/div>\n      <\/div>\n      <p class=\"texto-auxiliar\">Estrat\u00e9gia Quest\u00f5es nasceu maior do que todos os concorrentes, com mais quest\u00f5es cadastradas e mais solu\u00e7\u00f5es por professores. Clique no link e aproveite os descontos e b\u00f4nus imperd\u00edveis!<\/p>\n    <\/div>\n  <\/div>\n<\/div>\n","protected":false},"excerpt":{"rendered":"<p>O concurso C\u00e2mara de S\u00e3o Gon\u00e7alo, no estado do Rio de Janeiro, que ser\u00e1 organizado pelo Instituto Selecon, ofertar\u00e1 74 vagas. A informa\u00e7\u00e3o foi confirmada no portal da Casa legislativa. Agora, a C\u00e2mara de S\u00e3o Gon\u00e7alo anunciou que 74 vagas ser\u00e3o ofertadas, para 30 cargos, de n\u00edveis fundamental, m\u00e9dio e superior. Confira abaixo: Vagas do [&hellip;]<\/p>\n","protected":false},"author":135,"featured_media":483814,"comment_status":"open","ping_status":"closed","sticky":false,"template":"","format":"standard","meta":{"post_tipo":"news","footnotes":""},"categories":[2017],"tags":[],"tax_estado":[219982],"class_list":["post-625660","post","type-post","status-publish","format-standard","has-post-thumbnail","hentry","category-concursos-legislativos","tax_estado-rj"],"acf":[],"yoast_head":"<!-- This site is optimized with the Yoast SEO Premium plugin v27.2 (Yoast SEO v27.2) - https:\/\/yoast.com\/product\/yoast-seo-premium-wordpress\/ -->\n<title>C\u00e2mara de S\u00e3o Gon\u00e7alo ofertar\u00e1 74 vagas. Confira!<\/title>\n<meta name=\"description\" content=\"concurso C\u00e2mara de S\u00e3o Gon\u00e7alo, no estado do Rio de Janeiro, que ser\u00e1 organizado pelo Instituto Selecon, ofertar\u00e1 74 vagas. Confira!\" \/>\n<meta name=\"robots\" content=\"index, follow, max-snippet:-1, max-image-preview:large, max-video-preview:-1\" \/>\n<link rel=\"canonical\" href=\"https:\/\/www.estrategiaconcursos.com.br\/blog\/camara-de-sao-goncalo-vagas\/\" \/>\n<meta property=\"og:locale\" content=\"pt_BR\" \/>\n<meta property=\"og:type\" content=\"article\" \/>\n<meta property=\"og:title\" content=\"C\u00e2mara de S\u00e3o Gon\u00e7alo ofertar\u00e1 74 vagas. Confira!\" \/>\n<meta property=\"og:description\" content=\"concurso C\u00e2mara de S\u00e3o Gon\u00e7alo, no estado do Rio de Janeiro, que ser\u00e1 organizado pelo Instituto Selecon, ofertar\u00e1 74 vagas. Confira!\" \/>\n<meta property=\"og:url\" content=\"https:\/\/www.estrategiaconcursos.com.br\/blog\/camara-de-sao-goncalo-vagas\/\" \/>\n<meta property=\"og:site_name\" content=\"Estrat\u00e9gia Concursos\" \/>\n<meta property=\"article:published_time\" content=\"2020-12-08T20:04:38+00:00\" \/>\n<meta property=\"article:modified_time\" content=\"2020-12-09T11:14:23+00:00\" \/>\n<meta property=\"og:image\" content=\"https:\/\/dhg1h5j42swfq.cloudfront.net\/2020\/02\/19130145\/images.png\" \/>\n\t<meta property=\"og:image:width\" content=\"211\" \/>\n\t<meta property=\"og:image:height\" content=\"239\" \/>\n\t<meta property=\"og:image:type\" content=\"image\/png\" \/>\n<meta name=\"author\" content=\"Antonio Daud\" \/>\n<meta name=\"twitter:card\" content=\"summary_large_image\" \/>\n<meta name=\"twitter:creator\" content=\"@EstratConcursos\" \/>\n<meta name=\"twitter:site\" content=\"@EstratConcursos\" \/>\n<meta name=\"twitter:label1\" content=\"Escrito por\" \/>\n\t<meta name=\"twitter:data1\" content=\"Antonio Daud\" \/>\n\t<meta name=\"twitter:label2\" content=\"Est. tempo de leitura\" \/>\n\t<meta name=\"twitter:data2\" content=\"2 minutos\" \/>\n<script type=\"application\/ld+json\" class=\"yoast-schema-graph\">{\"@context\":\"https:\/\/schema.org\",\"@graph\":[{\"@type\":\"NewsArticle\",\"@id\":\"https:\/\/www.estrategiaconcursos.com.br\/blog\/camara-de-sao-goncalo-vagas\/#article\",\"isPartOf\":{\"@id\":\"https:\/\/www.estrategiaconcursos.com.br\/blog\/camara-de-sao-goncalo-vagas\/\"},\"author\":{\"name\":\"Antonio Daud\",\"@id\":\"https:\/\/www.estrategiaconcursos.com.br\/blog\/#\/schema\/person\/90692507130b147bb9128fc093141dad\"},\"headline\":\"C\u00e2mara de S\u00e3o Gon\u00e7alo ofertar\u00e1 74 vagas. Confira!\",\"datePublished\":\"2020-12-08T20:04:38+00:00\",\"dateModified\":\"2020-12-09T11:14:23+00:00\",\"mainEntityOfPage\":{\"@id\":\"https:\/\/www.estrategiaconcursos.com.br\/blog\/camara-de-sao-goncalo-vagas\/\"},\"wordCount\":507,\"commentCount\":0,\"publisher\":{\"@id\":\"https:\/\/www.estrategiaconcursos.com.br\/blog\/#organization\"},\"image\":{\"@id\":\"https:\/\/www.estrategiaconcursos.com.br\/blog\/camara-de-sao-goncalo-vagas\/#primaryimage\"},\"thumbnailUrl\":\"https:\/\/dhg1h5j42swfq.cloudfront.net\/2020\/02\/19130145\/images.png\",\"articleSection\":[\"Legislativo\"],\"inLanguage\":\"pt-BR\",\"potentialAction\":[{\"@type\":\"CommentAction\",\"name\":\"Comment\",\"target\":[\"https:\/\/www.estrategiaconcursos.com.br\/blog\/camara-de-sao-goncalo-vagas\/#respond\"]}],\"copyrightYear\":\"2020\",\"copyrightHolder\":{\"@id\":\"https:\/\/www.estrategiaconcursos.com.br\/blog\/#organization\"}},{\"@type\":\"WebPage\",\"@id\":\"https:\/\/www.estrategiaconcursos.com.br\/blog\/camara-de-sao-goncalo-vagas\/\",\"url\":\"https:\/\/www.estrategiaconcursos.com.br\/blog\/camara-de-sao-goncalo-vagas\/\",\"name\":\"C\u00e2mara de S\u00e3o Gon\u00e7alo ofertar\u00e1 74 vagas. Confira!\",\"isPartOf\":{\"@id\":\"https:\/\/www.estrategiaconcursos.com.br\/blog\/#website\"},\"primaryImageOfPage\":{\"@id\":\"https:\/\/www.estrategiaconcursos.com.br\/blog\/camara-de-sao-goncalo-vagas\/#primaryimage\"},\"image\":{\"@id\":\"https:\/\/www.estrategiaconcursos.com.br\/blog\/camara-de-sao-goncalo-vagas\/#primaryimage\"},\"thumbnailUrl\":\"https:\/\/dhg1h5j42swfq.cloudfront.net\/2020\/02\/19130145\/images.png\",\"datePublished\":\"2020-12-08T20:04:38+00:00\",\"dateModified\":\"2020-12-09T11:14:23+00:00\",\"description\":\"concurso C\u00e2mara de S\u00e3o Gon\u00e7alo, no estado do Rio de Janeiro, que ser\u00e1 organizado pelo Instituto Selecon, ofertar\u00e1 74 vagas. Confira!\",\"breadcrumb\":{\"@id\":\"https:\/\/www.estrategiaconcursos.com.br\/blog\/camara-de-sao-goncalo-vagas\/#breadcrumb\"},\"inLanguage\":\"pt-BR\",\"potentialAction\":[{\"@type\":\"ReadAction\",\"target\":[\"https:\/\/www.estrategiaconcursos.com.br\/blog\/camara-de-sao-goncalo-vagas\/\"]}]},{\"@type\":\"ImageObject\",\"inLanguage\":\"pt-BR\",\"@id\":\"https:\/\/www.estrategiaconcursos.com.br\/blog\/camara-de-sao-goncalo-vagas\/#primaryimage\",\"url\":\"https:\/\/dhg1h5j42swfq.cloudfront.net\/2020\/02\/19130145\/images.png\",\"contentUrl\":\"https:\/\/dhg1h5j42swfq.cloudfront.net\/2020\/02\/19130145\/images.png\",\"width\":211,\"height\":239},{\"@type\":\"BreadcrumbList\",\"@id\":\"https:\/\/www.estrategiaconcursos.com.br\/blog\/camara-de-sao-goncalo-vagas\/#breadcrumb\",\"itemListElement\":[{\"@type\":\"ListItem\",\"position\":1,\"name\":\"In\u00edcio\",\"item\":\"https:\/\/www.estrategiaconcursos.com.br\/blog\/\"},{\"@type\":\"ListItem\",\"position\":2,\"name\":\"C\u00e2mara de S\u00e3o Gon\u00e7alo ofertar\u00e1 74 vagas. Confira!\"}]},{\"@type\":\"WebSite\",\"@id\":\"https:\/\/www.estrategiaconcursos.com.br\/blog\/#website\",\"url\":\"https:\/\/www.estrategiaconcursos.com.br\/blog\/\",\"name\":\"Estrat\u00e9gia Concursos\",\"description\":\"O blog da Estrat\u00e9gia Concursos traz not\u00edcias sobre concursos e artigos de professores oferecendo cursos para concursos (pdf + videaulas) no site.\",\"publisher\":{\"@id\":\"https:\/\/www.estrategiaconcursos.com.br\/blog\/#organization\"},\"potentialAction\":[{\"@type\":\"SearchAction\",\"target\":{\"@type\":\"EntryPoint\",\"urlTemplate\":\"https:\/\/www.estrategiaconcursos.com.br\/blog\/?s={search_term_string}\"},\"query-input\":{\"@type\":\"PropertyValueSpecification\",\"valueRequired\":true,\"valueName\":\"search_term_string\"}}],\"inLanguage\":\"pt-BR\"},{\"@type\":\"Organization\",\"@id\":\"https:\/\/www.estrategiaconcursos.com.br\/blog\/#organization\",\"name\":\"Estrat\u00e9gia Concursos\",\"url\":\"https:\/\/www.estrategiaconcursos.com.br\/blog\/\",\"logo\":{\"@type\":\"ImageObject\",\"inLanguage\":\"pt-BR\",\"@id\":\"https:\/\/www.estrategiaconcursos.com.br\/blog\/#\/schema\/logo\/image\/\",\"url\":\"https:\/\/dhg1h5j42swfq.cloudfront.net\/2025\/06\/03203428\/logo_concursos-1.jpg\",\"contentUrl\":\"https:\/\/dhg1h5j42swfq.cloudfront.net\/2025\/06\/03203428\/logo_concursos-1.jpg\",\"width\":230,\"height\":60,\"caption\":\"Estrat\u00e9gia Concursos\"},\"image\":{\"@id\":\"https:\/\/www.estrategiaconcursos.com.br\/blog\/#\/schema\/logo\/image\/\"},\"sameAs\":[\"https:\/\/x.com\/EstratConcursos\"]},{\"@type\":\"Person\",\"@id\":\"https:\/\/www.estrategiaconcursos.com.br\/blog\/#\/schema\/person\/90692507130b147bb9128fc093141dad\",\"name\":\"Antonio Daud\",\"image\":{\"@type\":\"ImageObject\",\"inLanguage\":\"pt-BR\",\"@id\":\"https:\/\/secure.gravatar.com\/avatar\/9a6539d0d807c3d7c2aaa709166f9aa9824103126593f30916973bcaedf16896?s=96&d=mm&r=g\",\"url\":\"https:\/\/secure.gravatar.com\/avatar\/9a6539d0d807c3d7c2aaa709166f9aa9824103126593f30916973bcaedf16896?s=96&d=mm&r=g\",\"contentUrl\":\"https:\/\/secure.gravatar.com\/avatar\/9a6539d0d807c3d7c2aaa709166f9aa9824103126593f30916973bcaedf16896?s=96&d=mm&r=g\",\"caption\":\"Antonio Daud\"},\"description\":\"Antonio Daud J\u00fanior \u00e9 bacharel em Engenharia El\u00e9trica e em Direito. Foi Analista de Finan\u00e7as e Controle da Controladoria-Geral da Uni\u00e3o\/Presid\u00eancia da Rep\u00fablica (CGU\/PR), aprovado no concurso de 2008. Atualmente \u00e9 Auditor Federal de Controle Externo (AUFC) do Tribunal de Contas da Uni\u00e3o (TCU), aprovado tamb\u00e9m em 2008.\",\"sameAs\":[\"https:\/\/www.instagram.com\/professordaud\/?hl=en\"],\"url\":\"https:\/\/www.estrategiaconcursos.com.br\/blog\/author\/antoniodaudestrategiaconcursos-com-br\/\"}]}<\/script>\n<!-- \/ Yoast SEO Premium plugin. -->","yoast_head_json":{"title":"C\u00e2mara de S\u00e3o Gon\u00e7alo ofertar\u00e1 74 vagas. Confira!","description":"concurso C\u00e2mara de S\u00e3o Gon\u00e7alo, no estado do Rio de Janeiro, que ser\u00e1 organizado pelo Instituto Selecon, ofertar\u00e1 74 vagas. Confira!","robots":{"index":"index","follow":"follow","max-snippet":"max-snippet:-1","max-image-preview":"max-image-preview:large","max-video-preview":"max-video-preview:-1"},"canonical":"https:\/\/www.estrategiaconcursos.com.br\/blog\/camara-de-sao-goncalo-vagas\/","og_locale":"pt_BR","og_type":"article","og_title":"C\u00e2mara de S\u00e3o Gon\u00e7alo ofertar\u00e1 74 vagas. Confira!","og_description":"concurso C\u00e2mara de S\u00e3o Gon\u00e7alo, no estado do Rio de Janeiro, que ser\u00e1 organizado pelo Instituto Selecon, ofertar\u00e1 74 vagas. Confira!","og_url":"https:\/\/www.estrategiaconcursos.com.br\/blog\/camara-de-sao-goncalo-vagas\/","og_site_name":"Estrat\u00e9gia Concursos","article_published_time":"2020-12-08T20:04:38+00:00","article_modified_time":"2020-12-09T11:14:23+00:00","og_image":[{"width":211,"height":239,"url":"https:\/\/dhg1h5j42swfq.cloudfront.net\/2020\/02\/19130145\/images.png","type":"image\/png"}],"author":"Antonio Daud","twitter_card":"summary_large_image","twitter_creator":"@EstratConcursos","twitter_site":"@EstratConcursos","twitter_misc":{"Escrito por":"Antonio Daud","Est. tempo de leitura":"2 minutos"},"schema":{"@context":"https:\/\/schema.org","@graph":[{"@type":"NewsArticle","@id":"https:\/\/www.estrategiaconcursos.com.br\/blog\/camara-de-sao-goncalo-vagas\/#article","isPartOf":{"@id":"https:\/\/www.estrategiaconcursos.com.br\/blog\/camara-de-sao-goncalo-vagas\/"},"author":{"name":"Antonio Daud","@id":"https:\/\/www.estrategiaconcursos.com.br\/blog\/#\/schema\/person\/90692507130b147bb9128fc093141dad"},"headline":"C\u00e2mara de S\u00e3o Gon\u00e7alo ofertar\u00e1 74 vagas. Confira!","datePublished":"2020-12-08T20:04:38+00:00","dateModified":"2020-12-09T11:14:23+00:00","mainEntityOfPage":{"@id":"https:\/\/www.estrategiaconcursos.com.br\/blog\/camara-de-sao-goncalo-vagas\/"},"wordCount":507,"commentCount":0,"publisher":{"@id":"https:\/\/www.estrategiaconcursos.com.br\/blog\/#organization"},"image":{"@id":"https:\/\/www.estrategiaconcursos.com.br\/blog\/camara-de-sao-goncalo-vagas\/#primaryimage"},"thumbnailUrl":"https:\/\/dhg1h5j42swfq.cloudfront.net\/2020\/02\/19130145\/images.png","articleSection":["Legislativo"],"inLanguage":"pt-BR","potentialAction":[{"@type":"CommentAction","name":"Comment","target":["https:\/\/www.estrategiaconcursos.com.br\/blog\/camara-de-sao-goncalo-vagas\/#respond"]}],"copyrightYear":"2020","copyrightHolder":{"@id":"https:\/\/www.estrategiaconcursos.com.br\/blog\/#organization"}},{"@type":"WebPage","@id":"https:\/\/www.estrategiaconcursos.com.br\/blog\/camara-de-sao-goncalo-vagas\/","url":"https:\/\/www.estrategiaconcursos.com.br\/blog\/camara-de-sao-goncalo-vagas\/","name":"C\u00e2mara de S\u00e3o Gon\u00e7alo ofertar\u00e1 74 vagas. Confira!","isPartOf":{"@id":"https:\/\/www.estrategiaconcursos.com.br\/blog\/#website"},"primaryImageOfPage":{"@id":"https:\/\/www.estrategiaconcursos.com.br\/blog\/camara-de-sao-goncalo-vagas\/#primaryimage"},"image":{"@id":"https:\/\/www.estrategiaconcursos.com.br\/blog\/camara-de-sao-goncalo-vagas\/#primaryimage"},"thumbnailUrl":"https:\/\/dhg1h5j42swfq.cloudfront.net\/2020\/02\/19130145\/images.png","datePublished":"2020-12-08T20:04:38+00:00","dateModified":"2020-12-09T11:14:23+00:00","description":"concurso C\u00e2mara de S\u00e3o Gon\u00e7alo, no estado do Rio de Janeiro, que ser\u00e1 organizado pelo Instituto Selecon, ofertar\u00e1 74 vagas. Confira!","breadcrumb":{"@id":"https:\/\/www.estrategiaconcursos.com.br\/blog\/camara-de-sao-goncalo-vagas\/#breadcrumb"},"inLanguage":"pt-BR","potentialAction":[{"@type":"ReadAction","target":["https:\/\/www.estrategiaconcursos.com.br\/blog\/camara-de-sao-goncalo-vagas\/"]}]},{"@type":"ImageObject","inLanguage":"pt-BR","@id":"https:\/\/www.estrategiaconcursos.com.br\/blog\/camara-de-sao-goncalo-vagas\/#primaryimage","url":"https:\/\/dhg1h5j42swfq.cloudfront.net\/2020\/02\/19130145\/images.png","contentUrl":"https:\/\/dhg1h5j42swfq.cloudfront.net\/2020\/02\/19130145\/images.png","width":211,"height":239},{"@type":"BreadcrumbList","@id":"https:\/\/www.estrategiaconcursos.com.br\/blog\/camara-de-sao-goncalo-vagas\/#breadcrumb","itemListElement":[{"@type":"ListItem","position":1,"name":"In\u00edcio","item":"https:\/\/www.estrategiaconcursos.com.br\/blog\/"},{"@type":"ListItem","position":2,"name":"C\u00e2mara de S\u00e3o Gon\u00e7alo ofertar\u00e1 74 vagas. Confira!"}]},{"@type":"WebSite","@id":"https:\/\/www.estrategiaconcursos.com.br\/blog\/#website","url":"https:\/\/www.estrategiaconcursos.com.br\/blog\/","name":"Estrat\u00e9gia Concursos","description":"O blog da Estrat\u00e9gia Concursos traz not\u00edcias sobre concursos e artigos de professores oferecendo cursos para concursos (pdf + videaulas) no site.","publisher":{"@id":"https:\/\/www.estrategiaconcursos.com.br\/blog\/#organization"},"potentialAction":[{"@type":"SearchAction","target":{"@type":"EntryPoint","urlTemplate":"https:\/\/www.estrategiaconcursos.com.br\/blog\/?s={search_term_string}"},"query-input":{"@type":"PropertyValueSpecification","valueRequired":true,"valueName":"search_term_string"}}],"inLanguage":"pt-BR"},{"@type":"Organization","@id":"https:\/\/www.estrategiaconcursos.com.br\/blog\/#organization","name":"Estrat\u00e9gia Concursos","url":"https:\/\/www.estrategiaconcursos.com.br\/blog\/","logo":{"@type":"ImageObject","inLanguage":"pt-BR","@id":"https:\/\/www.estrategiaconcursos.com.br\/blog\/#\/schema\/logo\/image\/","url":"https:\/\/dhg1h5j42swfq.cloudfront.net\/2025\/06\/03203428\/logo_concursos-1.jpg","contentUrl":"https:\/\/dhg1h5j42swfq.cloudfront.net\/2025\/06\/03203428\/logo_concursos-1.jpg","width":230,"height":60,"caption":"Estrat\u00e9gia Concursos"},"image":{"@id":"https:\/\/www.estrategiaconcursos.com.br\/blog\/#\/schema\/logo\/image\/"},"sameAs":["https:\/\/x.com\/EstratConcursos"]},{"@type":"Person","@id":"https:\/\/www.estrategiaconcursos.com.br\/blog\/#\/schema\/person\/90692507130b147bb9128fc093141dad","name":"Antonio Daud","image":{"@type":"ImageObject","inLanguage":"pt-BR","@id":"https:\/\/secure.gravatar.com\/avatar\/9a6539d0d807c3d7c2aaa709166f9aa9824103126593f30916973bcaedf16896?s=96&d=mm&r=g","url":"https:\/\/secure.gravatar.com\/avatar\/9a6539d0d807c3d7c2aaa709166f9aa9824103126593f30916973bcaedf16896?s=96&d=mm&r=g","contentUrl":"https:\/\/secure.gravatar.com\/avatar\/9a6539d0d807c3d7c2aaa709166f9aa9824103126593f30916973bcaedf16896?s=96&d=mm&r=g","caption":"Antonio Daud"},"description":"Antonio Daud J\u00fanior \u00e9 bacharel em Engenharia El\u00e9trica e em Direito. Foi Analista de Finan\u00e7as e Controle da Controladoria-Geral da Uni\u00e3o\/Presid\u00eancia da Rep\u00fablica (CGU\/PR), aprovado no concurso de 2008. Atualmente \u00e9 Auditor Federal de Controle Externo (AUFC) do Tribunal de Contas da Uni\u00e3o (TCU), aprovado tamb\u00e9m em 2008.","sameAs":["https:\/\/www.instagram.com\/professordaud\/?hl=en"],"url":"https:\/\/www.estrategiaconcursos.com.br\/blog\/author\/antoniodaudestrategiaconcursos-com-br\/"}]}},"_links":{"self":[{"href":"https:\/\/www.estrategiaconcursos.com.br\/blog\/wp-json\/wp\/v2\/posts\/625660","targetHints":{"allow":["GET"]}}],"collection":[{"href":"https:\/\/www.estrategiaconcursos.com.br\/blog\/wp-json\/wp\/v2\/posts"}],"about":[{"href":"https:\/\/www.estrategiaconcursos.com.br\/blog\/wp-json\/wp\/v2\/types\/post"}],"author":[{"embeddable":true,"href":"https:\/\/www.estrategiaconcursos.com.br\/blog\/wp-json\/wp\/v2\/users\/135"}],"replies":[{"embeddable":true,"href":"https:\/\/www.estrategiaconcursos.com.br\/blog\/wp-json\/wp\/v2\/comments?post=625660"}],"version-history":[{"count":4,"href":"https:\/\/www.estrategiaconcursos.com.br\/blog\/wp-json\/wp\/v2\/posts\/625660\/revisions"}],"predecessor-version":[{"id":625740,"href":"https:\/\/www.estrategiaconcursos.com.br\/blog\/wp-json\/wp\/v2\/posts\/625660\/revisions\/625740"}],"wp:featuredmedia":[{"embeddable":true,"href":"https:\/\/www.estrategiaconcursos.com.br\/blog\/wp-json\/wp\/v2\/media\/483814"}],"wp:attachment":[{"href":"https:\/\/www.estrategiaconcursos.com.br\/blog\/wp-json\/wp\/v2\/media?parent=625660"}],"wp:term":[{"taxonomy":"category","embeddable":true,"href":"https:\/\/www.estrategiaconcursos.com.br\/blog\/wp-json\/wp\/v2\/categories?post=625660"},{"taxonomy":"post_tag","embeddable":true,"href":"https:\/\/www.estrategiaconcursos.com.br\/blog\/wp-json\/wp\/v2\/tags?post=625660"},{"taxonomy":"tax_estado","embeddable":true,"href":"https:\/\/www.estrategiaconcursos.com.br\/blog\/wp-json\/wp\/v2\/tax_estado?post=625660"}],"curies":[{"name":"wp","href":"https:\/\/api.w.org\/{rel}","templated":true}]}}