{"id":624911,"date":"2020-12-08T10:53:12","date_gmt":"2020-12-08T13:53:12","guid":{"rendered":"https:\/\/www.estrategiaconcursos.com.br\/blog\/?p=624911"},"modified":"2023-07-07T11:15:06","modified_gmt":"2023-07-07T14:15:06","slug":"seguranca-publica-ales","status":"publish","type":"post","link":"https:\/\/www.estrategiaconcursos.com.br\/blog\/seguranca-publica-ales\/","title":{"rendered":"Seguran\u00e7a P\u00fablica \u00e9 tema em sess\u00e3o plen\u00e1ria da ALES"},"content":{"rendered":"\n<p>Em sess\u00e3o plen\u00e1ria da Assembleia Legislativa do Esp\u00edrito (ALES) realizada na \u00faltima segunda-feira, 07 de dezembro de 2020, que contou com a presen\u00e7a do governador do estado, Renato Casagrande, deputados questionaram os investimentos em concursos na \u00e1rea de seguran\u00e7a p\u00fablica.<\/p>\n\n\n\n<p>Dentre as diversas indaga\u00e7\u00f5es, os parlamentares cobraram a recomposi\u00e7\u00e3o dos efetivos das Pol\u00edcias Militar (PM ES) e Civil (PC ES) e do Corpo de Bombeiro Militar do Esp\u00edrito Santo (CBM ES), al\u00e9m da reforma e constru\u00e7\u00e3o de mais companhias, batalh\u00f5es e delegacias.<\/p>\n\n\n\n<p>Casagrande, por sua vez, ressaltou a import\u00e2ncia da expans\u00e3o e de melhorias nas unidades policiais e afirmou que priorizar\u00e1 a recupera\u00e7\u00e3o do efetivo das pol\u00edcias. <\/p>\n\n\n\n<blockquote class=\"wp-block-quote is-layout-flow wp-block-quote-is-layout-flow\">\n<p><strong><em>\u201cEstamos contratando policiais da reserva para fun\u00e7\u00f5es administrativas e liberar os policiais para a rua. N\u00e3o adianta ter batalh\u00e3o e n\u00e3o ter efetivo. Primeiro estou recuperando o efetivo, a ideia \u00e9 fazer concurso todo ano para recuperar aos poucos\u201d, ressaltou. <\/em><\/strong><\/p>\n<\/blockquote>\n\n\n\n<h3 class=\"wp-block-heading\" id=\"h-recomposicao-salarial\">Recomposi\u00e7\u00e3o salarial<\/h3>\n\n\n\n<p>Sobre a quest\u00e3o salarial, outra pauta levantada na ALES, o governador lembrou que o Executivo est\u00e1 impedido de cumprir o acordo por conta da Lei Complementar Federal 173\/2020. <\/p>\n\n\n\n<p>Foram debatidos ainda os temas da viol\u00eancia contra a mulher e as condi\u00e7\u00f5es dos Servi\u00e7os M\u00e9dicos Legais (SMLs). <\/p>\n\n\n\n<p>O Estrat\u00e9gia Concursos continuar\u00e1 a acompanhar os <a href=\"https:\/\/www.al.es.gov.br\/Noticia\/2020\/12\/40277\/deputados-questionam-casagrande-sobre-gestao.html\" target=\"_blank\" rel=\"noreferrer noopener\">debates sobre a seguran\u00e7a p\u00fablica na ALES<\/a> e no Esp\u00edrito Santo e noticiar\u00e1 quaisquer novidades. <\/p>\n\n\n\n<div class=\"container\" id=\"boxes\">\n  <div class=\"row\">\n\n    <div class=\"col-sm\">\n      <div class=\"estrategia\" id=\"box-assinatura\">\n        <h3 class=\"titulo-assinatura\">Assinatura Ilimitada<\/h3>\n        <p class=\"subtitulo-assinatura\">Assinatura Anual Ilimitada*<\/p>\n        <div class=\"box-botao\">\n          <a class=\"btn-assinatura\" target=\"_blank\" href=\"https:\/\/www.estrategiaconcursos.com.br\/assinaturas\/\" role=\"button\" rel=\"noopener noreferrer\">ASSINE AGORA<\/a>\n        <\/div>\n      <\/div>\n      <p class=\"texto-auxiliar\">Prepare-se com o melhor material e com quem mais aprova em Concursos P\u00fablicos em todo o pa\u00eds. Assine agora a nossa Assinatura Anual e tenha acesso ilimitado* a todos os nossos cursos.<\/p>\n    <\/div>\n\n    <div class=\"col-sm\">\n      <div class=\"questoes\" id=\"box-assinatura\">\n        <h3 class=\"titulo-assinatura\">Sistema de Quest\u00f5es<\/h3>\n        <p class=\"subtitulo-assinatura\">Assinatura Ilimitada*\n<\/p>\n        <div class=\"box-botao\">\n          <a class=\"btn-assinatura\" target=\"_blank\" href=\"https:\/\/www.estrategiaconcursos.com.br\/cursosPorConcurso\/sistema-de-questoes\/#\/\" role=\"button\" rel=\"noopener noreferrer\">ASSINE AGORA<\/a>\n        <\/div>\n      <\/div>\n      <p class=\"texto-auxiliar\">Estrat\u00e9gia Quest\u00f5es nasceu maior do que todos os concorrentes, com mais quest\u00f5es cadastradas e mais solu\u00e7\u00f5es por professores. Clique no link e aproveite os descontos e b\u00f4nus imperd\u00edveis!<\/p>\n    <\/div>\n  <\/div>\n<\/div>\n\n\n\n<p>   <\/p>\n","protected":false},"excerpt":{"rendered":"<p>Em sess\u00e3o plen\u00e1ria da Assembleia Legislativa do Esp\u00edrito (ALES) realizada na \u00faltima segunda-feira, 07 de dezembro de 2020, que contou com a presen\u00e7a do governador do estado, Renato Casagrande, deputados questionaram os investimentos em concursos na \u00e1rea de seguran\u00e7a p\u00fablica. Dentre as diversas indaga\u00e7\u00f5es, os parlamentares cobraram a recomposi\u00e7\u00e3o dos efetivos das Pol\u00edcias Militar (PM [&hellip;]<\/p>\n","protected":false},"author":248,"featured_media":508021,"comment_status":"open","ping_status":"closed","sticky":false,"template":"","format":"standard","meta":{"post_tipo":"news","footnotes":""},"categories":[1988],"tags":[],"tax_estado":[219971],"class_list":["post-624911","post","type-post","status-publish","format-standard","has-post-thumbnail","hentry","category-policia","tax_estado-es"],"acf":[],"yoast_head":"<!-- This site is optimized with the Yoast SEO Premium plugin v27.2 (Yoast SEO v27.2) - https:\/\/yoast.com\/product\/yoast-seo-premium-wordpress\/ -->\n<title>Seguran\u00e7a P\u00fablica \u00e9 tema em sess\u00e3o plen\u00e1ria da ALES<\/title>\n<meta name=\"description\" content=\"Em sess\u00e3o plen\u00e1ria ALES, deputados questionaram os investimentos em concursos na \u00e1rea de seguran\u00e7a p\u00fablica. Confira no site!\" \/>\n<meta name=\"robots\" content=\"index, follow, max-snippet:-1, max-image-preview:large, max-video-preview:-1\" \/>\n<link rel=\"canonical\" href=\"https:\/\/www.estrategiaconcursos.com.br\/blog\/seguranca-publica-ales\/\" \/>\n<meta property=\"og:locale\" content=\"pt_BR\" \/>\n<meta property=\"og:type\" content=\"article\" \/>\n<meta property=\"og:title\" content=\"Seguran\u00e7a P\u00fablica \u00e9 tema em sess\u00e3o plen\u00e1ria da ALES\" \/>\n<meta property=\"og:description\" content=\"Em sess\u00e3o plen\u00e1ria ALES, deputados questionaram os investimentos em concursos na \u00e1rea de seguran\u00e7a p\u00fablica. Confira no site!\" \/>\n<meta property=\"og:url\" content=\"https:\/\/www.estrategiaconcursos.com.br\/blog\/seguranca-publica-ales\/\" \/>\n<meta property=\"og:site_name\" content=\"Estrat\u00e9gia Concursos\" \/>\n<meta property=\"article:published_time\" content=\"2020-12-08T13:53:12+00:00\" \/>\n<meta property=\"article:modified_time\" content=\"2023-07-07T14:15:06+00:00\" \/>\n<meta property=\"og:image\" content=\"https:\/\/dhg1h5j42swfq.cloudfront.net\/2020\/04\/28103226\/imagem-destacada.png\" \/>\n\t<meta property=\"og:image:width\" content=\"400\" \/>\n\t<meta property=\"og:image:height\" content=\"184\" \/>\n\t<meta property=\"og:image:type\" content=\"image\/png\" \/>\n<meta name=\"author\" content=\"Marcos Gir\u00e3o\" \/>\n<meta name=\"twitter:card\" content=\"summary_large_image\" \/>\n<meta name=\"twitter:creator\" content=\"@EstratConcursos\" \/>\n<meta name=\"twitter:site\" content=\"@EstratConcursos\" \/>\n<meta name=\"twitter:label1\" content=\"Escrito por\" \/>\n\t<meta name=\"twitter:data1\" content=\"Marcos Gir\u00e3o\" \/>\n\t<meta name=\"twitter:label2\" content=\"Est. tempo de leitura\" \/>\n\t<meta name=\"twitter:data2\" content=\"2 minutos\" \/>\n<script type=\"application\/ld+json\" class=\"yoast-schema-graph\">{\"@context\":\"https:\/\/schema.org\",\"@graph\":[{\"@type\":\"NewsArticle\",\"@id\":\"https:\/\/www.estrategiaconcursos.com.br\/blog\/seguranca-publica-ales\/#article\",\"isPartOf\":{\"@id\":\"https:\/\/www.estrategiaconcursos.com.br\/blog\/seguranca-publica-ales\/\"},\"author\":{\"name\":\"Marcos Gir\u00e3o\",\"@id\":\"https:\/\/www.estrategiaconcursos.com.br\/blog\/#\/schema\/person\/6be195b7a02a8ca214472b848686bb37\"},\"headline\":\"Seguran\u00e7a P\u00fablica \u00e9 tema em sess\u00e3o plen\u00e1ria da ALES\",\"datePublished\":\"2020-12-08T13:53:12+00:00\",\"dateModified\":\"2023-07-07T14:15:06+00:00\",\"mainEntityOfPage\":{\"@id\":\"https:\/\/www.estrategiaconcursos.com.br\/blog\/seguranca-publica-ales\/\"},\"wordCount\":339,\"commentCount\":0,\"publisher\":{\"@id\":\"https:\/\/www.estrategiaconcursos.com.br\/blog\/#organization\"},\"image\":{\"@id\":\"https:\/\/www.estrategiaconcursos.com.br\/blog\/seguranca-publica-ales\/#primaryimage\"},\"thumbnailUrl\":\"https:\/\/dhg1h5j42swfq.cloudfront.net\/2020\/04\/28103226\/imagem-destacada.png\",\"articleSection\":[\"Policial (Agente, Escriv\u00e3o e Investigador)\"],\"inLanguage\":\"pt-BR\",\"potentialAction\":[{\"@type\":\"CommentAction\",\"name\":\"Comment\",\"target\":[\"https:\/\/www.estrategiaconcursos.com.br\/blog\/seguranca-publica-ales\/#respond\"]}],\"copyrightYear\":\"2020\",\"copyrightHolder\":{\"@id\":\"https:\/\/www.estrategiaconcursos.com.br\/blog\/#organization\"}},{\"@type\":\"WebPage\",\"@id\":\"https:\/\/www.estrategiaconcursos.com.br\/blog\/seguranca-publica-ales\/\",\"url\":\"https:\/\/www.estrategiaconcursos.com.br\/blog\/seguranca-publica-ales\/\",\"name\":\"Seguran\u00e7a P\u00fablica \u00e9 tema em sess\u00e3o plen\u00e1ria da ALES\",\"isPartOf\":{\"@id\":\"https:\/\/www.estrategiaconcursos.com.br\/blog\/#website\"},\"primaryImageOfPage\":{\"@id\":\"https:\/\/www.estrategiaconcursos.com.br\/blog\/seguranca-publica-ales\/#primaryimage\"},\"image\":{\"@id\":\"https:\/\/www.estrategiaconcursos.com.br\/blog\/seguranca-publica-ales\/#primaryimage\"},\"thumbnailUrl\":\"https:\/\/dhg1h5j42swfq.cloudfront.net\/2020\/04\/28103226\/imagem-destacada.png\",\"datePublished\":\"2020-12-08T13:53:12+00:00\",\"dateModified\":\"2023-07-07T14:15:06+00:00\",\"description\":\"Em sess\u00e3o plen\u00e1ria ALES, deputados questionaram os investimentos em concursos na \u00e1rea de seguran\u00e7a p\u00fablica. Confira no site!\",\"breadcrumb\":{\"@id\":\"https:\/\/www.estrategiaconcursos.com.br\/blog\/seguranca-publica-ales\/#breadcrumb\"},\"inLanguage\":\"pt-BR\",\"potentialAction\":[{\"@type\":\"ReadAction\",\"target\":[\"https:\/\/www.estrategiaconcursos.com.br\/blog\/seguranca-publica-ales\/\"]}]},{\"@type\":\"ImageObject\",\"inLanguage\":\"pt-BR\",\"@id\":\"https:\/\/www.estrategiaconcursos.com.br\/blog\/seguranca-publica-ales\/#primaryimage\",\"url\":\"https:\/\/dhg1h5j42swfq.cloudfront.net\/2020\/04\/28103226\/imagem-destacada.png\",\"contentUrl\":\"https:\/\/dhg1h5j42swfq.cloudfront.net\/2020\/04\/28103226\/imagem-destacada.png\",\"width\":400,\"height\":184,\"caption\":\"PRF e PF\"},{\"@type\":\"BreadcrumbList\",\"@id\":\"https:\/\/www.estrategiaconcursos.com.br\/blog\/seguranca-publica-ales\/#breadcrumb\",\"itemListElement\":[{\"@type\":\"ListItem\",\"position\":1,\"name\":\"In\u00edcio\",\"item\":\"https:\/\/www.estrategiaconcursos.com.br\/blog\/\"},{\"@type\":\"ListItem\",\"position\":2,\"name\":\"Seguran\u00e7a P\u00fablica \u00e9 tema em sess\u00e3o plen\u00e1ria da ALES\"}]},{\"@type\":\"WebSite\",\"@id\":\"https:\/\/www.estrategiaconcursos.com.br\/blog\/#website\",\"url\":\"https:\/\/www.estrategiaconcursos.com.br\/blog\/\",\"name\":\"Estrat\u00e9gia Concursos\",\"description\":\"O blog da Estrat\u00e9gia Concursos traz not\u00edcias sobre concursos e artigos de professores oferecendo cursos para concursos (pdf + videaulas) no site.\",\"publisher\":{\"@id\":\"https:\/\/www.estrategiaconcursos.com.br\/blog\/#organization\"},\"potentialAction\":[{\"@type\":\"SearchAction\",\"target\":{\"@type\":\"EntryPoint\",\"urlTemplate\":\"https:\/\/www.estrategiaconcursos.com.br\/blog\/?s={search_term_string}\"},\"query-input\":{\"@type\":\"PropertyValueSpecification\",\"valueRequired\":true,\"valueName\":\"search_term_string\"}}],\"inLanguage\":\"pt-BR\"},{\"@type\":\"Organization\",\"@id\":\"https:\/\/www.estrategiaconcursos.com.br\/blog\/#organization\",\"name\":\"Estrat\u00e9gia Concursos\",\"url\":\"https:\/\/www.estrategiaconcursos.com.br\/blog\/\",\"logo\":{\"@type\":\"ImageObject\",\"inLanguage\":\"pt-BR\",\"@id\":\"https:\/\/www.estrategiaconcursos.com.br\/blog\/#\/schema\/logo\/image\/\",\"url\":\"https:\/\/dhg1h5j42swfq.cloudfront.net\/2025\/06\/03203428\/logo_concursos-1.jpg\",\"contentUrl\":\"https:\/\/dhg1h5j42swfq.cloudfront.net\/2025\/06\/03203428\/logo_concursos-1.jpg\",\"width\":230,\"height\":60,\"caption\":\"Estrat\u00e9gia Concursos\"},\"image\":{\"@id\":\"https:\/\/www.estrategiaconcursos.com.br\/blog\/#\/schema\/logo\/image\/\"},\"sameAs\":[\"https:\/\/x.com\/EstratConcursos\"]},{\"@type\":\"Person\",\"@id\":\"https:\/\/www.estrategiaconcursos.com.br\/blog\/#\/schema\/person\/6be195b7a02a8ca214472b848686bb37\",\"name\":\"Marcos Gir\u00e3o\",\"image\":{\"@type\":\"ImageObject\",\"inLanguage\":\"pt-BR\",\"@id\":\"https:\/\/secure.gravatar.com\/avatar\/ac5b9a36e2c99a8280e07b5763e3b764471d5b861c47521bfd2edffdfbb06fbd?s=96&d=mm&r=g\",\"url\":\"https:\/\/secure.gravatar.com\/avatar\/ac5b9a36e2c99a8280e07b5763e3b764471d5b861c47521bfd2edffdfbb06fbd?s=96&d=mm&r=g\",\"contentUrl\":\"https:\/\/secure.gravatar.com\/avatar\/ac5b9a36e2c99a8280e07b5763e3b764471d5b861c47521bfd2edffdfbb06fbd?s=96&d=mm&r=g\",\"caption\":\"Marcos Gir\u00e3o\"},\"url\":\"https:\/\/www.estrategiaconcursos.com.br\/blog\/author\/marcosgiraoestrategiaconcursos-com-br\/\"}]}<\/script>\n<!-- \/ Yoast SEO Premium plugin. -->","yoast_head_json":{"title":"Seguran\u00e7a P\u00fablica \u00e9 tema em sess\u00e3o plen\u00e1ria da ALES","description":"Em sess\u00e3o plen\u00e1ria ALES, deputados questionaram os investimentos em concursos na \u00e1rea de seguran\u00e7a p\u00fablica. Confira no site!","robots":{"index":"index","follow":"follow","max-snippet":"max-snippet:-1","max-image-preview":"max-image-preview:large","max-video-preview":"max-video-preview:-1"},"canonical":"https:\/\/www.estrategiaconcursos.com.br\/blog\/seguranca-publica-ales\/","og_locale":"pt_BR","og_type":"article","og_title":"Seguran\u00e7a P\u00fablica \u00e9 tema em sess\u00e3o plen\u00e1ria da ALES","og_description":"Em sess\u00e3o plen\u00e1ria ALES, deputados questionaram os investimentos em concursos na \u00e1rea de seguran\u00e7a p\u00fablica. Confira no site!","og_url":"https:\/\/www.estrategiaconcursos.com.br\/blog\/seguranca-publica-ales\/","og_site_name":"Estrat\u00e9gia Concursos","article_published_time":"2020-12-08T13:53:12+00:00","article_modified_time":"2023-07-07T14:15:06+00:00","og_image":[{"width":400,"height":184,"url":"https:\/\/dhg1h5j42swfq.cloudfront.net\/2020\/04\/28103226\/imagem-destacada.png","type":"image\/png"}],"author":"Marcos Gir\u00e3o","twitter_card":"summary_large_image","twitter_creator":"@EstratConcursos","twitter_site":"@EstratConcursos","twitter_misc":{"Escrito por":"Marcos Gir\u00e3o","Est. tempo de leitura":"2 minutos"},"schema":{"@context":"https:\/\/schema.org","@graph":[{"@type":"NewsArticle","@id":"https:\/\/www.estrategiaconcursos.com.br\/blog\/seguranca-publica-ales\/#article","isPartOf":{"@id":"https:\/\/www.estrategiaconcursos.com.br\/blog\/seguranca-publica-ales\/"},"author":{"name":"Marcos Gir\u00e3o","@id":"https:\/\/www.estrategiaconcursos.com.br\/blog\/#\/schema\/person\/6be195b7a02a8ca214472b848686bb37"},"headline":"Seguran\u00e7a P\u00fablica \u00e9 tema em sess\u00e3o plen\u00e1ria da ALES","datePublished":"2020-12-08T13:53:12+00:00","dateModified":"2023-07-07T14:15:06+00:00","mainEntityOfPage":{"@id":"https:\/\/www.estrategiaconcursos.com.br\/blog\/seguranca-publica-ales\/"},"wordCount":339,"commentCount":0,"publisher":{"@id":"https:\/\/www.estrategiaconcursos.com.br\/blog\/#organization"},"image":{"@id":"https:\/\/www.estrategiaconcursos.com.br\/blog\/seguranca-publica-ales\/#primaryimage"},"thumbnailUrl":"https:\/\/dhg1h5j42swfq.cloudfront.net\/2020\/04\/28103226\/imagem-destacada.png","articleSection":["Policial (Agente, Escriv\u00e3o e Investigador)"],"inLanguage":"pt-BR","potentialAction":[{"@type":"CommentAction","name":"Comment","target":["https:\/\/www.estrategiaconcursos.com.br\/blog\/seguranca-publica-ales\/#respond"]}],"copyrightYear":"2020","copyrightHolder":{"@id":"https:\/\/www.estrategiaconcursos.com.br\/blog\/#organization"}},{"@type":"WebPage","@id":"https:\/\/www.estrategiaconcursos.com.br\/blog\/seguranca-publica-ales\/","url":"https:\/\/www.estrategiaconcursos.com.br\/blog\/seguranca-publica-ales\/","name":"Seguran\u00e7a P\u00fablica \u00e9 tema em sess\u00e3o plen\u00e1ria da ALES","isPartOf":{"@id":"https:\/\/www.estrategiaconcursos.com.br\/blog\/#website"},"primaryImageOfPage":{"@id":"https:\/\/www.estrategiaconcursos.com.br\/blog\/seguranca-publica-ales\/#primaryimage"},"image":{"@id":"https:\/\/www.estrategiaconcursos.com.br\/blog\/seguranca-publica-ales\/#primaryimage"},"thumbnailUrl":"https:\/\/dhg1h5j42swfq.cloudfront.net\/2020\/04\/28103226\/imagem-destacada.png","datePublished":"2020-12-08T13:53:12+00:00","dateModified":"2023-07-07T14:15:06+00:00","description":"Em sess\u00e3o plen\u00e1ria ALES, deputados questionaram os investimentos em concursos na \u00e1rea de seguran\u00e7a p\u00fablica. Confira no site!","breadcrumb":{"@id":"https:\/\/www.estrategiaconcursos.com.br\/blog\/seguranca-publica-ales\/#breadcrumb"},"inLanguage":"pt-BR","potentialAction":[{"@type":"ReadAction","target":["https:\/\/www.estrategiaconcursos.com.br\/blog\/seguranca-publica-ales\/"]}]},{"@type":"ImageObject","inLanguage":"pt-BR","@id":"https:\/\/www.estrategiaconcursos.com.br\/blog\/seguranca-publica-ales\/#primaryimage","url":"https:\/\/dhg1h5j42swfq.cloudfront.net\/2020\/04\/28103226\/imagem-destacada.png","contentUrl":"https:\/\/dhg1h5j42swfq.cloudfront.net\/2020\/04\/28103226\/imagem-destacada.png","width":400,"height":184,"caption":"PRF e PF"},{"@type":"BreadcrumbList","@id":"https:\/\/www.estrategiaconcursos.com.br\/blog\/seguranca-publica-ales\/#breadcrumb","itemListElement":[{"@type":"ListItem","position":1,"name":"In\u00edcio","item":"https:\/\/www.estrategiaconcursos.com.br\/blog\/"},{"@type":"ListItem","position":2,"name":"Seguran\u00e7a P\u00fablica \u00e9 tema em sess\u00e3o plen\u00e1ria da ALES"}]},{"@type":"WebSite","@id":"https:\/\/www.estrategiaconcursos.com.br\/blog\/#website","url":"https:\/\/www.estrategiaconcursos.com.br\/blog\/","name":"Estrat\u00e9gia Concursos","description":"O blog da Estrat\u00e9gia Concursos traz not\u00edcias sobre concursos e artigos de professores oferecendo cursos para concursos (pdf + videaulas) no site.","publisher":{"@id":"https:\/\/www.estrategiaconcursos.com.br\/blog\/#organization"},"potentialAction":[{"@type":"SearchAction","target":{"@type":"EntryPoint","urlTemplate":"https:\/\/www.estrategiaconcursos.com.br\/blog\/?s={search_term_string}"},"query-input":{"@type":"PropertyValueSpecification","valueRequired":true,"valueName":"search_term_string"}}],"inLanguage":"pt-BR"},{"@type":"Organization","@id":"https:\/\/www.estrategiaconcursos.com.br\/blog\/#organization","name":"Estrat\u00e9gia Concursos","url":"https:\/\/www.estrategiaconcursos.com.br\/blog\/","logo":{"@type":"ImageObject","inLanguage":"pt-BR","@id":"https:\/\/www.estrategiaconcursos.com.br\/blog\/#\/schema\/logo\/image\/","url":"https:\/\/dhg1h5j42swfq.cloudfront.net\/2025\/06\/03203428\/logo_concursos-1.jpg","contentUrl":"https:\/\/dhg1h5j42swfq.cloudfront.net\/2025\/06\/03203428\/logo_concursos-1.jpg","width":230,"height":60,"caption":"Estrat\u00e9gia Concursos"},"image":{"@id":"https:\/\/www.estrategiaconcursos.com.br\/blog\/#\/schema\/logo\/image\/"},"sameAs":["https:\/\/x.com\/EstratConcursos"]},{"@type":"Person","@id":"https:\/\/www.estrategiaconcursos.com.br\/blog\/#\/schema\/person\/6be195b7a02a8ca214472b848686bb37","name":"Marcos Gir\u00e3o","image":{"@type":"ImageObject","inLanguage":"pt-BR","@id":"https:\/\/secure.gravatar.com\/avatar\/ac5b9a36e2c99a8280e07b5763e3b764471d5b861c47521bfd2edffdfbb06fbd?s=96&d=mm&r=g","url":"https:\/\/secure.gravatar.com\/avatar\/ac5b9a36e2c99a8280e07b5763e3b764471d5b861c47521bfd2edffdfbb06fbd?s=96&d=mm&r=g","contentUrl":"https:\/\/secure.gravatar.com\/avatar\/ac5b9a36e2c99a8280e07b5763e3b764471d5b861c47521bfd2edffdfbb06fbd?s=96&d=mm&r=g","caption":"Marcos Gir\u00e3o"},"url":"https:\/\/www.estrategiaconcursos.com.br\/blog\/author\/marcosgiraoestrategiaconcursos-com-br\/"}]}},"_links":{"self":[{"href":"https:\/\/www.estrategiaconcursos.com.br\/blog\/wp-json\/wp\/v2\/posts\/624911","targetHints":{"allow":["GET"]}}],"collection":[{"href":"https:\/\/www.estrategiaconcursos.com.br\/blog\/wp-json\/wp\/v2\/posts"}],"about":[{"href":"https:\/\/www.estrategiaconcursos.com.br\/blog\/wp-json\/wp\/v2\/types\/post"}],"author":[{"embeddable":true,"href":"https:\/\/www.estrategiaconcursos.com.br\/blog\/wp-json\/wp\/v2\/users\/248"}],"replies":[{"embeddable":true,"href":"https:\/\/www.estrategiaconcursos.com.br\/blog\/wp-json\/wp\/v2\/comments?post=624911"}],"version-history":[{"count":6,"href":"https:\/\/www.estrategiaconcursos.com.br\/blog\/wp-json\/wp\/v2\/posts\/624911\/revisions"}],"predecessor-version":[{"id":1244927,"href":"https:\/\/www.estrategiaconcursos.com.br\/blog\/wp-json\/wp\/v2\/posts\/624911\/revisions\/1244927"}],"wp:featuredmedia":[{"embeddable":true,"href":"https:\/\/www.estrategiaconcursos.com.br\/blog\/wp-json\/wp\/v2\/media\/508021"}],"wp:attachment":[{"href":"https:\/\/www.estrategiaconcursos.com.br\/blog\/wp-json\/wp\/v2\/media?parent=624911"}],"wp:term":[{"taxonomy":"category","embeddable":true,"href":"https:\/\/www.estrategiaconcursos.com.br\/blog\/wp-json\/wp\/v2\/categories?post=624911"},{"taxonomy":"post_tag","embeddable":true,"href":"https:\/\/www.estrategiaconcursos.com.br\/blog\/wp-json\/wp\/v2\/tags?post=624911"},{"taxonomy":"tax_estado","embeddable":true,"href":"https:\/\/www.estrategiaconcursos.com.br\/blog\/wp-json\/wp\/v2\/tax_estado?post=624911"}],"curies":[{"name":"wp","href":"https:\/\/api.w.org\/{rel}","templated":true}]}}