{"id":624725,"date":"2020-12-14T18:54:00","date_gmt":"2020-12-14T21:54:00","guid":{"rendered":"https:\/\/www.estrategiaconcursos.com.br\/blog\/?p=624725"},"modified":"2020-12-14T17:46:31","modified_gmt":"2020-12-14T20:46:31","slug":"principais-disposicoes-sobre-a-aladi-tratado-de-montevideu","status":"publish","type":"post","link":"https:\/\/www.estrategiaconcursos.com.br\/blog\/principais-disposicoes-sobre-a-aladi-tratado-de-montevideu\/","title":{"rendered":"Principais Disposi\u00e7\u00f5es sobre a ALADI \u2013 Tratado de Montevid\u00e9u"},"content":{"rendered":"\n<p class=\"has-medium-font-size\">Aprenda as principais disposi\u00e7\u00f5es sobre a ALADI (Associa\u00e7\u00e3o Latino-Americana de Integra\u00e7\u00e3o) dispostas pelo Tratado de Montevid\u00e9u<\/p>\n\n\n\n<div class=\"wp-block-image\"><figure class=\"aligncenter size-medium\"><img loading=\"lazy\" decoding=\"async\" width=\"217\" height=\"300\" src=\"https:\/\/dhg1h5j42swfq.cloudfront.net\/2020\/12\/08075107\/c57d8f33ef2030cb214a3042484e9d03-217x300.jpg\" alt=\"Principais Disposi\u00e7\u00f5es sobre a ALADI\" class=\"wp-image-624726\" srcset=\"https:\/\/dhg1h5j42swfq.cloudfront.net\/2020\/12\/08075107\/c57d8f33ef2030cb214a3042484e9d03-217x300.jpg 217w, https:\/\/dhg1h5j42swfq.cloudfront.net\/2020\/12\/08075107\/c57d8f33ef2030cb214a3042484e9d03.jpg 258w\" sizes=\"auto, (max-width: 217px) 100vw, 217px\" \/><figcaption>Principais Disposi\u00e7\u00f5es sobre a ALADI<\/figcaption><\/figure><\/div>\n\n\n\n<p>Ol\u00e1, Estrategista. Tudo joia?<\/p>\n\n\n\n<p>Em nosso encontro anterior, falamos sobre a cria\u00e7\u00e3o da ALADI, seus objetivos, fun\u00e7\u00f5es e princ\u00edpios. <a href=\"https:\/\/www.estrategiaconcursos.com.br\/blog\/?p=623966\">Confira aqui<\/a>.<\/p>\n\n\n\n<p>J\u00e1 nesse artigo, iremos discorrer sobre as principais disposi\u00e7\u00f5es sobre a ALADI. Um aspecto que sempre vale relembrar e que faz com que esse bloco tenha caracter\u00edsticas \u00fanicas em rela\u00e7\u00e3o aos demais, \u00e9 a sua flexibilidade.<\/p>\n\n\n\n<p>Ou seja, a ALADI n\u00e3o possui metas ou cronogramas predeterminados para a consecu\u00e7\u00e3o dos seus objetivos, al\u00e9m de permitir o processo de integra\u00e7\u00e3o mediante o abandono da cl\u00e1usula da na\u00e7\u00e3o mais favorecida.<\/p>\n\n\n\n<p>Apesar de algumas diverg\u00eancias, outras caracter\u00edsticas s\u00e3o bastante similares aos demais blocos comerciais, como por exemplo o apoio aos pa\u00edses de menor desenvolvimento relativo.<\/p>\n\n\n\n<h2 class=\"wp-block-heading\" id=\"h-sistema-de-apoio-aos-pa-ses-de-menor-desenvolvimento-econ-mico-relativo\">Sistema de apoio aos pa\u00edses de menor desenvolvimento econ\u00f4mico relativo<\/h2>\n\n\n\n<p>Segundo o Tratado de Montevid\u00e9u, os pa\u00edses-membros estabelecer\u00e3o condi\u00e7\u00f5es favor\u00e1veis para a par\u00adticipa\u00e7\u00e3o dos pa\u00edses de menor desenvolvimento econ\u00f4mico relativo no processo de integra\u00e7\u00e3o econ\u00f4mica, baseando-se nos princ\u00edpios da <strong>N\u00c3O RECIPROCIDADE<\/strong> e da coopera\u00e7\u00e3o comunit\u00e1ria.<\/p>\n\n\n\n<p><strong>Adendo:<\/strong> n\u00e3o reciprocidade quer dizer que um benef\u00edcio estendido a um pa\u00eds de menor desenvolvimento relativo n\u00e3o necessita ser rec\u00edproco. Isto \u00e9, o pa\u00eds menos desenvolvido pode apenas usufruir desse benef\u00edcio, e n\u00e3o necessariamente retribu\u00ed-lo.<\/p>\n\n\n\n<p>Al\u00e9m disso, com o prop\u00f3sito de assegurar-lhes um tratamento preferencial efeti\u00advo, os pa\u00edses-membros estabelecer\u00e3o a abertura dos mercados, bem como concertar\u00e3o programas e outras modalidades espec\u00edficas de coopera\u00e7\u00e3o.<\/p>\n\n\n\n<p>A fim de assegurar a efic\u00e1cia dos acordos firmados com esse objetivo, os pa\u00edses-membros dever\u00e3o formalizar normas negociadas, vinculadas \u00e0 preserva\u00e7\u00e3o das prefer\u00eancias, \u00e0 elimina\u00e7\u00e3o das restri\u00e7\u00f5es n\u00e3o-tarif\u00e1rias e \u00e0 aplica\u00e7\u00e3o de cl\u00e1usulas de salvaguarda em casos justificados.<\/p>\n\n\n\n<h2 class=\"wp-block-heading\" id=\"h-converg-ncia-e-coopera-o-com-outros-pa-ses-e-reas-de-integra-o-econ-mica-da-am-rica-latina\">Converg\u00eancia e coopera\u00e7\u00e3o com outros pa\u00edses e \u00e1reas de integra\u00e7\u00e3o econ\u00f4mica da Am\u00e9rica Latina<\/h2>\n\n\n\n<p>Apesar de ser o maior bloco de integra\u00e7\u00e3o da Am\u00e9rica Latina, existem pa\u00edses que n\u00e3o fazem parte da ALADI, mas que s\u00e3o membros de outros blocos comerciais.<\/p>\n\n\n\n<p>Por esse motivo, faz-se necess\u00e1rio estabelecer regras de relacionamento com esses outros pa\u00edses, e at\u00e9 mesmo com outras \u00e1reas de integra\u00e7\u00e3o.<\/p>\n\n\n\n<p>Nesse sentido, os pa\u00edses-membros poder\u00e3o estabelecer regimes de associa\u00e7\u00e3o ou de vincula\u00e7\u00e3o multilateral que propiciem a converg\u00eancia com outros pa\u00edses e \u00e1reas de integra\u00e7\u00e3o econ\u00f4mica da Am\u00e9rica Latina, incluindo a possibilidade de acordar com esses pa\u00edses ou \u00e1reas o <strong>estabelecimento de uma prefer\u00eancia tarif\u00e1ria latino-americana.<\/strong><strong><\/strong><\/p>\n\n\n\n<p>Os pa\u00edses-membros poder\u00e3o, outrossim, celebrar acordos de <strong>ALCANCE PARCIAL<\/strong> com outros pa\u00edses e \u00e1reas de integra\u00e7\u00e3o econ\u00f4mica da Am\u00e9rica Latina.<\/p>\n\n\n\n<p><strong>Adendo:<\/strong> acordos de alcance regional contemplam todos os pa\u00edses membros da ALADI, enquanto que os de alcance parcial apenas contemplam os interessados.<\/p>\n\n\n\n<p>Estes acordos estar\u00e3o sujeitos \u00e0s se\u00adguintes normas:<\/p>\n\n\n\n<ol class=\"wp-block-list\" type=\"a\"><li>As <strong>CONCESS\u00d5ES<\/strong> que os pa\u00edses-membros participantes outorguem n\u00e3o ser\u00e3o extensivas aos demais pa\u00edses-membros, <strong>salvo aos pa\u00edses de menor desenvolvimento econ\u00f4mico relativo<\/strong>;<\/li><li>Quando um pa\u00eds-membro inclua produtos j\u00e1 negociados em acordos parciais com outros pa\u00edses-membros, as concess\u00f5es que outorgue <strong>poder\u00e3o<\/strong> ser <strong>SUPERIORES<\/strong> \u00e0s acordadas com aqueles, caso em que ser\u00e3o realizadas consultas com os pa\u00edses-membros afetados, a fim de que sejam encontradas solu\u00e7\u00f5es mutuamente satisfat\u00f3rias, salvo se, nos respectivos acordos parciais, tenham sido pactuadas cl\u00e1usulas de extens\u00e3o autom\u00e1tica ou de ren\u00fancia \u00e0s prefer\u00eancias inclu\u00eddas nos acordos parciais a que se refere o presente artigo; e<\/li><li>Dever\u00e3o ser apreciados multilateralmente pelos pa\u00edses-membros, no Comit\u00ea de Representantes, a fim de que o alcance dos acordos pac\u00adtuados seja conhecido e a participa\u00e7\u00e3o de outros pa\u00edses-membros nos mesmos seja facilitada.<\/li><\/ol>\n\n\n\n<h2 class=\"wp-block-heading\" id=\"h-estrutura-organizacional-da-aladi-principais-disposi-es-sobre-a-aladi\">Estrutura organizacional da ALADI \u2013 Principais Disposi\u00e7\u00f5es sobre a ALADI<\/h2>\n\n\n\n<p>A estrutura organizacional da ALADI \u00e9 formada por 3 \u00f3rg\u00e3os pol\u00edticos e 1 \u00f3rg\u00e3o t\u00e9cnico.<\/p>\n\n\n\n<p>S\u00e3o \u00f3rg\u00e3os <strong>pol\u00edticos<\/strong> da Associa\u00e7\u00e3o:<\/p>\n\n\n\n<ol class=\"wp-block-list\" type=\"a\"><li>Conselho de Ministros das Rela\u00e7\u00f5es Exteriores (denominado \u201cConselho\u201d);<\/li><li>Confer\u00eancia de Avalia\u00e7\u00e3o e Converg\u00eancia (denominada \u201cConfer\u00eancia\u201d); e<\/li><li>O Comit\u00ea de Representantes (denominado \u201cComit\u00ea\u201d).<\/li><\/ol>\n\n\n\n<p>J\u00e1 o \u00f3rg\u00e3o t\u00e9cnico da Associa\u00e7\u00e3o \u00e9 a Secretaria Geral (denominada \u201cSecretaria\u201d).<\/p>\n\n\n\n<h3 class=\"wp-block-heading\" id=\"h-o-conselho\">O Conselho<\/h3>\n\n\n\n<p>O Conselho \u00e9 o \u00f3rg\u00e3o supremo da Associa\u00e7\u00e3o e adotar\u00e1 as decis\u00f5es que correspondam \u00e0 condu\u00e7\u00e3o pol\u00edtica superior do processo de integra\u00e7\u00e3o econ\u00f4mica.<\/p>\n\n\n\n<p>Dentre as fun\u00e7\u00f5es do Conselho, destacam-se:<\/p>\n\n\n\n<ul class=\"wp-block-list\"><li>Ditar normas gerais tendentes ao melhor cumprimento dos objetivos da Associa\u00e7\u00e3o, bem como ao desenvolvimento harm\u00f4nico do processo de integra\u00e7\u00e3o;<\/li><li>Examinar o resultado das tarefas realizadas pela Associa\u00e7\u00e3o;<\/li><li>Estabelecer as diretrizes \u00e0s quais os demais \u00f3rg\u00e3os da Associa\u00e7\u00e3o dever\u00e3o ajustar seus trabalhos;<\/li><li>Aceitar a ades\u00e3o de novos pa\u00edses-membros; e<\/li><li>Designar o Secret\u00e1rio-Geral.<\/li><\/ul>\n\n\n\n<p>Por fim, o Conselho ser\u00e1 constitu\u00eddo pelos Ministros das Rela\u00e7\u00f5es Exteriores dos pa\u00edses-membros e celebrar\u00e1 sess\u00f5es e tomar\u00e1 decis\u00f5es com a presen\u00e7a da <strong>totalidade dos pa\u00edses-membros<\/strong><strong>.<\/strong><\/p>\n\n\n\n<h3 class=\"wp-block-heading\" id=\"h-confer-ncia\">Confer\u00eancia<\/h3>\n\n\n\n<p>A Confer\u00eancia ser\u00e1 integrada por Plenipotenci\u00e1rios (agente diplom\u00e1tico investido de plenos poderes) dos pa\u00edses membros.<\/p>\n\n\n\n<p>A Confer\u00eancia reunir-se-\u00e1 cada <strong>3<\/strong><strong> anos<\/strong> em sess\u00e3o ordin\u00e1ria, por convoca\u00e7\u00e3o do Comit\u00ea, e em forma extraordin\u00e1ria, nas demais oportu\u00adnidades em que este a convoque, a fim de tratar assuntos espec\u00edficos de sua compet\u00eancia.<\/p>\n\n\n\n<p>Al\u00e9m disso, a Confer\u00eancia realizar\u00e1 sess\u00f5es e tomar\u00e1 decis\u00f5es com a presen\u00e7a de <strong>todos os pa\u00edses-membros.<\/strong><\/p>\n\n\n\n<p>Dentre as fun\u00e7\u00f5es da Confer\u00eancia, destacam-se:<\/p>\n\n\n\n<ul class=\"wp-block-list\"><li>Promover a\u00e7\u00f5es de maior alcance em mat\u00e9ria de integra\u00e7\u00e3o econ\u00f4mica;<\/li><li>Avaliar os resultados do sistema de apoio aos pa\u00edses de menor desen\u00advolvimento econ\u00f4mico relativo e adotar medidas para sua aplica\u00e7\u00e3o mais efetiva;<\/li><li>Realizar as negocia\u00e7\u00f5es multilaterais para o estabelecimento e apro\u00adfundamento da prefer\u00eancia tarif\u00e1ria regional;<\/li><\/ul>\n\n\n\n<h3 class=\"wp-block-heading\" id=\"h-comit\">Comit\u00ea<\/h3>\n\n\n\n<p>Por fim, o \u00faltimo dos \u00f3rg\u00e3os pol\u00edticos.<\/p>\n\n\n\n<p>O Comit\u00ea \u00e9 o <strong>\u00f3rg\u00e3o permanente<\/strong> da ALADI e ter\u00e1 as seguintes atribui\u00e7\u00f5es e obriga\u00e7\u00f5es (apenas as principais):<\/p>\n\n\n\n<ul class=\"wp-block-list\"><li>Promover a celebra\u00e7\u00e3o de acordos de alcance regional e, com essa finalidade, convocar reuni\u00f5es governamentais, pelo menos uma vez por ano;<\/li><li>Aprovar, por proposta do Secret\u00e1rio-Geral, a estrutura da Secretaria;<\/li><li><strong>Convocar o Conselho e a Confer\u00eancia;<\/strong><\/li><li>Representar a Associa\u00e7\u00e3o ante terceiros pa\u00edses;<\/li><li>Formular recomenda\u00e7\u00f5es ao Conselho e \u00e0 Confer\u00eancia;<\/li><li>Criar \u00f3rg\u00e3os auxiliares;<\/li><\/ul>\n\n\n\n<p>O Comit\u00ea ser\u00e1 constitu\u00eddo por um Representante Permanente de cada pa\u00eds-membro com direito a um voto. Al\u00e9m do mais, cada Representante Permanente ter\u00e1 um Suplente.<\/p>\n\n\n\n<p>O Comit\u00ea realizar\u00e1 sess\u00f5es e adotar\u00e1 resolu\u00e7\u00f5es com a presen\u00e7a de Representantes de <strong>2\/3 dos pa\u00edses-membros<\/strong>.<\/p>\n\n\n\n<h3 class=\"wp-block-heading\" id=\"h-secretaria\">Secretaria<\/h3>\n\n\n\n<p>Com rela\u00e7\u00e3o ao \u00fanico \u00f3rg\u00e3o t\u00e9cnico da ALADI, podemos destacar que a Secretaria ser\u00e1 dirigida por um Secret\u00e1rio-Geral (eleito por um per\u00edodo de 3 anos, podendo ser reeleito 1x) e ser\u00e1 composta por pessoal t\u00e9cnico e administrativo.<\/p>\n\n\n\n<p><strong>Adendo: <\/strong>o Secret\u00e1rio-Geral ser\u00e1 eleito pelo Conselho.<\/p>\n\n\n\n<p>Fun\u00e7\u00f5es da Secretaria (apenas as principais):<\/p>\n\n\n\n<ul class=\"wp-block-list\"><li>Representar a Associa\u00e7\u00e3o ante organismos e entidades internacionais de <strong>car\u00e1ter econ\u00f4mico<\/strong>, com o prop\u00f3sito de tratar assuntos de interesse comum;<\/li><li>Administrar o patrim\u00f4nio da Associa\u00e7\u00e3o e represent\u00e1-la, para esse efeito, em atos e contratos de direito p\u00fablico e privado;<\/li><li>Propor ao Comit\u00ea a cria\u00e7\u00e3o de \u00f3rg\u00e3os auxiliares;<\/li><li>Preparar e apresentar ao Comit\u00ea os projetos de programas anuais de trabalho;<\/li><\/ul>\n\n\n\n<p><strong>Adendo<\/strong>: as fun\u00e7\u00f5es do Secret\u00e1rio-Geral e do pessoal da Secretaria ou de seus peritos e consultores contratados possuem car\u00e1ter internacional. Desse modo, os pa\u00edses-membros comprometem-se a respeitar e a abster-se de exercer sobre eles qualquer influ\u00eancia no desempenho de suas fun\u00e7\u00f5es.<\/p>\n\n\n\n<h2 class=\"wp-block-heading\" id=\"h-vota-o\">Vota\u00e7\u00e3o<\/h2>\n\n\n\n<p>Apesar de o Conselho e a Confer\u00eancia exigirem a presen\u00e7a de todos os pa\u00edses, O Conselho, a Confer\u00eancia e o Comit\u00ea adotar\u00e3o suas decis\u00f5es com o voto afirmativo de 2\/3 dos pa\u00edses-membros (<strong>regra geral).<\/strong><\/p>\n\n\n\n<p>Contudo sobre os assuntos abaixo, ser\u00e1 necess\u00e1rio, al\u00e9m de o m\u00ednimo de 2\/3 de votos afirmativos, n\u00e3o haver<strong> nenhum voto negativo:<\/strong><\/p>\n\n\n\n<ul class=\"wp-block-list\"><li>Emendas ou acr\u00e9scimos ao Tratado de Montevid\u00e9u;<\/li><li>Ado\u00e7\u00e3o das decis\u00f5es que formalizem o resultado das negocia\u00e7\u00f5es mul\u00adtilaterais para o estabelecimento e o aprofundamento da prefer\u00eancia tarif\u00e1ria regional;<\/li><li>Aceita\u00e7\u00e3o de ades\u00e3o de novos pa\u00edses-membros;<\/li><li>Determina\u00e7\u00e3o das percentagens de contribui\u00e7\u00f5es dos pa\u00edses-membros ao or\u00e7amento da Associa\u00e7\u00e3o;<\/li><\/ul>\n\n\n\n<p><strong>Adendo: <\/strong>A absten\u00e7\u00e3o n\u00e3o significar\u00e1 voto negativo. A aus\u00eancia, no momento da vota\u00e7\u00e3o, ser\u00e1 interpretada como absten\u00e7\u00e3o.<\/p>\n\n\n\n<h2 class=\"wp-block-heading\" id=\"h-finalizando\">Finalizando<\/h2>\n\n\n\n<p>Aprendemos nesse artigo as principais disposi\u00e7\u00f5es sobre a ALADI, desde o seu sistema de apoio aos pa\u00edses de menor desenvolvimento relativo, passando pela coopera\u00e7\u00e3o com os demais pa\u00edses da Am\u00e9rica Latina que n\u00e3o s\u00e3o membros dessa Associa\u00e7\u00e3o, at\u00e9 \u00e0 composi\u00e7\u00e3o de sua estrutura interna.<\/p>\n\n\n\n<p>Vimos tamb\u00e9m como s\u00e3o realizadas as decis\u00f5es no bloco que, diferentemente de muitos, n\u00e3o \u00e9 realizada por consenso.<\/p>\n\n\n\n<p>Caso queira saber mais detalhes desse e de outros assuntos sobre Com\u00e9rcio Internacional, com milhares de exerc\u00edcios resolvidos e muitos exemplos pr\u00e1ticos, n\u00e3o hesite em ver nossos materiais sobre o tema (<a href=\"https:\/\/www.estrategiaconcursos.com.br\/cursosPorMateria\/comercio-internacional-26\/\">acesse aqui<\/a>). Nossos materiais s\u00e3o elaborados pelos melhores professores da \u00e1rea. S\u00e3o justamente esses materiais que fazem do Estrat\u00e9gia o l\u00edder em aprova\u00e7\u00f5es em concursos p\u00fablicos.<\/p>\n\n\n\n<p>Forte abra\u00e7o<\/p>\n\n\n\n<p>Leandro Ricardo M. Silveira<\/p>\n\n\n\n<p><strong>Instagram: <\/strong><a href=\"https:\/\/www.instagram.com\/leandro.rms12\/\">https:\/\/www.instagram.com\/leandro.rms12\/<\/a><\/p>\n\n\n\n<p class=\"has-text-align-center has-medium-font-size\"><em><strong>Assinatura Anual Ilimitada*<\/strong><\/em><\/p>\n\n\n\n<p class=\"has-text-align-center\"><em>Prepare-se com o melhor material e com quem mais aprova em Concursos P\u00fablicos em todo o pa\u00eds. Assine agora a nossa Assinatura Anual e tenha acesso ilimitado* a todos os nossos cursos.<\/em><\/p>\n\n\n\n<p class=\"has-text-align-center has-light-green-cyan-background-color has-background\" style=\"font-size:clamp(14.642px, 0.915rem + ((1vw - 3.2px) * 0.721), 22px);px\"><strong>ASSINE AGORA<\/strong>&nbsp;\u2013&nbsp;<strong><a rel=\"noreferrer noopener\" href=\"https:\/\/www.estrategiaconcursos.com.br\/assinaturas\" target=\"_blank\">Assinatura Ilimitada<\/a><\/strong><\/p>\n\n\n\n<p class=\"has-text-align-center has-medium-font-size\"><strong><em><strong>Sistema de Quest\u00f5es<\/strong><\/em><\/strong><\/p>\n\n\n\n<p class=\"has-text-align-center\"><em>Estrat\u00e9gia Quest\u00f5es nasceu maior do que todos os concorrentes, com mais quest\u00f5es cadastradas e mais solu\u00e7\u00f5es por professores. Ent\u00e3o, confira e aproveite os descontos e b\u00f4nus imperd\u00edveis!<\/em><\/p>\n\n\n\n<p class=\"has-text-align-center has-vivid-green-cyan-background-color has-background\" style=\"font-size:clamp(14.642px, 0.915rem + ((1vw - 3.2px) * 0.721), 22px);px\"><strong>ASSINE AGORA \u2013&nbsp;<a href=\"https:\/\/questoes.estrategiaconcursos.com.br\/\" target=\"_blank\" rel=\"noreferrer noopener\">Sistema de Quest\u00f5es<\/a><\/strong><\/p>\n\n\n\n<p class=\"has-text-align-center has-medium-font-size\"><strong><em>Fique por dentro dos concursos em aberto<\/em><\/strong><\/p>\n\n\n\n<p class=\"has-text-align-center has-pale-cyan-blue-background-color has-background\" style=\"font-size:clamp(14.642px, 0.915rem + ((1vw - 3.2px) * 0.721), 22px);px\"><a rel=\"noreferrer noopener\" href=\"https:\/\/www.estrategiaconcursos.com.br\/blog\/concursos-abertos\/\" target=\"_blank\"><strong>CONCURSOS ABERTOS<\/strong><\/a><\/p>\n\n\n\n<p class=\"has-text-align-center has-medium-font-size\"><strong><em>As oportunidades previstas<\/em><\/strong><\/p>\n\n\n\n<p class=\"has-text-align-center has-pale-cyan-blue-background-color has-background\" style=\"font-size:clamp(14.642px, 0.915rem + ((1vw - 3.2px) * 0.721), 22px);px\"><a rel=\"noreferrer noopener\" href=\"https:\/\/www.estrategiaconcursos.com.br\/blog\/concursos-2020\/\" target=\"_blank\"><strong>CONCURSOS&nbsp;2020<\/strong><\/a><\/p>\n\n\n\n<p class=\"has-text-align-center has-pale-cyan-blue-background-color has-background\" style=\"font-size:clamp(14.642px, 0.915rem + ((1vw - 3.2px) * 0.721), 22px);px\"><a rel=\"noreferrer noopener\" href=\"https:\/\/www.estrategiaconcursos.com.br\/blog\/concursos-2021\/\" target=\"_blank\"><strong>CONCURSOS 2021<\/strong><\/a><\/p>\n","protected":false},"excerpt":{"rendered":"<p>Aprenda as principais disposi\u00e7\u00f5es sobre a ALADI (Associa\u00e7\u00e3o Latino-Americana de Integra\u00e7\u00e3o) dispostas pelo Tratado de Montevid\u00e9u Ol\u00e1, Estrategista. Tudo joia? Em nosso encontro anterior, falamos sobre a cria\u00e7\u00e3o da ALADI, seus objetivos, fun\u00e7\u00f5es e princ\u00edpios. Confira aqui. J\u00e1 nesse artigo, iremos discorrer sobre as principais disposi\u00e7\u00f5es sobre a ALADI. Um aspecto que sempre vale relembrar [&hellip;]<\/p>\n","protected":false},"author":1668,"featured_media":624726,"comment_status":"open","ping_status":"closed","sticky":false,"template":"","format":"standard","meta":{"post_tipo":"article","footnotes":""},"categories":[1983],"tags":[220032,220035,220036,220034],"tax_estado":[219963],"class_list":["post-624725","post","type-post","status-publish","format-standard","has-post-thumbnail","hentry","category-fiscal-estadual","tag-aladi","tag-orgaos","tag-principais-disposicoes","tag-votacao","tax_estado-concursos-federais"],"acf":[],"yoast_head":"<!-- This site is optimized with the Yoast SEO Premium plugin v27.2 (Yoast SEO v27.2) - https:\/\/yoast.com\/product\/yoast-seo-premium-wordpress\/ -->\n<title>Principais Disposi\u00e7\u00f5es sobre a ALADI \u2013 Tratado de Montevid\u00e9u<\/title>\n<meta name=\"description\" content=\"Aprenda as principais disposi\u00e7\u00f5es da ALADI (Associa\u00e7\u00e3o Latino-Americana de Integra\u00e7\u00e3o) dispostas pelo Tratado de Montevid\u00e9u\" \/>\n<meta name=\"robots\" content=\"index, follow, max-snippet:-1, max-image-preview:large, max-video-preview:-1\" \/>\n<link rel=\"canonical\" href=\"https:\/\/www.estrategiaconcursos.com.br\/blog\/principais-disposicoes-sobre-a-aladi-tratado-de-montevideu\/\" \/>\n<meta property=\"og:locale\" content=\"pt_BR\" \/>\n<meta property=\"og:type\" content=\"article\" \/>\n<meta property=\"og:title\" content=\"Principais Disposi\u00e7\u00f5es sobre a ALADI \u2013 Tratado de Montevid\u00e9u\" \/>\n<meta property=\"og:description\" content=\"Aprenda as principais disposi\u00e7\u00f5es da ALADI (Associa\u00e7\u00e3o Latino-Americana de Integra\u00e7\u00e3o) dispostas pelo Tratado de Montevid\u00e9u\" \/>\n<meta property=\"og:url\" content=\"https:\/\/www.estrategiaconcursos.com.br\/blog\/principais-disposicoes-sobre-a-aladi-tratado-de-montevideu\/\" \/>\n<meta property=\"og:site_name\" content=\"Estrat\u00e9gia Concursos\" \/>\n<meta property=\"article:published_time\" content=\"2020-12-14T21:54:00+00:00\" \/>\n<meta property=\"og:image\" content=\"https:\/\/dhg1h5j42swfq.cloudfront.net\/2020\/12\/08075107\/c57d8f33ef2030cb214a3042484e9d03.jpg\" \/>\n\t<meta property=\"og:image:width\" content=\"258\" \/>\n\t<meta property=\"og:image:height\" content=\"356\" \/>\n\t<meta property=\"og:image:type\" content=\"image\/jpeg\" \/>\n<meta name=\"author\" content=\"Leandro Ricardo Machado da Silveira\" \/>\n<meta name=\"twitter:card\" content=\"summary_large_image\" \/>\n<meta name=\"twitter:creator\" content=\"@EstratConcursos\" \/>\n<meta name=\"twitter:site\" content=\"@EstratConcursos\" \/>\n<meta name=\"twitter:label1\" content=\"Escrito por\" \/>\n\t<meta name=\"twitter:data1\" content=\"Leandro Ricardo Machado da Silveira\" \/>\n\t<meta name=\"twitter:label2\" content=\"Est. tempo de leitura\" \/>\n\t<meta name=\"twitter:data2\" content=\"9 minutos\" \/>\n<script type=\"application\/ld+json\" class=\"yoast-schema-graph\">{\"@context\":\"https:\/\/schema.org\",\"@graph\":[{\"@type\":\"NewsArticle\",\"@id\":\"https:\/\/www.estrategiaconcursos.com.br\/blog\/principais-disposicoes-sobre-a-aladi-tratado-de-montevideu\/#article\",\"isPartOf\":{\"@id\":\"https:\/\/www.estrategiaconcursos.com.br\/blog\/principais-disposicoes-sobre-a-aladi-tratado-de-montevideu\/\"},\"author\":{\"name\":\"Leandro Ricardo Machado da Silveira\",\"@id\":\"https:\/\/www.estrategiaconcursos.com.br\/blog\/#\/schema\/person\/c666a44fbce7e2e70009a9c13549267a\"},\"headline\":\"Principais Disposi\u00e7\u00f5es sobre a ALADI \u2013 Tratado de Montevid\u00e9u\",\"datePublished\":\"2020-12-14T21:54:00+00:00\",\"mainEntityOfPage\":{\"@id\":\"https:\/\/www.estrategiaconcursos.com.br\/blog\/principais-disposicoes-sobre-a-aladi-tratado-de-montevideu\/\"},\"wordCount\":1767,\"commentCount\":0,\"publisher\":{\"@id\":\"https:\/\/www.estrategiaconcursos.com.br\/blog\/#organization\"},\"image\":{\"@id\":\"https:\/\/www.estrategiaconcursos.com.br\/blog\/principais-disposicoes-sobre-a-aladi-tratado-de-montevideu\/#primaryimage\"},\"thumbnailUrl\":\"https:\/\/dhg1h5j42swfq.cloudfront.net\/2020\/12\/08075107\/c57d8f33ef2030cb214a3042484e9d03.jpg\",\"keywords\":[\"ALADI\",\"\u00f3rg\u00e3os\",\"principais disposi\u00e7\u00f5es\",\"vota\u00e7\u00e3o\"],\"articleSection\":[\"Fiscal - Estadual (ICMS)\"],\"inLanguage\":\"pt-BR\",\"potentialAction\":[{\"@type\":\"CommentAction\",\"name\":\"Comment\",\"target\":[\"https:\/\/www.estrategiaconcursos.com.br\/blog\/principais-disposicoes-sobre-a-aladi-tratado-de-montevideu\/#respond\"]}],\"copyrightYear\":\"2020\",\"copyrightHolder\":{\"@id\":\"https:\/\/www.estrategiaconcursos.com.br\/blog\/#organization\"}},{\"@type\":\"WebPage\",\"@id\":\"https:\/\/www.estrategiaconcursos.com.br\/blog\/principais-disposicoes-sobre-a-aladi-tratado-de-montevideu\/\",\"url\":\"https:\/\/www.estrategiaconcursos.com.br\/blog\/principais-disposicoes-sobre-a-aladi-tratado-de-montevideu\/\",\"name\":\"Principais Disposi\u00e7\u00f5es sobre a ALADI \u2013 Tratado de Montevid\u00e9u\",\"isPartOf\":{\"@id\":\"https:\/\/www.estrategiaconcursos.com.br\/blog\/#website\"},\"primaryImageOfPage\":{\"@id\":\"https:\/\/www.estrategiaconcursos.com.br\/blog\/principais-disposicoes-sobre-a-aladi-tratado-de-montevideu\/#primaryimage\"},\"image\":{\"@id\":\"https:\/\/www.estrategiaconcursos.com.br\/blog\/principais-disposicoes-sobre-a-aladi-tratado-de-montevideu\/#primaryimage\"},\"thumbnailUrl\":\"https:\/\/dhg1h5j42swfq.cloudfront.net\/2020\/12\/08075107\/c57d8f33ef2030cb214a3042484e9d03.jpg\",\"datePublished\":\"2020-12-14T21:54:00+00:00\",\"description\":\"Aprenda as principais disposi\u00e7\u00f5es da ALADI (Associa\u00e7\u00e3o Latino-Americana de Integra\u00e7\u00e3o) dispostas pelo Tratado de Montevid\u00e9u\",\"breadcrumb\":{\"@id\":\"https:\/\/www.estrategiaconcursos.com.br\/blog\/principais-disposicoes-sobre-a-aladi-tratado-de-montevideu\/#breadcrumb\"},\"inLanguage\":\"pt-BR\",\"potentialAction\":[{\"@type\":\"ReadAction\",\"target\":[\"https:\/\/www.estrategiaconcursos.com.br\/blog\/principais-disposicoes-sobre-a-aladi-tratado-de-montevideu\/\"]}]},{\"@type\":\"ImageObject\",\"inLanguage\":\"pt-BR\",\"@id\":\"https:\/\/www.estrategiaconcursos.com.br\/blog\/principais-disposicoes-sobre-a-aladi-tratado-de-montevideu\/#primaryimage\",\"url\":\"https:\/\/dhg1h5j42swfq.cloudfront.net\/2020\/12\/08075107\/c57d8f33ef2030cb214a3042484e9d03.jpg\",\"contentUrl\":\"https:\/\/dhg1h5j42swfq.cloudfront.net\/2020\/12\/08075107\/c57d8f33ef2030cb214a3042484e9d03.jpg\",\"width\":258,\"height\":356},{\"@type\":\"BreadcrumbList\",\"@id\":\"https:\/\/www.estrategiaconcursos.com.br\/blog\/principais-disposicoes-sobre-a-aladi-tratado-de-montevideu\/#breadcrumb\",\"itemListElement\":[{\"@type\":\"ListItem\",\"position\":1,\"name\":\"In\u00edcio\",\"item\":\"https:\/\/www.estrategiaconcursos.com.br\/blog\/\"},{\"@type\":\"ListItem\",\"position\":2,\"name\":\"Principais Disposi\u00e7\u00f5es sobre a ALADI \u2013 Tratado de Montevid\u00e9u\"}]},{\"@type\":\"WebSite\",\"@id\":\"https:\/\/www.estrategiaconcursos.com.br\/blog\/#website\",\"url\":\"https:\/\/www.estrategiaconcursos.com.br\/blog\/\",\"name\":\"Estrat\u00e9gia Concursos\",\"description\":\"O blog da Estrat\u00e9gia Concursos traz not\u00edcias sobre concursos e artigos de professores oferecendo cursos para concursos (pdf + videaulas) no site.\",\"publisher\":{\"@id\":\"https:\/\/www.estrategiaconcursos.com.br\/blog\/#organization\"},\"potentialAction\":[{\"@type\":\"SearchAction\",\"target\":{\"@type\":\"EntryPoint\",\"urlTemplate\":\"https:\/\/www.estrategiaconcursos.com.br\/blog\/?s={search_term_string}\"},\"query-input\":{\"@type\":\"PropertyValueSpecification\",\"valueRequired\":true,\"valueName\":\"search_term_string\"}}],\"inLanguage\":\"pt-BR\"},{\"@type\":\"Organization\",\"@id\":\"https:\/\/www.estrategiaconcursos.com.br\/blog\/#organization\",\"name\":\"Estrat\u00e9gia Concursos\",\"url\":\"https:\/\/www.estrategiaconcursos.com.br\/blog\/\",\"logo\":{\"@type\":\"ImageObject\",\"inLanguage\":\"pt-BR\",\"@id\":\"https:\/\/www.estrategiaconcursos.com.br\/blog\/#\/schema\/logo\/image\/\",\"url\":\"https:\/\/dhg1h5j42swfq.cloudfront.net\/2025\/06\/03203428\/logo_concursos-1.jpg\",\"contentUrl\":\"https:\/\/dhg1h5j42swfq.cloudfront.net\/2025\/06\/03203428\/logo_concursos-1.jpg\",\"width\":230,\"height\":60,\"caption\":\"Estrat\u00e9gia Concursos\"},\"image\":{\"@id\":\"https:\/\/www.estrategiaconcursos.com.br\/blog\/#\/schema\/logo\/image\/\"},\"sameAs\":[\"https:\/\/x.com\/EstratConcursos\"]},{\"@type\":\"Person\",\"@id\":\"https:\/\/www.estrategiaconcursos.com.br\/blog\/#\/schema\/person\/c666a44fbce7e2e70009a9c13549267a\",\"name\":\"Leandro Ricardo Machado da Silveira\",\"image\":{\"@type\":\"ImageObject\",\"inLanguage\":\"pt-BR\",\"@id\":\"https:\/\/secure.gravatar.com\/avatar\/6fb25994d16b9649838400aa459b16c1c83f558e0fd6ebebd16da0473908b291?s=96&d=mm&r=g\",\"url\":\"https:\/\/secure.gravatar.com\/avatar\/6fb25994d16b9649838400aa459b16c1c83f558e0fd6ebebd16da0473908b291?s=96&d=mm&r=g\",\"contentUrl\":\"https:\/\/secure.gravatar.com\/avatar\/6fb25994d16b9649838400aa459b16c1c83f558e0fd6ebebd16da0473908b291?s=96&d=mm&r=g\",\"caption\":\"Leandro Ricardo Machado da Silveira\"},\"description\":\"Engenheiro Aeron\u00e1utico, formado pela Universidade Federal de Uberl\u00e2ndia, possui MBA em Administra\u00e7\u00e3o e Finan\u00e7as Corporativas e aprovado nos concursos de Auditor Fiscal SEFAZ-SC e SEFAZ-GO.\",\"url\":\"https:\/\/www.estrategiaconcursos.com.br\/blog\/author\/leandro_vzthotmail-com\/\"}]}<\/script>\n<!-- \/ Yoast SEO Premium plugin. -->","yoast_head_json":{"title":"Principais Disposi\u00e7\u00f5es sobre a ALADI \u2013 Tratado de Montevid\u00e9u","description":"Aprenda as principais disposi\u00e7\u00f5es da ALADI (Associa\u00e7\u00e3o Latino-Americana de Integra\u00e7\u00e3o) dispostas pelo Tratado de Montevid\u00e9u","robots":{"index":"index","follow":"follow","max-snippet":"max-snippet:-1","max-image-preview":"max-image-preview:large","max-video-preview":"max-video-preview:-1"},"canonical":"https:\/\/www.estrategiaconcursos.com.br\/blog\/principais-disposicoes-sobre-a-aladi-tratado-de-montevideu\/","og_locale":"pt_BR","og_type":"article","og_title":"Principais Disposi\u00e7\u00f5es sobre a ALADI \u2013 Tratado de Montevid\u00e9u","og_description":"Aprenda as principais disposi\u00e7\u00f5es da ALADI (Associa\u00e7\u00e3o Latino-Americana de Integra\u00e7\u00e3o) dispostas pelo Tratado de Montevid\u00e9u","og_url":"https:\/\/www.estrategiaconcursos.com.br\/blog\/principais-disposicoes-sobre-a-aladi-tratado-de-montevideu\/","og_site_name":"Estrat\u00e9gia Concursos","article_published_time":"2020-12-14T21:54:00+00:00","og_image":[{"width":258,"height":356,"url":"https:\/\/dhg1h5j42swfq.cloudfront.net\/2020\/12\/08075107\/c57d8f33ef2030cb214a3042484e9d03.jpg","type":"image\/jpeg"}],"author":"Leandro Ricardo Machado da Silveira","twitter_card":"summary_large_image","twitter_creator":"@EstratConcursos","twitter_site":"@EstratConcursos","twitter_misc":{"Escrito por":"Leandro Ricardo Machado da Silveira","Est. tempo de leitura":"9 minutos"},"schema":{"@context":"https:\/\/schema.org","@graph":[{"@type":"NewsArticle","@id":"https:\/\/www.estrategiaconcursos.com.br\/blog\/principais-disposicoes-sobre-a-aladi-tratado-de-montevideu\/#article","isPartOf":{"@id":"https:\/\/www.estrategiaconcursos.com.br\/blog\/principais-disposicoes-sobre-a-aladi-tratado-de-montevideu\/"},"author":{"name":"Leandro Ricardo Machado da Silveira","@id":"https:\/\/www.estrategiaconcursos.com.br\/blog\/#\/schema\/person\/c666a44fbce7e2e70009a9c13549267a"},"headline":"Principais Disposi\u00e7\u00f5es sobre a ALADI \u2013 Tratado de Montevid\u00e9u","datePublished":"2020-12-14T21:54:00+00:00","mainEntityOfPage":{"@id":"https:\/\/www.estrategiaconcursos.com.br\/blog\/principais-disposicoes-sobre-a-aladi-tratado-de-montevideu\/"},"wordCount":1767,"commentCount":0,"publisher":{"@id":"https:\/\/www.estrategiaconcursos.com.br\/blog\/#organization"},"image":{"@id":"https:\/\/www.estrategiaconcursos.com.br\/blog\/principais-disposicoes-sobre-a-aladi-tratado-de-montevideu\/#primaryimage"},"thumbnailUrl":"https:\/\/dhg1h5j42swfq.cloudfront.net\/2020\/12\/08075107\/c57d8f33ef2030cb214a3042484e9d03.jpg","keywords":["ALADI","\u00f3rg\u00e3os","principais disposi\u00e7\u00f5es","vota\u00e7\u00e3o"],"articleSection":["Fiscal - Estadual (ICMS)"],"inLanguage":"pt-BR","potentialAction":[{"@type":"CommentAction","name":"Comment","target":["https:\/\/www.estrategiaconcursos.com.br\/blog\/principais-disposicoes-sobre-a-aladi-tratado-de-montevideu\/#respond"]}],"copyrightYear":"2020","copyrightHolder":{"@id":"https:\/\/www.estrategiaconcursos.com.br\/blog\/#organization"}},{"@type":"WebPage","@id":"https:\/\/www.estrategiaconcursos.com.br\/blog\/principais-disposicoes-sobre-a-aladi-tratado-de-montevideu\/","url":"https:\/\/www.estrategiaconcursos.com.br\/blog\/principais-disposicoes-sobre-a-aladi-tratado-de-montevideu\/","name":"Principais Disposi\u00e7\u00f5es sobre a ALADI \u2013 Tratado de Montevid\u00e9u","isPartOf":{"@id":"https:\/\/www.estrategiaconcursos.com.br\/blog\/#website"},"primaryImageOfPage":{"@id":"https:\/\/www.estrategiaconcursos.com.br\/blog\/principais-disposicoes-sobre-a-aladi-tratado-de-montevideu\/#primaryimage"},"image":{"@id":"https:\/\/www.estrategiaconcursos.com.br\/blog\/principais-disposicoes-sobre-a-aladi-tratado-de-montevideu\/#primaryimage"},"thumbnailUrl":"https:\/\/dhg1h5j42swfq.cloudfront.net\/2020\/12\/08075107\/c57d8f33ef2030cb214a3042484e9d03.jpg","datePublished":"2020-12-14T21:54:00+00:00","description":"Aprenda as principais disposi\u00e7\u00f5es da ALADI (Associa\u00e7\u00e3o Latino-Americana de Integra\u00e7\u00e3o) dispostas pelo Tratado de Montevid\u00e9u","breadcrumb":{"@id":"https:\/\/www.estrategiaconcursos.com.br\/blog\/principais-disposicoes-sobre-a-aladi-tratado-de-montevideu\/#breadcrumb"},"inLanguage":"pt-BR","potentialAction":[{"@type":"ReadAction","target":["https:\/\/www.estrategiaconcursos.com.br\/blog\/principais-disposicoes-sobre-a-aladi-tratado-de-montevideu\/"]}]},{"@type":"ImageObject","inLanguage":"pt-BR","@id":"https:\/\/www.estrategiaconcursos.com.br\/blog\/principais-disposicoes-sobre-a-aladi-tratado-de-montevideu\/#primaryimage","url":"https:\/\/dhg1h5j42swfq.cloudfront.net\/2020\/12\/08075107\/c57d8f33ef2030cb214a3042484e9d03.jpg","contentUrl":"https:\/\/dhg1h5j42swfq.cloudfront.net\/2020\/12\/08075107\/c57d8f33ef2030cb214a3042484e9d03.jpg","width":258,"height":356},{"@type":"BreadcrumbList","@id":"https:\/\/www.estrategiaconcursos.com.br\/blog\/principais-disposicoes-sobre-a-aladi-tratado-de-montevideu\/#breadcrumb","itemListElement":[{"@type":"ListItem","position":1,"name":"In\u00edcio","item":"https:\/\/www.estrategiaconcursos.com.br\/blog\/"},{"@type":"ListItem","position":2,"name":"Principais Disposi\u00e7\u00f5es sobre a ALADI \u2013 Tratado de Montevid\u00e9u"}]},{"@type":"WebSite","@id":"https:\/\/www.estrategiaconcursos.com.br\/blog\/#website","url":"https:\/\/www.estrategiaconcursos.com.br\/blog\/","name":"Estrat\u00e9gia Concursos","description":"O blog da Estrat\u00e9gia Concursos traz not\u00edcias sobre concursos e artigos de professores oferecendo cursos para concursos (pdf + videaulas) no site.","publisher":{"@id":"https:\/\/www.estrategiaconcursos.com.br\/blog\/#organization"},"potentialAction":[{"@type":"SearchAction","target":{"@type":"EntryPoint","urlTemplate":"https:\/\/www.estrategiaconcursos.com.br\/blog\/?s={search_term_string}"},"query-input":{"@type":"PropertyValueSpecification","valueRequired":true,"valueName":"search_term_string"}}],"inLanguage":"pt-BR"},{"@type":"Organization","@id":"https:\/\/www.estrategiaconcursos.com.br\/blog\/#organization","name":"Estrat\u00e9gia Concursos","url":"https:\/\/www.estrategiaconcursos.com.br\/blog\/","logo":{"@type":"ImageObject","inLanguage":"pt-BR","@id":"https:\/\/www.estrategiaconcursos.com.br\/blog\/#\/schema\/logo\/image\/","url":"https:\/\/dhg1h5j42swfq.cloudfront.net\/2025\/06\/03203428\/logo_concursos-1.jpg","contentUrl":"https:\/\/dhg1h5j42swfq.cloudfront.net\/2025\/06\/03203428\/logo_concursos-1.jpg","width":230,"height":60,"caption":"Estrat\u00e9gia Concursos"},"image":{"@id":"https:\/\/www.estrategiaconcursos.com.br\/blog\/#\/schema\/logo\/image\/"},"sameAs":["https:\/\/x.com\/EstratConcursos"]},{"@type":"Person","@id":"https:\/\/www.estrategiaconcursos.com.br\/blog\/#\/schema\/person\/c666a44fbce7e2e70009a9c13549267a","name":"Leandro Ricardo Machado da Silveira","image":{"@type":"ImageObject","inLanguage":"pt-BR","@id":"https:\/\/secure.gravatar.com\/avatar\/6fb25994d16b9649838400aa459b16c1c83f558e0fd6ebebd16da0473908b291?s=96&d=mm&r=g","url":"https:\/\/secure.gravatar.com\/avatar\/6fb25994d16b9649838400aa459b16c1c83f558e0fd6ebebd16da0473908b291?s=96&d=mm&r=g","contentUrl":"https:\/\/secure.gravatar.com\/avatar\/6fb25994d16b9649838400aa459b16c1c83f558e0fd6ebebd16da0473908b291?s=96&d=mm&r=g","caption":"Leandro Ricardo Machado da Silveira"},"description":"Engenheiro Aeron\u00e1utico, formado pela Universidade Federal de Uberl\u00e2ndia, possui MBA em Administra\u00e7\u00e3o e Finan\u00e7as Corporativas e aprovado nos concursos de Auditor Fiscal SEFAZ-SC e SEFAZ-GO.","url":"https:\/\/www.estrategiaconcursos.com.br\/blog\/author\/leandro_vzthotmail-com\/"}]}},"_links":{"self":[{"href":"https:\/\/www.estrategiaconcursos.com.br\/blog\/wp-json\/wp\/v2\/posts\/624725","targetHints":{"allow":["GET"]}}],"collection":[{"href":"https:\/\/www.estrategiaconcursos.com.br\/blog\/wp-json\/wp\/v2\/posts"}],"about":[{"href":"https:\/\/www.estrategiaconcursos.com.br\/blog\/wp-json\/wp\/v2\/types\/post"}],"author":[{"embeddable":true,"href":"https:\/\/www.estrategiaconcursos.com.br\/blog\/wp-json\/wp\/v2\/users\/1668"}],"replies":[{"embeddable":true,"href":"https:\/\/www.estrategiaconcursos.com.br\/blog\/wp-json\/wp\/v2\/comments?post=624725"}],"version-history":[{"count":3,"href":"https:\/\/www.estrategiaconcursos.com.br\/blog\/wp-json\/wp\/v2\/posts\/624725\/revisions"}],"predecessor-version":[{"id":630489,"href":"https:\/\/www.estrategiaconcursos.com.br\/blog\/wp-json\/wp\/v2\/posts\/624725\/revisions\/630489"}],"wp:featuredmedia":[{"embeddable":true,"href":"https:\/\/www.estrategiaconcursos.com.br\/blog\/wp-json\/wp\/v2\/media\/624726"}],"wp:attachment":[{"href":"https:\/\/www.estrategiaconcursos.com.br\/blog\/wp-json\/wp\/v2\/media?parent=624725"}],"wp:term":[{"taxonomy":"category","embeddable":true,"href":"https:\/\/www.estrategiaconcursos.com.br\/blog\/wp-json\/wp\/v2\/categories?post=624725"},{"taxonomy":"post_tag","embeddable":true,"href":"https:\/\/www.estrategiaconcursos.com.br\/blog\/wp-json\/wp\/v2\/tags?post=624725"},{"taxonomy":"tax_estado","embeddable":true,"href":"https:\/\/www.estrategiaconcursos.com.br\/blog\/wp-json\/wp\/v2\/tax_estado?post=624725"}],"curies":[{"name":"wp","href":"https:\/\/api.w.org\/{rel}","templated":true}]}}