{"id":62472,"date":"2017-01-24T07:26:00","date_gmt":"2017-01-24T10:26:00","guid":{"rendered":"https:\/\/www.estrategiaconcursos.com.br\/blog\/?p=62472"},"modified":"2017-01-24T07:26:00","modified_gmt":"2017-01-24T10:26:00","slug":"preparacao-afrfb-caracteristicas-da-prova-da-esaf","status":"publish","type":"post","link":"https:\/\/www.estrategiaconcursos.com.br\/blog\/preparacao-afrfb-caracteristicas-da-prova-da-esaf\/","title":{"rendered":"Prepara\u00e7\u00e3o AFRFB \u2013 Caracter\u00edsticas da prova da ESAF"},"content":{"rendered":"<p style=\"text-align: justify\">\n\tOl&aacute;, pessoal. Meu nome &eacute; <em>Charles Souza<\/em>, sou Auditor-Fiscal da Receita Federal e <em>coach<\/em> do Estrat&eacute;gia Concursos.\n<\/p>\n<p style=\"text-align: justify\">\n\tNesse artigo, vou falar um pouco das <strong><u>principais caracter&iacute;sticas das provas da ESAF<\/u><\/strong>, banca organizadora dos concursos da Receita Federal. Em seguida, falarei especificamente das <strong><u>caracter&iacute;sticas das provas de L&iacute;ngua Portuguesa da ESAF<\/u><\/strong>. Por fim, vou falar a respeito da incid&ecirc;ncia de um dos assuntos da prova de L&iacute;ngua Portuguesa: <u><strong><em>Concord&acirc;ncia (Verbal e Nominal)<\/em><\/strong><\/u>.\n<\/p>\n<p style=\"text-align: justify\">\n\t&nbsp;\n<\/p>\n<p style=\"text-align: justify\">\n\t<strong><u>Conhecendo a ESAF<\/u><\/strong>\n<\/p>\n<p style=\"text-align: justify\">\n\t&nbsp;\n<\/p>\n<p style=\"text-align: justify\">\n\tDe um modo geral, as provas da ESAF costumam ser bastante abrangentes, cobrando n&atilde;o apenas os textos da lei, mas tamb&eacute;m, aspectos da doutrina e da jurisprud&ecirc;ncia dominante.\n<\/p>\n<p style=\"text-align: justify\">\n\tA ESAF costuma exigir que <strong>o candidato se mantenha atualizado quanto &agrave; jurisprud&ecirc;ncia<\/strong> dos assuntos cobrados em seu conte&uacute;do program&aacute;tico. Al&eacute;m disso, n&atilde;o raras as vezes, <strong>costuma cobrar entendimentos de doutrinadores n&atilde;o t&atilde;o conhecidos<\/strong>, o que dificulta sobremaneira a linha de racioc&iacute;nio a ser adotada para aquele assunto. Uma consequ&ecirc;ncia disso &eacute; o grande n&uacute;mero de recursos nos concursos organizados pela ESAF.\n<\/p>\n<p style=\"text-align: justify\">\n\t&nbsp;\n<\/p>\n<p style=\"text-align: justify\">\n\t<strong><u>L&iacute;ngua Portuguesa &ndash; ESAF<\/u><\/strong>\n<\/p>\n<p style=\"text-align: justify\">\n\t&nbsp;\n<\/p>\n<p style=\"text-align: justify\">\n\tNo caso espec&iacute;fico da <strong>prova de L&iacute;ngua Portuguesa<\/strong>, <strong>a ESAF tem como caracter&iacute;stica cobrar <u>textos longos<\/u><\/strong>, muitas vezes <strong>com o intuito de confundir e cansar o candidato<\/strong>. Ent&atilde;o, <strong>&eacute; fundamental <u>ficar atento ao tempo que ir&aacute; gastar na prova<\/u><\/strong>.\n<\/p>\n<p style=\"text-align: justify\">\n\t<strong><u>Uma dica importante<\/u><\/strong><strong> &eacute; procurar fazer um controle do tempo gasto na resolu&ccedil;&atilde;o da prova<\/strong>. <u>Isso vale n&atilde;o apenas na resolu&ccedil;&atilde;o da prova de L&iacute;ngua Portuguesa, mas tamb&eacute;m nas demais provas<\/u>. J&aacute; vi muito candidato bem preparado ser reprovado em concurso por n&atilde;o ter administrado o tempo dispon&iacute;vel para resolu&ccedil;&atilde;o da prova.\n<\/p>\n<p style=\"text-align: justify\">\n\tOutra caracter&iacute;stica marcante das provas de L&iacute;ngua Portuguesa da ESAF &eacute; que elas <strong>costumam seguir um padr&atilde;o<\/strong>. Por isso, <strong><u>&eacute; importante resolver muitas provas anteriores<\/u><\/strong>, para se acostumar com o estilo das quest&otilde;es.\n<\/p>\n<p style=\"text-align: justify\">\n\t&nbsp;\n<\/p>\n<p style=\"text-align: justify\">\n\t<strong><u>An&aacute;lise Estat&iacute;stica<\/u><\/strong>\n<\/p>\n<p style=\"text-align: justify\">\n\t&nbsp;\n<\/p>\n<p style=\"text-align: justify\">\n\tTrago agora, para voc&ecirc;s, uma an&aacute;lise que mostra a incid&ecirc;ncia de um dos assuntos mais cobrados nas provas de L&iacute;ngua Portuguesa da ESAF: <u><strong><em>Concord&acirc;ncia (Verbal e Nominal)<\/em><\/strong><\/u>.\n<\/p>\n<p style=\"text-align: justify\">\n\tAnalisando-se os <strong>concursos organizados pela ESAF <u>nos &uacute;ltimos 5 anos<\/u> para cargos de <u>n&iacute;vel superior<\/u><\/strong>, observa-se que <strong><u><em>Concord&acirc;ncia<\/em> <em>(Verbal e Nominal) <\/em>foi efetivamente cobrado em todos eles<\/u><\/strong>. Ou seja, <u>em todas as provas dos 9 concursos de n&iacute;vel superior organizados pela ESAF nos &uacute;ltimos 5 anos, havia, pelo menos, uma quest&atilde;o abordando <strong><em>Concord&acirc;ncia (Verbal e Nominal)<\/em><\/strong><\/u>, conforme tabela abaixo:\n<\/p>\n<p style=\"text-align: justify\">\n\t&nbsp;\n<\/p>\n<table align=\"center\" border=\"1\" cellpadding=\"0\" cellspacing=\"0\" style=\"width:664px\" width=\"664\">\n<tbody>\n<tr>\n<td style=\"text-align: center;vertical-align: middle\">\n<p>\n\t\t\t\t\t<strong>ASSUNTO<\/strong>\n\t\t\t\t<\/p>\n<\/td>\n<td style=\"width: 179px;text-align: center;vertical-align: middle\">\n<p align=\"center\">\n\t\t\t\t\t<strong>Quantidade de concursos que previam os assuntos em edital<\/strong>\n\t\t\t\t<\/p>\n<\/td>\n<td style=\"width: 207px;text-align: center;vertical-align: middle\">\n<p align=\"center\">\n\t\t\t\t\t<strong>Quantidade de concursos que efetivamente cobraram os assuntos em prova<\/strong>\n\t\t\t\t<\/p>\n<\/td>\n<td style=\"width: 145px;text-align: center;vertical-align: middle\">\n<p align=\"center\">\n\t\t\t\t\t<strong>% de incid&ecirc;ncia dos assuntos nas provas da banca<\/strong>\n\t\t\t\t<\/p>\n<\/td>\n<\/tr>\n<tr>\n<td style=\"text-align: center;vertical-align: middle\">\n<p align=\"center\">\n\t\t\t\t\tConcord&acirc;ncia (Verbal e Nominal)\n\t\t\t\t<\/p>\n<\/td>\n<td style=\"width: 179px;text-align: center;vertical-align: middle\">\n<p>\n\t\t\t\t\t14\n\t\t\t\t<\/p>\n<\/td>\n<td style=\"width: 207px;text-align: center;vertical-align: middle\">\n<p>\n\t\t\t\t\t14\n\t\t\t\t<\/p>\n<\/td>\n<td style=\"width: 145px;text-align: center;vertical-align: middle\">\n<p>\n\t\t\t\t\t<strong>100%<\/strong>\n\t\t\t\t<\/p>\n<\/td>\n<\/tr>\n<\/tbody>\n<\/table>\n<p>\n\t&nbsp;\n<\/p>\n<p style=\"text-align: justify\">\n\tAdemais, como <u><strong><em>Concord&acirc;ncia (Verbal e Nominal)<\/em><\/strong><\/u> &eacute; um assunto, muitas vezes, cobrado na forma de <u>assertivas avulsas<\/u>, seria interessante observar o <u>n&uacute;mero de itens que cobraram esse assunto<\/u>. Na tabela abaixo, observa-se que, <u>de um total de 1300 assertivas nas provas de L&iacute;ngua Portuguesa dos &uacute;ltimos 14 concursos de n&iacute;vel superior realizados pela ESAF, o assunto<\/u> <u><strong><em>Concord&acirc;ncia (Verbal e Nominal)<\/em><\/strong> esteve presente em 137 itens, o que representa <strong>10,5%<\/strong><\/u>.\n<\/p>\n<p>\n\t&nbsp;\n<\/p>\n<table align=\"center\" border=\"1\" cellpadding=\"0\" cellspacing=\"0\" style=\"width:680px\" width=\"680\">\n<tbody>\n<tr>\n<td style=\"height: 66px;text-align: center;vertical-align: middle\">\n<p>\n\t\t\t\t\t<strong>ASSUNTO<\/strong>\n\t\t\t\t<\/p>\n<\/td>\n<td style=\"width: 160px;height: 66px;text-align: center;vertical-align: middle\">\n<p align=\"center\" style=\"margin-left:-5.4pt\">\n\t\t\t\t\t<strong>Total de assertivas das provas de L&iacute;ngua Portuguesa<\/strong>\n\t\t\t\t<\/p>\n<\/td>\n<td style=\"width: 149px;height: 66px;text-align: center;vertical-align: middle\">\n<p align=\"center\" style=\"margin-left:-5.4pt\">\n\t\t\t\t\t<strong>Total de assertivas em que o assunto foi abordado<\/strong>\n\t\t\t\t<\/p>\n<\/td>\n<td style=\"width: 228px;height: 66px;text-align: center;vertical-align: middle\">\n<p align=\"center\" style=\"margin-left:-5.4pt\">\n\t\t\t\t\t<strong>% de incid&ecirc;ncia do assunto no conjunto de quest&otilde;es das provas da disciplina<\/strong>\n\t\t\t\t<\/p>\n<\/td>\n<\/tr>\n<tr>\n<td style=\"height: 51px;text-align: center;vertical-align: middle\">\n<p align=\"center\">\n\t\t\t\t\tConcord&acirc;ncia (Verbal e Nominal)\n\t\t\t\t<\/p>\n<\/td>\n<td style=\"width: 160px;height: 51px;text-align: center;vertical-align: middle\">\n<p align=\"center\">\n\t\t\t\t\t1300\n\t\t\t\t<\/p>\n<\/td>\n<td style=\"width: 149px;height: 51px;text-align: center;vertical-align: middle\">\n<p align=\"center\">\n\t\t\t\t\t137\n\t\t\t\t<\/p>\n<\/td>\n<td style=\"width: 228px;height: 51px;text-align: center;vertical-align: middle\">\n<p align=\"center\">\n\t\t\t\t\t<strong>10,5%<\/strong>\n\t\t\t\t<\/p>\n<\/td>\n<\/tr>\n<\/tbody>\n<\/table>\n<div style=\"clear:both\">\n<p style=\"text-align: justify\">\n\t\t&nbsp;\n\t<\/p>\n<p style=\"text-align: justify\">\n\t\tPode parecer um n&uacute;mero pequeno. Por&eacute;m <strong>se comparado aos demais assuntos de L&iacute;ngua Portuguesa, <u>esse n&uacute;mero &eacute; bastante expressivo<\/u><\/strong>, <u>o que sinaliza para o aluno que ele deve priorizar esse assunto durante sua prepara&ccedil;&atilde;o<\/u>.\n\t<\/p>\n<\/div>\n<p style=\"text-align: justify\">\n\tOutrossim, <strong>analisando-se os tr&ecirc;s concursos de AFRFB dos &uacute;ltimos 10 anos (2009, 2012 e 2014)<\/strong>, o assunto <u><strong><em>Concord&acirc;ncia (Verbal e Nominal)<\/em><\/strong><\/u> tamb&eacute;m <u>foi efetivamente cobrado em todos eles<\/u>. J&aacute; <u>a an&aacute;lise por assertivas, mostrou uma incid&ecirc;ncia de <strong>14,3%<\/strong><\/u>, superior, inclusive, &agrave; incid&ecirc;ncia dentre todos os concursos da ESAF dos &uacute;ltimos 5 anos (10,5%), mostrado na tabela anterior. Seguem as tabelas da an&aacute;lise dos <strong>tr&ecirc;s &uacute;ltimos concursos de AFRFB<\/strong>:\n<\/p>\n<p style=\"text-align: justify\">\n\t&nbsp;\n<\/p>\n<table align=\"center\" border=\"1\" cellpadding=\"0\" cellspacing=\"0\" style=\"width:664px\" width=\"664\">\n<tbody>\n<tr>\n<td style=\"text-align: center;vertical-align: middle\">\n<p align=\"center\">\n\t\t\t\t\t<strong>ASSUNTO<\/strong>\n\t\t\t\t<\/p>\n<\/td>\n<td style=\"width: 196px;text-align: center;vertical-align: middle\">\n<p align=\"center\">\n\t\t\t\t\t<strong>Quantidade de concursos para AFRFB que previam o assunto no edital<\/strong>\n\t\t\t\t<\/p>\n<\/td>\n<td style=\"width: 202px;text-align: center;vertical-align: middle\">\n<p align=\"center\">\n\t\t\t\t\t<strong>Quantidade de concursos que efetivamente cobraram o assunto em prova<\/strong>\n\t\t\t\t<\/p>\n<\/td>\n<td style=\"text-align: center;vertical-align: middle\">\n<p align=\"center\">\n\t\t\t\t\t<strong>% de incid&ecirc;ncia do assunto nas provas de AFRFB<\/strong>\n\t\t\t\t<\/p>\n<\/td>\n<\/tr>\n<tr>\n<td style=\"text-align: center;vertical-align: middle\">\n<p align=\"center\">\n\t\t\t\t\tConcord&acirc;ncia (Verbal e Nominal)\n\t\t\t\t<\/p>\n<\/td>\n<td style=\"width: 196px;text-align: center;vertical-align: middle\">\n<p align=\"center\">\n\t\t\t\t\t3 (2009, 2012 e 2014)\n\t\t\t\t<\/p>\n<\/td>\n<td style=\"width: 202px;text-align: center;vertical-align: middle\">\n<p align=\"center\">\n\t\t\t\t\t3\n\t\t\t\t<\/p>\n<\/td>\n<td style=\"text-align: center;vertical-align: middle\">\n<p align=\"center\">\n\t\t\t\t\t<strong>100%<\/strong>\n\t\t\t\t<\/p>\n<\/td>\n<\/tr>\n<\/tbody>\n<\/table>\n<div style=\"clear:both\">\n\t&nbsp;\n<\/div>\n<div style=\"clear:both\">\n\t&nbsp;\n<\/div>\n<table align=\"center\" border=\"1\" cellpadding=\"0\" cellspacing=\"0\" style=\"width:601px\" width=\"601\">\n<tbody>\n<tr>\n<td style=\"width: 357px;text-align: center;vertical-align: middle\">\n<p align=\"center\">\n\t\t\t\t\t&nbsp;\n\t\t\t\t<\/p>\n<\/td>\n<td style=\"text-align: center;vertical-align: middle\">\n<p align=\"center\">\n\t\t\t\t\t<strong>AFRFB 2009<\/strong>\n\t\t\t\t<\/p>\n<\/td>\n<td style=\"text-align: center;vertical-align: middle\">\n<p align=\"center\">\n\t\t\t\t\t<strong>AFRFB 2012<\/strong>\n\t\t\t\t<\/p>\n<\/td>\n<td style=\"text-align: center;vertical-align: middle\">\n<p align=\"center\">\n\t\t\t\t\t<strong>AFRFB 2014<\/strong>\n\t\t\t\t<\/p>\n<\/td>\n<\/tr>\n<tr>\n<td style=\"width: 357px;height: 56px;text-align: center;vertical-align: middle\">\n<p align=\"center\">\n\t\t\t\t\tTotal de itens na prova de L&iacute;ngua Portuguesa\n\t\t\t\t<\/p>\n<\/td>\n<td style=\"height: 56px;text-align: center;vertical-align: middle\">\n<p align=\"center\">\n\t\t\t\t\t100\n\t\t\t\t<\/p>\n<\/td>\n<td style=\"height: 56px;text-align: center;vertical-align: middle\">\n<p align=\"center\">\n\t\t\t\t\t100\n\t\t\t\t<\/p>\n<\/td>\n<td style=\"height: 56px;text-align: center;vertical-align: middle\">\n<p align=\"center\">\n\t\t\t\t\t100\n\t\t\t\t<\/p>\n<\/td>\n<\/tr>\n<tr>\n<td style=\"width: 357px;height: 55px;text-align: center;vertical-align: middle\">\n<p align=\"center\">\n\t\t\t\t\tTotal de itens sobre o assunto\n\t\t\t\t<\/p>\n<\/td>\n<td style=\"height: 55px;text-align: center;vertical-align: middle\">\n<p align=\"center\">\n\t\t\t\t\t22\n\t\t\t\t<\/p>\n<\/td>\n<td style=\"height: 55px;text-align: center;vertical-align: middle\">\n<p align=\"center\">\n\t\t\t\t\t6\n\t\t\t\t<\/p>\n<\/td>\n<td style=\"height: 55px;text-align: center;vertical-align: middle\">\n<p align=\"center\">\n\t\t\t\t\t15\n\t\t\t\t<\/p>\n<\/td>\n<\/tr>\n<tr>\n<td style=\"width: 357px;text-align: center;vertical-align: middle\">\n<p align=\"center\">\n\t\t\t\t\t% de incid&ecirc;ncia do assunto na prova de L&iacute;ngua Portuguesa\n\t\t\t\t<\/p>\n<\/td>\n<td style=\"text-align: center;vertical-align: middle\">\n<p align=\"center\">\n\t\t\t\t\t22%\n\t\t\t\t<\/p>\n<\/td>\n<td style=\"text-align: center;vertical-align: middle\">\n<p align=\"center\">\n\t\t\t\t\t6%\n\t\t\t\t<\/p>\n<\/td>\n<td style=\"text-align: center;vertical-align: middle\">\n<p align=\"center\">\n\t\t\t\t\t15%\n\t\t\t\t<\/p>\n<\/td>\n<\/tr>\n<tr>\n<td style=\"width: 357px;text-align: center;vertical-align: middle\">\n<p align=\"center\">\n\t\t\t\t\t% de incid&ecirc;ncia do assunto na prova de L&iacute;ngua Portuguesa, considerando os tr&ecirc;s certames\n\t\t\t\t<\/p>\n<\/td>\n<td colspan=\"3\" style=\"text-align: center;vertical-align: middle\">\n<p align=\"center\">\n\t\t\t\t\t<strong>14,3%<\/strong>\n\t\t\t\t<\/p>\n<\/td>\n<\/tr>\n<\/tbody>\n<\/table>\n<p>\n\t&nbsp;\n<\/p>\n<p>\n\t&nbsp;\n<\/p>\n<p>\n\t<strong><u>O Passo Estrat&eacute;gico<\/u><\/strong>\n<\/p>\n<p style=\"text-align: justify\">\n\t&nbsp;\n<\/p>\n<p style=\"text-align: justify\">\n\tPois bem, se voc&ecirc; se interessou por essas informa&ccedil;&otilde;es que foram passadas, saiba que <span style=\"color:#0000FF\"><strong>elas fazem parte do novo projeto do Estrat&eacute;gia:<\/strong><\/span><span style=\"color:#0000CD\"><strong> o <\/strong><\/span><a href=\"https:\/\/www.estrategiaconcursos.com.br\/curso\/passo-estrategico-de-revisao-das-materias-basicas-p-receita-federal\/\"><strong><em>Passo Estrat&eacute;gico<\/em><\/strong><\/a>, um produto que ir&aacute; levar ao aluno dicas importantes para os estudos,<strong> <span style=\"color:#0000FF\">ajudando a revisar o conte&uacute;do estudado<\/span><\/strong>. Al&eacute;m disso, ser&aacute; importante como <span style=\"color:#0000FF\"><strong>um guia para aqueles que est&atilde;o iniciando os estudos<\/strong><\/span>, pois o aluno conhecer&aacute; a <span style=\"color:#0000FF\"><strong>caracter&iacute;stica da banca organizadora do concurso<\/strong><\/span>, bem como, quais <span style=\"color:#0000FF\"><strong>os pontos mais cobrados em cada disciplina<\/strong><\/span>.\n<\/p>\n<p style=\"text-align: justify\">\n\t&nbsp;\n<\/p>\n<p style=\"text-align: justify\">\n\tParticularmente, <span style=\"color:#0000FF\"><strong>fiquei respons&aacute;vel pela disciplina de <u>L&iacute;ngua Portuguesa<\/u><\/strong><\/span>. O aluno que adquirir o <a href=\"https:\/\/www.estrategiaconcursos.com.br\/curso\/passo-estrategico-de-revisao-das-materias-basicas-p-receita-federal\/\"><strong><em>Passo Estrat&eacute;gico<\/em><\/strong><\/a> ir&aacute; receber, <strong>diariamente<\/strong>, um relat&oacute;rio contendo, <strong>al&eacute;m das informa&ccedil;&otilde;es citadas acima <\/strong>(como, por exemplo, a <strong>An&aacute;lise Estat&iacute;stica<\/strong>), <span style=\"color:#0000FF\"><strong>simulados de quest&otilde;es in&eacute;ditas<\/strong><\/span>, que ser&atilde;o um bom teste durante a prepara&ccedil;&atilde;o.\n<\/p>\n<p style=\"text-align: justify\">\n\t&nbsp;\n<\/p>\n<p style=\"text-align: justify\">\n\tNesse primeiro momento, foi lan&ccedil;ado o <span style=\"color:#0000FF\"><strong>Passo Estrat&eacute;gico para o concurso de Auditor-Fiscal da Receita Federal (AFRFB)<\/strong><\/span>, com as mat&eacute;rias b&aacute;sicas para a prepara&ccedil;&atilde;o para esse concurso. Segue o link com mais informa&ccedil;&otilde;es a respeito:\n<\/p>\n<p style=\"text-align: justify\">\n\t<a href=\"https:\/\/www.estrategiaconcursos.com.br\/curso\/passo-estrategico-de-revisao-das-materias-basicas-p-receita-federal\/\"><strong><em>Passo Estrat&eacute;gico de Revis&atilde;o das Mat&eacute;rias B&aacute;sicas p\/ RFB<\/em><\/strong><\/a>\n<\/p>\n<p style=\"text-align: justify\">\n\t&nbsp;\n<\/p>\n<p style=\"text-align: justify\">\n\tNa sequ&ecirc;ncia, ser&atilde;o lan&ccedil;ados os <em>Passos<\/em> para &aacute;rea fiscal, tribunais, &aacute;rea de controle, dentre outros.\n<\/p>\n<p style=\"text-align: justify\">\n\t&nbsp;\n<\/p>\n<p style=\"text-align: justify\">\n\tForte abra&ccedil;o e bons estudos,\n<\/p>\n<p style=\"text-align: justify\">\n\t<em>Charles Souza<\/em><\/p>\n","protected":false},"excerpt":{"rendered":"<p>Ol&aacute;, pessoal. Meu nome &eacute; Charles Souza, sou Auditor-Fiscal da Receita Federal e coach do Estrat&eacute;gia Concursos. Nesse artigo, vou falar um pouco das principais caracter&iacute;sticas das provas da ESAF, banca organizadora dos concursos da Receita Federal. Em seguida, falarei especificamente das caracter&iacute;sticas das provas de L&iacute;ngua Portuguesa da ESAF. Por fim, vou falar a [&hellip;]<\/p>\n","protected":false},"author":185,"featured_media":0,"comment_status":"open","ping_status":"open","sticky":false,"template":"","format":"standard","meta":{"post_tipo":"article","footnotes":""},"categories":[1],"tags":[],"tax_estado":[],"class_list":["post-62472","post","type-post","status-publish","format-standard","hentry","category-cursos-e-concursos"],"acf":[],"yoast_head":"<!-- This site is optimized with the Yoast SEO Premium plugin v27.2 (Yoast SEO v27.2) - https:\/\/yoast.com\/product\/yoast-seo-premium-wordpress\/ -->\n<title>Prepara\u00e7\u00e3o AFRFB \u2013 Caracter\u00edsticas da prova da ESAF<\/title>\n<meta name=\"robots\" content=\"index, follow, max-snippet:-1, max-image-preview:large, max-video-preview:-1\" \/>\n<link rel=\"canonical\" href=\"https:\/\/www.estrategiaconcursos.com.br\/blog\/preparacao-afrfb-caracteristicas-da-prova-da-esaf\/\" \/>\n<meta property=\"og:locale\" content=\"pt_BR\" \/>\n<meta property=\"og:type\" content=\"article\" \/>\n<meta property=\"og:title\" content=\"Prepara\u00e7\u00e3o AFRFB \u2013 Caracter\u00edsticas da prova da ESAF\" \/>\n<meta property=\"og:description\" content=\"Ol&aacute;, pessoal. Meu nome &eacute; Charles Souza, sou Auditor-Fiscal da Receita Federal e coach do Estrat&eacute;gia Concursos. Nesse artigo, vou falar um pouco das principais caracter&iacute;sticas das provas da ESAF, banca organizadora dos concursos da Receita Federal. Em seguida, falarei especificamente das caracter&iacute;sticas das provas de L&iacute;ngua Portuguesa da ESAF. Por fim, vou falar a [&hellip;]\" \/>\n<meta property=\"og:url\" content=\"https:\/\/www.estrategiaconcursos.com.br\/blog\/preparacao-afrfb-caracteristicas-da-prova-da-esaf\/\" \/>\n<meta property=\"og:site_name\" content=\"Estrat\u00e9gia Concursos\" \/>\n<meta property=\"article:published_time\" content=\"2017-01-24T10:26:00+00:00\" \/>\n<meta name=\"author\" content=\"Charles Souza\" \/>\n<meta name=\"twitter:card\" content=\"summary_large_image\" \/>\n<meta name=\"twitter:creator\" content=\"@EstratConcursos\" \/>\n<meta name=\"twitter:site\" content=\"@EstratConcursos\" \/>\n<meta name=\"twitter:label1\" content=\"Escrito por\" \/>\n\t<meta name=\"twitter:data1\" content=\"Charles Souza\" \/>\n\t<meta name=\"twitter:label2\" content=\"Est. tempo de leitura\" \/>\n\t<meta name=\"twitter:data2\" content=\"6 minutos\" \/>\n<script type=\"application\/ld+json\" class=\"yoast-schema-graph\">{\"@context\":\"https:\/\/schema.org\",\"@graph\":[{\"@type\":\"NewsArticle\",\"@id\":\"https:\/\/www.estrategiaconcursos.com.br\/blog\/preparacao-afrfb-caracteristicas-da-prova-da-esaf\/#article\",\"isPartOf\":{\"@id\":\"https:\/\/www.estrategiaconcursos.com.br\/blog\/preparacao-afrfb-caracteristicas-da-prova-da-esaf\/\"},\"author\":{\"name\":\"Charles Souza\",\"@id\":\"https:\/\/www.estrategiaconcursos.com.br\/blog\/#\/schema\/person\/d8bd873edfa6609b98ad25aa0c9261a2\"},\"headline\":\"Prepara\u00e7\u00e3o AFRFB \u2013 Caracter\u00edsticas da prova da ESAF\",\"datePublished\":\"2017-01-24T10:26:00+00:00\",\"mainEntityOfPage\":{\"@id\":\"https:\/\/www.estrategiaconcursos.com.br\/blog\/preparacao-afrfb-caracteristicas-da-prova-da-esaf\/\"},\"wordCount\":1154,\"commentCount\":0,\"publisher\":{\"@id\":\"https:\/\/www.estrategiaconcursos.com.br\/blog\/#organization\"},\"articleSection\":[\"Concursos P\u00fablicos\"],\"inLanguage\":\"pt-BR\",\"potentialAction\":[{\"@type\":\"CommentAction\",\"name\":\"Comment\",\"target\":[\"https:\/\/www.estrategiaconcursos.com.br\/blog\/preparacao-afrfb-caracteristicas-da-prova-da-esaf\/#respond\"]}],\"copyrightYear\":\"2017\",\"copyrightHolder\":{\"@id\":\"https:\/\/www.estrategiaconcursos.com.br\/blog\/#organization\"}},{\"@type\":\"WebPage\",\"@id\":\"https:\/\/www.estrategiaconcursos.com.br\/blog\/preparacao-afrfb-caracteristicas-da-prova-da-esaf\/\",\"url\":\"https:\/\/www.estrategiaconcursos.com.br\/blog\/preparacao-afrfb-caracteristicas-da-prova-da-esaf\/\",\"name\":\"Prepara\u00e7\u00e3o AFRFB \u2013 Caracter\u00edsticas da prova da ESAF\",\"isPartOf\":{\"@id\":\"https:\/\/www.estrategiaconcursos.com.br\/blog\/#website\"},\"datePublished\":\"2017-01-24T10:26:00+00:00\",\"breadcrumb\":{\"@id\":\"https:\/\/www.estrategiaconcursos.com.br\/blog\/preparacao-afrfb-caracteristicas-da-prova-da-esaf\/#breadcrumb\"},\"inLanguage\":\"pt-BR\",\"potentialAction\":[{\"@type\":\"ReadAction\",\"target\":[\"https:\/\/www.estrategiaconcursos.com.br\/blog\/preparacao-afrfb-caracteristicas-da-prova-da-esaf\/\"]}]},{\"@type\":\"BreadcrumbList\",\"@id\":\"https:\/\/www.estrategiaconcursos.com.br\/blog\/preparacao-afrfb-caracteristicas-da-prova-da-esaf\/#breadcrumb\",\"itemListElement\":[{\"@type\":\"ListItem\",\"position\":1,\"name\":\"In\u00edcio\",\"item\":\"https:\/\/www.estrategiaconcursos.com.br\/blog\/\"},{\"@type\":\"ListItem\",\"position\":2,\"name\":\"Prepara\u00e7\u00e3o AFRFB \u2013 Caracter\u00edsticas da prova da ESAF\"}]},{\"@type\":\"WebSite\",\"@id\":\"https:\/\/www.estrategiaconcursos.com.br\/blog\/#website\",\"url\":\"https:\/\/www.estrategiaconcursos.com.br\/blog\/\",\"name\":\"Estrat\u00e9gia Concursos\",\"description\":\"O blog da Estrat\u00e9gia Concursos traz not\u00edcias sobre concursos e artigos de professores oferecendo cursos para concursos (pdf + videaulas) no site.\",\"publisher\":{\"@id\":\"https:\/\/www.estrategiaconcursos.com.br\/blog\/#organization\"},\"potentialAction\":[{\"@type\":\"SearchAction\",\"target\":{\"@type\":\"EntryPoint\",\"urlTemplate\":\"https:\/\/www.estrategiaconcursos.com.br\/blog\/?s={search_term_string}\"},\"query-input\":{\"@type\":\"PropertyValueSpecification\",\"valueRequired\":true,\"valueName\":\"search_term_string\"}}],\"inLanguage\":\"pt-BR\"},{\"@type\":\"Organization\",\"@id\":\"https:\/\/www.estrategiaconcursos.com.br\/blog\/#organization\",\"name\":\"Estrat\u00e9gia Concursos\",\"url\":\"https:\/\/www.estrategiaconcursos.com.br\/blog\/\",\"logo\":{\"@type\":\"ImageObject\",\"inLanguage\":\"pt-BR\",\"@id\":\"https:\/\/www.estrategiaconcursos.com.br\/blog\/#\/schema\/logo\/image\/\",\"url\":\"https:\/\/dhg1h5j42swfq.cloudfront.net\/2025\/06\/03203428\/logo_concursos-1.jpg\",\"contentUrl\":\"https:\/\/dhg1h5j42swfq.cloudfront.net\/2025\/06\/03203428\/logo_concursos-1.jpg\",\"width\":230,\"height\":60,\"caption\":\"Estrat\u00e9gia Concursos\"},\"image\":{\"@id\":\"https:\/\/www.estrategiaconcursos.com.br\/blog\/#\/schema\/logo\/image\/\"},\"sameAs\":[\"https:\/\/x.com\/EstratConcursos\"]},{\"@type\":\"Person\",\"@id\":\"https:\/\/www.estrategiaconcursos.com.br\/blog\/#\/schema\/person\/d8bd873edfa6609b98ad25aa0c9261a2\",\"name\":\"Charles Souza\",\"image\":{\"@type\":\"ImageObject\",\"inLanguage\":\"pt-BR\",\"@id\":\"https:\/\/secure.gravatar.com\/avatar\/04647bb07790da7532aac346637b01e8370440d3bf1b4f7366ac520c2f4ab617?s=96&d=mm&r=g\",\"url\":\"https:\/\/secure.gravatar.com\/avatar\/04647bb07790da7532aac346637b01e8370440d3bf1b4f7366ac520c2f4ab617?s=96&d=mm&r=g\",\"contentUrl\":\"https:\/\/secure.gravatar.com\/avatar\/04647bb07790da7532aac346637b01e8370440d3bf1b4f7366ac520c2f4ab617?s=96&d=mm&r=g\",\"caption\":\"Charles Souza\"},\"url\":\"https:\/\/www.estrategiaconcursos.com.br\/blog\/author\/charlessouzaestrategiaconcursos-com-br\/\"}]}<\/script>\n<!-- \/ Yoast SEO Premium plugin. -->","yoast_head_json":{"title":"Prepara\u00e7\u00e3o AFRFB \u2013 Caracter\u00edsticas da prova da ESAF","robots":{"index":"index","follow":"follow","max-snippet":"max-snippet:-1","max-image-preview":"max-image-preview:large","max-video-preview":"max-video-preview:-1"},"canonical":"https:\/\/www.estrategiaconcursos.com.br\/blog\/preparacao-afrfb-caracteristicas-da-prova-da-esaf\/","og_locale":"pt_BR","og_type":"article","og_title":"Prepara\u00e7\u00e3o AFRFB \u2013 Caracter\u00edsticas da prova da ESAF","og_description":"Ol&aacute;, pessoal. Meu nome &eacute; Charles Souza, sou Auditor-Fiscal da Receita Federal e coach do Estrat&eacute;gia Concursos. Nesse artigo, vou falar um pouco das principais caracter&iacute;sticas das provas da ESAF, banca organizadora dos concursos da Receita Federal. Em seguida, falarei especificamente das caracter&iacute;sticas das provas de L&iacute;ngua Portuguesa da ESAF. Por fim, vou falar a [&hellip;]","og_url":"https:\/\/www.estrategiaconcursos.com.br\/blog\/preparacao-afrfb-caracteristicas-da-prova-da-esaf\/","og_site_name":"Estrat\u00e9gia Concursos","article_published_time":"2017-01-24T10:26:00+00:00","author":"Charles Souza","twitter_card":"summary_large_image","twitter_creator":"@EstratConcursos","twitter_site":"@EstratConcursos","twitter_misc":{"Escrito por":"Charles Souza","Est. tempo de leitura":"6 minutos"},"schema":{"@context":"https:\/\/schema.org","@graph":[{"@type":"NewsArticle","@id":"https:\/\/www.estrategiaconcursos.com.br\/blog\/preparacao-afrfb-caracteristicas-da-prova-da-esaf\/#article","isPartOf":{"@id":"https:\/\/www.estrategiaconcursos.com.br\/blog\/preparacao-afrfb-caracteristicas-da-prova-da-esaf\/"},"author":{"name":"Charles Souza","@id":"https:\/\/www.estrategiaconcursos.com.br\/blog\/#\/schema\/person\/d8bd873edfa6609b98ad25aa0c9261a2"},"headline":"Prepara\u00e7\u00e3o AFRFB \u2013 Caracter\u00edsticas da prova da ESAF","datePublished":"2017-01-24T10:26:00+00:00","mainEntityOfPage":{"@id":"https:\/\/www.estrategiaconcursos.com.br\/blog\/preparacao-afrfb-caracteristicas-da-prova-da-esaf\/"},"wordCount":1154,"commentCount":0,"publisher":{"@id":"https:\/\/www.estrategiaconcursos.com.br\/blog\/#organization"},"articleSection":["Concursos P\u00fablicos"],"inLanguage":"pt-BR","potentialAction":[{"@type":"CommentAction","name":"Comment","target":["https:\/\/www.estrategiaconcursos.com.br\/blog\/preparacao-afrfb-caracteristicas-da-prova-da-esaf\/#respond"]}],"copyrightYear":"2017","copyrightHolder":{"@id":"https:\/\/www.estrategiaconcursos.com.br\/blog\/#organization"}},{"@type":"WebPage","@id":"https:\/\/www.estrategiaconcursos.com.br\/blog\/preparacao-afrfb-caracteristicas-da-prova-da-esaf\/","url":"https:\/\/www.estrategiaconcursos.com.br\/blog\/preparacao-afrfb-caracteristicas-da-prova-da-esaf\/","name":"Prepara\u00e7\u00e3o AFRFB \u2013 Caracter\u00edsticas da prova da ESAF","isPartOf":{"@id":"https:\/\/www.estrategiaconcursos.com.br\/blog\/#website"},"datePublished":"2017-01-24T10:26:00+00:00","breadcrumb":{"@id":"https:\/\/www.estrategiaconcursos.com.br\/blog\/preparacao-afrfb-caracteristicas-da-prova-da-esaf\/#breadcrumb"},"inLanguage":"pt-BR","potentialAction":[{"@type":"ReadAction","target":["https:\/\/www.estrategiaconcursos.com.br\/blog\/preparacao-afrfb-caracteristicas-da-prova-da-esaf\/"]}]},{"@type":"BreadcrumbList","@id":"https:\/\/www.estrategiaconcursos.com.br\/blog\/preparacao-afrfb-caracteristicas-da-prova-da-esaf\/#breadcrumb","itemListElement":[{"@type":"ListItem","position":1,"name":"In\u00edcio","item":"https:\/\/www.estrategiaconcursos.com.br\/blog\/"},{"@type":"ListItem","position":2,"name":"Prepara\u00e7\u00e3o AFRFB \u2013 Caracter\u00edsticas da prova da ESAF"}]},{"@type":"WebSite","@id":"https:\/\/www.estrategiaconcursos.com.br\/blog\/#website","url":"https:\/\/www.estrategiaconcursos.com.br\/blog\/","name":"Estrat\u00e9gia Concursos","description":"O blog da Estrat\u00e9gia Concursos traz not\u00edcias sobre concursos e artigos de professores oferecendo cursos para concursos (pdf + videaulas) no site.","publisher":{"@id":"https:\/\/www.estrategiaconcursos.com.br\/blog\/#organization"},"potentialAction":[{"@type":"SearchAction","target":{"@type":"EntryPoint","urlTemplate":"https:\/\/www.estrategiaconcursos.com.br\/blog\/?s={search_term_string}"},"query-input":{"@type":"PropertyValueSpecification","valueRequired":true,"valueName":"search_term_string"}}],"inLanguage":"pt-BR"},{"@type":"Organization","@id":"https:\/\/www.estrategiaconcursos.com.br\/blog\/#organization","name":"Estrat\u00e9gia Concursos","url":"https:\/\/www.estrategiaconcursos.com.br\/blog\/","logo":{"@type":"ImageObject","inLanguage":"pt-BR","@id":"https:\/\/www.estrategiaconcursos.com.br\/blog\/#\/schema\/logo\/image\/","url":"https:\/\/dhg1h5j42swfq.cloudfront.net\/2025\/06\/03203428\/logo_concursos-1.jpg","contentUrl":"https:\/\/dhg1h5j42swfq.cloudfront.net\/2025\/06\/03203428\/logo_concursos-1.jpg","width":230,"height":60,"caption":"Estrat\u00e9gia Concursos"},"image":{"@id":"https:\/\/www.estrategiaconcursos.com.br\/blog\/#\/schema\/logo\/image\/"},"sameAs":["https:\/\/x.com\/EstratConcursos"]},{"@type":"Person","@id":"https:\/\/www.estrategiaconcursos.com.br\/blog\/#\/schema\/person\/d8bd873edfa6609b98ad25aa0c9261a2","name":"Charles Souza","image":{"@type":"ImageObject","inLanguage":"pt-BR","@id":"https:\/\/secure.gravatar.com\/avatar\/04647bb07790da7532aac346637b01e8370440d3bf1b4f7366ac520c2f4ab617?s=96&d=mm&r=g","url":"https:\/\/secure.gravatar.com\/avatar\/04647bb07790da7532aac346637b01e8370440d3bf1b4f7366ac520c2f4ab617?s=96&d=mm&r=g","contentUrl":"https:\/\/secure.gravatar.com\/avatar\/04647bb07790da7532aac346637b01e8370440d3bf1b4f7366ac520c2f4ab617?s=96&d=mm&r=g","caption":"Charles Souza"},"url":"https:\/\/www.estrategiaconcursos.com.br\/blog\/author\/charlessouzaestrategiaconcursos-com-br\/"}]}},"_links":{"self":[{"href":"https:\/\/www.estrategiaconcursos.com.br\/blog\/wp-json\/wp\/v2\/posts\/62472","targetHints":{"allow":["GET"]}}],"collection":[{"href":"https:\/\/www.estrategiaconcursos.com.br\/blog\/wp-json\/wp\/v2\/posts"}],"about":[{"href":"https:\/\/www.estrategiaconcursos.com.br\/blog\/wp-json\/wp\/v2\/types\/post"}],"author":[{"embeddable":true,"href":"https:\/\/www.estrategiaconcursos.com.br\/blog\/wp-json\/wp\/v2\/users\/185"}],"replies":[{"embeddable":true,"href":"https:\/\/www.estrategiaconcursos.com.br\/blog\/wp-json\/wp\/v2\/comments?post=62472"}],"version-history":[{"count":8,"href":"https:\/\/www.estrategiaconcursos.com.br\/blog\/wp-json\/wp\/v2\/posts\/62472\/revisions"}],"predecessor-version":[{"id":62481,"href":"https:\/\/www.estrategiaconcursos.com.br\/blog\/wp-json\/wp\/v2\/posts\/62472\/revisions\/62481"}],"wp:attachment":[{"href":"https:\/\/www.estrategiaconcursos.com.br\/blog\/wp-json\/wp\/v2\/media?parent=62472"}],"wp:term":[{"taxonomy":"category","embeddable":true,"href":"https:\/\/www.estrategiaconcursos.com.br\/blog\/wp-json\/wp\/v2\/categories?post=62472"},{"taxonomy":"post_tag","embeddable":true,"href":"https:\/\/www.estrategiaconcursos.com.br\/blog\/wp-json\/wp\/v2\/tags?post=62472"},{"taxonomy":"tax_estado","embeddable":true,"href":"https:\/\/www.estrategiaconcursos.com.br\/blog\/wp-json\/wp\/v2\/tax_estado?post=62472"}],"curies":[{"name":"wp","href":"https:\/\/api.w.org\/{rel}","templated":true}]}}