{"id":624027,"date":"2020-12-07T09:58:14","date_gmt":"2020-12-07T12:58:14","guid":{"rendered":"https:\/\/www.estrategiaconcursos.com.br\/blog\/?p=624027"},"modified":"2023-06-13T09:56:53","modified_gmt":"2023-06-13T12:56:53","slug":"cancelado-concurso-conims","status":"publish","type":"post","link":"https:\/\/www.estrategiaconcursos.com.br\/blog\/cancelado-concurso-conims\/","title":{"rendered":"Comiss\u00e3o Especial decide cancelar o concurso CONIMS. Confira!"},"content":{"rendered":"\n<p>Aten\u00e7\u00e3o, concurseiros que se inscreveram no concurso CONIMS (Cons\u00f3rcio Intermunicipal de Sa\u00fade), foi anunciado pela comiss\u00e3o especial o cancelamento do concurso.<\/p>\n\n\n\n<p>As provas estavam previstas para 13 de dezembro de 2020, na cidade de Pato Branco, Estado do Paran\u00e1. A raz\u00e3o do cancelamento, segundo o documento publicado, s\u00e3o os crescentes casos do Coronav\u00edrus (COVID-19). <a rel=\"noreferrer noopener\" href=\"https:\/\/dhg1h5j42swfq.cloudfront.net\/2020\/12\/07092902\/EDITAL_DE_CANCELAMENTO_DO_CONCURSO1.pdf\" target=\"_blank\">Veja aqui o edital de cancelamento<\/a>.<\/p>\n\n\n\n<p>Os candidatos que pagaram a inscri\u00e7\u00e3o do Concurso P\u00fablico dever\u00e3o solicitar a devolu\u00e7\u00e3o ao Cons\u00f3rcio Intermunicipal de Sa\u00fade -CONIMS, somente atrav\u00e9s&nbsp;<a rel=\"noreferrer noopener\" href=\"https:\/\/docs.google.com\/forms\/d\/1FVjd8x2XU-Y3g_xTSM-HQIgYBHmTdhvz7s7My71D4EA\/viewform?edit_requested=true\" target=\"_blank\">deste link<\/a>, informando os dados necess\u00e1rios a devolu\u00e7\u00e3o.<\/p>\n\n\n\n<p>O concurso CONIMS ofertava&nbsp;<strong>28 vagas<\/strong>&nbsp;imediatas para ampla concorr\u00eancia e<strong>&nbsp;58&nbsp;<\/strong>para cadastro de reserva.<\/p>\n\n\n\n<h2 class=\"wp-block-heading\" id=\"cargos\">Veja os cargos, vagas e remunera\u00e7\u00f5es do concurso CONIMS<\/h2>\n\n\n\n<p><strong>N\u00edvel Superior<\/strong><\/p>\n\n\n\n<ul class=\"wp-block-list\">\n<li>Agente Administrativo (3 CR)<\/li>\n\n\n\n<li>Assistente Social (1)<\/li>\n\n\n\n<li>Educador F\u00edsico (1)<\/li>\n\n\n\n<li>Enfermeiro (1+ 4 CR)<\/li>\n\n\n\n<li>Enfermeiro II (5)<\/li>\n\n\n\n<li>Farmac\u00eautico I (1)<\/li>\n\n\n\n<li>Farmac\u00eautico II (1)<\/li>\n\n\n\n<li>M\u00e9dico Cl\u00ednico Geral II (1)<\/li>\n\n\n\n<li>Pedagogo (1)<\/li>\n\n\n\n<li>Psic\u00f3logo (1)<\/li>\n\n\n\n<li>Terapeuta Ocupacional (1)<\/li>\n<\/ul>\n\n\n\n<p><strong>N\u00edvel M\u00e9dio\/ T\u00e9cnico<\/strong><\/p>\n\n\n\n<ul class=\"wp-block-list\">\n<li>Auxiliar Administrativo I (3+ 18 CR)<\/li>\n\n\n\n<li>Auxiliar de Consult\u00f3rio Dent\u00e1rio (1)<\/li>\n\n\n\n<li>T\u00e9cnico de Enfermagem I (1+24CR)<\/li>\n\n\n\n<li>T\u00e9cnico de Enfermagem II (6+ 1 afrodescente)<\/li>\n<\/ul>\n\n\n\n<p><strong>N\u00edvel Fundamental<\/strong><\/p>\n\n\n\n<ul class=\"wp-block-list\">\n<li>Auxiliar de Servi\u00e7os Gerais (3+ 9 CR)<\/li>\n<\/ul>\n\n\n\n<p>A remunera\u00e7\u00e3o ofertada variava de&nbsp;<strong>R$ 1.366,72<\/strong>&nbsp;a&nbsp;<strong>R$ 7.965,56,<\/strong>&nbsp;com carga hor\u00e1ria que vai de 20 a 40 horas semanais, a depender do cargo pretendido.<\/p>\n\n\n\n<p class=\"has-text-align-center has-cyan-bluish-gray-background-color has-background\">Saiba mais: <a href=\"https:\/\/www.estrategiaconcursos.com.br\/blog\/concurso-conims\/\" target=\"_blank\" rel=\"noreferrer noopener\">concurso <strong>CONIMS<\/strong><\/a><\/p>\n\n\n\n<h2 class=\"wp-block-heading has-text-align-center\" id=\"curso\"><strong>Quer estudar para o concurso CONIMS?<\/strong><\/h2>\n\n\n\n<div class=\"container\" id=\"boxes\">\n  <div class=\"row\">\n\n    <div class=\"col-sm\">\n      <div class=\"banner-estrategia\" id=\"box-assinatura\">\n        <h3 class=\"titulo-assinatura\">Cursos CONIMS<\/h3>\n        <p class=\"subtitulo-assinatura\">Conhe\u00e7a os cursos<\/p>\n        <div class=\"box-botao\">\n          <a class=\"btn-assinatura\" target=\"_blank\" href=\"https:\/\/www.estrategiaconcursos.com.br\/cursosPorConcurso\/consorcio-intermunicipal-de-saude-da-pato-branco-pr-conims\/\" role=\"button\" rel=\"noopener noreferrer\">Conhe\u00e7a mais<\/a>\n        <\/div>\n      <\/div>\n      <p class=\"texto-auxiliar\">Prepare-se com o melhor material e com quem mais aprova em Concursos P\u00fablicos em todo o pa\u00eds.<\/p>\n    <\/div>\n\n  <\/div>\n<\/div>\n\n\n\n<div class=\"container\" id=\"boxes\">\n  <div class=\"row\">\n\n    <div class=\"col-sm\">\n      <div class=\"estrategia\" id=\"box-assinatura\">\n        <h3 class=\"titulo-assinatura\">Assinatura Ilimitada<\/h3>\n        <p class=\"subtitulo-assinatura\">Assinatura Anual Ilimitada*<\/p>\n        <div class=\"box-botao\">\n          <a class=\"btn-assinatura\" target=\"_blank\" href=\"https:\/\/www.estrategiaconcursos.com.br\/assinaturas\/\" role=\"button\" rel=\"noopener noreferrer\">ASSINE AGORA<\/a>\n        <\/div>\n      <\/div>\n      <p class=\"texto-auxiliar\">Prepare-se com o melhor material e com quem mais aprova em Concursos P\u00fablicos em todo o pa\u00eds. Assine agora a nossa Assinatura Anual e tenha acesso ilimitado* a todos os nossos cursos.<\/p>\n    <\/div>\n\n    <div class=\"col-sm\">\n      <div class=\"questoes\" id=\"box-assinatura\">\n        <h3 class=\"titulo-assinatura\">Sistema de Quest\u00f5es<\/h3>\n        <p class=\"subtitulo-assinatura\">Assinatura Ilimitada*\n<\/p>\n        <div class=\"box-botao\">\n          <a class=\"btn-assinatura\" target=\"_blank\" href=\"https:\/\/www.estrategiaconcursos.com.br\/cursosPorConcurso\/sistema-de-questoes\/#\/\" role=\"button\" rel=\"noopener noreferrer\">ASSINE AGORA<\/a>\n        <\/div>\n      <\/div>\n      <p class=\"texto-auxiliar\">Estrat\u00e9gia Quest\u00f5es nasceu maior do que todos os concorrentes, com mais quest\u00f5es cadastradas e mais solu\u00e7\u00f5es por professores. Clique no link e aproveite os descontos e b\u00f4nus imperd\u00edveis!<\/p>\n    <\/div>\n  <\/div>\n<\/div>\n","protected":false},"excerpt":{"rendered":"<p>Aten\u00e7\u00e3o, concurseiros que se inscreveram no concurso CONIMS (Cons\u00f3rcio Intermunicipal de Sa\u00fade), foi anunciado pela comiss\u00e3o especial o cancelamento do concurso. As provas estavam previstas para 13 de dezembro de 2020, na cidade de Pato Branco, Estado do Paran\u00e1. A raz\u00e3o do cancelamento, segundo o documento publicado, s\u00e3o os crescentes casos do Coronav\u00edrus (COVID-19). Veja [&hellip;]<\/p>\n","protected":false},"author":571,"featured_media":0,"comment_status":"open","ping_status":"closed","sticky":false,"template":"","format":"standard","meta":{"post_tipo":"article","footnotes":""},"categories":[1981],"tags":[],"tax_estado":[219974],"class_list":["post-624027","post","type-post","status-publish","format-standard","hentry","category-saude","tax_estado-mg"],"acf":[],"yoast_head":"<!-- This site is optimized with the Yoast SEO Premium plugin v27.2 (Yoast SEO v27.2) - https:\/\/yoast.com\/product\/yoast-seo-premium-wordpress\/ -->\n<title>Comiss\u00e3o Especial decide cancelar o concurso CONIMS. Confira!<\/title>\n<meta name=\"description\" content=\"Aten\u00e7\u00e3o concurseiros que se inscreveram no concurso CONIMS! Foi anunciado pela comiss\u00e3o especial o cancelamento do concurso.\" \/>\n<meta name=\"robots\" content=\"index, follow, max-snippet:-1, max-image-preview:large, max-video-preview:-1\" \/>\n<link rel=\"canonical\" href=\"https:\/\/www.estrategiaconcursos.com.br\/blog\/cancelado-concurso-conims\/\" \/>\n<meta property=\"og:locale\" content=\"pt_BR\" \/>\n<meta property=\"og:type\" content=\"article\" \/>\n<meta property=\"og:title\" content=\"Comiss\u00e3o Especial decide cancelar o concurso CONIMS. Confira!\" \/>\n<meta property=\"og:description\" content=\"Aten\u00e7\u00e3o concurseiros que se inscreveram no concurso CONIMS! Foi anunciado pela comiss\u00e3o especial o cancelamento do concurso.\" \/>\n<meta property=\"og:url\" content=\"https:\/\/www.estrategiaconcursos.com.br\/blog\/cancelado-concurso-conims\/\" \/>\n<meta property=\"og:site_name\" content=\"Estrat\u00e9gia Concursos\" \/>\n<meta property=\"article:published_time\" content=\"2020-12-07T12:58:14+00:00\" \/>\n<meta property=\"article:modified_time\" content=\"2023-06-13T12:56:53+00:00\" \/>\n<meta name=\"author\" content=\"Marina Becalli\" \/>\n<meta name=\"twitter:card\" content=\"summary_large_image\" \/>\n<meta name=\"twitter:creator\" content=\"@EstratConcursos\" \/>\n<meta name=\"twitter:site\" content=\"@EstratConcursos\" \/>\n<meta name=\"twitter:label1\" content=\"Escrito por\" \/>\n\t<meta name=\"twitter:data1\" content=\"Marina Becalli\" \/>\n\t<meta name=\"twitter:label2\" content=\"Est. tempo de leitura\" \/>\n\t<meta name=\"twitter:data2\" content=\"2 minutos\" \/>\n<script type=\"application\/ld+json\" class=\"yoast-schema-graph\">{\"@context\":\"https:\/\/schema.org\",\"@graph\":[{\"@type\":\"NewsArticle\",\"@id\":\"https:\/\/www.estrategiaconcursos.com.br\/blog\/cancelado-concurso-conims\/#article\",\"isPartOf\":{\"@id\":\"https:\/\/www.estrategiaconcursos.com.br\/blog\/cancelado-concurso-conims\/\"},\"author\":{\"name\":\"Marina Becalli\",\"@id\":\"https:\/\/www.estrategiaconcursos.com.br\/blog\/#\/schema\/person\/1e2475595233595270d17e0208f89ba3\"},\"headline\":\"Comiss\u00e3o Especial decide cancelar o concurso CONIMS. Confira!\",\"datePublished\":\"2020-12-07T12:58:14+00:00\",\"dateModified\":\"2023-06-13T12:56:53+00:00\",\"mainEntityOfPage\":{\"@id\":\"https:\/\/www.estrategiaconcursos.com.br\/blog\/cancelado-concurso-conims\/\"},\"wordCount\":360,\"commentCount\":0,\"publisher\":{\"@id\":\"https:\/\/www.estrategiaconcursos.com.br\/blog\/#organization\"},\"articleSection\":[\"Sa\u00fade\"],\"inLanguage\":\"pt-BR\",\"potentialAction\":[{\"@type\":\"CommentAction\",\"name\":\"Comment\",\"target\":[\"https:\/\/www.estrategiaconcursos.com.br\/blog\/cancelado-concurso-conims\/#respond\"]}],\"copyrightYear\":\"2020\",\"copyrightHolder\":{\"@id\":\"https:\/\/www.estrategiaconcursos.com.br\/blog\/#organization\"}},{\"@type\":\"WebPage\",\"@id\":\"https:\/\/www.estrategiaconcursos.com.br\/blog\/cancelado-concurso-conims\/\",\"url\":\"https:\/\/www.estrategiaconcursos.com.br\/blog\/cancelado-concurso-conims\/\",\"name\":\"Comiss\u00e3o Especial decide cancelar o concurso CONIMS. Confira!\",\"isPartOf\":{\"@id\":\"https:\/\/www.estrategiaconcursos.com.br\/blog\/#website\"},\"datePublished\":\"2020-12-07T12:58:14+00:00\",\"dateModified\":\"2023-06-13T12:56:53+00:00\",\"description\":\"Aten\u00e7\u00e3o concurseiros que se inscreveram no concurso CONIMS! Foi anunciado pela comiss\u00e3o especial o cancelamento do concurso.\",\"breadcrumb\":{\"@id\":\"https:\/\/www.estrategiaconcursos.com.br\/blog\/cancelado-concurso-conims\/#breadcrumb\"},\"inLanguage\":\"pt-BR\",\"potentialAction\":[{\"@type\":\"ReadAction\",\"target\":[\"https:\/\/www.estrategiaconcursos.com.br\/blog\/cancelado-concurso-conims\/\"]}]},{\"@type\":\"BreadcrumbList\",\"@id\":\"https:\/\/www.estrategiaconcursos.com.br\/blog\/cancelado-concurso-conims\/#breadcrumb\",\"itemListElement\":[{\"@type\":\"ListItem\",\"position\":1,\"name\":\"In\u00edcio\",\"item\":\"https:\/\/www.estrategiaconcursos.com.br\/blog\/\"},{\"@type\":\"ListItem\",\"position\":2,\"name\":\"Comiss\u00e3o Especial decide cancelar o concurso CONIMS. Confira!\"}]},{\"@type\":\"WebSite\",\"@id\":\"https:\/\/www.estrategiaconcursos.com.br\/blog\/#website\",\"url\":\"https:\/\/www.estrategiaconcursos.com.br\/blog\/\",\"name\":\"Estrat\u00e9gia Concursos\",\"description\":\"O blog da Estrat\u00e9gia Concursos traz not\u00edcias sobre concursos e artigos de professores oferecendo cursos para concursos (pdf + videaulas) no site.\",\"publisher\":{\"@id\":\"https:\/\/www.estrategiaconcursos.com.br\/blog\/#organization\"},\"potentialAction\":[{\"@type\":\"SearchAction\",\"target\":{\"@type\":\"EntryPoint\",\"urlTemplate\":\"https:\/\/www.estrategiaconcursos.com.br\/blog\/?s={search_term_string}\"},\"query-input\":{\"@type\":\"PropertyValueSpecification\",\"valueRequired\":true,\"valueName\":\"search_term_string\"}}],\"inLanguage\":\"pt-BR\"},{\"@type\":\"Organization\",\"@id\":\"https:\/\/www.estrategiaconcursos.com.br\/blog\/#organization\",\"name\":\"Estrat\u00e9gia Concursos\",\"url\":\"https:\/\/www.estrategiaconcursos.com.br\/blog\/\",\"logo\":{\"@type\":\"ImageObject\",\"inLanguage\":\"pt-BR\",\"@id\":\"https:\/\/www.estrategiaconcursos.com.br\/blog\/#\/schema\/logo\/image\/\",\"url\":\"https:\/\/dhg1h5j42swfq.cloudfront.net\/2025\/06\/03203428\/logo_concursos-1.jpg\",\"contentUrl\":\"https:\/\/dhg1h5j42swfq.cloudfront.net\/2025\/06\/03203428\/logo_concursos-1.jpg\",\"width\":230,\"height\":60,\"caption\":\"Estrat\u00e9gia Concursos\"},\"image\":{\"@id\":\"https:\/\/www.estrategiaconcursos.com.br\/blog\/#\/schema\/logo\/image\/\"},\"sameAs\":[\"https:\/\/x.com\/EstratConcursos\"]},{\"@type\":\"Person\",\"@id\":\"https:\/\/www.estrategiaconcursos.com.br\/blog\/#\/schema\/person\/1e2475595233595270d17e0208f89ba3\",\"name\":\"Marina Becalli\",\"image\":{\"@type\":\"ImageObject\",\"inLanguage\":\"pt-BR\",\"@id\":\"https:\/\/secure.gravatar.com\/avatar\/67fe85e0ba78cec86bca2a6aa240c72b754ad6f23a83ff554c5baca29367fde2?s=96&d=mm&r=g\",\"url\":\"https:\/\/secure.gravatar.com\/avatar\/67fe85e0ba78cec86bca2a6aa240c72b754ad6f23a83ff554c5baca29367fde2?s=96&d=mm&r=g\",\"contentUrl\":\"https:\/\/secure.gravatar.com\/avatar\/67fe85e0ba78cec86bca2a6aa240c72b754ad6f23a83ff554c5baca29367fde2?s=96&d=mm&r=g\",\"caption\":\"Marina Becalli\"},\"url\":\"https:\/\/www.estrategiaconcursos.com.br\/blog\/author\/marinapbeccalligmail-com\/\"}]}<\/script>\n<!-- \/ Yoast SEO Premium plugin. -->","yoast_head_json":{"title":"Comiss\u00e3o Especial decide cancelar o concurso CONIMS. Confira!","description":"Aten\u00e7\u00e3o concurseiros que se inscreveram no concurso CONIMS! Foi anunciado pela comiss\u00e3o especial o cancelamento do concurso.","robots":{"index":"index","follow":"follow","max-snippet":"max-snippet:-1","max-image-preview":"max-image-preview:large","max-video-preview":"max-video-preview:-1"},"canonical":"https:\/\/www.estrategiaconcursos.com.br\/blog\/cancelado-concurso-conims\/","og_locale":"pt_BR","og_type":"article","og_title":"Comiss\u00e3o Especial decide cancelar o concurso CONIMS. Confira!","og_description":"Aten\u00e7\u00e3o concurseiros que se inscreveram no concurso CONIMS! Foi anunciado pela comiss\u00e3o especial o cancelamento do concurso.","og_url":"https:\/\/www.estrategiaconcursos.com.br\/blog\/cancelado-concurso-conims\/","og_site_name":"Estrat\u00e9gia Concursos","article_published_time":"2020-12-07T12:58:14+00:00","article_modified_time":"2023-06-13T12:56:53+00:00","author":"Marina Becalli","twitter_card":"summary_large_image","twitter_creator":"@EstratConcursos","twitter_site":"@EstratConcursos","twitter_misc":{"Escrito por":"Marina Becalli","Est. tempo de leitura":"2 minutos"},"schema":{"@context":"https:\/\/schema.org","@graph":[{"@type":"NewsArticle","@id":"https:\/\/www.estrategiaconcursos.com.br\/blog\/cancelado-concurso-conims\/#article","isPartOf":{"@id":"https:\/\/www.estrategiaconcursos.com.br\/blog\/cancelado-concurso-conims\/"},"author":{"name":"Marina Becalli","@id":"https:\/\/www.estrategiaconcursos.com.br\/blog\/#\/schema\/person\/1e2475595233595270d17e0208f89ba3"},"headline":"Comiss\u00e3o Especial decide cancelar o concurso CONIMS. Confira!","datePublished":"2020-12-07T12:58:14+00:00","dateModified":"2023-06-13T12:56:53+00:00","mainEntityOfPage":{"@id":"https:\/\/www.estrategiaconcursos.com.br\/blog\/cancelado-concurso-conims\/"},"wordCount":360,"commentCount":0,"publisher":{"@id":"https:\/\/www.estrategiaconcursos.com.br\/blog\/#organization"},"articleSection":["Sa\u00fade"],"inLanguage":"pt-BR","potentialAction":[{"@type":"CommentAction","name":"Comment","target":["https:\/\/www.estrategiaconcursos.com.br\/blog\/cancelado-concurso-conims\/#respond"]}],"copyrightYear":"2020","copyrightHolder":{"@id":"https:\/\/www.estrategiaconcursos.com.br\/blog\/#organization"}},{"@type":"WebPage","@id":"https:\/\/www.estrategiaconcursos.com.br\/blog\/cancelado-concurso-conims\/","url":"https:\/\/www.estrategiaconcursos.com.br\/blog\/cancelado-concurso-conims\/","name":"Comiss\u00e3o Especial decide cancelar o concurso CONIMS. Confira!","isPartOf":{"@id":"https:\/\/www.estrategiaconcursos.com.br\/blog\/#website"},"datePublished":"2020-12-07T12:58:14+00:00","dateModified":"2023-06-13T12:56:53+00:00","description":"Aten\u00e7\u00e3o concurseiros que se inscreveram no concurso CONIMS! Foi anunciado pela comiss\u00e3o especial o cancelamento do concurso.","breadcrumb":{"@id":"https:\/\/www.estrategiaconcursos.com.br\/blog\/cancelado-concurso-conims\/#breadcrumb"},"inLanguage":"pt-BR","potentialAction":[{"@type":"ReadAction","target":["https:\/\/www.estrategiaconcursos.com.br\/blog\/cancelado-concurso-conims\/"]}]},{"@type":"BreadcrumbList","@id":"https:\/\/www.estrategiaconcursos.com.br\/blog\/cancelado-concurso-conims\/#breadcrumb","itemListElement":[{"@type":"ListItem","position":1,"name":"In\u00edcio","item":"https:\/\/www.estrategiaconcursos.com.br\/blog\/"},{"@type":"ListItem","position":2,"name":"Comiss\u00e3o Especial decide cancelar o concurso CONIMS. Confira!"}]},{"@type":"WebSite","@id":"https:\/\/www.estrategiaconcursos.com.br\/blog\/#website","url":"https:\/\/www.estrategiaconcursos.com.br\/blog\/","name":"Estrat\u00e9gia Concursos","description":"O blog da Estrat\u00e9gia Concursos traz not\u00edcias sobre concursos e artigos de professores oferecendo cursos para concursos (pdf + videaulas) no site.","publisher":{"@id":"https:\/\/www.estrategiaconcursos.com.br\/blog\/#organization"},"potentialAction":[{"@type":"SearchAction","target":{"@type":"EntryPoint","urlTemplate":"https:\/\/www.estrategiaconcursos.com.br\/blog\/?s={search_term_string}"},"query-input":{"@type":"PropertyValueSpecification","valueRequired":true,"valueName":"search_term_string"}}],"inLanguage":"pt-BR"},{"@type":"Organization","@id":"https:\/\/www.estrategiaconcursos.com.br\/blog\/#organization","name":"Estrat\u00e9gia Concursos","url":"https:\/\/www.estrategiaconcursos.com.br\/blog\/","logo":{"@type":"ImageObject","inLanguage":"pt-BR","@id":"https:\/\/www.estrategiaconcursos.com.br\/blog\/#\/schema\/logo\/image\/","url":"https:\/\/dhg1h5j42swfq.cloudfront.net\/2025\/06\/03203428\/logo_concursos-1.jpg","contentUrl":"https:\/\/dhg1h5j42swfq.cloudfront.net\/2025\/06\/03203428\/logo_concursos-1.jpg","width":230,"height":60,"caption":"Estrat\u00e9gia Concursos"},"image":{"@id":"https:\/\/www.estrategiaconcursos.com.br\/blog\/#\/schema\/logo\/image\/"},"sameAs":["https:\/\/x.com\/EstratConcursos"]},{"@type":"Person","@id":"https:\/\/www.estrategiaconcursos.com.br\/blog\/#\/schema\/person\/1e2475595233595270d17e0208f89ba3","name":"Marina Becalli","image":{"@type":"ImageObject","inLanguage":"pt-BR","@id":"https:\/\/secure.gravatar.com\/avatar\/67fe85e0ba78cec86bca2a6aa240c72b754ad6f23a83ff554c5baca29367fde2?s=96&d=mm&r=g","url":"https:\/\/secure.gravatar.com\/avatar\/67fe85e0ba78cec86bca2a6aa240c72b754ad6f23a83ff554c5baca29367fde2?s=96&d=mm&r=g","contentUrl":"https:\/\/secure.gravatar.com\/avatar\/67fe85e0ba78cec86bca2a6aa240c72b754ad6f23a83ff554c5baca29367fde2?s=96&d=mm&r=g","caption":"Marina Becalli"},"url":"https:\/\/www.estrategiaconcursos.com.br\/blog\/author\/marinapbeccalligmail-com\/"}]}},"_links":{"self":[{"href":"https:\/\/www.estrategiaconcursos.com.br\/blog\/wp-json\/wp\/v2\/posts\/624027","targetHints":{"allow":["GET"]}}],"collection":[{"href":"https:\/\/www.estrategiaconcursos.com.br\/blog\/wp-json\/wp\/v2\/posts"}],"about":[{"href":"https:\/\/www.estrategiaconcursos.com.br\/blog\/wp-json\/wp\/v2\/types\/post"}],"author":[{"embeddable":true,"href":"https:\/\/www.estrategiaconcursos.com.br\/blog\/wp-json\/wp\/v2\/users\/571"}],"replies":[{"embeddable":true,"href":"https:\/\/www.estrategiaconcursos.com.br\/blog\/wp-json\/wp\/v2\/comments?post=624027"}],"version-history":[{"count":8,"href":"https:\/\/www.estrategiaconcursos.com.br\/blog\/wp-json\/wp\/v2\/posts\/624027\/revisions"}],"predecessor-version":[{"id":1231249,"href":"https:\/\/www.estrategiaconcursos.com.br\/blog\/wp-json\/wp\/v2\/posts\/624027\/revisions\/1231249"}],"wp:attachment":[{"href":"https:\/\/www.estrategiaconcursos.com.br\/blog\/wp-json\/wp\/v2\/media?parent=624027"}],"wp:term":[{"taxonomy":"category","embeddable":true,"href":"https:\/\/www.estrategiaconcursos.com.br\/blog\/wp-json\/wp\/v2\/categories?post=624027"},{"taxonomy":"post_tag","embeddable":true,"href":"https:\/\/www.estrategiaconcursos.com.br\/blog\/wp-json\/wp\/v2\/tags?post=624027"},{"taxonomy":"tax_estado","embeddable":true,"href":"https:\/\/www.estrategiaconcursos.com.br\/blog\/wp-json\/wp\/v2\/tax_estado?post=624027"}],"curies":[{"name":"wp","href":"https:\/\/api.w.org\/{rel}","templated":true}]}}