{"id":623966,"date":"2020-12-13T08:36:00","date_gmt":"2020-12-13T11:36:00","guid":{"rendered":"https:\/\/www.estrategiaconcursos.com.br\/blog\/?p=623966"},"modified":"2021-01-21T11:48:13","modified_gmt":"2021-01-21T14:48:13","slug":"a-criacao-da-aladi-instituida-pelo-tratado-de-montevideu-1980","status":"publish","type":"post","link":"https:\/\/www.estrategiaconcursos.com.br\/blog\/a-criacao-da-aladi-instituida-pelo-tratado-de-montevideu-1980\/","title":{"rendered":"A Cria\u00e7\u00e3o da ALADI institu\u00edda pelo Tratado de Montevid\u00e9u"},"content":{"rendered":"\n<p class=\"has-medium-font-size\">Veja como foi a cria\u00e7\u00e3o da Associa\u00e7\u00e3o Latino-Americana de Integra\u00e7\u00e3o<\/p>\n\n\n\n<div class=\"wp-block-image\"><figure class=\"aligncenter size-medium\"><img loading=\"lazy\" decoding=\"async\" width=\"300\" height=\"225\" src=\"https:\/\/dhg1h5j42swfq.cloudfront.net\/2020\/12\/07083446\/hqdefault-300x225.jpg\" alt=\"Ilustra\u00e7\u00e3o com o mapa da Am\u00e9rica Latina e o logo da Aladi\" class=\"wp-image-623967\" srcset=\"https:\/\/dhg1h5j42swfq.cloudfront.net\/2020\/12\/07083446\/hqdefault-300x225.jpg 300w, https:\/\/dhg1h5j42swfq.cloudfront.net\/2020\/12\/07083446\/hqdefault.jpg 480w\" sizes=\"auto, (max-width: 300px) 100vw, 300px\" \/><figcaption>A Cria\u00e7\u00e3o da ALADI<\/figcaption><\/figure><\/div>\n\n\n\n<p>Ol\u00e1, Estrategista. Tudo joia?<\/p>\n\n\n\n<p>O tema de hoje \u00e9 sobre a cria\u00e7\u00e3o da ALADI (As\u00adsocia\u00e7\u00e3o Latino-Americana de Integra\u00e7\u00e3o). J\u00e1 tinha ouvido falar sobre esse bloco?<\/p>\n\n\n\n<p>Se voc\u00ea acha que o <a href=\"https:\/\/www.estrategiaconcursos.com.br\/blog\/saiba-mais-sobre-a-criacao-do-mercosul-sua-instituicao-e-o-tratado-de-assuncao\/\" target=\"_blank\" rel=\"noreferrer noopener\">Mercosul<\/a> \u00e9 o maior bloco das Am\u00e9ricas do qual o Brasil participa, se enganou. A ALADI \u00e9 o maior grupo latino-americano de integra\u00e7\u00e3o.<\/p>\n\n\n\n<p>Mas para falarmos da ALADI, primeiramente precisamos contar brevemente sobre a ALALC (Associa\u00e7\u00e3o Latino-Americana de Livre-Com\u00e9rcio), uma tentativa de estabelecer uma <strong>\u00c1rea de Livre Com\u00e9rcio<\/strong> em 1960 na Am\u00e9rica Latina. <\/p>\n\n\n\n<p>O objetivo final da ALALC era de estabelecer um <strong>Mercado Comum, <\/strong>atrav\u00e9s da \u00e1rea de livre com\u00e9rcio. O curioso \u00e9 que a cria\u00e7\u00e3o da ALALC tamb\u00e9m foi pelo Tratado de Montevid\u00e9u, na edi\u00e7\u00e3o de 1960.<\/p>\n\n\n\n<h2 class=\"wp-block-heading\" id=\"h-a-cria-o-da-aladi-institu-da-pelo-tratado-de-montevid-u-1980\">A Cria\u00e7\u00e3o da ALADI institu\u00edda pelo Tratado de Montevid\u00e9u (1980)<\/h2>\n\n\n\n<p>J\u00e1 em 1980, o Tratado de Montevid\u00e9u instituiu a ALADI, que partiu de uma altera\u00e7\u00e3o na estrat\u00e9gia de integra\u00e7\u00e3o proposta pela ALALC.<\/p>\n\n\n\n<p>O Tratado de Montevid\u00e9u de 1980 respondeu \u00e0 necessidade de superar as dificuldades de integra\u00e7\u00e3o observadas no \u00e2mbito da ALALC.<\/p>\n\n\n\n<p>Sendo assim, o objetivo da ALADI \u00e9 criar um mercado comum latino-americano, <u><strong>sem metas nem cronogramas predeterminados<\/strong><\/u>, em um \u00e2mbito flex\u00edvel e, ao possibilitar a cria\u00e7\u00e3o de relacionamentos bilaterais e sub-regionais, permite desenvolver um processo de inte\u00adgra\u00e7\u00e3o com ritmos diferentes e com uma perspectiva convergente, <u><strong><span style=\"text-decoration: underline;\">mediante o abandono da cl\u00e1usula da na\u00e7\u00e3o mais favorecida.<\/span><\/strong><\/u><\/p>\n\n\n\n<p><strong>Adendo:<\/strong> Talvez esse seja o par\u00e1grafo mais importante para nos atermos, quando o assunto \u00e9 ALADI. Isso porque os objetivos acima fogem de tudo que estudamos sobre outros blocos, ainda mais quando falamos em <strong>abandono da cl\u00e1usula da na\u00e7\u00e3o mais favorecida<\/strong>.<\/p>\n\n\n\n<p>O Tratado de Montevid\u00e9u 1980, para alcan\u00e7ar seu objetivo, estabelece uma <strong>\u00c1rea de Prefer\u00eancias Econ\u00f4micas<\/strong>, composta por 3 mecanismos b\u00e1sicos:<\/p>\n\n\n\n<ul class=\"wp-block-list\"><li>Prefer\u00eancia Tarif\u00e1ria Regional (PTR);<\/li><li>Acordos de Alcance Regional; e<\/li><li>Acordos de Alcance Parcial.<\/li><\/ul>\n\n\n\n<p>Ao mesmo tempo, este esquema se apoia em 5 princ\u00edpios reitores, que s\u00e3o os pilares da ALADI:<\/p>\n\n\n\n<ul class=\"wp-block-list\"><li>Pluralismo;<\/li><li>Converg\u00eancia;<\/li><li>Flexibilidade;<\/li><li>Multiplicidade; e<\/li><li>Tratamentos diferenciais.<\/li><\/ul>\n\n\n\n<p>Al\u00e9m dos mecanismos e princ\u00edpios, o Tratado estabelece 3 fun\u00e7\u00f5es b\u00e1sicas:<\/p>\n\n\n\n<ol class=\"wp-block-list\" type=\"1\"><li>Promo\u00e7\u00e3o e regula\u00e7\u00e3o do com\u00e9rcio;<\/li><li>Complementa\u00e7\u00e3o econ\u00f4mica; e<\/li><li>A\u00e7\u00f5es de coopera\u00e7\u00e3o para coadjuvar a amplia\u00e7\u00e3o dos mercados.<\/li><\/ol>\n\n\n\n<p>Al\u00e9m disso, a ALADI inclui um Sistema de Apoio aos pa\u00edses de menor desenvolvimento econ\u00f4mico relativo (PMDERs), visando impulsionar suas economias de forma mais acelerada.<\/p>\n\n\n\n<h2 class=\"wp-block-heading\" id=\"h-rg-os-da-aladi\">\u00d3rg\u00e3os da ALADI<\/h2>\n\n\n\n<p>A organiza\u00e7\u00e3o institucional da ALADI consta dom tr\u00eas \u00f3rg\u00e3os pol\u00edticos:<\/p>\n\n\n\n<ol class=\"wp-block-list\" type=\"1\"><li>Conselho de Ministros das Rela\u00e7\u00f5es Exteriores;<\/li><li>Confer\u00ad\u00eancia de Avalia\u00e7\u00e3o e Converg\u00eancia e o Comit\u00ea de Representantes;<\/li><li>Secretaria Geral: \u00f3rg\u00e3o t\u00e9cnico.<\/li><\/ol>\n\n\n\n<p><strong>Cabe ainda acrescentar que esse novo tratado, em contrapartida \u00e0 ALALC, \u00e9 mais amplo em seus objetivos geogr\u00e1ficos<\/strong>. Ou seja, abre as portas da regi\u00e3o para a coopera\u00e7\u00e3o e converg\u00eancia com outros pa\u00edses e \u00e1reas de integra\u00e7\u00e3o da Am\u00e9rica Latina, al\u00e9m de coopera\u00e7\u00e3o horizontal com outras \u00e1reas de integra\u00e7\u00e3o e vincula\u00e7\u00e3o com outros pa\u00edses em desenvolvimento.<\/p>\n\n\n\n<h2 class=\"wp-block-heading\" id=\"h-pa-ses-membros-da-aladi\">Pa\u00edses Membros da ALADI<\/h2>\n\n\n\n<p>O Tratado de Montevid\u00e9u 1980 foi assinado por 11 pa\u00edses-membros: Argentina, Bol\u00edvia, <strong>Brasil<\/strong>, Col\u00f4mbia, Chile, Equador, M\u00e9xico, Paraguai, Peru, Uruguai e Venezuela.<\/p>\n\n\n\n<p>Em 1999, deu-se a primeira ades\u00e3o ao Tratado de Montevid\u00e9u 1980, com a incorpora\u00e7\u00e3o de<strong> Cuba<\/strong> como pa\u00eds-membro da Associa\u00e7\u00e3o.<\/p>\n\n\n\n<p>Posteriormente, em 10 de maio de 2012, o Panam\u00e1 passou a ser o 13\u00ba pa\u00eds-membro da ALADI.<\/p>\n\n\n\n<p>Quando da assinatura do Tratado de Montevid\u00e9u para a cria\u00e7\u00e3o da ALADI, os pa\u00edses assinantes estavam convencidos de que a integra\u00e7\u00e3o econ\u00f4mica regional \u00e9 um dos principais meios para que os pa\u00edses da Am\u00e9rica Latina possam acelerar seu processo de desenvolvimento econ\u00f4mico e social, de forma a assegurar um melhor n\u00edvel de vida para seus povos.<\/p>\n\n\n\n<h2 class=\"wp-block-heading\" id=\"h-aladi-objetivos-fun-es-e-princ-pios\">ALADI: objetivos, fun\u00e7\u00f5es e princ\u00edpios<\/h2>\n\n\n\n<p>O objetivo da ALADI \u00e9 o desenvolvimento das seguintes <strong>fun\u00e7\u00f5es b\u00e1sicas<\/strong>:<\/p>\n\n\n\n<ul class=\"wp-block-list\"><li>Pro\u00admo\u00e7\u00e3o e regula\u00e7\u00e3o do com\u00e9rcio rec\u00edproco;<\/li><li>Complementa\u00e7\u00e3o econ\u00f4mica; e<\/li><li>Desenvolvimento das a\u00e7\u00f5es de coopera\u00e7\u00e3o econ\u00f4mica que ajudem na amplia\u00e7\u00e3o dos mercados.<\/li><\/ul>\n\n\n\n<p>Para o cumprimento das fun\u00e7\u00f5es b\u00e1sicas da Associa\u00e7\u00e3o, os pa\u00edses-membros estabelecem uma <strong>\u00e1rea de prefer\u00eancias econ\u00f4micas<\/strong>, composta por uma <strong>prefer\u00eancia tarif\u00e1ria regional<\/strong>.<\/p>\n\n\n\n<p><strong>Adendo: <\/strong>os acordos de alcance regional s\u00e3o aqueles dos quais participam todos os pa\u00edses-membros. J\u00e1 os acordos de alcance parcial s\u00e3o aqueles de cuja celebra\u00e7\u00e3o n\u00e3o participa a totalidade dos pa\u00edses-membros.<\/p>\n\n\n\n<p>Na consecu\u00e7\u00e3o desses objetivos, os pa\u00edses levar\u00e3o em conta os seguintes princ\u00edpios:<\/p>\n\n\n\n<ol class=\"wp-block-list\" type=\"1\"><li><strong>Pluralismo<\/strong>, sustentado na vontade dos pa\u00edses-membros para sua in\u00adtegra\u00e7\u00e3o, acima da diversidade que em mat\u00e9ria pol\u00edtica e econ\u00f4mica possa existir na regi\u00e3o;<\/li><li><strong>Converg\u00eancia<\/strong>, que se traduz na multilateraliza\u00e7\u00e3o progressiva dos acordos de alcance parcial, atrav\u00e9s de negocia\u00e7\u00f5es peri\u00f3dicas entre os pa\u00edses-membros, em fun\u00e7\u00e3o do estabelecimento do mercado comum latino-americano;<\/li><li><strong>Flexibilidade<\/strong>, caracterizada pela capacidade para permitir a celebra\u00e7\u00e3o de acordos de alcance parcial;<\/li><li><strong>Tratamentos diferenciais<\/strong>, estabelecidos na forma que em cada caso se determine, tanto nos mecanismos de alcance regional como nos de alcance parcial, com base em 3 categorias de pa\u00edses, que se inte\u00adgrar\u00e3o levando em conta suas caracter\u00edsticas econ\u00f4mico-estruturais. Esses tratamentos ser\u00e3o aplicados em determinada magnitude aos pa\u00edses de <strong>desenvolvimento m\u00e9dio<\/strong> e de maneira mais favor\u00e1vel aos pa\u00edses de <strong>menor desenvolvimento econ\u00f4mico relativo<\/strong>; e<\/li><li><strong>Multiplicidade<\/strong>, para possibilitar distintas formas de ajustes entre os pa\u00edses-membros, em harmonia com os objetivos e fun\u00e7\u00f5es do processo de integra\u00e7\u00e3o, utilizando todos os instrumentos capazes de dinamizar e ampliar os mercados a n\u00edvel regional.<\/li><\/ol>\n\n\n\n<p>Todo esse processo ter\u00e1 como objetivo a <strong>LONGO PRAZO<\/strong> o estabelecimento, em forma <strong>gradual e progressiva<\/strong>, de um <strong>MERCADO COMUM<\/strong> latino-americano.<\/p>\n\n\n\n<h2 class=\"wp-block-heading\" id=\"h-acordos-de-alcance-parcial\">Acordos de Alcance Parcial<\/h2>\n\n\n\n<p>Os acordos de alcance parcial basicamente poder\u00e3o ser comerciais, de comple\u00admenta\u00e7\u00e3o econ\u00f4mica, agropecu\u00e1rios ou de promo\u00e7\u00e3o do com\u00e9rcio.<\/p>\n\n\n\n<p>Al\u00e9m disso, esses acordos de alcance parcial dever\u00e3o observar as seguintes regras:<\/p>\n\n\n\n<ol class=\"wp-block-list\" type=\"a\"><li><strong>Dever\u00e3o estar abertos \u00e0 ades\u00e3o dos demais pa\u00edses-membros<\/strong>;<\/li><li>Dever\u00e3o conter cl\u00e1usulas que propiciem a converg\u00eancia, a fim de que seus benef\u00edcios alcancem a todos os pa\u00edses-membros;<\/li><li>Poder\u00e3o conter cl\u00e1usulas que propiciem a converg\u00eancia com outros pa\u00edses latino-americanos, em conformidade com os mecanismos es\u00adtabelecidos no presente Tratado;<\/li><li>Conter\u00e3o tratamentos diferenciais em fun\u00e7\u00e3o das tr\u00eas categorias de pa\u00edses reconhecidas pelo presente Tratado;<\/li><li>A desgrava\u00e7\u00e3o poder\u00e1 realizar-se para os mesmos produtos ou sub\u00adposi\u00e7\u00f5es tarif\u00e1rias e com base em uma redu\u00e7\u00e3o percentual referente aos gravames aplicados \u00e0 importa\u00e7\u00e3o origin\u00e1ria dos pa\u00edses n\u00e3o par\u00adticipantes;<\/li><li>Dever\u00e3o ter um <strong>prazo m\u00ednimo de um ano de dura\u00e7\u00e3o<\/strong>; e<\/li><li>Poder\u00e3o conter, entre outras, normas espec\u00edficas em mat\u00e9ria de ori\u00adgem, cl\u00e1usulas de salvaguarda, restri\u00e7\u00f5es n\u00e3o-tarif\u00e1rias, retirada de concess\u00f5es, renegocia\u00e7\u00e3o de concess\u00f5es, den\u00fancia, coordena\u00e7\u00e3o e harmoniza\u00e7\u00e3o de pol\u00edticas.<\/li><\/ol>\n\n\n\n<h2 class=\"wp-block-heading\" id=\"h-finalizando\">Finalizando<\/h2>\n\n\n\n<p>Nesse artigo, tivemos a oportunidade de entender o processo de cria\u00e7\u00e3o da ALADI, que veio como resposta a uma malsucedida tentativa de integra\u00e7\u00e3o econ\u00f4mica pela ALALC.<\/p>\n\n\n\n<p>Como forma de lograr \u00eaxito, a ALADI estabelece regras mais flex\u00edveis de integra\u00e7\u00e3o econ\u00f4mica sem metas e cronogramas pr\u00e9-estabelecidos, inclusive com a possibilidade de&nbsp;abandono da cl\u00e1usula da na\u00e7\u00e3o mais favorecida.<\/p>\n\n\n\n<p>Caso queira saber mais detalhes desse e de outros assuntos sobre <a href=\"https:\/\/www.estrategiaconcursos.com.br\/cursosPorMateria\/comercio-internacional-26\/\" target=\"_blank\" rel=\"noreferrer noopener\">Com\u00e9rcio Internacional<\/a>, com milhares de exerc\u00edcios resolvidos e muitos exemplos pr\u00e1ticos, n\u00e3o hesite em ver nossos materiais sobre o tema. <\/p>\n\n\n\n<p>Nossos materiais s\u00e3o elaborados pelos melhores professores da \u00e1rea. S\u00e3o justamente esses materiais que fazem do Estrat\u00e9gia o l\u00edder em aprova\u00e7\u00f5es em concursos p\u00fablicos.<\/p>\n\n\n\n<p>Forte abra\u00e7o<\/p>\n\n\n\n<p>Leandro Ricardo M. Silveira<\/p>\n\n\n\n<p><strong>Instagram: <\/strong><a href=\"https:\/\/www.instagram.com\/leandro.rms12\/\">https:\/\/www.instagram.com\/leandro.rms12\/<\/a><\/p>\n\n\n\n<p class=\"has-text-align-center has-medium-font-size\"><em><strong>Assinatura Anual Ilimitada*<\/strong><\/em><\/p>\n\n\n\n<p class=\"has-text-align-center\"><em>Prepare-se com o melhor material e com quem mais aprova em Concursos P\u00fablicos em todo o pa\u00eds. Assine agora a nossa Assinatura Anual e tenha acesso ilimitado* a todos os nossos cursos.<\/em><\/p>\n\n\n\n<p class=\"has-text-align-center has-light-green-cyan-background-color has-background\" style=\"font-size:clamp(14.642px, 0.915rem + ((1vw - 3.2px) * 0.721), 22px);px\"><strong>ASSINE AGORA<\/strong>&nbsp;\u2013&nbsp;<strong><a rel=\"noreferrer noopener\" href=\"https:\/\/www.estrategiaconcursos.com.br\/assinaturas\" target=\"_blank\">Assinatura Ilimitada<\/a><\/strong><\/p>\n\n\n\n<p class=\"has-text-align-center has-medium-font-size\"><strong><em><strong>Sistema de Quest\u00f5es<\/strong><\/em><\/strong><\/p>\n\n\n\n<p class=\"has-text-align-center\"><em>Estrat\u00e9gia Quest\u00f5es nasceu maior do que todos os concorrentes, com mais quest\u00f5es cadastradas e mais solu\u00e7\u00f5es por professores. Ent\u00e3o, confira e aproveite os descontos e b\u00f4nus imperd\u00edveis!<\/em><\/p>\n\n\n\n<p class=\"has-text-align-center has-vivid-green-cyan-background-color has-background\" style=\"font-size:clamp(14.642px, 0.915rem + ((1vw - 3.2px) * 0.721), 22px);px\"><strong>ASSINE AGORA \u2013&nbsp;<a href=\"https:\/\/questoes.estrategiaconcursos.com.br\/\" target=\"_blank\" rel=\"noreferrer noopener\">Sistema de Quest\u00f5es<\/a><\/strong><\/p>\n\n\n\n<p class=\"has-text-align-center has-medium-font-size\"><strong><em>Fique por dentro dos concursos em aberto<\/em><\/strong><\/p>\n\n\n\n<p class=\"has-text-align-center has-pale-cyan-blue-background-color has-background\" style=\"font-size:clamp(14.642px, 0.915rem + ((1vw - 3.2px) * 0.721), 22px);px\"><a rel=\"noreferrer noopener\" href=\"https:\/\/www.estrategiaconcursos.com.br\/blog\/concursos-abertos\/\" target=\"_blank\"><strong>CONCURSOS ABERTOS<\/strong><\/a><\/p>\n\n\n\n<p class=\"has-text-align-center has-medium-font-size\"><strong><em>As oportunidades previstas<\/em><\/strong><\/p>\n\n\n\n<p class=\"has-text-align-center has-pale-cyan-blue-background-color has-background\" style=\"font-size:clamp(14.642px, 0.915rem + ((1vw - 3.2px) * 0.721), 22px);px\"><a rel=\"noreferrer noopener\" href=\"https:\/\/www.estrategiaconcursos.com.br\/blog\/concursos-2020\/\" target=\"_blank\"><strong>CONCURSOS&nbsp;2020<\/strong><\/a><\/p>\n\n\n\n<p class=\"has-text-align-center has-pale-cyan-blue-background-color has-background\" style=\"font-size:clamp(14.642px, 0.915rem + ((1vw - 3.2px) * 0.721), 22px);px\"><a rel=\"noreferrer noopener\" href=\"https:\/\/www.estrategiaconcursos.com.br\/blog\/concursos-2021\/\" target=\"_blank\"><strong>CONCURSOS 2021<\/strong><\/a><\/p>\n","protected":false},"excerpt":{"rendered":"<p>Veja como foi a cria\u00e7\u00e3o da Associa\u00e7\u00e3o Latino-Americana de Integra\u00e7\u00e3o Ol\u00e1, Estrategista. Tudo joia? O tema de hoje \u00e9 sobre a cria\u00e7\u00e3o da ALADI (As\u00adsocia\u00e7\u00e3o Latino-Americana de Integra\u00e7\u00e3o). J\u00e1 tinha ouvido falar sobre esse bloco? Se voc\u00ea acha que o Mercosul \u00e9 o maior bloco das Am\u00e9ricas do qual o Brasil participa, se enganou. A [&hellip;]<\/p>\n","protected":false},"author":1668,"featured_media":623967,"comment_status":"open","ping_status":"closed","sticky":false,"template":"","format":"standard","meta":{"post_tipo":"article","footnotes":""},"categories":[1983],"tags":[220032,220033],"tax_estado":[219963],"class_list":["post-623966","post","type-post","status-publish","format-standard","has-post-thumbnail","hentry","category-fiscal-estadual","tag-aladi","tag-tratado-de-montevideu","tax_estado-concursos-federais"],"acf":[],"yoast_head":"<!-- This site is optimized with the Yoast SEO Premium plugin v27.2 (Yoast SEO v27.2) - https:\/\/yoast.com\/product\/yoast-seo-premium-wordpress\/ -->\n<title>A Cria\u00e7\u00e3o da ALADI institu\u00edda pelo Tratado de Montevid\u00e9u<\/title>\n<meta name=\"description\" content=\"Veja como foi a cria\u00e7\u00e3o da ALADI (As\u00adsocia\u00e7\u00e3o Latino-Americana de Integra\u00e7\u00e3o), institu\u00edda pelo Tratado de Montevid\u00e9u (1980)\" \/>\n<meta name=\"robots\" content=\"index, follow, max-snippet:-1, max-image-preview:large, max-video-preview:-1\" \/>\n<link rel=\"canonical\" href=\"https:\/\/www.estrategiaconcursos.com.br\/blog\/a-criacao-da-aladi-instituida-pelo-tratado-de-montevideu-1980\/\" \/>\n<meta property=\"og:locale\" content=\"pt_BR\" \/>\n<meta property=\"og:type\" content=\"article\" \/>\n<meta property=\"og:title\" content=\"A Cria\u00e7\u00e3o da ALADI institu\u00edda pelo Tratado de Montevid\u00e9u\" \/>\n<meta property=\"og:description\" content=\"Veja como foi a cria\u00e7\u00e3o da ALADI (As\u00adsocia\u00e7\u00e3o Latino-Americana de Integra\u00e7\u00e3o), institu\u00edda pelo Tratado de Montevid\u00e9u (1980)\" \/>\n<meta property=\"og:url\" content=\"https:\/\/www.estrategiaconcursos.com.br\/blog\/a-criacao-da-aladi-instituida-pelo-tratado-de-montevideu-1980\/\" \/>\n<meta property=\"og:site_name\" content=\"Estrat\u00e9gia Concursos\" \/>\n<meta property=\"article:published_time\" content=\"2020-12-13T11:36:00+00:00\" \/>\n<meta property=\"article:modified_time\" content=\"2021-01-21T14:48:13+00:00\" \/>\n<meta property=\"og:image\" content=\"https:\/\/dhg1h5j42swfq.cloudfront.net\/2020\/12\/07083446\/hqdefault.jpg\" \/>\n\t<meta property=\"og:image:width\" content=\"480\" \/>\n\t<meta property=\"og:image:height\" content=\"360\" \/>\n\t<meta property=\"og:image:type\" content=\"image\/jpeg\" \/>\n<meta name=\"author\" content=\"Leandro Ricardo Machado da Silveira\" \/>\n<meta name=\"twitter:card\" content=\"summary_large_image\" \/>\n<meta name=\"twitter:creator\" content=\"@EstratConcursos\" \/>\n<meta name=\"twitter:site\" content=\"@EstratConcursos\" \/>\n<meta name=\"twitter:label1\" content=\"Escrito por\" \/>\n\t<meta name=\"twitter:data1\" content=\"Leandro Ricardo Machado da Silveira\" \/>\n\t<meta name=\"twitter:label2\" content=\"Est. tempo de leitura\" \/>\n\t<meta name=\"twitter:data2\" content=\"7 minutos\" \/>\n<script type=\"application\/ld+json\" class=\"yoast-schema-graph\">{\"@context\":\"https:\/\/schema.org\",\"@graph\":[{\"@type\":\"NewsArticle\",\"@id\":\"https:\/\/www.estrategiaconcursos.com.br\/blog\/a-criacao-da-aladi-instituida-pelo-tratado-de-montevideu-1980\/#article\",\"isPartOf\":{\"@id\":\"https:\/\/www.estrategiaconcursos.com.br\/blog\/a-criacao-da-aladi-instituida-pelo-tratado-de-montevideu-1980\/\"},\"author\":{\"name\":\"Leandro Ricardo Machado da Silveira\",\"@id\":\"https:\/\/www.estrategiaconcursos.com.br\/blog\/#\/schema\/person\/c666a44fbce7e2e70009a9c13549267a\"},\"headline\":\"A Cria\u00e7\u00e3o da ALADI institu\u00edda pelo Tratado de Montevid\u00e9u\",\"datePublished\":\"2020-12-13T11:36:00+00:00\",\"dateModified\":\"2021-01-21T14:48:13+00:00\",\"mainEntityOfPage\":{\"@id\":\"https:\/\/www.estrategiaconcursos.com.br\/blog\/a-criacao-da-aladi-instituida-pelo-tratado-de-montevideu-1980\/\"},\"wordCount\":1497,\"commentCount\":0,\"publisher\":{\"@id\":\"https:\/\/www.estrategiaconcursos.com.br\/blog\/#organization\"},\"image\":{\"@id\":\"https:\/\/www.estrategiaconcursos.com.br\/blog\/a-criacao-da-aladi-instituida-pelo-tratado-de-montevideu-1980\/#primaryimage\"},\"thumbnailUrl\":\"https:\/\/dhg1h5j42swfq.cloudfront.net\/2020\/12\/07083446\/hqdefault.jpg\",\"keywords\":[\"ALADI\",\"Tratado de Montevid\u00e9u\"],\"articleSection\":[\"Fiscal - Estadual (ICMS)\"],\"inLanguage\":\"pt-BR\",\"potentialAction\":[{\"@type\":\"CommentAction\",\"name\":\"Comment\",\"target\":[\"https:\/\/www.estrategiaconcursos.com.br\/blog\/a-criacao-da-aladi-instituida-pelo-tratado-de-montevideu-1980\/#respond\"]}],\"copyrightYear\":\"2020\",\"copyrightHolder\":{\"@id\":\"https:\/\/www.estrategiaconcursos.com.br\/blog\/#organization\"}},{\"@type\":\"WebPage\",\"@id\":\"https:\/\/www.estrategiaconcursos.com.br\/blog\/a-criacao-da-aladi-instituida-pelo-tratado-de-montevideu-1980\/\",\"url\":\"https:\/\/www.estrategiaconcursos.com.br\/blog\/a-criacao-da-aladi-instituida-pelo-tratado-de-montevideu-1980\/\",\"name\":\"A Cria\u00e7\u00e3o da ALADI institu\u00edda pelo Tratado de Montevid\u00e9u\",\"isPartOf\":{\"@id\":\"https:\/\/www.estrategiaconcursos.com.br\/blog\/#website\"},\"primaryImageOfPage\":{\"@id\":\"https:\/\/www.estrategiaconcursos.com.br\/blog\/a-criacao-da-aladi-instituida-pelo-tratado-de-montevideu-1980\/#primaryimage\"},\"image\":{\"@id\":\"https:\/\/www.estrategiaconcursos.com.br\/blog\/a-criacao-da-aladi-instituida-pelo-tratado-de-montevideu-1980\/#primaryimage\"},\"thumbnailUrl\":\"https:\/\/dhg1h5j42swfq.cloudfront.net\/2020\/12\/07083446\/hqdefault.jpg\",\"datePublished\":\"2020-12-13T11:36:00+00:00\",\"dateModified\":\"2021-01-21T14:48:13+00:00\",\"description\":\"Veja como foi a cria\u00e7\u00e3o da ALADI (As\u00adsocia\u00e7\u00e3o Latino-Americana de Integra\u00e7\u00e3o), institu\u00edda pelo Tratado de Montevid\u00e9u (1980)\",\"breadcrumb\":{\"@id\":\"https:\/\/www.estrategiaconcursos.com.br\/blog\/a-criacao-da-aladi-instituida-pelo-tratado-de-montevideu-1980\/#breadcrumb\"},\"inLanguage\":\"pt-BR\",\"potentialAction\":[{\"@type\":\"ReadAction\",\"target\":[\"https:\/\/www.estrategiaconcursos.com.br\/blog\/a-criacao-da-aladi-instituida-pelo-tratado-de-montevideu-1980\/\"]}]},{\"@type\":\"ImageObject\",\"inLanguage\":\"pt-BR\",\"@id\":\"https:\/\/www.estrategiaconcursos.com.br\/blog\/a-criacao-da-aladi-instituida-pelo-tratado-de-montevideu-1980\/#primaryimage\",\"url\":\"https:\/\/dhg1h5j42swfq.cloudfront.net\/2020\/12\/07083446\/hqdefault.jpg\",\"contentUrl\":\"https:\/\/dhg1h5j42swfq.cloudfront.net\/2020\/12\/07083446\/hqdefault.jpg\",\"width\":480,\"height\":360},{\"@type\":\"BreadcrumbList\",\"@id\":\"https:\/\/www.estrategiaconcursos.com.br\/blog\/a-criacao-da-aladi-instituida-pelo-tratado-de-montevideu-1980\/#breadcrumb\",\"itemListElement\":[{\"@type\":\"ListItem\",\"position\":1,\"name\":\"In\u00edcio\",\"item\":\"https:\/\/www.estrategiaconcursos.com.br\/blog\/\"},{\"@type\":\"ListItem\",\"position\":2,\"name\":\"A Cria\u00e7\u00e3o da ALADI institu\u00edda pelo Tratado de Montevid\u00e9u\"}]},{\"@type\":\"WebSite\",\"@id\":\"https:\/\/www.estrategiaconcursos.com.br\/blog\/#website\",\"url\":\"https:\/\/www.estrategiaconcursos.com.br\/blog\/\",\"name\":\"Estrat\u00e9gia Concursos\",\"description\":\"O blog da Estrat\u00e9gia Concursos traz not\u00edcias sobre concursos e artigos de professores oferecendo cursos para concursos (pdf + videaulas) no site.\",\"publisher\":{\"@id\":\"https:\/\/www.estrategiaconcursos.com.br\/blog\/#organization\"},\"potentialAction\":[{\"@type\":\"SearchAction\",\"target\":{\"@type\":\"EntryPoint\",\"urlTemplate\":\"https:\/\/www.estrategiaconcursos.com.br\/blog\/?s={search_term_string}\"},\"query-input\":{\"@type\":\"PropertyValueSpecification\",\"valueRequired\":true,\"valueName\":\"search_term_string\"}}],\"inLanguage\":\"pt-BR\"},{\"@type\":\"Organization\",\"@id\":\"https:\/\/www.estrategiaconcursos.com.br\/blog\/#organization\",\"name\":\"Estrat\u00e9gia Concursos\",\"url\":\"https:\/\/www.estrategiaconcursos.com.br\/blog\/\",\"logo\":{\"@type\":\"ImageObject\",\"inLanguage\":\"pt-BR\",\"@id\":\"https:\/\/www.estrategiaconcursos.com.br\/blog\/#\/schema\/logo\/image\/\",\"url\":\"https:\/\/dhg1h5j42swfq.cloudfront.net\/2025\/06\/03203428\/logo_concursos-1.jpg\",\"contentUrl\":\"https:\/\/dhg1h5j42swfq.cloudfront.net\/2025\/06\/03203428\/logo_concursos-1.jpg\",\"width\":230,\"height\":60,\"caption\":\"Estrat\u00e9gia Concursos\"},\"image\":{\"@id\":\"https:\/\/www.estrategiaconcursos.com.br\/blog\/#\/schema\/logo\/image\/\"},\"sameAs\":[\"https:\/\/x.com\/EstratConcursos\"]},{\"@type\":\"Person\",\"@id\":\"https:\/\/www.estrategiaconcursos.com.br\/blog\/#\/schema\/person\/c666a44fbce7e2e70009a9c13549267a\",\"name\":\"Leandro Ricardo Machado da Silveira\",\"image\":{\"@type\":\"ImageObject\",\"inLanguage\":\"pt-BR\",\"@id\":\"https:\/\/secure.gravatar.com\/avatar\/6fb25994d16b9649838400aa459b16c1c83f558e0fd6ebebd16da0473908b291?s=96&d=mm&r=g\",\"url\":\"https:\/\/secure.gravatar.com\/avatar\/6fb25994d16b9649838400aa459b16c1c83f558e0fd6ebebd16da0473908b291?s=96&d=mm&r=g\",\"contentUrl\":\"https:\/\/secure.gravatar.com\/avatar\/6fb25994d16b9649838400aa459b16c1c83f558e0fd6ebebd16da0473908b291?s=96&d=mm&r=g\",\"caption\":\"Leandro Ricardo Machado da Silveira\"},\"description\":\"Engenheiro Aeron\u00e1utico, formado pela Universidade Federal de Uberl\u00e2ndia, possui MBA em Administra\u00e7\u00e3o e Finan\u00e7as Corporativas e aprovado nos concursos de Auditor Fiscal SEFAZ-SC e SEFAZ-GO.\",\"url\":\"https:\/\/www.estrategiaconcursos.com.br\/blog\/author\/leandro_vzthotmail-com\/\"}]}<\/script>\n<!-- \/ Yoast SEO Premium plugin. -->","yoast_head_json":{"title":"A Cria\u00e7\u00e3o da ALADI institu\u00edda pelo Tratado de Montevid\u00e9u","description":"Veja como foi a cria\u00e7\u00e3o da ALADI (As\u00adsocia\u00e7\u00e3o Latino-Americana de Integra\u00e7\u00e3o), institu\u00edda pelo Tratado de Montevid\u00e9u (1980)","robots":{"index":"index","follow":"follow","max-snippet":"max-snippet:-1","max-image-preview":"max-image-preview:large","max-video-preview":"max-video-preview:-1"},"canonical":"https:\/\/www.estrategiaconcursos.com.br\/blog\/a-criacao-da-aladi-instituida-pelo-tratado-de-montevideu-1980\/","og_locale":"pt_BR","og_type":"article","og_title":"A Cria\u00e7\u00e3o da ALADI institu\u00edda pelo Tratado de Montevid\u00e9u","og_description":"Veja como foi a cria\u00e7\u00e3o da ALADI (As\u00adsocia\u00e7\u00e3o Latino-Americana de Integra\u00e7\u00e3o), institu\u00edda pelo Tratado de Montevid\u00e9u (1980)","og_url":"https:\/\/www.estrategiaconcursos.com.br\/blog\/a-criacao-da-aladi-instituida-pelo-tratado-de-montevideu-1980\/","og_site_name":"Estrat\u00e9gia Concursos","article_published_time":"2020-12-13T11:36:00+00:00","article_modified_time":"2021-01-21T14:48:13+00:00","og_image":[{"width":480,"height":360,"url":"https:\/\/dhg1h5j42swfq.cloudfront.net\/2020\/12\/07083446\/hqdefault.jpg","type":"image\/jpeg"}],"author":"Leandro Ricardo Machado da Silveira","twitter_card":"summary_large_image","twitter_creator":"@EstratConcursos","twitter_site":"@EstratConcursos","twitter_misc":{"Escrito por":"Leandro Ricardo Machado da Silveira","Est. tempo de leitura":"7 minutos"},"schema":{"@context":"https:\/\/schema.org","@graph":[{"@type":"NewsArticle","@id":"https:\/\/www.estrategiaconcursos.com.br\/blog\/a-criacao-da-aladi-instituida-pelo-tratado-de-montevideu-1980\/#article","isPartOf":{"@id":"https:\/\/www.estrategiaconcursos.com.br\/blog\/a-criacao-da-aladi-instituida-pelo-tratado-de-montevideu-1980\/"},"author":{"name":"Leandro Ricardo Machado da Silveira","@id":"https:\/\/www.estrategiaconcursos.com.br\/blog\/#\/schema\/person\/c666a44fbce7e2e70009a9c13549267a"},"headline":"A Cria\u00e7\u00e3o da ALADI institu\u00edda pelo Tratado de Montevid\u00e9u","datePublished":"2020-12-13T11:36:00+00:00","dateModified":"2021-01-21T14:48:13+00:00","mainEntityOfPage":{"@id":"https:\/\/www.estrategiaconcursos.com.br\/blog\/a-criacao-da-aladi-instituida-pelo-tratado-de-montevideu-1980\/"},"wordCount":1497,"commentCount":0,"publisher":{"@id":"https:\/\/www.estrategiaconcursos.com.br\/blog\/#organization"},"image":{"@id":"https:\/\/www.estrategiaconcursos.com.br\/blog\/a-criacao-da-aladi-instituida-pelo-tratado-de-montevideu-1980\/#primaryimage"},"thumbnailUrl":"https:\/\/dhg1h5j42swfq.cloudfront.net\/2020\/12\/07083446\/hqdefault.jpg","keywords":["ALADI","Tratado de Montevid\u00e9u"],"articleSection":["Fiscal - Estadual (ICMS)"],"inLanguage":"pt-BR","potentialAction":[{"@type":"CommentAction","name":"Comment","target":["https:\/\/www.estrategiaconcursos.com.br\/blog\/a-criacao-da-aladi-instituida-pelo-tratado-de-montevideu-1980\/#respond"]}],"copyrightYear":"2020","copyrightHolder":{"@id":"https:\/\/www.estrategiaconcursos.com.br\/blog\/#organization"}},{"@type":"WebPage","@id":"https:\/\/www.estrategiaconcursos.com.br\/blog\/a-criacao-da-aladi-instituida-pelo-tratado-de-montevideu-1980\/","url":"https:\/\/www.estrategiaconcursos.com.br\/blog\/a-criacao-da-aladi-instituida-pelo-tratado-de-montevideu-1980\/","name":"A Cria\u00e7\u00e3o da ALADI institu\u00edda pelo Tratado de Montevid\u00e9u","isPartOf":{"@id":"https:\/\/www.estrategiaconcursos.com.br\/blog\/#website"},"primaryImageOfPage":{"@id":"https:\/\/www.estrategiaconcursos.com.br\/blog\/a-criacao-da-aladi-instituida-pelo-tratado-de-montevideu-1980\/#primaryimage"},"image":{"@id":"https:\/\/www.estrategiaconcursos.com.br\/blog\/a-criacao-da-aladi-instituida-pelo-tratado-de-montevideu-1980\/#primaryimage"},"thumbnailUrl":"https:\/\/dhg1h5j42swfq.cloudfront.net\/2020\/12\/07083446\/hqdefault.jpg","datePublished":"2020-12-13T11:36:00+00:00","dateModified":"2021-01-21T14:48:13+00:00","description":"Veja como foi a cria\u00e7\u00e3o da ALADI (As\u00adsocia\u00e7\u00e3o Latino-Americana de Integra\u00e7\u00e3o), institu\u00edda pelo Tratado de Montevid\u00e9u (1980)","breadcrumb":{"@id":"https:\/\/www.estrategiaconcursos.com.br\/blog\/a-criacao-da-aladi-instituida-pelo-tratado-de-montevideu-1980\/#breadcrumb"},"inLanguage":"pt-BR","potentialAction":[{"@type":"ReadAction","target":["https:\/\/www.estrategiaconcursos.com.br\/blog\/a-criacao-da-aladi-instituida-pelo-tratado-de-montevideu-1980\/"]}]},{"@type":"ImageObject","inLanguage":"pt-BR","@id":"https:\/\/www.estrategiaconcursos.com.br\/blog\/a-criacao-da-aladi-instituida-pelo-tratado-de-montevideu-1980\/#primaryimage","url":"https:\/\/dhg1h5j42swfq.cloudfront.net\/2020\/12\/07083446\/hqdefault.jpg","contentUrl":"https:\/\/dhg1h5j42swfq.cloudfront.net\/2020\/12\/07083446\/hqdefault.jpg","width":480,"height":360},{"@type":"BreadcrumbList","@id":"https:\/\/www.estrategiaconcursos.com.br\/blog\/a-criacao-da-aladi-instituida-pelo-tratado-de-montevideu-1980\/#breadcrumb","itemListElement":[{"@type":"ListItem","position":1,"name":"In\u00edcio","item":"https:\/\/www.estrategiaconcursos.com.br\/blog\/"},{"@type":"ListItem","position":2,"name":"A Cria\u00e7\u00e3o da ALADI institu\u00edda pelo Tratado de Montevid\u00e9u"}]},{"@type":"WebSite","@id":"https:\/\/www.estrategiaconcursos.com.br\/blog\/#website","url":"https:\/\/www.estrategiaconcursos.com.br\/blog\/","name":"Estrat\u00e9gia Concursos","description":"O blog da Estrat\u00e9gia Concursos traz not\u00edcias sobre concursos e artigos de professores oferecendo cursos para concursos (pdf + videaulas) no site.","publisher":{"@id":"https:\/\/www.estrategiaconcursos.com.br\/blog\/#organization"},"potentialAction":[{"@type":"SearchAction","target":{"@type":"EntryPoint","urlTemplate":"https:\/\/www.estrategiaconcursos.com.br\/blog\/?s={search_term_string}"},"query-input":{"@type":"PropertyValueSpecification","valueRequired":true,"valueName":"search_term_string"}}],"inLanguage":"pt-BR"},{"@type":"Organization","@id":"https:\/\/www.estrategiaconcursos.com.br\/blog\/#organization","name":"Estrat\u00e9gia Concursos","url":"https:\/\/www.estrategiaconcursos.com.br\/blog\/","logo":{"@type":"ImageObject","inLanguage":"pt-BR","@id":"https:\/\/www.estrategiaconcursos.com.br\/blog\/#\/schema\/logo\/image\/","url":"https:\/\/dhg1h5j42swfq.cloudfront.net\/2025\/06\/03203428\/logo_concursos-1.jpg","contentUrl":"https:\/\/dhg1h5j42swfq.cloudfront.net\/2025\/06\/03203428\/logo_concursos-1.jpg","width":230,"height":60,"caption":"Estrat\u00e9gia Concursos"},"image":{"@id":"https:\/\/www.estrategiaconcursos.com.br\/blog\/#\/schema\/logo\/image\/"},"sameAs":["https:\/\/x.com\/EstratConcursos"]},{"@type":"Person","@id":"https:\/\/www.estrategiaconcursos.com.br\/blog\/#\/schema\/person\/c666a44fbce7e2e70009a9c13549267a","name":"Leandro Ricardo Machado da Silveira","image":{"@type":"ImageObject","inLanguage":"pt-BR","@id":"https:\/\/secure.gravatar.com\/avatar\/6fb25994d16b9649838400aa459b16c1c83f558e0fd6ebebd16da0473908b291?s=96&d=mm&r=g","url":"https:\/\/secure.gravatar.com\/avatar\/6fb25994d16b9649838400aa459b16c1c83f558e0fd6ebebd16da0473908b291?s=96&d=mm&r=g","contentUrl":"https:\/\/secure.gravatar.com\/avatar\/6fb25994d16b9649838400aa459b16c1c83f558e0fd6ebebd16da0473908b291?s=96&d=mm&r=g","caption":"Leandro Ricardo Machado da Silveira"},"description":"Engenheiro Aeron\u00e1utico, formado pela Universidade Federal de Uberl\u00e2ndia, possui MBA em Administra\u00e7\u00e3o e Finan\u00e7as Corporativas e aprovado nos concursos de Auditor Fiscal SEFAZ-SC e SEFAZ-GO.","url":"https:\/\/www.estrategiaconcursos.com.br\/blog\/author\/leandro_vzthotmail-com\/"}]}},"_links":{"self":[{"href":"https:\/\/www.estrategiaconcursos.com.br\/blog\/wp-json\/wp\/v2\/posts\/623966","targetHints":{"allow":["GET"]}}],"collection":[{"href":"https:\/\/www.estrategiaconcursos.com.br\/blog\/wp-json\/wp\/v2\/posts"}],"about":[{"href":"https:\/\/www.estrategiaconcursos.com.br\/blog\/wp-json\/wp\/v2\/types\/post"}],"author":[{"embeddable":true,"href":"https:\/\/www.estrategiaconcursos.com.br\/blog\/wp-json\/wp\/v2\/users\/1668"}],"replies":[{"embeddable":true,"href":"https:\/\/www.estrategiaconcursos.com.br\/blog\/wp-json\/wp\/v2\/comments?post=623966"}],"version-history":[{"count":3,"href":"https:\/\/www.estrategiaconcursos.com.br\/blog\/wp-json\/wp\/v2\/posts\/623966\/revisions"}],"predecessor-version":[{"id":654976,"href":"https:\/\/www.estrategiaconcursos.com.br\/blog\/wp-json\/wp\/v2\/posts\/623966\/revisions\/654976"}],"wp:featuredmedia":[{"embeddable":true,"href":"https:\/\/www.estrategiaconcursos.com.br\/blog\/wp-json\/wp\/v2\/media\/623967"}],"wp:attachment":[{"href":"https:\/\/www.estrategiaconcursos.com.br\/blog\/wp-json\/wp\/v2\/media?parent=623966"}],"wp:term":[{"taxonomy":"category","embeddable":true,"href":"https:\/\/www.estrategiaconcursos.com.br\/blog\/wp-json\/wp\/v2\/categories?post=623966"},{"taxonomy":"post_tag","embeddable":true,"href":"https:\/\/www.estrategiaconcursos.com.br\/blog\/wp-json\/wp\/v2\/tags?post=623966"},{"taxonomy":"tax_estado","embeddable":true,"href":"https:\/\/www.estrategiaconcursos.com.br\/blog\/wp-json\/wp\/v2\/tax_estado?post=623966"}],"curies":[{"name":"wp","href":"https:\/\/api.w.org\/{rel}","templated":true}]}}