{"id":62382,"date":"2026-04-29T19:40:57","date_gmt":"2026-04-29T22:40:57","guid":{"rendered":"https:\/\/www.estrategiaconcursos.com.br\/blog\/?p=62382"},"modified":"2026-04-30T09:24:45","modified_gmt":"2026-04-30T12:24:45","slug":"concurso-inpi","status":"publish","type":"post","link":"https:\/\/www.estrategiaconcursos.com.br\/blog\/concurso-inpi\/","title":{"rendered":"Concurso INPI: solicitada autoriza\u00e7\u00e3o para 502 vagas!"},"content":{"rendered":"\n<center><a id=\"cta-icon\" href=\"https:\/\/sndflw.com\/i\/inpi-grupo\" target=\"_blank\" style=\"background:#29a61a; display:inline-flex; align-items:center; padding:10px 15px; border-radius:6px; color:#fff; text-decoration:none; font-weight:500; font-size:15px;\"><img decoding=\"async\" src=\"https:\/\/dhg1h5j42swfq.cloudfront.net\/2023\/12\/07154107\/whatsapp_13851.png\" alt=\"\" style=\"width:20px; height:20px; margin-right:8px;\"><span>Acesse agora o Grupo de Estudos para o Concurso INPI<\/span><\/a><\/center>\n\n\n\n<p>Novidades no radar sobre o novo concurso INPI (<em><a href=\"https:\/\/www.estrategiaconcursos.com.br\/cursosPorConcurso\/inpi-117\/\" target=\"_blank\" rel=\"noreferrer noopener\">Instituto Nacional da Propriedade Industrial<\/a><\/em>)! <\/p>\n\n\n\n<p>Isso porque o \u00f3rg\u00e3o enviou um of\u00edcio ao Minist\u00e9rio do Desenvolvimento solicitando autoriza\u00e7\u00e3o para realizar um <strong>novo concurso p\u00fablico com 502 vagas de n\u00edvel superior<\/strong>.<\/p>\n\n\n\n<p>As oportunidades s\u00e3o distribu\u00eddas entre os cargos de <strong>Pesquisador (348), Tecnologista (129) e Analista (25)<\/strong>.<\/p>\n\n\n\n<p>Segundo o documento, o pedido foi motivado pelo d\u00e9ficit de servidores e pela necessidade de refor\u00e7ar a atua\u00e7\u00e3o do \u00f3rg\u00e3o diante da relev\u00e2ncia da propriedade intelectual para o pa\u00eds.<\/p>\n\n\n\n<ul class=\"wp-block-list\">\n<li><a href=\"https:\/\/dhg1h5j42swfq.cloudfront.net\/2026\/04\/29192955\/oficio_sei_n__129_2026_pr_inpi.pdf\" target=\"_blank\" rel=\"noreferrer noopener nofollow\">Pedido de autoriza\u00e7\u00e3o &#8211; Concurso INPI<\/a><\/li>\n<\/ul>\n\n\n\n<p>Lembrando que o Regimento interno j\u00e1 foi aprovado, visando regulamentar o funcionamento da entidade. <\/p>\n\n\n\n<p>As principais mudan\u00e7as englobam novas diretorias e subdivis\u00f5es criadas, fortalecimento da \u00e1rea de qualidade, al\u00e9m de novos cargos ou fun\u00e7\u00f5es t\u00e9cnicas em \u00e1reas agora formalmente estruturadas.<\/p>\n\n\n\n<p>No mais, conv\u00e9m frisar que o INPI protocolou dois pleitos estrat\u00e9gicos ao Minist\u00e9rio do Desenvolvimento, Ind\u00fastria, Com\u00e9rcio e Servi\u00e7os (MDIC):<\/p>\n\n\n\n<ul class=\"wp-block-list\">\n<li><strong>A realiza\u00e7\u00e3o deste novo concurso p\u00fablico<\/strong>, com meta de execu\u00e7\u00e3o o mais breve poss\u00edvel diante da urg\u00eancia apontada;<\/li>\n\n\n\n<li><strong>A convoca\u00e7\u00e3o de mais aprovados<\/strong> no cadastro de reserva do concurso atual.<\/li>\n<\/ul>\n\n\n\n<p>Ambos os pedidos est\u00e3o em an\u00e1lise e dependem do aval da autoridade ministerial para que o processo avance junto ao Minist\u00e9rio da Gest\u00e3o e da Inova\u00e7\u00e3o em Servi\u00e7os P\u00fablicos (MGI).<\/p>\n\n\n\n<p>Com seu \u00faltimo concurso oficialmente <a href=\"https:\/\/dhg1h5j42swfq.cloudfront.net\/2024\/05\/15190459\/final.pdf\" target=\"_blank\" rel=\"noreferrer noopener nofollow\">homologado<\/a>, em julho de 2024, o <strong>INPI foi autorizado a nomear 120 aprovados<\/strong> no certame. Ou seja, todas as vagas imediatas ofertadas.<\/p>\n\n\n\n<ul class=\"wp-block-list\">\n<li><strong><a href=\"https:\/\/dhg1h5j42swfq.cloudfront.net\/2024\/07\/09084515\/portaria-mgi-no-4-860-de-8-de-julho-de-2024-portaria-mgi-no-4-860-de-8-de-julho-de-2024-dou-imprensa-nacional.pdf\" target=\"_blank\" rel=\"noreferrer noopener nofollow\">Autoriza\u00e7\u00e3o para nomea\u00e7\u00e3o<\/a><\/strong><\/li>\n<\/ul>\n\n\n\n<p>Vale lembrar que <strong>a sele\u00e7\u00e3o ficar\u00e1 v\u00e1lida at\u00e9 15 de maio de 2026<\/strong>, podendo ser prorrogada por mais dois anos, se necess\u00e1rio. A organiza\u00e7\u00e3o ficou por conta do <strong><a href=\"https:\/\/www.cebraspe.org.br\/concursos\/INPI_23\" target=\"_blank\" rel=\"noreferrer noopener\">Cebraspe<\/a><\/strong>.<\/p>\n\n\n\n<p>A sele\u00e7\u00e3o registrou <strong>6.925 candidatos <a href=\"https:\/\/dhg1h5j42swfq.cloudfront.net\/2024\/01\/05191142\/demanda_candidatos_por_vaga___inpi_23.pdf\" target=\"_blank\" rel=\"noreferrer noopener nofollow\">inscritos<\/a><\/strong> que concorreram \u00e0s vagas de <strong>Analista, Pesquisador e Tecnologista<\/strong>, espec\u00edficos em <strong>Propriedade Industrial.<\/strong><\/p>\n\n\n\n<ul id=\"block-ee678516-e9d1-48bd-b327-7b9acd55f0fd\" class=\"wp-block-list has-very-light-gray-to-cyan-bluish-gray-gradient-background has-background\">\n<li><strong>Instituto Nacional da Propriedade Industrial<\/strong> <strong>&#8211; INPI<\/strong><\/li>\n\n\n\n<li><strong>Status:<\/strong>&nbsp;homologado (\u00daltimo edital)<\/li>\n\n\n\n<li><strong>Banca:<\/strong>&nbsp;Cebraspe (\u00daltimo edital)<\/li>\n\n\n\n<li><strong>Vagas:<\/strong>&nbsp;120 (\u00daltimo edital)<\/li>\n\n\n\n<li><strong>Sal\u00e1rio inicial:<\/strong> R$ 9.144,01 a R$ 11.205,93<\/li>\n\n\n\n<li><strong>Edital:&nbsp;<\/strong><a href=\"https:\/\/dhg1h5j42swfq.cloudfront.net\/2023\/10\/31135330\/ed_1_inpi_2023_abertura.pdf\" target=\"_blank\" rel=\"noreferrer noopener nofollow\">INPI 2023<\/a> (\u00daltimo edital)<\/li>\n<\/ul>\n\n\n\n<p>Se voc\u00ea tem interesse no certame, chegou ao lugar certo! Ao longo deste artigo reunimos as principais informa\u00e7\u00f5es sobre o Concurso INPI. Acompanhe pelos t\u00f3picos abaixo:<\/p>\n\n\n\n<ul id=\"indice\" class=\"wp-block-list\">\n<li><strong><a href=\"#vagas\">Distribui\u00e7\u00e3o das vagas<\/a><\/strong>\n<ul class=\"wp-block-list\">\n<li><a href=\"#analista\">Analista<\/a><\/li>\n\n\n\n<li><a href=\"#pesquisador\">Pesquisador<\/a><\/li>\n\n\n\n<li><a href=\"#tecnologista\">Tecnologista<\/a><\/li>\n\n\n\n<li><a href=\"#remuneracao\">Remunera\u00e7\u00e3o<\/a><\/li>\n<\/ul>\n<\/li>\n\n\n\n<li><strong><a href=\"#etapas\">Etapas de provas<\/a> <\/strong>\n<ul class=\"wp-block-list\">\n<li><a href=\"#objetiva\">Prova objetiva<\/a><\/li>\n\n\n\n<li><a href=\"#titulos\">Prova de t\u00edtulos<\/a><\/li>\n<\/ul>\n<\/li>\n\n\n\n<li><a href=\"#cargos\"><strong>Carreira<\/strong><\/a>\n\n\n\n\n\n\n\n\n\n\n\n\n\n\n\n\n\n\n\n\n\n\n\n\n\n\n\n\n\n\n\n\n\n\n\n\n\n\n\n\n\n\n\n\n\n\n\n\n\n\n\n\n\n\n\n\n\n\n\n\n\n\n\n\n\n\n\n\n\n\n\n\n\n\n\n\n\n\n\n\n\n\n<ul class=\"wp-block-list\">\n<li><a href=\"#atribuicoes\">Atribui\u00e7\u00f5es<\/a><\/li>\n<\/ul>\n\n\n\n<ul class=\"wp-block-list\">\n<li><a href=\"#cargos-vagos\">Cargos vagos<\/a><\/li>\n<\/ul>\n<\/li>\n\n\n\n<li><a href=\"#ultimos-concursos\"><strong>Nomea\u00e7\u00f5es dos \u00faltimos concursos<\/strong><\/a>\n<ul class=\"wp-block-list\">\n<li><a href=\"#2014\">Edital 2014<\/a><\/li>\n\n\n\n<li><a href=\"#2012\">Edital 2012<\/a><\/li>\n<\/ul>\n<\/li>\n\n\n\n<li><a href=\"#sobre-o-inpi\"><strong>Sobre o INPI<\/strong><\/a><\/li>\n\n\n\n<li><a href=\"#cursos-assinatura\"><strong>Assinatura e cursos<\/strong><\/a><\/li>\n\n\n\n<li><a href=\"#ficha-tecnica\"><strong>Ficha t\u00e9cnica<\/strong><\/a><\/li>\n<\/ul>\n\n\n\n<div class=\"container\" id=\"boxes\">\n  <div class=\"row\">\n\n    <div class=\"col-sm\">\n      <div class=\"banner-estrat-corj\" id=\"box-assinatura\">\n        <h2 class=\"titulo-assinatura\" style=\"text-align: left;\">Cursos para o Concurso INPI<\/h2>\n        <p class=\"subtitulo-assinatura\" style=\"text-align: left;\">Conhe\u00e7a os cursos<\/p>\n        <div class=\"box-botao\" style=\"text-align: left;\">\n          <a class=\"btn-assinatura\" target=\"_blank\" href=\"https:\/\/www.estrategiaconcursos.com.br\/cursosPorConcurso\/inpi-117\/\" role=\"button\" rel=\"noopener noreferrer\">CLIQUE AQUI<\/a>\n        <\/div>\n      <\/div><\/div><\/div><\/div>\n\n\n\n<h2 class=\"wp-block-heading\" id=\"vagas\">\u00daltimo concurso INPI: cargos, vagas e sal\u00e1rios<\/h2>\n\n\n\n<p>O \u00faltimo concurso INPI ofertou <strong>120 vagas<\/strong> em tr\u00eas importantes cargos, cujo sal\u00e1rio dos servidores \u00e9 composto pelo vencimento b\u00e1sico, gratifica\u00e7\u00f5es, retribui\u00e7\u00e3o por titula\u00e7\u00e3o e aux\u00edlio alimenta\u00e7\u00e3o no valor de R$ 658,00. Foram registradas, no total, <strong>6.925 candidaturas<\/strong>.<\/p>\n\n\n\n<ul class=\"wp-block-list\">\n<li><a href=\"https:\/\/dhg1h5j42swfq.cloudfront.net\/2024\/01\/05191142\/demanda_candidatos_por_vaga___inpi_23.pdf\" target=\"_blank\" rel=\"noreferrer noopener nofollow\">Confira a demanda de inscritos<\/a><\/li>\n<\/ul>\n\n\n\n<h3 class=\"wp-block-heading\" id=\"analista\">Analista de Planejamento, Gest\u00e3o e Infraestrutura em Propriedade Industrial<\/h3>\n\n\n\n<figure class=\"wp-block-table is-style-stripes\"><table><thead><tr><th class=\"has-text-align-center\" data-align=\"center\">\u00c1rea<\/th><th class=\"has-text-align-center\" data-align=\"center\">Vagas<\/th><\/tr><\/thead><tbody><tr><td class=\"has-text-align-center\" data-align=\"center\">A1 \u2013 Gest\u00e3o e Suporte \u2013 Forma\u00e7\u00e3o: Administra\u00e7\u00e3o<\/td><td class=\"has-text-align-center\" data-align=\"center\">14<\/td><\/tr><tr><td class=\"has-text-align-center\" data-align=\"center\">A2 \u2013 Gest\u00e3o e Suporte \u2013 Forma\u00e7\u00e3o: Direito<\/td><td class=\"has-text-align-center\" data-align=\"center\">02<\/td><\/tr><tr><td class=\"has-text-align-center\" data-align=\"center\">A3 \u2013 Gest\u00e3o e Suporte \u2013 Forma\u00e7\u00e3o: Contabilidade ou Ci\u00eancias Cont\u00e1beis<\/td><td class=\"has-text-align-center\" data-align=\"center\">02<\/td><\/tr><tr><td class=\"has-text-align-center\" data-align=\"center\">A4 \u2013 Gest\u00e3o e Suporte \u2013 Forma\u00e7\u00e3o: Economia ou Ci\u00eancias Econ\u00f4micas<\/td><td class=\"has-text-align-center\" data-align=\"center\">04<\/td><\/tr><tr><td class=\"has-text-align-center\" data-align=\"center\">A5 \u2013 Gest\u00e3o e Suporte \u2013 Forma\u00e7\u00e3o: Engenharia Civil<\/td><td class=\"has-text-align-center\" data-align=\"center\">01<\/td><\/tr><tr><td class=\"has-text-align-center\" data-align=\"center\">A6 \u2013 Gest\u00e3o e Suporte \u2013 Forma\u00e7\u00e3o: Engenharia El\u00e9trica<\/td><td class=\"has-text-align-center\" data-align=\"center\">01<\/td><\/tr><tr><td class=\"has-text-align-center\" data-align=\"center\">A7 \u2013 Gest\u00e3o e Suporte \u2013 Forma\u00e7\u00e3o: Arquitetura<\/td><td class=\"has-text-align-center\" data-align=\"center\">01<\/td><\/tr><tr><td class=\"has-text-align-center\" data-align=\"center\">A8 \u2013 Gest\u00e3o e Suporte \u2013 Forma\u00e7\u00e3o: Psicologia<\/td><td class=\"has-text-align-center\" data-align=\"center\">01<\/td><\/tr><tr><td class=\"has-text-align-center\" data-align=\"center\">A9 \u2013 Gest\u00e3o da TI com \u00eanfase em Desenvolvimento e Manuten\u00e7\u00e3o de Sistemas<\/td><td class=\"has-text-align-center\" data-align=\"center\">10<\/td><\/tr><tr><td class=\"has-text-align-center\" data-align=\"center\">A10 \u2013 Gest\u00e3o da Tecnologia da Informa\u00e7\u00e3o com \u00eanfase em Infraestrutura de TI<\/td><td class=\"has-text-align-center\" data-align=\"center\">04<\/td><\/tr><tr><td class=\"has-text-align-center\" data-align=\"center\">A11 \u2013 Gest\u00e3o da Tecnologia da Informa\u00e7\u00e3o com \u00eanfase em Seguran\u00e7a da Informa\u00e7\u00e3o<\/td><td class=\"has-text-align-center\" data-align=\"center\">02<\/td><\/tr><\/tbody><\/table><figcaption class=\"wp-element-caption\">Vagas e \u00e1reas de forma\u00e7\u00e3o para o cargo de Analista<\/figcaption><\/figure>\n\n\n\n<h3 class=\"wp-block-heading\" id=\"tecnologista\">Tecnologista em Propriedade Industrial <\/h3>\n\n\n\n<figure class=\"wp-block-table is-style-stripes\"><table><thead><tr><th class=\"has-text-align-center\" data-align=\"center\">Cargos<\/th><th class=\"has-text-align-center\" data-align=\"center\">Vagas<\/th><\/tr><\/thead><tbody><tr><td class=\"has-text-align-center\" data-align=\"center\">P1 \u2013 Biologia Celular e Molecular \/ Bioqu\u00edmica \/ Biotecnologia \/ Enzimologia\/ Microbiologia \/ Imunologia \/ Bioinform\u00e1tica<\/td><td class=\"has-text-align-center\" data-align=\"center\">05<\/td><\/tr><tr><td class=\"has-text-align-center\" data-align=\"center\">P2 \u2013 Bioqu\u00edmica \/ Imunologia \/ Biologia Celular e Molecular \/ Biotecnologia \/ Microbiologia<\/td><td class=\"has-text-align-center\" data-align=\"center\">15<\/td><\/tr><tr><td class=\"has-text-align-center\" data-align=\"center\">P3 \u2013 Redes de Comunica\u00e7\u00e3o Sem Fio \/ Sistemas de Comunica\u00e7\u00f5es M\u00f3veis \/ Sistemas e Redes de Comunica\u00e7\u00e3o Digital \/ Protocolos de Comunica\u00e7\u00e3o<\/td><td class=\"has-text-align-center\" data-align=\"center\">10<\/td><\/tr><tr><td class=\"has-text-align-center\" data-align=\"center\">P4 \u2013 Processamento de Sinais \/ Processamento de Dados de Imagem, \u00c1udio ou Voz \/ Codifica\u00e7\u00e3o, Compress\u00e3o e Decodifica\u00e7\u00e3o de Imagem, \u00c1udio e Voz \/ Reconhecimento de Padr\u00f5es<\/td><td class=\"has-text-align-center\" data-align=\"center\">05<\/td><\/tr><tr><td class=\"has-text-align-center\" data-align=\"center\">P5 \u2013 Instrumentos e Processos de Medi\u00e7\u00e3o de Grandezas F\u00edsicas, Qu\u00edmicas e Biom\u00e9dicas \/ Sensores e Biosensores \/ Aparelhos de Diagn\u00f3stico e Terapia \/ Biomec\u00e2nica<\/td><td class=\"has-text-align-center\" data-align=\"center\">05<\/td><\/tr><\/tbody><\/table><figcaption class=\"wp-element-caption\">Vagas e \u00e1reas para o cargo de Tecnologista<\/figcaption><\/figure>\n\n\n\n<h3 class=\"wp-block-heading\" id=\"tecnologista\">Tecnologista em Propriedade Industrial<\/h3>\n\n\n\n<figure class=\"wp-block-table is-style-stripes\"><table><thead><tr><th class=\"has-text-align-center\" data-align=\"center\">Cargos<\/th><th class=\"has-text-align-center\" data-align=\"center\">Vagas<\/th><\/tr><\/thead><tbody><tr><td class=\"has-text-align-center\" data-align=\"center\">T1 \u2013 Forma\u00e7\u00e3o: qualquer \u00e1rea de forma\u00e7\u00e3o<\/td><td class=\"has-text-align-center\" data-align=\"center\">40<\/td><\/tr><\/tbody><\/table><figcaption class=\"wp-element-caption\">Vagas e forma\u00e7\u00e3o desejada para o cargo de Tecnologista<\/figcaption><\/figure>\n\n\n\n<h3 class=\"wp-block-heading\" id=\"remuneracao\">Remunera\u00e7\u00e3o<\/h3>\n\n\n\n<p>As remunera\u00e7\u00f5es do INPI s\u00e3o as seguintes, considerando o vencimento b\u00e1sico + GDAPI + Retribui\u00e7\u00e3o por Titula\u00e7\u00e3o: <\/p>\n\n\n\n<ul class=\"wp-block-list\">\n<li><strong>Analista e Tecnologista: <\/strong>at\u00e9 <em>R$ 9.144,01<\/em><\/li>\n\n\n\n<li><strong>Pesquisador: <\/strong>at\u00e9 <em>R$ 11.205,93<\/em><\/li>\n<\/ul>\n\n\n\n<figure class=\"wp-block-image aligncenter\"><img decoding=\"async\" src=\"https:\/\/cdn.direcaoconcursos.com.br\/uploads\/2023\/10\/image-309.png\" alt=\"Estrutura remunerat\u00f3ria do INPI separada por cargo\" class=\"wp-image-272097\"\/><\/figure>\n\n\n\n<h2 class=\"wp-block-heading\" id=\"etapas\">Etapas de avalia\u00e7\u00e3o do concurso INPI<\/h2>\n\n\n\n<p>O concurso INPI foi constitu\u00eddo de duas importantes etapas de provas, sendo elas: <strong>avalia\u00e7\u00e3o objetiva <\/strong>(eliminat\u00f3ria e classificat\u00f3ria) e de <strong>t\u00edtulos <\/strong>(classificat\u00f3ria).<\/p>\n\n\n\n<h3 class=\"wp-block-heading\" id=\"objetiva\">Prova objetiva<\/h3>\n\n\n\n<p>As provas objetivas, compostas de <strong>120 quest\u00f5es<\/strong>, foram aplicadas<strong> <\/strong>no dia 04 de fevereiro, no Rio de Janeiro (RJ). <\/p>\n\n\n\n<p>Confira como foram as etapas avaliativas para os cargos analista de (exceto \u00e1reas Ci\u00eancias Cont\u00e1beis, Economia ou Ci\u00eancias Econ\u00f4micas, Desenvolvimento e Manuten\u00e7\u00e3o de Sistemas, Infraestrutura de Tecnologia da Informa\u00e7\u00e3o e Seguran\u00e7a da Informa\u00e7\u00e3o), de Pesquisador (todas as \u00e1reas) e de Tecnologista:<\/p>\n\n\n\n<figure class=\"wp-block-image aligncenter\"><img decoding=\"async\" src=\"https:\/\/cdn.direcaoconcursos.com.br\/uploads\/2023\/10\/image-310.png\" alt=\"Tabela de detalhes das etapas de avalia\u00e7\u00e3o do certame\" class=\"wp-image-272102\"\/><\/figure>\n\n\n\n<p>J\u00e1 as fun\u00e7\u00f5es de Analista nas especialidades Contabilidade ou Ci\u00eancias Cont\u00e1beis, Economia ou Ci\u00eancias Econ\u00f4micas, Desenvolvimento e Manuten\u00e7\u00e3o de Sistemas, Infraestrutura de Tecnologia:<\/p>\n\n\n\n<figure class=\"wp-block-image aligncenter is-resized\"><img decoding=\"async\" src=\"https:\/\/cdn.direcaoconcursos.com.br\/uploads\/2023\/10\/image-311.png\" alt=\"Quadro de detalhes das etapas de avalia\u00e7\u00e3o para as especialidade de Contabilidade ou Ci\u00eancias Cont\u00e1beis, Economia ou Ci\u00eancias Econ\u00f4micas, Desenvolvimento e Manuten\u00e7\u00e3o de Sistemas, Infraestrutura de Tecnologia\" class=\"wp-image-272103\" style=\"aspect-ratio:3.944206008583691;width:738px;height:auto\"\/><\/figure>\n\n\n\n<h3 class=\"wp-block-heading\" id=\"titulos\">Sobre a prova de t\u00edtulos<\/h3>\n\n\n\n<p>A avalia\u00e7\u00e3o de t\u00edtulos valeu 22,00 pontos, ainda que a soma dos valores dos t\u00edtulos enviados seja superior a esse valor.<\/p>\n\n\n\n<p>Al\u00e9m disso, somente foram aceitos os t\u00edtulos abaixo relacionados, expedidos at\u00e9 a data de envio, observados os limites de pontos do quadro a seguir.<\/p>\n\n\n\n<p><strong>PESQUISADOR EM PROPRIEDADE INDUSTRIAL<\/strong><\/p>\n\n\n\n<figure class=\"wp-block-image aligncenter size-large\"><img loading=\"lazy\" decoding=\"async\" width=\"1024\" height=\"199\" src=\"https:\/\/dhg1h5j42swfq.cloudfront.net\/2023\/10\/31081242\/image-436-1024x199.png\" alt=\"Tabela de atribui\u00e7\u00e3o de pontos na Avalia\u00e7\u00e3o de T\u00edtulos ao cargo de Pesquisador\" class=\"wp-image-1300291\" srcset=\"https:\/\/dhg1h5j42swfq.cloudfront.net\/2023\/10\/31081242\/image-436-1024x199.png 1024w, https:\/\/dhg1h5j42swfq.cloudfront.net\/2023\/10\/31081242\/image-436-300x58.png 300w, https:\/\/dhg1h5j42swfq.cloudfront.net\/2023\/10\/31081242\/image-436-768x149.png 768w, https:\/\/dhg1h5j42swfq.cloudfront.net\/2023\/10\/31081242\/image-436-610x119.png 610w, https:\/\/dhg1h5j42swfq.cloudfront.net\/2023\/10\/31081242\/image-436-150x29.png 150w, https:\/\/dhg1h5j42swfq.cloudfront.net\/2023\/10\/31081242\/image-436.png 1074w\" sizes=\"auto, (max-width: 1024px) 100vw, 1024px\" \/><\/figure>\n\n\n\n<p><strong>ANALISTA DE PLANEJAMENTO, GEST\u00c3O E INFRAESTRUTURA EM PROPRIEDADE INDUSTRIAL E TECNOLOGISTA EM PROPRIEDADE INDUSTRIAL<\/strong><\/p>\n\n\n\n<figure class=\"wp-block-image aligncenter size-large\"><img loading=\"lazy\" decoding=\"async\" width=\"1024\" height=\"210\" src=\"https:\/\/dhg1h5j42swfq.cloudfront.net\/2023\/10\/31081308\/image-437-1024x210.png\" alt=\"Tabela de atribui\u00e7\u00e3o de pontos na Avalia\u00e7\u00e3o de T\u00edtulos ao cargo de Analista e Tecnologista\" class=\"wp-image-1300292\" srcset=\"https:\/\/dhg1h5j42swfq.cloudfront.net\/2023\/10\/31081308\/image-437-1024x210.png 1024w, https:\/\/dhg1h5j42swfq.cloudfront.net\/2023\/10\/31081308\/image-437-300x62.png 300w, https:\/\/dhg1h5j42swfq.cloudfront.net\/2023\/10\/31081308\/image-437-768x158.png 768w, https:\/\/dhg1h5j42swfq.cloudfront.net\/2023\/10\/31081308\/image-437-610x125.png 610w, https:\/\/dhg1h5j42swfq.cloudfront.net\/2023\/10\/31081308\/image-437-150x31.png 150w, https:\/\/dhg1h5j42swfq.cloudfront.net\/2023\/10\/31081308\/image-437.png 1077w\" sizes=\"auto, (max-width: 1024px) 100vw, 1024px\" \/><\/figure>\n\n\n\n<h2 class=\"wp-block-heading\" id=\"cargos\">Como \u00e9 a carreira no INPI?<\/h2>\n\n\n\n<h3 class=\"wp-block-heading\" id=\"atribuicoes\">Atribui\u00e7\u00f5es dos cargos<\/h3>\n\n\n\n<p><strong>Pesquisador em Propriedade Industrial:<\/strong> desenvolver atividades de an\u00e1lise processual voltadas aos exames de pedidos e elabora\u00e7\u00e3o de pareceres t\u00e9cnicos para concess\u00e3o de direitos de patentes, averba\u00e7\u00e3o de contratos de transfer\u00eancia de tecnologia, registro de desenho industrial e de indica\u00e7\u00f5es geogr\u00e1ficas, desenvolvimento de programas e projetos visando \u00e0 dissemina\u00e7\u00e3o da informa\u00e7\u00e3o tecnol\u00f3gica das bases de patentes, desenvolvimento de a\u00e7\u00f5es e projetos de divulga\u00e7\u00e3o e fortalecimento da propriedade industrial e realiza\u00e7\u00e3o de estudos e pesquisas relativas \u00e0 \u00e1rea.<\/p>\n\n\n\n<p><strong>Tecnologista em Propriedade Industrial:<\/strong> desenvolver atividades de an\u00e1lise processual voltadas aos exames de pedidos e elabora\u00e7\u00e3o de pareceres t\u00e9cnicos para concess\u00e3o de direitos relativos ao registro de marcas, de desenho industrial e de indica\u00e7\u00f5es geogr\u00e1ficas, entre outros; desenvolvimento de a\u00e7\u00f5es e projetos de divulga\u00e7\u00e3o e fortalecimento da propriedade industrial e realiza\u00e7\u00e3o de estudos t\u00e9cnicos relativos \u00e0 \u00e1rea.<\/p>\n\n\n\n<p><strong>Analista de Planejamento, Gest\u00e3o e Infraestrutura em<\/strong> <strong>Propriedade Industrial:<\/strong> desenvolver atividades relacionadas \u00e0 gest\u00e3o corporativa e de infraestrutura, planejamento organizacional, auditoria, administra\u00e7\u00e3o e desenvolvimento de recursos humanos, gest\u00e3o patrimonial, or\u00e7ament\u00e1ria, financeira, de materiais e de contratos, bem como desenvolvimento de a\u00e7\u00f5es e projetos de divulga\u00e7\u00e3o e fortalecimento da propriedade industrial, al\u00e9m de outras atividades com o mesmo n\u00edvel de complexidade relativas ao exerc\u00edcio das compet\u00eancias institucionais e legais a cargo do INPI.<\/p>\n\n\n\n<h3 class=\"wp-block-heading\" id=\"cargos-vagos\">Cargos vagos<\/h3>\n\n\n\n<p>Segundo dados de mar\u00e7o de 2025, existem atualmente <strong>590 cargos vagos<\/strong> no INPI, com a seguinte distribui\u00e7\u00e3o:<\/p>\n\n\n\n<ul class=\"wp-block-list\">\n<li><strong>55 <\/strong>&#8211; Analista de Planejamento, Gest\u00e3o e Infraestrutura em Propriedade Industrial;<\/li>\n\n\n\n<li><strong>368 <\/strong>&#8211; Pesquisador em Propriedade Industrial;<\/li>\n\n\n\n<li><strong>157<\/strong> &#8211; Tecnologista em Propriedade Industrial;<\/li>\n\n\n\n<li><strong>6 <\/strong>&#8211; T\u00e9cnico em Propriedade Industrial;<\/li>\n\n\n\n<li><strong>4 <\/strong>&#8211; T\u00e9cnico em Planejamento, Gest\u00e3o e Infraestrutura em Propriedade Industrial.<\/li>\n<\/ul>\n\n\n\n<h2 class=\"wp-block-heading\" id=\"ultimos-concursos\">Nomea\u00e7\u00f5es dos \u00faltimos concursos INPI<\/h2>\n\n\n\n<h3 class=\"wp-block-heading\" id=\"2014\">Edital de 2014<\/h3>\n\n\n\n<p>Para&nbsp;os cargos de <strong>Pesquisador e Tecnologista<\/strong> em propriedade industrial, o edital foi publicado no ano de <strong>2014<\/strong>. A validade expirou em&nbsp;17 de abril de&nbsp;2017.<\/p>\n\n\n\n<p>Foram ofertadas&nbsp;<strong>100 vagas para pesquisador e 40 vagas para tecnologista<\/strong>. Foram registrados 8.836 inscritos, sob organiza\u00e7\u00e3o do Cespe\/Cebraspe. No total, <strong>200 candidatos foram nomeados<\/strong>:<\/p>\n\n\n\n<figure class=\"wp-block-image aligncenter size-full\"><img loading=\"lazy\" decoding=\"async\" width=\"571\" height=\"164\" src=\"https:\/\/dhg1h5j42swfq.cloudfront.net\/2023\/05\/18083217\/image-197.png\" alt=\"Quando de nomea\u00e7\u00f5es do Concurso INPI de 2014\" class=\"wp-image-1218158\" srcset=\"https:\/\/dhg1h5j42swfq.cloudfront.net\/2023\/05\/18083217\/image-197.png 571w, https:\/\/dhg1h5j42swfq.cloudfront.net\/2023\/05\/18083217\/image-197-300x86.png 300w, https:\/\/dhg1h5j42swfq.cloudfront.net\/2023\/05\/18083217\/image-197-150x43.png 150w\" sizes=\"auto, (max-width: 571px) 100vw, 571px\" \/><\/figure>\n\n\n\n<h3 class=\"wp-block-heading\" id=\"2012\">Edital de 2012<\/h3>\n\n\n\n<p>Em <strong>2012<\/strong>, foi publicado o concurso para os cargos de <strong>Pesquisador, Tecnologista e T\u00e9cnico em Propriedade Industrial e de Analista e T\u00e9cnico em Planejamento, Gest\u00e3o e Infraestrutura em Propriedade Industrial<\/strong> com oferta de <strong>250 vagas<\/strong>.<\/p>\n\n\n\n<p>O prazo de validade deste certame chegou ao fim em de maio de 2015. O diferencial deste certame foi a oferta da vagas para o <strong>cargo de Analista<\/strong>. As especialidades para cada cargo se dividiu em:<\/p>\n\n\n\n<ul class=\"wp-block-list\">\n<li>Analista: 17 cargos;<\/li>\n\n\n\n<li>Pesquisador: 5 cargos;<\/li>\n\n\n\n<li>T\u00e9cnico (n\u00edvel intermedi\u00e1rio): 2 especialidades.<\/li>\n<\/ul>\n\n\n\n<p>No total, <strong>246 candidatos foram nomeados<\/strong>, ou seja, quatro a menos que o quantitativo inicialmente ofertado.<\/p>\n\n\n\n<figure class=\"wp-block-image aligncenter size-full\"><img loading=\"lazy\" decoding=\"async\" width=\"569\" height=\"218\" src=\"https:\/\/dhg1h5j42swfq.cloudfront.net\/2023\/05\/18083420\/image-198.png\" alt=\"Quadro de nomea\u00e7\u00f5es do Concurso INPI de 2012\" class=\"wp-image-1218160\" srcset=\"https:\/\/dhg1h5j42swfq.cloudfront.net\/2023\/05\/18083420\/image-198.png 569w, https:\/\/dhg1h5j42swfq.cloudfront.net\/2023\/05\/18083420\/image-198-300x115.png 300w, https:\/\/dhg1h5j42swfq.cloudfront.net\/2023\/05\/18083420\/image-198-150x57.png 150w\" sizes=\"auto, (max-width: 569px) 100vw, 569px\" \/><\/figure>\n\n\n\n<h2 class=\"wp-block-heading\" id=\"sobre-o-inpi\">Sobre o INPI<\/h2>\n\n\n\n<p>Criado em 1970, o <a href=\"https:\/\/www.gov.br\/inpi\/pt-br\" target=\"_blank\" rel=\"noreferrer noopener\">Instituto<\/a> Nacional da Propriedade Industrial \u00e9 uma&nbsp;autarquia federal respons\u00e1vel pelo aperfei\u00e7oamento, dissemina\u00e7\u00e3o e gest\u00e3o do sistema brasileiro de concess\u00e3o e garantia de direitos de propriedade intelectual para a ind\u00fastria.<\/p>\n\n\n\n<p>Entre os servi\u00e7os do INPI, est\u00e3o os registros de marcas, desenhos industriais, indica\u00e7\u00f5es geogr\u00e1ficas, programas de computador e topografias de circuitos, as concess\u00f5es de patentes e as averba\u00e7\u00f5es de contratos de franquia e das distintas modalidades de transfer\u00eancia de tecnologia. <\/p>\n\n\n\n<hr class=\"wp-block-separator has-css-opacity\"\/>\n\n\n\n<p class=\"has-text-align-center has-x-large-font-size\" id=\"cursos-assinatura\"><strong>Quer estudar para o Concurso INPI?<\/strong><\/p>\n\n\n\n<div class=\"container\" id=\"boxes\">\n  <div class=\"row\">\n\n    <div class=\"col-sm\">\n      <div class=\"banner-estrat-corj\" id=\"box-assinatura\">\n        <h3 class=\"titulo-assinatura\" style=\"text-align: left;\">Cursos para INPI<\/h3>\n        <p class=\"subtitulo-assinatura\" style=\"text-align: left;\">Conhe\u00e7a os cursos<\/p>\n        <div class=\"box-botao\" style=\"text-align: left;\">\n          <a class=\"btn-assinatura\" target=\"_blank\" href=\"https:\/\/www.estrategiaconcursos.com.br\/cursosPorConcurso\/inpi-117\/\" role=\"button\" rel=\"noopener noreferrer\">CLIQUE AQUI<\/a>\n        <\/div>\n      <\/div><\/div><\/div><\/div>\n\n\n\n<div class=\"container\" id=\"boxes\">\r\n  <div class=\"row\">\r\n\r\n    <div class=\"col-sm\">\r\n      <div class=\"estrategia\" id=\"box-assinatura\">\r\n        <h3 class=\"titulo-assinatura\">Assinatura Concursos<\/h3>\r\n        <p class=\"subtitulo-assinatura\">Assinatura de 1 ano ou 2 anos<\/p>\r\n        <div class=\"box-botao\">\r\n          <a class=\"btn-assinatura\" target=\"_blank\" href=\"https:\/\/www.estrategiaconcursos.com.br\/assinaturas\/\" role=\"button\" rel=\"noopener noreferrer\">ASSINE AGORA<\/a>\r\n        <\/div>\r\n      <\/div><\/div><\/div><\/div>\n\n\n\n<p class=\"has-text-align-center has-x-large-font-size\" id=\"h-quer-saber-tudo-sobre-concursos-previstos-confira-nossos-artigos\"><strong>Quer saber tudo sobre concursos previstos? Confira nossos artigos!<\/strong><\/p>\n\n\n\n<ul class=\"wp-block-list\">\n<li><a href=\"https:\/\/www.estrategiaconcursos.com.br\/blog\/concursos-abertos\/\" target=\"_blank\" rel=\"noreferrer noopener\">Concursos Abertos<\/a><\/li>\n\n\n\n<li><a href=\"https:\/\/www.estrategiaconcursos.com.br\/blog\/concursos-federais-2023\/\" target=\"_blank\" rel=\"noreferrer noopener\">Concursos Federais<\/a><\/li>\n\n\n\n<li><a href=\"https:\/\/www.estrategiaconcursos.com.br\/blog\/concursos-2026\/\" target=\"_blank\" rel=\"noreferrer noopener\">Concursos 2026<\/a><\/li>\n<\/ul>\n\n\n\n<figure class=\"wp-block-image size-large is-resized\"><img loading=\"lazy\" decoding=\"async\" width=\"1024\" height=\"632\" src=\"https:\/\/dhg1h5j42swfq.cloudfront.net\/2021\/04\/06115328\/ficha-tecnica-72-1024x632.png\" alt=\"Ficha t\u00e9cnica do concurso INPI\" class=\"wp-image-708403\" style=\"width:239px;height:147px\" srcset=\"https:\/\/dhg1h5j42swfq.cloudfront.net\/2021\/04\/06115328\/ficha-tecnica-72-1024x632.png 1024w, https:\/\/dhg1h5j42swfq.cloudfront.net\/2021\/04\/06115328\/ficha-tecnica-72-300x185.png 300w, https:\/\/dhg1h5j42swfq.cloudfront.net\/2021\/04\/06115328\/ficha-tecnica-72-768x474.png 768w, https:\/\/dhg1h5j42swfq.cloudfront.net\/2021\/04\/06115328\/ficha-tecnica-72-1536x948.png 1536w, https:\/\/dhg1h5j42swfq.cloudfront.net\/2021\/04\/06115328\/ficha-tecnica-72-610x377.png 610w, https:\/\/dhg1h5j42swfq.cloudfront.net\/2021\/04\/06115328\/ficha-tecnica-72.png 1571w\" sizes=\"auto, (max-width: 1024px) 100vw, 1024px\" \/><\/figure>\n\n\n\n<h3 class=\"wp-block-heading\" id=\"ficha-tecnica\">Informa\u00e7\u00f5es do \u00faltimo concurso INPI<\/h3>\n\n\n\n<ul class=\"wp-block-list\">\n<li><strong>Ano:<\/strong> 2023\/2024<\/li>\n\n\n\n<li><strong>Banca:<\/strong> Cebraspe<\/li>\n\n\n\n<li><strong>Vagas<\/strong>: 120<\/li>\n\n\n\n<li><strong>Cargos<\/strong>: Analista, Pesquisador e Tecnologista<\/li>\n\n\n\n<li><strong>Escolaridade<\/strong>: n\u00edvel superior<\/li>\n\n\n\n<li><strong>Edital:&nbsp;<\/strong><a href=\"https:\/\/dhg1h5j42swfq.cloudfront.net\/2023\/10\/31135330\/ed_1_inpi_2023_abertura.pdf\" target=\"_blank\" rel=\"noreferrer noopener nofollow\">INPI 2023<\/a> | <a href=\"https:\/\/dhg1h5j42swfq.cloudfront.net\/2023\/11\/22083811\/ed_1_inpi_2023_ret_objetos.pdf\" target=\"_blank\" rel=\"noreferrer noopener nofollow\">Retifica\u00e7\u00e3o I<\/a><\/li>\n<\/ul>\n","protected":false},"excerpt":{"rendered":"<p>Novidades no radar sobre o novo concurso INPI (Instituto Nacional da Propriedade Industrial)! Isso porque o \u00f3rg\u00e3o enviou um of\u00edcio ao Minist\u00e9rio do Desenvolvimento solicitando autoriza\u00e7\u00e3o para realizar um novo concurso p\u00fablico com 502 vagas de n\u00edvel superior. As oportunidades s\u00e3o distribu\u00eddas entre os cargos de Pesquisador (348), Tecnologista (129) e Analista (25). Segundo o [&hellip;]<\/p>\n","protected":false},"author":2018,"featured_media":741278,"comment_status":"open","ping_status":"open","sticky":false,"template":"","format":"standard","meta":{"post_tipo":"news_page","footnotes":""},"categories":[214992],"tags":[2623],"tax_estado":[219963],"class_list":["post-62382","post","type-post","status-publish","format-standard","has-post-thumbnail","hentry","category-concursos-administrativos","tag-concurso-inpi","tax_estado-concursos-federais"],"acf":[],"yoast_head":"<!-- This site is optimized with the Yoast SEO Premium plugin v27.2 (Yoast SEO v27.2) - https:\/\/yoast.com\/product\/yoast-seo-premium-wordpress\/ -->\n<title>Concurso INPI: solicitada autoriza\u00e7\u00e3o para 502 vagas!<\/title>\n<meta name=\"description\" content=\"Descubra as novidades do concurso INPI, incluindo convoca\u00e7\u00e3o de aprovados e a previs\u00e3o de novos editais. Regimento interno \u00e9 aprovado!\" \/>\n<meta name=\"robots\" content=\"index, follow, max-snippet:-1, max-image-preview:large, max-video-preview:-1\" \/>\n<link rel=\"canonical\" href=\"https:\/\/www.estrategiaconcursos.com.br\/blog\/concurso-inpi\/\" \/>\n<meta property=\"og:locale\" content=\"pt_BR\" \/>\n<meta property=\"og:type\" content=\"article\" \/>\n<meta property=\"og:title\" content=\"Concurso INPI: solicitada autoriza\u00e7\u00e3o para 502 vagas!\" \/>\n<meta property=\"og:description\" content=\"Descubra as novidades do concurso INPI, incluindo convoca\u00e7\u00e3o de aprovados e a previs\u00e3o de novos editais. Regimento interno \u00e9 aprovado!\" \/>\n<meta property=\"og:url\" content=\"https:\/\/www.estrategiaconcursos.com.br\/blog\/concurso-inpi\/\" \/>\n<meta property=\"og:site_name\" content=\"Estrat\u00e9gia Concursos\" \/>\n<meta property=\"article:published_time\" content=\"2026-04-29T22:40:57+00:00\" \/>\n<meta property=\"article:modified_time\" content=\"2026-04-30T12:24:45+00:00\" \/>\n<meta property=\"og:image\" content=\"https:\/\/dhg1h5j42swfq.cloudfront.net\/2021\/05\/14154736\/inpi.jpg\" \/>\n\t<meta property=\"og:image:width\" content=\"768\" \/>\n\t<meta property=\"og:image:height\" content=\"432\" \/>\n\t<meta property=\"og:image:type\" content=\"image\/jpeg\" \/>\n<meta name=\"author\" content=\"B\u00e1rbara Carvalho Santos\" \/>\n<meta name=\"twitter:card\" content=\"summary_large_image\" \/>\n<meta name=\"twitter:creator\" content=\"@EstratConcursos\" \/>\n<meta name=\"twitter:site\" content=\"@EstratConcursos\" \/>\n<meta name=\"twitter:label1\" content=\"Escrito por\" \/>\n\t<meta name=\"twitter:data1\" content=\"B\u00e1rbara Carvalho Santos\" \/>\n\t<meta name=\"twitter:label2\" content=\"Est. tempo de leitura\" \/>\n\t<meta name=\"twitter:data2\" content=\"8 minutos\" \/>\n<script type=\"application\/ld+json\" class=\"yoast-schema-graph\">{\"@context\":\"https:\/\/schema.org\",\"@graph\":[{\"@type\":\"NewsArticle\",\"@id\":\"https:\/\/www.estrategiaconcursos.com.br\/blog\/concurso-inpi\/#article\",\"isPartOf\":{\"@id\":\"https:\/\/www.estrategiaconcursos.com.br\/blog\/concurso-inpi\/\"},\"author\":{\"name\":\"B\u00e1rbara Carvalho Santos\",\"@id\":\"https:\/\/www.estrategiaconcursos.com.br\/blog\/#\/schema\/person\/e3882259fa157d54c44c21f4ee4e0e60\"},\"headline\":\"Concurso INPI: solicitada autoriza\u00e7\u00e3o para 502 vagas!\",\"datePublished\":\"2026-04-29T22:40:57+00:00\",\"dateModified\":\"2026-04-30T12:24:45+00:00\",\"mainEntityOfPage\":{\"@id\":\"https:\/\/www.estrategiaconcursos.com.br\/blog\/concurso-inpi\/\"},\"wordCount\":1664,\"commentCount\":8,\"publisher\":{\"@id\":\"https:\/\/www.estrategiaconcursos.com.br\/blog\/#organization\"},\"image\":{\"@id\":\"https:\/\/www.estrategiaconcursos.com.br\/blog\/concurso-inpi\/#primaryimage\"},\"thumbnailUrl\":\"https:\/\/dhg1h5j42swfq.cloudfront.net\/2021\/05\/14154736\/inpi.jpg\",\"keywords\":[\"Concurso INPI\"],\"articleSection\":[\"Executivo (Administrativa)\"],\"inLanguage\":\"pt-BR\",\"potentialAction\":[{\"@type\":\"CommentAction\",\"name\":\"Comment\",\"target\":[\"https:\/\/www.estrategiaconcursos.com.br\/blog\/concurso-inpi\/#respond\"]}],\"copyrightYear\":\"2026\",\"copyrightHolder\":{\"@id\":\"https:\/\/www.estrategiaconcursos.com.br\/blog\/#organization\"}},{\"@type\":\"WebPage\",\"@id\":\"https:\/\/www.estrategiaconcursos.com.br\/blog\/concurso-inpi\/\",\"url\":\"https:\/\/www.estrategiaconcursos.com.br\/blog\/concurso-inpi\/\",\"name\":\"Concurso INPI: solicitada autoriza\u00e7\u00e3o para 502 vagas!\",\"isPartOf\":{\"@id\":\"https:\/\/www.estrategiaconcursos.com.br\/blog\/#website\"},\"primaryImageOfPage\":{\"@id\":\"https:\/\/www.estrategiaconcursos.com.br\/blog\/concurso-inpi\/#primaryimage\"},\"image\":{\"@id\":\"https:\/\/www.estrategiaconcursos.com.br\/blog\/concurso-inpi\/#primaryimage\"},\"thumbnailUrl\":\"https:\/\/dhg1h5j42swfq.cloudfront.net\/2021\/05\/14154736\/inpi.jpg\",\"datePublished\":\"2026-04-29T22:40:57+00:00\",\"dateModified\":\"2026-04-30T12:24:45+00:00\",\"description\":\"Descubra as novidades do concurso INPI, incluindo convoca\u00e7\u00e3o de aprovados e a previs\u00e3o de novos editais. Regimento interno \u00e9 aprovado!\",\"breadcrumb\":{\"@id\":\"https:\/\/www.estrategiaconcursos.com.br\/blog\/concurso-inpi\/#breadcrumb\"},\"inLanguage\":\"pt-BR\",\"potentialAction\":[{\"@type\":\"ReadAction\",\"target\":[\"https:\/\/www.estrategiaconcursos.com.br\/blog\/concurso-inpi\/\"]}]},{\"@type\":\"ImageObject\",\"inLanguage\":\"pt-BR\",\"@id\":\"https:\/\/www.estrategiaconcursos.com.br\/blog\/concurso-inpi\/#primaryimage\",\"url\":\"https:\/\/dhg1h5j42swfq.cloudfront.net\/2021\/05\/14154736\/inpi.jpg\",\"contentUrl\":\"https:\/\/dhg1h5j42swfq.cloudfront.net\/2021\/05\/14154736\/inpi.jpg\",\"width\":768,\"height\":432,\"caption\":\"Novo concurso INPI\"},{\"@type\":\"BreadcrumbList\",\"@id\":\"https:\/\/www.estrategiaconcursos.com.br\/blog\/concurso-inpi\/#breadcrumb\",\"itemListElement\":[{\"@type\":\"ListItem\",\"position\":1,\"name\":\"In\u00edcio\",\"item\":\"https:\/\/www.estrategiaconcursos.com.br\/blog\/\"},{\"@type\":\"ListItem\",\"position\":2,\"name\":\"Concurso INPI: solicitada autoriza\u00e7\u00e3o para 502 vagas!\"}]},{\"@type\":\"WebSite\",\"@id\":\"https:\/\/www.estrategiaconcursos.com.br\/blog\/#website\",\"url\":\"https:\/\/www.estrategiaconcursos.com.br\/blog\/\",\"name\":\"Estrat\u00e9gia Concursos\",\"description\":\"O blog da Estrat\u00e9gia Concursos traz not\u00edcias sobre concursos e artigos de professores oferecendo cursos para concursos (pdf + videaulas) no site.\",\"publisher\":{\"@id\":\"https:\/\/www.estrategiaconcursos.com.br\/blog\/#organization\"},\"potentialAction\":[{\"@type\":\"SearchAction\",\"target\":{\"@type\":\"EntryPoint\",\"urlTemplate\":\"https:\/\/www.estrategiaconcursos.com.br\/blog\/?s={search_term_string}\"},\"query-input\":{\"@type\":\"PropertyValueSpecification\",\"valueRequired\":true,\"valueName\":\"search_term_string\"}}],\"inLanguage\":\"pt-BR\"},{\"@type\":\"Organization\",\"@id\":\"https:\/\/www.estrategiaconcursos.com.br\/blog\/#organization\",\"name\":\"Estrat\u00e9gia Concursos\",\"url\":\"https:\/\/www.estrategiaconcursos.com.br\/blog\/\",\"logo\":{\"@type\":\"ImageObject\",\"inLanguage\":\"pt-BR\",\"@id\":\"https:\/\/www.estrategiaconcursos.com.br\/blog\/#\/schema\/logo\/image\/\",\"url\":\"https:\/\/dhg1h5j42swfq.cloudfront.net\/2025\/06\/03203428\/logo_concursos-1.jpg\",\"contentUrl\":\"https:\/\/dhg1h5j42swfq.cloudfront.net\/2025\/06\/03203428\/logo_concursos-1.jpg\",\"width\":230,\"height\":60,\"caption\":\"Estrat\u00e9gia Concursos\"},\"image\":{\"@id\":\"https:\/\/www.estrategiaconcursos.com.br\/blog\/#\/schema\/logo\/image\/\"},\"sameAs\":[\"https:\/\/x.com\/EstratConcursos\"]},{\"@type\":\"Person\",\"@id\":\"https:\/\/www.estrategiaconcursos.com.br\/blog\/#\/schema\/person\/e3882259fa157d54c44c21f4ee4e0e60\",\"name\":\"B\u00e1rbara Carvalho Santos\",\"image\":{\"@type\":\"ImageObject\",\"inLanguage\":\"pt-BR\",\"@id\":\"https:\/\/secure.gravatar.com\/avatar\/353300f73140f779692b9be2b39f434d1341e4e34c7f55bd5a990fe29ef352eb?s=96&d=mm&r=g\",\"url\":\"https:\/\/secure.gravatar.com\/avatar\/353300f73140f779692b9be2b39f434d1341e4e34c7f55bd5a990fe29ef352eb?s=96&d=mm&r=g\",\"contentUrl\":\"https:\/\/secure.gravatar.com\/avatar\/353300f73140f779692b9be2b39f434d1341e4e34c7f55bd5a990fe29ef352eb?s=96&d=mm&r=g\",\"caption\":\"B\u00e1rbara Carvalho Santos\"},\"description\":\"M\u00e3e e jornalista formada pela UNIP, possui ampla experi\u00eancia na cobertura de entretenimento em grandes ve\u00edculos, como o site da CNN, RedeTV! e Estrat\u00e9gia Educacional. Atuou tamb\u00e9m em ag\u00eancias de marketing, produtoras musicais e assessorias de imprensa, com foco especial no trabalho com personalidades p\u00fablicas. Atualmente, integra a equipe do Estrat\u00e9gia Concursos, onde \u00e9 respons\u00e1vel pela produ\u00e7\u00e3o de conte\u00fados estrat\u00e9gicos voltados para o setor de concursos p\u00fablicos, com destaque para a \u00e1rea fiscal, gest\u00e3o, controle, concursos administrativos e Minist\u00e9rios participantes do CNU, al\u00e9m de diversos \u00f3rg\u00e3os federais. Tem como miss\u00e3o transformar informa\u00e7\u00f5es complexas em conte\u00fados acess\u00edveis, relevantes e de alto valor para quem sonha com uma carreira no servi\u00e7o p\u00fablico.\",\"url\":\"https:\/\/www.estrategiaconcursos.com.br\/blog\/author\/barbara-santos\/\"}]}<\/script>\n<!-- \/ Yoast SEO Premium plugin. -->","yoast_head_json":{"title":"Concurso INPI: solicitada autoriza\u00e7\u00e3o para 502 vagas!","description":"Descubra as novidades do concurso INPI, incluindo convoca\u00e7\u00e3o de aprovados e a previs\u00e3o de novos editais. Regimento interno \u00e9 aprovado!","robots":{"index":"index","follow":"follow","max-snippet":"max-snippet:-1","max-image-preview":"max-image-preview:large","max-video-preview":"max-video-preview:-1"},"canonical":"https:\/\/www.estrategiaconcursos.com.br\/blog\/concurso-inpi\/","og_locale":"pt_BR","og_type":"article","og_title":"Concurso INPI: solicitada autoriza\u00e7\u00e3o para 502 vagas!","og_description":"Descubra as novidades do concurso INPI, incluindo convoca\u00e7\u00e3o de aprovados e a previs\u00e3o de novos editais. Regimento interno \u00e9 aprovado!","og_url":"https:\/\/www.estrategiaconcursos.com.br\/blog\/concurso-inpi\/","og_site_name":"Estrat\u00e9gia Concursos","article_published_time":"2026-04-29T22:40:57+00:00","article_modified_time":"2026-04-30T12:24:45+00:00","og_image":[{"width":768,"height":432,"url":"https:\/\/dhg1h5j42swfq.cloudfront.net\/2021\/05\/14154736\/inpi.jpg","type":"image\/jpeg"}],"author":"B\u00e1rbara Carvalho Santos","twitter_card":"summary_large_image","twitter_creator":"@EstratConcursos","twitter_site":"@EstratConcursos","twitter_misc":{"Escrito por":"B\u00e1rbara Carvalho Santos","Est. tempo de leitura":"8 minutos"},"schema":{"@context":"https:\/\/schema.org","@graph":[{"@type":"NewsArticle","@id":"https:\/\/www.estrategiaconcursos.com.br\/blog\/concurso-inpi\/#article","isPartOf":{"@id":"https:\/\/www.estrategiaconcursos.com.br\/blog\/concurso-inpi\/"},"author":{"name":"B\u00e1rbara Carvalho Santos","@id":"https:\/\/www.estrategiaconcursos.com.br\/blog\/#\/schema\/person\/e3882259fa157d54c44c21f4ee4e0e60"},"headline":"Concurso INPI: solicitada autoriza\u00e7\u00e3o para 502 vagas!","datePublished":"2026-04-29T22:40:57+00:00","dateModified":"2026-04-30T12:24:45+00:00","mainEntityOfPage":{"@id":"https:\/\/www.estrategiaconcursos.com.br\/blog\/concurso-inpi\/"},"wordCount":1664,"commentCount":8,"publisher":{"@id":"https:\/\/www.estrategiaconcursos.com.br\/blog\/#organization"},"image":{"@id":"https:\/\/www.estrategiaconcursos.com.br\/blog\/concurso-inpi\/#primaryimage"},"thumbnailUrl":"https:\/\/dhg1h5j42swfq.cloudfront.net\/2021\/05\/14154736\/inpi.jpg","keywords":["Concurso INPI"],"articleSection":["Executivo (Administrativa)"],"inLanguage":"pt-BR","potentialAction":[{"@type":"CommentAction","name":"Comment","target":["https:\/\/www.estrategiaconcursos.com.br\/blog\/concurso-inpi\/#respond"]}],"copyrightYear":"2026","copyrightHolder":{"@id":"https:\/\/www.estrategiaconcursos.com.br\/blog\/#organization"}},{"@type":"WebPage","@id":"https:\/\/www.estrategiaconcursos.com.br\/blog\/concurso-inpi\/","url":"https:\/\/www.estrategiaconcursos.com.br\/blog\/concurso-inpi\/","name":"Concurso INPI: solicitada autoriza\u00e7\u00e3o para 502 vagas!","isPartOf":{"@id":"https:\/\/www.estrategiaconcursos.com.br\/blog\/#website"},"primaryImageOfPage":{"@id":"https:\/\/www.estrategiaconcursos.com.br\/blog\/concurso-inpi\/#primaryimage"},"image":{"@id":"https:\/\/www.estrategiaconcursos.com.br\/blog\/concurso-inpi\/#primaryimage"},"thumbnailUrl":"https:\/\/dhg1h5j42swfq.cloudfront.net\/2021\/05\/14154736\/inpi.jpg","datePublished":"2026-04-29T22:40:57+00:00","dateModified":"2026-04-30T12:24:45+00:00","description":"Descubra as novidades do concurso INPI, incluindo convoca\u00e7\u00e3o de aprovados e a previs\u00e3o de novos editais. Regimento interno \u00e9 aprovado!","breadcrumb":{"@id":"https:\/\/www.estrategiaconcursos.com.br\/blog\/concurso-inpi\/#breadcrumb"},"inLanguage":"pt-BR","potentialAction":[{"@type":"ReadAction","target":["https:\/\/www.estrategiaconcursos.com.br\/blog\/concurso-inpi\/"]}]},{"@type":"ImageObject","inLanguage":"pt-BR","@id":"https:\/\/www.estrategiaconcursos.com.br\/blog\/concurso-inpi\/#primaryimage","url":"https:\/\/dhg1h5j42swfq.cloudfront.net\/2021\/05\/14154736\/inpi.jpg","contentUrl":"https:\/\/dhg1h5j42swfq.cloudfront.net\/2021\/05\/14154736\/inpi.jpg","width":768,"height":432,"caption":"Novo concurso INPI"},{"@type":"BreadcrumbList","@id":"https:\/\/www.estrategiaconcursos.com.br\/blog\/concurso-inpi\/#breadcrumb","itemListElement":[{"@type":"ListItem","position":1,"name":"In\u00edcio","item":"https:\/\/www.estrategiaconcursos.com.br\/blog\/"},{"@type":"ListItem","position":2,"name":"Concurso INPI: solicitada autoriza\u00e7\u00e3o para 502 vagas!"}]},{"@type":"WebSite","@id":"https:\/\/www.estrategiaconcursos.com.br\/blog\/#website","url":"https:\/\/www.estrategiaconcursos.com.br\/blog\/","name":"Estrat\u00e9gia Concursos","description":"O blog da Estrat\u00e9gia Concursos traz not\u00edcias sobre concursos e artigos de professores oferecendo cursos para concursos (pdf + videaulas) no site.","publisher":{"@id":"https:\/\/www.estrategiaconcursos.com.br\/blog\/#organization"},"potentialAction":[{"@type":"SearchAction","target":{"@type":"EntryPoint","urlTemplate":"https:\/\/www.estrategiaconcursos.com.br\/blog\/?s={search_term_string}"},"query-input":{"@type":"PropertyValueSpecification","valueRequired":true,"valueName":"search_term_string"}}],"inLanguage":"pt-BR"},{"@type":"Organization","@id":"https:\/\/www.estrategiaconcursos.com.br\/blog\/#organization","name":"Estrat\u00e9gia Concursos","url":"https:\/\/www.estrategiaconcursos.com.br\/blog\/","logo":{"@type":"ImageObject","inLanguage":"pt-BR","@id":"https:\/\/www.estrategiaconcursos.com.br\/blog\/#\/schema\/logo\/image\/","url":"https:\/\/dhg1h5j42swfq.cloudfront.net\/2025\/06\/03203428\/logo_concursos-1.jpg","contentUrl":"https:\/\/dhg1h5j42swfq.cloudfront.net\/2025\/06\/03203428\/logo_concursos-1.jpg","width":230,"height":60,"caption":"Estrat\u00e9gia Concursos"},"image":{"@id":"https:\/\/www.estrategiaconcursos.com.br\/blog\/#\/schema\/logo\/image\/"},"sameAs":["https:\/\/x.com\/EstratConcursos"]},{"@type":"Person","@id":"https:\/\/www.estrategiaconcursos.com.br\/blog\/#\/schema\/person\/e3882259fa157d54c44c21f4ee4e0e60","name":"B\u00e1rbara Carvalho Santos","image":{"@type":"ImageObject","inLanguage":"pt-BR","@id":"https:\/\/secure.gravatar.com\/avatar\/353300f73140f779692b9be2b39f434d1341e4e34c7f55bd5a990fe29ef352eb?s=96&d=mm&r=g","url":"https:\/\/secure.gravatar.com\/avatar\/353300f73140f779692b9be2b39f434d1341e4e34c7f55bd5a990fe29ef352eb?s=96&d=mm&r=g","contentUrl":"https:\/\/secure.gravatar.com\/avatar\/353300f73140f779692b9be2b39f434d1341e4e34c7f55bd5a990fe29ef352eb?s=96&d=mm&r=g","caption":"B\u00e1rbara Carvalho Santos"},"description":"M\u00e3e e jornalista formada pela UNIP, possui ampla experi\u00eancia na cobertura de entretenimento em grandes ve\u00edculos, como o site da CNN, RedeTV! e Estrat\u00e9gia Educacional. Atuou tamb\u00e9m em ag\u00eancias de marketing, produtoras musicais e assessorias de imprensa, com foco especial no trabalho com personalidades p\u00fablicas. Atualmente, integra a equipe do Estrat\u00e9gia Concursos, onde \u00e9 respons\u00e1vel pela produ\u00e7\u00e3o de conte\u00fados estrat\u00e9gicos voltados para o setor de concursos p\u00fablicos, com destaque para a \u00e1rea fiscal, gest\u00e3o, controle, concursos administrativos e Minist\u00e9rios participantes do CNU, al\u00e9m de diversos \u00f3rg\u00e3os federais. Tem como miss\u00e3o transformar informa\u00e7\u00f5es complexas em conte\u00fados acess\u00edveis, relevantes e de alto valor para quem sonha com uma carreira no servi\u00e7o p\u00fablico.","url":"https:\/\/www.estrategiaconcursos.com.br\/blog\/author\/barbara-santos\/"}]}},"_links":{"self":[{"href":"https:\/\/www.estrategiaconcursos.com.br\/blog\/wp-json\/wp\/v2\/posts\/62382","targetHints":{"allow":["GET"]}}],"collection":[{"href":"https:\/\/www.estrategiaconcursos.com.br\/blog\/wp-json\/wp\/v2\/posts"}],"about":[{"href":"https:\/\/www.estrategiaconcursos.com.br\/blog\/wp-json\/wp\/v2\/types\/post"}],"author":[{"embeddable":true,"href":"https:\/\/www.estrategiaconcursos.com.br\/blog\/wp-json\/wp\/v2\/users\/2018"}],"replies":[{"embeddable":true,"href":"https:\/\/www.estrategiaconcursos.com.br\/blog\/wp-json\/wp\/v2\/comments?post=62382"}],"version-history":[{"count":169,"href":"https:\/\/www.estrategiaconcursos.com.br\/blog\/wp-json\/wp\/v2\/posts\/62382\/revisions"}],"predecessor-version":[{"id":1758999,"href":"https:\/\/www.estrategiaconcursos.com.br\/blog\/wp-json\/wp\/v2\/posts\/62382\/revisions\/1758999"}],"wp:featuredmedia":[{"embeddable":true,"href":"https:\/\/www.estrategiaconcursos.com.br\/blog\/wp-json\/wp\/v2\/media\/741278"}],"wp:attachment":[{"href":"https:\/\/www.estrategiaconcursos.com.br\/blog\/wp-json\/wp\/v2\/media?parent=62382"}],"wp:term":[{"taxonomy":"category","embeddable":true,"href":"https:\/\/www.estrategiaconcursos.com.br\/blog\/wp-json\/wp\/v2\/categories?post=62382"},{"taxonomy":"post_tag","embeddable":true,"href":"https:\/\/www.estrategiaconcursos.com.br\/blog\/wp-json\/wp\/v2\/tags?post=62382"},{"taxonomy":"tax_estado","embeddable":true,"href":"https:\/\/www.estrategiaconcursos.com.br\/blog\/wp-json\/wp\/v2\/tax_estado?post=62382"}],"curies":[{"name":"wp","href":"https:\/\/api.w.org\/{rel}","templated":true}]}}