{"id":623645,"date":"2020-12-07T12:00:00","date_gmt":"2020-12-07T15:00:00","guid":{"rendered":"https:\/\/www.estrategiaconcursos.com.br\/blog\/?p=623645"},"modified":"2021-01-22T17:00:19","modified_gmt":"2021-01-22T20:00:19","slug":"transicao-de-carreira-como-planejar-uma-mudanca-na-trajetoria-profissional","status":"publish","type":"post","link":"https:\/\/www.estrategiaconcursos.com.br\/blog\/transicao-de-carreira-como-planejar-uma-mudanca-na-trajetoria-profissional\/","title":{"rendered":"Transi\u00e7\u00e3o de carreira: como planejar uma mudan\u00e7a na trajet\u00f3ria profissional?"},"content":{"rendered":"\n<p><em>Entenda quais estrat\u00e9gias voc\u00ea pode utilizar para investir no seu aprimoramento e mudar de \u00e1rea profissional<\/em><\/p>\n\n\n\n<p>Aqui no Estrat\u00e9gia, n\u00f3s estamos constantemente conversando e orientando os nossos alunos a respeito dos seus objetivos profissionais. Seja no caso de quem deseja ser aprovado em um concurso p\u00fablico ou para quem quer seguir uma carreira na \u00e1rea privada, refor\u00e7amos sempre a import\u00e2ncia do <em>planejamento <\/em>como elemento primordial para boas decis\u00f5es nas nossas vidas.&nbsp;<\/p>\n\n\n\n<p>Dessa forma, pode chegar um momento no qual voc\u00ea percebe que n\u00e3o sente mais alegria ao realizar as suas atuais atividades profissionais. \u00c9 evidente que toda carreira &#8211; assim como todas as coisas na vida &#8211; tem os seus altos e baixos, mas um estado constante de insatisfa\u00e7\u00e3o definitivamente pode ser um indicativo de que existem quest\u00f5es que precisam ser revistas.<\/p>\n\n\n\n<p>Por isso, o nosso artigo de hoje \u00e9 especial para as pessoas que cogitam realizar uma transi\u00e7\u00e3o de carreira e desejam planejar melhor este processo. Boa leitura!<\/p>\n\n\n\n<h2 class=\"wp-block-heading\" id=\"h-1-tenha-clareza-a-respeito-dos-motivos-pelos-quais-voc-est-insatisfeito-com-a-sua-carreira\">1) Tenha clareza a respeito dos motivos pelos quais voc\u00ea est\u00e1 insatisfeito com a sua carreira<\/h2>\n\n\n\n<p>Antes de tomar qualquer decis\u00e3o ou mesmo avaliar as possibilidades para uma transi\u00e7\u00e3o de carreira, \u00e9 indispens\u00e1vel compreender porque voc\u00ea n\u00e3o se sente bem com as suas conquistas profissionais at\u00e9 aqui. Fazer essa avalia\u00e7\u00e3o te ajuda a entender quais s\u00e3o as caracter\u00edsticas do seu atual trabalho que efetivamente causam a insatisfa\u00e7\u00e3o e, portanto, voc\u00ea pode usar isso como base para tomar decis\u00f5es mais efetivas no futuro.<\/p>\n\n\n\n<p>\u00c9 preciso fazer um destaque aqui: esse n\u00e3o \u00e9 um momento para culpa! Voc\u00ea n\u00e3o precisa (e nem deve) ficar se martirizando em virtude das escolhas que fez no passado. \u00c9 importante lembrarmos que <strong><em>n\u00f3s tomamos decis\u00f5es com base nas informa\u00e7\u00f5es que temos no momento <\/em><\/strong>e, assim, \u00e9 muito prov\u00e1vel que seu atual caminho profissional tenha feito sentido em algum momento da sua vida.&nbsp;<\/p>\n\n\n\n<p>No entanto, \u00e9 importante lembrarmos que estamos em um processo constante de evolu\u00e7\u00e3o e transforma\u00e7\u00e3o pessoal. A nossa vida muda, nossos sonhos tamb\u00e9m e, com isso, uma decis\u00e3o coerente no passado pode, hoje em dia, n\u00e3o fazer mais tanto sentido assim. Est\u00e1 tudo bem: voc\u00ea sempre tem a chance de recome\u00e7ar e alterar a sua pr\u00f3pria rota.&nbsp;<\/p>\n\n\n\n<p>Para fazer essa an\u00e1lise inicial, \u00e9 importante responder \u00e0s seguintes perguntas:<\/p>\n\n\n\n<ul class=\"wp-block-list\"><li>Quais foram os motivos que me fizeram decidir pela minha carreira atual?<\/li><li>Por que as minhas atividades profissionais hoje me incomodam tanto? Quais s\u00e3o as minhas principais frustra\u00e7\u00f5es?<\/li><li>Quais s\u00e3o as caracter\u00edsticas de uma rotina profissional que \u00e9 coerente com as minhas habilidades como indiv\u00edduo?<\/li><\/ul>\n\n\n\n<p>Diante das respostas, fica mais f\u00e1cil ter um ponto de partida para desenvolver os pr\u00f3ximos passos da sua trajet\u00f3ria profissional.<\/p>\n\n\n\n<h2 class=\"wp-block-heading\" id=\"h-2-olhar-para-frente-e-para-dentro-o-autoconhecimento-como-chave-da-transi-o-de-carreira\">2) Olhar para frente e para dentro: o autoconhecimento como chave da transi\u00e7\u00e3o de carreira<\/h2>\n\n\n\n<p>Depois de analisar o passado, \u00e9 importante tamb\u00e9m olhar para o presente e para o futuro. Como voc\u00ea se imagina daqui a 5 anos? Quais s\u00e3o os tipos de atividades profissionais que voc\u00ea teria interesse em desenvolver? Qual \u00e9 o retorno (emocional e financeiro, por exemplo) que voc\u00ea espera de uma nova carreira?<\/p>\n\n\n\n<p>Ter a resposta para essas perguntas nem sempre \u00e9 f\u00e1cil: assim, em alguns casos, pode ser interessante analisar primeiro <em>o que n\u00e3o faz nenhum sentido<\/em>, ou seja, aspectos que voc\u00ea j\u00e1 sabe que n\u00e3o devem estar presentes nas suas decis\u00f5es. Um exemplo \u00e9 uma pessoa que est\u00e1 extremamente cansada da vida profissional na iniciativa privada e entende que o setor p\u00fablico seria a melhor op\u00e7\u00e3o para resolver essas insatisfa\u00e7\u00f5es: ter um novo emprego em uma empresa particular n\u00e3o \u00e9 uma escolha a ser considerada nesse caso, a n\u00e3o ser que outros fatores (como quest\u00f5es financeiras urgentes) fundamentem essa decis\u00e3o.&nbsp;<\/p>\n\n\n\n<p>Aqui no Estrat\u00e9gia, voc\u00ea j\u00e1 deve ter visto nossos especialistas do coaching mencionarem a <strong>import\u00e2ncia da compreens\u00e3o do prop\u00f3sito pessoal como base para a motiva\u00e7\u00e3o <\/strong>e para se manter firme nas metas pessoais. O seu prop\u00f3sito \u00e9 o motivo maior pelo qual voc\u00ea existe e, obviamente, ter\u00e1 um impacto direto nas suas pr\u00f3prias decis\u00f5es. Ter o entendimento sobre <em>o que te move <\/em>como indiv\u00edduo com certeza influenciar\u00e1 de forma positiva as suas escolhas, sejam elas no \u00e2mbito pessoal e\/ou em outras esferas, como familiar e profissional.&nbsp;<\/p>\n\n\n\n<p>Cabe lembrar, tamb\u00e9m, que as transi\u00e7\u00f5es de carreira muitas vezes s\u00e3o mais radicais, ou seja, envolvem uma mudan\u00e7a completa de \u00e1rea. Um exemplo seria uma pessoa formada em Contabilidade que, ao longo da vida, descobre uma grande paix\u00e3o pela \u00e1rea de comunica\u00e7\u00e3o e decide trabalhar na \u00e1rea de marketing digital.&nbsp;<\/p>\n\n\n\n<p>Existem tamb\u00e9m transi\u00e7\u00f5es sutis, dentro de uma mesma macro\u00e1rea de atua\u00e7\u00e3o: um exemplo seria um advogado que passou 10 anos atuando como especialista na \u00e1rea criminal e, ao reavaliar a sua carreira, percebe que gostaria de desenvolver um trabalho mais espec\u00edfico no Direito Empresarial.<\/p>\n\n\n\n<h2 class=\"wp-block-heading\" id=\"h-3-fa-a-um-planejamento-para-a-sua-transi-o-de-carreira\">3) Fa\u00e7a um planejamento para a sua transi\u00e7\u00e3o de carreira<\/h2>\n\n\n\n<p>Todo processo de transi\u00e7\u00e3o, seja ele mais radical ou mais sutil, <strong>deve incluir um planejamento coerente e estruturado<\/strong> para que as decis\u00f5es possam ser tomadas da melhor forma poss\u00edvel. Para isso, \u00e9 importante definir:<\/p>\n\n\n\n<ul class=\"wp-block-list\"><li>Qual \u00e9 a \u00e1rea para a qual voc\u00ea pretende fazer a transi\u00e7\u00e3o de carreira;<\/li><li>Em que tipo de empresa voc\u00ea gostaria de trabalhar (seja ela p\u00fablica ou privada) ou que tipo de neg\u00f3cio voc\u00ea deseja criar, caso decida pelo emprendedorismo;<\/li><li>Qual \u00e9 o cargo que voc\u00ea deseja ter;<\/li><li>Qual \u00e9 o retorno financeiro esperado ap\u00f3s a transi\u00e7\u00e3o;<\/li><li>Quais s\u00e3o as compet\u00eancias profissionais que voc\u00ea precisa desenvolver para ser capaz de assumir as novas responsabilidades.<\/li><\/ul>\n\n\n\n<p>Perceba que, ao realizar uma transi\u00e7\u00e3o de carreira, voc\u00ea poder\u00e1 trocar uma situa\u00e7\u00e3o relativamente est\u00e1vel (como um emprego no qual voc\u00ea est\u00e1 h\u00e1 muitos anos) por um contexto no qual haver\u00e1 um n\u00edvel maior de inseguran\u00e7as, at\u00e9 porque voc\u00ea est\u00e1 iniciando suas atividades naquela nova \u00e1rea. Logo, ressalta-se a import\u00e2ncia de ter uma <strong>reserva financeira bem estruturada, <\/strong>visto que voc\u00ea pode ficar um tempo sem trabalhar devido \u00e0 transi\u00e7\u00e3o, enquanto busca por um novo cargo, e\/ou pode desejar realizar investimentos pessoais, como a realiza\u00e7\u00e3o de cursos de aprimoramento profissional.&nbsp;<\/p>\n\n\n\n<p>Ademais, \u00e9 importante definir seus objetivos de curto, m\u00e9dio e longo prazos em rela\u00e7\u00e3o \u00e0 sua carreira: isso te ajudar\u00e1 a ter mais clareza sobre estar ou n\u00e3o no caminho certo para que a transi\u00e7\u00e3o seja realizada com sucesso. No livro Trabalho Organizado, Thais Godinho, especialista em organiza\u00e7\u00e3o em planejamento, traz uma orienta\u00e7\u00e3o importante sobre a necessidade de defini\u00e7\u00e3o de objetivos:<\/p>\n\n\n\n<blockquote class=\"wp-block-quote is-layout-flow wp-block-quote-is-layout-flow\"><p>&#8220;Definir objetivos significa ter um mapa em m\u00e3os quando se coloca um p\u00e9 na estrada. Voc\u00ea pode at\u00e9 mudar um pouco um percurso, mas, caso se perca, voc\u00ea sabe que seu mapa est\u00e1 ali para ajudar. A ideia de ter objetivos listados \u00e9 a mesma. Eles n\u00e3o s\u00e3o engessados, cravados em pedra. Voc\u00ea pode mud\u00e1-los, se sua vida caminhar para isso.&#8221; &#8211; <strong>Thais Godinho no livro Trabalho Organizado (2018)<\/strong><\/p><\/blockquote>\n\n\n\n<p>Veja, portanto, que ter os seus objetivos escritos e dispostos em um lugar visualizado com frequ\u00eancia por voc\u00ea pode te ajudar a manter o foco naquelas a\u00e7\u00f5es que efetivamente precisar\u00e3o ser executadas.&nbsp;<\/p>\n\n\n\n<p>Al\u00e9m disso, o seu planejamento tamb\u00e9m deve envolver as pessoas que podem ser afetadas, de forma direta ou indireta, pelas suas decis\u00f5es. Um exemplo \u00e9 a sua fam\u00edlia: se a sua renda hoje \u00e9 uma parte importante para a manuten\u00e7\u00e3o do estilo de vida dos seus familiares, por exemplo, \u00e9 importante ter conversas claras e francas a respeito da transi\u00e7\u00e3o de carreira. Ter o apoio daqueles que est\u00e3o ao seu redor com certeza te auxiliar\u00e1 na tomada de decis\u00f5es, assim como pode te trazer uma maior tranquilidade em rela\u00e7\u00e3o aos seus pr\u00f3ximos passos.&nbsp;<\/p>\n\n\n\n<h2 class=\"wp-block-heading\" id=\"h-4-invista-no-seu-aprimoramento-profissional\">4) Invista no seu aprimoramento profissional<\/h2>\n\n\n\n<p>\u00c9 evidente que voc\u00ea n\u00e3o ter\u00e1, ao menos em um primeiro momento, experi\u00eancia na nova \u00e1rea com o mesmo n\u00edvel de profundidade e de especializa\u00e7\u00e3o que voc\u00ea tem nas suas atividades atuais. Dessa maneira, voc\u00ea precisa se destacar para o mercado e, sobretudo, <strong>demonstrar que est\u00e1 em busca de aperfei\u00e7oamento para auxiliar no desenvolvimento das novas habilidades<\/strong>.<\/p>\n\n\n\n<p>Isso vale inclusive para o servi\u00e7o p\u00fablico: mesmo que voc\u00ea preste um concurso p\u00fablico, ter uma qualifica\u00e7\u00e3o adicional al\u00e9m da m\u00ednima que o cargo exige pode trazer benef\u00edcios, como pontos nas provas de t\u00edtulos e tamb\u00e9m adicionais de qualifica\u00e7\u00e3o depois que voc\u00ea tomar posse.<\/p>\n\n\n\n<p>Assim, ao mapear as compet\u00eancias e os conhecimentos necess\u00e1rios para a nova carreira, voc\u00ea pode verificar a necessidade de investir na sua qualifica\u00e7\u00e3o. Uma excelente forma de fazer isso \u00e9 a partir de uma p\u00f3s-gradua\u00e7\u00e3o online: voc\u00ea pode estudar sem sair da sua casa, o que facilita a concilia\u00e7\u00e3o entre o curso e a sua rotina atual.&nbsp;<\/p>\n\n\n\n<p>O Estrat\u00e9gia, em parceria com a Faculdade Unyleya, oferece diversos <strong>programas de p\u00f3s-gradua\u00e7\u00e3o online<\/strong>: todos eles s\u00e3o reconhecidos pelo MEC e s\u00e3o ministrados \u00e0 dist\u00e2ncia, a partir de uma tr\u00edade de conte\u00fado que inclui videoaulas, livros digitais e tamb\u00e9m acesso ao f\u00f3rum de d\u00favidas.\u00a0<\/p>\n\n\n\n<p>Conhe\u00e7a as nossas op\u00e7\u00f5es de cursos de p\u00f3s-gradua\u00e7\u00e3o!<\/p>\n\n\n\n<h3 class=\"wp-block-heading\" id=\"h-cursos-de-p-s-gradua-o-para-carreiras-p-blicas\">Cursos de p\u00f3s-gradua\u00e7\u00e3o para carreiras p\u00fablicas:<\/h3>\n\n\n\n<ul class=\"wp-block-list\"><li><a href=\"https:\/\/posestrategia.unyleya.edu.br\/pos-graduacao-ead\/curso\/direito-administrativo-e-gestao-publica\">Direito Administrativo e Gest\u00e3o P\u00fablica<\/a>;<\/li><li><a href=\"https:\/\/posestrategia.unyleya.edu.br\/pos-graduacao-ead\/curso\/direito-publico\">Direito P\u00fablico<\/a>;<\/li><li><a href=\"https:\/\/posestrategia.unyleya.edu.br\/pos-graduacao-ead\/curso\/gestao-orcamentaria-e-financeira\">Gest\u00e3o Or\u00e7ament\u00e1ria e Financeira<\/a>;<\/li><li><a href=\"https:\/\/posestrategia.unyleya.edu.br\/pos-graduacao-ead\/curso\/gestao-tributaria-e-auditoria-no-setor-publico\">Gest\u00e3o Tribut\u00e1ria e Auditoria no Setor P\u00fablico<\/a>;<\/li><li><a href=\"https:\/\/posestrategia.unyleya.edu.br\/pos-graduacao-ead\/curso\/investigacao-criminal-e-legislacao-penal\">Investiga\u00e7\u00e3o Criminal e Legisla\u00e7\u00e3o Penal<\/a>;<\/li><li><a href=\"https:\/\/posestrategia.unyleya.edu.br\/pos-graduacao-ead\/curso\/contabilidade-gerencial\">Contabilidade Gerencial<\/a>;<\/li><li><a href=\"https:\/\/posestrategia.unyleya.edu.br\/pos-graduacao-ead\/curso\/contabilidade-publica\">Contabilidade P\u00fablica<\/a>;<\/li><li><a href=\"https:\/\/posestrategia.unyleya.edu.br\/pos-graduacao-ead\/curso\/contabilidade-societaria\">Contabilidade Societ\u00e1ria<\/a>.<\/li><\/ul>\n\n\n\n<h3 class=\"wp-block-heading\" id=\"h-cursos-de-p-s-gradua-o-para-carreiras-jur-dicas\">Cursos de p\u00f3s-gradua\u00e7\u00e3o para carreiras jur\u00eddicas:<\/h3>\n\n\n\n<ul class=\"wp-block-list\"><li><a href=\"https:\/\/posestrategia.unyleya.edu.br\/pos-graduacao-ead\/curso\/direito-administrativo\">Direito Administrativo<\/a>;<\/li><li><a href=\"https:\/\/posestrategia.unyleya.edu.br\/pos-graduacao-ead\/curso\/direito-civil-e-processual-civil\">Direito Civil e Processual Civil<\/a>;<\/li><li><a href=\"https:\/\/posestrategia.unyleya.edu.br\/pos-graduacao-ead\/curso\/direito-constitucional\">Direito Constitucional<\/a>;<\/li><li><a href=\"https:\/\/posestrategia.unyleya.edu.br\/pos-graduacao-ead\/curso\/direito-empresarial\">Direito Empresarial<\/a>;<\/li><li><a href=\"https:\/\/posestrategia.unyleya.edu.br\/pos-graduacao-ead\/curso\/direito-penal-e-processual-penal\">Direito Penal e Processual Penal<\/a>;<\/li><li><a href=\"https:\/\/posestrategia.unyleya.edu.br\/pos-graduacao-ead\/curso\/direito-tributario\">Direito Tribut\u00e1rio<\/a>.<\/li><\/ul>\n\n\n\n<p class=\"has-text-align-center\"><strong><a href=\"https:\/\/posestrategia.unyleya.edu.br\/\">Clique aqui para acessar os cursos&nbsp;<\/a><\/strong><\/p>\n\n\n\n<p>Deixo aqui tamb\u00e9m um convite para que voc\u00ea nos acompanhe no <a href=\"http:\/\/instagram.com\/estrategiaposgraduacao\">Instagram da p\u00f3s-gradua\u00e7\u00e3o<\/a>! Estamos produzindo conte\u00fados incr\u00edveis para te auxiliar na sua jornada de estudos e no seu aprimoramento profissional!<\/p>\n","protected":false},"excerpt":{"rendered":"<p>Entenda quais estrat\u00e9gias voc\u00ea pode utilizar para investir no seu aprimoramento e mudar de \u00e1rea profissional Aqui no Estrat\u00e9gia, n\u00f3s estamos constantemente conversando e orientando os nossos alunos a respeito dos seus objetivos profissionais. Seja no caso de quem deseja ser aprovado em um concurso p\u00fablico ou para quem quer seguir uma carreira na \u00e1rea [&hellip;]<\/p>\n","protected":false},"author":1432,"featured_media":0,"comment_status":"open","ping_status":"closed","sticky":false,"template":"","format":"standard","meta":{"post_tipo":"article","footnotes":""},"categories":[1],"tags":[],"tax_estado":[219963],"class_list":["post-623645","post","type-post","status-publish","format-standard","hentry","category-cursos-e-concursos","tax_estado-concursos-federais"],"acf":[],"yoast_head":"<!-- This site is optimized with the Yoast SEO Premium plugin v27.2 (Yoast SEO v27.2) - https:\/\/yoast.com\/product\/yoast-seo-premium-wordpress\/ -->\n<title>Transi\u00e7\u00e3o de carreira: como planejar uma mudan\u00e7a na trajet\u00f3ria profissional?<\/title>\n<meta name=\"description\" content=\"Veja nossas dicas para que voc\u00ea fa\u00e7a a sua transi\u00e7\u00e3o de carreira! O planejamento \u00e9 fundamental para decis\u00f5es assertivas e \u00e9 importante...\" \/>\n<meta name=\"robots\" content=\"index, follow, max-snippet:-1, max-image-preview:large, max-video-preview:-1\" \/>\n<link rel=\"canonical\" href=\"https:\/\/www.estrategiaconcursos.com.br\/blog\/transicao-de-carreira-como-planejar-uma-mudanca-na-trajetoria-profissional\/\" \/>\n<meta property=\"og:locale\" content=\"pt_BR\" \/>\n<meta property=\"og:type\" content=\"article\" \/>\n<meta property=\"og:title\" content=\"Transi\u00e7\u00e3o de carreira: como planejar uma mudan\u00e7a na trajet\u00f3ria profissional?\" \/>\n<meta property=\"og:description\" content=\"Veja nossas dicas para que voc\u00ea fa\u00e7a a sua transi\u00e7\u00e3o de carreira! O planejamento \u00e9 fundamental para decis\u00f5es assertivas e \u00e9 importante...\" \/>\n<meta property=\"og:url\" content=\"https:\/\/www.estrategiaconcursos.com.br\/blog\/transicao-de-carreira-como-planejar-uma-mudanca-na-trajetoria-profissional\/\" \/>\n<meta property=\"og:site_name\" content=\"Estrat\u00e9gia Concursos\" \/>\n<meta property=\"article:published_time\" content=\"2020-12-07T15:00:00+00:00\" \/>\n<meta property=\"article:modified_time\" content=\"2021-01-22T20:00:19+00:00\" \/>\n<meta name=\"author\" content=\"J\u00falia Branco\" \/>\n<meta name=\"twitter:card\" content=\"summary_large_image\" \/>\n<meta name=\"twitter:creator\" content=\"@EstratConcursos\" \/>\n<meta name=\"twitter:site\" content=\"@EstratConcursos\" \/>\n<meta name=\"twitter:label1\" content=\"Escrito por\" \/>\n\t<meta name=\"twitter:data1\" content=\"J\u00falia Branco\" \/>\n\t<meta name=\"twitter:label2\" content=\"Est. tempo de leitura\" \/>\n\t<meta name=\"twitter:data2\" content=\"9 minutos\" \/>\n<script type=\"application\/ld+json\" class=\"yoast-schema-graph\">{\"@context\":\"https:\/\/schema.org\",\"@graph\":[{\"@type\":\"NewsArticle\",\"@id\":\"https:\/\/www.estrategiaconcursos.com.br\/blog\/transicao-de-carreira-como-planejar-uma-mudanca-na-trajetoria-profissional\/#article\",\"isPartOf\":{\"@id\":\"https:\/\/www.estrategiaconcursos.com.br\/blog\/transicao-de-carreira-como-planejar-uma-mudanca-na-trajetoria-profissional\/\"},\"author\":{\"name\":\"J\u00falia Branco\",\"@id\":\"https:\/\/www.estrategiaconcursos.com.br\/blog\/#\/schema\/person\/8a4a2ce92e69596f6fc586bac2e00aa6\"},\"headline\":\"Transi\u00e7\u00e3o de carreira: como planejar uma mudan\u00e7a na trajet\u00f3ria profissional?\",\"datePublished\":\"2020-12-07T15:00:00+00:00\",\"dateModified\":\"2021-01-22T20:00:19+00:00\",\"mainEntityOfPage\":{\"@id\":\"https:\/\/www.estrategiaconcursos.com.br\/blog\/transicao-de-carreira-como-planejar-uma-mudanca-na-trajetoria-profissional\/\"},\"wordCount\":1729,\"commentCount\":0,\"publisher\":{\"@id\":\"https:\/\/www.estrategiaconcursos.com.br\/blog\/#organization\"},\"articleSection\":[\"Concursos P\u00fablicos\"],\"inLanguage\":\"pt-BR\",\"potentialAction\":[{\"@type\":\"CommentAction\",\"name\":\"Comment\",\"target\":[\"https:\/\/www.estrategiaconcursos.com.br\/blog\/transicao-de-carreira-como-planejar-uma-mudanca-na-trajetoria-profissional\/#respond\"]}],\"copyrightYear\":\"2020\",\"copyrightHolder\":{\"@id\":\"https:\/\/www.estrategiaconcursos.com.br\/blog\/#organization\"}},{\"@type\":\"WebPage\",\"@id\":\"https:\/\/www.estrategiaconcursos.com.br\/blog\/transicao-de-carreira-como-planejar-uma-mudanca-na-trajetoria-profissional\/\",\"url\":\"https:\/\/www.estrategiaconcursos.com.br\/blog\/transicao-de-carreira-como-planejar-uma-mudanca-na-trajetoria-profissional\/\",\"name\":\"Transi\u00e7\u00e3o de carreira: como planejar uma mudan\u00e7a na trajet\u00f3ria profissional?\",\"isPartOf\":{\"@id\":\"https:\/\/www.estrategiaconcursos.com.br\/blog\/#website\"},\"datePublished\":\"2020-12-07T15:00:00+00:00\",\"dateModified\":\"2021-01-22T20:00:19+00:00\",\"description\":\"Veja nossas dicas para que voc\u00ea fa\u00e7a a sua transi\u00e7\u00e3o de carreira! O planejamento \u00e9 fundamental para decis\u00f5es assertivas e \u00e9 importante...\",\"breadcrumb\":{\"@id\":\"https:\/\/www.estrategiaconcursos.com.br\/blog\/transicao-de-carreira-como-planejar-uma-mudanca-na-trajetoria-profissional\/#breadcrumb\"},\"inLanguage\":\"pt-BR\",\"potentialAction\":[{\"@type\":\"ReadAction\",\"target\":[\"https:\/\/www.estrategiaconcursos.com.br\/blog\/transicao-de-carreira-como-planejar-uma-mudanca-na-trajetoria-profissional\/\"]}]},{\"@type\":\"BreadcrumbList\",\"@id\":\"https:\/\/www.estrategiaconcursos.com.br\/blog\/transicao-de-carreira-como-planejar-uma-mudanca-na-trajetoria-profissional\/#breadcrumb\",\"itemListElement\":[{\"@type\":\"ListItem\",\"position\":1,\"name\":\"In\u00edcio\",\"item\":\"https:\/\/www.estrategiaconcursos.com.br\/blog\/\"},{\"@type\":\"ListItem\",\"position\":2,\"name\":\"Transi\u00e7\u00e3o de carreira: como planejar uma mudan\u00e7a na trajet\u00f3ria profissional?\"}]},{\"@type\":\"WebSite\",\"@id\":\"https:\/\/www.estrategiaconcursos.com.br\/blog\/#website\",\"url\":\"https:\/\/www.estrategiaconcursos.com.br\/blog\/\",\"name\":\"Estrat\u00e9gia Concursos\",\"description\":\"O blog da Estrat\u00e9gia Concursos traz not\u00edcias sobre concursos e artigos de professores oferecendo cursos para concursos (pdf + videaulas) no site.\",\"publisher\":{\"@id\":\"https:\/\/www.estrategiaconcursos.com.br\/blog\/#organization\"},\"potentialAction\":[{\"@type\":\"SearchAction\",\"target\":{\"@type\":\"EntryPoint\",\"urlTemplate\":\"https:\/\/www.estrategiaconcursos.com.br\/blog\/?s={search_term_string}\"},\"query-input\":{\"@type\":\"PropertyValueSpecification\",\"valueRequired\":true,\"valueName\":\"search_term_string\"}}],\"inLanguage\":\"pt-BR\"},{\"@type\":\"Organization\",\"@id\":\"https:\/\/www.estrategiaconcursos.com.br\/blog\/#organization\",\"name\":\"Estrat\u00e9gia Concursos\",\"url\":\"https:\/\/www.estrategiaconcursos.com.br\/blog\/\",\"logo\":{\"@type\":\"ImageObject\",\"inLanguage\":\"pt-BR\",\"@id\":\"https:\/\/www.estrategiaconcursos.com.br\/blog\/#\/schema\/logo\/image\/\",\"url\":\"https:\/\/dhg1h5j42swfq.cloudfront.net\/2025\/06\/03203428\/logo_concursos-1.jpg\",\"contentUrl\":\"https:\/\/dhg1h5j42swfq.cloudfront.net\/2025\/06\/03203428\/logo_concursos-1.jpg\",\"width\":230,\"height\":60,\"caption\":\"Estrat\u00e9gia Concursos\"},\"image\":{\"@id\":\"https:\/\/www.estrategiaconcursos.com.br\/blog\/#\/schema\/logo\/image\/\"},\"sameAs\":[\"https:\/\/x.com\/EstratConcursos\"]},{\"@type\":\"Person\",\"@id\":\"https:\/\/www.estrategiaconcursos.com.br\/blog\/#\/schema\/person\/8a4a2ce92e69596f6fc586bac2e00aa6\",\"name\":\"J\u00falia Branco\",\"image\":{\"@type\":\"ImageObject\",\"inLanguage\":\"pt-BR\",\"@id\":\"https:\/\/secure.gravatar.com\/avatar\/0f766fa82cc670dc5dc1bfb2b089001368538ed907cbd3f55bb04c1f70f134b5?s=96&d=mm&r=g\",\"url\":\"https:\/\/secure.gravatar.com\/avatar\/0f766fa82cc670dc5dc1bfb2b089001368538ed907cbd3f55bb04c1f70f134b5?s=96&d=mm&r=g\",\"contentUrl\":\"https:\/\/secure.gravatar.com\/avatar\/0f766fa82cc670dc5dc1bfb2b089001368538ed907cbd3f55bb04c1f70f134b5?s=96&d=mm&r=g\",\"caption\":\"J\u00falia Branco\"},\"url\":\"https:\/\/www.estrategiaconcursos.com.br\/blog\/author\/juliakbrancogmail-com\/\"}]}<\/script>\n<!-- \/ Yoast SEO Premium plugin. -->","yoast_head_json":{"title":"Transi\u00e7\u00e3o de carreira: como planejar uma mudan\u00e7a na trajet\u00f3ria profissional?","description":"Veja nossas dicas para que voc\u00ea fa\u00e7a a sua transi\u00e7\u00e3o de carreira! O planejamento \u00e9 fundamental para decis\u00f5es assertivas e \u00e9 importante...","robots":{"index":"index","follow":"follow","max-snippet":"max-snippet:-1","max-image-preview":"max-image-preview:large","max-video-preview":"max-video-preview:-1"},"canonical":"https:\/\/www.estrategiaconcursos.com.br\/blog\/transicao-de-carreira-como-planejar-uma-mudanca-na-trajetoria-profissional\/","og_locale":"pt_BR","og_type":"article","og_title":"Transi\u00e7\u00e3o de carreira: como planejar uma mudan\u00e7a na trajet\u00f3ria profissional?","og_description":"Veja nossas dicas para que voc\u00ea fa\u00e7a a sua transi\u00e7\u00e3o de carreira! O planejamento \u00e9 fundamental para decis\u00f5es assertivas e \u00e9 importante...","og_url":"https:\/\/www.estrategiaconcursos.com.br\/blog\/transicao-de-carreira-como-planejar-uma-mudanca-na-trajetoria-profissional\/","og_site_name":"Estrat\u00e9gia Concursos","article_published_time":"2020-12-07T15:00:00+00:00","article_modified_time":"2021-01-22T20:00:19+00:00","author":"J\u00falia Branco","twitter_card":"summary_large_image","twitter_creator":"@EstratConcursos","twitter_site":"@EstratConcursos","twitter_misc":{"Escrito por":"J\u00falia Branco","Est. tempo de leitura":"9 minutos"},"schema":{"@context":"https:\/\/schema.org","@graph":[{"@type":"NewsArticle","@id":"https:\/\/www.estrategiaconcursos.com.br\/blog\/transicao-de-carreira-como-planejar-uma-mudanca-na-trajetoria-profissional\/#article","isPartOf":{"@id":"https:\/\/www.estrategiaconcursos.com.br\/blog\/transicao-de-carreira-como-planejar-uma-mudanca-na-trajetoria-profissional\/"},"author":{"name":"J\u00falia Branco","@id":"https:\/\/www.estrategiaconcursos.com.br\/blog\/#\/schema\/person\/8a4a2ce92e69596f6fc586bac2e00aa6"},"headline":"Transi\u00e7\u00e3o de carreira: como planejar uma mudan\u00e7a na trajet\u00f3ria profissional?","datePublished":"2020-12-07T15:00:00+00:00","dateModified":"2021-01-22T20:00:19+00:00","mainEntityOfPage":{"@id":"https:\/\/www.estrategiaconcursos.com.br\/blog\/transicao-de-carreira-como-planejar-uma-mudanca-na-trajetoria-profissional\/"},"wordCount":1729,"commentCount":0,"publisher":{"@id":"https:\/\/www.estrategiaconcursos.com.br\/blog\/#organization"},"articleSection":["Concursos P\u00fablicos"],"inLanguage":"pt-BR","potentialAction":[{"@type":"CommentAction","name":"Comment","target":["https:\/\/www.estrategiaconcursos.com.br\/blog\/transicao-de-carreira-como-planejar-uma-mudanca-na-trajetoria-profissional\/#respond"]}],"copyrightYear":"2020","copyrightHolder":{"@id":"https:\/\/www.estrategiaconcursos.com.br\/blog\/#organization"}},{"@type":"WebPage","@id":"https:\/\/www.estrategiaconcursos.com.br\/blog\/transicao-de-carreira-como-planejar-uma-mudanca-na-trajetoria-profissional\/","url":"https:\/\/www.estrategiaconcursos.com.br\/blog\/transicao-de-carreira-como-planejar-uma-mudanca-na-trajetoria-profissional\/","name":"Transi\u00e7\u00e3o de carreira: como planejar uma mudan\u00e7a na trajet\u00f3ria profissional?","isPartOf":{"@id":"https:\/\/www.estrategiaconcursos.com.br\/blog\/#website"},"datePublished":"2020-12-07T15:00:00+00:00","dateModified":"2021-01-22T20:00:19+00:00","description":"Veja nossas dicas para que voc\u00ea fa\u00e7a a sua transi\u00e7\u00e3o de carreira! O planejamento \u00e9 fundamental para decis\u00f5es assertivas e \u00e9 importante...","breadcrumb":{"@id":"https:\/\/www.estrategiaconcursos.com.br\/blog\/transicao-de-carreira-como-planejar-uma-mudanca-na-trajetoria-profissional\/#breadcrumb"},"inLanguage":"pt-BR","potentialAction":[{"@type":"ReadAction","target":["https:\/\/www.estrategiaconcursos.com.br\/blog\/transicao-de-carreira-como-planejar-uma-mudanca-na-trajetoria-profissional\/"]}]},{"@type":"BreadcrumbList","@id":"https:\/\/www.estrategiaconcursos.com.br\/blog\/transicao-de-carreira-como-planejar-uma-mudanca-na-trajetoria-profissional\/#breadcrumb","itemListElement":[{"@type":"ListItem","position":1,"name":"In\u00edcio","item":"https:\/\/www.estrategiaconcursos.com.br\/blog\/"},{"@type":"ListItem","position":2,"name":"Transi\u00e7\u00e3o de carreira: como planejar uma mudan\u00e7a na trajet\u00f3ria profissional?"}]},{"@type":"WebSite","@id":"https:\/\/www.estrategiaconcursos.com.br\/blog\/#website","url":"https:\/\/www.estrategiaconcursos.com.br\/blog\/","name":"Estrat\u00e9gia Concursos","description":"O blog da Estrat\u00e9gia Concursos traz not\u00edcias sobre concursos e artigos de professores oferecendo cursos para concursos (pdf + videaulas) no site.","publisher":{"@id":"https:\/\/www.estrategiaconcursos.com.br\/blog\/#organization"},"potentialAction":[{"@type":"SearchAction","target":{"@type":"EntryPoint","urlTemplate":"https:\/\/www.estrategiaconcursos.com.br\/blog\/?s={search_term_string}"},"query-input":{"@type":"PropertyValueSpecification","valueRequired":true,"valueName":"search_term_string"}}],"inLanguage":"pt-BR"},{"@type":"Organization","@id":"https:\/\/www.estrategiaconcursos.com.br\/blog\/#organization","name":"Estrat\u00e9gia Concursos","url":"https:\/\/www.estrategiaconcursos.com.br\/blog\/","logo":{"@type":"ImageObject","inLanguage":"pt-BR","@id":"https:\/\/www.estrategiaconcursos.com.br\/blog\/#\/schema\/logo\/image\/","url":"https:\/\/dhg1h5j42swfq.cloudfront.net\/2025\/06\/03203428\/logo_concursos-1.jpg","contentUrl":"https:\/\/dhg1h5j42swfq.cloudfront.net\/2025\/06\/03203428\/logo_concursos-1.jpg","width":230,"height":60,"caption":"Estrat\u00e9gia Concursos"},"image":{"@id":"https:\/\/www.estrategiaconcursos.com.br\/blog\/#\/schema\/logo\/image\/"},"sameAs":["https:\/\/x.com\/EstratConcursos"]},{"@type":"Person","@id":"https:\/\/www.estrategiaconcursos.com.br\/blog\/#\/schema\/person\/8a4a2ce92e69596f6fc586bac2e00aa6","name":"J\u00falia Branco","image":{"@type":"ImageObject","inLanguage":"pt-BR","@id":"https:\/\/secure.gravatar.com\/avatar\/0f766fa82cc670dc5dc1bfb2b089001368538ed907cbd3f55bb04c1f70f134b5?s=96&d=mm&r=g","url":"https:\/\/secure.gravatar.com\/avatar\/0f766fa82cc670dc5dc1bfb2b089001368538ed907cbd3f55bb04c1f70f134b5?s=96&d=mm&r=g","contentUrl":"https:\/\/secure.gravatar.com\/avatar\/0f766fa82cc670dc5dc1bfb2b089001368538ed907cbd3f55bb04c1f70f134b5?s=96&d=mm&r=g","caption":"J\u00falia Branco"},"url":"https:\/\/www.estrategiaconcursos.com.br\/blog\/author\/juliakbrancogmail-com\/"}]}},"_links":{"self":[{"href":"https:\/\/www.estrategiaconcursos.com.br\/blog\/wp-json\/wp\/v2\/posts\/623645","targetHints":{"allow":["GET"]}}],"collection":[{"href":"https:\/\/www.estrategiaconcursos.com.br\/blog\/wp-json\/wp\/v2\/posts"}],"about":[{"href":"https:\/\/www.estrategiaconcursos.com.br\/blog\/wp-json\/wp\/v2\/types\/post"}],"author":[{"embeddable":true,"href":"https:\/\/www.estrategiaconcursos.com.br\/blog\/wp-json\/wp\/v2\/users\/1432"}],"replies":[{"embeddable":true,"href":"https:\/\/www.estrategiaconcursos.com.br\/blog\/wp-json\/wp\/v2\/comments?post=623645"}],"version-history":[{"count":5,"href":"https:\/\/www.estrategiaconcursos.com.br\/blog\/wp-json\/wp\/v2\/posts\/623645\/revisions"}],"predecessor-version":[{"id":656173,"href":"https:\/\/www.estrategiaconcursos.com.br\/blog\/wp-json\/wp\/v2\/posts\/623645\/revisions\/656173"}],"wp:attachment":[{"href":"https:\/\/www.estrategiaconcursos.com.br\/blog\/wp-json\/wp\/v2\/media?parent=623645"}],"wp:term":[{"taxonomy":"category","embeddable":true,"href":"https:\/\/www.estrategiaconcursos.com.br\/blog\/wp-json\/wp\/v2\/categories?post=623645"},{"taxonomy":"post_tag","embeddable":true,"href":"https:\/\/www.estrategiaconcursos.com.br\/blog\/wp-json\/wp\/v2\/tags?post=623645"},{"taxonomy":"tax_estado","embeddable":true,"href":"https:\/\/www.estrategiaconcursos.com.br\/blog\/wp-json\/wp\/v2\/tax_estado?post=623645"}],"curies":[{"name":"wp","href":"https:\/\/api.w.org\/{rel}","templated":true}]}}