{"id":623454,"date":"2020-12-04T16:52:28","date_gmt":"2020-12-04T19:52:28","guid":{"rendered":"https:\/\/www.estrategiaconcursos.com.br\/blog\/?p=623454"},"modified":"2023-07-04T11:28:35","modified_gmt":"2023-07-04T14:28:35","slug":"prefeitura-mari-concurso-suspenso-pela-justica","status":"publish","type":"post","link":"https:\/\/www.estrategiaconcursos.com.br\/blog\/prefeitura-mari-concurso-suspenso-pela-justica\/","title":{"rendered":"Prefeitura de Mari tem concurso suspenso pela Justi\u00e7a"},"content":{"rendered":"\n<p>Atendendo ao pedido do Minist\u00e9rio P\u00fablico da Para\u00edba, a 2\u00aa Vara Mista de Sap\u00e9 determinou a <strong>suspens\u00e3o do concurso p\u00fablico&nbsp;da Prefeitura Municipal de Mari<\/strong>. A tutela de urg\u00eancia foi deferida nesta sexta-feira, 04 de dezembro.<\/p>\n\n\n\n<p>Por consequ\u00eancia, ficam <strong>suspensas as provas objetivas<\/strong> previstas para o pr\u00f3ximo domingo (06). Tal medida foi tomada, pois o edital descumpre o percentual m\u00ednimo de vagas para pessoas com defici\u00eancia. <\/p>\n\n\n\n<p>Agora, a Prefeitura de Mari, bem como a empresa organizadora do concurso, o Instituto de Desenvolvimento Institucional Brasileiro \u2013&nbsp;IDIB, t\u00eam at\u00e9 30 dias para providenciarem a readequa\u00e7\u00e3o e republica\u00e7\u00e3o do edital.<\/p>\n\n\n\n<p>Uma A\u00e7\u00e3o Civil P\u00fablica n\u00ba 0804666-36.2020.8.15.0351, ajuizada nesta \u00faltima quinta-feira, 03, pela promotora de Justi\u00e7a de Sap\u00e9, Caroline Freire, foi o que deu in\u00edcio ao processo.<\/p>\n\n\n\n<blockquote class=\"wp-block-quote is-layout-flow wp-block-quote-is-layout-flow\">\n<p><em>&#8220;No edital vemos um d\u00e9ficit absurdo em rela\u00e7\u00e3o ao m\u00ednimo estabelecido pela pr\u00f3pria lei, um verdadeiro disparate para com a legisla\u00e7\u00e3o brasileira, notadamente para com o esfor\u00e7o da na\u00e7\u00e3o em seguir por uma linha de inclus\u00e3o de cidad\u00e3os segmentados pela pr\u00f3pria sociedade&#8221;<\/em>, argumentou Freire.<\/p>\n<\/blockquote>\n\n\n\n<p>Isso porque, das 715 vagas ofertadas no concurso p\u00fablico da Prefeitura de Mari, <strong>apenas duas s\u00e3o destinadas \u00e0 candidatos com defici\u00eancia<\/strong>. No pedido da a\u00e7\u00e3o, foi imposto que caso n\u00e3o haja readequa\u00e7\u00e3o, o certame seja, ent\u00e3o, anulado.<\/p>\n\n\n\n<p>Em sua decis\u00e3o, a ju\u00edza Andrea Targino destacou que a reserva percentual de cargos para PcD \u00e9 um direito garantido no artigo 37, inciso VIII, da Constitui\u00e7\u00e3o Federal e que os crit\u00e9rios de admiss\u00e3o e distribui\u00e7\u00e3o dessas vagas s\u00e3o atualmente disciplinados pelo Decreto n\u00ba 9.508\/2018, que assegura \u00e0 tais pessoas o percentual m\u00ednimo de 5% das vagas oferecidas.<\/p>\n\n\n\n<blockquote class=\"wp-block-quote is-layout-flow wp-block-quote-is-layout-flow\">\n<p><em>&#8220;\u00c9 direito da pessoa com defici\u00eancia se inscrever, na condi\u00e7\u00e3o de deficiente, para o cargo compat\u00edvel com sua defici\u00eancia e aguardar na lista para ser nomeado, caso venha a ser atingido o percentual legal para reserva de sua vaga. <\/em><\/p>\n\n\n\n<p><em>Ao rev\u00e9s, em uma an\u00e1lise superficial, o que se observa no caso em exame \u00e9 que o item 6.1.2, ao prever que a pessoa com defici\u00eancia s\u00f3 pode se inscrever, na condi\u00e7\u00e3o de deficiente, para os dois cargos previamente definidos (vigia e auxiliar de servi\u00e7os gerais) e que, caso opte para se inscrever para cargo que n\u00e3o possui reserva de vaga, ir\u00e1 concorrer na lista de ampla concorr\u00eancia. <\/em><\/p>\n\n\n\n<p><em>Na pr\u00e1tica, est\u00e1 negando o direito de a pessoa se candidatar na condi\u00e7\u00e3o de deficiente para os demais cargos, ainda que n\u00e3o tenha vaga reservada&#8221;<\/em>.<\/p>\n<\/blockquote>\n\n\n\n<p class=\"has-text-align-center has-background has-medium-font-size\" style=\"background-color:#e9ebec\"><strong>Saiba mais: <a href=\"https:\/\/www.estrategiaconcursos.com.br\/blog\/concurso-prefeitura-de-mari\/\" target=\"_blank\" rel=\"noreferrer noopener\">Concurso Prefeitura de Mari<\/a><\/strong><\/p>\n\n\n\n<hr class=\"wp-block-separator has-css-opacity\"\/>\n\n\n\n<div class=\"container\" id=\"boxes\">\n  <div class=\"row\">\n\n    <div class=\"col-sm\">\n      <div class=\"estrategia\" id=\"box-assinatura\">\n        <h3 class=\"titulo-assinatura\">Assinatura Ilimitada<\/h3>\n        <p class=\"subtitulo-assinatura\">Assinatura Anual Ilimitada*<\/p>\n        <div class=\"box-botao\">\n          <a class=\"btn-assinatura\" target=\"_blank\" href=\"https:\/\/www.estrategiaconcursos.com.br\/assinaturas\/\" role=\"button\" rel=\"noopener noreferrer\">ASSINE AGORA<\/a>\n        <\/div>\n      <\/div>\n      <p class=\"texto-auxiliar\">Prepare-se com o melhor material e com quem mais aprova em Concursos P\u00fablicos em todo o pa\u00eds. Assine agora a nossa Assinatura Anual e tenha acesso ilimitado* a todos os nossos cursos.<\/p>\n    <\/div>\n\n    <div class=\"col-sm\">\n      <div class=\"questoes\" id=\"box-assinatura\">\n        <h3 class=\"titulo-assinatura\">Sistema de Quest\u00f5es<\/h3>\n        <p class=\"subtitulo-assinatura\">Assinatura Ilimitada*\n<\/p>\n        <div class=\"box-botao\">\n          <a class=\"btn-assinatura\" target=\"_blank\" href=\"https:\/\/questoes.estrategiaconcursos.com.br\/\" role=\"button\" rel=\"noopener noreferrer\">ASSINE AGORA<\/a>\n        <\/div>\n      <\/div>\n      <p class=\"texto-auxiliar\">Estrat\u00e9gia Quest\u00f5es nasceu maior do que todos os concorrentes, com mais quest\u00f5es cadastradas e mais solu\u00e7\u00f5es por professores. Clique no link e aproveite os descontos e b\u00f4nus imperd\u00edveis!<\/p>\n    <\/div>\n  <\/div>\n<\/div>\n","protected":false},"excerpt":{"rendered":"<p>Atendendo ao pedido do Minist\u00e9rio P\u00fablico da Para\u00edba, a 2\u00aa Vara Mista de Sap\u00e9 determinou a suspens\u00e3o do concurso p\u00fablico&nbsp;da Prefeitura Municipal de Mari. A tutela de urg\u00eancia foi deferida nesta sexta-feira, 04 de dezembro. Por consequ\u00eancia, ficam suspensas as provas objetivas previstas para o pr\u00f3ximo domingo (06). Tal medida foi tomada, pois o edital [&hellip;]<\/p>\n","protected":false},"author":1276,"featured_media":578630,"comment_status":"open","ping_status":"closed","sticky":false,"template":"","format":"standard","meta":{"post_tipo":"article","footnotes":""},"categories":[1],"tags":[],"tax_estado":[219978],"class_list":["post-623454","post","type-post","status-publish","format-standard","has-post-thumbnail","hentry","category-cursos-e-concursos","tax_estado-pb"],"acf":[],"yoast_head":"<!-- This site is optimized with the Yoast SEO Premium plugin v27.2 (Yoast SEO v27.2) - https:\/\/yoast.com\/product\/yoast-seo-premium-wordpress\/ -->\n<title>Prefeitura de Mari tem concurso suspenso pela Justi\u00e7a<\/title>\n<meta name=\"description\" content=\"Atendendo ao pedido do Minist\u00e9rio P\u00fablico, a 2\u00aa Vara Mista de Sap\u00e9 suspendeu o concurso p\u00fablico da Prefeitura de Mari. Saiba mais!\" \/>\n<meta name=\"robots\" content=\"index, follow, max-snippet:-1, max-image-preview:large, max-video-preview:-1\" \/>\n<link rel=\"canonical\" href=\"https:\/\/www.estrategiaconcursos.com.br\/blog\/prefeitura-mari-concurso-suspenso-pela-justica\/\" \/>\n<meta property=\"og:locale\" content=\"pt_BR\" \/>\n<meta property=\"og:type\" content=\"article\" \/>\n<meta property=\"og:title\" content=\"Prefeitura de Mari tem concurso suspenso pela Justi\u00e7a\" \/>\n<meta property=\"og:description\" content=\"Atendendo ao pedido do Minist\u00e9rio P\u00fablico, a 2\u00aa Vara Mista de Sap\u00e9 suspendeu o concurso p\u00fablico da Prefeitura de Mari. Saiba mais!\" \/>\n<meta property=\"og:url\" content=\"https:\/\/www.estrategiaconcursos.com.br\/blog\/prefeitura-mari-concurso-suspenso-pela-justica\/\" \/>\n<meta property=\"og:site_name\" content=\"Estrat\u00e9gia Concursos\" \/>\n<meta property=\"article:published_time\" content=\"2020-12-04T19:52:28+00:00\" \/>\n<meta property=\"article:modified_time\" content=\"2023-07-04T14:28:35+00:00\" \/>\n<meta property=\"og:image\" content=\"https:\/\/dhg1h5j42swfq.cloudfront.net\/2020\/09\/26112158\/Prefeitura_de_Mari.jpg\" \/>\n\t<meta property=\"og:image:width\" content=\"1200\" \/>\n\t<meta property=\"og:image:height\" content=\"628\" \/>\n\t<meta property=\"og:image:type\" content=\"image\/jpeg\" \/>\n<meta name=\"author\" content=\"Victor Shinichi Tanaka\" \/>\n<meta name=\"twitter:card\" content=\"summary_large_image\" \/>\n<meta name=\"twitter:creator\" content=\"@EstratConcursos\" \/>\n<meta name=\"twitter:site\" content=\"@EstratConcursos\" \/>\n<meta name=\"twitter:label1\" content=\"Escrito por\" \/>\n\t<meta name=\"twitter:data1\" content=\"Victor Shinichi Tanaka\" \/>\n\t<meta name=\"twitter:label2\" content=\"Est. tempo de leitura\" \/>\n\t<meta name=\"twitter:data2\" content=\"3 minutos\" \/>\n<script type=\"application\/ld+json\" class=\"yoast-schema-graph\">{\"@context\":\"https:\/\/schema.org\",\"@graph\":[{\"@type\":\"NewsArticle\",\"@id\":\"https:\/\/www.estrategiaconcursos.com.br\/blog\/prefeitura-mari-concurso-suspenso-pela-justica\/#article\",\"isPartOf\":{\"@id\":\"https:\/\/www.estrategiaconcursos.com.br\/blog\/prefeitura-mari-concurso-suspenso-pela-justica\/\"},\"author\":{\"name\":\"Victor Shinichi Tanaka\",\"@id\":\"https:\/\/www.estrategiaconcursos.com.br\/blog\/#\/schema\/person\/602a4eaf2bed921c107675da3a65b0e0\"},\"headline\":\"Prefeitura de Mari tem concurso suspenso pela Justi\u00e7a\",\"datePublished\":\"2020-12-04T19:52:28+00:00\",\"dateModified\":\"2023-07-04T14:28:35+00:00\",\"mainEntityOfPage\":{\"@id\":\"https:\/\/www.estrategiaconcursos.com.br\/blog\/prefeitura-mari-concurso-suspenso-pela-justica\/\"},\"wordCount\":535,\"commentCount\":0,\"publisher\":{\"@id\":\"https:\/\/www.estrategiaconcursos.com.br\/blog\/#organization\"},\"image\":{\"@id\":\"https:\/\/www.estrategiaconcursos.com.br\/blog\/prefeitura-mari-concurso-suspenso-pela-justica\/#primaryimage\"},\"thumbnailUrl\":\"https:\/\/dhg1h5j42swfq.cloudfront.net\/2020\/09\/26112158\/Prefeitura_de_Mari.jpg\",\"articleSection\":[\"Concursos P\u00fablicos\"],\"inLanguage\":\"pt-BR\",\"potentialAction\":[{\"@type\":\"CommentAction\",\"name\":\"Comment\",\"target\":[\"https:\/\/www.estrategiaconcursos.com.br\/blog\/prefeitura-mari-concurso-suspenso-pela-justica\/#respond\"]}],\"copyrightYear\":\"2020\",\"copyrightHolder\":{\"@id\":\"https:\/\/www.estrategiaconcursos.com.br\/blog\/#organization\"}},{\"@type\":\"WebPage\",\"@id\":\"https:\/\/www.estrategiaconcursos.com.br\/blog\/prefeitura-mari-concurso-suspenso-pela-justica\/\",\"url\":\"https:\/\/www.estrategiaconcursos.com.br\/blog\/prefeitura-mari-concurso-suspenso-pela-justica\/\",\"name\":\"Prefeitura de Mari tem concurso suspenso pela Justi\u00e7a\",\"isPartOf\":{\"@id\":\"https:\/\/www.estrategiaconcursos.com.br\/blog\/#website\"},\"primaryImageOfPage\":{\"@id\":\"https:\/\/www.estrategiaconcursos.com.br\/blog\/prefeitura-mari-concurso-suspenso-pela-justica\/#primaryimage\"},\"image\":{\"@id\":\"https:\/\/www.estrategiaconcursos.com.br\/blog\/prefeitura-mari-concurso-suspenso-pela-justica\/#primaryimage\"},\"thumbnailUrl\":\"https:\/\/dhg1h5j42swfq.cloudfront.net\/2020\/09\/26112158\/Prefeitura_de_Mari.jpg\",\"datePublished\":\"2020-12-04T19:52:28+00:00\",\"dateModified\":\"2023-07-04T14:28:35+00:00\",\"description\":\"Atendendo ao pedido do Minist\u00e9rio P\u00fablico, a 2\u00aa Vara Mista de Sap\u00e9 suspendeu o concurso p\u00fablico da Prefeitura de Mari. Saiba mais!\",\"breadcrumb\":{\"@id\":\"https:\/\/www.estrategiaconcursos.com.br\/blog\/prefeitura-mari-concurso-suspenso-pela-justica\/#breadcrumb\"},\"inLanguage\":\"pt-BR\",\"potentialAction\":[{\"@type\":\"ReadAction\",\"target\":[\"https:\/\/www.estrategiaconcursos.com.br\/blog\/prefeitura-mari-concurso-suspenso-pela-justica\/\"]}]},{\"@type\":\"ImageObject\",\"inLanguage\":\"pt-BR\",\"@id\":\"https:\/\/www.estrategiaconcursos.com.br\/blog\/prefeitura-mari-concurso-suspenso-pela-justica\/#primaryimage\",\"url\":\"https:\/\/dhg1h5j42swfq.cloudfront.net\/2020\/09\/26112158\/Prefeitura_de_Mari.jpg\",\"contentUrl\":\"https:\/\/dhg1h5j42swfq.cloudfront.net\/2020\/09\/26112158\/Prefeitura_de_Mari.jpg\",\"width\":1200,\"height\":628,\"caption\":\"Concurso de Mari PB\"},{\"@type\":\"BreadcrumbList\",\"@id\":\"https:\/\/www.estrategiaconcursos.com.br\/blog\/prefeitura-mari-concurso-suspenso-pela-justica\/#breadcrumb\",\"itemListElement\":[{\"@type\":\"ListItem\",\"position\":1,\"name\":\"In\u00edcio\",\"item\":\"https:\/\/www.estrategiaconcursos.com.br\/blog\/\"},{\"@type\":\"ListItem\",\"position\":2,\"name\":\"Prefeitura de Mari tem concurso suspenso pela Justi\u00e7a\"}]},{\"@type\":\"WebSite\",\"@id\":\"https:\/\/www.estrategiaconcursos.com.br\/blog\/#website\",\"url\":\"https:\/\/www.estrategiaconcursos.com.br\/blog\/\",\"name\":\"Estrat\u00e9gia Concursos\",\"description\":\"O blog da Estrat\u00e9gia Concursos traz not\u00edcias sobre concursos e artigos de professores oferecendo cursos para concursos (pdf + videaulas) no site.\",\"publisher\":{\"@id\":\"https:\/\/www.estrategiaconcursos.com.br\/blog\/#organization\"},\"potentialAction\":[{\"@type\":\"SearchAction\",\"target\":{\"@type\":\"EntryPoint\",\"urlTemplate\":\"https:\/\/www.estrategiaconcursos.com.br\/blog\/?s={search_term_string}\"},\"query-input\":{\"@type\":\"PropertyValueSpecification\",\"valueRequired\":true,\"valueName\":\"search_term_string\"}}],\"inLanguage\":\"pt-BR\"},{\"@type\":\"Organization\",\"@id\":\"https:\/\/www.estrategiaconcursos.com.br\/blog\/#organization\",\"name\":\"Estrat\u00e9gia Concursos\",\"url\":\"https:\/\/www.estrategiaconcursos.com.br\/blog\/\",\"logo\":{\"@type\":\"ImageObject\",\"inLanguage\":\"pt-BR\",\"@id\":\"https:\/\/www.estrategiaconcursos.com.br\/blog\/#\/schema\/logo\/image\/\",\"url\":\"https:\/\/dhg1h5j42swfq.cloudfront.net\/2025\/06\/03203428\/logo_concursos-1.jpg\",\"contentUrl\":\"https:\/\/dhg1h5j42swfq.cloudfront.net\/2025\/06\/03203428\/logo_concursos-1.jpg\",\"width\":230,\"height\":60,\"caption\":\"Estrat\u00e9gia Concursos\"},\"image\":{\"@id\":\"https:\/\/www.estrategiaconcursos.com.br\/blog\/#\/schema\/logo\/image\/\"},\"sameAs\":[\"https:\/\/x.com\/EstratConcursos\"]},{\"@type\":\"Person\",\"@id\":\"https:\/\/www.estrategiaconcursos.com.br\/blog\/#\/schema\/person\/602a4eaf2bed921c107675da3a65b0e0\",\"name\":\"Victor Shinichi Tanaka\",\"image\":{\"@type\":\"ImageObject\",\"inLanguage\":\"pt-BR\",\"@id\":\"https:\/\/secure.gravatar.com\/avatar\/3772723eea77b2e6a2231e357d6339c6c129c6fb65cda4d02d0f3ca700221333?s=96&d=mm&r=g\",\"url\":\"https:\/\/secure.gravatar.com\/avatar\/3772723eea77b2e6a2231e357d6339c6c129c6fb65cda4d02d0f3ca700221333?s=96&d=mm&r=g\",\"contentUrl\":\"https:\/\/secure.gravatar.com\/avatar\/3772723eea77b2e6a2231e357d6339c6c129c6fb65cda4d02d0f3ca700221333?s=96&d=mm&r=g\",\"caption\":\"Victor Shinichi Tanaka\"},\"url\":\"https:\/\/www.estrategiaconcursos.com.br\/blog\/author\/victorstanakagmail-com\/\"}]}<\/script>\n<!-- \/ Yoast SEO Premium plugin. -->","yoast_head_json":{"title":"Prefeitura de Mari tem concurso suspenso pela Justi\u00e7a","description":"Atendendo ao pedido do Minist\u00e9rio P\u00fablico, a 2\u00aa Vara Mista de Sap\u00e9 suspendeu o concurso p\u00fablico da Prefeitura de Mari. Saiba mais!","robots":{"index":"index","follow":"follow","max-snippet":"max-snippet:-1","max-image-preview":"max-image-preview:large","max-video-preview":"max-video-preview:-1"},"canonical":"https:\/\/www.estrategiaconcursos.com.br\/blog\/prefeitura-mari-concurso-suspenso-pela-justica\/","og_locale":"pt_BR","og_type":"article","og_title":"Prefeitura de Mari tem concurso suspenso pela Justi\u00e7a","og_description":"Atendendo ao pedido do Minist\u00e9rio P\u00fablico, a 2\u00aa Vara Mista de Sap\u00e9 suspendeu o concurso p\u00fablico da Prefeitura de Mari. Saiba mais!","og_url":"https:\/\/www.estrategiaconcursos.com.br\/blog\/prefeitura-mari-concurso-suspenso-pela-justica\/","og_site_name":"Estrat\u00e9gia Concursos","article_published_time":"2020-12-04T19:52:28+00:00","article_modified_time":"2023-07-04T14:28:35+00:00","og_image":[{"width":1200,"height":628,"url":"https:\/\/dhg1h5j42swfq.cloudfront.net\/2020\/09\/26112158\/Prefeitura_de_Mari.jpg","type":"image\/jpeg"}],"author":"Victor Shinichi Tanaka","twitter_card":"summary_large_image","twitter_creator":"@EstratConcursos","twitter_site":"@EstratConcursos","twitter_misc":{"Escrito por":"Victor Shinichi Tanaka","Est. tempo de leitura":"3 minutos"},"schema":{"@context":"https:\/\/schema.org","@graph":[{"@type":"NewsArticle","@id":"https:\/\/www.estrategiaconcursos.com.br\/blog\/prefeitura-mari-concurso-suspenso-pela-justica\/#article","isPartOf":{"@id":"https:\/\/www.estrategiaconcursos.com.br\/blog\/prefeitura-mari-concurso-suspenso-pela-justica\/"},"author":{"name":"Victor Shinichi Tanaka","@id":"https:\/\/www.estrategiaconcursos.com.br\/blog\/#\/schema\/person\/602a4eaf2bed921c107675da3a65b0e0"},"headline":"Prefeitura de Mari tem concurso suspenso pela Justi\u00e7a","datePublished":"2020-12-04T19:52:28+00:00","dateModified":"2023-07-04T14:28:35+00:00","mainEntityOfPage":{"@id":"https:\/\/www.estrategiaconcursos.com.br\/blog\/prefeitura-mari-concurso-suspenso-pela-justica\/"},"wordCount":535,"commentCount":0,"publisher":{"@id":"https:\/\/www.estrategiaconcursos.com.br\/blog\/#organization"},"image":{"@id":"https:\/\/www.estrategiaconcursos.com.br\/blog\/prefeitura-mari-concurso-suspenso-pela-justica\/#primaryimage"},"thumbnailUrl":"https:\/\/dhg1h5j42swfq.cloudfront.net\/2020\/09\/26112158\/Prefeitura_de_Mari.jpg","articleSection":["Concursos P\u00fablicos"],"inLanguage":"pt-BR","potentialAction":[{"@type":"CommentAction","name":"Comment","target":["https:\/\/www.estrategiaconcursos.com.br\/blog\/prefeitura-mari-concurso-suspenso-pela-justica\/#respond"]}],"copyrightYear":"2020","copyrightHolder":{"@id":"https:\/\/www.estrategiaconcursos.com.br\/blog\/#organization"}},{"@type":"WebPage","@id":"https:\/\/www.estrategiaconcursos.com.br\/blog\/prefeitura-mari-concurso-suspenso-pela-justica\/","url":"https:\/\/www.estrategiaconcursos.com.br\/blog\/prefeitura-mari-concurso-suspenso-pela-justica\/","name":"Prefeitura de Mari tem concurso suspenso pela Justi\u00e7a","isPartOf":{"@id":"https:\/\/www.estrategiaconcursos.com.br\/blog\/#website"},"primaryImageOfPage":{"@id":"https:\/\/www.estrategiaconcursos.com.br\/blog\/prefeitura-mari-concurso-suspenso-pela-justica\/#primaryimage"},"image":{"@id":"https:\/\/www.estrategiaconcursos.com.br\/blog\/prefeitura-mari-concurso-suspenso-pela-justica\/#primaryimage"},"thumbnailUrl":"https:\/\/dhg1h5j42swfq.cloudfront.net\/2020\/09\/26112158\/Prefeitura_de_Mari.jpg","datePublished":"2020-12-04T19:52:28+00:00","dateModified":"2023-07-04T14:28:35+00:00","description":"Atendendo ao pedido do Minist\u00e9rio P\u00fablico, a 2\u00aa Vara Mista de Sap\u00e9 suspendeu o concurso p\u00fablico da Prefeitura de Mari. Saiba mais!","breadcrumb":{"@id":"https:\/\/www.estrategiaconcursos.com.br\/blog\/prefeitura-mari-concurso-suspenso-pela-justica\/#breadcrumb"},"inLanguage":"pt-BR","potentialAction":[{"@type":"ReadAction","target":["https:\/\/www.estrategiaconcursos.com.br\/blog\/prefeitura-mari-concurso-suspenso-pela-justica\/"]}]},{"@type":"ImageObject","inLanguage":"pt-BR","@id":"https:\/\/www.estrategiaconcursos.com.br\/blog\/prefeitura-mari-concurso-suspenso-pela-justica\/#primaryimage","url":"https:\/\/dhg1h5j42swfq.cloudfront.net\/2020\/09\/26112158\/Prefeitura_de_Mari.jpg","contentUrl":"https:\/\/dhg1h5j42swfq.cloudfront.net\/2020\/09\/26112158\/Prefeitura_de_Mari.jpg","width":1200,"height":628,"caption":"Concurso de Mari PB"},{"@type":"BreadcrumbList","@id":"https:\/\/www.estrategiaconcursos.com.br\/blog\/prefeitura-mari-concurso-suspenso-pela-justica\/#breadcrumb","itemListElement":[{"@type":"ListItem","position":1,"name":"In\u00edcio","item":"https:\/\/www.estrategiaconcursos.com.br\/blog\/"},{"@type":"ListItem","position":2,"name":"Prefeitura de Mari tem concurso suspenso pela Justi\u00e7a"}]},{"@type":"WebSite","@id":"https:\/\/www.estrategiaconcursos.com.br\/blog\/#website","url":"https:\/\/www.estrategiaconcursos.com.br\/blog\/","name":"Estrat\u00e9gia Concursos","description":"O blog da Estrat\u00e9gia Concursos traz not\u00edcias sobre concursos e artigos de professores oferecendo cursos para concursos (pdf + videaulas) no site.","publisher":{"@id":"https:\/\/www.estrategiaconcursos.com.br\/blog\/#organization"},"potentialAction":[{"@type":"SearchAction","target":{"@type":"EntryPoint","urlTemplate":"https:\/\/www.estrategiaconcursos.com.br\/blog\/?s={search_term_string}"},"query-input":{"@type":"PropertyValueSpecification","valueRequired":true,"valueName":"search_term_string"}}],"inLanguage":"pt-BR"},{"@type":"Organization","@id":"https:\/\/www.estrategiaconcursos.com.br\/blog\/#organization","name":"Estrat\u00e9gia Concursos","url":"https:\/\/www.estrategiaconcursos.com.br\/blog\/","logo":{"@type":"ImageObject","inLanguage":"pt-BR","@id":"https:\/\/www.estrategiaconcursos.com.br\/blog\/#\/schema\/logo\/image\/","url":"https:\/\/dhg1h5j42swfq.cloudfront.net\/2025\/06\/03203428\/logo_concursos-1.jpg","contentUrl":"https:\/\/dhg1h5j42swfq.cloudfront.net\/2025\/06\/03203428\/logo_concursos-1.jpg","width":230,"height":60,"caption":"Estrat\u00e9gia Concursos"},"image":{"@id":"https:\/\/www.estrategiaconcursos.com.br\/blog\/#\/schema\/logo\/image\/"},"sameAs":["https:\/\/x.com\/EstratConcursos"]},{"@type":"Person","@id":"https:\/\/www.estrategiaconcursos.com.br\/blog\/#\/schema\/person\/602a4eaf2bed921c107675da3a65b0e0","name":"Victor Shinichi Tanaka","image":{"@type":"ImageObject","inLanguage":"pt-BR","@id":"https:\/\/secure.gravatar.com\/avatar\/3772723eea77b2e6a2231e357d6339c6c129c6fb65cda4d02d0f3ca700221333?s=96&d=mm&r=g","url":"https:\/\/secure.gravatar.com\/avatar\/3772723eea77b2e6a2231e357d6339c6c129c6fb65cda4d02d0f3ca700221333?s=96&d=mm&r=g","contentUrl":"https:\/\/secure.gravatar.com\/avatar\/3772723eea77b2e6a2231e357d6339c6c129c6fb65cda4d02d0f3ca700221333?s=96&d=mm&r=g","caption":"Victor Shinichi Tanaka"},"url":"https:\/\/www.estrategiaconcursos.com.br\/blog\/author\/victorstanakagmail-com\/"}]}},"_links":{"self":[{"href":"https:\/\/www.estrategiaconcursos.com.br\/blog\/wp-json\/wp\/v2\/posts\/623454","targetHints":{"allow":["GET"]}}],"collection":[{"href":"https:\/\/www.estrategiaconcursos.com.br\/blog\/wp-json\/wp\/v2\/posts"}],"about":[{"href":"https:\/\/www.estrategiaconcursos.com.br\/blog\/wp-json\/wp\/v2\/types\/post"}],"author":[{"embeddable":true,"href":"https:\/\/www.estrategiaconcursos.com.br\/blog\/wp-json\/wp\/v2\/users\/1276"}],"replies":[{"embeddable":true,"href":"https:\/\/www.estrategiaconcursos.com.br\/blog\/wp-json\/wp\/v2\/comments?post=623454"}],"version-history":[{"count":17,"href":"https:\/\/www.estrategiaconcursos.com.br\/blog\/wp-json\/wp\/v2\/posts\/623454\/revisions"}],"predecessor-version":[{"id":1243112,"href":"https:\/\/www.estrategiaconcursos.com.br\/blog\/wp-json\/wp\/v2\/posts\/623454\/revisions\/1243112"}],"wp:featuredmedia":[{"embeddable":true,"href":"https:\/\/www.estrategiaconcursos.com.br\/blog\/wp-json\/wp\/v2\/media\/578630"}],"wp:attachment":[{"href":"https:\/\/www.estrategiaconcursos.com.br\/blog\/wp-json\/wp\/v2\/media?parent=623454"}],"wp:term":[{"taxonomy":"category","embeddable":true,"href":"https:\/\/www.estrategiaconcursos.com.br\/blog\/wp-json\/wp\/v2\/categories?post=623454"},{"taxonomy":"post_tag","embeddable":true,"href":"https:\/\/www.estrategiaconcursos.com.br\/blog\/wp-json\/wp\/v2\/tags?post=623454"},{"taxonomy":"tax_estado","embeddable":true,"href":"https:\/\/www.estrategiaconcursos.com.br\/blog\/wp-json\/wp\/v2\/tax_estado?post=623454"}],"curies":[{"name":"wp","href":"https:\/\/api.w.org\/{rel}","templated":true}]}}