{"id":623034,"date":"2020-12-04T12:04:52","date_gmt":"2020-12-04T15:04:52","guid":{"rendered":"https:\/\/www.estrategiaconcursos.com.br\/blog\/?p=623034"},"modified":"2020-12-09T11:50:37","modified_gmt":"2020-12-09T14:50:37","slug":"concurso-seplag-rs","status":"publish","type":"post","link":"https:\/\/www.estrategiaconcursos.com.br\/blog\/concurso-seplag-rs\/","title":{"rendered":"Concurso SEPLAG RS: Sele\u00e7\u00e3o \u00e9 prorrogada at\u00e9 2022"},"content":{"rendered":"\n<p>O concurso p\u00fabico da Secretaria de Estado do Planejamento, Governan\u00e7a e Gest\u00e3o &#8211; SEPLAG RS, realizado em 2018, foi prorrogado por mais dois anos. A medida foi publicada no Di\u00e1rio Oficial do Rio Grande do Sul. Com isso, a sele\u00e7\u00e3o fica v\u00e1lida at\u00e9 20 de dezembro de 2022.<\/p>\n\n\n\n<p>A sele\u00e7\u00e3o foi organizada pela Fundatec, tradicional banca da regi\u00e3o sul, ofertando 10 vagas ao cargo de Analista de Planejamento, Or\u00e7amento e Gest\u00e3o, que exige forma\u00e7\u00e3o em n\u00edvel superior.<\/p>\n\n\n\n<p>Ao longo deste artigo voc\u00ea encontra as principais informa\u00e7\u00f5es sobre o concurso Seplag RS. Acompanhe pelos t\u00f3picos abaixo:<\/p>\n\n\n\n<ul class=\"wp-block-list\"><li><a href=\"#carreira\">Carreira<\/a><ul><li><a href=\"#requisitos\">Requisitos<\/a><\/li><li><a href=\"#remuneracao\">Remunera\u00e7\u00e3o<\/a><\/li><li><a href=\"#atribuicoes\">Atribui\u00e7\u00f5es<\/a><\/li><\/ul><\/li><li><a rel=\"noreferrer noopener\" href=\"http:\/\/ultimo-concurso\" target=\"_blank\">\u00daltimo concurso Seplag RS<\/a><ul><li><a href=\"#etapas\">Etapas do concurso<\/a><\/li><li><a href=\"#objetiva\">Prova Objetiva<\/a><\/li><li><a href=\"#dissertativa\">Prova Dissertativa<\/a><\/li><\/ul><\/li><li><a href=\"#cursos\">Assinatura ilimitada e cursos<\/a><\/li><li><a href=\"#ficha-tecnica\">Ficha t\u00e9cnica<\/a><\/li><\/ul>\n\n\n\n<h2 class=\"wp-block-heading\" id=\"carreira\">Carreira na Seplag RS<\/h2>\n\n\n\n<h3 class=\"wp-block-heading\" id=\"requisitos\">Requisitos<\/h3>\n\n\n\n<p>Para ingressar no cargo de Analista de Planejamento, Or\u00e7amento e Gest\u00e3o \u00e9 necess\u00e1rio possui n\u00edvel superior completo em qualquer \u00e1rea de forma\u00e7\u00e3o.<\/p>\n\n\n\n<h3 class=\"wp-block-heading\" id=\"remuneracao\">Remunera\u00e7\u00e3o<\/h3>\n\n\n\n<p>Segundo o \u00faltimo edital, de 2018, a remunera\u00e7\u00e3o inicial do cargo \u00e9 de<strong> R$ 7.345,12<\/strong>. Entretanto, em consulta ao Portal da Transpar\u00eancia do estado, \u00e9 poss\u00edvel encontrar servidor ganhando mais de R$ 10 mil.<\/p>\n\n\n\n<figure class=\"wp-block-image size-large\"><img loading=\"lazy\" decoding=\"async\" width=\"823\" height=\"266\" src=\"https:\/\/dhg1h5j42swfq.cloudfront.net\/2020\/12\/04122110\/image-54.png\" alt=\"\" class=\"wp-image-623153\" srcset=\"https:\/\/dhg1h5j42swfq.cloudfront.net\/2020\/12\/04122110\/image-54.png 823w, https:\/\/dhg1h5j42swfq.cloudfront.net\/2020\/12\/04122110\/image-54-300x97.png 300w, https:\/\/dhg1h5j42swfq.cloudfront.net\/2020\/12\/04122110\/image-54-768x248.png 768w, https:\/\/dhg1h5j42swfq.cloudfront.net\/2020\/12\/04122110\/image-54-610x197.png 610w\" sizes=\"auto, (max-width: 823px) 100vw, 823px\" \/><\/figure>\n\n\n\n<h3 class=\"wp-block-heading\" id=\"atribuicoes\">Atribui\u00e7\u00f5es<\/h3>\n\n\n\n<ul class=\"wp-block-list\"><li>Elaborar, analisar e avaliar planos e programas e projetos do Setor P\u00fablico, que visem ao Desenvolvimento Econ\u00f4mico do Estado; <\/li><li>elaborar estudos visando \u00e0 fixa\u00e7\u00e3o de prioridades para a aplica\u00e7\u00e3o de recursos econ\u00f4micos; <\/li><li>auxiliar na coordena\u00e7\u00e3o de programas e projetos do governo; <\/li><li>proceder estudos ao acompanhamento e controle dos projetos e programas governamentais; <\/li><li>orientar e coordenar grupos de trabalho incumbidos econ\u00f4micas de pesquisas em geral; <\/li><li>realizar estudos visando a compatibiliza\u00e7\u00e3o dos planos estaduais com os nacionais; <\/li><li>promover estudos e an\u00e1lises dos indicadores conjunturais; <\/li><li>realizar estudos e pesquisas objetivando a montagem e implanta\u00e7\u00e3o dos diversos sistemas de Administra\u00e7\u00e3o Estadual; <\/li><li>proceder a estudos referentes \u00e0 moderniza\u00e7\u00e3o administrativa; <\/li><li>proceder a estudos objetivando o progressivo aperfei\u00e7oamento dos processos e padr\u00f5es do sistema or\u00e7ament\u00e1rio; <\/li><li>elaborar projetos de lei e de decreto sobre assuntos econ\u00f4micos e financeiros; <\/li><li>realizar estudos relativos \u00e0 quantifica\u00e7\u00e3o e formula\u00e7\u00e3o das despesas p\u00fablicas; <\/li><li>orientar tecnicamente a elabora\u00e7\u00e3o de propostas or\u00e7ament\u00e1rias, bem como analisar e revisar as propostas parciais de or\u00e7amento; <\/li><li>emitir pareceres sobre pedidos de abertura de credito adicionais; <\/li><li>realizar coordena\u00e7\u00e3o sistem\u00e1tica das propostas or\u00e7amentarias dos \u00f3rg\u00e3os descentralizados; <\/li><li>emitir parecer sobre quest\u00f5es econ\u00f4micas, financeiras e administrativas em geral, executar outras tarefas correlatas.<\/li><\/ul>\n\n\n\n<h2 class=\"wp-block-heading\" id=\"ultimo-concurso\">\u00daltimo concurso Seplag RS<\/h2>\n\n\n\n<p>O \u00faltimo concurso da Seplag RS foi realizado em 2018, sob organiza\u00e7\u00e3o da Fundatec. Na ocasi\u00e3o, foram ofertadas 10 vagas para o cargo de Analista de Planejamento, Or\u00e7amento e Gest\u00e3o. <\/p>\n\n\n\n<p>Foram registrados, no total, <strong>1.766 inscritos<\/strong>, uma demanda de 176,60 candidatos por vaga.<\/p>\n\n\n\n<p>Homologado em dezembro de 2018 e v\u00e1lido por dois anos, o concurso foi prorrogado por mais dois anos, ficando v\u00e1lido, agora, at\u00e9 20 de dezembro de 2022. Ao fim desse per\u00edodo, a sele\u00e7\u00e3o n\u00e3o poder\u00e1 ser novamente prorrogada.<\/p>\n\n\n\n<div class=\"wp-block-image\"><figure class=\"aligncenter size-large\"><img loading=\"lazy\" decoding=\"async\" width=\"923\" height=\"314\" src=\"https:\/\/dhg1h5j42swfq.cloudfront.net\/2020\/12\/04112438\/image-20201204-140636.png\" alt=\"\" class=\"wp-image-623060\" srcset=\"https:\/\/dhg1h5j42swfq.cloudfront.net\/2020\/12\/04112438\/image-20201204-140636.png 923w, https:\/\/dhg1h5j42swfq.cloudfront.net\/2020\/12\/04112438\/image-20201204-140636-300x102.png 300w, https:\/\/dhg1h5j42swfq.cloudfront.net\/2020\/12\/04112438\/image-20201204-140636-768x261.png 768w, https:\/\/dhg1h5j42swfq.cloudfront.net\/2020\/12\/04112438\/image-20201204-140636-610x208.png 610w\" sizes=\"auto, (max-width: 923px) 100vw, 923px\" \/><\/figure><\/div>\n\n\n\n<h3 class=\"wp-block-heading\" id=\"etapas\">Etapas do concurso<\/h3>\n\n\n\n<p>A avalia\u00e7\u00e3o dos candidatos foi realizada atrav\u00e9s de duas etapas, sendo uma prova objetiva (classificat\u00f3ria e eliminat\u00f3ria) e uma prova dissertativa (classificat\u00f3ria e eliminat\u00f3ria).<\/p>\n\n\n\n<h3 class=\"wp-block-heading\" id=\"objetiva\">Prova Objetiva <\/h3>\n\n\n\n<p>A prova foi composta por <strong>100 quest\u00f5es<\/strong> de m\u00faltipla escolha, totalizando 170 pontos, sendo necess\u00e1rio acertar, no m\u00ednimo, 50% nas quest\u00f5es de cada mat\u00e9ria e, no m\u00ednimo, 60% do total das quest\u00f5es.<\/p>\n\n\n\n<ul class=\"wp-block-list\"><li>L\u00edngua Portuguesa &#8211; <em>10 quest\u00f5es, peso 1 <\/em><\/li><li>Racioc\u00ednio L\u00f3gico e Estat\u00edstica &#8211; <em>10 quest\u00f5es, peso 1 <\/em><\/li><li>Direito Administrativo e Constitucional &#8211; <em>10 quest\u00f5es, peso 1 <\/em><\/li><li>Governan\u00e7a e Gest\u00e3o &#8211; <em>30 quest\u00f5es, peso 2 <\/em><\/li><li>Economia e Finan\u00e7as P\u00fablicas &#8211; <em>10 quest\u00f5es, peso 2 <\/em><\/li><li>Planejamento e Or\u00e7amento P\u00fablico &#8211; <em>30 quest\u00f5es, peso 2<\/em><\/li><\/ul>\n\n\n\n<h3 class=\"wp-block-heading\" id=\"dissertativa\">Prova Dissertativa<\/h3>\n\n\n\n<p>Foram corrigidas as provas dissertativas somente dos 100 primeiros candidatos aprovados considerando a nota total obtida na Prova Te\u00f3rico-objetiva.<\/p>\n\n\n\n<p>A etapa foi composta de 1 (uma) quest\u00e3o, respondida em no m\u00e1ximo 30 linhas e valendo 60 pontos. Foi considerado aprovado na etapa o candidato que obtivesse, no m\u00ednimo, 30 pontos.<\/p>\n\n\n\n<hr class=\"wp-block-separator\"\/>\n\n\n\n<h2 class=\"has-text-align-center wp-block-heading\" id=\"cursos\">Quer estudar para o concurso Seplag RS?<\/h2>\n\n\n\n<div class=\"container\" id=\"boxes\">\n  <div class=\"row\">\n\n    <div class=\"col-sm\">\n      <div class=\"banner-estrategia\" id=\"box-assinatura\">\n        <h3 class=\"titulo-assinatura\">Concurso SEPLAG RS<\/h3>\n        <p class=\"subtitulo-assinatura\">Estude conosco<\/p>\n        <div class=\"box-botao\">\n          <a class=\"btn-assinatura\" target=\"_blank\" href=\"https:\/\/www.estrategiaconcursos.com.br\/cursos\/concurso\/\" role=\"button\" rel=\"noopener noreferrer\">Conhe\u00e7a os cursos<\/a>\n        <\/div>\n      <\/div>\n      <p class=\"texto-auxiliar\">Prepare-se com o melhor material e com quem mais aprova em Concursos P\u00fablicos em todo o pa\u00eds!<\/p>\n    <\/div>\n\n  <\/div>\n<\/div>\n\n\n\n<div class=\"container\" id=\"boxes\">\n  <div class=\"row\">\n\n    <div class=\"col-sm\">\n      <div class=\"estrategia\" id=\"box-assinatura\">\n        <h3 class=\"titulo-assinatura\">Assinatura Ilimitada<\/h3>\n        <p class=\"subtitulo-assinatura\">Assinatura Anual Ilimitada*<\/p>\n        <div class=\"box-botao\">\n          <a class=\"btn-assinatura\" target=\"_blank\" href=\"https:\/\/www.estrategiaconcursos.com.br\/assinaturas\/\" role=\"button\" rel=\"noopener noreferrer\">ASSINE AGORA<\/a>\n        <\/div>\n      <\/div>\n      <p class=\"texto-auxiliar\">Prepare-se com o melhor material e com quem mais aprova em Concursos P\u00fablicos em todo o pa\u00eds. Assine agora a nossa Assinatura Anual e tenha acesso ilimitado* a todos os nossos cursos.<\/p>\n    <\/div>\n\n    <div class=\"col-sm\">\n      <div class=\"questoes\" id=\"box-assinatura\">\n        <h3 class=\"titulo-assinatura\">Sistema de Quest\u00f5es<\/h3>\n        <p class=\"subtitulo-assinatura\">Assinatura Ilimitada*\n<\/p>\n        <div class=\"box-botao\">\n          <a class=\"btn-assinatura\" target=\"_blank\" href=\"https:\/\/www.estrategiaconcursos.com.br\/cursosPorConcurso\/sistema-de-questoes\/#\/\" role=\"button\" rel=\"noopener noreferrer\">ASSINE AGORA<\/a>\n        <\/div>\n      <\/div>\n      <p class=\"texto-auxiliar\">Estrat\u00e9gia Quest\u00f5es nasceu maior do que todos os concorrentes, com mais quest\u00f5es cadastradas e mais solu\u00e7\u00f5es por professores. Clique no link e aproveite os descontos e b\u00f4nus imperd\u00edveis!<\/p>\n    <\/div>\n  <\/div>\n<\/div>\n\n\n\n<div class=\"container\" id=\"boxes\">\n  <div class=\"row\">\n\n    <div class=\"col-sm\" id=\"boxes-concursos\">\n      <div style=\"background-color: #005DAD;\" class=\"conteudo-concursos\" id=\"box-concursos\">\n        <h3 class=\"titulo-assinatura\">Concursos Abertos<\/h3>\n        <p class=\"subtitulo-assinatura\">mais de 15 mil vagas<\/p>\n        <div class=\"box-botao\">\n          <a class=\"btn-assinatura\" target=\"_blank\" href=\"https:\/\/www.estrategiaconcursos.com.br\/blog\/concursos-abertos\/\" role=\"button\" rel=\"noopener noreferrer\">Conhe\u00e7a Agora<\/a>\n        <\/div>\n      <\/div>\n    <\/div>\n\n    <div class=\"col-sm\" id=\"boxes-concursos\">\n      <div style=\"background-color: #1A7ED5;\" class=\"conteudo-concursos\" id=\"box-concursos\">\n        <h3 class=\"titulo-assinatura\">Concursos 2020<\/h3>\n        <p class=\"subtitulo-assinatura\">mais de 11 mil vagas<\/p>\n        <div class=\"box-botao\">\n          <a class=\"btn-assinatura\" target=\"_blank\" href=\"https:\/\/www.estrategiaconcursos.com.br\/blog\/concursos-2020\/\" role=\"button\" rel=\"noopener noreferrer\">Conhe\u00e7a Agora<\/a>\n        <\/div>\n      <\/div>\n    <\/div>\n\n    <div class=\"col-sm\" id=\"boxes-concursos\">\n      <div style=\"background-color: #419FF0;\" class=\"conteudo-concursos\" id=\"box-concursos\">\n        <h3 class=\"titulo-assinatura\">Concursos 2021<\/h3>\n        <p class=\"subtitulo-assinatura\">mais de 17 mil vagas<\/p>\n        <div class=\"box-botao\">\n          <a class=\"btn-assinatura\" target=\"_blank\" href=\"https:\/\/www.estrategiaconcursos.com.br\/blog\/concursos-2021\/\" role=\"button\" rel=\"noopener noreferrer\">Conhe\u00e7a Agora<\/a>\n        <\/div>\n      <\/div>\n    <\/div>\n\n  <\/div>\n<\/div>\n\n\n\n<figure class=\"wp-block-image\"><img loading=\"lazy\" decoding=\"async\" width=\"300\" height=\"102\" src=\"https:\/\/dhg1h5j42swfq.cloudfront.net\/2017\/03\/28152500\/coruja-ficha-tecnica-300x102.png\" alt=\"Informa\u00e7\u00f5es sobre o concurso SEPLAG RS\" class=\"wp-image-68542\"\/><\/figure>\n\n\n\n<h3 class=\"wp-block-heading\" id=\"ficha-tecnica\"><strong>Informa\u00e7\u00f5es do \u00faltimo c<\/strong>oncurso Seplag RS<\/h3>\n\n\n\n<ul class=\"wp-block-list\"><li><strong>Data<\/strong>:<strong> <\/strong>2018<\/li><li><strong>Vagas<\/strong>: 10<\/li><li><strong>Cargos<\/strong>: Analista de Planejamento, Or\u00e7amento e Gest\u00e3o<\/li><li><strong>Banca<\/strong>: Fundatec<\/li><li><strong>Escolaridade<\/strong>: N\u00edvel superior<\/li><li><strong>Edital:<\/strong> <a rel=\"noreferrer noopener\" href=\"https:\/\/dhg1h5j42swfq.cloudfront.net\/2020\/12\/04112521\/edital_30772224380b.pdf\" target=\"_blank\">Edital Seplag RS 2018<\/a><\/li><\/ul>\n","protected":false},"excerpt":{"rendered":"<p>O concurso p\u00fabico da Secretaria de Estado do Planejamento, Governan\u00e7a e Gest\u00e3o &#8211; SEPLAG RS, realizado em 2018, foi prorrogado por mais dois anos. A medida foi publicada no Di\u00e1rio Oficial do Rio Grande do Sul. Com isso, a sele\u00e7\u00e3o fica v\u00e1lida at\u00e9 20 de dezembro de 2022. A sele\u00e7\u00e3o foi organizada pela Fundatec, tradicional [&hellip;]<\/p>\n","protected":false},"author":1,"featured_media":623432,"comment_status":"open","ping_status":"closed","sticky":false,"template":"","format":"standard","meta":{"post_tipo":"news_page","footnotes":""},"categories":[214992],"tags":[],"tax_estado":[219986],"class_list":["post-623034","post","type-post","status-publish","format-standard","has-post-thumbnail","hentry","category-concursos-administrativos","tax_estado-rs"],"acf":[],"yoast_head":"<!-- This site is optimized with the Yoast SEO Premium plugin v27.2 (Yoast SEO v27.2) - https:\/\/yoast.com\/product\/yoast-seo-premium-wordpress\/ -->\n<title>Concurso SEPLAG RS: Sele\u00e7\u00e3o \u00e9 prorrogada at\u00e9 2022<\/title>\n<meta name=\"description\" content=\"Concurso SEPLAG RS: Concurso realizado e homologado em 2018 \u00e9 prorrogado por mais dois anos, ficando v\u00e1lido at\u00e9 2011. Confira como foi a sele\u00e7\u00e3o.\" \/>\n<meta name=\"robots\" content=\"index, follow, max-snippet:-1, max-image-preview:large, max-video-preview:-1\" \/>\n<link rel=\"canonical\" href=\"https:\/\/www.estrategiaconcursos.com.br\/blog\/concurso-seplag-rs\/\" \/>\n<meta property=\"og:locale\" content=\"pt_BR\" \/>\n<meta property=\"og:type\" content=\"article\" \/>\n<meta property=\"og:title\" content=\"Concurso SEPLAG RS: Sele\u00e7\u00e3o \u00e9 prorrogada at\u00e9 2022\" \/>\n<meta property=\"og:description\" content=\"Concurso SEPLAG RS: Concurso realizado e homologado em 2018 \u00e9 prorrogado por mais dois anos, ficando v\u00e1lido at\u00e9 2011. Confira como foi a sele\u00e7\u00e3o.\" \/>\n<meta property=\"og:url\" content=\"https:\/\/www.estrategiaconcursos.com.br\/blog\/concurso-seplag-rs\/\" \/>\n<meta property=\"og:site_name\" content=\"Estrat\u00e9gia Concursos\" \/>\n<meta property=\"article:author\" content=\"https:\/\/www.facebook.com\/EstrategiaConcursos\" \/>\n<meta property=\"article:published_time\" content=\"2020-12-04T15:04:52+00:00\" \/>\n<meta property=\"article:modified_time\" content=\"2020-12-09T14:50:37+00:00\" \/>\n<meta property=\"og:image\" content=\"https:\/\/dhg1h5j42swfq.cloudfront.net\/2020\/12\/04160826\/SEPLAG_RS.jpg\" \/>\n\t<meta property=\"og:image:width\" content=\"1200\" \/>\n\t<meta property=\"og:image:height\" content=\"628\" \/>\n\t<meta property=\"og:image:type\" content=\"image\/jpeg\" \/>\n<meta name=\"author\" content=\"Coordena\u00e7\u00e3o\" \/>\n<meta name=\"twitter:card\" content=\"summary_large_image\" \/>\n<meta name=\"twitter:creator\" content=\"@EstratConcursos\" \/>\n<meta name=\"twitter:site\" content=\"@EstratConcursos\" \/>\n<meta name=\"twitter:label1\" content=\"Escrito por\" \/>\n\t<meta name=\"twitter:data1\" content=\"Coordena\u00e7\u00e3o\" \/>\n\t<meta name=\"twitter:label2\" content=\"Est. tempo de leitura\" \/>\n\t<meta name=\"twitter:data2\" content=\"4 minutos\" \/>\n<script type=\"application\/ld+json\" class=\"yoast-schema-graph\">{\"@context\":\"https:\/\/schema.org\",\"@graph\":[{\"@type\":\"NewsArticle\",\"@id\":\"https:\/\/www.estrategiaconcursos.com.br\/blog\/concurso-seplag-rs\/#article\",\"isPartOf\":{\"@id\":\"https:\/\/www.estrategiaconcursos.com.br\/blog\/concurso-seplag-rs\/\"},\"author\":{\"name\":\"Coordena\u00e7\u00e3o\",\"@id\":\"https:\/\/www.estrategiaconcursos.com.br\/blog\/#\/schema\/person\/b4a388c97673c5f483d72185668afa1f\"},\"headline\":\"Concurso SEPLAG RS: Sele\u00e7\u00e3o \u00e9 prorrogada at\u00e9 2022\",\"datePublished\":\"2020-12-04T15:04:52+00:00\",\"dateModified\":\"2020-12-09T14:50:37+00:00\",\"mainEntityOfPage\":{\"@id\":\"https:\/\/www.estrategiaconcursos.com.br\/blog\/concurso-seplag-rs\/\"},\"wordCount\":854,\"commentCount\":0,\"publisher\":{\"@id\":\"https:\/\/www.estrategiaconcursos.com.br\/blog\/#organization\"},\"image\":{\"@id\":\"https:\/\/www.estrategiaconcursos.com.br\/blog\/concurso-seplag-rs\/#primaryimage\"},\"thumbnailUrl\":\"https:\/\/dhg1h5j42swfq.cloudfront.net\/2020\/12\/04160826\/SEPLAG_RS.jpg\",\"articleSection\":[\"Executivo (Administrativa)\"],\"inLanguage\":\"pt-BR\",\"potentialAction\":[{\"@type\":\"CommentAction\",\"name\":\"Comment\",\"target\":[\"https:\/\/www.estrategiaconcursos.com.br\/blog\/concurso-seplag-rs\/#respond\"]}],\"copyrightYear\":\"2020\",\"copyrightHolder\":{\"@id\":\"https:\/\/www.estrategiaconcursos.com.br\/blog\/#organization\"}},{\"@type\":\"WebPage\",\"@id\":\"https:\/\/www.estrategiaconcursos.com.br\/blog\/concurso-seplag-rs\/\",\"url\":\"https:\/\/www.estrategiaconcursos.com.br\/blog\/concurso-seplag-rs\/\",\"name\":\"Concurso SEPLAG RS: Sele\u00e7\u00e3o \u00e9 prorrogada at\u00e9 2022\",\"isPartOf\":{\"@id\":\"https:\/\/www.estrategiaconcursos.com.br\/blog\/#website\"},\"primaryImageOfPage\":{\"@id\":\"https:\/\/www.estrategiaconcursos.com.br\/blog\/concurso-seplag-rs\/#primaryimage\"},\"image\":{\"@id\":\"https:\/\/www.estrategiaconcursos.com.br\/blog\/concurso-seplag-rs\/#primaryimage\"},\"thumbnailUrl\":\"https:\/\/dhg1h5j42swfq.cloudfront.net\/2020\/12\/04160826\/SEPLAG_RS.jpg\",\"datePublished\":\"2020-12-04T15:04:52+00:00\",\"dateModified\":\"2020-12-09T14:50:37+00:00\",\"description\":\"Concurso SEPLAG RS: Concurso realizado e homologado em 2018 \u00e9 prorrogado por mais dois anos, ficando v\u00e1lido at\u00e9 2011. Confira como foi a sele\u00e7\u00e3o.\",\"breadcrumb\":{\"@id\":\"https:\/\/www.estrategiaconcursos.com.br\/blog\/concurso-seplag-rs\/#breadcrumb\"},\"inLanguage\":\"pt-BR\",\"potentialAction\":[{\"@type\":\"ReadAction\",\"target\":[\"https:\/\/www.estrategiaconcursos.com.br\/blog\/concurso-seplag-rs\/\"]}]},{\"@type\":\"ImageObject\",\"inLanguage\":\"pt-BR\",\"@id\":\"https:\/\/www.estrategiaconcursos.com.br\/blog\/concurso-seplag-rs\/#primaryimage\",\"url\":\"https:\/\/dhg1h5j42swfq.cloudfront.net\/2020\/12\/04160826\/SEPLAG_RS.jpg\",\"contentUrl\":\"https:\/\/dhg1h5j42swfq.cloudfront.net\/2020\/12\/04160826\/SEPLAG_RS.jpg\",\"width\":1200,\"height\":628},{\"@type\":\"BreadcrumbList\",\"@id\":\"https:\/\/www.estrategiaconcursos.com.br\/blog\/concurso-seplag-rs\/#breadcrumb\",\"itemListElement\":[{\"@type\":\"ListItem\",\"position\":1,\"name\":\"In\u00edcio\",\"item\":\"https:\/\/www.estrategiaconcursos.com.br\/blog\/\"},{\"@type\":\"ListItem\",\"position\":2,\"name\":\"Concurso SEPLAG RS: Sele\u00e7\u00e3o \u00e9 prorrogada at\u00e9 2022\"}]},{\"@type\":\"WebSite\",\"@id\":\"https:\/\/www.estrategiaconcursos.com.br\/blog\/#website\",\"url\":\"https:\/\/www.estrategiaconcursos.com.br\/blog\/\",\"name\":\"Estrat\u00e9gia Concursos\",\"description\":\"O blog da Estrat\u00e9gia Concursos traz not\u00edcias sobre concursos e artigos de professores oferecendo cursos para concursos (pdf + videaulas) no site.\",\"publisher\":{\"@id\":\"https:\/\/www.estrategiaconcursos.com.br\/blog\/#organization\"},\"potentialAction\":[{\"@type\":\"SearchAction\",\"target\":{\"@type\":\"EntryPoint\",\"urlTemplate\":\"https:\/\/www.estrategiaconcursos.com.br\/blog\/?s={search_term_string}\"},\"query-input\":{\"@type\":\"PropertyValueSpecification\",\"valueRequired\":true,\"valueName\":\"search_term_string\"}}],\"inLanguage\":\"pt-BR\"},{\"@type\":\"Organization\",\"@id\":\"https:\/\/www.estrategiaconcursos.com.br\/blog\/#organization\",\"name\":\"Estrat\u00e9gia Concursos\",\"url\":\"https:\/\/www.estrategiaconcursos.com.br\/blog\/\",\"logo\":{\"@type\":\"ImageObject\",\"inLanguage\":\"pt-BR\",\"@id\":\"https:\/\/www.estrategiaconcursos.com.br\/blog\/#\/schema\/logo\/image\/\",\"url\":\"https:\/\/dhg1h5j42swfq.cloudfront.net\/2025\/06\/03203428\/logo_concursos-1.jpg\",\"contentUrl\":\"https:\/\/dhg1h5j42swfq.cloudfront.net\/2025\/06\/03203428\/logo_concursos-1.jpg\",\"width\":230,\"height\":60,\"caption\":\"Estrat\u00e9gia Concursos\"},\"image\":{\"@id\":\"https:\/\/www.estrategiaconcursos.com.br\/blog\/#\/schema\/logo\/image\/\"},\"sameAs\":[\"https:\/\/x.com\/EstratConcursos\"]},{\"@type\":\"Person\",\"@id\":\"https:\/\/www.estrategiaconcursos.com.br\/blog\/#\/schema\/person\/b4a388c97673c5f483d72185668afa1f\",\"name\":\"Coordena\u00e7\u00e3o\",\"image\":{\"@type\":\"ImageObject\",\"inLanguage\":\"pt-BR\",\"@id\":\"https:\/\/secure.gravatar.com\/avatar\/b720319e4c9a967eb58678d110f4fe35452fc5d5f97b202bac7b8acceb18c6ad?s=96&d=mm&r=g\",\"url\":\"https:\/\/secure.gravatar.com\/avatar\/b720319e4c9a967eb58678d110f4fe35452fc5d5f97b202bac7b8acceb18c6ad?s=96&d=mm&r=g\",\"contentUrl\":\"https:\/\/secure.gravatar.com\/avatar\/b720319e4c9a967eb58678d110f4fe35452fc5d5f97b202bac7b8acceb18c6ad?s=96&d=mm&r=g\",\"caption\":\"Coordena\u00e7\u00e3o\"},\"sameAs\":[\"https:\/\/www.facebook.com\/EstrategiaConcursos\",\"https:\/\/x.com\/EstratConcursos\"],\"url\":\"https:\/\/www.estrategiaconcursos.com.br\/blog\/author\/estrategia2013\/\"}]}<\/script>\n<!-- \/ Yoast SEO Premium plugin. -->","yoast_head_json":{"title":"Concurso SEPLAG RS: Sele\u00e7\u00e3o \u00e9 prorrogada at\u00e9 2022","description":"Concurso SEPLAG RS: Concurso realizado e homologado em 2018 \u00e9 prorrogado por mais dois anos, ficando v\u00e1lido at\u00e9 2011. Confira como foi a sele\u00e7\u00e3o.","robots":{"index":"index","follow":"follow","max-snippet":"max-snippet:-1","max-image-preview":"max-image-preview:large","max-video-preview":"max-video-preview:-1"},"canonical":"https:\/\/www.estrategiaconcursos.com.br\/blog\/concurso-seplag-rs\/","og_locale":"pt_BR","og_type":"article","og_title":"Concurso SEPLAG RS: Sele\u00e7\u00e3o \u00e9 prorrogada at\u00e9 2022","og_description":"Concurso SEPLAG RS: Concurso realizado e homologado em 2018 \u00e9 prorrogado por mais dois anos, ficando v\u00e1lido at\u00e9 2011. Confira como foi a sele\u00e7\u00e3o.","og_url":"https:\/\/www.estrategiaconcursos.com.br\/blog\/concurso-seplag-rs\/","og_site_name":"Estrat\u00e9gia Concursos","article_author":"https:\/\/www.facebook.com\/EstrategiaConcursos","article_published_time":"2020-12-04T15:04:52+00:00","article_modified_time":"2020-12-09T14:50:37+00:00","og_image":[{"width":1200,"height":628,"url":"https:\/\/dhg1h5j42swfq.cloudfront.net\/2020\/12\/04160826\/SEPLAG_RS.jpg","type":"image\/jpeg"}],"author":"Coordena\u00e7\u00e3o","twitter_card":"summary_large_image","twitter_creator":"@EstratConcursos","twitter_site":"@EstratConcursos","twitter_misc":{"Escrito por":"Coordena\u00e7\u00e3o","Est. tempo de leitura":"4 minutos"},"schema":{"@context":"https:\/\/schema.org","@graph":[{"@type":"NewsArticle","@id":"https:\/\/www.estrategiaconcursos.com.br\/blog\/concurso-seplag-rs\/#article","isPartOf":{"@id":"https:\/\/www.estrategiaconcursos.com.br\/blog\/concurso-seplag-rs\/"},"author":{"name":"Coordena\u00e7\u00e3o","@id":"https:\/\/www.estrategiaconcursos.com.br\/blog\/#\/schema\/person\/b4a388c97673c5f483d72185668afa1f"},"headline":"Concurso SEPLAG RS: Sele\u00e7\u00e3o \u00e9 prorrogada at\u00e9 2022","datePublished":"2020-12-04T15:04:52+00:00","dateModified":"2020-12-09T14:50:37+00:00","mainEntityOfPage":{"@id":"https:\/\/www.estrategiaconcursos.com.br\/blog\/concurso-seplag-rs\/"},"wordCount":854,"commentCount":0,"publisher":{"@id":"https:\/\/www.estrategiaconcursos.com.br\/blog\/#organization"},"image":{"@id":"https:\/\/www.estrategiaconcursos.com.br\/blog\/concurso-seplag-rs\/#primaryimage"},"thumbnailUrl":"https:\/\/dhg1h5j42swfq.cloudfront.net\/2020\/12\/04160826\/SEPLAG_RS.jpg","articleSection":["Executivo (Administrativa)"],"inLanguage":"pt-BR","potentialAction":[{"@type":"CommentAction","name":"Comment","target":["https:\/\/www.estrategiaconcursos.com.br\/blog\/concurso-seplag-rs\/#respond"]}],"copyrightYear":"2020","copyrightHolder":{"@id":"https:\/\/www.estrategiaconcursos.com.br\/blog\/#organization"}},{"@type":"WebPage","@id":"https:\/\/www.estrategiaconcursos.com.br\/blog\/concurso-seplag-rs\/","url":"https:\/\/www.estrategiaconcursos.com.br\/blog\/concurso-seplag-rs\/","name":"Concurso SEPLAG RS: Sele\u00e7\u00e3o \u00e9 prorrogada at\u00e9 2022","isPartOf":{"@id":"https:\/\/www.estrategiaconcursos.com.br\/blog\/#website"},"primaryImageOfPage":{"@id":"https:\/\/www.estrategiaconcursos.com.br\/blog\/concurso-seplag-rs\/#primaryimage"},"image":{"@id":"https:\/\/www.estrategiaconcursos.com.br\/blog\/concurso-seplag-rs\/#primaryimage"},"thumbnailUrl":"https:\/\/dhg1h5j42swfq.cloudfront.net\/2020\/12\/04160826\/SEPLAG_RS.jpg","datePublished":"2020-12-04T15:04:52+00:00","dateModified":"2020-12-09T14:50:37+00:00","description":"Concurso SEPLAG RS: Concurso realizado e homologado em 2018 \u00e9 prorrogado por mais dois anos, ficando v\u00e1lido at\u00e9 2011. Confira como foi a sele\u00e7\u00e3o.","breadcrumb":{"@id":"https:\/\/www.estrategiaconcursos.com.br\/blog\/concurso-seplag-rs\/#breadcrumb"},"inLanguage":"pt-BR","potentialAction":[{"@type":"ReadAction","target":["https:\/\/www.estrategiaconcursos.com.br\/blog\/concurso-seplag-rs\/"]}]},{"@type":"ImageObject","inLanguage":"pt-BR","@id":"https:\/\/www.estrategiaconcursos.com.br\/blog\/concurso-seplag-rs\/#primaryimage","url":"https:\/\/dhg1h5j42swfq.cloudfront.net\/2020\/12\/04160826\/SEPLAG_RS.jpg","contentUrl":"https:\/\/dhg1h5j42swfq.cloudfront.net\/2020\/12\/04160826\/SEPLAG_RS.jpg","width":1200,"height":628},{"@type":"BreadcrumbList","@id":"https:\/\/www.estrategiaconcursos.com.br\/blog\/concurso-seplag-rs\/#breadcrumb","itemListElement":[{"@type":"ListItem","position":1,"name":"In\u00edcio","item":"https:\/\/www.estrategiaconcursos.com.br\/blog\/"},{"@type":"ListItem","position":2,"name":"Concurso SEPLAG RS: Sele\u00e7\u00e3o \u00e9 prorrogada at\u00e9 2022"}]},{"@type":"WebSite","@id":"https:\/\/www.estrategiaconcursos.com.br\/blog\/#website","url":"https:\/\/www.estrategiaconcursos.com.br\/blog\/","name":"Estrat\u00e9gia Concursos","description":"O blog da Estrat\u00e9gia Concursos traz not\u00edcias sobre concursos e artigos de professores oferecendo cursos para concursos (pdf + videaulas) no site.","publisher":{"@id":"https:\/\/www.estrategiaconcursos.com.br\/blog\/#organization"},"potentialAction":[{"@type":"SearchAction","target":{"@type":"EntryPoint","urlTemplate":"https:\/\/www.estrategiaconcursos.com.br\/blog\/?s={search_term_string}"},"query-input":{"@type":"PropertyValueSpecification","valueRequired":true,"valueName":"search_term_string"}}],"inLanguage":"pt-BR"},{"@type":"Organization","@id":"https:\/\/www.estrategiaconcursos.com.br\/blog\/#organization","name":"Estrat\u00e9gia Concursos","url":"https:\/\/www.estrategiaconcursos.com.br\/blog\/","logo":{"@type":"ImageObject","inLanguage":"pt-BR","@id":"https:\/\/www.estrategiaconcursos.com.br\/blog\/#\/schema\/logo\/image\/","url":"https:\/\/dhg1h5j42swfq.cloudfront.net\/2025\/06\/03203428\/logo_concursos-1.jpg","contentUrl":"https:\/\/dhg1h5j42swfq.cloudfront.net\/2025\/06\/03203428\/logo_concursos-1.jpg","width":230,"height":60,"caption":"Estrat\u00e9gia Concursos"},"image":{"@id":"https:\/\/www.estrategiaconcursos.com.br\/blog\/#\/schema\/logo\/image\/"},"sameAs":["https:\/\/x.com\/EstratConcursos"]},{"@type":"Person","@id":"https:\/\/www.estrategiaconcursos.com.br\/blog\/#\/schema\/person\/b4a388c97673c5f483d72185668afa1f","name":"Coordena\u00e7\u00e3o","image":{"@type":"ImageObject","inLanguage":"pt-BR","@id":"https:\/\/secure.gravatar.com\/avatar\/b720319e4c9a967eb58678d110f4fe35452fc5d5f97b202bac7b8acceb18c6ad?s=96&d=mm&r=g","url":"https:\/\/secure.gravatar.com\/avatar\/b720319e4c9a967eb58678d110f4fe35452fc5d5f97b202bac7b8acceb18c6ad?s=96&d=mm&r=g","contentUrl":"https:\/\/secure.gravatar.com\/avatar\/b720319e4c9a967eb58678d110f4fe35452fc5d5f97b202bac7b8acceb18c6ad?s=96&d=mm&r=g","caption":"Coordena\u00e7\u00e3o"},"sameAs":["https:\/\/www.facebook.com\/EstrategiaConcursos","https:\/\/x.com\/EstratConcursos"],"url":"https:\/\/www.estrategiaconcursos.com.br\/blog\/author\/estrategia2013\/"}]}},"_links":{"self":[{"href":"https:\/\/www.estrategiaconcursos.com.br\/blog\/wp-json\/wp\/v2\/posts\/623034","targetHints":{"allow":["GET"]}}],"collection":[{"href":"https:\/\/www.estrategiaconcursos.com.br\/blog\/wp-json\/wp\/v2\/posts"}],"about":[{"href":"https:\/\/www.estrategiaconcursos.com.br\/blog\/wp-json\/wp\/v2\/types\/post"}],"author":[{"embeddable":true,"href":"https:\/\/www.estrategiaconcursos.com.br\/blog\/wp-json\/wp\/v2\/users\/1"}],"replies":[{"embeddable":true,"href":"https:\/\/www.estrategiaconcursos.com.br\/blog\/wp-json\/wp\/v2\/comments?post=623034"}],"version-history":[{"count":13,"href":"https:\/\/www.estrategiaconcursos.com.br\/blog\/wp-json\/wp\/v2\/posts\/623034\/revisions"}],"predecessor-version":[{"id":626526,"href":"https:\/\/www.estrategiaconcursos.com.br\/blog\/wp-json\/wp\/v2\/posts\/623034\/revisions\/626526"}],"wp:featuredmedia":[{"embeddable":true,"href":"https:\/\/www.estrategiaconcursos.com.br\/blog\/wp-json\/wp\/v2\/media\/623432"}],"wp:attachment":[{"href":"https:\/\/www.estrategiaconcursos.com.br\/blog\/wp-json\/wp\/v2\/media?parent=623034"}],"wp:term":[{"taxonomy":"category","embeddable":true,"href":"https:\/\/www.estrategiaconcursos.com.br\/blog\/wp-json\/wp\/v2\/categories?post=623034"},{"taxonomy":"post_tag","embeddable":true,"href":"https:\/\/www.estrategiaconcursos.com.br\/blog\/wp-json\/wp\/v2\/tags?post=623034"},{"taxonomy":"tax_estado","embeddable":true,"href":"https:\/\/www.estrategiaconcursos.com.br\/blog\/wp-json\/wp\/v2\/tax_estado?post=623034"}],"curies":[{"name":"wp","href":"https:\/\/api.w.org\/{rel}","templated":true}]}}