{"id":62291,"date":"2021-04-06T00:30:00","date_gmt":"2021-04-06T03:30:00","guid":{"rendered":"https:\/\/www.estrategiaconcursos.com.br\/blog\/?p=62291"},"modified":"2023-06-19T10:36:29","modified_gmt":"2023-06-19T13:36:29","slug":"concurso-mpc-pa","status":"publish","type":"post","link":"https:\/\/www.estrategiaconcursos.com.br\/blog\/concurso-mpc-pa\/","title":{"rendered":"Concurso MPC PA: contagem da validade SUSPENSA"},"content":{"rendered":"\n<p>A contagem do prazo de validade do concurso MPC PA de 2019 foi suspensa por causa do agravamento da pandemia de Covid-19. A suspens\u00e3o teve in\u00edcio no dia 23 de mar\u00e7o de 2020, conforme determinado pelo art. 3\u00ba, da Lei Estadual n\u00ba 9.232, de 24 de mar\u00e7o de 2021. <\/p>\n\n\n\n<p>O tempo transcorrido at\u00e9 23\/03\/2020 permanece v\u00e1lido, com in\u00edcio nas seguintes datas:<\/p>\n\n\n\n<p>I \u2013 Procurador de Contas: 16 de janeiro de 2020;<br \/>II \u2013 Analista Ministerial \u2013 Especialidade Controle Externo: 04 de dezembro de 2019; e<br \/>III \u2013 Demais cargos do concurso para servidor: 14 de novembro de 2019.<\/p>\n\n\n\n<p>De acordo com o<a href=\"https:\/\/dhg1h5j42swfq.cloudfront.net\/2021\/04\/06103202\/mpc-pa-suspensao-validade-2.pdf\"> documento divulgado no Di\u00e1rio Oficial do Par\u00e1<\/a>, o prazo de validade do concurso voltar\u00e1 a correr a partir de 1\u00ba de janeiro de 2022. Os editais do concurso do Minist\u00e9rio P\u00fablico de Contas do Estado do Par\u00e1 ofertaram <strong>10 vagas<\/strong> imediatas, sendo 8 delas para o cargo de Analista, uma para Procurador de Contas e uma para Assistente. Al\u00e9m das vagas imediatas, o concurso contou ainda com a oferta de 21 vagas em cadastro de reserva.<\/p>\n\n\n\n<p>Os candidatos foram submetidos a quatro etapas de provas, sendo elas  <em><strong>(P1)&nbsp;<\/strong><\/em><strong>Objetiva Conhecimentos Gerais<\/strong>, <em><strong>(P2)&nbsp;<\/strong><\/em><strong>Objetiva Conhecimentos Espec\u00edficos<\/strong>, <em><strong>(P3)&nbsp;<\/strong><\/em><strong>Discursiva<\/strong>&nbsp; e <em><strong>(P4)<\/strong><\/em><strong>&nbsp;Avalia\u00e7\u00e3o de t\u00edtulos<\/strong>.  <\/p>\n\n\n\n<div class=\"container\" id=\"boxes\">\n  <div class=\"row\">\n\n    <div class=\"col-sm\">\n      <div class=\"banner-tribunal\" id=\"box-assinatura\">\n        <h3 class=\"titulo-assinatura\">Cursos para MPC PA<\/h3>\n        <p class=\"subtitulo-assinatura\">Conhe\u00e7a os cursos<\/p>\n        <div class=\"box-botao\">\n          <a class=\"btn-assinatura\" target=\"_blank\" href=\"https:\/\/www.estrategiaconcursos.com.br\/cursos\/concurso\/\" role=\"button\" rel=\"noopener noreferrer\">Conhe\u00e7a mais<\/a>\n        <\/div>\n      <\/div>\n      <p class=\"texto-auxiliar\">Prepare-se com o melhor material e com quem mais aprova em Concursos P\u00fablicos em todo o pa\u00eds.<\/p>\n    <\/div>\n\n  <\/div>\n<\/div>\n\n\n\n<ul class=\"wp-block-list\">\n<li><strong><a href=\"#situacao\">Situa\u00e7\u00e3o do concurso<\/a><\/strong><ul><li><strong><a href=\"#resultados\">Resultados<\/a> <\/strong><\/li><\/ul>\n<ul class=\"wp-block-list\">\n<li><strong><a href=\"#distribuicao-das-vaga\">Distribui\u00e7\u00e3o das vagas<\/a><\/strong><\/li>\n\n\n\n<li><strong><a href=\"#remuneracao\">Remunera\u00e7\u00e3o<\/a><\/strong><\/li>\n<\/ul>\n<\/li>\n\n\n\n<li><strong><a href=\"#servidores\">Concurso servidores<\/a> <\/strong>\n<ul class=\"wp-block-list\">\n<li><strong><a href=\"#etapas\">Etapas do concurso<\/a><\/strong><\/li>\n<\/ul>\n<\/li>\n\n\n\n<li><strong><a href=\"#procurador-de-contas\">Concurso Procurador de Contas<\/a><\/strong>\n<ul class=\"wp-block-list\">\n<li><a href=\"#requisitos\"><strong>Requisitos<\/strong><\/a><\/li>\n\n\n\n<li><strong><a href=\"#etapas-procurador\">Etapas do concurso<\/a><\/strong><\/li>\n<\/ul>\n<\/li>\n\n\n\n<li><strong><a href=\"#assinatura-e-cursos\">Assinatura ilimitada e cursos<\/a><\/strong><\/li>\n\n\n\n<li><strong><a href=\"#ficha-tecnica\">Ficha t\u00e9cnica<\/a><\/strong><\/li>\n<\/ul>\n\n\n\n<h2 class=\"wp-block-heading\" id=\"situacao\">Situa\u00e7\u00e3o do concurso MPC PA<\/h2>\n\n\n\n<figure class=\"wp-block-table is-style-stripes\"><table class=\"has-background has-fixed-layout\" style=\"background-color:#e7f5fe\"><tbody><tr><td><strong>Cargo<\/strong><\/td><td><strong>N\u00ba de Vagas Ofertadas<\/strong><\/td><td><strong>N\u00ba de Candidatos<\/strong>&nbsp;<strong>Nomeados<\/strong><\/td><td><strong>N\u00ba de Candidatos&nbsp;<\/strong><strong>Empossados<\/strong><\/td><td><strong>Percentual de Vagas Ofertadas<\/strong>&nbsp;<strong>j\u00e1 Preenchidas<\/strong><\/td><\/tr><tr><td>Analista Ministerial \u2013 Especialidade Administra\u00e7\u00e3o<\/td><td>01<\/td><td>04<\/td><td>03<\/td><td>300%<\/td><\/tr><tr><td>Analista Ministerial \u2013 Especialidade Ci\u00eancias Cont\u00e1beis<\/td><td>01<\/td><td>03<\/td><td>02<\/td><td>200%<\/td><\/tr><tr><td>Analista Ministerial \u2013 Especialidade Comunica\u00e7\u00e3o Social<\/td><td>0<\/td><td>01<\/td><td>01<\/td><td>200%<\/td><\/tr><tr><td>Analista Ministerial \u2013 Especialidade Controle Externo<\/td><td>03<\/td><td>12<\/td><td>11<\/td><td>366,67%<\/td><\/tr><tr><td>Analista Ministerial \u2013 Especialidade Direito<\/td><td>01<\/td><td>02<\/td><td>02<\/td><td>200%<\/td><\/tr><tr><td>Analista Ministerial \u2013 Especialidade Engenharia Civil<\/td><td>01<\/td><td>01<\/td><td>01<\/td><td>100%<\/td><\/tr><tr><td>Analista Ministerial \u2013 Especialidade Tecnologia da Informa\u00e7\u00e3o<\/td><td>01<\/td><td>01<\/td><td>01<\/td><td>100%<\/td><\/tr><tr><td>Assistente Ministerial de Controle Externo<\/td><td>0<\/td><td>01<\/td><td>01<\/td><td>200%<\/td><\/tr><tr><td>Assistente Ministerial de Inform\u00e1tica<\/td><td>01<\/td><td>01<\/td><td>01<\/td><td>100%<\/td><\/tr><tr><td>Procurador de Contas<\/td><td>01<\/td><td>01<\/td><td>01<\/td><td>100%<\/td><\/tr><\/tbody><\/table><\/figure>\n\n\n\n<h3 class=\"wp-block-heading\" id=\"resultados\">Resultados <\/h3>\n\n\n\n<p>Confira abaixo o resultado final com a lista dos candidatos habilitados: <\/p>\n\n\n\n<p class=\"has-text-align-center has-black-color has-luminous-vivid-amber-background-color has-text-color has-background\"><a href=\"https:\/\/dhg1h5j42swfq.cloudfront.net\/2020\/11\/04122331\/resultado_final_concurso_procurador.pdf\">Resultado Procurador de Contas<\/a><\/p>\n\n\n\n<p class=\"has-text-align-center has-black-color has-luminous-vivid-amber-background-color has-text-color has-background\"><a href=\"https:\/\/dhg1h5j42swfq.cloudfront.net\/2020\/11\/04122357\/resultado_final_concurso_servidor_exceto_cargo_4.pdf\">Resultado Servidores exceto Analista Controle Externo<\/a><\/p>\n\n\n\n<p class=\"has-text-align-center has-black-color has-luminous-vivid-amber-background-color has-text-color has-background\"><a href=\"https:\/\/dhg1h5j42swfq.cloudfront.net\/2020\/11\/04122419\/resultado_final_concurso_servidor_cargo_4.pdf\">Resultado Analista Controle Externo<\/a><\/p>\n\n\n\n<h3 class=\"wp-block-heading\" id=\"distribuicao-das-vagas\">Distribui\u00e7\u00e3o das vagas no edital <\/h3>\n\n\n\n<ul class=\"wp-block-list\">\n<li>Procurador de Contas: 1 vaga + CR<\/li>\n\n\n\n<li>Analista Ministerial &#8211; Administra\u00e7\u00e3o: 1 vaga + CR <\/li>\n\n\n\n<li>Analista Ministerial &#8211; Cont\u00e1beis: 1 vaga + CR  <\/li>\n\n\n\n<li>Analista Ministerial &#8211; Comunica\u00e7\u00e3o Social: CR  <\/li>\n\n\n\n<li>Analista Ministerial &#8211; Controle Externo: 3 vagas + CR  <\/li>\n\n\n\n<li>Analista Ministerial &#8211; Direito: 1 vaga + CR  <\/li>\n\n\n\n<li>Analista Ministerial &#8211; Engenharia Civil: 1 vaga<\/li>\n\n\n\n<li>Analista Ministerial &#8211; Tecnologia da Informa\u00e7\u00e3o: 1 vaga + CR<\/li>\n\n\n\n<li>Assistente Ministerial de Controle Externo: CR<\/li>\n\n\n\n<li>Assistente Ministerial de Inform\u00e1tica: 1 vaga<\/li>\n<\/ul>\n\n\n\n<h2 class=\"wp-block-heading\" id=\"remuneracao\">Remunera\u00e7\u00e3o do concurso MPC PA<\/h2>\n\n\n\n<p>A remunera\u00e7\u00e3o inicial ofertada para o cargo de Analista Ministerial \u00e9 de R$ 8.553,37. J\u00e1 para Assistente Ministerial, o inicial \u00e9 de R$ 4.760,00. Para o cargo de Procurador de Contas, a remunera\u00e7\u00e3o \u00e9 de R$ 35.462,22. <\/p>\n\n\n\n<h2 class=\"wp-block-heading\" id=\"servidores\">Concurso MPC PA Servidores<\/h2>\n\n\n\n<h3 class=\"wp-block-heading\" id=\"etapas\">Etapas do concurso <\/h3>\n\n\n\n<p>A provas objetiva e a prova discursiva para todos os cargos de servidores teve dura\u00e7\u00e3o total de 4 horas e 30 minutos. <\/p>\n\n\n\n<ul class=\"wp-block-list\">\n<li><em><strong>(P1) <\/strong><\/em><strong>Objetiva Conhecimentos Gerais<\/strong> &#8211; 20 quest\u00f5es (Eliminat\u00f3rio e classificat\u00f3rio)<\/li>\n\n\n\n<li><em><strong>(P2) <\/strong><\/em><strong>Objetiva Conhecimentos Espec\u00edficos<\/strong> &#8211; 40 quest\u00f5es (Eliminat\u00f3rio e classificat\u00f3rio) <\/li>\n\n\n\n<li><em><strong>(P3) <\/strong><\/em><strong>Discursiva<\/strong> &#8211; Conhecimentos Espec\u00edficos (Eliminat\u00f3rio e classificat\u00f3rio)  <\/li>\n\n\n\n<li><em><strong>(P4)<\/strong><\/em><strong> Avalia\u00e7\u00e3o de t\u00edtulos<\/strong> (Classificat\u00f3rio) <\/li>\n<\/ul>\n\n\n\n<p><em>Conhecimentos Gerais:<\/em><\/p>\n\n\n\n<ul class=\"wp-block-list\">\n<li>L\u00edngua Portuguesa <\/li>\n\n\n\n<li>Legisla\u00e7\u00e3o Estadual<\/li>\n\n\n\n<li>\u00c9tica no Servi\u00e7o P\u00fablico<\/li>\n<\/ul>\n\n\n\n<h3 class=\"wp-block-heading\">Avalia\u00e7\u00e3o de T\u00edtulos<\/h3>\n\n\n\n<h4 class=\"wp-block-heading\">Cargos de n\u00edvel superior:<\/h4>\n\n\n\n<p><\/p>\n\n\n\n<figure class=\"wp-block-table is-style-stripes\"><table class=\"has-background has-fixed-layout\" style=\"background-color:#e7f5fe\"><tbody><tr><td><strong>Al\u00ednea<\/strong><\/td><td><strong>T\u00edtulo<\/strong><\/td><td><strong>Valor de cada t\u00edtulo<\/strong><\/td><td><strong>Valor m\u00e1ximo dos t\u00edtulos<\/strong><\/td><\/tr><tr><td><strong>A<\/strong><\/td><td>Diploma de curso de p\u00f3s-gradua\u00e7\u00e3o em n\u00edvel de doutorado na especialidade do cargo a que concorre. <\/td><td>1,00<\/td><td>1,00<\/td><\/tr><tr><td><strong>B<\/strong><\/td><td>Diploma de curso de p\u00f3s-gradua\u00e7\u00e3o em n\u00edvel de mestrado na especialidade do cargo a que concorre. <\/td><td>0,50<\/td><td>0,50<\/td><\/tr><tr><td><strong>C<\/strong><\/td><td>Certificado de curso de p\u00f3s-gradua\u00e7\u00e3o em n\u00edvel de especializa\u00e7\u00e3o, com carga hor\u00e1ria m\u00ednima de 360 h\/a na especialidade do cargo a que concorre. <\/td><td>0,25<\/td><td>0,50<\/td><\/tr><tr><td><strong>D<\/strong><\/td><td>Aprova\u00e7\u00e3o em concurso p\u00fablico na Administra\u00e7\u00e3o P\u00fablica, para empregos\/cargos na especialidade do cargo a que concorre. <\/td><td>0,05<\/td><td>0,20<\/td><\/tr><tr><td><strong>E<\/strong><\/td><td>Exerc\u00edcio de atividade profissional de n\u00edvel superior na Administra\u00e7\u00e3o P\u00fablica ou na iniciativa privada, em empregos\/cargos\/fun\u00e7\u00f5es na especialidade do cargo a que concorre. <\/td><td>0,20 p\/ano completo, sem sobreposi\u00e7\u00e3o de tempo <\/td><td>2,80<\/td><\/tr><tr><td><strong>Total m\u00e1ximo de pontos<\/strong><\/td><td><\/td><td><\/td><td><strong>5,00<\/strong><\/td><\/tr><\/tbody><\/table><\/figure>\n\n\n\n<h4 class=\"wp-block-heading\">Cargos de n\u00edvel m\u00e9dio:<\/h4>\n\n\n\n<p><\/p>\n\n\n\n<figure class=\"wp-block-table is-style-stripes\"><table class=\"has-background has-fixed-layout\" style=\"background-color:#e7f5fe\"><tbody><tr><td><strong>Al\u00ednea<\/strong> <\/td><td><strong>T\u00edtulo<\/strong> <\/td><td><strong>Valor de cada t\u00edtulo<\/strong> <\/td><td><strong>Valor m\u00e1ximo dos t\u00edtulos<\/strong> <\/td><\/tr><tr><td><strong>A<\/strong><\/td><td>Aprova\u00e7\u00e3o em concurso p\u00fablico na Administra\u00e7\u00e3o P\u00fablica, no m\u00ednimo de n\u00edvel m\u00e9dio, para empregos\/cargos no cargo a que concorre. <\/td><td>0,20<\/td><td>0,60 <\/td><\/tr><tr><td><strong>B<\/strong><\/td><td>Exerc\u00edcio de atividade profissional, no m\u00ednimo, de n\u00edvel m\u00e9dio na Administra\u00e7\u00e3o P\u00fablica ou na iniciativa privada, em empregos\/cargos\/fun\u00e7\u00f5es no cargo a que concorre. <\/td><td>0,40 p\/ano completo, sem sobreposi\u00e7\u00e3o de tempo <\/td><td>4,40 <\/td><\/tr><tr><td><strong>Total m\u00e1ximo de pontos<\/strong> <\/td><td><\/td><td><\/td><td><strong>5,00 <\/strong><\/td><\/tr><\/tbody><\/table><\/figure>\n\n\n\n<p>Posteriormente, foi publicada uma retifica\u00e7\u00e3o alterando a quantidade de candidatos convocados para a avalia\u00e7\u00e3o de&nbsp;t\u00edtulos. Respeitados os empates na \u00faltima coloca\u00e7\u00e3o, ser\u00e3o convocados os candidatos aprovados na prova discursiva, considerando\u2010se a soma da nota final nas provas objetivas e da nota final na prova discursiva:  <\/p>\n\n\n\n<p><\/p>\n\n\n\n<figure class=\"wp-block-table is-style-stripes\"><table class=\"has-background has-fixed-layout\" style=\"background-color:#e7f5fe\"><tbody><tr><td><strong>Cargo\/Especialidade<\/strong><\/td><td><strong>Candidatos \u00e0 ampla concorr\u00eancia<\/strong><\/td><td><strong>Candidatos que se declaram com defici\u00eancia<\/strong><\/td><\/tr><tr><td>Analista &#8211; Administra\u00e7\u00e3o<\/td><td>19\u00aa<\/td><td>2\u00aa<\/td><\/tr><tr><td>Analista &#8211; Ci\u00eancias Cont\u00e1beis<\/td><td>19\u00aa<\/td><td>2\u00aa<\/td><\/tr><tr><td>Analista &#8211; Comunica\u00e7\u00e3o Social<\/td><td>19\u00aa<\/td><td>2\u00aa<\/td><\/tr><tr><td>Analista &#8211; Controle Externo<\/td><td>38\u00aa<\/td><td>3\u00aa<\/td><\/tr><tr><td>Analista &#8211; Direito<\/td><td>19\u00aa<\/td><td>2\u00aa<\/td><\/tr><tr><td>Analista &#8211; Engenharia Civil<\/td><td>19\u00aa<\/td><td>2\u00aa<\/td><\/tr><tr><td>Analista &#8211; T.I.<\/td><td>19\u00aa<\/td><td>2\u00aa<\/td><\/tr><tr><td>Assistente &#8211; Controle Externo<\/td><td>19\u00aa<\/td><td>2\u00aa<\/td><\/tr><tr><td>Assistente &#8211; Inform\u00e1tica<\/td><td>19\u00aa<\/td><td>2\u00aa<\/td><\/tr><\/tbody><\/table><\/figure>\n\n\n\n<h2 class=\"wp-block-heading\" id=\"procurador-de-contas\">Cargo de Procurador de Contas<\/h2>\n\n\n\n<h3 class=\"wp-block-heading\" id=\"requisitos\">Requisitos <\/h3>\n\n\n\n<p>Para esse cargo \u00e9 necess\u00e1ria a <strong>forma\u00e7\u00e3o de N\u00edvel Superior em Direito <\/strong>e, no m\u00ednimo, <strong>03 anos de atividade jur\u00eddica.<\/strong> Todas as etapas do concurso ser\u00e3o realizadas em Bel\u00e9m, capital do Estado do Par\u00e1.<\/p>\n\n\n\n<h3 class=\"wp-block-heading\" id=\"etapas-procurador\">Etapas do concurso <\/h3>\n\n\n\n<p><strong><em>1\u00aa Etapa<\/em><\/strong>: A prova objetiva, que valeu 100 pontos, foi composta por quest\u00f5es referentes aos conte\u00fados program\u00e1ticos&nbsp;das seguintes disciplinas:<\/p>\n\n\n\n<ul class=\"wp-block-list\">\n<li>Direito Constitucional;<\/li>\n\n\n\n<li>Direito Administrativo;<\/li>\n\n\n\n<li>Direito Financeiro;<\/li>\n\n\n\n<li>Controle Externo e Legisla\u00e7\u00e3o Institucional;<\/li>\n\n\n\n<li>Direito Previdenci\u00e1rio;<\/li>\n\n\n\n<li>Direito Tribut\u00e1rio;<\/li>\n\n\n\n<li>Contabilidade P\u00fablica;<\/li>\n\n\n\n<li>Direito Processual.<\/li>\n<\/ul>\n\n\n\n<p><strong>2\u00aa Etapa<\/strong>: A segunda etapa do concurso ser\u00e1 composta de duas&nbsp;provas discursivas que valer\u00e3o 100 ponto, totalizando&nbsp;180 pontos, sendo assim divididas:<\/p>\n\n\n\n<p><strong>Prova Discursiva I: <br \/><\/strong>3 quest\u00f5es, no valor de 10 pontos cada, totalizando 30, e a elabora\u00e7\u00e3o de pe\u00e7a pr\u00e1tica (parecer, recurso ou representa\u00e7\u00e3o), no valor de 60;<\/p>\n\n\n\n<p><strong>Prova Discursiva II: <br \/><\/strong>3 quest\u00f5es, no valor de 10 pontos cada, totalizando 30, e a elabora\u00e7\u00e3o de pe\u00e7a pr\u00e1tica (parecer, recurso ou representa\u00e7\u00e3o), no valor de 60. As provas discursivas versar\u00e3o sobre os seguintes conte\u00fados program\u00e1ticos:<\/p>\n\n\n\n<p><strong>I \u2013 Prova Discursiva I:<\/strong><\/p>\n\n\n\n<ul class=\"wp-block-list\">\n<li>a) Direito Constitucional;<\/li>\n\n\n\n<li>b) Direito Financeiro;<\/li>\n\n\n\n<li>c) Contabilidade P\u00fablica; e<\/li>\n\n\n\n<li>d) Direito Processual.<\/li>\n<\/ul>\n\n\n\n<p><strong>II \u2013 Prova Discursiva II:<\/strong><\/p>\n\n\n\n<ul class=\"wp-block-list\">\n<li>a) Direito Administrativo;<\/li>\n\n\n\n<li>b) Controle Externo e Legisla\u00e7\u00e3o Institucional;<\/li>\n\n\n\n<li>c) Direito Previdenci\u00e1rio; e<\/li>\n\n\n\n<li>d) Direito Processual<\/li>\n<\/ul>\n\n\n\n<p>A Prova Discursiva I e a Prova Discursiva II ser\u00e3o realizadas&nbsp;na data prevista de 8 de setembro, sendo que a primeira correr\u00e1 no turno&nbsp;matutino (8h) e a segunda no turno vespertino (15h).<\/p>\n\n\n\n<p><strong>3\u00aa Etapa<\/strong>: A prova oral consistir\u00e1 na argui\u00e7\u00e3o de 5 perguntas&nbsp;pela banca examinadora, conforme o ponto sorteado pelo&nbsp;candidato, observado o conte\u00fado program\u00e1tico das seguintes&nbsp;disciplinas:<\/p>\n\n\n\n<ul class=\"wp-block-list\">\n<li>Direito Constitucional;<\/li>\n\n\n\n<li>Direito Financeiro;<\/li>\n\n\n\n<li>Direito Administrativo;<\/li>\n\n\n\n<li>Controle Externo e Legisla\u00e7\u00e3o Institucional; e<\/li>\n\n\n\n<li>Direito Previdenci\u00e1rio.<\/li>\n<\/ul>\n\n\n\n<p><strong>4\u00aa Etapa<\/strong>: Ap\u00f3s a publica\u00e7\u00e3o do resultado da prova oral, a entidade especializada contratada avaliar\u00e1 os t\u00edtulos dos candidatos&nbsp;aprovados.<\/p>\n\n\n\n<figure class=\"wp-block-image aligncenter is-resized\"><img loading=\"lazy\" decoding=\"async\" src=\"https:\/\/dhg1h5j42swfq.cloudfront.net\/2019\/02\/21085827\/prova-mpc-pa.png\" alt=\"Concurso MPC PA Procurador: distribui\u00e7\u00e3o das quest\u00f5es\" class=\"wp-image-167279\" width=\"381\" height=\"457\" srcset=\"https:\/\/dhg1h5j42swfq.cloudfront.net\/2019\/02\/21085827\/prova-mpc-pa.png 387w, https:\/\/dhg1h5j42swfq.cloudfront.net\/2019\/02\/21085827\/prova-mpc-pa.png 250w\" sizes=\"auto, (max-width: 381px) 100vw, 381px\" \/><figcaption class=\"wp-element-caption\">Concurso MPC PA Procurador: distribui\u00e7\u00e3o das quest\u00f5es<\/figcaption><\/figure>\n\n\n\n<h3 class=\"wp-block-heading\">Avalia\u00e7\u00e3o de T\u00edtulos<\/h3>\n\n\n\n<figure class=\"wp-block-table is-style-stripes\"><table class=\"has-background has-fixed-layout\" style=\"background-color:#e7f5fe\"><tbody><tr><td><strong>Al\u00ednea<\/strong><\/td><td><strong>T\u00edtulo<\/strong><\/td><td><strong>Valor de cada t\u00edtulo<\/strong><\/td><td><strong>Valor m\u00e1ximo dos t\u00edtulos<\/strong><\/td><\/tr><tr><td><strong>A<\/strong><\/td><td>Diploma de curso de p\u00f3s-gradua\u00e7\u00e3o em n\u00edvel de doutorado em Direito. <\/td><td>1,00 <\/td><td>1,00 <\/td><\/tr><tr><td><strong>B<\/strong><\/td><td>Diploma de curso de p\u00f3s-gradua\u00e7\u00e3o em n\u00edvel de mestrado em Direito.  <\/td><td>0,50 <\/td><td>0,50 <\/td><\/tr><tr><td><strong>C<\/strong><\/td><td>Certificado de curso de p\u00f3s-gradua\u00e7\u00e3o em n\u00edvel de especializa\u00e7\u00e3o em Direito, com carga hor\u00e1ria m\u00ednima de 360 h\/a.<\/td><td>0,25 <\/td><td>0,50<\/td><\/tr><tr><td><strong>D<\/strong><\/td><td>Certificado, expedido por Escola Superior do Minist\u00e9rio P\u00fablico ou da Magistratura de, no m\u00ednimo, 360 h\/ a, comprovada a aprova\u00e7\u00e3o do aluno. <\/td><td>0,10<\/td><td>0,20<\/td><\/tr><tr><td><strong>E<\/strong><\/td><td>Exerc\u00edcio de cargo, emprego ou fun\u00e7\u00e3o privativa de bacharel em Direito, em \u00f3rg\u00e3os da Administra\u00e7\u00e3o P\u00fablica Federal, estadual, distrital ou municipal, por tempo superior a um ano, exceto os t\u00edtulos j\u00e1 pontuados conforme al\u00edneas \u201cF\u201d e \u201cG\u201d. <\/td><td>0,20 p\/ano completo, sem sobreposi\u00e7\u00e3o de tempo <\/td><td>2,20<\/td><\/tr><tr><td><strong>F<\/strong><\/td><td>Efetivo exerc\u00edcio do magist\u00e9rio em Direito, em institui\u00e7\u00e3o de ensino superior p\u00fablica ou privada. <\/td><td>0,05 p\/ano completo, sem sobreposi\u00e7\u00e3o de tempo <\/td><td>0,20<\/td><\/tr><tr><td><strong>G<\/strong><\/td><td>Aprova\u00e7\u00e3o em concurso p\u00fablico para cargo, emprego ou fun\u00e7\u00e3o privativa de bacharel em Direito, exceto os t\u00edtulos j\u00e1 pontuados conforme al\u00ednea \u201cE\u201d <\/td><td>0,05<\/td><td>0,20<\/td><\/tr><tr><td><strong>H<\/strong><\/td><td>Livro publicado, de autoria individual, no \u00e2mbito da ci\u00eancia Jur\u00eddica, devidamente registrado no ISBN. <\/td><td>0,05 <\/td><td>0,20 <\/td><\/tr><tr><td><\/td><td><strong>Total m\u00e1ximo de pontos<\/strong><\/td><td><\/td><td><strong>5,00<\/strong><\/td><\/tr><\/tbody><\/table><\/figure>\n\n\n\n<h2 class=\"wp-block-heading has-text-align-center\" id=\"curso\">Cursos para concursos<\/h2>\n\n\n\n<div class=\"container\" id=\"boxes\">\n  <div class=\"row\">\n\n    <div class=\"col-sm\">\n      <div class=\"banner-tribunal\" id=\"box-assinatura\">\n        <h3 class=\"titulo-assinatura\">Cursos para MPC PA<\/h3>\n        <p class=\"subtitulo-assinatura\">Conhe\u00e7a os cursos<\/p>\n        <div class=\"box-botao\">\n          <a class=\"btn-assinatura\" target=\"_blank\" href=\"https:\/\/www.estrategiaconcursos.com.br\/cursos\/concurso\/\" role=\"button\" rel=\"noopener noreferrer\">Conhe\u00e7a mais<\/a>\n        <\/div>\n      <\/div>\n      <p class=\"texto-auxiliar\">Prepare-se com o melhor material e com quem mais aprova em Concursos P\u00fablicos em todo o pa\u00eds.<\/p>\n    <\/div>\n\n  <\/div>\n<\/div>\n\n\n\n<div class=\"container\" id=\"boxes\">\n  <div class=\"row\">\n\n    <div class=\"col-sm\">\n      <div class=\"estrategia\" id=\"box-assinatura\">\n        <h3 class=\"titulo-assinatura\">Assinatura Ilimitada<\/h3>\n        <p class=\"subtitulo-assinatura\">Assinatura Anual Ilimitada*<\/p>\n        <div class=\"box-botao\">\n          <a class=\"btn-assinatura\" target=\"_blank\" href=\"https:\/\/www.estrategiaconcursos.com.br\/assinaturas\/\" role=\"button\" rel=\"noopener noreferrer\">ASSINE AGORA<\/a>\n        <\/div>\n      <\/div>\n      <p class=\"texto-auxiliar\">Prepare-se com o melhor material e com quem mais aprova em Concursos P\u00fablicos em todo o pa\u00eds. Assine agora a nossa Assinatura Anual e tenha acesso ilimitado* a todos os nossos cursos.<\/p>\n    <\/div>\n\n    <div class=\"col-sm\">\n      <div class=\"questoes\" id=\"box-assinatura\">\n        <h3 class=\"titulo-assinatura\">Sistema de Quest\u00f5es<\/h3>\n        <p class=\"subtitulo-assinatura\">Assinatura Ilimitada*\n<\/p>\n        <div class=\"box-botao\">\n          <a class=\"btn-assinatura\" target=\"_blank\" href=\"https:\/\/www.estrategiaconcursos.com.br\/cursosPorConcurso\/sistema-de-questoes\/#\/\" role=\"button\" rel=\"noopener noreferrer\">ASSINE AGORA<\/a>\n        <\/div>\n      <\/div>\n      <p class=\"texto-auxiliar\">Estrat\u00e9gia Quest\u00f5es nasceu maior do que todos os concorrentes, com mais quest\u00f5es cadastradas e mais solu\u00e7\u00f5es por professores. Clique no link e aproveite os descontos e b\u00f4nus imperd\u00edveis!<\/p>\n    <\/div>\n  <\/div>\n<\/div>\n\n\n\n<div class=\"container\" id=\"boxes\">\n  <div class=\"row\">\n\n    <div class=\"col-sm\">\n      <div class=\"banner-ecj\" id=\"box-assinatura\">\n        <h3 class=\"titulo-assinatura\">Assinatura Jur\u00eddica <\/h3>\n        <p class=\"subtitulo-assinatura\">Conhe\u00e7a os planos<\/p>\n        <div class=\"box-botao\">\n          <a class=\"btn-assinatura\" target=\"_blank\" href=\"https:\/\/www.estrategiaconcursos.com.br\/assinaturas-ecj\/\" role=\"button\" rel=\"noopener noreferrer\">Conhe\u00e7a mais<\/a>\n        <\/div>\n      <\/div>\n      <p class=\"texto-auxiliar\">Prepare-se com o melhor material e com quem mais aprova em Concursos P\u00fablicos em todo o pa\u00eds. \n<\/p>\n    <\/div>\n\n  <\/div>\n<\/div>\n\n\n\n<figure class=\"wp-block-image size-large is-resized\"><img loading=\"lazy\" decoding=\"async\" src=\"https:\/\/dhg1h5j42swfq.cloudfront.net\/2021\/04\/06103451\/ficha-tecnica-43-1024x632.png\" alt=\"\" class=\"wp-image-708213\" width=\"171\" height=\"105\" srcset=\"https:\/\/dhg1h5j42swfq.cloudfront.net\/2021\/04\/06103451\/ficha-tecnica-43-1024x632.png 1024w, https:\/\/dhg1h5j42swfq.cloudfront.net\/2021\/04\/06103451\/ficha-tecnica-43-300x185.png 300w, https:\/\/dhg1h5j42swfq.cloudfront.net\/2021\/04\/06103451\/ficha-tecnica-43-768x474.png 768w, https:\/\/dhg1h5j42swfq.cloudfront.net\/2021\/04\/06103451\/ficha-tecnica-43-1536x948.png 1536w, https:\/\/dhg1h5j42swfq.cloudfront.net\/2021\/04\/06103451\/ficha-tecnica-43-610x377.png 610w, https:\/\/dhg1h5j42swfq.cloudfront.net\/2021\/04\/06103451\/ficha-tecnica-43.png 1571w\" sizes=\"auto, (max-width: 171px) 100vw, 171px\" \/><\/figure>\n\n\n\n<h4 class=\"wp-block-heading\" id=\"ficha-tecnica\"><strong>\u2666Informa\u00e7\u00f5es do concurso MPC&nbsp;PA<\/strong><\/h4>\n\n\n\n<p><br \/>\u25ba<strong>Vagas: <\/strong>10 + CR<br \/>\u25ba<strong>Lota\u00e7\u00f5es:<\/strong>&nbsp;Par\u00e1<br \/>\u25ba<strong>Requisito:&nbsp;<\/strong>n\u00edvel m\u00e9dio e superior<br \/>\u25ba<strong>Banca:<\/strong>&nbsp;Cebraspe <\/p>\n\n\n\n<p>\u25ba<a aria-label=\"Resultado e Convoca\u00e7\u00e3o - Servidores (abre numa nova aba)\" href=\"https:\/\/dhg1h5j42swfq.cloudfront.net\/2019\/08\/26090302\/MPC_PA_Servidor_-_Resultado.pdf\" target=\"_blank\" rel=\"noreferrer noopener\">Resultado &#8211; Servidores<\/a><br \/>\u25ba<a aria-label=\"Resultado e Convoca\u00e7\u00e3o - Procurador (abre numa nova aba)\" href=\"https:\/\/dhg1h5j42swfq.cloudfront.net\/2019\/08\/26090257\/MPC_PA_Procurador_-_Resultado_e_convoca%C3%A7%C3%A3o_para_discursiva1.pdf\" target=\"_blank\" rel=\"noreferrer noopener\">Resultado e Convoca\u00e7\u00e3o &#8211; Procurador<\/a><\/p>\n\n\n\n<p><strong>Editais:<\/strong><br \/><strong>\u25ba<a href=\"https:\/\/dhg1h5j42swfq.cloudfront.net\/2019\/02\/22090549\/ED_1_18_MPC_PA_2018_ABERTURA_PROCURADOR_V13.pdf\" target=\"_blank\" rel=\"noreferrer noopener\">Edital&nbsp;Procurador<\/a><\/strong> <br \/><strong>\u25ba<a href=\"https:\/\/dhg1h5j42swfq.cloudfront.net\/2019\/02\/22090551\/ED_1_18_MPC_PA_2018_ABERTURA_SERVIDOR_V13.pdf\" target=\"_blank\" rel=\"noreferrer noopener\">Edital Servidores<\/a><\/strong> <\/p>\n\n\n\n<p> <strong>Retifica\u00e7\u00f5es:<\/strong><br \/><strong>\u25ba<\/strong><a rel=\"noreferrer noopener\" href=\"https:\/\/dhg1h5j42swfq.cloudfront.net\/2019\/04\/23163838\/ED_2_18_MPC_PA_2018_PRORROGACAO_PROCURADOR.pdf\" target=\"_blank\"><strong>Procurador<\/strong><\/a>&nbsp;<br \/><strong>\u25ba<\/strong><a rel=\"noreferrer noopener\" href=\"https:\/\/dhg1h5j42swfq.cloudfront.net\/2019\/04\/23163841\/ED_3_18_MPC_PA_2018_SERVIDOR_RETIFICACOES_E_PRORROGACAO.pdf\" target=\"_blank\"><strong>Servidores<\/strong><\/a> <\/p>\n","protected":false},"excerpt":{"rendered":"<p>A contagem do prazo de validade do concurso MPC PA de 2019 foi suspensa por causa do agravamento da pandemia de Covid-19. A suspens\u00e3o teve in\u00edcio no dia 23 de mar\u00e7o de 2020, conforme determinado pelo art. 3\u00ba, da Lei Estadual n\u00ba 9.232, de 24 de mar\u00e7o de 2021. O tempo transcorrido at\u00e9 23\/03\/2020 permanece [&hellip;]<\/p>\n","protected":false},"author":1,"featured_media":154747,"comment_status":"open","ping_status":"open","sticky":false,"template":"","format":"standard","meta":{"post_tipo":"news_page","footnotes":""},"categories":[1984],"tags":[2437,12106],"tax_estado":[219977],"class_list":["post-62291","post","type-post","status-publish","format-standard","has-post-thumbnail","hentry","category-tribunais","tag-concurso-mpc-pa","tag-mpc-pa","tax_estado-pa"],"acf":[],"yoast_head":"<!-- This site is optimized with the Yoast SEO Premium plugin v27.2 (Yoast SEO v27.2) - https:\/\/yoast.com\/product\/yoast-seo-premium-wordpress\/ -->\n<title>Concurso MPC PA: contagem da validade SUSPENSA<\/title>\n<meta name=\"description\" content=\"Concurso MPC PA: contagem da validade suspensa por causa da pandemia. Foram ofertadas10 vagas imediatas para diversos cargos. Saiba mais!\" \/>\n<meta name=\"robots\" content=\"index, follow, max-snippet:-1, max-image-preview:large, max-video-preview:-1\" \/>\n<link rel=\"canonical\" href=\"https:\/\/www.estrategiaconcursos.com.br\/blog\/concurso-mpc-pa\/\" \/>\n<meta property=\"og:locale\" content=\"pt_BR\" \/>\n<meta property=\"og:type\" content=\"article\" \/>\n<meta property=\"og:title\" content=\"Concurso MPC PA: contagem da validade SUSPENSA\" \/>\n<meta property=\"og:description\" content=\"Concurso MPC PA: contagem da validade suspensa por causa da pandemia. Foram ofertadas10 vagas imediatas para diversos cargos. Saiba mais!\" \/>\n<meta property=\"og:url\" content=\"https:\/\/www.estrategiaconcursos.com.br\/blog\/concurso-mpc-pa\/\" \/>\n<meta property=\"og:site_name\" content=\"Estrat\u00e9gia Concursos\" \/>\n<meta property=\"article:author\" content=\"https:\/\/www.facebook.com\/EstrategiaConcursos\" \/>\n<meta property=\"article:published_time\" content=\"2021-04-06T03:30:00+00:00\" \/>\n<meta property=\"article:modified_time\" content=\"2023-06-19T13:36:29+00:00\" \/>\n<meta property=\"og:image\" content=\"https:\/\/dhg1h5j42swfq.cloudfront.net\/2018\/12\/07130922\/MPC-PA2-e1544198975926.png\" \/>\n\t<meta property=\"og:image:width\" content=\"400\" \/>\n\t<meta property=\"og:image:height\" content=\"209\" \/>\n\t<meta property=\"og:image:type\" content=\"image\/png\" \/>\n<meta name=\"author\" content=\"Coordena\u00e7\u00e3o\" \/>\n<meta name=\"twitter:card\" content=\"summary_large_image\" \/>\n<meta name=\"twitter:creator\" content=\"@EstratConcursos\" \/>\n<meta name=\"twitter:site\" content=\"@EstratConcursos\" \/>\n<meta name=\"twitter:label1\" content=\"Escrito por\" \/>\n\t<meta name=\"twitter:data1\" content=\"Coordena\u00e7\u00e3o\" \/>\n\t<meta name=\"twitter:label2\" content=\"Est. tempo de leitura\" \/>\n\t<meta name=\"twitter:data2\" content=\"8 minutos\" \/>\n<script type=\"application\/ld+json\" class=\"yoast-schema-graph\">{\"@context\":\"https:\/\/schema.org\",\"@graph\":[{\"@type\":\"NewsArticle\",\"@id\":\"https:\/\/www.estrategiaconcursos.com.br\/blog\/concurso-mpc-pa\/#article\",\"isPartOf\":{\"@id\":\"https:\/\/www.estrategiaconcursos.com.br\/blog\/concurso-mpc-pa\/\"},\"author\":{\"name\":\"Coordena\u00e7\u00e3o\",\"@id\":\"https:\/\/www.estrategiaconcursos.com.br\/blog\/#\/schema\/person\/b4a388c97673c5f483d72185668afa1f\"},\"headline\":\"Concurso MPC PA: contagem da validade SUSPENSA\",\"datePublished\":\"2021-04-06T03:30:00+00:00\",\"dateModified\":\"2023-06-19T13:36:29+00:00\",\"mainEntityOfPage\":{\"@id\":\"https:\/\/www.estrategiaconcursos.com.br\/blog\/concurso-mpc-pa\/\"},\"wordCount\":1688,\"commentCount\":24,\"publisher\":{\"@id\":\"https:\/\/www.estrategiaconcursos.com.br\/blog\/#organization\"},\"image\":{\"@id\":\"https:\/\/www.estrategiaconcursos.com.br\/blog\/concurso-mpc-pa\/#primaryimage\"},\"thumbnailUrl\":\"https:\/\/dhg1h5j42swfq.cloudfront.net\/2018\/12\/07130922\/MPC-PA2-e1544198975926.png\",\"keywords\":[\"concurso MPC PA\",\"MPC PA\"],\"articleSection\":[\"Tribunais\"],\"inLanguage\":\"pt-BR\",\"potentialAction\":[{\"@type\":\"CommentAction\",\"name\":\"Comment\",\"target\":[\"https:\/\/www.estrategiaconcursos.com.br\/blog\/concurso-mpc-pa\/#respond\"]}],\"copyrightYear\":\"2021\",\"copyrightHolder\":{\"@id\":\"https:\/\/www.estrategiaconcursos.com.br\/blog\/#organization\"}},{\"@type\":\"WebPage\",\"@id\":\"https:\/\/www.estrategiaconcursos.com.br\/blog\/concurso-mpc-pa\/\",\"url\":\"https:\/\/www.estrategiaconcursos.com.br\/blog\/concurso-mpc-pa\/\",\"name\":\"Concurso MPC PA: contagem da validade SUSPENSA\",\"isPartOf\":{\"@id\":\"https:\/\/www.estrategiaconcursos.com.br\/blog\/#website\"},\"primaryImageOfPage\":{\"@id\":\"https:\/\/www.estrategiaconcursos.com.br\/blog\/concurso-mpc-pa\/#primaryimage\"},\"image\":{\"@id\":\"https:\/\/www.estrategiaconcursos.com.br\/blog\/concurso-mpc-pa\/#primaryimage\"},\"thumbnailUrl\":\"https:\/\/dhg1h5j42swfq.cloudfront.net\/2018\/12\/07130922\/MPC-PA2-e1544198975926.png\",\"datePublished\":\"2021-04-06T03:30:00+00:00\",\"dateModified\":\"2023-06-19T13:36:29+00:00\",\"description\":\"Concurso MPC PA: contagem da validade suspensa por causa da pandemia. Foram ofertadas10 vagas imediatas para diversos cargos. Saiba mais!\",\"breadcrumb\":{\"@id\":\"https:\/\/www.estrategiaconcursos.com.br\/blog\/concurso-mpc-pa\/#breadcrumb\"},\"inLanguage\":\"pt-BR\",\"potentialAction\":[{\"@type\":\"ReadAction\",\"target\":[\"https:\/\/www.estrategiaconcursos.com.br\/blog\/concurso-mpc-pa\/\"]}]},{\"@type\":\"ImageObject\",\"inLanguage\":\"pt-BR\",\"@id\":\"https:\/\/www.estrategiaconcursos.com.br\/blog\/concurso-mpc-pa\/#primaryimage\",\"url\":\"https:\/\/dhg1h5j42swfq.cloudfront.net\/2018\/12\/07130922\/MPC-PA2-e1544198975926.png\",\"contentUrl\":\"https:\/\/dhg1h5j42swfq.cloudfront.net\/2018\/12\/07130922\/MPC-PA2-e1544198975926.png\",\"width\":400,\"height\":209,\"caption\":\"Concurso MPC PA\"},{\"@type\":\"BreadcrumbList\",\"@id\":\"https:\/\/www.estrategiaconcursos.com.br\/blog\/concurso-mpc-pa\/#breadcrumb\",\"itemListElement\":[{\"@type\":\"ListItem\",\"position\":1,\"name\":\"In\u00edcio\",\"item\":\"https:\/\/www.estrategiaconcursos.com.br\/blog\/\"},{\"@type\":\"ListItem\",\"position\":2,\"name\":\"Concurso MPC PA: contagem da validade SUSPENSA\"}]},{\"@type\":\"WebSite\",\"@id\":\"https:\/\/www.estrategiaconcursos.com.br\/blog\/#website\",\"url\":\"https:\/\/www.estrategiaconcursos.com.br\/blog\/\",\"name\":\"Estrat\u00e9gia Concursos\",\"description\":\"O blog da Estrat\u00e9gia Concursos traz not\u00edcias sobre concursos e artigos de professores oferecendo cursos para concursos (pdf + videaulas) no site.\",\"publisher\":{\"@id\":\"https:\/\/www.estrategiaconcursos.com.br\/blog\/#organization\"},\"potentialAction\":[{\"@type\":\"SearchAction\",\"target\":{\"@type\":\"EntryPoint\",\"urlTemplate\":\"https:\/\/www.estrategiaconcursos.com.br\/blog\/?s={search_term_string}\"},\"query-input\":{\"@type\":\"PropertyValueSpecification\",\"valueRequired\":true,\"valueName\":\"search_term_string\"}}],\"inLanguage\":\"pt-BR\"},{\"@type\":\"Organization\",\"@id\":\"https:\/\/www.estrategiaconcursos.com.br\/blog\/#organization\",\"name\":\"Estrat\u00e9gia Concursos\",\"url\":\"https:\/\/www.estrategiaconcursos.com.br\/blog\/\",\"logo\":{\"@type\":\"ImageObject\",\"inLanguage\":\"pt-BR\",\"@id\":\"https:\/\/www.estrategiaconcursos.com.br\/blog\/#\/schema\/logo\/image\/\",\"url\":\"https:\/\/dhg1h5j42swfq.cloudfront.net\/2025\/06\/03203428\/logo_concursos-1.jpg\",\"contentUrl\":\"https:\/\/dhg1h5j42swfq.cloudfront.net\/2025\/06\/03203428\/logo_concursos-1.jpg\",\"width\":230,\"height\":60,\"caption\":\"Estrat\u00e9gia Concursos\"},\"image\":{\"@id\":\"https:\/\/www.estrategiaconcursos.com.br\/blog\/#\/schema\/logo\/image\/\"},\"sameAs\":[\"https:\/\/x.com\/EstratConcursos\"]},{\"@type\":\"Person\",\"@id\":\"https:\/\/www.estrategiaconcursos.com.br\/blog\/#\/schema\/person\/b4a388c97673c5f483d72185668afa1f\",\"name\":\"Coordena\u00e7\u00e3o\",\"image\":{\"@type\":\"ImageObject\",\"inLanguage\":\"pt-BR\",\"@id\":\"https:\/\/secure.gravatar.com\/avatar\/b720319e4c9a967eb58678d110f4fe35452fc5d5f97b202bac7b8acceb18c6ad?s=96&d=mm&r=g\",\"url\":\"https:\/\/secure.gravatar.com\/avatar\/b720319e4c9a967eb58678d110f4fe35452fc5d5f97b202bac7b8acceb18c6ad?s=96&d=mm&r=g\",\"contentUrl\":\"https:\/\/secure.gravatar.com\/avatar\/b720319e4c9a967eb58678d110f4fe35452fc5d5f97b202bac7b8acceb18c6ad?s=96&d=mm&r=g\",\"caption\":\"Coordena\u00e7\u00e3o\"},\"sameAs\":[\"https:\/\/www.facebook.com\/EstrategiaConcursos\",\"https:\/\/x.com\/EstratConcursos\"],\"url\":\"https:\/\/www.estrategiaconcursos.com.br\/blog\/author\/estrategia2013\/\"}]}<\/script>\n<!-- \/ Yoast SEO Premium plugin. -->","yoast_head_json":{"title":"Concurso MPC PA: contagem da validade SUSPENSA","description":"Concurso MPC PA: contagem da validade suspensa por causa da pandemia. Foram ofertadas10 vagas imediatas para diversos cargos. Saiba mais!","robots":{"index":"index","follow":"follow","max-snippet":"max-snippet:-1","max-image-preview":"max-image-preview:large","max-video-preview":"max-video-preview:-1"},"canonical":"https:\/\/www.estrategiaconcursos.com.br\/blog\/concurso-mpc-pa\/","og_locale":"pt_BR","og_type":"article","og_title":"Concurso MPC PA: contagem da validade SUSPENSA","og_description":"Concurso MPC PA: contagem da validade suspensa por causa da pandemia. Foram ofertadas10 vagas imediatas para diversos cargos. Saiba mais!","og_url":"https:\/\/www.estrategiaconcursos.com.br\/blog\/concurso-mpc-pa\/","og_site_name":"Estrat\u00e9gia Concursos","article_author":"https:\/\/www.facebook.com\/EstrategiaConcursos","article_published_time":"2021-04-06T03:30:00+00:00","article_modified_time":"2023-06-19T13:36:29+00:00","og_image":[{"width":400,"height":209,"url":"https:\/\/dhg1h5j42swfq.cloudfront.net\/2018\/12\/07130922\/MPC-PA2-e1544198975926.png","type":"image\/png"}],"author":"Coordena\u00e7\u00e3o","twitter_card":"summary_large_image","twitter_creator":"@EstratConcursos","twitter_site":"@EstratConcursos","twitter_misc":{"Escrito por":"Coordena\u00e7\u00e3o","Est. tempo de leitura":"8 minutos"},"schema":{"@context":"https:\/\/schema.org","@graph":[{"@type":"NewsArticle","@id":"https:\/\/www.estrategiaconcursos.com.br\/blog\/concurso-mpc-pa\/#article","isPartOf":{"@id":"https:\/\/www.estrategiaconcursos.com.br\/blog\/concurso-mpc-pa\/"},"author":{"name":"Coordena\u00e7\u00e3o","@id":"https:\/\/www.estrategiaconcursos.com.br\/blog\/#\/schema\/person\/b4a388c97673c5f483d72185668afa1f"},"headline":"Concurso MPC PA: contagem da validade SUSPENSA","datePublished":"2021-04-06T03:30:00+00:00","dateModified":"2023-06-19T13:36:29+00:00","mainEntityOfPage":{"@id":"https:\/\/www.estrategiaconcursos.com.br\/blog\/concurso-mpc-pa\/"},"wordCount":1688,"commentCount":24,"publisher":{"@id":"https:\/\/www.estrategiaconcursos.com.br\/blog\/#organization"},"image":{"@id":"https:\/\/www.estrategiaconcursos.com.br\/blog\/concurso-mpc-pa\/#primaryimage"},"thumbnailUrl":"https:\/\/dhg1h5j42swfq.cloudfront.net\/2018\/12\/07130922\/MPC-PA2-e1544198975926.png","keywords":["concurso MPC PA","MPC PA"],"articleSection":["Tribunais"],"inLanguage":"pt-BR","potentialAction":[{"@type":"CommentAction","name":"Comment","target":["https:\/\/www.estrategiaconcursos.com.br\/blog\/concurso-mpc-pa\/#respond"]}],"copyrightYear":"2021","copyrightHolder":{"@id":"https:\/\/www.estrategiaconcursos.com.br\/blog\/#organization"}},{"@type":"WebPage","@id":"https:\/\/www.estrategiaconcursos.com.br\/blog\/concurso-mpc-pa\/","url":"https:\/\/www.estrategiaconcursos.com.br\/blog\/concurso-mpc-pa\/","name":"Concurso MPC PA: contagem da validade SUSPENSA","isPartOf":{"@id":"https:\/\/www.estrategiaconcursos.com.br\/blog\/#website"},"primaryImageOfPage":{"@id":"https:\/\/www.estrategiaconcursos.com.br\/blog\/concurso-mpc-pa\/#primaryimage"},"image":{"@id":"https:\/\/www.estrategiaconcursos.com.br\/blog\/concurso-mpc-pa\/#primaryimage"},"thumbnailUrl":"https:\/\/dhg1h5j42swfq.cloudfront.net\/2018\/12\/07130922\/MPC-PA2-e1544198975926.png","datePublished":"2021-04-06T03:30:00+00:00","dateModified":"2023-06-19T13:36:29+00:00","description":"Concurso MPC PA: contagem da validade suspensa por causa da pandemia. Foram ofertadas10 vagas imediatas para diversos cargos. Saiba mais!","breadcrumb":{"@id":"https:\/\/www.estrategiaconcursos.com.br\/blog\/concurso-mpc-pa\/#breadcrumb"},"inLanguage":"pt-BR","potentialAction":[{"@type":"ReadAction","target":["https:\/\/www.estrategiaconcursos.com.br\/blog\/concurso-mpc-pa\/"]}]},{"@type":"ImageObject","inLanguage":"pt-BR","@id":"https:\/\/www.estrategiaconcursos.com.br\/blog\/concurso-mpc-pa\/#primaryimage","url":"https:\/\/dhg1h5j42swfq.cloudfront.net\/2018\/12\/07130922\/MPC-PA2-e1544198975926.png","contentUrl":"https:\/\/dhg1h5j42swfq.cloudfront.net\/2018\/12\/07130922\/MPC-PA2-e1544198975926.png","width":400,"height":209,"caption":"Concurso MPC PA"},{"@type":"BreadcrumbList","@id":"https:\/\/www.estrategiaconcursos.com.br\/blog\/concurso-mpc-pa\/#breadcrumb","itemListElement":[{"@type":"ListItem","position":1,"name":"In\u00edcio","item":"https:\/\/www.estrategiaconcursos.com.br\/blog\/"},{"@type":"ListItem","position":2,"name":"Concurso MPC PA: contagem da validade SUSPENSA"}]},{"@type":"WebSite","@id":"https:\/\/www.estrategiaconcursos.com.br\/blog\/#website","url":"https:\/\/www.estrategiaconcursos.com.br\/blog\/","name":"Estrat\u00e9gia Concursos","description":"O blog da Estrat\u00e9gia Concursos traz not\u00edcias sobre concursos e artigos de professores oferecendo cursos para concursos (pdf + videaulas) no site.","publisher":{"@id":"https:\/\/www.estrategiaconcursos.com.br\/blog\/#organization"},"potentialAction":[{"@type":"SearchAction","target":{"@type":"EntryPoint","urlTemplate":"https:\/\/www.estrategiaconcursos.com.br\/blog\/?s={search_term_string}"},"query-input":{"@type":"PropertyValueSpecification","valueRequired":true,"valueName":"search_term_string"}}],"inLanguage":"pt-BR"},{"@type":"Organization","@id":"https:\/\/www.estrategiaconcursos.com.br\/blog\/#organization","name":"Estrat\u00e9gia Concursos","url":"https:\/\/www.estrategiaconcursos.com.br\/blog\/","logo":{"@type":"ImageObject","inLanguage":"pt-BR","@id":"https:\/\/www.estrategiaconcursos.com.br\/blog\/#\/schema\/logo\/image\/","url":"https:\/\/dhg1h5j42swfq.cloudfront.net\/2025\/06\/03203428\/logo_concursos-1.jpg","contentUrl":"https:\/\/dhg1h5j42swfq.cloudfront.net\/2025\/06\/03203428\/logo_concursos-1.jpg","width":230,"height":60,"caption":"Estrat\u00e9gia Concursos"},"image":{"@id":"https:\/\/www.estrategiaconcursos.com.br\/blog\/#\/schema\/logo\/image\/"},"sameAs":["https:\/\/x.com\/EstratConcursos"]},{"@type":"Person","@id":"https:\/\/www.estrategiaconcursos.com.br\/blog\/#\/schema\/person\/b4a388c97673c5f483d72185668afa1f","name":"Coordena\u00e7\u00e3o","image":{"@type":"ImageObject","inLanguage":"pt-BR","@id":"https:\/\/secure.gravatar.com\/avatar\/b720319e4c9a967eb58678d110f4fe35452fc5d5f97b202bac7b8acceb18c6ad?s=96&d=mm&r=g","url":"https:\/\/secure.gravatar.com\/avatar\/b720319e4c9a967eb58678d110f4fe35452fc5d5f97b202bac7b8acceb18c6ad?s=96&d=mm&r=g","contentUrl":"https:\/\/secure.gravatar.com\/avatar\/b720319e4c9a967eb58678d110f4fe35452fc5d5f97b202bac7b8acceb18c6ad?s=96&d=mm&r=g","caption":"Coordena\u00e7\u00e3o"},"sameAs":["https:\/\/www.facebook.com\/EstrategiaConcursos","https:\/\/x.com\/EstratConcursos"],"url":"https:\/\/www.estrategiaconcursos.com.br\/blog\/author\/estrategia2013\/"}]}},"_links":{"self":[{"href":"https:\/\/www.estrategiaconcursos.com.br\/blog\/wp-json\/wp\/v2\/posts\/62291","targetHints":{"allow":["GET"]}}],"collection":[{"href":"https:\/\/www.estrategiaconcursos.com.br\/blog\/wp-json\/wp\/v2\/posts"}],"about":[{"href":"https:\/\/www.estrategiaconcursos.com.br\/blog\/wp-json\/wp\/v2\/types\/post"}],"author":[{"embeddable":true,"href":"https:\/\/www.estrategiaconcursos.com.br\/blog\/wp-json\/wp\/v2\/users\/1"}],"replies":[{"embeddable":true,"href":"https:\/\/www.estrategiaconcursos.com.br\/blog\/wp-json\/wp\/v2\/comments?post=62291"}],"version-history":[{"count":56,"href":"https:\/\/www.estrategiaconcursos.com.br\/blog\/wp-json\/wp\/v2\/posts\/62291\/revisions"}],"predecessor-version":[{"id":1234478,"href":"https:\/\/www.estrategiaconcursos.com.br\/blog\/wp-json\/wp\/v2\/posts\/62291\/revisions\/1234478"}],"wp:featuredmedia":[{"embeddable":true,"href":"https:\/\/www.estrategiaconcursos.com.br\/blog\/wp-json\/wp\/v2\/media\/154747"}],"wp:attachment":[{"href":"https:\/\/www.estrategiaconcursos.com.br\/blog\/wp-json\/wp\/v2\/media?parent=62291"}],"wp:term":[{"taxonomy":"category","embeddable":true,"href":"https:\/\/www.estrategiaconcursos.com.br\/blog\/wp-json\/wp\/v2\/categories?post=62291"},{"taxonomy":"post_tag","embeddable":true,"href":"https:\/\/www.estrategiaconcursos.com.br\/blog\/wp-json\/wp\/v2\/tags?post=62291"},{"taxonomy":"tax_estado","embeddable":true,"href":"https:\/\/www.estrategiaconcursos.com.br\/blog\/wp-json\/wp\/v2\/tax_estado?post=62291"}],"curies":[{"name":"wp","href":"https:\/\/api.w.org\/{rel}","templated":true}]}}